{"id":487432,"date":"2014-02-09T21:46:19","date_gmt":"2014-02-09T22:46:19","guid":{"rendered":"http:\/\/www.eldigitaldeasturias.com\/noticias\/?p=487432"},"modified":"2014-02-09T21:46:19","modified_gmt":"2014-02-09T22:46:19","slug":"el-archivo-de-denuncias-de-esterilizacion-forzada-genera-indignacion-en-peru","status":"publish","type":"post","link":"https:\/\/www.eldigitaldeasturias.com\/noticias\/el-archivo-de-denuncias-de-esterilizacion-forzada-genera-indignacion-en-peru\/","title":{"rendered":"El archivo de denuncias de esterilizaci\u00f3n forzada genera indignaci\u00f3n en Per\u00fa"},"content":{"rendered":"<p><img loading=\"lazy\" decoding=\"async\" class=\"alignleft size-medium wp-image-487433\" alt=\"5925674wfujimori\" src=\"https:\/\/www.eldigitaldeasturias.com\/noticias\/wp-content\/uploads\/2014\/02\/5925674w-360x271.jpg\" width=\"360\" height=\"271\" \/>Lima, 9 feb (EFE).- El archivo en Per\u00fa de la investigaci\u00f3n de 2.000 denuncias de esterilizaciones forzadas durante el gobierno de Alberto Fujimori (1990-2000) ha sido impugnado por organizaciones civiles y ha motivado una campa\u00f1a de Amnist\u00eda Internacional para pedir su revisi\u00f3n.<\/p>\n<p>La Segunda Fiscal\u00eda Penal Supraprovincial de Lima archiv\u00f3 en enero pasado los casos de m\u00e1s de 2.000 mujeres esterilizadas forzosamente en los a\u00f1os noventa, a pesar de que la Defensor\u00eda del Pueblo present\u00f3 los casos de al menos 18 muertes por esas pr\u00e1cticas.<\/p>\n<p>El fiscal Marco Guzm\u00e1n s\u00f3lo present\u00f3 cargos contra el personal m\u00e9dico que esteriliz\u00f3, en 1998, a la fallecida Mam\u00e9rita Mestanza, el \u00fanico caso en el que el Estado peruano reconoci\u00f3 ante la Comisi\u00f3n Interamericana de Derechos Humanos que hab\u00eda violado su derecho a la vida, la integridad personal y a la igualdad de protecci\u00f3n ante la ley.<\/p>\n<p>En declaraciones a Efe, la abogada Rossy Salazar, de la organizaci\u00f3n feminista Demus, dijo que \u00abel fiscal no ha cumplido con las formalidades para hacer un archivo de investigaci\u00f3n porque \u00e9l ha recibido las declaraciones de 500 mujeres y ha tenido que pronunciarse sobre esas denuncias\u00bb.<\/p>\n<p>Salazar present\u00f3 un recurso de queja, al igual que el Instituto de Defensa Legal (IDL), contra el archivo de la Fiscal\u00eda porque considera que \u00abhay suficientes evidencias\u00bb de la responsabilidad de Fujimori en este caso.<\/p>\n<p>\u00abEste es un crimen de lesa humanidad en la figura de esterilizaci\u00f3n forzada, pero a nivel interno lo que se tipifica son las lesiones graves en la figura de mutilaci\u00f3n e inutilizaci\u00f3n de un \u00f3rgano\u00bb, explic\u00f3 Salazar.<\/p>\n<p>La representante legal de Demus cit\u00f3 entre las pruebas presentadas el caso las declaraciones de las mujeres de que no autorizaron que les realicen las operaciones de Anticoncepci\u00f3n Quir\u00fargica Voluntaria (AQV) y de que fueron presionadas y chantajeadas por el personal m\u00e9dico de sus comunidades.<\/p>\n<p>Asimismo, Salazar mostr\u00f3 a la Fiscal\u00eda \u00ablos oficios en los que (el entonces ministro de Salud) Marino Costa Bauer informaba al presidente Fujimori del cumplimiento de metas y los memor\u00e1ndum de los directores generales a los m\u00e9dicos\u00bb, dando indicaciones sobre la aplicaci\u00f3n del AQV.<\/p>\n<p>En un oficio de 1997, Costa Bauer informaba a Fujimori de que, en julio de ese a\u00f1o, se hab\u00edan alcanzado las 64.831 AQV, lo que representaba el 43 % de la meta de 150.000 fijada para ese a\u00f1o.<\/p>\n<p>Adem\u00e1s, la abogada, que representa a una de las mujeres fallecidas, indic\u00f3 al fiscal las declaraciones de los m\u00e9dicos que se\u00f1alaban que los presionaban con su despido, si no alcanzaban las metas, o los premiaban.<\/p>\n<p>El recurso de queja est\u00e1 ahora en manos de un fiscal de turno, seg\u00fan explic\u00f3 Salazar, y esperan que la respuesta sea positiva y que el fiscal superior vea los indicios y formule una denuncia contra Fujimori, que cumple una condena de 25 a\u00f1os de c\u00e1rcel por violaci\u00f3n de los derechos humanos, y sus entonces ministros de Salud.<\/p>\n<p>Para la presidenta del Consejo Directivo de Amnist\u00eda Internacional de Per\u00fa, Diana Zapata, la decisi\u00f3n del fiscal \u00abes aberrante\u00bb porque es \u00abla negaci\u00f3n al acceso de los derechos de estas personas\u00bb.<\/p>\n<p>Zapata dijo adem\u00e1s a Efe que se trata de \u00abun tema de discriminaci\u00f3n, porque en su gran mayor\u00eda eran mujeres ind\u00edgenas, campesinas, pobres, analfabetas y quechuahablantes que no pudieron dar su consentimiento, pleno, libre e informado antes de sufrir estas cirug\u00edas\u00bb.<\/p>\n<p>Amnist\u00eda Internacional promueve una campa\u00f1a mundial de recogida de firmas \u00abpara exigir al Estado peruano que revise la decisi\u00f3n de archivar los m\u00e1s de 2.000 casos de denuncias de esterilizaci\u00f3n forzada\u00bb.<\/p>\n<p>\u00abEstamos hablando de un delito de lesa humanidad, si consideramos que hubo una actuaci\u00f3n sistem\u00e1tica y contra toda una poblaci\u00f3n y que habr\u00eda sido una pol\u00edtica de Estado\u00bb, a\u00f1adi\u00f3 Zapata.<\/p>\n<p>El propio Ministerio de la Mujer exhort\u00f3 a la Fiscal\u00eda y al Poder Judicial a garantizar el debido proceso de las mujeres denunciantes en este caso, pues estaban a la espera de sanciones e indemnizaciones, de acuerdo con la legislaci\u00f3n peruana y la internacional.<\/p>\n","protected":false},"excerpt":{"rendered":"<p>Lima, 9 feb (EFE).- El archivo en Per\u00fa de la investigaci\u00f3n de 2.000 denuncias de esterilizaciones forzadas durante el gobierno de Alberto Fujimori (1990-2000) ha sido impugnado por organizaciones civiles y ha motivado una campa\u00f1a de Amnist\u00eda Internacional para pedir su revisi\u00f3n. La Segunda Fiscal\u00eda Penal Supraprovincial de Lima archiv\u00f3 en enero pasado los casos [&hellip;]<\/p>\n","protected":false},"author":1,"featured_media":487433,"comment_status":"open","ping_status":"open","sticky":false,"template":"","format":"standard","meta":{"footnotes":""},"categories":[1],"tags":[],"class_list":["post-487432","post","type-post","status-publish","format-standard","has-post-thumbnail","hentry","category-actualidad"],"aioseo_notices":[],"aioseo_head":"\n\t\t<!-- All in One SEO Pro 5.0.1 - aioseo.com -->\n\t<meta name=\"description\" content=\"Lima, 9 feb (EFE).- El archivo en Per\u00fa de la investigaci\u00f3n de 2.000 denuncias de esterilizaciones forzadas durante el gobierno de Alberto Fujimori (1990-2000) ha sido impugnado por organizaciones civiles y ha motivado una campa\u00f1a de Amnist\u00eda Internacional para pedir su revisi\u00f3n. La Segunda Fiscal\u00eda Penal Supraprovincial de Lima archiv\u00f3 en enero pasado los casos\" \/>\n\t<meta name=\"robots\" content=\"max-image-preview:large\" \/>\n\t<meta name=\"author\" content=\"El Digital de Asturias\"\/>\n\t<meta name=\"google-site-verification\" content=\"UA-38556648-1\" \/>\n\t<meta name=\"msvalidate.01\" content=\"7dfe9f3f1b24437ab69f4f2559babe99\" \/>\n\t<meta name=\"keywords\" content=\"actualidad\" \/>\n\t<link rel=\"canonical\" href=\"https:\/\/www.eldigitaldeasturias.com\/noticias\/el-archivo-de-denuncias-de-esterilizacion-forzada-genera-indignacion-en-peru\/\" \/>\n\t<meta name=\"generator\" content=\"All in One SEO Pro (AIOSEO) 5.0.1\" \/>\n\t\t<meta property=\"og:locale\" content=\"es_ES\" \/>\n\t\t<meta property=\"og:site_name\" content=\"El Digital de Asturias\" \/>\n\t\t<meta property=\"og:type\" content=\"article\" \/>\n\t\t<meta property=\"og:title\" content=\"El archivo de denuncias de esterilizaci\u00f3n forzada genera indignaci\u00f3n en Per\u00fa - El Digital de Asturias\" \/>\n\t\t<meta property=\"og:description\" content=\"Lima, 9 feb (EFE).- El archivo en Per\u00fa de la investigaci\u00f3n de 2.000 denuncias de esterilizaciones forzadas durante el gobierno de Alberto Fujimori (1990-2000) ha sido impugnado por organizaciones civiles y ha motivado una campa\u00f1a de Amnist\u00eda Internacional para pedir su revisi\u00f3n. La Segunda Fiscal\u00eda Penal Supraprovincial de Lima archiv\u00f3 en enero pasado los casos\" \/>\n\t\t<meta property=\"og:url\" content=\"https:\/\/www.eldigitaldeasturias.com\/noticias\/el-archivo-de-denuncias-de-esterilizacion-forzada-genera-indignacion-en-peru\/\" \/>\n\t\t<meta property=\"article:tag\" content=\"actualidad\" \/>\n\t\t<meta property=\"article:published_time\" content=\"2014-02-09T22:46:19+00:00\" \/>\n\t\t<meta property=\"article:modified_time\" content=\"2014-02-09T22:46:19+00:00\" \/>\n\t\t<meta property=\"article:publisher\" content=\"https:\/\/facebook.com\/eldigitaldeasturias\" \/>\n\t\t<meta name=\"twitter:card\" content=\"summary_large_image\" \/>\n\t\t<meta name=\"twitter:title\" content=\"El archivo de denuncias de esterilizaci\u00f3n forzada genera indignaci\u00f3n en Per\u00fa - El Digital de Asturias\" \/>\n\t\t<meta name=\"twitter:description\" content=\"Lima, 9 feb (EFE).- El archivo en Per\u00fa de la investigaci\u00f3n de 2.000 denuncias de esterilizaciones forzadas durante el gobierno de Alberto Fujimori (1990-2000) ha sido impugnado por organizaciones civiles y ha motivado una campa\u00f1a de Amnist\u00eda Internacional para pedir su revisi\u00f3n. La Segunda Fiscal\u00eda Penal Supraprovincial de Lima archiv\u00f3 en enero pasado los casos\" \/>\n\t\t<meta name=\"twitter:label1\" content=\"Escrito por\" \/>\n\t\t<meta name=\"twitter:data1\" content=\"El Digital de Asturias\" \/>\n\t\t<meta name=\"twitter:label2\" content=\"Tiempo de lectura estimado\" \/>\n\t\t<meta name=\"twitter:data2\" content=\"4 minutos\" \/>\n\t\t<script type=\"application\/ld+json\" class=\"aioseo-schema\">\n\t\t\t{\"@context\":\"https:\\\/\\\/schema.org\",\"@graph\":[{\"@type\":\"BlogPosting\",\"@id\":\"https:\\\/\\\/www.eldigitaldeasturias.com\\\/noticias\\\/el-archivo-de-denuncias-de-esterilizacion-forzada-genera-indignacion-en-peru\\\/#blogposting\",\"name\":\"El archivo de denuncias de esterilizaci\\u00f3n forzada genera indignaci\\u00f3n en Per\\u00fa - El Digital de Asturias\",\"headline\":\"El archivo de denuncias de esterilizaci\\u00f3n forzada genera indignaci\\u00f3n en Per\\u00fa\",\"author\":{\"@id\":\"https:\\\/\\\/www.eldigitaldeasturias.com\\\/noticias\\\/author\\\/admin\\\/#author\"},\"publisher\":{\"@id\":\"https:\\\/\\\/www.eldigitaldeasturias.com\\\/noticias\\\/#organization\"},\"image\":{\"@type\":\"ImageObject\",\"url\":487433},\"datePublished\":\"2014-02-09T21:46:19+01:00\",\"dateModified\":\"2014-02-09T21:46:19+01:00\",\"inLanguage\":\"es-ES\",\"mainEntityOfPage\":{\"@id\":\"https:\\\/\\\/www.eldigitaldeasturias.com\\\/noticias\\\/el-archivo-de-denuncias-de-esterilizacion-forzada-genera-indignacion-en-peru\\\/#webpage\"},\"isPartOf\":{\"@id\":\"https:\\\/\\\/www.eldigitaldeasturias.com\\\/noticias\\\/el-archivo-de-denuncias-de-esterilizacion-forzada-genera-indignacion-en-peru\\\/#webpage\"},\"articleSection\":\"Actualidad\"},{\"@type\":\"BreadcrumbList\",\"@id\":\"https:\\\/\\\/www.eldigitaldeasturias.com\\\/noticias\\\/el-archivo-de-denuncias-de-esterilizacion-forzada-genera-indignacion-en-peru\\\/#breadcrumblist\",\"itemListElement\":[{\"@type\":\"ListItem\",\"@id\":\"https:\\\/\\\/www.eldigitaldeasturias.com\\\/noticias#listItem\",\"position\":1,\"name\":\"Home\",\"item\":\"https:\\\/\\\/www.eldigitaldeasturias.com\\\/noticias\",\"nextItem\":{\"@type\":\"ListItem\",\"@id\":\"https:\\\/\\\/www.eldigitaldeasturias.com\\\/noticias\\\/category\\\/actualidad\\\/#listItem\",\"name\":\"Actualidad\"}},{\"@type\":\"ListItem\",\"@id\":\"https:\\\/\\\/www.eldigitaldeasturias.com\\\/noticias\\\/category\\\/actualidad\\\/#listItem\",\"position\":2,\"name\":\"Actualidad\",\"item\":\"https:\\\/\\\/www.eldigitaldeasturias.com\\\/noticias\\\/category\\\/actualidad\\\/\",\"nextItem\":{\"@type\":\"ListItem\",\"@id\":\"https:\\\/\\\/www.eldigitaldeasturias.com\\\/noticias\\\/el-archivo-de-denuncias-de-esterilizacion-forzada-genera-indignacion-en-peru\\\/#listItem\",\"name\":\"El archivo de denuncias de esterilizaci\\u00f3n forzada genera indignaci\\u00f3n en Per\\u00fa\"},\"previousItem\":{\"@type\":\"ListItem\",\"@id\":\"https:\\\/\\\/www.eldigitaldeasturias.com\\\/noticias#listItem\",\"name\":\"Home\"}},{\"@type\":\"ListItem\",\"@id\":\"https:\\\/\\\/www.eldigitaldeasturias.com\\\/noticias\\\/el-archivo-de-denuncias-de-esterilizacion-forzada-genera-indignacion-en-peru\\\/#listItem\",\"position\":3,\"name\":\"El archivo de denuncias de esterilizaci\\u00f3n forzada genera indignaci\\u00f3n en Per\\u00fa\",\"previousItem\":{\"@type\":\"ListItem\",\"@id\":\"https:\\\/\\\/www.eldigitaldeasturias.com\\\/noticias\\\/category\\\/actualidad\\\/#listItem\",\"name\":\"Actualidad\"}}]},{\"@type\":\"Organization\",\"@id\":\"https:\\\/\\\/www.eldigitaldeasturias.com\\\/noticias\\\/#organization\",\"name\":\"El Digital de Asturias\",\"description\":\"Hemeroteca\",\"url\":\"https:\\\/\\\/www.eldigitaldeasturias.com\\\/noticias\\\/\",\"email\":\"info@eldigitaldeasturias.com\",\"telephone\":\"+34652131393\",\"logo\":{\"@type\":\"ImageObject\",\"url\":\"https:\\\/\\\/www.eldigitaldeasturias.com\\\/noticias\\\/wp-content\\\/uploads\\\/2020\\\/12\\\/EDA.jpg\",\"@id\":\"https:\\\/\\\/www.eldigitaldeasturias.com\\\/noticias\\\/el-archivo-de-denuncias-de-esterilizacion-forzada-genera-indignacion-en-peru\\\/#organizationLogo\"},\"image\":{\"@id\":\"https:\\\/\\\/www.eldigitaldeasturias.com\\\/noticias\\\/el-archivo-de-denuncias-de-esterilizacion-forzada-genera-indignacion-en-peru\\\/#organizationLogo\"},\"sameAs\":[\"https:\\\/\\\/facebook.com\\\/eldigitaldeasturias\",\"https:\\\/\\\/www.youtube.com\\\/channel\\\/UCZP-2wLEB9Rv6erhFmqVnvg\"],\"address\":{\"@id\":\"https:\\\/\\\/www.eldigitaldeasturias.com\\\/noticias\\\/#postaladdress\",\"@type\":\"PostalAddress\",\"streetAddress\":\"san antonio 4\",\"postalCode\":\"33430\",\"addressLocality\":\"Cand\\u00e1s\",\"addressRegion\":\"Asturias\",\"addressCountry\":\"ES\"}},{\"@type\":\"Person\",\"@id\":\"https:\\\/\\\/www.eldigitaldeasturias.com\\\/noticias\\\/author\\\/admin\\\/#author\",\"url\":\"https:\\\/\\\/www.eldigitaldeasturias.com\\\/noticias\\\/author\\\/admin\\\/\",\"name\":\"El Digital de Asturias\",\"image\":{\"@type\":\"ImageObject\",\"@id\":\"https:\\\/\\\/www.eldigitaldeasturias.com\\\/noticias\\\/el-archivo-de-denuncias-de-esterilizacion-forzada-genera-indignacion-en-peru\\\/#authorImage\",\"url\":\"https:\\\/\\\/secure.gravatar.com\\\/avatar\\\/df2aeffc32bcd13f8d26072ef8a91b623d677766deac7f97ca815868cd41bf5e?s=96&d=mm&r=g\",\"width\":96,\"height\":96,\"caption\":\"El Digital de Asturias\"}},{\"@type\":\"WebPage\",\"@id\":\"https:\\\/\\\/www.eldigitaldeasturias.com\\\/noticias\\\/el-archivo-de-denuncias-de-esterilizacion-forzada-genera-indignacion-en-peru\\\/#webpage\",\"url\":\"https:\\\/\\\/www.eldigitaldeasturias.com\\\/noticias\\\/el-archivo-de-denuncias-de-esterilizacion-forzada-genera-indignacion-en-peru\\\/\",\"name\":\"El archivo de denuncias de esterilizaci\\u00f3n forzada genera indignaci\\u00f3n en Per\\u00fa - El Digital de Asturias\",\"description\":\"Lima, 9 feb (EFE).- El archivo en Per\\u00fa de la investigaci\\u00f3n de 2.000 denuncias de esterilizaciones forzadas durante el gobierno de Alberto Fujimori (1990-2000) ha sido impugnado por organizaciones civiles y ha motivado una campa\\u00f1a de Amnist\\u00eda Internacional para pedir su revisi\\u00f3n. La Segunda Fiscal\\u00eda Penal Supraprovincial de Lima archiv\\u00f3 en enero pasado los casos\",\"inLanguage\":\"es-ES\",\"isPartOf\":{\"@id\":\"https:\\\/\\\/www.eldigitaldeasturias.com\\\/noticias\\\/#website\"},\"breadcrumb\":{\"@id\":\"https:\\\/\\\/www.eldigitaldeasturias.com\\\/noticias\\\/el-archivo-de-denuncias-de-esterilizacion-forzada-genera-indignacion-en-peru\\\/#breadcrumblist\"},\"author\":{\"@id\":\"https:\\\/\\\/www.eldigitaldeasturias.com\\\/noticias\\\/author\\\/admin\\\/#author\"},\"creator\":{\"@id\":\"https:\\\/\\\/www.eldigitaldeasturias.com\\\/noticias\\\/author\\\/admin\\\/#author\"},\"image\":{\"@type\":\"ImageObject\",\"url\":487433,\"@id\":\"https:\\\/\\\/www.eldigitaldeasturias.com\\\/noticias\\\/el-archivo-de-denuncias-de-esterilizacion-forzada-genera-indignacion-en-peru\\\/#mainImage\"},\"primaryImageOfPage\":{\"@id\":\"https:\\\/\\\/www.eldigitaldeasturias.com\\\/noticias\\\/el-archivo-de-denuncias-de-esterilizacion-forzada-genera-indignacion-en-peru\\\/#mainImage\"},\"datePublished\":\"2014-02-09T21:46:19+01:00\",\"dateModified\":\"2014-02-09T21:46:19+01:00\"},{\"@type\":\"WebSite\",\"@id\":\"https:\\\/\\\/www.eldigitaldeasturias.com\\\/noticias\\\/#website\",\"url\":\"https:\\\/\\\/www.eldigitaldeasturias.com\\\/noticias\\\/\",\"name\":\"El Digital de Asturias - Diario de actualidad y noticias\",\"alternateName\":\"El Digital de Asturias - Diario de actualidad y noticias\",\"description\":\"Hemeroteca\",\"inLanguage\":\"es-ES\",\"publisher\":{\"@id\":\"https:\\\/\\\/www.eldigitaldeasturias.com\\\/noticias\\\/#organization\"}}]}\n\t\t<\/script>\n\t\t<!-- All in One SEO Pro -->\r\n\t\t<title>El archivo de denuncias de esterilizaci\u00f3n forzada genera indignaci\u00f3n en Per\u00fa - El Digital de Asturias<\/title>\n\n","aioseo_head_json":{"title":"El archivo de denuncias de esterilizaci\u00f3n forzada genera indignaci\u00f3n en Per\u00fa - El Digital de Asturias","description":"Lima, 9 feb (EFE).- El archivo en Per\u00fa de la investigaci\u00f3n de 2.000 denuncias de esterilizaciones forzadas durante el gobierno de Alberto Fujimori (1990-2000) ha sido impugnado por organizaciones civiles y ha motivado una campa\u00f1a de Amnist\u00eda Internacional para pedir su revisi\u00f3n. La Segunda Fiscal\u00eda Penal Supraprovincial de Lima archiv\u00f3 en enero pasado los casos","canonical_url":"https:\/\/www.eldigitaldeasturias.com\/noticias\/el-archivo-de-denuncias-de-esterilizacion-forzada-genera-indignacion-en-peru\/","robots":"max-image-preview:large","keywords":"actualidad","webmasterTools":{"google-site-verification":"UA-38556648-1","msvalidate.01":"7dfe9f3f1b24437ab69f4f2559babe99","miscellaneous":""},"schema":{"@context":"https:\/\/schema.org","@graph":[{"@type":"BlogPosting","@id":"https:\/\/www.eldigitaldeasturias.com\/noticias\/el-archivo-de-denuncias-de-esterilizacion-forzada-genera-indignacion-en-peru\/#blogposting","name":"El archivo de denuncias de esterilizaci\u00f3n forzada genera indignaci\u00f3n en Per\u00fa - El Digital de Asturias","headline":"El archivo de denuncias de esterilizaci\u00f3n forzada genera indignaci\u00f3n en Per\u00fa","author":{"@id":"https:\/\/www.eldigitaldeasturias.com\/noticias\/author\/admin\/#author"},"publisher":{"@id":"https:\/\/www.eldigitaldeasturias.com\/noticias\/#organization"},"image":{"@type":"ImageObject","url":487433},"datePublished":"2014-02-09T21:46:19+01:00","dateModified":"2014-02-09T21:46:19+01:00","inLanguage":"es-ES","mainEntityOfPage":{"@id":"https:\/\/www.eldigitaldeasturias.com\/noticias\/el-archivo-de-denuncias-de-esterilizacion-forzada-genera-indignacion-en-peru\/#webpage"},"isPartOf":{"@id":"https:\/\/www.eldigitaldeasturias.com\/noticias\/el-archivo-de-denuncias-de-esterilizacion-forzada-genera-indignacion-en-peru\/#webpage"},"articleSection":"Actualidad"},{"@type":"BreadcrumbList","@id":"https:\/\/www.eldigitaldeasturias.com\/noticias\/el-archivo-de-denuncias-de-esterilizacion-forzada-genera-indignacion-en-peru\/#breadcrumblist","itemListElement":[{"@type":"ListItem","@id":"https:\/\/www.eldigitaldeasturias.com\/noticias#listItem","position":1,"name":"Home","item":"https:\/\/www.eldigitaldeasturias.com\/noticias","nextItem":{"@type":"ListItem","@id":"https:\/\/www.eldigitaldeasturias.com\/noticias\/category\/actualidad\/#listItem","name":"Actualidad"}},{"@type":"ListItem","@id":"https:\/\/www.eldigitaldeasturias.com\/noticias\/category\/actualidad\/#listItem","position":2,"name":"Actualidad","item":"https:\/\/www.eldigitaldeasturias.com\/noticias\/category\/actualidad\/","nextItem":{"@type":"ListItem","@id":"https:\/\/www.eldigitaldeasturias.com\/noticias\/el-archivo-de-denuncias-de-esterilizacion-forzada-genera-indignacion-en-peru\/#listItem","name":"El archivo de denuncias de esterilizaci\u00f3n forzada genera indignaci\u00f3n en Per\u00fa"},"previousItem":{"@type":"ListItem","@id":"https:\/\/www.eldigitaldeasturias.com\/noticias#listItem","name":"Home"}},{"@type":"ListItem","@id":"https:\/\/www.eldigitaldeasturias.com\/noticias\/el-archivo-de-denuncias-de-esterilizacion-forzada-genera-indignacion-en-peru\/#listItem","position":3,"name":"El archivo de denuncias de esterilizaci\u00f3n forzada genera indignaci\u00f3n en Per\u00fa","previousItem":{"@type":"ListItem","@id":"https:\/\/www.eldigitaldeasturias.com\/noticias\/category\/actualidad\/#listItem","name":"Actualidad"}}]},{"@type":"Organization","@id":"https:\/\/www.eldigitaldeasturias.com\/noticias\/#organization","name":"El Digital de Asturias","description":"Hemeroteca","url":"https:\/\/www.eldigitaldeasturias.com\/noticias\/","email":"info@eldigitaldeasturias.com","telephone":"+34652131393","logo":{"@type":"ImageObject","url":"https:\/\/www.eldigitaldeasturias.com\/noticias\/wp-content\/uploads\/2020\/12\/EDA.jpg","@id":"https:\/\/www.eldigitaldeasturias.com\/noticias\/el-archivo-de-denuncias-de-esterilizacion-forzada-genera-indignacion-en-peru\/#organizationLogo"},"image":{"@id":"https:\/\/www.eldigitaldeasturias.com\/noticias\/el-archivo-de-denuncias-de-esterilizacion-forzada-genera-indignacion-en-peru\/#organizationLogo"},"sameAs":["https:\/\/facebook.com\/eldigitaldeasturias","https:\/\/www.youtube.com\/channel\/UCZP-2wLEB9Rv6erhFmqVnvg"],"address":{"@id":"https:\/\/www.eldigitaldeasturias.com\/noticias\/#postaladdress","@type":"PostalAddress","streetAddress":"san antonio 4","postalCode":"33430","addressLocality":"Cand\u00e1s","addressRegion":"Asturias","addressCountry":"ES"}},{"@type":"Person","@id":"https:\/\/www.eldigitaldeasturias.com\/noticias\/author\/admin\/#author","url":"https:\/\/www.eldigitaldeasturias.com\/noticias\/author\/admin\/","name":"El Digital de Asturias","image":{"@type":"ImageObject","@id":"https:\/\/www.eldigitaldeasturias.com\/noticias\/el-archivo-de-denuncias-de-esterilizacion-forzada-genera-indignacion-en-peru\/#authorImage","url":"https:\/\/secure.gravatar.com\/avatar\/df2aeffc32bcd13f8d26072ef8a91b623d677766deac7f97ca815868cd41bf5e?s=96&d=mm&r=g","width":96,"height":96,"caption":"El Digital de Asturias"}},{"@type":"WebPage","@id":"https:\/\/www.eldigitaldeasturias.com\/noticias\/el-archivo-de-denuncias-de-esterilizacion-forzada-genera-indignacion-en-peru\/#webpage","url":"https:\/\/www.eldigitaldeasturias.com\/noticias\/el-archivo-de-denuncias-de-esterilizacion-forzada-genera-indignacion-en-peru\/","name":"El archivo de denuncias de esterilizaci\u00f3n forzada genera indignaci\u00f3n en Per\u00fa - El Digital de Asturias","description":"Lima, 9 feb (EFE).- El archivo en Per\u00fa de la investigaci\u00f3n de 2.000 denuncias de esterilizaciones forzadas durante el gobierno de Alberto Fujimori (1990-2000) ha sido impugnado por organizaciones civiles y ha motivado una campa\u00f1a de Amnist\u00eda Internacional para pedir su revisi\u00f3n. La Segunda Fiscal\u00eda Penal Supraprovincial de Lima archiv\u00f3 en enero pasado los casos","inLanguage":"es-ES","isPartOf":{"@id":"https:\/\/www.eldigitaldeasturias.com\/noticias\/#website"},"breadcrumb":{"@id":"https:\/\/www.eldigitaldeasturias.com\/noticias\/el-archivo-de-denuncias-de-esterilizacion-forzada-genera-indignacion-en-peru\/#breadcrumblist"},"author":{"@id":"https:\/\/www.eldigitaldeasturias.com\/noticias\/author\/admin\/#author"},"creator":{"@id":"https:\/\/www.eldigitaldeasturias.com\/noticias\/author\/admin\/#author"},"image":{"@type":"ImageObject","url":487433,"@id":"https:\/\/www.eldigitaldeasturias.com\/noticias\/el-archivo-de-denuncias-de-esterilizacion-forzada-genera-indignacion-en-peru\/#mainImage"},"primaryImageOfPage":{"@id":"https:\/\/www.eldigitaldeasturias.com\/noticias\/el-archivo-de-denuncias-de-esterilizacion-forzada-genera-indignacion-en-peru\/#mainImage"},"datePublished":"2014-02-09T21:46:19+01:00","dateModified":"2014-02-09T21:46:19+01:00"},{"@type":"WebSite","@id":"https:\/\/www.eldigitaldeasturias.com\/noticias\/#website","url":"https:\/\/www.eldigitaldeasturias.com\/noticias\/","name":"El Digital de Asturias - Diario de actualidad y noticias","alternateName":"El Digital de Asturias - Diario de actualidad y noticias","description":"Hemeroteca","inLanguage":"es-ES","publisher":{"@id":"https:\/\/www.eldigitaldeasturias.com\/noticias\/#organization"}}]},"og:locale":"es_ES","og:site_name":"El Digital de Asturias","og:type":"article","og:title":"El archivo de denuncias de esterilizaci\u00f3n forzada genera indignaci\u00f3n en Per\u00fa - El Digital de Asturias","og:description":"Lima, 9 feb (EFE).- El archivo en Per\u00fa de la investigaci\u00f3n de 2.000 denuncias de esterilizaciones forzadas durante el gobierno de Alberto Fujimori (1990-2000) ha sido impugnado por organizaciones civiles y ha motivado una campa\u00f1a de Amnist\u00eda Internacional para pedir su revisi\u00f3n. La Segunda Fiscal\u00eda Penal Supraprovincial de Lima archiv\u00f3 en enero pasado los casos","og:url":"https:\/\/www.eldigitaldeasturias.com\/noticias\/el-archivo-de-denuncias-de-esterilizacion-forzada-genera-indignacion-en-peru\/","article:tag":["actualidad"],"article:published_time":"2014-02-09T22:46:19+00:00","article:modified_time":"2014-02-09T22:46:19+00:00","article:publisher":"https:\/\/facebook.com\/eldigitaldeasturias","twitter:card":"summary_large_image","twitter:title":"El archivo de denuncias de esterilizaci\u00f3n forzada genera indignaci\u00f3n en Per\u00fa - El Digital de Asturias","twitter:description":"Lima, 9 feb (EFE).- El archivo en Per\u00fa de la investigaci\u00f3n de 2.000 denuncias de esterilizaciones forzadas durante el gobierno de Alberto Fujimori (1990-2000) ha sido impugnado por organizaciones civiles y ha motivado una campa\u00f1a de Amnist\u00eda Internacional para pedir su revisi\u00f3n. La Segunda Fiscal\u00eda Penal Supraprovincial de Lima archiv\u00f3 en enero pasado los casos","twitter:label1":"Escrito por","twitter:data1":"El Digital de Asturias","twitter:label2":"Tiempo de lectura estimado","twitter:data2":"4 minutos"},"aioseo_meta_data":{"post_id":"487432","title":null,"description":null,"keywords":null,"keyphrases":null,"primary_term":null,"canonical_url":null,"og_title":null,"og_description":null,"og_object_type":"default","og_image_type":"default","og_image_url":null,"og_image_width":null,"og_image_height":null,"og_image_custom_url":null,"og_image_custom_fields":null,"og_video":null,"og_custom_url":null,"og_article_section":null,"og_article_tags":null,"twitter_use_og":true,"twitter_card":"default","twitter_image_type":"default","twitter_image_url":null,"twitter_image_custom_url":null,"twitter_image_custom_fields":null,"twitter_title":null,"twitter_description":null,"schema":{"blockGraphs":[],"customGraphs":[],"default":{"data":{"Article":[],"Course":[],"Dataset":[],"FAQPage":[],"Movie":[],"Person":[],"Product":[],"ProductReview":[],"Car":[],"Recipe":[],"Service":[],"SoftwareApplication":[],"WebPage":[]},"graphName":"","isEnabled":true},"graphs":[],"defaultGraph":"","defaultPostTypeGraph":""},"schema_type":null,"schema_type_options":null,"pillar_content":false,"robots_default":true,"robots_noindex":false,"robots_noarchive":false,"robots_nosnippet":false,"robots_nofollow":false,"robots_noimageindex":false,"robots_noodp":false,"robots_notranslate":false,"robots_max_snippet":null,"robots_max_videopreview":null,"robots_max_imagepreview":"none","priority":null,"frequency":null,"local_seo":null,"seo_analyzer_scan_date":"2026-06-03 04:42:46","breadcrumb_settings":null,"limit_modified_date":false,"open_ai":null,"ai":null,"created":"2020-11-14 22:56:22","updated":"2026-06-03 04:42:46","focus_keyword":null,"additional_keywords":null,"truseo_locale":null},"aioseo_breadcrumb":"<div class=\"aioseo-breadcrumbs\"><span class=\"aioseo-breadcrumb\">\n\t<a href=\"https:\/\/www.eldigitaldeasturias.com\/noticias\" title=\"Home\">Home<\/a>\n<\/span><span class=\"aioseo-breadcrumb-separator\">\u2013<\/span><span class=\"aioseo-breadcrumb\">\n\t<a href=\"https:\/\/www.eldigitaldeasturias.com\/noticias\/category\/actualidad\/\" title=\"Actualidad\">Actualidad<\/a>\n<\/span><span class=\"aioseo-breadcrumb-separator\">\u2013<\/span><span class=\"aioseo-breadcrumb\">\n\t<a href=\"https:\/\/www.eldigitaldeasturias.com\/noticias\/el-archivo-de-denuncias-de-esterilizacion-forzada-genera-indignacion-en-peru\/\" title=\"El archivo de denuncias de esterilizaci\u00f3n forzada genera indignaci\u00f3n en Per\u00fa\">El archivo de denuncias de esterilizaci\u00f3n forzada genera indignaci\u00f3n en Per\u00fa<\/a>\n<\/span><\/div>","aioseo_breadcrumb_json":[{"label":"Home","link":"https:\/\/www.eldigitaldeasturias.com\/noticias"},{"label":"Actualidad","link":"https:\/\/www.eldigitaldeasturias.com\/noticias\/category\/actualidad\/"},{"label":"El archivo de denuncias de esterilizaci\u00f3n forzada genera indignaci\u00f3n en Per\u00fa","link":"https:\/\/www.eldigitaldeasturias.com\/noticias\/el-archivo-de-denuncias-de-esterilizacion-forzada-genera-indignacion-en-peru\/"}],"_links":{"self":[{"href":"https:\/\/www.eldigitaldeasturias.com\/noticias\/wp-json\/wp\/v2\/posts\/487432","targetHints":{"allow":["GET"]}}],"collection":[{"href":"https:\/\/www.eldigitaldeasturias.com\/noticias\/wp-json\/wp\/v2\/posts"}],"about":[{"href":"https:\/\/www.eldigitaldeasturias.com\/noticias\/wp-json\/wp\/v2\/types\/post"}],"author":[{"embeddable":true,"href":"https:\/\/www.eldigitaldeasturias.com\/noticias\/wp-json\/wp\/v2\/users\/1"}],"replies":[{"embeddable":true,"href":"https:\/\/www.eldigitaldeasturias.com\/noticias\/wp-json\/wp\/v2\/comments?post=487432"}],"version-history":[{"count":0,"href":"https:\/\/www.eldigitaldeasturias.com\/noticias\/wp-json\/wp\/v2\/posts\/487432\/revisions"}],"wp:attachment":[{"href":"https:\/\/www.eldigitaldeasturias.com\/noticias\/wp-json\/wp\/v2\/media?parent=487432"}],"wp:term":[{"taxonomy":"category","embeddable":true,"href":"https:\/\/www.eldigitaldeasturias.com\/noticias\/wp-json\/wp\/v2\/categories?post=487432"},{"taxonomy":"post_tag","embeddable":true,"href":"https:\/\/www.eldigitaldeasturias.com\/noticias\/wp-json\/wp\/v2\/tags?post=487432"}],"curies":[{"name":"wp","href":"https:\/\/api.w.org\/{rel}","templated":true}]}}