{"id":487420,"date":"2014-02-09T21:42:23","date_gmt":"2014-02-09T22:42:23","guid":{"rendered":"http:\/\/www.eldigitaldeasturias.com\/noticias\/?p=487420"},"modified":"2014-02-09T21:42:23","modified_gmt":"2014-02-09T22:42:23","slug":"el-chileno-valdivia-dice-que-brasil-no-esta-preparado-para-recibir-el-mundial","status":"publish","type":"post","link":"https:\/\/www.eldigitaldeasturias.com\/noticias\/el-chileno-valdivia-dice-que-brasil-no-esta-preparado-para-recibir-el-mundial\/","title":{"rendered":"El chileno Valdivia dice que Brasil no est\u00e1 preparado para recibir el Mundial"},"content":{"rendered":"<p><img loading=\"lazy\" decoding=\"async\" class=\"alignleft size-medium wp-image-487421\" alt=\"5925650w\" src=\"https:\/\/www.eldigitaldeasturias.com\/noticias\/wp-content\/uploads\/2014\/02\/5925650w-360x239.jpg\" width=\"360\" height=\"239\" \/>Sao Paulo, 9 feb (EFE).- El centrocampista chileno Jorge Valdivia afirm\u00f3 hoy en una entrevista al diario Folha de Sao Paulo que Brasil no est\u00e1 preparado para recibir el Mundial de f\u00fatbol 2014, pero precis\u00f3 que el torneo \u00abva a ser el mejor de todos los tiempos\u00bb porque es \u00abel pa\u00eds del f\u00fatbol\u00bb.<\/p>\n<p>\u00abNo, no est\u00e1 listo. Rivaldo, Romario y muchos periodistas lo dicen, y yo estoy de acuerdo. Aqu\u00ed hay problemas de seguridad, de acceso, tr\u00e1fico, aeropuertos. La Copa va a ser la mejor de todos los tiempos pero porque Brasil es el pa\u00eds del f\u00fatbol, vive de eso, y los mejores jugadores van a estar aqu\u00ed\u00bb, coment\u00f3.<\/p>\n<p>El chileno, volante del brasile\u00f1o Palmeiras, insisti\u00f3 en que queda mucho por hacer en lo que respecta a la organizaci\u00f3n y lament\u00f3 que algunos centros de entrenamiento todav\u00eda no est\u00e9n listos.<\/p>\n<p>\u00abLa imagen que va a quedar para los extranjeros va a ser mala. A\u00fan as\u00ed, va a ser la mejor Copa. El pueblo y los jugadores van a marcar la diferencia\u00bb, a\u00f1adi\u00f3 durante la entrevista.<\/p>\n<p>Preguntado por los rumores de la prensa chilena que apuntan a que el t\u00e9cnico chileno, Jorge Sampaoli, estar\u00eda cuestionando su convocatoria, Valdivia respondi\u00f3 que no lee la prensa de su pa\u00eds para \u00abpreservar su salud mental\u00bb.<\/p>\n<p>\u00ab\u00c9l (Sampaoli) fue uno de los pocos en creer que aun ten\u00eda como jugar con mi pa\u00eds. Y, para preservar mi salud mental, no leo la prensa chilena\u00bb, coment\u00f3.<\/p>\n<p>El centrocampista admiti\u00f3 haber jugado muchas ocasiones sin estar en total condiciones, lo que le provoc\u00f3 lesiones y perjudic\u00f3 su imagen, dijo.<\/p>\n<p>\u00abPas\u00e9 por encima de los protocolos m\u00e9dicos, volv\u00ed a jugar antes de tiempo y me hice da\u00f1o. Hice eso muchas veces, hasta porque las personas me ped\u00edan &#8216;por favor, ayuda, juega&#8230;'\u00bb, asever\u00f3 el futbolista, quien consider\u00f3 que \u00abfalt\u00f3 autoridad del departamento m\u00e9dico para vetarme\u00bb.<\/p>\n<p>\u00abPodr\u00eda haber sido m\u00e1s firme. Eso perjudic\u00f3 mi imagen. Parec\u00eda que no quer\u00eda jugar\u00bb, sostuvo.<\/p>\n<p>Valdivia confes\u00f3 que todav\u00eda siente dolores pero que est\u00e1 trabajando con un especialista cubano en rehabilitaci\u00f3n que le est\u00e1 ayudando.<\/p>\n<p>Cuestionado sobre si le hubiera gustado salir menos de noche durante su carrera, el futbolista afirm\u00f3 que cuando m\u00e1s sali\u00f3 fue cuando mejor jug\u00f3.<\/p>\n<p>\u00abMuchos jugadores salieron de noche y se convirtieron en fen\u00f3menos. Hay tambi\u00e9n mucho jugador creyente que sali\u00f3 menor, pero que tambi\u00e9n jug\u00f3 bien. Cuando m\u00e1s sal\u00ed, entre 2006 y 2008, fue cuando mejor jugu\u00e9. No hay regla\u00bb, concluy\u00f3.<\/p>\n","protected":false},"excerpt":{"rendered":"<p>Sao Paulo, 9 feb (EFE).- El centrocampista chileno Jorge Valdivia afirm\u00f3 hoy en una entrevista al diario Folha de Sao Paulo que Brasil no est\u00e1 preparado para recibir el Mundial de f\u00fatbol 2014, pero precis\u00f3 que el torneo \u00abva a ser el mejor de todos los tiempos\u00bb porque es \u00abel pa\u00eds del f\u00fatbol\u00bb. \u00abNo, no [&hellip;]<\/p>\n","protected":false},"author":1,"featured_media":487421,"comment_status":"open","ping_status":"open","sticky":false,"template":"","format":"standard","meta":{"footnotes":""},"categories":[1],"tags":[],"class_list":["post-487420","post","type-post","status-publish","format-standard","has-post-thumbnail","hentry","category-actualidad"],"aioseo_notices":[],"aioseo_head":"\n\t\t<!-- All in One SEO Pro 5.0.1 - aioseo.com -->\n\t<meta name=\"description\" content=\"Sao Paulo, 9 feb (EFE).- El centrocampista chileno Jorge Valdivia afirm\u00f3 hoy en una entrevista al diario Folha de Sao Paulo que Brasil no est\u00e1 preparado para recibir el Mundial de f\u00fatbol 2014, pero precis\u00f3 que el torneo &quot;va a ser el mejor de todos los tiempos&quot; porque es &quot;el pa\u00eds del f\u00fatbol&quot;. &quot;No, no\" \/>\n\t<meta name=\"robots\" content=\"max-image-preview:large\" \/>\n\t<meta name=\"author\" content=\"El Digital de Asturias\"\/>\n\t<meta name=\"google-site-verification\" content=\"UA-38556648-1\" \/>\n\t<meta name=\"msvalidate.01\" content=\"7dfe9f3f1b24437ab69f4f2559babe99\" \/>\n\t<meta name=\"keywords\" content=\"actualidad\" \/>\n\t<link rel=\"canonical\" href=\"https:\/\/www.eldigitaldeasturias.com\/noticias\/el-chileno-valdivia-dice-que-brasil-no-esta-preparado-para-recibir-el-mundial\/\" \/>\n\t<meta name=\"generator\" content=\"All in One SEO Pro (AIOSEO) 5.0.1\" \/>\n\t\t<meta property=\"og:locale\" content=\"es_ES\" \/>\n\t\t<meta property=\"og:site_name\" content=\"El Digital de Asturias\" \/>\n\t\t<meta property=\"og:type\" content=\"article\" \/>\n\t\t<meta property=\"og:title\" content=\"El chileno Valdivia dice que Brasil no est\u00e1 preparado para recibir el Mundial - El Digital de Asturias\" \/>\n\t\t<meta property=\"og:description\" content=\"Sao Paulo, 9 feb (EFE).- El centrocampista chileno Jorge Valdivia afirm\u00f3 hoy en una entrevista al diario Folha de Sao Paulo que Brasil no est\u00e1 preparado para recibir el Mundial de f\u00fatbol 2014, pero precis\u00f3 que el torneo &quot;va a ser el mejor de todos los tiempos&quot; porque es &quot;el pa\u00eds del f\u00fatbol&quot;. &quot;No, no\" \/>\n\t\t<meta property=\"og:url\" content=\"https:\/\/www.eldigitaldeasturias.com\/noticias\/el-chileno-valdivia-dice-que-brasil-no-esta-preparado-para-recibir-el-mundial\/\" \/>\n\t\t<meta property=\"article:tag\" content=\"actualidad\" \/>\n\t\t<meta property=\"article:published_time\" content=\"2014-02-09T22:42:23+00:00\" \/>\n\t\t<meta property=\"article:modified_time\" content=\"2014-02-09T22:42:23+00:00\" \/>\n\t\t<meta property=\"article:publisher\" content=\"https:\/\/facebook.com\/eldigitaldeasturias\" \/>\n\t\t<meta name=\"twitter:card\" content=\"summary_large_image\" \/>\n\t\t<meta name=\"twitter:title\" content=\"El chileno Valdivia dice que Brasil no est\u00e1 preparado para recibir el Mundial - El Digital de Asturias\" \/>\n\t\t<meta name=\"twitter:description\" content=\"Sao Paulo, 9 feb (EFE).- El centrocampista chileno Jorge Valdivia afirm\u00f3 hoy en una entrevista al diario Folha de Sao Paulo que Brasil no est\u00e1 preparado para recibir el Mundial de f\u00fatbol 2014, pero precis\u00f3 que el torneo &quot;va a ser el mejor de todos los tiempos&quot; porque es &quot;el pa\u00eds del f\u00fatbol&quot;. &quot;No, no\" \/>\n\t\t<meta name=\"twitter:label1\" content=\"Escrito por\" \/>\n\t\t<meta name=\"twitter:data1\" content=\"El Digital de Asturias\" \/>\n\t\t<meta name=\"twitter:label2\" content=\"Tiempo de lectura estimado\" \/>\n\t\t<meta name=\"twitter:data2\" content=\"2 minutos\" \/>\n\t\t<script type=\"application\/ld+json\" class=\"aioseo-schema\">\n\t\t\t{\"@context\":\"https:\\\/\\\/schema.org\",\"@graph\":[{\"@type\":\"BlogPosting\",\"@id\":\"https:\\\/\\\/www.eldigitaldeasturias.com\\\/noticias\\\/el-chileno-valdivia-dice-que-brasil-no-esta-preparado-para-recibir-el-mundial\\\/#blogposting\",\"name\":\"El chileno Valdivia dice que Brasil no est\\u00e1 preparado para recibir el Mundial - El Digital de Asturias\",\"headline\":\"El chileno Valdivia dice que Brasil no est\\u00e1 preparado para recibir el Mundial\",\"author\":{\"@id\":\"https:\\\/\\\/www.eldigitaldeasturias.com\\\/noticias\\\/author\\\/admin\\\/#author\"},\"publisher\":{\"@id\":\"https:\\\/\\\/www.eldigitaldeasturias.com\\\/noticias\\\/#organization\"},\"image\":{\"@type\":\"ImageObject\",\"url\":487421},\"datePublished\":\"2014-02-09T21:42:23+01:00\",\"dateModified\":\"2014-02-09T21:42:23+01:00\",\"inLanguage\":\"es-ES\",\"mainEntityOfPage\":{\"@id\":\"https:\\\/\\\/www.eldigitaldeasturias.com\\\/noticias\\\/el-chileno-valdivia-dice-que-brasil-no-esta-preparado-para-recibir-el-mundial\\\/#webpage\"},\"isPartOf\":{\"@id\":\"https:\\\/\\\/www.eldigitaldeasturias.com\\\/noticias\\\/el-chileno-valdivia-dice-que-brasil-no-esta-preparado-para-recibir-el-mundial\\\/#webpage\"},\"articleSection\":\"Actualidad\"},{\"@type\":\"BreadcrumbList\",\"@id\":\"https:\\\/\\\/www.eldigitaldeasturias.com\\\/noticias\\\/el-chileno-valdivia-dice-que-brasil-no-esta-preparado-para-recibir-el-mundial\\\/#breadcrumblist\",\"itemListElement\":[{\"@type\":\"ListItem\",\"@id\":\"https:\\\/\\\/www.eldigitaldeasturias.com\\\/noticias#listItem\",\"position\":1,\"name\":\"Home\",\"item\":\"https:\\\/\\\/www.eldigitaldeasturias.com\\\/noticias\",\"nextItem\":{\"@type\":\"ListItem\",\"@id\":\"https:\\\/\\\/www.eldigitaldeasturias.com\\\/noticias\\\/category\\\/actualidad\\\/#listItem\",\"name\":\"Actualidad\"}},{\"@type\":\"ListItem\",\"@id\":\"https:\\\/\\\/www.eldigitaldeasturias.com\\\/noticias\\\/category\\\/actualidad\\\/#listItem\",\"position\":2,\"name\":\"Actualidad\",\"item\":\"https:\\\/\\\/www.eldigitaldeasturias.com\\\/noticias\\\/category\\\/actualidad\\\/\",\"nextItem\":{\"@type\":\"ListItem\",\"@id\":\"https:\\\/\\\/www.eldigitaldeasturias.com\\\/noticias\\\/el-chileno-valdivia-dice-que-brasil-no-esta-preparado-para-recibir-el-mundial\\\/#listItem\",\"name\":\"El chileno Valdivia dice que Brasil no est\\u00e1 preparado para recibir el Mundial\"},\"previousItem\":{\"@type\":\"ListItem\",\"@id\":\"https:\\\/\\\/www.eldigitaldeasturias.com\\\/noticias#listItem\",\"name\":\"Home\"}},{\"@type\":\"ListItem\",\"@id\":\"https:\\\/\\\/www.eldigitaldeasturias.com\\\/noticias\\\/el-chileno-valdivia-dice-que-brasil-no-esta-preparado-para-recibir-el-mundial\\\/#listItem\",\"position\":3,\"name\":\"El chileno Valdivia dice que Brasil no est\\u00e1 preparado para recibir el Mundial\",\"previousItem\":{\"@type\":\"ListItem\",\"@id\":\"https:\\\/\\\/www.eldigitaldeasturias.com\\\/noticias\\\/category\\\/actualidad\\\/#listItem\",\"name\":\"Actualidad\"}}]},{\"@type\":\"Organization\",\"@id\":\"https:\\\/\\\/www.eldigitaldeasturias.com\\\/noticias\\\/#organization\",\"name\":\"El Digital de Asturias\",\"description\":\"Hemeroteca\",\"url\":\"https:\\\/\\\/www.eldigitaldeasturias.com\\\/noticias\\\/\",\"email\":\"info@eldigitaldeasturias.com\",\"telephone\":\"+34652131393\",\"logo\":{\"@type\":\"ImageObject\",\"url\":\"https:\\\/\\\/www.eldigitaldeasturias.com\\\/noticias\\\/wp-content\\\/uploads\\\/2020\\\/12\\\/EDA.jpg\",\"@id\":\"https:\\\/\\\/www.eldigitaldeasturias.com\\\/noticias\\\/el-chileno-valdivia-dice-que-brasil-no-esta-preparado-para-recibir-el-mundial\\\/#organizationLogo\"},\"image\":{\"@id\":\"https:\\\/\\\/www.eldigitaldeasturias.com\\\/noticias\\\/el-chileno-valdivia-dice-que-brasil-no-esta-preparado-para-recibir-el-mundial\\\/#organizationLogo\"},\"sameAs\":[\"https:\\\/\\\/facebook.com\\\/eldigitaldeasturias\",\"https:\\\/\\\/www.youtube.com\\\/channel\\\/UCZP-2wLEB9Rv6erhFmqVnvg\"],\"address\":{\"@id\":\"https:\\\/\\\/www.eldigitaldeasturias.com\\\/noticias\\\/#postaladdress\",\"@type\":\"PostalAddress\",\"streetAddress\":\"san antonio 4\",\"postalCode\":\"33430\",\"addressLocality\":\"Cand\\u00e1s\",\"addressRegion\":\"Asturias\",\"addressCountry\":\"ES\"}},{\"@type\":\"Person\",\"@id\":\"https:\\\/\\\/www.eldigitaldeasturias.com\\\/noticias\\\/author\\\/admin\\\/#author\",\"url\":\"https:\\\/\\\/www.eldigitaldeasturias.com\\\/noticias\\\/author\\\/admin\\\/\",\"name\":\"El Digital de Asturias\",\"image\":{\"@type\":\"ImageObject\",\"@id\":\"https:\\\/\\\/www.eldigitaldeasturias.com\\\/noticias\\\/el-chileno-valdivia-dice-que-brasil-no-esta-preparado-para-recibir-el-mundial\\\/#authorImage\",\"url\":\"https:\\\/\\\/secure.gravatar.com\\\/avatar\\\/df2aeffc32bcd13f8d26072ef8a91b623d677766deac7f97ca815868cd41bf5e?s=96&d=mm&r=g\",\"width\":96,\"height\":96,\"caption\":\"El Digital de Asturias\"}},{\"@type\":\"WebPage\",\"@id\":\"https:\\\/\\\/www.eldigitaldeasturias.com\\\/noticias\\\/el-chileno-valdivia-dice-que-brasil-no-esta-preparado-para-recibir-el-mundial\\\/#webpage\",\"url\":\"https:\\\/\\\/www.eldigitaldeasturias.com\\\/noticias\\\/el-chileno-valdivia-dice-que-brasil-no-esta-preparado-para-recibir-el-mundial\\\/\",\"name\":\"El chileno Valdivia dice que Brasil no est\\u00e1 preparado para recibir el Mundial - El Digital de Asturias\",\"description\":\"Sao Paulo, 9 feb (EFE).- El centrocampista chileno Jorge Valdivia afirm\\u00f3 hoy en una entrevista al diario Folha de Sao Paulo que Brasil no est\\u00e1 preparado para recibir el Mundial de f\\u00fatbol 2014, pero precis\\u00f3 que el torneo \\\"va a ser el mejor de todos los tiempos\\\" porque es \\\"el pa\\u00eds del f\\u00fatbol\\\". \\\"No, no\",\"inLanguage\":\"es-ES\",\"isPartOf\":{\"@id\":\"https:\\\/\\\/www.eldigitaldeasturias.com\\\/noticias\\\/#website\"},\"breadcrumb\":{\"@id\":\"https:\\\/\\\/www.eldigitaldeasturias.com\\\/noticias\\\/el-chileno-valdivia-dice-que-brasil-no-esta-preparado-para-recibir-el-mundial\\\/#breadcrumblist\"},\"author\":{\"@id\":\"https:\\\/\\\/www.eldigitaldeasturias.com\\\/noticias\\\/author\\\/admin\\\/#author\"},\"creator\":{\"@id\":\"https:\\\/\\\/www.eldigitaldeasturias.com\\\/noticias\\\/author\\\/admin\\\/#author\"},\"image\":{\"@type\":\"ImageObject\",\"url\":487421,\"@id\":\"https:\\\/\\\/www.eldigitaldeasturias.com\\\/noticias\\\/el-chileno-valdivia-dice-que-brasil-no-esta-preparado-para-recibir-el-mundial\\\/#mainImage\"},\"primaryImageOfPage\":{\"@id\":\"https:\\\/\\\/www.eldigitaldeasturias.com\\\/noticias\\\/el-chileno-valdivia-dice-que-brasil-no-esta-preparado-para-recibir-el-mundial\\\/#mainImage\"},\"datePublished\":\"2014-02-09T21:42:23+01:00\",\"dateModified\":\"2014-02-09T21:42:23+01:00\"},{\"@type\":\"WebSite\",\"@id\":\"https:\\\/\\\/www.eldigitaldeasturias.com\\\/noticias\\\/#website\",\"url\":\"https:\\\/\\\/www.eldigitaldeasturias.com\\\/noticias\\\/\",\"name\":\"El Digital de Asturias - Diario de actualidad y noticias\",\"alternateName\":\"El Digital de Asturias - Diario de actualidad y noticias\",\"description\":\"Hemeroteca\",\"inLanguage\":\"es-ES\",\"publisher\":{\"@id\":\"https:\\\/\\\/www.eldigitaldeasturias.com\\\/noticias\\\/#organization\"}}]}\n\t\t<\/script>\n\t\t<!-- All in One SEO Pro -->\r\n\t\t<title>El chileno Valdivia dice que Brasil no est\u00e1 preparado para recibir el Mundial - El Digital de Asturias<\/title>\n\n","aioseo_head_json":{"title":"El chileno Valdivia dice que Brasil no est\u00e1 preparado para recibir el Mundial - El Digital de Asturias","description":"Sao Paulo, 9 feb (EFE).- El centrocampista chileno Jorge Valdivia afirm\u00f3 hoy en una entrevista al diario Folha de Sao Paulo que Brasil no est\u00e1 preparado para recibir el Mundial de f\u00fatbol 2014, pero precis\u00f3 que el torneo \"va a ser el mejor de todos los tiempos\" porque es \"el pa\u00eds del f\u00fatbol\". \"No, no","canonical_url":"https:\/\/www.eldigitaldeasturias.com\/noticias\/el-chileno-valdivia-dice-que-brasil-no-esta-preparado-para-recibir-el-mundial\/","robots":"max-image-preview:large","keywords":"actualidad","webmasterTools":{"google-site-verification":"UA-38556648-1","msvalidate.01":"7dfe9f3f1b24437ab69f4f2559babe99","miscellaneous":""},"schema":{"@context":"https:\/\/schema.org","@graph":[{"@type":"BlogPosting","@id":"https:\/\/www.eldigitaldeasturias.com\/noticias\/el-chileno-valdivia-dice-que-brasil-no-esta-preparado-para-recibir-el-mundial\/#blogposting","name":"El chileno Valdivia dice que Brasil no est\u00e1 preparado para recibir el Mundial - El Digital de Asturias","headline":"El chileno Valdivia dice que Brasil no est\u00e1 preparado para recibir el Mundial","author":{"@id":"https:\/\/www.eldigitaldeasturias.com\/noticias\/author\/admin\/#author"},"publisher":{"@id":"https:\/\/www.eldigitaldeasturias.com\/noticias\/#organization"},"image":{"@type":"ImageObject","url":487421},"datePublished":"2014-02-09T21:42:23+01:00","dateModified":"2014-02-09T21:42:23+01:00","inLanguage":"es-ES","mainEntityOfPage":{"@id":"https:\/\/www.eldigitaldeasturias.com\/noticias\/el-chileno-valdivia-dice-que-brasil-no-esta-preparado-para-recibir-el-mundial\/#webpage"},"isPartOf":{"@id":"https:\/\/www.eldigitaldeasturias.com\/noticias\/el-chileno-valdivia-dice-que-brasil-no-esta-preparado-para-recibir-el-mundial\/#webpage"},"articleSection":"Actualidad"},{"@type":"BreadcrumbList","@id":"https:\/\/www.eldigitaldeasturias.com\/noticias\/el-chileno-valdivia-dice-que-brasil-no-esta-preparado-para-recibir-el-mundial\/#breadcrumblist","itemListElement":[{"@type":"ListItem","@id":"https:\/\/www.eldigitaldeasturias.com\/noticias#listItem","position":1,"name":"Home","item":"https:\/\/www.eldigitaldeasturias.com\/noticias","nextItem":{"@type":"ListItem","@id":"https:\/\/www.eldigitaldeasturias.com\/noticias\/category\/actualidad\/#listItem","name":"Actualidad"}},{"@type":"ListItem","@id":"https:\/\/www.eldigitaldeasturias.com\/noticias\/category\/actualidad\/#listItem","position":2,"name":"Actualidad","item":"https:\/\/www.eldigitaldeasturias.com\/noticias\/category\/actualidad\/","nextItem":{"@type":"ListItem","@id":"https:\/\/www.eldigitaldeasturias.com\/noticias\/el-chileno-valdivia-dice-que-brasil-no-esta-preparado-para-recibir-el-mundial\/#listItem","name":"El chileno Valdivia dice que Brasil no est\u00e1 preparado para recibir el Mundial"},"previousItem":{"@type":"ListItem","@id":"https:\/\/www.eldigitaldeasturias.com\/noticias#listItem","name":"Home"}},{"@type":"ListItem","@id":"https:\/\/www.eldigitaldeasturias.com\/noticias\/el-chileno-valdivia-dice-que-brasil-no-esta-preparado-para-recibir-el-mundial\/#listItem","position":3,"name":"El chileno Valdivia dice que Brasil no est\u00e1 preparado para recibir el Mundial","previousItem":{"@type":"ListItem","@id":"https:\/\/www.eldigitaldeasturias.com\/noticias\/category\/actualidad\/#listItem","name":"Actualidad"}}]},{"@type":"Organization","@id":"https:\/\/www.eldigitaldeasturias.com\/noticias\/#organization","name":"El Digital de Asturias","description":"Hemeroteca","url":"https:\/\/www.eldigitaldeasturias.com\/noticias\/","email":"info@eldigitaldeasturias.com","telephone":"+34652131393","logo":{"@type":"ImageObject","url":"https:\/\/www.eldigitaldeasturias.com\/noticias\/wp-content\/uploads\/2020\/12\/EDA.jpg","@id":"https:\/\/www.eldigitaldeasturias.com\/noticias\/el-chileno-valdivia-dice-que-brasil-no-esta-preparado-para-recibir-el-mundial\/#organizationLogo"},"image":{"@id":"https:\/\/www.eldigitaldeasturias.com\/noticias\/el-chileno-valdivia-dice-que-brasil-no-esta-preparado-para-recibir-el-mundial\/#organizationLogo"},"sameAs":["https:\/\/facebook.com\/eldigitaldeasturias","https:\/\/www.youtube.com\/channel\/UCZP-2wLEB9Rv6erhFmqVnvg"],"address":{"@id":"https:\/\/www.eldigitaldeasturias.com\/noticias\/#postaladdress","@type":"PostalAddress","streetAddress":"san antonio 4","postalCode":"33430","addressLocality":"Cand\u00e1s","addressRegion":"Asturias","addressCountry":"ES"}},{"@type":"Person","@id":"https:\/\/www.eldigitaldeasturias.com\/noticias\/author\/admin\/#author","url":"https:\/\/www.eldigitaldeasturias.com\/noticias\/author\/admin\/","name":"El Digital de Asturias","image":{"@type":"ImageObject","@id":"https:\/\/www.eldigitaldeasturias.com\/noticias\/el-chileno-valdivia-dice-que-brasil-no-esta-preparado-para-recibir-el-mundial\/#authorImage","url":"https:\/\/secure.gravatar.com\/avatar\/df2aeffc32bcd13f8d26072ef8a91b623d677766deac7f97ca815868cd41bf5e?s=96&d=mm&r=g","width":96,"height":96,"caption":"El Digital de Asturias"}},{"@type":"WebPage","@id":"https:\/\/www.eldigitaldeasturias.com\/noticias\/el-chileno-valdivia-dice-que-brasil-no-esta-preparado-para-recibir-el-mundial\/#webpage","url":"https:\/\/www.eldigitaldeasturias.com\/noticias\/el-chileno-valdivia-dice-que-brasil-no-esta-preparado-para-recibir-el-mundial\/","name":"El chileno Valdivia dice que Brasil no est\u00e1 preparado para recibir el Mundial - El Digital de Asturias","description":"Sao Paulo, 9 feb (EFE).- El centrocampista chileno Jorge Valdivia afirm\u00f3 hoy en una entrevista al diario Folha de Sao Paulo que Brasil no est\u00e1 preparado para recibir el Mundial de f\u00fatbol 2014, pero precis\u00f3 que el torneo \"va a ser el mejor de todos los tiempos\" porque es \"el pa\u00eds del f\u00fatbol\". \"No, no","inLanguage":"es-ES","isPartOf":{"@id":"https:\/\/www.eldigitaldeasturias.com\/noticias\/#website"},"breadcrumb":{"@id":"https:\/\/www.eldigitaldeasturias.com\/noticias\/el-chileno-valdivia-dice-que-brasil-no-esta-preparado-para-recibir-el-mundial\/#breadcrumblist"},"author":{"@id":"https:\/\/www.eldigitaldeasturias.com\/noticias\/author\/admin\/#author"},"creator":{"@id":"https:\/\/www.eldigitaldeasturias.com\/noticias\/author\/admin\/#author"},"image":{"@type":"ImageObject","url":487421,"@id":"https:\/\/www.eldigitaldeasturias.com\/noticias\/el-chileno-valdivia-dice-que-brasil-no-esta-preparado-para-recibir-el-mundial\/#mainImage"},"primaryImageOfPage":{"@id":"https:\/\/www.eldigitaldeasturias.com\/noticias\/el-chileno-valdivia-dice-que-brasil-no-esta-preparado-para-recibir-el-mundial\/#mainImage"},"datePublished":"2014-02-09T21:42:23+01:00","dateModified":"2014-02-09T21:42:23+01:00"},{"@type":"WebSite","@id":"https:\/\/www.eldigitaldeasturias.com\/noticias\/#website","url":"https:\/\/www.eldigitaldeasturias.com\/noticias\/","name":"El Digital de Asturias - Diario de actualidad y noticias","alternateName":"El Digital de Asturias - Diario de actualidad y noticias","description":"Hemeroteca","inLanguage":"es-ES","publisher":{"@id":"https:\/\/www.eldigitaldeasturias.com\/noticias\/#organization"}}]},"og:locale":"es_ES","og:site_name":"El Digital de Asturias","og:type":"article","og:title":"El chileno Valdivia dice que Brasil no est\u00e1 preparado para recibir el Mundial - El Digital de Asturias","og:description":"Sao Paulo, 9 feb (EFE).- El centrocampista chileno Jorge Valdivia afirm\u00f3 hoy en una entrevista al diario Folha de Sao Paulo que Brasil no est\u00e1 preparado para recibir el Mundial de f\u00fatbol 2014, pero precis\u00f3 que el torneo &quot;va a ser el mejor de todos los tiempos&quot; porque es &quot;el pa\u00eds del f\u00fatbol&quot;. &quot;No, no","og:url":"https:\/\/www.eldigitaldeasturias.com\/noticias\/el-chileno-valdivia-dice-que-brasil-no-esta-preparado-para-recibir-el-mundial\/","article:tag":["actualidad"],"article:published_time":"2014-02-09T22:42:23+00:00","article:modified_time":"2014-02-09T22:42:23+00:00","article:publisher":"https:\/\/facebook.com\/eldigitaldeasturias","twitter:card":"summary_large_image","twitter:title":"El chileno Valdivia dice que Brasil no est\u00e1 preparado para recibir el Mundial - El Digital de Asturias","twitter:description":"Sao Paulo, 9 feb (EFE).- El centrocampista chileno Jorge Valdivia afirm\u00f3 hoy en una entrevista al diario Folha de Sao Paulo que Brasil no est\u00e1 preparado para recibir el Mundial de f\u00fatbol 2014, pero precis\u00f3 que el torneo &quot;va a ser el mejor de todos los tiempos&quot; porque es &quot;el pa\u00eds del f\u00fatbol&quot;. &quot;No, no","twitter:label1":"Escrito por","twitter:data1":"El Digital de Asturias","twitter:label2":"Tiempo de lectura estimado","twitter:data2":"2 minutos"},"aioseo_meta_data":{"post_id":"487420","title":null,"description":null,"keywords":null,"keyphrases":null,"primary_term":null,"canonical_url":null,"og_title":null,"og_description":null,"og_object_type":"default","og_image_type":"default","og_image_url":null,"og_image_width":null,"og_image_height":null,"og_image_custom_url":null,"og_image_custom_fields":null,"og_video":null,"og_custom_url":null,"og_article_section":null,"og_article_tags":null,"twitter_use_og":true,"twitter_card":"default","twitter_image_type":"default","twitter_image_url":null,"twitter_image_custom_url":null,"twitter_image_custom_fields":null,"twitter_title":null,"twitter_description":null,"schema":{"blockGraphs":[],"customGraphs":[],"default":{"data":{"Article":[],"Course":[],"Dataset":[],"FAQPage":[],"Movie":[],"Person":[],"Product":[],"ProductReview":[],"Car":[],"Recipe":[],"Service":[],"SoftwareApplication":[],"WebPage":[]},"graphName":"","isEnabled":true},"graphs":[],"defaultGraph":"","defaultPostTypeGraph":""},"schema_type":null,"schema_type_options":null,"pillar_content":false,"robots_default":true,"robots_noindex":false,"robots_noarchive":false,"robots_nosnippet":false,"robots_nofollow":false,"robots_noimageindex":false,"robots_noodp":false,"robots_notranslate":false,"robots_max_snippet":null,"robots_max_videopreview":null,"robots_max_imagepreview":"none","priority":null,"frequency":null,"local_seo":null,"seo_analyzer_scan_date":"2026-06-03 04:41:11","breadcrumb_settings":null,"limit_modified_date":false,"open_ai":null,"ai":null,"created":"2020-11-14 22:56:22","updated":"2026-06-03 04:41:11","focus_keyword":null,"additional_keywords":null,"truseo_locale":null},"aioseo_breadcrumb":"<div class=\"aioseo-breadcrumbs\"><span class=\"aioseo-breadcrumb\">\n\t<a href=\"https:\/\/www.eldigitaldeasturias.com\/noticias\" title=\"Home\">Home<\/a>\n<\/span><span class=\"aioseo-breadcrumb-separator\">\u2013<\/span><span class=\"aioseo-breadcrumb\">\n\t<a href=\"https:\/\/www.eldigitaldeasturias.com\/noticias\/category\/actualidad\/\" title=\"Actualidad\">Actualidad<\/a>\n<\/span><span class=\"aioseo-breadcrumb-separator\">\u2013<\/span><span class=\"aioseo-breadcrumb\">\n\t<a href=\"https:\/\/www.eldigitaldeasturias.com\/noticias\/el-chileno-valdivia-dice-que-brasil-no-esta-preparado-para-recibir-el-mundial\/\" title=\"El chileno Valdivia dice que Brasil no est\u00e1 preparado para recibir el Mundial\">El chileno Valdivia dice que Brasil no est\u00e1 preparado para recibir el Mundial<\/a>\n<\/span><\/div>","aioseo_breadcrumb_json":[{"label":"Home","link":"https:\/\/www.eldigitaldeasturias.com\/noticias"},{"label":"Actualidad","link":"https:\/\/www.eldigitaldeasturias.com\/noticias\/category\/actualidad\/"},{"label":"El chileno Valdivia dice que Brasil no est\u00e1 preparado para recibir el Mundial","link":"https:\/\/www.eldigitaldeasturias.com\/noticias\/el-chileno-valdivia-dice-que-brasil-no-esta-preparado-para-recibir-el-mundial\/"}],"_links":{"self":[{"href":"https:\/\/www.eldigitaldeasturias.com\/noticias\/wp-json\/wp\/v2\/posts\/487420","targetHints":{"allow":["GET"]}}],"collection":[{"href":"https:\/\/www.eldigitaldeasturias.com\/noticias\/wp-json\/wp\/v2\/posts"}],"about":[{"href":"https:\/\/www.eldigitaldeasturias.com\/noticias\/wp-json\/wp\/v2\/types\/post"}],"author":[{"embeddable":true,"href":"https:\/\/www.eldigitaldeasturias.com\/noticias\/wp-json\/wp\/v2\/users\/1"}],"replies":[{"embeddable":true,"href":"https:\/\/www.eldigitaldeasturias.com\/noticias\/wp-json\/wp\/v2\/comments?post=487420"}],"version-history":[{"count":0,"href":"https:\/\/www.eldigitaldeasturias.com\/noticias\/wp-json\/wp\/v2\/posts\/487420\/revisions"}],"wp:attachment":[{"href":"https:\/\/www.eldigitaldeasturias.com\/noticias\/wp-json\/wp\/v2\/media?parent=487420"}],"wp:term":[{"taxonomy":"category","embeddable":true,"href":"https:\/\/www.eldigitaldeasturias.com\/noticias\/wp-json\/wp\/v2\/categories?post=487420"},{"taxonomy":"post_tag","embeddable":true,"href":"https:\/\/www.eldigitaldeasturias.com\/noticias\/wp-json\/wp\/v2\/tags?post=487420"}],"curies":[{"name":"wp","href":"https:\/\/api.w.org\/{rel}","templated":true}]}}