{"id":487417,"date":"2014-02-09T21:41:07","date_gmt":"2014-02-09T22:41:07","guid":{"rendered":"http:\/\/www.eldigitaldeasturias.com\/noticias\/?p=487417"},"modified":"2014-02-09T21:41:07","modified_gmt":"2014-02-09T22:41:07","slug":"tiago-sufre-un-esguince-en-la-rodilla-derecha-y-una-fractura-en-la-muneca","status":"publish","type":"post","link":"https:\/\/www.eldigitaldeasturias.com\/noticias\/tiago-sufre-un-esguince-en-la-rodilla-derecha-y-una-fractura-en-la-muneca\/","title":{"rendered":"Tiago sufre un esguince en la rodilla derecha y una fractura en la mu\u00f1eca"},"content":{"rendered":"<p><img loading=\"lazy\" decoding=\"async\" class=\"alignleft size-medium wp-image-487418\" alt=\"5925651w\" src=\"https:\/\/www.eldigitaldeasturias.com\/noticias\/wp-content\/uploads\/2014\/02\/5925651w-360x252.jpg\" width=\"360\" height=\"252\" \/>Madrid, 9 feb (EFE).- El centrocampista portugu\u00e9s del Atl\u00e9tico de Madrid Tiago Mendes, que se retir\u00f3 lesionado del partido de Liga de ayer s\u00e1bado ante el Almer\u00eda, sufre un esguince de grado II en el ligamento lateral interno de su rodilla derecha y una fractura en la mu\u00f1eca izquierda, confirm\u00f3 el club tras las pruebas m\u00e9dicas.<\/p>\n<p>Tiago tuvo que ser sustituido en el minuto 67 del partido en el que el conjunto madrile\u00f1o fue derrotado por el equipo local (2-0), tras una entrada de su compatriota H\u00e9lder Barbosa que provoc\u00f3 que fuera retirado en camilla y entrara en su lugar Mario Su\u00e1rez.<\/p>\n<p>El futbolista luso, que volv\u00eda a ser titular ayer despu\u00e9s de haber estado fuera del equipo en los \u00faltimos partidos por una sobrecarga, se someti\u00f3 esta ma\u00f1ana a una resonancia para conocer el alcance de la lesi\u00f3n, que concluy\u00f3 con el diagn\u00f3stico de esguince en grado II del ligamento lateral interno de rodilla derecha.<\/p>\n<p>Adem\u00e1s, Tiago tambi\u00e9n padece una fractura del polo proximal del escafoides de su mu\u00f1eca izquierda, informaron fuentes del club rojiblanco.<\/p>\n<p>La expedici\u00f3n completa del Atl\u00e9tico de Madrid regres\u00f3 esta ma\u00f1ana de Almer\u00eda y se ejercit\u00f3 esta misma ma\u00f1ana en el gimnasio de la Ciudad Deportiva de Majadahonda para comenzar el proceso de recuperaci\u00f3n f\u00edsica y preparaci\u00f3n de la vuelta de semifinales de la Copa del Rey ante el Real Madrid, que se disputar\u00e1 el pr\u00f3ximo martes en el Vicente Calder\u00f3n.<\/p>\n","protected":false},"excerpt":{"rendered":"<p>Madrid, 9 feb (EFE).- El centrocampista portugu\u00e9s del Atl\u00e9tico de Madrid Tiago Mendes, que se retir\u00f3 lesionado del partido de Liga de ayer s\u00e1bado ante el Almer\u00eda, sufre un esguince de grado II en el ligamento lateral interno de su rodilla derecha y una fractura en la mu\u00f1eca izquierda, confirm\u00f3 el club tras las pruebas [&hellip;]<\/p>\n","protected":false},"author":1,"featured_media":487418,"comment_status":"open","ping_status":"open","sticky":false,"template":"","format":"standard","meta":{"footnotes":""},"categories":[1],"tags":[],"class_list":["post-487417","post","type-post","status-publish","format-standard","has-post-thumbnail","hentry","category-actualidad"],"aioseo_notices":[],"aioseo_head":"\n\t\t<!-- All in One SEO Pro 5.0.1 - aioseo.com -->\n\t<meta name=\"description\" content=\"Madrid, 9 feb (EFE).- El centrocampista portugu\u00e9s del Atl\u00e9tico de Madrid Tiago Mendes, que se retir\u00f3 lesionado del partido de Liga de ayer s\u00e1bado ante el Almer\u00eda, sufre un esguince de grado II en el ligamento lateral interno de su rodilla derecha y una fractura en la mu\u00f1eca izquierda, confirm\u00f3 el club tras las pruebas\" \/>\n\t<meta name=\"robots\" content=\"max-image-preview:large\" \/>\n\t<meta name=\"author\" content=\"El Digital de Asturias\"\/>\n\t<meta name=\"google-site-verification\" content=\"UA-38556648-1\" \/>\n\t<meta name=\"msvalidate.01\" content=\"7dfe9f3f1b24437ab69f4f2559babe99\" \/>\n\t<meta name=\"keywords\" content=\"actualidad\" \/>\n\t<link rel=\"canonical\" href=\"https:\/\/www.eldigitaldeasturias.com\/noticias\/tiago-sufre-un-esguince-en-la-rodilla-derecha-y-una-fractura-en-la-muneca\/\" \/>\n\t<meta name=\"generator\" content=\"All in One SEO Pro (AIOSEO) 5.0.1\" \/>\n\t\t<meta property=\"og:locale\" content=\"es_ES\" \/>\n\t\t<meta property=\"og:site_name\" content=\"El Digital de Asturias\" \/>\n\t\t<meta property=\"og:type\" content=\"article\" \/>\n\t\t<meta property=\"og:title\" content=\"Tiago sufre un esguince en la rodilla derecha y una fractura en la mu\u00f1eca - El Digital de Asturias\" \/>\n\t\t<meta property=\"og:description\" content=\"Madrid, 9 feb (EFE).- El centrocampista portugu\u00e9s del Atl\u00e9tico de Madrid Tiago Mendes, que se retir\u00f3 lesionado del partido de Liga de ayer s\u00e1bado ante el Almer\u00eda, sufre un esguince de grado II en el ligamento lateral interno de su rodilla derecha y una fractura en la mu\u00f1eca izquierda, confirm\u00f3 el club tras las pruebas\" \/>\n\t\t<meta property=\"og:url\" content=\"https:\/\/www.eldigitaldeasturias.com\/noticias\/tiago-sufre-un-esguince-en-la-rodilla-derecha-y-una-fractura-en-la-muneca\/\" \/>\n\t\t<meta property=\"article:tag\" content=\"actualidad\" \/>\n\t\t<meta property=\"article:published_time\" content=\"2014-02-09T22:41:07+00:00\" \/>\n\t\t<meta property=\"article:modified_time\" content=\"2014-02-09T22:41:07+00:00\" \/>\n\t\t<meta property=\"article:publisher\" content=\"https:\/\/facebook.com\/eldigitaldeasturias\" \/>\n\t\t<meta name=\"twitter:card\" content=\"summary_large_image\" \/>\n\t\t<meta name=\"twitter:title\" content=\"Tiago sufre un esguince en la rodilla derecha y una fractura en la mu\u00f1eca - El Digital de Asturias\" \/>\n\t\t<meta name=\"twitter:description\" content=\"Madrid, 9 feb (EFE).- El centrocampista portugu\u00e9s del Atl\u00e9tico de Madrid Tiago Mendes, que se retir\u00f3 lesionado del partido de Liga de ayer s\u00e1bado ante el Almer\u00eda, sufre un esguince de grado II en el ligamento lateral interno de su rodilla derecha y una fractura en la mu\u00f1eca izquierda, confirm\u00f3 el club tras las pruebas\" \/>\n\t\t<meta name=\"twitter:label1\" content=\"Escrito por\" \/>\n\t\t<meta name=\"twitter:data1\" content=\"El Digital de Asturias\" \/>\n\t\t<meta name=\"twitter:label2\" content=\"Tiempo de lectura estimado\" \/>\n\t\t<meta name=\"twitter:data2\" content=\"1 minuto\" \/>\n\t\t<script type=\"application\/ld+json\" class=\"aioseo-schema\">\n\t\t\t{\"@context\":\"https:\\\/\\\/schema.org\",\"@graph\":[{\"@type\":\"BlogPosting\",\"@id\":\"https:\\\/\\\/www.eldigitaldeasturias.com\\\/noticias\\\/tiago-sufre-un-esguince-en-la-rodilla-derecha-y-una-fractura-en-la-muneca\\\/#blogposting\",\"name\":\"Tiago sufre un esguince en la rodilla derecha y una fractura en la mu\\u00f1eca - El Digital de Asturias\",\"headline\":\"Tiago sufre un esguince en la rodilla derecha y una fractura en la mu\\u00f1eca\",\"author\":{\"@id\":\"https:\\\/\\\/www.eldigitaldeasturias.com\\\/noticias\\\/author\\\/admin\\\/#author\"},\"publisher\":{\"@id\":\"https:\\\/\\\/www.eldigitaldeasturias.com\\\/noticias\\\/#organization\"},\"image\":{\"@type\":\"ImageObject\",\"url\":487418},\"datePublished\":\"2014-02-09T21:41:07+01:00\",\"dateModified\":\"2014-02-09T21:41:07+01:00\",\"inLanguage\":\"es-ES\",\"mainEntityOfPage\":{\"@id\":\"https:\\\/\\\/www.eldigitaldeasturias.com\\\/noticias\\\/tiago-sufre-un-esguince-en-la-rodilla-derecha-y-una-fractura-en-la-muneca\\\/#webpage\"},\"isPartOf\":{\"@id\":\"https:\\\/\\\/www.eldigitaldeasturias.com\\\/noticias\\\/tiago-sufre-un-esguince-en-la-rodilla-derecha-y-una-fractura-en-la-muneca\\\/#webpage\"},\"articleSection\":\"Actualidad\"},{\"@type\":\"BreadcrumbList\",\"@id\":\"https:\\\/\\\/www.eldigitaldeasturias.com\\\/noticias\\\/tiago-sufre-un-esguince-en-la-rodilla-derecha-y-una-fractura-en-la-muneca\\\/#breadcrumblist\",\"itemListElement\":[{\"@type\":\"ListItem\",\"@id\":\"https:\\\/\\\/www.eldigitaldeasturias.com\\\/noticias#listItem\",\"position\":1,\"name\":\"Home\",\"item\":\"https:\\\/\\\/www.eldigitaldeasturias.com\\\/noticias\",\"nextItem\":{\"@type\":\"ListItem\",\"@id\":\"https:\\\/\\\/www.eldigitaldeasturias.com\\\/noticias\\\/category\\\/actualidad\\\/#listItem\",\"name\":\"Actualidad\"}},{\"@type\":\"ListItem\",\"@id\":\"https:\\\/\\\/www.eldigitaldeasturias.com\\\/noticias\\\/category\\\/actualidad\\\/#listItem\",\"position\":2,\"name\":\"Actualidad\",\"item\":\"https:\\\/\\\/www.eldigitaldeasturias.com\\\/noticias\\\/category\\\/actualidad\\\/\",\"nextItem\":{\"@type\":\"ListItem\",\"@id\":\"https:\\\/\\\/www.eldigitaldeasturias.com\\\/noticias\\\/tiago-sufre-un-esguince-en-la-rodilla-derecha-y-una-fractura-en-la-muneca\\\/#listItem\",\"name\":\"Tiago sufre un esguince en la rodilla derecha y una fractura en la mu\\u00f1eca\"},\"previousItem\":{\"@type\":\"ListItem\",\"@id\":\"https:\\\/\\\/www.eldigitaldeasturias.com\\\/noticias#listItem\",\"name\":\"Home\"}},{\"@type\":\"ListItem\",\"@id\":\"https:\\\/\\\/www.eldigitaldeasturias.com\\\/noticias\\\/tiago-sufre-un-esguince-en-la-rodilla-derecha-y-una-fractura-en-la-muneca\\\/#listItem\",\"position\":3,\"name\":\"Tiago sufre un esguince en la rodilla derecha y una fractura en la mu\\u00f1eca\",\"previousItem\":{\"@type\":\"ListItem\",\"@id\":\"https:\\\/\\\/www.eldigitaldeasturias.com\\\/noticias\\\/category\\\/actualidad\\\/#listItem\",\"name\":\"Actualidad\"}}]},{\"@type\":\"Organization\",\"@id\":\"https:\\\/\\\/www.eldigitaldeasturias.com\\\/noticias\\\/#organization\",\"name\":\"El Digital de Asturias\",\"description\":\"Hemeroteca\",\"url\":\"https:\\\/\\\/www.eldigitaldeasturias.com\\\/noticias\\\/\",\"email\":\"info@eldigitaldeasturias.com\",\"telephone\":\"+34652131393\",\"logo\":{\"@type\":\"ImageObject\",\"url\":\"https:\\\/\\\/www.eldigitaldeasturias.com\\\/noticias\\\/wp-content\\\/uploads\\\/2020\\\/12\\\/EDA.jpg\",\"@id\":\"https:\\\/\\\/www.eldigitaldeasturias.com\\\/noticias\\\/tiago-sufre-un-esguince-en-la-rodilla-derecha-y-una-fractura-en-la-muneca\\\/#organizationLogo\"},\"image\":{\"@id\":\"https:\\\/\\\/www.eldigitaldeasturias.com\\\/noticias\\\/tiago-sufre-un-esguince-en-la-rodilla-derecha-y-una-fractura-en-la-muneca\\\/#organizationLogo\"},\"sameAs\":[\"https:\\\/\\\/facebook.com\\\/eldigitaldeasturias\",\"https:\\\/\\\/www.youtube.com\\\/channel\\\/UCZP-2wLEB9Rv6erhFmqVnvg\"],\"address\":{\"@id\":\"https:\\\/\\\/www.eldigitaldeasturias.com\\\/noticias\\\/#postaladdress\",\"@type\":\"PostalAddress\",\"streetAddress\":\"san antonio 4\",\"postalCode\":\"33430\",\"addressLocality\":\"Cand\\u00e1s\",\"addressRegion\":\"Asturias\",\"addressCountry\":\"ES\"}},{\"@type\":\"Person\",\"@id\":\"https:\\\/\\\/www.eldigitaldeasturias.com\\\/noticias\\\/author\\\/admin\\\/#author\",\"url\":\"https:\\\/\\\/www.eldigitaldeasturias.com\\\/noticias\\\/author\\\/admin\\\/\",\"name\":\"El Digital de Asturias\",\"image\":{\"@type\":\"ImageObject\",\"@id\":\"https:\\\/\\\/www.eldigitaldeasturias.com\\\/noticias\\\/tiago-sufre-un-esguince-en-la-rodilla-derecha-y-una-fractura-en-la-muneca\\\/#authorImage\",\"url\":\"https:\\\/\\\/secure.gravatar.com\\\/avatar\\\/df2aeffc32bcd13f8d26072ef8a91b623d677766deac7f97ca815868cd41bf5e?s=96&d=mm&r=g\",\"width\":96,\"height\":96,\"caption\":\"El Digital de Asturias\"}},{\"@type\":\"WebPage\",\"@id\":\"https:\\\/\\\/www.eldigitaldeasturias.com\\\/noticias\\\/tiago-sufre-un-esguince-en-la-rodilla-derecha-y-una-fractura-en-la-muneca\\\/#webpage\",\"url\":\"https:\\\/\\\/www.eldigitaldeasturias.com\\\/noticias\\\/tiago-sufre-un-esguince-en-la-rodilla-derecha-y-una-fractura-en-la-muneca\\\/\",\"name\":\"Tiago sufre un esguince en la rodilla derecha y una fractura en la mu\\u00f1eca - El Digital de Asturias\",\"description\":\"Madrid, 9 feb (EFE).- El centrocampista portugu\\u00e9s del Atl\\u00e9tico de Madrid Tiago Mendes, que se retir\\u00f3 lesionado del partido de Liga de ayer s\\u00e1bado ante el Almer\\u00eda, sufre un esguince de grado II en el ligamento lateral interno de su rodilla derecha y una fractura en la mu\\u00f1eca izquierda, confirm\\u00f3 el club tras las pruebas\",\"inLanguage\":\"es-ES\",\"isPartOf\":{\"@id\":\"https:\\\/\\\/www.eldigitaldeasturias.com\\\/noticias\\\/#website\"},\"breadcrumb\":{\"@id\":\"https:\\\/\\\/www.eldigitaldeasturias.com\\\/noticias\\\/tiago-sufre-un-esguince-en-la-rodilla-derecha-y-una-fractura-en-la-muneca\\\/#breadcrumblist\"},\"author\":{\"@id\":\"https:\\\/\\\/www.eldigitaldeasturias.com\\\/noticias\\\/author\\\/admin\\\/#author\"},\"creator\":{\"@id\":\"https:\\\/\\\/www.eldigitaldeasturias.com\\\/noticias\\\/author\\\/admin\\\/#author\"},\"image\":{\"@type\":\"ImageObject\",\"url\":487418,\"@id\":\"https:\\\/\\\/www.eldigitaldeasturias.com\\\/noticias\\\/tiago-sufre-un-esguince-en-la-rodilla-derecha-y-una-fractura-en-la-muneca\\\/#mainImage\"},\"primaryImageOfPage\":{\"@id\":\"https:\\\/\\\/www.eldigitaldeasturias.com\\\/noticias\\\/tiago-sufre-un-esguince-en-la-rodilla-derecha-y-una-fractura-en-la-muneca\\\/#mainImage\"},\"datePublished\":\"2014-02-09T21:41:07+01:00\",\"dateModified\":\"2014-02-09T21:41:07+01:00\"},{\"@type\":\"WebSite\",\"@id\":\"https:\\\/\\\/www.eldigitaldeasturias.com\\\/noticias\\\/#website\",\"url\":\"https:\\\/\\\/www.eldigitaldeasturias.com\\\/noticias\\\/\",\"name\":\"El Digital de Asturias - Diario de actualidad y noticias\",\"alternateName\":\"El Digital de Asturias - Diario de actualidad y noticias\",\"description\":\"Hemeroteca\",\"inLanguage\":\"es-ES\",\"publisher\":{\"@id\":\"https:\\\/\\\/www.eldigitaldeasturias.com\\\/noticias\\\/#organization\"}}]}\n\t\t<\/script>\n\t\t<!-- All in One SEO Pro -->\r\n\t\t<title>Tiago sufre un esguince en la rodilla derecha y una fractura en la mu\u00f1eca - El Digital de Asturias<\/title>\n\n","aioseo_head_json":{"title":"Tiago sufre un esguince en la rodilla derecha y una fractura en la mu\u00f1eca - El Digital de Asturias","description":"Madrid, 9 feb (EFE).- El centrocampista portugu\u00e9s del Atl\u00e9tico de Madrid Tiago Mendes, que se retir\u00f3 lesionado del partido de Liga de ayer s\u00e1bado ante el Almer\u00eda, sufre un esguince de grado II en el ligamento lateral interno de su rodilla derecha y una fractura en la mu\u00f1eca izquierda, confirm\u00f3 el club tras las pruebas","canonical_url":"https:\/\/www.eldigitaldeasturias.com\/noticias\/tiago-sufre-un-esguince-en-la-rodilla-derecha-y-una-fractura-en-la-muneca\/","robots":"max-image-preview:large","keywords":"actualidad","webmasterTools":{"google-site-verification":"UA-38556648-1","msvalidate.01":"7dfe9f3f1b24437ab69f4f2559babe99","miscellaneous":""},"schema":{"@context":"https:\/\/schema.org","@graph":[{"@type":"BlogPosting","@id":"https:\/\/www.eldigitaldeasturias.com\/noticias\/tiago-sufre-un-esguince-en-la-rodilla-derecha-y-una-fractura-en-la-muneca\/#blogposting","name":"Tiago sufre un esguince en la rodilla derecha y una fractura en la mu\u00f1eca - El Digital de Asturias","headline":"Tiago sufre un esguince en la rodilla derecha y una fractura en la mu\u00f1eca","author":{"@id":"https:\/\/www.eldigitaldeasturias.com\/noticias\/author\/admin\/#author"},"publisher":{"@id":"https:\/\/www.eldigitaldeasturias.com\/noticias\/#organization"},"image":{"@type":"ImageObject","url":487418},"datePublished":"2014-02-09T21:41:07+01:00","dateModified":"2014-02-09T21:41:07+01:00","inLanguage":"es-ES","mainEntityOfPage":{"@id":"https:\/\/www.eldigitaldeasturias.com\/noticias\/tiago-sufre-un-esguince-en-la-rodilla-derecha-y-una-fractura-en-la-muneca\/#webpage"},"isPartOf":{"@id":"https:\/\/www.eldigitaldeasturias.com\/noticias\/tiago-sufre-un-esguince-en-la-rodilla-derecha-y-una-fractura-en-la-muneca\/#webpage"},"articleSection":"Actualidad"},{"@type":"BreadcrumbList","@id":"https:\/\/www.eldigitaldeasturias.com\/noticias\/tiago-sufre-un-esguince-en-la-rodilla-derecha-y-una-fractura-en-la-muneca\/#breadcrumblist","itemListElement":[{"@type":"ListItem","@id":"https:\/\/www.eldigitaldeasturias.com\/noticias#listItem","position":1,"name":"Home","item":"https:\/\/www.eldigitaldeasturias.com\/noticias","nextItem":{"@type":"ListItem","@id":"https:\/\/www.eldigitaldeasturias.com\/noticias\/category\/actualidad\/#listItem","name":"Actualidad"}},{"@type":"ListItem","@id":"https:\/\/www.eldigitaldeasturias.com\/noticias\/category\/actualidad\/#listItem","position":2,"name":"Actualidad","item":"https:\/\/www.eldigitaldeasturias.com\/noticias\/category\/actualidad\/","nextItem":{"@type":"ListItem","@id":"https:\/\/www.eldigitaldeasturias.com\/noticias\/tiago-sufre-un-esguince-en-la-rodilla-derecha-y-una-fractura-en-la-muneca\/#listItem","name":"Tiago sufre un esguince en la rodilla derecha y una fractura en la mu\u00f1eca"},"previousItem":{"@type":"ListItem","@id":"https:\/\/www.eldigitaldeasturias.com\/noticias#listItem","name":"Home"}},{"@type":"ListItem","@id":"https:\/\/www.eldigitaldeasturias.com\/noticias\/tiago-sufre-un-esguince-en-la-rodilla-derecha-y-una-fractura-en-la-muneca\/#listItem","position":3,"name":"Tiago sufre un esguince en la rodilla derecha y una fractura en la mu\u00f1eca","previousItem":{"@type":"ListItem","@id":"https:\/\/www.eldigitaldeasturias.com\/noticias\/category\/actualidad\/#listItem","name":"Actualidad"}}]},{"@type":"Organization","@id":"https:\/\/www.eldigitaldeasturias.com\/noticias\/#organization","name":"El Digital de Asturias","description":"Hemeroteca","url":"https:\/\/www.eldigitaldeasturias.com\/noticias\/","email":"info@eldigitaldeasturias.com","telephone":"+34652131393","logo":{"@type":"ImageObject","url":"https:\/\/www.eldigitaldeasturias.com\/noticias\/wp-content\/uploads\/2020\/12\/EDA.jpg","@id":"https:\/\/www.eldigitaldeasturias.com\/noticias\/tiago-sufre-un-esguince-en-la-rodilla-derecha-y-una-fractura-en-la-muneca\/#organizationLogo"},"image":{"@id":"https:\/\/www.eldigitaldeasturias.com\/noticias\/tiago-sufre-un-esguince-en-la-rodilla-derecha-y-una-fractura-en-la-muneca\/#organizationLogo"},"sameAs":["https:\/\/facebook.com\/eldigitaldeasturias","https:\/\/www.youtube.com\/channel\/UCZP-2wLEB9Rv6erhFmqVnvg"],"address":{"@id":"https:\/\/www.eldigitaldeasturias.com\/noticias\/#postaladdress","@type":"PostalAddress","streetAddress":"san antonio 4","postalCode":"33430","addressLocality":"Cand\u00e1s","addressRegion":"Asturias","addressCountry":"ES"}},{"@type":"Person","@id":"https:\/\/www.eldigitaldeasturias.com\/noticias\/author\/admin\/#author","url":"https:\/\/www.eldigitaldeasturias.com\/noticias\/author\/admin\/","name":"El Digital de Asturias","image":{"@type":"ImageObject","@id":"https:\/\/www.eldigitaldeasturias.com\/noticias\/tiago-sufre-un-esguince-en-la-rodilla-derecha-y-una-fractura-en-la-muneca\/#authorImage","url":"https:\/\/secure.gravatar.com\/avatar\/df2aeffc32bcd13f8d26072ef8a91b623d677766deac7f97ca815868cd41bf5e?s=96&d=mm&r=g","width":96,"height":96,"caption":"El Digital de Asturias"}},{"@type":"WebPage","@id":"https:\/\/www.eldigitaldeasturias.com\/noticias\/tiago-sufre-un-esguince-en-la-rodilla-derecha-y-una-fractura-en-la-muneca\/#webpage","url":"https:\/\/www.eldigitaldeasturias.com\/noticias\/tiago-sufre-un-esguince-en-la-rodilla-derecha-y-una-fractura-en-la-muneca\/","name":"Tiago sufre un esguince en la rodilla derecha y una fractura en la mu\u00f1eca - El Digital de Asturias","description":"Madrid, 9 feb (EFE).- El centrocampista portugu\u00e9s del Atl\u00e9tico de Madrid Tiago Mendes, que se retir\u00f3 lesionado del partido de Liga de ayer s\u00e1bado ante el Almer\u00eda, sufre un esguince de grado II en el ligamento lateral interno de su rodilla derecha y una fractura en la mu\u00f1eca izquierda, confirm\u00f3 el club tras las pruebas","inLanguage":"es-ES","isPartOf":{"@id":"https:\/\/www.eldigitaldeasturias.com\/noticias\/#website"},"breadcrumb":{"@id":"https:\/\/www.eldigitaldeasturias.com\/noticias\/tiago-sufre-un-esguince-en-la-rodilla-derecha-y-una-fractura-en-la-muneca\/#breadcrumblist"},"author":{"@id":"https:\/\/www.eldigitaldeasturias.com\/noticias\/author\/admin\/#author"},"creator":{"@id":"https:\/\/www.eldigitaldeasturias.com\/noticias\/author\/admin\/#author"},"image":{"@type":"ImageObject","url":487418,"@id":"https:\/\/www.eldigitaldeasturias.com\/noticias\/tiago-sufre-un-esguince-en-la-rodilla-derecha-y-una-fractura-en-la-muneca\/#mainImage"},"primaryImageOfPage":{"@id":"https:\/\/www.eldigitaldeasturias.com\/noticias\/tiago-sufre-un-esguince-en-la-rodilla-derecha-y-una-fractura-en-la-muneca\/#mainImage"},"datePublished":"2014-02-09T21:41:07+01:00","dateModified":"2014-02-09T21:41:07+01:00"},{"@type":"WebSite","@id":"https:\/\/www.eldigitaldeasturias.com\/noticias\/#website","url":"https:\/\/www.eldigitaldeasturias.com\/noticias\/","name":"El Digital de Asturias - Diario de actualidad y noticias","alternateName":"El Digital de Asturias - Diario de actualidad y noticias","description":"Hemeroteca","inLanguage":"es-ES","publisher":{"@id":"https:\/\/www.eldigitaldeasturias.com\/noticias\/#organization"}}]},"og:locale":"es_ES","og:site_name":"El Digital de Asturias","og:type":"article","og:title":"Tiago sufre un esguince en la rodilla derecha y una fractura en la mu\u00f1eca - El Digital de Asturias","og:description":"Madrid, 9 feb (EFE).- El centrocampista portugu\u00e9s del Atl\u00e9tico de Madrid Tiago Mendes, que se retir\u00f3 lesionado del partido de Liga de ayer s\u00e1bado ante el Almer\u00eda, sufre un esguince de grado II en el ligamento lateral interno de su rodilla derecha y una fractura en la mu\u00f1eca izquierda, confirm\u00f3 el club tras las pruebas","og:url":"https:\/\/www.eldigitaldeasturias.com\/noticias\/tiago-sufre-un-esguince-en-la-rodilla-derecha-y-una-fractura-en-la-muneca\/","article:tag":["actualidad"],"article:published_time":"2014-02-09T22:41:07+00:00","article:modified_time":"2014-02-09T22:41:07+00:00","article:publisher":"https:\/\/facebook.com\/eldigitaldeasturias","twitter:card":"summary_large_image","twitter:title":"Tiago sufre un esguince en la rodilla derecha y una fractura en la mu\u00f1eca - El Digital de Asturias","twitter:description":"Madrid, 9 feb (EFE).- El centrocampista portugu\u00e9s del Atl\u00e9tico de Madrid Tiago Mendes, que se retir\u00f3 lesionado del partido de Liga de ayer s\u00e1bado ante el Almer\u00eda, sufre un esguince de grado II en el ligamento lateral interno de su rodilla derecha y una fractura en la mu\u00f1eca izquierda, confirm\u00f3 el club tras las pruebas","twitter:label1":"Escrito por","twitter:data1":"El Digital de Asturias","twitter:label2":"Tiempo de lectura estimado","twitter:data2":"1 minuto"},"aioseo_meta_data":{"post_id":"487417","title":null,"description":null,"keywords":null,"keyphrases":null,"primary_term":null,"canonical_url":null,"og_title":null,"og_description":null,"og_object_type":"default","og_image_type":"default","og_image_url":null,"og_image_width":null,"og_image_height":null,"og_image_custom_url":null,"og_image_custom_fields":null,"og_video":null,"og_custom_url":null,"og_article_section":null,"og_article_tags":null,"twitter_use_og":true,"twitter_card":"default","twitter_image_type":"default","twitter_image_url":null,"twitter_image_custom_url":null,"twitter_image_custom_fields":null,"twitter_title":null,"twitter_description":null,"schema":{"blockGraphs":[],"customGraphs":[],"default":{"data":{"Article":[],"Course":[],"Dataset":[],"FAQPage":[],"Movie":[],"Person":[],"Product":[],"ProductReview":[],"Car":[],"Recipe":[],"Service":[],"SoftwareApplication":[],"WebPage":[]},"graphName":"","isEnabled":true},"graphs":[],"defaultGraph":"","defaultPostTypeGraph":""},"schema_type":null,"schema_type_options":null,"pillar_content":false,"robots_default":true,"robots_noindex":false,"robots_noarchive":false,"robots_nosnippet":false,"robots_nofollow":false,"robots_noimageindex":false,"robots_noodp":false,"robots_notranslate":false,"robots_max_snippet":null,"robots_max_videopreview":null,"robots_max_imagepreview":"none","priority":null,"frequency":null,"local_seo":null,"seo_analyzer_scan_date":"2026-06-03 04:38:53","breadcrumb_settings":null,"limit_modified_date":false,"open_ai":null,"ai":null,"created":"2020-11-14 22:56:22","updated":"2026-06-03 04:38:53","focus_keyword":null,"additional_keywords":null,"truseo_locale":null},"aioseo_breadcrumb":"<div class=\"aioseo-breadcrumbs\"><span class=\"aioseo-breadcrumb\">\n\t<a href=\"https:\/\/www.eldigitaldeasturias.com\/noticias\" title=\"Home\">Home<\/a>\n<\/span><span class=\"aioseo-breadcrumb-separator\">\u2013<\/span><span class=\"aioseo-breadcrumb\">\n\t<a href=\"https:\/\/www.eldigitaldeasturias.com\/noticias\/category\/actualidad\/\" title=\"Actualidad\">Actualidad<\/a>\n<\/span><span class=\"aioseo-breadcrumb-separator\">\u2013<\/span><span class=\"aioseo-breadcrumb\">\n\t<a href=\"https:\/\/www.eldigitaldeasturias.com\/noticias\/tiago-sufre-un-esguince-en-la-rodilla-derecha-y-una-fractura-en-la-muneca\/\" title=\"Tiago sufre un esguince en la rodilla derecha y una fractura en la mu\u00f1eca\">Tiago sufre un esguince en la rodilla derecha y una fractura en la mu\u00f1eca<\/a>\n<\/span><\/div>","aioseo_breadcrumb_json":[{"label":"Home","link":"https:\/\/www.eldigitaldeasturias.com\/noticias"},{"label":"Actualidad","link":"https:\/\/www.eldigitaldeasturias.com\/noticias\/category\/actualidad\/"},{"label":"Tiago sufre un esguince en la rodilla derecha y una fractura en la mu\u00f1eca","link":"https:\/\/www.eldigitaldeasturias.com\/noticias\/tiago-sufre-un-esguince-en-la-rodilla-derecha-y-una-fractura-en-la-muneca\/"}],"_links":{"self":[{"href":"https:\/\/www.eldigitaldeasturias.com\/noticias\/wp-json\/wp\/v2\/posts\/487417","targetHints":{"allow":["GET"]}}],"collection":[{"href":"https:\/\/www.eldigitaldeasturias.com\/noticias\/wp-json\/wp\/v2\/posts"}],"about":[{"href":"https:\/\/www.eldigitaldeasturias.com\/noticias\/wp-json\/wp\/v2\/types\/post"}],"author":[{"embeddable":true,"href":"https:\/\/www.eldigitaldeasturias.com\/noticias\/wp-json\/wp\/v2\/users\/1"}],"replies":[{"embeddable":true,"href":"https:\/\/www.eldigitaldeasturias.com\/noticias\/wp-json\/wp\/v2\/comments?post=487417"}],"version-history":[{"count":0,"href":"https:\/\/www.eldigitaldeasturias.com\/noticias\/wp-json\/wp\/v2\/posts\/487417\/revisions"}],"wp:attachment":[{"href":"https:\/\/www.eldigitaldeasturias.com\/noticias\/wp-json\/wp\/v2\/media?parent=487417"}],"wp:term":[{"taxonomy":"category","embeddable":true,"href":"https:\/\/www.eldigitaldeasturias.com\/noticias\/wp-json\/wp\/v2\/categories?post=487417"},{"taxonomy":"post_tag","embeddable":true,"href":"https:\/\/www.eldigitaldeasturias.com\/noticias\/wp-json\/wp\/v2\/tags?post=487417"}],"curies":[{"name":"wp","href":"https:\/\/api.w.org\/{rel}","templated":true}]}}