{"id":487414,"date":"2014-02-09T21:40:09","date_gmt":"2014-02-09T22:40:09","guid":{"rendered":"http:\/\/www.eldigitaldeasturias.com\/noticias\/?p=487414"},"modified":"2014-02-09T21:40:09","modified_gmt":"2014-02-09T22:40:09","slug":"detienen-a-un-manifestante-por-el-ataque-a-un-camara-de-tv-que-esta-en-coma","status":"publish","type":"post","link":"https:\/\/www.eldigitaldeasturias.com\/noticias\/detienen-a-un-manifestante-por-el-ataque-a-un-camara-de-tv-que-esta-en-coma\/","title":{"rendered":"Detienen a un manifestante por el ataque a un c\u00e1mara de TV que est\u00e1 en coma"},"content":{"rendered":"<p><img loading=\"lazy\" decoding=\"async\" class=\"alignleft size-medium wp-image-487415\" alt=\"5925428w\" src=\"https:\/\/www.eldigitaldeasturias.com\/noticias\/wp-content\/uploads\/2014\/02\/5925428w-360x270.jpg\" width=\"360\" height=\"270\" \/>Sao Paulo, 9 feb (EFE).- La polic\u00eda detuvo hoy a un manifestante sospechoso de atacar con un artefacto pirot\u00e9cnico a una c\u00e1mara de televisi\u00f3n durante las protestas del pasado jueves en R\u00edo de Janeiro, inform\u00f3 la Polic\u00eda Civil.<\/p>\n<p>El joven, identificado como F\u00e1bio Raposo Barbosa, de 22 a\u00f1os, fue se\u00f1alado ayer por la Polic\u00eda Civil como coautor de los delitos de explosi\u00f3n y tentativa de homicidio cualificado contra el camar\u00f3grafo Santiago Andrade, quien cubr\u00eda las protestas en el centro de R\u00edo de Janeiro cuando fue alcanzado por el artefacto.<\/p>\n<p>Raposo admiti\u00f3 el s\u00e1bado a la cadena de televisi\u00f3n Globo que el sujetaba el artefacto, como se pudo comprobar en im\u00e1genes captadas por la televisi\u00f3n, pero asegur\u00f3 que no fue \u00e9l quien lo lanz\u00f3, sino otra persona.<\/p>\n<p>\u00abNuestro principal objetivo es identificar a la persona que hizo estallar el artefacto que alcanz\u00f3 a Santiago. En las im\u00e1genes, \u00e9l (Raposo) pasa el petardo a quien lo hizo explotar\u00bb, dijo el delegado de la Polic\u00eda Civil durante una rueda de prensa celebrada el s\u00e1bado.<\/p>\n<p>El director del departamento general de la Polic\u00eda Civil de R\u00edo de Janeiro, Jos\u00e9 Pedro Costa, argument\u00f3 que cuando Raposo entreg\u00f3 el artefacto sab\u00eda que iba a ser lanzado y \u00abpor eso est\u00e1 siendo tratado como coautor\u00bb.<\/p>\n<p>Durante la protesta por el aumento del precio del autob\u00fas en R\u00edo de Janeiro, Andrade fue herido de gravedad en la cabeza y trasladado al Hospital Souza Aguiar, donde se encuentra ingresado en coma inducido.<\/p>\n","protected":false},"excerpt":{"rendered":"<p>Sao Paulo, 9 feb (EFE).- La polic\u00eda detuvo hoy a un manifestante sospechoso de atacar con un artefacto pirot\u00e9cnico a una c\u00e1mara de televisi\u00f3n durante las protestas del pasado jueves en R\u00edo de Janeiro, inform\u00f3 la Polic\u00eda Civil. El joven, identificado como F\u00e1bio Raposo Barbosa, de 22 a\u00f1os, fue se\u00f1alado ayer por la Polic\u00eda Civil [&hellip;]<\/p>\n","protected":false},"author":1,"featured_media":487415,"comment_status":"open","ping_status":"open","sticky":false,"template":"","format":"standard","meta":{"footnotes":""},"categories":[1],"tags":[],"class_list":["post-487414","post","type-post","status-publish","format-standard","has-post-thumbnail","hentry","category-actualidad"],"aioseo_notices":[],"aioseo_head":"\n\t\t<!-- All in One SEO Pro 5.0.1 - aioseo.com -->\n\t<meta name=\"description\" content=\"Sao Paulo, 9 feb (EFE).- La polic\u00eda detuvo hoy a un manifestante sospechoso de atacar con un artefacto pirot\u00e9cnico a una c\u00e1mara de televisi\u00f3n durante las protestas del pasado jueves en R\u00edo de Janeiro, inform\u00f3 la Polic\u00eda Civil. El joven, identificado como F\u00e1bio Raposo Barbosa, de 22 a\u00f1os, fue se\u00f1alado ayer por la Polic\u00eda Civil\" \/>\n\t<meta name=\"robots\" content=\"max-image-preview:large\" \/>\n\t<meta name=\"author\" content=\"El Digital de Asturias\"\/>\n\t<meta name=\"google-site-verification\" content=\"UA-38556648-1\" \/>\n\t<meta name=\"msvalidate.01\" content=\"7dfe9f3f1b24437ab69f4f2559babe99\" \/>\n\t<meta name=\"keywords\" content=\"actualidad\" \/>\n\t<link rel=\"canonical\" href=\"https:\/\/www.eldigitaldeasturias.com\/noticias\/detienen-a-un-manifestante-por-el-ataque-a-un-camara-de-tv-que-esta-en-coma\/\" \/>\n\t<meta name=\"generator\" content=\"All in One SEO Pro (AIOSEO) 5.0.1\" \/>\n\t\t<meta property=\"og:locale\" content=\"es_ES\" \/>\n\t\t<meta property=\"og:site_name\" content=\"El Digital de Asturias\" \/>\n\t\t<meta property=\"og:type\" content=\"article\" \/>\n\t\t<meta property=\"og:title\" content=\"Detienen a un manifestante por el ataque a un c\u00e1mara de TV que est\u00e1 en coma - El Digital de Asturias\" \/>\n\t\t<meta property=\"og:description\" content=\"Sao Paulo, 9 feb (EFE).- La polic\u00eda detuvo hoy a un manifestante sospechoso de atacar con un artefacto pirot\u00e9cnico a una c\u00e1mara de televisi\u00f3n durante las protestas del pasado jueves en R\u00edo de Janeiro, inform\u00f3 la Polic\u00eda Civil. El joven, identificado como F\u00e1bio Raposo Barbosa, de 22 a\u00f1os, fue se\u00f1alado ayer por la Polic\u00eda Civil\" \/>\n\t\t<meta property=\"og:url\" content=\"https:\/\/www.eldigitaldeasturias.com\/noticias\/detienen-a-un-manifestante-por-el-ataque-a-un-camara-de-tv-que-esta-en-coma\/\" \/>\n\t\t<meta property=\"article:tag\" content=\"actualidad\" \/>\n\t\t<meta property=\"article:published_time\" content=\"2014-02-09T22:40:09+00:00\" \/>\n\t\t<meta property=\"article:modified_time\" content=\"2014-02-09T22:40:09+00:00\" \/>\n\t\t<meta property=\"article:publisher\" content=\"https:\/\/facebook.com\/eldigitaldeasturias\" \/>\n\t\t<meta name=\"twitter:card\" content=\"summary_large_image\" \/>\n\t\t<meta name=\"twitter:title\" content=\"Detienen a un manifestante por el ataque a un c\u00e1mara de TV que est\u00e1 en coma - El Digital de Asturias\" \/>\n\t\t<meta name=\"twitter:description\" content=\"Sao Paulo, 9 feb (EFE).- La polic\u00eda detuvo hoy a un manifestante sospechoso de atacar con un artefacto pirot\u00e9cnico a una c\u00e1mara de televisi\u00f3n durante las protestas del pasado jueves en R\u00edo de Janeiro, inform\u00f3 la Polic\u00eda Civil. El joven, identificado como F\u00e1bio Raposo Barbosa, de 22 a\u00f1os, fue se\u00f1alado ayer por la Polic\u00eda Civil\" \/>\n\t\t<meta name=\"twitter:label1\" content=\"Escrito por\" \/>\n\t\t<meta name=\"twitter:data1\" content=\"El Digital de Asturias\" \/>\n\t\t<meta name=\"twitter:label2\" content=\"Tiempo de lectura estimado\" \/>\n\t\t<meta name=\"twitter:data2\" content=\"1 minuto\" \/>\n\t\t<script type=\"application\/ld+json\" class=\"aioseo-schema\">\n\t\t\t{\"@context\":\"https:\\\/\\\/schema.org\",\"@graph\":[{\"@type\":\"BlogPosting\",\"@id\":\"https:\\\/\\\/www.eldigitaldeasturias.com\\\/noticias\\\/detienen-a-un-manifestante-por-el-ataque-a-un-camara-de-tv-que-esta-en-coma\\\/#blogposting\",\"name\":\"Detienen a un manifestante por el ataque a un c\\u00e1mara de TV que est\\u00e1 en coma - El Digital de Asturias\",\"headline\":\"Detienen a un manifestante por el ataque a un c\\u00e1mara de TV que est\\u00e1 en coma\",\"author\":{\"@id\":\"https:\\\/\\\/www.eldigitaldeasturias.com\\\/noticias\\\/author\\\/admin\\\/#author\"},\"publisher\":{\"@id\":\"https:\\\/\\\/www.eldigitaldeasturias.com\\\/noticias\\\/#organization\"},\"image\":{\"@type\":\"ImageObject\",\"url\":487415},\"datePublished\":\"2014-02-09T21:40:09+01:00\",\"dateModified\":\"2014-02-09T21:40:09+01:00\",\"inLanguage\":\"es-ES\",\"mainEntityOfPage\":{\"@id\":\"https:\\\/\\\/www.eldigitaldeasturias.com\\\/noticias\\\/detienen-a-un-manifestante-por-el-ataque-a-un-camara-de-tv-que-esta-en-coma\\\/#webpage\"},\"isPartOf\":{\"@id\":\"https:\\\/\\\/www.eldigitaldeasturias.com\\\/noticias\\\/detienen-a-un-manifestante-por-el-ataque-a-un-camara-de-tv-que-esta-en-coma\\\/#webpage\"},\"articleSection\":\"Actualidad\"},{\"@type\":\"BreadcrumbList\",\"@id\":\"https:\\\/\\\/www.eldigitaldeasturias.com\\\/noticias\\\/detienen-a-un-manifestante-por-el-ataque-a-un-camara-de-tv-que-esta-en-coma\\\/#breadcrumblist\",\"itemListElement\":[{\"@type\":\"ListItem\",\"@id\":\"https:\\\/\\\/www.eldigitaldeasturias.com\\\/noticias#listItem\",\"position\":1,\"name\":\"Home\",\"item\":\"https:\\\/\\\/www.eldigitaldeasturias.com\\\/noticias\",\"nextItem\":{\"@type\":\"ListItem\",\"@id\":\"https:\\\/\\\/www.eldigitaldeasturias.com\\\/noticias\\\/category\\\/actualidad\\\/#listItem\",\"name\":\"Actualidad\"}},{\"@type\":\"ListItem\",\"@id\":\"https:\\\/\\\/www.eldigitaldeasturias.com\\\/noticias\\\/category\\\/actualidad\\\/#listItem\",\"position\":2,\"name\":\"Actualidad\",\"item\":\"https:\\\/\\\/www.eldigitaldeasturias.com\\\/noticias\\\/category\\\/actualidad\\\/\",\"nextItem\":{\"@type\":\"ListItem\",\"@id\":\"https:\\\/\\\/www.eldigitaldeasturias.com\\\/noticias\\\/detienen-a-un-manifestante-por-el-ataque-a-un-camara-de-tv-que-esta-en-coma\\\/#listItem\",\"name\":\"Detienen a un manifestante por el ataque a un c\\u00e1mara de TV que est\\u00e1 en coma\"},\"previousItem\":{\"@type\":\"ListItem\",\"@id\":\"https:\\\/\\\/www.eldigitaldeasturias.com\\\/noticias#listItem\",\"name\":\"Home\"}},{\"@type\":\"ListItem\",\"@id\":\"https:\\\/\\\/www.eldigitaldeasturias.com\\\/noticias\\\/detienen-a-un-manifestante-por-el-ataque-a-un-camara-de-tv-que-esta-en-coma\\\/#listItem\",\"position\":3,\"name\":\"Detienen a un manifestante por el ataque a un c\\u00e1mara de TV que est\\u00e1 en coma\",\"previousItem\":{\"@type\":\"ListItem\",\"@id\":\"https:\\\/\\\/www.eldigitaldeasturias.com\\\/noticias\\\/category\\\/actualidad\\\/#listItem\",\"name\":\"Actualidad\"}}]},{\"@type\":\"Organization\",\"@id\":\"https:\\\/\\\/www.eldigitaldeasturias.com\\\/noticias\\\/#organization\",\"name\":\"El Digital de Asturias\",\"description\":\"Hemeroteca\",\"url\":\"https:\\\/\\\/www.eldigitaldeasturias.com\\\/noticias\\\/\",\"email\":\"info@eldigitaldeasturias.com\",\"telephone\":\"+34652131393\",\"logo\":{\"@type\":\"ImageObject\",\"url\":\"https:\\\/\\\/www.eldigitaldeasturias.com\\\/noticias\\\/wp-content\\\/uploads\\\/2020\\\/12\\\/EDA.jpg\",\"@id\":\"https:\\\/\\\/www.eldigitaldeasturias.com\\\/noticias\\\/detienen-a-un-manifestante-por-el-ataque-a-un-camara-de-tv-que-esta-en-coma\\\/#organizationLogo\"},\"image\":{\"@id\":\"https:\\\/\\\/www.eldigitaldeasturias.com\\\/noticias\\\/detienen-a-un-manifestante-por-el-ataque-a-un-camara-de-tv-que-esta-en-coma\\\/#organizationLogo\"},\"sameAs\":[\"https:\\\/\\\/facebook.com\\\/eldigitaldeasturias\",\"https:\\\/\\\/www.youtube.com\\\/channel\\\/UCZP-2wLEB9Rv6erhFmqVnvg\"],\"address\":{\"@id\":\"https:\\\/\\\/www.eldigitaldeasturias.com\\\/noticias\\\/#postaladdress\",\"@type\":\"PostalAddress\",\"streetAddress\":\"san antonio 4\",\"postalCode\":\"33430\",\"addressLocality\":\"Cand\\u00e1s\",\"addressRegion\":\"Asturias\",\"addressCountry\":\"ES\"}},{\"@type\":\"Person\",\"@id\":\"https:\\\/\\\/www.eldigitaldeasturias.com\\\/noticias\\\/author\\\/admin\\\/#author\",\"url\":\"https:\\\/\\\/www.eldigitaldeasturias.com\\\/noticias\\\/author\\\/admin\\\/\",\"name\":\"El Digital de Asturias\",\"image\":{\"@type\":\"ImageObject\",\"@id\":\"https:\\\/\\\/www.eldigitaldeasturias.com\\\/noticias\\\/detienen-a-un-manifestante-por-el-ataque-a-un-camara-de-tv-que-esta-en-coma\\\/#authorImage\",\"url\":\"https:\\\/\\\/secure.gravatar.com\\\/avatar\\\/df2aeffc32bcd13f8d26072ef8a91b623d677766deac7f97ca815868cd41bf5e?s=96&d=mm&r=g\",\"width\":96,\"height\":96,\"caption\":\"El Digital de Asturias\"}},{\"@type\":\"WebPage\",\"@id\":\"https:\\\/\\\/www.eldigitaldeasturias.com\\\/noticias\\\/detienen-a-un-manifestante-por-el-ataque-a-un-camara-de-tv-que-esta-en-coma\\\/#webpage\",\"url\":\"https:\\\/\\\/www.eldigitaldeasturias.com\\\/noticias\\\/detienen-a-un-manifestante-por-el-ataque-a-un-camara-de-tv-que-esta-en-coma\\\/\",\"name\":\"Detienen a un manifestante por el ataque a un c\\u00e1mara de TV que est\\u00e1 en coma - El Digital de Asturias\",\"description\":\"Sao Paulo, 9 feb (EFE).- La polic\\u00eda detuvo hoy a un manifestante sospechoso de atacar con un artefacto pirot\\u00e9cnico a una c\\u00e1mara de televisi\\u00f3n durante las protestas del pasado jueves en R\\u00edo de Janeiro, inform\\u00f3 la Polic\\u00eda Civil. El joven, identificado como F\\u00e1bio Raposo Barbosa, de 22 a\\u00f1os, fue se\\u00f1alado ayer por la Polic\\u00eda Civil\",\"inLanguage\":\"es-ES\",\"isPartOf\":{\"@id\":\"https:\\\/\\\/www.eldigitaldeasturias.com\\\/noticias\\\/#website\"},\"breadcrumb\":{\"@id\":\"https:\\\/\\\/www.eldigitaldeasturias.com\\\/noticias\\\/detienen-a-un-manifestante-por-el-ataque-a-un-camara-de-tv-que-esta-en-coma\\\/#breadcrumblist\"},\"author\":{\"@id\":\"https:\\\/\\\/www.eldigitaldeasturias.com\\\/noticias\\\/author\\\/admin\\\/#author\"},\"creator\":{\"@id\":\"https:\\\/\\\/www.eldigitaldeasturias.com\\\/noticias\\\/author\\\/admin\\\/#author\"},\"image\":{\"@type\":\"ImageObject\",\"url\":487415,\"@id\":\"https:\\\/\\\/www.eldigitaldeasturias.com\\\/noticias\\\/detienen-a-un-manifestante-por-el-ataque-a-un-camara-de-tv-que-esta-en-coma\\\/#mainImage\"},\"primaryImageOfPage\":{\"@id\":\"https:\\\/\\\/www.eldigitaldeasturias.com\\\/noticias\\\/detienen-a-un-manifestante-por-el-ataque-a-un-camara-de-tv-que-esta-en-coma\\\/#mainImage\"},\"datePublished\":\"2014-02-09T21:40:09+01:00\",\"dateModified\":\"2014-02-09T21:40:09+01:00\"},{\"@type\":\"WebSite\",\"@id\":\"https:\\\/\\\/www.eldigitaldeasturias.com\\\/noticias\\\/#website\",\"url\":\"https:\\\/\\\/www.eldigitaldeasturias.com\\\/noticias\\\/\",\"name\":\"El Digital de Asturias - Diario de actualidad y noticias\",\"alternateName\":\"El Digital de Asturias - Diario de actualidad y noticias\",\"description\":\"Hemeroteca\",\"inLanguage\":\"es-ES\",\"publisher\":{\"@id\":\"https:\\\/\\\/www.eldigitaldeasturias.com\\\/noticias\\\/#organization\"}}]}\n\t\t<\/script>\n\t\t<!-- All in One SEO Pro -->\r\n\t\t<title>Detienen a un manifestante por el ataque a un c\u00e1mara de TV que est\u00e1 en coma - El Digital de Asturias<\/title>\n\n","aioseo_head_json":{"title":"Detienen a un manifestante por el ataque a un c\u00e1mara de TV que est\u00e1 en coma - El Digital de Asturias","description":"Sao Paulo, 9 feb (EFE).- La polic\u00eda detuvo hoy a un manifestante sospechoso de atacar con un artefacto pirot\u00e9cnico a una c\u00e1mara de televisi\u00f3n durante las protestas del pasado jueves en R\u00edo de Janeiro, inform\u00f3 la Polic\u00eda Civil. El joven, identificado como F\u00e1bio Raposo Barbosa, de 22 a\u00f1os, fue se\u00f1alado ayer por la Polic\u00eda Civil","canonical_url":"https:\/\/www.eldigitaldeasturias.com\/noticias\/detienen-a-un-manifestante-por-el-ataque-a-un-camara-de-tv-que-esta-en-coma\/","robots":"max-image-preview:large","keywords":"actualidad","webmasterTools":{"google-site-verification":"UA-38556648-1","msvalidate.01":"7dfe9f3f1b24437ab69f4f2559babe99","miscellaneous":""},"schema":{"@context":"https:\/\/schema.org","@graph":[{"@type":"BlogPosting","@id":"https:\/\/www.eldigitaldeasturias.com\/noticias\/detienen-a-un-manifestante-por-el-ataque-a-un-camara-de-tv-que-esta-en-coma\/#blogposting","name":"Detienen a un manifestante por el ataque a un c\u00e1mara de TV que est\u00e1 en coma - El Digital de Asturias","headline":"Detienen a un manifestante por el ataque a un c\u00e1mara de TV que est\u00e1 en coma","author":{"@id":"https:\/\/www.eldigitaldeasturias.com\/noticias\/author\/admin\/#author"},"publisher":{"@id":"https:\/\/www.eldigitaldeasturias.com\/noticias\/#organization"},"image":{"@type":"ImageObject","url":487415},"datePublished":"2014-02-09T21:40:09+01:00","dateModified":"2014-02-09T21:40:09+01:00","inLanguage":"es-ES","mainEntityOfPage":{"@id":"https:\/\/www.eldigitaldeasturias.com\/noticias\/detienen-a-un-manifestante-por-el-ataque-a-un-camara-de-tv-que-esta-en-coma\/#webpage"},"isPartOf":{"@id":"https:\/\/www.eldigitaldeasturias.com\/noticias\/detienen-a-un-manifestante-por-el-ataque-a-un-camara-de-tv-que-esta-en-coma\/#webpage"},"articleSection":"Actualidad"},{"@type":"BreadcrumbList","@id":"https:\/\/www.eldigitaldeasturias.com\/noticias\/detienen-a-un-manifestante-por-el-ataque-a-un-camara-de-tv-que-esta-en-coma\/#breadcrumblist","itemListElement":[{"@type":"ListItem","@id":"https:\/\/www.eldigitaldeasturias.com\/noticias#listItem","position":1,"name":"Home","item":"https:\/\/www.eldigitaldeasturias.com\/noticias","nextItem":{"@type":"ListItem","@id":"https:\/\/www.eldigitaldeasturias.com\/noticias\/category\/actualidad\/#listItem","name":"Actualidad"}},{"@type":"ListItem","@id":"https:\/\/www.eldigitaldeasturias.com\/noticias\/category\/actualidad\/#listItem","position":2,"name":"Actualidad","item":"https:\/\/www.eldigitaldeasturias.com\/noticias\/category\/actualidad\/","nextItem":{"@type":"ListItem","@id":"https:\/\/www.eldigitaldeasturias.com\/noticias\/detienen-a-un-manifestante-por-el-ataque-a-un-camara-de-tv-que-esta-en-coma\/#listItem","name":"Detienen a un manifestante por el ataque a un c\u00e1mara de TV que est\u00e1 en coma"},"previousItem":{"@type":"ListItem","@id":"https:\/\/www.eldigitaldeasturias.com\/noticias#listItem","name":"Home"}},{"@type":"ListItem","@id":"https:\/\/www.eldigitaldeasturias.com\/noticias\/detienen-a-un-manifestante-por-el-ataque-a-un-camara-de-tv-que-esta-en-coma\/#listItem","position":3,"name":"Detienen a un manifestante por el ataque a un c\u00e1mara de TV que est\u00e1 en coma","previousItem":{"@type":"ListItem","@id":"https:\/\/www.eldigitaldeasturias.com\/noticias\/category\/actualidad\/#listItem","name":"Actualidad"}}]},{"@type":"Organization","@id":"https:\/\/www.eldigitaldeasturias.com\/noticias\/#organization","name":"El Digital de Asturias","description":"Hemeroteca","url":"https:\/\/www.eldigitaldeasturias.com\/noticias\/","email":"info@eldigitaldeasturias.com","telephone":"+34652131393","logo":{"@type":"ImageObject","url":"https:\/\/www.eldigitaldeasturias.com\/noticias\/wp-content\/uploads\/2020\/12\/EDA.jpg","@id":"https:\/\/www.eldigitaldeasturias.com\/noticias\/detienen-a-un-manifestante-por-el-ataque-a-un-camara-de-tv-que-esta-en-coma\/#organizationLogo"},"image":{"@id":"https:\/\/www.eldigitaldeasturias.com\/noticias\/detienen-a-un-manifestante-por-el-ataque-a-un-camara-de-tv-que-esta-en-coma\/#organizationLogo"},"sameAs":["https:\/\/facebook.com\/eldigitaldeasturias","https:\/\/www.youtube.com\/channel\/UCZP-2wLEB9Rv6erhFmqVnvg"],"address":{"@id":"https:\/\/www.eldigitaldeasturias.com\/noticias\/#postaladdress","@type":"PostalAddress","streetAddress":"san antonio 4","postalCode":"33430","addressLocality":"Cand\u00e1s","addressRegion":"Asturias","addressCountry":"ES"}},{"@type":"Person","@id":"https:\/\/www.eldigitaldeasturias.com\/noticias\/author\/admin\/#author","url":"https:\/\/www.eldigitaldeasturias.com\/noticias\/author\/admin\/","name":"El Digital de Asturias","image":{"@type":"ImageObject","@id":"https:\/\/www.eldigitaldeasturias.com\/noticias\/detienen-a-un-manifestante-por-el-ataque-a-un-camara-de-tv-que-esta-en-coma\/#authorImage","url":"https:\/\/secure.gravatar.com\/avatar\/df2aeffc32bcd13f8d26072ef8a91b623d677766deac7f97ca815868cd41bf5e?s=96&d=mm&r=g","width":96,"height":96,"caption":"El Digital de Asturias"}},{"@type":"WebPage","@id":"https:\/\/www.eldigitaldeasturias.com\/noticias\/detienen-a-un-manifestante-por-el-ataque-a-un-camara-de-tv-que-esta-en-coma\/#webpage","url":"https:\/\/www.eldigitaldeasturias.com\/noticias\/detienen-a-un-manifestante-por-el-ataque-a-un-camara-de-tv-que-esta-en-coma\/","name":"Detienen a un manifestante por el ataque a un c\u00e1mara de TV que est\u00e1 en coma - El Digital de Asturias","description":"Sao Paulo, 9 feb (EFE).- La polic\u00eda detuvo hoy a un manifestante sospechoso de atacar con un artefacto pirot\u00e9cnico a una c\u00e1mara de televisi\u00f3n durante las protestas del pasado jueves en R\u00edo de Janeiro, inform\u00f3 la Polic\u00eda Civil. El joven, identificado como F\u00e1bio Raposo Barbosa, de 22 a\u00f1os, fue se\u00f1alado ayer por la Polic\u00eda Civil","inLanguage":"es-ES","isPartOf":{"@id":"https:\/\/www.eldigitaldeasturias.com\/noticias\/#website"},"breadcrumb":{"@id":"https:\/\/www.eldigitaldeasturias.com\/noticias\/detienen-a-un-manifestante-por-el-ataque-a-un-camara-de-tv-que-esta-en-coma\/#breadcrumblist"},"author":{"@id":"https:\/\/www.eldigitaldeasturias.com\/noticias\/author\/admin\/#author"},"creator":{"@id":"https:\/\/www.eldigitaldeasturias.com\/noticias\/author\/admin\/#author"},"image":{"@type":"ImageObject","url":487415,"@id":"https:\/\/www.eldigitaldeasturias.com\/noticias\/detienen-a-un-manifestante-por-el-ataque-a-un-camara-de-tv-que-esta-en-coma\/#mainImage"},"primaryImageOfPage":{"@id":"https:\/\/www.eldigitaldeasturias.com\/noticias\/detienen-a-un-manifestante-por-el-ataque-a-un-camara-de-tv-que-esta-en-coma\/#mainImage"},"datePublished":"2014-02-09T21:40:09+01:00","dateModified":"2014-02-09T21:40:09+01:00"},{"@type":"WebSite","@id":"https:\/\/www.eldigitaldeasturias.com\/noticias\/#website","url":"https:\/\/www.eldigitaldeasturias.com\/noticias\/","name":"El Digital de Asturias - Diario de actualidad y noticias","alternateName":"El Digital de Asturias - Diario de actualidad y noticias","description":"Hemeroteca","inLanguage":"es-ES","publisher":{"@id":"https:\/\/www.eldigitaldeasturias.com\/noticias\/#organization"}}]},"og:locale":"es_ES","og:site_name":"El Digital de Asturias","og:type":"article","og:title":"Detienen a un manifestante por el ataque a un c\u00e1mara de TV que est\u00e1 en coma - El Digital de Asturias","og:description":"Sao Paulo, 9 feb (EFE).- La polic\u00eda detuvo hoy a un manifestante sospechoso de atacar con un artefacto pirot\u00e9cnico a una c\u00e1mara de televisi\u00f3n durante las protestas del pasado jueves en R\u00edo de Janeiro, inform\u00f3 la Polic\u00eda Civil. El joven, identificado como F\u00e1bio Raposo Barbosa, de 22 a\u00f1os, fue se\u00f1alado ayer por la Polic\u00eda Civil","og:url":"https:\/\/www.eldigitaldeasturias.com\/noticias\/detienen-a-un-manifestante-por-el-ataque-a-un-camara-de-tv-que-esta-en-coma\/","article:tag":["actualidad"],"article:published_time":"2014-02-09T22:40:09+00:00","article:modified_time":"2014-02-09T22:40:09+00:00","article:publisher":"https:\/\/facebook.com\/eldigitaldeasturias","twitter:card":"summary_large_image","twitter:title":"Detienen a un manifestante por el ataque a un c\u00e1mara de TV que est\u00e1 en coma - El Digital de Asturias","twitter:description":"Sao Paulo, 9 feb (EFE).- La polic\u00eda detuvo hoy a un manifestante sospechoso de atacar con un artefacto pirot\u00e9cnico a una c\u00e1mara de televisi\u00f3n durante las protestas del pasado jueves en R\u00edo de Janeiro, inform\u00f3 la Polic\u00eda Civil. El joven, identificado como F\u00e1bio Raposo Barbosa, de 22 a\u00f1os, fue se\u00f1alado ayer por la Polic\u00eda Civil","twitter:label1":"Escrito por","twitter:data1":"El Digital de Asturias","twitter:label2":"Tiempo de lectura estimado","twitter:data2":"1 minuto"},"aioseo_meta_data":{"post_id":"487414","title":null,"description":null,"keywords":null,"keyphrases":null,"primary_term":null,"canonical_url":null,"og_title":null,"og_description":null,"og_object_type":"default","og_image_type":"default","og_image_url":null,"og_image_width":null,"og_image_height":null,"og_image_custom_url":null,"og_image_custom_fields":null,"og_video":null,"og_custom_url":null,"og_article_section":null,"og_article_tags":null,"twitter_use_og":true,"twitter_card":"default","twitter_image_type":"default","twitter_image_url":null,"twitter_image_custom_url":null,"twitter_image_custom_fields":null,"twitter_title":null,"twitter_description":null,"schema":{"blockGraphs":[],"customGraphs":[],"default":{"data":{"Article":[],"Course":[],"Dataset":[],"FAQPage":[],"Movie":[],"Person":[],"Product":[],"ProductReview":[],"Car":[],"Recipe":[],"Service":[],"SoftwareApplication":[],"WebPage":[]},"graphName":"","isEnabled":true},"graphs":[],"defaultGraph":"","defaultPostTypeGraph":""},"schema_type":null,"schema_type_options":null,"pillar_content":false,"robots_default":true,"robots_noindex":false,"robots_noarchive":false,"robots_nosnippet":false,"robots_nofollow":false,"robots_noimageindex":false,"robots_noodp":false,"robots_notranslate":false,"robots_max_snippet":null,"robots_max_videopreview":null,"robots_max_imagepreview":"none","priority":null,"frequency":null,"local_seo":null,"seo_analyzer_scan_date":"2026-06-03 04:38:52","breadcrumb_settings":null,"limit_modified_date":false,"open_ai":null,"ai":null,"created":"2020-11-14 22:56:22","updated":"2026-06-03 04:38:52","focus_keyword":null,"additional_keywords":null,"truseo_locale":null},"aioseo_breadcrumb":"<div class=\"aioseo-breadcrumbs\"><span class=\"aioseo-breadcrumb\">\n\t<a href=\"https:\/\/www.eldigitaldeasturias.com\/noticias\" title=\"Home\">Home<\/a>\n<\/span><span class=\"aioseo-breadcrumb-separator\">\u2013<\/span><span class=\"aioseo-breadcrumb\">\n\t<a href=\"https:\/\/www.eldigitaldeasturias.com\/noticias\/category\/actualidad\/\" title=\"Actualidad\">Actualidad<\/a>\n<\/span><span class=\"aioseo-breadcrumb-separator\">\u2013<\/span><span class=\"aioseo-breadcrumb\">\n\t<a href=\"https:\/\/www.eldigitaldeasturias.com\/noticias\/detienen-a-un-manifestante-por-el-ataque-a-un-camara-de-tv-que-esta-en-coma\/\" title=\"Detienen a un manifestante por el ataque a un c\u00e1mara de TV que est\u00e1 en coma\">Detienen a un manifestante por el ataque a un c\u00e1mara de TV que est\u00e1 en coma<\/a>\n<\/span><\/div>","aioseo_breadcrumb_json":[{"label":"Home","link":"https:\/\/www.eldigitaldeasturias.com\/noticias"},{"label":"Actualidad","link":"https:\/\/www.eldigitaldeasturias.com\/noticias\/category\/actualidad\/"},{"label":"Detienen a un manifestante por el ataque a un c\u00e1mara de TV que est\u00e1 en coma","link":"https:\/\/www.eldigitaldeasturias.com\/noticias\/detienen-a-un-manifestante-por-el-ataque-a-un-camara-de-tv-que-esta-en-coma\/"}],"_links":{"self":[{"href":"https:\/\/www.eldigitaldeasturias.com\/noticias\/wp-json\/wp\/v2\/posts\/487414","targetHints":{"allow":["GET"]}}],"collection":[{"href":"https:\/\/www.eldigitaldeasturias.com\/noticias\/wp-json\/wp\/v2\/posts"}],"about":[{"href":"https:\/\/www.eldigitaldeasturias.com\/noticias\/wp-json\/wp\/v2\/types\/post"}],"author":[{"embeddable":true,"href":"https:\/\/www.eldigitaldeasturias.com\/noticias\/wp-json\/wp\/v2\/users\/1"}],"replies":[{"embeddable":true,"href":"https:\/\/www.eldigitaldeasturias.com\/noticias\/wp-json\/wp\/v2\/comments?post=487414"}],"version-history":[{"count":0,"href":"https:\/\/www.eldigitaldeasturias.com\/noticias\/wp-json\/wp\/v2\/posts\/487414\/revisions"}],"wp:attachment":[{"href":"https:\/\/www.eldigitaldeasturias.com\/noticias\/wp-json\/wp\/v2\/media?parent=487414"}],"wp:term":[{"taxonomy":"category","embeddable":true,"href":"https:\/\/www.eldigitaldeasturias.com\/noticias\/wp-json\/wp\/v2\/categories?post=487414"},{"taxonomy":"post_tag","embeddable":true,"href":"https:\/\/www.eldigitaldeasturias.com\/noticias\/wp-json\/wp\/v2\/tags?post=487414"}],"curies":[{"name":"wp","href":"https:\/\/api.w.org\/{rel}","templated":true}]}}