{"id":487389,"date":"2014-02-09T21:16:49","date_gmt":"2014-02-09T22:16:49","guid":{"rendered":"http:\/\/www.eldigitaldeasturias.com\/noticias\/?p=487389"},"modified":"2014-02-09T21:16:49","modified_gmt":"2014-02-09T22:16:49","slug":"crece-la-resistencia-a-las-presiones-de-erdogan-contra-internet-y-la-prensa","status":"publish","type":"post","link":"https:\/\/www.eldigitaldeasturias.com\/noticias\/crece-la-resistencia-a-las-presiones-de-erdogan-contra-internet-y-la-prensa\/","title":{"rendered":"Crece la resistencia a las presiones de Erdogan contra Internet y la prensa"},"content":{"rendered":"<p><img loading=\"lazy\" decoding=\"async\" class=\"alignleft size-medium wp-image-487390\" alt=\"5925489wturquia\" src=\"https:\/\/www.eldigitaldeasturias.com\/noticias\/wp-content\/uploads\/2014\/02\/5925489w-360x231.jpg\" width=\"360\" height=\"231\" \/>Ankara, 9 feb (EFE).- El Gobierno islamista de Recep Tayyip Erdogan no solo trata de limitar las libertades en Internet sino que aumenta cada vez m\u00e1s su presi\u00f3n sobre la prensa cr\u00edtica en Turqu\u00eda, mientras que la resistencia crece, no solo en las calles sino tambi\u00e9n entre abogados y empresarios.<\/p>\n<p>Miles de personas se enfrentaron anoche a la polic\u00eda en Estambul en una manifestaci\u00f3n contra los controles en Internet, mientras que los abogados y empresarios turcos tampoco aceptan lo que califican como \u00abcensura\u00bb y \u00ablimitaci\u00f3n de derechos\u00bb.<\/p>\n<p>La uni\u00f3n de colegios de abogados de Turqu\u00eda envi\u00f3 hoy una carta al presidente turco, Abdullah G\u00fcl, para exigir que vete la pol\u00e9mica ley, adoptada por el Parlamento el pasado mi\u00e9rcoles.<\/p>\n<p>La nueva ley \u00abvulnera la libertad de expresi\u00f3n\u00bb, \u00ablimita las libertades y los derechos individuales\u00bb y supone \u00abuna censura\u00bb, se\u00f1alan los abogados turcos en su misiva.<\/p>\n<p>En tono similar se expres\u00f3 ya el viernes pasado la patronal turca T\u00dcSIAD y advirti\u00f3 que la ley tendr\u00e1 consecuencias negativas para el desarrollo econ\u00f3mico del sector relacionado con Internet en Turqu\u00eda, que se encuentra en plena expansi\u00f3n.<\/p>\n<p>Pero el Gobierno islamista no solo se enfrenta a los empresarios y usuarios de Internet sino tambi\u00e9n a los propios periodistas, que usan la red de redes para difundir sus noticias y opiniones.<\/p>\n<p>Mientras que se preparaba y adoptaba la ley de Internet, un reportero azerbaiyano, que llevaba cuatro a\u00f1os trabajando en Turqu\u00eda, fue deportado a su pa\u00eds de origen por su actividad en las redes sociales.<\/p>\n<p>Tras su expulsi\u00f3n el martes, Mahir Zeynalov, redactor del diario \u00abToday&#8217;s Zaman\u00bb, tiene ahora prohibido volver a Turqu\u00eda por considerarse su presencia como \u00abnociva para la seguridad p\u00fablica y las condiciones pol\u00edticas y administrativas\u00bb.<\/p>\n<p>El Ministerio de Interior turco dijo que el periodista envi\u00f3 mensajes en Twitter \u00abcontra altos cargos del Gobierno\u00bb.<\/p>\n<p>Sus defensores dicen que solo difundi\u00f3 enlaces a informaciones relacionadas con el esc\u00e1ndalo de corrupci\u00f3n que desde diciembre sacude el Ejecutivo y ya ha forzado la dimisi\u00f3n de cuatro ministros.<\/p>\n<p>La expulsi\u00f3n de Zeynalov, casado con una mujer turca, es s\u00f3lo un paso m\u00e1s en lo que muchos periodistas turcos consideran un acoso sistem\u00e1tico contra la prensa cr\u00edtica con el Gobierno.<\/p>\n<p>La semana pasada se airearon en el Parlamento tres supuestas grabaciones de escuchas telef\u00f3nicas que revelan c\u00f3mo el Ejecutivo intenta mantener bajo control el llamado \u00abcuarto poder\u00bb.<\/p>\n<p>En una grabaci\u00f3n se o\u00eda como Erdogan llamaba a Fatih Sara\u00e7, ejecutivo del canal Habert\u00fcrk TV, para exigirle que eliminara del informativo la intervenci\u00f3n de un l\u00edder del opositor partido MHP.<\/p>\n<p>En otro documento sonoro se oye hablar a Sara\u00e7 con el redactor jefe de la emisora y luego con Bilal Erdogan, hijo del primer ministro, para acordar manipular un sondeo de intenci\u00f3n de voto a favor del gubernamental partido AKP.<\/p>\n<p>La oposici\u00f3n tambi\u00e9n ha denunciado en el hemiciclo que en verano pasado Erdogan encarg\u00f3 a su partido recoger fondos de empresarios para financiar la compra del conglomerado medi\u00e1tico \u00abTurkuvaz Media\u00bb y asegurarse as\u00ed que mantenga una l\u00ednea a favor del Gobierno.<\/p>\n<p>A cambio, se prometi\u00f3 a los empresarios favorecerles a la hora de asignar licitaciones de infraestructuras.<\/p>\n<p>Can D\u00fcndar, uno de los presentadores de televisi\u00f3n m\u00e1s populares de Turqu\u00eda, asegura que fue despedido del canal de noticias NTV cuando se neg\u00f3 a seguir las directrices dadas por tel\u00e9fono desde la oficina del primer ministro.<\/p>\n<p>\u00abTras el golpe militar de 1980 hubo funcionarios de censura y nos dec\u00edan qu\u00e9 escribir y qu\u00e9 no. Hoy es peor, porque nunca sabes de d\u00f3nde llegar\u00e1 el ataque y la gente se autocensura\u00bb, cuenta a Efe.<\/p>\n<p>Por su parte, Turgay Olcayto, presidente de la Asociaci\u00f3n de Periodistas Turcos (TGC), asegura que en 50 a\u00f1os de profesi\u00f3n nunca hab\u00eda presenciado \u00abuna situaci\u00f3n tan vergonzosa\u00bb.<\/p>\n<p>\u00abLlaman a los medios para decir qu\u00e9 contar y qu\u00e9 no, arreglan ventas de empresas prometiendo licitaciones, y ning\u00fan periodista se atreve a hacer preguntas cr\u00edticas al primer ministro; algunos incluso est\u00e1n felices poniendo su pluma al servicio del poder\u00bb, critica Olcayto en unas declaraciones a Efe.<\/p>\n<p>\u00abHace 20 a\u00f1os, un periodista que hubiera hecho algo remotamente similar, ya no habr\u00eda podido mirar a la cara a sus colegas. Me temo que hemos perdido toda verg\u00fcenza\u00bb, se lamenta.<\/p>\n<p>Al mismo tiempo, en las c\u00e1rceles turcas hay actualmente unos 60 periodistas, m\u00e1s que en cualquier otro pa\u00eds democr\u00e1tico.<\/p>\n<p>Por eso, el pa\u00eds eurasi\u00e1tico no para de bajar en el listado mundial de libertad de prensa, y las recientes grabaciones han mostrado los intentos del Gobierno de controlar la informaci\u00f3n, lo que a su vez socava la confianza ciudadana en el \u00abcuarto poder\u00bb.<\/p>\n<p>Un reciente sondeo de la Universidad Kadir Has de Estambul muestra que los medios de comunicaci\u00f3n son la instituci\u00f3n con menor \u00edndice de confianza en Turqu\u00eda.<\/p>\n<p>S\u00f3lo un 19 % de la sociedad turca dice fiarse de ellos, aunque despu\u00e9s de los \u00faltimos esc\u00e1ndalos esta cifra posiblemente seguir\u00e1 bajando m\u00e1s.<\/p>\n<p>Dogan Tili\u00e7<\/p>\n","protected":false},"excerpt":{"rendered":"<p>Ankara, 9 feb (EFE).- El Gobierno islamista de Recep Tayyip Erdogan no solo trata de limitar las libertades en Internet sino que aumenta cada vez m\u00e1s su presi\u00f3n sobre la prensa cr\u00edtica en Turqu\u00eda, mientras que la resistencia crece, no solo en las calles sino tambi\u00e9n entre abogados y empresarios. Miles de personas se enfrentaron [&hellip;]<\/p>\n","protected":false},"author":1,"featured_media":487390,"comment_status":"open","ping_status":"open","sticky":false,"template":"","format":"standard","meta":{"footnotes":""},"categories":[1],"tags":[],"class_list":["post-487389","post","type-post","status-publish","format-standard","has-post-thumbnail","hentry","category-actualidad"],"aioseo_notices":[],"aioseo_head":"\n\t\t<!-- All in One SEO Pro 5.0.1 - aioseo.com -->\n\t<meta name=\"description\" content=\"Ankara, 9 feb (EFE).- El Gobierno islamista de Recep Tayyip Erdogan no solo trata de limitar las libertades en Internet sino que aumenta cada vez m\u00e1s su presi\u00f3n sobre la prensa cr\u00edtica en Turqu\u00eda, mientras que la resistencia crece, no solo en las calles sino tambi\u00e9n entre abogados y empresarios. Miles de personas se enfrentaron\" \/>\n\t<meta name=\"robots\" content=\"max-image-preview:large\" \/>\n\t<meta name=\"author\" content=\"El Digital de Asturias\"\/>\n\t<meta name=\"google-site-verification\" content=\"UA-38556648-1\" \/>\n\t<meta name=\"msvalidate.01\" content=\"7dfe9f3f1b24437ab69f4f2559babe99\" \/>\n\t<meta name=\"keywords\" content=\"actualidad\" \/>\n\t<link rel=\"canonical\" href=\"https:\/\/www.eldigitaldeasturias.com\/noticias\/crece-la-resistencia-a-las-presiones-de-erdogan-contra-internet-y-la-prensa\/\" \/>\n\t<meta name=\"generator\" content=\"All in One SEO Pro (AIOSEO) 5.0.1\" \/>\n\t\t<meta property=\"og:locale\" content=\"es_ES\" \/>\n\t\t<meta property=\"og:site_name\" content=\"El Digital de Asturias\" \/>\n\t\t<meta property=\"og:type\" content=\"article\" \/>\n\t\t<meta property=\"og:title\" content=\"Crece la resistencia a las presiones de Erdogan contra Internet y la prensa - El Digital de Asturias\" \/>\n\t\t<meta property=\"og:description\" content=\"Ankara, 9 feb (EFE).- El Gobierno islamista de Recep Tayyip Erdogan no solo trata de limitar las libertades en Internet sino que aumenta cada vez m\u00e1s su presi\u00f3n sobre la prensa cr\u00edtica en Turqu\u00eda, mientras que la resistencia crece, no solo en las calles sino tambi\u00e9n entre abogados y empresarios. Miles de personas se enfrentaron\" \/>\n\t\t<meta property=\"og:url\" content=\"https:\/\/www.eldigitaldeasturias.com\/noticias\/crece-la-resistencia-a-las-presiones-de-erdogan-contra-internet-y-la-prensa\/\" \/>\n\t\t<meta property=\"article:tag\" content=\"actualidad\" \/>\n\t\t<meta property=\"article:published_time\" content=\"2014-02-09T22:16:49+00:00\" \/>\n\t\t<meta property=\"article:modified_time\" content=\"2014-02-09T22:16:49+00:00\" \/>\n\t\t<meta property=\"article:publisher\" content=\"https:\/\/facebook.com\/eldigitaldeasturias\" \/>\n\t\t<meta name=\"twitter:card\" content=\"summary_large_image\" \/>\n\t\t<meta name=\"twitter:title\" content=\"Crece la resistencia a las presiones de Erdogan contra Internet y la prensa - El Digital de Asturias\" \/>\n\t\t<meta name=\"twitter:description\" content=\"Ankara, 9 feb (EFE).- El Gobierno islamista de Recep Tayyip Erdogan no solo trata de limitar las libertades en Internet sino que aumenta cada vez m\u00e1s su presi\u00f3n sobre la prensa cr\u00edtica en Turqu\u00eda, mientras que la resistencia crece, no solo en las calles sino tambi\u00e9n entre abogados y empresarios. Miles de personas se enfrentaron\" \/>\n\t\t<meta name=\"twitter:label1\" content=\"Escrito por\" \/>\n\t\t<meta name=\"twitter:data1\" content=\"El Digital de Asturias\" \/>\n\t\t<meta name=\"twitter:label2\" content=\"Tiempo de lectura estimado\" \/>\n\t\t<meta name=\"twitter:data2\" content=\"4 minutos\" \/>\n\t\t<script type=\"application\/ld+json\" class=\"aioseo-schema\">\n\t\t\t{\"@context\":\"https:\\\/\\\/schema.org\",\"@graph\":[{\"@type\":\"BlogPosting\",\"@id\":\"https:\\\/\\\/www.eldigitaldeasturias.com\\\/noticias\\\/crece-la-resistencia-a-las-presiones-de-erdogan-contra-internet-y-la-prensa\\\/#blogposting\",\"name\":\"Crece la resistencia a las presiones de Erdogan contra Internet y la prensa - El Digital de Asturias\",\"headline\":\"Crece la resistencia a las presiones de Erdogan contra Internet y la prensa\",\"author\":{\"@id\":\"https:\\\/\\\/www.eldigitaldeasturias.com\\\/noticias\\\/author\\\/admin\\\/#author\"},\"publisher\":{\"@id\":\"https:\\\/\\\/www.eldigitaldeasturias.com\\\/noticias\\\/#organization\"},\"image\":{\"@type\":\"ImageObject\",\"url\":487390},\"datePublished\":\"2014-02-09T21:16:49+01:00\",\"dateModified\":\"2014-02-09T21:16:49+01:00\",\"inLanguage\":\"es-ES\",\"mainEntityOfPage\":{\"@id\":\"https:\\\/\\\/www.eldigitaldeasturias.com\\\/noticias\\\/crece-la-resistencia-a-las-presiones-de-erdogan-contra-internet-y-la-prensa\\\/#webpage\"},\"isPartOf\":{\"@id\":\"https:\\\/\\\/www.eldigitaldeasturias.com\\\/noticias\\\/crece-la-resistencia-a-las-presiones-de-erdogan-contra-internet-y-la-prensa\\\/#webpage\"},\"articleSection\":\"Actualidad\"},{\"@type\":\"BreadcrumbList\",\"@id\":\"https:\\\/\\\/www.eldigitaldeasturias.com\\\/noticias\\\/crece-la-resistencia-a-las-presiones-de-erdogan-contra-internet-y-la-prensa\\\/#breadcrumblist\",\"itemListElement\":[{\"@type\":\"ListItem\",\"@id\":\"https:\\\/\\\/www.eldigitaldeasturias.com\\\/noticias#listItem\",\"position\":1,\"name\":\"Home\",\"item\":\"https:\\\/\\\/www.eldigitaldeasturias.com\\\/noticias\",\"nextItem\":{\"@type\":\"ListItem\",\"@id\":\"https:\\\/\\\/www.eldigitaldeasturias.com\\\/noticias\\\/category\\\/actualidad\\\/#listItem\",\"name\":\"Actualidad\"}},{\"@type\":\"ListItem\",\"@id\":\"https:\\\/\\\/www.eldigitaldeasturias.com\\\/noticias\\\/category\\\/actualidad\\\/#listItem\",\"position\":2,\"name\":\"Actualidad\",\"item\":\"https:\\\/\\\/www.eldigitaldeasturias.com\\\/noticias\\\/category\\\/actualidad\\\/\",\"nextItem\":{\"@type\":\"ListItem\",\"@id\":\"https:\\\/\\\/www.eldigitaldeasturias.com\\\/noticias\\\/crece-la-resistencia-a-las-presiones-de-erdogan-contra-internet-y-la-prensa\\\/#listItem\",\"name\":\"Crece la resistencia a las presiones de Erdogan contra Internet y la prensa\"},\"previousItem\":{\"@type\":\"ListItem\",\"@id\":\"https:\\\/\\\/www.eldigitaldeasturias.com\\\/noticias#listItem\",\"name\":\"Home\"}},{\"@type\":\"ListItem\",\"@id\":\"https:\\\/\\\/www.eldigitaldeasturias.com\\\/noticias\\\/crece-la-resistencia-a-las-presiones-de-erdogan-contra-internet-y-la-prensa\\\/#listItem\",\"position\":3,\"name\":\"Crece la resistencia a las presiones de Erdogan contra Internet y la prensa\",\"previousItem\":{\"@type\":\"ListItem\",\"@id\":\"https:\\\/\\\/www.eldigitaldeasturias.com\\\/noticias\\\/category\\\/actualidad\\\/#listItem\",\"name\":\"Actualidad\"}}]},{\"@type\":\"Organization\",\"@id\":\"https:\\\/\\\/www.eldigitaldeasturias.com\\\/noticias\\\/#organization\",\"name\":\"El Digital de Asturias\",\"description\":\"Hemeroteca\",\"url\":\"https:\\\/\\\/www.eldigitaldeasturias.com\\\/noticias\\\/\",\"email\":\"info@eldigitaldeasturias.com\",\"telephone\":\"+34652131393\",\"logo\":{\"@type\":\"ImageObject\",\"url\":\"https:\\\/\\\/www.eldigitaldeasturias.com\\\/noticias\\\/wp-content\\\/uploads\\\/2020\\\/12\\\/EDA.jpg\",\"@id\":\"https:\\\/\\\/www.eldigitaldeasturias.com\\\/noticias\\\/crece-la-resistencia-a-las-presiones-de-erdogan-contra-internet-y-la-prensa\\\/#organizationLogo\"},\"image\":{\"@id\":\"https:\\\/\\\/www.eldigitaldeasturias.com\\\/noticias\\\/crece-la-resistencia-a-las-presiones-de-erdogan-contra-internet-y-la-prensa\\\/#organizationLogo\"},\"sameAs\":[\"https:\\\/\\\/facebook.com\\\/eldigitaldeasturias\",\"https:\\\/\\\/www.youtube.com\\\/channel\\\/UCZP-2wLEB9Rv6erhFmqVnvg\"],\"address\":{\"@id\":\"https:\\\/\\\/www.eldigitaldeasturias.com\\\/noticias\\\/#postaladdress\",\"@type\":\"PostalAddress\",\"streetAddress\":\"san antonio 4\",\"postalCode\":\"33430\",\"addressLocality\":\"Cand\\u00e1s\",\"addressRegion\":\"Asturias\",\"addressCountry\":\"ES\"}},{\"@type\":\"Person\",\"@id\":\"https:\\\/\\\/www.eldigitaldeasturias.com\\\/noticias\\\/author\\\/admin\\\/#author\",\"url\":\"https:\\\/\\\/www.eldigitaldeasturias.com\\\/noticias\\\/author\\\/admin\\\/\",\"name\":\"El Digital de Asturias\",\"image\":{\"@type\":\"ImageObject\",\"@id\":\"https:\\\/\\\/www.eldigitaldeasturias.com\\\/noticias\\\/crece-la-resistencia-a-las-presiones-de-erdogan-contra-internet-y-la-prensa\\\/#authorImage\",\"url\":\"https:\\\/\\\/secure.gravatar.com\\\/avatar\\\/df2aeffc32bcd13f8d26072ef8a91b623d677766deac7f97ca815868cd41bf5e?s=96&d=mm&r=g\",\"width\":96,\"height\":96,\"caption\":\"El Digital de Asturias\"}},{\"@type\":\"WebPage\",\"@id\":\"https:\\\/\\\/www.eldigitaldeasturias.com\\\/noticias\\\/crece-la-resistencia-a-las-presiones-de-erdogan-contra-internet-y-la-prensa\\\/#webpage\",\"url\":\"https:\\\/\\\/www.eldigitaldeasturias.com\\\/noticias\\\/crece-la-resistencia-a-las-presiones-de-erdogan-contra-internet-y-la-prensa\\\/\",\"name\":\"Crece la resistencia a las presiones de Erdogan contra Internet y la prensa - El Digital de Asturias\",\"description\":\"Ankara, 9 feb (EFE).- El Gobierno islamista de Recep Tayyip Erdogan no solo trata de limitar las libertades en Internet sino que aumenta cada vez m\\u00e1s su presi\\u00f3n sobre la prensa cr\\u00edtica en Turqu\\u00eda, mientras que la resistencia crece, no solo en las calles sino tambi\\u00e9n entre abogados y empresarios. Miles de personas se enfrentaron\",\"inLanguage\":\"es-ES\",\"isPartOf\":{\"@id\":\"https:\\\/\\\/www.eldigitaldeasturias.com\\\/noticias\\\/#website\"},\"breadcrumb\":{\"@id\":\"https:\\\/\\\/www.eldigitaldeasturias.com\\\/noticias\\\/crece-la-resistencia-a-las-presiones-de-erdogan-contra-internet-y-la-prensa\\\/#breadcrumblist\"},\"author\":{\"@id\":\"https:\\\/\\\/www.eldigitaldeasturias.com\\\/noticias\\\/author\\\/admin\\\/#author\"},\"creator\":{\"@id\":\"https:\\\/\\\/www.eldigitaldeasturias.com\\\/noticias\\\/author\\\/admin\\\/#author\"},\"image\":{\"@type\":\"ImageObject\",\"url\":487390,\"@id\":\"https:\\\/\\\/www.eldigitaldeasturias.com\\\/noticias\\\/crece-la-resistencia-a-las-presiones-de-erdogan-contra-internet-y-la-prensa\\\/#mainImage\"},\"primaryImageOfPage\":{\"@id\":\"https:\\\/\\\/www.eldigitaldeasturias.com\\\/noticias\\\/crece-la-resistencia-a-las-presiones-de-erdogan-contra-internet-y-la-prensa\\\/#mainImage\"},\"datePublished\":\"2014-02-09T21:16:49+01:00\",\"dateModified\":\"2014-02-09T21:16:49+01:00\"},{\"@type\":\"WebSite\",\"@id\":\"https:\\\/\\\/www.eldigitaldeasturias.com\\\/noticias\\\/#website\",\"url\":\"https:\\\/\\\/www.eldigitaldeasturias.com\\\/noticias\\\/\",\"name\":\"El Digital de Asturias - Diario de actualidad y noticias\",\"alternateName\":\"El Digital de Asturias - Diario de actualidad y noticias\",\"description\":\"Hemeroteca\",\"inLanguage\":\"es-ES\",\"publisher\":{\"@id\":\"https:\\\/\\\/www.eldigitaldeasturias.com\\\/noticias\\\/#organization\"}}]}\n\t\t<\/script>\n\t\t<!-- All in One SEO Pro -->\r\n\t\t<title>Crece la resistencia a las presiones de Erdogan contra Internet y la prensa - El Digital de Asturias<\/title>\n\n","aioseo_head_json":{"title":"Crece la resistencia a las presiones de Erdogan contra Internet y la prensa - El Digital de Asturias","description":"Ankara, 9 feb (EFE).- El Gobierno islamista de Recep Tayyip Erdogan no solo trata de limitar las libertades en Internet sino que aumenta cada vez m\u00e1s su presi\u00f3n sobre la prensa cr\u00edtica en Turqu\u00eda, mientras que la resistencia crece, no solo en las calles sino tambi\u00e9n entre abogados y empresarios. Miles de personas se enfrentaron","canonical_url":"https:\/\/www.eldigitaldeasturias.com\/noticias\/crece-la-resistencia-a-las-presiones-de-erdogan-contra-internet-y-la-prensa\/","robots":"max-image-preview:large","keywords":"actualidad","webmasterTools":{"google-site-verification":"UA-38556648-1","msvalidate.01":"7dfe9f3f1b24437ab69f4f2559babe99","miscellaneous":""},"schema":{"@context":"https:\/\/schema.org","@graph":[{"@type":"BlogPosting","@id":"https:\/\/www.eldigitaldeasturias.com\/noticias\/crece-la-resistencia-a-las-presiones-de-erdogan-contra-internet-y-la-prensa\/#blogposting","name":"Crece la resistencia a las presiones de Erdogan contra Internet y la prensa - El Digital de Asturias","headline":"Crece la resistencia a las presiones de Erdogan contra Internet y la prensa","author":{"@id":"https:\/\/www.eldigitaldeasturias.com\/noticias\/author\/admin\/#author"},"publisher":{"@id":"https:\/\/www.eldigitaldeasturias.com\/noticias\/#organization"},"image":{"@type":"ImageObject","url":487390},"datePublished":"2014-02-09T21:16:49+01:00","dateModified":"2014-02-09T21:16:49+01:00","inLanguage":"es-ES","mainEntityOfPage":{"@id":"https:\/\/www.eldigitaldeasturias.com\/noticias\/crece-la-resistencia-a-las-presiones-de-erdogan-contra-internet-y-la-prensa\/#webpage"},"isPartOf":{"@id":"https:\/\/www.eldigitaldeasturias.com\/noticias\/crece-la-resistencia-a-las-presiones-de-erdogan-contra-internet-y-la-prensa\/#webpage"},"articleSection":"Actualidad"},{"@type":"BreadcrumbList","@id":"https:\/\/www.eldigitaldeasturias.com\/noticias\/crece-la-resistencia-a-las-presiones-de-erdogan-contra-internet-y-la-prensa\/#breadcrumblist","itemListElement":[{"@type":"ListItem","@id":"https:\/\/www.eldigitaldeasturias.com\/noticias#listItem","position":1,"name":"Home","item":"https:\/\/www.eldigitaldeasturias.com\/noticias","nextItem":{"@type":"ListItem","@id":"https:\/\/www.eldigitaldeasturias.com\/noticias\/category\/actualidad\/#listItem","name":"Actualidad"}},{"@type":"ListItem","@id":"https:\/\/www.eldigitaldeasturias.com\/noticias\/category\/actualidad\/#listItem","position":2,"name":"Actualidad","item":"https:\/\/www.eldigitaldeasturias.com\/noticias\/category\/actualidad\/","nextItem":{"@type":"ListItem","@id":"https:\/\/www.eldigitaldeasturias.com\/noticias\/crece-la-resistencia-a-las-presiones-de-erdogan-contra-internet-y-la-prensa\/#listItem","name":"Crece la resistencia a las presiones de Erdogan contra Internet y la prensa"},"previousItem":{"@type":"ListItem","@id":"https:\/\/www.eldigitaldeasturias.com\/noticias#listItem","name":"Home"}},{"@type":"ListItem","@id":"https:\/\/www.eldigitaldeasturias.com\/noticias\/crece-la-resistencia-a-las-presiones-de-erdogan-contra-internet-y-la-prensa\/#listItem","position":3,"name":"Crece la resistencia a las presiones de Erdogan contra Internet y la prensa","previousItem":{"@type":"ListItem","@id":"https:\/\/www.eldigitaldeasturias.com\/noticias\/category\/actualidad\/#listItem","name":"Actualidad"}}]},{"@type":"Organization","@id":"https:\/\/www.eldigitaldeasturias.com\/noticias\/#organization","name":"El Digital de Asturias","description":"Hemeroteca","url":"https:\/\/www.eldigitaldeasturias.com\/noticias\/","email":"info@eldigitaldeasturias.com","telephone":"+34652131393","logo":{"@type":"ImageObject","url":"https:\/\/www.eldigitaldeasturias.com\/noticias\/wp-content\/uploads\/2020\/12\/EDA.jpg","@id":"https:\/\/www.eldigitaldeasturias.com\/noticias\/crece-la-resistencia-a-las-presiones-de-erdogan-contra-internet-y-la-prensa\/#organizationLogo"},"image":{"@id":"https:\/\/www.eldigitaldeasturias.com\/noticias\/crece-la-resistencia-a-las-presiones-de-erdogan-contra-internet-y-la-prensa\/#organizationLogo"},"sameAs":["https:\/\/facebook.com\/eldigitaldeasturias","https:\/\/www.youtube.com\/channel\/UCZP-2wLEB9Rv6erhFmqVnvg"],"address":{"@id":"https:\/\/www.eldigitaldeasturias.com\/noticias\/#postaladdress","@type":"PostalAddress","streetAddress":"san antonio 4","postalCode":"33430","addressLocality":"Cand\u00e1s","addressRegion":"Asturias","addressCountry":"ES"}},{"@type":"Person","@id":"https:\/\/www.eldigitaldeasturias.com\/noticias\/author\/admin\/#author","url":"https:\/\/www.eldigitaldeasturias.com\/noticias\/author\/admin\/","name":"El Digital de Asturias","image":{"@type":"ImageObject","@id":"https:\/\/www.eldigitaldeasturias.com\/noticias\/crece-la-resistencia-a-las-presiones-de-erdogan-contra-internet-y-la-prensa\/#authorImage","url":"https:\/\/secure.gravatar.com\/avatar\/df2aeffc32bcd13f8d26072ef8a91b623d677766deac7f97ca815868cd41bf5e?s=96&d=mm&r=g","width":96,"height":96,"caption":"El Digital de Asturias"}},{"@type":"WebPage","@id":"https:\/\/www.eldigitaldeasturias.com\/noticias\/crece-la-resistencia-a-las-presiones-de-erdogan-contra-internet-y-la-prensa\/#webpage","url":"https:\/\/www.eldigitaldeasturias.com\/noticias\/crece-la-resistencia-a-las-presiones-de-erdogan-contra-internet-y-la-prensa\/","name":"Crece la resistencia a las presiones de Erdogan contra Internet y la prensa - El Digital de Asturias","description":"Ankara, 9 feb (EFE).- El Gobierno islamista de Recep Tayyip Erdogan no solo trata de limitar las libertades en Internet sino que aumenta cada vez m\u00e1s su presi\u00f3n sobre la prensa cr\u00edtica en Turqu\u00eda, mientras que la resistencia crece, no solo en las calles sino tambi\u00e9n entre abogados y empresarios. Miles de personas se enfrentaron","inLanguage":"es-ES","isPartOf":{"@id":"https:\/\/www.eldigitaldeasturias.com\/noticias\/#website"},"breadcrumb":{"@id":"https:\/\/www.eldigitaldeasturias.com\/noticias\/crece-la-resistencia-a-las-presiones-de-erdogan-contra-internet-y-la-prensa\/#breadcrumblist"},"author":{"@id":"https:\/\/www.eldigitaldeasturias.com\/noticias\/author\/admin\/#author"},"creator":{"@id":"https:\/\/www.eldigitaldeasturias.com\/noticias\/author\/admin\/#author"},"image":{"@type":"ImageObject","url":487390,"@id":"https:\/\/www.eldigitaldeasturias.com\/noticias\/crece-la-resistencia-a-las-presiones-de-erdogan-contra-internet-y-la-prensa\/#mainImage"},"primaryImageOfPage":{"@id":"https:\/\/www.eldigitaldeasturias.com\/noticias\/crece-la-resistencia-a-las-presiones-de-erdogan-contra-internet-y-la-prensa\/#mainImage"},"datePublished":"2014-02-09T21:16:49+01:00","dateModified":"2014-02-09T21:16:49+01:00"},{"@type":"WebSite","@id":"https:\/\/www.eldigitaldeasturias.com\/noticias\/#website","url":"https:\/\/www.eldigitaldeasturias.com\/noticias\/","name":"El Digital de Asturias - Diario de actualidad y noticias","alternateName":"El Digital de Asturias - Diario de actualidad y noticias","description":"Hemeroteca","inLanguage":"es-ES","publisher":{"@id":"https:\/\/www.eldigitaldeasturias.com\/noticias\/#organization"}}]},"og:locale":"es_ES","og:site_name":"El Digital de Asturias","og:type":"article","og:title":"Crece la resistencia a las presiones de Erdogan contra Internet y la prensa - El Digital de Asturias","og:description":"Ankara, 9 feb (EFE).- El Gobierno islamista de Recep Tayyip Erdogan no solo trata de limitar las libertades en Internet sino que aumenta cada vez m\u00e1s su presi\u00f3n sobre la prensa cr\u00edtica en Turqu\u00eda, mientras que la resistencia crece, no solo en las calles sino tambi\u00e9n entre abogados y empresarios. Miles de personas se enfrentaron","og:url":"https:\/\/www.eldigitaldeasturias.com\/noticias\/crece-la-resistencia-a-las-presiones-de-erdogan-contra-internet-y-la-prensa\/","article:tag":["actualidad"],"article:published_time":"2014-02-09T22:16:49+00:00","article:modified_time":"2014-02-09T22:16:49+00:00","article:publisher":"https:\/\/facebook.com\/eldigitaldeasturias","twitter:card":"summary_large_image","twitter:title":"Crece la resistencia a las presiones de Erdogan contra Internet y la prensa - El Digital de Asturias","twitter:description":"Ankara, 9 feb (EFE).- El Gobierno islamista de Recep Tayyip Erdogan no solo trata de limitar las libertades en Internet sino que aumenta cada vez m\u00e1s su presi\u00f3n sobre la prensa cr\u00edtica en Turqu\u00eda, mientras que la resistencia crece, no solo en las calles sino tambi\u00e9n entre abogados y empresarios. Miles de personas se enfrentaron","twitter:label1":"Escrito por","twitter:data1":"El Digital de Asturias","twitter:label2":"Tiempo de lectura estimado","twitter:data2":"4 minutos"},"aioseo_meta_data":{"post_id":"487389","title":null,"description":null,"keywords":null,"keyphrases":null,"primary_term":null,"canonical_url":null,"og_title":null,"og_description":null,"og_object_type":"default","og_image_type":"default","og_image_url":null,"og_image_width":null,"og_image_height":null,"og_image_custom_url":null,"og_image_custom_fields":null,"og_video":null,"og_custom_url":null,"og_article_section":null,"og_article_tags":null,"twitter_use_og":true,"twitter_card":"default","twitter_image_type":"default","twitter_image_url":null,"twitter_image_custom_url":null,"twitter_image_custom_fields":null,"twitter_title":null,"twitter_description":null,"schema":{"blockGraphs":[],"customGraphs":[],"default":{"data":{"Article":[],"Course":[],"Dataset":[],"FAQPage":[],"Movie":[],"Person":[],"Product":[],"ProductReview":[],"Car":[],"Recipe":[],"Service":[],"SoftwareApplication":[],"WebPage":[]},"graphName":"","isEnabled":true},"graphs":[],"defaultGraph":"","defaultPostTypeGraph":""},"schema_type":null,"schema_type_options":null,"pillar_content":false,"robots_default":true,"robots_noindex":false,"robots_noarchive":false,"robots_nosnippet":false,"robots_nofollow":false,"robots_noimageindex":false,"robots_noodp":false,"robots_notranslate":false,"robots_max_snippet":null,"robots_max_videopreview":null,"robots_max_imagepreview":"none","priority":null,"frequency":null,"local_seo":null,"seo_analyzer_scan_date":"2026-06-03 04:34:51","breadcrumb_settings":null,"limit_modified_date":false,"open_ai":null,"ai":null,"created":"2020-11-14 22:56:22","updated":"2026-06-03 04:34:51","focus_keyword":null,"additional_keywords":null,"truseo_locale":null},"aioseo_breadcrumb":"<div class=\"aioseo-breadcrumbs\"><span class=\"aioseo-breadcrumb\">\n\t<a href=\"https:\/\/www.eldigitaldeasturias.com\/noticias\" title=\"Home\">Home<\/a>\n<\/span><span class=\"aioseo-breadcrumb-separator\">\u2013<\/span><span class=\"aioseo-breadcrumb\">\n\t<a href=\"https:\/\/www.eldigitaldeasturias.com\/noticias\/category\/actualidad\/\" title=\"Actualidad\">Actualidad<\/a>\n<\/span><span class=\"aioseo-breadcrumb-separator\">\u2013<\/span><span class=\"aioseo-breadcrumb\">\n\t<a href=\"https:\/\/www.eldigitaldeasturias.com\/noticias\/crece-la-resistencia-a-las-presiones-de-erdogan-contra-internet-y-la-prensa\/\" title=\"Crece la resistencia a las presiones de Erdogan contra Internet y la prensa\">Crece la resistencia a las presiones de Erdogan contra Internet y la prensa<\/a>\n<\/span><\/div>","aioseo_breadcrumb_json":[{"label":"Home","link":"https:\/\/www.eldigitaldeasturias.com\/noticias"},{"label":"Actualidad","link":"https:\/\/www.eldigitaldeasturias.com\/noticias\/category\/actualidad\/"},{"label":"Crece la resistencia a las presiones de Erdogan contra Internet y la prensa","link":"https:\/\/www.eldigitaldeasturias.com\/noticias\/crece-la-resistencia-a-las-presiones-de-erdogan-contra-internet-y-la-prensa\/"}],"_links":{"self":[{"href":"https:\/\/www.eldigitaldeasturias.com\/noticias\/wp-json\/wp\/v2\/posts\/487389","targetHints":{"allow":["GET"]}}],"collection":[{"href":"https:\/\/www.eldigitaldeasturias.com\/noticias\/wp-json\/wp\/v2\/posts"}],"about":[{"href":"https:\/\/www.eldigitaldeasturias.com\/noticias\/wp-json\/wp\/v2\/types\/post"}],"author":[{"embeddable":true,"href":"https:\/\/www.eldigitaldeasturias.com\/noticias\/wp-json\/wp\/v2\/users\/1"}],"replies":[{"embeddable":true,"href":"https:\/\/www.eldigitaldeasturias.com\/noticias\/wp-json\/wp\/v2\/comments?post=487389"}],"version-history":[{"count":0,"href":"https:\/\/www.eldigitaldeasturias.com\/noticias\/wp-json\/wp\/v2\/posts\/487389\/revisions"}],"wp:attachment":[{"href":"https:\/\/www.eldigitaldeasturias.com\/noticias\/wp-json\/wp\/v2\/media?parent=487389"}],"wp:term":[{"taxonomy":"category","embeddable":true,"href":"https:\/\/www.eldigitaldeasturias.com\/noticias\/wp-json\/wp\/v2\/categories?post=487389"},{"taxonomy":"post_tag","embeddable":true,"href":"https:\/\/www.eldigitaldeasturias.com\/noticias\/wp-json\/wp\/v2\/tags?post=487389"}],"curies":[{"name":"wp","href":"https:\/\/api.w.org\/{rel}","templated":true}]}}