{"id":487386,"date":"2014-02-09T21:15:12","date_gmt":"2014-02-09T22:15:12","guid":{"rendered":"http:\/\/www.eldigitaldeasturias.com\/noticias\/?p=487386"},"modified":"2014-02-09T21:15:12","modified_gmt":"2014-02-09T22:15:12","slug":"cortado-el-trafico-a-camiones-desde-el-kilometro-45-de-la-a-1-por-la-nieve","status":"publish","type":"post","link":"https:\/\/www.eldigitaldeasturias.com\/noticias\/cortado-el-trafico-a-camiones-desde-el-kilometro-45-de-la-a-1-por-la-nieve\/","title":{"rendered":"Cortado el tr\u00e1fico a camiones desde el kil\u00f3metro 45 de la A-1 por la nieve"},"content":{"rendered":"<p><img loading=\"lazy\" decoding=\"async\" class=\"alignleft size-medium wp-image-487387\" alt=\"5926219w\" src=\"https:\/\/www.eldigitaldeasturias.com\/noticias\/wp-content\/uploads\/2014\/02\/5926219w-360x203.jpg\" width=\"360\" height=\"203\" \/>Madrid, 9 feb (EFE).- La carretera de Burgos (A-1) permanece cortada al tr\u00e1fico de camiones entre los kil\u00f3metros 45 y 84 a causa de la nevada que est\u00e1 cayendo en la sierra de Madrid, que hab\u00eda provocado el cierre del acceso al aparcamiento del puerto de Navacerrada, ya reabierto.<\/p>\n<p>As\u00ed lo ha manifestado en declaraciones a los medios recogidas por Efe el portavoz del Gobierno regional, Salvador Victoria, que preside el Gabinete de Crisis organizado en el Centro de Emergencias Comunidad de Madrid 112 tras decretar el nivel 1 de gravedad de Plan de Inclemencias Invernales.<\/p>\n<p>\u00abNo hay ning\u00fan puerto con restricciones\u00bb, ha informado el consejero, que ha a\u00f1adido que todas las carreteras permanecen abiertas, a excepci\u00f3n de las restricciones se\u00f1aladas en la A-1.<\/p>\n<p>Hasta este momento, el 112 ha gestionado un total de 30 expedientes, la mayor\u00eda correspondientes a llamadas de ciudadanos que han alertado de las dificultades para bajar puertos de monta\u00f1a.<\/p>\n<p>El equipo de emergencias de la Comunidad de Madrid ha evacuado a 36 personas en Cotos y Navacerrada por este motivo, muchos de ellos menores de edad.<\/p>\n<p>Un total de 27 m\u00e1quinas quitanieves trabajan en la regi\u00f3n, donde ya se han esparcido 250 toneladas de sal, y desde el 112 recomiendan el uso de cadenas para circular por las carreteras de la sierra.<\/p>\n<p>Victoria ha se\u00f1alado que est\u00e1n \u00abmuy pendientes\u00bb por la posibilidad de que se formen placas de hielo al anochecer con la bajada de temperaturas, por lo que vigilan continuamente los sensores de pavimento instalados en las v\u00edas m\u00e1s afectadas por el mal tiempo, que continuar\u00e1 este lunes.<\/p>\n<p>La Agencia Estatal de Meteorolog\u00eda (Aemet) ha decretado la alerta amarilla ante el riesgo de nevadas en la sierra desde las 18:00 horas del domingo hasta las 10:00 horas de ma\u00f1ana, con una acumulaci\u00f3n de nieve de hasta 18 cent\u00edmetros.<\/p>\n<p>Adem\u00e1s, ha alertado de rachas de viento que podr\u00e1n alcanzar los 90 kil\u00f3metros por hora en la sierra y los 80 en el resto de la regi\u00f3n.<\/p>\n","protected":false},"excerpt":{"rendered":"<p>Madrid, 9 feb (EFE).- La carretera de Burgos (A-1) permanece cortada al tr\u00e1fico de camiones entre los kil\u00f3metros 45 y 84 a causa de la nevada que est\u00e1 cayendo en la sierra de Madrid, que hab\u00eda provocado el cierre del acceso al aparcamiento del puerto de Navacerrada, ya reabierto. As\u00ed lo ha manifestado en declaraciones [&hellip;]<\/p>\n","protected":false},"author":1,"featured_media":487387,"comment_status":"open","ping_status":"open","sticky":false,"template":"","format":"standard","meta":{"footnotes":""},"categories":[1],"tags":[],"class_list":["post-487386","post","type-post","status-publish","format-standard","has-post-thumbnail","hentry","category-actualidad"],"aioseo_notices":[],"aioseo_head":"\n\t\t<!-- All in One SEO Pro 5.0.1 - aioseo.com -->\n\t<meta name=\"description\" content=\"Madrid, 9 feb (EFE).- La carretera de Burgos (A-1) permanece cortada al tr\u00e1fico de camiones entre los kil\u00f3metros 45 y 84 a causa de la nevada que est\u00e1 cayendo en la sierra de Madrid, que hab\u00eda provocado el cierre del acceso al aparcamiento del puerto de Navacerrada, ya reabierto. As\u00ed lo ha manifestado en declaraciones\" \/>\n\t<meta name=\"robots\" content=\"max-image-preview:large\" \/>\n\t<meta name=\"author\" content=\"El Digital de Asturias\"\/>\n\t<meta name=\"google-site-verification\" content=\"UA-38556648-1\" \/>\n\t<meta name=\"msvalidate.01\" content=\"7dfe9f3f1b24437ab69f4f2559babe99\" \/>\n\t<meta name=\"keywords\" content=\"actualidad\" \/>\n\t<link rel=\"canonical\" href=\"https:\/\/www.eldigitaldeasturias.com\/noticias\/cortado-el-trafico-a-camiones-desde-el-kilometro-45-de-la-a-1-por-la-nieve\/\" \/>\n\t<meta name=\"generator\" content=\"All in One SEO Pro (AIOSEO) 5.0.1\" \/>\n\t\t<meta property=\"og:locale\" content=\"es_ES\" \/>\n\t\t<meta property=\"og:site_name\" content=\"El Digital de Asturias\" \/>\n\t\t<meta property=\"og:type\" content=\"article\" \/>\n\t\t<meta property=\"og:title\" content=\"Cortado el tr\u00e1fico a camiones desde el kil\u00f3metro 45 de la A-1 por la nieve - El Digital de Asturias\" \/>\n\t\t<meta property=\"og:description\" content=\"Madrid, 9 feb (EFE).- La carretera de Burgos (A-1) permanece cortada al tr\u00e1fico de camiones entre los kil\u00f3metros 45 y 84 a causa de la nevada que est\u00e1 cayendo en la sierra de Madrid, que hab\u00eda provocado el cierre del acceso al aparcamiento del puerto de Navacerrada, ya reabierto. As\u00ed lo ha manifestado en declaraciones\" \/>\n\t\t<meta property=\"og:url\" content=\"https:\/\/www.eldigitaldeasturias.com\/noticias\/cortado-el-trafico-a-camiones-desde-el-kilometro-45-de-la-a-1-por-la-nieve\/\" \/>\n\t\t<meta property=\"article:tag\" content=\"actualidad\" \/>\n\t\t<meta property=\"article:published_time\" content=\"2014-02-09T22:15:12+00:00\" \/>\n\t\t<meta property=\"article:modified_time\" content=\"2014-02-09T22:15:12+00:00\" \/>\n\t\t<meta property=\"article:publisher\" content=\"https:\/\/facebook.com\/eldigitaldeasturias\" \/>\n\t\t<meta name=\"twitter:card\" content=\"summary_large_image\" \/>\n\t\t<meta name=\"twitter:title\" content=\"Cortado el tr\u00e1fico a camiones desde el kil\u00f3metro 45 de la A-1 por la nieve - El Digital de Asturias\" \/>\n\t\t<meta name=\"twitter:description\" content=\"Madrid, 9 feb (EFE).- La carretera de Burgos (A-1) permanece cortada al tr\u00e1fico de camiones entre los kil\u00f3metros 45 y 84 a causa de la nevada que est\u00e1 cayendo en la sierra de Madrid, que hab\u00eda provocado el cierre del acceso al aparcamiento del puerto de Navacerrada, ya reabierto. As\u00ed lo ha manifestado en declaraciones\" \/>\n\t\t<meta name=\"twitter:label1\" content=\"Escrito por\" \/>\n\t\t<meta name=\"twitter:data1\" content=\"El Digital de Asturias\" \/>\n\t\t<meta name=\"twitter:label2\" content=\"Tiempo de lectura estimado\" \/>\n\t\t<meta name=\"twitter:data2\" content=\"2 minutos\" \/>\n\t\t<script type=\"application\/ld+json\" class=\"aioseo-schema\">\n\t\t\t{\"@context\":\"https:\\\/\\\/schema.org\",\"@graph\":[{\"@type\":\"BlogPosting\",\"@id\":\"https:\\\/\\\/www.eldigitaldeasturias.com\\\/noticias\\\/cortado-el-trafico-a-camiones-desde-el-kilometro-45-de-la-a-1-por-la-nieve\\\/#blogposting\",\"name\":\"Cortado el tr\\u00e1fico a camiones desde el kil\\u00f3metro 45 de la A-1 por la nieve - El Digital de Asturias\",\"headline\":\"Cortado el tr\\u00e1fico a camiones desde el kil\\u00f3metro 45 de la A-1 por la nieve\",\"author\":{\"@id\":\"https:\\\/\\\/www.eldigitaldeasturias.com\\\/noticias\\\/author\\\/admin\\\/#author\"},\"publisher\":{\"@id\":\"https:\\\/\\\/www.eldigitaldeasturias.com\\\/noticias\\\/#organization\"},\"image\":{\"@type\":\"ImageObject\",\"url\":487387},\"datePublished\":\"2014-02-09T21:15:12+01:00\",\"dateModified\":\"2014-02-09T21:15:12+01:00\",\"inLanguage\":\"es-ES\",\"mainEntityOfPage\":{\"@id\":\"https:\\\/\\\/www.eldigitaldeasturias.com\\\/noticias\\\/cortado-el-trafico-a-camiones-desde-el-kilometro-45-de-la-a-1-por-la-nieve\\\/#webpage\"},\"isPartOf\":{\"@id\":\"https:\\\/\\\/www.eldigitaldeasturias.com\\\/noticias\\\/cortado-el-trafico-a-camiones-desde-el-kilometro-45-de-la-a-1-por-la-nieve\\\/#webpage\"},\"articleSection\":\"Actualidad\"},{\"@type\":\"BreadcrumbList\",\"@id\":\"https:\\\/\\\/www.eldigitaldeasturias.com\\\/noticias\\\/cortado-el-trafico-a-camiones-desde-el-kilometro-45-de-la-a-1-por-la-nieve\\\/#breadcrumblist\",\"itemListElement\":[{\"@type\":\"ListItem\",\"@id\":\"https:\\\/\\\/www.eldigitaldeasturias.com\\\/noticias#listItem\",\"position\":1,\"name\":\"Home\",\"item\":\"https:\\\/\\\/www.eldigitaldeasturias.com\\\/noticias\",\"nextItem\":{\"@type\":\"ListItem\",\"@id\":\"https:\\\/\\\/www.eldigitaldeasturias.com\\\/noticias\\\/category\\\/actualidad\\\/#listItem\",\"name\":\"Actualidad\"}},{\"@type\":\"ListItem\",\"@id\":\"https:\\\/\\\/www.eldigitaldeasturias.com\\\/noticias\\\/category\\\/actualidad\\\/#listItem\",\"position\":2,\"name\":\"Actualidad\",\"item\":\"https:\\\/\\\/www.eldigitaldeasturias.com\\\/noticias\\\/category\\\/actualidad\\\/\",\"nextItem\":{\"@type\":\"ListItem\",\"@id\":\"https:\\\/\\\/www.eldigitaldeasturias.com\\\/noticias\\\/cortado-el-trafico-a-camiones-desde-el-kilometro-45-de-la-a-1-por-la-nieve\\\/#listItem\",\"name\":\"Cortado el tr\\u00e1fico a camiones desde el kil\\u00f3metro 45 de la A-1 por la nieve\"},\"previousItem\":{\"@type\":\"ListItem\",\"@id\":\"https:\\\/\\\/www.eldigitaldeasturias.com\\\/noticias#listItem\",\"name\":\"Home\"}},{\"@type\":\"ListItem\",\"@id\":\"https:\\\/\\\/www.eldigitaldeasturias.com\\\/noticias\\\/cortado-el-trafico-a-camiones-desde-el-kilometro-45-de-la-a-1-por-la-nieve\\\/#listItem\",\"position\":3,\"name\":\"Cortado el tr\\u00e1fico a camiones desde el kil\\u00f3metro 45 de la A-1 por la nieve\",\"previousItem\":{\"@type\":\"ListItem\",\"@id\":\"https:\\\/\\\/www.eldigitaldeasturias.com\\\/noticias\\\/category\\\/actualidad\\\/#listItem\",\"name\":\"Actualidad\"}}]},{\"@type\":\"Organization\",\"@id\":\"https:\\\/\\\/www.eldigitaldeasturias.com\\\/noticias\\\/#organization\",\"name\":\"El Digital de Asturias\",\"description\":\"Hemeroteca\",\"url\":\"https:\\\/\\\/www.eldigitaldeasturias.com\\\/noticias\\\/\",\"email\":\"info@eldigitaldeasturias.com\",\"telephone\":\"+34652131393\",\"logo\":{\"@type\":\"ImageObject\",\"url\":\"https:\\\/\\\/www.eldigitaldeasturias.com\\\/noticias\\\/wp-content\\\/uploads\\\/2020\\\/12\\\/EDA.jpg\",\"@id\":\"https:\\\/\\\/www.eldigitaldeasturias.com\\\/noticias\\\/cortado-el-trafico-a-camiones-desde-el-kilometro-45-de-la-a-1-por-la-nieve\\\/#organizationLogo\"},\"image\":{\"@id\":\"https:\\\/\\\/www.eldigitaldeasturias.com\\\/noticias\\\/cortado-el-trafico-a-camiones-desde-el-kilometro-45-de-la-a-1-por-la-nieve\\\/#organizationLogo\"},\"sameAs\":[\"https:\\\/\\\/facebook.com\\\/eldigitaldeasturias\",\"https:\\\/\\\/www.youtube.com\\\/channel\\\/UCZP-2wLEB9Rv6erhFmqVnvg\"],\"address\":{\"@id\":\"https:\\\/\\\/www.eldigitaldeasturias.com\\\/noticias\\\/#postaladdress\",\"@type\":\"PostalAddress\",\"streetAddress\":\"san antonio 4\",\"postalCode\":\"33430\",\"addressLocality\":\"Cand\\u00e1s\",\"addressRegion\":\"Asturias\",\"addressCountry\":\"ES\"}},{\"@type\":\"Person\",\"@id\":\"https:\\\/\\\/www.eldigitaldeasturias.com\\\/noticias\\\/author\\\/admin\\\/#author\",\"url\":\"https:\\\/\\\/www.eldigitaldeasturias.com\\\/noticias\\\/author\\\/admin\\\/\",\"name\":\"El Digital de Asturias\",\"image\":{\"@type\":\"ImageObject\",\"@id\":\"https:\\\/\\\/www.eldigitaldeasturias.com\\\/noticias\\\/cortado-el-trafico-a-camiones-desde-el-kilometro-45-de-la-a-1-por-la-nieve\\\/#authorImage\",\"url\":\"https:\\\/\\\/secure.gravatar.com\\\/avatar\\\/df2aeffc32bcd13f8d26072ef8a91b623d677766deac7f97ca815868cd41bf5e?s=96&d=mm&r=g\",\"width\":96,\"height\":96,\"caption\":\"El Digital de Asturias\"}},{\"@type\":\"WebPage\",\"@id\":\"https:\\\/\\\/www.eldigitaldeasturias.com\\\/noticias\\\/cortado-el-trafico-a-camiones-desde-el-kilometro-45-de-la-a-1-por-la-nieve\\\/#webpage\",\"url\":\"https:\\\/\\\/www.eldigitaldeasturias.com\\\/noticias\\\/cortado-el-trafico-a-camiones-desde-el-kilometro-45-de-la-a-1-por-la-nieve\\\/\",\"name\":\"Cortado el tr\\u00e1fico a camiones desde el kil\\u00f3metro 45 de la A-1 por la nieve - El Digital de Asturias\",\"description\":\"Madrid, 9 feb (EFE).- La carretera de Burgos (A-1) permanece cortada al tr\\u00e1fico de camiones entre los kil\\u00f3metros 45 y 84 a causa de la nevada que est\\u00e1 cayendo en la sierra de Madrid, que hab\\u00eda provocado el cierre del acceso al aparcamiento del puerto de Navacerrada, ya reabierto. As\\u00ed lo ha manifestado en declaraciones\",\"inLanguage\":\"es-ES\",\"isPartOf\":{\"@id\":\"https:\\\/\\\/www.eldigitaldeasturias.com\\\/noticias\\\/#website\"},\"breadcrumb\":{\"@id\":\"https:\\\/\\\/www.eldigitaldeasturias.com\\\/noticias\\\/cortado-el-trafico-a-camiones-desde-el-kilometro-45-de-la-a-1-por-la-nieve\\\/#breadcrumblist\"},\"author\":{\"@id\":\"https:\\\/\\\/www.eldigitaldeasturias.com\\\/noticias\\\/author\\\/admin\\\/#author\"},\"creator\":{\"@id\":\"https:\\\/\\\/www.eldigitaldeasturias.com\\\/noticias\\\/author\\\/admin\\\/#author\"},\"image\":{\"@type\":\"ImageObject\",\"url\":487387,\"@id\":\"https:\\\/\\\/www.eldigitaldeasturias.com\\\/noticias\\\/cortado-el-trafico-a-camiones-desde-el-kilometro-45-de-la-a-1-por-la-nieve\\\/#mainImage\"},\"primaryImageOfPage\":{\"@id\":\"https:\\\/\\\/www.eldigitaldeasturias.com\\\/noticias\\\/cortado-el-trafico-a-camiones-desde-el-kilometro-45-de-la-a-1-por-la-nieve\\\/#mainImage\"},\"datePublished\":\"2014-02-09T21:15:12+01:00\",\"dateModified\":\"2014-02-09T21:15:12+01:00\"},{\"@type\":\"WebSite\",\"@id\":\"https:\\\/\\\/www.eldigitaldeasturias.com\\\/noticias\\\/#website\",\"url\":\"https:\\\/\\\/www.eldigitaldeasturias.com\\\/noticias\\\/\",\"name\":\"El Digital de Asturias - Diario de actualidad y noticias\",\"alternateName\":\"El Digital de Asturias - Diario de actualidad y noticias\",\"description\":\"Hemeroteca\",\"inLanguage\":\"es-ES\",\"publisher\":{\"@id\":\"https:\\\/\\\/www.eldigitaldeasturias.com\\\/noticias\\\/#organization\"}}]}\n\t\t<\/script>\n\t\t<!-- All in One SEO Pro -->\r\n\t\t<title>Cortado el tr\u00e1fico a camiones desde el kil\u00f3metro 45 de la A-1 por la nieve - El Digital de Asturias<\/title>\n\n","aioseo_head_json":{"title":"Cortado el tr\u00e1fico a camiones desde el kil\u00f3metro 45 de la A-1 por la nieve - El Digital de Asturias","description":"Madrid, 9 feb (EFE).- La carretera de Burgos (A-1) permanece cortada al tr\u00e1fico de camiones entre los kil\u00f3metros 45 y 84 a causa de la nevada que est\u00e1 cayendo en la sierra de Madrid, que hab\u00eda provocado el cierre del acceso al aparcamiento del puerto de Navacerrada, ya reabierto. As\u00ed lo ha manifestado en declaraciones","canonical_url":"https:\/\/www.eldigitaldeasturias.com\/noticias\/cortado-el-trafico-a-camiones-desde-el-kilometro-45-de-la-a-1-por-la-nieve\/","robots":"max-image-preview:large","keywords":"actualidad","webmasterTools":{"google-site-verification":"UA-38556648-1","msvalidate.01":"7dfe9f3f1b24437ab69f4f2559babe99","miscellaneous":""},"schema":{"@context":"https:\/\/schema.org","@graph":[{"@type":"BlogPosting","@id":"https:\/\/www.eldigitaldeasturias.com\/noticias\/cortado-el-trafico-a-camiones-desde-el-kilometro-45-de-la-a-1-por-la-nieve\/#blogposting","name":"Cortado el tr\u00e1fico a camiones desde el kil\u00f3metro 45 de la A-1 por la nieve - El Digital de Asturias","headline":"Cortado el tr\u00e1fico a camiones desde el kil\u00f3metro 45 de la A-1 por la nieve","author":{"@id":"https:\/\/www.eldigitaldeasturias.com\/noticias\/author\/admin\/#author"},"publisher":{"@id":"https:\/\/www.eldigitaldeasturias.com\/noticias\/#organization"},"image":{"@type":"ImageObject","url":487387},"datePublished":"2014-02-09T21:15:12+01:00","dateModified":"2014-02-09T21:15:12+01:00","inLanguage":"es-ES","mainEntityOfPage":{"@id":"https:\/\/www.eldigitaldeasturias.com\/noticias\/cortado-el-trafico-a-camiones-desde-el-kilometro-45-de-la-a-1-por-la-nieve\/#webpage"},"isPartOf":{"@id":"https:\/\/www.eldigitaldeasturias.com\/noticias\/cortado-el-trafico-a-camiones-desde-el-kilometro-45-de-la-a-1-por-la-nieve\/#webpage"},"articleSection":"Actualidad"},{"@type":"BreadcrumbList","@id":"https:\/\/www.eldigitaldeasturias.com\/noticias\/cortado-el-trafico-a-camiones-desde-el-kilometro-45-de-la-a-1-por-la-nieve\/#breadcrumblist","itemListElement":[{"@type":"ListItem","@id":"https:\/\/www.eldigitaldeasturias.com\/noticias#listItem","position":1,"name":"Home","item":"https:\/\/www.eldigitaldeasturias.com\/noticias","nextItem":{"@type":"ListItem","@id":"https:\/\/www.eldigitaldeasturias.com\/noticias\/category\/actualidad\/#listItem","name":"Actualidad"}},{"@type":"ListItem","@id":"https:\/\/www.eldigitaldeasturias.com\/noticias\/category\/actualidad\/#listItem","position":2,"name":"Actualidad","item":"https:\/\/www.eldigitaldeasturias.com\/noticias\/category\/actualidad\/","nextItem":{"@type":"ListItem","@id":"https:\/\/www.eldigitaldeasturias.com\/noticias\/cortado-el-trafico-a-camiones-desde-el-kilometro-45-de-la-a-1-por-la-nieve\/#listItem","name":"Cortado el tr\u00e1fico a camiones desde el kil\u00f3metro 45 de la A-1 por la nieve"},"previousItem":{"@type":"ListItem","@id":"https:\/\/www.eldigitaldeasturias.com\/noticias#listItem","name":"Home"}},{"@type":"ListItem","@id":"https:\/\/www.eldigitaldeasturias.com\/noticias\/cortado-el-trafico-a-camiones-desde-el-kilometro-45-de-la-a-1-por-la-nieve\/#listItem","position":3,"name":"Cortado el tr\u00e1fico a camiones desde el kil\u00f3metro 45 de la A-1 por la nieve","previousItem":{"@type":"ListItem","@id":"https:\/\/www.eldigitaldeasturias.com\/noticias\/category\/actualidad\/#listItem","name":"Actualidad"}}]},{"@type":"Organization","@id":"https:\/\/www.eldigitaldeasturias.com\/noticias\/#organization","name":"El Digital de Asturias","description":"Hemeroteca","url":"https:\/\/www.eldigitaldeasturias.com\/noticias\/","email":"info@eldigitaldeasturias.com","telephone":"+34652131393","logo":{"@type":"ImageObject","url":"https:\/\/www.eldigitaldeasturias.com\/noticias\/wp-content\/uploads\/2020\/12\/EDA.jpg","@id":"https:\/\/www.eldigitaldeasturias.com\/noticias\/cortado-el-trafico-a-camiones-desde-el-kilometro-45-de-la-a-1-por-la-nieve\/#organizationLogo"},"image":{"@id":"https:\/\/www.eldigitaldeasturias.com\/noticias\/cortado-el-trafico-a-camiones-desde-el-kilometro-45-de-la-a-1-por-la-nieve\/#organizationLogo"},"sameAs":["https:\/\/facebook.com\/eldigitaldeasturias","https:\/\/www.youtube.com\/channel\/UCZP-2wLEB9Rv6erhFmqVnvg"],"address":{"@id":"https:\/\/www.eldigitaldeasturias.com\/noticias\/#postaladdress","@type":"PostalAddress","streetAddress":"san antonio 4","postalCode":"33430","addressLocality":"Cand\u00e1s","addressRegion":"Asturias","addressCountry":"ES"}},{"@type":"Person","@id":"https:\/\/www.eldigitaldeasturias.com\/noticias\/author\/admin\/#author","url":"https:\/\/www.eldigitaldeasturias.com\/noticias\/author\/admin\/","name":"El Digital de Asturias","image":{"@type":"ImageObject","@id":"https:\/\/www.eldigitaldeasturias.com\/noticias\/cortado-el-trafico-a-camiones-desde-el-kilometro-45-de-la-a-1-por-la-nieve\/#authorImage","url":"https:\/\/secure.gravatar.com\/avatar\/df2aeffc32bcd13f8d26072ef8a91b623d677766deac7f97ca815868cd41bf5e?s=96&d=mm&r=g","width":96,"height":96,"caption":"El Digital de Asturias"}},{"@type":"WebPage","@id":"https:\/\/www.eldigitaldeasturias.com\/noticias\/cortado-el-trafico-a-camiones-desde-el-kilometro-45-de-la-a-1-por-la-nieve\/#webpage","url":"https:\/\/www.eldigitaldeasturias.com\/noticias\/cortado-el-trafico-a-camiones-desde-el-kilometro-45-de-la-a-1-por-la-nieve\/","name":"Cortado el tr\u00e1fico a camiones desde el kil\u00f3metro 45 de la A-1 por la nieve - El Digital de Asturias","description":"Madrid, 9 feb (EFE).- La carretera de Burgos (A-1) permanece cortada al tr\u00e1fico de camiones entre los kil\u00f3metros 45 y 84 a causa de la nevada que est\u00e1 cayendo en la sierra de Madrid, que hab\u00eda provocado el cierre del acceso al aparcamiento del puerto de Navacerrada, ya reabierto. As\u00ed lo ha manifestado en declaraciones","inLanguage":"es-ES","isPartOf":{"@id":"https:\/\/www.eldigitaldeasturias.com\/noticias\/#website"},"breadcrumb":{"@id":"https:\/\/www.eldigitaldeasturias.com\/noticias\/cortado-el-trafico-a-camiones-desde-el-kilometro-45-de-la-a-1-por-la-nieve\/#breadcrumblist"},"author":{"@id":"https:\/\/www.eldigitaldeasturias.com\/noticias\/author\/admin\/#author"},"creator":{"@id":"https:\/\/www.eldigitaldeasturias.com\/noticias\/author\/admin\/#author"},"image":{"@type":"ImageObject","url":487387,"@id":"https:\/\/www.eldigitaldeasturias.com\/noticias\/cortado-el-trafico-a-camiones-desde-el-kilometro-45-de-la-a-1-por-la-nieve\/#mainImage"},"primaryImageOfPage":{"@id":"https:\/\/www.eldigitaldeasturias.com\/noticias\/cortado-el-trafico-a-camiones-desde-el-kilometro-45-de-la-a-1-por-la-nieve\/#mainImage"},"datePublished":"2014-02-09T21:15:12+01:00","dateModified":"2014-02-09T21:15:12+01:00"},{"@type":"WebSite","@id":"https:\/\/www.eldigitaldeasturias.com\/noticias\/#website","url":"https:\/\/www.eldigitaldeasturias.com\/noticias\/","name":"El Digital de Asturias - Diario de actualidad y noticias","alternateName":"El Digital de Asturias - Diario de actualidad y noticias","description":"Hemeroteca","inLanguage":"es-ES","publisher":{"@id":"https:\/\/www.eldigitaldeasturias.com\/noticias\/#organization"}}]},"og:locale":"es_ES","og:site_name":"El Digital de Asturias","og:type":"article","og:title":"Cortado el tr\u00e1fico a camiones desde el kil\u00f3metro 45 de la A-1 por la nieve - El Digital de Asturias","og:description":"Madrid, 9 feb (EFE).- La carretera de Burgos (A-1) permanece cortada al tr\u00e1fico de camiones entre los kil\u00f3metros 45 y 84 a causa de la nevada que est\u00e1 cayendo en la sierra de Madrid, que hab\u00eda provocado el cierre del acceso al aparcamiento del puerto de Navacerrada, ya reabierto. As\u00ed lo ha manifestado en declaraciones","og:url":"https:\/\/www.eldigitaldeasturias.com\/noticias\/cortado-el-trafico-a-camiones-desde-el-kilometro-45-de-la-a-1-por-la-nieve\/","article:tag":["actualidad"],"article:published_time":"2014-02-09T22:15:12+00:00","article:modified_time":"2014-02-09T22:15:12+00:00","article:publisher":"https:\/\/facebook.com\/eldigitaldeasturias","twitter:card":"summary_large_image","twitter:title":"Cortado el tr\u00e1fico a camiones desde el kil\u00f3metro 45 de la A-1 por la nieve - El Digital de Asturias","twitter:description":"Madrid, 9 feb (EFE).- La carretera de Burgos (A-1) permanece cortada al tr\u00e1fico de camiones entre los kil\u00f3metros 45 y 84 a causa de la nevada que est\u00e1 cayendo en la sierra de Madrid, que hab\u00eda provocado el cierre del acceso al aparcamiento del puerto de Navacerrada, ya reabierto. As\u00ed lo ha manifestado en declaraciones","twitter:label1":"Escrito por","twitter:data1":"El Digital de Asturias","twitter:label2":"Tiempo de lectura estimado","twitter:data2":"2 minutos"},"aioseo_meta_data":{"post_id":"487386","title":null,"description":null,"keywords":null,"keyphrases":null,"primary_term":null,"canonical_url":null,"og_title":null,"og_description":null,"og_object_type":"default","og_image_type":"default","og_image_url":null,"og_image_width":null,"og_image_height":null,"og_image_custom_url":null,"og_image_custom_fields":null,"og_video":null,"og_custom_url":null,"og_article_section":null,"og_article_tags":null,"twitter_use_og":true,"twitter_card":"default","twitter_image_type":"default","twitter_image_url":null,"twitter_image_custom_url":null,"twitter_image_custom_fields":null,"twitter_title":null,"twitter_description":null,"schema":{"blockGraphs":[],"customGraphs":[],"default":{"data":{"Article":[],"Course":[],"Dataset":[],"FAQPage":[],"Movie":[],"Person":[],"Product":[],"ProductReview":[],"Car":[],"Recipe":[],"Service":[],"SoftwareApplication":[],"WebPage":[]},"graphName":"","isEnabled":true},"graphs":[],"defaultGraph":"","defaultPostTypeGraph":""},"schema_type":null,"schema_type_options":null,"pillar_content":false,"robots_default":true,"robots_noindex":false,"robots_noarchive":false,"robots_nosnippet":false,"robots_nofollow":false,"robots_noimageindex":false,"robots_noodp":false,"robots_notranslate":false,"robots_max_snippet":null,"robots_max_videopreview":null,"robots_max_imagepreview":"none","priority":null,"frequency":null,"local_seo":null,"seo_analyzer_scan_date":"2026-06-03 04:34:51","breadcrumb_settings":null,"limit_modified_date":false,"open_ai":null,"ai":null,"created":"2020-11-14 22:56:22","updated":"2026-06-03 04:34:51","focus_keyword":null,"additional_keywords":null,"truseo_locale":null},"aioseo_breadcrumb":"<div class=\"aioseo-breadcrumbs\"><span class=\"aioseo-breadcrumb\">\n\t<a href=\"https:\/\/www.eldigitaldeasturias.com\/noticias\" title=\"Home\">Home<\/a>\n<\/span><span class=\"aioseo-breadcrumb-separator\">\u2013<\/span><span class=\"aioseo-breadcrumb\">\n\t<a href=\"https:\/\/www.eldigitaldeasturias.com\/noticias\/category\/actualidad\/\" title=\"Actualidad\">Actualidad<\/a>\n<\/span><span class=\"aioseo-breadcrumb-separator\">\u2013<\/span><span class=\"aioseo-breadcrumb\">\n\t<a href=\"https:\/\/www.eldigitaldeasturias.com\/noticias\/cortado-el-trafico-a-camiones-desde-el-kilometro-45-de-la-a-1-por-la-nieve\/\" title=\"Cortado el tr\u00e1fico a camiones desde el kil\u00f3metro 45 de la A-1 por la nieve\">Cortado el tr\u00e1fico a camiones desde el kil\u00f3metro 45 de la A-1 por la nieve<\/a>\n<\/span><\/div>","aioseo_breadcrumb_json":[{"label":"Home","link":"https:\/\/www.eldigitaldeasturias.com\/noticias"},{"label":"Actualidad","link":"https:\/\/www.eldigitaldeasturias.com\/noticias\/category\/actualidad\/"},{"label":"Cortado el tr\u00e1fico a camiones desde el kil\u00f3metro 45 de la A-1 por la nieve","link":"https:\/\/www.eldigitaldeasturias.com\/noticias\/cortado-el-trafico-a-camiones-desde-el-kilometro-45-de-la-a-1-por-la-nieve\/"}],"_links":{"self":[{"href":"https:\/\/www.eldigitaldeasturias.com\/noticias\/wp-json\/wp\/v2\/posts\/487386","targetHints":{"allow":["GET"]}}],"collection":[{"href":"https:\/\/www.eldigitaldeasturias.com\/noticias\/wp-json\/wp\/v2\/posts"}],"about":[{"href":"https:\/\/www.eldigitaldeasturias.com\/noticias\/wp-json\/wp\/v2\/types\/post"}],"author":[{"embeddable":true,"href":"https:\/\/www.eldigitaldeasturias.com\/noticias\/wp-json\/wp\/v2\/users\/1"}],"replies":[{"embeddable":true,"href":"https:\/\/www.eldigitaldeasturias.com\/noticias\/wp-json\/wp\/v2\/comments?post=487386"}],"version-history":[{"count":0,"href":"https:\/\/www.eldigitaldeasturias.com\/noticias\/wp-json\/wp\/v2\/posts\/487386\/revisions"}],"wp:attachment":[{"href":"https:\/\/www.eldigitaldeasturias.com\/noticias\/wp-json\/wp\/v2\/media?parent=487386"}],"wp:term":[{"taxonomy":"category","embeddable":true,"href":"https:\/\/www.eldigitaldeasturias.com\/noticias\/wp-json\/wp\/v2\/categories?post=487386"},{"taxonomy":"post_tag","embeddable":true,"href":"https:\/\/www.eldigitaldeasturias.com\/noticias\/wp-json\/wp\/v2\/tags?post=487386"}],"curies":[{"name":"wp","href":"https:\/\/api.w.org\/{rel}","templated":true}]}}