{"id":487366,"date":"2014-02-09T20:18:48","date_gmt":"2014-02-09T21:18:48","guid":{"rendered":"http:\/\/www.eldigitaldeasturias.com\/noticias\/?p=487366"},"modified":"2014-02-09T20:18:48","modified_gmt":"2014-02-09T21:18:48","slug":"israel-insiste-en-que-no-aceptara-fuerzas-internacionales-en-un-acuerdo-de-paz","status":"publish","type":"post","link":"https:\/\/www.eldigitaldeasturias.com\/noticias\/israel-insiste-en-que-no-aceptara-fuerzas-internacionales-en-un-acuerdo-de-paz\/","title":{"rendered":"Israel insiste en que no aceptar\u00e1 fuerzas internacionales en un acuerdo de paz"},"content":{"rendered":"<p><img loading=\"lazy\" decoding=\"async\" class=\"alignleft size-medium wp-image-487367\" alt=\"5925093w\" src=\"https:\/\/www.eldigitaldeasturias.com\/noticias\/wp-content\/uploads\/2014\/02\/5925093w-360x239.jpg\" width=\"360\" height=\"239\" \/>Jerusal\u00e9n, 9 feb (EFE).- El ministro israel\u00ed de Exteriores, Avigdor Lieberman, insisti\u00f3 hoy en que su pa\u00eds no aceptar\u00e1 la presencia de fuerzas internacionales, presumiblemente en el Valle del Jord\u00e1n, en un eventual acuerdo de paz con los palestinos.<\/p>\n<p>As\u00ed lo manifest\u00f3 a la radio p\u00fablica israel\u00ed en una entrevista en la que, no obstante, rompi\u00f3 una lanza a favor del secretario de Estado de EE. UU., John Kerry, mediador en el actual proceso de paz duramente criticado por miembros del Ejecutivo israel\u00ed en la \u00faltima semana, al se\u00f1alar que goza \u00abde un rico pasado de apoyo\u00bb a Israel.<\/p>\n<p>Lieberman dijo que Israel no puede esperar que Kerry presente un acuerdo marco parcial, que satisfaga s\u00f3lo a la parte israel\u00ed.<\/p>\n<p>El jefe de la diplomacia norteamericana fue vilipendiado por los sectores m\u00e1s derechistas del Gobierno despu\u00e9s de unas declaraciones en las que avisaba a Israel de que se enfrenta al boicot internacional si no llega pronto a una soluci\u00f3n con los palestinos.<\/p>\n<p>En la entrevista con la emisora israel\u00ed, Lieberman consider\u00f3 que est\u00e1 claro que en la propuesta que Kerry trata de elaborar para sentar las bases de cara a un acuerdo definitivo, \u00abhabr\u00e1 partes con las que estemos de acuerdo y otras con las que no, como la presencia de fuerzas internacionales\u00bb.<\/p>\n<p>Kerry declar\u00f3 el s\u00e1bado al diario \u00abThe Washington Post\u00bb que la posibilidad de desplegar fuerzas de una tercera parte en la regi\u00f3n \u00abes algo que en lo que las partes deben trabajar\u00bb.<\/p>\n<p>Alud\u00eda a la propuesta de contar con fuerzas internacionales, como de la ONU o la OTAN en el Valle del Jord\u00e1n, territorio ocupado por Israel en 1967, medida en principio aceptada por los palestinos pero que los israel\u00edes rechazan de plano.<\/p>\n<p>Por \u00faltimo, el canciller israel\u00ed reiter\u00f3 su posici\u00f3n de que un acuerdo de paz deber\u00eda incluir la posibilidad de intercambios territoriales as\u00ed como de poblaciones.<\/p>\n<p>En este sentido, dijo que hay diputados \u00e1rabes en el Parlamento israel\u00ed (Kneset) que apoyan a organizaciones terroristas y pronuncian discursos de incitaci\u00f3n al odio contra Israel.<\/p>\n<p>\u00abEs un descaro que aquellos que desean la destrucci\u00f3n de Israel desde adentro tambi\u00e9n sean sus ciudadanos\u00bb, declar\u00f3.<\/p>\n<p>Principal impulsor del actual di\u00e1logo entre las partes que se inici\u00f3 en julio pasado y tiene previsto concluir el pr\u00f3ximo 29 de abril, Kerry cree que israel\u00edes y palestinos deben contar con la opci\u00f3n de poder refutar partes del plan marco que elabora.<\/p>\n<p>En la entrevista con el diario editado en la capital estadounidense, dijo que el primer ministro israel\u00ed, Benjam\u00edn Netanyahu, y el presidente palestino, Mahmud Ab\u00e1s, podr\u00e1n presentar sus objeciones, y apunt\u00f3 que eran la \u00ab\u00fanica manera de permitir pol\u00edticamente que las negociaciones sigan adelante\u00bb.<\/p>\n","protected":false},"excerpt":{"rendered":"<p>Jerusal\u00e9n, 9 feb (EFE).- El ministro israel\u00ed de Exteriores, Avigdor Lieberman, insisti\u00f3 hoy en que su pa\u00eds no aceptar\u00e1 la presencia de fuerzas internacionales, presumiblemente en el Valle del Jord\u00e1n, en un eventual acuerdo de paz con los palestinos. As\u00ed lo manifest\u00f3 a la radio p\u00fablica israel\u00ed en una entrevista en la que, no obstante, [&hellip;]<\/p>\n","protected":false},"author":1,"featured_media":487367,"comment_status":"open","ping_status":"open","sticky":false,"template":"","format":"standard","meta":{"footnotes":""},"categories":[1],"tags":[],"class_list":["post-487366","post","type-post","status-publish","format-standard","has-post-thumbnail","hentry","category-actualidad"],"aioseo_notices":[],"aioseo_head":"\n\t\t<!-- All in One SEO Pro 5.0.1 - aioseo.com -->\n\t<meta name=\"description\" content=\"Jerusal\u00e9n, 9 feb (EFE).- El ministro israel\u00ed de Exteriores, Avigdor Lieberman, insisti\u00f3 hoy en que su pa\u00eds no aceptar\u00e1 la presencia de fuerzas internacionales, presumiblemente en el Valle del Jord\u00e1n, en un eventual acuerdo de paz con los palestinos. As\u00ed lo manifest\u00f3 a la radio p\u00fablica israel\u00ed en una entrevista en la que, no obstante,\" \/>\n\t<meta name=\"robots\" content=\"max-image-preview:large\" \/>\n\t<meta name=\"author\" content=\"El Digital de Asturias\"\/>\n\t<meta name=\"google-site-verification\" content=\"UA-38556648-1\" \/>\n\t<meta name=\"msvalidate.01\" content=\"7dfe9f3f1b24437ab69f4f2559babe99\" \/>\n\t<meta name=\"keywords\" content=\"actualidad\" \/>\n\t<link rel=\"canonical\" href=\"https:\/\/www.eldigitaldeasturias.com\/noticias\/israel-insiste-en-que-no-aceptara-fuerzas-internacionales-en-un-acuerdo-de-paz\/\" \/>\n\t<meta name=\"generator\" content=\"All in One SEO Pro (AIOSEO) 5.0.1\" \/>\n\t\t<meta property=\"og:locale\" content=\"es_ES\" \/>\n\t\t<meta property=\"og:site_name\" content=\"El Digital de Asturias\" \/>\n\t\t<meta property=\"og:type\" content=\"article\" \/>\n\t\t<meta property=\"og:title\" content=\"Israel insiste en que no aceptar\u00e1 fuerzas internacionales en un acuerdo de paz - El Digital de Asturias\" \/>\n\t\t<meta property=\"og:description\" content=\"Jerusal\u00e9n, 9 feb (EFE).- El ministro israel\u00ed de Exteriores, Avigdor Lieberman, insisti\u00f3 hoy en que su pa\u00eds no aceptar\u00e1 la presencia de fuerzas internacionales, presumiblemente en el Valle del Jord\u00e1n, en un eventual acuerdo de paz con los palestinos. As\u00ed lo manifest\u00f3 a la radio p\u00fablica israel\u00ed en una entrevista en la que, no obstante,\" \/>\n\t\t<meta property=\"og:url\" content=\"https:\/\/www.eldigitaldeasturias.com\/noticias\/israel-insiste-en-que-no-aceptara-fuerzas-internacionales-en-un-acuerdo-de-paz\/\" \/>\n\t\t<meta property=\"article:tag\" content=\"actualidad\" \/>\n\t\t<meta property=\"article:published_time\" content=\"2014-02-09T21:18:48+00:00\" \/>\n\t\t<meta property=\"article:modified_time\" content=\"2014-02-09T21:18:48+00:00\" \/>\n\t\t<meta property=\"article:publisher\" content=\"https:\/\/facebook.com\/eldigitaldeasturias\" \/>\n\t\t<meta name=\"twitter:card\" content=\"summary_large_image\" \/>\n\t\t<meta name=\"twitter:title\" content=\"Israel insiste en que no aceptar\u00e1 fuerzas internacionales en un acuerdo de paz - El Digital de Asturias\" \/>\n\t\t<meta name=\"twitter:description\" content=\"Jerusal\u00e9n, 9 feb (EFE).- El ministro israel\u00ed de Exteriores, Avigdor Lieberman, insisti\u00f3 hoy en que su pa\u00eds no aceptar\u00e1 la presencia de fuerzas internacionales, presumiblemente en el Valle del Jord\u00e1n, en un eventual acuerdo de paz con los palestinos. As\u00ed lo manifest\u00f3 a la radio p\u00fablica israel\u00ed en una entrevista en la que, no obstante,\" \/>\n\t\t<meta name=\"twitter:label1\" content=\"Escrito por\" \/>\n\t\t<meta name=\"twitter:data1\" content=\"El Digital de Asturias\" \/>\n\t\t<meta name=\"twitter:label2\" content=\"Tiempo de lectura estimado\" \/>\n\t\t<meta name=\"twitter:data2\" content=\"2 minutos\" \/>\n\t\t<script type=\"application\/ld+json\" class=\"aioseo-schema\">\n\t\t\t{\"@context\":\"https:\\\/\\\/schema.org\",\"@graph\":[{\"@type\":\"BlogPosting\",\"@id\":\"https:\\\/\\\/www.eldigitaldeasturias.com\\\/noticias\\\/israel-insiste-en-que-no-aceptara-fuerzas-internacionales-en-un-acuerdo-de-paz\\\/#blogposting\",\"name\":\"Israel insiste en que no aceptar\\u00e1 fuerzas internacionales en un acuerdo de paz - El Digital de Asturias\",\"headline\":\"Israel insiste en que no aceptar\\u00e1 fuerzas internacionales en un acuerdo de paz\",\"author\":{\"@id\":\"https:\\\/\\\/www.eldigitaldeasturias.com\\\/noticias\\\/author\\\/admin\\\/#author\"},\"publisher\":{\"@id\":\"https:\\\/\\\/www.eldigitaldeasturias.com\\\/noticias\\\/#organization\"},\"image\":{\"@type\":\"ImageObject\",\"url\":487367},\"datePublished\":\"2014-02-09T20:18:48+01:00\",\"dateModified\":\"2014-02-09T20:18:48+01:00\",\"inLanguage\":\"es-ES\",\"mainEntityOfPage\":{\"@id\":\"https:\\\/\\\/www.eldigitaldeasturias.com\\\/noticias\\\/israel-insiste-en-que-no-aceptara-fuerzas-internacionales-en-un-acuerdo-de-paz\\\/#webpage\"},\"isPartOf\":{\"@id\":\"https:\\\/\\\/www.eldigitaldeasturias.com\\\/noticias\\\/israel-insiste-en-que-no-aceptara-fuerzas-internacionales-en-un-acuerdo-de-paz\\\/#webpage\"},\"articleSection\":\"Actualidad\"},{\"@type\":\"BreadcrumbList\",\"@id\":\"https:\\\/\\\/www.eldigitaldeasturias.com\\\/noticias\\\/israel-insiste-en-que-no-aceptara-fuerzas-internacionales-en-un-acuerdo-de-paz\\\/#breadcrumblist\",\"itemListElement\":[{\"@type\":\"ListItem\",\"@id\":\"https:\\\/\\\/www.eldigitaldeasturias.com\\\/noticias#listItem\",\"position\":1,\"name\":\"Home\",\"item\":\"https:\\\/\\\/www.eldigitaldeasturias.com\\\/noticias\",\"nextItem\":{\"@type\":\"ListItem\",\"@id\":\"https:\\\/\\\/www.eldigitaldeasturias.com\\\/noticias\\\/category\\\/actualidad\\\/#listItem\",\"name\":\"Actualidad\"}},{\"@type\":\"ListItem\",\"@id\":\"https:\\\/\\\/www.eldigitaldeasturias.com\\\/noticias\\\/category\\\/actualidad\\\/#listItem\",\"position\":2,\"name\":\"Actualidad\",\"item\":\"https:\\\/\\\/www.eldigitaldeasturias.com\\\/noticias\\\/category\\\/actualidad\\\/\",\"nextItem\":{\"@type\":\"ListItem\",\"@id\":\"https:\\\/\\\/www.eldigitaldeasturias.com\\\/noticias\\\/israel-insiste-en-que-no-aceptara-fuerzas-internacionales-en-un-acuerdo-de-paz\\\/#listItem\",\"name\":\"Israel insiste en que no aceptar\\u00e1 fuerzas internacionales en un acuerdo de paz\"},\"previousItem\":{\"@type\":\"ListItem\",\"@id\":\"https:\\\/\\\/www.eldigitaldeasturias.com\\\/noticias#listItem\",\"name\":\"Home\"}},{\"@type\":\"ListItem\",\"@id\":\"https:\\\/\\\/www.eldigitaldeasturias.com\\\/noticias\\\/israel-insiste-en-que-no-aceptara-fuerzas-internacionales-en-un-acuerdo-de-paz\\\/#listItem\",\"position\":3,\"name\":\"Israel insiste en que no aceptar\\u00e1 fuerzas internacionales en un acuerdo de paz\",\"previousItem\":{\"@type\":\"ListItem\",\"@id\":\"https:\\\/\\\/www.eldigitaldeasturias.com\\\/noticias\\\/category\\\/actualidad\\\/#listItem\",\"name\":\"Actualidad\"}}]},{\"@type\":\"Organization\",\"@id\":\"https:\\\/\\\/www.eldigitaldeasturias.com\\\/noticias\\\/#organization\",\"name\":\"El Digital de Asturias\",\"description\":\"Hemeroteca\",\"url\":\"https:\\\/\\\/www.eldigitaldeasturias.com\\\/noticias\\\/\",\"email\":\"info@eldigitaldeasturias.com\",\"telephone\":\"+34652131393\",\"logo\":{\"@type\":\"ImageObject\",\"url\":\"https:\\\/\\\/www.eldigitaldeasturias.com\\\/noticias\\\/wp-content\\\/uploads\\\/2020\\\/12\\\/EDA.jpg\",\"@id\":\"https:\\\/\\\/www.eldigitaldeasturias.com\\\/noticias\\\/israel-insiste-en-que-no-aceptara-fuerzas-internacionales-en-un-acuerdo-de-paz\\\/#organizationLogo\"},\"image\":{\"@id\":\"https:\\\/\\\/www.eldigitaldeasturias.com\\\/noticias\\\/israel-insiste-en-que-no-aceptara-fuerzas-internacionales-en-un-acuerdo-de-paz\\\/#organizationLogo\"},\"sameAs\":[\"https:\\\/\\\/facebook.com\\\/eldigitaldeasturias\",\"https:\\\/\\\/www.youtube.com\\\/channel\\\/UCZP-2wLEB9Rv6erhFmqVnvg\"],\"address\":{\"@id\":\"https:\\\/\\\/www.eldigitaldeasturias.com\\\/noticias\\\/#postaladdress\",\"@type\":\"PostalAddress\",\"streetAddress\":\"san antonio 4\",\"postalCode\":\"33430\",\"addressLocality\":\"Cand\\u00e1s\",\"addressRegion\":\"Asturias\",\"addressCountry\":\"ES\"}},{\"@type\":\"Person\",\"@id\":\"https:\\\/\\\/www.eldigitaldeasturias.com\\\/noticias\\\/author\\\/admin\\\/#author\",\"url\":\"https:\\\/\\\/www.eldigitaldeasturias.com\\\/noticias\\\/author\\\/admin\\\/\",\"name\":\"El Digital de Asturias\",\"image\":{\"@type\":\"ImageObject\",\"@id\":\"https:\\\/\\\/www.eldigitaldeasturias.com\\\/noticias\\\/israel-insiste-en-que-no-aceptara-fuerzas-internacionales-en-un-acuerdo-de-paz\\\/#authorImage\",\"url\":\"https:\\\/\\\/secure.gravatar.com\\\/avatar\\\/df2aeffc32bcd13f8d26072ef8a91b623d677766deac7f97ca815868cd41bf5e?s=96&d=mm&r=g\",\"width\":96,\"height\":96,\"caption\":\"El Digital de Asturias\"}},{\"@type\":\"WebPage\",\"@id\":\"https:\\\/\\\/www.eldigitaldeasturias.com\\\/noticias\\\/israel-insiste-en-que-no-aceptara-fuerzas-internacionales-en-un-acuerdo-de-paz\\\/#webpage\",\"url\":\"https:\\\/\\\/www.eldigitaldeasturias.com\\\/noticias\\\/israel-insiste-en-que-no-aceptara-fuerzas-internacionales-en-un-acuerdo-de-paz\\\/\",\"name\":\"Israel insiste en que no aceptar\\u00e1 fuerzas internacionales en un acuerdo de paz - El Digital de Asturias\",\"description\":\"Jerusal\\u00e9n, 9 feb (EFE).- El ministro israel\\u00ed de Exteriores, Avigdor Lieberman, insisti\\u00f3 hoy en que su pa\\u00eds no aceptar\\u00e1 la presencia de fuerzas internacionales, presumiblemente en el Valle del Jord\\u00e1n, en un eventual acuerdo de paz con los palestinos. As\\u00ed lo manifest\\u00f3 a la radio p\\u00fablica israel\\u00ed en una entrevista en la que, no obstante,\",\"inLanguage\":\"es-ES\",\"isPartOf\":{\"@id\":\"https:\\\/\\\/www.eldigitaldeasturias.com\\\/noticias\\\/#website\"},\"breadcrumb\":{\"@id\":\"https:\\\/\\\/www.eldigitaldeasturias.com\\\/noticias\\\/israel-insiste-en-que-no-aceptara-fuerzas-internacionales-en-un-acuerdo-de-paz\\\/#breadcrumblist\"},\"author\":{\"@id\":\"https:\\\/\\\/www.eldigitaldeasturias.com\\\/noticias\\\/author\\\/admin\\\/#author\"},\"creator\":{\"@id\":\"https:\\\/\\\/www.eldigitaldeasturias.com\\\/noticias\\\/author\\\/admin\\\/#author\"},\"image\":{\"@type\":\"ImageObject\",\"url\":487367,\"@id\":\"https:\\\/\\\/www.eldigitaldeasturias.com\\\/noticias\\\/israel-insiste-en-que-no-aceptara-fuerzas-internacionales-en-un-acuerdo-de-paz\\\/#mainImage\"},\"primaryImageOfPage\":{\"@id\":\"https:\\\/\\\/www.eldigitaldeasturias.com\\\/noticias\\\/israel-insiste-en-que-no-aceptara-fuerzas-internacionales-en-un-acuerdo-de-paz\\\/#mainImage\"},\"datePublished\":\"2014-02-09T20:18:48+01:00\",\"dateModified\":\"2014-02-09T20:18:48+01:00\"},{\"@type\":\"WebSite\",\"@id\":\"https:\\\/\\\/www.eldigitaldeasturias.com\\\/noticias\\\/#website\",\"url\":\"https:\\\/\\\/www.eldigitaldeasturias.com\\\/noticias\\\/\",\"name\":\"El Digital de Asturias - Diario de actualidad y noticias\",\"alternateName\":\"El Digital de Asturias - Diario de actualidad y noticias\",\"description\":\"Hemeroteca\",\"inLanguage\":\"es-ES\",\"publisher\":{\"@id\":\"https:\\\/\\\/www.eldigitaldeasturias.com\\\/noticias\\\/#organization\"}}]}\n\t\t<\/script>\n\t\t<!-- All in One SEO Pro -->\r\n\t\t<title>Israel insiste en que no aceptar\u00e1 fuerzas internacionales en un acuerdo de paz - El Digital de Asturias<\/title>\n\n","aioseo_head_json":{"title":"Israel insiste en que no aceptar\u00e1 fuerzas internacionales en un acuerdo de paz - El Digital de Asturias","description":"Jerusal\u00e9n, 9 feb (EFE).- El ministro israel\u00ed de Exteriores, Avigdor Lieberman, insisti\u00f3 hoy en que su pa\u00eds no aceptar\u00e1 la presencia de fuerzas internacionales, presumiblemente en el Valle del Jord\u00e1n, en un eventual acuerdo de paz con los palestinos. As\u00ed lo manifest\u00f3 a la radio p\u00fablica israel\u00ed en una entrevista en la que, no obstante,","canonical_url":"https:\/\/www.eldigitaldeasturias.com\/noticias\/israel-insiste-en-que-no-aceptara-fuerzas-internacionales-en-un-acuerdo-de-paz\/","robots":"max-image-preview:large","keywords":"actualidad","webmasterTools":{"google-site-verification":"UA-38556648-1","msvalidate.01":"7dfe9f3f1b24437ab69f4f2559babe99","miscellaneous":""},"schema":{"@context":"https:\/\/schema.org","@graph":[{"@type":"BlogPosting","@id":"https:\/\/www.eldigitaldeasturias.com\/noticias\/israel-insiste-en-que-no-aceptara-fuerzas-internacionales-en-un-acuerdo-de-paz\/#blogposting","name":"Israel insiste en que no aceptar\u00e1 fuerzas internacionales en un acuerdo de paz - El Digital de Asturias","headline":"Israel insiste en que no aceptar\u00e1 fuerzas internacionales en un acuerdo de paz","author":{"@id":"https:\/\/www.eldigitaldeasturias.com\/noticias\/author\/admin\/#author"},"publisher":{"@id":"https:\/\/www.eldigitaldeasturias.com\/noticias\/#organization"},"image":{"@type":"ImageObject","url":487367},"datePublished":"2014-02-09T20:18:48+01:00","dateModified":"2014-02-09T20:18:48+01:00","inLanguage":"es-ES","mainEntityOfPage":{"@id":"https:\/\/www.eldigitaldeasturias.com\/noticias\/israel-insiste-en-que-no-aceptara-fuerzas-internacionales-en-un-acuerdo-de-paz\/#webpage"},"isPartOf":{"@id":"https:\/\/www.eldigitaldeasturias.com\/noticias\/israel-insiste-en-que-no-aceptara-fuerzas-internacionales-en-un-acuerdo-de-paz\/#webpage"},"articleSection":"Actualidad"},{"@type":"BreadcrumbList","@id":"https:\/\/www.eldigitaldeasturias.com\/noticias\/israel-insiste-en-que-no-aceptara-fuerzas-internacionales-en-un-acuerdo-de-paz\/#breadcrumblist","itemListElement":[{"@type":"ListItem","@id":"https:\/\/www.eldigitaldeasturias.com\/noticias#listItem","position":1,"name":"Home","item":"https:\/\/www.eldigitaldeasturias.com\/noticias","nextItem":{"@type":"ListItem","@id":"https:\/\/www.eldigitaldeasturias.com\/noticias\/category\/actualidad\/#listItem","name":"Actualidad"}},{"@type":"ListItem","@id":"https:\/\/www.eldigitaldeasturias.com\/noticias\/category\/actualidad\/#listItem","position":2,"name":"Actualidad","item":"https:\/\/www.eldigitaldeasturias.com\/noticias\/category\/actualidad\/","nextItem":{"@type":"ListItem","@id":"https:\/\/www.eldigitaldeasturias.com\/noticias\/israel-insiste-en-que-no-aceptara-fuerzas-internacionales-en-un-acuerdo-de-paz\/#listItem","name":"Israel insiste en que no aceptar\u00e1 fuerzas internacionales en un acuerdo de paz"},"previousItem":{"@type":"ListItem","@id":"https:\/\/www.eldigitaldeasturias.com\/noticias#listItem","name":"Home"}},{"@type":"ListItem","@id":"https:\/\/www.eldigitaldeasturias.com\/noticias\/israel-insiste-en-que-no-aceptara-fuerzas-internacionales-en-un-acuerdo-de-paz\/#listItem","position":3,"name":"Israel insiste en que no aceptar\u00e1 fuerzas internacionales en un acuerdo de paz","previousItem":{"@type":"ListItem","@id":"https:\/\/www.eldigitaldeasturias.com\/noticias\/category\/actualidad\/#listItem","name":"Actualidad"}}]},{"@type":"Organization","@id":"https:\/\/www.eldigitaldeasturias.com\/noticias\/#organization","name":"El Digital de Asturias","description":"Hemeroteca","url":"https:\/\/www.eldigitaldeasturias.com\/noticias\/","email":"info@eldigitaldeasturias.com","telephone":"+34652131393","logo":{"@type":"ImageObject","url":"https:\/\/www.eldigitaldeasturias.com\/noticias\/wp-content\/uploads\/2020\/12\/EDA.jpg","@id":"https:\/\/www.eldigitaldeasturias.com\/noticias\/israel-insiste-en-que-no-aceptara-fuerzas-internacionales-en-un-acuerdo-de-paz\/#organizationLogo"},"image":{"@id":"https:\/\/www.eldigitaldeasturias.com\/noticias\/israel-insiste-en-que-no-aceptara-fuerzas-internacionales-en-un-acuerdo-de-paz\/#organizationLogo"},"sameAs":["https:\/\/facebook.com\/eldigitaldeasturias","https:\/\/www.youtube.com\/channel\/UCZP-2wLEB9Rv6erhFmqVnvg"],"address":{"@id":"https:\/\/www.eldigitaldeasturias.com\/noticias\/#postaladdress","@type":"PostalAddress","streetAddress":"san antonio 4","postalCode":"33430","addressLocality":"Cand\u00e1s","addressRegion":"Asturias","addressCountry":"ES"}},{"@type":"Person","@id":"https:\/\/www.eldigitaldeasturias.com\/noticias\/author\/admin\/#author","url":"https:\/\/www.eldigitaldeasturias.com\/noticias\/author\/admin\/","name":"El Digital de Asturias","image":{"@type":"ImageObject","@id":"https:\/\/www.eldigitaldeasturias.com\/noticias\/israel-insiste-en-que-no-aceptara-fuerzas-internacionales-en-un-acuerdo-de-paz\/#authorImage","url":"https:\/\/secure.gravatar.com\/avatar\/df2aeffc32bcd13f8d26072ef8a91b623d677766deac7f97ca815868cd41bf5e?s=96&d=mm&r=g","width":96,"height":96,"caption":"El Digital de Asturias"}},{"@type":"WebPage","@id":"https:\/\/www.eldigitaldeasturias.com\/noticias\/israel-insiste-en-que-no-aceptara-fuerzas-internacionales-en-un-acuerdo-de-paz\/#webpage","url":"https:\/\/www.eldigitaldeasturias.com\/noticias\/israel-insiste-en-que-no-aceptara-fuerzas-internacionales-en-un-acuerdo-de-paz\/","name":"Israel insiste en que no aceptar\u00e1 fuerzas internacionales en un acuerdo de paz - El Digital de Asturias","description":"Jerusal\u00e9n, 9 feb (EFE).- El ministro israel\u00ed de Exteriores, Avigdor Lieberman, insisti\u00f3 hoy en que su pa\u00eds no aceptar\u00e1 la presencia de fuerzas internacionales, presumiblemente en el Valle del Jord\u00e1n, en un eventual acuerdo de paz con los palestinos. As\u00ed lo manifest\u00f3 a la radio p\u00fablica israel\u00ed en una entrevista en la que, no obstante,","inLanguage":"es-ES","isPartOf":{"@id":"https:\/\/www.eldigitaldeasturias.com\/noticias\/#website"},"breadcrumb":{"@id":"https:\/\/www.eldigitaldeasturias.com\/noticias\/israel-insiste-en-que-no-aceptara-fuerzas-internacionales-en-un-acuerdo-de-paz\/#breadcrumblist"},"author":{"@id":"https:\/\/www.eldigitaldeasturias.com\/noticias\/author\/admin\/#author"},"creator":{"@id":"https:\/\/www.eldigitaldeasturias.com\/noticias\/author\/admin\/#author"},"image":{"@type":"ImageObject","url":487367,"@id":"https:\/\/www.eldigitaldeasturias.com\/noticias\/israel-insiste-en-que-no-aceptara-fuerzas-internacionales-en-un-acuerdo-de-paz\/#mainImage"},"primaryImageOfPage":{"@id":"https:\/\/www.eldigitaldeasturias.com\/noticias\/israel-insiste-en-que-no-aceptara-fuerzas-internacionales-en-un-acuerdo-de-paz\/#mainImage"},"datePublished":"2014-02-09T20:18:48+01:00","dateModified":"2014-02-09T20:18:48+01:00"},{"@type":"WebSite","@id":"https:\/\/www.eldigitaldeasturias.com\/noticias\/#website","url":"https:\/\/www.eldigitaldeasturias.com\/noticias\/","name":"El Digital de Asturias - Diario de actualidad y noticias","alternateName":"El Digital de Asturias - Diario de actualidad y noticias","description":"Hemeroteca","inLanguage":"es-ES","publisher":{"@id":"https:\/\/www.eldigitaldeasturias.com\/noticias\/#organization"}}]},"og:locale":"es_ES","og:site_name":"El Digital de Asturias","og:type":"article","og:title":"Israel insiste en que no aceptar\u00e1 fuerzas internacionales en un acuerdo de paz - El Digital de Asturias","og:description":"Jerusal\u00e9n, 9 feb (EFE).- El ministro israel\u00ed de Exteriores, Avigdor Lieberman, insisti\u00f3 hoy en que su pa\u00eds no aceptar\u00e1 la presencia de fuerzas internacionales, presumiblemente en el Valle del Jord\u00e1n, en un eventual acuerdo de paz con los palestinos. As\u00ed lo manifest\u00f3 a la radio p\u00fablica israel\u00ed en una entrevista en la que, no obstante,","og:url":"https:\/\/www.eldigitaldeasturias.com\/noticias\/israel-insiste-en-que-no-aceptara-fuerzas-internacionales-en-un-acuerdo-de-paz\/","article:tag":["actualidad"],"article:published_time":"2014-02-09T21:18:48+00:00","article:modified_time":"2014-02-09T21:18:48+00:00","article:publisher":"https:\/\/facebook.com\/eldigitaldeasturias","twitter:card":"summary_large_image","twitter:title":"Israel insiste en que no aceptar\u00e1 fuerzas internacionales en un acuerdo de paz - El Digital de Asturias","twitter:description":"Jerusal\u00e9n, 9 feb (EFE).- El ministro israel\u00ed de Exteriores, Avigdor Lieberman, insisti\u00f3 hoy en que su pa\u00eds no aceptar\u00e1 la presencia de fuerzas internacionales, presumiblemente en el Valle del Jord\u00e1n, en un eventual acuerdo de paz con los palestinos. As\u00ed lo manifest\u00f3 a la radio p\u00fablica israel\u00ed en una entrevista en la que, no obstante,","twitter:label1":"Escrito por","twitter:data1":"El Digital de Asturias","twitter:label2":"Tiempo de lectura estimado","twitter:data2":"2 minutos"},"aioseo_meta_data":{"post_id":"487366","title":null,"description":null,"keywords":null,"keyphrases":null,"primary_term":null,"canonical_url":null,"og_title":null,"og_description":null,"og_object_type":"default","og_image_type":"default","og_image_url":null,"og_image_width":null,"og_image_height":null,"og_image_custom_url":null,"og_image_custom_fields":null,"og_video":null,"og_custom_url":null,"og_article_section":null,"og_article_tags":null,"twitter_use_og":true,"twitter_card":"default","twitter_image_type":"default","twitter_image_url":null,"twitter_image_custom_url":null,"twitter_image_custom_fields":null,"twitter_title":null,"twitter_description":null,"schema":{"blockGraphs":[],"customGraphs":[],"default":{"data":{"Article":[],"Course":[],"Dataset":[],"FAQPage":[],"Movie":[],"Person":[],"Product":[],"ProductReview":[],"Car":[],"Recipe":[],"Service":[],"SoftwareApplication":[],"WebPage":[]},"graphName":"","isEnabled":true},"graphs":[],"defaultGraph":"","defaultPostTypeGraph":""},"schema_type":null,"schema_type_options":null,"pillar_content":false,"robots_default":true,"robots_noindex":false,"robots_noarchive":false,"robots_nosnippet":false,"robots_nofollow":false,"robots_noimageindex":false,"robots_noodp":false,"robots_notranslate":false,"robots_max_snippet":null,"robots_max_videopreview":null,"robots_max_imagepreview":"none","priority":null,"frequency":null,"local_seo":null,"seo_analyzer_scan_date":"2026-06-03 04:30:52","breadcrumb_settings":null,"limit_modified_date":false,"open_ai":null,"ai":null,"created":"2020-11-14 22:56:22","updated":"2026-06-03 04:30:52","focus_keyword":null,"additional_keywords":null,"truseo_locale":null},"aioseo_breadcrumb":"<div class=\"aioseo-breadcrumbs\"><span class=\"aioseo-breadcrumb\">\n\t<a href=\"https:\/\/www.eldigitaldeasturias.com\/noticias\" title=\"Home\">Home<\/a>\n<\/span><span class=\"aioseo-breadcrumb-separator\">\u2013<\/span><span class=\"aioseo-breadcrumb\">\n\t<a href=\"https:\/\/www.eldigitaldeasturias.com\/noticias\/category\/actualidad\/\" title=\"Actualidad\">Actualidad<\/a>\n<\/span><span class=\"aioseo-breadcrumb-separator\">\u2013<\/span><span class=\"aioseo-breadcrumb\">\n\t<a href=\"https:\/\/www.eldigitaldeasturias.com\/noticias\/israel-insiste-en-que-no-aceptara-fuerzas-internacionales-en-un-acuerdo-de-paz\/\" title=\"Israel insiste en que no aceptar\u00e1 fuerzas internacionales en un acuerdo de paz\">Israel insiste en que no aceptar\u00e1 fuerzas internacionales en un acuerdo de paz<\/a>\n<\/span><\/div>","aioseo_breadcrumb_json":[{"label":"Home","link":"https:\/\/www.eldigitaldeasturias.com\/noticias"},{"label":"Actualidad","link":"https:\/\/www.eldigitaldeasturias.com\/noticias\/category\/actualidad\/"},{"label":"Israel insiste en que no aceptar\u00e1 fuerzas internacionales en un acuerdo de paz","link":"https:\/\/www.eldigitaldeasturias.com\/noticias\/israel-insiste-en-que-no-aceptara-fuerzas-internacionales-en-un-acuerdo-de-paz\/"}],"_links":{"self":[{"href":"https:\/\/www.eldigitaldeasturias.com\/noticias\/wp-json\/wp\/v2\/posts\/487366","targetHints":{"allow":["GET"]}}],"collection":[{"href":"https:\/\/www.eldigitaldeasturias.com\/noticias\/wp-json\/wp\/v2\/posts"}],"about":[{"href":"https:\/\/www.eldigitaldeasturias.com\/noticias\/wp-json\/wp\/v2\/types\/post"}],"author":[{"embeddable":true,"href":"https:\/\/www.eldigitaldeasturias.com\/noticias\/wp-json\/wp\/v2\/users\/1"}],"replies":[{"embeddable":true,"href":"https:\/\/www.eldigitaldeasturias.com\/noticias\/wp-json\/wp\/v2\/comments?post=487366"}],"version-history":[{"count":0,"href":"https:\/\/www.eldigitaldeasturias.com\/noticias\/wp-json\/wp\/v2\/posts\/487366\/revisions"}],"wp:attachment":[{"href":"https:\/\/www.eldigitaldeasturias.com\/noticias\/wp-json\/wp\/v2\/media?parent=487366"}],"wp:term":[{"taxonomy":"category","embeddable":true,"href":"https:\/\/www.eldigitaldeasturias.com\/noticias\/wp-json\/wp\/v2\/categories?post=487366"},{"taxonomy":"post_tag","embeddable":true,"href":"https:\/\/www.eldigitaldeasturias.com\/noticias\/wp-json\/wp\/v2\/tags?post=487366"}],"curies":[{"name":"wp","href":"https:\/\/api.w.org\/{rel}","templated":true}]}}