{"id":487360,"date":"2014-02-09T20:05:21","date_gmt":"2014-02-09T21:05:21","guid":{"rendered":"http:\/\/www.eldigitaldeasturias.com\/noticias\/?p=487360"},"modified":"2014-02-09T20:05:21","modified_gmt":"2014-02-09T21:05:21","slug":"pizzi-provoca-un-giro-de-180-grados-al-valencia","status":"publish","type":"post","link":"https:\/\/www.eldigitaldeasturias.com\/noticias\/pizzi-provoca-un-giro-de-180-grados-al-valencia\/","title":{"rendered":"Pizzi provoca un giro de 180 grados al Valencia"},"content":{"rendered":"<p><img loading=\"lazy\" decoding=\"async\" class=\"alignleft size-medium wp-image-487361\" alt=\"5925512w\" src=\"https:\/\/www.eldigitaldeasturias.com\/noticias\/wp-content\/uploads\/2014\/02\/5925512w-360x295.jpg\" width=\"360\" height=\"295\" \/>Valencia, 9 feb (EFE).- El Valencia ha dado un giro de 180 grados de la mano de su nuevo entrenador, el hispano-argentino Juan Antonio Pizzi, que ha conseguido el equipo diera un paso adelante y que en los dos \u00faltimos encuentros haya unido a esa mejor\u00eda, las victorias que al principio se le resist\u00edan.<\/p>\n<p>La victoria de hace una semana como visitante ante el l\u00edder Barcelona por 2-3 y la goleada (5-0) de este s\u00e1bado ante un Betis que pretend\u00eda ratificar su reacci\u00f3n en Mestalla, suponen un golpe de moral para el equipo que ha a\u00f1adido triunfos y goles a un f\u00fatbol mejor.<\/p>\n<p>El Valencia taciturno y sin respuesta que deambulaba por el terreno de juego hasta el final del a\u00f1o pasado a las \u00f3rdenes del serbio Miroslav Djukic se ha convertido en un equipo intenso y batallador, que siempre ha dado la cara desde la llegada de Pizzi.<\/p>\n<p>De un plumazo, la afici\u00f3n ha olvidado a jugadores que hasta hace poco m\u00e1s de una semana eran habituales en las alineaciones del equipo como el mexicano Andr\u00e9s Guardado, el colombiano Dorlan Pab\u00f3n, Sergio Canales o el portugu\u00e9s H\u00e9lder Postiga.<\/p>\n<p>Ni tan siquiera se ha recordado al argentino \u00c9ver Banega, un futbolista que durante el tiempo que ha pasado en el club de Mestalla, siempre se qued\u00f3 un paso por detr\u00e1s del lugar en el que se esperaba estuviera y que nunca estuvo cerca de ser el l\u00edder que algunos esperaban que fuera.<\/p>\n<p>Pizzi ha revolucionado el vestuario y, con una plantilla que se ajusta m\u00e1s a su idea del juego, ha conseguido que el objetivo de clasificar al equipo para las competiciones europeas haya pasado de ser una quimera imposible a convertirse en una ilusi\u00f3n razonable.<\/p>\n<p>A sus \u00f3rdenes, el Valencia ha disputado una eliminatoria de Copa del Rey perdida ante el Atl\u00e9tico de Madrid en la que, especialmente en el encuentro de Mestalla, caus\u00f3 una buena impresi\u00f3n y seis partidos de Liga.<\/p>\n<p>Olvidada la Copa, el Valencia ha ganado tres de los partidos de Liga disputados con el t\u00e9cnico hispano-argentino en el banquillo, ha empatado dos y ha perdido uno, con trece goles a favor y seis en contra.<\/p>\n<p>Lo peor fue, sin duda, la segunda parte del \u00fanico encuentro perdido. Fue por 2-1 en Vigo ante el Celta en un choque el Valencia ganaba por 0-1 al descanso.<\/p>\n<p>Discreto se mostr\u00f3 el equipo ante el Espanyol en Mestalla (2-2), pero el resto de sus actuaciones han tenido aspectos positivos, tal y como ocurri\u00f3 en su debut en casa ante el Levante (2-0) y en la igualada sin goles en M\u00e1laga.<\/p>\n<p>Con todo, los dos \u00faltimos encuentros han marcado el giro en el Valencia con la victoria en el Camp Nou y la goleada ante el Betis, en la que Pizzi tambi\u00e9n ha mostrado las l\u00edneas maestras de su proyecto.<\/p>\n<p>La columna vertebral del Valencia de Pizzi est\u00e1 compuesta por Diego Alves en la porter\u00eda, Mathieu como central, Dani Parejo en el centro del campo y Paco Alc\u00e1cer como goleador. Junto a ellos hay jugadores clave en el esquema del t\u00e9cnico entre los que destacan Bernat y Piatti por la banda izquierda y Feghouli en la derecha.<\/p>\n<p>En el lateral derecho Barrag\u00e1n se ha convertido en una opci\u00f3n a Joao Pereira, mientras que Ricardo Costa cuenta con la alternativa de Senderos como central.<\/p>\n<p>A la espera de comprobar la forma en la que ha llegado Keita, Javi Fuego es la opci\u00f3n para reemplazar al lesionado Oriol Romeu como centrocampista de contenci\u00f3n y el chileno Eduardo Vargas apunta como segundo delantero en detrimento de Jonas.<\/p>\n<p>El Valencia est\u00e1 todav\u00eda lejos de conseguir un ritmo de puntuaci\u00f3n que le acerque a los puestos europeos, pero de la mano de Pizzi ha sumado once puntos, frente a los siete que sum\u00f3 su predecesor Djukic en sus \u00faltimos seis choques ligueros como t\u00e9cnico del Valencia.<\/p>\n<p>Alfonso Gil<\/p>\n","protected":false},"excerpt":{"rendered":"<p>Valencia, 9 feb (EFE).- El Valencia ha dado un giro de 180 grados de la mano de su nuevo entrenador, el hispano-argentino Juan Antonio Pizzi, que ha conseguido el equipo diera un paso adelante y que en los dos \u00faltimos encuentros haya unido a esa mejor\u00eda, las victorias que al principio se le resist\u00edan. La [&hellip;]<\/p>\n","protected":false},"author":1,"featured_media":487361,"comment_status":"open","ping_status":"open","sticky":false,"template":"","format":"standard","meta":{"footnotes":""},"categories":[1],"tags":[],"class_list":["post-487360","post","type-post","status-publish","format-standard","has-post-thumbnail","hentry","category-actualidad"],"aioseo_notices":[],"aioseo_head":"\n\t\t<!-- All in One SEO Pro 5.0.1 - aioseo.com -->\n\t<meta name=\"description\" content=\"Valencia, 9 feb (EFE).- El Valencia ha dado un giro de 180 grados de la mano de su nuevo entrenador, el hispano-argentino Juan Antonio Pizzi, que ha conseguido el equipo diera un paso adelante y que en los dos \u00faltimos encuentros haya unido a esa mejor\u00eda, las victorias que al principio se le resist\u00edan. La\" \/>\n\t<meta name=\"robots\" content=\"max-image-preview:large\" \/>\n\t<meta name=\"author\" content=\"El Digital de Asturias\"\/>\n\t<meta name=\"google-site-verification\" content=\"UA-38556648-1\" \/>\n\t<meta name=\"msvalidate.01\" content=\"7dfe9f3f1b24437ab69f4f2559babe99\" \/>\n\t<meta name=\"keywords\" content=\"actualidad\" \/>\n\t<link rel=\"canonical\" href=\"https:\/\/www.eldigitaldeasturias.com\/noticias\/pizzi-provoca-un-giro-de-180-grados-al-valencia\/\" \/>\n\t<meta name=\"generator\" content=\"All in One SEO Pro (AIOSEO) 5.0.1\" \/>\n\t\t<meta property=\"og:locale\" content=\"es_ES\" \/>\n\t\t<meta property=\"og:site_name\" content=\"El Digital de Asturias\" \/>\n\t\t<meta property=\"og:type\" content=\"article\" \/>\n\t\t<meta property=\"og:title\" content=\"Pizzi provoca un giro de 180 grados al Valencia - El Digital de Asturias\" \/>\n\t\t<meta property=\"og:description\" content=\"Valencia, 9 feb (EFE).- El Valencia ha dado un giro de 180 grados de la mano de su nuevo entrenador, el hispano-argentino Juan Antonio Pizzi, que ha conseguido el equipo diera un paso adelante y que en los dos \u00faltimos encuentros haya unido a esa mejor\u00eda, las victorias que al principio se le resist\u00edan. La\" \/>\n\t\t<meta property=\"og:url\" content=\"https:\/\/www.eldigitaldeasturias.com\/noticias\/pizzi-provoca-un-giro-de-180-grados-al-valencia\/\" \/>\n\t\t<meta property=\"article:tag\" content=\"actualidad\" \/>\n\t\t<meta property=\"article:published_time\" content=\"2014-02-09T21:05:21+00:00\" \/>\n\t\t<meta property=\"article:modified_time\" content=\"2014-02-09T21:05:21+00:00\" \/>\n\t\t<meta property=\"article:publisher\" content=\"https:\/\/facebook.com\/eldigitaldeasturias\" \/>\n\t\t<meta name=\"twitter:card\" content=\"summary_large_image\" \/>\n\t\t<meta name=\"twitter:title\" content=\"Pizzi provoca un giro de 180 grados al Valencia - El Digital de Asturias\" \/>\n\t\t<meta name=\"twitter:description\" content=\"Valencia, 9 feb (EFE).- El Valencia ha dado un giro de 180 grados de la mano de su nuevo entrenador, el hispano-argentino Juan Antonio Pizzi, que ha conseguido el equipo diera un paso adelante y que en los dos \u00faltimos encuentros haya unido a esa mejor\u00eda, las victorias que al principio se le resist\u00edan. La\" \/>\n\t\t<meta name=\"twitter:label1\" content=\"Escrito por\" \/>\n\t\t<meta name=\"twitter:data1\" content=\"El Digital de Asturias\" \/>\n\t\t<meta name=\"twitter:label2\" content=\"Tiempo de lectura estimado\" \/>\n\t\t<meta name=\"twitter:data2\" content=\"3 minutos\" \/>\n\t\t<script type=\"application\/ld+json\" class=\"aioseo-schema\">\n\t\t\t{\"@context\":\"https:\\\/\\\/schema.org\",\"@graph\":[{\"@type\":\"BlogPosting\",\"@id\":\"https:\\\/\\\/www.eldigitaldeasturias.com\\\/noticias\\\/pizzi-provoca-un-giro-de-180-grados-al-valencia\\\/#blogposting\",\"name\":\"Pizzi provoca un giro de 180 grados al Valencia - El Digital de Asturias\",\"headline\":\"Pizzi provoca un giro de 180 grados al Valencia\",\"author\":{\"@id\":\"https:\\\/\\\/www.eldigitaldeasturias.com\\\/noticias\\\/author\\\/admin\\\/#author\"},\"publisher\":{\"@id\":\"https:\\\/\\\/www.eldigitaldeasturias.com\\\/noticias\\\/#organization\"},\"image\":{\"@type\":\"ImageObject\",\"url\":487361},\"datePublished\":\"2014-02-09T20:05:21+01:00\",\"dateModified\":\"2014-02-09T20:05:21+01:00\",\"inLanguage\":\"es-ES\",\"mainEntityOfPage\":{\"@id\":\"https:\\\/\\\/www.eldigitaldeasturias.com\\\/noticias\\\/pizzi-provoca-un-giro-de-180-grados-al-valencia\\\/#webpage\"},\"isPartOf\":{\"@id\":\"https:\\\/\\\/www.eldigitaldeasturias.com\\\/noticias\\\/pizzi-provoca-un-giro-de-180-grados-al-valencia\\\/#webpage\"},\"articleSection\":\"Actualidad\"},{\"@type\":\"BreadcrumbList\",\"@id\":\"https:\\\/\\\/www.eldigitaldeasturias.com\\\/noticias\\\/pizzi-provoca-un-giro-de-180-grados-al-valencia\\\/#breadcrumblist\",\"itemListElement\":[{\"@type\":\"ListItem\",\"@id\":\"https:\\\/\\\/www.eldigitaldeasturias.com\\\/noticias#listItem\",\"position\":1,\"name\":\"Home\",\"item\":\"https:\\\/\\\/www.eldigitaldeasturias.com\\\/noticias\",\"nextItem\":{\"@type\":\"ListItem\",\"@id\":\"https:\\\/\\\/www.eldigitaldeasturias.com\\\/noticias\\\/category\\\/actualidad\\\/#listItem\",\"name\":\"Actualidad\"}},{\"@type\":\"ListItem\",\"@id\":\"https:\\\/\\\/www.eldigitaldeasturias.com\\\/noticias\\\/category\\\/actualidad\\\/#listItem\",\"position\":2,\"name\":\"Actualidad\",\"item\":\"https:\\\/\\\/www.eldigitaldeasturias.com\\\/noticias\\\/category\\\/actualidad\\\/\",\"nextItem\":{\"@type\":\"ListItem\",\"@id\":\"https:\\\/\\\/www.eldigitaldeasturias.com\\\/noticias\\\/pizzi-provoca-un-giro-de-180-grados-al-valencia\\\/#listItem\",\"name\":\"Pizzi provoca un giro de 180 grados al Valencia\"},\"previousItem\":{\"@type\":\"ListItem\",\"@id\":\"https:\\\/\\\/www.eldigitaldeasturias.com\\\/noticias#listItem\",\"name\":\"Home\"}},{\"@type\":\"ListItem\",\"@id\":\"https:\\\/\\\/www.eldigitaldeasturias.com\\\/noticias\\\/pizzi-provoca-un-giro-de-180-grados-al-valencia\\\/#listItem\",\"position\":3,\"name\":\"Pizzi provoca un giro de 180 grados al Valencia\",\"previousItem\":{\"@type\":\"ListItem\",\"@id\":\"https:\\\/\\\/www.eldigitaldeasturias.com\\\/noticias\\\/category\\\/actualidad\\\/#listItem\",\"name\":\"Actualidad\"}}]},{\"@type\":\"Organization\",\"@id\":\"https:\\\/\\\/www.eldigitaldeasturias.com\\\/noticias\\\/#organization\",\"name\":\"El Digital de Asturias\",\"description\":\"Hemeroteca\",\"url\":\"https:\\\/\\\/www.eldigitaldeasturias.com\\\/noticias\\\/\",\"email\":\"info@eldigitaldeasturias.com\",\"telephone\":\"+34652131393\",\"logo\":{\"@type\":\"ImageObject\",\"url\":\"https:\\\/\\\/www.eldigitaldeasturias.com\\\/noticias\\\/wp-content\\\/uploads\\\/2020\\\/12\\\/EDA.jpg\",\"@id\":\"https:\\\/\\\/www.eldigitaldeasturias.com\\\/noticias\\\/pizzi-provoca-un-giro-de-180-grados-al-valencia\\\/#organizationLogo\"},\"image\":{\"@id\":\"https:\\\/\\\/www.eldigitaldeasturias.com\\\/noticias\\\/pizzi-provoca-un-giro-de-180-grados-al-valencia\\\/#organizationLogo\"},\"sameAs\":[\"https:\\\/\\\/facebook.com\\\/eldigitaldeasturias\",\"https:\\\/\\\/www.youtube.com\\\/channel\\\/UCZP-2wLEB9Rv6erhFmqVnvg\"],\"address\":{\"@id\":\"https:\\\/\\\/www.eldigitaldeasturias.com\\\/noticias\\\/#postaladdress\",\"@type\":\"PostalAddress\",\"streetAddress\":\"san antonio 4\",\"postalCode\":\"33430\",\"addressLocality\":\"Cand\\u00e1s\",\"addressRegion\":\"Asturias\",\"addressCountry\":\"ES\"}},{\"@type\":\"Person\",\"@id\":\"https:\\\/\\\/www.eldigitaldeasturias.com\\\/noticias\\\/author\\\/admin\\\/#author\",\"url\":\"https:\\\/\\\/www.eldigitaldeasturias.com\\\/noticias\\\/author\\\/admin\\\/\",\"name\":\"El Digital de Asturias\",\"image\":{\"@type\":\"ImageObject\",\"@id\":\"https:\\\/\\\/www.eldigitaldeasturias.com\\\/noticias\\\/pizzi-provoca-un-giro-de-180-grados-al-valencia\\\/#authorImage\",\"url\":\"https:\\\/\\\/secure.gravatar.com\\\/avatar\\\/df2aeffc32bcd13f8d26072ef8a91b623d677766deac7f97ca815868cd41bf5e?s=96&d=mm&r=g\",\"width\":96,\"height\":96,\"caption\":\"El Digital de Asturias\"}},{\"@type\":\"WebPage\",\"@id\":\"https:\\\/\\\/www.eldigitaldeasturias.com\\\/noticias\\\/pizzi-provoca-un-giro-de-180-grados-al-valencia\\\/#webpage\",\"url\":\"https:\\\/\\\/www.eldigitaldeasturias.com\\\/noticias\\\/pizzi-provoca-un-giro-de-180-grados-al-valencia\\\/\",\"name\":\"Pizzi provoca un giro de 180 grados al Valencia - El Digital de Asturias\",\"description\":\"Valencia, 9 feb (EFE).- El Valencia ha dado un giro de 180 grados de la mano de su nuevo entrenador, el hispano-argentino Juan Antonio Pizzi, que ha conseguido el equipo diera un paso adelante y que en los dos \\u00faltimos encuentros haya unido a esa mejor\\u00eda, las victorias que al principio se le resist\\u00edan. La\",\"inLanguage\":\"es-ES\",\"isPartOf\":{\"@id\":\"https:\\\/\\\/www.eldigitaldeasturias.com\\\/noticias\\\/#website\"},\"breadcrumb\":{\"@id\":\"https:\\\/\\\/www.eldigitaldeasturias.com\\\/noticias\\\/pizzi-provoca-un-giro-de-180-grados-al-valencia\\\/#breadcrumblist\"},\"author\":{\"@id\":\"https:\\\/\\\/www.eldigitaldeasturias.com\\\/noticias\\\/author\\\/admin\\\/#author\"},\"creator\":{\"@id\":\"https:\\\/\\\/www.eldigitaldeasturias.com\\\/noticias\\\/author\\\/admin\\\/#author\"},\"image\":{\"@type\":\"ImageObject\",\"url\":487361,\"@id\":\"https:\\\/\\\/www.eldigitaldeasturias.com\\\/noticias\\\/pizzi-provoca-un-giro-de-180-grados-al-valencia\\\/#mainImage\"},\"primaryImageOfPage\":{\"@id\":\"https:\\\/\\\/www.eldigitaldeasturias.com\\\/noticias\\\/pizzi-provoca-un-giro-de-180-grados-al-valencia\\\/#mainImage\"},\"datePublished\":\"2014-02-09T20:05:21+01:00\",\"dateModified\":\"2014-02-09T20:05:21+01:00\"},{\"@type\":\"WebSite\",\"@id\":\"https:\\\/\\\/www.eldigitaldeasturias.com\\\/noticias\\\/#website\",\"url\":\"https:\\\/\\\/www.eldigitaldeasturias.com\\\/noticias\\\/\",\"name\":\"El Digital de Asturias - Diario de actualidad y noticias\",\"alternateName\":\"El Digital de Asturias - Diario de actualidad y noticias\",\"description\":\"Hemeroteca\",\"inLanguage\":\"es-ES\",\"publisher\":{\"@id\":\"https:\\\/\\\/www.eldigitaldeasturias.com\\\/noticias\\\/#organization\"}}]}\n\t\t<\/script>\n\t\t<!-- All in One SEO Pro -->\r\n\t\t<title>Pizzi provoca un giro de 180 grados al Valencia - El Digital de Asturias<\/title>\n\n","aioseo_head_json":{"title":"Pizzi provoca un giro de 180 grados al Valencia - El Digital de Asturias","description":"Valencia, 9 feb (EFE).- El Valencia ha dado un giro de 180 grados de la mano de su nuevo entrenador, el hispano-argentino Juan Antonio Pizzi, que ha conseguido el equipo diera un paso adelante y que en los dos \u00faltimos encuentros haya unido a esa mejor\u00eda, las victorias que al principio se le resist\u00edan. La","canonical_url":"https:\/\/www.eldigitaldeasturias.com\/noticias\/pizzi-provoca-un-giro-de-180-grados-al-valencia\/","robots":"max-image-preview:large","keywords":"actualidad","webmasterTools":{"google-site-verification":"UA-38556648-1","msvalidate.01":"7dfe9f3f1b24437ab69f4f2559babe99","miscellaneous":""},"schema":{"@context":"https:\/\/schema.org","@graph":[{"@type":"BlogPosting","@id":"https:\/\/www.eldigitaldeasturias.com\/noticias\/pizzi-provoca-un-giro-de-180-grados-al-valencia\/#blogposting","name":"Pizzi provoca un giro de 180 grados al Valencia - El Digital de Asturias","headline":"Pizzi provoca un giro de 180 grados al Valencia","author":{"@id":"https:\/\/www.eldigitaldeasturias.com\/noticias\/author\/admin\/#author"},"publisher":{"@id":"https:\/\/www.eldigitaldeasturias.com\/noticias\/#organization"},"image":{"@type":"ImageObject","url":487361},"datePublished":"2014-02-09T20:05:21+01:00","dateModified":"2014-02-09T20:05:21+01:00","inLanguage":"es-ES","mainEntityOfPage":{"@id":"https:\/\/www.eldigitaldeasturias.com\/noticias\/pizzi-provoca-un-giro-de-180-grados-al-valencia\/#webpage"},"isPartOf":{"@id":"https:\/\/www.eldigitaldeasturias.com\/noticias\/pizzi-provoca-un-giro-de-180-grados-al-valencia\/#webpage"},"articleSection":"Actualidad"},{"@type":"BreadcrumbList","@id":"https:\/\/www.eldigitaldeasturias.com\/noticias\/pizzi-provoca-un-giro-de-180-grados-al-valencia\/#breadcrumblist","itemListElement":[{"@type":"ListItem","@id":"https:\/\/www.eldigitaldeasturias.com\/noticias#listItem","position":1,"name":"Home","item":"https:\/\/www.eldigitaldeasturias.com\/noticias","nextItem":{"@type":"ListItem","@id":"https:\/\/www.eldigitaldeasturias.com\/noticias\/category\/actualidad\/#listItem","name":"Actualidad"}},{"@type":"ListItem","@id":"https:\/\/www.eldigitaldeasturias.com\/noticias\/category\/actualidad\/#listItem","position":2,"name":"Actualidad","item":"https:\/\/www.eldigitaldeasturias.com\/noticias\/category\/actualidad\/","nextItem":{"@type":"ListItem","@id":"https:\/\/www.eldigitaldeasturias.com\/noticias\/pizzi-provoca-un-giro-de-180-grados-al-valencia\/#listItem","name":"Pizzi provoca un giro de 180 grados al Valencia"},"previousItem":{"@type":"ListItem","@id":"https:\/\/www.eldigitaldeasturias.com\/noticias#listItem","name":"Home"}},{"@type":"ListItem","@id":"https:\/\/www.eldigitaldeasturias.com\/noticias\/pizzi-provoca-un-giro-de-180-grados-al-valencia\/#listItem","position":3,"name":"Pizzi provoca un giro de 180 grados al Valencia","previousItem":{"@type":"ListItem","@id":"https:\/\/www.eldigitaldeasturias.com\/noticias\/category\/actualidad\/#listItem","name":"Actualidad"}}]},{"@type":"Organization","@id":"https:\/\/www.eldigitaldeasturias.com\/noticias\/#organization","name":"El Digital de Asturias","description":"Hemeroteca","url":"https:\/\/www.eldigitaldeasturias.com\/noticias\/","email":"info@eldigitaldeasturias.com","telephone":"+34652131393","logo":{"@type":"ImageObject","url":"https:\/\/www.eldigitaldeasturias.com\/noticias\/wp-content\/uploads\/2020\/12\/EDA.jpg","@id":"https:\/\/www.eldigitaldeasturias.com\/noticias\/pizzi-provoca-un-giro-de-180-grados-al-valencia\/#organizationLogo"},"image":{"@id":"https:\/\/www.eldigitaldeasturias.com\/noticias\/pizzi-provoca-un-giro-de-180-grados-al-valencia\/#organizationLogo"},"sameAs":["https:\/\/facebook.com\/eldigitaldeasturias","https:\/\/www.youtube.com\/channel\/UCZP-2wLEB9Rv6erhFmqVnvg"],"address":{"@id":"https:\/\/www.eldigitaldeasturias.com\/noticias\/#postaladdress","@type":"PostalAddress","streetAddress":"san antonio 4","postalCode":"33430","addressLocality":"Cand\u00e1s","addressRegion":"Asturias","addressCountry":"ES"}},{"@type":"Person","@id":"https:\/\/www.eldigitaldeasturias.com\/noticias\/author\/admin\/#author","url":"https:\/\/www.eldigitaldeasturias.com\/noticias\/author\/admin\/","name":"El Digital de Asturias","image":{"@type":"ImageObject","@id":"https:\/\/www.eldigitaldeasturias.com\/noticias\/pizzi-provoca-un-giro-de-180-grados-al-valencia\/#authorImage","url":"https:\/\/secure.gravatar.com\/avatar\/df2aeffc32bcd13f8d26072ef8a91b623d677766deac7f97ca815868cd41bf5e?s=96&d=mm&r=g","width":96,"height":96,"caption":"El Digital de Asturias"}},{"@type":"WebPage","@id":"https:\/\/www.eldigitaldeasturias.com\/noticias\/pizzi-provoca-un-giro-de-180-grados-al-valencia\/#webpage","url":"https:\/\/www.eldigitaldeasturias.com\/noticias\/pizzi-provoca-un-giro-de-180-grados-al-valencia\/","name":"Pizzi provoca un giro de 180 grados al Valencia - El Digital de Asturias","description":"Valencia, 9 feb (EFE).- El Valencia ha dado un giro de 180 grados de la mano de su nuevo entrenador, el hispano-argentino Juan Antonio Pizzi, que ha conseguido el equipo diera un paso adelante y que en los dos \u00faltimos encuentros haya unido a esa mejor\u00eda, las victorias que al principio se le resist\u00edan. La","inLanguage":"es-ES","isPartOf":{"@id":"https:\/\/www.eldigitaldeasturias.com\/noticias\/#website"},"breadcrumb":{"@id":"https:\/\/www.eldigitaldeasturias.com\/noticias\/pizzi-provoca-un-giro-de-180-grados-al-valencia\/#breadcrumblist"},"author":{"@id":"https:\/\/www.eldigitaldeasturias.com\/noticias\/author\/admin\/#author"},"creator":{"@id":"https:\/\/www.eldigitaldeasturias.com\/noticias\/author\/admin\/#author"},"image":{"@type":"ImageObject","url":487361,"@id":"https:\/\/www.eldigitaldeasturias.com\/noticias\/pizzi-provoca-un-giro-de-180-grados-al-valencia\/#mainImage"},"primaryImageOfPage":{"@id":"https:\/\/www.eldigitaldeasturias.com\/noticias\/pizzi-provoca-un-giro-de-180-grados-al-valencia\/#mainImage"},"datePublished":"2014-02-09T20:05:21+01:00","dateModified":"2014-02-09T20:05:21+01:00"},{"@type":"WebSite","@id":"https:\/\/www.eldigitaldeasturias.com\/noticias\/#website","url":"https:\/\/www.eldigitaldeasturias.com\/noticias\/","name":"El Digital de Asturias - Diario de actualidad y noticias","alternateName":"El Digital de Asturias - Diario de actualidad y noticias","description":"Hemeroteca","inLanguage":"es-ES","publisher":{"@id":"https:\/\/www.eldigitaldeasturias.com\/noticias\/#organization"}}]},"og:locale":"es_ES","og:site_name":"El Digital de Asturias","og:type":"article","og:title":"Pizzi provoca un giro de 180 grados al Valencia - El Digital de Asturias","og:description":"Valencia, 9 feb (EFE).- El Valencia ha dado un giro de 180 grados de la mano de su nuevo entrenador, el hispano-argentino Juan Antonio Pizzi, que ha conseguido el equipo diera un paso adelante y que en los dos \u00faltimos encuentros haya unido a esa mejor\u00eda, las victorias que al principio se le resist\u00edan. La","og:url":"https:\/\/www.eldigitaldeasturias.com\/noticias\/pizzi-provoca-un-giro-de-180-grados-al-valencia\/","article:tag":["actualidad"],"article:published_time":"2014-02-09T21:05:21+00:00","article:modified_time":"2014-02-09T21:05:21+00:00","article:publisher":"https:\/\/facebook.com\/eldigitaldeasturias","twitter:card":"summary_large_image","twitter:title":"Pizzi provoca un giro de 180 grados al Valencia - El Digital de Asturias","twitter:description":"Valencia, 9 feb (EFE).- El Valencia ha dado un giro de 180 grados de la mano de su nuevo entrenador, el hispano-argentino Juan Antonio Pizzi, que ha conseguido el equipo diera un paso adelante y que en los dos \u00faltimos encuentros haya unido a esa mejor\u00eda, las victorias que al principio se le resist\u00edan. La","twitter:label1":"Escrito por","twitter:data1":"El Digital de Asturias","twitter:label2":"Tiempo de lectura estimado","twitter:data2":"3 minutos"},"aioseo_meta_data":{"post_id":"487360","title":null,"description":null,"keywords":null,"keyphrases":null,"primary_term":null,"canonical_url":null,"og_title":null,"og_description":null,"og_object_type":"default","og_image_type":"default","og_image_url":null,"og_image_width":null,"og_image_height":null,"og_image_custom_url":null,"og_image_custom_fields":null,"og_video":null,"og_custom_url":null,"og_article_section":null,"og_article_tags":null,"twitter_use_og":true,"twitter_card":"default","twitter_image_type":"default","twitter_image_url":null,"twitter_image_custom_url":null,"twitter_image_custom_fields":null,"twitter_title":null,"twitter_description":null,"schema":{"blockGraphs":[],"customGraphs":[],"default":{"data":{"Article":[],"Course":[],"Dataset":[],"FAQPage":[],"Movie":[],"Person":[],"Product":[],"ProductReview":[],"Car":[],"Recipe":[],"Service":[],"SoftwareApplication":[],"WebPage":[]},"graphName":"","isEnabled":true},"graphs":[],"defaultGraph":"","defaultPostTypeGraph":""},"schema_type":null,"schema_type_options":null,"pillar_content":false,"robots_default":true,"robots_noindex":false,"robots_noarchive":false,"robots_nosnippet":false,"robots_nofollow":false,"robots_noimageindex":false,"robots_noodp":false,"robots_notranslate":false,"robots_max_snippet":null,"robots_max_videopreview":null,"robots_max_imagepreview":"none","priority":null,"frequency":null,"local_seo":null,"seo_analyzer_scan_date":"2026-06-03 04:30:50","breadcrumb_settings":null,"limit_modified_date":false,"open_ai":null,"ai":null,"created":"2020-11-14 22:56:22","updated":"2026-06-03 04:30:50","focus_keyword":null,"additional_keywords":null,"truseo_locale":null},"aioseo_breadcrumb":"<div class=\"aioseo-breadcrumbs\"><span class=\"aioseo-breadcrumb\">\n\t<a href=\"https:\/\/www.eldigitaldeasturias.com\/noticias\" title=\"Home\">Home<\/a>\n<\/span><span class=\"aioseo-breadcrumb-separator\">\u2013<\/span><span class=\"aioseo-breadcrumb\">\n\t<a href=\"https:\/\/www.eldigitaldeasturias.com\/noticias\/category\/actualidad\/\" title=\"Actualidad\">Actualidad<\/a>\n<\/span><span class=\"aioseo-breadcrumb-separator\">\u2013<\/span><span class=\"aioseo-breadcrumb\">\n\t<a href=\"https:\/\/www.eldigitaldeasturias.com\/noticias\/pizzi-provoca-un-giro-de-180-grados-al-valencia\/\" title=\"Pizzi provoca un giro de 180 grados al Valencia\">Pizzi provoca un giro de 180 grados al Valencia<\/a>\n<\/span><\/div>","aioseo_breadcrumb_json":[{"label":"Home","link":"https:\/\/www.eldigitaldeasturias.com\/noticias"},{"label":"Actualidad","link":"https:\/\/www.eldigitaldeasturias.com\/noticias\/category\/actualidad\/"},{"label":"Pizzi provoca un giro de 180 grados al Valencia","link":"https:\/\/www.eldigitaldeasturias.com\/noticias\/pizzi-provoca-un-giro-de-180-grados-al-valencia\/"}],"_links":{"self":[{"href":"https:\/\/www.eldigitaldeasturias.com\/noticias\/wp-json\/wp\/v2\/posts\/487360","targetHints":{"allow":["GET"]}}],"collection":[{"href":"https:\/\/www.eldigitaldeasturias.com\/noticias\/wp-json\/wp\/v2\/posts"}],"about":[{"href":"https:\/\/www.eldigitaldeasturias.com\/noticias\/wp-json\/wp\/v2\/types\/post"}],"author":[{"embeddable":true,"href":"https:\/\/www.eldigitaldeasturias.com\/noticias\/wp-json\/wp\/v2\/users\/1"}],"replies":[{"embeddable":true,"href":"https:\/\/www.eldigitaldeasturias.com\/noticias\/wp-json\/wp\/v2\/comments?post=487360"}],"version-history":[{"count":0,"href":"https:\/\/www.eldigitaldeasturias.com\/noticias\/wp-json\/wp\/v2\/posts\/487360\/revisions"}],"wp:attachment":[{"href":"https:\/\/www.eldigitaldeasturias.com\/noticias\/wp-json\/wp\/v2\/media?parent=487360"}],"wp:term":[{"taxonomy":"category","embeddable":true,"href":"https:\/\/www.eldigitaldeasturias.com\/noticias\/wp-json\/wp\/v2\/categories?post=487360"},{"taxonomy":"post_tag","embeddable":true,"href":"https:\/\/www.eldigitaldeasturias.com\/noticias\/wp-json\/wp\/v2\/tags?post=487360"}],"curies":[{"name":"wp","href":"https:\/\/api.w.org\/{rel}","templated":true}]}}