{"id":487349,"date":"2014-02-09T19:58:31","date_gmt":"2014-02-09T20:58:31","guid":{"rendered":"http:\/\/www.eldigitaldeasturias.com\/noticias\/?p=487349"},"modified":"2014-02-09T19:58:31","modified_gmt":"2014-02-09T20:58:31","slug":"directivos-dicen-que-el-debate-catalan-preocupa-en-alemania-y-afecta-a-las-inversiones","status":"publish","type":"post","link":"https:\/\/www.eldigitaldeasturias.com\/noticias\/directivos-dicen-que-el-debate-catalan-preocupa-en-alemania-y-afecta-a-las-inversiones\/","title":{"rendered":"Directivos dicen que el debate catal\u00e1n preocupa en Alemania y afecta a las inversiones"},"content":{"rendered":"<p><img loading=\"lazy\" decoding=\"async\" class=\"alignleft size-medium wp-image-487350\" alt=\"5925274w\" src=\"https:\/\/www.eldigitaldeasturias.com\/noticias\/wp-content\/uploads\/2014\/02\/5925274w-224x320.jpg\" width=\"224\" height=\"320\" \/>Barcelona, 9 feb (EFE).- El presidente del C\u00edrculo de Directivos de Habla Alemana (KDF), Andr\u00e9s G\u00f3mez, asegura que la \u00abincertidumbre\u00bb que genera el debate soberanista catal\u00e1n \u00abpreocupa\u00bb al Gobierno alem\u00e1n y comporta incluso la paralizaci\u00f3n de inversiones empresariales en Catalu\u00f1a.<\/p>\n<p>En una entrevista con Efe, G\u00f3mez explica que las multinacionales alemanas quieren saber c\u00f3mo se desarrolla el proceso soberanista y cu\u00e1les pueden ser sus consecuencias, cuesti\u00f3n que tambi\u00e9n ha suscitado el inter\u00e9s del ejecutivo alem\u00e1n, que a trav\u00e9s de dos de sus secretarios de Estado ha querido conocer de primera mano, en sendas reuniones con empresarios, la situaci\u00f3n pol\u00edtica catalana.<\/p>\n<p>KDF es una asociaci\u00f3n con sede en Barcelona que agrupa a m\u00e1s de 200 directivos, empresarios y profesionales tanto de multinacionales alemanas asentadas en Espa\u00f1a como de empresas espa\u00f1olas que tienen intereses en Alemania, entre las que figuran la qu\u00edmica BASF, la farmac\u00e9utica Bayer, la aerol\u00ednea Air Berlin o el grupo editorial Bertelsmann.<\/p>\n<p>Andr\u00e9s G\u00f3mez se\u00f1ala que los alemanes \u00absiempre piensan a medio y a largo plazo\u00bb y desean tener claro en qu\u00e9 escenario se mueven antes de tomar una decisi\u00f3n.<\/p>\n<p>Por eso, comenta, la dificultad de calibrar qu\u00e9 va a pasar en Catalu\u00f1a en los pr\u00f3ximos meses e incluso a\u00f1os provoca que algunas empresas que ten\u00edan previsto reformar, ampliar o abrir nuevas instalaciones \u00abpospongan\u00bb su inversi\u00f3n, a la espera de que se clarifique la situaci\u00f3n y el encaje futuro de la comunidad.<\/p>\n<p>\u00abLa incertidumbre lo \u00fanico que conlleva es que la gente postergue sus proyectos. Este es el gran problema que tenemos actualmente\u00bb, subraya el directivo.<\/p>\n<p>KDF, que se define como asociaci\u00f3n \u00abapol\u00edtica\u00bb y que tiene entre sus socios de honor al expresidente de la Generalitat Jordi Pujol, ha recibido en los \u00faltimos meses la visita de dos secretarios de Estado alemanes: el de Finanzas, Steffen Kampeter, y el de Exteriores, Michael Link, que han tenido ocasi\u00f3n de departir sobre este tema con medio centenar de socios de la entidad.<\/p>\n<p>El pasado mes de octubre se produjo la visita del n\u00famero dos del ministerio de Relaciones Exteriores alem\u00e1n, aprovechando su participaci\u00f3n en un foro sobre el Mediterr\u00e1neo en Barcelona.<\/p>\n<p>En noviembre fue el turno de Steffen Kampeter, que tras pronunciar una conferencia en la capital catalana quiso reunirse con miembros de KDF para que le pusieran al d\u00eda \u00absobre el tema del soberanismo\u00bb, sostiene G\u00f3mez.<\/p>\n<p>El presidente de KDF explica que desde la entidad y el propio consulado de Alemania se intent\u00f3 organizar un encuentro de Kampeter con alg\u00fan responsable de la Generalitat, aunque no fue posible.<\/p>\n<p>\u00abEs algo que no entiendes, que quieran vender su visi\u00f3n y no reciban o expliquen su versi\u00f3n del tema y del problema con Madrid\u00bb, se\u00f1ala el directivo, que asegura que al encuentro con Michael Link, celebrado en el consulado, s\u00ed asisti\u00f3 el secretario de Asuntos Exteriores y de la Uni\u00f3n Europea, Roger Albinyana.<\/p>\n<p>Fuentes de la secretar\u00eda de Asuntos Exteriores de la Generalitat han se\u00f1alado a Efe que siempre intentan recibir a los altos cargos extranjeros que visitan Catalu\u00f1a y que solicitan un encuentro con la administraci\u00f3n catalana.<\/p>\n<p>\u00abSomos proactivos y estamos abiertos a reunirnos con quien lo pida\u00bb, remarcan las mismas fuentes, que reconocen asimismo que existe \u00abcierto escepticismo\u00bb en Alemania ante el debate soberanista abierto en Catalu\u00f1a.<\/p>\n<p>KDF es una asociaci\u00f3n que est\u00e1 abierta a profesionales de cualquier nacionalidad, siempre que hablen alem\u00e1n, y sus miembros se re\u00fanen una vez al mes para \u00abmantenerse conectados a la realidad catalana, espa\u00f1ola y tambi\u00e9n alemana\u00bb.<\/p>\n","protected":false},"excerpt":{"rendered":"<p>Barcelona, 9 feb (EFE).- El presidente del C\u00edrculo de Directivos de Habla Alemana (KDF), Andr\u00e9s G\u00f3mez, asegura que la \u00abincertidumbre\u00bb que genera el debate soberanista catal\u00e1n \u00abpreocupa\u00bb al Gobierno alem\u00e1n y comporta incluso la paralizaci\u00f3n de inversiones empresariales en Catalu\u00f1a. En una entrevista con Efe, G\u00f3mez explica que las multinacionales alemanas quieren saber c\u00f3mo se [&hellip;]<\/p>\n","protected":false},"author":1,"featured_media":487350,"comment_status":"open","ping_status":"open","sticky":false,"template":"","format":"standard","meta":{"footnotes":""},"categories":[1],"tags":[],"class_list":["post-487349","post","type-post","status-publish","format-standard","has-post-thumbnail","hentry","category-actualidad"],"aioseo_notices":[],"aioseo_head":"\n\t\t<!-- All in One SEO Pro 5.0.1 - aioseo.com -->\n\t<meta name=\"description\" content=\"Barcelona, 9 feb (EFE).- El presidente del C\u00edrculo de Directivos de Habla Alemana (KDF), Andr\u00e9s G\u00f3mez, asegura que la &quot;incertidumbre&quot; que genera el debate soberanista catal\u00e1n &quot;preocupa&quot; al Gobierno alem\u00e1n y comporta incluso la paralizaci\u00f3n de inversiones empresariales en Catalu\u00f1a. En una entrevista con Efe, G\u00f3mez explica que las multinacionales alemanas quieren saber c\u00f3mo se\" \/>\n\t<meta name=\"robots\" content=\"max-image-preview:large\" \/>\n\t<meta name=\"author\" content=\"El Digital de Asturias\"\/>\n\t<meta name=\"google-site-verification\" content=\"UA-38556648-1\" \/>\n\t<meta name=\"msvalidate.01\" content=\"7dfe9f3f1b24437ab69f4f2559babe99\" \/>\n\t<meta name=\"keywords\" content=\"actualidad\" \/>\n\t<link rel=\"canonical\" href=\"https:\/\/www.eldigitaldeasturias.com\/noticias\/directivos-dicen-que-el-debate-catalan-preocupa-en-alemania-y-afecta-a-las-inversiones\/\" \/>\n\t<meta name=\"generator\" content=\"All in One SEO Pro (AIOSEO) 5.0.1\" \/>\n\t\t<meta property=\"og:locale\" content=\"es_ES\" \/>\n\t\t<meta property=\"og:site_name\" content=\"El Digital de Asturias\" \/>\n\t\t<meta property=\"og:type\" content=\"article\" \/>\n\t\t<meta property=\"og:title\" content=\"Directivos dicen que el debate catal\u00e1n preocupa en Alemania y afecta a las inversiones - El Digital de Asturias\" \/>\n\t\t<meta property=\"og:description\" content=\"Barcelona, 9 feb (EFE).- El presidente del C\u00edrculo de Directivos de Habla Alemana (KDF), Andr\u00e9s G\u00f3mez, asegura que la &quot;incertidumbre&quot; que genera el debate soberanista catal\u00e1n &quot;preocupa&quot; al Gobierno alem\u00e1n y comporta incluso la paralizaci\u00f3n de inversiones empresariales en Catalu\u00f1a. En una entrevista con Efe, G\u00f3mez explica que las multinacionales alemanas quieren saber c\u00f3mo se\" \/>\n\t\t<meta property=\"og:url\" content=\"https:\/\/www.eldigitaldeasturias.com\/noticias\/directivos-dicen-que-el-debate-catalan-preocupa-en-alemania-y-afecta-a-las-inversiones\/\" \/>\n\t\t<meta property=\"article:tag\" content=\"actualidad\" \/>\n\t\t<meta property=\"article:published_time\" content=\"2014-02-09T20:58:31+00:00\" \/>\n\t\t<meta property=\"article:modified_time\" content=\"2014-02-09T20:58:31+00:00\" \/>\n\t\t<meta property=\"article:publisher\" content=\"https:\/\/facebook.com\/eldigitaldeasturias\" \/>\n\t\t<meta name=\"twitter:card\" content=\"summary_large_image\" \/>\n\t\t<meta name=\"twitter:title\" content=\"Directivos dicen que el debate catal\u00e1n preocupa en Alemania y afecta a las inversiones - El Digital de Asturias\" \/>\n\t\t<meta name=\"twitter:description\" content=\"Barcelona, 9 feb (EFE).- El presidente del C\u00edrculo de Directivos de Habla Alemana (KDF), Andr\u00e9s G\u00f3mez, asegura que la &quot;incertidumbre&quot; que genera el debate soberanista catal\u00e1n &quot;preocupa&quot; al Gobierno alem\u00e1n y comporta incluso la paralizaci\u00f3n de inversiones empresariales en Catalu\u00f1a. En una entrevista con Efe, G\u00f3mez explica que las multinacionales alemanas quieren saber c\u00f3mo se\" \/>\n\t\t<meta name=\"twitter:label1\" content=\"Escrito por\" \/>\n\t\t<meta name=\"twitter:data1\" content=\"El Digital de Asturias\" \/>\n\t\t<meta name=\"twitter:label2\" content=\"Tiempo de lectura estimado\" \/>\n\t\t<meta name=\"twitter:data2\" content=\"3 minutos\" \/>\n\t\t<script type=\"application\/ld+json\" class=\"aioseo-schema\">\n\t\t\t{\"@context\":\"https:\\\/\\\/schema.org\",\"@graph\":[{\"@type\":\"BlogPosting\",\"@id\":\"https:\\\/\\\/www.eldigitaldeasturias.com\\\/noticias\\\/directivos-dicen-que-el-debate-catalan-preocupa-en-alemania-y-afecta-a-las-inversiones\\\/#blogposting\",\"name\":\"Directivos dicen que el debate catal\\u00e1n preocupa en Alemania y afecta a las inversiones - El Digital de Asturias\",\"headline\":\"Directivos dicen que el debate catal\\u00e1n preocupa en Alemania y afecta a las inversiones\",\"author\":{\"@id\":\"https:\\\/\\\/www.eldigitaldeasturias.com\\\/noticias\\\/author\\\/admin\\\/#author\"},\"publisher\":{\"@id\":\"https:\\\/\\\/www.eldigitaldeasturias.com\\\/noticias\\\/#organization\"},\"image\":{\"@type\":\"ImageObject\",\"url\":487350},\"datePublished\":\"2014-02-09T19:58:31+01:00\",\"dateModified\":\"2014-02-09T19:58:31+01:00\",\"inLanguage\":\"es-ES\",\"mainEntityOfPage\":{\"@id\":\"https:\\\/\\\/www.eldigitaldeasturias.com\\\/noticias\\\/directivos-dicen-que-el-debate-catalan-preocupa-en-alemania-y-afecta-a-las-inversiones\\\/#webpage\"},\"isPartOf\":{\"@id\":\"https:\\\/\\\/www.eldigitaldeasturias.com\\\/noticias\\\/directivos-dicen-que-el-debate-catalan-preocupa-en-alemania-y-afecta-a-las-inversiones\\\/#webpage\"},\"articleSection\":\"Actualidad\"},{\"@type\":\"BreadcrumbList\",\"@id\":\"https:\\\/\\\/www.eldigitaldeasturias.com\\\/noticias\\\/directivos-dicen-que-el-debate-catalan-preocupa-en-alemania-y-afecta-a-las-inversiones\\\/#breadcrumblist\",\"itemListElement\":[{\"@type\":\"ListItem\",\"@id\":\"https:\\\/\\\/www.eldigitaldeasturias.com\\\/noticias#listItem\",\"position\":1,\"name\":\"Home\",\"item\":\"https:\\\/\\\/www.eldigitaldeasturias.com\\\/noticias\",\"nextItem\":{\"@type\":\"ListItem\",\"@id\":\"https:\\\/\\\/www.eldigitaldeasturias.com\\\/noticias\\\/category\\\/actualidad\\\/#listItem\",\"name\":\"Actualidad\"}},{\"@type\":\"ListItem\",\"@id\":\"https:\\\/\\\/www.eldigitaldeasturias.com\\\/noticias\\\/category\\\/actualidad\\\/#listItem\",\"position\":2,\"name\":\"Actualidad\",\"item\":\"https:\\\/\\\/www.eldigitaldeasturias.com\\\/noticias\\\/category\\\/actualidad\\\/\",\"nextItem\":{\"@type\":\"ListItem\",\"@id\":\"https:\\\/\\\/www.eldigitaldeasturias.com\\\/noticias\\\/directivos-dicen-que-el-debate-catalan-preocupa-en-alemania-y-afecta-a-las-inversiones\\\/#listItem\",\"name\":\"Directivos dicen que el debate catal\\u00e1n preocupa en Alemania y afecta a las inversiones\"},\"previousItem\":{\"@type\":\"ListItem\",\"@id\":\"https:\\\/\\\/www.eldigitaldeasturias.com\\\/noticias#listItem\",\"name\":\"Home\"}},{\"@type\":\"ListItem\",\"@id\":\"https:\\\/\\\/www.eldigitaldeasturias.com\\\/noticias\\\/directivos-dicen-que-el-debate-catalan-preocupa-en-alemania-y-afecta-a-las-inversiones\\\/#listItem\",\"position\":3,\"name\":\"Directivos dicen que el debate catal\\u00e1n preocupa en Alemania y afecta a las inversiones\",\"previousItem\":{\"@type\":\"ListItem\",\"@id\":\"https:\\\/\\\/www.eldigitaldeasturias.com\\\/noticias\\\/category\\\/actualidad\\\/#listItem\",\"name\":\"Actualidad\"}}]},{\"@type\":\"Organization\",\"@id\":\"https:\\\/\\\/www.eldigitaldeasturias.com\\\/noticias\\\/#organization\",\"name\":\"El Digital de Asturias\",\"description\":\"Hemeroteca\",\"url\":\"https:\\\/\\\/www.eldigitaldeasturias.com\\\/noticias\\\/\",\"email\":\"info@eldigitaldeasturias.com\",\"telephone\":\"+34652131393\",\"logo\":{\"@type\":\"ImageObject\",\"url\":\"https:\\\/\\\/www.eldigitaldeasturias.com\\\/noticias\\\/wp-content\\\/uploads\\\/2020\\\/12\\\/EDA.jpg\",\"@id\":\"https:\\\/\\\/www.eldigitaldeasturias.com\\\/noticias\\\/directivos-dicen-que-el-debate-catalan-preocupa-en-alemania-y-afecta-a-las-inversiones\\\/#organizationLogo\"},\"image\":{\"@id\":\"https:\\\/\\\/www.eldigitaldeasturias.com\\\/noticias\\\/directivos-dicen-que-el-debate-catalan-preocupa-en-alemania-y-afecta-a-las-inversiones\\\/#organizationLogo\"},\"sameAs\":[\"https:\\\/\\\/facebook.com\\\/eldigitaldeasturias\",\"https:\\\/\\\/www.youtube.com\\\/channel\\\/UCZP-2wLEB9Rv6erhFmqVnvg\"],\"address\":{\"@id\":\"https:\\\/\\\/www.eldigitaldeasturias.com\\\/noticias\\\/#postaladdress\",\"@type\":\"PostalAddress\",\"streetAddress\":\"san antonio 4\",\"postalCode\":\"33430\",\"addressLocality\":\"Cand\\u00e1s\",\"addressRegion\":\"Asturias\",\"addressCountry\":\"ES\"}},{\"@type\":\"Person\",\"@id\":\"https:\\\/\\\/www.eldigitaldeasturias.com\\\/noticias\\\/author\\\/admin\\\/#author\",\"url\":\"https:\\\/\\\/www.eldigitaldeasturias.com\\\/noticias\\\/author\\\/admin\\\/\",\"name\":\"El Digital de Asturias\",\"image\":{\"@type\":\"ImageObject\",\"@id\":\"https:\\\/\\\/www.eldigitaldeasturias.com\\\/noticias\\\/directivos-dicen-que-el-debate-catalan-preocupa-en-alemania-y-afecta-a-las-inversiones\\\/#authorImage\",\"url\":\"https:\\\/\\\/secure.gravatar.com\\\/avatar\\\/df2aeffc32bcd13f8d26072ef8a91b623d677766deac7f97ca815868cd41bf5e?s=96&d=mm&r=g\",\"width\":96,\"height\":96,\"caption\":\"El Digital de Asturias\"}},{\"@type\":\"WebPage\",\"@id\":\"https:\\\/\\\/www.eldigitaldeasturias.com\\\/noticias\\\/directivos-dicen-que-el-debate-catalan-preocupa-en-alemania-y-afecta-a-las-inversiones\\\/#webpage\",\"url\":\"https:\\\/\\\/www.eldigitaldeasturias.com\\\/noticias\\\/directivos-dicen-que-el-debate-catalan-preocupa-en-alemania-y-afecta-a-las-inversiones\\\/\",\"name\":\"Directivos dicen que el debate catal\\u00e1n preocupa en Alemania y afecta a las inversiones - El Digital de Asturias\",\"description\":\"Barcelona, 9 feb (EFE).- El presidente del C\\u00edrculo de Directivos de Habla Alemana (KDF), Andr\\u00e9s G\\u00f3mez, asegura que la \\\"incertidumbre\\\" que genera el debate soberanista catal\\u00e1n \\\"preocupa\\\" al Gobierno alem\\u00e1n y comporta incluso la paralizaci\\u00f3n de inversiones empresariales en Catalu\\u00f1a. En una entrevista con Efe, G\\u00f3mez explica que las multinacionales alemanas quieren saber c\\u00f3mo se\",\"inLanguage\":\"es-ES\",\"isPartOf\":{\"@id\":\"https:\\\/\\\/www.eldigitaldeasturias.com\\\/noticias\\\/#website\"},\"breadcrumb\":{\"@id\":\"https:\\\/\\\/www.eldigitaldeasturias.com\\\/noticias\\\/directivos-dicen-que-el-debate-catalan-preocupa-en-alemania-y-afecta-a-las-inversiones\\\/#breadcrumblist\"},\"author\":{\"@id\":\"https:\\\/\\\/www.eldigitaldeasturias.com\\\/noticias\\\/author\\\/admin\\\/#author\"},\"creator\":{\"@id\":\"https:\\\/\\\/www.eldigitaldeasturias.com\\\/noticias\\\/author\\\/admin\\\/#author\"},\"image\":{\"@type\":\"ImageObject\",\"url\":487350,\"@id\":\"https:\\\/\\\/www.eldigitaldeasturias.com\\\/noticias\\\/directivos-dicen-que-el-debate-catalan-preocupa-en-alemania-y-afecta-a-las-inversiones\\\/#mainImage\"},\"primaryImageOfPage\":{\"@id\":\"https:\\\/\\\/www.eldigitaldeasturias.com\\\/noticias\\\/directivos-dicen-que-el-debate-catalan-preocupa-en-alemania-y-afecta-a-las-inversiones\\\/#mainImage\"},\"datePublished\":\"2014-02-09T19:58:31+01:00\",\"dateModified\":\"2014-02-09T19:58:31+01:00\"},{\"@type\":\"WebSite\",\"@id\":\"https:\\\/\\\/www.eldigitaldeasturias.com\\\/noticias\\\/#website\",\"url\":\"https:\\\/\\\/www.eldigitaldeasturias.com\\\/noticias\\\/\",\"name\":\"El Digital de Asturias - Diario de actualidad y noticias\",\"alternateName\":\"El Digital de Asturias - Diario de actualidad y noticias\",\"description\":\"Hemeroteca\",\"inLanguage\":\"es-ES\",\"publisher\":{\"@id\":\"https:\\\/\\\/www.eldigitaldeasturias.com\\\/noticias\\\/#organization\"}}]}\n\t\t<\/script>\n\t\t<!-- All in One SEO Pro -->\r\n\t\t<title>Directivos dicen que el debate catal\u00e1n preocupa en Alemania y afecta a las inversiones - El Digital de Asturias<\/title>\n\n","aioseo_head_json":{"title":"Directivos dicen que el debate catal\u00e1n preocupa en Alemania y afecta a las inversiones - El Digital de Asturias","description":"Barcelona, 9 feb (EFE).- El presidente del C\u00edrculo de Directivos de Habla Alemana (KDF), Andr\u00e9s G\u00f3mez, asegura que la \"incertidumbre\" que genera el debate soberanista catal\u00e1n \"preocupa\" al Gobierno alem\u00e1n y comporta incluso la paralizaci\u00f3n de inversiones empresariales en Catalu\u00f1a. En una entrevista con Efe, G\u00f3mez explica que las multinacionales alemanas quieren saber c\u00f3mo se","canonical_url":"https:\/\/www.eldigitaldeasturias.com\/noticias\/directivos-dicen-que-el-debate-catalan-preocupa-en-alemania-y-afecta-a-las-inversiones\/","robots":"max-image-preview:large","keywords":"actualidad","webmasterTools":{"google-site-verification":"UA-38556648-1","msvalidate.01":"7dfe9f3f1b24437ab69f4f2559babe99","miscellaneous":""},"schema":{"@context":"https:\/\/schema.org","@graph":[{"@type":"BlogPosting","@id":"https:\/\/www.eldigitaldeasturias.com\/noticias\/directivos-dicen-que-el-debate-catalan-preocupa-en-alemania-y-afecta-a-las-inversiones\/#blogposting","name":"Directivos dicen que el debate catal\u00e1n preocupa en Alemania y afecta a las inversiones - El Digital de Asturias","headline":"Directivos dicen que el debate catal\u00e1n preocupa en Alemania y afecta a las inversiones","author":{"@id":"https:\/\/www.eldigitaldeasturias.com\/noticias\/author\/admin\/#author"},"publisher":{"@id":"https:\/\/www.eldigitaldeasturias.com\/noticias\/#organization"},"image":{"@type":"ImageObject","url":487350},"datePublished":"2014-02-09T19:58:31+01:00","dateModified":"2014-02-09T19:58:31+01:00","inLanguage":"es-ES","mainEntityOfPage":{"@id":"https:\/\/www.eldigitaldeasturias.com\/noticias\/directivos-dicen-que-el-debate-catalan-preocupa-en-alemania-y-afecta-a-las-inversiones\/#webpage"},"isPartOf":{"@id":"https:\/\/www.eldigitaldeasturias.com\/noticias\/directivos-dicen-que-el-debate-catalan-preocupa-en-alemania-y-afecta-a-las-inversiones\/#webpage"},"articleSection":"Actualidad"},{"@type":"BreadcrumbList","@id":"https:\/\/www.eldigitaldeasturias.com\/noticias\/directivos-dicen-que-el-debate-catalan-preocupa-en-alemania-y-afecta-a-las-inversiones\/#breadcrumblist","itemListElement":[{"@type":"ListItem","@id":"https:\/\/www.eldigitaldeasturias.com\/noticias#listItem","position":1,"name":"Home","item":"https:\/\/www.eldigitaldeasturias.com\/noticias","nextItem":{"@type":"ListItem","@id":"https:\/\/www.eldigitaldeasturias.com\/noticias\/category\/actualidad\/#listItem","name":"Actualidad"}},{"@type":"ListItem","@id":"https:\/\/www.eldigitaldeasturias.com\/noticias\/category\/actualidad\/#listItem","position":2,"name":"Actualidad","item":"https:\/\/www.eldigitaldeasturias.com\/noticias\/category\/actualidad\/","nextItem":{"@type":"ListItem","@id":"https:\/\/www.eldigitaldeasturias.com\/noticias\/directivos-dicen-que-el-debate-catalan-preocupa-en-alemania-y-afecta-a-las-inversiones\/#listItem","name":"Directivos dicen que el debate catal\u00e1n preocupa en Alemania y afecta a las inversiones"},"previousItem":{"@type":"ListItem","@id":"https:\/\/www.eldigitaldeasturias.com\/noticias#listItem","name":"Home"}},{"@type":"ListItem","@id":"https:\/\/www.eldigitaldeasturias.com\/noticias\/directivos-dicen-que-el-debate-catalan-preocupa-en-alemania-y-afecta-a-las-inversiones\/#listItem","position":3,"name":"Directivos dicen que el debate catal\u00e1n preocupa en Alemania y afecta a las inversiones","previousItem":{"@type":"ListItem","@id":"https:\/\/www.eldigitaldeasturias.com\/noticias\/category\/actualidad\/#listItem","name":"Actualidad"}}]},{"@type":"Organization","@id":"https:\/\/www.eldigitaldeasturias.com\/noticias\/#organization","name":"El Digital de Asturias","description":"Hemeroteca","url":"https:\/\/www.eldigitaldeasturias.com\/noticias\/","email":"info@eldigitaldeasturias.com","telephone":"+34652131393","logo":{"@type":"ImageObject","url":"https:\/\/www.eldigitaldeasturias.com\/noticias\/wp-content\/uploads\/2020\/12\/EDA.jpg","@id":"https:\/\/www.eldigitaldeasturias.com\/noticias\/directivos-dicen-que-el-debate-catalan-preocupa-en-alemania-y-afecta-a-las-inversiones\/#organizationLogo"},"image":{"@id":"https:\/\/www.eldigitaldeasturias.com\/noticias\/directivos-dicen-que-el-debate-catalan-preocupa-en-alemania-y-afecta-a-las-inversiones\/#organizationLogo"},"sameAs":["https:\/\/facebook.com\/eldigitaldeasturias","https:\/\/www.youtube.com\/channel\/UCZP-2wLEB9Rv6erhFmqVnvg"],"address":{"@id":"https:\/\/www.eldigitaldeasturias.com\/noticias\/#postaladdress","@type":"PostalAddress","streetAddress":"san antonio 4","postalCode":"33430","addressLocality":"Cand\u00e1s","addressRegion":"Asturias","addressCountry":"ES"}},{"@type":"Person","@id":"https:\/\/www.eldigitaldeasturias.com\/noticias\/author\/admin\/#author","url":"https:\/\/www.eldigitaldeasturias.com\/noticias\/author\/admin\/","name":"El Digital de Asturias","image":{"@type":"ImageObject","@id":"https:\/\/www.eldigitaldeasturias.com\/noticias\/directivos-dicen-que-el-debate-catalan-preocupa-en-alemania-y-afecta-a-las-inversiones\/#authorImage","url":"https:\/\/secure.gravatar.com\/avatar\/df2aeffc32bcd13f8d26072ef8a91b623d677766deac7f97ca815868cd41bf5e?s=96&d=mm&r=g","width":96,"height":96,"caption":"El Digital de Asturias"}},{"@type":"WebPage","@id":"https:\/\/www.eldigitaldeasturias.com\/noticias\/directivos-dicen-que-el-debate-catalan-preocupa-en-alemania-y-afecta-a-las-inversiones\/#webpage","url":"https:\/\/www.eldigitaldeasturias.com\/noticias\/directivos-dicen-que-el-debate-catalan-preocupa-en-alemania-y-afecta-a-las-inversiones\/","name":"Directivos dicen que el debate catal\u00e1n preocupa en Alemania y afecta a las inversiones - El Digital de Asturias","description":"Barcelona, 9 feb (EFE).- El presidente del C\u00edrculo de Directivos de Habla Alemana (KDF), Andr\u00e9s G\u00f3mez, asegura que la \"incertidumbre\" que genera el debate soberanista catal\u00e1n \"preocupa\" al Gobierno alem\u00e1n y comporta incluso la paralizaci\u00f3n de inversiones empresariales en Catalu\u00f1a. En una entrevista con Efe, G\u00f3mez explica que las multinacionales alemanas quieren saber c\u00f3mo se","inLanguage":"es-ES","isPartOf":{"@id":"https:\/\/www.eldigitaldeasturias.com\/noticias\/#website"},"breadcrumb":{"@id":"https:\/\/www.eldigitaldeasturias.com\/noticias\/directivos-dicen-que-el-debate-catalan-preocupa-en-alemania-y-afecta-a-las-inversiones\/#breadcrumblist"},"author":{"@id":"https:\/\/www.eldigitaldeasturias.com\/noticias\/author\/admin\/#author"},"creator":{"@id":"https:\/\/www.eldigitaldeasturias.com\/noticias\/author\/admin\/#author"},"image":{"@type":"ImageObject","url":487350,"@id":"https:\/\/www.eldigitaldeasturias.com\/noticias\/directivos-dicen-que-el-debate-catalan-preocupa-en-alemania-y-afecta-a-las-inversiones\/#mainImage"},"primaryImageOfPage":{"@id":"https:\/\/www.eldigitaldeasturias.com\/noticias\/directivos-dicen-que-el-debate-catalan-preocupa-en-alemania-y-afecta-a-las-inversiones\/#mainImage"},"datePublished":"2014-02-09T19:58:31+01:00","dateModified":"2014-02-09T19:58:31+01:00"},{"@type":"WebSite","@id":"https:\/\/www.eldigitaldeasturias.com\/noticias\/#website","url":"https:\/\/www.eldigitaldeasturias.com\/noticias\/","name":"El Digital de Asturias - Diario de actualidad y noticias","alternateName":"El Digital de Asturias - Diario de actualidad y noticias","description":"Hemeroteca","inLanguage":"es-ES","publisher":{"@id":"https:\/\/www.eldigitaldeasturias.com\/noticias\/#organization"}}]},"og:locale":"es_ES","og:site_name":"El Digital de Asturias","og:type":"article","og:title":"Directivos dicen que el debate catal\u00e1n preocupa en Alemania y afecta a las inversiones - El Digital de Asturias","og:description":"Barcelona, 9 feb (EFE).- El presidente del C\u00edrculo de Directivos de Habla Alemana (KDF), Andr\u00e9s G\u00f3mez, asegura que la &quot;incertidumbre&quot; que genera el debate soberanista catal\u00e1n &quot;preocupa&quot; al Gobierno alem\u00e1n y comporta incluso la paralizaci\u00f3n de inversiones empresariales en Catalu\u00f1a. En una entrevista con Efe, G\u00f3mez explica que las multinacionales alemanas quieren saber c\u00f3mo se","og:url":"https:\/\/www.eldigitaldeasturias.com\/noticias\/directivos-dicen-que-el-debate-catalan-preocupa-en-alemania-y-afecta-a-las-inversiones\/","article:tag":["actualidad"],"article:published_time":"2014-02-09T20:58:31+00:00","article:modified_time":"2014-02-09T20:58:31+00:00","article:publisher":"https:\/\/facebook.com\/eldigitaldeasturias","twitter:card":"summary_large_image","twitter:title":"Directivos dicen que el debate catal\u00e1n preocupa en Alemania y afecta a las inversiones - El Digital de Asturias","twitter:description":"Barcelona, 9 feb (EFE).- El presidente del C\u00edrculo de Directivos de Habla Alemana (KDF), Andr\u00e9s G\u00f3mez, asegura que la &quot;incertidumbre&quot; que genera el debate soberanista catal\u00e1n &quot;preocupa&quot; al Gobierno alem\u00e1n y comporta incluso la paralizaci\u00f3n de inversiones empresariales en Catalu\u00f1a. En una entrevista con Efe, G\u00f3mez explica que las multinacionales alemanas quieren saber c\u00f3mo se","twitter:label1":"Escrito por","twitter:data1":"El Digital de Asturias","twitter:label2":"Tiempo de lectura estimado","twitter:data2":"3 minutos"},"aioseo_meta_data":{"post_id":"487349","title":null,"description":null,"keywords":null,"keyphrases":null,"primary_term":null,"canonical_url":null,"og_title":null,"og_description":null,"og_object_type":"default","og_image_type":"default","og_image_url":null,"og_image_width":null,"og_image_height":null,"og_image_custom_url":null,"og_image_custom_fields":null,"og_video":null,"og_custom_url":null,"og_article_section":null,"og_article_tags":null,"twitter_use_og":true,"twitter_card":"default","twitter_image_type":"default","twitter_image_url":null,"twitter_image_custom_url":null,"twitter_image_custom_fields":null,"twitter_title":null,"twitter_description":null,"schema":{"blockGraphs":[],"customGraphs":[],"default":{"data":{"Article":[],"Course":[],"Dataset":[],"FAQPage":[],"Movie":[],"Person":[],"Product":[],"ProductReview":[],"Car":[],"Recipe":[],"Service":[],"SoftwareApplication":[],"WebPage":[]},"graphName":"","isEnabled":true},"graphs":[],"defaultGraph":"","defaultPostTypeGraph":""},"schema_type":null,"schema_type_options":null,"pillar_content":false,"robots_default":true,"robots_noindex":false,"robots_noarchive":false,"robots_nosnippet":false,"robots_nofollow":false,"robots_noimageindex":false,"robots_noodp":false,"robots_notranslate":false,"robots_max_snippet":null,"robots_max_videopreview":null,"robots_max_imagepreview":"none","priority":null,"frequency":null,"local_seo":null,"seo_analyzer_scan_date":"2026-06-03 04:28:55","breadcrumb_settings":null,"limit_modified_date":false,"open_ai":null,"ai":null,"created":"2020-11-14 22:56:22","updated":"2026-06-03 04:28:55","focus_keyword":null,"additional_keywords":null,"truseo_locale":null},"aioseo_breadcrumb":"<div class=\"aioseo-breadcrumbs\"><span class=\"aioseo-breadcrumb\">\n\t<a href=\"https:\/\/www.eldigitaldeasturias.com\/noticias\" title=\"Home\">Home<\/a>\n<\/span><span class=\"aioseo-breadcrumb-separator\">\u2013<\/span><span class=\"aioseo-breadcrumb\">\n\t<a href=\"https:\/\/www.eldigitaldeasturias.com\/noticias\/category\/actualidad\/\" title=\"Actualidad\">Actualidad<\/a>\n<\/span><span class=\"aioseo-breadcrumb-separator\">\u2013<\/span><span class=\"aioseo-breadcrumb\">\n\t<a href=\"https:\/\/www.eldigitaldeasturias.com\/noticias\/directivos-dicen-que-el-debate-catalan-preocupa-en-alemania-y-afecta-a-las-inversiones\/\" title=\"Directivos dicen que el debate catal\u00e1n preocupa en Alemania y afecta a las inversiones\">Directivos dicen que el debate catal\u00e1n preocupa en Alemania y afecta a las inversiones<\/a>\n<\/span><\/div>","aioseo_breadcrumb_json":[{"label":"Home","link":"https:\/\/www.eldigitaldeasturias.com\/noticias"},{"label":"Actualidad","link":"https:\/\/www.eldigitaldeasturias.com\/noticias\/category\/actualidad\/"},{"label":"Directivos dicen que el debate catal\u00e1n preocupa en Alemania y afecta a las inversiones","link":"https:\/\/www.eldigitaldeasturias.com\/noticias\/directivos-dicen-que-el-debate-catalan-preocupa-en-alemania-y-afecta-a-las-inversiones\/"}],"_links":{"self":[{"href":"https:\/\/www.eldigitaldeasturias.com\/noticias\/wp-json\/wp\/v2\/posts\/487349","targetHints":{"allow":["GET"]}}],"collection":[{"href":"https:\/\/www.eldigitaldeasturias.com\/noticias\/wp-json\/wp\/v2\/posts"}],"about":[{"href":"https:\/\/www.eldigitaldeasturias.com\/noticias\/wp-json\/wp\/v2\/types\/post"}],"author":[{"embeddable":true,"href":"https:\/\/www.eldigitaldeasturias.com\/noticias\/wp-json\/wp\/v2\/users\/1"}],"replies":[{"embeddable":true,"href":"https:\/\/www.eldigitaldeasturias.com\/noticias\/wp-json\/wp\/v2\/comments?post=487349"}],"version-history":[{"count":0,"href":"https:\/\/www.eldigitaldeasturias.com\/noticias\/wp-json\/wp\/v2\/posts\/487349\/revisions"}],"wp:attachment":[{"href":"https:\/\/www.eldigitaldeasturias.com\/noticias\/wp-json\/wp\/v2\/media?parent=487349"}],"wp:term":[{"taxonomy":"category","embeddable":true,"href":"https:\/\/www.eldigitaldeasturias.com\/noticias\/wp-json\/wp\/v2\/categories?post=487349"},{"taxonomy":"post_tag","embeddable":true,"href":"https:\/\/www.eldigitaldeasturias.com\/noticias\/wp-json\/wp\/v2\/tags?post=487349"}],"curies":[{"name":"wp","href":"https:\/\/api.w.org\/{rel}","templated":true}]}}