{"id":487328,"date":"2014-02-09T19:48:10","date_gmt":"2014-02-09T20:48:10","guid":{"rendered":"http:\/\/www.eldigitaldeasturias.com\/noticias\/?p=487328"},"modified":"2014-02-09T19:48:10","modified_gmt":"2014-02-09T20:48:10","slug":"carod-rovira-ve-probable-que-haya-elecciones-el-9n-si-se-veta-el-referendum","status":"publish","type":"post","link":"https:\/\/www.eldigitaldeasturias.com\/noticias\/carod-rovira-ve-probable-que-haya-elecciones-el-9n-si-se-veta-el-referendum\/","title":{"rendered":"Carod-Rovira ve probable que haya elecciones el 9N si se veta el refer\u00e9ndum"},"content":{"rendered":"<p><img loading=\"lazy\" decoding=\"async\" class=\"alignleft size-medium wp-image-487329\" alt=\"5925403w\" src=\"https:\/\/www.eldigitaldeasturias.com\/noticias\/wp-content\/uploads\/2014\/02\/5925403w-294x320.jpg\" width=\"294\" height=\"320\" \/>Barcelona, 9 feb (EFE).- El expresidente de ERC Josep-Llu\u00eds Carod-Rovira ve \u00abprobable\u00bb que haya elecciones anticipadas en Catalu\u00f1a el pr\u00f3ximo 9 de noviembre si el Estado, tal como supone, veta a Catalu\u00f1a la posibilidad de pronunciarse en refer\u00e9ndum sobre su futuro pol\u00edtico.<\/p>\n<p>En una entrevista en Catalunya R\u00e0dio, Carod-Rovira se ha mostrado convencido de que el pr\u00f3ximo 9 de noviembre, la fecha elegida por el gobierno catal\u00e1n para la consulta, los catalanes ir\u00e1n \u00aba votar\u00bb, pero ha puesto en duda que ese d\u00eda se convoque un refer\u00e9ndum de autodeterminaci\u00f3n, porque el Estado usar\u00e1 \u00abtodos los medios a su alcance\u00bb para impedirlo.<\/p>\n<p>Ante ese \u00abboicot institucional\u00bb, lo \u00abl\u00f3gico\u00bb, seg\u00fan el exl\u00edder de ERC, es que el presidente catal\u00e1n, Artur Mas, convoque elecciones anticipadas, ya que es una potestad que le corresponde en exclusiva.<\/p>\n<p>A partir de ah\u00ed, Carod-Rovira espera que de estas hipot\u00e9ticas elecciones salga una mayor\u00eda parlamentaria \u00abampl\u00edsima\u00bb de partidos favorables al refer\u00e9ndum, y augura que ante ese resultado el Estado quedar\u00e1 \u00abdeslegitimado para prohibir ante el mundo\u00bb dicha consulta.<\/p>\n<p>El siguiente paso despu\u00e9s de ganar el refer\u00e9ndum, seg\u00fan Carod-Rovira, ser\u00eda la declaraci\u00f3n de independencia, aunque ha subrayado que antes Catalu\u00f1a habr\u00e1 tenido que lograr apoyos internacionales.<\/p>\n<p>&nbsp;<\/p>\n","protected":false},"excerpt":{"rendered":"<p>Barcelona, 9 feb (EFE).- El expresidente de ERC Josep-Llu\u00eds Carod-Rovira ve \u00abprobable\u00bb que haya elecciones anticipadas en Catalu\u00f1a el pr\u00f3ximo 9 de noviembre si el Estado, tal como supone, veta a Catalu\u00f1a la posibilidad de pronunciarse en refer\u00e9ndum sobre su futuro pol\u00edtico. En una entrevista en Catalunya R\u00e0dio, Carod-Rovira se ha mostrado convencido de que [&hellip;]<\/p>\n","protected":false},"author":1,"featured_media":487329,"comment_status":"open","ping_status":"open","sticky":false,"template":"","format":"standard","meta":{"footnotes":""},"categories":[1],"tags":[],"class_list":["post-487328","post","type-post","status-publish","format-standard","has-post-thumbnail","hentry","category-actualidad"],"aioseo_notices":[],"aioseo_head":"\n\t\t<!-- All in One SEO Pro 5.0.1 - aioseo.com -->\n\t<meta name=\"description\" content=\"Barcelona, 9 feb (EFE).- El expresidente de ERC Josep-Llu\u00eds Carod-Rovira ve &quot;probable&quot; que haya elecciones anticipadas en Catalu\u00f1a el pr\u00f3ximo 9 de noviembre si el Estado, tal como supone, veta a Catalu\u00f1a la posibilidad de pronunciarse en refer\u00e9ndum sobre su futuro pol\u00edtico. En una entrevista en Catalunya R\u00e0dio, Carod-Rovira se ha mostrado convencido de que\" \/>\n\t<meta name=\"robots\" content=\"max-image-preview:large\" \/>\n\t<meta name=\"author\" content=\"El Digital de Asturias\"\/>\n\t<meta name=\"google-site-verification\" content=\"UA-38556648-1\" \/>\n\t<meta name=\"msvalidate.01\" content=\"7dfe9f3f1b24437ab69f4f2559babe99\" \/>\n\t<meta name=\"keywords\" content=\"actualidad\" \/>\n\t<link rel=\"canonical\" href=\"https:\/\/www.eldigitaldeasturias.com\/noticias\/carod-rovira-ve-probable-que-haya-elecciones-el-9n-si-se-veta-el-referendum\/\" \/>\n\t<meta name=\"generator\" content=\"All in One SEO Pro (AIOSEO) 5.0.1\" \/>\n\t\t<meta property=\"og:locale\" content=\"es_ES\" \/>\n\t\t<meta property=\"og:site_name\" content=\"El Digital de Asturias\" \/>\n\t\t<meta property=\"og:type\" content=\"article\" \/>\n\t\t<meta property=\"og:title\" content=\"Carod-Rovira ve probable que haya elecciones el 9N si se veta el refer\u00e9ndum - El Digital de Asturias\" \/>\n\t\t<meta property=\"og:description\" content=\"Barcelona, 9 feb (EFE).- El expresidente de ERC Josep-Llu\u00eds Carod-Rovira ve &quot;probable&quot; que haya elecciones anticipadas en Catalu\u00f1a el pr\u00f3ximo 9 de noviembre si el Estado, tal como supone, veta a Catalu\u00f1a la posibilidad de pronunciarse en refer\u00e9ndum sobre su futuro pol\u00edtico. En una entrevista en Catalunya R\u00e0dio, Carod-Rovira se ha mostrado convencido de que\" \/>\n\t\t<meta property=\"og:url\" content=\"https:\/\/www.eldigitaldeasturias.com\/noticias\/carod-rovira-ve-probable-que-haya-elecciones-el-9n-si-se-veta-el-referendum\/\" \/>\n\t\t<meta property=\"article:tag\" content=\"actualidad\" \/>\n\t\t<meta property=\"article:published_time\" content=\"2014-02-09T20:48:10+00:00\" \/>\n\t\t<meta property=\"article:modified_time\" content=\"2014-02-09T20:48:10+00:00\" \/>\n\t\t<meta property=\"article:publisher\" content=\"https:\/\/facebook.com\/eldigitaldeasturias\" \/>\n\t\t<meta name=\"twitter:card\" content=\"summary_large_image\" \/>\n\t\t<meta name=\"twitter:title\" content=\"Carod-Rovira ve probable que haya elecciones el 9N si se veta el refer\u00e9ndum - El Digital de Asturias\" \/>\n\t\t<meta name=\"twitter:description\" content=\"Barcelona, 9 feb (EFE).- El expresidente de ERC Josep-Llu\u00eds Carod-Rovira ve &quot;probable&quot; que haya elecciones anticipadas en Catalu\u00f1a el pr\u00f3ximo 9 de noviembre si el Estado, tal como supone, veta a Catalu\u00f1a la posibilidad de pronunciarse en refer\u00e9ndum sobre su futuro pol\u00edtico. En una entrevista en Catalunya R\u00e0dio, Carod-Rovira se ha mostrado convencido de que\" \/>\n\t\t<meta name=\"twitter:label1\" content=\"Escrito por\" \/>\n\t\t<meta name=\"twitter:data1\" content=\"El Digital de Asturias\" \/>\n\t\t<meta name=\"twitter:label2\" content=\"Tiempo de lectura estimado\" \/>\n\t\t<meta name=\"twitter:data2\" content=\"1 minuto\" \/>\n\t\t<script type=\"application\/ld+json\" class=\"aioseo-schema\">\n\t\t\t{\"@context\":\"https:\\\/\\\/schema.org\",\"@graph\":[{\"@type\":\"BlogPosting\",\"@id\":\"https:\\\/\\\/www.eldigitaldeasturias.com\\\/noticias\\\/carod-rovira-ve-probable-que-haya-elecciones-el-9n-si-se-veta-el-referendum\\\/#blogposting\",\"name\":\"Carod-Rovira ve probable que haya elecciones el 9N si se veta el refer\\u00e9ndum - El Digital de Asturias\",\"headline\":\"Carod-Rovira ve probable que haya elecciones el 9N si se veta el refer\\u00e9ndum\",\"author\":{\"@id\":\"https:\\\/\\\/www.eldigitaldeasturias.com\\\/noticias\\\/author\\\/admin\\\/#author\"},\"publisher\":{\"@id\":\"https:\\\/\\\/www.eldigitaldeasturias.com\\\/noticias\\\/#organization\"},\"image\":{\"@type\":\"ImageObject\",\"url\":487329},\"datePublished\":\"2014-02-09T19:48:10+01:00\",\"dateModified\":\"2014-02-09T19:48:10+01:00\",\"inLanguage\":\"es-ES\",\"mainEntityOfPage\":{\"@id\":\"https:\\\/\\\/www.eldigitaldeasturias.com\\\/noticias\\\/carod-rovira-ve-probable-que-haya-elecciones-el-9n-si-se-veta-el-referendum\\\/#webpage\"},\"isPartOf\":{\"@id\":\"https:\\\/\\\/www.eldigitaldeasturias.com\\\/noticias\\\/carod-rovira-ve-probable-que-haya-elecciones-el-9n-si-se-veta-el-referendum\\\/#webpage\"},\"articleSection\":\"Actualidad\"},{\"@type\":\"BreadcrumbList\",\"@id\":\"https:\\\/\\\/www.eldigitaldeasturias.com\\\/noticias\\\/carod-rovira-ve-probable-que-haya-elecciones-el-9n-si-se-veta-el-referendum\\\/#breadcrumblist\",\"itemListElement\":[{\"@type\":\"ListItem\",\"@id\":\"https:\\\/\\\/www.eldigitaldeasturias.com\\\/noticias#listItem\",\"position\":1,\"name\":\"Home\",\"item\":\"https:\\\/\\\/www.eldigitaldeasturias.com\\\/noticias\",\"nextItem\":{\"@type\":\"ListItem\",\"@id\":\"https:\\\/\\\/www.eldigitaldeasturias.com\\\/noticias\\\/category\\\/actualidad\\\/#listItem\",\"name\":\"Actualidad\"}},{\"@type\":\"ListItem\",\"@id\":\"https:\\\/\\\/www.eldigitaldeasturias.com\\\/noticias\\\/category\\\/actualidad\\\/#listItem\",\"position\":2,\"name\":\"Actualidad\",\"item\":\"https:\\\/\\\/www.eldigitaldeasturias.com\\\/noticias\\\/category\\\/actualidad\\\/\",\"nextItem\":{\"@type\":\"ListItem\",\"@id\":\"https:\\\/\\\/www.eldigitaldeasturias.com\\\/noticias\\\/carod-rovira-ve-probable-que-haya-elecciones-el-9n-si-se-veta-el-referendum\\\/#listItem\",\"name\":\"Carod-Rovira ve probable que haya elecciones el 9N si se veta el refer\\u00e9ndum\"},\"previousItem\":{\"@type\":\"ListItem\",\"@id\":\"https:\\\/\\\/www.eldigitaldeasturias.com\\\/noticias#listItem\",\"name\":\"Home\"}},{\"@type\":\"ListItem\",\"@id\":\"https:\\\/\\\/www.eldigitaldeasturias.com\\\/noticias\\\/carod-rovira-ve-probable-que-haya-elecciones-el-9n-si-se-veta-el-referendum\\\/#listItem\",\"position\":3,\"name\":\"Carod-Rovira ve probable que haya elecciones el 9N si se veta el refer\\u00e9ndum\",\"previousItem\":{\"@type\":\"ListItem\",\"@id\":\"https:\\\/\\\/www.eldigitaldeasturias.com\\\/noticias\\\/category\\\/actualidad\\\/#listItem\",\"name\":\"Actualidad\"}}]},{\"@type\":\"Organization\",\"@id\":\"https:\\\/\\\/www.eldigitaldeasturias.com\\\/noticias\\\/#organization\",\"name\":\"El Digital de Asturias\",\"description\":\"Hemeroteca\",\"url\":\"https:\\\/\\\/www.eldigitaldeasturias.com\\\/noticias\\\/\",\"email\":\"info@eldigitaldeasturias.com\",\"telephone\":\"+34652131393\",\"logo\":{\"@type\":\"ImageObject\",\"url\":\"https:\\\/\\\/www.eldigitaldeasturias.com\\\/noticias\\\/wp-content\\\/uploads\\\/2020\\\/12\\\/EDA.jpg\",\"@id\":\"https:\\\/\\\/www.eldigitaldeasturias.com\\\/noticias\\\/carod-rovira-ve-probable-que-haya-elecciones-el-9n-si-se-veta-el-referendum\\\/#organizationLogo\"},\"image\":{\"@id\":\"https:\\\/\\\/www.eldigitaldeasturias.com\\\/noticias\\\/carod-rovira-ve-probable-que-haya-elecciones-el-9n-si-se-veta-el-referendum\\\/#organizationLogo\"},\"sameAs\":[\"https:\\\/\\\/facebook.com\\\/eldigitaldeasturias\",\"https:\\\/\\\/www.youtube.com\\\/channel\\\/UCZP-2wLEB9Rv6erhFmqVnvg\"],\"address\":{\"@id\":\"https:\\\/\\\/www.eldigitaldeasturias.com\\\/noticias\\\/#postaladdress\",\"@type\":\"PostalAddress\",\"streetAddress\":\"san antonio 4\",\"postalCode\":\"33430\",\"addressLocality\":\"Cand\\u00e1s\",\"addressRegion\":\"Asturias\",\"addressCountry\":\"ES\"}},{\"@type\":\"Person\",\"@id\":\"https:\\\/\\\/www.eldigitaldeasturias.com\\\/noticias\\\/author\\\/admin\\\/#author\",\"url\":\"https:\\\/\\\/www.eldigitaldeasturias.com\\\/noticias\\\/author\\\/admin\\\/\",\"name\":\"El Digital de Asturias\",\"image\":{\"@type\":\"ImageObject\",\"@id\":\"https:\\\/\\\/www.eldigitaldeasturias.com\\\/noticias\\\/carod-rovira-ve-probable-que-haya-elecciones-el-9n-si-se-veta-el-referendum\\\/#authorImage\",\"url\":\"https:\\\/\\\/secure.gravatar.com\\\/avatar\\\/df2aeffc32bcd13f8d26072ef8a91b623d677766deac7f97ca815868cd41bf5e?s=96&d=mm&r=g\",\"width\":96,\"height\":96,\"caption\":\"El Digital de Asturias\"}},{\"@type\":\"WebPage\",\"@id\":\"https:\\\/\\\/www.eldigitaldeasturias.com\\\/noticias\\\/carod-rovira-ve-probable-que-haya-elecciones-el-9n-si-se-veta-el-referendum\\\/#webpage\",\"url\":\"https:\\\/\\\/www.eldigitaldeasturias.com\\\/noticias\\\/carod-rovira-ve-probable-que-haya-elecciones-el-9n-si-se-veta-el-referendum\\\/\",\"name\":\"Carod-Rovira ve probable que haya elecciones el 9N si se veta el refer\\u00e9ndum - El Digital de Asturias\",\"description\":\"Barcelona, 9 feb (EFE).- El expresidente de ERC Josep-Llu\\u00eds Carod-Rovira ve \\\"probable\\\" que haya elecciones anticipadas en Catalu\\u00f1a el pr\\u00f3ximo 9 de noviembre si el Estado, tal como supone, veta a Catalu\\u00f1a la posibilidad de pronunciarse en refer\\u00e9ndum sobre su futuro pol\\u00edtico. En una entrevista en Catalunya R\\u00e0dio, Carod-Rovira se ha mostrado convencido de que\",\"inLanguage\":\"es-ES\",\"isPartOf\":{\"@id\":\"https:\\\/\\\/www.eldigitaldeasturias.com\\\/noticias\\\/#website\"},\"breadcrumb\":{\"@id\":\"https:\\\/\\\/www.eldigitaldeasturias.com\\\/noticias\\\/carod-rovira-ve-probable-que-haya-elecciones-el-9n-si-se-veta-el-referendum\\\/#breadcrumblist\"},\"author\":{\"@id\":\"https:\\\/\\\/www.eldigitaldeasturias.com\\\/noticias\\\/author\\\/admin\\\/#author\"},\"creator\":{\"@id\":\"https:\\\/\\\/www.eldigitaldeasturias.com\\\/noticias\\\/author\\\/admin\\\/#author\"},\"image\":{\"@type\":\"ImageObject\",\"url\":487329,\"@id\":\"https:\\\/\\\/www.eldigitaldeasturias.com\\\/noticias\\\/carod-rovira-ve-probable-que-haya-elecciones-el-9n-si-se-veta-el-referendum\\\/#mainImage\"},\"primaryImageOfPage\":{\"@id\":\"https:\\\/\\\/www.eldigitaldeasturias.com\\\/noticias\\\/carod-rovira-ve-probable-que-haya-elecciones-el-9n-si-se-veta-el-referendum\\\/#mainImage\"},\"datePublished\":\"2014-02-09T19:48:10+01:00\",\"dateModified\":\"2014-02-09T19:48:10+01:00\"},{\"@type\":\"WebSite\",\"@id\":\"https:\\\/\\\/www.eldigitaldeasturias.com\\\/noticias\\\/#website\",\"url\":\"https:\\\/\\\/www.eldigitaldeasturias.com\\\/noticias\\\/\",\"name\":\"El Digital de Asturias - Diario de actualidad y noticias\",\"alternateName\":\"El Digital de Asturias - Diario de actualidad y noticias\",\"description\":\"Hemeroteca\",\"inLanguage\":\"es-ES\",\"publisher\":{\"@id\":\"https:\\\/\\\/www.eldigitaldeasturias.com\\\/noticias\\\/#organization\"}}]}\n\t\t<\/script>\n\t\t<!-- All in One SEO Pro -->\r\n\t\t<title>Carod-Rovira ve probable que haya elecciones el 9N si se veta el refer\u00e9ndum - El Digital de Asturias<\/title>\n\n","aioseo_head_json":{"title":"Carod-Rovira ve probable que haya elecciones el 9N si se veta el refer\u00e9ndum - El Digital de Asturias","description":"Barcelona, 9 feb (EFE).- El expresidente de ERC Josep-Llu\u00eds Carod-Rovira ve \"probable\" que haya elecciones anticipadas en Catalu\u00f1a el pr\u00f3ximo 9 de noviembre si el Estado, tal como supone, veta a Catalu\u00f1a la posibilidad de pronunciarse en refer\u00e9ndum sobre su futuro pol\u00edtico. En una entrevista en Catalunya R\u00e0dio, Carod-Rovira se ha mostrado convencido de que","canonical_url":"https:\/\/www.eldigitaldeasturias.com\/noticias\/carod-rovira-ve-probable-que-haya-elecciones-el-9n-si-se-veta-el-referendum\/","robots":"max-image-preview:large","keywords":"actualidad","webmasterTools":{"google-site-verification":"UA-38556648-1","msvalidate.01":"7dfe9f3f1b24437ab69f4f2559babe99","miscellaneous":""},"schema":{"@context":"https:\/\/schema.org","@graph":[{"@type":"BlogPosting","@id":"https:\/\/www.eldigitaldeasturias.com\/noticias\/carod-rovira-ve-probable-que-haya-elecciones-el-9n-si-se-veta-el-referendum\/#blogposting","name":"Carod-Rovira ve probable que haya elecciones el 9N si se veta el refer\u00e9ndum - El Digital de Asturias","headline":"Carod-Rovira ve probable que haya elecciones el 9N si se veta el refer\u00e9ndum","author":{"@id":"https:\/\/www.eldigitaldeasturias.com\/noticias\/author\/admin\/#author"},"publisher":{"@id":"https:\/\/www.eldigitaldeasturias.com\/noticias\/#organization"},"image":{"@type":"ImageObject","url":487329},"datePublished":"2014-02-09T19:48:10+01:00","dateModified":"2014-02-09T19:48:10+01:00","inLanguage":"es-ES","mainEntityOfPage":{"@id":"https:\/\/www.eldigitaldeasturias.com\/noticias\/carod-rovira-ve-probable-que-haya-elecciones-el-9n-si-se-veta-el-referendum\/#webpage"},"isPartOf":{"@id":"https:\/\/www.eldigitaldeasturias.com\/noticias\/carod-rovira-ve-probable-que-haya-elecciones-el-9n-si-se-veta-el-referendum\/#webpage"},"articleSection":"Actualidad"},{"@type":"BreadcrumbList","@id":"https:\/\/www.eldigitaldeasturias.com\/noticias\/carod-rovira-ve-probable-que-haya-elecciones-el-9n-si-se-veta-el-referendum\/#breadcrumblist","itemListElement":[{"@type":"ListItem","@id":"https:\/\/www.eldigitaldeasturias.com\/noticias#listItem","position":1,"name":"Home","item":"https:\/\/www.eldigitaldeasturias.com\/noticias","nextItem":{"@type":"ListItem","@id":"https:\/\/www.eldigitaldeasturias.com\/noticias\/category\/actualidad\/#listItem","name":"Actualidad"}},{"@type":"ListItem","@id":"https:\/\/www.eldigitaldeasturias.com\/noticias\/category\/actualidad\/#listItem","position":2,"name":"Actualidad","item":"https:\/\/www.eldigitaldeasturias.com\/noticias\/category\/actualidad\/","nextItem":{"@type":"ListItem","@id":"https:\/\/www.eldigitaldeasturias.com\/noticias\/carod-rovira-ve-probable-que-haya-elecciones-el-9n-si-se-veta-el-referendum\/#listItem","name":"Carod-Rovira ve probable que haya elecciones el 9N si se veta el refer\u00e9ndum"},"previousItem":{"@type":"ListItem","@id":"https:\/\/www.eldigitaldeasturias.com\/noticias#listItem","name":"Home"}},{"@type":"ListItem","@id":"https:\/\/www.eldigitaldeasturias.com\/noticias\/carod-rovira-ve-probable-que-haya-elecciones-el-9n-si-se-veta-el-referendum\/#listItem","position":3,"name":"Carod-Rovira ve probable que haya elecciones el 9N si se veta el refer\u00e9ndum","previousItem":{"@type":"ListItem","@id":"https:\/\/www.eldigitaldeasturias.com\/noticias\/category\/actualidad\/#listItem","name":"Actualidad"}}]},{"@type":"Organization","@id":"https:\/\/www.eldigitaldeasturias.com\/noticias\/#organization","name":"El Digital de Asturias","description":"Hemeroteca","url":"https:\/\/www.eldigitaldeasturias.com\/noticias\/","email":"info@eldigitaldeasturias.com","telephone":"+34652131393","logo":{"@type":"ImageObject","url":"https:\/\/www.eldigitaldeasturias.com\/noticias\/wp-content\/uploads\/2020\/12\/EDA.jpg","@id":"https:\/\/www.eldigitaldeasturias.com\/noticias\/carod-rovira-ve-probable-que-haya-elecciones-el-9n-si-se-veta-el-referendum\/#organizationLogo"},"image":{"@id":"https:\/\/www.eldigitaldeasturias.com\/noticias\/carod-rovira-ve-probable-que-haya-elecciones-el-9n-si-se-veta-el-referendum\/#organizationLogo"},"sameAs":["https:\/\/facebook.com\/eldigitaldeasturias","https:\/\/www.youtube.com\/channel\/UCZP-2wLEB9Rv6erhFmqVnvg"],"address":{"@id":"https:\/\/www.eldigitaldeasturias.com\/noticias\/#postaladdress","@type":"PostalAddress","streetAddress":"san antonio 4","postalCode":"33430","addressLocality":"Cand\u00e1s","addressRegion":"Asturias","addressCountry":"ES"}},{"@type":"Person","@id":"https:\/\/www.eldigitaldeasturias.com\/noticias\/author\/admin\/#author","url":"https:\/\/www.eldigitaldeasturias.com\/noticias\/author\/admin\/","name":"El Digital de Asturias","image":{"@type":"ImageObject","@id":"https:\/\/www.eldigitaldeasturias.com\/noticias\/carod-rovira-ve-probable-que-haya-elecciones-el-9n-si-se-veta-el-referendum\/#authorImage","url":"https:\/\/secure.gravatar.com\/avatar\/df2aeffc32bcd13f8d26072ef8a91b623d677766deac7f97ca815868cd41bf5e?s=96&d=mm&r=g","width":96,"height":96,"caption":"El Digital de Asturias"}},{"@type":"WebPage","@id":"https:\/\/www.eldigitaldeasturias.com\/noticias\/carod-rovira-ve-probable-que-haya-elecciones-el-9n-si-se-veta-el-referendum\/#webpage","url":"https:\/\/www.eldigitaldeasturias.com\/noticias\/carod-rovira-ve-probable-que-haya-elecciones-el-9n-si-se-veta-el-referendum\/","name":"Carod-Rovira ve probable que haya elecciones el 9N si se veta el refer\u00e9ndum - El Digital de Asturias","description":"Barcelona, 9 feb (EFE).- El expresidente de ERC Josep-Llu\u00eds Carod-Rovira ve \"probable\" que haya elecciones anticipadas en Catalu\u00f1a el pr\u00f3ximo 9 de noviembre si el Estado, tal como supone, veta a Catalu\u00f1a la posibilidad de pronunciarse en refer\u00e9ndum sobre su futuro pol\u00edtico. En una entrevista en Catalunya R\u00e0dio, Carod-Rovira se ha mostrado convencido de que","inLanguage":"es-ES","isPartOf":{"@id":"https:\/\/www.eldigitaldeasturias.com\/noticias\/#website"},"breadcrumb":{"@id":"https:\/\/www.eldigitaldeasturias.com\/noticias\/carod-rovira-ve-probable-que-haya-elecciones-el-9n-si-se-veta-el-referendum\/#breadcrumblist"},"author":{"@id":"https:\/\/www.eldigitaldeasturias.com\/noticias\/author\/admin\/#author"},"creator":{"@id":"https:\/\/www.eldigitaldeasturias.com\/noticias\/author\/admin\/#author"},"image":{"@type":"ImageObject","url":487329,"@id":"https:\/\/www.eldigitaldeasturias.com\/noticias\/carod-rovira-ve-probable-que-haya-elecciones-el-9n-si-se-veta-el-referendum\/#mainImage"},"primaryImageOfPage":{"@id":"https:\/\/www.eldigitaldeasturias.com\/noticias\/carod-rovira-ve-probable-que-haya-elecciones-el-9n-si-se-veta-el-referendum\/#mainImage"},"datePublished":"2014-02-09T19:48:10+01:00","dateModified":"2014-02-09T19:48:10+01:00"},{"@type":"WebSite","@id":"https:\/\/www.eldigitaldeasturias.com\/noticias\/#website","url":"https:\/\/www.eldigitaldeasturias.com\/noticias\/","name":"El Digital de Asturias - Diario de actualidad y noticias","alternateName":"El Digital de Asturias - Diario de actualidad y noticias","description":"Hemeroteca","inLanguage":"es-ES","publisher":{"@id":"https:\/\/www.eldigitaldeasturias.com\/noticias\/#organization"}}]},"og:locale":"es_ES","og:site_name":"El Digital de Asturias","og:type":"article","og:title":"Carod-Rovira ve probable que haya elecciones el 9N si se veta el refer\u00e9ndum - El Digital de Asturias","og:description":"Barcelona, 9 feb (EFE).- El expresidente de ERC Josep-Llu\u00eds Carod-Rovira ve &quot;probable&quot; que haya elecciones anticipadas en Catalu\u00f1a el pr\u00f3ximo 9 de noviembre si el Estado, tal como supone, veta a Catalu\u00f1a la posibilidad de pronunciarse en refer\u00e9ndum sobre su futuro pol\u00edtico. En una entrevista en Catalunya R\u00e0dio, Carod-Rovira se ha mostrado convencido de que","og:url":"https:\/\/www.eldigitaldeasturias.com\/noticias\/carod-rovira-ve-probable-que-haya-elecciones-el-9n-si-se-veta-el-referendum\/","article:tag":["actualidad"],"article:published_time":"2014-02-09T20:48:10+00:00","article:modified_time":"2014-02-09T20:48:10+00:00","article:publisher":"https:\/\/facebook.com\/eldigitaldeasturias","twitter:card":"summary_large_image","twitter:title":"Carod-Rovira ve probable que haya elecciones el 9N si se veta el refer\u00e9ndum - El Digital de Asturias","twitter:description":"Barcelona, 9 feb (EFE).- El expresidente de ERC Josep-Llu\u00eds Carod-Rovira ve &quot;probable&quot; que haya elecciones anticipadas en Catalu\u00f1a el pr\u00f3ximo 9 de noviembre si el Estado, tal como supone, veta a Catalu\u00f1a la posibilidad de pronunciarse en refer\u00e9ndum sobre su futuro pol\u00edtico. En una entrevista en Catalunya R\u00e0dio, Carod-Rovira se ha mostrado convencido de que","twitter:label1":"Escrito por","twitter:data1":"El Digital de Asturias","twitter:label2":"Tiempo de lectura estimado","twitter:data2":"1 minuto"},"aioseo_meta_data":{"post_id":"487328","title":null,"description":null,"keywords":null,"keyphrases":null,"primary_term":null,"canonical_url":null,"og_title":null,"og_description":null,"og_object_type":"default","og_image_type":"default","og_image_url":null,"og_image_width":null,"og_image_height":null,"og_image_custom_url":null,"og_image_custom_fields":null,"og_video":null,"og_custom_url":null,"og_article_section":null,"og_article_tags":null,"twitter_use_og":true,"twitter_card":"default","twitter_image_type":"default","twitter_image_url":null,"twitter_image_custom_url":null,"twitter_image_custom_fields":null,"twitter_title":null,"twitter_description":null,"schema":{"blockGraphs":[],"customGraphs":[],"default":{"data":{"Article":[],"Course":[],"Dataset":[],"FAQPage":[],"Movie":[],"Person":[],"Product":[],"ProductReview":[],"Car":[],"Recipe":[],"Service":[],"SoftwareApplication":[],"WebPage":[]},"graphName":"","isEnabled":true},"graphs":[],"defaultGraph":"","defaultPostTypeGraph":""},"schema_type":null,"schema_type_options":null,"pillar_content":false,"robots_default":true,"robots_noindex":false,"robots_noarchive":false,"robots_nosnippet":false,"robots_nofollow":false,"robots_noimageindex":false,"robots_noodp":false,"robots_notranslate":false,"robots_max_snippet":null,"robots_max_videopreview":null,"robots_max_imagepreview":"none","priority":null,"frequency":null,"local_seo":null,"seo_analyzer_scan_date":"2026-06-03 04:24:48","breadcrumb_settings":null,"limit_modified_date":false,"open_ai":null,"ai":null,"created":"2020-11-14 22:56:21","updated":"2026-06-03 04:24:48","focus_keyword":null,"additional_keywords":null,"truseo_locale":null},"aioseo_breadcrumb":"<div class=\"aioseo-breadcrumbs\"><span class=\"aioseo-breadcrumb\">\n\t<a href=\"https:\/\/www.eldigitaldeasturias.com\/noticias\" title=\"Home\">Home<\/a>\n<\/span><span class=\"aioseo-breadcrumb-separator\">\u2013<\/span><span class=\"aioseo-breadcrumb\">\n\t<a href=\"https:\/\/www.eldigitaldeasturias.com\/noticias\/category\/actualidad\/\" title=\"Actualidad\">Actualidad<\/a>\n<\/span><span class=\"aioseo-breadcrumb-separator\">\u2013<\/span><span class=\"aioseo-breadcrumb\">\n\t<a href=\"https:\/\/www.eldigitaldeasturias.com\/noticias\/carod-rovira-ve-probable-que-haya-elecciones-el-9n-si-se-veta-el-referendum\/\" title=\"Carod-Rovira ve probable que haya elecciones el 9N si se veta el refer\u00e9ndum\">Carod-Rovira ve probable que haya elecciones el 9N si se veta el refer\u00e9ndum<\/a>\n<\/span><\/div>","aioseo_breadcrumb_json":[{"label":"Home","link":"https:\/\/www.eldigitaldeasturias.com\/noticias"},{"label":"Actualidad","link":"https:\/\/www.eldigitaldeasturias.com\/noticias\/category\/actualidad\/"},{"label":"Carod-Rovira ve probable que haya elecciones el 9N si se veta el refer\u00e9ndum","link":"https:\/\/www.eldigitaldeasturias.com\/noticias\/carod-rovira-ve-probable-que-haya-elecciones-el-9n-si-se-veta-el-referendum\/"}],"_links":{"self":[{"href":"https:\/\/www.eldigitaldeasturias.com\/noticias\/wp-json\/wp\/v2\/posts\/487328","targetHints":{"allow":["GET"]}}],"collection":[{"href":"https:\/\/www.eldigitaldeasturias.com\/noticias\/wp-json\/wp\/v2\/posts"}],"about":[{"href":"https:\/\/www.eldigitaldeasturias.com\/noticias\/wp-json\/wp\/v2\/types\/post"}],"author":[{"embeddable":true,"href":"https:\/\/www.eldigitaldeasturias.com\/noticias\/wp-json\/wp\/v2\/users\/1"}],"replies":[{"embeddable":true,"href":"https:\/\/www.eldigitaldeasturias.com\/noticias\/wp-json\/wp\/v2\/comments?post=487328"}],"version-history":[{"count":0,"href":"https:\/\/www.eldigitaldeasturias.com\/noticias\/wp-json\/wp\/v2\/posts\/487328\/revisions"}],"wp:attachment":[{"href":"https:\/\/www.eldigitaldeasturias.com\/noticias\/wp-json\/wp\/v2\/media?parent=487328"}],"wp:term":[{"taxonomy":"category","embeddable":true,"href":"https:\/\/www.eldigitaldeasturias.com\/noticias\/wp-json\/wp\/v2\/categories?post=487328"},{"taxonomy":"post_tag","embeddable":true,"href":"https:\/\/www.eldigitaldeasturias.com\/noticias\/wp-json\/wp\/v2\/tags?post=487328"}],"curies":[{"name":"wp","href":"https:\/\/api.w.org\/{rel}","templated":true}]}}