{"id":487325,"date":"2014-02-09T19:47:08","date_gmt":"2014-02-09T20:47:08","guid":{"rendered":"http:\/\/www.eldigitaldeasturias.com\/noticias\/?p=487325"},"modified":"2014-02-09T19:47:08","modified_gmt":"2014-02-09T20:47:08","slug":"dos-santos-marco-a-domicilio-seis-meses-despues","status":"publish","type":"post","link":"https:\/\/www.eldigitaldeasturias.com\/noticias\/dos-santos-marco-a-domicilio-seis-meses-despues\/","title":{"rendered":"Dos Santos marc\u00f3 a domicilio seis meses despu\u00e9s"},"content":{"rendered":"<p><img loading=\"lazy\" decoding=\"async\" class=\"alignleft size-medium wp-image-487326\" alt=\"5925395w\" src=\"https:\/\/www.eldigitaldeasturias.com\/noticias\/wp-content\/uploads\/2014\/02\/5925395w-304x320.jpg\" width=\"304\" height=\"320\" \/>Villarreal (Castell\u00f3n), 9 feb (EFE).- El delantero mexicano del Villarreal, Giovanni dos Santos, marc\u00f3 fuera de El Madrigal seis meses despu\u00e9s, al conseguir uno de los dos goles de su equipo en la derrota por 4-2 ante el Real Madrid en el estadio Santiago Bernab\u00e9u.<\/p>\n<p>Dos Santos no marcaba fuera de casa desde el 19 de agosto de 2013, cuando su equipo se impuso a domicilio por 2-3 en Almer\u00eda en la primera jornada de liga.<\/p>\n<p>Desde entonces, Giovanni hab\u00eda conseguido otras siete dianas y todas ellas como local ante el Valladolid, Real Madrid, Granada y dos contra el Valencia y la Real Sociedad.<\/p>\n<p>El delantero internacional mexicano acumula nueve tantos en su mejor temporada goleadora en Primera Divisi\u00f3n, ya que con los nueve goles marcados este a\u00f1o, supera mejor registro en la categor\u00eda con los seis goles que marc\u00f3 con el Mallorca en la pasada campa\u00f1a.<\/p>\n","protected":false},"excerpt":{"rendered":"<p>Villarreal (Castell\u00f3n), 9 feb (EFE).- El delantero mexicano del Villarreal, Giovanni dos Santos, marc\u00f3 fuera de El Madrigal seis meses despu\u00e9s, al conseguir uno de los dos goles de su equipo en la derrota por 4-2 ante el Real Madrid en el estadio Santiago Bernab\u00e9u. Dos Santos no marcaba fuera de casa desde el 19 [&hellip;]<\/p>\n","protected":false},"author":1,"featured_media":487326,"comment_status":"open","ping_status":"open","sticky":false,"template":"","format":"standard","meta":{"footnotes":""},"categories":[1],"tags":[],"class_list":["post-487325","post","type-post","status-publish","format-standard","has-post-thumbnail","hentry","category-actualidad"],"aioseo_notices":[],"aioseo_head":"\n\t\t<!-- All in One SEO Pro 5.0.1 - aioseo.com -->\n\t<meta name=\"description\" content=\"Villarreal (Castell\u00f3n), 9 feb (EFE).- El delantero mexicano del Villarreal, Giovanni dos Santos, marc\u00f3 fuera de El Madrigal seis meses despu\u00e9s, al conseguir uno de los dos goles de su equipo en la derrota por 4-2 ante el Real Madrid en el estadio Santiago Bernab\u00e9u. Dos Santos no marcaba fuera de casa desde el 19\" \/>\n\t<meta name=\"robots\" content=\"max-image-preview:large\" \/>\n\t<meta name=\"author\" content=\"El Digital de Asturias\"\/>\n\t<meta name=\"google-site-verification\" content=\"UA-38556648-1\" \/>\n\t<meta name=\"msvalidate.01\" content=\"7dfe9f3f1b24437ab69f4f2559babe99\" \/>\n\t<meta name=\"keywords\" content=\"actualidad\" \/>\n\t<link rel=\"canonical\" href=\"https:\/\/www.eldigitaldeasturias.com\/noticias\/dos-santos-marco-a-domicilio-seis-meses-despues\/\" \/>\n\t<meta name=\"generator\" content=\"All in One SEO Pro (AIOSEO) 5.0.1\" \/>\n\t\t<meta property=\"og:locale\" content=\"es_ES\" \/>\n\t\t<meta property=\"og:site_name\" content=\"El Digital de Asturias\" \/>\n\t\t<meta property=\"og:type\" content=\"article\" \/>\n\t\t<meta property=\"og:title\" content=\"Dos Santos marc\u00f3 a domicilio seis meses despu\u00e9s - El Digital de Asturias\" \/>\n\t\t<meta property=\"og:description\" content=\"Villarreal (Castell\u00f3n), 9 feb (EFE).- El delantero mexicano del Villarreal, Giovanni dos Santos, marc\u00f3 fuera de El Madrigal seis meses despu\u00e9s, al conseguir uno de los dos goles de su equipo en la derrota por 4-2 ante el Real Madrid en el estadio Santiago Bernab\u00e9u. Dos Santos no marcaba fuera de casa desde el 19\" \/>\n\t\t<meta property=\"og:url\" content=\"https:\/\/www.eldigitaldeasturias.com\/noticias\/dos-santos-marco-a-domicilio-seis-meses-despues\/\" \/>\n\t\t<meta property=\"article:tag\" content=\"actualidad\" \/>\n\t\t<meta property=\"article:published_time\" content=\"2014-02-09T20:47:08+00:00\" \/>\n\t\t<meta property=\"article:modified_time\" content=\"2014-02-09T20:47:08+00:00\" \/>\n\t\t<meta property=\"article:publisher\" content=\"https:\/\/facebook.com\/eldigitaldeasturias\" \/>\n\t\t<meta name=\"twitter:card\" content=\"summary_large_image\" \/>\n\t\t<meta name=\"twitter:title\" content=\"Dos Santos marc\u00f3 a domicilio seis meses despu\u00e9s - El Digital de Asturias\" \/>\n\t\t<meta name=\"twitter:description\" content=\"Villarreal (Castell\u00f3n), 9 feb (EFE).- El delantero mexicano del Villarreal, Giovanni dos Santos, marc\u00f3 fuera de El Madrigal seis meses despu\u00e9s, al conseguir uno de los dos goles de su equipo en la derrota por 4-2 ante el Real Madrid en el estadio Santiago Bernab\u00e9u. Dos Santos no marcaba fuera de casa desde el 19\" \/>\n\t\t<meta name=\"twitter:label1\" content=\"Escrito por\" \/>\n\t\t<meta name=\"twitter:data1\" content=\"El Digital de Asturias\" \/>\n\t\t<meta name=\"twitter:label2\" content=\"Tiempo de lectura estimado\" \/>\n\t\t<meta name=\"twitter:data2\" content=\"1 minuto\" \/>\n\t\t<script type=\"application\/ld+json\" class=\"aioseo-schema\">\n\t\t\t{\"@context\":\"https:\\\/\\\/schema.org\",\"@graph\":[{\"@type\":\"BlogPosting\",\"@id\":\"https:\\\/\\\/www.eldigitaldeasturias.com\\\/noticias\\\/dos-santos-marco-a-domicilio-seis-meses-despues\\\/#blogposting\",\"name\":\"Dos Santos marc\\u00f3 a domicilio seis meses despu\\u00e9s - El Digital de Asturias\",\"headline\":\"Dos Santos marc\\u00f3 a domicilio seis meses despu\\u00e9s\",\"author\":{\"@id\":\"https:\\\/\\\/www.eldigitaldeasturias.com\\\/noticias\\\/author\\\/admin\\\/#author\"},\"publisher\":{\"@id\":\"https:\\\/\\\/www.eldigitaldeasturias.com\\\/noticias\\\/#organization\"},\"image\":{\"@type\":\"ImageObject\",\"url\":487326},\"datePublished\":\"2014-02-09T19:47:08+01:00\",\"dateModified\":\"2014-02-09T19:47:08+01:00\",\"inLanguage\":\"es-ES\",\"mainEntityOfPage\":{\"@id\":\"https:\\\/\\\/www.eldigitaldeasturias.com\\\/noticias\\\/dos-santos-marco-a-domicilio-seis-meses-despues\\\/#webpage\"},\"isPartOf\":{\"@id\":\"https:\\\/\\\/www.eldigitaldeasturias.com\\\/noticias\\\/dos-santos-marco-a-domicilio-seis-meses-despues\\\/#webpage\"},\"articleSection\":\"Actualidad\"},{\"@type\":\"BreadcrumbList\",\"@id\":\"https:\\\/\\\/www.eldigitaldeasturias.com\\\/noticias\\\/dos-santos-marco-a-domicilio-seis-meses-despues\\\/#breadcrumblist\",\"itemListElement\":[{\"@type\":\"ListItem\",\"@id\":\"https:\\\/\\\/www.eldigitaldeasturias.com\\\/noticias#listItem\",\"position\":1,\"name\":\"Home\",\"item\":\"https:\\\/\\\/www.eldigitaldeasturias.com\\\/noticias\",\"nextItem\":{\"@type\":\"ListItem\",\"@id\":\"https:\\\/\\\/www.eldigitaldeasturias.com\\\/noticias\\\/category\\\/actualidad\\\/#listItem\",\"name\":\"Actualidad\"}},{\"@type\":\"ListItem\",\"@id\":\"https:\\\/\\\/www.eldigitaldeasturias.com\\\/noticias\\\/category\\\/actualidad\\\/#listItem\",\"position\":2,\"name\":\"Actualidad\",\"item\":\"https:\\\/\\\/www.eldigitaldeasturias.com\\\/noticias\\\/category\\\/actualidad\\\/\",\"nextItem\":{\"@type\":\"ListItem\",\"@id\":\"https:\\\/\\\/www.eldigitaldeasturias.com\\\/noticias\\\/dos-santos-marco-a-domicilio-seis-meses-despues\\\/#listItem\",\"name\":\"Dos Santos marc\\u00f3 a domicilio seis meses despu\\u00e9s\"},\"previousItem\":{\"@type\":\"ListItem\",\"@id\":\"https:\\\/\\\/www.eldigitaldeasturias.com\\\/noticias#listItem\",\"name\":\"Home\"}},{\"@type\":\"ListItem\",\"@id\":\"https:\\\/\\\/www.eldigitaldeasturias.com\\\/noticias\\\/dos-santos-marco-a-domicilio-seis-meses-despues\\\/#listItem\",\"position\":3,\"name\":\"Dos Santos marc\\u00f3 a domicilio seis meses despu\\u00e9s\",\"previousItem\":{\"@type\":\"ListItem\",\"@id\":\"https:\\\/\\\/www.eldigitaldeasturias.com\\\/noticias\\\/category\\\/actualidad\\\/#listItem\",\"name\":\"Actualidad\"}}]},{\"@type\":\"Organization\",\"@id\":\"https:\\\/\\\/www.eldigitaldeasturias.com\\\/noticias\\\/#organization\",\"name\":\"El Digital de Asturias\",\"description\":\"Hemeroteca\",\"url\":\"https:\\\/\\\/www.eldigitaldeasturias.com\\\/noticias\\\/\",\"email\":\"info@eldigitaldeasturias.com\",\"telephone\":\"+34652131393\",\"logo\":{\"@type\":\"ImageObject\",\"url\":\"https:\\\/\\\/www.eldigitaldeasturias.com\\\/noticias\\\/wp-content\\\/uploads\\\/2020\\\/12\\\/EDA.jpg\",\"@id\":\"https:\\\/\\\/www.eldigitaldeasturias.com\\\/noticias\\\/dos-santos-marco-a-domicilio-seis-meses-despues\\\/#organizationLogo\"},\"image\":{\"@id\":\"https:\\\/\\\/www.eldigitaldeasturias.com\\\/noticias\\\/dos-santos-marco-a-domicilio-seis-meses-despues\\\/#organizationLogo\"},\"sameAs\":[\"https:\\\/\\\/facebook.com\\\/eldigitaldeasturias\",\"https:\\\/\\\/www.youtube.com\\\/channel\\\/UCZP-2wLEB9Rv6erhFmqVnvg\"],\"address\":{\"@id\":\"https:\\\/\\\/www.eldigitaldeasturias.com\\\/noticias\\\/#postaladdress\",\"@type\":\"PostalAddress\",\"streetAddress\":\"san antonio 4\",\"postalCode\":\"33430\",\"addressLocality\":\"Cand\\u00e1s\",\"addressRegion\":\"Asturias\",\"addressCountry\":\"ES\"}},{\"@type\":\"Person\",\"@id\":\"https:\\\/\\\/www.eldigitaldeasturias.com\\\/noticias\\\/author\\\/admin\\\/#author\",\"url\":\"https:\\\/\\\/www.eldigitaldeasturias.com\\\/noticias\\\/author\\\/admin\\\/\",\"name\":\"El Digital de Asturias\",\"image\":{\"@type\":\"ImageObject\",\"@id\":\"https:\\\/\\\/www.eldigitaldeasturias.com\\\/noticias\\\/dos-santos-marco-a-domicilio-seis-meses-despues\\\/#authorImage\",\"url\":\"https:\\\/\\\/secure.gravatar.com\\\/avatar\\\/df2aeffc32bcd13f8d26072ef8a91b623d677766deac7f97ca815868cd41bf5e?s=96&d=mm&r=g\",\"width\":96,\"height\":96,\"caption\":\"El Digital de Asturias\"}},{\"@type\":\"WebPage\",\"@id\":\"https:\\\/\\\/www.eldigitaldeasturias.com\\\/noticias\\\/dos-santos-marco-a-domicilio-seis-meses-despues\\\/#webpage\",\"url\":\"https:\\\/\\\/www.eldigitaldeasturias.com\\\/noticias\\\/dos-santos-marco-a-domicilio-seis-meses-despues\\\/\",\"name\":\"Dos Santos marc\\u00f3 a domicilio seis meses despu\\u00e9s - El Digital de Asturias\",\"description\":\"Villarreal (Castell\\u00f3n), 9 feb (EFE).- El delantero mexicano del Villarreal, Giovanni dos Santos, marc\\u00f3 fuera de El Madrigal seis meses despu\\u00e9s, al conseguir uno de los dos goles de su equipo en la derrota por 4-2 ante el Real Madrid en el estadio Santiago Bernab\\u00e9u. Dos Santos no marcaba fuera de casa desde el 19\",\"inLanguage\":\"es-ES\",\"isPartOf\":{\"@id\":\"https:\\\/\\\/www.eldigitaldeasturias.com\\\/noticias\\\/#website\"},\"breadcrumb\":{\"@id\":\"https:\\\/\\\/www.eldigitaldeasturias.com\\\/noticias\\\/dos-santos-marco-a-domicilio-seis-meses-despues\\\/#breadcrumblist\"},\"author\":{\"@id\":\"https:\\\/\\\/www.eldigitaldeasturias.com\\\/noticias\\\/author\\\/admin\\\/#author\"},\"creator\":{\"@id\":\"https:\\\/\\\/www.eldigitaldeasturias.com\\\/noticias\\\/author\\\/admin\\\/#author\"},\"image\":{\"@type\":\"ImageObject\",\"url\":487326,\"@id\":\"https:\\\/\\\/www.eldigitaldeasturias.com\\\/noticias\\\/dos-santos-marco-a-domicilio-seis-meses-despues\\\/#mainImage\"},\"primaryImageOfPage\":{\"@id\":\"https:\\\/\\\/www.eldigitaldeasturias.com\\\/noticias\\\/dos-santos-marco-a-domicilio-seis-meses-despues\\\/#mainImage\"},\"datePublished\":\"2014-02-09T19:47:08+01:00\",\"dateModified\":\"2014-02-09T19:47:08+01:00\"},{\"@type\":\"WebSite\",\"@id\":\"https:\\\/\\\/www.eldigitaldeasturias.com\\\/noticias\\\/#website\",\"url\":\"https:\\\/\\\/www.eldigitaldeasturias.com\\\/noticias\\\/\",\"name\":\"El Digital de Asturias - Diario de actualidad y noticias\",\"alternateName\":\"El Digital de Asturias - Diario de actualidad y noticias\",\"description\":\"Hemeroteca\",\"inLanguage\":\"es-ES\",\"publisher\":{\"@id\":\"https:\\\/\\\/www.eldigitaldeasturias.com\\\/noticias\\\/#organization\"}}]}\n\t\t<\/script>\n\t\t<!-- All in One SEO Pro -->\r\n\t\t<title>Dos Santos marc\u00f3 a domicilio seis meses despu\u00e9s - El Digital de Asturias<\/title>\n\n","aioseo_head_json":{"title":"Dos Santos marc\u00f3 a domicilio seis meses despu\u00e9s - El Digital de Asturias","description":"Villarreal (Castell\u00f3n), 9 feb (EFE).- El delantero mexicano del Villarreal, Giovanni dos Santos, marc\u00f3 fuera de El Madrigal seis meses despu\u00e9s, al conseguir uno de los dos goles de su equipo en la derrota por 4-2 ante el Real Madrid en el estadio Santiago Bernab\u00e9u. Dos Santos no marcaba fuera de casa desde el 19","canonical_url":"https:\/\/www.eldigitaldeasturias.com\/noticias\/dos-santos-marco-a-domicilio-seis-meses-despues\/","robots":"max-image-preview:large","keywords":"actualidad","webmasterTools":{"google-site-verification":"UA-38556648-1","msvalidate.01":"7dfe9f3f1b24437ab69f4f2559babe99","miscellaneous":""},"schema":{"@context":"https:\/\/schema.org","@graph":[{"@type":"BlogPosting","@id":"https:\/\/www.eldigitaldeasturias.com\/noticias\/dos-santos-marco-a-domicilio-seis-meses-despues\/#blogposting","name":"Dos Santos marc\u00f3 a domicilio seis meses despu\u00e9s - El Digital de Asturias","headline":"Dos Santos marc\u00f3 a domicilio seis meses despu\u00e9s","author":{"@id":"https:\/\/www.eldigitaldeasturias.com\/noticias\/author\/admin\/#author"},"publisher":{"@id":"https:\/\/www.eldigitaldeasturias.com\/noticias\/#organization"},"image":{"@type":"ImageObject","url":487326},"datePublished":"2014-02-09T19:47:08+01:00","dateModified":"2014-02-09T19:47:08+01:00","inLanguage":"es-ES","mainEntityOfPage":{"@id":"https:\/\/www.eldigitaldeasturias.com\/noticias\/dos-santos-marco-a-domicilio-seis-meses-despues\/#webpage"},"isPartOf":{"@id":"https:\/\/www.eldigitaldeasturias.com\/noticias\/dos-santos-marco-a-domicilio-seis-meses-despues\/#webpage"},"articleSection":"Actualidad"},{"@type":"BreadcrumbList","@id":"https:\/\/www.eldigitaldeasturias.com\/noticias\/dos-santos-marco-a-domicilio-seis-meses-despues\/#breadcrumblist","itemListElement":[{"@type":"ListItem","@id":"https:\/\/www.eldigitaldeasturias.com\/noticias#listItem","position":1,"name":"Home","item":"https:\/\/www.eldigitaldeasturias.com\/noticias","nextItem":{"@type":"ListItem","@id":"https:\/\/www.eldigitaldeasturias.com\/noticias\/category\/actualidad\/#listItem","name":"Actualidad"}},{"@type":"ListItem","@id":"https:\/\/www.eldigitaldeasturias.com\/noticias\/category\/actualidad\/#listItem","position":2,"name":"Actualidad","item":"https:\/\/www.eldigitaldeasturias.com\/noticias\/category\/actualidad\/","nextItem":{"@type":"ListItem","@id":"https:\/\/www.eldigitaldeasturias.com\/noticias\/dos-santos-marco-a-domicilio-seis-meses-despues\/#listItem","name":"Dos Santos marc\u00f3 a domicilio seis meses despu\u00e9s"},"previousItem":{"@type":"ListItem","@id":"https:\/\/www.eldigitaldeasturias.com\/noticias#listItem","name":"Home"}},{"@type":"ListItem","@id":"https:\/\/www.eldigitaldeasturias.com\/noticias\/dos-santos-marco-a-domicilio-seis-meses-despues\/#listItem","position":3,"name":"Dos Santos marc\u00f3 a domicilio seis meses despu\u00e9s","previousItem":{"@type":"ListItem","@id":"https:\/\/www.eldigitaldeasturias.com\/noticias\/category\/actualidad\/#listItem","name":"Actualidad"}}]},{"@type":"Organization","@id":"https:\/\/www.eldigitaldeasturias.com\/noticias\/#organization","name":"El Digital de Asturias","description":"Hemeroteca","url":"https:\/\/www.eldigitaldeasturias.com\/noticias\/","email":"info@eldigitaldeasturias.com","telephone":"+34652131393","logo":{"@type":"ImageObject","url":"https:\/\/www.eldigitaldeasturias.com\/noticias\/wp-content\/uploads\/2020\/12\/EDA.jpg","@id":"https:\/\/www.eldigitaldeasturias.com\/noticias\/dos-santos-marco-a-domicilio-seis-meses-despues\/#organizationLogo"},"image":{"@id":"https:\/\/www.eldigitaldeasturias.com\/noticias\/dos-santos-marco-a-domicilio-seis-meses-despues\/#organizationLogo"},"sameAs":["https:\/\/facebook.com\/eldigitaldeasturias","https:\/\/www.youtube.com\/channel\/UCZP-2wLEB9Rv6erhFmqVnvg"],"address":{"@id":"https:\/\/www.eldigitaldeasturias.com\/noticias\/#postaladdress","@type":"PostalAddress","streetAddress":"san antonio 4","postalCode":"33430","addressLocality":"Cand\u00e1s","addressRegion":"Asturias","addressCountry":"ES"}},{"@type":"Person","@id":"https:\/\/www.eldigitaldeasturias.com\/noticias\/author\/admin\/#author","url":"https:\/\/www.eldigitaldeasturias.com\/noticias\/author\/admin\/","name":"El Digital de Asturias","image":{"@type":"ImageObject","@id":"https:\/\/www.eldigitaldeasturias.com\/noticias\/dos-santos-marco-a-domicilio-seis-meses-despues\/#authorImage","url":"https:\/\/secure.gravatar.com\/avatar\/df2aeffc32bcd13f8d26072ef8a91b623d677766deac7f97ca815868cd41bf5e?s=96&d=mm&r=g","width":96,"height":96,"caption":"El Digital de Asturias"}},{"@type":"WebPage","@id":"https:\/\/www.eldigitaldeasturias.com\/noticias\/dos-santos-marco-a-domicilio-seis-meses-despues\/#webpage","url":"https:\/\/www.eldigitaldeasturias.com\/noticias\/dos-santos-marco-a-domicilio-seis-meses-despues\/","name":"Dos Santos marc\u00f3 a domicilio seis meses despu\u00e9s - El Digital de Asturias","description":"Villarreal (Castell\u00f3n), 9 feb (EFE).- El delantero mexicano del Villarreal, Giovanni dos Santos, marc\u00f3 fuera de El Madrigal seis meses despu\u00e9s, al conseguir uno de los dos goles de su equipo en la derrota por 4-2 ante el Real Madrid en el estadio Santiago Bernab\u00e9u. Dos Santos no marcaba fuera de casa desde el 19","inLanguage":"es-ES","isPartOf":{"@id":"https:\/\/www.eldigitaldeasturias.com\/noticias\/#website"},"breadcrumb":{"@id":"https:\/\/www.eldigitaldeasturias.com\/noticias\/dos-santos-marco-a-domicilio-seis-meses-despues\/#breadcrumblist"},"author":{"@id":"https:\/\/www.eldigitaldeasturias.com\/noticias\/author\/admin\/#author"},"creator":{"@id":"https:\/\/www.eldigitaldeasturias.com\/noticias\/author\/admin\/#author"},"image":{"@type":"ImageObject","url":487326,"@id":"https:\/\/www.eldigitaldeasturias.com\/noticias\/dos-santos-marco-a-domicilio-seis-meses-despues\/#mainImage"},"primaryImageOfPage":{"@id":"https:\/\/www.eldigitaldeasturias.com\/noticias\/dos-santos-marco-a-domicilio-seis-meses-despues\/#mainImage"},"datePublished":"2014-02-09T19:47:08+01:00","dateModified":"2014-02-09T19:47:08+01:00"},{"@type":"WebSite","@id":"https:\/\/www.eldigitaldeasturias.com\/noticias\/#website","url":"https:\/\/www.eldigitaldeasturias.com\/noticias\/","name":"El Digital de Asturias - Diario de actualidad y noticias","alternateName":"El Digital de Asturias - Diario de actualidad y noticias","description":"Hemeroteca","inLanguage":"es-ES","publisher":{"@id":"https:\/\/www.eldigitaldeasturias.com\/noticias\/#organization"}}]},"og:locale":"es_ES","og:site_name":"El Digital de Asturias","og:type":"article","og:title":"Dos Santos marc\u00f3 a domicilio seis meses despu\u00e9s - El Digital de Asturias","og:description":"Villarreal (Castell\u00f3n), 9 feb (EFE).- El delantero mexicano del Villarreal, Giovanni dos Santos, marc\u00f3 fuera de El Madrigal seis meses despu\u00e9s, al conseguir uno de los dos goles de su equipo en la derrota por 4-2 ante el Real Madrid en el estadio Santiago Bernab\u00e9u. Dos Santos no marcaba fuera de casa desde el 19","og:url":"https:\/\/www.eldigitaldeasturias.com\/noticias\/dos-santos-marco-a-domicilio-seis-meses-despues\/","article:tag":["actualidad"],"article:published_time":"2014-02-09T20:47:08+00:00","article:modified_time":"2014-02-09T20:47:08+00:00","article:publisher":"https:\/\/facebook.com\/eldigitaldeasturias","twitter:card":"summary_large_image","twitter:title":"Dos Santos marc\u00f3 a domicilio seis meses despu\u00e9s - El Digital de Asturias","twitter:description":"Villarreal (Castell\u00f3n), 9 feb (EFE).- El delantero mexicano del Villarreal, Giovanni dos Santos, marc\u00f3 fuera de El Madrigal seis meses despu\u00e9s, al conseguir uno de los dos goles de su equipo en la derrota por 4-2 ante el Real Madrid en el estadio Santiago Bernab\u00e9u. Dos Santos no marcaba fuera de casa desde el 19","twitter:label1":"Escrito por","twitter:data1":"El Digital de Asturias","twitter:label2":"Tiempo de lectura estimado","twitter:data2":"1 minuto"},"aioseo_meta_data":{"post_id":"487325","title":null,"description":null,"keywords":null,"keyphrases":null,"primary_term":null,"canonical_url":null,"og_title":null,"og_description":null,"og_object_type":"default","og_image_type":"default","og_image_url":null,"og_image_width":null,"og_image_height":null,"og_image_custom_url":null,"og_image_custom_fields":null,"og_video":null,"og_custom_url":null,"og_article_section":null,"og_article_tags":null,"twitter_use_og":true,"twitter_card":"default","twitter_image_type":"default","twitter_image_url":null,"twitter_image_custom_url":null,"twitter_image_custom_fields":null,"twitter_title":null,"twitter_description":null,"schema":{"blockGraphs":[],"customGraphs":[],"default":{"data":{"Article":[],"Course":[],"Dataset":[],"FAQPage":[],"Movie":[],"Person":[],"Product":[],"ProductReview":[],"Car":[],"Recipe":[],"Service":[],"SoftwareApplication":[],"WebPage":[]},"graphName":"","isEnabled":true},"graphs":[],"defaultGraph":"","defaultPostTypeGraph":""},"schema_type":null,"schema_type_options":null,"pillar_content":false,"robots_default":true,"robots_noindex":false,"robots_noarchive":false,"robots_nosnippet":false,"robots_nofollow":false,"robots_noimageindex":false,"robots_noodp":false,"robots_notranslate":false,"robots_max_snippet":null,"robots_max_videopreview":null,"robots_max_imagepreview":"none","priority":null,"frequency":null,"local_seo":null,"seo_analyzer_scan_date":"2026-06-03 04:24:48","breadcrumb_settings":null,"limit_modified_date":false,"open_ai":null,"ai":null,"created":"2020-11-14 22:56:21","updated":"2026-06-03 04:24:48","focus_keyword":null,"additional_keywords":null,"truseo_locale":null},"aioseo_breadcrumb":"<div class=\"aioseo-breadcrumbs\"><span class=\"aioseo-breadcrumb\">\n\t<a href=\"https:\/\/www.eldigitaldeasturias.com\/noticias\" title=\"Home\">Home<\/a>\n<\/span><span class=\"aioseo-breadcrumb-separator\">\u2013<\/span><span class=\"aioseo-breadcrumb\">\n\t<a href=\"https:\/\/www.eldigitaldeasturias.com\/noticias\/category\/actualidad\/\" title=\"Actualidad\">Actualidad<\/a>\n<\/span><span class=\"aioseo-breadcrumb-separator\">\u2013<\/span><span class=\"aioseo-breadcrumb\">\n\t<a href=\"https:\/\/www.eldigitaldeasturias.com\/noticias\/dos-santos-marco-a-domicilio-seis-meses-despues\/\" title=\"Dos Santos marc\u00f3 a domicilio seis meses despu\u00e9s\">Dos Santos marc\u00f3 a domicilio seis meses despu\u00e9s<\/a>\n<\/span><\/div>","aioseo_breadcrumb_json":[{"label":"Home","link":"https:\/\/www.eldigitaldeasturias.com\/noticias"},{"label":"Actualidad","link":"https:\/\/www.eldigitaldeasturias.com\/noticias\/category\/actualidad\/"},{"label":"Dos Santos marc\u00f3 a domicilio seis meses despu\u00e9s","link":"https:\/\/www.eldigitaldeasturias.com\/noticias\/dos-santos-marco-a-domicilio-seis-meses-despues\/"}],"_links":{"self":[{"href":"https:\/\/www.eldigitaldeasturias.com\/noticias\/wp-json\/wp\/v2\/posts\/487325","targetHints":{"allow":["GET"]}}],"collection":[{"href":"https:\/\/www.eldigitaldeasturias.com\/noticias\/wp-json\/wp\/v2\/posts"}],"about":[{"href":"https:\/\/www.eldigitaldeasturias.com\/noticias\/wp-json\/wp\/v2\/types\/post"}],"author":[{"embeddable":true,"href":"https:\/\/www.eldigitaldeasturias.com\/noticias\/wp-json\/wp\/v2\/users\/1"}],"replies":[{"embeddable":true,"href":"https:\/\/www.eldigitaldeasturias.com\/noticias\/wp-json\/wp\/v2\/comments?post=487325"}],"version-history":[{"count":0,"href":"https:\/\/www.eldigitaldeasturias.com\/noticias\/wp-json\/wp\/v2\/posts\/487325\/revisions"}],"wp:attachment":[{"href":"https:\/\/www.eldigitaldeasturias.com\/noticias\/wp-json\/wp\/v2\/media?parent=487325"}],"wp:term":[{"taxonomy":"category","embeddable":true,"href":"https:\/\/www.eldigitaldeasturias.com\/noticias\/wp-json\/wp\/v2\/categories?post=487325"},{"taxonomy":"post_tag","embeddable":true,"href":"https:\/\/www.eldigitaldeasturias.com\/noticias\/wp-json\/wp\/v2\/tags?post=487325"}],"curies":[{"name":"wp","href":"https:\/\/api.w.org\/{rel}","templated":true}]}}