{"id":487322,"date":"2014-02-09T19:46:12","date_gmt":"2014-02-09T20:46:12","guid":{"rendered":"http:\/\/www.eldigitaldeasturias.com\/noticias\/?p=487322"},"modified":"2014-02-09T19:46:12","modified_gmt":"2014-02-09T20:46:12","slug":"el-real-madrid-prepara-como-lider-el-partido-de-copa-contra-el-atletico","status":"publish","type":"post","link":"https:\/\/www.eldigitaldeasturias.com\/noticias\/el-real-madrid-prepara-como-lider-el-partido-de-copa-contra-el-atletico\/","title":{"rendered":"El Real Madrid prepara como l\u00edder el partido de Copa contra el Atl\u00e9tico"},"content":{"rendered":"<p><img loading=\"lazy\" decoding=\"async\" class=\"alignleft size-medium wp-image-487323\" alt=\"5925390w\" src=\"https:\/\/www.eldigitaldeasturias.com\/noticias\/wp-content\/uploads\/2014\/02\/5925390w-360x252.jpg\" width=\"360\" height=\"252\" \/>Madrid, 9 feb (EFE).- El Real Madrid, l\u00edder provisional de la liga, a la espera del Sevilla-Barcelona, comenz\u00f3 hoy a preparar el partido de vuelta de semifinales de Copa contra el Atl\u00e9tico de Madrid con una sesi\u00f3n a puerta cerrada a las \u00f3rdenes de Carlo Ancelotti.<\/p>\n<p>Al d\u00eda siguiente de su victoria por 4-2 sobre el Villarreal, el equipo blanco ha llevado a cabo el primero de los dos entrenamientos que tendr\u00e1n antes de visitar, el martes, el Vicente Calder\u00f3n, donde intentar\u00e1 hacer valer la renta (3-0) obtenida en casa para acceder a la final de la Copa del Rey.<\/p>\n<p>Ancelotti cont\u00f3 con 11 jugadores sobre el c\u00e9sped de la Ciudad Real Madrid, ya que la mayor\u00eda de los jugadores que participaron en la victoria frente al Villarreal completaron una sesi\u00f3n de recuperaci\u00f3n en el interior de las instalaciones, informa el club en su p\u00e1gina web.<\/p>\n<p>El entrenamiento comenz\u00f3 con dos grupos de trabajo. Por un lado, Varane, Nacho, Marcelo, Arbeloa, Isco, Casemiro y Morata, los siete jugadores de campo que saltaron al c\u00e9sped, llevaron a cabo un intenso calentamiento antes de empezar a tocar bal\u00f3n.<\/p>\n<p>Por otro, Casillas, Diego L\u00f3pez, Jes\u00fas y Tom\u00e1s Mej\u00edas se ejercitaron de forma espec\u00edfica a las \u00f3rdenes de Villiam Vecchi. El resto de los componentes de la plantilla trabajaron en el interior de las instalaciones, donde la mayor\u00eda de jugadores que estuvieron ante el Villarreal completaron una sesi\u00f3n de recuperaci\u00f3n.<\/p>\n<p>El alem\u00e1n Sammy Khedira contin\u00faa con su proceso de recuperaci\u00f3n de la rotura del ligamento cruzado de la rodilla derecha que sufri\u00f3 el 15 de noviembre.<\/p>\n","protected":false},"excerpt":{"rendered":"<p>Madrid, 9 feb (EFE).- El Real Madrid, l\u00edder provisional de la liga, a la espera del Sevilla-Barcelona, comenz\u00f3 hoy a preparar el partido de vuelta de semifinales de Copa contra el Atl\u00e9tico de Madrid con una sesi\u00f3n a puerta cerrada a las \u00f3rdenes de Carlo Ancelotti. Al d\u00eda siguiente de su victoria por 4-2 sobre [&hellip;]<\/p>\n","protected":false},"author":1,"featured_media":487323,"comment_status":"open","ping_status":"open","sticky":false,"template":"","format":"standard","meta":{"footnotes":""},"categories":[1],"tags":[],"class_list":["post-487322","post","type-post","status-publish","format-standard","has-post-thumbnail","hentry","category-actualidad"],"aioseo_notices":[],"aioseo_head":"\n\t\t<!-- All in One SEO Pro 5.0.1 - aioseo.com -->\n\t<meta name=\"description\" content=\"Madrid, 9 feb (EFE).- El Real Madrid, l\u00edder provisional de la liga, a la espera del Sevilla-Barcelona, comenz\u00f3 hoy a preparar el partido de vuelta de semifinales de Copa contra el Atl\u00e9tico de Madrid con una sesi\u00f3n a puerta cerrada a las \u00f3rdenes de Carlo Ancelotti. Al d\u00eda siguiente de su victoria por 4-2 sobre\" \/>\n\t<meta name=\"robots\" content=\"max-image-preview:large\" \/>\n\t<meta name=\"author\" content=\"El Digital de Asturias\"\/>\n\t<meta name=\"google-site-verification\" content=\"UA-38556648-1\" \/>\n\t<meta name=\"msvalidate.01\" content=\"7dfe9f3f1b24437ab69f4f2559babe99\" \/>\n\t<meta name=\"keywords\" content=\"actualidad\" \/>\n\t<link rel=\"canonical\" href=\"https:\/\/www.eldigitaldeasturias.com\/noticias\/el-real-madrid-prepara-como-lider-el-partido-de-copa-contra-el-atletico\/\" \/>\n\t<meta name=\"generator\" content=\"All in One SEO Pro (AIOSEO) 5.0.1\" \/>\n\t\t<meta property=\"og:locale\" content=\"es_ES\" \/>\n\t\t<meta property=\"og:site_name\" content=\"El Digital de Asturias\" \/>\n\t\t<meta property=\"og:type\" content=\"article\" \/>\n\t\t<meta property=\"og:title\" content=\"El Real Madrid prepara como l\u00edder el partido de Copa contra el Atl\u00e9tico - El Digital de Asturias\" \/>\n\t\t<meta property=\"og:description\" content=\"Madrid, 9 feb (EFE).- El Real Madrid, l\u00edder provisional de la liga, a la espera del Sevilla-Barcelona, comenz\u00f3 hoy a preparar el partido de vuelta de semifinales de Copa contra el Atl\u00e9tico de Madrid con una sesi\u00f3n a puerta cerrada a las \u00f3rdenes de Carlo Ancelotti. Al d\u00eda siguiente de su victoria por 4-2 sobre\" \/>\n\t\t<meta property=\"og:url\" content=\"https:\/\/www.eldigitaldeasturias.com\/noticias\/el-real-madrid-prepara-como-lider-el-partido-de-copa-contra-el-atletico\/\" \/>\n\t\t<meta property=\"article:tag\" content=\"actualidad\" \/>\n\t\t<meta property=\"article:published_time\" content=\"2014-02-09T20:46:12+00:00\" \/>\n\t\t<meta property=\"article:modified_time\" content=\"2014-02-09T20:46:12+00:00\" \/>\n\t\t<meta property=\"article:publisher\" content=\"https:\/\/facebook.com\/eldigitaldeasturias\" \/>\n\t\t<meta name=\"twitter:card\" content=\"summary_large_image\" \/>\n\t\t<meta name=\"twitter:title\" content=\"El Real Madrid prepara como l\u00edder el partido de Copa contra el Atl\u00e9tico - El Digital de Asturias\" \/>\n\t\t<meta name=\"twitter:description\" content=\"Madrid, 9 feb (EFE).- El Real Madrid, l\u00edder provisional de la liga, a la espera del Sevilla-Barcelona, comenz\u00f3 hoy a preparar el partido de vuelta de semifinales de Copa contra el Atl\u00e9tico de Madrid con una sesi\u00f3n a puerta cerrada a las \u00f3rdenes de Carlo Ancelotti. Al d\u00eda siguiente de su victoria por 4-2 sobre\" \/>\n\t\t<meta name=\"twitter:label1\" content=\"Escrito por\" \/>\n\t\t<meta name=\"twitter:data1\" content=\"El Digital de Asturias\" \/>\n\t\t<meta name=\"twitter:label2\" content=\"Tiempo de lectura estimado\" \/>\n\t\t<meta name=\"twitter:data2\" content=\"1 minuto\" \/>\n\t\t<script type=\"application\/ld+json\" class=\"aioseo-schema\">\n\t\t\t{\"@context\":\"https:\\\/\\\/schema.org\",\"@graph\":[{\"@type\":\"BlogPosting\",\"@id\":\"https:\\\/\\\/www.eldigitaldeasturias.com\\\/noticias\\\/el-real-madrid-prepara-como-lider-el-partido-de-copa-contra-el-atletico\\\/#blogposting\",\"name\":\"El Real Madrid prepara como l\\u00edder el partido de Copa contra el Atl\\u00e9tico - El Digital de Asturias\",\"headline\":\"El Real Madrid prepara como l\\u00edder el partido de Copa contra el Atl\\u00e9tico\",\"author\":{\"@id\":\"https:\\\/\\\/www.eldigitaldeasturias.com\\\/noticias\\\/author\\\/admin\\\/#author\"},\"publisher\":{\"@id\":\"https:\\\/\\\/www.eldigitaldeasturias.com\\\/noticias\\\/#organization\"},\"image\":{\"@type\":\"ImageObject\",\"url\":487323},\"datePublished\":\"2014-02-09T19:46:12+01:00\",\"dateModified\":\"2014-02-09T19:46:12+01:00\",\"inLanguage\":\"es-ES\",\"mainEntityOfPage\":{\"@id\":\"https:\\\/\\\/www.eldigitaldeasturias.com\\\/noticias\\\/el-real-madrid-prepara-como-lider-el-partido-de-copa-contra-el-atletico\\\/#webpage\"},\"isPartOf\":{\"@id\":\"https:\\\/\\\/www.eldigitaldeasturias.com\\\/noticias\\\/el-real-madrid-prepara-como-lider-el-partido-de-copa-contra-el-atletico\\\/#webpage\"},\"articleSection\":\"Actualidad\"},{\"@type\":\"BreadcrumbList\",\"@id\":\"https:\\\/\\\/www.eldigitaldeasturias.com\\\/noticias\\\/el-real-madrid-prepara-como-lider-el-partido-de-copa-contra-el-atletico\\\/#breadcrumblist\",\"itemListElement\":[{\"@type\":\"ListItem\",\"@id\":\"https:\\\/\\\/www.eldigitaldeasturias.com\\\/noticias#listItem\",\"position\":1,\"name\":\"Home\",\"item\":\"https:\\\/\\\/www.eldigitaldeasturias.com\\\/noticias\",\"nextItem\":{\"@type\":\"ListItem\",\"@id\":\"https:\\\/\\\/www.eldigitaldeasturias.com\\\/noticias\\\/category\\\/actualidad\\\/#listItem\",\"name\":\"Actualidad\"}},{\"@type\":\"ListItem\",\"@id\":\"https:\\\/\\\/www.eldigitaldeasturias.com\\\/noticias\\\/category\\\/actualidad\\\/#listItem\",\"position\":2,\"name\":\"Actualidad\",\"item\":\"https:\\\/\\\/www.eldigitaldeasturias.com\\\/noticias\\\/category\\\/actualidad\\\/\",\"nextItem\":{\"@type\":\"ListItem\",\"@id\":\"https:\\\/\\\/www.eldigitaldeasturias.com\\\/noticias\\\/el-real-madrid-prepara-como-lider-el-partido-de-copa-contra-el-atletico\\\/#listItem\",\"name\":\"El Real Madrid prepara como l\\u00edder el partido de Copa contra el Atl\\u00e9tico\"},\"previousItem\":{\"@type\":\"ListItem\",\"@id\":\"https:\\\/\\\/www.eldigitaldeasturias.com\\\/noticias#listItem\",\"name\":\"Home\"}},{\"@type\":\"ListItem\",\"@id\":\"https:\\\/\\\/www.eldigitaldeasturias.com\\\/noticias\\\/el-real-madrid-prepara-como-lider-el-partido-de-copa-contra-el-atletico\\\/#listItem\",\"position\":3,\"name\":\"El Real Madrid prepara como l\\u00edder el partido de Copa contra el Atl\\u00e9tico\",\"previousItem\":{\"@type\":\"ListItem\",\"@id\":\"https:\\\/\\\/www.eldigitaldeasturias.com\\\/noticias\\\/category\\\/actualidad\\\/#listItem\",\"name\":\"Actualidad\"}}]},{\"@type\":\"Organization\",\"@id\":\"https:\\\/\\\/www.eldigitaldeasturias.com\\\/noticias\\\/#organization\",\"name\":\"El Digital de Asturias\",\"description\":\"Hemeroteca\",\"url\":\"https:\\\/\\\/www.eldigitaldeasturias.com\\\/noticias\\\/\",\"email\":\"info@eldigitaldeasturias.com\",\"telephone\":\"+34652131393\",\"logo\":{\"@type\":\"ImageObject\",\"url\":\"https:\\\/\\\/www.eldigitaldeasturias.com\\\/noticias\\\/wp-content\\\/uploads\\\/2020\\\/12\\\/EDA.jpg\",\"@id\":\"https:\\\/\\\/www.eldigitaldeasturias.com\\\/noticias\\\/el-real-madrid-prepara-como-lider-el-partido-de-copa-contra-el-atletico\\\/#organizationLogo\"},\"image\":{\"@id\":\"https:\\\/\\\/www.eldigitaldeasturias.com\\\/noticias\\\/el-real-madrid-prepara-como-lider-el-partido-de-copa-contra-el-atletico\\\/#organizationLogo\"},\"sameAs\":[\"https:\\\/\\\/facebook.com\\\/eldigitaldeasturias\",\"https:\\\/\\\/www.youtube.com\\\/channel\\\/UCZP-2wLEB9Rv6erhFmqVnvg\"],\"address\":{\"@id\":\"https:\\\/\\\/www.eldigitaldeasturias.com\\\/noticias\\\/#postaladdress\",\"@type\":\"PostalAddress\",\"streetAddress\":\"san antonio 4\",\"postalCode\":\"33430\",\"addressLocality\":\"Cand\\u00e1s\",\"addressRegion\":\"Asturias\",\"addressCountry\":\"ES\"}},{\"@type\":\"Person\",\"@id\":\"https:\\\/\\\/www.eldigitaldeasturias.com\\\/noticias\\\/author\\\/admin\\\/#author\",\"url\":\"https:\\\/\\\/www.eldigitaldeasturias.com\\\/noticias\\\/author\\\/admin\\\/\",\"name\":\"El Digital de Asturias\",\"image\":{\"@type\":\"ImageObject\",\"@id\":\"https:\\\/\\\/www.eldigitaldeasturias.com\\\/noticias\\\/el-real-madrid-prepara-como-lider-el-partido-de-copa-contra-el-atletico\\\/#authorImage\",\"url\":\"https:\\\/\\\/secure.gravatar.com\\\/avatar\\\/df2aeffc32bcd13f8d26072ef8a91b623d677766deac7f97ca815868cd41bf5e?s=96&d=mm&r=g\",\"width\":96,\"height\":96,\"caption\":\"El Digital de Asturias\"}},{\"@type\":\"WebPage\",\"@id\":\"https:\\\/\\\/www.eldigitaldeasturias.com\\\/noticias\\\/el-real-madrid-prepara-como-lider-el-partido-de-copa-contra-el-atletico\\\/#webpage\",\"url\":\"https:\\\/\\\/www.eldigitaldeasturias.com\\\/noticias\\\/el-real-madrid-prepara-como-lider-el-partido-de-copa-contra-el-atletico\\\/\",\"name\":\"El Real Madrid prepara como l\\u00edder el partido de Copa contra el Atl\\u00e9tico - El Digital de Asturias\",\"description\":\"Madrid, 9 feb (EFE).- El Real Madrid, l\\u00edder provisional de la liga, a la espera del Sevilla-Barcelona, comenz\\u00f3 hoy a preparar el partido de vuelta de semifinales de Copa contra el Atl\\u00e9tico de Madrid con una sesi\\u00f3n a puerta cerrada a las \\u00f3rdenes de Carlo Ancelotti. Al d\\u00eda siguiente de su victoria por 4-2 sobre\",\"inLanguage\":\"es-ES\",\"isPartOf\":{\"@id\":\"https:\\\/\\\/www.eldigitaldeasturias.com\\\/noticias\\\/#website\"},\"breadcrumb\":{\"@id\":\"https:\\\/\\\/www.eldigitaldeasturias.com\\\/noticias\\\/el-real-madrid-prepara-como-lider-el-partido-de-copa-contra-el-atletico\\\/#breadcrumblist\"},\"author\":{\"@id\":\"https:\\\/\\\/www.eldigitaldeasturias.com\\\/noticias\\\/author\\\/admin\\\/#author\"},\"creator\":{\"@id\":\"https:\\\/\\\/www.eldigitaldeasturias.com\\\/noticias\\\/author\\\/admin\\\/#author\"},\"image\":{\"@type\":\"ImageObject\",\"url\":487323,\"@id\":\"https:\\\/\\\/www.eldigitaldeasturias.com\\\/noticias\\\/el-real-madrid-prepara-como-lider-el-partido-de-copa-contra-el-atletico\\\/#mainImage\"},\"primaryImageOfPage\":{\"@id\":\"https:\\\/\\\/www.eldigitaldeasturias.com\\\/noticias\\\/el-real-madrid-prepara-como-lider-el-partido-de-copa-contra-el-atletico\\\/#mainImage\"},\"datePublished\":\"2014-02-09T19:46:12+01:00\",\"dateModified\":\"2014-02-09T19:46:12+01:00\"},{\"@type\":\"WebSite\",\"@id\":\"https:\\\/\\\/www.eldigitaldeasturias.com\\\/noticias\\\/#website\",\"url\":\"https:\\\/\\\/www.eldigitaldeasturias.com\\\/noticias\\\/\",\"name\":\"El Digital de Asturias - Diario de actualidad y noticias\",\"alternateName\":\"El Digital de Asturias - Diario de actualidad y noticias\",\"description\":\"Hemeroteca\",\"inLanguage\":\"es-ES\",\"publisher\":{\"@id\":\"https:\\\/\\\/www.eldigitaldeasturias.com\\\/noticias\\\/#organization\"}}]}\n\t\t<\/script>\n\t\t<!-- All in One SEO Pro -->\r\n\t\t<title>El Real Madrid prepara como l\u00edder el partido de Copa contra el Atl\u00e9tico - El Digital de Asturias<\/title>\n\n","aioseo_head_json":{"title":"El Real Madrid prepara como l\u00edder el partido de Copa contra el Atl\u00e9tico - El Digital de Asturias","description":"Madrid, 9 feb (EFE).- El Real Madrid, l\u00edder provisional de la liga, a la espera del Sevilla-Barcelona, comenz\u00f3 hoy a preparar el partido de vuelta de semifinales de Copa contra el Atl\u00e9tico de Madrid con una sesi\u00f3n a puerta cerrada a las \u00f3rdenes de Carlo Ancelotti. Al d\u00eda siguiente de su victoria por 4-2 sobre","canonical_url":"https:\/\/www.eldigitaldeasturias.com\/noticias\/el-real-madrid-prepara-como-lider-el-partido-de-copa-contra-el-atletico\/","robots":"max-image-preview:large","keywords":"actualidad","webmasterTools":{"google-site-verification":"UA-38556648-1","msvalidate.01":"7dfe9f3f1b24437ab69f4f2559babe99","miscellaneous":""},"schema":{"@context":"https:\/\/schema.org","@graph":[{"@type":"BlogPosting","@id":"https:\/\/www.eldigitaldeasturias.com\/noticias\/el-real-madrid-prepara-como-lider-el-partido-de-copa-contra-el-atletico\/#blogposting","name":"El Real Madrid prepara como l\u00edder el partido de Copa contra el Atl\u00e9tico - El Digital de Asturias","headline":"El Real Madrid prepara como l\u00edder el partido de Copa contra el Atl\u00e9tico","author":{"@id":"https:\/\/www.eldigitaldeasturias.com\/noticias\/author\/admin\/#author"},"publisher":{"@id":"https:\/\/www.eldigitaldeasturias.com\/noticias\/#organization"},"image":{"@type":"ImageObject","url":487323},"datePublished":"2014-02-09T19:46:12+01:00","dateModified":"2014-02-09T19:46:12+01:00","inLanguage":"es-ES","mainEntityOfPage":{"@id":"https:\/\/www.eldigitaldeasturias.com\/noticias\/el-real-madrid-prepara-como-lider-el-partido-de-copa-contra-el-atletico\/#webpage"},"isPartOf":{"@id":"https:\/\/www.eldigitaldeasturias.com\/noticias\/el-real-madrid-prepara-como-lider-el-partido-de-copa-contra-el-atletico\/#webpage"},"articleSection":"Actualidad"},{"@type":"BreadcrumbList","@id":"https:\/\/www.eldigitaldeasturias.com\/noticias\/el-real-madrid-prepara-como-lider-el-partido-de-copa-contra-el-atletico\/#breadcrumblist","itemListElement":[{"@type":"ListItem","@id":"https:\/\/www.eldigitaldeasturias.com\/noticias#listItem","position":1,"name":"Home","item":"https:\/\/www.eldigitaldeasturias.com\/noticias","nextItem":{"@type":"ListItem","@id":"https:\/\/www.eldigitaldeasturias.com\/noticias\/category\/actualidad\/#listItem","name":"Actualidad"}},{"@type":"ListItem","@id":"https:\/\/www.eldigitaldeasturias.com\/noticias\/category\/actualidad\/#listItem","position":2,"name":"Actualidad","item":"https:\/\/www.eldigitaldeasturias.com\/noticias\/category\/actualidad\/","nextItem":{"@type":"ListItem","@id":"https:\/\/www.eldigitaldeasturias.com\/noticias\/el-real-madrid-prepara-como-lider-el-partido-de-copa-contra-el-atletico\/#listItem","name":"El Real Madrid prepara como l\u00edder el partido de Copa contra el Atl\u00e9tico"},"previousItem":{"@type":"ListItem","@id":"https:\/\/www.eldigitaldeasturias.com\/noticias#listItem","name":"Home"}},{"@type":"ListItem","@id":"https:\/\/www.eldigitaldeasturias.com\/noticias\/el-real-madrid-prepara-como-lider-el-partido-de-copa-contra-el-atletico\/#listItem","position":3,"name":"El Real Madrid prepara como l\u00edder el partido de Copa contra el Atl\u00e9tico","previousItem":{"@type":"ListItem","@id":"https:\/\/www.eldigitaldeasturias.com\/noticias\/category\/actualidad\/#listItem","name":"Actualidad"}}]},{"@type":"Organization","@id":"https:\/\/www.eldigitaldeasturias.com\/noticias\/#organization","name":"El Digital de Asturias","description":"Hemeroteca","url":"https:\/\/www.eldigitaldeasturias.com\/noticias\/","email":"info@eldigitaldeasturias.com","telephone":"+34652131393","logo":{"@type":"ImageObject","url":"https:\/\/www.eldigitaldeasturias.com\/noticias\/wp-content\/uploads\/2020\/12\/EDA.jpg","@id":"https:\/\/www.eldigitaldeasturias.com\/noticias\/el-real-madrid-prepara-como-lider-el-partido-de-copa-contra-el-atletico\/#organizationLogo"},"image":{"@id":"https:\/\/www.eldigitaldeasturias.com\/noticias\/el-real-madrid-prepara-como-lider-el-partido-de-copa-contra-el-atletico\/#organizationLogo"},"sameAs":["https:\/\/facebook.com\/eldigitaldeasturias","https:\/\/www.youtube.com\/channel\/UCZP-2wLEB9Rv6erhFmqVnvg"],"address":{"@id":"https:\/\/www.eldigitaldeasturias.com\/noticias\/#postaladdress","@type":"PostalAddress","streetAddress":"san antonio 4","postalCode":"33430","addressLocality":"Cand\u00e1s","addressRegion":"Asturias","addressCountry":"ES"}},{"@type":"Person","@id":"https:\/\/www.eldigitaldeasturias.com\/noticias\/author\/admin\/#author","url":"https:\/\/www.eldigitaldeasturias.com\/noticias\/author\/admin\/","name":"El Digital de Asturias","image":{"@type":"ImageObject","@id":"https:\/\/www.eldigitaldeasturias.com\/noticias\/el-real-madrid-prepara-como-lider-el-partido-de-copa-contra-el-atletico\/#authorImage","url":"https:\/\/secure.gravatar.com\/avatar\/df2aeffc32bcd13f8d26072ef8a91b623d677766deac7f97ca815868cd41bf5e?s=96&d=mm&r=g","width":96,"height":96,"caption":"El Digital de Asturias"}},{"@type":"WebPage","@id":"https:\/\/www.eldigitaldeasturias.com\/noticias\/el-real-madrid-prepara-como-lider-el-partido-de-copa-contra-el-atletico\/#webpage","url":"https:\/\/www.eldigitaldeasturias.com\/noticias\/el-real-madrid-prepara-como-lider-el-partido-de-copa-contra-el-atletico\/","name":"El Real Madrid prepara como l\u00edder el partido de Copa contra el Atl\u00e9tico - El Digital de Asturias","description":"Madrid, 9 feb (EFE).- El Real Madrid, l\u00edder provisional de la liga, a la espera del Sevilla-Barcelona, comenz\u00f3 hoy a preparar el partido de vuelta de semifinales de Copa contra el Atl\u00e9tico de Madrid con una sesi\u00f3n a puerta cerrada a las \u00f3rdenes de Carlo Ancelotti. Al d\u00eda siguiente de su victoria por 4-2 sobre","inLanguage":"es-ES","isPartOf":{"@id":"https:\/\/www.eldigitaldeasturias.com\/noticias\/#website"},"breadcrumb":{"@id":"https:\/\/www.eldigitaldeasturias.com\/noticias\/el-real-madrid-prepara-como-lider-el-partido-de-copa-contra-el-atletico\/#breadcrumblist"},"author":{"@id":"https:\/\/www.eldigitaldeasturias.com\/noticias\/author\/admin\/#author"},"creator":{"@id":"https:\/\/www.eldigitaldeasturias.com\/noticias\/author\/admin\/#author"},"image":{"@type":"ImageObject","url":487323,"@id":"https:\/\/www.eldigitaldeasturias.com\/noticias\/el-real-madrid-prepara-como-lider-el-partido-de-copa-contra-el-atletico\/#mainImage"},"primaryImageOfPage":{"@id":"https:\/\/www.eldigitaldeasturias.com\/noticias\/el-real-madrid-prepara-como-lider-el-partido-de-copa-contra-el-atletico\/#mainImage"},"datePublished":"2014-02-09T19:46:12+01:00","dateModified":"2014-02-09T19:46:12+01:00"},{"@type":"WebSite","@id":"https:\/\/www.eldigitaldeasturias.com\/noticias\/#website","url":"https:\/\/www.eldigitaldeasturias.com\/noticias\/","name":"El Digital de Asturias - Diario de actualidad y noticias","alternateName":"El Digital de Asturias - Diario de actualidad y noticias","description":"Hemeroteca","inLanguage":"es-ES","publisher":{"@id":"https:\/\/www.eldigitaldeasturias.com\/noticias\/#organization"}}]},"og:locale":"es_ES","og:site_name":"El Digital de Asturias","og:type":"article","og:title":"El Real Madrid prepara como l\u00edder el partido de Copa contra el Atl\u00e9tico - El Digital de Asturias","og:description":"Madrid, 9 feb (EFE).- El Real Madrid, l\u00edder provisional de la liga, a la espera del Sevilla-Barcelona, comenz\u00f3 hoy a preparar el partido de vuelta de semifinales de Copa contra el Atl\u00e9tico de Madrid con una sesi\u00f3n a puerta cerrada a las \u00f3rdenes de Carlo Ancelotti. Al d\u00eda siguiente de su victoria por 4-2 sobre","og:url":"https:\/\/www.eldigitaldeasturias.com\/noticias\/el-real-madrid-prepara-como-lider-el-partido-de-copa-contra-el-atletico\/","article:tag":["actualidad"],"article:published_time":"2014-02-09T20:46:12+00:00","article:modified_time":"2014-02-09T20:46:12+00:00","article:publisher":"https:\/\/facebook.com\/eldigitaldeasturias","twitter:card":"summary_large_image","twitter:title":"El Real Madrid prepara como l\u00edder el partido de Copa contra el Atl\u00e9tico - El Digital de Asturias","twitter:description":"Madrid, 9 feb (EFE).- El Real Madrid, l\u00edder provisional de la liga, a la espera del Sevilla-Barcelona, comenz\u00f3 hoy a preparar el partido de vuelta de semifinales de Copa contra el Atl\u00e9tico de Madrid con una sesi\u00f3n a puerta cerrada a las \u00f3rdenes de Carlo Ancelotti. Al d\u00eda siguiente de su victoria por 4-2 sobre","twitter:label1":"Escrito por","twitter:data1":"El Digital de Asturias","twitter:label2":"Tiempo de lectura estimado","twitter:data2":"1 minuto"},"aioseo_meta_data":{"post_id":"487322","title":null,"description":null,"keywords":null,"keyphrases":null,"primary_term":null,"canonical_url":null,"og_title":null,"og_description":null,"og_object_type":"default","og_image_type":"default","og_image_url":null,"og_image_width":null,"og_image_height":null,"og_image_custom_url":null,"og_image_custom_fields":null,"og_video":null,"og_custom_url":null,"og_article_section":null,"og_article_tags":null,"twitter_use_og":true,"twitter_card":"default","twitter_image_type":"default","twitter_image_url":null,"twitter_image_custom_url":null,"twitter_image_custom_fields":null,"twitter_title":null,"twitter_description":null,"schema":{"blockGraphs":[],"customGraphs":[],"default":{"data":{"Article":[],"Course":[],"Dataset":[],"FAQPage":[],"Movie":[],"Person":[],"Product":[],"ProductReview":[],"Car":[],"Recipe":[],"Service":[],"SoftwareApplication":[],"WebPage":[]},"graphName":"","isEnabled":true},"graphs":[],"defaultGraph":"","defaultPostTypeGraph":""},"schema_type":null,"schema_type_options":null,"pillar_content":false,"robots_default":true,"robots_noindex":false,"robots_noarchive":false,"robots_nosnippet":false,"robots_nofollow":false,"robots_noimageindex":false,"robots_noodp":false,"robots_notranslate":false,"robots_max_snippet":null,"robots_max_videopreview":null,"robots_max_imagepreview":"none","priority":null,"frequency":null,"local_seo":null,"seo_analyzer_scan_date":"2026-06-03 04:24:47","breadcrumb_settings":null,"limit_modified_date":false,"open_ai":null,"ai":null,"created":"2020-11-14 22:56:21","updated":"2026-06-03 04:24:47","focus_keyword":null,"additional_keywords":null,"truseo_locale":null},"aioseo_breadcrumb":"<div class=\"aioseo-breadcrumbs\"><span class=\"aioseo-breadcrumb\">\n\t<a href=\"https:\/\/www.eldigitaldeasturias.com\/noticias\" title=\"Home\">Home<\/a>\n<\/span><span class=\"aioseo-breadcrumb-separator\">\u2013<\/span><span class=\"aioseo-breadcrumb\">\n\t<a href=\"https:\/\/www.eldigitaldeasturias.com\/noticias\/category\/actualidad\/\" title=\"Actualidad\">Actualidad<\/a>\n<\/span><span class=\"aioseo-breadcrumb-separator\">\u2013<\/span><span class=\"aioseo-breadcrumb\">\n\t<a href=\"https:\/\/www.eldigitaldeasturias.com\/noticias\/el-real-madrid-prepara-como-lider-el-partido-de-copa-contra-el-atletico\/\" title=\"El Real Madrid prepara como l\u00edder el partido de Copa contra el Atl\u00e9tico\">El Real Madrid prepara como l\u00edder el partido de Copa contra el Atl\u00e9tico<\/a>\n<\/span><\/div>","aioseo_breadcrumb_json":[{"label":"Home","link":"https:\/\/www.eldigitaldeasturias.com\/noticias"},{"label":"Actualidad","link":"https:\/\/www.eldigitaldeasturias.com\/noticias\/category\/actualidad\/"},{"label":"El Real Madrid prepara como l\u00edder el partido de Copa contra el Atl\u00e9tico","link":"https:\/\/www.eldigitaldeasturias.com\/noticias\/el-real-madrid-prepara-como-lider-el-partido-de-copa-contra-el-atletico\/"}],"_links":{"self":[{"href":"https:\/\/www.eldigitaldeasturias.com\/noticias\/wp-json\/wp\/v2\/posts\/487322","targetHints":{"allow":["GET"]}}],"collection":[{"href":"https:\/\/www.eldigitaldeasturias.com\/noticias\/wp-json\/wp\/v2\/posts"}],"about":[{"href":"https:\/\/www.eldigitaldeasturias.com\/noticias\/wp-json\/wp\/v2\/types\/post"}],"author":[{"embeddable":true,"href":"https:\/\/www.eldigitaldeasturias.com\/noticias\/wp-json\/wp\/v2\/users\/1"}],"replies":[{"embeddable":true,"href":"https:\/\/www.eldigitaldeasturias.com\/noticias\/wp-json\/wp\/v2\/comments?post=487322"}],"version-history":[{"count":0,"href":"https:\/\/www.eldigitaldeasturias.com\/noticias\/wp-json\/wp\/v2\/posts\/487322\/revisions"}],"wp:attachment":[{"href":"https:\/\/www.eldigitaldeasturias.com\/noticias\/wp-json\/wp\/v2\/media?parent=487322"}],"wp:term":[{"taxonomy":"category","embeddable":true,"href":"https:\/\/www.eldigitaldeasturias.com\/noticias\/wp-json\/wp\/v2\/categories?post=487322"},{"taxonomy":"post_tag","embeddable":true,"href":"https:\/\/www.eldigitaldeasturias.com\/noticias\/wp-json\/wp\/v2\/tags?post=487322"}],"curies":[{"name":"wp","href":"https:\/\/api.w.org\/{rel}","templated":true}]}}