{"id":487304,"date":"2014-02-09T19:40:14","date_gmt":"2014-02-09T20:40:14","guid":{"rendered":"http:\/\/www.eldigitaldeasturias.com\/noticias\/?p=487304"},"modified":"2014-02-09T19:40:14","modified_gmt":"2014-02-09T20:40:14","slug":"debate-interno-en-iu-entre-los-partidarios-de-primarias-y-los-que-apoyan-a-meyer","status":"publish","type":"post","link":"https:\/\/www.eldigitaldeasturias.com\/noticias\/debate-interno-en-iu-entre-los-partidarios-de-primarias-y-los-que-apoyan-a-meyer\/","title":{"rendered":"Debate interno en IU entre los partidarios de primarias y los que apoyan a Meyer"},"content":{"rendered":"<p><img loading=\"lazy\" decoding=\"async\" class=\"alignleft size-medium wp-image-487305\" alt=\"5925333w\" src=\"https:\/\/www.eldigitaldeasturias.com\/noticias\/wp-content\/uploads\/2014\/02\/5925333w-213x320.jpg\" width=\"213\" height=\"320\" \/>Madrid, 9 feb (EFE).- IU est\u00e1 inmersa en un debate interno un tanto agrio, seg\u00fan algunas fuentes de la formaci\u00f3n, por la elaboraci\u00f3n de la lista para las elecciones europeas, entre los partidarios de celebrar primarias abiertas y el entorno de la direcci\u00f3n que se mueve en favor de la reelecci\u00f3n de Willy Meyer.<\/p>\n<p>Seg\u00fan aseguran a Efe esas mismas fuentes, hay un amplio sector que defiende las primarias, entre ellos el que representa Izquierda Abierta, que encabeza Gaspar Llamazares, porque cree que, de no hacerlo, se perder\u00eda una \u00aboportunidad hist\u00f3rica\u00bb para ampliar su base electoral y generar \u00abalianzas y confianza\u00bb con los ciudadanos.<\/p>\n<p>Y creer\u00edan, por tanto, que es un \u00abgran error\u00bb que IU no aprovechara este momento, en el que se ven fuertes ante el \u00abdesplome\u00bb del bipartidismo y el apoyo que le dan algunas encuestas para abrirse a la sociedad civil, permitiendo que \u00e9sta tambi\u00e9n tenga voz en el Parlamento Europeo.<\/p>\n<p>Es una demanda de la mayor\u00eda de IU, de acuerdo con estas fuentes, que defienden constantemente ante la direcci\u00f3n, pero por ahora lamentan, que lo \u00fanico que ven por parte del entorno de Cayo Lara son \u00abmaniobras\u00bb para promocionar a Willy Meyer como cabeza de lista.<\/p>\n<p>Otras fuentes consultadas aseguran, en cambio, que a\u00fan no est\u00e1 todo dicho sobre si habr\u00e1 primarias y, en cualquier caso, la candidatura que se elabore ser\u00e1 \u00abmixta\u00bb y habr\u00e1 nombres de IU y tambi\u00e9n de los movimientos sociales.<\/p>\n<p>La propuesta de listas, defienden, se est\u00e1 elaborando \u00abde abajo a arriba\u00bb, de las federaciones territoriales a la direcci\u00f3n federal, de manera que IU aportar\u00e1 37 candidatos a la lista europea y los otros diecisiete, hasta completar los 54 nombres que deber\u00e1n integrarla, son elegidos por las fuerzas pol\u00edticas con las que se est\u00e1 todav\u00eda negociando la candidatura, entre ellas ICV.<\/p>\n<p>Los integrantes de la lista de IU saldr\u00e1n de los dos candidatos (un hombre y una mujer) que designen las diecisiete secciones auton\u00f3micas m\u00e1s otros tres que elegir\u00e1n Ceuta, Melilla y la federaci\u00f3n exterior que aglutina a los militantes de IU que viven fuera de Espa\u00f1a.<\/p>\n<p>Algunas federaciones, como Baleares, han optado por el proceso de primarias y tambi\u00e9n lo ha hecho, por ejemplo, Izquierda Abierta.<\/p>\n<p>Izquierda Unida dar\u00e1 a conocer el pr\u00f3ximo 1 de marzo la lista completa para concurrir a la cita de mayo y que habr\u00e1 sido elaborada por una comisi\u00f3n constituida para tal fin, y que est\u00e1 compuesta por quince personas, m\u00e1s Cayo Lara.<\/p>\n<p>Cinco han sido propuestos por \u00e9l mismo, otros cinco los eligen las federaciones m\u00e1s importantes (Madrid, Andaluc\u00eda, Asturias, Valencia y Catalu\u00f1a) y los cinco restantes son nombrados por las cinco corrientes que conviven en IU (PCE, Izquierda Abierta, Izquierda Republicana, EnCom\u00fan y la CUT).<\/p>\n","protected":false},"excerpt":{"rendered":"<p>Madrid, 9 feb (EFE).- IU est\u00e1 inmersa en un debate interno un tanto agrio, seg\u00fan algunas fuentes de la formaci\u00f3n, por la elaboraci\u00f3n de la lista para las elecciones europeas, entre los partidarios de celebrar primarias abiertas y el entorno de la direcci\u00f3n que se mueve en favor de la reelecci\u00f3n de Willy Meyer. Seg\u00fan [&hellip;]<\/p>\n","protected":false},"author":1,"featured_media":487305,"comment_status":"open","ping_status":"open","sticky":false,"template":"","format":"standard","meta":{"footnotes":""},"categories":[1],"tags":[],"class_list":["post-487304","post","type-post","status-publish","format-standard","has-post-thumbnail","hentry","category-actualidad"],"aioseo_notices":[],"aioseo_head":"\n\t\t<!-- All in One SEO Pro 5.0.1 - aioseo.com -->\n\t<meta name=\"description\" content=\"Madrid, 9 feb (EFE).- IU est\u00e1 inmersa en un debate interno un tanto agrio, seg\u00fan algunas fuentes de la formaci\u00f3n, por la elaboraci\u00f3n de la lista para las elecciones europeas, entre los partidarios de celebrar primarias abiertas y el entorno de la direcci\u00f3n que se mueve en favor de la reelecci\u00f3n de Willy Meyer. Seg\u00fan\" \/>\n\t<meta name=\"robots\" content=\"max-image-preview:large\" \/>\n\t<meta name=\"author\" content=\"El Digital de Asturias\"\/>\n\t<meta name=\"google-site-verification\" content=\"UA-38556648-1\" \/>\n\t<meta name=\"msvalidate.01\" content=\"7dfe9f3f1b24437ab69f4f2559babe99\" \/>\n\t<meta name=\"keywords\" content=\"actualidad\" \/>\n\t<link rel=\"canonical\" href=\"https:\/\/www.eldigitaldeasturias.com\/noticias\/debate-interno-en-iu-entre-los-partidarios-de-primarias-y-los-que-apoyan-a-meyer\/\" \/>\n\t<meta name=\"generator\" content=\"All in One SEO Pro (AIOSEO) 5.0.1\" \/>\n\t\t<meta property=\"og:locale\" content=\"es_ES\" \/>\n\t\t<meta property=\"og:site_name\" content=\"El Digital de Asturias\" \/>\n\t\t<meta property=\"og:type\" content=\"article\" \/>\n\t\t<meta property=\"og:title\" content=\"Debate interno en IU entre los partidarios de primarias y los que apoyan a Meyer - El Digital de Asturias\" \/>\n\t\t<meta property=\"og:description\" content=\"Madrid, 9 feb (EFE).- IU est\u00e1 inmersa en un debate interno un tanto agrio, seg\u00fan algunas fuentes de la formaci\u00f3n, por la elaboraci\u00f3n de la lista para las elecciones europeas, entre los partidarios de celebrar primarias abiertas y el entorno de la direcci\u00f3n que se mueve en favor de la reelecci\u00f3n de Willy Meyer. Seg\u00fan\" \/>\n\t\t<meta property=\"og:url\" content=\"https:\/\/www.eldigitaldeasturias.com\/noticias\/debate-interno-en-iu-entre-los-partidarios-de-primarias-y-los-que-apoyan-a-meyer\/\" \/>\n\t\t<meta property=\"article:tag\" content=\"actualidad\" \/>\n\t\t<meta property=\"article:published_time\" content=\"2014-02-09T20:40:14+00:00\" \/>\n\t\t<meta property=\"article:modified_time\" content=\"2014-02-09T20:40:14+00:00\" \/>\n\t\t<meta property=\"article:publisher\" content=\"https:\/\/facebook.com\/eldigitaldeasturias\" \/>\n\t\t<meta name=\"twitter:card\" content=\"summary_large_image\" \/>\n\t\t<meta name=\"twitter:title\" content=\"Debate interno en IU entre los partidarios de primarias y los que apoyan a Meyer - El Digital de Asturias\" \/>\n\t\t<meta name=\"twitter:description\" content=\"Madrid, 9 feb (EFE).- IU est\u00e1 inmersa en un debate interno un tanto agrio, seg\u00fan algunas fuentes de la formaci\u00f3n, por la elaboraci\u00f3n de la lista para las elecciones europeas, entre los partidarios de celebrar primarias abiertas y el entorno de la direcci\u00f3n que se mueve en favor de la reelecci\u00f3n de Willy Meyer. Seg\u00fan\" \/>\n\t\t<meta name=\"twitter:label1\" content=\"Escrito por\" \/>\n\t\t<meta name=\"twitter:data1\" content=\"El Digital de Asturias\" \/>\n\t\t<meta name=\"twitter:label2\" content=\"Tiempo de lectura estimado\" \/>\n\t\t<meta name=\"twitter:data2\" content=\"2 minutos\" \/>\n\t\t<script type=\"application\/ld+json\" class=\"aioseo-schema\">\n\t\t\t{\"@context\":\"https:\\\/\\\/schema.org\",\"@graph\":[{\"@type\":\"BlogPosting\",\"@id\":\"https:\\\/\\\/www.eldigitaldeasturias.com\\\/noticias\\\/debate-interno-en-iu-entre-los-partidarios-de-primarias-y-los-que-apoyan-a-meyer\\\/#blogposting\",\"name\":\"Debate interno en IU entre los partidarios de primarias y los que apoyan a Meyer - El Digital de Asturias\",\"headline\":\"Debate interno en IU entre los partidarios de primarias y los que apoyan a Meyer\",\"author\":{\"@id\":\"https:\\\/\\\/www.eldigitaldeasturias.com\\\/noticias\\\/author\\\/admin\\\/#author\"},\"publisher\":{\"@id\":\"https:\\\/\\\/www.eldigitaldeasturias.com\\\/noticias\\\/#organization\"},\"image\":{\"@type\":\"ImageObject\",\"url\":487305},\"datePublished\":\"2014-02-09T19:40:14+01:00\",\"dateModified\":\"2014-02-09T19:40:14+01:00\",\"inLanguage\":\"es-ES\",\"mainEntityOfPage\":{\"@id\":\"https:\\\/\\\/www.eldigitaldeasturias.com\\\/noticias\\\/debate-interno-en-iu-entre-los-partidarios-de-primarias-y-los-que-apoyan-a-meyer\\\/#webpage\"},\"isPartOf\":{\"@id\":\"https:\\\/\\\/www.eldigitaldeasturias.com\\\/noticias\\\/debate-interno-en-iu-entre-los-partidarios-de-primarias-y-los-que-apoyan-a-meyer\\\/#webpage\"},\"articleSection\":\"Actualidad\"},{\"@type\":\"BreadcrumbList\",\"@id\":\"https:\\\/\\\/www.eldigitaldeasturias.com\\\/noticias\\\/debate-interno-en-iu-entre-los-partidarios-de-primarias-y-los-que-apoyan-a-meyer\\\/#breadcrumblist\",\"itemListElement\":[{\"@type\":\"ListItem\",\"@id\":\"https:\\\/\\\/www.eldigitaldeasturias.com\\\/noticias#listItem\",\"position\":1,\"name\":\"Home\",\"item\":\"https:\\\/\\\/www.eldigitaldeasturias.com\\\/noticias\",\"nextItem\":{\"@type\":\"ListItem\",\"@id\":\"https:\\\/\\\/www.eldigitaldeasturias.com\\\/noticias\\\/category\\\/actualidad\\\/#listItem\",\"name\":\"Actualidad\"}},{\"@type\":\"ListItem\",\"@id\":\"https:\\\/\\\/www.eldigitaldeasturias.com\\\/noticias\\\/category\\\/actualidad\\\/#listItem\",\"position\":2,\"name\":\"Actualidad\",\"item\":\"https:\\\/\\\/www.eldigitaldeasturias.com\\\/noticias\\\/category\\\/actualidad\\\/\",\"nextItem\":{\"@type\":\"ListItem\",\"@id\":\"https:\\\/\\\/www.eldigitaldeasturias.com\\\/noticias\\\/debate-interno-en-iu-entre-los-partidarios-de-primarias-y-los-que-apoyan-a-meyer\\\/#listItem\",\"name\":\"Debate interno en IU entre los partidarios de primarias y los que apoyan a Meyer\"},\"previousItem\":{\"@type\":\"ListItem\",\"@id\":\"https:\\\/\\\/www.eldigitaldeasturias.com\\\/noticias#listItem\",\"name\":\"Home\"}},{\"@type\":\"ListItem\",\"@id\":\"https:\\\/\\\/www.eldigitaldeasturias.com\\\/noticias\\\/debate-interno-en-iu-entre-los-partidarios-de-primarias-y-los-que-apoyan-a-meyer\\\/#listItem\",\"position\":3,\"name\":\"Debate interno en IU entre los partidarios de primarias y los que apoyan a Meyer\",\"previousItem\":{\"@type\":\"ListItem\",\"@id\":\"https:\\\/\\\/www.eldigitaldeasturias.com\\\/noticias\\\/category\\\/actualidad\\\/#listItem\",\"name\":\"Actualidad\"}}]},{\"@type\":\"Organization\",\"@id\":\"https:\\\/\\\/www.eldigitaldeasturias.com\\\/noticias\\\/#organization\",\"name\":\"El Digital de Asturias\",\"description\":\"Hemeroteca\",\"url\":\"https:\\\/\\\/www.eldigitaldeasturias.com\\\/noticias\\\/\",\"email\":\"info@eldigitaldeasturias.com\",\"telephone\":\"+34652131393\",\"logo\":{\"@type\":\"ImageObject\",\"url\":\"https:\\\/\\\/www.eldigitaldeasturias.com\\\/noticias\\\/wp-content\\\/uploads\\\/2020\\\/12\\\/EDA.jpg\",\"@id\":\"https:\\\/\\\/www.eldigitaldeasturias.com\\\/noticias\\\/debate-interno-en-iu-entre-los-partidarios-de-primarias-y-los-que-apoyan-a-meyer\\\/#organizationLogo\"},\"image\":{\"@id\":\"https:\\\/\\\/www.eldigitaldeasturias.com\\\/noticias\\\/debate-interno-en-iu-entre-los-partidarios-de-primarias-y-los-que-apoyan-a-meyer\\\/#organizationLogo\"},\"sameAs\":[\"https:\\\/\\\/facebook.com\\\/eldigitaldeasturias\",\"https:\\\/\\\/www.youtube.com\\\/channel\\\/UCZP-2wLEB9Rv6erhFmqVnvg\"],\"address\":{\"@id\":\"https:\\\/\\\/www.eldigitaldeasturias.com\\\/noticias\\\/#postaladdress\",\"@type\":\"PostalAddress\",\"streetAddress\":\"san antonio 4\",\"postalCode\":\"33430\",\"addressLocality\":\"Cand\\u00e1s\",\"addressRegion\":\"Asturias\",\"addressCountry\":\"ES\"}},{\"@type\":\"Person\",\"@id\":\"https:\\\/\\\/www.eldigitaldeasturias.com\\\/noticias\\\/author\\\/admin\\\/#author\",\"url\":\"https:\\\/\\\/www.eldigitaldeasturias.com\\\/noticias\\\/author\\\/admin\\\/\",\"name\":\"El Digital de Asturias\",\"image\":{\"@type\":\"ImageObject\",\"@id\":\"https:\\\/\\\/www.eldigitaldeasturias.com\\\/noticias\\\/debate-interno-en-iu-entre-los-partidarios-de-primarias-y-los-que-apoyan-a-meyer\\\/#authorImage\",\"url\":\"https:\\\/\\\/secure.gravatar.com\\\/avatar\\\/df2aeffc32bcd13f8d26072ef8a91b623d677766deac7f97ca815868cd41bf5e?s=96&d=mm&r=g\",\"width\":96,\"height\":96,\"caption\":\"El Digital de Asturias\"}},{\"@type\":\"WebPage\",\"@id\":\"https:\\\/\\\/www.eldigitaldeasturias.com\\\/noticias\\\/debate-interno-en-iu-entre-los-partidarios-de-primarias-y-los-que-apoyan-a-meyer\\\/#webpage\",\"url\":\"https:\\\/\\\/www.eldigitaldeasturias.com\\\/noticias\\\/debate-interno-en-iu-entre-los-partidarios-de-primarias-y-los-que-apoyan-a-meyer\\\/\",\"name\":\"Debate interno en IU entre los partidarios de primarias y los que apoyan a Meyer - El Digital de Asturias\",\"description\":\"Madrid, 9 feb (EFE).- IU est\\u00e1 inmersa en un debate interno un tanto agrio, seg\\u00fan algunas fuentes de la formaci\\u00f3n, por la elaboraci\\u00f3n de la lista para las elecciones europeas, entre los partidarios de celebrar primarias abiertas y el entorno de la direcci\\u00f3n que se mueve en favor de la reelecci\\u00f3n de Willy Meyer. Seg\\u00fan\",\"inLanguage\":\"es-ES\",\"isPartOf\":{\"@id\":\"https:\\\/\\\/www.eldigitaldeasturias.com\\\/noticias\\\/#website\"},\"breadcrumb\":{\"@id\":\"https:\\\/\\\/www.eldigitaldeasturias.com\\\/noticias\\\/debate-interno-en-iu-entre-los-partidarios-de-primarias-y-los-que-apoyan-a-meyer\\\/#breadcrumblist\"},\"author\":{\"@id\":\"https:\\\/\\\/www.eldigitaldeasturias.com\\\/noticias\\\/author\\\/admin\\\/#author\"},\"creator\":{\"@id\":\"https:\\\/\\\/www.eldigitaldeasturias.com\\\/noticias\\\/author\\\/admin\\\/#author\"},\"image\":{\"@type\":\"ImageObject\",\"url\":487305,\"@id\":\"https:\\\/\\\/www.eldigitaldeasturias.com\\\/noticias\\\/debate-interno-en-iu-entre-los-partidarios-de-primarias-y-los-que-apoyan-a-meyer\\\/#mainImage\"},\"primaryImageOfPage\":{\"@id\":\"https:\\\/\\\/www.eldigitaldeasturias.com\\\/noticias\\\/debate-interno-en-iu-entre-los-partidarios-de-primarias-y-los-que-apoyan-a-meyer\\\/#mainImage\"},\"datePublished\":\"2014-02-09T19:40:14+01:00\",\"dateModified\":\"2014-02-09T19:40:14+01:00\"},{\"@type\":\"WebSite\",\"@id\":\"https:\\\/\\\/www.eldigitaldeasturias.com\\\/noticias\\\/#website\",\"url\":\"https:\\\/\\\/www.eldigitaldeasturias.com\\\/noticias\\\/\",\"name\":\"El Digital de Asturias - Diario de actualidad y noticias\",\"alternateName\":\"El Digital de Asturias - Diario de actualidad y noticias\",\"description\":\"Hemeroteca\",\"inLanguage\":\"es-ES\",\"publisher\":{\"@id\":\"https:\\\/\\\/www.eldigitaldeasturias.com\\\/noticias\\\/#organization\"}}]}\n\t\t<\/script>\n\t\t<!-- All in One SEO Pro -->\r\n\t\t<title>Debate interno en IU entre los partidarios de primarias y los que apoyan a Meyer - El Digital de Asturias<\/title>\n\n","aioseo_head_json":{"title":"Debate interno en IU entre los partidarios de primarias y los que apoyan a Meyer - El Digital de Asturias","description":"Madrid, 9 feb (EFE).- IU est\u00e1 inmersa en un debate interno un tanto agrio, seg\u00fan algunas fuentes de la formaci\u00f3n, por la elaboraci\u00f3n de la lista para las elecciones europeas, entre los partidarios de celebrar primarias abiertas y el entorno de la direcci\u00f3n que se mueve en favor de la reelecci\u00f3n de Willy Meyer. Seg\u00fan","canonical_url":"https:\/\/www.eldigitaldeasturias.com\/noticias\/debate-interno-en-iu-entre-los-partidarios-de-primarias-y-los-que-apoyan-a-meyer\/","robots":"max-image-preview:large","keywords":"actualidad","webmasterTools":{"google-site-verification":"UA-38556648-1","msvalidate.01":"7dfe9f3f1b24437ab69f4f2559babe99","miscellaneous":""},"schema":{"@context":"https:\/\/schema.org","@graph":[{"@type":"BlogPosting","@id":"https:\/\/www.eldigitaldeasturias.com\/noticias\/debate-interno-en-iu-entre-los-partidarios-de-primarias-y-los-que-apoyan-a-meyer\/#blogposting","name":"Debate interno en IU entre los partidarios de primarias y los que apoyan a Meyer - El Digital de Asturias","headline":"Debate interno en IU entre los partidarios de primarias y los que apoyan a Meyer","author":{"@id":"https:\/\/www.eldigitaldeasturias.com\/noticias\/author\/admin\/#author"},"publisher":{"@id":"https:\/\/www.eldigitaldeasturias.com\/noticias\/#organization"},"image":{"@type":"ImageObject","url":487305},"datePublished":"2014-02-09T19:40:14+01:00","dateModified":"2014-02-09T19:40:14+01:00","inLanguage":"es-ES","mainEntityOfPage":{"@id":"https:\/\/www.eldigitaldeasturias.com\/noticias\/debate-interno-en-iu-entre-los-partidarios-de-primarias-y-los-que-apoyan-a-meyer\/#webpage"},"isPartOf":{"@id":"https:\/\/www.eldigitaldeasturias.com\/noticias\/debate-interno-en-iu-entre-los-partidarios-de-primarias-y-los-que-apoyan-a-meyer\/#webpage"},"articleSection":"Actualidad"},{"@type":"BreadcrumbList","@id":"https:\/\/www.eldigitaldeasturias.com\/noticias\/debate-interno-en-iu-entre-los-partidarios-de-primarias-y-los-que-apoyan-a-meyer\/#breadcrumblist","itemListElement":[{"@type":"ListItem","@id":"https:\/\/www.eldigitaldeasturias.com\/noticias#listItem","position":1,"name":"Home","item":"https:\/\/www.eldigitaldeasturias.com\/noticias","nextItem":{"@type":"ListItem","@id":"https:\/\/www.eldigitaldeasturias.com\/noticias\/category\/actualidad\/#listItem","name":"Actualidad"}},{"@type":"ListItem","@id":"https:\/\/www.eldigitaldeasturias.com\/noticias\/category\/actualidad\/#listItem","position":2,"name":"Actualidad","item":"https:\/\/www.eldigitaldeasturias.com\/noticias\/category\/actualidad\/","nextItem":{"@type":"ListItem","@id":"https:\/\/www.eldigitaldeasturias.com\/noticias\/debate-interno-en-iu-entre-los-partidarios-de-primarias-y-los-que-apoyan-a-meyer\/#listItem","name":"Debate interno en IU entre los partidarios de primarias y los que apoyan a Meyer"},"previousItem":{"@type":"ListItem","@id":"https:\/\/www.eldigitaldeasturias.com\/noticias#listItem","name":"Home"}},{"@type":"ListItem","@id":"https:\/\/www.eldigitaldeasturias.com\/noticias\/debate-interno-en-iu-entre-los-partidarios-de-primarias-y-los-que-apoyan-a-meyer\/#listItem","position":3,"name":"Debate interno en IU entre los partidarios de primarias y los que apoyan a Meyer","previousItem":{"@type":"ListItem","@id":"https:\/\/www.eldigitaldeasturias.com\/noticias\/category\/actualidad\/#listItem","name":"Actualidad"}}]},{"@type":"Organization","@id":"https:\/\/www.eldigitaldeasturias.com\/noticias\/#organization","name":"El Digital de Asturias","description":"Hemeroteca","url":"https:\/\/www.eldigitaldeasturias.com\/noticias\/","email":"info@eldigitaldeasturias.com","telephone":"+34652131393","logo":{"@type":"ImageObject","url":"https:\/\/www.eldigitaldeasturias.com\/noticias\/wp-content\/uploads\/2020\/12\/EDA.jpg","@id":"https:\/\/www.eldigitaldeasturias.com\/noticias\/debate-interno-en-iu-entre-los-partidarios-de-primarias-y-los-que-apoyan-a-meyer\/#organizationLogo"},"image":{"@id":"https:\/\/www.eldigitaldeasturias.com\/noticias\/debate-interno-en-iu-entre-los-partidarios-de-primarias-y-los-que-apoyan-a-meyer\/#organizationLogo"},"sameAs":["https:\/\/facebook.com\/eldigitaldeasturias","https:\/\/www.youtube.com\/channel\/UCZP-2wLEB9Rv6erhFmqVnvg"],"address":{"@id":"https:\/\/www.eldigitaldeasturias.com\/noticias\/#postaladdress","@type":"PostalAddress","streetAddress":"san antonio 4","postalCode":"33430","addressLocality":"Cand\u00e1s","addressRegion":"Asturias","addressCountry":"ES"}},{"@type":"Person","@id":"https:\/\/www.eldigitaldeasturias.com\/noticias\/author\/admin\/#author","url":"https:\/\/www.eldigitaldeasturias.com\/noticias\/author\/admin\/","name":"El Digital de Asturias","image":{"@type":"ImageObject","@id":"https:\/\/www.eldigitaldeasturias.com\/noticias\/debate-interno-en-iu-entre-los-partidarios-de-primarias-y-los-que-apoyan-a-meyer\/#authorImage","url":"https:\/\/secure.gravatar.com\/avatar\/df2aeffc32bcd13f8d26072ef8a91b623d677766deac7f97ca815868cd41bf5e?s=96&d=mm&r=g","width":96,"height":96,"caption":"El Digital de Asturias"}},{"@type":"WebPage","@id":"https:\/\/www.eldigitaldeasturias.com\/noticias\/debate-interno-en-iu-entre-los-partidarios-de-primarias-y-los-que-apoyan-a-meyer\/#webpage","url":"https:\/\/www.eldigitaldeasturias.com\/noticias\/debate-interno-en-iu-entre-los-partidarios-de-primarias-y-los-que-apoyan-a-meyer\/","name":"Debate interno en IU entre los partidarios de primarias y los que apoyan a Meyer - El Digital de Asturias","description":"Madrid, 9 feb (EFE).- IU est\u00e1 inmersa en un debate interno un tanto agrio, seg\u00fan algunas fuentes de la formaci\u00f3n, por la elaboraci\u00f3n de la lista para las elecciones europeas, entre los partidarios de celebrar primarias abiertas y el entorno de la direcci\u00f3n que se mueve en favor de la reelecci\u00f3n de Willy Meyer. Seg\u00fan","inLanguage":"es-ES","isPartOf":{"@id":"https:\/\/www.eldigitaldeasturias.com\/noticias\/#website"},"breadcrumb":{"@id":"https:\/\/www.eldigitaldeasturias.com\/noticias\/debate-interno-en-iu-entre-los-partidarios-de-primarias-y-los-que-apoyan-a-meyer\/#breadcrumblist"},"author":{"@id":"https:\/\/www.eldigitaldeasturias.com\/noticias\/author\/admin\/#author"},"creator":{"@id":"https:\/\/www.eldigitaldeasturias.com\/noticias\/author\/admin\/#author"},"image":{"@type":"ImageObject","url":487305,"@id":"https:\/\/www.eldigitaldeasturias.com\/noticias\/debate-interno-en-iu-entre-los-partidarios-de-primarias-y-los-que-apoyan-a-meyer\/#mainImage"},"primaryImageOfPage":{"@id":"https:\/\/www.eldigitaldeasturias.com\/noticias\/debate-interno-en-iu-entre-los-partidarios-de-primarias-y-los-que-apoyan-a-meyer\/#mainImage"},"datePublished":"2014-02-09T19:40:14+01:00","dateModified":"2014-02-09T19:40:14+01:00"},{"@type":"WebSite","@id":"https:\/\/www.eldigitaldeasturias.com\/noticias\/#website","url":"https:\/\/www.eldigitaldeasturias.com\/noticias\/","name":"El Digital de Asturias - Diario de actualidad y noticias","alternateName":"El Digital de Asturias - Diario de actualidad y noticias","description":"Hemeroteca","inLanguage":"es-ES","publisher":{"@id":"https:\/\/www.eldigitaldeasturias.com\/noticias\/#organization"}}]},"og:locale":"es_ES","og:site_name":"El Digital de Asturias","og:type":"article","og:title":"Debate interno en IU entre los partidarios de primarias y los que apoyan a Meyer - El Digital de Asturias","og:description":"Madrid, 9 feb (EFE).- IU est\u00e1 inmersa en un debate interno un tanto agrio, seg\u00fan algunas fuentes de la formaci\u00f3n, por la elaboraci\u00f3n de la lista para las elecciones europeas, entre los partidarios de celebrar primarias abiertas y el entorno de la direcci\u00f3n que se mueve en favor de la reelecci\u00f3n de Willy Meyer. Seg\u00fan","og:url":"https:\/\/www.eldigitaldeasturias.com\/noticias\/debate-interno-en-iu-entre-los-partidarios-de-primarias-y-los-que-apoyan-a-meyer\/","article:tag":["actualidad"],"article:published_time":"2014-02-09T20:40:14+00:00","article:modified_time":"2014-02-09T20:40:14+00:00","article:publisher":"https:\/\/facebook.com\/eldigitaldeasturias","twitter:card":"summary_large_image","twitter:title":"Debate interno en IU entre los partidarios de primarias y los que apoyan a Meyer - El Digital de Asturias","twitter:description":"Madrid, 9 feb (EFE).- IU est\u00e1 inmersa en un debate interno un tanto agrio, seg\u00fan algunas fuentes de la formaci\u00f3n, por la elaboraci\u00f3n de la lista para las elecciones europeas, entre los partidarios de celebrar primarias abiertas y el entorno de la direcci\u00f3n que se mueve en favor de la reelecci\u00f3n de Willy Meyer. Seg\u00fan","twitter:label1":"Escrito por","twitter:data1":"El Digital de Asturias","twitter:label2":"Tiempo de lectura estimado","twitter:data2":"2 minutos"},"aioseo_meta_data":{"post_id":"487304","title":null,"description":null,"keywords":null,"keyphrases":null,"primary_term":null,"canonical_url":null,"og_title":null,"og_description":null,"og_object_type":"default","og_image_type":"default","og_image_url":null,"og_image_width":null,"og_image_height":null,"og_image_custom_url":null,"og_image_custom_fields":null,"og_video":null,"og_custom_url":null,"og_article_section":null,"og_article_tags":null,"twitter_use_og":true,"twitter_card":"default","twitter_image_type":"default","twitter_image_url":null,"twitter_image_custom_url":null,"twitter_image_custom_fields":null,"twitter_title":null,"twitter_description":null,"schema":{"blockGraphs":[],"customGraphs":[],"default":{"data":{"Article":[],"Course":[],"Dataset":[],"FAQPage":[],"Movie":[],"Person":[],"Product":[],"ProductReview":[],"Car":[],"Recipe":[],"Service":[],"SoftwareApplication":[],"WebPage":[]},"graphName":"","isEnabled":true},"graphs":[],"defaultGraph":"","defaultPostTypeGraph":""},"schema_type":null,"schema_type_options":null,"pillar_content":false,"robots_default":true,"robots_noindex":false,"robots_noarchive":false,"robots_nosnippet":false,"robots_nofollow":false,"robots_noimageindex":false,"robots_noodp":false,"robots_notranslate":false,"robots_max_snippet":null,"robots_max_videopreview":null,"robots_max_imagepreview":"none","priority":null,"frequency":null,"local_seo":null,"seo_analyzer_scan_date":"2026-06-03 04:19:42","breadcrumb_settings":null,"limit_modified_date":false,"open_ai":null,"ai":null,"created":"2020-11-14 22:56:21","updated":"2026-06-03 04:19:42","focus_keyword":null,"additional_keywords":null,"truseo_locale":null},"aioseo_breadcrumb":"<div class=\"aioseo-breadcrumbs\"><span class=\"aioseo-breadcrumb\">\n\t<a href=\"https:\/\/www.eldigitaldeasturias.com\/noticias\" title=\"Home\">Home<\/a>\n<\/span><span class=\"aioseo-breadcrumb-separator\">\u2013<\/span><span class=\"aioseo-breadcrumb\">\n\t<a href=\"https:\/\/www.eldigitaldeasturias.com\/noticias\/category\/actualidad\/\" title=\"Actualidad\">Actualidad<\/a>\n<\/span><span class=\"aioseo-breadcrumb-separator\">\u2013<\/span><span class=\"aioseo-breadcrumb\">\n\t<a href=\"https:\/\/www.eldigitaldeasturias.com\/noticias\/debate-interno-en-iu-entre-los-partidarios-de-primarias-y-los-que-apoyan-a-meyer\/\" title=\"Debate interno en IU entre los partidarios de primarias y los que apoyan a Meyer\">Debate interno en IU entre los partidarios de primarias y los que apoyan a Meyer<\/a>\n<\/span><\/div>","aioseo_breadcrumb_json":[{"label":"Home","link":"https:\/\/www.eldigitaldeasturias.com\/noticias"},{"label":"Actualidad","link":"https:\/\/www.eldigitaldeasturias.com\/noticias\/category\/actualidad\/"},{"label":"Debate interno en IU entre los partidarios de primarias y los que apoyan a Meyer","link":"https:\/\/www.eldigitaldeasturias.com\/noticias\/debate-interno-en-iu-entre-los-partidarios-de-primarias-y-los-que-apoyan-a-meyer\/"}],"_links":{"self":[{"href":"https:\/\/www.eldigitaldeasturias.com\/noticias\/wp-json\/wp\/v2\/posts\/487304","targetHints":{"allow":["GET"]}}],"collection":[{"href":"https:\/\/www.eldigitaldeasturias.com\/noticias\/wp-json\/wp\/v2\/posts"}],"about":[{"href":"https:\/\/www.eldigitaldeasturias.com\/noticias\/wp-json\/wp\/v2\/types\/post"}],"author":[{"embeddable":true,"href":"https:\/\/www.eldigitaldeasturias.com\/noticias\/wp-json\/wp\/v2\/users\/1"}],"replies":[{"embeddable":true,"href":"https:\/\/www.eldigitaldeasturias.com\/noticias\/wp-json\/wp\/v2\/comments?post=487304"}],"version-history":[{"count":0,"href":"https:\/\/www.eldigitaldeasturias.com\/noticias\/wp-json\/wp\/v2\/posts\/487304\/revisions"}],"wp:attachment":[{"href":"https:\/\/www.eldigitaldeasturias.com\/noticias\/wp-json\/wp\/v2\/media?parent=487304"}],"wp:term":[{"taxonomy":"category","embeddable":true,"href":"https:\/\/www.eldigitaldeasturias.com\/noticias\/wp-json\/wp\/v2\/categories?post=487304"},{"taxonomy":"post_tag","embeddable":true,"href":"https:\/\/www.eldigitaldeasturias.com\/noticias\/wp-json\/wp\/v2\/tags?post=487304"}],"curies":[{"name":"wp","href":"https:\/\/api.w.org\/{rel}","templated":true}]}}