{"id":487301,"date":"2014-02-09T19:39:16","date_gmt":"2014-02-09T20:39:16","guid":{"rendered":"http:\/\/www.eldigitaldeasturias.com\/noticias\/?p=487301"},"modified":"2014-02-09T19:39:16","modified_gmt":"2014-02-09T20:39:16","slug":"iu-inicia-esta-semana-en-leon-una-campana-nacional-contra-el-bipartidismo","status":"publish","type":"post","link":"https:\/\/www.eldigitaldeasturias.com\/noticias\/iu-inicia-esta-semana-en-leon-una-campana-nacional-contra-el-bipartidismo\/","title":{"rendered":"IU inicia esta semana en Le\u00f3n una campa\u00f1a nacional contra el bipartidismo"},"content":{"rendered":"<p><img loading=\"lazy\" decoding=\"async\" class=\"alignleft size-medium wp-image-487302\" alt=\"5925330w\" src=\"https:\/\/www.eldigitaldeasturias.com\/noticias\/wp-content\/uploads\/2014\/02\/5925330w-228x320.jpg\" width=\"228\" height=\"320\" \/>Le\u00f3n, 9 feb (EFE).- Izquierda Unida (IU) abrir\u00e1 esta semana en Le\u00f3n una campa\u00f1a nacional que pretende combatir el bipartidismo mediante un trabajo permanente contra la corrupci\u00f3n, por las nuevas formas de representaci\u00f3n pol\u00edtica y para hallar el camino hacia el Estado federal y republicano.<\/p>\n<p>Alberto Garz\u00f3n, diputado en el Congreso de esa coalici\u00f3n, presentar\u00e1 el 12 de febrero en Le\u00f3n la campa\u00f1a \u00abRevoluci\u00f3n democr\u00e1tica y social por un proceso constituyente\u00bb, con la que IU quiere llamar a la sociedad a participar en el debate pol\u00edtico.<\/p>\n<p>El objetivo es el de \u00abpromover un debate intelectualmente honesto y riguroso respecto a cuestiones democr\u00e1ticas\u00bb, se\u00f1ala IU a trav\u00e9s de un comunicado.<\/p>\n<p>\u00abNo es una campa\u00f1a electoral sino un ejercicio de ciudadan\u00eda democr\u00e1tica y pol\u00edtica. Un debate para la rebeli\u00f3n democr\u00e1tica. Un debate para cambiar la forma de hacer pol\u00edtica\u00bb, precisa la nota.<\/p>\n<p>Desde IU se quiere abrir a toda la sociedad \u00abun espacio para la reflexi\u00f3n pol\u00edtica que permita organizar un nuevo modelo de sociedad y un nuevo proceso constituyente\u00bb.<\/p>\n<p>\u00abProponemos un ejercicio de radicalidad democr\u00e1tica que haga m\u00e1s fuerte la respuesta a un r\u00e9gimen que procura escapar de su crisis de legitimidad expulsando a los ciudadanos de la vida p\u00fablica\u00bb, explica IU como prop\u00f3sitos.<\/p>\n<p>IU pretende \u00abpromover la revoluci\u00f3n social y econ\u00f3mica, de un lado, y la revoluci\u00f3n pol\u00edtica, de otro\u00bb.<\/p>\n<p>Una \u00abrevoluci\u00f3n social y econ\u00f3mica para un plan de choque de creaci\u00f3n de empleo, un cambio de modelo productivo, la reversi\u00f3n de las agresiones del PP (y del PSOE) al Estado del bienestar y a los servicios p\u00fablicos, una fiscalidad progresiva, una banca p\u00fablica, la defensa de las pol\u00edticas de igualdad y pol\u00edticas de justicia social\u00bb, figuran tambi\u00e9n entre sus reivindicaciones.<\/p>\n<p>Para esta rebeli\u00f3n democr\u00e1tica, IU propone la creaci\u00f3n de la figura del \u00abrevocatorio\u00bb, la \u00abrendici\u00f3n permanente de cuentas del cargo p\u00fablico ante sus representados, la transparencia en la gesti\u00f3n de las finanzas p\u00fablicas, el fomento de la participaci\u00f3n ciudadana en la gesti\u00f3n de bienes y servicios p\u00fablicos y el car\u00e1cter vinculante de los programas electorales\u00bb.<\/p>\n","protected":false},"excerpt":{"rendered":"<p>Le\u00f3n, 9 feb (EFE).- Izquierda Unida (IU) abrir\u00e1 esta semana en Le\u00f3n una campa\u00f1a nacional que pretende combatir el bipartidismo mediante un trabajo permanente contra la corrupci\u00f3n, por las nuevas formas de representaci\u00f3n pol\u00edtica y para hallar el camino hacia el Estado federal y republicano. Alberto Garz\u00f3n, diputado en el Congreso de esa coalici\u00f3n, presentar\u00e1 [&hellip;]<\/p>\n","protected":false},"author":1,"featured_media":487302,"comment_status":"open","ping_status":"open","sticky":false,"template":"","format":"standard","meta":{"footnotes":""},"categories":[1],"tags":[],"class_list":["post-487301","post","type-post","status-publish","format-standard","has-post-thumbnail","hentry","category-actualidad"],"aioseo_notices":[],"aioseo_head":"\n\t\t<!-- All in One SEO Pro 5.0.1 - aioseo.com -->\n\t<meta name=\"description\" content=\"Le\u00f3n, 9 feb (EFE).- Izquierda Unida (IU) abrir\u00e1 esta semana en Le\u00f3n una campa\u00f1a nacional que pretende combatir el bipartidismo mediante un trabajo permanente contra la corrupci\u00f3n, por las nuevas formas de representaci\u00f3n pol\u00edtica y para hallar el camino hacia el Estado federal y republicano. Alberto Garz\u00f3n, diputado en el Congreso de esa coalici\u00f3n, presentar\u00e1\" \/>\n\t<meta name=\"robots\" content=\"max-image-preview:large\" \/>\n\t<meta name=\"author\" content=\"El Digital de Asturias\"\/>\n\t<meta name=\"google-site-verification\" content=\"UA-38556648-1\" \/>\n\t<meta name=\"msvalidate.01\" content=\"7dfe9f3f1b24437ab69f4f2559babe99\" \/>\n\t<meta name=\"keywords\" content=\"actualidad\" \/>\n\t<link rel=\"canonical\" href=\"https:\/\/www.eldigitaldeasturias.com\/noticias\/iu-inicia-esta-semana-en-leon-una-campana-nacional-contra-el-bipartidismo\/\" \/>\n\t<meta name=\"generator\" content=\"All in One SEO Pro (AIOSEO) 5.0.1\" \/>\n\t\t<meta property=\"og:locale\" content=\"es_ES\" \/>\n\t\t<meta property=\"og:site_name\" content=\"El Digital de Asturias\" \/>\n\t\t<meta property=\"og:type\" content=\"article\" \/>\n\t\t<meta property=\"og:title\" content=\"IU inicia esta semana en Le\u00f3n una campa\u00f1a nacional contra el bipartidismo - El Digital de Asturias\" \/>\n\t\t<meta property=\"og:description\" content=\"Le\u00f3n, 9 feb (EFE).- Izquierda Unida (IU) abrir\u00e1 esta semana en Le\u00f3n una campa\u00f1a nacional que pretende combatir el bipartidismo mediante un trabajo permanente contra la corrupci\u00f3n, por las nuevas formas de representaci\u00f3n pol\u00edtica y para hallar el camino hacia el Estado federal y republicano. Alberto Garz\u00f3n, diputado en el Congreso de esa coalici\u00f3n, presentar\u00e1\" \/>\n\t\t<meta property=\"og:url\" content=\"https:\/\/www.eldigitaldeasturias.com\/noticias\/iu-inicia-esta-semana-en-leon-una-campana-nacional-contra-el-bipartidismo\/\" \/>\n\t\t<meta property=\"article:tag\" content=\"actualidad\" \/>\n\t\t<meta property=\"article:published_time\" content=\"2014-02-09T20:39:16+00:00\" \/>\n\t\t<meta property=\"article:modified_time\" content=\"2014-02-09T20:39:16+00:00\" \/>\n\t\t<meta property=\"article:publisher\" content=\"https:\/\/facebook.com\/eldigitaldeasturias\" \/>\n\t\t<meta name=\"twitter:card\" content=\"summary_large_image\" \/>\n\t\t<meta name=\"twitter:title\" content=\"IU inicia esta semana en Le\u00f3n una campa\u00f1a nacional contra el bipartidismo - El Digital de Asturias\" \/>\n\t\t<meta name=\"twitter:description\" content=\"Le\u00f3n, 9 feb (EFE).- Izquierda Unida (IU) abrir\u00e1 esta semana en Le\u00f3n una campa\u00f1a nacional que pretende combatir el bipartidismo mediante un trabajo permanente contra la corrupci\u00f3n, por las nuevas formas de representaci\u00f3n pol\u00edtica y para hallar el camino hacia el Estado federal y republicano. Alberto Garz\u00f3n, diputado en el Congreso de esa coalici\u00f3n, presentar\u00e1\" \/>\n\t\t<meta name=\"twitter:label1\" content=\"Escrito por\" \/>\n\t\t<meta name=\"twitter:data1\" content=\"El Digital de Asturias\" \/>\n\t\t<meta name=\"twitter:label2\" content=\"Tiempo de lectura estimado\" \/>\n\t\t<meta name=\"twitter:data2\" content=\"2 minutos\" \/>\n\t\t<script type=\"application\/ld+json\" class=\"aioseo-schema\">\n\t\t\t{\"@context\":\"https:\\\/\\\/schema.org\",\"@graph\":[{\"@type\":\"BlogPosting\",\"@id\":\"https:\\\/\\\/www.eldigitaldeasturias.com\\\/noticias\\\/iu-inicia-esta-semana-en-leon-una-campana-nacional-contra-el-bipartidismo\\\/#blogposting\",\"name\":\"IU inicia esta semana en Le\\u00f3n una campa\\u00f1a nacional contra el bipartidismo - El Digital de Asturias\",\"headline\":\"IU inicia esta semana en Le\\u00f3n una campa\\u00f1a nacional contra el bipartidismo\",\"author\":{\"@id\":\"https:\\\/\\\/www.eldigitaldeasturias.com\\\/noticias\\\/author\\\/admin\\\/#author\"},\"publisher\":{\"@id\":\"https:\\\/\\\/www.eldigitaldeasturias.com\\\/noticias\\\/#organization\"},\"image\":{\"@type\":\"ImageObject\",\"url\":487302},\"datePublished\":\"2014-02-09T19:39:16+01:00\",\"dateModified\":\"2014-02-09T19:39:16+01:00\",\"inLanguage\":\"es-ES\",\"mainEntityOfPage\":{\"@id\":\"https:\\\/\\\/www.eldigitaldeasturias.com\\\/noticias\\\/iu-inicia-esta-semana-en-leon-una-campana-nacional-contra-el-bipartidismo\\\/#webpage\"},\"isPartOf\":{\"@id\":\"https:\\\/\\\/www.eldigitaldeasturias.com\\\/noticias\\\/iu-inicia-esta-semana-en-leon-una-campana-nacional-contra-el-bipartidismo\\\/#webpage\"},\"articleSection\":\"Actualidad\"},{\"@type\":\"BreadcrumbList\",\"@id\":\"https:\\\/\\\/www.eldigitaldeasturias.com\\\/noticias\\\/iu-inicia-esta-semana-en-leon-una-campana-nacional-contra-el-bipartidismo\\\/#breadcrumblist\",\"itemListElement\":[{\"@type\":\"ListItem\",\"@id\":\"https:\\\/\\\/www.eldigitaldeasturias.com\\\/noticias#listItem\",\"position\":1,\"name\":\"Home\",\"item\":\"https:\\\/\\\/www.eldigitaldeasturias.com\\\/noticias\",\"nextItem\":{\"@type\":\"ListItem\",\"@id\":\"https:\\\/\\\/www.eldigitaldeasturias.com\\\/noticias\\\/category\\\/actualidad\\\/#listItem\",\"name\":\"Actualidad\"}},{\"@type\":\"ListItem\",\"@id\":\"https:\\\/\\\/www.eldigitaldeasturias.com\\\/noticias\\\/category\\\/actualidad\\\/#listItem\",\"position\":2,\"name\":\"Actualidad\",\"item\":\"https:\\\/\\\/www.eldigitaldeasturias.com\\\/noticias\\\/category\\\/actualidad\\\/\",\"nextItem\":{\"@type\":\"ListItem\",\"@id\":\"https:\\\/\\\/www.eldigitaldeasturias.com\\\/noticias\\\/iu-inicia-esta-semana-en-leon-una-campana-nacional-contra-el-bipartidismo\\\/#listItem\",\"name\":\"IU inicia esta semana en Le\\u00f3n una campa\\u00f1a nacional contra el bipartidismo\"},\"previousItem\":{\"@type\":\"ListItem\",\"@id\":\"https:\\\/\\\/www.eldigitaldeasturias.com\\\/noticias#listItem\",\"name\":\"Home\"}},{\"@type\":\"ListItem\",\"@id\":\"https:\\\/\\\/www.eldigitaldeasturias.com\\\/noticias\\\/iu-inicia-esta-semana-en-leon-una-campana-nacional-contra-el-bipartidismo\\\/#listItem\",\"position\":3,\"name\":\"IU inicia esta semana en Le\\u00f3n una campa\\u00f1a nacional contra el bipartidismo\",\"previousItem\":{\"@type\":\"ListItem\",\"@id\":\"https:\\\/\\\/www.eldigitaldeasturias.com\\\/noticias\\\/category\\\/actualidad\\\/#listItem\",\"name\":\"Actualidad\"}}]},{\"@type\":\"Organization\",\"@id\":\"https:\\\/\\\/www.eldigitaldeasturias.com\\\/noticias\\\/#organization\",\"name\":\"El Digital de Asturias\",\"description\":\"Hemeroteca\",\"url\":\"https:\\\/\\\/www.eldigitaldeasturias.com\\\/noticias\\\/\",\"email\":\"info@eldigitaldeasturias.com\",\"telephone\":\"+34652131393\",\"logo\":{\"@type\":\"ImageObject\",\"url\":\"https:\\\/\\\/www.eldigitaldeasturias.com\\\/noticias\\\/wp-content\\\/uploads\\\/2020\\\/12\\\/EDA.jpg\",\"@id\":\"https:\\\/\\\/www.eldigitaldeasturias.com\\\/noticias\\\/iu-inicia-esta-semana-en-leon-una-campana-nacional-contra-el-bipartidismo\\\/#organizationLogo\"},\"image\":{\"@id\":\"https:\\\/\\\/www.eldigitaldeasturias.com\\\/noticias\\\/iu-inicia-esta-semana-en-leon-una-campana-nacional-contra-el-bipartidismo\\\/#organizationLogo\"},\"sameAs\":[\"https:\\\/\\\/facebook.com\\\/eldigitaldeasturias\",\"https:\\\/\\\/www.youtube.com\\\/channel\\\/UCZP-2wLEB9Rv6erhFmqVnvg\"],\"address\":{\"@id\":\"https:\\\/\\\/www.eldigitaldeasturias.com\\\/noticias\\\/#postaladdress\",\"@type\":\"PostalAddress\",\"streetAddress\":\"san antonio 4\",\"postalCode\":\"33430\",\"addressLocality\":\"Cand\\u00e1s\",\"addressRegion\":\"Asturias\",\"addressCountry\":\"ES\"}},{\"@type\":\"Person\",\"@id\":\"https:\\\/\\\/www.eldigitaldeasturias.com\\\/noticias\\\/author\\\/admin\\\/#author\",\"url\":\"https:\\\/\\\/www.eldigitaldeasturias.com\\\/noticias\\\/author\\\/admin\\\/\",\"name\":\"El Digital de Asturias\",\"image\":{\"@type\":\"ImageObject\",\"@id\":\"https:\\\/\\\/www.eldigitaldeasturias.com\\\/noticias\\\/iu-inicia-esta-semana-en-leon-una-campana-nacional-contra-el-bipartidismo\\\/#authorImage\",\"url\":\"https:\\\/\\\/secure.gravatar.com\\\/avatar\\\/df2aeffc32bcd13f8d26072ef8a91b623d677766deac7f97ca815868cd41bf5e?s=96&d=mm&r=g\",\"width\":96,\"height\":96,\"caption\":\"El Digital de Asturias\"}},{\"@type\":\"WebPage\",\"@id\":\"https:\\\/\\\/www.eldigitaldeasturias.com\\\/noticias\\\/iu-inicia-esta-semana-en-leon-una-campana-nacional-contra-el-bipartidismo\\\/#webpage\",\"url\":\"https:\\\/\\\/www.eldigitaldeasturias.com\\\/noticias\\\/iu-inicia-esta-semana-en-leon-una-campana-nacional-contra-el-bipartidismo\\\/\",\"name\":\"IU inicia esta semana en Le\\u00f3n una campa\\u00f1a nacional contra el bipartidismo - El Digital de Asturias\",\"description\":\"Le\\u00f3n, 9 feb (EFE).- Izquierda Unida (IU) abrir\\u00e1 esta semana en Le\\u00f3n una campa\\u00f1a nacional que pretende combatir el bipartidismo mediante un trabajo permanente contra la corrupci\\u00f3n, por las nuevas formas de representaci\\u00f3n pol\\u00edtica y para hallar el camino hacia el Estado federal y republicano. Alberto Garz\\u00f3n, diputado en el Congreso de esa coalici\\u00f3n, presentar\\u00e1\",\"inLanguage\":\"es-ES\",\"isPartOf\":{\"@id\":\"https:\\\/\\\/www.eldigitaldeasturias.com\\\/noticias\\\/#website\"},\"breadcrumb\":{\"@id\":\"https:\\\/\\\/www.eldigitaldeasturias.com\\\/noticias\\\/iu-inicia-esta-semana-en-leon-una-campana-nacional-contra-el-bipartidismo\\\/#breadcrumblist\"},\"author\":{\"@id\":\"https:\\\/\\\/www.eldigitaldeasturias.com\\\/noticias\\\/author\\\/admin\\\/#author\"},\"creator\":{\"@id\":\"https:\\\/\\\/www.eldigitaldeasturias.com\\\/noticias\\\/author\\\/admin\\\/#author\"},\"image\":{\"@type\":\"ImageObject\",\"url\":487302,\"@id\":\"https:\\\/\\\/www.eldigitaldeasturias.com\\\/noticias\\\/iu-inicia-esta-semana-en-leon-una-campana-nacional-contra-el-bipartidismo\\\/#mainImage\"},\"primaryImageOfPage\":{\"@id\":\"https:\\\/\\\/www.eldigitaldeasturias.com\\\/noticias\\\/iu-inicia-esta-semana-en-leon-una-campana-nacional-contra-el-bipartidismo\\\/#mainImage\"},\"datePublished\":\"2014-02-09T19:39:16+01:00\",\"dateModified\":\"2014-02-09T19:39:16+01:00\"},{\"@type\":\"WebSite\",\"@id\":\"https:\\\/\\\/www.eldigitaldeasturias.com\\\/noticias\\\/#website\",\"url\":\"https:\\\/\\\/www.eldigitaldeasturias.com\\\/noticias\\\/\",\"name\":\"El Digital de Asturias - Diario de actualidad y noticias\",\"alternateName\":\"El Digital de Asturias - Diario de actualidad y noticias\",\"description\":\"Hemeroteca\",\"inLanguage\":\"es-ES\",\"publisher\":{\"@id\":\"https:\\\/\\\/www.eldigitaldeasturias.com\\\/noticias\\\/#organization\"}}]}\n\t\t<\/script>\n\t\t<!-- All in One SEO Pro -->\r\n\t\t<title>IU inicia esta semana en Le\u00f3n una campa\u00f1a nacional contra el bipartidismo - El Digital de Asturias<\/title>\n\n","aioseo_head_json":{"title":"IU inicia esta semana en Le\u00f3n una campa\u00f1a nacional contra el bipartidismo - El Digital de Asturias","description":"Le\u00f3n, 9 feb (EFE).- Izquierda Unida (IU) abrir\u00e1 esta semana en Le\u00f3n una campa\u00f1a nacional que pretende combatir el bipartidismo mediante un trabajo permanente contra la corrupci\u00f3n, por las nuevas formas de representaci\u00f3n pol\u00edtica y para hallar el camino hacia el Estado federal y republicano. Alberto Garz\u00f3n, diputado en el Congreso de esa coalici\u00f3n, presentar\u00e1","canonical_url":"https:\/\/www.eldigitaldeasturias.com\/noticias\/iu-inicia-esta-semana-en-leon-una-campana-nacional-contra-el-bipartidismo\/","robots":"max-image-preview:large","keywords":"actualidad","webmasterTools":{"google-site-verification":"UA-38556648-1","msvalidate.01":"7dfe9f3f1b24437ab69f4f2559babe99","miscellaneous":""},"schema":{"@context":"https:\/\/schema.org","@graph":[{"@type":"BlogPosting","@id":"https:\/\/www.eldigitaldeasturias.com\/noticias\/iu-inicia-esta-semana-en-leon-una-campana-nacional-contra-el-bipartidismo\/#blogposting","name":"IU inicia esta semana en Le\u00f3n una campa\u00f1a nacional contra el bipartidismo - El Digital de Asturias","headline":"IU inicia esta semana en Le\u00f3n una campa\u00f1a nacional contra el bipartidismo","author":{"@id":"https:\/\/www.eldigitaldeasturias.com\/noticias\/author\/admin\/#author"},"publisher":{"@id":"https:\/\/www.eldigitaldeasturias.com\/noticias\/#organization"},"image":{"@type":"ImageObject","url":487302},"datePublished":"2014-02-09T19:39:16+01:00","dateModified":"2014-02-09T19:39:16+01:00","inLanguage":"es-ES","mainEntityOfPage":{"@id":"https:\/\/www.eldigitaldeasturias.com\/noticias\/iu-inicia-esta-semana-en-leon-una-campana-nacional-contra-el-bipartidismo\/#webpage"},"isPartOf":{"@id":"https:\/\/www.eldigitaldeasturias.com\/noticias\/iu-inicia-esta-semana-en-leon-una-campana-nacional-contra-el-bipartidismo\/#webpage"},"articleSection":"Actualidad"},{"@type":"BreadcrumbList","@id":"https:\/\/www.eldigitaldeasturias.com\/noticias\/iu-inicia-esta-semana-en-leon-una-campana-nacional-contra-el-bipartidismo\/#breadcrumblist","itemListElement":[{"@type":"ListItem","@id":"https:\/\/www.eldigitaldeasturias.com\/noticias#listItem","position":1,"name":"Home","item":"https:\/\/www.eldigitaldeasturias.com\/noticias","nextItem":{"@type":"ListItem","@id":"https:\/\/www.eldigitaldeasturias.com\/noticias\/category\/actualidad\/#listItem","name":"Actualidad"}},{"@type":"ListItem","@id":"https:\/\/www.eldigitaldeasturias.com\/noticias\/category\/actualidad\/#listItem","position":2,"name":"Actualidad","item":"https:\/\/www.eldigitaldeasturias.com\/noticias\/category\/actualidad\/","nextItem":{"@type":"ListItem","@id":"https:\/\/www.eldigitaldeasturias.com\/noticias\/iu-inicia-esta-semana-en-leon-una-campana-nacional-contra-el-bipartidismo\/#listItem","name":"IU inicia esta semana en Le\u00f3n una campa\u00f1a nacional contra el bipartidismo"},"previousItem":{"@type":"ListItem","@id":"https:\/\/www.eldigitaldeasturias.com\/noticias#listItem","name":"Home"}},{"@type":"ListItem","@id":"https:\/\/www.eldigitaldeasturias.com\/noticias\/iu-inicia-esta-semana-en-leon-una-campana-nacional-contra-el-bipartidismo\/#listItem","position":3,"name":"IU inicia esta semana en Le\u00f3n una campa\u00f1a nacional contra el bipartidismo","previousItem":{"@type":"ListItem","@id":"https:\/\/www.eldigitaldeasturias.com\/noticias\/category\/actualidad\/#listItem","name":"Actualidad"}}]},{"@type":"Organization","@id":"https:\/\/www.eldigitaldeasturias.com\/noticias\/#organization","name":"El Digital de Asturias","description":"Hemeroteca","url":"https:\/\/www.eldigitaldeasturias.com\/noticias\/","email":"info@eldigitaldeasturias.com","telephone":"+34652131393","logo":{"@type":"ImageObject","url":"https:\/\/www.eldigitaldeasturias.com\/noticias\/wp-content\/uploads\/2020\/12\/EDA.jpg","@id":"https:\/\/www.eldigitaldeasturias.com\/noticias\/iu-inicia-esta-semana-en-leon-una-campana-nacional-contra-el-bipartidismo\/#organizationLogo"},"image":{"@id":"https:\/\/www.eldigitaldeasturias.com\/noticias\/iu-inicia-esta-semana-en-leon-una-campana-nacional-contra-el-bipartidismo\/#organizationLogo"},"sameAs":["https:\/\/facebook.com\/eldigitaldeasturias","https:\/\/www.youtube.com\/channel\/UCZP-2wLEB9Rv6erhFmqVnvg"],"address":{"@id":"https:\/\/www.eldigitaldeasturias.com\/noticias\/#postaladdress","@type":"PostalAddress","streetAddress":"san antonio 4","postalCode":"33430","addressLocality":"Cand\u00e1s","addressRegion":"Asturias","addressCountry":"ES"}},{"@type":"Person","@id":"https:\/\/www.eldigitaldeasturias.com\/noticias\/author\/admin\/#author","url":"https:\/\/www.eldigitaldeasturias.com\/noticias\/author\/admin\/","name":"El Digital de Asturias","image":{"@type":"ImageObject","@id":"https:\/\/www.eldigitaldeasturias.com\/noticias\/iu-inicia-esta-semana-en-leon-una-campana-nacional-contra-el-bipartidismo\/#authorImage","url":"https:\/\/secure.gravatar.com\/avatar\/df2aeffc32bcd13f8d26072ef8a91b623d677766deac7f97ca815868cd41bf5e?s=96&d=mm&r=g","width":96,"height":96,"caption":"El Digital de Asturias"}},{"@type":"WebPage","@id":"https:\/\/www.eldigitaldeasturias.com\/noticias\/iu-inicia-esta-semana-en-leon-una-campana-nacional-contra-el-bipartidismo\/#webpage","url":"https:\/\/www.eldigitaldeasturias.com\/noticias\/iu-inicia-esta-semana-en-leon-una-campana-nacional-contra-el-bipartidismo\/","name":"IU inicia esta semana en Le\u00f3n una campa\u00f1a nacional contra el bipartidismo - El Digital de Asturias","description":"Le\u00f3n, 9 feb (EFE).- Izquierda Unida (IU) abrir\u00e1 esta semana en Le\u00f3n una campa\u00f1a nacional que pretende combatir el bipartidismo mediante un trabajo permanente contra la corrupci\u00f3n, por las nuevas formas de representaci\u00f3n pol\u00edtica y para hallar el camino hacia el Estado federal y republicano. Alberto Garz\u00f3n, diputado en el Congreso de esa coalici\u00f3n, presentar\u00e1","inLanguage":"es-ES","isPartOf":{"@id":"https:\/\/www.eldigitaldeasturias.com\/noticias\/#website"},"breadcrumb":{"@id":"https:\/\/www.eldigitaldeasturias.com\/noticias\/iu-inicia-esta-semana-en-leon-una-campana-nacional-contra-el-bipartidismo\/#breadcrumblist"},"author":{"@id":"https:\/\/www.eldigitaldeasturias.com\/noticias\/author\/admin\/#author"},"creator":{"@id":"https:\/\/www.eldigitaldeasturias.com\/noticias\/author\/admin\/#author"},"image":{"@type":"ImageObject","url":487302,"@id":"https:\/\/www.eldigitaldeasturias.com\/noticias\/iu-inicia-esta-semana-en-leon-una-campana-nacional-contra-el-bipartidismo\/#mainImage"},"primaryImageOfPage":{"@id":"https:\/\/www.eldigitaldeasturias.com\/noticias\/iu-inicia-esta-semana-en-leon-una-campana-nacional-contra-el-bipartidismo\/#mainImage"},"datePublished":"2014-02-09T19:39:16+01:00","dateModified":"2014-02-09T19:39:16+01:00"},{"@type":"WebSite","@id":"https:\/\/www.eldigitaldeasturias.com\/noticias\/#website","url":"https:\/\/www.eldigitaldeasturias.com\/noticias\/","name":"El Digital de Asturias - Diario de actualidad y noticias","alternateName":"El Digital de Asturias - Diario de actualidad y noticias","description":"Hemeroteca","inLanguage":"es-ES","publisher":{"@id":"https:\/\/www.eldigitaldeasturias.com\/noticias\/#organization"}}]},"og:locale":"es_ES","og:site_name":"El Digital de Asturias","og:type":"article","og:title":"IU inicia esta semana en Le\u00f3n una campa\u00f1a nacional contra el bipartidismo - El Digital de Asturias","og:description":"Le\u00f3n, 9 feb (EFE).- Izquierda Unida (IU) abrir\u00e1 esta semana en Le\u00f3n una campa\u00f1a nacional que pretende combatir el bipartidismo mediante un trabajo permanente contra la corrupci\u00f3n, por las nuevas formas de representaci\u00f3n pol\u00edtica y para hallar el camino hacia el Estado federal y republicano. Alberto Garz\u00f3n, diputado en el Congreso de esa coalici\u00f3n, presentar\u00e1","og:url":"https:\/\/www.eldigitaldeasturias.com\/noticias\/iu-inicia-esta-semana-en-leon-una-campana-nacional-contra-el-bipartidismo\/","article:tag":["actualidad"],"article:published_time":"2014-02-09T20:39:16+00:00","article:modified_time":"2014-02-09T20:39:16+00:00","article:publisher":"https:\/\/facebook.com\/eldigitaldeasturias","twitter:card":"summary_large_image","twitter:title":"IU inicia esta semana en Le\u00f3n una campa\u00f1a nacional contra el bipartidismo - El Digital de Asturias","twitter:description":"Le\u00f3n, 9 feb (EFE).- Izquierda Unida (IU) abrir\u00e1 esta semana en Le\u00f3n una campa\u00f1a nacional que pretende combatir el bipartidismo mediante un trabajo permanente contra la corrupci\u00f3n, por las nuevas formas de representaci\u00f3n pol\u00edtica y para hallar el camino hacia el Estado federal y republicano. Alberto Garz\u00f3n, diputado en el Congreso de esa coalici\u00f3n, presentar\u00e1","twitter:label1":"Escrito por","twitter:data1":"El Digital de Asturias","twitter:label2":"Tiempo de lectura estimado","twitter:data2":"2 minutos"},"aioseo_meta_data":{"post_id":"487301","title":null,"description":null,"keywords":null,"keyphrases":null,"primary_term":null,"canonical_url":null,"og_title":null,"og_description":null,"og_object_type":"default","og_image_type":"default","og_image_url":null,"og_image_width":null,"og_image_height":null,"og_image_custom_url":null,"og_image_custom_fields":null,"og_video":null,"og_custom_url":null,"og_article_section":null,"og_article_tags":null,"twitter_use_og":true,"twitter_card":"default","twitter_image_type":"default","twitter_image_url":null,"twitter_image_custom_url":null,"twitter_image_custom_fields":null,"twitter_title":null,"twitter_description":null,"schema":{"blockGraphs":[],"customGraphs":[],"default":{"data":{"Article":[],"Course":[],"Dataset":[],"FAQPage":[],"Movie":[],"Person":[],"Product":[],"ProductReview":[],"Car":[],"Recipe":[],"Service":[],"SoftwareApplication":[],"WebPage":[]},"graphName":"","isEnabled":true},"graphs":[],"defaultGraph":"","defaultPostTypeGraph":""},"schema_type":null,"schema_type_options":null,"pillar_content":false,"robots_default":true,"robots_noindex":false,"robots_noarchive":false,"robots_nosnippet":false,"robots_nofollow":false,"robots_noimageindex":false,"robots_noodp":false,"robots_notranslate":false,"robots_max_snippet":null,"robots_max_videopreview":null,"robots_max_imagepreview":"none","priority":null,"frequency":null,"local_seo":null,"seo_analyzer_scan_date":"2026-06-03 04:19:42","breadcrumb_settings":null,"limit_modified_date":false,"open_ai":null,"ai":null,"created":"2020-11-14 22:56:21","updated":"2026-06-03 04:19:42","focus_keyword":null,"additional_keywords":null,"truseo_locale":null},"aioseo_breadcrumb":"<div class=\"aioseo-breadcrumbs\"><span class=\"aioseo-breadcrumb\">\n\t<a href=\"https:\/\/www.eldigitaldeasturias.com\/noticias\" title=\"Home\">Home<\/a>\n<\/span><span class=\"aioseo-breadcrumb-separator\">\u2013<\/span><span class=\"aioseo-breadcrumb\">\n\t<a href=\"https:\/\/www.eldigitaldeasturias.com\/noticias\/category\/actualidad\/\" title=\"Actualidad\">Actualidad<\/a>\n<\/span><span class=\"aioseo-breadcrumb-separator\">\u2013<\/span><span class=\"aioseo-breadcrumb\">\n\t<a href=\"https:\/\/www.eldigitaldeasturias.com\/noticias\/iu-inicia-esta-semana-en-leon-una-campana-nacional-contra-el-bipartidismo\/\" title=\"IU inicia esta semana en Le\u00f3n una campa\u00f1a nacional contra el bipartidismo\">IU inicia esta semana en Le\u00f3n una campa\u00f1a nacional contra el bipartidismo<\/a>\n<\/span><\/div>","aioseo_breadcrumb_json":[{"label":"Home","link":"https:\/\/www.eldigitaldeasturias.com\/noticias"},{"label":"Actualidad","link":"https:\/\/www.eldigitaldeasturias.com\/noticias\/category\/actualidad\/"},{"label":"IU inicia esta semana en Le\u00f3n una campa\u00f1a nacional contra el bipartidismo","link":"https:\/\/www.eldigitaldeasturias.com\/noticias\/iu-inicia-esta-semana-en-leon-una-campana-nacional-contra-el-bipartidismo\/"}],"_links":{"self":[{"href":"https:\/\/www.eldigitaldeasturias.com\/noticias\/wp-json\/wp\/v2\/posts\/487301","targetHints":{"allow":["GET"]}}],"collection":[{"href":"https:\/\/www.eldigitaldeasturias.com\/noticias\/wp-json\/wp\/v2\/posts"}],"about":[{"href":"https:\/\/www.eldigitaldeasturias.com\/noticias\/wp-json\/wp\/v2\/types\/post"}],"author":[{"embeddable":true,"href":"https:\/\/www.eldigitaldeasturias.com\/noticias\/wp-json\/wp\/v2\/users\/1"}],"replies":[{"embeddable":true,"href":"https:\/\/www.eldigitaldeasturias.com\/noticias\/wp-json\/wp\/v2\/comments?post=487301"}],"version-history":[{"count":0,"href":"https:\/\/www.eldigitaldeasturias.com\/noticias\/wp-json\/wp\/v2\/posts\/487301\/revisions"}],"wp:attachment":[{"href":"https:\/\/www.eldigitaldeasturias.com\/noticias\/wp-json\/wp\/v2\/media?parent=487301"}],"wp:term":[{"taxonomy":"category","embeddable":true,"href":"https:\/\/www.eldigitaldeasturias.com\/noticias\/wp-json\/wp\/v2\/categories?post=487301"},{"taxonomy":"post_tag","embeddable":true,"href":"https:\/\/www.eldigitaldeasturias.com\/noticias\/wp-json\/wp\/v2\/tags?post=487301"}],"curies":[{"name":"wp","href":"https:\/\/api.w.org\/{rel}","templated":true}]}}