{"id":487280,"date":"2014-02-09T19:24:28","date_gmt":"2014-02-09T20:24:28","guid":{"rendered":"http:\/\/www.eldigitaldeasturias.com\/noticias\/?p=487280"},"modified":"2014-02-09T19:24:28","modified_gmt":"2014-02-09T20:24:28","slug":"la-eurocamara-dice-que-alemania-no-atiende-suficientemente-a-desempleados-y-desfavorecidos","status":"publish","type":"post","link":"https:\/\/www.eldigitaldeasturias.com\/noticias\/la-eurocamara-dice-que-alemania-no-atiende-suficientemente-a-desempleados-y-desfavorecidos\/","title":{"rendered":"La Euroc\u00e1mara dice que Alemania no atiende suficientemente a desempleados y desfavorecidos"},"content":{"rendered":"<p><img loading=\"lazy\" decoding=\"async\" class=\"alignleft size-medium wp-image-487281\" alt=\"5925263w\" src=\"https:\/\/www.eldigitaldeasturias.com\/noticias\/wp-content\/uploads\/2014\/02\/5925263w-360x239.jpg\" width=\"360\" height=\"239\" \/>Berl\u00edn, 9 feb (EFE).- Alemania no est\u00e1 haciendo lo suficiente para atender a sus desempleados de larga duraci\u00f3n, mejorar las opciones educativas de grupos desfavorecidos y reducir los costes de su transformaci\u00f3n energ\u00e9tica, seg\u00fan el Parlamento Europeo (PE).<\/p>\n<p>As\u00ed queda patente en un documento del servicio cient\u00edfico de la Euroc\u00e1mara al que ha tenido acceso el semanario \u00abDer Spiegel\u00bb, que en su \u00faltimo n\u00famero -difundido hoy- destaca que en estos tres asuntos el PE considera que Berl\u00edn ha realizado un \u00abprogreso insuficiente\u00bb.<\/p>\n<p>El informe, de 66 p\u00e1ginas, pretende revisar los avances de los pa\u00edses de la Uni\u00f3n Europea (UE) con respecto a las recomendaciones que la Comisi\u00f3n Europea (CE) formul\u00f3 a mediados del a\u00f1o pasado con especificaciones para cada pa\u00eds y Alemania queda como uno de los miembros que menos reformas ha introducido.<\/p>\n<p>La publicaci\u00f3n apunta que los pa\u00edses a los que la CE les recrimin\u00f3 su elevado d\u00e9ficit p\u00fablico han sido calificados sensiblemente mejor que Alemania por sus esfuerzos a nivel presupuestario.<\/p>\n<p>De Francia, por ejemplo, el informe afirma que ha realizado \u00abprogresos esenciales\u00bb en la mejora de su sistema fiscal y aplaude la consolidaci\u00f3n fiscal emprendida por Italia.<\/p>\n<p>El documento del PE no estudia a los pa\u00edses recatados, apunta la revista alemana.<\/p>\n","protected":false},"excerpt":{"rendered":"<p>Berl\u00edn, 9 feb (EFE).- Alemania no est\u00e1 haciendo lo suficiente para atender a sus desempleados de larga duraci\u00f3n, mejorar las opciones educativas de grupos desfavorecidos y reducir los costes de su transformaci\u00f3n energ\u00e9tica, seg\u00fan el Parlamento Europeo (PE). As\u00ed queda patente en un documento del servicio cient\u00edfico de la Euroc\u00e1mara al que ha tenido acceso [&hellip;]<\/p>\n","protected":false},"author":1,"featured_media":487281,"comment_status":"open","ping_status":"open","sticky":false,"template":"","format":"standard","meta":{"footnotes":""},"categories":[1],"tags":[],"class_list":["post-487280","post","type-post","status-publish","format-standard","has-post-thumbnail","hentry","category-actualidad"],"aioseo_notices":[],"aioseo_head":"\n\t\t<!-- All in One SEO Pro 5.0.1 - aioseo.com -->\n\t<meta name=\"description\" content=\"Berl\u00edn, 9 feb (EFE).- Alemania no est\u00e1 haciendo lo suficiente para atender a sus desempleados de larga duraci\u00f3n, mejorar las opciones educativas de grupos desfavorecidos y reducir los costes de su transformaci\u00f3n energ\u00e9tica, seg\u00fan el Parlamento Europeo (PE). As\u00ed queda patente en un documento del servicio cient\u00edfico de la Euroc\u00e1mara al que ha tenido acceso\" \/>\n\t<meta name=\"robots\" content=\"max-image-preview:large\" \/>\n\t<meta name=\"author\" content=\"El Digital de Asturias\"\/>\n\t<meta name=\"google-site-verification\" content=\"UA-38556648-1\" \/>\n\t<meta name=\"msvalidate.01\" content=\"7dfe9f3f1b24437ab69f4f2559babe99\" \/>\n\t<meta name=\"keywords\" content=\"actualidad\" \/>\n\t<link rel=\"canonical\" href=\"https:\/\/www.eldigitaldeasturias.com\/noticias\/la-eurocamara-dice-que-alemania-no-atiende-suficientemente-a-desempleados-y-desfavorecidos\/\" \/>\n\t<meta name=\"generator\" content=\"All in One SEO Pro (AIOSEO) 5.0.1\" \/>\n\t\t<meta property=\"og:locale\" content=\"es_ES\" \/>\n\t\t<meta property=\"og:site_name\" content=\"El Digital de Asturias\" \/>\n\t\t<meta property=\"og:type\" content=\"article\" \/>\n\t\t<meta property=\"og:title\" content=\"La Euroc\u00e1mara dice que Alemania no atiende suficientemente a desempleados y desfavorecidos - El Digital de Asturias\" \/>\n\t\t<meta property=\"og:description\" content=\"Berl\u00edn, 9 feb (EFE).- Alemania no est\u00e1 haciendo lo suficiente para atender a sus desempleados de larga duraci\u00f3n, mejorar las opciones educativas de grupos desfavorecidos y reducir los costes de su transformaci\u00f3n energ\u00e9tica, seg\u00fan el Parlamento Europeo (PE). As\u00ed queda patente en un documento del servicio cient\u00edfico de la Euroc\u00e1mara al que ha tenido acceso\" \/>\n\t\t<meta property=\"og:url\" content=\"https:\/\/www.eldigitaldeasturias.com\/noticias\/la-eurocamara-dice-que-alemania-no-atiende-suficientemente-a-desempleados-y-desfavorecidos\/\" \/>\n\t\t<meta property=\"article:tag\" content=\"actualidad\" \/>\n\t\t<meta property=\"article:published_time\" content=\"2014-02-09T20:24:28+00:00\" \/>\n\t\t<meta property=\"article:modified_time\" content=\"2014-02-09T20:24:28+00:00\" \/>\n\t\t<meta property=\"article:publisher\" content=\"https:\/\/facebook.com\/eldigitaldeasturias\" \/>\n\t\t<meta name=\"twitter:card\" content=\"summary_large_image\" \/>\n\t\t<meta name=\"twitter:title\" content=\"La Euroc\u00e1mara dice que Alemania no atiende suficientemente a desempleados y desfavorecidos - El Digital de Asturias\" \/>\n\t\t<meta name=\"twitter:description\" content=\"Berl\u00edn, 9 feb (EFE).- Alemania no est\u00e1 haciendo lo suficiente para atender a sus desempleados de larga duraci\u00f3n, mejorar las opciones educativas de grupos desfavorecidos y reducir los costes de su transformaci\u00f3n energ\u00e9tica, seg\u00fan el Parlamento Europeo (PE). As\u00ed queda patente en un documento del servicio cient\u00edfico de la Euroc\u00e1mara al que ha tenido acceso\" \/>\n\t\t<meta name=\"twitter:label1\" content=\"Escrito por\" \/>\n\t\t<meta name=\"twitter:data1\" content=\"El Digital de Asturias\" \/>\n\t\t<meta name=\"twitter:label2\" content=\"Tiempo de lectura estimado\" \/>\n\t\t<meta name=\"twitter:data2\" content=\"1 minuto\" \/>\n\t\t<script type=\"application\/ld+json\" class=\"aioseo-schema\">\n\t\t\t{\"@context\":\"https:\\\/\\\/schema.org\",\"@graph\":[{\"@type\":\"BlogPosting\",\"@id\":\"https:\\\/\\\/www.eldigitaldeasturias.com\\\/noticias\\\/la-eurocamara-dice-que-alemania-no-atiende-suficientemente-a-desempleados-y-desfavorecidos\\\/#blogposting\",\"name\":\"La Euroc\\u00e1mara dice que Alemania no atiende suficientemente a desempleados y desfavorecidos - El Digital de Asturias\",\"headline\":\"La Euroc\\u00e1mara dice que Alemania no atiende suficientemente a desempleados y desfavorecidos\",\"author\":{\"@id\":\"https:\\\/\\\/www.eldigitaldeasturias.com\\\/noticias\\\/author\\\/admin\\\/#author\"},\"publisher\":{\"@id\":\"https:\\\/\\\/www.eldigitaldeasturias.com\\\/noticias\\\/#organization\"},\"image\":{\"@type\":\"ImageObject\",\"url\":487281},\"datePublished\":\"2014-02-09T19:24:28+01:00\",\"dateModified\":\"2014-02-09T19:24:28+01:00\",\"inLanguage\":\"es-ES\",\"mainEntityOfPage\":{\"@id\":\"https:\\\/\\\/www.eldigitaldeasturias.com\\\/noticias\\\/la-eurocamara-dice-que-alemania-no-atiende-suficientemente-a-desempleados-y-desfavorecidos\\\/#webpage\"},\"isPartOf\":{\"@id\":\"https:\\\/\\\/www.eldigitaldeasturias.com\\\/noticias\\\/la-eurocamara-dice-que-alemania-no-atiende-suficientemente-a-desempleados-y-desfavorecidos\\\/#webpage\"},\"articleSection\":\"Actualidad\"},{\"@type\":\"BreadcrumbList\",\"@id\":\"https:\\\/\\\/www.eldigitaldeasturias.com\\\/noticias\\\/la-eurocamara-dice-que-alemania-no-atiende-suficientemente-a-desempleados-y-desfavorecidos\\\/#breadcrumblist\",\"itemListElement\":[{\"@type\":\"ListItem\",\"@id\":\"https:\\\/\\\/www.eldigitaldeasturias.com\\\/noticias#listItem\",\"position\":1,\"name\":\"Home\",\"item\":\"https:\\\/\\\/www.eldigitaldeasturias.com\\\/noticias\",\"nextItem\":{\"@type\":\"ListItem\",\"@id\":\"https:\\\/\\\/www.eldigitaldeasturias.com\\\/noticias\\\/category\\\/actualidad\\\/#listItem\",\"name\":\"Actualidad\"}},{\"@type\":\"ListItem\",\"@id\":\"https:\\\/\\\/www.eldigitaldeasturias.com\\\/noticias\\\/category\\\/actualidad\\\/#listItem\",\"position\":2,\"name\":\"Actualidad\",\"item\":\"https:\\\/\\\/www.eldigitaldeasturias.com\\\/noticias\\\/category\\\/actualidad\\\/\",\"nextItem\":{\"@type\":\"ListItem\",\"@id\":\"https:\\\/\\\/www.eldigitaldeasturias.com\\\/noticias\\\/la-eurocamara-dice-que-alemania-no-atiende-suficientemente-a-desempleados-y-desfavorecidos\\\/#listItem\",\"name\":\"La Euroc\\u00e1mara dice que Alemania no atiende suficientemente a desempleados y desfavorecidos\"},\"previousItem\":{\"@type\":\"ListItem\",\"@id\":\"https:\\\/\\\/www.eldigitaldeasturias.com\\\/noticias#listItem\",\"name\":\"Home\"}},{\"@type\":\"ListItem\",\"@id\":\"https:\\\/\\\/www.eldigitaldeasturias.com\\\/noticias\\\/la-eurocamara-dice-que-alemania-no-atiende-suficientemente-a-desempleados-y-desfavorecidos\\\/#listItem\",\"position\":3,\"name\":\"La Euroc\\u00e1mara dice que Alemania no atiende suficientemente a desempleados y desfavorecidos\",\"previousItem\":{\"@type\":\"ListItem\",\"@id\":\"https:\\\/\\\/www.eldigitaldeasturias.com\\\/noticias\\\/category\\\/actualidad\\\/#listItem\",\"name\":\"Actualidad\"}}]},{\"@type\":\"Organization\",\"@id\":\"https:\\\/\\\/www.eldigitaldeasturias.com\\\/noticias\\\/#organization\",\"name\":\"El Digital de Asturias\",\"description\":\"Hemeroteca\",\"url\":\"https:\\\/\\\/www.eldigitaldeasturias.com\\\/noticias\\\/\",\"email\":\"info@eldigitaldeasturias.com\",\"telephone\":\"+34652131393\",\"logo\":{\"@type\":\"ImageObject\",\"url\":\"https:\\\/\\\/www.eldigitaldeasturias.com\\\/noticias\\\/wp-content\\\/uploads\\\/2020\\\/12\\\/EDA.jpg\",\"@id\":\"https:\\\/\\\/www.eldigitaldeasturias.com\\\/noticias\\\/la-eurocamara-dice-que-alemania-no-atiende-suficientemente-a-desempleados-y-desfavorecidos\\\/#organizationLogo\"},\"image\":{\"@id\":\"https:\\\/\\\/www.eldigitaldeasturias.com\\\/noticias\\\/la-eurocamara-dice-que-alemania-no-atiende-suficientemente-a-desempleados-y-desfavorecidos\\\/#organizationLogo\"},\"sameAs\":[\"https:\\\/\\\/facebook.com\\\/eldigitaldeasturias\",\"https:\\\/\\\/www.youtube.com\\\/channel\\\/UCZP-2wLEB9Rv6erhFmqVnvg\"],\"address\":{\"@id\":\"https:\\\/\\\/www.eldigitaldeasturias.com\\\/noticias\\\/#postaladdress\",\"@type\":\"PostalAddress\",\"streetAddress\":\"san antonio 4\",\"postalCode\":\"33430\",\"addressLocality\":\"Cand\\u00e1s\",\"addressRegion\":\"Asturias\",\"addressCountry\":\"ES\"}},{\"@type\":\"Person\",\"@id\":\"https:\\\/\\\/www.eldigitaldeasturias.com\\\/noticias\\\/author\\\/admin\\\/#author\",\"url\":\"https:\\\/\\\/www.eldigitaldeasturias.com\\\/noticias\\\/author\\\/admin\\\/\",\"name\":\"El Digital de Asturias\",\"image\":{\"@type\":\"ImageObject\",\"@id\":\"https:\\\/\\\/www.eldigitaldeasturias.com\\\/noticias\\\/la-eurocamara-dice-que-alemania-no-atiende-suficientemente-a-desempleados-y-desfavorecidos\\\/#authorImage\",\"url\":\"https:\\\/\\\/secure.gravatar.com\\\/avatar\\\/df2aeffc32bcd13f8d26072ef8a91b623d677766deac7f97ca815868cd41bf5e?s=96&d=mm&r=g\",\"width\":96,\"height\":96,\"caption\":\"El Digital de Asturias\"}},{\"@type\":\"WebPage\",\"@id\":\"https:\\\/\\\/www.eldigitaldeasturias.com\\\/noticias\\\/la-eurocamara-dice-que-alemania-no-atiende-suficientemente-a-desempleados-y-desfavorecidos\\\/#webpage\",\"url\":\"https:\\\/\\\/www.eldigitaldeasturias.com\\\/noticias\\\/la-eurocamara-dice-que-alemania-no-atiende-suficientemente-a-desempleados-y-desfavorecidos\\\/\",\"name\":\"La Euroc\\u00e1mara dice que Alemania no atiende suficientemente a desempleados y desfavorecidos - El Digital de Asturias\",\"description\":\"Berl\\u00edn, 9 feb (EFE).- Alemania no est\\u00e1 haciendo lo suficiente para atender a sus desempleados de larga duraci\\u00f3n, mejorar las opciones educativas de grupos desfavorecidos y reducir los costes de su transformaci\\u00f3n energ\\u00e9tica, seg\\u00fan el Parlamento Europeo (PE). As\\u00ed queda patente en un documento del servicio cient\\u00edfico de la Euroc\\u00e1mara al que ha tenido acceso\",\"inLanguage\":\"es-ES\",\"isPartOf\":{\"@id\":\"https:\\\/\\\/www.eldigitaldeasturias.com\\\/noticias\\\/#website\"},\"breadcrumb\":{\"@id\":\"https:\\\/\\\/www.eldigitaldeasturias.com\\\/noticias\\\/la-eurocamara-dice-que-alemania-no-atiende-suficientemente-a-desempleados-y-desfavorecidos\\\/#breadcrumblist\"},\"author\":{\"@id\":\"https:\\\/\\\/www.eldigitaldeasturias.com\\\/noticias\\\/author\\\/admin\\\/#author\"},\"creator\":{\"@id\":\"https:\\\/\\\/www.eldigitaldeasturias.com\\\/noticias\\\/author\\\/admin\\\/#author\"},\"image\":{\"@type\":\"ImageObject\",\"url\":487281,\"@id\":\"https:\\\/\\\/www.eldigitaldeasturias.com\\\/noticias\\\/la-eurocamara-dice-que-alemania-no-atiende-suficientemente-a-desempleados-y-desfavorecidos\\\/#mainImage\"},\"primaryImageOfPage\":{\"@id\":\"https:\\\/\\\/www.eldigitaldeasturias.com\\\/noticias\\\/la-eurocamara-dice-que-alemania-no-atiende-suficientemente-a-desempleados-y-desfavorecidos\\\/#mainImage\"},\"datePublished\":\"2014-02-09T19:24:28+01:00\",\"dateModified\":\"2014-02-09T19:24:28+01:00\"},{\"@type\":\"WebSite\",\"@id\":\"https:\\\/\\\/www.eldigitaldeasturias.com\\\/noticias\\\/#website\",\"url\":\"https:\\\/\\\/www.eldigitaldeasturias.com\\\/noticias\\\/\",\"name\":\"El Digital de Asturias - Diario de actualidad y noticias\",\"alternateName\":\"El Digital de Asturias - Diario de actualidad y noticias\",\"description\":\"Hemeroteca\",\"inLanguage\":\"es-ES\",\"publisher\":{\"@id\":\"https:\\\/\\\/www.eldigitaldeasturias.com\\\/noticias\\\/#organization\"}}]}\n\t\t<\/script>\n\t\t<!-- All in One SEO Pro -->\r\n\t\t<title>La Euroc\u00e1mara dice que Alemania no atiende suficientemente a desempleados y desfavorecidos - El Digital de Asturias<\/title>\n\n","aioseo_head_json":{"title":"La Euroc\u00e1mara dice que Alemania no atiende suficientemente a desempleados y desfavorecidos - El Digital de Asturias","description":"Berl\u00edn, 9 feb (EFE).- Alemania no est\u00e1 haciendo lo suficiente para atender a sus desempleados de larga duraci\u00f3n, mejorar las opciones educativas de grupos desfavorecidos y reducir los costes de su transformaci\u00f3n energ\u00e9tica, seg\u00fan el Parlamento Europeo (PE). As\u00ed queda patente en un documento del servicio cient\u00edfico de la Euroc\u00e1mara al que ha tenido acceso","canonical_url":"https:\/\/www.eldigitaldeasturias.com\/noticias\/la-eurocamara-dice-que-alemania-no-atiende-suficientemente-a-desempleados-y-desfavorecidos\/","robots":"max-image-preview:large","keywords":"actualidad","webmasterTools":{"google-site-verification":"UA-38556648-1","msvalidate.01":"7dfe9f3f1b24437ab69f4f2559babe99","miscellaneous":""},"schema":{"@context":"https:\/\/schema.org","@graph":[{"@type":"BlogPosting","@id":"https:\/\/www.eldigitaldeasturias.com\/noticias\/la-eurocamara-dice-que-alemania-no-atiende-suficientemente-a-desempleados-y-desfavorecidos\/#blogposting","name":"La Euroc\u00e1mara dice que Alemania no atiende suficientemente a desempleados y desfavorecidos - El Digital de Asturias","headline":"La Euroc\u00e1mara dice que Alemania no atiende suficientemente a desempleados y desfavorecidos","author":{"@id":"https:\/\/www.eldigitaldeasturias.com\/noticias\/author\/admin\/#author"},"publisher":{"@id":"https:\/\/www.eldigitaldeasturias.com\/noticias\/#organization"},"image":{"@type":"ImageObject","url":487281},"datePublished":"2014-02-09T19:24:28+01:00","dateModified":"2014-02-09T19:24:28+01:00","inLanguage":"es-ES","mainEntityOfPage":{"@id":"https:\/\/www.eldigitaldeasturias.com\/noticias\/la-eurocamara-dice-que-alemania-no-atiende-suficientemente-a-desempleados-y-desfavorecidos\/#webpage"},"isPartOf":{"@id":"https:\/\/www.eldigitaldeasturias.com\/noticias\/la-eurocamara-dice-que-alemania-no-atiende-suficientemente-a-desempleados-y-desfavorecidos\/#webpage"},"articleSection":"Actualidad"},{"@type":"BreadcrumbList","@id":"https:\/\/www.eldigitaldeasturias.com\/noticias\/la-eurocamara-dice-que-alemania-no-atiende-suficientemente-a-desempleados-y-desfavorecidos\/#breadcrumblist","itemListElement":[{"@type":"ListItem","@id":"https:\/\/www.eldigitaldeasturias.com\/noticias#listItem","position":1,"name":"Home","item":"https:\/\/www.eldigitaldeasturias.com\/noticias","nextItem":{"@type":"ListItem","@id":"https:\/\/www.eldigitaldeasturias.com\/noticias\/category\/actualidad\/#listItem","name":"Actualidad"}},{"@type":"ListItem","@id":"https:\/\/www.eldigitaldeasturias.com\/noticias\/category\/actualidad\/#listItem","position":2,"name":"Actualidad","item":"https:\/\/www.eldigitaldeasturias.com\/noticias\/category\/actualidad\/","nextItem":{"@type":"ListItem","@id":"https:\/\/www.eldigitaldeasturias.com\/noticias\/la-eurocamara-dice-que-alemania-no-atiende-suficientemente-a-desempleados-y-desfavorecidos\/#listItem","name":"La Euroc\u00e1mara dice que Alemania no atiende suficientemente a desempleados y desfavorecidos"},"previousItem":{"@type":"ListItem","@id":"https:\/\/www.eldigitaldeasturias.com\/noticias#listItem","name":"Home"}},{"@type":"ListItem","@id":"https:\/\/www.eldigitaldeasturias.com\/noticias\/la-eurocamara-dice-que-alemania-no-atiende-suficientemente-a-desempleados-y-desfavorecidos\/#listItem","position":3,"name":"La Euroc\u00e1mara dice que Alemania no atiende suficientemente a desempleados y desfavorecidos","previousItem":{"@type":"ListItem","@id":"https:\/\/www.eldigitaldeasturias.com\/noticias\/category\/actualidad\/#listItem","name":"Actualidad"}}]},{"@type":"Organization","@id":"https:\/\/www.eldigitaldeasturias.com\/noticias\/#organization","name":"El Digital de Asturias","description":"Hemeroteca","url":"https:\/\/www.eldigitaldeasturias.com\/noticias\/","email":"info@eldigitaldeasturias.com","telephone":"+34652131393","logo":{"@type":"ImageObject","url":"https:\/\/www.eldigitaldeasturias.com\/noticias\/wp-content\/uploads\/2020\/12\/EDA.jpg","@id":"https:\/\/www.eldigitaldeasturias.com\/noticias\/la-eurocamara-dice-que-alemania-no-atiende-suficientemente-a-desempleados-y-desfavorecidos\/#organizationLogo"},"image":{"@id":"https:\/\/www.eldigitaldeasturias.com\/noticias\/la-eurocamara-dice-que-alemania-no-atiende-suficientemente-a-desempleados-y-desfavorecidos\/#organizationLogo"},"sameAs":["https:\/\/facebook.com\/eldigitaldeasturias","https:\/\/www.youtube.com\/channel\/UCZP-2wLEB9Rv6erhFmqVnvg"],"address":{"@id":"https:\/\/www.eldigitaldeasturias.com\/noticias\/#postaladdress","@type":"PostalAddress","streetAddress":"san antonio 4","postalCode":"33430","addressLocality":"Cand\u00e1s","addressRegion":"Asturias","addressCountry":"ES"}},{"@type":"Person","@id":"https:\/\/www.eldigitaldeasturias.com\/noticias\/author\/admin\/#author","url":"https:\/\/www.eldigitaldeasturias.com\/noticias\/author\/admin\/","name":"El Digital de Asturias","image":{"@type":"ImageObject","@id":"https:\/\/www.eldigitaldeasturias.com\/noticias\/la-eurocamara-dice-que-alemania-no-atiende-suficientemente-a-desempleados-y-desfavorecidos\/#authorImage","url":"https:\/\/secure.gravatar.com\/avatar\/df2aeffc32bcd13f8d26072ef8a91b623d677766deac7f97ca815868cd41bf5e?s=96&d=mm&r=g","width":96,"height":96,"caption":"El Digital de Asturias"}},{"@type":"WebPage","@id":"https:\/\/www.eldigitaldeasturias.com\/noticias\/la-eurocamara-dice-que-alemania-no-atiende-suficientemente-a-desempleados-y-desfavorecidos\/#webpage","url":"https:\/\/www.eldigitaldeasturias.com\/noticias\/la-eurocamara-dice-que-alemania-no-atiende-suficientemente-a-desempleados-y-desfavorecidos\/","name":"La Euroc\u00e1mara dice que Alemania no atiende suficientemente a desempleados y desfavorecidos - El Digital de Asturias","description":"Berl\u00edn, 9 feb (EFE).- Alemania no est\u00e1 haciendo lo suficiente para atender a sus desempleados de larga duraci\u00f3n, mejorar las opciones educativas de grupos desfavorecidos y reducir los costes de su transformaci\u00f3n energ\u00e9tica, seg\u00fan el Parlamento Europeo (PE). As\u00ed queda patente en un documento del servicio cient\u00edfico de la Euroc\u00e1mara al que ha tenido acceso","inLanguage":"es-ES","isPartOf":{"@id":"https:\/\/www.eldigitaldeasturias.com\/noticias\/#website"},"breadcrumb":{"@id":"https:\/\/www.eldigitaldeasturias.com\/noticias\/la-eurocamara-dice-que-alemania-no-atiende-suficientemente-a-desempleados-y-desfavorecidos\/#breadcrumblist"},"author":{"@id":"https:\/\/www.eldigitaldeasturias.com\/noticias\/author\/admin\/#author"},"creator":{"@id":"https:\/\/www.eldigitaldeasturias.com\/noticias\/author\/admin\/#author"},"image":{"@type":"ImageObject","url":487281,"@id":"https:\/\/www.eldigitaldeasturias.com\/noticias\/la-eurocamara-dice-que-alemania-no-atiende-suficientemente-a-desempleados-y-desfavorecidos\/#mainImage"},"primaryImageOfPage":{"@id":"https:\/\/www.eldigitaldeasturias.com\/noticias\/la-eurocamara-dice-que-alemania-no-atiende-suficientemente-a-desempleados-y-desfavorecidos\/#mainImage"},"datePublished":"2014-02-09T19:24:28+01:00","dateModified":"2014-02-09T19:24:28+01:00"},{"@type":"WebSite","@id":"https:\/\/www.eldigitaldeasturias.com\/noticias\/#website","url":"https:\/\/www.eldigitaldeasturias.com\/noticias\/","name":"El Digital de Asturias - Diario de actualidad y noticias","alternateName":"El Digital de Asturias - Diario de actualidad y noticias","description":"Hemeroteca","inLanguage":"es-ES","publisher":{"@id":"https:\/\/www.eldigitaldeasturias.com\/noticias\/#organization"}}]},"og:locale":"es_ES","og:site_name":"El Digital de Asturias","og:type":"article","og:title":"La Euroc\u00e1mara dice que Alemania no atiende suficientemente a desempleados y desfavorecidos - El Digital de Asturias","og:description":"Berl\u00edn, 9 feb (EFE).- Alemania no est\u00e1 haciendo lo suficiente para atender a sus desempleados de larga duraci\u00f3n, mejorar las opciones educativas de grupos desfavorecidos y reducir los costes de su transformaci\u00f3n energ\u00e9tica, seg\u00fan el Parlamento Europeo (PE). As\u00ed queda patente en un documento del servicio cient\u00edfico de la Euroc\u00e1mara al que ha tenido acceso","og:url":"https:\/\/www.eldigitaldeasturias.com\/noticias\/la-eurocamara-dice-que-alemania-no-atiende-suficientemente-a-desempleados-y-desfavorecidos\/","article:tag":["actualidad"],"article:published_time":"2014-02-09T20:24:28+00:00","article:modified_time":"2014-02-09T20:24:28+00:00","article:publisher":"https:\/\/facebook.com\/eldigitaldeasturias","twitter:card":"summary_large_image","twitter:title":"La Euroc\u00e1mara dice que Alemania no atiende suficientemente a desempleados y desfavorecidos - El Digital de Asturias","twitter:description":"Berl\u00edn, 9 feb (EFE).- Alemania no est\u00e1 haciendo lo suficiente para atender a sus desempleados de larga duraci\u00f3n, mejorar las opciones educativas de grupos desfavorecidos y reducir los costes de su transformaci\u00f3n energ\u00e9tica, seg\u00fan el Parlamento Europeo (PE). As\u00ed queda patente en un documento del servicio cient\u00edfico de la Euroc\u00e1mara al que ha tenido acceso","twitter:label1":"Escrito por","twitter:data1":"El Digital de Asturias","twitter:label2":"Tiempo de lectura estimado","twitter:data2":"1 minuto"},"aioseo_meta_data":{"post_id":"487280","title":null,"description":null,"keywords":null,"keyphrases":null,"primary_term":null,"canonical_url":null,"og_title":null,"og_description":null,"og_object_type":"default","og_image_type":"default","og_image_url":null,"og_image_width":null,"og_image_height":null,"og_image_custom_url":null,"og_image_custom_fields":null,"og_video":null,"og_custom_url":null,"og_article_section":null,"og_article_tags":null,"twitter_use_og":true,"twitter_card":"default","twitter_image_type":"default","twitter_image_url":null,"twitter_image_custom_url":null,"twitter_image_custom_fields":null,"twitter_title":null,"twitter_description":null,"schema":{"blockGraphs":[],"customGraphs":[],"default":{"data":{"Article":[],"Course":[],"Dataset":[],"FAQPage":[],"Movie":[],"Person":[],"Product":[],"ProductReview":[],"Car":[],"Recipe":[],"Service":[],"SoftwareApplication":[],"WebPage":[]},"graphName":"","isEnabled":true},"graphs":[],"defaultGraph":"","defaultPostTypeGraph":""},"schema_type":null,"schema_type_options":null,"pillar_content":false,"robots_default":true,"robots_noindex":false,"robots_noarchive":false,"robots_nosnippet":false,"robots_nofollow":false,"robots_noimageindex":false,"robots_noodp":false,"robots_notranslate":false,"robots_max_snippet":null,"robots_max_videopreview":null,"robots_max_imagepreview":"none","priority":null,"frequency":null,"local_seo":null,"seo_analyzer_scan_date":"2026-06-03 04:14:33","breadcrumb_settings":null,"limit_modified_date":false,"open_ai":null,"ai":null,"created":"2020-11-14 22:56:21","updated":"2026-06-03 04:14:33","focus_keyword":null,"additional_keywords":null,"truseo_locale":null},"aioseo_breadcrumb":"<div class=\"aioseo-breadcrumbs\"><span class=\"aioseo-breadcrumb\">\n\t<a href=\"https:\/\/www.eldigitaldeasturias.com\/noticias\" title=\"Home\">Home<\/a>\n<\/span><span class=\"aioseo-breadcrumb-separator\">\u2013<\/span><span class=\"aioseo-breadcrumb\">\n\t<a href=\"https:\/\/www.eldigitaldeasturias.com\/noticias\/category\/actualidad\/\" title=\"Actualidad\">Actualidad<\/a>\n<\/span><span class=\"aioseo-breadcrumb-separator\">\u2013<\/span><span class=\"aioseo-breadcrumb\">\n\t<a href=\"https:\/\/www.eldigitaldeasturias.com\/noticias\/la-eurocamara-dice-que-alemania-no-atiende-suficientemente-a-desempleados-y-desfavorecidos\/\" title=\"La Euroc\u00e1mara dice que Alemania no atiende suficientemente a desempleados y desfavorecidos\">La Euroc\u00e1mara dice que Alemania no atiende suficientemente a desempleados y desfavorecidos<\/a>\n<\/span><\/div>","aioseo_breadcrumb_json":[{"label":"Home","link":"https:\/\/www.eldigitaldeasturias.com\/noticias"},{"label":"Actualidad","link":"https:\/\/www.eldigitaldeasturias.com\/noticias\/category\/actualidad\/"},{"label":"La Euroc\u00e1mara dice que Alemania no atiende suficientemente a desempleados y desfavorecidos","link":"https:\/\/www.eldigitaldeasturias.com\/noticias\/la-eurocamara-dice-que-alemania-no-atiende-suficientemente-a-desempleados-y-desfavorecidos\/"}],"_links":{"self":[{"href":"https:\/\/www.eldigitaldeasturias.com\/noticias\/wp-json\/wp\/v2\/posts\/487280","targetHints":{"allow":["GET"]}}],"collection":[{"href":"https:\/\/www.eldigitaldeasturias.com\/noticias\/wp-json\/wp\/v2\/posts"}],"about":[{"href":"https:\/\/www.eldigitaldeasturias.com\/noticias\/wp-json\/wp\/v2\/types\/post"}],"author":[{"embeddable":true,"href":"https:\/\/www.eldigitaldeasturias.com\/noticias\/wp-json\/wp\/v2\/users\/1"}],"replies":[{"embeddable":true,"href":"https:\/\/www.eldigitaldeasturias.com\/noticias\/wp-json\/wp\/v2\/comments?post=487280"}],"version-history":[{"count":0,"href":"https:\/\/www.eldigitaldeasturias.com\/noticias\/wp-json\/wp\/v2\/posts\/487280\/revisions"}],"wp:attachment":[{"href":"https:\/\/www.eldigitaldeasturias.com\/noticias\/wp-json\/wp\/v2\/media?parent=487280"}],"wp:term":[{"taxonomy":"category","embeddable":true,"href":"https:\/\/www.eldigitaldeasturias.com\/noticias\/wp-json\/wp\/v2\/categories?post=487280"},{"taxonomy":"post_tag","embeddable":true,"href":"https:\/\/www.eldigitaldeasturias.com\/noticias\/wp-json\/wp\/v2\/tags?post=487280"}],"curies":[{"name":"wp","href":"https:\/\/api.w.org\/{rel}","templated":true}]}}