{"id":487253,"date":"2014-02-09T19:10:51","date_gmt":"2014-02-09T20:10:51","guid":{"rendered":"http:\/\/www.eldigitaldeasturias.com\/noticias\/?p=487253"},"modified":"2014-02-09T19:10:51","modified_gmt":"2014-02-09T20:10:51","slug":"matthias-mayer-gana-para-austria-la-prueba-reina-del-esqui","status":"publish","type":"post","link":"https:\/\/www.eldigitaldeasturias.com\/noticias\/matthias-mayer-gana-para-austria-la-prueba-reina-del-esqui\/","title":{"rendered":"Matthias Mayer gana para Austria la prueba reina del esqu\u00ed"},"content":{"rendered":"<p><img loading=\"lazy\" decoding=\"async\" class=\"alignleft size-medium wp-image-487254\" alt=\"5925170w\" src=\"https:\/\/www.eldigitaldeasturias.com\/noticias\/wp-content\/uploads\/2014\/02\/5925170w1-360x221.jpg\" width=\"360\" height=\"221\" \/>Madrid, 9 feb (EFE).- Matthias Mayer protagoniz\u00f3 la primera gran sorpresa de los Juegos Ol\u00edmpicos de Sochi (Rusia) al capturar el primer oro para Austria, en el descenso, la prueba reina del esqu\u00ed alpino, disputada hoy, domingo, en la exigente pista de Kr\u00e1snaya Poliana.<\/p>\n<p>Mayer, nacido hace 23 a\u00f1os en Carintia, que hasta la fecha ten\u00eda como mejores resultados dos segundos puestos en la Copa del Mundo -en los supergigantes de Lake Louise (Canad\u00e1) y Kitzb\u00fchel (Austria)- logr\u00f3 hoy el triunfo de su vida.<\/p>\n<p>El austriaco gobern\u00f3 con maestr\u00eda la muy t\u00e9cnica parte alta del trazado y solvent\u00f3 de forma impecable los dos largos saltos -el &#8216;Russian Trampoline&#8217; (trampol\u00edn ruso) y el &#8216;Lake Jump&#8217; (salto del lago)- de la pista cauc\u00e1sica, de 3.495 metros, con salida a 2.045 y un desnivel de 1.075.<\/p>\n<p>Que cubri\u00f3 en un tiempo vencedor de dos minutos, seis segundos y 23 cent\u00e9simas, seis menos que el italiano Christoph Innerhofer -campe\u00f3n del mundo de &#8216;s\u00faper&#8217; en Garmisch-Partenkirchen (Alemania), hace tres a\u00f1os-, que, nacido en el Alto Adigio hace 29 a\u00f1os, tambi\u00e9n se mostr\u00f3 exultante al ganar la plata.<\/p>\n<p>En una prueba en la que el bronce fue para el noruego Kjetil Jansrud, otro valor seguro del potente equipo n\u00f3rdico, que, sin destacar en exceso en el circo blanco, nunca puede ser descartado y hoy captur\u00f3 su segunda medalla en unos Juegos, despu\u00e9s de la plata que se colg\u00f3 al pecho en el gigante de Vancouver.<\/p>\n<p>Tres medallistas merecidos que no por ello dejaron de erigirse en sorprendentes protagonistas de una jornada llamada a ser, sobre el papel, un duelo entre el genial Bode Miller -que con 36 a\u00f1os aspiraba al oro, despu\u00e9s de haber brillado en los entrenamientos- y el no menos espectacular Aksel Lund Svindal.<\/p>\n<p>El estadounidense, cu\u00e1druple campe\u00f3n mundial, doble ganador de la Copa del Mundo y qu\u00edntuple medallista ol\u00edmpico -en Whistler Mountain, hace cuatro a\u00f1os, captur\u00f3 una de cada metal-, que baj\u00f3 con el dorsal 15, marc\u00f3 en ese momento el sexto mejor parcial -que no desbancaba a ninguno de los tres primeros, ya en meta- y acab\u00f3 en un ins\u00edpido octavo puesto.<\/p>\n<p>El noruego, que baj\u00f3 tres puestos detr\u00e1s, tampoco baj\u00f3 a ninguno de los medallistas del podio. Svindal -con un palmar\u00e9s muy similar al de Miller- se tuvo que conformar con el siempre desagradecido cuarto puesto, a 32 cent\u00e9simas de Mayer. Que, si bien no hab\u00eda ganado nada grande hasta hoy, portaba genes ol\u00edmpicos en la sangre: su padre, Helmut, fue medallista de plata en los Juegos de Calgary&#8217;88 (en Canad\u00e1). En el supergigante.<\/p>\n<p>Para el que Matthias a\u00fan se reserva otra bala en Sochi. Fue en esta disciplina en la que el austriaco comenz\u00f3 a destacar, al lograr plata en el mundial j\u00fanior de disputado hace seis a\u00f1os en la estaci\u00f3n espa\u00f1ola de Formigal (Huesca). Y es el &#8216;s\u00faper&#8217; la modalidad en la que ha logrado sus dos \u00fanicos podios en Copa del Mundo.<\/p>\n<p>Hoy gan\u00f3 en la disciplina reina, el descenso, en la que la se\u00f1al de alarma luc\u00eda de forma intermitente, en color naranja, en el cuartel austriaco. La potencia hist\u00f3rica del deporte rey invernal s\u00f3lo hab\u00eda festejado un triunfo en a\u00f1o y medio en un descenso: el de Hannes Reichelt -ausente en Sochi, por lesi\u00f3n- hace un mes, en Kitzb\u00fchel. Ante su p\u00fablico.<\/p>\n<p>Hoy Mayer se inscribi\u00f3 por derecho propio en la historia del deporte austriaco y volvi\u00f3 a ganar para su pa\u00eds un oro en la prueba reina. Lo hab\u00eda conseguido por \u00faltima vez, en 2002, Fritz Strobl, en Snowbasin (Utah), en los Juegos de Salt Lake City (EEUU).<\/p>\n<p>Matthias prolong\u00f3, no obstante, la lista de campeones ol\u00edmpicos que protagonizan sorpresas en un descenso. El \u00faltimo favorito claro -exceptuando al gran Pirmin Zurbriggen, que gan\u00f3 para Suiza el de Calgary, en 1988- en llevarse a casa el oro fue Franz Klammer, que se convirti\u00f3 en h\u00e9roe nacional en 1976, cuando se impuso en el Bergisel de Innsbruck, en los segundos Juegos que organiz\u00f3 Austria.<\/p>\n<p>Desde entonces, en 1980 gan\u00f3, en Lake Placid (EEUU) su compatriota Leonhard Stock, cuatro a\u00f1os antes de que Bill Johnson sorprendiera al mundo entero convirti\u00e9ndose en el primer campe\u00f3n estadounidense de esta disciplina. Otro austriaco, Patrick Ortlieb, supo seleccionar perfectamente sus escasas victorias. Ganador en Kitzb\u00fchel -el descenso m\u00e1s prestigioso del circuito- y campe\u00f3n del mundo en la estaci\u00f3n espa\u00f1ola de Sierra Nevada (Granada), en 1996, cuatro a\u00f1os antes hab\u00eda sido oro en los Juegos de Albertville (Francia).<\/p>\n<p>En Lillehammer&#8217;94 (Noruega), la victoria de Tommy Moe en Kvitfjell fue casi tan sorprendente como la de su compatriota Johnson diez a\u00f1os antes en Sarajevo. Y en Nagano&#8217;98 (Jap\u00f3n), cuando todos esperaban el oro del austriaco Hermann Maier, en Hakuba \u00abHerminator\u00bb vol\u00f3 por los aires. Gan\u00f3 el franc\u00e9s Jean-Luc Cretier.<\/p>\n<p>Su compatriota Antoine Deneriaz tambi\u00e9n sorprendi\u00f3 en Sestriere, en los Juegos de Tur\u00edn (Italia), hace ocho a\u00f1os; y muy pocos hubieran apostado fuerte por el suizo Didier Defago en Vancouver, hace cuatro. Hoy Mayer entr\u00f3 en la lista de triunfos inesperados. Pero alcanz\u00f3 la gloria: Austria vitorea a su nuevo campe\u00f3n.<\/p>\n<p>Adrian R. Huber<\/p>\n<p>&nbsp;<\/p>\n","protected":false},"excerpt":{"rendered":"<p>Madrid, 9 feb (EFE).- Matthias Mayer protagoniz\u00f3 la primera gran sorpresa de los Juegos Ol\u00edmpicos de Sochi (Rusia) al capturar el primer oro para Austria, en el descenso, la prueba reina del esqu\u00ed alpino, disputada hoy, domingo, en la exigente pista de Kr\u00e1snaya Poliana. Mayer, nacido hace 23 a\u00f1os en Carintia, que hasta la fecha [&hellip;]<\/p>\n","protected":false},"author":1,"featured_media":487254,"comment_status":"open","ping_status":"open","sticky":false,"template":"","format":"standard","meta":{"footnotes":""},"categories":[1],"tags":[],"class_list":["post-487253","post","type-post","status-publish","format-standard","has-post-thumbnail","hentry","category-actualidad"],"aioseo_notices":[],"aioseo_head":"\n\t\t<!-- All in One SEO Pro 5.0.1 - aioseo.com -->\n\t<meta name=\"description\" content=\"Madrid, 9 feb (EFE).- Matthias Mayer protagoniz\u00f3 la primera gran sorpresa de los Juegos Ol\u00edmpicos de Sochi (Rusia) al capturar el primer oro para Austria, en el descenso, la prueba reina del esqu\u00ed alpino, disputada hoy, domingo, en la exigente pista de Kr\u00e1snaya Poliana. Mayer, nacido hace 23 a\u00f1os en Carintia, que hasta la fecha\" \/>\n\t<meta name=\"robots\" content=\"max-image-preview:large\" \/>\n\t<meta name=\"author\" content=\"El Digital de Asturias\"\/>\n\t<meta name=\"google-site-verification\" content=\"UA-38556648-1\" \/>\n\t<meta name=\"msvalidate.01\" content=\"7dfe9f3f1b24437ab69f4f2559babe99\" \/>\n\t<meta name=\"keywords\" content=\"actualidad\" \/>\n\t<link rel=\"canonical\" href=\"https:\/\/www.eldigitaldeasturias.com\/noticias\/matthias-mayer-gana-para-austria-la-prueba-reina-del-esqui\/\" \/>\n\t<meta name=\"generator\" content=\"All in One SEO Pro (AIOSEO) 5.0.1\" \/>\n\t\t<meta property=\"og:locale\" content=\"es_ES\" \/>\n\t\t<meta property=\"og:site_name\" content=\"El Digital de Asturias\" \/>\n\t\t<meta property=\"og:type\" content=\"article\" \/>\n\t\t<meta property=\"og:title\" content=\"Matthias Mayer gana para Austria la prueba reina del esqu\u00ed - El Digital de Asturias\" \/>\n\t\t<meta property=\"og:description\" content=\"Madrid, 9 feb (EFE).- Matthias Mayer protagoniz\u00f3 la primera gran sorpresa de los Juegos Ol\u00edmpicos de Sochi (Rusia) al capturar el primer oro para Austria, en el descenso, la prueba reina del esqu\u00ed alpino, disputada hoy, domingo, en la exigente pista de Kr\u00e1snaya Poliana. Mayer, nacido hace 23 a\u00f1os en Carintia, que hasta la fecha\" \/>\n\t\t<meta property=\"og:url\" content=\"https:\/\/www.eldigitaldeasturias.com\/noticias\/matthias-mayer-gana-para-austria-la-prueba-reina-del-esqui\/\" \/>\n\t\t<meta property=\"article:tag\" content=\"actualidad\" \/>\n\t\t<meta property=\"article:published_time\" content=\"2014-02-09T20:10:51+00:00\" \/>\n\t\t<meta property=\"article:modified_time\" content=\"2014-02-09T20:10:51+00:00\" \/>\n\t\t<meta property=\"article:publisher\" content=\"https:\/\/facebook.com\/eldigitaldeasturias\" \/>\n\t\t<meta name=\"twitter:card\" content=\"summary_large_image\" \/>\n\t\t<meta name=\"twitter:title\" content=\"Matthias Mayer gana para Austria la prueba reina del esqu\u00ed - El Digital de Asturias\" \/>\n\t\t<meta name=\"twitter:description\" content=\"Madrid, 9 feb (EFE).- Matthias Mayer protagoniz\u00f3 la primera gran sorpresa de los Juegos Ol\u00edmpicos de Sochi (Rusia) al capturar el primer oro para Austria, en el descenso, la prueba reina del esqu\u00ed alpino, disputada hoy, domingo, en la exigente pista de Kr\u00e1snaya Poliana. Mayer, nacido hace 23 a\u00f1os en Carintia, que hasta la fecha\" \/>\n\t\t<meta name=\"twitter:label1\" content=\"Escrito por\" \/>\n\t\t<meta name=\"twitter:data1\" content=\"El Digital de Asturias\" \/>\n\t\t<meta name=\"twitter:label2\" content=\"Tiempo de lectura estimado\" \/>\n\t\t<meta name=\"twitter:data2\" content=\"4 minutos\" \/>\n\t\t<script type=\"application\/ld+json\" class=\"aioseo-schema\">\n\t\t\t{\"@context\":\"https:\\\/\\\/schema.org\",\"@graph\":[{\"@type\":\"BlogPosting\",\"@id\":\"https:\\\/\\\/www.eldigitaldeasturias.com\\\/noticias\\\/matthias-mayer-gana-para-austria-la-prueba-reina-del-esqui\\\/#blogposting\",\"name\":\"Matthias Mayer gana para Austria la prueba reina del esqu\\u00ed - El Digital de Asturias\",\"headline\":\"Matthias Mayer gana para Austria la prueba reina del esqu\\u00ed\",\"author\":{\"@id\":\"https:\\\/\\\/www.eldigitaldeasturias.com\\\/noticias\\\/author\\\/admin\\\/#author\"},\"publisher\":{\"@id\":\"https:\\\/\\\/www.eldigitaldeasturias.com\\\/noticias\\\/#organization\"},\"image\":{\"@type\":\"ImageObject\",\"url\":487254},\"datePublished\":\"2014-02-09T19:10:51+01:00\",\"dateModified\":\"2014-02-09T19:10:51+01:00\",\"inLanguage\":\"es-ES\",\"mainEntityOfPage\":{\"@id\":\"https:\\\/\\\/www.eldigitaldeasturias.com\\\/noticias\\\/matthias-mayer-gana-para-austria-la-prueba-reina-del-esqui\\\/#webpage\"},\"isPartOf\":{\"@id\":\"https:\\\/\\\/www.eldigitaldeasturias.com\\\/noticias\\\/matthias-mayer-gana-para-austria-la-prueba-reina-del-esqui\\\/#webpage\"},\"articleSection\":\"Actualidad\"},{\"@type\":\"BreadcrumbList\",\"@id\":\"https:\\\/\\\/www.eldigitaldeasturias.com\\\/noticias\\\/matthias-mayer-gana-para-austria-la-prueba-reina-del-esqui\\\/#breadcrumblist\",\"itemListElement\":[{\"@type\":\"ListItem\",\"@id\":\"https:\\\/\\\/www.eldigitaldeasturias.com\\\/noticias#listItem\",\"position\":1,\"name\":\"Home\",\"item\":\"https:\\\/\\\/www.eldigitaldeasturias.com\\\/noticias\",\"nextItem\":{\"@type\":\"ListItem\",\"@id\":\"https:\\\/\\\/www.eldigitaldeasturias.com\\\/noticias\\\/category\\\/actualidad\\\/#listItem\",\"name\":\"Actualidad\"}},{\"@type\":\"ListItem\",\"@id\":\"https:\\\/\\\/www.eldigitaldeasturias.com\\\/noticias\\\/category\\\/actualidad\\\/#listItem\",\"position\":2,\"name\":\"Actualidad\",\"item\":\"https:\\\/\\\/www.eldigitaldeasturias.com\\\/noticias\\\/category\\\/actualidad\\\/\",\"nextItem\":{\"@type\":\"ListItem\",\"@id\":\"https:\\\/\\\/www.eldigitaldeasturias.com\\\/noticias\\\/matthias-mayer-gana-para-austria-la-prueba-reina-del-esqui\\\/#listItem\",\"name\":\"Matthias Mayer gana para Austria la prueba reina del esqu\\u00ed\"},\"previousItem\":{\"@type\":\"ListItem\",\"@id\":\"https:\\\/\\\/www.eldigitaldeasturias.com\\\/noticias#listItem\",\"name\":\"Home\"}},{\"@type\":\"ListItem\",\"@id\":\"https:\\\/\\\/www.eldigitaldeasturias.com\\\/noticias\\\/matthias-mayer-gana-para-austria-la-prueba-reina-del-esqui\\\/#listItem\",\"position\":3,\"name\":\"Matthias Mayer gana para Austria la prueba reina del esqu\\u00ed\",\"previousItem\":{\"@type\":\"ListItem\",\"@id\":\"https:\\\/\\\/www.eldigitaldeasturias.com\\\/noticias\\\/category\\\/actualidad\\\/#listItem\",\"name\":\"Actualidad\"}}]},{\"@type\":\"Organization\",\"@id\":\"https:\\\/\\\/www.eldigitaldeasturias.com\\\/noticias\\\/#organization\",\"name\":\"El Digital de Asturias\",\"description\":\"Hemeroteca\",\"url\":\"https:\\\/\\\/www.eldigitaldeasturias.com\\\/noticias\\\/\",\"email\":\"info@eldigitaldeasturias.com\",\"telephone\":\"+34652131393\",\"logo\":{\"@type\":\"ImageObject\",\"url\":\"https:\\\/\\\/www.eldigitaldeasturias.com\\\/noticias\\\/wp-content\\\/uploads\\\/2020\\\/12\\\/EDA.jpg\",\"@id\":\"https:\\\/\\\/www.eldigitaldeasturias.com\\\/noticias\\\/matthias-mayer-gana-para-austria-la-prueba-reina-del-esqui\\\/#organizationLogo\"},\"image\":{\"@id\":\"https:\\\/\\\/www.eldigitaldeasturias.com\\\/noticias\\\/matthias-mayer-gana-para-austria-la-prueba-reina-del-esqui\\\/#organizationLogo\"},\"sameAs\":[\"https:\\\/\\\/facebook.com\\\/eldigitaldeasturias\",\"https:\\\/\\\/www.youtube.com\\\/channel\\\/UCZP-2wLEB9Rv6erhFmqVnvg\"],\"address\":{\"@id\":\"https:\\\/\\\/www.eldigitaldeasturias.com\\\/noticias\\\/#postaladdress\",\"@type\":\"PostalAddress\",\"streetAddress\":\"san antonio 4\",\"postalCode\":\"33430\",\"addressLocality\":\"Cand\\u00e1s\",\"addressRegion\":\"Asturias\",\"addressCountry\":\"ES\"}},{\"@type\":\"Person\",\"@id\":\"https:\\\/\\\/www.eldigitaldeasturias.com\\\/noticias\\\/author\\\/admin\\\/#author\",\"url\":\"https:\\\/\\\/www.eldigitaldeasturias.com\\\/noticias\\\/author\\\/admin\\\/\",\"name\":\"El Digital de Asturias\",\"image\":{\"@type\":\"ImageObject\",\"@id\":\"https:\\\/\\\/www.eldigitaldeasturias.com\\\/noticias\\\/matthias-mayer-gana-para-austria-la-prueba-reina-del-esqui\\\/#authorImage\",\"url\":\"https:\\\/\\\/secure.gravatar.com\\\/avatar\\\/df2aeffc32bcd13f8d26072ef8a91b623d677766deac7f97ca815868cd41bf5e?s=96&d=mm&r=g\",\"width\":96,\"height\":96,\"caption\":\"El Digital de Asturias\"}},{\"@type\":\"WebPage\",\"@id\":\"https:\\\/\\\/www.eldigitaldeasturias.com\\\/noticias\\\/matthias-mayer-gana-para-austria-la-prueba-reina-del-esqui\\\/#webpage\",\"url\":\"https:\\\/\\\/www.eldigitaldeasturias.com\\\/noticias\\\/matthias-mayer-gana-para-austria-la-prueba-reina-del-esqui\\\/\",\"name\":\"Matthias Mayer gana para Austria la prueba reina del esqu\\u00ed - El Digital de Asturias\",\"description\":\"Madrid, 9 feb (EFE).- Matthias Mayer protagoniz\\u00f3 la primera gran sorpresa de los Juegos Ol\\u00edmpicos de Sochi (Rusia) al capturar el primer oro para Austria, en el descenso, la prueba reina del esqu\\u00ed alpino, disputada hoy, domingo, en la exigente pista de Kr\\u00e1snaya Poliana. Mayer, nacido hace 23 a\\u00f1os en Carintia, que hasta la fecha\",\"inLanguage\":\"es-ES\",\"isPartOf\":{\"@id\":\"https:\\\/\\\/www.eldigitaldeasturias.com\\\/noticias\\\/#website\"},\"breadcrumb\":{\"@id\":\"https:\\\/\\\/www.eldigitaldeasturias.com\\\/noticias\\\/matthias-mayer-gana-para-austria-la-prueba-reina-del-esqui\\\/#breadcrumblist\"},\"author\":{\"@id\":\"https:\\\/\\\/www.eldigitaldeasturias.com\\\/noticias\\\/author\\\/admin\\\/#author\"},\"creator\":{\"@id\":\"https:\\\/\\\/www.eldigitaldeasturias.com\\\/noticias\\\/author\\\/admin\\\/#author\"},\"image\":{\"@type\":\"ImageObject\",\"url\":487254,\"@id\":\"https:\\\/\\\/www.eldigitaldeasturias.com\\\/noticias\\\/matthias-mayer-gana-para-austria-la-prueba-reina-del-esqui\\\/#mainImage\"},\"primaryImageOfPage\":{\"@id\":\"https:\\\/\\\/www.eldigitaldeasturias.com\\\/noticias\\\/matthias-mayer-gana-para-austria-la-prueba-reina-del-esqui\\\/#mainImage\"},\"datePublished\":\"2014-02-09T19:10:51+01:00\",\"dateModified\":\"2014-02-09T19:10:51+01:00\"},{\"@type\":\"WebSite\",\"@id\":\"https:\\\/\\\/www.eldigitaldeasturias.com\\\/noticias\\\/#website\",\"url\":\"https:\\\/\\\/www.eldigitaldeasturias.com\\\/noticias\\\/\",\"name\":\"El Digital de Asturias - Diario de actualidad y noticias\",\"alternateName\":\"El Digital de Asturias - Diario de actualidad y noticias\",\"description\":\"Hemeroteca\",\"inLanguage\":\"es-ES\",\"publisher\":{\"@id\":\"https:\\\/\\\/www.eldigitaldeasturias.com\\\/noticias\\\/#organization\"}}]}\n\t\t<\/script>\n\t\t<!-- All in One SEO Pro -->\r\n\t\t<title>Matthias Mayer gana para Austria la prueba reina del esqu\u00ed - El Digital de Asturias<\/title>\n\n","aioseo_head_json":{"title":"Matthias Mayer gana para Austria la prueba reina del esqu\u00ed - El Digital de Asturias","description":"Madrid, 9 feb (EFE).- Matthias Mayer protagoniz\u00f3 la primera gran sorpresa de los Juegos Ol\u00edmpicos de Sochi (Rusia) al capturar el primer oro para Austria, en el descenso, la prueba reina del esqu\u00ed alpino, disputada hoy, domingo, en la exigente pista de Kr\u00e1snaya Poliana. Mayer, nacido hace 23 a\u00f1os en Carintia, que hasta la fecha","canonical_url":"https:\/\/www.eldigitaldeasturias.com\/noticias\/matthias-mayer-gana-para-austria-la-prueba-reina-del-esqui\/","robots":"max-image-preview:large","keywords":"actualidad","webmasterTools":{"google-site-verification":"UA-38556648-1","msvalidate.01":"7dfe9f3f1b24437ab69f4f2559babe99","miscellaneous":""},"schema":{"@context":"https:\/\/schema.org","@graph":[{"@type":"BlogPosting","@id":"https:\/\/www.eldigitaldeasturias.com\/noticias\/matthias-mayer-gana-para-austria-la-prueba-reina-del-esqui\/#blogposting","name":"Matthias Mayer gana para Austria la prueba reina del esqu\u00ed - El Digital de Asturias","headline":"Matthias Mayer gana para Austria la prueba reina del esqu\u00ed","author":{"@id":"https:\/\/www.eldigitaldeasturias.com\/noticias\/author\/admin\/#author"},"publisher":{"@id":"https:\/\/www.eldigitaldeasturias.com\/noticias\/#organization"},"image":{"@type":"ImageObject","url":487254},"datePublished":"2014-02-09T19:10:51+01:00","dateModified":"2014-02-09T19:10:51+01:00","inLanguage":"es-ES","mainEntityOfPage":{"@id":"https:\/\/www.eldigitaldeasturias.com\/noticias\/matthias-mayer-gana-para-austria-la-prueba-reina-del-esqui\/#webpage"},"isPartOf":{"@id":"https:\/\/www.eldigitaldeasturias.com\/noticias\/matthias-mayer-gana-para-austria-la-prueba-reina-del-esqui\/#webpage"},"articleSection":"Actualidad"},{"@type":"BreadcrumbList","@id":"https:\/\/www.eldigitaldeasturias.com\/noticias\/matthias-mayer-gana-para-austria-la-prueba-reina-del-esqui\/#breadcrumblist","itemListElement":[{"@type":"ListItem","@id":"https:\/\/www.eldigitaldeasturias.com\/noticias#listItem","position":1,"name":"Home","item":"https:\/\/www.eldigitaldeasturias.com\/noticias","nextItem":{"@type":"ListItem","@id":"https:\/\/www.eldigitaldeasturias.com\/noticias\/category\/actualidad\/#listItem","name":"Actualidad"}},{"@type":"ListItem","@id":"https:\/\/www.eldigitaldeasturias.com\/noticias\/category\/actualidad\/#listItem","position":2,"name":"Actualidad","item":"https:\/\/www.eldigitaldeasturias.com\/noticias\/category\/actualidad\/","nextItem":{"@type":"ListItem","@id":"https:\/\/www.eldigitaldeasturias.com\/noticias\/matthias-mayer-gana-para-austria-la-prueba-reina-del-esqui\/#listItem","name":"Matthias Mayer gana para Austria la prueba reina del esqu\u00ed"},"previousItem":{"@type":"ListItem","@id":"https:\/\/www.eldigitaldeasturias.com\/noticias#listItem","name":"Home"}},{"@type":"ListItem","@id":"https:\/\/www.eldigitaldeasturias.com\/noticias\/matthias-mayer-gana-para-austria-la-prueba-reina-del-esqui\/#listItem","position":3,"name":"Matthias Mayer gana para Austria la prueba reina del esqu\u00ed","previousItem":{"@type":"ListItem","@id":"https:\/\/www.eldigitaldeasturias.com\/noticias\/category\/actualidad\/#listItem","name":"Actualidad"}}]},{"@type":"Organization","@id":"https:\/\/www.eldigitaldeasturias.com\/noticias\/#organization","name":"El Digital de Asturias","description":"Hemeroteca","url":"https:\/\/www.eldigitaldeasturias.com\/noticias\/","email":"info@eldigitaldeasturias.com","telephone":"+34652131393","logo":{"@type":"ImageObject","url":"https:\/\/www.eldigitaldeasturias.com\/noticias\/wp-content\/uploads\/2020\/12\/EDA.jpg","@id":"https:\/\/www.eldigitaldeasturias.com\/noticias\/matthias-mayer-gana-para-austria-la-prueba-reina-del-esqui\/#organizationLogo"},"image":{"@id":"https:\/\/www.eldigitaldeasturias.com\/noticias\/matthias-mayer-gana-para-austria-la-prueba-reina-del-esqui\/#organizationLogo"},"sameAs":["https:\/\/facebook.com\/eldigitaldeasturias","https:\/\/www.youtube.com\/channel\/UCZP-2wLEB9Rv6erhFmqVnvg"],"address":{"@id":"https:\/\/www.eldigitaldeasturias.com\/noticias\/#postaladdress","@type":"PostalAddress","streetAddress":"san antonio 4","postalCode":"33430","addressLocality":"Cand\u00e1s","addressRegion":"Asturias","addressCountry":"ES"}},{"@type":"Person","@id":"https:\/\/www.eldigitaldeasturias.com\/noticias\/author\/admin\/#author","url":"https:\/\/www.eldigitaldeasturias.com\/noticias\/author\/admin\/","name":"El Digital de Asturias","image":{"@type":"ImageObject","@id":"https:\/\/www.eldigitaldeasturias.com\/noticias\/matthias-mayer-gana-para-austria-la-prueba-reina-del-esqui\/#authorImage","url":"https:\/\/secure.gravatar.com\/avatar\/df2aeffc32bcd13f8d26072ef8a91b623d677766deac7f97ca815868cd41bf5e?s=96&d=mm&r=g","width":96,"height":96,"caption":"El Digital de Asturias"}},{"@type":"WebPage","@id":"https:\/\/www.eldigitaldeasturias.com\/noticias\/matthias-mayer-gana-para-austria-la-prueba-reina-del-esqui\/#webpage","url":"https:\/\/www.eldigitaldeasturias.com\/noticias\/matthias-mayer-gana-para-austria-la-prueba-reina-del-esqui\/","name":"Matthias Mayer gana para Austria la prueba reina del esqu\u00ed - El Digital de Asturias","description":"Madrid, 9 feb (EFE).- Matthias Mayer protagoniz\u00f3 la primera gran sorpresa de los Juegos Ol\u00edmpicos de Sochi (Rusia) al capturar el primer oro para Austria, en el descenso, la prueba reina del esqu\u00ed alpino, disputada hoy, domingo, en la exigente pista de Kr\u00e1snaya Poliana. Mayer, nacido hace 23 a\u00f1os en Carintia, que hasta la fecha","inLanguage":"es-ES","isPartOf":{"@id":"https:\/\/www.eldigitaldeasturias.com\/noticias\/#website"},"breadcrumb":{"@id":"https:\/\/www.eldigitaldeasturias.com\/noticias\/matthias-mayer-gana-para-austria-la-prueba-reina-del-esqui\/#breadcrumblist"},"author":{"@id":"https:\/\/www.eldigitaldeasturias.com\/noticias\/author\/admin\/#author"},"creator":{"@id":"https:\/\/www.eldigitaldeasturias.com\/noticias\/author\/admin\/#author"},"image":{"@type":"ImageObject","url":487254,"@id":"https:\/\/www.eldigitaldeasturias.com\/noticias\/matthias-mayer-gana-para-austria-la-prueba-reina-del-esqui\/#mainImage"},"primaryImageOfPage":{"@id":"https:\/\/www.eldigitaldeasturias.com\/noticias\/matthias-mayer-gana-para-austria-la-prueba-reina-del-esqui\/#mainImage"},"datePublished":"2014-02-09T19:10:51+01:00","dateModified":"2014-02-09T19:10:51+01:00"},{"@type":"WebSite","@id":"https:\/\/www.eldigitaldeasturias.com\/noticias\/#website","url":"https:\/\/www.eldigitaldeasturias.com\/noticias\/","name":"El Digital de Asturias - Diario de actualidad y noticias","alternateName":"El Digital de Asturias - Diario de actualidad y noticias","description":"Hemeroteca","inLanguage":"es-ES","publisher":{"@id":"https:\/\/www.eldigitaldeasturias.com\/noticias\/#organization"}}]},"og:locale":"es_ES","og:site_name":"El Digital de Asturias","og:type":"article","og:title":"Matthias Mayer gana para Austria la prueba reina del esqu\u00ed - El Digital de Asturias","og:description":"Madrid, 9 feb (EFE).- Matthias Mayer protagoniz\u00f3 la primera gran sorpresa de los Juegos Ol\u00edmpicos de Sochi (Rusia) al capturar el primer oro para Austria, en el descenso, la prueba reina del esqu\u00ed alpino, disputada hoy, domingo, en la exigente pista de Kr\u00e1snaya Poliana. Mayer, nacido hace 23 a\u00f1os en Carintia, que hasta la fecha","og:url":"https:\/\/www.eldigitaldeasturias.com\/noticias\/matthias-mayer-gana-para-austria-la-prueba-reina-del-esqui\/","article:tag":["actualidad"],"article:published_time":"2014-02-09T20:10:51+00:00","article:modified_time":"2014-02-09T20:10:51+00:00","article:publisher":"https:\/\/facebook.com\/eldigitaldeasturias","twitter:card":"summary_large_image","twitter:title":"Matthias Mayer gana para Austria la prueba reina del esqu\u00ed - El Digital de Asturias","twitter:description":"Madrid, 9 feb (EFE).- Matthias Mayer protagoniz\u00f3 la primera gran sorpresa de los Juegos Ol\u00edmpicos de Sochi (Rusia) al capturar el primer oro para Austria, en el descenso, la prueba reina del esqu\u00ed alpino, disputada hoy, domingo, en la exigente pista de Kr\u00e1snaya Poliana. Mayer, nacido hace 23 a\u00f1os en Carintia, que hasta la fecha","twitter:label1":"Escrito por","twitter:data1":"El Digital de Asturias","twitter:label2":"Tiempo de lectura estimado","twitter:data2":"4 minutos"},"aioseo_meta_data":{"post_id":"487253","title":null,"description":null,"keywords":null,"keyphrases":null,"primary_term":null,"canonical_url":null,"og_title":null,"og_description":null,"og_object_type":"default","og_image_type":"default","og_image_url":null,"og_image_width":null,"og_image_height":null,"og_image_custom_url":null,"og_image_custom_fields":null,"og_video":null,"og_custom_url":null,"og_article_section":null,"og_article_tags":null,"twitter_use_og":true,"twitter_card":"default","twitter_image_type":"default","twitter_image_url":null,"twitter_image_custom_url":null,"twitter_image_custom_fields":null,"twitter_title":null,"twitter_description":null,"schema":{"blockGraphs":[],"customGraphs":[],"default":{"data":{"Article":[],"Course":[],"Dataset":[],"FAQPage":[],"Movie":[],"Person":[],"Product":[],"ProductReview":[],"Car":[],"Recipe":[],"Service":[],"SoftwareApplication":[],"WebPage":[]},"graphName":"","isEnabled":true},"graphs":[],"defaultGraph":"","defaultPostTypeGraph":""},"schema_type":null,"schema_type_options":null,"pillar_content":false,"robots_default":true,"robots_noindex":false,"robots_noarchive":false,"robots_nosnippet":false,"robots_nofollow":false,"robots_noimageindex":false,"robots_noodp":false,"robots_notranslate":false,"robots_max_snippet":null,"robots_max_videopreview":null,"robots_max_imagepreview":"none","priority":null,"frequency":null,"local_seo":null,"seo_analyzer_scan_date":"2026-06-03 04:09:11","breadcrumb_settings":null,"limit_modified_date":false,"open_ai":null,"ai":null,"created":"2020-11-14 22:56:21","updated":"2026-06-03 04:09:11","focus_keyword":null,"additional_keywords":null,"truseo_locale":null},"aioseo_breadcrumb":"<div class=\"aioseo-breadcrumbs\"><span class=\"aioseo-breadcrumb\">\n\t<a href=\"https:\/\/www.eldigitaldeasturias.com\/noticias\" title=\"Home\">Home<\/a>\n<\/span><span class=\"aioseo-breadcrumb-separator\">\u2013<\/span><span class=\"aioseo-breadcrumb\">\n\t<a href=\"https:\/\/www.eldigitaldeasturias.com\/noticias\/category\/actualidad\/\" title=\"Actualidad\">Actualidad<\/a>\n<\/span><span class=\"aioseo-breadcrumb-separator\">\u2013<\/span><span class=\"aioseo-breadcrumb\">\n\t<a href=\"https:\/\/www.eldigitaldeasturias.com\/noticias\/matthias-mayer-gana-para-austria-la-prueba-reina-del-esqui\/\" title=\"Matthias Mayer gana para Austria la prueba reina del esqu\u00ed\">Matthias Mayer gana para Austria la prueba reina del esqu\u00ed<\/a>\n<\/span><\/div>","aioseo_breadcrumb_json":[{"label":"Home","link":"https:\/\/www.eldigitaldeasturias.com\/noticias"},{"label":"Actualidad","link":"https:\/\/www.eldigitaldeasturias.com\/noticias\/category\/actualidad\/"},{"label":"Matthias Mayer gana para Austria la prueba reina del esqu\u00ed","link":"https:\/\/www.eldigitaldeasturias.com\/noticias\/matthias-mayer-gana-para-austria-la-prueba-reina-del-esqui\/"}],"_links":{"self":[{"href":"https:\/\/www.eldigitaldeasturias.com\/noticias\/wp-json\/wp\/v2\/posts\/487253","targetHints":{"allow":["GET"]}}],"collection":[{"href":"https:\/\/www.eldigitaldeasturias.com\/noticias\/wp-json\/wp\/v2\/posts"}],"about":[{"href":"https:\/\/www.eldigitaldeasturias.com\/noticias\/wp-json\/wp\/v2\/types\/post"}],"author":[{"embeddable":true,"href":"https:\/\/www.eldigitaldeasturias.com\/noticias\/wp-json\/wp\/v2\/users\/1"}],"replies":[{"embeddable":true,"href":"https:\/\/www.eldigitaldeasturias.com\/noticias\/wp-json\/wp\/v2\/comments?post=487253"}],"version-history":[{"count":0,"href":"https:\/\/www.eldigitaldeasturias.com\/noticias\/wp-json\/wp\/v2\/posts\/487253\/revisions"}],"wp:attachment":[{"href":"https:\/\/www.eldigitaldeasturias.com\/noticias\/wp-json\/wp\/v2\/media?parent=487253"}],"wp:term":[{"taxonomy":"category","embeddable":true,"href":"https:\/\/www.eldigitaldeasturias.com\/noticias\/wp-json\/wp\/v2\/categories?post=487253"},{"taxonomy":"post_tag","embeddable":true,"href":"https:\/\/www.eldigitaldeasturias.com\/noticias\/wp-json\/wp\/v2\/tags?post=487253"}],"curies":[{"name":"wp","href":"https:\/\/api.w.org\/{rel}","templated":true}]}}