{"id":487247,"date":"2014-02-09T19:07:50","date_gmt":"2014-02-09T20:07:50","guid":{"rendered":"http:\/\/www.eldigitaldeasturias.com\/noticias\/?p=487247"},"modified":"2014-02-09T19:07:50","modified_gmt":"2014-02-09T20:07:50","slug":"rajoy-ante-un-mes-de-decisiones-cruciales-para-el-pp","status":"publish","type":"post","link":"https:\/\/www.eldigitaldeasturias.com\/noticias\/rajoy-ante-un-mes-de-decisiones-cruciales-para-el-pp\/","title":{"rendered":"Rajoy, ante un mes de decisiones cruciales para el PP"},"content":{"rendered":"<p><img loading=\"lazy\" decoding=\"async\" class=\"alignleft size-medium wp-image-487248\" alt=\"5925158w\" src=\"https:\/\/www.eldigitaldeasturias.com\/noticias\/wp-content\/uploads\/2014\/02\/5925158w-360x272.jpg\" width=\"360\" height=\"272\" \/>Madrid, 9 feb (EFE).- Al presidente del Gobierno, Mariano Rajoy, le espera un mes cargado de decisiones que tomar en el Partido Popular que podr\u00edan afectar tambi\u00e9n al Ejecutivo, y que empiezan esta misma semana con el proceso para elegir al pr\u00f3ximo l\u00edder del partido en Andaluc\u00eda.<\/p>\n<p>Mucho tiempo lleva Rajoy respondiendo a la prensa que no tocaba todav\u00eda determinar el candidato andaluz o el cabeza de lista para las europeas. Pero esta vez el calendario manda.<\/p>\n<p>El propio PP se ha puesto una fecha l\u00edmite para resolver la importante inc\u00f3gnita de qui\u00e9n liderar\u00e1 a los populares andaluces y se batir\u00e1 a la presidenta socialista Susana D\u00edaz en las elecciones auton\u00f3micas.<\/p>\n<p>Adem\u00e1s, tampoco le queda al jefe del Ejecutivo mucho tiempo para decidir su cabeza de lista a las europeas del 25 de mayo, si quiere llevarlo con \u00e9l a Dubl\u00edn para la convenci\u00f3n del PP europeo, el 6 y 7 de marzo.<\/p>\n<p>Por de pronto, faltan s\u00f3lo tres d\u00edas para saber si habr\u00e1 uno o m\u00e1s candidatos a la Presidencia del PP andaluz en el congreso regional del 1 y 2 de marzo, ya que el mi\u00e9rcoles se acaba el plazo para que quienes quieran optar al puesto presenten los avales -noventa como m\u00ednimo- que se necesitan para ello.<\/p>\n<p>El PP trata siempre de acudir a los congresos con el candidato consensuado, pero a\u00fan no est\u00e1 claro si eso va a ocurrir en Andaluc\u00eda, donde sigue habiendo divisi\u00f3n entre los dirigentes provinciales.<\/p>\n<p>Adem\u00e1s, ninguno de los aspirantes que en los \u00faltimos meses han estado en las quinielas ha dado el paso a\u00fan. Ni siquiera Jos\u00e9 Luis Sanz, el \u00abn\u00famero dos\u00bb del PP andaluz y la apuesta, seg\u00fan se\u00f1alan muchos populares, de la secretaria general, Mar\u00eda Dolores de Cospedal, y el actual presidente regional del partido, Juan Ignacio Zoido.<\/p>\n<p>Sanz lleva meses encabezando las apuestas, pero ya en noviembre, cuando varios medios de comunicaci\u00f3n dieron por hecha su designaci\u00f3n, Rajoy asegur\u00f3 ante el Comit\u00e9 Ejecutivo Nacional que nada de lo publicado era cierto, y esta semana, cuando ha vuelto a sonar su nombre con fuerza, tampoco ha sido confirmado por la junta directiva regional.<\/p>\n<p>\u00abTenemos que elegir entre todos al mejor\u00bb, dijo Zoido tras la junta directiva, llamando as\u00ed a unos y otros al acuerdo, mientras se insist\u00eda en que el congreso va a ser democr\u00e1tico y al l\u00edder lo elegir\u00e1n todos los populares andaluces.<\/p>\n<p>Entonces \u00bfNo habr\u00e1 \u00abdedo divino\u00bb?<\/p>\n<p>Esa expresi\u00f3n fue la utilizada por la presidenta del PP madrile\u00f1o, Esperanza Aguirre -muy dada a opinar de todo en el partido- para reclamar que el nombre no venga de arriba. Vamos, que no lo decidan ni Cospedal, ni Javier Arenas, ni Rajoy.<\/p>\n<p>Pero nadie duda en el PP de que la \u00faltima palabra la tiene su presidente. Rajoy tiene tres d\u00edas para dar una se\u00f1al, interna o p\u00fablica, de si se decanta tambi\u00e9n por Sanz o tiene una apuesta distinta.<\/p>\n<p>De forma paralela, el jefe del Ejecutivo tiene otra importante decisi\u00f3n que tomar, y tampoco le queda mucho tiempo para hacerlo: el cabeza de lista europeo.<\/p>\n<p>El PP es consciente de lo mucho que se juega en estos comicios, pues son el primer examen en las urnas desde que Rajoy lleg\u00f3 a La Moncloa, y aunque habitualmente tienen poca participaci\u00f3n servir\u00e1n de term\u00f3metro de cara a las convocatorias de 2015.<\/p>\n<p>Toca buscar un n\u00famero uno de la lista europea que, en palabras de un dirigente popular, provoque una \u00abilusi\u00f3n inquebrantable\u00bb y anime a los votantes habituales a acudir al colegio electoral.<\/p>\n<p>Y para la mayor\u00eda, no puede ser otro que el titular de Agricultura, Miguel Arias Ca\u00f1ete, uno de los hombres de confianza de Rajoy y el ministro m\u00e1s valorado del Gobierno,<\/p>\n<p>Aunque su deseo sea ser comisario europeo, numerosos dirigentes populares le consideran el id\u00f3neo para pasar esta dura prueba, aunque despu\u00e9s se vaya al Ejecutivo de la UE.<\/p>\n<p>Eso obliga, adem\u00e1s, a que el n\u00famero dos de la lista sea otro candidato fuerte, pues tiene todas las papeletas de quedarse de portavoz.<\/p>\n<p>Otro interrogante que se abre es si en su candidatura europea el PP tendr\u00e1 la vista puesta en las v\u00edctimas del terrorismo.<\/p>\n<p>La decisi\u00f3n de Jaime Mayor Oreja de no concurrir en estos comicios, la irrupci\u00f3n de Vox, el partido fundado por Jos\u00e9 Antonio Ortega Lara y exmiembros del PP cr\u00edticos con la pol\u00edtica antiterrorista, o el fichaje de la expresidenta de la Fundaci\u00f3n de V\u00edctimas del Terrorismo Maite Pagazaurtundua por UPyD, parece obligar a los populares a mover ficha al respecto.<\/p>\n<p>Entre los eurodiputados populares ya est\u00e1 Teresa Jim\u00e9nez-Becerril -hermana del concejal sevillano asesinado por ETA-, aunque no se descarta que en la lista del 25 de mayo entren otras caras como la de Mar\u00eda del Mar Blanco, hermana de Miguel \u00c1ngel Blanco.<\/p>\n<p>Le toca pues a Rajoy tomar unas cuantas decisiones en las pr\u00f3ximas semanas, un periodo que se ha limitado a\u00fan m\u00e1s con la convocatoria del debate sobre el estado de la naci\u00f3n para los d\u00edas 25 y 26 de febrero.<\/p>\n<p>Una cita a la que el presidente podr\u00eda llegar con los deberes hechos en el PP, aunque alguna de esas decisiones le obligue a hacer algo a lo que se resiste abiertamente: cambios en su Gobierno.<\/p>\n<p>Patricia de Arce<\/p>\n","protected":false},"excerpt":{"rendered":"<p>Madrid, 9 feb (EFE).- Al presidente del Gobierno, Mariano Rajoy, le espera un mes cargado de decisiones que tomar en el Partido Popular que podr\u00edan afectar tambi\u00e9n al Ejecutivo, y que empiezan esta misma semana con el proceso para elegir al pr\u00f3ximo l\u00edder del partido en Andaluc\u00eda. Mucho tiempo lleva Rajoy respondiendo a la prensa [&hellip;]<\/p>\n","protected":false},"author":1,"featured_media":487248,"comment_status":"open","ping_status":"open","sticky":false,"template":"","format":"standard","meta":{"footnotes":""},"categories":[1],"tags":[],"class_list":["post-487247","post","type-post","status-publish","format-standard","has-post-thumbnail","hentry","category-actualidad"],"aioseo_notices":[],"aioseo_head":"\n\t\t<!-- All in One SEO Pro 5.0.1 - aioseo.com -->\n\t<meta name=\"description\" content=\"Madrid, 9 feb (EFE).- Al presidente del Gobierno, Mariano Rajoy, le espera un mes cargado de decisiones que tomar en el Partido Popular que podr\u00edan afectar tambi\u00e9n al Ejecutivo, y que empiezan esta misma semana con el proceso para elegir al pr\u00f3ximo l\u00edder del partido en Andaluc\u00eda. Mucho tiempo lleva Rajoy respondiendo a la prensa\" \/>\n\t<meta name=\"robots\" content=\"max-image-preview:large\" \/>\n\t<meta name=\"author\" content=\"El Digital de Asturias\"\/>\n\t<meta name=\"google-site-verification\" content=\"UA-38556648-1\" \/>\n\t<meta name=\"msvalidate.01\" content=\"7dfe9f3f1b24437ab69f4f2559babe99\" \/>\n\t<meta name=\"keywords\" content=\"actualidad\" \/>\n\t<link rel=\"canonical\" href=\"https:\/\/www.eldigitaldeasturias.com\/noticias\/rajoy-ante-un-mes-de-decisiones-cruciales-para-el-pp\/\" \/>\n\t<meta name=\"generator\" content=\"All in One SEO Pro (AIOSEO) 5.0.1\" \/>\n\t\t<meta property=\"og:locale\" content=\"es_ES\" \/>\n\t\t<meta property=\"og:site_name\" content=\"El Digital de Asturias\" \/>\n\t\t<meta property=\"og:type\" content=\"article\" \/>\n\t\t<meta property=\"og:title\" content=\"Rajoy, ante un mes de decisiones cruciales para el PP - El Digital de Asturias\" \/>\n\t\t<meta property=\"og:description\" content=\"Madrid, 9 feb (EFE).- Al presidente del Gobierno, Mariano Rajoy, le espera un mes cargado de decisiones que tomar en el Partido Popular que podr\u00edan afectar tambi\u00e9n al Ejecutivo, y que empiezan esta misma semana con el proceso para elegir al pr\u00f3ximo l\u00edder del partido en Andaluc\u00eda. Mucho tiempo lleva Rajoy respondiendo a la prensa\" \/>\n\t\t<meta property=\"og:url\" content=\"https:\/\/www.eldigitaldeasturias.com\/noticias\/rajoy-ante-un-mes-de-decisiones-cruciales-para-el-pp\/\" \/>\n\t\t<meta property=\"article:tag\" content=\"actualidad\" \/>\n\t\t<meta property=\"article:published_time\" content=\"2014-02-09T20:07:50+00:00\" \/>\n\t\t<meta property=\"article:modified_time\" content=\"2014-02-09T20:07:50+00:00\" \/>\n\t\t<meta property=\"article:publisher\" content=\"https:\/\/facebook.com\/eldigitaldeasturias\" \/>\n\t\t<meta name=\"twitter:card\" content=\"summary_large_image\" \/>\n\t\t<meta name=\"twitter:title\" content=\"Rajoy, ante un mes de decisiones cruciales para el PP - El Digital de Asturias\" \/>\n\t\t<meta name=\"twitter:description\" content=\"Madrid, 9 feb (EFE).- Al presidente del Gobierno, Mariano Rajoy, le espera un mes cargado de decisiones que tomar en el Partido Popular que podr\u00edan afectar tambi\u00e9n al Ejecutivo, y que empiezan esta misma semana con el proceso para elegir al pr\u00f3ximo l\u00edder del partido en Andaluc\u00eda. Mucho tiempo lleva Rajoy respondiendo a la prensa\" \/>\n\t\t<meta name=\"twitter:label1\" content=\"Escrito por\" \/>\n\t\t<meta name=\"twitter:data1\" content=\"El Digital de Asturias\" \/>\n\t\t<meta name=\"twitter:label2\" content=\"Tiempo de lectura estimado\" \/>\n\t\t<meta name=\"twitter:data2\" content=\"5 minutos\" \/>\n\t\t<script type=\"application\/ld+json\" class=\"aioseo-schema\">\n\t\t\t{\"@context\":\"https:\\\/\\\/schema.org\",\"@graph\":[{\"@type\":\"BlogPosting\",\"@id\":\"https:\\\/\\\/www.eldigitaldeasturias.com\\\/noticias\\\/rajoy-ante-un-mes-de-decisiones-cruciales-para-el-pp\\\/#blogposting\",\"name\":\"Rajoy, ante un mes de decisiones cruciales para el PP - El Digital de Asturias\",\"headline\":\"Rajoy, ante un mes de decisiones cruciales para el PP\",\"author\":{\"@id\":\"https:\\\/\\\/www.eldigitaldeasturias.com\\\/noticias\\\/author\\\/admin\\\/#author\"},\"publisher\":{\"@id\":\"https:\\\/\\\/www.eldigitaldeasturias.com\\\/noticias\\\/#organization\"},\"image\":{\"@type\":\"ImageObject\",\"url\":487248},\"datePublished\":\"2014-02-09T19:07:50+01:00\",\"dateModified\":\"2014-02-09T19:07:50+01:00\",\"inLanguage\":\"es-ES\",\"mainEntityOfPage\":{\"@id\":\"https:\\\/\\\/www.eldigitaldeasturias.com\\\/noticias\\\/rajoy-ante-un-mes-de-decisiones-cruciales-para-el-pp\\\/#webpage\"},\"isPartOf\":{\"@id\":\"https:\\\/\\\/www.eldigitaldeasturias.com\\\/noticias\\\/rajoy-ante-un-mes-de-decisiones-cruciales-para-el-pp\\\/#webpage\"},\"articleSection\":\"Actualidad\"},{\"@type\":\"BreadcrumbList\",\"@id\":\"https:\\\/\\\/www.eldigitaldeasturias.com\\\/noticias\\\/rajoy-ante-un-mes-de-decisiones-cruciales-para-el-pp\\\/#breadcrumblist\",\"itemListElement\":[{\"@type\":\"ListItem\",\"@id\":\"https:\\\/\\\/www.eldigitaldeasturias.com\\\/noticias#listItem\",\"position\":1,\"name\":\"Home\",\"item\":\"https:\\\/\\\/www.eldigitaldeasturias.com\\\/noticias\",\"nextItem\":{\"@type\":\"ListItem\",\"@id\":\"https:\\\/\\\/www.eldigitaldeasturias.com\\\/noticias\\\/category\\\/actualidad\\\/#listItem\",\"name\":\"Actualidad\"}},{\"@type\":\"ListItem\",\"@id\":\"https:\\\/\\\/www.eldigitaldeasturias.com\\\/noticias\\\/category\\\/actualidad\\\/#listItem\",\"position\":2,\"name\":\"Actualidad\",\"item\":\"https:\\\/\\\/www.eldigitaldeasturias.com\\\/noticias\\\/category\\\/actualidad\\\/\",\"nextItem\":{\"@type\":\"ListItem\",\"@id\":\"https:\\\/\\\/www.eldigitaldeasturias.com\\\/noticias\\\/rajoy-ante-un-mes-de-decisiones-cruciales-para-el-pp\\\/#listItem\",\"name\":\"Rajoy, ante un mes de decisiones cruciales para el PP\"},\"previousItem\":{\"@type\":\"ListItem\",\"@id\":\"https:\\\/\\\/www.eldigitaldeasturias.com\\\/noticias#listItem\",\"name\":\"Home\"}},{\"@type\":\"ListItem\",\"@id\":\"https:\\\/\\\/www.eldigitaldeasturias.com\\\/noticias\\\/rajoy-ante-un-mes-de-decisiones-cruciales-para-el-pp\\\/#listItem\",\"position\":3,\"name\":\"Rajoy, ante un mes de decisiones cruciales para el PP\",\"previousItem\":{\"@type\":\"ListItem\",\"@id\":\"https:\\\/\\\/www.eldigitaldeasturias.com\\\/noticias\\\/category\\\/actualidad\\\/#listItem\",\"name\":\"Actualidad\"}}]},{\"@type\":\"Organization\",\"@id\":\"https:\\\/\\\/www.eldigitaldeasturias.com\\\/noticias\\\/#organization\",\"name\":\"El Digital de Asturias\",\"description\":\"Hemeroteca\",\"url\":\"https:\\\/\\\/www.eldigitaldeasturias.com\\\/noticias\\\/\",\"email\":\"info@eldigitaldeasturias.com\",\"telephone\":\"+34652131393\",\"logo\":{\"@type\":\"ImageObject\",\"url\":\"https:\\\/\\\/www.eldigitaldeasturias.com\\\/noticias\\\/wp-content\\\/uploads\\\/2020\\\/12\\\/EDA.jpg\",\"@id\":\"https:\\\/\\\/www.eldigitaldeasturias.com\\\/noticias\\\/rajoy-ante-un-mes-de-decisiones-cruciales-para-el-pp\\\/#organizationLogo\"},\"image\":{\"@id\":\"https:\\\/\\\/www.eldigitaldeasturias.com\\\/noticias\\\/rajoy-ante-un-mes-de-decisiones-cruciales-para-el-pp\\\/#organizationLogo\"},\"sameAs\":[\"https:\\\/\\\/facebook.com\\\/eldigitaldeasturias\",\"https:\\\/\\\/www.youtube.com\\\/channel\\\/UCZP-2wLEB9Rv6erhFmqVnvg\"],\"address\":{\"@id\":\"https:\\\/\\\/www.eldigitaldeasturias.com\\\/noticias\\\/#postaladdress\",\"@type\":\"PostalAddress\",\"streetAddress\":\"san antonio 4\",\"postalCode\":\"33430\",\"addressLocality\":\"Cand\\u00e1s\",\"addressRegion\":\"Asturias\",\"addressCountry\":\"ES\"}},{\"@type\":\"Person\",\"@id\":\"https:\\\/\\\/www.eldigitaldeasturias.com\\\/noticias\\\/author\\\/admin\\\/#author\",\"url\":\"https:\\\/\\\/www.eldigitaldeasturias.com\\\/noticias\\\/author\\\/admin\\\/\",\"name\":\"El Digital de Asturias\",\"image\":{\"@type\":\"ImageObject\",\"@id\":\"https:\\\/\\\/www.eldigitaldeasturias.com\\\/noticias\\\/rajoy-ante-un-mes-de-decisiones-cruciales-para-el-pp\\\/#authorImage\",\"url\":\"https:\\\/\\\/secure.gravatar.com\\\/avatar\\\/df2aeffc32bcd13f8d26072ef8a91b623d677766deac7f97ca815868cd41bf5e?s=96&d=mm&r=g\",\"width\":96,\"height\":96,\"caption\":\"El Digital de Asturias\"}},{\"@type\":\"WebPage\",\"@id\":\"https:\\\/\\\/www.eldigitaldeasturias.com\\\/noticias\\\/rajoy-ante-un-mes-de-decisiones-cruciales-para-el-pp\\\/#webpage\",\"url\":\"https:\\\/\\\/www.eldigitaldeasturias.com\\\/noticias\\\/rajoy-ante-un-mes-de-decisiones-cruciales-para-el-pp\\\/\",\"name\":\"Rajoy, ante un mes de decisiones cruciales para el PP - El Digital de Asturias\",\"description\":\"Madrid, 9 feb (EFE).- Al presidente del Gobierno, Mariano Rajoy, le espera un mes cargado de decisiones que tomar en el Partido Popular que podr\\u00edan afectar tambi\\u00e9n al Ejecutivo, y que empiezan esta misma semana con el proceso para elegir al pr\\u00f3ximo l\\u00edder del partido en Andaluc\\u00eda. Mucho tiempo lleva Rajoy respondiendo a la prensa\",\"inLanguage\":\"es-ES\",\"isPartOf\":{\"@id\":\"https:\\\/\\\/www.eldigitaldeasturias.com\\\/noticias\\\/#website\"},\"breadcrumb\":{\"@id\":\"https:\\\/\\\/www.eldigitaldeasturias.com\\\/noticias\\\/rajoy-ante-un-mes-de-decisiones-cruciales-para-el-pp\\\/#breadcrumblist\"},\"author\":{\"@id\":\"https:\\\/\\\/www.eldigitaldeasturias.com\\\/noticias\\\/author\\\/admin\\\/#author\"},\"creator\":{\"@id\":\"https:\\\/\\\/www.eldigitaldeasturias.com\\\/noticias\\\/author\\\/admin\\\/#author\"},\"image\":{\"@type\":\"ImageObject\",\"url\":487248,\"@id\":\"https:\\\/\\\/www.eldigitaldeasturias.com\\\/noticias\\\/rajoy-ante-un-mes-de-decisiones-cruciales-para-el-pp\\\/#mainImage\"},\"primaryImageOfPage\":{\"@id\":\"https:\\\/\\\/www.eldigitaldeasturias.com\\\/noticias\\\/rajoy-ante-un-mes-de-decisiones-cruciales-para-el-pp\\\/#mainImage\"},\"datePublished\":\"2014-02-09T19:07:50+01:00\",\"dateModified\":\"2014-02-09T19:07:50+01:00\"},{\"@type\":\"WebSite\",\"@id\":\"https:\\\/\\\/www.eldigitaldeasturias.com\\\/noticias\\\/#website\",\"url\":\"https:\\\/\\\/www.eldigitaldeasturias.com\\\/noticias\\\/\",\"name\":\"El Digital de Asturias - Diario de actualidad y noticias\",\"alternateName\":\"El Digital de Asturias - Diario de actualidad y noticias\",\"description\":\"Hemeroteca\",\"inLanguage\":\"es-ES\",\"publisher\":{\"@id\":\"https:\\\/\\\/www.eldigitaldeasturias.com\\\/noticias\\\/#organization\"}}]}\n\t\t<\/script>\n\t\t<!-- All in One SEO Pro -->\r\n\t\t<title>Rajoy, ante un mes de decisiones cruciales para el PP - El Digital de Asturias<\/title>\n\n","aioseo_head_json":{"title":"Rajoy, ante un mes de decisiones cruciales para el PP - El Digital de Asturias","description":"Madrid, 9 feb (EFE).- Al presidente del Gobierno, Mariano Rajoy, le espera un mes cargado de decisiones que tomar en el Partido Popular que podr\u00edan afectar tambi\u00e9n al Ejecutivo, y que empiezan esta misma semana con el proceso para elegir al pr\u00f3ximo l\u00edder del partido en Andaluc\u00eda. Mucho tiempo lleva Rajoy respondiendo a la prensa","canonical_url":"https:\/\/www.eldigitaldeasturias.com\/noticias\/rajoy-ante-un-mes-de-decisiones-cruciales-para-el-pp\/","robots":"max-image-preview:large","keywords":"actualidad","webmasterTools":{"google-site-verification":"UA-38556648-1","msvalidate.01":"7dfe9f3f1b24437ab69f4f2559babe99","miscellaneous":""},"schema":{"@context":"https:\/\/schema.org","@graph":[{"@type":"BlogPosting","@id":"https:\/\/www.eldigitaldeasturias.com\/noticias\/rajoy-ante-un-mes-de-decisiones-cruciales-para-el-pp\/#blogposting","name":"Rajoy, ante un mes de decisiones cruciales para el PP - El Digital de Asturias","headline":"Rajoy, ante un mes de decisiones cruciales para el PP","author":{"@id":"https:\/\/www.eldigitaldeasturias.com\/noticias\/author\/admin\/#author"},"publisher":{"@id":"https:\/\/www.eldigitaldeasturias.com\/noticias\/#organization"},"image":{"@type":"ImageObject","url":487248},"datePublished":"2014-02-09T19:07:50+01:00","dateModified":"2014-02-09T19:07:50+01:00","inLanguage":"es-ES","mainEntityOfPage":{"@id":"https:\/\/www.eldigitaldeasturias.com\/noticias\/rajoy-ante-un-mes-de-decisiones-cruciales-para-el-pp\/#webpage"},"isPartOf":{"@id":"https:\/\/www.eldigitaldeasturias.com\/noticias\/rajoy-ante-un-mes-de-decisiones-cruciales-para-el-pp\/#webpage"},"articleSection":"Actualidad"},{"@type":"BreadcrumbList","@id":"https:\/\/www.eldigitaldeasturias.com\/noticias\/rajoy-ante-un-mes-de-decisiones-cruciales-para-el-pp\/#breadcrumblist","itemListElement":[{"@type":"ListItem","@id":"https:\/\/www.eldigitaldeasturias.com\/noticias#listItem","position":1,"name":"Home","item":"https:\/\/www.eldigitaldeasturias.com\/noticias","nextItem":{"@type":"ListItem","@id":"https:\/\/www.eldigitaldeasturias.com\/noticias\/category\/actualidad\/#listItem","name":"Actualidad"}},{"@type":"ListItem","@id":"https:\/\/www.eldigitaldeasturias.com\/noticias\/category\/actualidad\/#listItem","position":2,"name":"Actualidad","item":"https:\/\/www.eldigitaldeasturias.com\/noticias\/category\/actualidad\/","nextItem":{"@type":"ListItem","@id":"https:\/\/www.eldigitaldeasturias.com\/noticias\/rajoy-ante-un-mes-de-decisiones-cruciales-para-el-pp\/#listItem","name":"Rajoy, ante un mes de decisiones cruciales para el PP"},"previousItem":{"@type":"ListItem","@id":"https:\/\/www.eldigitaldeasturias.com\/noticias#listItem","name":"Home"}},{"@type":"ListItem","@id":"https:\/\/www.eldigitaldeasturias.com\/noticias\/rajoy-ante-un-mes-de-decisiones-cruciales-para-el-pp\/#listItem","position":3,"name":"Rajoy, ante un mes de decisiones cruciales para el PP","previousItem":{"@type":"ListItem","@id":"https:\/\/www.eldigitaldeasturias.com\/noticias\/category\/actualidad\/#listItem","name":"Actualidad"}}]},{"@type":"Organization","@id":"https:\/\/www.eldigitaldeasturias.com\/noticias\/#organization","name":"El Digital de Asturias","description":"Hemeroteca","url":"https:\/\/www.eldigitaldeasturias.com\/noticias\/","email":"info@eldigitaldeasturias.com","telephone":"+34652131393","logo":{"@type":"ImageObject","url":"https:\/\/www.eldigitaldeasturias.com\/noticias\/wp-content\/uploads\/2020\/12\/EDA.jpg","@id":"https:\/\/www.eldigitaldeasturias.com\/noticias\/rajoy-ante-un-mes-de-decisiones-cruciales-para-el-pp\/#organizationLogo"},"image":{"@id":"https:\/\/www.eldigitaldeasturias.com\/noticias\/rajoy-ante-un-mes-de-decisiones-cruciales-para-el-pp\/#organizationLogo"},"sameAs":["https:\/\/facebook.com\/eldigitaldeasturias","https:\/\/www.youtube.com\/channel\/UCZP-2wLEB9Rv6erhFmqVnvg"],"address":{"@id":"https:\/\/www.eldigitaldeasturias.com\/noticias\/#postaladdress","@type":"PostalAddress","streetAddress":"san antonio 4","postalCode":"33430","addressLocality":"Cand\u00e1s","addressRegion":"Asturias","addressCountry":"ES"}},{"@type":"Person","@id":"https:\/\/www.eldigitaldeasturias.com\/noticias\/author\/admin\/#author","url":"https:\/\/www.eldigitaldeasturias.com\/noticias\/author\/admin\/","name":"El Digital de Asturias","image":{"@type":"ImageObject","@id":"https:\/\/www.eldigitaldeasturias.com\/noticias\/rajoy-ante-un-mes-de-decisiones-cruciales-para-el-pp\/#authorImage","url":"https:\/\/secure.gravatar.com\/avatar\/df2aeffc32bcd13f8d26072ef8a91b623d677766deac7f97ca815868cd41bf5e?s=96&d=mm&r=g","width":96,"height":96,"caption":"El Digital de Asturias"}},{"@type":"WebPage","@id":"https:\/\/www.eldigitaldeasturias.com\/noticias\/rajoy-ante-un-mes-de-decisiones-cruciales-para-el-pp\/#webpage","url":"https:\/\/www.eldigitaldeasturias.com\/noticias\/rajoy-ante-un-mes-de-decisiones-cruciales-para-el-pp\/","name":"Rajoy, ante un mes de decisiones cruciales para el PP - El Digital de Asturias","description":"Madrid, 9 feb (EFE).- Al presidente del Gobierno, Mariano Rajoy, le espera un mes cargado de decisiones que tomar en el Partido Popular que podr\u00edan afectar tambi\u00e9n al Ejecutivo, y que empiezan esta misma semana con el proceso para elegir al pr\u00f3ximo l\u00edder del partido en Andaluc\u00eda. Mucho tiempo lleva Rajoy respondiendo a la prensa","inLanguage":"es-ES","isPartOf":{"@id":"https:\/\/www.eldigitaldeasturias.com\/noticias\/#website"},"breadcrumb":{"@id":"https:\/\/www.eldigitaldeasturias.com\/noticias\/rajoy-ante-un-mes-de-decisiones-cruciales-para-el-pp\/#breadcrumblist"},"author":{"@id":"https:\/\/www.eldigitaldeasturias.com\/noticias\/author\/admin\/#author"},"creator":{"@id":"https:\/\/www.eldigitaldeasturias.com\/noticias\/author\/admin\/#author"},"image":{"@type":"ImageObject","url":487248,"@id":"https:\/\/www.eldigitaldeasturias.com\/noticias\/rajoy-ante-un-mes-de-decisiones-cruciales-para-el-pp\/#mainImage"},"primaryImageOfPage":{"@id":"https:\/\/www.eldigitaldeasturias.com\/noticias\/rajoy-ante-un-mes-de-decisiones-cruciales-para-el-pp\/#mainImage"},"datePublished":"2014-02-09T19:07:50+01:00","dateModified":"2014-02-09T19:07:50+01:00"},{"@type":"WebSite","@id":"https:\/\/www.eldigitaldeasturias.com\/noticias\/#website","url":"https:\/\/www.eldigitaldeasturias.com\/noticias\/","name":"El Digital de Asturias - Diario de actualidad y noticias","alternateName":"El Digital de Asturias - Diario de actualidad y noticias","description":"Hemeroteca","inLanguage":"es-ES","publisher":{"@id":"https:\/\/www.eldigitaldeasturias.com\/noticias\/#organization"}}]},"og:locale":"es_ES","og:site_name":"El Digital de Asturias","og:type":"article","og:title":"Rajoy, ante un mes de decisiones cruciales para el PP - El Digital de Asturias","og:description":"Madrid, 9 feb (EFE).- Al presidente del Gobierno, Mariano Rajoy, le espera un mes cargado de decisiones que tomar en el Partido Popular que podr\u00edan afectar tambi\u00e9n al Ejecutivo, y que empiezan esta misma semana con el proceso para elegir al pr\u00f3ximo l\u00edder del partido en Andaluc\u00eda. Mucho tiempo lleva Rajoy respondiendo a la prensa","og:url":"https:\/\/www.eldigitaldeasturias.com\/noticias\/rajoy-ante-un-mes-de-decisiones-cruciales-para-el-pp\/","article:tag":["actualidad"],"article:published_time":"2014-02-09T20:07:50+00:00","article:modified_time":"2014-02-09T20:07:50+00:00","article:publisher":"https:\/\/facebook.com\/eldigitaldeasturias","twitter:card":"summary_large_image","twitter:title":"Rajoy, ante un mes de decisiones cruciales para el PP - El Digital de Asturias","twitter:description":"Madrid, 9 feb (EFE).- Al presidente del Gobierno, Mariano Rajoy, le espera un mes cargado de decisiones que tomar en el Partido Popular que podr\u00edan afectar tambi\u00e9n al Ejecutivo, y que empiezan esta misma semana con el proceso para elegir al pr\u00f3ximo l\u00edder del partido en Andaluc\u00eda. Mucho tiempo lleva Rajoy respondiendo a la prensa","twitter:label1":"Escrito por","twitter:data1":"El Digital de Asturias","twitter:label2":"Tiempo de lectura estimado","twitter:data2":"5 minutos"},"aioseo_meta_data":{"post_id":"487247","title":null,"description":null,"keywords":null,"keyphrases":null,"primary_term":null,"canonical_url":null,"og_title":null,"og_description":null,"og_object_type":"default","og_image_type":"default","og_image_url":null,"og_image_width":null,"og_image_height":null,"og_image_custom_url":null,"og_image_custom_fields":null,"og_video":null,"og_custom_url":null,"og_article_section":null,"og_article_tags":null,"twitter_use_og":true,"twitter_card":"default","twitter_image_type":"default","twitter_image_url":null,"twitter_image_custom_url":null,"twitter_image_custom_fields":null,"twitter_title":null,"twitter_description":null,"schema":{"blockGraphs":[],"customGraphs":[],"default":{"data":{"Article":[],"Course":[],"Dataset":[],"FAQPage":[],"Movie":[],"Person":[],"Product":[],"ProductReview":[],"Car":[],"Recipe":[],"Service":[],"SoftwareApplication":[],"WebPage":[]},"graphName":"","isEnabled":true},"graphs":[],"defaultGraph":"","defaultPostTypeGraph":""},"schema_type":null,"schema_type_options":null,"pillar_content":false,"robots_default":true,"robots_noindex":false,"robots_noarchive":false,"robots_nosnippet":false,"robots_nofollow":false,"robots_noimageindex":false,"robots_noodp":false,"robots_notranslate":false,"robots_max_snippet":null,"robots_max_videopreview":null,"robots_max_imagepreview":"none","priority":null,"frequency":null,"local_seo":null,"seo_analyzer_scan_date":"2026-06-03 04:06:34","breadcrumb_settings":null,"limit_modified_date":false,"open_ai":null,"ai":null,"created":"2020-11-14 22:56:21","updated":"2026-06-03 04:06:34","focus_keyword":null,"additional_keywords":null,"truseo_locale":null},"aioseo_breadcrumb":"<div class=\"aioseo-breadcrumbs\"><span class=\"aioseo-breadcrumb\">\n\t<a href=\"https:\/\/www.eldigitaldeasturias.com\/noticias\" title=\"Home\">Home<\/a>\n<\/span><span class=\"aioseo-breadcrumb-separator\">\u2013<\/span><span class=\"aioseo-breadcrumb\">\n\t<a href=\"https:\/\/www.eldigitaldeasturias.com\/noticias\/category\/actualidad\/\" title=\"Actualidad\">Actualidad<\/a>\n<\/span><span class=\"aioseo-breadcrumb-separator\">\u2013<\/span><span class=\"aioseo-breadcrumb\">\n\t<a href=\"https:\/\/www.eldigitaldeasturias.com\/noticias\/rajoy-ante-un-mes-de-decisiones-cruciales-para-el-pp\/\" title=\"Rajoy, ante un mes de decisiones cruciales para el PP\">Rajoy, ante un mes de decisiones cruciales para el PP<\/a>\n<\/span><\/div>","aioseo_breadcrumb_json":[{"label":"Home","link":"https:\/\/www.eldigitaldeasturias.com\/noticias"},{"label":"Actualidad","link":"https:\/\/www.eldigitaldeasturias.com\/noticias\/category\/actualidad\/"},{"label":"Rajoy, ante un mes de decisiones cruciales para el PP","link":"https:\/\/www.eldigitaldeasturias.com\/noticias\/rajoy-ante-un-mes-de-decisiones-cruciales-para-el-pp\/"}],"_links":{"self":[{"href":"https:\/\/www.eldigitaldeasturias.com\/noticias\/wp-json\/wp\/v2\/posts\/487247","targetHints":{"allow":["GET"]}}],"collection":[{"href":"https:\/\/www.eldigitaldeasturias.com\/noticias\/wp-json\/wp\/v2\/posts"}],"about":[{"href":"https:\/\/www.eldigitaldeasturias.com\/noticias\/wp-json\/wp\/v2\/types\/post"}],"author":[{"embeddable":true,"href":"https:\/\/www.eldigitaldeasturias.com\/noticias\/wp-json\/wp\/v2\/users\/1"}],"replies":[{"embeddable":true,"href":"https:\/\/www.eldigitaldeasturias.com\/noticias\/wp-json\/wp\/v2\/comments?post=487247"}],"version-history":[{"count":0,"href":"https:\/\/www.eldigitaldeasturias.com\/noticias\/wp-json\/wp\/v2\/posts\/487247\/revisions"}],"wp:attachment":[{"href":"https:\/\/www.eldigitaldeasturias.com\/noticias\/wp-json\/wp\/v2\/media?parent=487247"}],"wp:term":[{"taxonomy":"category","embeddable":true,"href":"https:\/\/www.eldigitaldeasturias.com\/noticias\/wp-json\/wp\/v2\/categories?post=487247"},{"taxonomy":"post_tag","embeddable":true,"href":"https:\/\/www.eldigitaldeasturias.com\/noticias\/wp-json\/wp\/v2\/tags?post=487247"}],"curies":[{"name":"wp","href":"https:\/\/api.w.org\/{rel}","templated":true}]}}