{"id":487237,"date":"2014-02-09T19:03:09","date_gmt":"2014-02-09T20:03:09","guid":{"rendered":"http:\/\/www.eldigitaldeasturias.com\/noticias\/?p=487237"},"modified":"2014-02-09T19:19:48","modified_gmt":"2014-02-09T20:19:48","slug":"juan-roig-quiere-hacer-de-valencia-un-referente-en-el-mundo-emprendedor","status":"publish","type":"post","link":"https:\/\/www.eldigitaldeasturias.com\/noticias\/juan-roig-quiere-hacer-de-valencia-un-referente-en-el-mundo-emprendedor\/","title":{"rendered":"Juan Roig quiere hacer de Valencia \u00abun referente\u00bb en el mundo emprendedor"},"content":{"rendered":"<p><img loading=\"lazy\" decoding=\"async\" class=\"alignleft size-medium wp-image-487238\" alt=\"5925125w\" src=\"https:\/\/www.eldigitaldeasturias.com\/noticias\/wp-content\/uploads\/2014\/02\/5925125w-360x227.jpg\" width=\"360\" height=\"227\" \/>Madrid, 9 feb (EFE).- El empresario Juan Roig tiene el prop\u00f3sito de que la ciudad de Valencia se convierta en \u00abun referente en emprendedurismo\u00bb, por medio de su aceleradora de startup, L\u00e1nzadera, su empresa de inversiones Angels Capital y la escuela de negocios EDEM, ha dicho a EFE Jaime Esteban, responsable del proyecto.<\/p>\n<p>La idea del fundador de Mercadona es crear \u00abun hub tecnol\u00f3gico, de innovaci\u00f3n, de inversi\u00f3n y de emprendimiento\u00bb, ha explicado a efeempresas.com Jaime Esteban, que junto a Javier Jim\u00e9nez dirige tanto la aceleradora de startups como Angels Capital.<\/p>\n<p>Para dar forma a este proyecto, Juan Roig quiere que estas tres empresas se ubiquen en una misma sede, y que \u00e9sta se convierta en emblema de los objetivos que quiere su promotor.<\/p>\n<p>En concreto, se ha presentado un proyecto al consorcio que gestiona Marina Real en el Puerto de Valencia, para instalarse en la d\u00e1rsena en la que tres de los equipos de la Copa Am\u00e9rica de Vela 2007 disputada en Valencia ten\u00edan sus sedes.<\/p>\n<p>Es una zona que \u00abest\u00e1 abandonada, con unas instalaciones que se pueden adecuar para atraer otros negocios y empresas que den vida a Marina Real\u00bb, ha explicado Jim\u00e9nez.<\/p>\n<p>Ahora se encuentran a la espera de que el consorcio que gestiona estas instalaciones tome una decisi\u00f3n para alquilar las naves en las que se instalar\u00edan Angels Capital, la escuela de negocios EDEM y la propia L\u00e1nzadera, y que podr\u00edan rehabilitarse en un a\u00f1o a partir del fallo de la concesi\u00f3n, previsto para abril.<\/p>\n<p>Jim\u00e9nez ha destacado la importancia que tendr\u00eda para Valencia y, por tanto, para Espa\u00f1a un proyecto como \u00e9ste para la creaci\u00f3n de nuevas empresas.<\/p>\n<p>En este sentido, ha recordado que Juan Roig cre\u00f3 Lanzadera con el prop\u00f3sito de \u00abdevolver a la sociedad parte de lo que \u00e9sta le ha dado\u00bb, y que los emprendedores, una vez salgan, \u00abhagan lo mismo y generen riqueza a este pa\u00eds\u00bb.<\/p>\n<p>Ha insistido en que el proyecto Lanzadera, cuya primera generaci\u00f3n de emprendedores est\u00e1 a punto de independizarse, es \u00abseguir creciendo\u00bb, para lo que necesita una sede como podr\u00eda ser Marina Real.<\/p>\n<p>De esta manera, el barrio se beneficiar\u00eda de la presencia de este ecosistema emprendedor, que albergar\u00eda a unas mil personas, y que podr\u00eda atraer a otras empresas en su entorno.<\/p>\n<p>Los promotores de Lanzadera esperan sobrepasar las 200 empresas creadas en 10 a\u00f1os, para lo que en la segunda convocatoria de la aceleradora, abierta el pasado lunes, ha aumentado el n\u00famero de proyectos que se seleccionar\u00e1n hasta veinte, frente a los quince de la primera edici\u00f3n.<\/p>\n<p>Tanto Jim\u00e9nez como Esteban han destacado como caracter\u00edstica principal de esta aventura que se trata de un proyecto \u00abpersonal\u00bb de Roig, \u00abno de Mercadona\u00bb, en el que el empresario tiene \u00abuna implicaci\u00f3n total, extrema\u00bb porque se est\u00e1 \u00abvolcando completamente, a pesar de su agenda de compromisos\u00bb.<\/p>\n<p>\u00abViene cada quince d\u00edas, se sienta con los chavales, se re\u00fane con un grupo. Est\u00e1 absolutamente volcado, ese es el secreto del \u00e9xito de esto\u00bb, resaltan los directores de Lanzadera.<\/p>\n","protected":false},"excerpt":{"rendered":"<p>Madrid, 9 feb (EFE).- El empresario Juan Roig tiene el prop\u00f3sito de que la ciudad de Valencia se convierta en \u00abun referente en emprendedurismo\u00bb, por medio de su aceleradora de startup, L\u00e1nzadera, su empresa de inversiones Angels Capital y la escuela de negocios EDEM, ha dicho a EFE Jaime Esteban, responsable del proyecto. La idea [&hellip;]<\/p>\n","protected":false},"author":1,"featured_media":487238,"comment_status":"open","ping_status":"open","sticky":false,"template":"","format":"standard","meta":{"footnotes":""},"categories":[1],"tags":[],"class_list":["post-487237","post","type-post","status-publish","format-standard","has-post-thumbnail","hentry","category-actualidad"],"aioseo_notices":[],"aioseo_head":"\n\t\t<!-- All in One SEO Pro 5.0.1 - aioseo.com -->\n\t<meta name=\"description\" content=\"Madrid, 9 feb (EFE).- El empresario Juan Roig tiene el prop\u00f3sito de que la ciudad de Valencia se convierta en &quot;un referente en emprendedurismo&quot;, por medio de su aceleradora de startup, L\u00e1nzadera, su empresa de inversiones Angels Capital y la escuela de negocios EDEM, ha dicho a EFE Jaime Esteban, responsable del proyecto. La idea\" \/>\n\t<meta name=\"robots\" content=\"max-image-preview:large\" \/>\n\t<meta name=\"author\" content=\"El Digital de Asturias\"\/>\n\t<meta name=\"google-site-verification\" content=\"UA-38556648-1\" \/>\n\t<meta name=\"msvalidate.01\" content=\"7dfe9f3f1b24437ab69f4f2559babe99\" \/>\n\t<meta name=\"keywords\" content=\"actualidad\" \/>\n\t<link rel=\"canonical\" href=\"https:\/\/www.eldigitaldeasturias.com\/noticias\/juan-roig-quiere-hacer-de-valencia-un-referente-en-el-mundo-emprendedor\/\" \/>\n\t<meta name=\"generator\" content=\"All in One SEO Pro (AIOSEO) 5.0.1\" \/>\n\t\t<meta property=\"og:locale\" content=\"es_ES\" \/>\n\t\t<meta property=\"og:site_name\" content=\"El Digital de Asturias\" \/>\n\t\t<meta property=\"og:type\" content=\"article\" \/>\n\t\t<meta property=\"og:title\" content=\"Juan Roig quiere hacer de Valencia \u00abun referente\u00bb en el mundo emprendedor - El Digital de Asturias\" \/>\n\t\t<meta property=\"og:description\" content=\"Madrid, 9 feb (EFE).- El empresario Juan Roig tiene el prop\u00f3sito de que la ciudad de Valencia se convierta en &quot;un referente en emprendedurismo&quot;, por medio de su aceleradora de startup, L\u00e1nzadera, su empresa de inversiones Angels Capital y la escuela de negocios EDEM, ha dicho a EFE Jaime Esteban, responsable del proyecto. La idea\" \/>\n\t\t<meta property=\"og:url\" content=\"https:\/\/www.eldigitaldeasturias.com\/noticias\/juan-roig-quiere-hacer-de-valencia-un-referente-en-el-mundo-emprendedor\/\" \/>\n\t\t<meta property=\"article:tag\" content=\"actualidad\" \/>\n\t\t<meta property=\"article:published_time\" content=\"2014-02-09T20:03:09+00:00\" \/>\n\t\t<meta property=\"article:modified_time\" content=\"2014-02-09T20:19:48+00:00\" \/>\n\t\t<meta property=\"article:publisher\" content=\"https:\/\/facebook.com\/eldigitaldeasturias\" \/>\n\t\t<meta name=\"twitter:card\" content=\"summary_large_image\" \/>\n\t\t<meta name=\"twitter:title\" content=\"Juan Roig quiere hacer de Valencia \u00abun referente\u00bb en el mundo emprendedor - El Digital de Asturias\" \/>\n\t\t<meta name=\"twitter:description\" content=\"Madrid, 9 feb (EFE).- El empresario Juan Roig tiene el prop\u00f3sito de que la ciudad de Valencia se convierta en &quot;un referente en emprendedurismo&quot;, por medio de su aceleradora de startup, L\u00e1nzadera, su empresa de inversiones Angels Capital y la escuela de negocios EDEM, ha dicho a EFE Jaime Esteban, responsable del proyecto. La idea\" \/>\n\t\t<meta name=\"twitter:label1\" content=\"Escrito por\" \/>\n\t\t<meta name=\"twitter:data1\" content=\"El Digital de Asturias\" \/>\n\t\t<meta name=\"twitter:label2\" content=\"Tiempo de lectura estimado\" \/>\n\t\t<meta name=\"twitter:data2\" content=\"3 minutos\" \/>\n\t\t<script type=\"application\/ld+json\" class=\"aioseo-schema\">\n\t\t\t{\"@context\":\"https:\\\/\\\/schema.org\",\"@graph\":[{\"@type\":\"BlogPosting\",\"@id\":\"https:\\\/\\\/www.eldigitaldeasturias.com\\\/noticias\\\/juan-roig-quiere-hacer-de-valencia-un-referente-en-el-mundo-emprendedor\\\/#blogposting\",\"name\":\"Juan Roig quiere hacer de Valencia \\u00abun referente\\u00bb en el mundo emprendedor - El Digital de Asturias\",\"headline\":\"Juan Roig quiere hacer de Valencia \\u00abun referente\\u00bb en el mundo emprendedor\",\"author\":{\"@id\":\"https:\\\/\\\/www.eldigitaldeasturias.com\\\/noticias\\\/author\\\/admin\\\/#author\"},\"publisher\":{\"@id\":\"https:\\\/\\\/www.eldigitaldeasturias.com\\\/noticias\\\/#organization\"},\"image\":{\"@type\":\"ImageObject\",\"url\":487238},\"datePublished\":\"2014-02-09T19:03:09+01:00\",\"dateModified\":\"2014-02-09T19:19:48+01:00\",\"inLanguage\":\"es-ES\",\"mainEntityOfPage\":{\"@id\":\"https:\\\/\\\/www.eldigitaldeasturias.com\\\/noticias\\\/juan-roig-quiere-hacer-de-valencia-un-referente-en-el-mundo-emprendedor\\\/#webpage\"},\"isPartOf\":{\"@id\":\"https:\\\/\\\/www.eldigitaldeasturias.com\\\/noticias\\\/juan-roig-quiere-hacer-de-valencia-un-referente-en-el-mundo-emprendedor\\\/#webpage\"},\"articleSection\":\"Actualidad\"},{\"@type\":\"BreadcrumbList\",\"@id\":\"https:\\\/\\\/www.eldigitaldeasturias.com\\\/noticias\\\/juan-roig-quiere-hacer-de-valencia-un-referente-en-el-mundo-emprendedor\\\/#breadcrumblist\",\"itemListElement\":[{\"@type\":\"ListItem\",\"@id\":\"https:\\\/\\\/www.eldigitaldeasturias.com\\\/noticias#listItem\",\"position\":1,\"name\":\"Home\",\"item\":\"https:\\\/\\\/www.eldigitaldeasturias.com\\\/noticias\",\"nextItem\":{\"@type\":\"ListItem\",\"@id\":\"https:\\\/\\\/www.eldigitaldeasturias.com\\\/noticias\\\/category\\\/actualidad\\\/#listItem\",\"name\":\"Actualidad\"}},{\"@type\":\"ListItem\",\"@id\":\"https:\\\/\\\/www.eldigitaldeasturias.com\\\/noticias\\\/category\\\/actualidad\\\/#listItem\",\"position\":2,\"name\":\"Actualidad\",\"item\":\"https:\\\/\\\/www.eldigitaldeasturias.com\\\/noticias\\\/category\\\/actualidad\\\/\",\"nextItem\":{\"@type\":\"ListItem\",\"@id\":\"https:\\\/\\\/www.eldigitaldeasturias.com\\\/noticias\\\/juan-roig-quiere-hacer-de-valencia-un-referente-en-el-mundo-emprendedor\\\/#listItem\",\"name\":\"Juan Roig quiere hacer de Valencia \\u00abun referente\\u00bb en el mundo emprendedor\"},\"previousItem\":{\"@type\":\"ListItem\",\"@id\":\"https:\\\/\\\/www.eldigitaldeasturias.com\\\/noticias#listItem\",\"name\":\"Home\"}},{\"@type\":\"ListItem\",\"@id\":\"https:\\\/\\\/www.eldigitaldeasturias.com\\\/noticias\\\/juan-roig-quiere-hacer-de-valencia-un-referente-en-el-mundo-emprendedor\\\/#listItem\",\"position\":3,\"name\":\"Juan Roig quiere hacer de Valencia \\u00abun referente\\u00bb en el mundo emprendedor\",\"previousItem\":{\"@type\":\"ListItem\",\"@id\":\"https:\\\/\\\/www.eldigitaldeasturias.com\\\/noticias\\\/category\\\/actualidad\\\/#listItem\",\"name\":\"Actualidad\"}}]},{\"@type\":\"Organization\",\"@id\":\"https:\\\/\\\/www.eldigitaldeasturias.com\\\/noticias\\\/#organization\",\"name\":\"El Digital de Asturias\",\"description\":\"Hemeroteca\",\"url\":\"https:\\\/\\\/www.eldigitaldeasturias.com\\\/noticias\\\/\",\"email\":\"info@eldigitaldeasturias.com\",\"telephone\":\"+34652131393\",\"logo\":{\"@type\":\"ImageObject\",\"url\":\"https:\\\/\\\/www.eldigitaldeasturias.com\\\/noticias\\\/wp-content\\\/uploads\\\/2020\\\/12\\\/EDA.jpg\",\"@id\":\"https:\\\/\\\/www.eldigitaldeasturias.com\\\/noticias\\\/juan-roig-quiere-hacer-de-valencia-un-referente-en-el-mundo-emprendedor\\\/#organizationLogo\"},\"image\":{\"@id\":\"https:\\\/\\\/www.eldigitaldeasturias.com\\\/noticias\\\/juan-roig-quiere-hacer-de-valencia-un-referente-en-el-mundo-emprendedor\\\/#organizationLogo\"},\"sameAs\":[\"https:\\\/\\\/facebook.com\\\/eldigitaldeasturias\",\"https:\\\/\\\/www.youtube.com\\\/channel\\\/UCZP-2wLEB9Rv6erhFmqVnvg\"],\"address\":{\"@id\":\"https:\\\/\\\/www.eldigitaldeasturias.com\\\/noticias\\\/#postaladdress\",\"@type\":\"PostalAddress\",\"streetAddress\":\"san antonio 4\",\"postalCode\":\"33430\",\"addressLocality\":\"Cand\\u00e1s\",\"addressRegion\":\"Asturias\",\"addressCountry\":\"ES\"}},{\"@type\":\"Person\",\"@id\":\"https:\\\/\\\/www.eldigitaldeasturias.com\\\/noticias\\\/author\\\/admin\\\/#author\",\"url\":\"https:\\\/\\\/www.eldigitaldeasturias.com\\\/noticias\\\/author\\\/admin\\\/\",\"name\":\"El Digital de Asturias\",\"image\":{\"@type\":\"ImageObject\",\"@id\":\"https:\\\/\\\/www.eldigitaldeasturias.com\\\/noticias\\\/juan-roig-quiere-hacer-de-valencia-un-referente-en-el-mundo-emprendedor\\\/#authorImage\",\"url\":\"https:\\\/\\\/secure.gravatar.com\\\/avatar\\\/df2aeffc32bcd13f8d26072ef8a91b623d677766deac7f97ca815868cd41bf5e?s=96&d=mm&r=g\",\"width\":96,\"height\":96,\"caption\":\"El Digital de Asturias\"}},{\"@type\":\"WebPage\",\"@id\":\"https:\\\/\\\/www.eldigitaldeasturias.com\\\/noticias\\\/juan-roig-quiere-hacer-de-valencia-un-referente-en-el-mundo-emprendedor\\\/#webpage\",\"url\":\"https:\\\/\\\/www.eldigitaldeasturias.com\\\/noticias\\\/juan-roig-quiere-hacer-de-valencia-un-referente-en-el-mundo-emprendedor\\\/\",\"name\":\"Juan Roig quiere hacer de Valencia \\u00abun referente\\u00bb en el mundo emprendedor - El Digital de Asturias\",\"description\":\"Madrid, 9 feb (EFE).- El empresario Juan Roig tiene el prop\\u00f3sito de que la ciudad de Valencia se convierta en \\\"un referente en emprendedurismo\\\", por medio de su aceleradora de startup, L\\u00e1nzadera, su empresa de inversiones Angels Capital y la escuela de negocios EDEM, ha dicho a EFE Jaime Esteban, responsable del proyecto. La idea\",\"inLanguage\":\"es-ES\",\"isPartOf\":{\"@id\":\"https:\\\/\\\/www.eldigitaldeasturias.com\\\/noticias\\\/#website\"},\"breadcrumb\":{\"@id\":\"https:\\\/\\\/www.eldigitaldeasturias.com\\\/noticias\\\/juan-roig-quiere-hacer-de-valencia-un-referente-en-el-mundo-emprendedor\\\/#breadcrumblist\"},\"author\":{\"@id\":\"https:\\\/\\\/www.eldigitaldeasturias.com\\\/noticias\\\/author\\\/admin\\\/#author\"},\"creator\":{\"@id\":\"https:\\\/\\\/www.eldigitaldeasturias.com\\\/noticias\\\/author\\\/admin\\\/#author\"},\"image\":{\"@type\":\"ImageObject\",\"url\":487238,\"@id\":\"https:\\\/\\\/www.eldigitaldeasturias.com\\\/noticias\\\/juan-roig-quiere-hacer-de-valencia-un-referente-en-el-mundo-emprendedor\\\/#mainImage\"},\"primaryImageOfPage\":{\"@id\":\"https:\\\/\\\/www.eldigitaldeasturias.com\\\/noticias\\\/juan-roig-quiere-hacer-de-valencia-un-referente-en-el-mundo-emprendedor\\\/#mainImage\"},\"datePublished\":\"2014-02-09T19:03:09+01:00\",\"dateModified\":\"2014-02-09T19:19:48+01:00\"},{\"@type\":\"WebSite\",\"@id\":\"https:\\\/\\\/www.eldigitaldeasturias.com\\\/noticias\\\/#website\",\"url\":\"https:\\\/\\\/www.eldigitaldeasturias.com\\\/noticias\\\/\",\"name\":\"El Digital de Asturias - Diario de actualidad y noticias\",\"alternateName\":\"El Digital de Asturias - Diario de actualidad y noticias\",\"description\":\"Hemeroteca\",\"inLanguage\":\"es-ES\",\"publisher\":{\"@id\":\"https:\\\/\\\/www.eldigitaldeasturias.com\\\/noticias\\\/#organization\"}}]}\n\t\t<\/script>\n\t\t<!-- All in One SEO Pro -->\r\n\t\t<title>Juan Roig quiere hacer de Valencia \u00abun referente\u00bb en el mundo emprendedor - El Digital de Asturias<\/title>\n\n","aioseo_head_json":{"title":"Juan Roig quiere hacer de Valencia \u00abun referente\u00bb en el mundo emprendedor - El Digital de Asturias","description":"Madrid, 9 feb (EFE).- El empresario Juan Roig tiene el prop\u00f3sito de que la ciudad de Valencia se convierta en \"un referente en emprendedurismo\", por medio de su aceleradora de startup, L\u00e1nzadera, su empresa de inversiones Angels Capital y la escuela de negocios EDEM, ha dicho a EFE Jaime Esteban, responsable del proyecto. La idea","canonical_url":"https:\/\/www.eldigitaldeasturias.com\/noticias\/juan-roig-quiere-hacer-de-valencia-un-referente-en-el-mundo-emprendedor\/","robots":"max-image-preview:large","keywords":"actualidad","webmasterTools":{"google-site-verification":"UA-38556648-1","msvalidate.01":"7dfe9f3f1b24437ab69f4f2559babe99","miscellaneous":""},"schema":{"@context":"https:\/\/schema.org","@graph":[{"@type":"BlogPosting","@id":"https:\/\/www.eldigitaldeasturias.com\/noticias\/juan-roig-quiere-hacer-de-valencia-un-referente-en-el-mundo-emprendedor\/#blogposting","name":"Juan Roig quiere hacer de Valencia \u00abun referente\u00bb en el mundo emprendedor - El Digital de Asturias","headline":"Juan Roig quiere hacer de Valencia \u00abun referente\u00bb en el mundo emprendedor","author":{"@id":"https:\/\/www.eldigitaldeasturias.com\/noticias\/author\/admin\/#author"},"publisher":{"@id":"https:\/\/www.eldigitaldeasturias.com\/noticias\/#organization"},"image":{"@type":"ImageObject","url":487238},"datePublished":"2014-02-09T19:03:09+01:00","dateModified":"2014-02-09T19:19:48+01:00","inLanguage":"es-ES","mainEntityOfPage":{"@id":"https:\/\/www.eldigitaldeasturias.com\/noticias\/juan-roig-quiere-hacer-de-valencia-un-referente-en-el-mundo-emprendedor\/#webpage"},"isPartOf":{"@id":"https:\/\/www.eldigitaldeasturias.com\/noticias\/juan-roig-quiere-hacer-de-valencia-un-referente-en-el-mundo-emprendedor\/#webpage"},"articleSection":"Actualidad"},{"@type":"BreadcrumbList","@id":"https:\/\/www.eldigitaldeasturias.com\/noticias\/juan-roig-quiere-hacer-de-valencia-un-referente-en-el-mundo-emprendedor\/#breadcrumblist","itemListElement":[{"@type":"ListItem","@id":"https:\/\/www.eldigitaldeasturias.com\/noticias#listItem","position":1,"name":"Home","item":"https:\/\/www.eldigitaldeasturias.com\/noticias","nextItem":{"@type":"ListItem","@id":"https:\/\/www.eldigitaldeasturias.com\/noticias\/category\/actualidad\/#listItem","name":"Actualidad"}},{"@type":"ListItem","@id":"https:\/\/www.eldigitaldeasturias.com\/noticias\/category\/actualidad\/#listItem","position":2,"name":"Actualidad","item":"https:\/\/www.eldigitaldeasturias.com\/noticias\/category\/actualidad\/","nextItem":{"@type":"ListItem","@id":"https:\/\/www.eldigitaldeasturias.com\/noticias\/juan-roig-quiere-hacer-de-valencia-un-referente-en-el-mundo-emprendedor\/#listItem","name":"Juan Roig quiere hacer de Valencia \u00abun referente\u00bb en el mundo emprendedor"},"previousItem":{"@type":"ListItem","@id":"https:\/\/www.eldigitaldeasturias.com\/noticias#listItem","name":"Home"}},{"@type":"ListItem","@id":"https:\/\/www.eldigitaldeasturias.com\/noticias\/juan-roig-quiere-hacer-de-valencia-un-referente-en-el-mundo-emprendedor\/#listItem","position":3,"name":"Juan Roig quiere hacer de Valencia \u00abun referente\u00bb en el mundo emprendedor","previousItem":{"@type":"ListItem","@id":"https:\/\/www.eldigitaldeasturias.com\/noticias\/category\/actualidad\/#listItem","name":"Actualidad"}}]},{"@type":"Organization","@id":"https:\/\/www.eldigitaldeasturias.com\/noticias\/#organization","name":"El Digital de Asturias","description":"Hemeroteca","url":"https:\/\/www.eldigitaldeasturias.com\/noticias\/","email":"info@eldigitaldeasturias.com","telephone":"+34652131393","logo":{"@type":"ImageObject","url":"https:\/\/www.eldigitaldeasturias.com\/noticias\/wp-content\/uploads\/2020\/12\/EDA.jpg","@id":"https:\/\/www.eldigitaldeasturias.com\/noticias\/juan-roig-quiere-hacer-de-valencia-un-referente-en-el-mundo-emprendedor\/#organizationLogo"},"image":{"@id":"https:\/\/www.eldigitaldeasturias.com\/noticias\/juan-roig-quiere-hacer-de-valencia-un-referente-en-el-mundo-emprendedor\/#organizationLogo"},"sameAs":["https:\/\/facebook.com\/eldigitaldeasturias","https:\/\/www.youtube.com\/channel\/UCZP-2wLEB9Rv6erhFmqVnvg"],"address":{"@id":"https:\/\/www.eldigitaldeasturias.com\/noticias\/#postaladdress","@type":"PostalAddress","streetAddress":"san antonio 4","postalCode":"33430","addressLocality":"Cand\u00e1s","addressRegion":"Asturias","addressCountry":"ES"}},{"@type":"Person","@id":"https:\/\/www.eldigitaldeasturias.com\/noticias\/author\/admin\/#author","url":"https:\/\/www.eldigitaldeasturias.com\/noticias\/author\/admin\/","name":"El Digital de Asturias","image":{"@type":"ImageObject","@id":"https:\/\/www.eldigitaldeasturias.com\/noticias\/juan-roig-quiere-hacer-de-valencia-un-referente-en-el-mundo-emprendedor\/#authorImage","url":"https:\/\/secure.gravatar.com\/avatar\/df2aeffc32bcd13f8d26072ef8a91b623d677766deac7f97ca815868cd41bf5e?s=96&d=mm&r=g","width":96,"height":96,"caption":"El Digital de Asturias"}},{"@type":"WebPage","@id":"https:\/\/www.eldigitaldeasturias.com\/noticias\/juan-roig-quiere-hacer-de-valencia-un-referente-en-el-mundo-emprendedor\/#webpage","url":"https:\/\/www.eldigitaldeasturias.com\/noticias\/juan-roig-quiere-hacer-de-valencia-un-referente-en-el-mundo-emprendedor\/","name":"Juan Roig quiere hacer de Valencia \u00abun referente\u00bb en el mundo emprendedor - El Digital de Asturias","description":"Madrid, 9 feb (EFE).- El empresario Juan Roig tiene el prop\u00f3sito de que la ciudad de Valencia se convierta en \"un referente en emprendedurismo\", por medio de su aceleradora de startup, L\u00e1nzadera, su empresa de inversiones Angels Capital y la escuela de negocios EDEM, ha dicho a EFE Jaime Esteban, responsable del proyecto. La idea","inLanguage":"es-ES","isPartOf":{"@id":"https:\/\/www.eldigitaldeasturias.com\/noticias\/#website"},"breadcrumb":{"@id":"https:\/\/www.eldigitaldeasturias.com\/noticias\/juan-roig-quiere-hacer-de-valencia-un-referente-en-el-mundo-emprendedor\/#breadcrumblist"},"author":{"@id":"https:\/\/www.eldigitaldeasturias.com\/noticias\/author\/admin\/#author"},"creator":{"@id":"https:\/\/www.eldigitaldeasturias.com\/noticias\/author\/admin\/#author"},"image":{"@type":"ImageObject","url":487238,"@id":"https:\/\/www.eldigitaldeasturias.com\/noticias\/juan-roig-quiere-hacer-de-valencia-un-referente-en-el-mundo-emprendedor\/#mainImage"},"primaryImageOfPage":{"@id":"https:\/\/www.eldigitaldeasturias.com\/noticias\/juan-roig-quiere-hacer-de-valencia-un-referente-en-el-mundo-emprendedor\/#mainImage"},"datePublished":"2014-02-09T19:03:09+01:00","dateModified":"2014-02-09T19:19:48+01:00"},{"@type":"WebSite","@id":"https:\/\/www.eldigitaldeasturias.com\/noticias\/#website","url":"https:\/\/www.eldigitaldeasturias.com\/noticias\/","name":"El Digital de Asturias - Diario de actualidad y noticias","alternateName":"El Digital de Asturias - Diario de actualidad y noticias","description":"Hemeroteca","inLanguage":"es-ES","publisher":{"@id":"https:\/\/www.eldigitaldeasturias.com\/noticias\/#organization"}}]},"og:locale":"es_ES","og:site_name":"El Digital de Asturias","og:type":"article","og:title":"Juan Roig quiere hacer de Valencia \u00abun referente\u00bb en el mundo emprendedor - El Digital de Asturias","og:description":"Madrid, 9 feb (EFE).- El empresario Juan Roig tiene el prop\u00f3sito de que la ciudad de Valencia se convierta en &quot;un referente en emprendedurismo&quot;, por medio de su aceleradora de startup, L\u00e1nzadera, su empresa de inversiones Angels Capital y la escuela de negocios EDEM, ha dicho a EFE Jaime Esteban, responsable del proyecto. La idea","og:url":"https:\/\/www.eldigitaldeasturias.com\/noticias\/juan-roig-quiere-hacer-de-valencia-un-referente-en-el-mundo-emprendedor\/","article:tag":["actualidad"],"article:published_time":"2014-02-09T20:03:09+00:00","article:modified_time":"2014-02-09T20:19:48+00:00","article:publisher":"https:\/\/facebook.com\/eldigitaldeasturias","twitter:card":"summary_large_image","twitter:title":"Juan Roig quiere hacer de Valencia \u00abun referente\u00bb en el mundo emprendedor - El Digital de Asturias","twitter:description":"Madrid, 9 feb (EFE).- El empresario Juan Roig tiene el prop\u00f3sito de que la ciudad de Valencia se convierta en &quot;un referente en emprendedurismo&quot;, por medio de su aceleradora de startup, L\u00e1nzadera, su empresa de inversiones Angels Capital y la escuela de negocios EDEM, ha dicho a EFE Jaime Esteban, responsable del proyecto. La idea","twitter:label1":"Escrito por","twitter:data1":"El Digital de Asturias","twitter:label2":"Tiempo de lectura estimado","twitter:data2":"3 minutos"},"aioseo_meta_data":{"post_id":"487237","title":null,"description":null,"keywords":null,"keyphrases":null,"primary_term":null,"canonical_url":null,"og_title":null,"og_description":null,"og_object_type":"default","og_image_type":"default","og_image_url":null,"og_image_width":null,"og_image_height":null,"og_image_custom_url":null,"og_image_custom_fields":null,"og_video":null,"og_custom_url":null,"og_article_section":null,"og_article_tags":null,"twitter_use_og":true,"twitter_card":"default","twitter_image_type":"default","twitter_image_url":null,"twitter_image_custom_url":null,"twitter_image_custom_fields":null,"twitter_title":null,"twitter_description":null,"schema":{"blockGraphs":[],"customGraphs":[],"default":{"data":{"Article":[],"Course":[],"Dataset":[],"FAQPage":[],"Movie":[],"Person":[],"Product":[],"ProductReview":[],"Car":[],"Recipe":[],"Service":[],"SoftwareApplication":[],"WebPage":[]},"graphName":"","isEnabled":true},"graphs":[],"defaultGraph":"","defaultPostTypeGraph":""},"schema_type":null,"schema_type_options":null,"pillar_content":false,"robots_default":true,"robots_noindex":false,"robots_noarchive":false,"robots_nosnippet":false,"robots_nofollow":false,"robots_noimageindex":false,"robots_noodp":false,"robots_notranslate":false,"robots_max_snippet":null,"robots_max_videopreview":null,"robots_max_imagepreview":"none","priority":null,"frequency":null,"local_seo":null,"seo_analyzer_scan_date":"2026-06-03 04:06:31","breadcrumb_settings":null,"limit_modified_date":false,"open_ai":null,"ai":null,"created":"2020-11-14 22:56:21","updated":"2026-06-03 04:06:31","focus_keyword":null,"additional_keywords":null,"truseo_locale":null},"aioseo_breadcrumb":"<div class=\"aioseo-breadcrumbs\"><span class=\"aioseo-breadcrumb\">\n\t<a href=\"https:\/\/www.eldigitaldeasturias.com\/noticias\" title=\"Home\">Home<\/a>\n<\/span><span class=\"aioseo-breadcrumb-separator\">\u2013<\/span><span class=\"aioseo-breadcrumb\">\n\t<a href=\"https:\/\/www.eldigitaldeasturias.com\/noticias\/category\/actualidad\/\" title=\"Actualidad\">Actualidad<\/a>\n<\/span><span class=\"aioseo-breadcrumb-separator\">\u2013<\/span><span class=\"aioseo-breadcrumb\">\n\t<a href=\"https:\/\/www.eldigitaldeasturias.com\/noticias\/juan-roig-quiere-hacer-de-valencia-un-referente-en-el-mundo-emprendedor\/\" title=\"Juan Roig quiere hacer de Valencia \u00abun referente\u00bb en el mundo emprendedor\">Juan Roig quiere hacer de Valencia \u00abun referente\u00bb en el mundo emprendedor<\/a>\n<\/span><\/div>","aioseo_breadcrumb_json":[{"label":"Home","link":"https:\/\/www.eldigitaldeasturias.com\/noticias"},{"label":"Actualidad","link":"https:\/\/www.eldigitaldeasturias.com\/noticias\/category\/actualidad\/"},{"label":"Juan Roig quiere hacer de Valencia \u00abun referente\u00bb en el mundo emprendedor","link":"https:\/\/www.eldigitaldeasturias.com\/noticias\/juan-roig-quiere-hacer-de-valencia-un-referente-en-el-mundo-emprendedor\/"}],"_links":{"self":[{"href":"https:\/\/www.eldigitaldeasturias.com\/noticias\/wp-json\/wp\/v2\/posts\/487237","targetHints":{"allow":["GET"]}}],"collection":[{"href":"https:\/\/www.eldigitaldeasturias.com\/noticias\/wp-json\/wp\/v2\/posts"}],"about":[{"href":"https:\/\/www.eldigitaldeasturias.com\/noticias\/wp-json\/wp\/v2\/types\/post"}],"author":[{"embeddable":true,"href":"https:\/\/www.eldigitaldeasturias.com\/noticias\/wp-json\/wp\/v2\/users\/1"}],"replies":[{"embeddable":true,"href":"https:\/\/www.eldigitaldeasturias.com\/noticias\/wp-json\/wp\/v2\/comments?post=487237"}],"version-history":[{"count":0,"href":"https:\/\/www.eldigitaldeasturias.com\/noticias\/wp-json\/wp\/v2\/posts\/487237\/revisions"}],"wp:attachment":[{"href":"https:\/\/www.eldigitaldeasturias.com\/noticias\/wp-json\/wp\/v2\/media?parent=487237"}],"wp:term":[{"taxonomy":"category","embeddable":true,"href":"https:\/\/www.eldigitaldeasturias.com\/noticias\/wp-json\/wp\/v2\/categories?post=487237"},{"taxonomy":"post_tag","embeddable":true,"href":"https:\/\/www.eldigitaldeasturias.com\/noticias\/wp-json\/wp\/v2\/tags?post=487237"}],"curies":[{"name":"wp","href":"https:\/\/api.w.org\/{rel}","templated":true}]}}