{"id":487225,"date":"2014-02-09T18:55:13","date_gmt":"2014-02-09T19:55:13","guid":{"rendered":"http:\/\/www.eldigitaldeasturias.com\/noticias\/?p=487225"},"modified":"2014-02-09T18:55:13","modified_gmt":"2014-02-09T19:55:13","slug":"balanzas-fiscales-quien-aporta-y-recibe-mas","status":"publish","type":"post","link":"https:\/\/www.eldigitaldeasturias.com\/noticias\/balanzas-fiscales-quien-aporta-y-recibe-mas\/","title":{"rendered":"Balanzas fiscales, \u00bfqui\u00e9n aporta y recibe m\u00e1s?"},"content":{"rendered":"<p><img loading=\"lazy\" decoding=\"async\" class=\"alignleft size-medium wp-image-487226\" alt=\"5925106w\" src=\"https:\/\/www.eldigitaldeasturias.com\/noticias\/wp-content\/uploads\/2014\/02\/5925106w-360x240.jpg\" width=\"360\" height=\"240\" \/>Madrid, 9 feb (EFE).- Cada vez que se desempolvan las balanzas fiscales, la herramienta econ\u00f3mica que pretende dilucidar el saldo econ\u00f3mico entre lo que recibe y aporta cada comunidad aut\u00f3noma de la Administraci\u00f3n central, se suscita la pol\u00e9mica, al entender muchas de las autonom\u00edas que la metodolog\u00eda no es la adecuada.<\/p>\n<p>As\u00ed ha vuelto a suceder esta semana tras dar a conocer el pasado martes el Ministerio de Hacienda y Administraciones P\u00fablicas que publicar\u00e1 en marzo los resultados del sistema de cuentas p\u00fablicas territorializadas de 2011, \u00faltimo ejercicio liquidado, que incluir\u00e1n estas balanzas.<\/p>\n<p>Al conocerse el informe de 636 folios del Instituto de Estudios Fiscales, que fijar\u00e1 el m\u00e9todo de c\u00e1lculo de las balanzas y establecer\u00e1 los datos que se utilizar\u00e1n para el c\u00e1lculo del sistema de cuentas p\u00fablicas territorializadas, se han iniciado las cr\u00edticas de algunos presidentes auton\u00f3micos, especialmente los de Madrid y Extremadura, Ignacio Gonz\u00e1lez y Jos\u00e9 Antonio Monago, respectivamente.<\/p>\n<p>El prop\u00f3sito, seg\u00fan ese informe, no es eliminar el dato de las balanzas fiscales \u00absino superarlo, con un instrumento m\u00e1s potente, que ofrezca toda la informaci\u00f3n para comprenderlo y evitar interpretaciones sesgadas\u00bb.<\/p>\n<p>El economista e investigador del CSIC \u00c1ngel de la Fuente, uno de los tres acad\u00e9micos que dise\u00f1an la metodolog\u00eda de las cuentas p\u00fablicas territorializadas, ha calculado que las balanzas situar\u00e1n el d\u00e9ficit catal\u00e1n en unos 11.000 millones, cifra similar a la calculada por la Generalitat.<\/p>\n<p>Ha asegurado que la Generalitat ya puede hacer sus c\u00e1lculos a partir de los 350 datos que desde el martes se pueden consultar en la web del Ministerio de Hacienda.<\/p>\n<p>La vicepresidenta del Gobierno, Soraya S\u00e1enz de Santamar\u00eda, ha rechazado que se pretenda la publicaci\u00f3n o no de las balanzas fiscales en funci\u00f3n de que pueda interesar m\u00e1s o menos al discurso propio de cada territorio.<\/p>\n<p>Esta semana, el presidente de Madrid, Ignacio Gonz\u00e1lez, ha calificado de \u00abfiltraci\u00f3n lamentable\u00bb y de \u00abpeligroso y mal planteado\u00bb el m\u00e9todo de c\u00e1lculo con el que Hacienda va a elaborar las balanzas fiscales; ha exigido \u00abseriedad y responsabilidad \u00bb y que no se \u00abdistorsionen los datos reales\u00bb.<\/p>\n<p>El presidente extreme\u00f1o, Jos\u00e9 Antonio Monago, ha exhibido el cumplimiento por segundo a\u00f1o consecutivo de su objetivo de d\u00e9ficit, que cerr\u00f3 2013 en el 0,92 % -por debajo del 1 % fijado- como una de las \u00abmuchas balanzas\u00bb que la regi\u00f3n puede presentar para exigir lo que es suyo \u00aba Europa y Espa\u00f1a\u00bb.<\/p>\n<p>Ha rechazado la publicaci\u00f3n de las balanzas fiscales porque no son objetivas y ha defendido las que difundir\u00e1 Extremadura el 5 de marzo, ya que pondr\u00e1n sobre la mesa \u00abrazones\u00bb.<\/p>\n<p>La portavoz de Hacienda y Presupuesto del Grupo Popular en la Asamblea de Extremadura, Beatriz Villalba, ha exigido que haya un sistema de financiaci\u00f3n auton\u00f3mica del Sur, \u00abbasado principalmente en los d\u00e9ficit hist\u00f3ricos tanto de infraestructuras como de industria, as\u00ed como en el alto nivel de paro existente\u00bb.<\/p>\n<p>Para el portavoz de la Junta de Castilla y Le\u00f3n, Jos\u00e9 Antonio de Santiago-Ju\u00e1rez, el debate sobre la publicaci\u00f3n de las balanzas \u00abparece el mercadeo de un zoco\u00bb y ha pedido \u00absensatez, cordura y sentido com\u00fan\u00bb, en vez del \u00abconcurso de ocurrencias\u00bb.<\/p>\n<p>Las balanzas fiscales son un instrumento de informaci\u00f3n econ\u00f3mica que imputa territorialmente los ingresos y gastos de las instituciones del sector p\u00fablico en un periodo de tiempo determinado, y calcula el saldo fiscal resultante en cada territorio.<\/p>\n<p>Hasta la fecha no exist\u00eda ning\u00fan organismo oficial encargado de consensuar y normalizar la metodolog\u00eda de estimaci\u00f3n para su c\u00e1lculo y las m\u00e1s de treinta que se han hecho eran, en su mayor\u00eda, del \u00e1mbito acad\u00e9mico y con resultados dispares.<\/p>\n<p>Adem\u00e1s, la interpretaci\u00f3n posterior de esos datos sufr\u00eda el sesgo pol\u00edtico, con gran repercusi\u00f3n y debate pol\u00edtico entre el Gobierno central y los auton\u00f3micos para reclamar mayores inversiones en funci\u00f3n de los saldos fiscales.<\/p>\n<p>El Gobierno anterior encomend\u00f3 al Instituto de Estudios Fiscales la creaci\u00f3n de un grupo de trabajo, que elabor\u00f3 un documento, presentado en septiembre de 2006, en el Senado, que apostaba por un proceso de convergencia metodol\u00f3gica que diera garant\u00edas sobre la fiabilidad de los datos ofrecidos y evitara equ\u00edvocos sobre su interpretaci\u00f3n.<\/p>\n<p>Finalmente, en julio de 2008, el Gobierno present\u00f3 las balanzas fiscales de 2005, que confirmaron que las CCAA con mayor renta per c\u00e1pita son las que m\u00e1s contribuyeron, mientras que las de menor renta obtuvieron super\u00e1vit fiscal.<\/p>\n<p>La Generalitat pidi\u00f3 en 2012 la actualizaci\u00f3n de las balanzas fiscales y aleg\u00f3 que el d\u00e9ficit fiscal de Catalu\u00f1a con respecto al Estado entre 1986 y 2009 fue cada a\u00f1o, de media, un 8 % del PIB catal\u00e1n.<\/p>\n<p>Seg\u00fan los datos de 2011, Madrid, con 11.478 millones de euros, fue la comunidad en la que m\u00e1s invirti\u00f3 el Estado, cifra a la que hay que a\u00f1adir m\u00e1s de 13.282 millones en diferentes gastos -incluidas las pensiones- de la Seguridad Social.<\/p>\n<p>Le sigue en inversi\u00f3n Catalu\u00f1a (8.114 millones), que es la primera en gasto de la Seguridad Social (18.424 millones).<\/p>\n<p>&nbsp;<\/p>\n","protected":false},"excerpt":{"rendered":"<p>Madrid, 9 feb (EFE).- Cada vez que se desempolvan las balanzas fiscales, la herramienta econ\u00f3mica que pretende dilucidar el saldo econ\u00f3mico entre lo que recibe y aporta cada comunidad aut\u00f3noma de la Administraci\u00f3n central, se suscita la pol\u00e9mica, al entender muchas de las autonom\u00edas que la metodolog\u00eda no es la adecuada. As\u00ed ha vuelto a [&hellip;]<\/p>\n","protected":false},"author":1,"featured_media":487226,"comment_status":"open","ping_status":"open","sticky":false,"template":"","format":"standard","meta":{"footnotes":""},"categories":[1],"tags":[],"class_list":["post-487225","post","type-post","status-publish","format-standard","has-post-thumbnail","hentry","category-actualidad"],"aioseo_notices":[],"aioseo_head":"\n\t\t<!-- All in One SEO Pro 5.0.1 - aioseo.com -->\n\t<meta name=\"description\" content=\"Madrid, 9 feb (EFE).- Cada vez que se desempolvan las balanzas fiscales, la herramienta econ\u00f3mica que pretende dilucidar el saldo econ\u00f3mico entre lo que recibe y aporta cada comunidad aut\u00f3noma de la Administraci\u00f3n central, se suscita la pol\u00e9mica, al entender muchas de las autonom\u00edas que la metodolog\u00eda no es la adecuada. As\u00ed ha vuelto a\" \/>\n\t<meta name=\"robots\" content=\"max-image-preview:large\" \/>\n\t<meta name=\"author\" content=\"El Digital de Asturias\"\/>\n\t<meta name=\"google-site-verification\" content=\"UA-38556648-1\" \/>\n\t<meta name=\"msvalidate.01\" content=\"7dfe9f3f1b24437ab69f4f2559babe99\" \/>\n\t<meta name=\"keywords\" content=\"actualidad\" \/>\n\t<link rel=\"canonical\" href=\"https:\/\/www.eldigitaldeasturias.com\/noticias\/balanzas-fiscales-quien-aporta-y-recibe-mas\/\" \/>\n\t<meta name=\"generator\" content=\"All in One SEO Pro (AIOSEO) 5.0.1\" \/>\n\t\t<meta property=\"og:locale\" content=\"es_ES\" \/>\n\t\t<meta property=\"og:site_name\" content=\"El Digital de Asturias\" \/>\n\t\t<meta property=\"og:type\" content=\"article\" \/>\n\t\t<meta property=\"og:title\" content=\"Balanzas fiscales, \u00bfqui\u00e9n aporta y recibe m\u00e1s? - El Digital de Asturias\" \/>\n\t\t<meta property=\"og:description\" content=\"Madrid, 9 feb (EFE).- Cada vez que se desempolvan las balanzas fiscales, la herramienta econ\u00f3mica que pretende dilucidar el saldo econ\u00f3mico entre lo que recibe y aporta cada comunidad aut\u00f3noma de la Administraci\u00f3n central, se suscita la pol\u00e9mica, al entender muchas de las autonom\u00edas que la metodolog\u00eda no es la adecuada. As\u00ed ha vuelto a\" \/>\n\t\t<meta property=\"og:url\" content=\"https:\/\/www.eldigitaldeasturias.com\/noticias\/balanzas-fiscales-quien-aporta-y-recibe-mas\/\" \/>\n\t\t<meta property=\"article:tag\" content=\"actualidad\" \/>\n\t\t<meta property=\"article:published_time\" content=\"2014-02-09T19:55:13+00:00\" \/>\n\t\t<meta property=\"article:modified_time\" content=\"2014-02-09T19:55:13+00:00\" \/>\n\t\t<meta property=\"article:publisher\" content=\"https:\/\/facebook.com\/eldigitaldeasturias\" \/>\n\t\t<meta name=\"twitter:card\" content=\"summary_large_image\" \/>\n\t\t<meta name=\"twitter:title\" content=\"Balanzas fiscales, \u00bfqui\u00e9n aporta y recibe m\u00e1s? - El Digital de Asturias\" \/>\n\t\t<meta name=\"twitter:description\" content=\"Madrid, 9 feb (EFE).- Cada vez que se desempolvan las balanzas fiscales, la herramienta econ\u00f3mica que pretende dilucidar el saldo econ\u00f3mico entre lo que recibe y aporta cada comunidad aut\u00f3noma de la Administraci\u00f3n central, se suscita la pol\u00e9mica, al entender muchas de las autonom\u00edas que la metodolog\u00eda no es la adecuada. As\u00ed ha vuelto a\" \/>\n\t\t<meta name=\"twitter:label1\" content=\"Escrito por\" \/>\n\t\t<meta name=\"twitter:data1\" content=\"El Digital de Asturias\" \/>\n\t\t<meta name=\"twitter:label2\" content=\"Tiempo de lectura estimado\" \/>\n\t\t<meta name=\"twitter:data2\" content=\"4 minutos\" \/>\n\t\t<script type=\"application\/ld+json\" class=\"aioseo-schema\">\n\t\t\t{\"@context\":\"https:\\\/\\\/schema.org\",\"@graph\":[{\"@type\":\"BlogPosting\",\"@id\":\"https:\\\/\\\/www.eldigitaldeasturias.com\\\/noticias\\\/balanzas-fiscales-quien-aporta-y-recibe-mas\\\/#blogposting\",\"name\":\"Balanzas fiscales, \\u00bfqui\\u00e9n aporta y recibe m\\u00e1s? - El Digital de Asturias\",\"headline\":\"Balanzas fiscales, \\u00bfqui\\u00e9n aporta y recibe m\\u00e1s?\",\"author\":{\"@id\":\"https:\\\/\\\/www.eldigitaldeasturias.com\\\/noticias\\\/author\\\/admin\\\/#author\"},\"publisher\":{\"@id\":\"https:\\\/\\\/www.eldigitaldeasturias.com\\\/noticias\\\/#organization\"},\"image\":{\"@type\":\"ImageObject\",\"url\":487226},\"datePublished\":\"2014-02-09T18:55:13+01:00\",\"dateModified\":\"2014-02-09T18:55:13+01:00\",\"inLanguage\":\"es-ES\",\"mainEntityOfPage\":{\"@id\":\"https:\\\/\\\/www.eldigitaldeasturias.com\\\/noticias\\\/balanzas-fiscales-quien-aporta-y-recibe-mas\\\/#webpage\"},\"isPartOf\":{\"@id\":\"https:\\\/\\\/www.eldigitaldeasturias.com\\\/noticias\\\/balanzas-fiscales-quien-aporta-y-recibe-mas\\\/#webpage\"},\"articleSection\":\"Actualidad\"},{\"@type\":\"BreadcrumbList\",\"@id\":\"https:\\\/\\\/www.eldigitaldeasturias.com\\\/noticias\\\/balanzas-fiscales-quien-aporta-y-recibe-mas\\\/#breadcrumblist\",\"itemListElement\":[{\"@type\":\"ListItem\",\"@id\":\"https:\\\/\\\/www.eldigitaldeasturias.com\\\/noticias#listItem\",\"position\":1,\"name\":\"Home\",\"item\":\"https:\\\/\\\/www.eldigitaldeasturias.com\\\/noticias\",\"nextItem\":{\"@type\":\"ListItem\",\"@id\":\"https:\\\/\\\/www.eldigitaldeasturias.com\\\/noticias\\\/category\\\/actualidad\\\/#listItem\",\"name\":\"Actualidad\"}},{\"@type\":\"ListItem\",\"@id\":\"https:\\\/\\\/www.eldigitaldeasturias.com\\\/noticias\\\/category\\\/actualidad\\\/#listItem\",\"position\":2,\"name\":\"Actualidad\",\"item\":\"https:\\\/\\\/www.eldigitaldeasturias.com\\\/noticias\\\/category\\\/actualidad\\\/\",\"nextItem\":{\"@type\":\"ListItem\",\"@id\":\"https:\\\/\\\/www.eldigitaldeasturias.com\\\/noticias\\\/balanzas-fiscales-quien-aporta-y-recibe-mas\\\/#listItem\",\"name\":\"Balanzas fiscales, \\u00bfqui\\u00e9n aporta y recibe m\\u00e1s?\"},\"previousItem\":{\"@type\":\"ListItem\",\"@id\":\"https:\\\/\\\/www.eldigitaldeasturias.com\\\/noticias#listItem\",\"name\":\"Home\"}},{\"@type\":\"ListItem\",\"@id\":\"https:\\\/\\\/www.eldigitaldeasturias.com\\\/noticias\\\/balanzas-fiscales-quien-aporta-y-recibe-mas\\\/#listItem\",\"position\":3,\"name\":\"Balanzas fiscales, \\u00bfqui\\u00e9n aporta y recibe m\\u00e1s?\",\"previousItem\":{\"@type\":\"ListItem\",\"@id\":\"https:\\\/\\\/www.eldigitaldeasturias.com\\\/noticias\\\/category\\\/actualidad\\\/#listItem\",\"name\":\"Actualidad\"}}]},{\"@type\":\"Organization\",\"@id\":\"https:\\\/\\\/www.eldigitaldeasturias.com\\\/noticias\\\/#organization\",\"name\":\"El Digital de Asturias\",\"description\":\"Hemeroteca\",\"url\":\"https:\\\/\\\/www.eldigitaldeasturias.com\\\/noticias\\\/\",\"email\":\"info@eldigitaldeasturias.com\",\"telephone\":\"+34652131393\",\"logo\":{\"@type\":\"ImageObject\",\"url\":\"https:\\\/\\\/www.eldigitaldeasturias.com\\\/noticias\\\/wp-content\\\/uploads\\\/2020\\\/12\\\/EDA.jpg\",\"@id\":\"https:\\\/\\\/www.eldigitaldeasturias.com\\\/noticias\\\/balanzas-fiscales-quien-aporta-y-recibe-mas\\\/#organizationLogo\"},\"image\":{\"@id\":\"https:\\\/\\\/www.eldigitaldeasturias.com\\\/noticias\\\/balanzas-fiscales-quien-aporta-y-recibe-mas\\\/#organizationLogo\"},\"sameAs\":[\"https:\\\/\\\/facebook.com\\\/eldigitaldeasturias\",\"https:\\\/\\\/www.youtube.com\\\/channel\\\/UCZP-2wLEB9Rv6erhFmqVnvg\"],\"address\":{\"@id\":\"https:\\\/\\\/www.eldigitaldeasturias.com\\\/noticias\\\/#postaladdress\",\"@type\":\"PostalAddress\",\"streetAddress\":\"san antonio 4\",\"postalCode\":\"33430\",\"addressLocality\":\"Cand\\u00e1s\",\"addressRegion\":\"Asturias\",\"addressCountry\":\"ES\"}},{\"@type\":\"Person\",\"@id\":\"https:\\\/\\\/www.eldigitaldeasturias.com\\\/noticias\\\/author\\\/admin\\\/#author\",\"url\":\"https:\\\/\\\/www.eldigitaldeasturias.com\\\/noticias\\\/author\\\/admin\\\/\",\"name\":\"El Digital de Asturias\",\"image\":{\"@type\":\"ImageObject\",\"@id\":\"https:\\\/\\\/www.eldigitaldeasturias.com\\\/noticias\\\/balanzas-fiscales-quien-aporta-y-recibe-mas\\\/#authorImage\",\"url\":\"https:\\\/\\\/secure.gravatar.com\\\/avatar\\\/df2aeffc32bcd13f8d26072ef8a91b623d677766deac7f97ca815868cd41bf5e?s=96&d=mm&r=g\",\"width\":96,\"height\":96,\"caption\":\"El Digital de Asturias\"}},{\"@type\":\"WebPage\",\"@id\":\"https:\\\/\\\/www.eldigitaldeasturias.com\\\/noticias\\\/balanzas-fiscales-quien-aporta-y-recibe-mas\\\/#webpage\",\"url\":\"https:\\\/\\\/www.eldigitaldeasturias.com\\\/noticias\\\/balanzas-fiscales-quien-aporta-y-recibe-mas\\\/\",\"name\":\"Balanzas fiscales, \\u00bfqui\\u00e9n aporta y recibe m\\u00e1s? - El Digital de Asturias\",\"description\":\"Madrid, 9 feb (EFE).- Cada vez que se desempolvan las balanzas fiscales, la herramienta econ\\u00f3mica que pretende dilucidar el saldo econ\\u00f3mico entre lo que recibe y aporta cada comunidad aut\\u00f3noma de la Administraci\\u00f3n central, se suscita la pol\\u00e9mica, al entender muchas de las autonom\\u00edas que la metodolog\\u00eda no es la adecuada. As\\u00ed ha vuelto a\",\"inLanguage\":\"es-ES\",\"isPartOf\":{\"@id\":\"https:\\\/\\\/www.eldigitaldeasturias.com\\\/noticias\\\/#website\"},\"breadcrumb\":{\"@id\":\"https:\\\/\\\/www.eldigitaldeasturias.com\\\/noticias\\\/balanzas-fiscales-quien-aporta-y-recibe-mas\\\/#breadcrumblist\"},\"author\":{\"@id\":\"https:\\\/\\\/www.eldigitaldeasturias.com\\\/noticias\\\/author\\\/admin\\\/#author\"},\"creator\":{\"@id\":\"https:\\\/\\\/www.eldigitaldeasturias.com\\\/noticias\\\/author\\\/admin\\\/#author\"},\"image\":{\"@type\":\"ImageObject\",\"url\":487226,\"@id\":\"https:\\\/\\\/www.eldigitaldeasturias.com\\\/noticias\\\/balanzas-fiscales-quien-aporta-y-recibe-mas\\\/#mainImage\"},\"primaryImageOfPage\":{\"@id\":\"https:\\\/\\\/www.eldigitaldeasturias.com\\\/noticias\\\/balanzas-fiscales-quien-aporta-y-recibe-mas\\\/#mainImage\"},\"datePublished\":\"2014-02-09T18:55:13+01:00\",\"dateModified\":\"2014-02-09T18:55:13+01:00\"},{\"@type\":\"WebSite\",\"@id\":\"https:\\\/\\\/www.eldigitaldeasturias.com\\\/noticias\\\/#website\",\"url\":\"https:\\\/\\\/www.eldigitaldeasturias.com\\\/noticias\\\/\",\"name\":\"El Digital de Asturias - Diario de actualidad y noticias\",\"alternateName\":\"El Digital de Asturias - Diario de actualidad y noticias\",\"description\":\"Hemeroteca\",\"inLanguage\":\"es-ES\",\"publisher\":{\"@id\":\"https:\\\/\\\/www.eldigitaldeasturias.com\\\/noticias\\\/#organization\"}}]}\n\t\t<\/script>\n\t\t<!-- All in One SEO Pro -->\r\n\t\t<title>Balanzas fiscales, \u00bfqui\u00e9n aporta y recibe m\u00e1s? - El Digital de Asturias<\/title>\n\n","aioseo_head_json":{"title":"Balanzas fiscales, \u00bfqui\u00e9n aporta y recibe m\u00e1s? - El Digital de Asturias","description":"Madrid, 9 feb (EFE).- Cada vez que se desempolvan las balanzas fiscales, la herramienta econ\u00f3mica que pretende dilucidar el saldo econ\u00f3mico entre lo que recibe y aporta cada comunidad aut\u00f3noma de la Administraci\u00f3n central, se suscita la pol\u00e9mica, al entender muchas de las autonom\u00edas que la metodolog\u00eda no es la adecuada. As\u00ed ha vuelto a","canonical_url":"https:\/\/www.eldigitaldeasturias.com\/noticias\/balanzas-fiscales-quien-aporta-y-recibe-mas\/","robots":"max-image-preview:large","keywords":"actualidad","webmasterTools":{"google-site-verification":"UA-38556648-1","msvalidate.01":"7dfe9f3f1b24437ab69f4f2559babe99","miscellaneous":""},"schema":{"@context":"https:\/\/schema.org","@graph":[{"@type":"BlogPosting","@id":"https:\/\/www.eldigitaldeasturias.com\/noticias\/balanzas-fiscales-quien-aporta-y-recibe-mas\/#blogposting","name":"Balanzas fiscales, \u00bfqui\u00e9n aporta y recibe m\u00e1s? - El Digital de Asturias","headline":"Balanzas fiscales, \u00bfqui\u00e9n aporta y recibe m\u00e1s?","author":{"@id":"https:\/\/www.eldigitaldeasturias.com\/noticias\/author\/admin\/#author"},"publisher":{"@id":"https:\/\/www.eldigitaldeasturias.com\/noticias\/#organization"},"image":{"@type":"ImageObject","url":487226},"datePublished":"2014-02-09T18:55:13+01:00","dateModified":"2014-02-09T18:55:13+01:00","inLanguage":"es-ES","mainEntityOfPage":{"@id":"https:\/\/www.eldigitaldeasturias.com\/noticias\/balanzas-fiscales-quien-aporta-y-recibe-mas\/#webpage"},"isPartOf":{"@id":"https:\/\/www.eldigitaldeasturias.com\/noticias\/balanzas-fiscales-quien-aporta-y-recibe-mas\/#webpage"},"articleSection":"Actualidad"},{"@type":"BreadcrumbList","@id":"https:\/\/www.eldigitaldeasturias.com\/noticias\/balanzas-fiscales-quien-aporta-y-recibe-mas\/#breadcrumblist","itemListElement":[{"@type":"ListItem","@id":"https:\/\/www.eldigitaldeasturias.com\/noticias#listItem","position":1,"name":"Home","item":"https:\/\/www.eldigitaldeasturias.com\/noticias","nextItem":{"@type":"ListItem","@id":"https:\/\/www.eldigitaldeasturias.com\/noticias\/category\/actualidad\/#listItem","name":"Actualidad"}},{"@type":"ListItem","@id":"https:\/\/www.eldigitaldeasturias.com\/noticias\/category\/actualidad\/#listItem","position":2,"name":"Actualidad","item":"https:\/\/www.eldigitaldeasturias.com\/noticias\/category\/actualidad\/","nextItem":{"@type":"ListItem","@id":"https:\/\/www.eldigitaldeasturias.com\/noticias\/balanzas-fiscales-quien-aporta-y-recibe-mas\/#listItem","name":"Balanzas fiscales, \u00bfqui\u00e9n aporta y recibe m\u00e1s?"},"previousItem":{"@type":"ListItem","@id":"https:\/\/www.eldigitaldeasturias.com\/noticias#listItem","name":"Home"}},{"@type":"ListItem","@id":"https:\/\/www.eldigitaldeasturias.com\/noticias\/balanzas-fiscales-quien-aporta-y-recibe-mas\/#listItem","position":3,"name":"Balanzas fiscales, \u00bfqui\u00e9n aporta y recibe m\u00e1s?","previousItem":{"@type":"ListItem","@id":"https:\/\/www.eldigitaldeasturias.com\/noticias\/category\/actualidad\/#listItem","name":"Actualidad"}}]},{"@type":"Organization","@id":"https:\/\/www.eldigitaldeasturias.com\/noticias\/#organization","name":"El Digital de Asturias","description":"Hemeroteca","url":"https:\/\/www.eldigitaldeasturias.com\/noticias\/","email":"info@eldigitaldeasturias.com","telephone":"+34652131393","logo":{"@type":"ImageObject","url":"https:\/\/www.eldigitaldeasturias.com\/noticias\/wp-content\/uploads\/2020\/12\/EDA.jpg","@id":"https:\/\/www.eldigitaldeasturias.com\/noticias\/balanzas-fiscales-quien-aporta-y-recibe-mas\/#organizationLogo"},"image":{"@id":"https:\/\/www.eldigitaldeasturias.com\/noticias\/balanzas-fiscales-quien-aporta-y-recibe-mas\/#organizationLogo"},"sameAs":["https:\/\/facebook.com\/eldigitaldeasturias","https:\/\/www.youtube.com\/channel\/UCZP-2wLEB9Rv6erhFmqVnvg"],"address":{"@id":"https:\/\/www.eldigitaldeasturias.com\/noticias\/#postaladdress","@type":"PostalAddress","streetAddress":"san antonio 4","postalCode":"33430","addressLocality":"Cand\u00e1s","addressRegion":"Asturias","addressCountry":"ES"}},{"@type":"Person","@id":"https:\/\/www.eldigitaldeasturias.com\/noticias\/author\/admin\/#author","url":"https:\/\/www.eldigitaldeasturias.com\/noticias\/author\/admin\/","name":"El Digital de Asturias","image":{"@type":"ImageObject","@id":"https:\/\/www.eldigitaldeasturias.com\/noticias\/balanzas-fiscales-quien-aporta-y-recibe-mas\/#authorImage","url":"https:\/\/secure.gravatar.com\/avatar\/df2aeffc32bcd13f8d26072ef8a91b623d677766deac7f97ca815868cd41bf5e?s=96&d=mm&r=g","width":96,"height":96,"caption":"El Digital de Asturias"}},{"@type":"WebPage","@id":"https:\/\/www.eldigitaldeasturias.com\/noticias\/balanzas-fiscales-quien-aporta-y-recibe-mas\/#webpage","url":"https:\/\/www.eldigitaldeasturias.com\/noticias\/balanzas-fiscales-quien-aporta-y-recibe-mas\/","name":"Balanzas fiscales, \u00bfqui\u00e9n aporta y recibe m\u00e1s? - El Digital de Asturias","description":"Madrid, 9 feb (EFE).- Cada vez que se desempolvan las balanzas fiscales, la herramienta econ\u00f3mica que pretende dilucidar el saldo econ\u00f3mico entre lo que recibe y aporta cada comunidad aut\u00f3noma de la Administraci\u00f3n central, se suscita la pol\u00e9mica, al entender muchas de las autonom\u00edas que la metodolog\u00eda no es la adecuada. As\u00ed ha vuelto a","inLanguage":"es-ES","isPartOf":{"@id":"https:\/\/www.eldigitaldeasturias.com\/noticias\/#website"},"breadcrumb":{"@id":"https:\/\/www.eldigitaldeasturias.com\/noticias\/balanzas-fiscales-quien-aporta-y-recibe-mas\/#breadcrumblist"},"author":{"@id":"https:\/\/www.eldigitaldeasturias.com\/noticias\/author\/admin\/#author"},"creator":{"@id":"https:\/\/www.eldigitaldeasturias.com\/noticias\/author\/admin\/#author"},"image":{"@type":"ImageObject","url":487226,"@id":"https:\/\/www.eldigitaldeasturias.com\/noticias\/balanzas-fiscales-quien-aporta-y-recibe-mas\/#mainImage"},"primaryImageOfPage":{"@id":"https:\/\/www.eldigitaldeasturias.com\/noticias\/balanzas-fiscales-quien-aporta-y-recibe-mas\/#mainImage"},"datePublished":"2014-02-09T18:55:13+01:00","dateModified":"2014-02-09T18:55:13+01:00"},{"@type":"WebSite","@id":"https:\/\/www.eldigitaldeasturias.com\/noticias\/#website","url":"https:\/\/www.eldigitaldeasturias.com\/noticias\/","name":"El Digital de Asturias - Diario de actualidad y noticias","alternateName":"El Digital de Asturias - Diario de actualidad y noticias","description":"Hemeroteca","inLanguage":"es-ES","publisher":{"@id":"https:\/\/www.eldigitaldeasturias.com\/noticias\/#organization"}}]},"og:locale":"es_ES","og:site_name":"El Digital de Asturias","og:type":"article","og:title":"Balanzas fiscales, \u00bfqui\u00e9n aporta y recibe m\u00e1s? - El Digital de Asturias","og:description":"Madrid, 9 feb (EFE).- Cada vez que se desempolvan las balanzas fiscales, la herramienta econ\u00f3mica que pretende dilucidar el saldo econ\u00f3mico entre lo que recibe y aporta cada comunidad aut\u00f3noma de la Administraci\u00f3n central, se suscita la pol\u00e9mica, al entender muchas de las autonom\u00edas que la metodolog\u00eda no es la adecuada. As\u00ed ha vuelto a","og:url":"https:\/\/www.eldigitaldeasturias.com\/noticias\/balanzas-fiscales-quien-aporta-y-recibe-mas\/","article:tag":["actualidad"],"article:published_time":"2014-02-09T19:55:13+00:00","article:modified_time":"2014-02-09T19:55:13+00:00","article:publisher":"https:\/\/facebook.com\/eldigitaldeasturias","twitter:card":"summary_large_image","twitter:title":"Balanzas fiscales, \u00bfqui\u00e9n aporta y recibe m\u00e1s? - El Digital de Asturias","twitter:description":"Madrid, 9 feb (EFE).- Cada vez que se desempolvan las balanzas fiscales, la herramienta econ\u00f3mica que pretende dilucidar el saldo econ\u00f3mico entre lo que recibe y aporta cada comunidad aut\u00f3noma de la Administraci\u00f3n central, se suscita la pol\u00e9mica, al entender muchas de las autonom\u00edas que la metodolog\u00eda no es la adecuada. As\u00ed ha vuelto a","twitter:label1":"Escrito por","twitter:data1":"El Digital de Asturias","twitter:label2":"Tiempo de lectura estimado","twitter:data2":"4 minutos"},"aioseo_meta_data":{"post_id":"487225","title":null,"description":null,"keywords":null,"keyphrases":null,"primary_term":null,"canonical_url":null,"og_title":null,"og_description":null,"og_object_type":"default","og_image_type":"default","og_image_url":null,"og_image_width":null,"og_image_height":null,"og_image_custom_url":null,"og_image_custom_fields":null,"og_video":null,"og_custom_url":null,"og_article_section":null,"og_article_tags":null,"twitter_use_og":true,"twitter_card":"default","twitter_image_type":"default","twitter_image_url":null,"twitter_image_custom_url":null,"twitter_image_custom_fields":null,"twitter_title":null,"twitter_description":null,"schema":{"blockGraphs":[],"customGraphs":[],"default":{"data":{"Article":[],"Course":[],"Dataset":[],"FAQPage":[],"Movie":[],"Person":[],"Product":[],"ProductReview":[],"Car":[],"Recipe":[],"Service":[],"SoftwareApplication":[],"WebPage":[]},"graphName":"","isEnabled":true},"graphs":[]},"schema_type":null,"schema_type_options":null,"pillar_content":false,"robots_default":true,"robots_noindex":false,"robots_noarchive":false,"robots_nosnippet":false,"robots_nofollow":false,"robots_noimageindex":false,"robots_noodp":false,"robots_notranslate":false,"robots_max_snippet":null,"robots_max_videopreview":null,"robots_max_imagepreview":"none","priority":null,"frequency":null,"local_seo":null,"seo_analyzer_scan_date":"2026-06-03 04:03:47","breadcrumb_settings":null,"limit_modified_date":false,"open_ai":null,"ai":null,"created":"2020-11-14 22:56:21","updated":"2026-06-03 04:03:47","focus_keyword":null,"additional_keywords":null,"truseo_locale":null},"aioseo_breadcrumb":"<div class=\"aioseo-breadcrumbs\"><span class=\"aioseo-breadcrumb\">\n\t<a href=\"https:\/\/www.eldigitaldeasturias.com\/noticias\" title=\"Home\">Home<\/a>\n<\/span><span class=\"aioseo-breadcrumb-separator\">\u2013<\/span><span class=\"aioseo-breadcrumb\">\n\t<a href=\"https:\/\/www.eldigitaldeasturias.com\/noticias\/category\/actualidad\/\" title=\"Actualidad\">Actualidad<\/a>\n<\/span><span class=\"aioseo-breadcrumb-separator\">\u2013<\/span><span class=\"aioseo-breadcrumb\">\n\t<a href=\"https:\/\/www.eldigitaldeasturias.com\/noticias\/balanzas-fiscales-quien-aporta-y-recibe-mas\/\" title=\"Balanzas fiscales, \u00bfqui\u00e9n aporta y recibe m\u00e1s?\">Balanzas fiscales, \u00bfqui\u00e9n aporta y recibe m\u00e1s?<\/a>\n<\/span><\/div>","aioseo_breadcrumb_json":[{"label":"Home","link":"https:\/\/www.eldigitaldeasturias.com\/noticias"},{"label":"Actualidad","link":"https:\/\/www.eldigitaldeasturias.com\/noticias\/category\/actualidad\/"},{"label":"Balanzas fiscales, \u00bfqui\u00e9n aporta y recibe m\u00e1s?","link":"https:\/\/www.eldigitaldeasturias.com\/noticias\/balanzas-fiscales-quien-aporta-y-recibe-mas\/"}],"_links":{"self":[{"href":"https:\/\/www.eldigitaldeasturias.com\/noticias\/wp-json\/wp\/v2\/posts\/487225","targetHints":{"allow":["GET"]}}],"collection":[{"href":"https:\/\/www.eldigitaldeasturias.com\/noticias\/wp-json\/wp\/v2\/posts"}],"about":[{"href":"https:\/\/www.eldigitaldeasturias.com\/noticias\/wp-json\/wp\/v2\/types\/post"}],"author":[{"embeddable":true,"href":"https:\/\/www.eldigitaldeasturias.com\/noticias\/wp-json\/wp\/v2\/users\/1"}],"replies":[{"embeddable":true,"href":"https:\/\/www.eldigitaldeasturias.com\/noticias\/wp-json\/wp\/v2\/comments?post=487225"}],"version-history":[{"count":0,"href":"https:\/\/www.eldigitaldeasturias.com\/noticias\/wp-json\/wp\/v2\/posts\/487225\/revisions"}],"wp:attachment":[{"href":"https:\/\/www.eldigitaldeasturias.com\/noticias\/wp-json\/wp\/v2\/media?parent=487225"}],"wp:term":[{"taxonomy":"category","embeddable":true,"href":"https:\/\/www.eldigitaldeasturias.com\/noticias\/wp-json\/wp\/v2\/categories?post=487225"},{"taxonomy":"post_tag","embeddable":true,"href":"https:\/\/www.eldigitaldeasturias.com\/noticias\/wp-json\/wp\/v2\/tags?post=487225"}],"curies":[{"name":"wp","href":"https:\/\/api.w.org\/{rel}","templated":true}]}}