{"id":487179,"date":"2014-02-09T11:12:21","date_gmt":"2014-02-09T12:12:21","guid":{"rendered":"http:\/\/www.eldigitaldeasturias.com\/noticias\/?p=487179"},"modified":"2014-02-09T11:12:21","modified_gmt":"2014-02-09T12:12:21","slug":"agbar-exige-a-la-generalitat-que-le-entregue-la-gestion-de-atll","status":"publish","type":"post","link":"https:\/\/www.eldigitaldeasturias.com\/noticias\/agbar-exige-a-la-generalitat-que-le-entregue-la-gestion-de-atll\/","title":{"rendered":"Agbar exige a la Generalitat que le entregue la gesti\u00f3n de ATLL"},"content":{"rendered":"<p><img loading=\"lazy\" decoding=\"async\" class=\"alignleft size-medium wp-image-487180\" alt=\"5925070w\" src=\"https:\/\/www.eldigitaldeasturias.com\/noticias\/wp-content\/uploads\/2014\/02\/5925070w-360x213.jpg\" width=\"360\" height=\"213\" \/>Barcelona, 9 feb (EFE).- Aguas de Barcelona (Agbar) ha solicitado la ejecuci\u00f3n inmediata de la resoluci\u00f3n que invalid\u00f3 la adjudicaci\u00f3n de la empresa Aig\u00fces Ter-Llobregat, con lo que reclama que se revoque el contrato con Acciona y se le adjudique ya la gesti\u00f3n de esta compa\u00f1\u00eda p\u00fablica.<\/p>\n<p>En un escrito avanzado hoy por el diario La Vanguardia, Agbar pide que la ejecuci\u00f3n se realice en un plazo de diez d\u00edas h\u00e1biles e incluso advierte de que podr\u00eda denunciar a la Generalitat ante la Comisi\u00f3n Europea por incumplimiento del derecho comunitario.<\/p>\n<p>Asimismo, Agbar se\u00f1ala que \u00abest\u00e1 evaluando\u00bb la posibilidad de reclamar una indemnizaci\u00f3n por este caso, seg\u00fan este diario.<\/p>\n<p>El grupo que preside \u00c1ngel Sim\u00f3n argumenta que la Generalitat act\u00faa como si la suspensi\u00f3n cautelar \u00able hubiera sido otorgada\u00bb, cuando las resoluciones judiciales previas van en sentido contrario.<\/p>\n<p>El escrito va dirigido a la secci\u00f3n quinta de la Sala de lo Contencioso-Administrativo del Tribunal Superior de Justicia de Catalunya (TSJC), la misma que hace ya casi un a\u00f1o, el 26 de marzo de 2013, dio la raz\u00f3n a Agbar y deneg\u00f3 suspender de forma cautelar la resoluci\u00f3n del \u00d3rgano Administrativo de Recursos Contractuales de Catalu\u00f1a (OARCC).<\/p>\n<p>Agbar alega que este organismo no tiene capacidad para ejecutar sus propias resoluciones, por lo que ve \u00abimprescindible\u00bb la ejecuci\u00f3n judicial.<\/p>\n<p>Esta ejecuci\u00f3n \u00abno admite ulterior demora\u00bb, seg\u00fan Agbar, que recuerda que el auto de denegaci\u00f3n de la suspensi\u00f3n cautelar de la decisi\u00f3n del OARCC se remonta al 16 de julio del a\u00f1o pasado.<\/p>\n<p>La privatizaci\u00f3n de la gesti\u00f3n de la empresa p\u00fablica ATLL es la m\u00e1s importante llevada a cabo por la Generalitat, porque se trata de la empresa que se encarga del tratamiento, almacenamiento y distribuci\u00f3n del agua en m\u00e1s de un centenar de localidades del \u00e1rea metropolitana.<\/p>\n<p>La Generalitat ya ha ingresado casi 300 millones por la privatizaci\u00f3n de ATLL, pero se apunt\u00f3 contablemente el a\u00f1o pasado los 1.000 millones que prev\u00e9 obtener en los pr\u00f3ximos 50 a\u00f1os por esta operaci\u00f3n con el fin de reducir el d\u00e9ficit de 2013.<\/p>\n","protected":false},"excerpt":{"rendered":"<p>Barcelona, 9 feb (EFE).- Aguas de Barcelona (Agbar) ha solicitado la ejecuci\u00f3n inmediata de la resoluci\u00f3n que invalid\u00f3 la adjudicaci\u00f3n de la empresa Aig\u00fces Ter-Llobregat, con lo que reclama que se revoque el contrato con Acciona y se le adjudique ya la gesti\u00f3n de esta compa\u00f1\u00eda p\u00fablica. En un escrito avanzado hoy por el diario [&hellip;]<\/p>\n","protected":false},"author":1,"featured_media":487180,"comment_status":"open","ping_status":"open","sticky":false,"template":"","format":"standard","meta":{"footnotes":""},"categories":[1],"tags":[],"class_list":["post-487179","post","type-post","status-publish","format-standard","has-post-thumbnail","hentry","category-actualidad"],"aioseo_notices":[],"aioseo_head":"\n\t\t<!-- All in One SEO Pro 5.0.1 - aioseo.com -->\n\t<meta name=\"description\" content=\"Barcelona, 9 feb (EFE).- Aguas de Barcelona (Agbar) ha solicitado la ejecuci\u00f3n inmediata de la resoluci\u00f3n que invalid\u00f3 la adjudicaci\u00f3n de la empresa Aig\u00fces Ter-Llobregat, con lo que reclama que se revoque el contrato con Acciona y se le adjudique ya la gesti\u00f3n de esta compa\u00f1\u00eda p\u00fablica. En un escrito avanzado hoy por el diario\" \/>\n\t<meta name=\"robots\" content=\"max-image-preview:large\" \/>\n\t<meta name=\"author\" content=\"El Digital de Asturias\"\/>\n\t<meta name=\"google-site-verification\" content=\"UA-38556648-1\" \/>\n\t<meta name=\"msvalidate.01\" content=\"7dfe9f3f1b24437ab69f4f2559babe99\" \/>\n\t<meta name=\"keywords\" content=\"actualidad\" \/>\n\t<link rel=\"canonical\" href=\"https:\/\/www.eldigitaldeasturias.com\/noticias\/agbar-exige-a-la-generalitat-que-le-entregue-la-gestion-de-atll\/\" \/>\n\t<meta name=\"generator\" content=\"All in One SEO Pro (AIOSEO) 5.0.1\" \/>\n\t\t<meta property=\"og:locale\" content=\"es_ES\" \/>\n\t\t<meta property=\"og:site_name\" content=\"El Digital de Asturias\" \/>\n\t\t<meta property=\"og:type\" content=\"article\" \/>\n\t\t<meta property=\"og:title\" content=\"Agbar exige a la Generalitat que le entregue la gesti\u00f3n de ATLL - El Digital de Asturias\" \/>\n\t\t<meta property=\"og:description\" content=\"Barcelona, 9 feb (EFE).- Aguas de Barcelona (Agbar) ha solicitado la ejecuci\u00f3n inmediata de la resoluci\u00f3n que invalid\u00f3 la adjudicaci\u00f3n de la empresa Aig\u00fces Ter-Llobregat, con lo que reclama que se revoque el contrato con Acciona y se le adjudique ya la gesti\u00f3n de esta compa\u00f1\u00eda p\u00fablica. En un escrito avanzado hoy por el diario\" \/>\n\t\t<meta property=\"og:url\" content=\"https:\/\/www.eldigitaldeasturias.com\/noticias\/agbar-exige-a-la-generalitat-que-le-entregue-la-gestion-de-atll\/\" \/>\n\t\t<meta property=\"article:tag\" content=\"actualidad\" \/>\n\t\t<meta property=\"article:published_time\" content=\"2014-02-09T12:12:21+00:00\" \/>\n\t\t<meta property=\"article:modified_time\" content=\"2014-02-09T12:12:21+00:00\" \/>\n\t\t<meta property=\"article:publisher\" content=\"https:\/\/facebook.com\/eldigitaldeasturias\" \/>\n\t\t<meta name=\"twitter:card\" content=\"summary_large_image\" \/>\n\t\t<meta name=\"twitter:title\" content=\"Agbar exige a la Generalitat que le entregue la gesti\u00f3n de ATLL - El Digital de Asturias\" \/>\n\t\t<meta name=\"twitter:description\" content=\"Barcelona, 9 feb (EFE).- Aguas de Barcelona (Agbar) ha solicitado la ejecuci\u00f3n inmediata de la resoluci\u00f3n que invalid\u00f3 la adjudicaci\u00f3n de la empresa Aig\u00fces Ter-Llobregat, con lo que reclama que se revoque el contrato con Acciona y se le adjudique ya la gesti\u00f3n de esta compa\u00f1\u00eda p\u00fablica. En un escrito avanzado hoy por el diario\" \/>\n\t\t<meta name=\"twitter:label1\" content=\"Escrito por\" \/>\n\t\t<meta name=\"twitter:data1\" content=\"El Digital de Asturias\" \/>\n\t\t<meta name=\"twitter:label2\" content=\"Tiempo de lectura estimado\" \/>\n\t\t<meta name=\"twitter:data2\" content=\"2 minutos\" \/>\n\t\t<script type=\"application\/ld+json\" class=\"aioseo-schema\">\n\t\t\t{\"@context\":\"https:\\\/\\\/schema.org\",\"@graph\":[{\"@type\":\"BlogPosting\",\"@id\":\"https:\\\/\\\/www.eldigitaldeasturias.com\\\/noticias\\\/agbar-exige-a-la-generalitat-que-le-entregue-la-gestion-de-atll\\\/#blogposting\",\"name\":\"Agbar exige a la Generalitat que le entregue la gesti\\u00f3n de ATLL - El Digital de Asturias\",\"headline\":\"Agbar exige a la Generalitat que le entregue la gesti\\u00f3n de ATLL\",\"author\":{\"@id\":\"https:\\\/\\\/www.eldigitaldeasturias.com\\\/noticias\\\/author\\\/admin\\\/#author\"},\"publisher\":{\"@id\":\"https:\\\/\\\/www.eldigitaldeasturias.com\\\/noticias\\\/#organization\"},\"image\":{\"@type\":\"ImageObject\",\"url\":487180},\"datePublished\":\"2014-02-09T11:12:21+01:00\",\"dateModified\":\"2014-02-09T11:12:21+01:00\",\"inLanguage\":\"es-ES\",\"mainEntityOfPage\":{\"@id\":\"https:\\\/\\\/www.eldigitaldeasturias.com\\\/noticias\\\/agbar-exige-a-la-generalitat-que-le-entregue-la-gestion-de-atll\\\/#webpage\"},\"isPartOf\":{\"@id\":\"https:\\\/\\\/www.eldigitaldeasturias.com\\\/noticias\\\/agbar-exige-a-la-generalitat-que-le-entregue-la-gestion-de-atll\\\/#webpage\"},\"articleSection\":\"Actualidad\"},{\"@type\":\"BreadcrumbList\",\"@id\":\"https:\\\/\\\/www.eldigitaldeasturias.com\\\/noticias\\\/agbar-exige-a-la-generalitat-que-le-entregue-la-gestion-de-atll\\\/#breadcrumblist\",\"itemListElement\":[{\"@type\":\"ListItem\",\"@id\":\"https:\\\/\\\/www.eldigitaldeasturias.com\\\/noticias#listItem\",\"position\":1,\"name\":\"Home\",\"item\":\"https:\\\/\\\/www.eldigitaldeasturias.com\\\/noticias\",\"nextItem\":{\"@type\":\"ListItem\",\"@id\":\"https:\\\/\\\/www.eldigitaldeasturias.com\\\/noticias\\\/category\\\/actualidad\\\/#listItem\",\"name\":\"Actualidad\"}},{\"@type\":\"ListItem\",\"@id\":\"https:\\\/\\\/www.eldigitaldeasturias.com\\\/noticias\\\/category\\\/actualidad\\\/#listItem\",\"position\":2,\"name\":\"Actualidad\",\"item\":\"https:\\\/\\\/www.eldigitaldeasturias.com\\\/noticias\\\/category\\\/actualidad\\\/\",\"nextItem\":{\"@type\":\"ListItem\",\"@id\":\"https:\\\/\\\/www.eldigitaldeasturias.com\\\/noticias\\\/agbar-exige-a-la-generalitat-que-le-entregue-la-gestion-de-atll\\\/#listItem\",\"name\":\"Agbar exige a la Generalitat que le entregue la gesti\\u00f3n de ATLL\"},\"previousItem\":{\"@type\":\"ListItem\",\"@id\":\"https:\\\/\\\/www.eldigitaldeasturias.com\\\/noticias#listItem\",\"name\":\"Home\"}},{\"@type\":\"ListItem\",\"@id\":\"https:\\\/\\\/www.eldigitaldeasturias.com\\\/noticias\\\/agbar-exige-a-la-generalitat-que-le-entregue-la-gestion-de-atll\\\/#listItem\",\"position\":3,\"name\":\"Agbar exige a la Generalitat que le entregue la gesti\\u00f3n de ATLL\",\"previousItem\":{\"@type\":\"ListItem\",\"@id\":\"https:\\\/\\\/www.eldigitaldeasturias.com\\\/noticias\\\/category\\\/actualidad\\\/#listItem\",\"name\":\"Actualidad\"}}]},{\"@type\":\"Organization\",\"@id\":\"https:\\\/\\\/www.eldigitaldeasturias.com\\\/noticias\\\/#organization\",\"name\":\"El Digital de Asturias\",\"description\":\"Hemeroteca\",\"url\":\"https:\\\/\\\/www.eldigitaldeasturias.com\\\/noticias\\\/\",\"email\":\"info@eldigitaldeasturias.com\",\"telephone\":\"+34652131393\",\"logo\":{\"@type\":\"ImageObject\",\"url\":\"https:\\\/\\\/www.eldigitaldeasturias.com\\\/noticias\\\/wp-content\\\/uploads\\\/2020\\\/12\\\/EDA.jpg\",\"@id\":\"https:\\\/\\\/www.eldigitaldeasturias.com\\\/noticias\\\/agbar-exige-a-la-generalitat-que-le-entregue-la-gestion-de-atll\\\/#organizationLogo\"},\"image\":{\"@id\":\"https:\\\/\\\/www.eldigitaldeasturias.com\\\/noticias\\\/agbar-exige-a-la-generalitat-que-le-entregue-la-gestion-de-atll\\\/#organizationLogo\"},\"sameAs\":[\"https:\\\/\\\/facebook.com\\\/eldigitaldeasturias\",\"https:\\\/\\\/www.youtube.com\\\/channel\\\/UCZP-2wLEB9Rv6erhFmqVnvg\"],\"address\":{\"@id\":\"https:\\\/\\\/www.eldigitaldeasturias.com\\\/noticias\\\/#postaladdress\",\"@type\":\"PostalAddress\",\"streetAddress\":\"san antonio 4\",\"postalCode\":\"33430\",\"addressLocality\":\"Cand\\u00e1s\",\"addressRegion\":\"Asturias\",\"addressCountry\":\"ES\"}},{\"@type\":\"Person\",\"@id\":\"https:\\\/\\\/www.eldigitaldeasturias.com\\\/noticias\\\/author\\\/admin\\\/#author\",\"url\":\"https:\\\/\\\/www.eldigitaldeasturias.com\\\/noticias\\\/author\\\/admin\\\/\",\"name\":\"El Digital de Asturias\",\"image\":{\"@type\":\"ImageObject\",\"@id\":\"https:\\\/\\\/www.eldigitaldeasturias.com\\\/noticias\\\/agbar-exige-a-la-generalitat-que-le-entregue-la-gestion-de-atll\\\/#authorImage\",\"url\":\"https:\\\/\\\/secure.gravatar.com\\\/avatar\\\/df2aeffc32bcd13f8d26072ef8a91b623d677766deac7f97ca815868cd41bf5e?s=96&d=mm&r=g\",\"width\":96,\"height\":96,\"caption\":\"El Digital de Asturias\"}},{\"@type\":\"WebPage\",\"@id\":\"https:\\\/\\\/www.eldigitaldeasturias.com\\\/noticias\\\/agbar-exige-a-la-generalitat-que-le-entregue-la-gestion-de-atll\\\/#webpage\",\"url\":\"https:\\\/\\\/www.eldigitaldeasturias.com\\\/noticias\\\/agbar-exige-a-la-generalitat-que-le-entregue-la-gestion-de-atll\\\/\",\"name\":\"Agbar exige a la Generalitat que le entregue la gesti\\u00f3n de ATLL - El Digital de Asturias\",\"description\":\"Barcelona, 9 feb (EFE).- Aguas de Barcelona (Agbar) ha solicitado la ejecuci\\u00f3n inmediata de la resoluci\\u00f3n que invalid\\u00f3 la adjudicaci\\u00f3n de la empresa Aig\\u00fces Ter-Llobregat, con lo que reclama que se revoque el contrato con Acciona y se le adjudique ya la gesti\\u00f3n de esta compa\\u00f1\\u00eda p\\u00fablica. En un escrito avanzado hoy por el diario\",\"inLanguage\":\"es-ES\",\"isPartOf\":{\"@id\":\"https:\\\/\\\/www.eldigitaldeasturias.com\\\/noticias\\\/#website\"},\"breadcrumb\":{\"@id\":\"https:\\\/\\\/www.eldigitaldeasturias.com\\\/noticias\\\/agbar-exige-a-la-generalitat-que-le-entregue-la-gestion-de-atll\\\/#breadcrumblist\"},\"author\":{\"@id\":\"https:\\\/\\\/www.eldigitaldeasturias.com\\\/noticias\\\/author\\\/admin\\\/#author\"},\"creator\":{\"@id\":\"https:\\\/\\\/www.eldigitaldeasturias.com\\\/noticias\\\/author\\\/admin\\\/#author\"},\"image\":{\"@type\":\"ImageObject\",\"url\":487180,\"@id\":\"https:\\\/\\\/www.eldigitaldeasturias.com\\\/noticias\\\/agbar-exige-a-la-generalitat-que-le-entregue-la-gestion-de-atll\\\/#mainImage\"},\"primaryImageOfPage\":{\"@id\":\"https:\\\/\\\/www.eldigitaldeasturias.com\\\/noticias\\\/agbar-exige-a-la-generalitat-que-le-entregue-la-gestion-de-atll\\\/#mainImage\"},\"datePublished\":\"2014-02-09T11:12:21+01:00\",\"dateModified\":\"2014-02-09T11:12:21+01:00\"},{\"@type\":\"WebSite\",\"@id\":\"https:\\\/\\\/www.eldigitaldeasturias.com\\\/noticias\\\/#website\",\"url\":\"https:\\\/\\\/www.eldigitaldeasturias.com\\\/noticias\\\/\",\"name\":\"El Digital de Asturias - Diario de actualidad y noticias\",\"alternateName\":\"El Digital de Asturias - Diario de actualidad y noticias\",\"description\":\"Hemeroteca\",\"inLanguage\":\"es-ES\",\"publisher\":{\"@id\":\"https:\\\/\\\/www.eldigitaldeasturias.com\\\/noticias\\\/#organization\"}}]}\n\t\t<\/script>\n\t\t<!-- All in One SEO Pro -->\r\n\t\t<title>Agbar exige a la Generalitat que le entregue la gesti\u00f3n de ATLL - El Digital de Asturias<\/title>\n\n","aioseo_head_json":{"title":"Agbar exige a la Generalitat que le entregue la gesti\u00f3n de ATLL - El Digital de Asturias","description":"Barcelona, 9 feb (EFE).- Aguas de Barcelona (Agbar) ha solicitado la ejecuci\u00f3n inmediata de la resoluci\u00f3n que invalid\u00f3 la adjudicaci\u00f3n de la empresa Aig\u00fces Ter-Llobregat, con lo que reclama que se revoque el contrato con Acciona y se le adjudique ya la gesti\u00f3n de esta compa\u00f1\u00eda p\u00fablica. En un escrito avanzado hoy por el diario","canonical_url":"https:\/\/www.eldigitaldeasturias.com\/noticias\/agbar-exige-a-la-generalitat-que-le-entregue-la-gestion-de-atll\/","robots":"max-image-preview:large","keywords":"actualidad","webmasterTools":{"google-site-verification":"UA-38556648-1","msvalidate.01":"7dfe9f3f1b24437ab69f4f2559babe99","miscellaneous":""},"schema":{"@context":"https:\/\/schema.org","@graph":[{"@type":"BlogPosting","@id":"https:\/\/www.eldigitaldeasturias.com\/noticias\/agbar-exige-a-la-generalitat-que-le-entregue-la-gestion-de-atll\/#blogposting","name":"Agbar exige a la Generalitat que le entregue la gesti\u00f3n de ATLL - El Digital de Asturias","headline":"Agbar exige a la Generalitat que le entregue la gesti\u00f3n de ATLL","author":{"@id":"https:\/\/www.eldigitaldeasturias.com\/noticias\/author\/admin\/#author"},"publisher":{"@id":"https:\/\/www.eldigitaldeasturias.com\/noticias\/#organization"},"image":{"@type":"ImageObject","url":487180},"datePublished":"2014-02-09T11:12:21+01:00","dateModified":"2014-02-09T11:12:21+01:00","inLanguage":"es-ES","mainEntityOfPage":{"@id":"https:\/\/www.eldigitaldeasturias.com\/noticias\/agbar-exige-a-la-generalitat-que-le-entregue-la-gestion-de-atll\/#webpage"},"isPartOf":{"@id":"https:\/\/www.eldigitaldeasturias.com\/noticias\/agbar-exige-a-la-generalitat-que-le-entregue-la-gestion-de-atll\/#webpage"},"articleSection":"Actualidad"},{"@type":"BreadcrumbList","@id":"https:\/\/www.eldigitaldeasturias.com\/noticias\/agbar-exige-a-la-generalitat-que-le-entregue-la-gestion-de-atll\/#breadcrumblist","itemListElement":[{"@type":"ListItem","@id":"https:\/\/www.eldigitaldeasturias.com\/noticias#listItem","position":1,"name":"Home","item":"https:\/\/www.eldigitaldeasturias.com\/noticias","nextItem":{"@type":"ListItem","@id":"https:\/\/www.eldigitaldeasturias.com\/noticias\/category\/actualidad\/#listItem","name":"Actualidad"}},{"@type":"ListItem","@id":"https:\/\/www.eldigitaldeasturias.com\/noticias\/category\/actualidad\/#listItem","position":2,"name":"Actualidad","item":"https:\/\/www.eldigitaldeasturias.com\/noticias\/category\/actualidad\/","nextItem":{"@type":"ListItem","@id":"https:\/\/www.eldigitaldeasturias.com\/noticias\/agbar-exige-a-la-generalitat-que-le-entregue-la-gestion-de-atll\/#listItem","name":"Agbar exige a la Generalitat que le entregue la gesti\u00f3n de ATLL"},"previousItem":{"@type":"ListItem","@id":"https:\/\/www.eldigitaldeasturias.com\/noticias#listItem","name":"Home"}},{"@type":"ListItem","@id":"https:\/\/www.eldigitaldeasturias.com\/noticias\/agbar-exige-a-la-generalitat-que-le-entregue-la-gestion-de-atll\/#listItem","position":3,"name":"Agbar exige a la Generalitat que le entregue la gesti\u00f3n de ATLL","previousItem":{"@type":"ListItem","@id":"https:\/\/www.eldigitaldeasturias.com\/noticias\/category\/actualidad\/#listItem","name":"Actualidad"}}]},{"@type":"Organization","@id":"https:\/\/www.eldigitaldeasturias.com\/noticias\/#organization","name":"El Digital de Asturias","description":"Hemeroteca","url":"https:\/\/www.eldigitaldeasturias.com\/noticias\/","email":"info@eldigitaldeasturias.com","telephone":"+34652131393","logo":{"@type":"ImageObject","url":"https:\/\/www.eldigitaldeasturias.com\/noticias\/wp-content\/uploads\/2020\/12\/EDA.jpg","@id":"https:\/\/www.eldigitaldeasturias.com\/noticias\/agbar-exige-a-la-generalitat-que-le-entregue-la-gestion-de-atll\/#organizationLogo"},"image":{"@id":"https:\/\/www.eldigitaldeasturias.com\/noticias\/agbar-exige-a-la-generalitat-que-le-entregue-la-gestion-de-atll\/#organizationLogo"},"sameAs":["https:\/\/facebook.com\/eldigitaldeasturias","https:\/\/www.youtube.com\/channel\/UCZP-2wLEB9Rv6erhFmqVnvg"],"address":{"@id":"https:\/\/www.eldigitaldeasturias.com\/noticias\/#postaladdress","@type":"PostalAddress","streetAddress":"san antonio 4","postalCode":"33430","addressLocality":"Cand\u00e1s","addressRegion":"Asturias","addressCountry":"ES"}},{"@type":"Person","@id":"https:\/\/www.eldigitaldeasturias.com\/noticias\/author\/admin\/#author","url":"https:\/\/www.eldigitaldeasturias.com\/noticias\/author\/admin\/","name":"El Digital de Asturias","image":{"@type":"ImageObject","@id":"https:\/\/www.eldigitaldeasturias.com\/noticias\/agbar-exige-a-la-generalitat-que-le-entregue-la-gestion-de-atll\/#authorImage","url":"https:\/\/secure.gravatar.com\/avatar\/df2aeffc32bcd13f8d26072ef8a91b623d677766deac7f97ca815868cd41bf5e?s=96&d=mm&r=g","width":96,"height":96,"caption":"El Digital de Asturias"}},{"@type":"WebPage","@id":"https:\/\/www.eldigitaldeasturias.com\/noticias\/agbar-exige-a-la-generalitat-que-le-entregue-la-gestion-de-atll\/#webpage","url":"https:\/\/www.eldigitaldeasturias.com\/noticias\/agbar-exige-a-la-generalitat-que-le-entregue-la-gestion-de-atll\/","name":"Agbar exige a la Generalitat que le entregue la gesti\u00f3n de ATLL - El Digital de Asturias","description":"Barcelona, 9 feb (EFE).- Aguas de Barcelona (Agbar) ha solicitado la ejecuci\u00f3n inmediata de la resoluci\u00f3n que invalid\u00f3 la adjudicaci\u00f3n de la empresa Aig\u00fces Ter-Llobregat, con lo que reclama que se revoque el contrato con Acciona y se le adjudique ya la gesti\u00f3n de esta compa\u00f1\u00eda p\u00fablica. En un escrito avanzado hoy por el diario","inLanguage":"es-ES","isPartOf":{"@id":"https:\/\/www.eldigitaldeasturias.com\/noticias\/#website"},"breadcrumb":{"@id":"https:\/\/www.eldigitaldeasturias.com\/noticias\/agbar-exige-a-la-generalitat-que-le-entregue-la-gestion-de-atll\/#breadcrumblist"},"author":{"@id":"https:\/\/www.eldigitaldeasturias.com\/noticias\/author\/admin\/#author"},"creator":{"@id":"https:\/\/www.eldigitaldeasturias.com\/noticias\/author\/admin\/#author"},"image":{"@type":"ImageObject","url":487180,"@id":"https:\/\/www.eldigitaldeasturias.com\/noticias\/agbar-exige-a-la-generalitat-que-le-entregue-la-gestion-de-atll\/#mainImage"},"primaryImageOfPage":{"@id":"https:\/\/www.eldigitaldeasturias.com\/noticias\/agbar-exige-a-la-generalitat-que-le-entregue-la-gestion-de-atll\/#mainImage"},"datePublished":"2014-02-09T11:12:21+01:00","dateModified":"2014-02-09T11:12:21+01:00"},{"@type":"WebSite","@id":"https:\/\/www.eldigitaldeasturias.com\/noticias\/#website","url":"https:\/\/www.eldigitaldeasturias.com\/noticias\/","name":"El Digital de Asturias - Diario de actualidad y noticias","alternateName":"El Digital de Asturias - Diario de actualidad y noticias","description":"Hemeroteca","inLanguage":"es-ES","publisher":{"@id":"https:\/\/www.eldigitaldeasturias.com\/noticias\/#organization"}}]},"og:locale":"es_ES","og:site_name":"El Digital de Asturias","og:type":"article","og:title":"Agbar exige a la Generalitat que le entregue la gesti\u00f3n de ATLL - El Digital de Asturias","og:description":"Barcelona, 9 feb (EFE).- Aguas de Barcelona (Agbar) ha solicitado la ejecuci\u00f3n inmediata de la resoluci\u00f3n que invalid\u00f3 la adjudicaci\u00f3n de la empresa Aig\u00fces Ter-Llobregat, con lo que reclama que se revoque el contrato con Acciona y se le adjudique ya la gesti\u00f3n de esta compa\u00f1\u00eda p\u00fablica. En un escrito avanzado hoy por el diario","og:url":"https:\/\/www.eldigitaldeasturias.com\/noticias\/agbar-exige-a-la-generalitat-que-le-entregue-la-gestion-de-atll\/","article:tag":["actualidad"],"article:published_time":"2014-02-09T12:12:21+00:00","article:modified_time":"2014-02-09T12:12:21+00:00","article:publisher":"https:\/\/facebook.com\/eldigitaldeasturias","twitter:card":"summary_large_image","twitter:title":"Agbar exige a la Generalitat que le entregue la gesti\u00f3n de ATLL - El Digital de Asturias","twitter:description":"Barcelona, 9 feb (EFE).- Aguas de Barcelona (Agbar) ha solicitado la ejecuci\u00f3n inmediata de la resoluci\u00f3n que invalid\u00f3 la adjudicaci\u00f3n de la empresa Aig\u00fces Ter-Llobregat, con lo que reclama que se revoque el contrato con Acciona y se le adjudique ya la gesti\u00f3n de esta compa\u00f1\u00eda p\u00fablica. En un escrito avanzado hoy por el diario","twitter:label1":"Escrito por","twitter:data1":"El Digital de Asturias","twitter:label2":"Tiempo de lectura estimado","twitter:data2":"2 minutos"},"aioseo_meta_data":{"post_id":"487179","title":null,"description":null,"keywords":null,"keyphrases":null,"primary_term":null,"canonical_url":null,"og_title":null,"og_description":null,"og_object_type":"default","og_image_type":"default","og_image_url":null,"og_image_width":null,"og_image_height":null,"og_image_custom_url":null,"og_image_custom_fields":null,"og_video":null,"og_custom_url":null,"og_article_section":null,"og_article_tags":null,"twitter_use_og":true,"twitter_card":"default","twitter_image_type":"default","twitter_image_url":null,"twitter_image_custom_url":null,"twitter_image_custom_fields":null,"twitter_title":null,"twitter_description":null,"schema":{"blockGraphs":[],"customGraphs":[],"default":{"data":{"Article":[],"Course":[],"Dataset":[],"FAQPage":[],"Movie":[],"Person":[],"Product":[],"ProductReview":[],"Car":[],"Recipe":[],"Service":[],"SoftwareApplication":[],"WebPage":[]},"graphName":"","isEnabled":true},"graphs":[],"defaultGraph":"","defaultPostTypeGraph":""},"schema_type":null,"schema_type_options":null,"pillar_content":false,"robots_default":true,"robots_noindex":false,"robots_noarchive":false,"robots_nosnippet":false,"robots_nofollow":false,"robots_noimageindex":false,"robots_noodp":false,"robots_notranslate":false,"robots_max_snippet":null,"robots_max_videopreview":null,"robots_max_imagepreview":"none","priority":null,"frequency":null,"local_seo":null,"seo_analyzer_scan_date":"2026-06-03 03:52:45","breadcrumb_settings":null,"limit_modified_date":false,"open_ai":null,"ai":null,"created":"2020-11-14 22:56:19","updated":"2026-06-03 03:52:45","focus_keyword":null,"additional_keywords":null,"truseo_locale":null},"aioseo_breadcrumb":"<div class=\"aioseo-breadcrumbs\"><span class=\"aioseo-breadcrumb\">\n\t<a href=\"https:\/\/www.eldigitaldeasturias.com\/noticias\" title=\"Home\">Home<\/a>\n<\/span><span class=\"aioseo-breadcrumb-separator\">\u2013<\/span><span class=\"aioseo-breadcrumb\">\n\t<a href=\"https:\/\/www.eldigitaldeasturias.com\/noticias\/category\/actualidad\/\" title=\"Actualidad\">Actualidad<\/a>\n<\/span><span class=\"aioseo-breadcrumb-separator\">\u2013<\/span><span class=\"aioseo-breadcrumb\">\n\t<a href=\"https:\/\/www.eldigitaldeasturias.com\/noticias\/agbar-exige-a-la-generalitat-que-le-entregue-la-gestion-de-atll\/\" title=\"Agbar exige a la Generalitat que le entregue la gesti\u00f3n de ATLL\">Agbar exige a la Generalitat que le entregue la gesti\u00f3n de ATLL<\/a>\n<\/span><\/div>","aioseo_breadcrumb_json":[{"label":"Home","link":"https:\/\/www.eldigitaldeasturias.com\/noticias"},{"label":"Actualidad","link":"https:\/\/www.eldigitaldeasturias.com\/noticias\/category\/actualidad\/"},{"label":"Agbar exige a la Generalitat que le entregue la gesti\u00f3n de ATLL","link":"https:\/\/www.eldigitaldeasturias.com\/noticias\/agbar-exige-a-la-generalitat-que-le-entregue-la-gestion-de-atll\/"}],"_links":{"self":[{"href":"https:\/\/www.eldigitaldeasturias.com\/noticias\/wp-json\/wp\/v2\/posts\/487179","targetHints":{"allow":["GET"]}}],"collection":[{"href":"https:\/\/www.eldigitaldeasturias.com\/noticias\/wp-json\/wp\/v2\/posts"}],"about":[{"href":"https:\/\/www.eldigitaldeasturias.com\/noticias\/wp-json\/wp\/v2\/types\/post"}],"author":[{"embeddable":true,"href":"https:\/\/www.eldigitaldeasturias.com\/noticias\/wp-json\/wp\/v2\/users\/1"}],"replies":[{"embeddable":true,"href":"https:\/\/www.eldigitaldeasturias.com\/noticias\/wp-json\/wp\/v2\/comments?post=487179"}],"version-history":[{"count":0,"href":"https:\/\/www.eldigitaldeasturias.com\/noticias\/wp-json\/wp\/v2\/posts\/487179\/revisions"}],"wp:attachment":[{"href":"https:\/\/www.eldigitaldeasturias.com\/noticias\/wp-json\/wp\/v2\/media?parent=487179"}],"wp:term":[{"taxonomy":"category","embeddable":true,"href":"https:\/\/www.eldigitaldeasturias.com\/noticias\/wp-json\/wp\/v2\/categories?post=487179"},{"taxonomy":"post_tag","embeddable":true,"href":"https:\/\/www.eldigitaldeasturias.com\/noticias\/wp-json\/wp\/v2\/tags?post=487179"}],"curies":[{"name":"wp","href":"https:\/\/api.w.org\/{rel}","templated":true}]}}