{"id":487145,"date":"2014-02-09T10:32:26","date_gmt":"2014-02-09T11:32:26","guid":{"rendered":"http:\/\/www.eldigitaldeasturias.com\/noticias\/?p=487145"},"modified":"2014-02-09T10:32:26","modified_gmt":"2014-02-09T11:32:26","slug":"kaji-tulam-la-casa-museo-con-la-memoria-historica-de-guatemala","status":"publish","type":"post","link":"https:\/\/www.eldigitaldeasturias.com\/noticias\/kaji-tulam-la-casa-museo-con-la-memoria-historica-de-guatemala\/","title":{"rendered":"Kaji Tulam, la casa-museo con la memoria hist\u00f3rica de Guatemala"},"content":{"rendered":"<p><img loading=\"lazy\" decoding=\"async\" class=\"alignleft size-medium wp-image-487146\" alt=\"5925063w\" src=\"https:\/\/www.eldigitaldeasturias.com\/noticias\/wp-content\/uploads\/2014\/02\/5925063w-360x239.jpg\" width=\"360\" height=\"239\" \/>Guatemala, 9 feb (EFE).- Una antigua casa del Centro Hist\u00f3rico de la capital de Guatemala fue convertida en un museo que bajo el lema \u00abpara no olvidar\u00bb pretende repasar la historia del pa\u00eds desde la ancestral cultura maya, pasando por los horrores de la guerra de 36 a\u00f1os que termin\u00f3 en 1996 hasta la actualidad.<\/p>\n<p>En un espacio con 11 ambientes, el museo \u00abKaji Tulam\u00bb, promovido por el no gubernamental Centro de Acci\u00f3n Legal para los Derechos Humanos (Caldh), recrea con afiches, nombres y algunas artesan\u00edas la historia del pa\u00eds que no ense\u00f1an los libros.<\/p>\n<p>La \u00abKaji Tulam\u00bb, que en la etnia maya Quich\u00e9 significa \u00abcuatro puntos c\u00f3smicos\u00bb, \u00abcuatro elementos\u00bb o \u00abcuatro colores\u00bb, naci\u00f3 con el fin de recuperar la memoria de Guatemala y, aunque inicialmente la idea es mantenerlo abierto por dos o tres a\u00f1os, se har\u00e1n esfuerzos para que el sitio sea permanente.<\/p>\n<p>As\u00ed lo explic\u00f3 a Efe Fabiola Garc\u00eda, coordinadora de Comunicaci\u00f3n de Caldh, que relat\u00f3 que les llev\u00f3 tres a\u00f1os la reconstrucci\u00f3n con im\u00e1genes y textos de miles de a\u00f1os de rica historia nacional, y seis meses el montaje del museo.<\/p>\n<p>Bajo el lema \u00abpara no olvidar\u00bb, la casa es un centro destinado principalmente para la reflexi\u00f3n de la juventud, para que conozcan la historia de la lucha y resistencia que hicieron sus antepasados por tener un pa\u00eds diferente, en paz.<\/p>\n<p>\u00abDe vez en cuando camino al rev\u00e9s, es mi modo de recordar. Si caminara solo hacia adelante te podr\u00eda contar c\u00f3mo es el olvido\u00bb, dice un texto que da la bienvenida en la entrada principal del inmueble, extra\u00eddo de un poema del escritor guatemalteco Humberto Aka&#8217;bal (Momostenango, Guatemala, en 1952).<\/p>\n<p>En el primero de los ambientes Caldh relata la historia de la cultura del imperio maya, sus matem\u00e1ticas y astronom\u00eda, los c\u00f3dices y sus nahuales (esp\u00edritus), que son 20 energ\u00edas que representan a cada uno de los d\u00edas del calendario sagrado de esa civilizaci\u00f3n.<\/p>\n<p>La sala siguiente hace referencia a la llegada de los espa\u00f1oles y de c\u00f3mo utilizaron la violencia como un mecanismo de control sobre la poblaci\u00f3n.<\/p>\n<p>\u00abEste espacio servir\u00e1 de reflexi\u00f3n a los j\u00f3venes para que analicen si la conquista fue un encuentro de dos culturas\u00bb, dijo la activista, mientras mostraba una pintura de 1763 del guatemalteco Miguel Cabrera (1695-1769) titulada \u00abmestizo, moro o cambuja\u00bb con la que describe el color de la piel de la gente.<\/p>\n<p>La casa tambi\u00e9n cuenta con un cuarto dedicado a la revoluci\u00f3n, a la dictadura de Jorge Ubico, presidente de Guatemala de 1931 a 1944, quien promulg\u00f3 la Ley contra la Vagancia con la que oblig\u00f3 a los campesinos a trabajos forzosos hasta 150 d\u00edas por a\u00f1o.<\/p>\n<p>Adem\u00e1s, tiene una sala oscura con mesas y sillas tiradas, en referencia a la represi\u00f3n y al conflicto armado que sufri\u00f3 el pa\u00eds centroamericano entre 1960-1996.<\/p>\n<p>El informe de la Recuperaci\u00f3n de la Memoria Hist\u00f3rica (Remhi) Guatemala Nunca M\u00e1s, elaborado por la Iglesia Cat\u00f3lica y que documenta m\u00e1s de 50.000 violaciones a los derechos humanos durante la guerra, forma parte de esa recreaci\u00f3n, junto a 2.119 nombres que representan el 4,4 % de los desaparecidos en el enfrentamiento armado interno.<\/p>\n<p>La guerra interna que vivi\u00f3 Guatemala entre 1960 y 1996 dej\u00f3 al menos 200.000 muertos y m\u00e1s de 50.000 desaparecidos, y una Comisi\u00f3n de la Verdad auspiciada por las Naciones Unidas que en 1999 document\u00f3 669 matanzas, atribuy\u00f3 el 93 % de las mismas al Ej\u00e9rcito guatemalteco, el 3 % a la guerra y el resto a otros grupos no identificados.<\/p>\n<p>El museo tambi\u00e9n dedica un espacio a personajes que lucharon contra las atrocidades, entre ellas Rigoberta Menchu Tum, una maya quich\u00e9 que en 1992 gan\u00f3 el premio Nobel de la Paz por su lucha en favor de los ind\u00edgenas.<\/p>\n<p>\u00abEn los momentos m\u00e1s dif\u00edciles, en las situaciones m\u00e1s duras y complejas, he sido capaz de so\u00f1ar con un futuro m\u00e1s hermoso\u00bb, dice un texto de la laureada.<\/p>\n<p>El ambiente est\u00e1 adornado con claveles rojos que han sido el s\u00edmbolo de la resistencia y de los desaparecidos.<\/p>\n<p>Tambi\u00e9n existe en el museo un ambiente dedicado a j\u00f3venes que han sufrido discriminaci\u00f3n y abusos sexuales, y que a trav\u00e9s del arte han podido dejar atr\u00e1s ese oscuro pasado, apunt\u00f3 Garc\u00eda.<\/p>\n<p>Un \u00e1rbol de madera, del que cuelgan p\u00e1jaros con nombres de las masacres y de hombres y mujeres que fueron asesinados durante la represi\u00f3n, espera a los visitantes para que puedan colocar las historias de sus antepasados.<\/p>\n<p>El Caldh dise\u00f1\u00f3, adem\u00e1s, un sitio con dos urnas, una de las cuales contiene miles de postales que llegaron desde Jap\u00f3n, Holanda, Estados Unidos, Canad\u00e1, M\u00e9xico y de otros pa\u00edses durante una campa\u00f1a de solidaridad con Guatemala en 2007.<\/p>\n<p>La otra es para que los j\u00f3venes introduzcan simb\u00f3licamente lo que har\u00edan para construir un pa\u00eds en paz, sin violencia.<\/p>\n<p>Oscar Ren\u00e9 Oliva<\/p>\n","protected":false},"excerpt":{"rendered":"<p>Guatemala, 9 feb (EFE).- Una antigua casa del Centro Hist\u00f3rico de la capital de Guatemala fue convertida en un museo que bajo el lema \u00abpara no olvidar\u00bb pretende repasar la historia del pa\u00eds desde la ancestral cultura maya, pasando por los horrores de la guerra de 36 a\u00f1os que termin\u00f3 en 1996 hasta la actualidad. [&hellip;]<\/p>\n","protected":false},"author":1,"featured_media":487146,"comment_status":"open","ping_status":"open","sticky":false,"template":"","format":"standard","meta":{"footnotes":""},"categories":[1],"tags":[],"class_list":["post-487145","post","type-post","status-publish","format-standard","has-post-thumbnail","hentry","category-actualidad"],"aioseo_notices":[],"aioseo_head":"\n\t\t<!-- All in One SEO Pro 5.0.1 - aioseo.com -->\n\t<meta name=\"description\" content=\"Guatemala, 9 feb (EFE).- Una antigua casa del Centro Hist\u00f3rico de la capital de Guatemala fue convertida en un museo que bajo el lema &quot;para no olvidar&quot; pretende repasar la historia del pa\u00eds desde la ancestral cultura maya, pasando por los horrores de la guerra de 36 a\u00f1os que termin\u00f3 en 1996 hasta la actualidad.\" \/>\n\t<meta name=\"robots\" content=\"max-image-preview:large\" \/>\n\t<meta name=\"author\" content=\"El Digital de Asturias\"\/>\n\t<meta name=\"google-site-verification\" content=\"UA-38556648-1\" \/>\n\t<meta name=\"msvalidate.01\" content=\"7dfe9f3f1b24437ab69f4f2559babe99\" \/>\n\t<meta name=\"keywords\" content=\"actualidad\" \/>\n\t<link rel=\"canonical\" href=\"https:\/\/www.eldigitaldeasturias.com\/noticias\/kaji-tulam-la-casa-museo-con-la-memoria-historica-de-guatemala\/\" \/>\n\t<meta name=\"generator\" content=\"All in One SEO Pro (AIOSEO) 5.0.1\" \/>\n\t\t<meta property=\"og:locale\" content=\"es_ES\" \/>\n\t\t<meta property=\"og:site_name\" content=\"El Digital de Asturias\" \/>\n\t\t<meta property=\"og:type\" content=\"article\" \/>\n\t\t<meta property=\"og:title\" content=\"Kaji Tulam, la casa-museo con la memoria hist\u00f3rica de Guatemala - El Digital de Asturias\" \/>\n\t\t<meta property=\"og:description\" content=\"Guatemala, 9 feb (EFE).- Una antigua casa del Centro Hist\u00f3rico de la capital de Guatemala fue convertida en un museo que bajo el lema &quot;para no olvidar&quot; pretende repasar la historia del pa\u00eds desde la ancestral cultura maya, pasando por los horrores de la guerra de 36 a\u00f1os que termin\u00f3 en 1996 hasta la actualidad.\" \/>\n\t\t<meta property=\"og:url\" content=\"https:\/\/www.eldigitaldeasturias.com\/noticias\/kaji-tulam-la-casa-museo-con-la-memoria-historica-de-guatemala\/\" \/>\n\t\t<meta property=\"article:tag\" content=\"actualidad\" \/>\n\t\t<meta property=\"article:published_time\" content=\"2014-02-09T11:32:26+00:00\" \/>\n\t\t<meta property=\"article:modified_time\" content=\"2014-02-09T11:32:26+00:00\" \/>\n\t\t<meta property=\"article:publisher\" content=\"https:\/\/facebook.com\/eldigitaldeasturias\" \/>\n\t\t<meta name=\"twitter:card\" content=\"summary_large_image\" \/>\n\t\t<meta name=\"twitter:title\" content=\"Kaji Tulam, la casa-museo con la memoria hist\u00f3rica de Guatemala - El Digital de Asturias\" \/>\n\t\t<meta name=\"twitter:description\" content=\"Guatemala, 9 feb (EFE).- Una antigua casa del Centro Hist\u00f3rico de la capital de Guatemala fue convertida en un museo que bajo el lema &quot;para no olvidar&quot; pretende repasar la historia del pa\u00eds desde la ancestral cultura maya, pasando por los horrores de la guerra de 36 a\u00f1os que termin\u00f3 en 1996 hasta la actualidad.\" \/>\n\t\t<meta name=\"twitter:label1\" content=\"Escrito por\" \/>\n\t\t<meta name=\"twitter:data1\" content=\"El Digital de Asturias\" \/>\n\t\t<meta name=\"twitter:label2\" content=\"Tiempo de lectura estimado\" \/>\n\t\t<meta name=\"twitter:data2\" content=\"4 minutos\" \/>\n\t\t<script type=\"application\/ld+json\" class=\"aioseo-schema\">\n\t\t\t{\"@context\":\"https:\\\/\\\/schema.org\",\"@graph\":[{\"@type\":\"BlogPosting\",\"@id\":\"https:\\\/\\\/www.eldigitaldeasturias.com\\\/noticias\\\/kaji-tulam-la-casa-museo-con-la-memoria-historica-de-guatemala\\\/#blogposting\",\"name\":\"Kaji Tulam, la casa-museo con la memoria hist\\u00f3rica de Guatemala - El Digital de Asturias\",\"headline\":\"Kaji Tulam, la casa-museo con la memoria hist\\u00f3rica de Guatemala\",\"author\":{\"@id\":\"https:\\\/\\\/www.eldigitaldeasturias.com\\\/noticias\\\/author\\\/admin\\\/#author\"},\"publisher\":{\"@id\":\"https:\\\/\\\/www.eldigitaldeasturias.com\\\/noticias\\\/#organization\"},\"image\":{\"@type\":\"ImageObject\",\"url\":487146},\"datePublished\":\"2014-02-09T10:32:26+01:00\",\"dateModified\":\"2014-02-09T10:32:26+01:00\",\"inLanguage\":\"es-ES\",\"mainEntityOfPage\":{\"@id\":\"https:\\\/\\\/www.eldigitaldeasturias.com\\\/noticias\\\/kaji-tulam-la-casa-museo-con-la-memoria-historica-de-guatemala\\\/#webpage\"},\"isPartOf\":{\"@id\":\"https:\\\/\\\/www.eldigitaldeasturias.com\\\/noticias\\\/kaji-tulam-la-casa-museo-con-la-memoria-historica-de-guatemala\\\/#webpage\"},\"articleSection\":\"Actualidad\"},{\"@type\":\"BreadcrumbList\",\"@id\":\"https:\\\/\\\/www.eldigitaldeasturias.com\\\/noticias\\\/kaji-tulam-la-casa-museo-con-la-memoria-historica-de-guatemala\\\/#breadcrumblist\",\"itemListElement\":[{\"@type\":\"ListItem\",\"@id\":\"https:\\\/\\\/www.eldigitaldeasturias.com\\\/noticias#listItem\",\"position\":1,\"name\":\"Home\",\"item\":\"https:\\\/\\\/www.eldigitaldeasturias.com\\\/noticias\",\"nextItem\":{\"@type\":\"ListItem\",\"@id\":\"https:\\\/\\\/www.eldigitaldeasturias.com\\\/noticias\\\/category\\\/actualidad\\\/#listItem\",\"name\":\"Actualidad\"}},{\"@type\":\"ListItem\",\"@id\":\"https:\\\/\\\/www.eldigitaldeasturias.com\\\/noticias\\\/category\\\/actualidad\\\/#listItem\",\"position\":2,\"name\":\"Actualidad\",\"item\":\"https:\\\/\\\/www.eldigitaldeasturias.com\\\/noticias\\\/category\\\/actualidad\\\/\",\"nextItem\":{\"@type\":\"ListItem\",\"@id\":\"https:\\\/\\\/www.eldigitaldeasturias.com\\\/noticias\\\/kaji-tulam-la-casa-museo-con-la-memoria-historica-de-guatemala\\\/#listItem\",\"name\":\"Kaji Tulam, la casa-museo con la memoria hist\\u00f3rica de Guatemala\"},\"previousItem\":{\"@type\":\"ListItem\",\"@id\":\"https:\\\/\\\/www.eldigitaldeasturias.com\\\/noticias#listItem\",\"name\":\"Home\"}},{\"@type\":\"ListItem\",\"@id\":\"https:\\\/\\\/www.eldigitaldeasturias.com\\\/noticias\\\/kaji-tulam-la-casa-museo-con-la-memoria-historica-de-guatemala\\\/#listItem\",\"position\":3,\"name\":\"Kaji Tulam, la casa-museo con la memoria hist\\u00f3rica de Guatemala\",\"previousItem\":{\"@type\":\"ListItem\",\"@id\":\"https:\\\/\\\/www.eldigitaldeasturias.com\\\/noticias\\\/category\\\/actualidad\\\/#listItem\",\"name\":\"Actualidad\"}}]},{\"@type\":\"Organization\",\"@id\":\"https:\\\/\\\/www.eldigitaldeasturias.com\\\/noticias\\\/#organization\",\"name\":\"El Digital de Asturias\",\"description\":\"Hemeroteca\",\"url\":\"https:\\\/\\\/www.eldigitaldeasturias.com\\\/noticias\\\/\",\"email\":\"info@eldigitaldeasturias.com\",\"telephone\":\"+34652131393\",\"logo\":{\"@type\":\"ImageObject\",\"url\":\"https:\\\/\\\/www.eldigitaldeasturias.com\\\/noticias\\\/wp-content\\\/uploads\\\/2020\\\/12\\\/EDA.jpg\",\"@id\":\"https:\\\/\\\/www.eldigitaldeasturias.com\\\/noticias\\\/kaji-tulam-la-casa-museo-con-la-memoria-historica-de-guatemala\\\/#organizationLogo\"},\"image\":{\"@id\":\"https:\\\/\\\/www.eldigitaldeasturias.com\\\/noticias\\\/kaji-tulam-la-casa-museo-con-la-memoria-historica-de-guatemala\\\/#organizationLogo\"},\"sameAs\":[\"https:\\\/\\\/facebook.com\\\/eldigitaldeasturias\",\"https:\\\/\\\/www.youtube.com\\\/channel\\\/UCZP-2wLEB9Rv6erhFmqVnvg\"],\"address\":{\"@id\":\"https:\\\/\\\/www.eldigitaldeasturias.com\\\/noticias\\\/#postaladdress\",\"@type\":\"PostalAddress\",\"streetAddress\":\"san antonio 4\",\"postalCode\":\"33430\",\"addressLocality\":\"Cand\\u00e1s\",\"addressRegion\":\"Asturias\",\"addressCountry\":\"ES\"}},{\"@type\":\"Person\",\"@id\":\"https:\\\/\\\/www.eldigitaldeasturias.com\\\/noticias\\\/author\\\/admin\\\/#author\",\"url\":\"https:\\\/\\\/www.eldigitaldeasturias.com\\\/noticias\\\/author\\\/admin\\\/\",\"name\":\"El Digital de Asturias\",\"image\":{\"@type\":\"ImageObject\",\"@id\":\"https:\\\/\\\/www.eldigitaldeasturias.com\\\/noticias\\\/kaji-tulam-la-casa-museo-con-la-memoria-historica-de-guatemala\\\/#authorImage\",\"url\":\"https:\\\/\\\/secure.gravatar.com\\\/avatar\\\/df2aeffc32bcd13f8d26072ef8a91b623d677766deac7f97ca815868cd41bf5e?s=96&d=mm&r=g\",\"width\":96,\"height\":96,\"caption\":\"El Digital de Asturias\"}},{\"@type\":\"WebPage\",\"@id\":\"https:\\\/\\\/www.eldigitaldeasturias.com\\\/noticias\\\/kaji-tulam-la-casa-museo-con-la-memoria-historica-de-guatemala\\\/#webpage\",\"url\":\"https:\\\/\\\/www.eldigitaldeasturias.com\\\/noticias\\\/kaji-tulam-la-casa-museo-con-la-memoria-historica-de-guatemala\\\/\",\"name\":\"Kaji Tulam, la casa-museo con la memoria hist\\u00f3rica de Guatemala - El Digital de Asturias\",\"description\":\"Guatemala, 9 feb (EFE).- Una antigua casa del Centro Hist\\u00f3rico de la capital de Guatemala fue convertida en un museo que bajo el lema \\\"para no olvidar\\\" pretende repasar la historia del pa\\u00eds desde la ancestral cultura maya, pasando por los horrores de la guerra de 36 a\\u00f1os que termin\\u00f3 en 1996 hasta la actualidad.\",\"inLanguage\":\"es-ES\",\"isPartOf\":{\"@id\":\"https:\\\/\\\/www.eldigitaldeasturias.com\\\/noticias\\\/#website\"},\"breadcrumb\":{\"@id\":\"https:\\\/\\\/www.eldigitaldeasturias.com\\\/noticias\\\/kaji-tulam-la-casa-museo-con-la-memoria-historica-de-guatemala\\\/#breadcrumblist\"},\"author\":{\"@id\":\"https:\\\/\\\/www.eldigitaldeasturias.com\\\/noticias\\\/author\\\/admin\\\/#author\"},\"creator\":{\"@id\":\"https:\\\/\\\/www.eldigitaldeasturias.com\\\/noticias\\\/author\\\/admin\\\/#author\"},\"image\":{\"@type\":\"ImageObject\",\"url\":487146,\"@id\":\"https:\\\/\\\/www.eldigitaldeasturias.com\\\/noticias\\\/kaji-tulam-la-casa-museo-con-la-memoria-historica-de-guatemala\\\/#mainImage\"},\"primaryImageOfPage\":{\"@id\":\"https:\\\/\\\/www.eldigitaldeasturias.com\\\/noticias\\\/kaji-tulam-la-casa-museo-con-la-memoria-historica-de-guatemala\\\/#mainImage\"},\"datePublished\":\"2014-02-09T10:32:26+01:00\",\"dateModified\":\"2014-02-09T10:32:26+01:00\"},{\"@type\":\"WebSite\",\"@id\":\"https:\\\/\\\/www.eldigitaldeasturias.com\\\/noticias\\\/#website\",\"url\":\"https:\\\/\\\/www.eldigitaldeasturias.com\\\/noticias\\\/\",\"name\":\"El Digital de Asturias - Diario de actualidad y noticias\",\"alternateName\":\"El Digital de Asturias - Diario de actualidad y noticias\",\"description\":\"Hemeroteca\",\"inLanguage\":\"es-ES\",\"publisher\":{\"@id\":\"https:\\\/\\\/www.eldigitaldeasturias.com\\\/noticias\\\/#organization\"}}]}\n\t\t<\/script>\n\t\t<!-- All in One SEO Pro -->\r\n\t\t<title>Kaji Tulam, la casa-museo con la memoria hist\u00f3rica de Guatemala - El Digital de Asturias<\/title>\n\n","aioseo_head_json":{"title":"Kaji Tulam, la casa-museo con la memoria hist\u00f3rica de Guatemala - El Digital de Asturias","description":"Guatemala, 9 feb (EFE).- Una antigua casa del Centro Hist\u00f3rico de la capital de Guatemala fue convertida en un museo que bajo el lema \"para no olvidar\" pretende repasar la historia del pa\u00eds desde la ancestral cultura maya, pasando por los horrores de la guerra de 36 a\u00f1os que termin\u00f3 en 1996 hasta la actualidad.","canonical_url":"https:\/\/www.eldigitaldeasturias.com\/noticias\/kaji-tulam-la-casa-museo-con-la-memoria-historica-de-guatemala\/","robots":"max-image-preview:large","keywords":"actualidad","webmasterTools":{"google-site-verification":"UA-38556648-1","msvalidate.01":"7dfe9f3f1b24437ab69f4f2559babe99","miscellaneous":""},"schema":{"@context":"https:\/\/schema.org","@graph":[{"@type":"BlogPosting","@id":"https:\/\/www.eldigitaldeasturias.com\/noticias\/kaji-tulam-la-casa-museo-con-la-memoria-historica-de-guatemala\/#blogposting","name":"Kaji Tulam, la casa-museo con la memoria hist\u00f3rica de Guatemala - El Digital de Asturias","headline":"Kaji Tulam, la casa-museo con la memoria hist\u00f3rica de Guatemala","author":{"@id":"https:\/\/www.eldigitaldeasturias.com\/noticias\/author\/admin\/#author"},"publisher":{"@id":"https:\/\/www.eldigitaldeasturias.com\/noticias\/#organization"},"image":{"@type":"ImageObject","url":487146},"datePublished":"2014-02-09T10:32:26+01:00","dateModified":"2014-02-09T10:32:26+01:00","inLanguage":"es-ES","mainEntityOfPage":{"@id":"https:\/\/www.eldigitaldeasturias.com\/noticias\/kaji-tulam-la-casa-museo-con-la-memoria-historica-de-guatemala\/#webpage"},"isPartOf":{"@id":"https:\/\/www.eldigitaldeasturias.com\/noticias\/kaji-tulam-la-casa-museo-con-la-memoria-historica-de-guatemala\/#webpage"},"articleSection":"Actualidad"},{"@type":"BreadcrumbList","@id":"https:\/\/www.eldigitaldeasturias.com\/noticias\/kaji-tulam-la-casa-museo-con-la-memoria-historica-de-guatemala\/#breadcrumblist","itemListElement":[{"@type":"ListItem","@id":"https:\/\/www.eldigitaldeasturias.com\/noticias#listItem","position":1,"name":"Home","item":"https:\/\/www.eldigitaldeasturias.com\/noticias","nextItem":{"@type":"ListItem","@id":"https:\/\/www.eldigitaldeasturias.com\/noticias\/category\/actualidad\/#listItem","name":"Actualidad"}},{"@type":"ListItem","@id":"https:\/\/www.eldigitaldeasturias.com\/noticias\/category\/actualidad\/#listItem","position":2,"name":"Actualidad","item":"https:\/\/www.eldigitaldeasturias.com\/noticias\/category\/actualidad\/","nextItem":{"@type":"ListItem","@id":"https:\/\/www.eldigitaldeasturias.com\/noticias\/kaji-tulam-la-casa-museo-con-la-memoria-historica-de-guatemala\/#listItem","name":"Kaji Tulam, la casa-museo con la memoria hist\u00f3rica de Guatemala"},"previousItem":{"@type":"ListItem","@id":"https:\/\/www.eldigitaldeasturias.com\/noticias#listItem","name":"Home"}},{"@type":"ListItem","@id":"https:\/\/www.eldigitaldeasturias.com\/noticias\/kaji-tulam-la-casa-museo-con-la-memoria-historica-de-guatemala\/#listItem","position":3,"name":"Kaji Tulam, la casa-museo con la memoria hist\u00f3rica de Guatemala","previousItem":{"@type":"ListItem","@id":"https:\/\/www.eldigitaldeasturias.com\/noticias\/category\/actualidad\/#listItem","name":"Actualidad"}}]},{"@type":"Organization","@id":"https:\/\/www.eldigitaldeasturias.com\/noticias\/#organization","name":"El Digital de Asturias","description":"Hemeroteca","url":"https:\/\/www.eldigitaldeasturias.com\/noticias\/","email":"info@eldigitaldeasturias.com","telephone":"+34652131393","logo":{"@type":"ImageObject","url":"https:\/\/www.eldigitaldeasturias.com\/noticias\/wp-content\/uploads\/2020\/12\/EDA.jpg","@id":"https:\/\/www.eldigitaldeasturias.com\/noticias\/kaji-tulam-la-casa-museo-con-la-memoria-historica-de-guatemala\/#organizationLogo"},"image":{"@id":"https:\/\/www.eldigitaldeasturias.com\/noticias\/kaji-tulam-la-casa-museo-con-la-memoria-historica-de-guatemala\/#organizationLogo"},"sameAs":["https:\/\/facebook.com\/eldigitaldeasturias","https:\/\/www.youtube.com\/channel\/UCZP-2wLEB9Rv6erhFmqVnvg"],"address":{"@id":"https:\/\/www.eldigitaldeasturias.com\/noticias\/#postaladdress","@type":"PostalAddress","streetAddress":"san antonio 4","postalCode":"33430","addressLocality":"Cand\u00e1s","addressRegion":"Asturias","addressCountry":"ES"}},{"@type":"Person","@id":"https:\/\/www.eldigitaldeasturias.com\/noticias\/author\/admin\/#author","url":"https:\/\/www.eldigitaldeasturias.com\/noticias\/author\/admin\/","name":"El Digital de Asturias","image":{"@type":"ImageObject","@id":"https:\/\/www.eldigitaldeasturias.com\/noticias\/kaji-tulam-la-casa-museo-con-la-memoria-historica-de-guatemala\/#authorImage","url":"https:\/\/secure.gravatar.com\/avatar\/df2aeffc32bcd13f8d26072ef8a91b623d677766deac7f97ca815868cd41bf5e?s=96&d=mm&r=g","width":96,"height":96,"caption":"El Digital de Asturias"}},{"@type":"WebPage","@id":"https:\/\/www.eldigitaldeasturias.com\/noticias\/kaji-tulam-la-casa-museo-con-la-memoria-historica-de-guatemala\/#webpage","url":"https:\/\/www.eldigitaldeasturias.com\/noticias\/kaji-tulam-la-casa-museo-con-la-memoria-historica-de-guatemala\/","name":"Kaji Tulam, la casa-museo con la memoria hist\u00f3rica de Guatemala - El Digital de Asturias","description":"Guatemala, 9 feb (EFE).- Una antigua casa del Centro Hist\u00f3rico de la capital de Guatemala fue convertida en un museo que bajo el lema \"para no olvidar\" pretende repasar la historia del pa\u00eds desde la ancestral cultura maya, pasando por los horrores de la guerra de 36 a\u00f1os que termin\u00f3 en 1996 hasta la actualidad.","inLanguage":"es-ES","isPartOf":{"@id":"https:\/\/www.eldigitaldeasturias.com\/noticias\/#website"},"breadcrumb":{"@id":"https:\/\/www.eldigitaldeasturias.com\/noticias\/kaji-tulam-la-casa-museo-con-la-memoria-historica-de-guatemala\/#breadcrumblist"},"author":{"@id":"https:\/\/www.eldigitaldeasturias.com\/noticias\/author\/admin\/#author"},"creator":{"@id":"https:\/\/www.eldigitaldeasturias.com\/noticias\/author\/admin\/#author"},"image":{"@type":"ImageObject","url":487146,"@id":"https:\/\/www.eldigitaldeasturias.com\/noticias\/kaji-tulam-la-casa-museo-con-la-memoria-historica-de-guatemala\/#mainImage"},"primaryImageOfPage":{"@id":"https:\/\/www.eldigitaldeasturias.com\/noticias\/kaji-tulam-la-casa-museo-con-la-memoria-historica-de-guatemala\/#mainImage"},"datePublished":"2014-02-09T10:32:26+01:00","dateModified":"2014-02-09T10:32:26+01:00"},{"@type":"WebSite","@id":"https:\/\/www.eldigitaldeasturias.com\/noticias\/#website","url":"https:\/\/www.eldigitaldeasturias.com\/noticias\/","name":"El Digital de Asturias - Diario de actualidad y noticias","alternateName":"El Digital de Asturias - Diario de actualidad y noticias","description":"Hemeroteca","inLanguage":"es-ES","publisher":{"@id":"https:\/\/www.eldigitaldeasturias.com\/noticias\/#organization"}}]},"og:locale":"es_ES","og:site_name":"El Digital de Asturias","og:type":"article","og:title":"Kaji Tulam, la casa-museo con la memoria hist\u00f3rica de Guatemala - El Digital de Asturias","og:description":"Guatemala, 9 feb (EFE).- Una antigua casa del Centro Hist\u00f3rico de la capital de Guatemala fue convertida en un museo que bajo el lema &quot;para no olvidar&quot; pretende repasar la historia del pa\u00eds desde la ancestral cultura maya, pasando por los horrores de la guerra de 36 a\u00f1os que termin\u00f3 en 1996 hasta la actualidad.","og:url":"https:\/\/www.eldigitaldeasturias.com\/noticias\/kaji-tulam-la-casa-museo-con-la-memoria-historica-de-guatemala\/","article:tag":["actualidad"],"article:published_time":"2014-02-09T11:32:26+00:00","article:modified_time":"2014-02-09T11:32:26+00:00","article:publisher":"https:\/\/facebook.com\/eldigitaldeasturias","twitter:card":"summary_large_image","twitter:title":"Kaji Tulam, la casa-museo con la memoria hist\u00f3rica de Guatemala - El Digital de Asturias","twitter:description":"Guatemala, 9 feb (EFE).- Una antigua casa del Centro Hist\u00f3rico de la capital de Guatemala fue convertida en un museo que bajo el lema &quot;para no olvidar&quot; pretende repasar la historia del pa\u00eds desde la ancestral cultura maya, pasando por los horrores de la guerra de 36 a\u00f1os que termin\u00f3 en 1996 hasta la actualidad.","twitter:label1":"Escrito por","twitter:data1":"El Digital de Asturias","twitter:label2":"Tiempo de lectura estimado","twitter:data2":"4 minutos"},"aioseo_meta_data":{"post_id":"487145","title":null,"description":null,"keywords":null,"keyphrases":null,"primary_term":null,"canonical_url":null,"og_title":null,"og_description":null,"og_object_type":"default","og_image_type":"default","og_image_url":null,"og_image_width":null,"og_image_height":null,"og_image_custom_url":null,"og_image_custom_fields":null,"og_video":null,"og_custom_url":null,"og_article_section":null,"og_article_tags":null,"twitter_use_og":true,"twitter_card":"default","twitter_image_type":"default","twitter_image_url":null,"twitter_image_custom_url":null,"twitter_image_custom_fields":null,"twitter_title":null,"twitter_description":null,"schema":{"blockGraphs":[],"customGraphs":[],"default":{"data":{"Article":[],"Course":[],"Dataset":[],"FAQPage":[],"Movie":[],"Person":[],"Product":[],"ProductReview":[],"Car":[],"Recipe":[],"Service":[],"SoftwareApplication":[],"WebPage":[]},"graphName":"","isEnabled":true},"graphs":[],"defaultGraph":"","defaultPostTypeGraph":""},"schema_type":null,"schema_type_options":null,"pillar_content":false,"robots_default":true,"robots_noindex":false,"robots_noarchive":false,"robots_nosnippet":false,"robots_nofollow":false,"robots_noimageindex":false,"robots_noodp":false,"robots_notranslate":false,"robots_max_snippet":null,"robots_max_videopreview":null,"robots_max_imagepreview":"none","priority":null,"frequency":null,"local_seo":null,"seo_analyzer_scan_date":"2026-06-03 03:44:43","breadcrumb_settings":null,"limit_modified_date":false,"open_ai":null,"ai":null,"created":"2020-11-14 22:56:19","updated":"2026-06-03 03:44:43","focus_keyword":null,"additional_keywords":null,"truseo_locale":null},"aioseo_breadcrumb":"<div class=\"aioseo-breadcrumbs\"><span class=\"aioseo-breadcrumb\">\n\t<a href=\"https:\/\/www.eldigitaldeasturias.com\/noticias\" title=\"Home\">Home<\/a>\n<\/span><span class=\"aioseo-breadcrumb-separator\">\u2013<\/span><span class=\"aioseo-breadcrumb\">\n\t<a href=\"https:\/\/www.eldigitaldeasturias.com\/noticias\/category\/actualidad\/\" title=\"Actualidad\">Actualidad<\/a>\n<\/span><span class=\"aioseo-breadcrumb-separator\">\u2013<\/span><span class=\"aioseo-breadcrumb\">\n\t<a href=\"https:\/\/www.eldigitaldeasturias.com\/noticias\/kaji-tulam-la-casa-museo-con-la-memoria-historica-de-guatemala\/\" title=\"Kaji Tulam, la casa-museo con la memoria hist\u00f3rica de Guatemala\">Kaji Tulam, la casa-museo con la memoria hist\u00f3rica de Guatemala<\/a>\n<\/span><\/div>","aioseo_breadcrumb_json":[{"label":"Home","link":"https:\/\/www.eldigitaldeasturias.com\/noticias"},{"label":"Actualidad","link":"https:\/\/www.eldigitaldeasturias.com\/noticias\/category\/actualidad\/"},{"label":"Kaji Tulam, la casa-museo con la memoria hist\u00f3rica de Guatemala","link":"https:\/\/www.eldigitaldeasturias.com\/noticias\/kaji-tulam-la-casa-museo-con-la-memoria-historica-de-guatemala\/"}],"_links":{"self":[{"href":"https:\/\/www.eldigitaldeasturias.com\/noticias\/wp-json\/wp\/v2\/posts\/487145","targetHints":{"allow":["GET"]}}],"collection":[{"href":"https:\/\/www.eldigitaldeasturias.com\/noticias\/wp-json\/wp\/v2\/posts"}],"about":[{"href":"https:\/\/www.eldigitaldeasturias.com\/noticias\/wp-json\/wp\/v2\/types\/post"}],"author":[{"embeddable":true,"href":"https:\/\/www.eldigitaldeasturias.com\/noticias\/wp-json\/wp\/v2\/users\/1"}],"replies":[{"embeddable":true,"href":"https:\/\/www.eldigitaldeasturias.com\/noticias\/wp-json\/wp\/v2\/comments?post=487145"}],"version-history":[{"count":0,"href":"https:\/\/www.eldigitaldeasturias.com\/noticias\/wp-json\/wp\/v2\/posts\/487145\/revisions"}],"wp:attachment":[{"href":"https:\/\/www.eldigitaldeasturias.com\/noticias\/wp-json\/wp\/v2\/media?parent=487145"}],"wp:term":[{"taxonomy":"category","embeddable":true,"href":"https:\/\/www.eldigitaldeasturias.com\/noticias\/wp-json\/wp\/v2\/categories?post=487145"},{"taxonomy":"post_tag","embeddable":true,"href":"https:\/\/www.eldigitaldeasturias.com\/noticias\/wp-json\/wp\/v2\/tags?post=487145"}],"curies":[{"name":"wp","href":"https:\/\/api.w.org\/{rel}","templated":true}]}}