{"id":487130,"date":"2014-02-09T10:24:48","date_gmt":"2014-02-09T11:24:48","guid":{"rendered":"http:\/\/www.eldigitaldeasturias.com\/noticias\/?p=487130"},"modified":"2014-02-09T10:24:48","modified_gmt":"2014-02-09T11:24:48","slug":"el-congreso-decidira-con-voto-secreto-si-pide-retirar-la-reforma-del-aborto","status":"publish","type":"post","link":"https:\/\/www.eldigitaldeasturias.com\/noticias\/el-congreso-decidira-con-voto-secreto-si-pide-retirar-la-reforma-del-aborto\/","title":{"rendered":"El Congreso decidir\u00e1 con voto secreto si pide retirar la reforma del aborto"},"content":{"rendered":"<p><img loading=\"lazy\" decoding=\"async\" class=\"alignleft size-medium wp-image-487131\" alt=\"5925032w\" src=\"https:\/\/www.eldigitaldeasturias.com\/noticias\/wp-content\/uploads\/2014\/02\/5925032w-360x172.jpg\" width=\"360\" height=\"172\" \/>Madrid, 9 feb (EFE).- El Pleno del Congreso se pronunciar\u00e1 el martes, con voto secreto, sobre la proposici\u00f3n del Grupo Socialista que pide la retirada del anteproyecto presentado por el Gobierno para la reforma de la legislaci\u00f3n sobre la interrupci\u00f3n voluntaria del embarazo.<\/p>\n<p>El debate y votaci\u00f3n de esta iniciativa forma parte de la \u00abofensiva\u00bb parlamentaria que los socialistas han planteado para esta semana contra la modificaci\u00f3n de la ley del aborto, con tres preguntas al Gobierno en el Pleno del Senado ese mismo d\u00eda y otra en el Pleno del Congreso el mi\u00e9rcoles.<\/p>\n<p>Los diputados votar\u00e1n la proposici\u00f3n no de ley citada en urna con papeleta, una vez que los socialistas formalizaran una petici\u00f3n en ese sentido dirigida al presidente del Congreso, Jes\u00fas Posada, el 6 de febrero pasado.<\/p>\n<p>Seg\u00fan el art\u00edculo 85.1 del reglamento de la C\u00e1mara Baja, \u00abla votaci\u00f3n ser\u00e1 p\u00fablica por llamamiento o secreta cuando as\u00ed lo exija este reglamento o lo soliciten dos grupos parlamentarios o una quinta parte de los diputados o de los miembros de la comisi\u00f3n\u00bb, siempre que no se trate de un procedimiento legislativo.<\/p>\n<p>Los socialistas pretenden as\u00ed facilitar que los diputados del PP que se han manifestado disconformes con la reforma puedan expresarse \u00aben libertad\u00bb.<\/p>\n<p>Tambi\u00e9n el martes, Izquierda Plural pedir\u00e1 la retirada del anteproyecto con una moci\u00f3n en el Pleno del Congreso, y Entesa preguntar\u00e1 al Ejecutivo por este asunto en el Pleno del Senado.<\/p>\n","protected":false},"excerpt":{"rendered":"<p>Madrid, 9 feb (EFE).- El Pleno del Congreso se pronunciar\u00e1 el martes, con voto secreto, sobre la proposici\u00f3n del Grupo Socialista que pide la retirada del anteproyecto presentado por el Gobierno para la reforma de la legislaci\u00f3n sobre la interrupci\u00f3n voluntaria del embarazo. El debate y votaci\u00f3n de esta iniciativa forma parte de la \u00abofensiva\u00bb [&hellip;]<\/p>\n","protected":false},"author":1,"featured_media":487131,"comment_status":"open","ping_status":"open","sticky":false,"template":"","format":"standard","meta":{"footnotes":""},"categories":[1],"tags":[],"class_list":["post-487130","post","type-post","status-publish","format-standard","has-post-thumbnail","hentry","category-actualidad"],"aioseo_notices":[],"aioseo_head":"\n\t\t<!-- All in One SEO Pro 5.0.1 - aioseo.com -->\n\t<meta name=\"description\" content=\"Madrid, 9 feb (EFE).- El Pleno del Congreso se pronunciar\u00e1 el martes, con voto secreto, sobre la proposici\u00f3n del Grupo Socialista que pide la retirada del anteproyecto presentado por el Gobierno para la reforma de la legislaci\u00f3n sobre la interrupci\u00f3n voluntaria del embarazo. El debate y votaci\u00f3n de esta iniciativa forma parte de la &quot;ofensiva&quot;\" \/>\n\t<meta name=\"robots\" content=\"max-image-preview:large\" \/>\n\t<meta name=\"author\" content=\"El Digital de Asturias\"\/>\n\t<meta name=\"google-site-verification\" content=\"UA-38556648-1\" \/>\n\t<meta name=\"msvalidate.01\" content=\"7dfe9f3f1b24437ab69f4f2559babe99\" \/>\n\t<meta name=\"keywords\" content=\"actualidad\" \/>\n\t<link rel=\"canonical\" href=\"https:\/\/www.eldigitaldeasturias.com\/noticias\/el-congreso-decidira-con-voto-secreto-si-pide-retirar-la-reforma-del-aborto\/\" \/>\n\t<meta name=\"generator\" content=\"All in One SEO Pro (AIOSEO) 5.0.1\" \/>\n\t\t<meta property=\"og:locale\" content=\"es_ES\" \/>\n\t\t<meta property=\"og:site_name\" content=\"El Digital de Asturias\" \/>\n\t\t<meta property=\"og:type\" content=\"article\" \/>\n\t\t<meta property=\"og:title\" content=\"El Congreso decidir\u00e1 con voto secreto si pide retirar la reforma del aborto - El Digital de Asturias\" \/>\n\t\t<meta property=\"og:description\" content=\"Madrid, 9 feb (EFE).- El Pleno del Congreso se pronunciar\u00e1 el martes, con voto secreto, sobre la proposici\u00f3n del Grupo Socialista que pide la retirada del anteproyecto presentado por el Gobierno para la reforma de la legislaci\u00f3n sobre la interrupci\u00f3n voluntaria del embarazo. El debate y votaci\u00f3n de esta iniciativa forma parte de la &quot;ofensiva&quot;\" \/>\n\t\t<meta property=\"og:url\" content=\"https:\/\/www.eldigitaldeasturias.com\/noticias\/el-congreso-decidira-con-voto-secreto-si-pide-retirar-la-reforma-del-aborto\/\" \/>\n\t\t<meta property=\"article:tag\" content=\"actualidad\" \/>\n\t\t<meta property=\"article:published_time\" content=\"2014-02-09T11:24:48+00:00\" \/>\n\t\t<meta property=\"article:modified_time\" content=\"2014-02-09T11:24:48+00:00\" \/>\n\t\t<meta property=\"article:publisher\" content=\"https:\/\/facebook.com\/eldigitaldeasturias\" \/>\n\t\t<meta name=\"twitter:card\" content=\"summary_large_image\" \/>\n\t\t<meta name=\"twitter:title\" content=\"El Congreso decidir\u00e1 con voto secreto si pide retirar la reforma del aborto - El Digital de Asturias\" \/>\n\t\t<meta name=\"twitter:description\" content=\"Madrid, 9 feb (EFE).- El Pleno del Congreso se pronunciar\u00e1 el martes, con voto secreto, sobre la proposici\u00f3n del Grupo Socialista que pide la retirada del anteproyecto presentado por el Gobierno para la reforma de la legislaci\u00f3n sobre la interrupci\u00f3n voluntaria del embarazo. El debate y votaci\u00f3n de esta iniciativa forma parte de la &quot;ofensiva&quot;\" \/>\n\t\t<meta name=\"twitter:label1\" content=\"Escrito por\" \/>\n\t\t<meta name=\"twitter:data1\" content=\"El Digital de Asturias\" \/>\n\t\t<meta name=\"twitter:label2\" content=\"Tiempo de lectura estimado\" \/>\n\t\t<meta name=\"twitter:data2\" content=\"1 minuto\" \/>\n\t\t<script type=\"application\/ld+json\" class=\"aioseo-schema\">\n\t\t\t{\"@context\":\"https:\\\/\\\/schema.org\",\"@graph\":[{\"@type\":\"BlogPosting\",\"@id\":\"https:\\\/\\\/www.eldigitaldeasturias.com\\\/noticias\\\/el-congreso-decidira-con-voto-secreto-si-pide-retirar-la-reforma-del-aborto\\\/#blogposting\",\"name\":\"El Congreso decidir\\u00e1 con voto secreto si pide retirar la reforma del aborto - El Digital de Asturias\",\"headline\":\"El Congreso decidir\\u00e1 con voto secreto si pide retirar la reforma del aborto\",\"author\":{\"@id\":\"https:\\\/\\\/www.eldigitaldeasturias.com\\\/noticias\\\/author\\\/admin\\\/#author\"},\"publisher\":{\"@id\":\"https:\\\/\\\/www.eldigitaldeasturias.com\\\/noticias\\\/#organization\"},\"image\":{\"@type\":\"ImageObject\",\"url\":487131},\"datePublished\":\"2014-02-09T10:24:48+01:00\",\"dateModified\":\"2014-02-09T10:24:48+01:00\",\"inLanguage\":\"es-ES\",\"mainEntityOfPage\":{\"@id\":\"https:\\\/\\\/www.eldigitaldeasturias.com\\\/noticias\\\/el-congreso-decidira-con-voto-secreto-si-pide-retirar-la-reforma-del-aborto\\\/#webpage\"},\"isPartOf\":{\"@id\":\"https:\\\/\\\/www.eldigitaldeasturias.com\\\/noticias\\\/el-congreso-decidira-con-voto-secreto-si-pide-retirar-la-reforma-del-aborto\\\/#webpage\"},\"articleSection\":\"Actualidad\"},{\"@type\":\"BreadcrumbList\",\"@id\":\"https:\\\/\\\/www.eldigitaldeasturias.com\\\/noticias\\\/el-congreso-decidira-con-voto-secreto-si-pide-retirar-la-reforma-del-aborto\\\/#breadcrumblist\",\"itemListElement\":[{\"@type\":\"ListItem\",\"@id\":\"https:\\\/\\\/www.eldigitaldeasturias.com\\\/noticias#listItem\",\"position\":1,\"name\":\"Home\",\"item\":\"https:\\\/\\\/www.eldigitaldeasturias.com\\\/noticias\",\"nextItem\":{\"@type\":\"ListItem\",\"@id\":\"https:\\\/\\\/www.eldigitaldeasturias.com\\\/noticias\\\/category\\\/actualidad\\\/#listItem\",\"name\":\"Actualidad\"}},{\"@type\":\"ListItem\",\"@id\":\"https:\\\/\\\/www.eldigitaldeasturias.com\\\/noticias\\\/category\\\/actualidad\\\/#listItem\",\"position\":2,\"name\":\"Actualidad\",\"item\":\"https:\\\/\\\/www.eldigitaldeasturias.com\\\/noticias\\\/category\\\/actualidad\\\/\",\"nextItem\":{\"@type\":\"ListItem\",\"@id\":\"https:\\\/\\\/www.eldigitaldeasturias.com\\\/noticias\\\/el-congreso-decidira-con-voto-secreto-si-pide-retirar-la-reforma-del-aborto\\\/#listItem\",\"name\":\"El Congreso decidir\\u00e1 con voto secreto si pide retirar la reforma del aborto\"},\"previousItem\":{\"@type\":\"ListItem\",\"@id\":\"https:\\\/\\\/www.eldigitaldeasturias.com\\\/noticias#listItem\",\"name\":\"Home\"}},{\"@type\":\"ListItem\",\"@id\":\"https:\\\/\\\/www.eldigitaldeasturias.com\\\/noticias\\\/el-congreso-decidira-con-voto-secreto-si-pide-retirar-la-reforma-del-aborto\\\/#listItem\",\"position\":3,\"name\":\"El Congreso decidir\\u00e1 con voto secreto si pide retirar la reforma del aborto\",\"previousItem\":{\"@type\":\"ListItem\",\"@id\":\"https:\\\/\\\/www.eldigitaldeasturias.com\\\/noticias\\\/category\\\/actualidad\\\/#listItem\",\"name\":\"Actualidad\"}}]},{\"@type\":\"Organization\",\"@id\":\"https:\\\/\\\/www.eldigitaldeasturias.com\\\/noticias\\\/#organization\",\"name\":\"El Digital de Asturias\",\"description\":\"Hemeroteca\",\"url\":\"https:\\\/\\\/www.eldigitaldeasturias.com\\\/noticias\\\/\",\"email\":\"info@eldigitaldeasturias.com\",\"telephone\":\"+34652131393\",\"logo\":{\"@type\":\"ImageObject\",\"url\":\"https:\\\/\\\/www.eldigitaldeasturias.com\\\/noticias\\\/wp-content\\\/uploads\\\/2020\\\/12\\\/EDA.jpg\",\"@id\":\"https:\\\/\\\/www.eldigitaldeasturias.com\\\/noticias\\\/el-congreso-decidira-con-voto-secreto-si-pide-retirar-la-reforma-del-aborto\\\/#organizationLogo\"},\"image\":{\"@id\":\"https:\\\/\\\/www.eldigitaldeasturias.com\\\/noticias\\\/el-congreso-decidira-con-voto-secreto-si-pide-retirar-la-reforma-del-aborto\\\/#organizationLogo\"},\"sameAs\":[\"https:\\\/\\\/facebook.com\\\/eldigitaldeasturias\",\"https:\\\/\\\/www.youtube.com\\\/channel\\\/UCZP-2wLEB9Rv6erhFmqVnvg\"],\"address\":{\"@id\":\"https:\\\/\\\/www.eldigitaldeasturias.com\\\/noticias\\\/#postaladdress\",\"@type\":\"PostalAddress\",\"streetAddress\":\"san antonio 4\",\"postalCode\":\"33430\",\"addressLocality\":\"Cand\\u00e1s\",\"addressRegion\":\"Asturias\",\"addressCountry\":\"ES\"}},{\"@type\":\"Person\",\"@id\":\"https:\\\/\\\/www.eldigitaldeasturias.com\\\/noticias\\\/author\\\/admin\\\/#author\",\"url\":\"https:\\\/\\\/www.eldigitaldeasturias.com\\\/noticias\\\/author\\\/admin\\\/\",\"name\":\"El Digital de Asturias\",\"image\":{\"@type\":\"ImageObject\",\"@id\":\"https:\\\/\\\/www.eldigitaldeasturias.com\\\/noticias\\\/el-congreso-decidira-con-voto-secreto-si-pide-retirar-la-reforma-del-aborto\\\/#authorImage\",\"url\":\"https:\\\/\\\/secure.gravatar.com\\\/avatar\\\/df2aeffc32bcd13f8d26072ef8a91b623d677766deac7f97ca815868cd41bf5e?s=96&d=mm&r=g\",\"width\":96,\"height\":96,\"caption\":\"El Digital de Asturias\"}},{\"@type\":\"WebPage\",\"@id\":\"https:\\\/\\\/www.eldigitaldeasturias.com\\\/noticias\\\/el-congreso-decidira-con-voto-secreto-si-pide-retirar-la-reforma-del-aborto\\\/#webpage\",\"url\":\"https:\\\/\\\/www.eldigitaldeasturias.com\\\/noticias\\\/el-congreso-decidira-con-voto-secreto-si-pide-retirar-la-reforma-del-aborto\\\/\",\"name\":\"El Congreso decidir\\u00e1 con voto secreto si pide retirar la reforma del aborto - El Digital de Asturias\",\"description\":\"Madrid, 9 feb (EFE).- El Pleno del Congreso se pronunciar\\u00e1 el martes, con voto secreto, sobre la proposici\\u00f3n del Grupo Socialista que pide la retirada del anteproyecto presentado por el Gobierno para la reforma de la legislaci\\u00f3n sobre la interrupci\\u00f3n voluntaria del embarazo. El debate y votaci\\u00f3n de esta iniciativa forma parte de la \\\"ofensiva\\\"\",\"inLanguage\":\"es-ES\",\"isPartOf\":{\"@id\":\"https:\\\/\\\/www.eldigitaldeasturias.com\\\/noticias\\\/#website\"},\"breadcrumb\":{\"@id\":\"https:\\\/\\\/www.eldigitaldeasturias.com\\\/noticias\\\/el-congreso-decidira-con-voto-secreto-si-pide-retirar-la-reforma-del-aborto\\\/#breadcrumblist\"},\"author\":{\"@id\":\"https:\\\/\\\/www.eldigitaldeasturias.com\\\/noticias\\\/author\\\/admin\\\/#author\"},\"creator\":{\"@id\":\"https:\\\/\\\/www.eldigitaldeasturias.com\\\/noticias\\\/author\\\/admin\\\/#author\"},\"image\":{\"@type\":\"ImageObject\",\"url\":487131,\"@id\":\"https:\\\/\\\/www.eldigitaldeasturias.com\\\/noticias\\\/el-congreso-decidira-con-voto-secreto-si-pide-retirar-la-reforma-del-aborto\\\/#mainImage\"},\"primaryImageOfPage\":{\"@id\":\"https:\\\/\\\/www.eldigitaldeasturias.com\\\/noticias\\\/el-congreso-decidira-con-voto-secreto-si-pide-retirar-la-reforma-del-aborto\\\/#mainImage\"},\"datePublished\":\"2014-02-09T10:24:48+01:00\",\"dateModified\":\"2014-02-09T10:24:48+01:00\"},{\"@type\":\"WebSite\",\"@id\":\"https:\\\/\\\/www.eldigitaldeasturias.com\\\/noticias\\\/#website\",\"url\":\"https:\\\/\\\/www.eldigitaldeasturias.com\\\/noticias\\\/\",\"name\":\"El Digital de Asturias - Diario de actualidad y noticias\",\"alternateName\":\"El Digital de Asturias - Diario de actualidad y noticias\",\"description\":\"Hemeroteca\",\"inLanguage\":\"es-ES\",\"publisher\":{\"@id\":\"https:\\\/\\\/www.eldigitaldeasturias.com\\\/noticias\\\/#organization\"}}]}\n\t\t<\/script>\n\t\t<!-- All in One SEO Pro -->\r\n\t\t<title>El Congreso decidir\u00e1 con voto secreto si pide retirar la reforma del aborto - El Digital de Asturias<\/title>\n\n","aioseo_head_json":{"title":"El Congreso decidir\u00e1 con voto secreto si pide retirar la reforma del aborto - El Digital de Asturias","description":"Madrid, 9 feb (EFE).- El Pleno del Congreso se pronunciar\u00e1 el martes, con voto secreto, sobre la proposici\u00f3n del Grupo Socialista que pide la retirada del anteproyecto presentado por el Gobierno para la reforma de la legislaci\u00f3n sobre la interrupci\u00f3n voluntaria del embarazo. El debate y votaci\u00f3n de esta iniciativa forma parte de la \"ofensiva\"","canonical_url":"https:\/\/www.eldigitaldeasturias.com\/noticias\/el-congreso-decidira-con-voto-secreto-si-pide-retirar-la-reforma-del-aborto\/","robots":"max-image-preview:large","keywords":"actualidad","webmasterTools":{"google-site-verification":"UA-38556648-1","msvalidate.01":"7dfe9f3f1b24437ab69f4f2559babe99","miscellaneous":""},"schema":{"@context":"https:\/\/schema.org","@graph":[{"@type":"BlogPosting","@id":"https:\/\/www.eldigitaldeasturias.com\/noticias\/el-congreso-decidira-con-voto-secreto-si-pide-retirar-la-reforma-del-aborto\/#blogposting","name":"El Congreso decidir\u00e1 con voto secreto si pide retirar la reforma del aborto - El Digital de Asturias","headline":"El Congreso decidir\u00e1 con voto secreto si pide retirar la reforma del aborto","author":{"@id":"https:\/\/www.eldigitaldeasturias.com\/noticias\/author\/admin\/#author"},"publisher":{"@id":"https:\/\/www.eldigitaldeasturias.com\/noticias\/#organization"},"image":{"@type":"ImageObject","url":487131},"datePublished":"2014-02-09T10:24:48+01:00","dateModified":"2014-02-09T10:24:48+01:00","inLanguage":"es-ES","mainEntityOfPage":{"@id":"https:\/\/www.eldigitaldeasturias.com\/noticias\/el-congreso-decidira-con-voto-secreto-si-pide-retirar-la-reforma-del-aborto\/#webpage"},"isPartOf":{"@id":"https:\/\/www.eldigitaldeasturias.com\/noticias\/el-congreso-decidira-con-voto-secreto-si-pide-retirar-la-reforma-del-aborto\/#webpage"},"articleSection":"Actualidad"},{"@type":"BreadcrumbList","@id":"https:\/\/www.eldigitaldeasturias.com\/noticias\/el-congreso-decidira-con-voto-secreto-si-pide-retirar-la-reforma-del-aborto\/#breadcrumblist","itemListElement":[{"@type":"ListItem","@id":"https:\/\/www.eldigitaldeasturias.com\/noticias#listItem","position":1,"name":"Home","item":"https:\/\/www.eldigitaldeasturias.com\/noticias","nextItem":{"@type":"ListItem","@id":"https:\/\/www.eldigitaldeasturias.com\/noticias\/category\/actualidad\/#listItem","name":"Actualidad"}},{"@type":"ListItem","@id":"https:\/\/www.eldigitaldeasturias.com\/noticias\/category\/actualidad\/#listItem","position":2,"name":"Actualidad","item":"https:\/\/www.eldigitaldeasturias.com\/noticias\/category\/actualidad\/","nextItem":{"@type":"ListItem","@id":"https:\/\/www.eldigitaldeasturias.com\/noticias\/el-congreso-decidira-con-voto-secreto-si-pide-retirar-la-reforma-del-aborto\/#listItem","name":"El Congreso decidir\u00e1 con voto secreto si pide retirar la reforma del aborto"},"previousItem":{"@type":"ListItem","@id":"https:\/\/www.eldigitaldeasturias.com\/noticias#listItem","name":"Home"}},{"@type":"ListItem","@id":"https:\/\/www.eldigitaldeasturias.com\/noticias\/el-congreso-decidira-con-voto-secreto-si-pide-retirar-la-reforma-del-aborto\/#listItem","position":3,"name":"El Congreso decidir\u00e1 con voto secreto si pide retirar la reforma del aborto","previousItem":{"@type":"ListItem","@id":"https:\/\/www.eldigitaldeasturias.com\/noticias\/category\/actualidad\/#listItem","name":"Actualidad"}}]},{"@type":"Organization","@id":"https:\/\/www.eldigitaldeasturias.com\/noticias\/#organization","name":"El Digital de Asturias","description":"Hemeroteca","url":"https:\/\/www.eldigitaldeasturias.com\/noticias\/","email":"info@eldigitaldeasturias.com","telephone":"+34652131393","logo":{"@type":"ImageObject","url":"https:\/\/www.eldigitaldeasturias.com\/noticias\/wp-content\/uploads\/2020\/12\/EDA.jpg","@id":"https:\/\/www.eldigitaldeasturias.com\/noticias\/el-congreso-decidira-con-voto-secreto-si-pide-retirar-la-reforma-del-aborto\/#organizationLogo"},"image":{"@id":"https:\/\/www.eldigitaldeasturias.com\/noticias\/el-congreso-decidira-con-voto-secreto-si-pide-retirar-la-reforma-del-aborto\/#organizationLogo"},"sameAs":["https:\/\/facebook.com\/eldigitaldeasturias","https:\/\/www.youtube.com\/channel\/UCZP-2wLEB9Rv6erhFmqVnvg"],"address":{"@id":"https:\/\/www.eldigitaldeasturias.com\/noticias\/#postaladdress","@type":"PostalAddress","streetAddress":"san antonio 4","postalCode":"33430","addressLocality":"Cand\u00e1s","addressRegion":"Asturias","addressCountry":"ES"}},{"@type":"Person","@id":"https:\/\/www.eldigitaldeasturias.com\/noticias\/author\/admin\/#author","url":"https:\/\/www.eldigitaldeasturias.com\/noticias\/author\/admin\/","name":"El Digital de Asturias","image":{"@type":"ImageObject","@id":"https:\/\/www.eldigitaldeasturias.com\/noticias\/el-congreso-decidira-con-voto-secreto-si-pide-retirar-la-reforma-del-aborto\/#authorImage","url":"https:\/\/secure.gravatar.com\/avatar\/df2aeffc32bcd13f8d26072ef8a91b623d677766deac7f97ca815868cd41bf5e?s=96&d=mm&r=g","width":96,"height":96,"caption":"El Digital de Asturias"}},{"@type":"WebPage","@id":"https:\/\/www.eldigitaldeasturias.com\/noticias\/el-congreso-decidira-con-voto-secreto-si-pide-retirar-la-reforma-del-aborto\/#webpage","url":"https:\/\/www.eldigitaldeasturias.com\/noticias\/el-congreso-decidira-con-voto-secreto-si-pide-retirar-la-reforma-del-aborto\/","name":"El Congreso decidir\u00e1 con voto secreto si pide retirar la reforma del aborto - El Digital de Asturias","description":"Madrid, 9 feb (EFE).- El Pleno del Congreso se pronunciar\u00e1 el martes, con voto secreto, sobre la proposici\u00f3n del Grupo Socialista que pide la retirada del anteproyecto presentado por el Gobierno para la reforma de la legislaci\u00f3n sobre la interrupci\u00f3n voluntaria del embarazo. El debate y votaci\u00f3n de esta iniciativa forma parte de la \"ofensiva\"","inLanguage":"es-ES","isPartOf":{"@id":"https:\/\/www.eldigitaldeasturias.com\/noticias\/#website"},"breadcrumb":{"@id":"https:\/\/www.eldigitaldeasturias.com\/noticias\/el-congreso-decidira-con-voto-secreto-si-pide-retirar-la-reforma-del-aborto\/#breadcrumblist"},"author":{"@id":"https:\/\/www.eldigitaldeasturias.com\/noticias\/author\/admin\/#author"},"creator":{"@id":"https:\/\/www.eldigitaldeasturias.com\/noticias\/author\/admin\/#author"},"image":{"@type":"ImageObject","url":487131,"@id":"https:\/\/www.eldigitaldeasturias.com\/noticias\/el-congreso-decidira-con-voto-secreto-si-pide-retirar-la-reforma-del-aborto\/#mainImage"},"primaryImageOfPage":{"@id":"https:\/\/www.eldigitaldeasturias.com\/noticias\/el-congreso-decidira-con-voto-secreto-si-pide-retirar-la-reforma-del-aborto\/#mainImage"},"datePublished":"2014-02-09T10:24:48+01:00","dateModified":"2014-02-09T10:24:48+01:00"},{"@type":"WebSite","@id":"https:\/\/www.eldigitaldeasturias.com\/noticias\/#website","url":"https:\/\/www.eldigitaldeasturias.com\/noticias\/","name":"El Digital de Asturias - Diario de actualidad y noticias","alternateName":"El Digital de Asturias - Diario de actualidad y noticias","description":"Hemeroteca","inLanguage":"es-ES","publisher":{"@id":"https:\/\/www.eldigitaldeasturias.com\/noticias\/#organization"}}]},"og:locale":"es_ES","og:site_name":"El Digital de Asturias","og:type":"article","og:title":"El Congreso decidir\u00e1 con voto secreto si pide retirar la reforma del aborto - El Digital de Asturias","og:description":"Madrid, 9 feb (EFE).- El Pleno del Congreso se pronunciar\u00e1 el martes, con voto secreto, sobre la proposici\u00f3n del Grupo Socialista que pide la retirada del anteproyecto presentado por el Gobierno para la reforma de la legislaci\u00f3n sobre la interrupci\u00f3n voluntaria del embarazo. El debate y votaci\u00f3n de esta iniciativa forma parte de la &quot;ofensiva&quot;","og:url":"https:\/\/www.eldigitaldeasturias.com\/noticias\/el-congreso-decidira-con-voto-secreto-si-pide-retirar-la-reforma-del-aborto\/","article:tag":["actualidad"],"article:published_time":"2014-02-09T11:24:48+00:00","article:modified_time":"2014-02-09T11:24:48+00:00","article:publisher":"https:\/\/facebook.com\/eldigitaldeasturias","twitter:card":"summary_large_image","twitter:title":"El Congreso decidir\u00e1 con voto secreto si pide retirar la reforma del aborto - El Digital de Asturias","twitter:description":"Madrid, 9 feb (EFE).- El Pleno del Congreso se pronunciar\u00e1 el martes, con voto secreto, sobre la proposici\u00f3n del Grupo Socialista que pide la retirada del anteproyecto presentado por el Gobierno para la reforma de la legislaci\u00f3n sobre la interrupci\u00f3n voluntaria del embarazo. El debate y votaci\u00f3n de esta iniciativa forma parte de la &quot;ofensiva&quot;","twitter:label1":"Escrito por","twitter:data1":"El Digital de Asturias","twitter:label2":"Tiempo de lectura estimado","twitter:data2":"1 minuto"},"aioseo_meta_data":{"post_id":"487130","title":null,"description":null,"keywords":null,"keyphrases":null,"primary_term":null,"canonical_url":null,"og_title":null,"og_description":null,"og_object_type":"default","og_image_type":"default","og_image_url":null,"og_image_width":null,"og_image_height":null,"og_image_custom_url":null,"og_image_custom_fields":null,"og_video":null,"og_custom_url":null,"og_article_section":null,"og_article_tags":null,"twitter_use_og":true,"twitter_card":"default","twitter_image_type":"default","twitter_image_url":null,"twitter_image_custom_url":null,"twitter_image_custom_fields":null,"twitter_title":null,"twitter_description":null,"schema":{"blockGraphs":[],"customGraphs":[],"default":{"data":{"Article":[],"Course":[],"Dataset":[],"FAQPage":[],"Movie":[],"Person":[],"Product":[],"ProductReview":[],"Car":[],"Recipe":[],"Service":[],"SoftwareApplication":[],"WebPage":[]},"graphName":"","isEnabled":true},"graphs":[]},"schema_type":null,"schema_type_options":null,"pillar_content":false,"robots_default":true,"robots_noindex":false,"robots_noarchive":false,"robots_nosnippet":false,"robots_nofollow":false,"robots_noimageindex":false,"robots_noodp":false,"robots_notranslate":false,"robots_max_snippet":null,"robots_max_videopreview":null,"robots_max_imagepreview":"none","priority":null,"frequency":null,"local_seo":null,"seo_analyzer_scan_date":"2026-06-03 03:42:48","breadcrumb_settings":null,"limit_modified_date":false,"open_ai":null,"ai":null,"created":"2020-11-14 22:56:19","updated":"2026-06-03 03:42:48","focus_keyword":null,"additional_keywords":null,"truseo_locale":null},"aioseo_breadcrumb":"<div class=\"aioseo-breadcrumbs\"><span class=\"aioseo-breadcrumb\">\n\t<a href=\"https:\/\/www.eldigitaldeasturias.com\/noticias\" title=\"Home\">Home<\/a>\n<\/span><span class=\"aioseo-breadcrumb-separator\">\u2013<\/span><span class=\"aioseo-breadcrumb\">\n\t<a href=\"https:\/\/www.eldigitaldeasturias.com\/noticias\/category\/actualidad\/\" title=\"Actualidad\">Actualidad<\/a>\n<\/span><span class=\"aioseo-breadcrumb-separator\">\u2013<\/span><span class=\"aioseo-breadcrumb\">\n\t<a href=\"https:\/\/www.eldigitaldeasturias.com\/noticias\/el-congreso-decidira-con-voto-secreto-si-pide-retirar-la-reforma-del-aborto\/\" title=\"El Congreso decidir\u00e1 con voto secreto si pide retirar la reforma del aborto\">El Congreso decidir\u00e1 con voto secreto si pide retirar la reforma del aborto<\/a>\n<\/span><\/div>","aioseo_breadcrumb_json":[{"label":"Home","link":"https:\/\/www.eldigitaldeasturias.com\/noticias"},{"label":"Actualidad","link":"https:\/\/www.eldigitaldeasturias.com\/noticias\/category\/actualidad\/"},{"label":"El Congreso decidir\u00e1 con voto secreto si pide retirar la reforma del aborto","link":"https:\/\/www.eldigitaldeasturias.com\/noticias\/el-congreso-decidira-con-voto-secreto-si-pide-retirar-la-reforma-del-aborto\/"}],"_links":{"self":[{"href":"https:\/\/www.eldigitaldeasturias.com\/noticias\/wp-json\/wp\/v2\/posts\/487130","targetHints":{"allow":["GET"]}}],"collection":[{"href":"https:\/\/www.eldigitaldeasturias.com\/noticias\/wp-json\/wp\/v2\/posts"}],"about":[{"href":"https:\/\/www.eldigitaldeasturias.com\/noticias\/wp-json\/wp\/v2\/types\/post"}],"author":[{"embeddable":true,"href":"https:\/\/www.eldigitaldeasturias.com\/noticias\/wp-json\/wp\/v2\/users\/1"}],"replies":[{"embeddable":true,"href":"https:\/\/www.eldigitaldeasturias.com\/noticias\/wp-json\/wp\/v2\/comments?post=487130"}],"version-history":[{"count":0,"href":"https:\/\/www.eldigitaldeasturias.com\/noticias\/wp-json\/wp\/v2\/posts\/487130\/revisions"}],"wp:attachment":[{"href":"https:\/\/www.eldigitaldeasturias.com\/noticias\/wp-json\/wp\/v2\/media?parent=487130"}],"wp:term":[{"taxonomy":"category","embeddable":true,"href":"https:\/\/www.eldigitaldeasturias.com\/noticias\/wp-json\/wp\/v2\/categories?post=487130"},{"taxonomy":"post_tag","embeddable":true,"href":"https:\/\/www.eldigitaldeasturias.com\/noticias\/wp-json\/wp\/v2\/tags?post=487130"}],"curies":[{"name":"wp","href":"https:\/\/api.w.org\/{rel}","templated":true}]}}