{"id":487127,"date":"2014-02-09T10:23:25","date_gmt":"2014-02-09T11:23:25","guid":{"rendered":"http:\/\/www.eldigitaldeasturias.com\/noticias\/?p=487127"},"modified":"2014-02-09T10:23:25","modified_gmt":"2014-02-09T11:23:25","slug":"las-subastas-que-fijaban-el-precio-de-la-luz-desapareceran-en-abril","status":"publish","type":"post","link":"https:\/\/www.eldigitaldeasturias.com\/noticias\/las-subastas-que-fijaban-el-precio-de-la-luz-desapareceran-en-abril\/","title":{"rendered":"Las subastas que fijaban el precio de la luz desaparecer\u00e1n en abril"},"content":{"rendered":"<p><img loading=\"lazy\" decoding=\"async\" class=\"alignleft size-medium wp-image-487128\" alt=\"5925016w\" src=\"https:\/\/www.eldigitaldeasturias.com\/noticias\/wp-content\/uploads\/2014\/02\/5925016w-360x239.jpg\" width=\"360\" height=\"239\" \/>Madrid, 9 feb (EFE).- El secretario de Estado de Energ\u00eda, Alberto Nadal, anuncia que las subastas que fijaban el precio de la luz para los consumidores dom\u00e9sticos desaparecer\u00e1n en abril para establecer un sistema \u00abm\u00e1s sencillo\u00bb de acuerdo con el precio medio del mercado mayorista durante el per\u00edodo de consumo del recibo.<\/p>\n<p>En una entrevista que publica hoy el diario El Pa\u00eds, Nadal explica que, en abril, la parte variable del recibo, el 45 % del total, se determinar\u00e1 seg\u00fan el precio medio del mercado mayorista, que puede ser mensual o bimensual, lo que \u00abpermitir\u00e1 ahorros importantes para los consumidores dom\u00e9sticos\u00bb.<\/p>\n<p>Nadal precisa que \u00aben el sistema anterior el precio de la energ\u00eda se establec\u00eda mediante subasta, que convert\u00edan el precio del mercado mayorista de electricidad, que fluct\u00faa cada hora, en un precio constante durante un trimestre\u00bb.<\/p>\n<p>\u00abEra muy complejo -dice Nadal- con gran n\u00famero de intermediarios y generaba un alto sobrecoste para el consumidor\u00bb. Con el nuevo sistema desaparecer\u00e1n los intermediarios financieros, a quienes ya no ser\u00e1 necesario pagar para fijar un precio.<\/p>\n<p>La \u00faltima de estas subastas, el pasado mes de diciembre, anticip\u00f3 una subida en el recibo del 11 % para 2014, lo que llev\u00f3 al Gobierno a intervenir para anularla.<\/p>\n","protected":false},"excerpt":{"rendered":"<p>Madrid, 9 feb (EFE).- El secretario de Estado de Energ\u00eda, Alberto Nadal, anuncia que las subastas que fijaban el precio de la luz para los consumidores dom\u00e9sticos desaparecer\u00e1n en abril para establecer un sistema \u00abm\u00e1s sencillo\u00bb de acuerdo con el precio medio del mercado mayorista durante el per\u00edodo de consumo del recibo. En una entrevista [&hellip;]<\/p>\n","protected":false},"author":1,"featured_media":487128,"comment_status":"open","ping_status":"open","sticky":false,"template":"","format":"standard","meta":{"footnotes":""},"categories":[1],"tags":[],"class_list":["post-487127","post","type-post","status-publish","format-standard","has-post-thumbnail","hentry","category-actualidad"],"aioseo_notices":[],"aioseo_head":"\n\t\t<!-- All in One SEO Pro 5.0.1 - aioseo.com -->\n\t<meta name=\"description\" content=\"Madrid, 9 feb (EFE).- El secretario de Estado de Energ\u00eda, Alberto Nadal, anuncia que las subastas que fijaban el precio de la luz para los consumidores dom\u00e9sticos desaparecer\u00e1n en abril para establecer un sistema &quot;m\u00e1s sencillo&quot; de acuerdo con el precio medio del mercado mayorista durante el per\u00edodo de consumo del recibo. En una entrevista\" \/>\n\t<meta name=\"robots\" content=\"max-image-preview:large\" \/>\n\t<meta name=\"author\" content=\"El Digital de Asturias\"\/>\n\t<meta name=\"google-site-verification\" content=\"UA-38556648-1\" \/>\n\t<meta name=\"msvalidate.01\" content=\"7dfe9f3f1b24437ab69f4f2559babe99\" \/>\n\t<meta name=\"keywords\" content=\"actualidad\" \/>\n\t<link rel=\"canonical\" href=\"https:\/\/www.eldigitaldeasturias.com\/noticias\/las-subastas-que-fijaban-el-precio-de-la-luz-desapareceran-en-abril\/\" \/>\n\t<meta name=\"generator\" content=\"All in One SEO Pro (AIOSEO) 5.0.1\" \/>\n\t\t<meta property=\"og:locale\" content=\"es_ES\" \/>\n\t\t<meta property=\"og:site_name\" content=\"El Digital de Asturias\" \/>\n\t\t<meta property=\"og:type\" content=\"article\" \/>\n\t\t<meta property=\"og:title\" content=\"Las subastas que fijaban el precio de la luz desaparecer\u00e1n en abril - El Digital de Asturias\" \/>\n\t\t<meta property=\"og:description\" content=\"Madrid, 9 feb (EFE).- El secretario de Estado de Energ\u00eda, Alberto Nadal, anuncia que las subastas que fijaban el precio de la luz para los consumidores dom\u00e9sticos desaparecer\u00e1n en abril para establecer un sistema &quot;m\u00e1s sencillo&quot; de acuerdo con el precio medio del mercado mayorista durante el per\u00edodo de consumo del recibo. En una entrevista\" \/>\n\t\t<meta property=\"og:url\" content=\"https:\/\/www.eldigitaldeasturias.com\/noticias\/las-subastas-que-fijaban-el-precio-de-la-luz-desapareceran-en-abril\/\" \/>\n\t\t<meta property=\"article:tag\" content=\"actualidad\" \/>\n\t\t<meta property=\"article:published_time\" content=\"2014-02-09T11:23:25+00:00\" \/>\n\t\t<meta property=\"article:modified_time\" content=\"2014-02-09T11:23:25+00:00\" \/>\n\t\t<meta property=\"article:publisher\" content=\"https:\/\/facebook.com\/eldigitaldeasturias\" \/>\n\t\t<meta name=\"twitter:card\" content=\"summary_large_image\" \/>\n\t\t<meta name=\"twitter:title\" content=\"Las subastas que fijaban el precio de la luz desaparecer\u00e1n en abril - El Digital de Asturias\" \/>\n\t\t<meta name=\"twitter:description\" content=\"Madrid, 9 feb (EFE).- El secretario de Estado de Energ\u00eda, Alberto Nadal, anuncia que las subastas que fijaban el precio de la luz para los consumidores dom\u00e9sticos desaparecer\u00e1n en abril para establecer un sistema &quot;m\u00e1s sencillo&quot; de acuerdo con el precio medio del mercado mayorista durante el per\u00edodo de consumo del recibo. En una entrevista\" \/>\n\t\t<meta name=\"twitter:label1\" content=\"Escrito por\" \/>\n\t\t<meta name=\"twitter:data1\" content=\"El Digital de Asturias\" \/>\n\t\t<meta name=\"twitter:label2\" content=\"Tiempo de lectura estimado\" \/>\n\t\t<meta name=\"twitter:data2\" content=\"1 minuto\" \/>\n\t\t<script type=\"application\/ld+json\" class=\"aioseo-schema\">\n\t\t\t{\"@context\":\"https:\\\/\\\/schema.org\",\"@graph\":[{\"@type\":\"BlogPosting\",\"@id\":\"https:\\\/\\\/www.eldigitaldeasturias.com\\\/noticias\\\/las-subastas-que-fijaban-el-precio-de-la-luz-desapareceran-en-abril\\\/#blogposting\",\"name\":\"Las subastas que fijaban el precio de la luz desaparecer\\u00e1n en abril - El Digital de Asturias\",\"headline\":\"Las subastas que fijaban el precio de la luz desaparecer\\u00e1n en abril\",\"author\":{\"@id\":\"https:\\\/\\\/www.eldigitaldeasturias.com\\\/noticias\\\/author\\\/admin\\\/#author\"},\"publisher\":{\"@id\":\"https:\\\/\\\/www.eldigitaldeasturias.com\\\/noticias\\\/#organization\"},\"image\":{\"@type\":\"ImageObject\",\"url\":487128},\"datePublished\":\"2014-02-09T10:23:25+01:00\",\"dateModified\":\"2014-02-09T10:23:25+01:00\",\"inLanguage\":\"es-ES\",\"mainEntityOfPage\":{\"@id\":\"https:\\\/\\\/www.eldigitaldeasturias.com\\\/noticias\\\/las-subastas-que-fijaban-el-precio-de-la-luz-desapareceran-en-abril\\\/#webpage\"},\"isPartOf\":{\"@id\":\"https:\\\/\\\/www.eldigitaldeasturias.com\\\/noticias\\\/las-subastas-que-fijaban-el-precio-de-la-luz-desapareceran-en-abril\\\/#webpage\"},\"articleSection\":\"Actualidad\"},{\"@type\":\"BreadcrumbList\",\"@id\":\"https:\\\/\\\/www.eldigitaldeasturias.com\\\/noticias\\\/las-subastas-que-fijaban-el-precio-de-la-luz-desapareceran-en-abril\\\/#breadcrumblist\",\"itemListElement\":[{\"@type\":\"ListItem\",\"@id\":\"https:\\\/\\\/www.eldigitaldeasturias.com\\\/noticias#listItem\",\"position\":1,\"name\":\"Home\",\"item\":\"https:\\\/\\\/www.eldigitaldeasturias.com\\\/noticias\",\"nextItem\":{\"@type\":\"ListItem\",\"@id\":\"https:\\\/\\\/www.eldigitaldeasturias.com\\\/noticias\\\/category\\\/actualidad\\\/#listItem\",\"name\":\"Actualidad\"}},{\"@type\":\"ListItem\",\"@id\":\"https:\\\/\\\/www.eldigitaldeasturias.com\\\/noticias\\\/category\\\/actualidad\\\/#listItem\",\"position\":2,\"name\":\"Actualidad\",\"item\":\"https:\\\/\\\/www.eldigitaldeasturias.com\\\/noticias\\\/category\\\/actualidad\\\/\",\"nextItem\":{\"@type\":\"ListItem\",\"@id\":\"https:\\\/\\\/www.eldigitaldeasturias.com\\\/noticias\\\/las-subastas-que-fijaban-el-precio-de-la-luz-desapareceran-en-abril\\\/#listItem\",\"name\":\"Las subastas que fijaban el precio de la luz desaparecer\\u00e1n en abril\"},\"previousItem\":{\"@type\":\"ListItem\",\"@id\":\"https:\\\/\\\/www.eldigitaldeasturias.com\\\/noticias#listItem\",\"name\":\"Home\"}},{\"@type\":\"ListItem\",\"@id\":\"https:\\\/\\\/www.eldigitaldeasturias.com\\\/noticias\\\/las-subastas-que-fijaban-el-precio-de-la-luz-desapareceran-en-abril\\\/#listItem\",\"position\":3,\"name\":\"Las subastas que fijaban el precio de la luz desaparecer\\u00e1n en abril\",\"previousItem\":{\"@type\":\"ListItem\",\"@id\":\"https:\\\/\\\/www.eldigitaldeasturias.com\\\/noticias\\\/category\\\/actualidad\\\/#listItem\",\"name\":\"Actualidad\"}}]},{\"@type\":\"Organization\",\"@id\":\"https:\\\/\\\/www.eldigitaldeasturias.com\\\/noticias\\\/#organization\",\"name\":\"El Digital de Asturias\",\"description\":\"Hemeroteca\",\"url\":\"https:\\\/\\\/www.eldigitaldeasturias.com\\\/noticias\\\/\",\"email\":\"info@eldigitaldeasturias.com\",\"telephone\":\"+34652131393\",\"logo\":{\"@type\":\"ImageObject\",\"url\":\"https:\\\/\\\/www.eldigitaldeasturias.com\\\/noticias\\\/wp-content\\\/uploads\\\/2020\\\/12\\\/EDA.jpg\",\"@id\":\"https:\\\/\\\/www.eldigitaldeasturias.com\\\/noticias\\\/las-subastas-que-fijaban-el-precio-de-la-luz-desapareceran-en-abril\\\/#organizationLogo\"},\"image\":{\"@id\":\"https:\\\/\\\/www.eldigitaldeasturias.com\\\/noticias\\\/las-subastas-que-fijaban-el-precio-de-la-luz-desapareceran-en-abril\\\/#organizationLogo\"},\"sameAs\":[\"https:\\\/\\\/facebook.com\\\/eldigitaldeasturias\",\"https:\\\/\\\/www.youtube.com\\\/channel\\\/UCZP-2wLEB9Rv6erhFmqVnvg\"],\"address\":{\"@id\":\"https:\\\/\\\/www.eldigitaldeasturias.com\\\/noticias\\\/#postaladdress\",\"@type\":\"PostalAddress\",\"streetAddress\":\"san antonio 4\",\"postalCode\":\"33430\",\"addressLocality\":\"Cand\\u00e1s\",\"addressRegion\":\"Asturias\",\"addressCountry\":\"ES\"}},{\"@type\":\"Person\",\"@id\":\"https:\\\/\\\/www.eldigitaldeasturias.com\\\/noticias\\\/author\\\/admin\\\/#author\",\"url\":\"https:\\\/\\\/www.eldigitaldeasturias.com\\\/noticias\\\/author\\\/admin\\\/\",\"name\":\"El Digital de Asturias\",\"image\":{\"@type\":\"ImageObject\",\"@id\":\"https:\\\/\\\/www.eldigitaldeasturias.com\\\/noticias\\\/las-subastas-que-fijaban-el-precio-de-la-luz-desapareceran-en-abril\\\/#authorImage\",\"url\":\"https:\\\/\\\/secure.gravatar.com\\\/avatar\\\/df2aeffc32bcd13f8d26072ef8a91b623d677766deac7f97ca815868cd41bf5e?s=96&d=mm&r=g\",\"width\":96,\"height\":96,\"caption\":\"El Digital de Asturias\"}},{\"@type\":\"WebPage\",\"@id\":\"https:\\\/\\\/www.eldigitaldeasturias.com\\\/noticias\\\/las-subastas-que-fijaban-el-precio-de-la-luz-desapareceran-en-abril\\\/#webpage\",\"url\":\"https:\\\/\\\/www.eldigitaldeasturias.com\\\/noticias\\\/las-subastas-que-fijaban-el-precio-de-la-luz-desapareceran-en-abril\\\/\",\"name\":\"Las subastas que fijaban el precio de la luz desaparecer\\u00e1n en abril - El Digital de Asturias\",\"description\":\"Madrid, 9 feb (EFE).- El secretario de Estado de Energ\\u00eda, Alberto Nadal, anuncia que las subastas que fijaban el precio de la luz para los consumidores dom\\u00e9sticos desaparecer\\u00e1n en abril para establecer un sistema \\\"m\\u00e1s sencillo\\\" de acuerdo con el precio medio del mercado mayorista durante el per\\u00edodo de consumo del recibo. En una entrevista\",\"inLanguage\":\"es-ES\",\"isPartOf\":{\"@id\":\"https:\\\/\\\/www.eldigitaldeasturias.com\\\/noticias\\\/#website\"},\"breadcrumb\":{\"@id\":\"https:\\\/\\\/www.eldigitaldeasturias.com\\\/noticias\\\/las-subastas-que-fijaban-el-precio-de-la-luz-desapareceran-en-abril\\\/#breadcrumblist\"},\"author\":{\"@id\":\"https:\\\/\\\/www.eldigitaldeasturias.com\\\/noticias\\\/author\\\/admin\\\/#author\"},\"creator\":{\"@id\":\"https:\\\/\\\/www.eldigitaldeasturias.com\\\/noticias\\\/author\\\/admin\\\/#author\"},\"image\":{\"@type\":\"ImageObject\",\"url\":487128,\"@id\":\"https:\\\/\\\/www.eldigitaldeasturias.com\\\/noticias\\\/las-subastas-que-fijaban-el-precio-de-la-luz-desapareceran-en-abril\\\/#mainImage\"},\"primaryImageOfPage\":{\"@id\":\"https:\\\/\\\/www.eldigitaldeasturias.com\\\/noticias\\\/las-subastas-que-fijaban-el-precio-de-la-luz-desapareceran-en-abril\\\/#mainImage\"},\"datePublished\":\"2014-02-09T10:23:25+01:00\",\"dateModified\":\"2014-02-09T10:23:25+01:00\"},{\"@type\":\"WebSite\",\"@id\":\"https:\\\/\\\/www.eldigitaldeasturias.com\\\/noticias\\\/#website\",\"url\":\"https:\\\/\\\/www.eldigitaldeasturias.com\\\/noticias\\\/\",\"name\":\"El Digital de Asturias - Diario de actualidad y noticias\",\"alternateName\":\"El Digital de Asturias - Diario de actualidad y noticias\",\"description\":\"Hemeroteca\",\"inLanguage\":\"es-ES\",\"publisher\":{\"@id\":\"https:\\\/\\\/www.eldigitaldeasturias.com\\\/noticias\\\/#organization\"}}]}\n\t\t<\/script>\n\t\t<!-- All in One SEO Pro -->\r\n\t\t<title>Las subastas que fijaban el precio de la luz desaparecer\u00e1n en abril - El Digital de Asturias<\/title>\n\n","aioseo_head_json":{"title":"Las subastas que fijaban el precio de la luz desaparecer\u00e1n en abril - El Digital de Asturias","description":"Madrid, 9 feb (EFE).- El secretario de Estado de Energ\u00eda, Alberto Nadal, anuncia que las subastas que fijaban el precio de la luz para los consumidores dom\u00e9sticos desaparecer\u00e1n en abril para establecer un sistema \"m\u00e1s sencillo\" de acuerdo con el precio medio del mercado mayorista durante el per\u00edodo de consumo del recibo. En una entrevista","canonical_url":"https:\/\/www.eldigitaldeasturias.com\/noticias\/las-subastas-que-fijaban-el-precio-de-la-luz-desapareceran-en-abril\/","robots":"max-image-preview:large","keywords":"actualidad","webmasterTools":{"google-site-verification":"UA-38556648-1","msvalidate.01":"7dfe9f3f1b24437ab69f4f2559babe99","miscellaneous":""},"schema":{"@context":"https:\/\/schema.org","@graph":[{"@type":"BlogPosting","@id":"https:\/\/www.eldigitaldeasturias.com\/noticias\/las-subastas-que-fijaban-el-precio-de-la-luz-desapareceran-en-abril\/#blogposting","name":"Las subastas que fijaban el precio de la luz desaparecer\u00e1n en abril - El Digital de Asturias","headline":"Las subastas que fijaban el precio de la luz desaparecer\u00e1n en abril","author":{"@id":"https:\/\/www.eldigitaldeasturias.com\/noticias\/author\/admin\/#author"},"publisher":{"@id":"https:\/\/www.eldigitaldeasturias.com\/noticias\/#organization"},"image":{"@type":"ImageObject","url":487128},"datePublished":"2014-02-09T10:23:25+01:00","dateModified":"2014-02-09T10:23:25+01:00","inLanguage":"es-ES","mainEntityOfPage":{"@id":"https:\/\/www.eldigitaldeasturias.com\/noticias\/las-subastas-que-fijaban-el-precio-de-la-luz-desapareceran-en-abril\/#webpage"},"isPartOf":{"@id":"https:\/\/www.eldigitaldeasturias.com\/noticias\/las-subastas-que-fijaban-el-precio-de-la-luz-desapareceran-en-abril\/#webpage"},"articleSection":"Actualidad"},{"@type":"BreadcrumbList","@id":"https:\/\/www.eldigitaldeasturias.com\/noticias\/las-subastas-que-fijaban-el-precio-de-la-luz-desapareceran-en-abril\/#breadcrumblist","itemListElement":[{"@type":"ListItem","@id":"https:\/\/www.eldigitaldeasturias.com\/noticias#listItem","position":1,"name":"Home","item":"https:\/\/www.eldigitaldeasturias.com\/noticias","nextItem":{"@type":"ListItem","@id":"https:\/\/www.eldigitaldeasturias.com\/noticias\/category\/actualidad\/#listItem","name":"Actualidad"}},{"@type":"ListItem","@id":"https:\/\/www.eldigitaldeasturias.com\/noticias\/category\/actualidad\/#listItem","position":2,"name":"Actualidad","item":"https:\/\/www.eldigitaldeasturias.com\/noticias\/category\/actualidad\/","nextItem":{"@type":"ListItem","@id":"https:\/\/www.eldigitaldeasturias.com\/noticias\/las-subastas-que-fijaban-el-precio-de-la-luz-desapareceran-en-abril\/#listItem","name":"Las subastas que fijaban el precio de la luz desaparecer\u00e1n en abril"},"previousItem":{"@type":"ListItem","@id":"https:\/\/www.eldigitaldeasturias.com\/noticias#listItem","name":"Home"}},{"@type":"ListItem","@id":"https:\/\/www.eldigitaldeasturias.com\/noticias\/las-subastas-que-fijaban-el-precio-de-la-luz-desapareceran-en-abril\/#listItem","position":3,"name":"Las subastas que fijaban el precio de la luz desaparecer\u00e1n en abril","previousItem":{"@type":"ListItem","@id":"https:\/\/www.eldigitaldeasturias.com\/noticias\/category\/actualidad\/#listItem","name":"Actualidad"}}]},{"@type":"Organization","@id":"https:\/\/www.eldigitaldeasturias.com\/noticias\/#organization","name":"El Digital de Asturias","description":"Hemeroteca","url":"https:\/\/www.eldigitaldeasturias.com\/noticias\/","email":"info@eldigitaldeasturias.com","telephone":"+34652131393","logo":{"@type":"ImageObject","url":"https:\/\/www.eldigitaldeasturias.com\/noticias\/wp-content\/uploads\/2020\/12\/EDA.jpg","@id":"https:\/\/www.eldigitaldeasturias.com\/noticias\/las-subastas-que-fijaban-el-precio-de-la-luz-desapareceran-en-abril\/#organizationLogo"},"image":{"@id":"https:\/\/www.eldigitaldeasturias.com\/noticias\/las-subastas-que-fijaban-el-precio-de-la-luz-desapareceran-en-abril\/#organizationLogo"},"sameAs":["https:\/\/facebook.com\/eldigitaldeasturias","https:\/\/www.youtube.com\/channel\/UCZP-2wLEB9Rv6erhFmqVnvg"],"address":{"@id":"https:\/\/www.eldigitaldeasturias.com\/noticias\/#postaladdress","@type":"PostalAddress","streetAddress":"san antonio 4","postalCode":"33430","addressLocality":"Cand\u00e1s","addressRegion":"Asturias","addressCountry":"ES"}},{"@type":"Person","@id":"https:\/\/www.eldigitaldeasturias.com\/noticias\/author\/admin\/#author","url":"https:\/\/www.eldigitaldeasturias.com\/noticias\/author\/admin\/","name":"El Digital de Asturias","image":{"@type":"ImageObject","@id":"https:\/\/www.eldigitaldeasturias.com\/noticias\/las-subastas-que-fijaban-el-precio-de-la-luz-desapareceran-en-abril\/#authorImage","url":"https:\/\/secure.gravatar.com\/avatar\/df2aeffc32bcd13f8d26072ef8a91b623d677766deac7f97ca815868cd41bf5e?s=96&d=mm&r=g","width":96,"height":96,"caption":"El Digital de Asturias"}},{"@type":"WebPage","@id":"https:\/\/www.eldigitaldeasturias.com\/noticias\/las-subastas-que-fijaban-el-precio-de-la-luz-desapareceran-en-abril\/#webpage","url":"https:\/\/www.eldigitaldeasturias.com\/noticias\/las-subastas-que-fijaban-el-precio-de-la-luz-desapareceran-en-abril\/","name":"Las subastas que fijaban el precio de la luz desaparecer\u00e1n en abril - El Digital de Asturias","description":"Madrid, 9 feb (EFE).- El secretario de Estado de Energ\u00eda, Alberto Nadal, anuncia que las subastas que fijaban el precio de la luz para los consumidores dom\u00e9sticos desaparecer\u00e1n en abril para establecer un sistema \"m\u00e1s sencillo\" de acuerdo con el precio medio del mercado mayorista durante el per\u00edodo de consumo del recibo. En una entrevista","inLanguage":"es-ES","isPartOf":{"@id":"https:\/\/www.eldigitaldeasturias.com\/noticias\/#website"},"breadcrumb":{"@id":"https:\/\/www.eldigitaldeasturias.com\/noticias\/las-subastas-que-fijaban-el-precio-de-la-luz-desapareceran-en-abril\/#breadcrumblist"},"author":{"@id":"https:\/\/www.eldigitaldeasturias.com\/noticias\/author\/admin\/#author"},"creator":{"@id":"https:\/\/www.eldigitaldeasturias.com\/noticias\/author\/admin\/#author"},"image":{"@type":"ImageObject","url":487128,"@id":"https:\/\/www.eldigitaldeasturias.com\/noticias\/las-subastas-que-fijaban-el-precio-de-la-luz-desapareceran-en-abril\/#mainImage"},"primaryImageOfPage":{"@id":"https:\/\/www.eldigitaldeasturias.com\/noticias\/las-subastas-que-fijaban-el-precio-de-la-luz-desapareceran-en-abril\/#mainImage"},"datePublished":"2014-02-09T10:23:25+01:00","dateModified":"2014-02-09T10:23:25+01:00"},{"@type":"WebSite","@id":"https:\/\/www.eldigitaldeasturias.com\/noticias\/#website","url":"https:\/\/www.eldigitaldeasturias.com\/noticias\/","name":"El Digital de Asturias - Diario de actualidad y noticias","alternateName":"El Digital de Asturias - Diario de actualidad y noticias","description":"Hemeroteca","inLanguage":"es-ES","publisher":{"@id":"https:\/\/www.eldigitaldeasturias.com\/noticias\/#organization"}}]},"og:locale":"es_ES","og:site_name":"El Digital de Asturias","og:type":"article","og:title":"Las subastas que fijaban el precio de la luz desaparecer\u00e1n en abril - El Digital de Asturias","og:description":"Madrid, 9 feb (EFE).- El secretario de Estado de Energ\u00eda, Alberto Nadal, anuncia que las subastas que fijaban el precio de la luz para los consumidores dom\u00e9sticos desaparecer\u00e1n en abril para establecer un sistema &quot;m\u00e1s sencillo&quot; de acuerdo con el precio medio del mercado mayorista durante el per\u00edodo de consumo del recibo. En una entrevista","og:url":"https:\/\/www.eldigitaldeasturias.com\/noticias\/las-subastas-que-fijaban-el-precio-de-la-luz-desapareceran-en-abril\/","article:tag":["actualidad"],"article:published_time":"2014-02-09T11:23:25+00:00","article:modified_time":"2014-02-09T11:23:25+00:00","article:publisher":"https:\/\/facebook.com\/eldigitaldeasturias","twitter:card":"summary_large_image","twitter:title":"Las subastas que fijaban el precio de la luz desaparecer\u00e1n en abril - El Digital de Asturias","twitter:description":"Madrid, 9 feb (EFE).- El secretario de Estado de Energ\u00eda, Alberto Nadal, anuncia que las subastas que fijaban el precio de la luz para los consumidores dom\u00e9sticos desaparecer\u00e1n en abril para establecer un sistema &quot;m\u00e1s sencillo&quot; de acuerdo con el precio medio del mercado mayorista durante el per\u00edodo de consumo del recibo. En una entrevista","twitter:label1":"Escrito por","twitter:data1":"El Digital de Asturias","twitter:label2":"Tiempo de lectura estimado","twitter:data2":"1 minuto"},"aioseo_meta_data":{"post_id":"487127","title":null,"description":null,"keywords":null,"keyphrases":null,"primary_term":null,"canonical_url":null,"og_title":null,"og_description":null,"og_object_type":"default","og_image_type":"default","og_image_url":null,"og_image_width":null,"og_image_height":null,"og_image_custom_url":null,"og_image_custom_fields":null,"og_video":null,"og_custom_url":null,"og_article_section":null,"og_article_tags":null,"twitter_use_og":true,"twitter_card":"default","twitter_image_type":"default","twitter_image_url":null,"twitter_image_custom_url":null,"twitter_image_custom_fields":null,"twitter_title":null,"twitter_description":null,"schema":{"blockGraphs":[],"customGraphs":[],"default":{"data":{"Article":[],"Course":[],"Dataset":[],"FAQPage":[],"Movie":[],"Person":[],"Product":[],"ProductReview":[],"Car":[],"Recipe":[],"Service":[],"SoftwareApplication":[],"WebPage":[]},"graphName":"","isEnabled":true},"graphs":[],"defaultGraph":"","defaultPostTypeGraph":""},"schema_type":null,"schema_type_options":null,"pillar_content":false,"robots_default":true,"robots_noindex":false,"robots_noarchive":false,"robots_nosnippet":false,"robots_nofollow":false,"robots_noimageindex":false,"robots_noodp":false,"robots_notranslate":false,"robots_max_snippet":null,"robots_max_videopreview":null,"robots_max_imagepreview":"none","priority":null,"frequency":null,"local_seo":null,"seo_analyzer_scan_date":"2026-06-03 03:42:47","breadcrumb_settings":null,"limit_modified_date":false,"open_ai":null,"ai":null,"created":"2020-11-14 22:56:19","updated":"2026-06-03 03:42:47","focus_keyword":null,"additional_keywords":null,"truseo_locale":null},"aioseo_breadcrumb":"<div class=\"aioseo-breadcrumbs\"><span class=\"aioseo-breadcrumb\">\n\t<a href=\"https:\/\/www.eldigitaldeasturias.com\/noticias\" title=\"Home\">Home<\/a>\n<\/span><span class=\"aioseo-breadcrumb-separator\">\u2013<\/span><span class=\"aioseo-breadcrumb\">\n\t<a href=\"https:\/\/www.eldigitaldeasturias.com\/noticias\/category\/actualidad\/\" title=\"Actualidad\">Actualidad<\/a>\n<\/span><span class=\"aioseo-breadcrumb-separator\">\u2013<\/span><span class=\"aioseo-breadcrumb\">\n\t<a href=\"https:\/\/www.eldigitaldeasturias.com\/noticias\/las-subastas-que-fijaban-el-precio-de-la-luz-desapareceran-en-abril\/\" title=\"Las subastas que fijaban el precio de la luz desaparecer\u00e1n en abril\">Las subastas que fijaban el precio de la luz desaparecer\u00e1n en abril<\/a>\n<\/span><\/div>","aioseo_breadcrumb_json":[{"label":"Home","link":"https:\/\/www.eldigitaldeasturias.com\/noticias"},{"label":"Actualidad","link":"https:\/\/www.eldigitaldeasturias.com\/noticias\/category\/actualidad\/"},{"label":"Las subastas que fijaban el precio de la luz desaparecer\u00e1n en abril","link":"https:\/\/www.eldigitaldeasturias.com\/noticias\/las-subastas-que-fijaban-el-precio-de-la-luz-desapareceran-en-abril\/"}],"_links":{"self":[{"href":"https:\/\/www.eldigitaldeasturias.com\/noticias\/wp-json\/wp\/v2\/posts\/487127","targetHints":{"allow":["GET"]}}],"collection":[{"href":"https:\/\/www.eldigitaldeasturias.com\/noticias\/wp-json\/wp\/v2\/posts"}],"about":[{"href":"https:\/\/www.eldigitaldeasturias.com\/noticias\/wp-json\/wp\/v2\/types\/post"}],"author":[{"embeddable":true,"href":"https:\/\/www.eldigitaldeasturias.com\/noticias\/wp-json\/wp\/v2\/users\/1"}],"replies":[{"embeddable":true,"href":"https:\/\/www.eldigitaldeasturias.com\/noticias\/wp-json\/wp\/v2\/comments?post=487127"}],"version-history":[{"count":0,"href":"https:\/\/www.eldigitaldeasturias.com\/noticias\/wp-json\/wp\/v2\/posts\/487127\/revisions"}],"wp:attachment":[{"href":"https:\/\/www.eldigitaldeasturias.com\/noticias\/wp-json\/wp\/v2\/media?parent=487127"}],"wp:term":[{"taxonomy":"category","embeddable":true,"href":"https:\/\/www.eldigitaldeasturias.com\/noticias\/wp-json\/wp\/v2\/categories?post=487127"},{"taxonomy":"post_tag","embeddable":true,"href":"https:\/\/www.eldigitaldeasturias.com\/noticias\/wp-json\/wp\/v2\/tags?post=487127"}],"curies":[{"name":"wp","href":"https:\/\/api.w.org\/{rel}","templated":true}]}}