{"id":487124,"date":"2014-02-09T10:22:33","date_gmt":"2014-02-09T11:22:33","guid":{"rendered":"http:\/\/www.eldigitaldeasturias.com\/noticias\/?p=487124"},"modified":"2014-02-09T10:22:33","modified_gmt":"2014-02-09T11:22:33","slug":"un-palestino-en-estado-critico-y-otro-leve-en-un-ataque-aereo-israeli-sobre-gaza","status":"publish","type":"post","link":"https:\/\/www.eldigitaldeasturias.com\/noticias\/un-palestino-en-estado-critico-y-otro-leve-en-un-ataque-aereo-israeli-sobre-gaza\/","title":{"rendered":"Un palestino en estado cr\u00edtico y otro leve en un ataque a\u00e9reo israel\u00ed sobre Gaza"},"content":{"rendered":"<p><img loading=\"lazy\" decoding=\"async\" class=\"alignleft size-medium wp-image-487125\" alt=\"5925013w\" src=\"https:\/\/www.eldigitaldeasturias.com\/noticias\/wp-content\/uploads\/2014\/02\/5925013w-360x236.jpg\" width=\"360\" height=\"236\" \/>Gaza, 9 feb (EFE).- Un palestino se encuentra en estado cr\u00edtico tras ser alcanzado hoy, domingo, por un misil israel\u00ed cuando circulaba en una motocicleta por el centro de Gaza, suceso en el que un transe\u00fante sufri\u00f3 heridas leves, dijeron fuentes oficiales de la franja.<\/p>\n<p>El portavoz del servicio de emergencias del Ministerio de Sanidad en Gaza, Ashraf al-Quedra, se\u00f1al\u00f3 que el conductor de la motocicleta se encuentra en estado cr\u00edtico tras ser alcanzado por un misil disparado desde el aire en la localidad de Dir el-Balah.<\/p>\n<p>Seg\u00fan vecinos de esa poblaci\u00f3n, se trata de un miliciano de la Yihad Isl\u00e1mica, aunque de momento ninguna organizaci\u00f3n ha precisado su vinculaci\u00f3n con el herido en el ataque.<\/p>\n<p>El Ej\u00e9rcito israel\u00ed confirm\u00f3, por su parte, haber llevado a cabo un ataque selectivo a primera hora del d\u00eda cuyo blanco fue Abdala Jarti, miembro de los Comit\u00e9s Populares de Resistencia y afiliado al movimiento islamista Yihad Global.<\/p>\n<p>Nacido en 1985, Jarti estaba supuestamente involucrado en numerosos lanzamientos de proyectiles contra suelo israel\u00ed.<\/p>\n<p>\u00abEl Ej\u00e9rcito israel\u00ed oper\u00f3 a fin de eliminar la amenaza inminente a las vidas de civiles israel\u00edes\u00bb, se\u00f1ala un comunicado castrense.<\/p>\n<p>La radio p\u00fablica israel\u00ed responsabiliza a Jarti de disparos de cohetes contra la ciudad costera de Eilat, en el sur del pa\u00eds, as\u00ed como de un ataque contra una carretera israel\u00ed en el que hubo varios muertos hace aproximadamente a\u00f1o y medio.<\/p>\n<p>Las Fuerzas Armadas israel\u00edes informaron el s\u00e1bado del disparo de un cohete desde la franja de Gaza contra suelo israel\u00ed, que no caus\u00f3 da\u00f1os ni v\u00edctimas.<\/p>\n<p>Israel y el movimiento islamista Ham\u00e1s, que gobierna en la franja de Gaza, mantienen desde noviembre de 2012 un fr\u00e1gil alto el fuego violado por ambas partes en repetidas ocasiones con disparos de cohetes y ataques a\u00e9reos e incursiones israel\u00edes.<\/p>\n","protected":false},"excerpt":{"rendered":"<p>Gaza, 9 feb (EFE).- Un palestino se encuentra en estado cr\u00edtico tras ser alcanzado hoy, domingo, por un misil israel\u00ed cuando circulaba en una motocicleta por el centro de Gaza, suceso en el que un transe\u00fante sufri\u00f3 heridas leves, dijeron fuentes oficiales de la franja. El portavoz del servicio de emergencias del Ministerio de Sanidad [&hellip;]<\/p>\n","protected":false},"author":1,"featured_media":487125,"comment_status":"open","ping_status":"open","sticky":false,"template":"","format":"standard","meta":{"footnotes":""},"categories":[1],"tags":[],"class_list":["post-487124","post","type-post","status-publish","format-standard","has-post-thumbnail","hentry","category-actualidad"],"aioseo_notices":[],"aioseo_head":"\n\t\t<!-- All in One SEO Pro 5.0.1 - aioseo.com -->\n\t<meta name=\"description\" content=\"Gaza, 9 feb (EFE).- Un palestino se encuentra en estado cr\u00edtico tras ser alcanzado hoy, domingo, por un misil israel\u00ed cuando circulaba en una motocicleta por el centro de Gaza, suceso en el que un transe\u00fante sufri\u00f3 heridas leves, dijeron fuentes oficiales de la franja. El portavoz del servicio de emergencias del Ministerio de Sanidad\" \/>\n\t<meta name=\"robots\" content=\"max-image-preview:large\" \/>\n\t<meta name=\"author\" content=\"El Digital de Asturias\"\/>\n\t<meta name=\"google-site-verification\" content=\"UA-38556648-1\" \/>\n\t<meta name=\"msvalidate.01\" content=\"7dfe9f3f1b24437ab69f4f2559babe99\" \/>\n\t<meta name=\"keywords\" content=\"actualidad\" \/>\n\t<link rel=\"canonical\" href=\"https:\/\/www.eldigitaldeasturias.com\/noticias\/un-palestino-en-estado-critico-y-otro-leve-en-un-ataque-aereo-israeli-sobre-gaza\/\" \/>\n\t<meta name=\"generator\" content=\"All in One SEO Pro (AIOSEO) 5.0.1\" \/>\n\t\t<meta property=\"og:locale\" content=\"es_ES\" \/>\n\t\t<meta property=\"og:site_name\" content=\"El Digital de Asturias\" \/>\n\t\t<meta property=\"og:type\" content=\"article\" \/>\n\t\t<meta property=\"og:title\" content=\"Un palestino en estado cr\u00edtico y otro leve en un ataque a\u00e9reo israel\u00ed sobre Gaza - El Digital de Asturias\" \/>\n\t\t<meta property=\"og:description\" content=\"Gaza, 9 feb (EFE).- Un palestino se encuentra en estado cr\u00edtico tras ser alcanzado hoy, domingo, por un misil israel\u00ed cuando circulaba en una motocicleta por el centro de Gaza, suceso en el que un transe\u00fante sufri\u00f3 heridas leves, dijeron fuentes oficiales de la franja. El portavoz del servicio de emergencias del Ministerio de Sanidad\" \/>\n\t\t<meta property=\"og:url\" content=\"https:\/\/www.eldigitaldeasturias.com\/noticias\/un-palestino-en-estado-critico-y-otro-leve-en-un-ataque-aereo-israeli-sobre-gaza\/\" \/>\n\t\t<meta property=\"article:tag\" content=\"actualidad\" \/>\n\t\t<meta property=\"article:published_time\" content=\"2014-02-09T11:22:33+00:00\" \/>\n\t\t<meta property=\"article:modified_time\" content=\"2014-02-09T11:22:33+00:00\" \/>\n\t\t<meta property=\"article:publisher\" content=\"https:\/\/facebook.com\/eldigitaldeasturias\" \/>\n\t\t<meta name=\"twitter:card\" content=\"summary_large_image\" \/>\n\t\t<meta name=\"twitter:title\" content=\"Un palestino en estado cr\u00edtico y otro leve en un ataque a\u00e9reo israel\u00ed sobre Gaza - El Digital de Asturias\" \/>\n\t\t<meta name=\"twitter:description\" content=\"Gaza, 9 feb (EFE).- Un palestino se encuentra en estado cr\u00edtico tras ser alcanzado hoy, domingo, por un misil israel\u00ed cuando circulaba en una motocicleta por el centro de Gaza, suceso en el que un transe\u00fante sufri\u00f3 heridas leves, dijeron fuentes oficiales de la franja. El portavoz del servicio de emergencias del Ministerio de Sanidad\" \/>\n\t\t<meta name=\"twitter:label1\" content=\"Escrito por\" \/>\n\t\t<meta name=\"twitter:data1\" content=\"El Digital de Asturias\" \/>\n\t\t<meta name=\"twitter:label2\" content=\"Tiempo de lectura estimado\" \/>\n\t\t<meta name=\"twitter:data2\" content=\"2 minutos\" \/>\n\t\t<script type=\"application\/ld+json\" class=\"aioseo-schema\">\n\t\t\t{\"@context\":\"https:\\\/\\\/schema.org\",\"@graph\":[{\"@type\":\"BlogPosting\",\"@id\":\"https:\\\/\\\/www.eldigitaldeasturias.com\\\/noticias\\\/un-palestino-en-estado-critico-y-otro-leve-en-un-ataque-aereo-israeli-sobre-gaza\\\/#blogposting\",\"name\":\"Un palestino en estado cr\\u00edtico y otro leve en un ataque a\\u00e9reo israel\\u00ed sobre Gaza - El Digital de Asturias\",\"headline\":\"Un palestino en estado cr\\u00edtico y otro leve en un ataque a\\u00e9reo israel\\u00ed sobre Gaza\",\"author\":{\"@id\":\"https:\\\/\\\/www.eldigitaldeasturias.com\\\/noticias\\\/author\\\/admin\\\/#author\"},\"publisher\":{\"@id\":\"https:\\\/\\\/www.eldigitaldeasturias.com\\\/noticias\\\/#organization\"},\"image\":{\"@type\":\"ImageObject\",\"url\":487125},\"datePublished\":\"2014-02-09T10:22:33+01:00\",\"dateModified\":\"2014-02-09T10:22:33+01:00\",\"inLanguage\":\"es-ES\",\"mainEntityOfPage\":{\"@id\":\"https:\\\/\\\/www.eldigitaldeasturias.com\\\/noticias\\\/un-palestino-en-estado-critico-y-otro-leve-en-un-ataque-aereo-israeli-sobre-gaza\\\/#webpage\"},\"isPartOf\":{\"@id\":\"https:\\\/\\\/www.eldigitaldeasturias.com\\\/noticias\\\/un-palestino-en-estado-critico-y-otro-leve-en-un-ataque-aereo-israeli-sobre-gaza\\\/#webpage\"},\"articleSection\":\"Actualidad\"},{\"@type\":\"BreadcrumbList\",\"@id\":\"https:\\\/\\\/www.eldigitaldeasturias.com\\\/noticias\\\/un-palestino-en-estado-critico-y-otro-leve-en-un-ataque-aereo-israeli-sobre-gaza\\\/#breadcrumblist\",\"itemListElement\":[{\"@type\":\"ListItem\",\"@id\":\"https:\\\/\\\/www.eldigitaldeasturias.com\\\/noticias#listItem\",\"position\":1,\"name\":\"Home\",\"item\":\"https:\\\/\\\/www.eldigitaldeasturias.com\\\/noticias\",\"nextItem\":{\"@type\":\"ListItem\",\"@id\":\"https:\\\/\\\/www.eldigitaldeasturias.com\\\/noticias\\\/category\\\/actualidad\\\/#listItem\",\"name\":\"Actualidad\"}},{\"@type\":\"ListItem\",\"@id\":\"https:\\\/\\\/www.eldigitaldeasturias.com\\\/noticias\\\/category\\\/actualidad\\\/#listItem\",\"position\":2,\"name\":\"Actualidad\",\"item\":\"https:\\\/\\\/www.eldigitaldeasturias.com\\\/noticias\\\/category\\\/actualidad\\\/\",\"nextItem\":{\"@type\":\"ListItem\",\"@id\":\"https:\\\/\\\/www.eldigitaldeasturias.com\\\/noticias\\\/un-palestino-en-estado-critico-y-otro-leve-en-un-ataque-aereo-israeli-sobre-gaza\\\/#listItem\",\"name\":\"Un palestino en estado cr\\u00edtico y otro leve en un ataque a\\u00e9reo israel\\u00ed sobre Gaza\"},\"previousItem\":{\"@type\":\"ListItem\",\"@id\":\"https:\\\/\\\/www.eldigitaldeasturias.com\\\/noticias#listItem\",\"name\":\"Home\"}},{\"@type\":\"ListItem\",\"@id\":\"https:\\\/\\\/www.eldigitaldeasturias.com\\\/noticias\\\/un-palestino-en-estado-critico-y-otro-leve-en-un-ataque-aereo-israeli-sobre-gaza\\\/#listItem\",\"position\":3,\"name\":\"Un palestino en estado cr\\u00edtico y otro leve en un ataque a\\u00e9reo israel\\u00ed sobre Gaza\",\"previousItem\":{\"@type\":\"ListItem\",\"@id\":\"https:\\\/\\\/www.eldigitaldeasturias.com\\\/noticias\\\/category\\\/actualidad\\\/#listItem\",\"name\":\"Actualidad\"}}]},{\"@type\":\"Organization\",\"@id\":\"https:\\\/\\\/www.eldigitaldeasturias.com\\\/noticias\\\/#organization\",\"name\":\"El Digital de Asturias\",\"description\":\"Hemeroteca\",\"url\":\"https:\\\/\\\/www.eldigitaldeasturias.com\\\/noticias\\\/\",\"email\":\"info@eldigitaldeasturias.com\",\"telephone\":\"+34652131393\",\"logo\":{\"@type\":\"ImageObject\",\"url\":\"https:\\\/\\\/www.eldigitaldeasturias.com\\\/noticias\\\/wp-content\\\/uploads\\\/2020\\\/12\\\/EDA.jpg\",\"@id\":\"https:\\\/\\\/www.eldigitaldeasturias.com\\\/noticias\\\/un-palestino-en-estado-critico-y-otro-leve-en-un-ataque-aereo-israeli-sobre-gaza\\\/#organizationLogo\"},\"image\":{\"@id\":\"https:\\\/\\\/www.eldigitaldeasturias.com\\\/noticias\\\/un-palestino-en-estado-critico-y-otro-leve-en-un-ataque-aereo-israeli-sobre-gaza\\\/#organizationLogo\"},\"sameAs\":[\"https:\\\/\\\/facebook.com\\\/eldigitaldeasturias\",\"https:\\\/\\\/www.youtube.com\\\/channel\\\/UCZP-2wLEB9Rv6erhFmqVnvg\"],\"address\":{\"@id\":\"https:\\\/\\\/www.eldigitaldeasturias.com\\\/noticias\\\/#postaladdress\",\"@type\":\"PostalAddress\",\"streetAddress\":\"san antonio 4\",\"postalCode\":\"33430\",\"addressLocality\":\"Cand\\u00e1s\",\"addressRegion\":\"Asturias\",\"addressCountry\":\"ES\"}},{\"@type\":\"Person\",\"@id\":\"https:\\\/\\\/www.eldigitaldeasturias.com\\\/noticias\\\/author\\\/admin\\\/#author\",\"url\":\"https:\\\/\\\/www.eldigitaldeasturias.com\\\/noticias\\\/author\\\/admin\\\/\",\"name\":\"El Digital de Asturias\",\"image\":{\"@type\":\"ImageObject\",\"@id\":\"https:\\\/\\\/www.eldigitaldeasturias.com\\\/noticias\\\/un-palestino-en-estado-critico-y-otro-leve-en-un-ataque-aereo-israeli-sobre-gaza\\\/#authorImage\",\"url\":\"https:\\\/\\\/secure.gravatar.com\\\/avatar\\\/df2aeffc32bcd13f8d26072ef8a91b623d677766deac7f97ca815868cd41bf5e?s=96&d=mm&r=g\",\"width\":96,\"height\":96,\"caption\":\"El Digital de Asturias\"}},{\"@type\":\"WebPage\",\"@id\":\"https:\\\/\\\/www.eldigitaldeasturias.com\\\/noticias\\\/un-palestino-en-estado-critico-y-otro-leve-en-un-ataque-aereo-israeli-sobre-gaza\\\/#webpage\",\"url\":\"https:\\\/\\\/www.eldigitaldeasturias.com\\\/noticias\\\/un-palestino-en-estado-critico-y-otro-leve-en-un-ataque-aereo-israeli-sobre-gaza\\\/\",\"name\":\"Un palestino en estado cr\\u00edtico y otro leve en un ataque a\\u00e9reo israel\\u00ed sobre Gaza - El Digital de Asturias\",\"description\":\"Gaza, 9 feb (EFE).- Un palestino se encuentra en estado cr\\u00edtico tras ser alcanzado hoy, domingo, por un misil israel\\u00ed cuando circulaba en una motocicleta por el centro de Gaza, suceso en el que un transe\\u00fante sufri\\u00f3 heridas leves, dijeron fuentes oficiales de la franja. El portavoz del servicio de emergencias del Ministerio de Sanidad\",\"inLanguage\":\"es-ES\",\"isPartOf\":{\"@id\":\"https:\\\/\\\/www.eldigitaldeasturias.com\\\/noticias\\\/#website\"},\"breadcrumb\":{\"@id\":\"https:\\\/\\\/www.eldigitaldeasturias.com\\\/noticias\\\/un-palestino-en-estado-critico-y-otro-leve-en-un-ataque-aereo-israeli-sobre-gaza\\\/#breadcrumblist\"},\"author\":{\"@id\":\"https:\\\/\\\/www.eldigitaldeasturias.com\\\/noticias\\\/author\\\/admin\\\/#author\"},\"creator\":{\"@id\":\"https:\\\/\\\/www.eldigitaldeasturias.com\\\/noticias\\\/author\\\/admin\\\/#author\"},\"image\":{\"@type\":\"ImageObject\",\"url\":487125,\"@id\":\"https:\\\/\\\/www.eldigitaldeasturias.com\\\/noticias\\\/un-palestino-en-estado-critico-y-otro-leve-en-un-ataque-aereo-israeli-sobre-gaza\\\/#mainImage\"},\"primaryImageOfPage\":{\"@id\":\"https:\\\/\\\/www.eldigitaldeasturias.com\\\/noticias\\\/un-palestino-en-estado-critico-y-otro-leve-en-un-ataque-aereo-israeli-sobre-gaza\\\/#mainImage\"},\"datePublished\":\"2014-02-09T10:22:33+01:00\",\"dateModified\":\"2014-02-09T10:22:33+01:00\"},{\"@type\":\"WebSite\",\"@id\":\"https:\\\/\\\/www.eldigitaldeasturias.com\\\/noticias\\\/#website\",\"url\":\"https:\\\/\\\/www.eldigitaldeasturias.com\\\/noticias\\\/\",\"name\":\"El Digital de Asturias - Diario de actualidad y noticias\",\"alternateName\":\"El Digital de Asturias - Diario de actualidad y noticias\",\"description\":\"Hemeroteca\",\"inLanguage\":\"es-ES\",\"publisher\":{\"@id\":\"https:\\\/\\\/www.eldigitaldeasturias.com\\\/noticias\\\/#organization\"}}]}\n\t\t<\/script>\n\t\t<!-- All in One SEO Pro -->\r\n\t\t<title>Un palestino en estado cr\u00edtico y otro leve en un ataque a\u00e9reo israel\u00ed sobre Gaza - El Digital de Asturias<\/title>\n\n","aioseo_head_json":{"title":"Un palestino en estado cr\u00edtico y otro leve en un ataque a\u00e9reo israel\u00ed sobre Gaza - El Digital de Asturias","description":"Gaza, 9 feb (EFE).- Un palestino se encuentra en estado cr\u00edtico tras ser alcanzado hoy, domingo, por un misil israel\u00ed cuando circulaba en una motocicleta por el centro de Gaza, suceso en el que un transe\u00fante sufri\u00f3 heridas leves, dijeron fuentes oficiales de la franja. El portavoz del servicio de emergencias del Ministerio de Sanidad","canonical_url":"https:\/\/www.eldigitaldeasturias.com\/noticias\/un-palestino-en-estado-critico-y-otro-leve-en-un-ataque-aereo-israeli-sobre-gaza\/","robots":"max-image-preview:large","keywords":"actualidad","webmasterTools":{"google-site-verification":"UA-38556648-1","msvalidate.01":"7dfe9f3f1b24437ab69f4f2559babe99","miscellaneous":""},"schema":{"@context":"https:\/\/schema.org","@graph":[{"@type":"BlogPosting","@id":"https:\/\/www.eldigitaldeasturias.com\/noticias\/un-palestino-en-estado-critico-y-otro-leve-en-un-ataque-aereo-israeli-sobre-gaza\/#blogposting","name":"Un palestino en estado cr\u00edtico y otro leve en un ataque a\u00e9reo israel\u00ed sobre Gaza - El Digital de Asturias","headline":"Un palestino en estado cr\u00edtico y otro leve en un ataque a\u00e9reo israel\u00ed sobre Gaza","author":{"@id":"https:\/\/www.eldigitaldeasturias.com\/noticias\/author\/admin\/#author"},"publisher":{"@id":"https:\/\/www.eldigitaldeasturias.com\/noticias\/#organization"},"image":{"@type":"ImageObject","url":487125},"datePublished":"2014-02-09T10:22:33+01:00","dateModified":"2014-02-09T10:22:33+01:00","inLanguage":"es-ES","mainEntityOfPage":{"@id":"https:\/\/www.eldigitaldeasturias.com\/noticias\/un-palestino-en-estado-critico-y-otro-leve-en-un-ataque-aereo-israeli-sobre-gaza\/#webpage"},"isPartOf":{"@id":"https:\/\/www.eldigitaldeasturias.com\/noticias\/un-palestino-en-estado-critico-y-otro-leve-en-un-ataque-aereo-israeli-sobre-gaza\/#webpage"},"articleSection":"Actualidad"},{"@type":"BreadcrumbList","@id":"https:\/\/www.eldigitaldeasturias.com\/noticias\/un-palestino-en-estado-critico-y-otro-leve-en-un-ataque-aereo-israeli-sobre-gaza\/#breadcrumblist","itemListElement":[{"@type":"ListItem","@id":"https:\/\/www.eldigitaldeasturias.com\/noticias#listItem","position":1,"name":"Home","item":"https:\/\/www.eldigitaldeasturias.com\/noticias","nextItem":{"@type":"ListItem","@id":"https:\/\/www.eldigitaldeasturias.com\/noticias\/category\/actualidad\/#listItem","name":"Actualidad"}},{"@type":"ListItem","@id":"https:\/\/www.eldigitaldeasturias.com\/noticias\/category\/actualidad\/#listItem","position":2,"name":"Actualidad","item":"https:\/\/www.eldigitaldeasturias.com\/noticias\/category\/actualidad\/","nextItem":{"@type":"ListItem","@id":"https:\/\/www.eldigitaldeasturias.com\/noticias\/un-palestino-en-estado-critico-y-otro-leve-en-un-ataque-aereo-israeli-sobre-gaza\/#listItem","name":"Un palestino en estado cr\u00edtico y otro leve en un ataque a\u00e9reo israel\u00ed sobre Gaza"},"previousItem":{"@type":"ListItem","@id":"https:\/\/www.eldigitaldeasturias.com\/noticias#listItem","name":"Home"}},{"@type":"ListItem","@id":"https:\/\/www.eldigitaldeasturias.com\/noticias\/un-palestino-en-estado-critico-y-otro-leve-en-un-ataque-aereo-israeli-sobre-gaza\/#listItem","position":3,"name":"Un palestino en estado cr\u00edtico y otro leve en un ataque a\u00e9reo israel\u00ed sobre Gaza","previousItem":{"@type":"ListItem","@id":"https:\/\/www.eldigitaldeasturias.com\/noticias\/category\/actualidad\/#listItem","name":"Actualidad"}}]},{"@type":"Organization","@id":"https:\/\/www.eldigitaldeasturias.com\/noticias\/#organization","name":"El Digital de Asturias","description":"Hemeroteca","url":"https:\/\/www.eldigitaldeasturias.com\/noticias\/","email":"info@eldigitaldeasturias.com","telephone":"+34652131393","logo":{"@type":"ImageObject","url":"https:\/\/www.eldigitaldeasturias.com\/noticias\/wp-content\/uploads\/2020\/12\/EDA.jpg","@id":"https:\/\/www.eldigitaldeasturias.com\/noticias\/un-palestino-en-estado-critico-y-otro-leve-en-un-ataque-aereo-israeli-sobre-gaza\/#organizationLogo"},"image":{"@id":"https:\/\/www.eldigitaldeasturias.com\/noticias\/un-palestino-en-estado-critico-y-otro-leve-en-un-ataque-aereo-israeli-sobre-gaza\/#organizationLogo"},"sameAs":["https:\/\/facebook.com\/eldigitaldeasturias","https:\/\/www.youtube.com\/channel\/UCZP-2wLEB9Rv6erhFmqVnvg"],"address":{"@id":"https:\/\/www.eldigitaldeasturias.com\/noticias\/#postaladdress","@type":"PostalAddress","streetAddress":"san antonio 4","postalCode":"33430","addressLocality":"Cand\u00e1s","addressRegion":"Asturias","addressCountry":"ES"}},{"@type":"Person","@id":"https:\/\/www.eldigitaldeasturias.com\/noticias\/author\/admin\/#author","url":"https:\/\/www.eldigitaldeasturias.com\/noticias\/author\/admin\/","name":"El Digital de Asturias","image":{"@type":"ImageObject","@id":"https:\/\/www.eldigitaldeasturias.com\/noticias\/un-palestino-en-estado-critico-y-otro-leve-en-un-ataque-aereo-israeli-sobre-gaza\/#authorImage","url":"https:\/\/secure.gravatar.com\/avatar\/df2aeffc32bcd13f8d26072ef8a91b623d677766deac7f97ca815868cd41bf5e?s=96&d=mm&r=g","width":96,"height":96,"caption":"El Digital de Asturias"}},{"@type":"WebPage","@id":"https:\/\/www.eldigitaldeasturias.com\/noticias\/un-palestino-en-estado-critico-y-otro-leve-en-un-ataque-aereo-israeli-sobre-gaza\/#webpage","url":"https:\/\/www.eldigitaldeasturias.com\/noticias\/un-palestino-en-estado-critico-y-otro-leve-en-un-ataque-aereo-israeli-sobre-gaza\/","name":"Un palestino en estado cr\u00edtico y otro leve en un ataque a\u00e9reo israel\u00ed sobre Gaza - El Digital de Asturias","description":"Gaza, 9 feb (EFE).- Un palestino se encuentra en estado cr\u00edtico tras ser alcanzado hoy, domingo, por un misil israel\u00ed cuando circulaba en una motocicleta por el centro de Gaza, suceso en el que un transe\u00fante sufri\u00f3 heridas leves, dijeron fuentes oficiales de la franja. El portavoz del servicio de emergencias del Ministerio de Sanidad","inLanguage":"es-ES","isPartOf":{"@id":"https:\/\/www.eldigitaldeasturias.com\/noticias\/#website"},"breadcrumb":{"@id":"https:\/\/www.eldigitaldeasturias.com\/noticias\/un-palestino-en-estado-critico-y-otro-leve-en-un-ataque-aereo-israeli-sobre-gaza\/#breadcrumblist"},"author":{"@id":"https:\/\/www.eldigitaldeasturias.com\/noticias\/author\/admin\/#author"},"creator":{"@id":"https:\/\/www.eldigitaldeasturias.com\/noticias\/author\/admin\/#author"},"image":{"@type":"ImageObject","url":487125,"@id":"https:\/\/www.eldigitaldeasturias.com\/noticias\/un-palestino-en-estado-critico-y-otro-leve-en-un-ataque-aereo-israeli-sobre-gaza\/#mainImage"},"primaryImageOfPage":{"@id":"https:\/\/www.eldigitaldeasturias.com\/noticias\/un-palestino-en-estado-critico-y-otro-leve-en-un-ataque-aereo-israeli-sobre-gaza\/#mainImage"},"datePublished":"2014-02-09T10:22:33+01:00","dateModified":"2014-02-09T10:22:33+01:00"},{"@type":"WebSite","@id":"https:\/\/www.eldigitaldeasturias.com\/noticias\/#website","url":"https:\/\/www.eldigitaldeasturias.com\/noticias\/","name":"El Digital de Asturias - Diario de actualidad y noticias","alternateName":"El Digital de Asturias - Diario de actualidad y noticias","description":"Hemeroteca","inLanguage":"es-ES","publisher":{"@id":"https:\/\/www.eldigitaldeasturias.com\/noticias\/#organization"}}]},"og:locale":"es_ES","og:site_name":"El Digital de Asturias","og:type":"article","og:title":"Un palestino en estado cr\u00edtico y otro leve en un ataque a\u00e9reo israel\u00ed sobre Gaza - El Digital de Asturias","og:description":"Gaza, 9 feb (EFE).- Un palestino se encuentra en estado cr\u00edtico tras ser alcanzado hoy, domingo, por un misil israel\u00ed cuando circulaba en una motocicleta por el centro de Gaza, suceso en el que un transe\u00fante sufri\u00f3 heridas leves, dijeron fuentes oficiales de la franja. El portavoz del servicio de emergencias del Ministerio de Sanidad","og:url":"https:\/\/www.eldigitaldeasturias.com\/noticias\/un-palestino-en-estado-critico-y-otro-leve-en-un-ataque-aereo-israeli-sobre-gaza\/","article:tag":["actualidad"],"article:published_time":"2014-02-09T11:22:33+00:00","article:modified_time":"2014-02-09T11:22:33+00:00","article:publisher":"https:\/\/facebook.com\/eldigitaldeasturias","twitter:card":"summary_large_image","twitter:title":"Un palestino en estado cr\u00edtico y otro leve en un ataque a\u00e9reo israel\u00ed sobre Gaza - El Digital de Asturias","twitter:description":"Gaza, 9 feb (EFE).- Un palestino se encuentra en estado cr\u00edtico tras ser alcanzado hoy, domingo, por un misil israel\u00ed cuando circulaba en una motocicleta por el centro de Gaza, suceso en el que un transe\u00fante sufri\u00f3 heridas leves, dijeron fuentes oficiales de la franja. El portavoz del servicio de emergencias del Ministerio de Sanidad","twitter:label1":"Escrito por","twitter:data1":"El Digital de Asturias","twitter:label2":"Tiempo de lectura estimado","twitter:data2":"2 minutos"},"aioseo_meta_data":{"post_id":"487124","title":null,"description":null,"keywords":null,"keyphrases":null,"primary_term":null,"canonical_url":null,"og_title":null,"og_description":null,"og_object_type":"default","og_image_type":"default","og_image_url":null,"og_image_width":null,"og_image_height":null,"og_image_custom_url":null,"og_image_custom_fields":null,"og_video":null,"og_custom_url":null,"og_article_section":null,"og_article_tags":null,"twitter_use_og":true,"twitter_card":"default","twitter_image_type":"default","twitter_image_url":null,"twitter_image_custom_url":null,"twitter_image_custom_fields":null,"twitter_title":null,"twitter_description":null,"schema":{"blockGraphs":[],"customGraphs":[],"default":{"data":{"Article":[],"Course":[],"Dataset":[],"FAQPage":[],"Movie":[],"Person":[],"Product":[],"ProductReview":[],"Car":[],"Recipe":[],"Service":[],"SoftwareApplication":[],"WebPage":[]},"graphName":"","isEnabled":true},"graphs":[],"defaultGraph":"","defaultPostTypeGraph":""},"schema_type":null,"schema_type_options":null,"pillar_content":false,"robots_default":true,"robots_noindex":false,"robots_noarchive":false,"robots_nosnippet":false,"robots_nofollow":false,"robots_noimageindex":false,"robots_noodp":false,"robots_notranslate":false,"robots_max_snippet":null,"robots_max_videopreview":null,"robots_max_imagepreview":"none","priority":null,"frequency":null,"local_seo":null,"seo_analyzer_scan_date":"2026-06-03 03:40:51","breadcrumb_settings":null,"limit_modified_date":false,"open_ai":null,"ai":null,"created":"2020-11-14 22:56:19","updated":"2026-06-03 03:40:51","focus_keyword":null,"additional_keywords":null,"truseo_locale":null},"aioseo_breadcrumb":"<div class=\"aioseo-breadcrumbs\"><span class=\"aioseo-breadcrumb\">\n\t<a href=\"https:\/\/www.eldigitaldeasturias.com\/noticias\" title=\"Home\">Home<\/a>\n<\/span><span class=\"aioseo-breadcrumb-separator\">\u2013<\/span><span class=\"aioseo-breadcrumb\">\n\t<a href=\"https:\/\/www.eldigitaldeasturias.com\/noticias\/category\/actualidad\/\" title=\"Actualidad\">Actualidad<\/a>\n<\/span><span class=\"aioseo-breadcrumb-separator\">\u2013<\/span><span class=\"aioseo-breadcrumb\">\n\t<a href=\"https:\/\/www.eldigitaldeasturias.com\/noticias\/un-palestino-en-estado-critico-y-otro-leve-en-un-ataque-aereo-israeli-sobre-gaza\/\" title=\"Un palestino en estado cr\u00edtico y otro leve en un ataque a\u00e9reo israel\u00ed sobre Gaza\">Un palestino en estado cr\u00edtico y otro leve en un ataque a\u00e9reo israel\u00ed sobre Gaza<\/a>\n<\/span><\/div>","aioseo_breadcrumb_json":[{"label":"Home","link":"https:\/\/www.eldigitaldeasturias.com\/noticias"},{"label":"Actualidad","link":"https:\/\/www.eldigitaldeasturias.com\/noticias\/category\/actualidad\/"},{"label":"Un palestino en estado cr\u00edtico y otro leve en un ataque a\u00e9reo israel\u00ed sobre Gaza","link":"https:\/\/www.eldigitaldeasturias.com\/noticias\/un-palestino-en-estado-critico-y-otro-leve-en-un-ataque-aereo-israeli-sobre-gaza\/"}],"_links":{"self":[{"href":"https:\/\/www.eldigitaldeasturias.com\/noticias\/wp-json\/wp\/v2\/posts\/487124","targetHints":{"allow":["GET"]}}],"collection":[{"href":"https:\/\/www.eldigitaldeasturias.com\/noticias\/wp-json\/wp\/v2\/posts"}],"about":[{"href":"https:\/\/www.eldigitaldeasturias.com\/noticias\/wp-json\/wp\/v2\/types\/post"}],"author":[{"embeddable":true,"href":"https:\/\/www.eldigitaldeasturias.com\/noticias\/wp-json\/wp\/v2\/users\/1"}],"replies":[{"embeddable":true,"href":"https:\/\/www.eldigitaldeasturias.com\/noticias\/wp-json\/wp\/v2\/comments?post=487124"}],"version-history":[{"count":0,"href":"https:\/\/www.eldigitaldeasturias.com\/noticias\/wp-json\/wp\/v2\/posts\/487124\/revisions"}],"wp:attachment":[{"href":"https:\/\/www.eldigitaldeasturias.com\/noticias\/wp-json\/wp\/v2\/media?parent=487124"}],"wp:term":[{"taxonomy":"category","embeddable":true,"href":"https:\/\/www.eldigitaldeasturias.com\/noticias\/wp-json\/wp\/v2\/categories?post=487124"},{"taxonomy":"post_tag","embeddable":true,"href":"https:\/\/www.eldigitaldeasturias.com\/noticias\/wp-json\/wp\/v2\/tags?post=487124"}],"curies":[{"name":"wp","href":"https:\/\/api.w.org\/{rel}","templated":true}]}}