{"id":487103,"date":"2014-02-09T08:57:46","date_gmt":"2014-02-09T09:57:46","guid":{"rendered":"http:\/\/www.eldigitaldeasturias.com\/noticias\/?p=487103"},"modified":"2014-02-09T08:57:46","modified_gmt":"2014-02-09T09:57:46","slug":"panama-se-dispone-a-asumir-las-obras-del-canal-por-su-cuenta-y-acabar-en-2015","status":"publish","type":"post","link":"https:\/\/www.eldigitaldeasturias.com\/noticias\/panama-se-dispone-a-asumir-las-obras-del-canal-por-su-cuenta-y-acabar-en-2015\/","title":{"rendered":"Panam\u00e1 se dispone a asumir las obras del canal por su cuenta y acabar en 2015"},"content":{"rendered":"<p><img loading=\"lazy\" decoding=\"async\" class=\"alignleft size-medium wp-image-487104\" alt=\"5924965w\" src=\"https:\/\/www.eldigitaldeasturias.com\/noticias\/wp-content\/uploads\/2014\/02\/5924965w-360x239.jpg\" width=\"360\" height=\"239\" \/>Panam\u00e1, 9 feb (EFE).- La Autoridad del Canal de Panam\u00e1 (ACP) se dispone a reanudar las obras de ampliaci\u00f3n de la v\u00eda interoce\u00e1nica por su propia cuenta y riesgo con el fin de terminarlas a finales de 2015.<\/p>\n<p>\u00abLa ACP contempla la retoma de las obras dentro de un m\u00e1ximo de 15 d\u00edas\u00bb, asegur\u00f3 a EFE una fuente de informaci\u00f3n que particip\u00f3 en la negociaci\u00f3n por parte de esa entidad con Grupos Unidos por el Canal (GUPC), el consorcio internacional adjudicatario de los trabajos de la ampliaci\u00f3n de la v\u00eda, paralizados esta semana por falta de fondos.<\/p>\n<p>LA ACP y GUPC se levantaron esta semana de la mesa de negociaci\u00f3n, en la que tambi\u00e9n participaba la firma aseguradora de la concesi\u00f3n de las obras, Zurich, y en las \u00faltimas horas intercambiaron sendas propuestas en las que fijan sus respectivas posiciones finales.<\/p>\n<p>Llegados a este punto, el primer objetivo de la ACP es \u00abdejar claro ante la aseguradora Zurich que no se opone a un acuerdo, pero \u00fanicamente si se atiene a lo establecido en el contrato\u00bb de adjudicaci\u00f3n, se\u00f1al\u00f3 la misma fuente, que pidi\u00f3 mantener su anonimato.<\/p>\n<p>\u00abGUPC, adem\u00e1s, no va a poder aceptar las condiciones de la ACP en cuanto al aplazamiento del repago de unos 800 millones de d\u00f3lares, que est\u00e1n asegurados mediante cartas de cr\u00e9dito bancarias\u00bb, agreg\u00f3.<\/p>\n<p>La misma fuente asegur\u00f3 que el \u00fanico plan que la ACP contempla adem\u00e1s de que GUPC cumpla con el contrato es asumir por su propia cuenta las obras y revel\u00f3 que la empresa estadounidense Bechtel se ofreci\u00f3 a terminar la ampliaci\u00f3n del canal, pero su oferta fue rechazada sin tener en cuenta siquiera las condiciones econ\u00f3micas.<\/p>\n<p>\u00abBechtel se acerc\u00f3 a la ACP para ofrecer sus servicios y la respuesta negativa fue tajante al extremo de que se le advirti\u00f3 que no ser\u00edan recibidos nuevamente\u00bb, explic\u00f3.<\/p>\n<p>El grupo constructor GUPC, formado por la empresa espa\u00f1ola Sacyr, la italiana Impregilo, la belga Jan de Nul y la paname\u00f1a Constructora Urbana (CUSA), emiti\u00f3 p\u00fablicamente el pasado viernes un comunicado, a trav\u00e9s de los medios de comunicaci\u00f3n, en el que expresaba su voluntad de llegar a un acuerdo con las autoridades paname\u00f1as.<\/p>\n<p>GUPC achacaba en ese comunicado la ruptura de las conversaciones a \u00abla falta de un protocolo de negociaci\u00f3n\u00bb y aprovechaba para establecer su posici\u00f3n en este conflicto.<\/p>\n<p>Pocas horas mas tarde, la ACP contest\u00f3 con otro comunicado, tambi\u00e9n a trav\u00e9s de los medios de comunicaci\u00f3n, en el que anunciaba que hab\u00eda enviado a GUPC \u00abuna contrapropuesta que permite viabilizar la continuaci\u00f3n del proyecto\u00bb.<\/p>\n<p>\u00abLa propuesta no aumenta el precio contratado ni la aceptaci\u00f3n de reclamaciones, las cuales deben seguir el proceso del Contrato\u00bb, explica la ACP.<\/p>\n<p>La ACP \u00abestablece fechas espec\u00edficas\u00bb para \u00abla terminaci\u00f3n de los trabajos\u00bb y \u00abextender\u00eda el plazo de repago de los avances, en la medida que GUPC cumpla con las fechas de entrega exigidas\u00bb, a\u00f1ade.<\/p>\n<p>\u00abComponente fundamental de la propuesta es el cumplimiento de varios hitos que el contratista debe alcanzar durante lo que resta del contrato\u00bb, advierte el comunicado.<\/p>\n<p>Paralelamente a este intercambio de comunicados, el Gobierno de EEUU inst\u00f3 el viernes a llegar a una \u00abr\u00e1pida resoluci\u00f3n\u00bb de la disputa.<\/p>\n<p>\u00abEsperamos ver una r\u00e1pida resoluci\u00f3n de la actual interrupci\u00f3n de los trabajos\u00bb, subray\u00f3 una portavoz del Departamento de Estado.<\/p>\n<p>Estados Unidos es \u00abel mayor usuario del Canal de Panam\u00e1\u00bb y la conclusi\u00f3n de su ampliaci\u00f3n \u00abes importante\u00bb para \u00absu actividad comercial\u00bb, agreg\u00f3<\/p>\n<p>Estados Unidos cedi\u00f3 la administraci\u00f3n del canal a Panam\u00e1 en 1999 con una cl\u00e1usula en la que se arrogaba el derecho a intervenir en caso de que el funcionamiento de la v\u00eda fuera amenazado o estuviera en peligro.<\/p>\n<p>GUPC reclam\u00f3 el pasado diciembre 1.600 millones de d\u00f3lares de sobrecoste al precio con el que en 2009 gan\u00f3 la licitaci\u00f3n para hacer la obra de ampliaci\u00f3n del canal, 3.118 millones de d\u00f3lares, el m\u00e1s bajo entre los entonces competidores.<\/p>\n<p>La conclusi\u00f3n de las obras est\u00e1 asegurada por una cantidad m\u00e1xima de 600 millones de d\u00f3lares con la firma Zurich, que solo est\u00e1 dispuesta desembolsar esa cantidad de acuerdo a las condiciones establecidas en el contrato de adjudicaci\u00f3n.<\/p>\n<p>Esa reclamaci\u00f3n desemboc\u00f3 en una mesa de negociaci\u00f3n que qued\u00f3 desinstalada esta semana, lo que supuso la paralizaci\u00f3n total de las obras, avanzadas por ahora en un 70 por ciento aproximadamente.<\/p>\n<p>La paralizaci\u00f3n de las obras ha afectado a unos 10.000 trabajadores, a los que las autoridades paname\u00f1as han garantizado sus sueldos y que volver\u00e1n a ser contratados en cuanto se reanuden los trabajos.<\/p>\n<p>Alejandro Varela<\/p>\n<p>&nbsp;<\/p>\n","protected":false},"excerpt":{"rendered":"<p>Panam\u00e1, 9 feb (EFE).- La Autoridad del Canal de Panam\u00e1 (ACP) se dispone a reanudar las obras de ampliaci\u00f3n de la v\u00eda interoce\u00e1nica por su propia cuenta y riesgo con el fin de terminarlas a finales de 2015. \u00abLa ACP contempla la retoma de las obras dentro de un m\u00e1ximo de 15 d\u00edas\u00bb, asegur\u00f3 a [&hellip;]<\/p>\n","protected":false},"author":1,"featured_media":487104,"comment_status":"open","ping_status":"open","sticky":false,"template":"","format":"standard","meta":{"footnotes":""},"categories":[1],"tags":[],"class_list":["post-487103","post","type-post","status-publish","format-standard","has-post-thumbnail","hentry","category-actualidad"],"aioseo_notices":[],"aioseo_head":"\n\t\t<!-- All in One SEO Pro 5.0.1 - aioseo.com -->\n\t<meta name=\"description\" content=\"Panam\u00e1, 9 feb (EFE).- La Autoridad del Canal de Panam\u00e1 (ACP) se dispone a reanudar las obras de ampliaci\u00f3n de la v\u00eda interoce\u00e1nica por su propia cuenta y riesgo con el fin de terminarlas a finales de 2015. &quot;La ACP contempla la retoma de las obras dentro de un m\u00e1ximo de 15 d\u00edas&quot;, asegur\u00f3 a\" \/>\n\t<meta name=\"robots\" content=\"max-image-preview:large\" \/>\n\t<meta name=\"author\" content=\"El Digital de Asturias\"\/>\n\t<meta name=\"google-site-verification\" content=\"UA-38556648-1\" \/>\n\t<meta name=\"msvalidate.01\" content=\"7dfe9f3f1b24437ab69f4f2559babe99\" \/>\n\t<meta name=\"keywords\" content=\"actualidad\" \/>\n\t<link rel=\"canonical\" href=\"https:\/\/www.eldigitaldeasturias.com\/noticias\/panama-se-dispone-a-asumir-las-obras-del-canal-por-su-cuenta-y-acabar-en-2015\/\" \/>\n\t<meta name=\"generator\" content=\"All in One SEO Pro (AIOSEO) 5.0.1\" \/>\n\t\t<meta property=\"og:locale\" content=\"es_ES\" \/>\n\t\t<meta property=\"og:site_name\" content=\"El Digital de Asturias\" \/>\n\t\t<meta property=\"og:type\" content=\"article\" \/>\n\t\t<meta property=\"og:title\" content=\"Panam\u00e1 se dispone a asumir las obras del canal por su cuenta y acabar en 2015 - El Digital de Asturias\" \/>\n\t\t<meta property=\"og:description\" content=\"Panam\u00e1, 9 feb (EFE).- La Autoridad del Canal de Panam\u00e1 (ACP) se dispone a reanudar las obras de ampliaci\u00f3n de la v\u00eda interoce\u00e1nica por su propia cuenta y riesgo con el fin de terminarlas a finales de 2015. &quot;La ACP contempla la retoma de las obras dentro de un m\u00e1ximo de 15 d\u00edas&quot;, asegur\u00f3 a\" \/>\n\t\t<meta property=\"og:url\" content=\"https:\/\/www.eldigitaldeasturias.com\/noticias\/panama-se-dispone-a-asumir-las-obras-del-canal-por-su-cuenta-y-acabar-en-2015\/\" \/>\n\t\t<meta property=\"article:tag\" content=\"actualidad\" \/>\n\t\t<meta property=\"article:published_time\" content=\"2014-02-09T09:57:46+00:00\" \/>\n\t\t<meta property=\"article:modified_time\" content=\"2014-02-09T09:57:46+00:00\" \/>\n\t\t<meta property=\"article:publisher\" content=\"https:\/\/facebook.com\/eldigitaldeasturias\" \/>\n\t\t<meta name=\"twitter:card\" content=\"summary_large_image\" \/>\n\t\t<meta name=\"twitter:title\" content=\"Panam\u00e1 se dispone a asumir las obras del canal por su cuenta y acabar en 2015 - El Digital de Asturias\" \/>\n\t\t<meta name=\"twitter:description\" content=\"Panam\u00e1, 9 feb (EFE).- La Autoridad del Canal de Panam\u00e1 (ACP) se dispone a reanudar las obras de ampliaci\u00f3n de la v\u00eda interoce\u00e1nica por su propia cuenta y riesgo con el fin de terminarlas a finales de 2015. &quot;La ACP contempla la retoma de las obras dentro de un m\u00e1ximo de 15 d\u00edas&quot;, asegur\u00f3 a\" \/>\n\t\t<meta name=\"twitter:label1\" content=\"Escrito por\" \/>\n\t\t<meta name=\"twitter:data1\" content=\"El Digital de Asturias\" \/>\n\t\t<meta name=\"twitter:label2\" content=\"Tiempo de lectura estimado\" \/>\n\t\t<meta name=\"twitter:data2\" content=\"4 minutos\" \/>\n\t\t<script type=\"application\/ld+json\" class=\"aioseo-schema\">\n\t\t\t{\"@context\":\"https:\\\/\\\/schema.org\",\"@graph\":[{\"@type\":\"BlogPosting\",\"@id\":\"https:\\\/\\\/www.eldigitaldeasturias.com\\\/noticias\\\/panama-se-dispone-a-asumir-las-obras-del-canal-por-su-cuenta-y-acabar-en-2015\\\/#blogposting\",\"name\":\"Panam\\u00e1 se dispone a asumir las obras del canal por su cuenta y acabar en 2015 - El Digital de Asturias\",\"headline\":\"Panam\\u00e1 se dispone a asumir las obras del canal por su cuenta y acabar en 2015\",\"author\":{\"@id\":\"https:\\\/\\\/www.eldigitaldeasturias.com\\\/noticias\\\/author\\\/admin\\\/#author\"},\"publisher\":{\"@id\":\"https:\\\/\\\/www.eldigitaldeasturias.com\\\/noticias\\\/#organization\"},\"image\":{\"@type\":\"ImageObject\",\"url\":487104},\"datePublished\":\"2014-02-09T08:57:46+01:00\",\"dateModified\":\"2014-02-09T08:57:46+01:00\",\"inLanguage\":\"es-ES\",\"mainEntityOfPage\":{\"@id\":\"https:\\\/\\\/www.eldigitaldeasturias.com\\\/noticias\\\/panama-se-dispone-a-asumir-las-obras-del-canal-por-su-cuenta-y-acabar-en-2015\\\/#webpage\"},\"isPartOf\":{\"@id\":\"https:\\\/\\\/www.eldigitaldeasturias.com\\\/noticias\\\/panama-se-dispone-a-asumir-las-obras-del-canal-por-su-cuenta-y-acabar-en-2015\\\/#webpage\"},\"articleSection\":\"Actualidad\"},{\"@type\":\"BreadcrumbList\",\"@id\":\"https:\\\/\\\/www.eldigitaldeasturias.com\\\/noticias\\\/panama-se-dispone-a-asumir-las-obras-del-canal-por-su-cuenta-y-acabar-en-2015\\\/#breadcrumblist\",\"itemListElement\":[{\"@type\":\"ListItem\",\"@id\":\"https:\\\/\\\/www.eldigitaldeasturias.com\\\/noticias#listItem\",\"position\":1,\"name\":\"Home\",\"item\":\"https:\\\/\\\/www.eldigitaldeasturias.com\\\/noticias\",\"nextItem\":{\"@type\":\"ListItem\",\"@id\":\"https:\\\/\\\/www.eldigitaldeasturias.com\\\/noticias\\\/category\\\/actualidad\\\/#listItem\",\"name\":\"Actualidad\"}},{\"@type\":\"ListItem\",\"@id\":\"https:\\\/\\\/www.eldigitaldeasturias.com\\\/noticias\\\/category\\\/actualidad\\\/#listItem\",\"position\":2,\"name\":\"Actualidad\",\"item\":\"https:\\\/\\\/www.eldigitaldeasturias.com\\\/noticias\\\/category\\\/actualidad\\\/\",\"nextItem\":{\"@type\":\"ListItem\",\"@id\":\"https:\\\/\\\/www.eldigitaldeasturias.com\\\/noticias\\\/panama-se-dispone-a-asumir-las-obras-del-canal-por-su-cuenta-y-acabar-en-2015\\\/#listItem\",\"name\":\"Panam\\u00e1 se dispone a asumir las obras del canal por su cuenta y acabar en 2015\"},\"previousItem\":{\"@type\":\"ListItem\",\"@id\":\"https:\\\/\\\/www.eldigitaldeasturias.com\\\/noticias#listItem\",\"name\":\"Home\"}},{\"@type\":\"ListItem\",\"@id\":\"https:\\\/\\\/www.eldigitaldeasturias.com\\\/noticias\\\/panama-se-dispone-a-asumir-las-obras-del-canal-por-su-cuenta-y-acabar-en-2015\\\/#listItem\",\"position\":3,\"name\":\"Panam\\u00e1 se dispone a asumir las obras del canal por su cuenta y acabar en 2015\",\"previousItem\":{\"@type\":\"ListItem\",\"@id\":\"https:\\\/\\\/www.eldigitaldeasturias.com\\\/noticias\\\/category\\\/actualidad\\\/#listItem\",\"name\":\"Actualidad\"}}]},{\"@type\":\"Organization\",\"@id\":\"https:\\\/\\\/www.eldigitaldeasturias.com\\\/noticias\\\/#organization\",\"name\":\"El Digital de Asturias\",\"description\":\"Hemeroteca\",\"url\":\"https:\\\/\\\/www.eldigitaldeasturias.com\\\/noticias\\\/\",\"email\":\"info@eldigitaldeasturias.com\",\"telephone\":\"+34652131393\",\"logo\":{\"@type\":\"ImageObject\",\"url\":\"https:\\\/\\\/www.eldigitaldeasturias.com\\\/noticias\\\/wp-content\\\/uploads\\\/2020\\\/12\\\/EDA.jpg\",\"@id\":\"https:\\\/\\\/www.eldigitaldeasturias.com\\\/noticias\\\/panama-se-dispone-a-asumir-las-obras-del-canal-por-su-cuenta-y-acabar-en-2015\\\/#organizationLogo\"},\"image\":{\"@id\":\"https:\\\/\\\/www.eldigitaldeasturias.com\\\/noticias\\\/panama-se-dispone-a-asumir-las-obras-del-canal-por-su-cuenta-y-acabar-en-2015\\\/#organizationLogo\"},\"sameAs\":[\"https:\\\/\\\/facebook.com\\\/eldigitaldeasturias\",\"https:\\\/\\\/www.youtube.com\\\/channel\\\/UCZP-2wLEB9Rv6erhFmqVnvg\"],\"address\":{\"@id\":\"https:\\\/\\\/www.eldigitaldeasturias.com\\\/noticias\\\/#postaladdress\",\"@type\":\"PostalAddress\",\"streetAddress\":\"san antonio 4\",\"postalCode\":\"33430\",\"addressLocality\":\"Cand\\u00e1s\",\"addressRegion\":\"Asturias\",\"addressCountry\":\"ES\"}},{\"@type\":\"Person\",\"@id\":\"https:\\\/\\\/www.eldigitaldeasturias.com\\\/noticias\\\/author\\\/admin\\\/#author\",\"url\":\"https:\\\/\\\/www.eldigitaldeasturias.com\\\/noticias\\\/author\\\/admin\\\/\",\"name\":\"El Digital de Asturias\",\"image\":{\"@type\":\"ImageObject\",\"@id\":\"https:\\\/\\\/www.eldigitaldeasturias.com\\\/noticias\\\/panama-se-dispone-a-asumir-las-obras-del-canal-por-su-cuenta-y-acabar-en-2015\\\/#authorImage\",\"url\":\"https:\\\/\\\/secure.gravatar.com\\\/avatar\\\/df2aeffc32bcd13f8d26072ef8a91b623d677766deac7f97ca815868cd41bf5e?s=96&d=mm&r=g\",\"width\":96,\"height\":96,\"caption\":\"El Digital de Asturias\"}},{\"@type\":\"WebPage\",\"@id\":\"https:\\\/\\\/www.eldigitaldeasturias.com\\\/noticias\\\/panama-se-dispone-a-asumir-las-obras-del-canal-por-su-cuenta-y-acabar-en-2015\\\/#webpage\",\"url\":\"https:\\\/\\\/www.eldigitaldeasturias.com\\\/noticias\\\/panama-se-dispone-a-asumir-las-obras-del-canal-por-su-cuenta-y-acabar-en-2015\\\/\",\"name\":\"Panam\\u00e1 se dispone a asumir las obras del canal por su cuenta y acabar en 2015 - El Digital de Asturias\",\"description\":\"Panam\\u00e1, 9 feb (EFE).- La Autoridad del Canal de Panam\\u00e1 (ACP) se dispone a reanudar las obras de ampliaci\\u00f3n de la v\\u00eda interoce\\u00e1nica por su propia cuenta y riesgo con el fin de terminarlas a finales de 2015. \\\"La ACP contempla la retoma de las obras dentro de un m\\u00e1ximo de 15 d\\u00edas\\\", asegur\\u00f3 a\",\"inLanguage\":\"es-ES\",\"isPartOf\":{\"@id\":\"https:\\\/\\\/www.eldigitaldeasturias.com\\\/noticias\\\/#website\"},\"breadcrumb\":{\"@id\":\"https:\\\/\\\/www.eldigitaldeasturias.com\\\/noticias\\\/panama-se-dispone-a-asumir-las-obras-del-canal-por-su-cuenta-y-acabar-en-2015\\\/#breadcrumblist\"},\"author\":{\"@id\":\"https:\\\/\\\/www.eldigitaldeasturias.com\\\/noticias\\\/author\\\/admin\\\/#author\"},\"creator\":{\"@id\":\"https:\\\/\\\/www.eldigitaldeasturias.com\\\/noticias\\\/author\\\/admin\\\/#author\"},\"image\":{\"@type\":\"ImageObject\",\"url\":487104,\"@id\":\"https:\\\/\\\/www.eldigitaldeasturias.com\\\/noticias\\\/panama-se-dispone-a-asumir-las-obras-del-canal-por-su-cuenta-y-acabar-en-2015\\\/#mainImage\"},\"primaryImageOfPage\":{\"@id\":\"https:\\\/\\\/www.eldigitaldeasturias.com\\\/noticias\\\/panama-se-dispone-a-asumir-las-obras-del-canal-por-su-cuenta-y-acabar-en-2015\\\/#mainImage\"},\"datePublished\":\"2014-02-09T08:57:46+01:00\",\"dateModified\":\"2014-02-09T08:57:46+01:00\"},{\"@type\":\"WebSite\",\"@id\":\"https:\\\/\\\/www.eldigitaldeasturias.com\\\/noticias\\\/#website\",\"url\":\"https:\\\/\\\/www.eldigitaldeasturias.com\\\/noticias\\\/\",\"name\":\"El Digital de Asturias - Diario de actualidad y noticias\",\"alternateName\":\"El Digital de Asturias - Diario de actualidad y noticias\",\"description\":\"Hemeroteca\",\"inLanguage\":\"es-ES\",\"publisher\":{\"@id\":\"https:\\\/\\\/www.eldigitaldeasturias.com\\\/noticias\\\/#organization\"}}]}\n\t\t<\/script>\n\t\t<!-- All in One SEO Pro -->\r\n\t\t<title>Panam\u00e1 se dispone a asumir las obras del canal por su cuenta y acabar en 2015 - El Digital de Asturias<\/title>\n\n","aioseo_head_json":{"title":"Panam\u00e1 se dispone a asumir las obras del canal por su cuenta y acabar en 2015 - El Digital de Asturias","description":"Panam\u00e1, 9 feb (EFE).- La Autoridad del Canal de Panam\u00e1 (ACP) se dispone a reanudar las obras de ampliaci\u00f3n de la v\u00eda interoce\u00e1nica por su propia cuenta y riesgo con el fin de terminarlas a finales de 2015. \"La ACP contempla la retoma de las obras dentro de un m\u00e1ximo de 15 d\u00edas\", asegur\u00f3 a","canonical_url":"https:\/\/www.eldigitaldeasturias.com\/noticias\/panama-se-dispone-a-asumir-las-obras-del-canal-por-su-cuenta-y-acabar-en-2015\/","robots":"max-image-preview:large","keywords":"actualidad","webmasterTools":{"google-site-verification":"UA-38556648-1","msvalidate.01":"7dfe9f3f1b24437ab69f4f2559babe99","miscellaneous":""},"schema":{"@context":"https:\/\/schema.org","@graph":[{"@type":"BlogPosting","@id":"https:\/\/www.eldigitaldeasturias.com\/noticias\/panama-se-dispone-a-asumir-las-obras-del-canal-por-su-cuenta-y-acabar-en-2015\/#blogposting","name":"Panam\u00e1 se dispone a asumir las obras del canal por su cuenta y acabar en 2015 - El Digital de Asturias","headline":"Panam\u00e1 se dispone a asumir las obras del canal por su cuenta y acabar en 2015","author":{"@id":"https:\/\/www.eldigitaldeasturias.com\/noticias\/author\/admin\/#author"},"publisher":{"@id":"https:\/\/www.eldigitaldeasturias.com\/noticias\/#organization"},"image":{"@type":"ImageObject","url":487104},"datePublished":"2014-02-09T08:57:46+01:00","dateModified":"2014-02-09T08:57:46+01:00","inLanguage":"es-ES","mainEntityOfPage":{"@id":"https:\/\/www.eldigitaldeasturias.com\/noticias\/panama-se-dispone-a-asumir-las-obras-del-canal-por-su-cuenta-y-acabar-en-2015\/#webpage"},"isPartOf":{"@id":"https:\/\/www.eldigitaldeasturias.com\/noticias\/panama-se-dispone-a-asumir-las-obras-del-canal-por-su-cuenta-y-acabar-en-2015\/#webpage"},"articleSection":"Actualidad"},{"@type":"BreadcrumbList","@id":"https:\/\/www.eldigitaldeasturias.com\/noticias\/panama-se-dispone-a-asumir-las-obras-del-canal-por-su-cuenta-y-acabar-en-2015\/#breadcrumblist","itemListElement":[{"@type":"ListItem","@id":"https:\/\/www.eldigitaldeasturias.com\/noticias#listItem","position":1,"name":"Home","item":"https:\/\/www.eldigitaldeasturias.com\/noticias","nextItem":{"@type":"ListItem","@id":"https:\/\/www.eldigitaldeasturias.com\/noticias\/category\/actualidad\/#listItem","name":"Actualidad"}},{"@type":"ListItem","@id":"https:\/\/www.eldigitaldeasturias.com\/noticias\/category\/actualidad\/#listItem","position":2,"name":"Actualidad","item":"https:\/\/www.eldigitaldeasturias.com\/noticias\/category\/actualidad\/","nextItem":{"@type":"ListItem","@id":"https:\/\/www.eldigitaldeasturias.com\/noticias\/panama-se-dispone-a-asumir-las-obras-del-canal-por-su-cuenta-y-acabar-en-2015\/#listItem","name":"Panam\u00e1 se dispone a asumir las obras del canal por su cuenta y acabar en 2015"},"previousItem":{"@type":"ListItem","@id":"https:\/\/www.eldigitaldeasturias.com\/noticias#listItem","name":"Home"}},{"@type":"ListItem","@id":"https:\/\/www.eldigitaldeasturias.com\/noticias\/panama-se-dispone-a-asumir-las-obras-del-canal-por-su-cuenta-y-acabar-en-2015\/#listItem","position":3,"name":"Panam\u00e1 se dispone a asumir las obras del canal por su cuenta y acabar en 2015","previousItem":{"@type":"ListItem","@id":"https:\/\/www.eldigitaldeasturias.com\/noticias\/category\/actualidad\/#listItem","name":"Actualidad"}}]},{"@type":"Organization","@id":"https:\/\/www.eldigitaldeasturias.com\/noticias\/#organization","name":"El Digital de Asturias","description":"Hemeroteca","url":"https:\/\/www.eldigitaldeasturias.com\/noticias\/","email":"info@eldigitaldeasturias.com","telephone":"+34652131393","logo":{"@type":"ImageObject","url":"https:\/\/www.eldigitaldeasturias.com\/noticias\/wp-content\/uploads\/2020\/12\/EDA.jpg","@id":"https:\/\/www.eldigitaldeasturias.com\/noticias\/panama-se-dispone-a-asumir-las-obras-del-canal-por-su-cuenta-y-acabar-en-2015\/#organizationLogo"},"image":{"@id":"https:\/\/www.eldigitaldeasturias.com\/noticias\/panama-se-dispone-a-asumir-las-obras-del-canal-por-su-cuenta-y-acabar-en-2015\/#organizationLogo"},"sameAs":["https:\/\/facebook.com\/eldigitaldeasturias","https:\/\/www.youtube.com\/channel\/UCZP-2wLEB9Rv6erhFmqVnvg"],"address":{"@id":"https:\/\/www.eldigitaldeasturias.com\/noticias\/#postaladdress","@type":"PostalAddress","streetAddress":"san antonio 4","postalCode":"33430","addressLocality":"Cand\u00e1s","addressRegion":"Asturias","addressCountry":"ES"}},{"@type":"Person","@id":"https:\/\/www.eldigitaldeasturias.com\/noticias\/author\/admin\/#author","url":"https:\/\/www.eldigitaldeasturias.com\/noticias\/author\/admin\/","name":"El Digital de Asturias","image":{"@type":"ImageObject","@id":"https:\/\/www.eldigitaldeasturias.com\/noticias\/panama-se-dispone-a-asumir-las-obras-del-canal-por-su-cuenta-y-acabar-en-2015\/#authorImage","url":"https:\/\/secure.gravatar.com\/avatar\/df2aeffc32bcd13f8d26072ef8a91b623d677766deac7f97ca815868cd41bf5e?s=96&d=mm&r=g","width":96,"height":96,"caption":"El Digital de Asturias"}},{"@type":"WebPage","@id":"https:\/\/www.eldigitaldeasturias.com\/noticias\/panama-se-dispone-a-asumir-las-obras-del-canal-por-su-cuenta-y-acabar-en-2015\/#webpage","url":"https:\/\/www.eldigitaldeasturias.com\/noticias\/panama-se-dispone-a-asumir-las-obras-del-canal-por-su-cuenta-y-acabar-en-2015\/","name":"Panam\u00e1 se dispone a asumir las obras del canal por su cuenta y acabar en 2015 - El Digital de Asturias","description":"Panam\u00e1, 9 feb (EFE).- La Autoridad del Canal de Panam\u00e1 (ACP) se dispone a reanudar las obras de ampliaci\u00f3n de la v\u00eda interoce\u00e1nica por su propia cuenta y riesgo con el fin de terminarlas a finales de 2015. \"La ACP contempla la retoma de las obras dentro de un m\u00e1ximo de 15 d\u00edas\", asegur\u00f3 a","inLanguage":"es-ES","isPartOf":{"@id":"https:\/\/www.eldigitaldeasturias.com\/noticias\/#website"},"breadcrumb":{"@id":"https:\/\/www.eldigitaldeasturias.com\/noticias\/panama-se-dispone-a-asumir-las-obras-del-canal-por-su-cuenta-y-acabar-en-2015\/#breadcrumblist"},"author":{"@id":"https:\/\/www.eldigitaldeasturias.com\/noticias\/author\/admin\/#author"},"creator":{"@id":"https:\/\/www.eldigitaldeasturias.com\/noticias\/author\/admin\/#author"},"image":{"@type":"ImageObject","url":487104,"@id":"https:\/\/www.eldigitaldeasturias.com\/noticias\/panama-se-dispone-a-asumir-las-obras-del-canal-por-su-cuenta-y-acabar-en-2015\/#mainImage"},"primaryImageOfPage":{"@id":"https:\/\/www.eldigitaldeasturias.com\/noticias\/panama-se-dispone-a-asumir-las-obras-del-canal-por-su-cuenta-y-acabar-en-2015\/#mainImage"},"datePublished":"2014-02-09T08:57:46+01:00","dateModified":"2014-02-09T08:57:46+01:00"},{"@type":"WebSite","@id":"https:\/\/www.eldigitaldeasturias.com\/noticias\/#website","url":"https:\/\/www.eldigitaldeasturias.com\/noticias\/","name":"El Digital de Asturias - Diario de actualidad y noticias","alternateName":"El Digital de Asturias - Diario de actualidad y noticias","description":"Hemeroteca","inLanguage":"es-ES","publisher":{"@id":"https:\/\/www.eldigitaldeasturias.com\/noticias\/#organization"}}]},"og:locale":"es_ES","og:site_name":"El Digital de Asturias","og:type":"article","og:title":"Panam\u00e1 se dispone a asumir las obras del canal por su cuenta y acabar en 2015 - El Digital de Asturias","og:description":"Panam\u00e1, 9 feb (EFE).- La Autoridad del Canal de Panam\u00e1 (ACP) se dispone a reanudar las obras de ampliaci\u00f3n de la v\u00eda interoce\u00e1nica por su propia cuenta y riesgo con el fin de terminarlas a finales de 2015. &quot;La ACP contempla la retoma de las obras dentro de un m\u00e1ximo de 15 d\u00edas&quot;, asegur\u00f3 a","og:url":"https:\/\/www.eldigitaldeasturias.com\/noticias\/panama-se-dispone-a-asumir-las-obras-del-canal-por-su-cuenta-y-acabar-en-2015\/","article:tag":["actualidad"],"article:published_time":"2014-02-09T09:57:46+00:00","article:modified_time":"2014-02-09T09:57:46+00:00","article:publisher":"https:\/\/facebook.com\/eldigitaldeasturias","twitter:card":"summary_large_image","twitter:title":"Panam\u00e1 se dispone a asumir las obras del canal por su cuenta y acabar en 2015 - El Digital de Asturias","twitter:description":"Panam\u00e1, 9 feb (EFE).- La Autoridad del Canal de Panam\u00e1 (ACP) se dispone a reanudar las obras de ampliaci\u00f3n de la v\u00eda interoce\u00e1nica por su propia cuenta y riesgo con el fin de terminarlas a finales de 2015. &quot;La ACP contempla la retoma de las obras dentro de un m\u00e1ximo de 15 d\u00edas&quot;, asegur\u00f3 a","twitter:label1":"Escrito por","twitter:data1":"El Digital de Asturias","twitter:label2":"Tiempo de lectura estimado","twitter:data2":"4 minutos"},"aioseo_meta_data":{"post_id":"487103","title":null,"description":null,"keywords":null,"keyphrases":null,"primary_term":null,"canonical_url":null,"og_title":null,"og_description":null,"og_object_type":"default","og_image_type":"default","og_image_url":null,"og_image_width":null,"og_image_height":null,"og_image_custom_url":null,"og_image_custom_fields":null,"og_video":null,"og_custom_url":null,"og_article_section":null,"og_article_tags":null,"twitter_use_og":true,"twitter_card":"default","twitter_image_type":"default","twitter_image_url":null,"twitter_image_custom_url":null,"twitter_image_custom_fields":null,"twitter_title":null,"twitter_description":null,"schema":{"blockGraphs":[],"customGraphs":[],"default":{"data":{"Article":[],"Course":[],"Dataset":[],"FAQPage":[],"Movie":[],"Person":[],"Product":[],"ProductReview":[],"Car":[],"Recipe":[],"Service":[],"SoftwareApplication":[],"WebPage":[]},"graphName":"","isEnabled":true},"graphs":[],"defaultGraph":"","defaultPostTypeGraph":""},"schema_type":null,"schema_type_options":null,"pillar_content":false,"robots_default":true,"robots_noindex":false,"robots_noarchive":false,"robots_nosnippet":false,"robots_nofollow":false,"robots_noimageindex":false,"robots_noodp":false,"robots_notranslate":false,"robots_max_snippet":null,"robots_max_videopreview":null,"robots_max_imagepreview":"none","priority":null,"frequency":null,"local_seo":null,"seo_analyzer_scan_date":"2026-06-03 03:38:54","breadcrumb_settings":null,"limit_modified_date":false,"open_ai":null,"ai":null,"created":"2020-11-14 22:56:19","updated":"2026-06-03 03:38:54","focus_keyword":null,"additional_keywords":null,"truseo_locale":null},"aioseo_breadcrumb":"<div class=\"aioseo-breadcrumbs\"><span class=\"aioseo-breadcrumb\">\n\t<a href=\"https:\/\/www.eldigitaldeasturias.com\/noticias\" title=\"Home\">Home<\/a>\n<\/span><span class=\"aioseo-breadcrumb-separator\">\u2013<\/span><span class=\"aioseo-breadcrumb\">\n\t<a href=\"https:\/\/www.eldigitaldeasturias.com\/noticias\/category\/actualidad\/\" title=\"Actualidad\">Actualidad<\/a>\n<\/span><span class=\"aioseo-breadcrumb-separator\">\u2013<\/span><span class=\"aioseo-breadcrumb\">\n\t<a href=\"https:\/\/www.eldigitaldeasturias.com\/noticias\/panama-se-dispone-a-asumir-las-obras-del-canal-por-su-cuenta-y-acabar-en-2015\/\" title=\"Panam\u00e1 se dispone a asumir las obras del canal por su cuenta y acabar en 2015\">Panam\u00e1 se dispone a asumir las obras del canal por su cuenta y acabar en 2015<\/a>\n<\/span><\/div>","aioseo_breadcrumb_json":[{"label":"Home","link":"https:\/\/www.eldigitaldeasturias.com\/noticias"},{"label":"Actualidad","link":"https:\/\/www.eldigitaldeasturias.com\/noticias\/category\/actualidad\/"},{"label":"Panam\u00e1 se dispone a asumir las obras del canal por su cuenta y acabar en 2015","link":"https:\/\/www.eldigitaldeasturias.com\/noticias\/panama-se-dispone-a-asumir-las-obras-del-canal-por-su-cuenta-y-acabar-en-2015\/"}],"_links":{"self":[{"href":"https:\/\/www.eldigitaldeasturias.com\/noticias\/wp-json\/wp\/v2\/posts\/487103","targetHints":{"allow":["GET"]}}],"collection":[{"href":"https:\/\/www.eldigitaldeasturias.com\/noticias\/wp-json\/wp\/v2\/posts"}],"about":[{"href":"https:\/\/www.eldigitaldeasturias.com\/noticias\/wp-json\/wp\/v2\/types\/post"}],"author":[{"embeddable":true,"href":"https:\/\/www.eldigitaldeasturias.com\/noticias\/wp-json\/wp\/v2\/users\/1"}],"replies":[{"embeddable":true,"href":"https:\/\/www.eldigitaldeasturias.com\/noticias\/wp-json\/wp\/v2\/comments?post=487103"}],"version-history":[{"count":0,"href":"https:\/\/www.eldigitaldeasturias.com\/noticias\/wp-json\/wp\/v2\/posts\/487103\/revisions"}],"wp:attachment":[{"href":"https:\/\/www.eldigitaldeasturias.com\/noticias\/wp-json\/wp\/v2\/media?parent=487103"}],"wp:term":[{"taxonomy":"category","embeddable":true,"href":"https:\/\/www.eldigitaldeasturias.com\/noticias\/wp-json\/wp\/v2\/categories?post=487103"},{"taxonomy":"post_tag","embeddable":true,"href":"https:\/\/www.eldigitaldeasturias.com\/noticias\/wp-json\/wp\/v2\/tags?post=487103"}],"curies":[{"name":"wp","href":"https:\/\/api.w.org\/{rel}","templated":true}]}}