{"id":487100,"date":"2014-02-09T08:56:48","date_gmt":"2014-02-09T09:56:48","guid":{"rendered":"http:\/\/www.eldigitaldeasturias.com\/noticias\/?p=487100"},"modified":"2014-02-09T08:56:48","modified_gmt":"2014-02-09T09:56:48","slug":"fognini-en-la-final-en-vina-del-mar","status":"publish","type":"post","link":"https:\/\/www.eldigitaldeasturias.com\/noticias\/fognini-en-la-final-en-vina-del-mar\/","title":{"rendered":"Fognini en la final en Vi\u00f1a del Mar"},"content":{"rendered":"<p><img loading=\"lazy\" decoding=\"async\" class=\"alignleft size-medium wp-image-487101\" alt=\"5924891w\" src=\"https:\/\/www.eldigitaldeasturias.com\/noticias\/wp-content\/uploads\/2014\/02\/5924891w-360x239.jpg\" width=\"360\" height=\"239\" \/>Santiago de Chile, 9 feb (EFE).- El tenista italiano Fabio Fognini, n\u00famero 15 de la clasificaci\u00f3n mundial y primer cabeza de serie del torneo, venci\u00f3 en tres set al espa\u00f1ol Nicol\u00e1s Almagro, n\u00famero 18, en partido por la semifinal del ATP de Vi\u00f1a del Mar.<\/p>\n<p>El oriundo de Sanremo, tuvo que luchar duramente frente al de Murcia en un cerrado compromiso de dos horas y diez minutos de juego.<\/p>\n<p>Fognini hizo gala de su juego de fondo de l\u00ednea para dominar las acciones en el campeonato, que se disputa sobre polvo de ladrillo en el balneario de Las Salinas, 120 kil\u00f3metros al noroeste de la capital, Santiago.<\/p>\n<p>El italiano tuvo que llegar a tres set, tras ganar el primero por 6-4, perdiendo f\u00e1cilmente el segundo, por 6-1 y cerrando el compromiso por 7-6 (con tie break de 7-5).<\/p>\n<p>Con esta victoria, Fognini asegur\u00f3 su pase a la final del torneo, donde se enfrentar\u00e1 al argentino Leonardo Mayer (91 del mundo), quien en primer turno despach\u00f3 al colombiano Santiago Giraldo (71 del ranking).<\/p>\n","protected":false},"excerpt":{"rendered":"<p>Santiago de Chile, 9 feb (EFE).- El tenista italiano Fabio Fognini, n\u00famero 15 de la clasificaci\u00f3n mundial y primer cabeza de serie del torneo, venci\u00f3 en tres set al espa\u00f1ol Nicol\u00e1s Almagro, n\u00famero 18, en partido por la semifinal del ATP de Vi\u00f1a del Mar. El oriundo de Sanremo, tuvo que luchar duramente frente al [&hellip;]<\/p>\n","protected":false},"author":1,"featured_media":487101,"comment_status":"open","ping_status":"open","sticky":false,"template":"","format":"standard","meta":{"footnotes":""},"categories":[1],"tags":[],"class_list":["post-487100","post","type-post","status-publish","format-standard","has-post-thumbnail","hentry","category-actualidad"],"aioseo_notices":[],"aioseo_head":"\n\t\t<!-- All in One SEO Pro 5.0.1 - aioseo.com -->\n\t<meta name=\"description\" content=\"Santiago de Chile, 9 feb (EFE).- El tenista italiano Fabio Fognini, n\u00famero 15 de la clasificaci\u00f3n mundial y primer cabeza de serie del torneo, venci\u00f3 en tres set al espa\u00f1ol Nicol\u00e1s Almagro, n\u00famero 18, en partido por la semifinal del ATP de Vi\u00f1a del Mar. El oriundo de Sanremo, tuvo que luchar duramente frente al\" \/>\n\t<meta name=\"robots\" content=\"max-image-preview:large\" \/>\n\t<meta name=\"author\" content=\"El Digital de Asturias\"\/>\n\t<meta name=\"google-site-verification\" content=\"UA-38556648-1\" \/>\n\t<meta name=\"msvalidate.01\" content=\"7dfe9f3f1b24437ab69f4f2559babe99\" \/>\n\t<meta name=\"keywords\" content=\"actualidad\" \/>\n\t<link rel=\"canonical\" href=\"https:\/\/www.eldigitaldeasturias.com\/noticias\/fognini-en-la-final-en-vina-del-mar\/\" \/>\n\t<meta name=\"generator\" content=\"All in One SEO Pro (AIOSEO) 5.0.1\" \/>\n\t\t<meta property=\"og:locale\" content=\"es_ES\" \/>\n\t\t<meta property=\"og:site_name\" content=\"El Digital de Asturias\" \/>\n\t\t<meta property=\"og:type\" content=\"article\" \/>\n\t\t<meta property=\"og:title\" content=\"Fognini en la final en Vi\u00f1a del Mar - El Digital de Asturias\" \/>\n\t\t<meta property=\"og:description\" content=\"Santiago de Chile, 9 feb (EFE).- El tenista italiano Fabio Fognini, n\u00famero 15 de la clasificaci\u00f3n mundial y primer cabeza de serie del torneo, venci\u00f3 en tres set al espa\u00f1ol Nicol\u00e1s Almagro, n\u00famero 18, en partido por la semifinal del ATP de Vi\u00f1a del Mar. El oriundo de Sanremo, tuvo que luchar duramente frente al\" \/>\n\t\t<meta property=\"og:url\" content=\"https:\/\/www.eldigitaldeasturias.com\/noticias\/fognini-en-la-final-en-vina-del-mar\/\" \/>\n\t\t<meta property=\"article:tag\" content=\"actualidad\" \/>\n\t\t<meta property=\"article:published_time\" content=\"2014-02-09T09:56:48+00:00\" \/>\n\t\t<meta property=\"article:modified_time\" content=\"2014-02-09T09:56:48+00:00\" \/>\n\t\t<meta property=\"article:publisher\" content=\"https:\/\/facebook.com\/eldigitaldeasturias\" \/>\n\t\t<meta name=\"twitter:card\" content=\"summary_large_image\" \/>\n\t\t<meta name=\"twitter:title\" content=\"Fognini en la final en Vi\u00f1a del Mar - El Digital de Asturias\" \/>\n\t\t<meta name=\"twitter:description\" content=\"Santiago de Chile, 9 feb (EFE).- El tenista italiano Fabio Fognini, n\u00famero 15 de la clasificaci\u00f3n mundial y primer cabeza de serie del torneo, venci\u00f3 en tres set al espa\u00f1ol Nicol\u00e1s Almagro, n\u00famero 18, en partido por la semifinal del ATP de Vi\u00f1a del Mar. El oriundo de Sanremo, tuvo que luchar duramente frente al\" \/>\n\t\t<meta name=\"twitter:label1\" content=\"Escrito por\" \/>\n\t\t<meta name=\"twitter:data1\" content=\"El Digital de Asturias\" \/>\n\t\t<meta name=\"twitter:label2\" content=\"Tiempo de lectura estimado\" \/>\n\t\t<meta name=\"twitter:data2\" content=\"1 minuto\" \/>\n\t\t<script type=\"application\/ld+json\" class=\"aioseo-schema\">\n\t\t\t{\"@context\":\"https:\\\/\\\/schema.org\",\"@graph\":[{\"@type\":\"BlogPosting\",\"@id\":\"https:\\\/\\\/www.eldigitaldeasturias.com\\\/noticias\\\/fognini-en-la-final-en-vina-del-mar\\\/#blogposting\",\"name\":\"Fognini en la final en Vi\\u00f1a del Mar - El Digital de Asturias\",\"headline\":\"Fognini en la final en Vi\\u00f1a del Mar\",\"author\":{\"@id\":\"https:\\\/\\\/www.eldigitaldeasturias.com\\\/noticias\\\/author\\\/admin\\\/#author\"},\"publisher\":{\"@id\":\"https:\\\/\\\/www.eldigitaldeasturias.com\\\/noticias\\\/#organization\"},\"image\":{\"@type\":\"ImageObject\",\"url\":487101},\"datePublished\":\"2014-02-09T08:56:48+01:00\",\"dateModified\":\"2014-02-09T08:56:48+01:00\",\"inLanguage\":\"es-ES\",\"mainEntityOfPage\":{\"@id\":\"https:\\\/\\\/www.eldigitaldeasturias.com\\\/noticias\\\/fognini-en-la-final-en-vina-del-mar\\\/#webpage\"},\"isPartOf\":{\"@id\":\"https:\\\/\\\/www.eldigitaldeasturias.com\\\/noticias\\\/fognini-en-la-final-en-vina-del-mar\\\/#webpage\"},\"articleSection\":\"Actualidad\"},{\"@type\":\"BreadcrumbList\",\"@id\":\"https:\\\/\\\/www.eldigitaldeasturias.com\\\/noticias\\\/fognini-en-la-final-en-vina-del-mar\\\/#breadcrumblist\",\"itemListElement\":[{\"@type\":\"ListItem\",\"@id\":\"https:\\\/\\\/www.eldigitaldeasturias.com\\\/noticias#listItem\",\"position\":1,\"name\":\"Home\",\"item\":\"https:\\\/\\\/www.eldigitaldeasturias.com\\\/noticias\",\"nextItem\":{\"@type\":\"ListItem\",\"@id\":\"https:\\\/\\\/www.eldigitaldeasturias.com\\\/noticias\\\/category\\\/actualidad\\\/#listItem\",\"name\":\"Actualidad\"}},{\"@type\":\"ListItem\",\"@id\":\"https:\\\/\\\/www.eldigitaldeasturias.com\\\/noticias\\\/category\\\/actualidad\\\/#listItem\",\"position\":2,\"name\":\"Actualidad\",\"item\":\"https:\\\/\\\/www.eldigitaldeasturias.com\\\/noticias\\\/category\\\/actualidad\\\/\",\"nextItem\":{\"@type\":\"ListItem\",\"@id\":\"https:\\\/\\\/www.eldigitaldeasturias.com\\\/noticias\\\/fognini-en-la-final-en-vina-del-mar\\\/#listItem\",\"name\":\"Fognini en la final en Vi\\u00f1a del Mar\"},\"previousItem\":{\"@type\":\"ListItem\",\"@id\":\"https:\\\/\\\/www.eldigitaldeasturias.com\\\/noticias#listItem\",\"name\":\"Home\"}},{\"@type\":\"ListItem\",\"@id\":\"https:\\\/\\\/www.eldigitaldeasturias.com\\\/noticias\\\/fognini-en-la-final-en-vina-del-mar\\\/#listItem\",\"position\":3,\"name\":\"Fognini en la final en Vi\\u00f1a del Mar\",\"previousItem\":{\"@type\":\"ListItem\",\"@id\":\"https:\\\/\\\/www.eldigitaldeasturias.com\\\/noticias\\\/category\\\/actualidad\\\/#listItem\",\"name\":\"Actualidad\"}}]},{\"@type\":\"Organization\",\"@id\":\"https:\\\/\\\/www.eldigitaldeasturias.com\\\/noticias\\\/#organization\",\"name\":\"El Digital de Asturias\",\"description\":\"Hemeroteca\",\"url\":\"https:\\\/\\\/www.eldigitaldeasturias.com\\\/noticias\\\/\",\"email\":\"info@eldigitaldeasturias.com\",\"telephone\":\"+34652131393\",\"logo\":{\"@type\":\"ImageObject\",\"url\":\"https:\\\/\\\/www.eldigitaldeasturias.com\\\/noticias\\\/wp-content\\\/uploads\\\/2020\\\/12\\\/EDA.jpg\",\"@id\":\"https:\\\/\\\/www.eldigitaldeasturias.com\\\/noticias\\\/fognini-en-la-final-en-vina-del-mar\\\/#organizationLogo\"},\"image\":{\"@id\":\"https:\\\/\\\/www.eldigitaldeasturias.com\\\/noticias\\\/fognini-en-la-final-en-vina-del-mar\\\/#organizationLogo\"},\"sameAs\":[\"https:\\\/\\\/facebook.com\\\/eldigitaldeasturias\",\"https:\\\/\\\/www.youtube.com\\\/channel\\\/UCZP-2wLEB9Rv6erhFmqVnvg\"],\"address\":{\"@id\":\"https:\\\/\\\/www.eldigitaldeasturias.com\\\/noticias\\\/#postaladdress\",\"@type\":\"PostalAddress\",\"streetAddress\":\"san antonio 4\",\"postalCode\":\"33430\",\"addressLocality\":\"Cand\\u00e1s\",\"addressRegion\":\"Asturias\",\"addressCountry\":\"ES\"}},{\"@type\":\"Person\",\"@id\":\"https:\\\/\\\/www.eldigitaldeasturias.com\\\/noticias\\\/author\\\/admin\\\/#author\",\"url\":\"https:\\\/\\\/www.eldigitaldeasturias.com\\\/noticias\\\/author\\\/admin\\\/\",\"name\":\"El Digital de Asturias\",\"image\":{\"@type\":\"ImageObject\",\"@id\":\"https:\\\/\\\/www.eldigitaldeasturias.com\\\/noticias\\\/fognini-en-la-final-en-vina-del-mar\\\/#authorImage\",\"url\":\"https:\\\/\\\/secure.gravatar.com\\\/avatar\\\/df2aeffc32bcd13f8d26072ef8a91b623d677766deac7f97ca815868cd41bf5e?s=96&d=mm&r=g\",\"width\":96,\"height\":96,\"caption\":\"El Digital de Asturias\"}},{\"@type\":\"WebPage\",\"@id\":\"https:\\\/\\\/www.eldigitaldeasturias.com\\\/noticias\\\/fognini-en-la-final-en-vina-del-mar\\\/#webpage\",\"url\":\"https:\\\/\\\/www.eldigitaldeasturias.com\\\/noticias\\\/fognini-en-la-final-en-vina-del-mar\\\/\",\"name\":\"Fognini en la final en Vi\\u00f1a del Mar - El Digital de Asturias\",\"description\":\"Santiago de Chile, 9 feb (EFE).- El tenista italiano Fabio Fognini, n\\u00famero 15 de la clasificaci\\u00f3n mundial y primer cabeza de serie del torneo, venci\\u00f3 en tres set al espa\\u00f1ol Nicol\\u00e1s Almagro, n\\u00famero 18, en partido por la semifinal del ATP de Vi\\u00f1a del Mar. El oriundo de Sanremo, tuvo que luchar duramente frente al\",\"inLanguage\":\"es-ES\",\"isPartOf\":{\"@id\":\"https:\\\/\\\/www.eldigitaldeasturias.com\\\/noticias\\\/#website\"},\"breadcrumb\":{\"@id\":\"https:\\\/\\\/www.eldigitaldeasturias.com\\\/noticias\\\/fognini-en-la-final-en-vina-del-mar\\\/#breadcrumblist\"},\"author\":{\"@id\":\"https:\\\/\\\/www.eldigitaldeasturias.com\\\/noticias\\\/author\\\/admin\\\/#author\"},\"creator\":{\"@id\":\"https:\\\/\\\/www.eldigitaldeasturias.com\\\/noticias\\\/author\\\/admin\\\/#author\"},\"image\":{\"@type\":\"ImageObject\",\"url\":487101,\"@id\":\"https:\\\/\\\/www.eldigitaldeasturias.com\\\/noticias\\\/fognini-en-la-final-en-vina-del-mar\\\/#mainImage\"},\"primaryImageOfPage\":{\"@id\":\"https:\\\/\\\/www.eldigitaldeasturias.com\\\/noticias\\\/fognini-en-la-final-en-vina-del-mar\\\/#mainImage\"},\"datePublished\":\"2014-02-09T08:56:48+01:00\",\"dateModified\":\"2014-02-09T08:56:48+01:00\"},{\"@type\":\"WebSite\",\"@id\":\"https:\\\/\\\/www.eldigitaldeasturias.com\\\/noticias\\\/#website\",\"url\":\"https:\\\/\\\/www.eldigitaldeasturias.com\\\/noticias\\\/\",\"name\":\"El Digital de Asturias - Diario de actualidad y noticias\",\"alternateName\":\"El Digital de Asturias - Diario de actualidad y noticias\",\"description\":\"Hemeroteca\",\"inLanguage\":\"es-ES\",\"publisher\":{\"@id\":\"https:\\\/\\\/www.eldigitaldeasturias.com\\\/noticias\\\/#organization\"}}]}\n\t\t<\/script>\n\t\t<!-- All in One SEO Pro -->\r\n\t\t<title>Fognini en la final en Vi\u00f1a del Mar - El Digital de Asturias<\/title>\n\n","aioseo_head_json":{"title":"Fognini en la final en Vi\u00f1a del Mar - El Digital de Asturias","description":"Santiago de Chile, 9 feb (EFE).- El tenista italiano Fabio Fognini, n\u00famero 15 de la clasificaci\u00f3n mundial y primer cabeza de serie del torneo, venci\u00f3 en tres set al espa\u00f1ol Nicol\u00e1s Almagro, n\u00famero 18, en partido por la semifinal del ATP de Vi\u00f1a del Mar. El oriundo de Sanremo, tuvo que luchar duramente frente al","canonical_url":"https:\/\/www.eldigitaldeasturias.com\/noticias\/fognini-en-la-final-en-vina-del-mar\/","robots":"max-image-preview:large","keywords":"actualidad","webmasterTools":{"google-site-verification":"UA-38556648-1","msvalidate.01":"7dfe9f3f1b24437ab69f4f2559babe99","miscellaneous":""},"schema":{"@context":"https:\/\/schema.org","@graph":[{"@type":"BlogPosting","@id":"https:\/\/www.eldigitaldeasturias.com\/noticias\/fognini-en-la-final-en-vina-del-mar\/#blogposting","name":"Fognini en la final en Vi\u00f1a del Mar - El Digital de Asturias","headline":"Fognini en la final en Vi\u00f1a del Mar","author":{"@id":"https:\/\/www.eldigitaldeasturias.com\/noticias\/author\/admin\/#author"},"publisher":{"@id":"https:\/\/www.eldigitaldeasturias.com\/noticias\/#organization"},"image":{"@type":"ImageObject","url":487101},"datePublished":"2014-02-09T08:56:48+01:00","dateModified":"2014-02-09T08:56:48+01:00","inLanguage":"es-ES","mainEntityOfPage":{"@id":"https:\/\/www.eldigitaldeasturias.com\/noticias\/fognini-en-la-final-en-vina-del-mar\/#webpage"},"isPartOf":{"@id":"https:\/\/www.eldigitaldeasturias.com\/noticias\/fognini-en-la-final-en-vina-del-mar\/#webpage"},"articleSection":"Actualidad"},{"@type":"BreadcrumbList","@id":"https:\/\/www.eldigitaldeasturias.com\/noticias\/fognini-en-la-final-en-vina-del-mar\/#breadcrumblist","itemListElement":[{"@type":"ListItem","@id":"https:\/\/www.eldigitaldeasturias.com\/noticias#listItem","position":1,"name":"Home","item":"https:\/\/www.eldigitaldeasturias.com\/noticias","nextItem":{"@type":"ListItem","@id":"https:\/\/www.eldigitaldeasturias.com\/noticias\/category\/actualidad\/#listItem","name":"Actualidad"}},{"@type":"ListItem","@id":"https:\/\/www.eldigitaldeasturias.com\/noticias\/category\/actualidad\/#listItem","position":2,"name":"Actualidad","item":"https:\/\/www.eldigitaldeasturias.com\/noticias\/category\/actualidad\/","nextItem":{"@type":"ListItem","@id":"https:\/\/www.eldigitaldeasturias.com\/noticias\/fognini-en-la-final-en-vina-del-mar\/#listItem","name":"Fognini en la final en Vi\u00f1a del Mar"},"previousItem":{"@type":"ListItem","@id":"https:\/\/www.eldigitaldeasturias.com\/noticias#listItem","name":"Home"}},{"@type":"ListItem","@id":"https:\/\/www.eldigitaldeasturias.com\/noticias\/fognini-en-la-final-en-vina-del-mar\/#listItem","position":3,"name":"Fognini en la final en Vi\u00f1a del Mar","previousItem":{"@type":"ListItem","@id":"https:\/\/www.eldigitaldeasturias.com\/noticias\/category\/actualidad\/#listItem","name":"Actualidad"}}]},{"@type":"Organization","@id":"https:\/\/www.eldigitaldeasturias.com\/noticias\/#organization","name":"El Digital de Asturias","description":"Hemeroteca","url":"https:\/\/www.eldigitaldeasturias.com\/noticias\/","email":"info@eldigitaldeasturias.com","telephone":"+34652131393","logo":{"@type":"ImageObject","url":"https:\/\/www.eldigitaldeasturias.com\/noticias\/wp-content\/uploads\/2020\/12\/EDA.jpg","@id":"https:\/\/www.eldigitaldeasturias.com\/noticias\/fognini-en-la-final-en-vina-del-mar\/#organizationLogo"},"image":{"@id":"https:\/\/www.eldigitaldeasturias.com\/noticias\/fognini-en-la-final-en-vina-del-mar\/#organizationLogo"},"sameAs":["https:\/\/facebook.com\/eldigitaldeasturias","https:\/\/www.youtube.com\/channel\/UCZP-2wLEB9Rv6erhFmqVnvg"],"address":{"@id":"https:\/\/www.eldigitaldeasturias.com\/noticias\/#postaladdress","@type":"PostalAddress","streetAddress":"san antonio 4","postalCode":"33430","addressLocality":"Cand\u00e1s","addressRegion":"Asturias","addressCountry":"ES"}},{"@type":"Person","@id":"https:\/\/www.eldigitaldeasturias.com\/noticias\/author\/admin\/#author","url":"https:\/\/www.eldigitaldeasturias.com\/noticias\/author\/admin\/","name":"El Digital de Asturias","image":{"@type":"ImageObject","@id":"https:\/\/www.eldigitaldeasturias.com\/noticias\/fognini-en-la-final-en-vina-del-mar\/#authorImage","url":"https:\/\/secure.gravatar.com\/avatar\/df2aeffc32bcd13f8d26072ef8a91b623d677766deac7f97ca815868cd41bf5e?s=96&d=mm&r=g","width":96,"height":96,"caption":"El Digital de Asturias"}},{"@type":"WebPage","@id":"https:\/\/www.eldigitaldeasturias.com\/noticias\/fognini-en-la-final-en-vina-del-mar\/#webpage","url":"https:\/\/www.eldigitaldeasturias.com\/noticias\/fognini-en-la-final-en-vina-del-mar\/","name":"Fognini en la final en Vi\u00f1a del Mar - El Digital de Asturias","description":"Santiago de Chile, 9 feb (EFE).- El tenista italiano Fabio Fognini, n\u00famero 15 de la clasificaci\u00f3n mundial y primer cabeza de serie del torneo, venci\u00f3 en tres set al espa\u00f1ol Nicol\u00e1s Almagro, n\u00famero 18, en partido por la semifinal del ATP de Vi\u00f1a del Mar. El oriundo de Sanremo, tuvo que luchar duramente frente al","inLanguage":"es-ES","isPartOf":{"@id":"https:\/\/www.eldigitaldeasturias.com\/noticias\/#website"},"breadcrumb":{"@id":"https:\/\/www.eldigitaldeasturias.com\/noticias\/fognini-en-la-final-en-vina-del-mar\/#breadcrumblist"},"author":{"@id":"https:\/\/www.eldigitaldeasturias.com\/noticias\/author\/admin\/#author"},"creator":{"@id":"https:\/\/www.eldigitaldeasturias.com\/noticias\/author\/admin\/#author"},"image":{"@type":"ImageObject","url":487101,"@id":"https:\/\/www.eldigitaldeasturias.com\/noticias\/fognini-en-la-final-en-vina-del-mar\/#mainImage"},"primaryImageOfPage":{"@id":"https:\/\/www.eldigitaldeasturias.com\/noticias\/fognini-en-la-final-en-vina-del-mar\/#mainImage"},"datePublished":"2014-02-09T08:56:48+01:00","dateModified":"2014-02-09T08:56:48+01:00"},{"@type":"WebSite","@id":"https:\/\/www.eldigitaldeasturias.com\/noticias\/#website","url":"https:\/\/www.eldigitaldeasturias.com\/noticias\/","name":"El Digital de Asturias - Diario de actualidad y noticias","alternateName":"El Digital de Asturias - Diario de actualidad y noticias","description":"Hemeroteca","inLanguage":"es-ES","publisher":{"@id":"https:\/\/www.eldigitaldeasturias.com\/noticias\/#organization"}}]},"og:locale":"es_ES","og:site_name":"El Digital de Asturias","og:type":"article","og:title":"Fognini en la final en Vi\u00f1a del Mar - El Digital de Asturias","og:description":"Santiago de Chile, 9 feb (EFE).- El tenista italiano Fabio Fognini, n\u00famero 15 de la clasificaci\u00f3n mundial y primer cabeza de serie del torneo, venci\u00f3 en tres set al espa\u00f1ol Nicol\u00e1s Almagro, n\u00famero 18, en partido por la semifinal del ATP de Vi\u00f1a del Mar. El oriundo de Sanremo, tuvo que luchar duramente frente al","og:url":"https:\/\/www.eldigitaldeasturias.com\/noticias\/fognini-en-la-final-en-vina-del-mar\/","article:tag":["actualidad"],"article:published_time":"2014-02-09T09:56:48+00:00","article:modified_time":"2014-02-09T09:56:48+00:00","article:publisher":"https:\/\/facebook.com\/eldigitaldeasturias","twitter:card":"summary_large_image","twitter:title":"Fognini en la final en Vi\u00f1a del Mar - El Digital de Asturias","twitter:description":"Santiago de Chile, 9 feb (EFE).- El tenista italiano Fabio Fognini, n\u00famero 15 de la clasificaci\u00f3n mundial y primer cabeza de serie del torneo, venci\u00f3 en tres set al espa\u00f1ol Nicol\u00e1s Almagro, n\u00famero 18, en partido por la semifinal del ATP de Vi\u00f1a del Mar. El oriundo de Sanremo, tuvo que luchar duramente frente al","twitter:label1":"Escrito por","twitter:data1":"El Digital de Asturias","twitter:label2":"Tiempo de lectura estimado","twitter:data2":"1 minuto"},"aioseo_meta_data":{"post_id":"487100","title":null,"description":null,"keywords":null,"keyphrases":null,"primary_term":null,"canonical_url":null,"og_title":null,"og_description":null,"og_object_type":"default","og_image_type":"default","og_image_url":null,"og_image_width":null,"og_image_height":null,"og_image_custom_url":null,"og_image_custom_fields":null,"og_video":null,"og_custom_url":null,"og_article_section":null,"og_article_tags":null,"twitter_use_og":true,"twitter_card":"default","twitter_image_type":"default","twitter_image_url":null,"twitter_image_custom_url":null,"twitter_image_custom_fields":null,"twitter_title":null,"twitter_description":null,"schema":{"blockGraphs":[],"customGraphs":[],"default":{"data":{"Article":[],"Course":[],"Dataset":[],"FAQPage":[],"Movie":[],"Person":[],"Product":[],"ProductReview":[],"Car":[],"Recipe":[],"Service":[],"SoftwareApplication":[],"WebPage":[]},"graphName":"","isEnabled":true},"graphs":[],"defaultGraph":"","defaultPostTypeGraph":""},"schema_type":null,"schema_type_options":null,"pillar_content":false,"robots_default":true,"robots_noindex":false,"robots_noarchive":false,"robots_nosnippet":false,"robots_nofollow":false,"robots_noimageindex":false,"robots_noodp":false,"robots_notranslate":false,"robots_max_snippet":null,"robots_max_videopreview":null,"robots_max_imagepreview":"none","priority":null,"frequency":null,"local_seo":null,"seo_analyzer_scan_date":"2026-06-03 03:37:02","breadcrumb_settings":null,"limit_modified_date":false,"open_ai":null,"ai":null,"created":"2020-11-14 22:56:19","updated":"2026-06-03 03:37:02","focus_keyword":null,"additional_keywords":null,"truseo_locale":null},"aioseo_breadcrumb":"<div class=\"aioseo-breadcrumbs\"><span class=\"aioseo-breadcrumb\">\n\t<a href=\"https:\/\/www.eldigitaldeasturias.com\/noticias\" title=\"Home\">Home<\/a>\n<\/span><span class=\"aioseo-breadcrumb-separator\">\u2013<\/span><span class=\"aioseo-breadcrumb\">\n\t<a href=\"https:\/\/www.eldigitaldeasturias.com\/noticias\/category\/actualidad\/\" title=\"Actualidad\">Actualidad<\/a>\n<\/span><span class=\"aioseo-breadcrumb-separator\">\u2013<\/span><span class=\"aioseo-breadcrumb\">\n\t<a href=\"https:\/\/www.eldigitaldeasturias.com\/noticias\/fognini-en-la-final-en-vina-del-mar\/\" title=\"Fognini en la final en Vi\u00f1a del Mar\">Fognini en la final en Vi\u00f1a del Mar<\/a>\n<\/span><\/div>","aioseo_breadcrumb_json":[{"label":"Home","link":"https:\/\/www.eldigitaldeasturias.com\/noticias"},{"label":"Actualidad","link":"https:\/\/www.eldigitaldeasturias.com\/noticias\/category\/actualidad\/"},{"label":"Fognini en la final en Vi\u00f1a del Mar","link":"https:\/\/www.eldigitaldeasturias.com\/noticias\/fognini-en-la-final-en-vina-del-mar\/"}],"_links":{"self":[{"href":"https:\/\/www.eldigitaldeasturias.com\/noticias\/wp-json\/wp\/v2\/posts\/487100","targetHints":{"allow":["GET"]}}],"collection":[{"href":"https:\/\/www.eldigitaldeasturias.com\/noticias\/wp-json\/wp\/v2\/posts"}],"about":[{"href":"https:\/\/www.eldigitaldeasturias.com\/noticias\/wp-json\/wp\/v2\/types\/post"}],"author":[{"embeddable":true,"href":"https:\/\/www.eldigitaldeasturias.com\/noticias\/wp-json\/wp\/v2\/users\/1"}],"replies":[{"embeddable":true,"href":"https:\/\/www.eldigitaldeasturias.com\/noticias\/wp-json\/wp\/v2\/comments?post=487100"}],"version-history":[{"count":0,"href":"https:\/\/www.eldigitaldeasturias.com\/noticias\/wp-json\/wp\/v2\/posts\/487100\/revisions"}],"wp:attachment":[{"href":"https:\/\/www.eldigitaldeasturias.com\/noticias\/wp-json\/wp\/v2\/media?parent=487100"}],"wp:term":[{"taxonomy":"category","embeddable":true,"href":"https:\/\/www.eldigitaldeasturias.com\/noticias\/wp-json\/wp\/v2\/categories?post=487100"},{"taxonomy":"post_tag","embeddable":true,"href":"https:\/\/www.eldigitaldeasturias.com\/noticias\/wp-json\/wp\/v2\/tags?post=487100"}],"curies":[{"name":"wp","href":"https:\/\/api.w.org\/{rel}","templated":true}]}}