{"id":487076,"date":"2014-02-09T08:47:27","date_gmt":"2014-02-09T09:47:27","guid":{"rendered":"http:\/\/www.eldigitaldeasturias.com\/noticias\/?p=487076"},"modified":"2014-02-09T08:47:27","modified_gmt":"2014-02-09T09:47:27","slug":"colombia-y-mexico-compartiran-informacion-en-la-lucha-contra-la-delincuencia","status":"publish","type":"post","link":"https:\/\/www.eldigitaldeasturias.com\/noticias\/colombia-y-mexico-compartiran-informacion-en-la-lucha-contra-la-delincuencia\/","title":{"rendered":"Colombia y M\u00e9xico compartir\u00e1n informaci\u00f3n en la lucha contra la delincuencia"},"content":{"rendered":"<p><img loading=\"lazy\" decoding=\"async\" class=\"alignleft size-medium wp-image-487077\" alt=\"5924889w\" src=\"https:\/\/www.eldigitaldeasturias.com\/noticias\/wp-content\/uploads\/2014\/02\/5924889w-360x246.jpg\" width=\"360\" height=\"246\" \/>Cartagena (Colombia), 8 feb (EFE).- Los gobiernos de Colombia y M\u00e9xico intercambiar\u00e1n informaci\u00f3n en materia de seguridad mediante una plataforma compartida para la identificaci\u00f3n de delincuentes, seg\u00fan acordaron hoy sus cancilleres en una reuni\u00f3n celebrada en el marco de la VIII Cumbre de la Alianza del Pac\u00edfico.<\/p>\n<p>Los cancilleres de Colombia, Mar\u00eda \u00c1ngela Holgu\u00edn, y de M\u00e9xico, Jos\u00e9 Antonio Meade, hicieron un amplio repaso de la relaci\u00f3n bilateral en Cartagena, en el norte de Colombia, donde el pr\u00f3ximo lunes se celebrar\u00e1 la cumbre presidencial de la Alianza, de la que tambi\u00e9n hacen parte Chile y Per\u00fa.<\/p>\n<p>\u00abEstamos lanzando la plataforma en tiempo real de ese intercambio de informaci\u00f3n que le permite a los dos pa\u00edses identificar esas personas que no quisi\u00e9ramos que circularan entre los dos pa\u00edses porque de alguna manera le est\u00e1n haciendo mucho da\u00f1o a la imagen espec\u00edficamente de Colombia en M\u00e9xico\u00bb, dijo Holgu\u00edn en una rueda de prensa.<\/p>\n<p>Seg\u00fan la ministra, con el acceso a esta plataforma se le brindar\u00e1 al Gobierno mexicano \u00abla posibilidad de no admitirlas\u00bb.<\/p>\n<p>\u00abEs la primera vez que Colombia entrega su plataforma y creo que va a ser una grand\u00edsima experiencia la cual podremos mirar m\u00e1s adelante si la ampliamos a los otros pa\u00edses de la Alianza del Pac\u00edfico\u00bb, agreg\u00f3.<\/p>\n<p>Colombia y M\u00e9xico mantienen una estrecha cooperaci\u00f3n en la lucha contra el narcotr\u00e1fico y otras formas de crimen organizado, al haber sido ambos pa\u00edses v\u00edctimas de la violencia de distintos tipos de mafias.<\/p>\n<p>Tambi\u00e9n se avanz\u00f3 en \u00abla posibilidad de que Colombia tenga un espacio en la embajada de M\u00e9xico en Singapur\u00bb, de la misma manera que lo han hecho los cuatro pa\u00edses de la Alianza en Ghana, donde comparten la embajada.<\/p>\n<p>En la reuni\u00f3n se trataron tambi\u00e9n asuntos econ\u00f3micos, como el memorando de entendimiento entre las petroleras Pemex y Ecopetrol sobre mecanismos de control del robo de combustibles, un problema en el que Colombia tiene alguna experiencia y puede ayudarle a M\u00e9xico, seg\u00fan la canciller.<\/p>\n<p>\u00abFue esta bilateral la ocasi\u00f3n propicia para recordar la importancia que tiene para M\u00e9xico la relaci\u00f3n con Colombia en pr\u00e1cticamente todas las dimensiones\u00bb, manifest\u00f3 Meade.<\/p>\n<p>El comercio entre Colombia y M\u00e9xico entre enero y noviembre del a\u00f1o pasado ascendi\u00f3 a 5.728 millones de d\u00f3lares.<\/p>\n<p>Entre 1994 y septiembre de 2013 M\u00e9xico invirti\u00f3 en Colombia 3.010 millones de d\u00f3lares y las inversiones colombianas en M\u00e9xico en el mismo periodo fueron de 2.523,5 millones de d\u00f3lares, seg\u00fan datos oficiales.<\/p>\n<p>\u00abM\u00e9xico es un gran socio comercial de Colombia, un muy positivo inversionista en el pa\u00eds. Igualmente el comercio ha crecido y esperamos siga mejorando en este a\u00f1o\u00bb, dijo Holgu\u00edn.<\/p>\n<p>Meade destac\u00f3 por su parte que uno de cada cinco d\u00f3lares que M\u00e9xico exporta a Am\u00e9rica Latina tienen como destino Colombia, pa\u00eds que es el tercer destino de la inversi\u00f3n extranjera mexicana.<\/p>\n<p>Los dos cancilleres revisaron adem\u00e1s el intercambio comercial, la cooperaci\u00f3n t\u00e9cnica, cient\u00edfica, cultural y educativa, y asuntos migratorios.<\/p>\n<p>\u00abAcordamos un programa de cooperaci\u00f3n bilateral importante identificando proyectos interesantes en materia de cooperaci\u00f3n t\u00e9cnica y cient\u00edfica, igualmente en materia de educaci\u00f3n, cultura y medioambiente\u00bb, manifest\u00f3 Meade.<\/p>\n<p>Los cancilleres de los cuatro pa\u00edses de la Alianza del Pac\u00edfico se reunir\u00e1n ma\u00f1ana junto con los ministros de Comercio Exterior para ultimar los detalles de los documentos que firmar\u00e1n el lunes sus presidentes.<\/p>\n<p>A la cita acudir\u00e1n los mandatarios de Colombia, Juan Manuel Santos; Chile, Sebasti\u00e1n Pi\u00f1era; M\u00e9xico, Enrique Pe\u00f1a Nieto, y Per\u00fa, Ollanta Humala, adem\u00e1s de la presidenta de Costa Rica, Laura Chinchilla, que firmar\u00e1 en Cartagena la declaraci\u00f3n de adhesi\u00f3n de su pa\u00eds a este mecanismo de integraci\u00f3n.<\/p>\n","protected":false},"excerpt":{"rendered":"<p>Cartagena (Colombia), 8 feb (EFE).- Los gobiernos de Colombia y M\u00e9xico intercambiar\u00e1n informaci\u00f3n en materia de seguridad mediante una plataforma compartida para la identificaci\u00f3n de delincuentes, seg\u00fan acordaron hoy sus cancilleres en una reuni\u00f3n celebrada en el marco de la VIII Cumbre de la Alianza del Pac\u00edfico. Los cancilleres de Colombia, Mar\u00eda \u00c1ngela Holgu\u00edn, y [&hellip;]<\/p>\n","protected":false},"author":1,"featured_media":487077,"comment_status":"open","ping_status":"open","sticky":false,"template":"","format":"standard","meta":{"footnotes":""},"categories":[1],"tags":[],"class_list":["post-487076","post","type-post","status-publish","format-standard","has-post-thumbnail","hentry","category-actualidad"],"aioseo_notices":[],"aioseo_head":"\n\t\t<!-- All in One SEO Pro 5.0.1 - aioseo.com -->\n\t<meta name=\"description\" content=\"Cartagena (Colombia), 8 feb (EFE).- Los gobiernos de Colombia y M\u00e9xico intercambiar\u00e1n informaci\u00f3n en materia de seguridad mediante una plataforma compartida para la identificaci\u00f3n de delincuentes, seg\u00fan acordaron hoy sus cancilleres en una reuni\u00f3n celebrada en el marco de la VIII Cumbre de la Alianza del Pac\u00edfico. Los cancilleres de Colombia, Mar\u00eda \u00c1ngela Holgu\u00edn, y\" \/>\n\t<meta name=\"robots\" content=\"max-image-preview:large\" \/>\n\t<meta name=\"author\" content=\"El Digital de Asturias\"\/>\n\t<meta name=\"google-site-verification\" content=\"UA-38556648-1\" \/>\n\t<meta name=\"msvalidate.01\" content=\"7dfe9f3f1b24437ab69f4f2559babe99\" \/>\n\t<meta name=\"keywords\" content=\"actualidad\" \/>\n\t<link rel=\"canonical\" href=\"https:\/\/www.eldigitaldeasturias.com\/noticias\/colombia-y-mexico-compartiran-informacion-en-la-lucha-contra-la-delincuencia\/\" \/>\n\t<meta name=\"generator\" content=\"All in One SEO Pro (AIOSEO) 5.0.1\" \/>\n\t\t<meta property=\"og:locale\" content=\"es_ES\" \/>\n\t\t<meta property=\"og:site_name\" content=\"El Digital de Asturias\" \/>\n\t\t<meta property=\"og:type\" content=\"article\" \/>\n\t\t<meta property=\"og:title\" content=\"Colombia y M\u00e9xico compartir\u00e1n informaci\u00f3n en la lucha contra la delincuencia - El Digital de Asturias\" \/>\n\t\t<meta property=\"og:description\" content=\"Cartagena (Colombia), 8 feb (EFE).- Los gobiernos de Colombia y M\u00e9xico intercambiar\u00e1n informaci\u00f3n en materia de seguridad mediante una plataforma compartida para la identificaci\u00f3n de delincuentes, seg\u00fan acordaron hoy sus cancilleres en una reuni\u00f3n celebrada en el marco de la VIII Cumbre de la Alianza del Pac\u00edfico. Los cancilleres de Colombia, Mar\u00eda \u00c1ngela Holgu\u00edn, y\" \/>\n\t\t<meta property=\"og:url\" content=\"https:\/\/www.eldigitaldeasturias.com\/noticias\/colombia-y-mexico-compartiran-informacion-en-la-lucha-contra-la-delincuencia\/\" \/>\n\t\t<meta property=\"article:tag\" content=\"actualidad\" \/>\n\t\t<meta property=\"article:published_time\" content=\"2014-02-09T09:47:27+00:00\" \/>\n\t\t<meta property=\"article:modified_time\" content=\"2014-02-09T09:47:27+00:00\" \/>\n\t\t<meta property=\"article:publisher\" content=\"https:\/\/facebook.com\/eldigitaldeasturias\" \/>\n\t\t<meta name=\"twitter:card\" content=\"summary_large_image\" \/>\n\t\t<meta name=\"twitter:title\" content=\"Colombia y M\u00e9xico compartir\u00e1n informaci\u00f3n en la lucha contra la delincuencia - El Digital de Asturias\" \/>\n\t\t<meta name=\"twitter:description\" content=\"Cartagena (Colombia), 8 feb (EFE).- Los gobiernos de Colombia y M\u00e9xico intercambiar\u00e1n informaci\u00f3n en materia de seguridad mediante una plataforma compartida para la identificaci\u00f3n de delincuentes, seg\u00fan acordaron hoy sus cancilleres en una reuni\u00f3n celebrada en el marco de la VIII Cumbre de la Alianza del Pac\u00edfico. Los cancilleres de Colombia, Mar\u00eda \u00c1ngela Holgu\u00edn, y\" \/>\n\t\t<meta name=\"twitter:label1\" content=\"Escrito por\" \/>\n\t\t<meta name=\"twitter:data1\" content=\"El Digital de Asturias\" \/>\n\t\t<meta name=\"twitter:label2\" content=\"Tiempo de lectura estimado\" \/>\n\t\t<meta name=\"twitter:data2\" content=\"3 minutos\" \/>\n\t\t<script type=\"application\/ld+json\" class=\"aioseo-schema\">\n\t\t\t{\"@context\":\"https:\\\/\\\/schema.org\",\"@graph\":[{\"@type\":\"BlogPosting\",\"@id\":\"https:\\\/\\\/www.eldigitaldeasturias.com\\\/noticias\\\/colombia-y-mexico-compartiran-informacion-en-la-lucha-contra-la-delincuencia\\\/#blogposting\",\"name\":\"Colombia y M\\u00e9xico compartir\\u00e1n informaci\\u00f3n en la lucha contra la delincuencia - El Digital de Asturias\",\"headline\":\"Colombia y M\\u00e9xico compartir\\u00e1n informaci\\u00f3n en la lucha contra la delincuencia\",\"author\":{\"@id\":\"https:\\\/\\\/www.eldigitaldeasturias.com\\\/noticias\\\/author\\\/admin\\\/#author\"},\"publisher\":{\"@id\":\"https:\\\/\\\/www.eldigitaldeasturias.com\\\/noticias\\\/#organization\"},\"image\":{\"@type\":\"ImageObject\",\"url\":487077},\"datePublished\":\"2014-02-09T08:47:27+01:00\",\"dateModified\":\"2014-02-09T08:47:27+01:00\",\"inLanguage\":\"es-ES\",\"mainEntityOfPage\":{\"@id\":\"https:\\\/\\\/www.eldigitaldeasturias.com\\\/noticias\\\/colombia-y-mexico-compartiran-informacion-en-la-lucha-contra-la-delincuencia\\\/#webpage\"},\"isPartOf\":{\"@id\":\"https:\\\/\\\/www.eldigitaldeasturias.com\\\/noticias\\\/colombia-y-mexico-compartiran-informacion-en-la-lucha-contra-la-delincuencia\\\/#webpage\"},\"articleSection\":\"Actualidad\"},{\"@type\":\"BreadcrumbList\",\"@id\":\"https:\\\/\\\/www.eldigitaldeasturias.com\\\/noticias\\\/colombia-y-mexico-compartiran-informacion-en-la-lucha-contra-la-delincuencia\\\/#breadcrumblist\",\"itemListElement\":[{\"@type\":\"ListItem\",\"@id\":\"https:\\\/\\\/www.eldigitaldeasturias.com\\\/noticias#listItem\",\"position\":1,\"name\":\"Home\",\"item\":\"https:\\\/\\\/www.eldigitaldeasturias.com\\\/noticias\",\"nextItem\":{\"@type\":\"ListItem\",\"@id\":\"https:\\\/\\\/www.eldigitaldeasturias.com\\\/noticias\\\/category\\\/actualidad\\\/#listItem\",\"name\":\"Actualidad\"}},{\"@type\":\"ListItem\",\"@id\":\"https:\\\/\\\/www.eldigitaldeasturias.com\\\/noticias\\\/category\\\/actualidad\\\/#listItem\",\"position\":2,\"name\":\"Actualidad\",\"item\":\"https:\\\/\\\/www.eldigitaldeasturias.com\\\/noticias\\\/category\\\/actualidad\\\/\",\"nextItem\":{\"@type\":\"ListItem\",\"@id\":\"https:\\\/\\\/www.eldigitaldeasturias.com\\\/noticias\\\/colombia-y-mexico-compartiran-informacion-en-la-lucha-contra-la-delincuencia\\\/#listItem\",\"name\":\"Colombia y M\\u00e9xico compartir\\u00e1n informaci\\u00f3n en la lucha contra la delincuencia\"},\"previousItem\":{\"@type\":\"ListItem\",\"@id\":\"https:\\\/\\\/www.eldigitaldeasturias.com\\\/noticias#listItem\",\"name\":\"Home\"}},{\"@type\":\"ListItem\",\"@id\":\"https:\\\/\\\/www.eldigitaldeasturias.com\\\/noticias\\\/colombia-y-mexico-compartiran-informacion-en-la-lucha-contra-la-delincuencia\\\/#listItem\",\"position\":3,\"name\":\"Colombia y M\\u00e9xico compartir\\u00e1n informaci\\u00f3n en la lucha contra la delincuencia\",\"previousItem\":{\"@type\":\"ListItem\",\"@id\":\"https:\\\/\\\/www.eldigitaldeasturias.com\\\/noticias\\\/category\\\/actualidad\\\/#listItem\",\"name\":\"Actualidad\"}}]},{\"@type\":\"Organization\",\"@id\":\"https:\\\/\\\/www.eldigitaldeasturias.com\\\/noticias\\\/#organization\",\"name\":\"El Digital de Asturias\",\"description\":\"Hemeroteca\",\"url\":\"https:\\\/\\\/www.eldigitaldeasturias.com\\\/noticias\\\/\",\"email\":\"info@eldigitaldeasturias.com\",\"telephone\":\"+34652131393\",\"logo\":{\"@type\":\"ImageObject\",\"url\":\"https:\\\/\\\/www.eldigitaldeasturias.com\\\/noticias\\\/wp-content\\\/uploads\\\/2020\\\/12\\\/EDA.jpg\",\"@id\":\"https:\\\/\\\/www.eldigitaldeasturias.com\\\/noticias\\\/colombia-y-mexico-compartiran-informacion-en-la-lucha-contra-la-delincuencia\\\/#organizationLogo\"},\"image\":{\"@id\":\"https:\\\/\\\/www.eldigitaldeasturias.com\\\/noticias\\\/colombia-y-mexico-compartiran-informacion-en-la-lucha-contra-la-delincuencia\\\/#organizationLogo\"},\"sameAs\":[\"https:\\\/\\\/facebook.com\\\/eldigitaldeasturias\",\"https:\\\/\\\/www.youtube.com\\\/channel\\\/UCZP-2wLEB9Rv6erhFmqVnvg\"],\"address\":{\"@id\":\"https:\\\/\\\/www.eldigitaldeasturias.com\\\/noticias\\\/#postaladdress\",\"@type\":\"PostalAddress\",\"streetAddress\":\"san antonio 4\",\"postalCode\":\"33430\",\"addressLocality\":\"Cand\\u00e1s\",\"addressRegion\":\"Asturias\",\"addressCountry\":\"ES\"}},{\"@type\":\"Person\",\"@id\":\"https:\\\/\\\/www.eldigitaldeasturias.com\\\/noticias\\\/author\\\/admin\\\/#author\",\"url\":\"https:\\\/\\\/www.eldigitaldeasturias.com\\\/noticias\\\/author\\\/admin\\\/\",\"name\":\"El Digital de Asturias\",\"image\":{\"@type\":\"ImageObject\",\"@id\":\"https:\\\/\\\/www.eldigitaldeasturias.com\\\/noticias\\\/colombia-y-mexico-compartiran-informacion-en-la-lucha-contra-la-delincuencia\\\/#authorImage\",\"url\":\"https:\\\/\\\/secure.gravatar.com\\\/avatar\\\/df2aeffc32bcd13f8d26072ef8a91b623d677766deac7f97ca815868cd41bf5e?s=96&d=mm&r=g\",\"width\":96,\"height\":96,\"caption\":\"El Digital de Asturias\"}},{\"@type\":\"WebPage\",\"@id\":\"https:\\\/\\\/www.eldigitaldeasturias.com\\\/noticias\\\/colombia-y-mexico-compartiran-informacion-en-la-lucha-contra-la-delincuencia\\\/#webpage\",\"url\":\"https:\\\/\\\/www.eldigitaldeasturias.com\\\/noticias\\\/colombia-y-mexico-compartiran-informacion-en-la-lucha-contra-la-delincuencia\\\/\",\"name\":\"Colombia y M\\u00e9xico compartir\\u00e1n informaci\\u00f3n en la lucha contra la delincuencia - El Digital de Asturias\",\"description\":\"Cartagena (Colombia), 8 feb (EFE).- Los gobiernos de Colombia y M\\u00e9xico intercambiar\\u00e1n informaci\\u00f3n en materia de seguridad mediante una plataforma compartida para la identificaci\\u00f3n de delincuentes, seg\\u00fan acordaron hoy sus cancilleres en una reuni\\u00f3n celebrada en el marco de la VIII Cumbre de la Alianza del Pac\\u00edfico. Los cancilleres de Colombia, Mar\\u00eda \\u00c1ngela Holgu\\u00edn, y\",\"inLanguage\":\"es-ES\",\"isPartOf\":{\"@id\":\"https:\\\/\\\/www.eldigitaldeasturias.com\\\/noticias\\\/#website\"},\"breadcrumb\":{\"@id\":\"https:\\\/\\\/www.eldigitaldeasturias.com\\\/noticias\\\/colombia-y-mexico-compartiran-informacion-en-la-lucha-contra-la-delincuencia\\\/#breadcrumblist\"},\"author\":{\"@id\":\"https:\\\/\\\/www.eldigitaldeasturias.com\\\/noticias\\\/author\\\/admin\\\/#author\"},\"creator\":{\"@id\":\"https:\\\/\\\/www.eldigitaldeasturias.com\\\/noticias\\\/author\\\/admin\\\/#author\"},\"image\":{\"@type\":\"ImageObject\",\"url\":487077,\"@id\":\"https:\\\/\\\/www.eldigitaldeasturias.com\\\/noticias\\\/colombia-y-mexico-compartiran-informacion-en-la-lucha-contra-la-delincuencia\\\/#mainImage\"},\"primaryImageOfPage\":{\"@id\":\"https:\\\/\\\/www.eldigitaldeasturias.com\\\/noticias\\\/colombia-y-mexico-compartiran-informacion-en-la-lucha-contra-la-delincuencia\\\/#mainImage\"},\"datePublished\":\"2014-02-09T08:47:27+01:00\",\"dateModified\":\"2014-02-09T08:47:27+01:00\"},{\"@type\":\"WebSite\",\"@id\":\"https:\\\/\\\/www.eldigitaldeasturias.com\\\/noticias\\\/#website\",\"url\":\"https:\\\/\\\/www.eldigitaldeasturias.com\\\/noticias\\\/\",\"name\":\"El Digital de Asturias - Diario de actualidad y noticias\",\"alternateName\":\"El Digital de Asturias - Diario de actualidad y noticias\",\"description\":\"Hemeroteca\",\"inLanguage\":\"es-ES\",\"publisher\":{\"@id\":\"https:\\\/\\\/www.eldigitaldeasturias.com\\\/noticias\\\/#organization\"}}]}\n\t\t<\/script>\n\t\t<!-- All in One SEO Pro -->\r\n\t\t<title>Colombia y M\u00e9xico compartir\u00e1n informaci\u00f3n en la lucha contra la delincuencia - El Digital de Asturias<\/title>\n\n","aioseo_head_json":{"title":"Colombia y M\u00e9xico compartir\u00e1n informaci\u00f3n en la lucha contra la delincuencia - El Digital de Asturias","description":"Cartagena (Colombia), 8 feb (EFE).- Los gobiernos de Colombia y M\u00e9xico intercambiar\u00e1n informaci\u00f3n en materia de seguridad mediante una plataforma compartida para la identificaci\u00f3n de delincuentes, seg\u00fan acordaron hoy sus cancilleres en una reuni\u00f3n celebrada en el marco de la VIII Cumbre de la Alianza del Pac\u00edfico. Los cancilleres de Colombia, Mar\u00eda \u00c1ngela Holgu\u00edn, y","canonical_url":"https:\/\/www.eldigitaldeasturias.com\/noticias\/colombia-y-mexico-compartiran-informacion-en-la-lucha-contra-la-delincuencia\/","robots":"max-image-preview:large","keywords":"actualidad","webmasterTools":{"google-site-verification":"UA-38556648-1","msvalidate.01":"7dfe9f3f1b24437ab69f4f2559babe99","miscellaneous":""},"schema":{"@context":"https:\/\/schema.org","@graph":[{"@type":"BlogPosting","@id":"https:\/\/www.eldigitaldeasturias.com\/noticias\/colombia-y-mexico-compartiran-informacion-en-la-lucha-contra-la-delincuencia\/#blogposting","name":"Colombia y M\u00e9xico compartir\u00e1n informaci\u00f3n en la lucha contra la delincuencia - El Digital de Asturias","headline":"Colombia y M\u00e9xico compartir\u00e1n informaci\u00f3n en la lucha contra la delincuencia","author":{"@id":"https:\/\/www.eldigitaldeasturias.com\/noticias\/author\/admin\/#author"},"publisher":{"@id":"https:\/\/www.eldigitaldeasturias.com\/noticias\/#organization"},"image":{"@type":"ImageObject","url":487077},"datePublished":"2014-02-09T08:47:27+01:00","dateModified":"2014-02-09T08:47:27+01:00","inLanguage":"es-ES","mainEntityOfPage":{"@id":"https:\/\/www.eldigitaldeasturias.com\/noticias\/colombia-y-mexico-compartiran-informacion-en-la-lucha-contra-la-delincuencia\/#webpage"},"isPartOf":{"@id":"https:\/\/www.eldigitaldeasturias.com\/noticias\/colombia-y-mexico-compartiran-informacion-en-la-lucha-contra-la-delincuencia\/#webpage"},"articleSection":"Actualidad"},{"@type":"BreadcrumbList","@id":"https:\/\/www.eldigitaldeasturias.com\/noticias\/colombia-y-mexico-compartiran-informacion-en-la-lucha-contra-la-delincuencia\/#breadcrumblist","itemListElement":[{"@type":"ListItem","@id":"https:\/\/www.eldigitaldeasturias.com\/noticias#listItem","position":1,"name":"Home","item":"https:\/\/www.eldigitaldeasturias.com\/noticias","nextItem":{"@type":"ListItem","@id":"https:\/\/www.eldigitaldeasturias.com\/noticias\/category\/actualidad\/#listItem","name":"Actualidad"}},{"@type":"ListItem","@id":"https:\/\/www.eldigitaldeasturias.com\/noticias\/category\/actualidad\/#listItem","position":2,"name":"Actualidad","item":"https:\/\/www.eldigitaldeasturias.com\/noticias\/category\/actualidad\/","nextItem":{"@type":"ListItem","@id":"https:\/\/www.eldigitaldeasturias.com\/noticias\/colombia-y-mexico-compartiran-informacion-en-la-lucha-contra-la-delincuencia\/#listItem","name":"Colombia y M\u00e9xico compartir\u00e1n informaci\u00f3n en la lucha contra la delincuencia"},"previousItem":{"@type":"ListItem","@id":"https:\/\/www.eldigitaldeasturias.com\/noticias#listItem","name":"Home"}},{"@type":"ListItem","@id":"https:\/\/www.eldigitaldeasturias.com\/noticias\/colombia-y-mexico-compartiran-informacion-en-la-lucha-contra-la-delincuencia\/#listItem","position":3,"name":"Colombia y M\u00e9xico compartir\u00e1n informaci\u00f3n en la lucha contra la delincuencia","previousItem":{"@type":"ListItem","@id":"https:\/\/www.eldigitaldeasturias.com\/noticias\/category\/actualidad\/#listItem","name":"Actualidad"}}]},{"@type":"Organization","@id":"https:\/\/www.eldigitaldeasturias.com\/noticias\/#organization","name":"El Digital de Asturias","description":"Hemeroteca","url":"https:\/\/www.eldigitaldeasturias.com\/noticias\/","email":"info@eldigitaldeasturias.com","telephone":"+34652131393","logo":{"@type":"ImageObject","url":"https:\/\/www.eldigitaldeasturias.com\/noticias\/wp-content\/uploads\/2020\/12\/EDA.jpg","@id":"https:\/\/www.eldigitaldeasturias.com\/noticias\/colombia-y-mexico-compartiran-informacion-en-la-lucha-contra-la-delincuencia\/#organizationLogo"},"image":{"@id":"https:\/\/www.eldigitaldeasturias.com\/noticias\/colombia-y-mexico-compartiran-informacion-en-la-lucha-contra-la-delincuencia\/#organizationLogo"},"sameAs":["https:\/\/facebook.com\/eldigitaldeasturias","https:\/\/www.youtube.com\/channel\/UCZP-2wLEB9Rv6erhFmqVnvg"],"address":{"@id":"https:\/\/www.eldigitaldeasturias.com\/noticias\/#postaladdress","@type":"PostalAddress","streetAddress":"san antonio 4","postalCode":"33430","addressLocality":"Cand\u00e1s","addressRegion":"Asturias","addressCountry":"ES"}},{"@type":"Person","@id":"https:\/\/www.eldigitaldeasturias.com\/noticias\/author\/admin\/#author","url":"https:\/\/www.eldigitaldeasturias.com\/noticias\/author\/admin\/","name":"El Digital de Asturias","image":{"@type":"ImageObject","@id":"https:\/\/www.eldigitaldeasturias.com\/noticias\/colombia-y-mexico-compartiran-informacion-en-la-lucha-contra-la-delincuencia\/#authorImage","url":"https:\/\/secure.gravatar.com\/avatar\/df2aeffc32bcd13f8d26072ef8a91b623d677766deac7f97ca815868cd41bf5e?s=96&d=mm&r=g","width":96,"height":96,"caption":"El Digital de Asturias"}},{"@type":"WebPage","@id":"https:\/\/www.eldigitaldeasturias.com\/noticias\/colombia-y-mexico-compartiran-informacion-en-la-lucha-contra-la-delincuencia\/#webpage","url":"https:\/\/www.eldigitaldeasturias.com\/noticias\/colombia-y-mexico-compartiran-informacion-en-la-lucha-contra-la-delincuencia\/","name":"Colombia y M\u00e9xico compartir\u00e1n informaci\u00f3n en la lucha contra la delincuencia - El Digital de Asturias","description":"Cartagena (Colombia), 8 feb (EFE).- Los gobiernos de Colombia y M\u00e9xico intercambiar\u00e1n informaci\u00f3n en materia de seguridad mediante una plataforma compartida para la identificaci\u00f3n de delincuentes, seg\u00fan acordaron hoy sus cancilleres en una reuni\u00f3n celebrada en el marco de la VIII Cumbre de la Alianza del Pac\u00edfico. Los cancilleres de Colombia, Mar\u00eda \u00c1ngela Holgu\u00edn, y","inLanguage":"es-ES","isPartOf":{"@id":"https:\/\/www.eldigitaldeasturias.com\/noticias\/#website"},"breadcrumb":{"@id":"https:\/\/www.eldigitaldeasturias.com\/noticias\/colombia-y-mexico-compartiran-informacion-en-la-lucha-contra-la-delincuencia\/#breadcrumblist"},"author":{"@id":"https:\/\/www.eldigitaldeasturias.com\/noticias\/author\/admin\/#author"},"creator":{"@id":"https:\/\/www.eldigitaldeasturias.com\/noticias\/author\/admin\/#author"},"image":{"@type":"ImageObject","url":487077,"@id":"https:\/\/www.eldigitaldeasturias.com\/noticias\/colombia-y-mexico-compartiran-informacion-en-la-lucha-contra-la-delincuencia\/#mainImage"},"primaryImageOfPage":{"@id":"https:\/\/www.eldigitaldeasturias.com\/noticias\/colombia-y-mexico-compartiran-informacion-en-la-lucha-contra-la-delincuencia\/#mainImage"},"datePublished":"2014-02-09T08:47:27+01:00","dateModified":"2014-02-09T08:47:27+01:00"},{"@type":"WebSite","@id":"https:\/\/www.eldigitaldeasturias.com\/noticias\/#website","url":"https:\/\/www.eldigitaldeasturias.com\/noticias\/","name":"El Digital de Asturias - Diario de actualidad y noticias","alternateName":"El Digital de Asturias - Diario de actualidad y noticias","description":"Hemeroteca","inLanguage":"es-ES","publisher":{"@id":"https:\/\/www.eldigitaldeasturias.com\/noticias\/#organization"}}]},"og:locale":"es_ES","og:site_name":"El Digital de Asturias","og:type":"article","og:title":"Colombia y M\u00e9xico compartir\u00e1n informaci\u00f3n en la lucha contra la delincuencia - El Digital de Asturias","og:description":"Cartagena (Colombia), 8 feb (EFE).- Los gobiernos de Colombia y M\u00e9xico intercambiar\u00e1n informaci\u00f3n en materia de seguridad mediante una plataforma compartida para la identificaci\u00f3n de delincuentes, seg\u00fan acordaron hoy sus cancilleres en una reuni\u00f3n celebrada en el marco de la VIII Cumbre de la Alianza del Pac\u00edfico. Los cancilleres de Colombia, Mar\u00eda \u00c1ngela Holgu\u00edn, y","og:url":"https:\/\/www.eldigitaldeasturias.com\/noticias\/colombia-y-mexico-compartiran-informacion-en-la-lucha-contra-la-delincuencia\/","article:tag":["actualidad"],"article:published_time":"2014-02-09T09:47:27+00:00","article:modified_time":"2014-02-09T09:47:27+00:00","article:publisher":"https:\/\/facebook.com\/eldigitaldeasturias","twitter:card":"summary_large_image","twitter:title":"Colombia y M\u00e9xico compartir\u00e1n informaci\u00f3n en la lucha contra la delincuencia - El Digital de Asturias","twitter:description":"Cartagena (Colombia), 8 feb (EFE).- Los gobiernos de Colombia y M\u00e9xico intercambiar\u00e1n informaci\u00f3n en materia de seguridad mediante una plataforma compartida para la identificaci\u00f3n de delincuentes, seg\u00fan acordaron hoy sus cancilleres en una reuni\u00f3n celebrada en el marco de la VIII Cumbre de la Alianza del Pac\u00edfico. Los cancilleres de Colombia, Mar\u00eda \u00c1ngela Holgu\u00edn, y","twitter:label1":"Escrito por","twitter:data1":"El Digital de Asturias","twitter:label2":"Tiempo de lectura estimado","twitter:data2":"3 minutos"},"aioseo_meta_data":{"post_id":"487076","title":null,"description":null,"keywords":null,"keyphrases":null,"primary_term":null,"canonical_url":null,"og_title":null,"og_description":null,"og_object_type":"default","og_image_type":"default","og_image_url":null,"og_image_width":null,"og_image_height":null,"og_image_custom_url":null,"og_image_custom_fields":null,"og_video":null,"og_custom_url":null,"og_article_section":null,"og_article_tags":null,"twitter_use_og":true,"twitter_card":"default","twitter_image_type":"default","twitter_image_url":null,"twitter_image_custom_url":null,"twitter_image_custom_fields":null,"twitter_title":null,"twitter_description":null,"schema":{"blockGraphs":[],"customGraphs":[],"default":{"data":{"Article":[],"Course":[],"Dataset":[],"FAQPage":[],"Movie":[],"Person":[],"Product":[],"ProductReview":[],"Car":[],"Recipe":[],"Service":[],"SoftwareApplication":[],"WebPage":[]},"graphName":"","isEnabled":true},"graphs":[],"defaultGraph":"","defaultPostTypeGraph":""},"schema_type":null,"schema_type_options":null,"pillar_content":false,"robots_default":true,"robots_noindex":false,"robots_noarchive":false,"robots_nosnippet":false,"robots_nofollow":false,"robots_noimageindex":false,"robots_noodp":false,"robots_notranslate":false,"robots_max_snippet":null,"robots_max_videopreview":null,"robots_max_imagepreview":"none","priority":null,"frequency":null,"local_seo":null,"seo_analyzer_scan_date":"2026-06-03 03:31:57","breadcrumb_settings":null,"limit_modified_date":false,"open_ai":null,"ai":null,"created":"2020-11-14 22:56:19","updated":"2026-06-03 03:31:57","focus_keyword":null,"additional_keywords":null,"truseo_locale":null},"aioseo_breadcrumb":"<div class=\"aioseo-breadcrumbs\"><span class=\"aioseo-breadcrumb\">\n\t<a href=\"https:\/\/www.eldigitaldeasturias.com\/noticias\" title=\"Home\">Home<\/a>\n<\/span><span class=\"aioseo-breadcrumb-separator\">\u2013<\/span><span class=\"aioseo-breadcrumb\">\n\t<a href=\"https:\/\/www.eldigitaldeasturias.com\/noticias\/category\/actualidad\/\" title=\"Actualidad\">Actualidad<\/a>\n<\/span><span class=\"aioseo-breadcrumb-separator\">\u2013<\/span><span class=\"aioseo-breadcrumb\">\n\t<a href=\"https:\/\/www.eldigitaldeasturias.com\/noticias\/colombia-y-mexico-compartiran-informacion-en-la-lucha-contra-la-delincuencia\/\" title=\"Colombia y M\u00e9xico compartir\u00e1n informaci\u00f3n en la lucha contra la delincuencia\">Colombia y M\u00e9xico compartir\u00e1n informaci\u00f3n en la lucha contra la delincuencia<\/a>\n<\/span><\/div>","aioseo_breadcrumb_json":[{"label":"Home","link":"https:\/\/www.eldigitaldeasturias.com\/noticias"},{"label":"Actualidad","link":"https:\/\/www.eldigitaldeasturias.com\/noticias\/category\/actualidad\/"},{"label":"Colombia y M\u00e9xico compartir\u00e1n informaci\u00f3n en la lucha contra la delincuencia","link":"https:\/\/www.eldigitaldeasturias.com\/noticias\/colombia-y-mexico-compartiran-informacion-en-la-lucha-contra-la-delincuencia\/"}],"_links":{"self":[{"href":"https:\/\/www.eldigitaldeasturias.com\/noticias\/wp-json\/wp\/v2\/posts\/487076","targetHints":{"allow":["GET"]}}],"collection":[{"href":"https:\/\/www.eldigitaldeasturias.com\/noticias\/wp-json\/wp\/v2\/posts"}],"about":[{"href":"https:\/\/www.eldigitaldeasturias.com\/noticias\/wp-json\/wp\/v2\/types\/post"}],"author":[{"embeddable":true,"href":"https:\/\/www.eldigitaldeasturias.com\/noticias\/wp-json\/wp\/v2\/users\/1"}],"replies":[{"embeddable":true,"href":"https:\/\/www.eldigitaldeasturias.com\/noticias\/wp-json\/wp\/v2\/comments?post=487076"}],"version-history":[{"count":0,"href":"https:\/\/www.eldigitaldeasturias.com\/noticias\/wp-json\/wp\/v2\/posts\/487076\/revisions"}],"wp:attachment":[{"href":"https:\/\/www.eldigitaldeasturias.com\/noticias\/wp-json\/wp\/v2\/media?parent=487076"}],"wp:term":[{"taxonomy":"category","embeddable":true,"href":"https:\/\/www.eldigitaldeasturias.com\/noticias\/wp-json\/wp\/v2\/categories?post=487076"},{"taxonomy":"post_tag","embeddable":true,"href":"https:\/\/www.eldigitaldeasturias.com\/noticias\/wp-json\/wp\/v2\/tags?post=487076"}],"curies":[{"name":"wp","href":"https:\/\/api.w.org\/{rel}","templated":true}]}}