{"id":487066,"date":"2014-02-09T08:41:41","date_gmt":"2014-02-09T09:41:41","guid":{"rendered":"http:\/\/www.eldigitaldeasturias.com\/noticias\/?p=487066"},"modified":"2014-02-09T08:41:41","modified_gmt":"2014-02-09T09:41:41","slug":"alianza-del-pacifico-marcara-un-hito-en-la-integracion-con-la-eliminacion-de-los-aranceles","status":"publish","type":"post","link":"https:\/\/www.eldigitaldeasturias.com\/noticias\/alianza-del-pacifico-marcara-un-hito-en-la-integracion-con-la-eliminacion-de-los-aranceles\/","title":{"rendered":"Alianza del Pac\u00edfico marcar\u00e1 un hito en la integraci\u00f3n con la eliminaci\u00f3n de los aranceles"},"content":{"rendered":"<p><img loading=\"lazy\" decoding=\"async\" class=\"alignleft size-medium wp-image-487067\" alt=\"5924548w\" src=\"https:\/\/www.eldigitaldeasturias.com\/noticias\/wp-content\/uploads\/2014\/02\/5924548w-360x233.jpg\" width=\"360\" height=\"233\" \/>Cartagena (Colombia), 8 feb (EFE).- La VIII Cumbre de la Alianza del Pac\u00edfico, que se celebrar\u00e1 el pr\u00f3ximo lunes en la ciudad colombiana de Cartagena, marcar\u00e1 un hito en la integraci\u00f3n regional con la firma del protocolo que desgravar\u00e1 el 92 % del comercio entre Chile, Colombia, M\u00e9xico y Per\u00fa, dijeron hoy fuentes oficiales.<\/p>\n<p>Los viceministros de Relaciones Exteriores y de Comercio Exterior de los cuatro pa\u00edses, que forman el Grupo de Alto Nivel (GAN) de la Alianza, se reunieron hoy en Cartagena para analizar los documentos que ser\u00e1n firmados por los presidentes, previa aprobaci\u00f3n de los ministros en una reuni\u00f3n que mantendr\u00e1n ma\u00f1ana.<\/p>\n<p>\u00abHemos avanzado de manera significativa y el d\u00eda lunes vamos a tener resultados importantes en este proceso de la Cumbre de la Alianza del Pac\u00edfico. En las anteriores hemos tenido hitos importantes y esta cumbre de Cartagena no va a ser la excepci\u00f3n\u00bb, dijo a periodistas el viceministro de Asuntos Multilaterales de la canciller\u00eda colombiana, Carlos Arturo Morales.<\/p>\n<p>Entre los temas abordados por el GAN est\u00e1 la declaraci\u00f3n final de la cumbre, que los presidentes firmar\u00e1n el lunes junto con el Protocolo Adicional al Acuerdo Marco de la Alianza, que elimina los aranceles al 92 % de los productos comercializados entre los pa\u00edses del bloque.<\/p>\n<p>La firma de ese protocolo es una prueba del dinamismo de la Alianza del Pac\u00edfico, que s\u00f3lo 20 meses despu\u00e9s de su creaci\u00f3n en la cumbre de Cerro Paranal (Chile), en junio de 2012, logra liberalizar casi la totalidad del comercio entre sus socios, tarea que en otros mecanismos regionales de integraci\u00f3n no se ha logrado en d\u00e9cadas.<\/p>\n<p>Los viceministros que forman el Grupo de Alto Nivel tambi\u00e9n analizaron la adhesi\u00f3n de Costa Rica como miembro pleno de la Alianza, que ser\u00e1 firmada el lunes por la presidenta de ese pa\u00eds, Laura Chinchilla, en la que probablemente sea su \u00faltima participaci\u00f3n en una cumbre pues entregar\u00e1 el poder a su sucesor en mayo pr\u00f3ximo.<\/p>\n<p>Igualmente abordaron las relaciones exteriores del bloque, en particular con los 25 pa\u00edses observadores, entre los que se cuentan grandes econom\u00edas como Estados Unidos, China, Jap\u00f3n, Reino Unido, Francia, Alemania, Espa\u00f1a, Australia, Corea del Sur y varios pa\u00edses latinoamericanos.<\/p>\n<p>La integraci\u00f3n comercial que marca el norte de la Alianza del Pac\u00edfico se complementa con acuerdos de tipo pol\u00edtico como el anunciado hoy por Colombia y Chile para ampliar el uso compartido de embajadas.<\/p>\n<p>En una rueda de prensa conjunta, la canciller colombiana, Mar\u00eda \u00c1ngela Holgu\u00edn, y su hom\u00f3logo chileno, Alfredo Moreno, anunciaron un acuerdo para compartir la embajada que Colombia abrir\u00e1 en Bak\u00fa, capital de Azerbaiy\u00e1n, y la misi\u00f3n de Chile ante la Organizaci\u00f3n para la Cooperaci\u00f3n y el Desarrollo Econ\u00f3mico (OCDE), en Par\u00eds, a la cual aspira a ingresar el pa\u00eds cafetero.<\/p>\n<p>\u00abAhora Colombia le ha propuesto a Chile que comparti\u00e9ramos en Azerbaiy\u00e1n, de manera que estamos abriendo una embajada en Bak\u00fa. Y la contraprestaci\u00f3n de Chile es un espacio en su embajada en Par\u00eds, ante la OCDE\u00bb, manifest\u00f3 la ministra Holgu\u00edn.<\/p>\n<p>Estas sedes diplom\u00e1ticas se sumar\u00e1n a las embajadas que ya comparten los cuatro pa\u00edses de la Alianza, como la de Ghana, y a las conjuntas de Colombia y Chile en Marruecos y Argelia.<\/p>\n<p>Mientras los viceministros del GAN dan los \u00faltimos toques a los documentos que firmar\u00e1n el lunes los presidentes en la cumbre, los jefes de Estado comienzan a llegar a esta ciudad del caribe colombiano.<\/p>\n<p>Adem\u00e1s del presidente colombiano, Juan Manuel Santos, que en su condici\u00f3n de anfitri\u00f3n se traslad\u00f3 a Cartagena, tambi\u00e9n est\u00e1 ya en la ciudad su hom\u00f3logo chileno, Sebasti\u00e1n Pi\u00f1era, que lleg\u00f3 el viernes por la noche.<\/p>\n<p>Pi\u00f1era, que en su mandato forj\u00f3 una estrecha amistad con Santos, descansar\u00e1 el fin de semana en la \u00abCiudad Heroica\u00bb y el lunes asistir\u00e1 a la que ser\u00e1 su despedida de las cumbres pues el pr\u00f3ximo 11 de marzo entregar\u00e1 el poder a la presidenta electa, Michelle Bachelet.<\/p>\n<p>Los otros jefes de Estado participantes, el mexicano Enrique Pe\u00f1a Nieto, y el peruano Ollanta Humala, tienen previsto llegar a lo largo del domingo, mientras que la costarricense Chinchilla lo har\u00e1 el lunes.<\/p>\n","protected":false},"excerpt":{"rendered":"<p>Cartagena (Colombia), 8 feb (EFE).- La VIII Cumbre de la Alianza del Pac\u00edfico, que se celebrar\u00e1 el pr\u00f3ximo lunes en la ciudad colombiana de Cartagena, marcar\u00e1 un hito en la integraci\u00f3n regional con la firma del protocolo que desgravar\u00e1 el 92 % del comercio entre Chile, Colombia, M\u00e9xico y Per\u00fa, dijeron hoy fuentes oficiales. Los [&hellip;]<\/p>\n","protected":false},"author":1,"featured_media":487067,"comment_status":"open","ping_status":"open","sticky":false,"template":"","format":"standard","meta":{"footnotes":""},"categories":[1],"tags":[],"class_list":["post-487066","post","type-post","status-publish","format-standard","has-post-thumbnail","hentry","category-actualidad"],"aioseo_notices":[],"aioseo_head":"\n\t\t<!-- All in One SEO Pro 5.0.1 - aioseo.com -->\n\t<meta name=\"description\" content=\"Cartagena (Colombia), 8 feb (EFE).- La VIII Cumbre de la Alianza del Pac\u00edfico, que se celebrar\u00e1 el pr\u00f3ximo lunes en la ciudad colombiana de Cartagena, marcar\u00e1 un hito en la integraci\u00f3n regional con la firma del protocolo que desgravar\u00e1 el 92 % del comercio entre Chile, Colombia, M\u00e9xico y Per\u00fa, dijeron hoy fuentes oficiales. Los\" \/>\n\t<meta name=\"robots\" content=\"max-image-preview:large\" \/>\n\t<meta name=\"author\" content=\"El Digital de Asturias\"\/>\n\t<meta name=\"google-site-verification\" content=\"UA-38556648-1\" \/>\n\t<meta name=\"msvalidate.01\" content=\"7dfe9f3f1b24437ab69f4f2559babe99\" \/>\n\t<meta name=\"keywords\" content=\"actualidad\" \/>\n\t<link rel=\"canonical\" href=\"https:\/\/www.eldigitaldeasturias.com\/noticias\/alianza-del-pacifico-marcara-un-hito-en-la-integracion-con-la-eliminacion-de-los-aranceles\/\" \/>\n\t<meta name=\"generator\" content=\"All in One SEO Pro (AIOSEO) 5.0.1\" \/>\n\t\t<meta property=\"og:locale\" content=\"es_ES\" \/>\n\t\t<meta property=\"og:site_name\" content=\"El Digital de Asturias\" \/>\n\t\t<meta property=\"og:type\" content=\"article\" \/>\n\t\t<meta property=\"og:title\" content=\"Alianza del Pac\u00edfico marcar\u00e1 un hito en la integraci\u00f3n con la eliminaci\u00f3n de los aranceles - El Digital de Asturias\" \/>\n\t\t<meta property=\"og:description\" content=\"Cartagena (Colombia), 8 feb (EFE).- La VIII Cumbre de la Alianza del Pac\u00edfico, que se celebrar\u00e1 el pr\u00f3ximo lunes en la ciudad colombiana de Cartagena, marcar\u00e1 un hito en la integraci\u00f3n regional con la firma del protocolo que desgravar\u00e1 el 92 % del comercio entre Chile, Colombia, M\u00e9xico y Per\u00fa, dijeron hoy fuentes oficiales. Los\" \/>\n\t\t<meta property=\"og:url\" content=\"https:\/\/www.eldigitaldeasturias.com\/noticias\/alianza-del-pacifico-marcara-un-hito-en-la-integracion-con-la-eliminacion-de-los-aranceles\/\" \/>\n\t\t<meta property=\"article:tag\" content=\"actualidad\" \/>\n\t\t<meta property=\"article:published_time\" content=\"2014-02-09T09:41:41+00:00\" \/>\n\t\t<meta property=\"article:modified_time\" content=\"2014-02-09T09:41:41+00:00\" \/>\n\t\t<meta property=\"article:publisher\" content=\"https:\/\/facebook.com\/eldigitaldeasturias\" \/>\n\t\t<meta name=\"twitter:card\" content=\"summary_large_image\" \/>\n\t\t<meta name=\"twitter:title\" content=\"Alianza del Pac\u00edfico marcar\u00e1 un hito en la integraci\u00f3n con la eliminaci\u00f3n de los aranceles - El Digital de Asturias\" \/>\n\t\t<meta name=\"twitter:description\" content=\"Cartagena (Colombia), 8 feb (EFE).- La VIII Cumbre de la Alianza del Pac\u00edfico, que se celebrar\u00e1 el pr\u00f3ximo lunes en la ciudad colombiana de Cartagena, marcar\u00e1 un hito en la integraci\u00f3n regional con la firma del protocolo que desgravar\u00e1 el 92 % del comercio entre Chile, Colombia, M\u00e9xico y Per\u00fa, dijeron hoy fuentes oficiales. Los\" \/>\n\t\t<meta name=\"twitter:label1\" content=\"Escrito por\" \/>\n\t\t<meta name=\"twitter:data1\" content=\"El Digital de Asturias\" \/>\n\t\t<meta name=\"twitter:label2\" content=\"Tiempo de lectura estimado\" \/>\n\t\t<meta name=\"twitter:data2\" content=\"4 minutos\" \/>\n\t\t<script type=\"application\/ld+json\" class=\"aioseo-schema\">\n\t\t\t{\"@context\":\"https:\\\/\\\/schema.org\",\"@graph\":[{\"@type\":\"BlogPosting\",\"@id\":\"https:\\\/\\\/www.eldigitaldeasturias.com\\\/noticias\\\/alianza-del-pacifico-marcara-un-hito-en-la-integracion-con-la-eliminacion-de-los-aranceles\\\/#blogposting\",\"name\":\"Alianza del Pac\\u00edfico marcar\\u00e1 un hito en la integraci\\u00f3n con la eliminaci\\u00f3n de los aranceles - El Digital de Asturias\",\"headline\":\"Alianza del Pac\\u00edfico marcar\\u00e1 un hito en la integraci\\u00f3n con la eliminaci\\u00f3n de los aranceles\",\"author\":{\"@id\":\"https:\\\/\\\/www.eldigitaldeasturias.com\\\/noticias\\\/author\\\/admin\\\/#author\"},\"publisher\":{\"@id\":\"https:\\\/\\\/www.eldigitaldeasturias.com\\\/noticias\\\/#organization\"},\"image\":{\"@type\":\"ImageObject\",\"url\":487067},\"datePublished\":\"2014-02-09T08:41:41+01:00\",\"dateModified\":\"2014-02-09T08:41:41+01:00\",\"inLanguage\":\"es-ES\",\"mainEntityOfPage\":{\"@id\":\"https:\\\/\\\/www.eldigitaldeasturias.com\\\/noticias\\\/alianza-del-pacifico-marcara-un-hito-en-la-integracion-con-la-eliminacion-de-los-aranceles\\\/#webpage\"},\"isPartOf\":{\"@id\":\"https:\\\/\\\/www.eldigitaldeasturias.com\\\/noticias\\\/alianza-del-pacifico-marcara-un-hito-en-la-integracion-con-la-eliminacion-de-los-aranceles\\\/#webpage\"},\"articleSection\":\"Actualidad\"},{\"@type\":\"BreadcrumbList\",\"@id\":\"https:\\\/\\\/www.eldigitaldeasturias.com\\\/noticias\\\/alianza-del-pacifico-marcara-un-hito-en-la-integracion-con-la-eliminacion-de-los-aranceles\\\/#breadcrumblist\",\"itemListElement\":[{\"@type\":\"ListItem\",\"@id\":\"https:\\\/\\\/www.eldigitaldeasturias.com\\\/noticias#listItem\",\"position\":1,\"name\":\"Home\",\"item\":\"https:\\\/\\\/www.eldigitaldeasturias.com\\\/noticias\",\"nextItem\":{\"@type\":\"ListItem\",\"@id\":\"https:\\\/\\\/www.eldigitaldeasturias.com\\\/noticias\\\/category\\\/actualidad\\\/#listItem\",\"name\":\"Actualidad\"}},{\"@type\":\"ListItem\",\"@id\":\"https:\\\/\\\/www.eldigitaldeasturias.com\\\/noticias\\\/category\\\/actualidad\\\/#listItem\",\"position\":2,\"name\":\"Actualidad\",\"item\":\"https:\\\/\\\/www.eldigitaldeasturias.com\\\/noticias\\\/category\\\/actualidad\\\/\",\"nextItem\":{\"@type\":\"ListItem\",\"@id\":\"https:\\\/\\\/www.eldigitaldeasturias.com\\\/noticias\\\/alianza-del-pacifico-marcara-un-hito-en-la-integracion-con-la-eliminacion-de-los-aranceles\\\/#listItem\",\"name\":\"Alianza del Pac\\u00edfico marcar\\u00e1 un hito en la integraci\\u00f3n con la eliminaci\\u00f3n de los aranceles\"},\"previousItem\":{\"@type\":\"ListItem\",\"@id\":\"https:\\\/\\\/www.eldigitaldeasturias.com\\\/noticias#listItem\",\"name\":\"Home\"}},{\"@type\":\"ListItem\",\"@id\":\"https:\\\/\\\/www.eldigitaldeasturias.com\\\/noticias\\\/alianza-del-pacifico-marcara-un-hito-en-la-integracion-con-la-eliminacion-de-los-aranceles\\\/#listItem\",\"position\":3,\"name\":\"Alianza del Pac\\u00edfico marcar\\u00e1 un hito en la integraci\\u00f3n con la eliminaci\\u00f3n de los aranceles\",\"previousItem\":{\"@type\":\"ListItem\",\"@id\":\"https:\\\/\\\/www.eldigitaldeasturias.com\\\/noticias\\\/category\\\/actualidad\\\/#listItem\",\"name\":\"Actualidad\"}}]},{\"@type\":\"Organization\",\"@id\":\"https:\\\/\\\/www.eldigitaldeasturias.com\\\/noticias\\\/#organization\",\"name\":\"El Digital de Asturias\",\"description\":\"Hemeroteca\",\"url\":\"https:\\\/\\\/www.eldigitaldeasturias.com\\\/noticias\\\/\",\"email\":\"info@eldigitaldeasturias.com\",\"telephone\":\"+34652131393\",\"logo\":{\"@type\":\"ImageObject\",\"url\":\"https:\\\/\\\/www.eldigitaldeasturias.com\\\/noticias\\\/wp-content\\\/uploads\\\/2020\\\/12\\\/EDA.jpg\",\"@id\":\"https:\\\/\\\/www.eldigitaldeasturias.com\\\/noticias\\\/alianza-del-pacifico-marcara-un-hito-en-la-integracion-con-la-eliminacion-de-los-aranceles\\\/#organizationLogo\"},\"image\":{\"@id\":\"https:\\\/\\\/www.eldigitaldeasturias.com\\\/noticias\\\/alianza-del-pacifico-marcara-un-hito-en-la-integracion-con-la-eliminacion-de-los-aranceles\\\/#organizationLogo\"},\"sameAs\":[\"https:\\\/\\\/facebook.com\\\/eldigitaldeasturias\",\"https:\\\/\\\/www.youtube.com\\\/channel\\\/UCZP-2wLEB9Rv6erhFmqVnvg\"],\"address\":{\"@id\":\"https:\\\/\\\/www.eldigitaldeasturias.com\\\/noticias\\\/#postaladdress\",\"@type\":\"PostalAddress\",\"streetAddress\":\"san antonio 4\",\"postalCode\":\"33430\",\"addressLocality\":\"Cand\\u00e1s\",\"addressRegion\":\"Asturias\",\"addressCountry\":\"ES\"}},{\"@type\":\"Person\",\"@id\":\"https:\\\/\\\/www.eldigitaldeasturias.com\\\/noticias\\\/author\\\/admin\\\/#author\",\"url\":\"https:\\\/\\\/www.eldigitaldeasturias.com\\\/noticias\\\/author\\\/admin\\\/\",\"name\":\"El Digital de Asturias\",\"image\":{\"@type\":\"ImageObject\",\"@id\":\"https:\\\/\\\/www.eldigitaldeasturias.com\\\/noticias\\\/alianza-del-pacifico-marcara-un-hito-en-la-integracion-con-la-eliminacion-de-los-aranceles\\\/#authorImage\",\"url\":\"https:\\\/\\\/secure.gravatar.com\\\/avatar\\\/df2aeffc32bcd13f8d26072ef8a91b623d677766deac7f97ca815868cd41bf5e?s=96&d=mm&r=g\",\"width\":96,\"height\":96,\"caption\":\"El Digital de Asturias\"}},{\"@type\":\"WebPage\",\"@id\":\"https:\\\/\\\/www.eldigitaldeasturias.com\\\/noticias\\\/alianza-del-pacifico-marcara-un-hito-en-la-integracion-con-la-eliminacion-de-los-aranceles\\\/#webpage\",\"url\":\"https:\\\/\\\/www.eldigitaldeasturias.com\\\/noticias\\\/alianza-del-pacifico-marcara-un-hito-en-la-integracion-con-la-eliminacion-de-los-aranceles\\\/\",\"name\":\"Alianza del Pac\\u00edfico marcar\\u00e1 un hito en la integraci\\u00f3n con la eliminaci\\u00f3n de los aranceles - El Digital de Asturias\",\"description\":\"Cartagena (Colombia), 8 feb (EFE).- La VIII Cumbre de la Alianza del Pac\\u00edfico, que se celebrar\\u00e1 el pr\\u00f3ximo lunes en la ciudad colombiana de Cartagena, marcar\\u00e1 un hito en la integraci\\u00f3n regional con la firma del protocolo que desgravar\\u00e1 el 92 % del comercio entre Chile, Colombia, M\\u00e9xico y Per\\u00fa, dijeron hoy fuentes oficiales. Los\",\"inLanguage\":\"es-ES\",\"isPartOf\":{\"@id\":\"https:\\\/\\\/www.eldigitaldeasturias.com\\\/noticias\\\/#website\"},\"breadcrumb\":{\"@id\":\"https:\\\/\\\/www.eldigitaldeasturias.com\\\/noticias\\\/alianza-del-pacifico-marcara-un-hito-en-la-integracion-con-la-eliminacion-de-los-aranceles\\\/#breadcrumblist\"},\"author\":{\"@id\":\"https:\\\/\\\/www.eldigitaldeasturias.com\\\/noticias\\\/author\\\/admin\\\/#author\"},\"creator\":{\"@id\":\"https:\\\/\\\/www.eldigitaldeasturias.com\\\/noticias\\\/author\\\/admin\\\/#author\"},\"image\":{\"@type\":\"ImageObject\",\"url\":487067,\"@id\":\"https:\\\/\\\/www.eldigitaldeasturias.com\\\/noticias\\\/alianza-del-pacifico-marcara-un-hito-en-la-integracion-con-la-eliminacion-de-los-aranceles\\\/#mainImage\"},\"primaryImageOfPage\":{\"@id\":\"https:\\\/\\\/www.eldigitaldeasturias.com\\\/noticias\\\/alianza-del-pacifico-marcara-un-hito-en-la-integracion-con-la-eliminacion-de-los-aranceles\\\/#mainImage\"},\"datePublished\":\"2014-02-09T08:41:41+01:00\",\"dateModified\":\"2014-02-09T08:41:41+01:00\"},{\"@type\":\"WebSite\",\"@id\":\"https:\\\/\\\/www.eldigitaldeasturias.com\\\/noticias\\\/#website\",\"url\":\"https:\\\/\\\/www.eldigitaldeasturias.com\\\/noticias\\\/\",\"name\":\"El Digital de Asturias - Diario de actualidad y noticias\",\"alternateName\":\"El Digital de Asturias - Diario de actualidad y noticias\",\"description\":\"Hemeroteca\",\"inLanguage\":\"es-ES\",\"publisher\":{\"@id\":\"https:\\\/\\\/www.eldigitaldeasturias.com\\\/noticias\\\/#organization\"}}]}\n\t\t<\/script>\n\t\t<!-- All in One SEO Pro -->\r\n\t\t<title>Alianza del Pac\u00edfico marcar\u00e1 un hito en la integraci\u00f3n con la eliminaci\u00f3n de los aranceles - El Digital de Asturias<\/title>\n\n","aioseo_head_json":{"title":"Alianza del Pac\u00edfico marcar\u00e1 un hito en la integraci\u00f3n con la eliminaci\u00f3n de los aranceles - El Digital de Asturias","description":"Cartagena (Colombia), 8 feb (EFE).- La VIII Cumbre de la Alianza del Pac\u00edfico, que se celebrar\u00e1 el pr\u00f3ximo lunes en la ciudad colombiana de Cartagena, marcar\u00e1 un hito en la integraci\u00f3n regional con la firma del protocolo que desgravar\u00e1 el 92 % del comercio entre Chile, Colombia, M\u00e9xico y Per\u00fa, dijeron hoy fuentes oficiales. Los","canonical_url":"https:\/\/www.eldigitaldeasturias.com\/noticias\/alianza-del-pacifico-marcara-un-hito-en-la-integracion-con-la-eliminacion-de-los-aranceles\/","robots":"max-image-preview:large","keywords":"actualidad","webmasterTools":{"google-site-verification":"UA-38556648-1","msvalidate.01":"7dfe9f3f1b24437ab69f4f2559babe99","miscellaneous":""},"schema":{"@context":"https:\/\/schema.org","@graph":[{"@type":"BlogPosting","@id":"https:\/\/www.eldigitaldeasturias.com\/noticias\/alianza-del-pacifico-marcara-un-hito-en-la-integracion-con-la-eliminacion-de-los-aranceles\/#blogposting","name":"Alianza del Pac\u00edfico marcar\u00e1 un hito en la integraci\u00f3n con la eliminaci\u00f3n de los aranceles - El Digital de Asturias","headline":"Alianza del Pac\u00edfico marcar\u00e1 un hito en la integraci\u00f3n con la eliminaci\u00f3n de los aranceles","author":{"@id":"https:\/\/www.eldigitaldeasturias.com\/noticias\/author\/admin\/#author"},"publisher":{"@id":"https:\/\/www.eldigitaldeasturias.com\/noticias\/#organization"},"image":{"@type":"ImageObject","url":487067},"datePublished":"2014-02-09T08:41:41+01:00","dateModified":"2014-02-09T08:41:41+01:00","inLanguage":"es-ES","mainEntityOfPage":{"@id":"https:\/\/www.eldigitaldeasturias.com\/noticias\/alianza-del-pacifico-marcara-un-hito-en-la-integracion-con-la-eliminacion-de-los-aranceles\/#webpage"},"isPartOf":{"@id":"https:\/\/www.eldigitaldeasturias.com\/noticias\/alianza-del-pacifico-marcara-un-hito-en-la-integracion-con-la-eliminacion-de-los-aranceles\/#webpage"},"articleSection":"Actualidad"},{"@type":"BreadcrumbList","@id":"https:\/\/www.eldigitaldeasturias.com\/noticias\/alianza-del-pacifico-marcara-un-hito-en-la-integracion-con-la-eliminacion-de-los-aranceles\/#breadcrumblist","itemListElement":[{"@type":"ListItem","@id":"https:\/\/www.eldigitaldeasturias.com\/noticias#listItem","position":1,"name":"Home","item":"https:\/\/www.eldigitaldeasturias.com\/noticias","nextItem":{"@type":"ListItem","@id":"https:\/\/www.eldigitaldeasturias.com\/noticias\/category\/actualidad\/#listItem","name":"Actualidad"}},{"@type":"ListItem","@id":"https:\/\/www.eldigitaldeasturias.com\/noticias\/category\/actualidad\/#listItem","position":2,"name":"Actualidad","item":"https:\/\/www.eldigitaldeasturias.com\/noticias\/category\/actualidad\/","nextItem":{"@type":"ListItem","@id":"https:\/\/www.eldigitaldeasturias.com\/noticias\/alianza-del-pacifico-marcara-un-hito-en-la-integracion-con-la-eliminacion-de-los-aranceles\/#listItem","name":"Alianza del Pac\u00edfico marcar\u00e1 un hito en la integraci\u00f3n con la eliminaci\u00f3n de los aranceles"},"previousItem":{"@type":"ListItem","@id":"https:\/\/www.eldigitaldeasturias.com\/noticias#listItem","name":"Home"}},{"@type":"ListItem","@id":"https:\/\/www.eldigitaldeasturias.com\/noticias\/alianza-del-pacifico-marcara-un-hito-en-la-integracion-con-la-eliminacion-de-los-aranceles\/#listItem","position":3,"name":"Alianza del Pac\u00edfico marcar\u00e1 un hito en la integraci\u00f3n con la eliminaci\u00f3n de los aranceles","previousItem":{"@type":"ListItem","@id":"https:\/\/www.eldigitaldeasturias.com\/noticias\/category\/actualidad\/#listItem","name":"Actualidad"}}]},{"@type":"Organization","@id":"https:\/\/www.eldigitaldeasturias.com\/noticias\/#organization","name":"El Digital de Asturias","description":"Hemeroteca","url":"https:\/\/www.eldigitaldeasturias.com\/noticias\/","email":"info@eldigitaldeasturias.com","telephone":"+34652131393","logo":{"@type":"ImageObject","url":"https:\/\/www.eldigitaldeasturias.com\/noticias\/wp-content\/uploads\/2020\/12\/EDA.jpg","@id":"https:\/\/www.eldigitaldeasturias.com\/noticias\/alianza-del-pacifico-marcara-un-hito-en-la-integracion-con-la-eliminacion-de-los-aranceles\/#organizationLogo"},"image":{"@id":"https:\/\/www.eldigitaldeasturias.com\/noticias\/alianza-del-pacifico-marcara-un-hito-en-la-integracion-con-la-eliminacion-de-los-aranceles\/#organizationLogo"},"sameAs":["https:\/\/facebook.com\/eldigitaldeasturias","https:\/\/www.youtube.com\/channel\/UCZP-2wLEB9Rv6erhFmqVnvg"],"address":{"@id":"https:\/\/www.eldigitaldeasturias.com\/noticias\/#postaladdress","@type":"PostalAddress","streetAddress":"san antonio 4","postalCode":"33430","addressLocality":"Cand\u00e1s","addressRegion":"Asturias","addressCountry":"ES"}},{"@type":"Person","@id":"https:\/\/www.eldigitaldeasturias.com\/noticias\/author\/admin\/#author","url":"https:\/\/www.eldigitaldeasturias.com\/noticias\/author\/admin\/","name":"El Digital de Asturias","image":{"@type":"ImageObject","@id":"https:\/\/www.eldigitaldeasturias.com\/noticias\/alianza-del-pacifico-marcara-un-hito-en-la-integracion-con-la-eliminacion-de-los-aranceles\/#authorImage","url":"https:\/\/secure.gravatar.com\/avatar\/df2aeffc32bcd13f8d26072ef8a91b623d677766deac7f97ca815868cd41bf5e?s=96&d=mm&r=g","width":96,"height":96,"caption":"El Digital de Asturias"}},{"@type":"WebPage","@id":"https:\/\/www.eldigitaldeasturias.com\/noticias\/alianza-del-pacifico-marcara-un-hito-en-la-integracion-con-la-eliminacion-de-los-aranceles\/#webpage","url":"https:\/\/www.eldigitaldeasturias.com\/noticias\/alianza-del-pacifico-marcara-un-hito-en-la-integracion-con-la-eliminacion-de-los-aranceles\/","name":"Alianza del Pac\u00edfico marcar\u00e1 un hito en la integraci\u00f3n con la eliminaci\u00f3n de los aranceles - El Digital de Asturias","description":"Cartagena (Colombia), 8 feb (EFE).- La VIII Cumbre de la Alianza del Pac\u00edfico, que se celebrar\u00e1 el pr\u00f3ximo lunes en la ciudad colombiana de Cartagena, marcar\u00e1 un hito en la integraci\u00f3n regional con la firma del protocolo que desgravar\u00e1 el 92 % del comercio entre Chile, Colombia, M\u00e9xico y Per\u00fa, dijeron hoy fuentes oficiales. Los","inLanguage":"es-ES","isPartOf":{"@id":"https:\/\/www.eldigitaldeasturias.com\/noticias\/#website"},"breadcrumb":{"@id":"https:\/\/www.eldigitaldeasturias.com\/noticias\/alianza-del-pacifico-marcara-un-hito-en-la-integracion-con-la-eliminacion-de-los-aranceles\/#breadcrumblist"},"author":{"@id":"https:\/\/www.eldigitaldeasturias.com\/noticias\/author\/admin\/#author"},"creator":{"@id":"https:\/\/www.eldigitaldeasturias.com\/noticias\/author\/admin\/#author"},"image":{"@type":"ImageObject","url":487067,"@id":"https:\/\/www.eldigitaldeasturias.com\/noticias\/alianza-del-pacifico-marcara-un-hito-en-la-integracion-con-la-eliminacion-de-los-aranceles\/#mainImage"},"primaryImageOfPage":{"@id":"https:\/\/www.eldigitaldeasturias.com\/noticias\/alianza-del-pacifico-marcara-un-hito-en-la-integracion-con-la-eliminacion-de-los-aranceles\/#mainImage"},"datePublished":"2014-02-09T08:41:41+01:00","dateModified":"2014-02-09T08:41:41+01:00"},{"@type":"WebSite","@id":"https:\/\/www.eldigitaldeasturias.com\/noticias\/#website","url":"https:\/\/www.eldigitaldeasturias.com\/noticias\/","name":"El Digital de Asturias - Diario de actualidad y noticias","alternateName":"El Digital de Asturias - Diario de actualidad y noticias","description":"Hemeroteca","inLanguage":"es-ES","publisher":{"@id":"https:\/\/www.eldigitaldeasturias.com\/noticias\/#organization"}}]},"og:locale":"es_ES","og:site_name":"El Digital de Asturias","og:type":"article","og:title":"Alianza del Pac\u00edfico marcar\u00e1 un hito en la integraci\u00f3n con la eliminaci\u00f3n de los aranceles - El Digital de Asturias","og:description":"Cartagena (Colombia), 8 feb (EFE).- La VIII Cumbre de la Alianza del Pac\u00edfico, que se celebrar\u00e1 el pr\u00f3ximo lunes en la ciudad colombiana de Cartagena, marcar\u00e1 un hito en la integraci\u00f3n regional con la firma del protocolo que desgravar\u00e1 el 92 % del comercio entre Chile, Colombia, M\u00e9xico y Per\u00fa, dijeron hoy fuentes oficiales. Los","og:url":"https:\/\/www.eldigitaldeasturias.com\/noticias\/alianza-del-pacifico-marcara-un-hito-en-la-integracion-con-la-eliminacion-de-los-aranceles\/","article:tag":["actualidad"],"article:published_time":"2014-02-09T09:41:41+00:00","article:modified_time":"2014-02-09T09:41:41+00:00","article:publisher":"https:\/\/facebook.com\/eldigitaldeasturias","twitter:card":"summary_large_image","twitter:title":"Alianza del Pac\u00edfico marcar\u00e1 un hito en la integraci\u00f3n con la eliminaci\u00f3n de los aranceles - El Digital de Asturias","twitter:description":"Cartagena (Colombia), 8 feb (EFE).- La VIII Cumbre de la Alianza del Pac\u00edfico, que se celebrar\u00e1 el pr\u00f3ximo lunes en la ciudad colombiana de Cartagena, marcar\u00e1 un hito en la integraci\u00f3n regional con la firma del protocolo que desgravar\u00e1 el 92 % del comercio entre Chile, Colombia, M\u00e9xico y Per\u00fa, dijeron hoy fuentes oficiales. Los","twitter:label1":"Escrito por","twitter:data1":"El Digital de Asturias","twitter:label2":"Tiempo de lectura estimado","twitter:data2":"4 minutos"},"aioseo_meta_data":{"post_id":"487066","title":null,"description":null,"keywords":null,"keyphrases":null,"primary_term":null,"canonical_url":null,"og_title":null,"og_description":null,"og_object_type":"default","og_image_type":"default","og_image_url":null,"og_image_width":null,"og_image_height":null,"og_image_custom_url":null,"og_image_custom_fields":null,"og_video":null,"og_custom_url":null,"og_article_section":null,"og_article_tags":null,"twitter_use_og":true,"twitter_card":"default","twitter_image_type":"default","twitter_image_url":null,"twitter_image_custom_url":null,"twitter_image_custom_fields":null,"twitter_title":null,"twitter_description":null,"schema":{"blockGraphs":[],"customGraphs":[],"default":{"data":{"Article":[],"Course":[],"Dataset":[],"FAQPage":[],"Movie":[],"Person":[],"Product":[],"ProductReview":[],"Car":[],"Recipe":[],"Service":[],"SoftwareApplication":[],"WebPage":[]},"graphName":"","isEnabled":true},"graphs":[],"defaultGraph":"","defaultPostTypeGraph":""},"schema_type":null,"schema_type_options":null,"pillar_content":false,"robots_default":true,"robots_noindex":false,"robots_noarchive":false,"robots_nosnippet":false,"robots_nofollow":false,"robots_noimageindex":false,"robots_noodp":false,"robots_notranslate":false,"robots_max_snippet":null,"robots_max_videopreview":null,"robots_max_imagepreview":"none","priority":null,"frequency":null,"local_seo":null,"seo_analyzer_scan_date":"2026-06-03 03:31:55","breadcrumb_settings":null,"limit_modified_date":false,"open_ai":null,"ai":null,"created":"2020-11-14 22:56:19","updated":"2026-06-03 03:31:55","focus_keyword":null,"additional_keywords":null,"truseo_locale":null},"aioseo_breadcrumb":"<div class=\"aioseo-breadcrumbs\"><span class=\"aioseo-breadcrumb\">\n\t<a href=\"https:\/\/www.eldigitaldeasturias.com\/noticias\" title=\"Home\">Home<\/a>\n<\/span><span class=\"aioseo-breadcrumb-separator\">\u2013<\/span><span class=\"aioseo-breadcrumb\">\n\t<a href=\"https:\/\/www.eldigitaldeasturias.com\/noticias\/category\/actualidad\/\" title=\"Actualidad\">Actualidad<\/a>\n<\/span><span class=\"aioseo-breadcrumb-separator\">\u2013<\/span><span class=\"aioseo-breadcrumb\">\n\t<a href=\"https:\/\/www.eldigitaldeasturias.com\/noticias\/alianza-del-pacifico-marcara-un-hito-en-la-integracion-con-la-eliminacion-de-los-aranceles\/\" title=\"Alianza del Pac\u00edfico marcar\u00e1 un hito en la integraci\u00f3n con la eliminaci\u00f3n de los aranceles\">Alianza del Pac\u00edfico marcar\u00e1 un hito en la integraci\u00f3n con la eliminaci\u00f3n de los aranceles<\/a>\n<\/span><\/div>","aioseo_breadcrumb_json":[{"label":"Home","link":"https:\/\/www.eldigitaldeasturias.com\/noticias"},{"label":"Actualidad","link":"https:\/\/www.eldigitaldeasturias.com\/noticias\/category\/actualidad\/"},{"label":"Alianza del Pac\u00edfico marcar\u00e1 un hito en la integraci\u00f3n con la eliminaci\u00f3n de los aranceles","link":"https:\/\/www.eldigitaldeasturias.com\/noticias\/alianza-del-pacifico-marcara-un-hito-en-la-integracion-con-la-eliminacion-de-los-aranceles\/"}],"_links":{"self":[{"href":"https:\/\/www.eldigitaldeasturias.com\/noticias\/wp-json\/wp\/v2\/posts\/487066","targetHints":{"allow":["GET"]}}],"collection":[{"href":"https:\/\/www.eldigitaldeasturias.com\/noticias\/wp-json\/wp\/v2\/posts"}],"about":[{"href":"https:\/\/www.eldigitaldeasturias.com\/noticias\/wp-json\/wp\/v2\/types\/post"}],"author":[{"embeddable":true,"href":"https:\/\/www.eldigitaldeasturias.com\/noticias\/wp-json\/wp\/v2\/users\/1"}],"replies":[{"embeddable":true,"href":"https:\/\/www.eldigitaldeasturias.com\/noticias\/wp-json\/wp\/v2\/comments?post=487066"}],"version-history":[{"count":0,"href":"https:\/\/www.eldigitaldeasturias.com\/noticias\/wp-json\/wp\/v2\/posts\/487066\/revisions"}],"wp:attachment":[{"href":"https:\/\/www.eldigitaldeasturias.com\/noticias\/wp-json\/wp\/v2\/media?parent=487066"}],"wp:term":[{"taxonomy":"category","embeddable":true,"href":"https:\/\/www.eldigitaldeasturias.com\/noticias\/wp-json\/wp\/v2\/categories?post=487066"},{"taxonomy":"post_tag","embeddable":true,"href":"https:\/\/www.eldigitaldeasturias.com\/noticias\/wp-json\/wp\/v2\/tags?post=487066"}],"curies":[{"name":"wp","href":"https:\/\/api.w.org\/{rel}","templated":true}]}}