{"id":487048,"date":"2014-02-09T00:18:06","date_gmt":"2014-02-09T01:18:06","guid":{"rendered":"http:\/\/www.eldigitaldeasturias.com\/noticias\/?p=487048"},"modified":"2014-02-09T00:18:06","modified_gmt":"2014-02-09T01:18:06","slug":"activada-la-alerta-en-las-carreteras-por-nevadas-de-hasta-20-cm-en-la-sierra-de-madrid","status":"publish","type":"post","link":"https:\/\/www.eldigitaldeasturias.com\/noticias\/activada-la-alerta-en-las-carreteras-por-nevadas-de-hasta-20-cm-en-la-sierra-de-madrid\/","title":{"rendered":"Activada la alerta en las carreteras por nevadas de hasta 20 cm en la sierra de Madrid"},"content":{"rendered":"<p><img loading=\"lazy\" decoding=\"async\" class=\"alignleft size-medium wp-image-487049\" alt=\"5924534w\" src=\"https:\/\/www.eldigitaldeasturias.com\/noticias\/wp-content\/uploads\/2014\/02\/5924534w-360x231.jpg\" width=\"360\" height=\"231\" \/>Madrid, 8 feb (EFE).- La Delegaci\u00f3n del Gobierno ha activado en su fase de Alerta el Plan de Nevadas en la Red de Carreteras del Estado a su paso por la Comunidad ante la emisi\u00f3n por la Agencia Estatal de Meteorolog\u00eda (AEMET) de un aviso de nivel Naranja para ma\u00f1ana, domingo, en la sierra madrile\u00f1a, donde se podr\u00edan acumular hasta 20 cent\u00edmetros de nieve.<\/p>\n<p>En concreto, seg\u00fan las predicciones meteorol\u00f3gicas, se esperan nevadas que podr\u00edan acumular hasta 20 cent\u00edmetros en esta zona alrededor de las doce de la ma\u00f1ana, seg\u00fan las previsiones de la Aemet.<\/p>\n<p>La Delegaci\u00f3n del Gobierno en Madrid, de acuerdo con el Protocolo de Coordinaci\u00f3n de Actuaciones, ha notificado esta previsi\u00f3n a los organismos implicados en materia de vialidad y tr\u00e1fico del Estado (Demarcaci\u00f3n de Carreteras, Guardia Civil y Centro de Gesti\u00f3n de Tr\u00e1fico de la Direcci\u00f3n General de Tr\u00e1fico), as\u00ed como a la Comunidad de Madrid y Ayuntamiento de Madrid.<\/p>\n<p>En un comunicado, la Delegaci\u00f3n ha indicado que el objetivo fundamental de la activaci\u00f3n es garantizar la m\u00e1xima fluidez posible de tr\u00e1fico en los accesos por carretera a todos los n\u00facleos urbanos de la sierra, as\u00ed como a las estaciones de tren y autob\u00fas.<\/p>\n<p>Adem\u00e1s de establecerse los necesarios dispositivos de coordinaci\u00f3n entre las instituciones, la Delegaci\u00f3n del Gobierno recomienda a los ciudadanos que utilicen el transporte p\u00fablico y que extremen las precauciones en carretera.<\/p>\n<p>El operativo del Plan de Nevadas 2013-2014 en la Red de Carreteras del Estado a su paso por la Comunidad de Madrid dispone de 144 m\u00e1quinas quitanieves distribuidas en 10 municipios, incluida la capital.<\/p>\n<p>Adem\u00e1s, tiene en reserva gran cantidad de fundentes para diluir la nieve, entre ellos, 18.504 toneladas de sal y 1.151.000 litros de salmuera (agua mezclada con sal), almacenados en silos y dep\u00f3sitos localizados en 51 puntos de la Comunidad.<\/p>\n<p>Al mismo tiempo, el Plan detalla los puntos de control para el establecimiento de restricciones a la circulaci\u00f3n y las \u00e1reas de estacionamiento obligatorio de camiones con motivo de condiciones meteorol\u00f3gicas adversas.<\/p>\n<p>En el primer caso se establecen 67 puntos de control y, en el segundo, 36 \u00e1reas que suman 32.420 plazas, distribuidas en zonas estrat\u00e9gicas de toda la Comunidad de Madrid, seg\u00fan consta en el comunicado.<\/p>\n","protected":false},"excerpt":{"rendered":"<p>Madrid, 8 feb (EFE).- La Delegaci\u00f3n del Gobierno ha activado en su fase de Alerta el Plan de Nevadas en la Red de Carreteras del Estado a su paso por la Comunidad ante la emisi\u00f3n por la Agencia Estatal de Meteorolog\u00eda (AEMET) de un aviso de nivel Naranja para ma\u00f1ana, domingo, en la sierra madrile\u00f1a, [&hellip;]<\/p>\n","protected":false},"author":1,"featured_media":487049,"comment_status":"open","ping_status":"open","sticky":false,"template":"","format":"standard","meta":{"footnotes":""},"categories":[1],"tags":[],"class_list":["post-487048","post","type-post","status-publish","format-standard","has-post-thumbnail","hentry","category-actualidad"],"aioseo_notices":[],"aioseo_head":"\n\t\t<!-- All in One SEO Pro 5.0.1 - aioseo.com -->\n\t<meta name=\"description\" content=\"Madrid, 8 feb (EFE).- La Delegaci\u00f3n del Gobierno ha activado en su fase de Alerta el Plan de Nevadas en la Red de Carreteras del Estado a su paso por la Comunidad ante la emisi\u00f3n por la Agencia Estatal de Meteorolog\u00eda (AEMET) de un aviso de nivel Naranja para ma\u00f1ana, domingo, en la sierra madrile\u00f1a,\" \/>\n\t<meta name=\"robots\" content=\"max-image-preview:large\" \/>\n\t<meta name=\"author\" content=\"El Digital de Asturias\"\/>\n\t<meta name=\"google-site-verification\" content=\"UA-38556648-1\" \/>\n\t<meta name=\"msvalidate.01\" content=\"7dfe9f3f1b24437ab69f4f2559babe99\" \/>\n\t<meta name=\"keywords\" content=\"actualidad\" \/>\n\t<link rel=\"canonical\" href=\"https:\/\/www.eldigitaldeasturias.com\/noticias\/activada-la-alerta-en-las-carreteras-por-nevadas-de-hasta-20-cm-en-la-sierra-de-madrid\/\" \/>\n\t<meta name=\"generator\" content=\"All in One SEO Pro (AIOSEO) 5.0.1\" \/>\n\t\t<meta property=\"og:locale\" content=\"es_ES\" \/>\n\t\t<meta property=\"og:site_name\" content=\"El Digital de Asturias\" \/>\n\t\t<meta property=\"og:type\" content=\"article\" \/>\n\t\t<meta property=\"og:title\" content=\"Activada la alerta en las carreteras por nevadas de hasta 20 cm en la sierra de Madrid - El Digital de Asturias\" \/>\n\t\t<meta property=\"og:description\" content=\"Madrid, 8 feb (EFE).- La Delegaci\u00f3n del Gobierno ha activado en su fase de Alerta el Plan de Nevadas en la Red de Carreteras del Estado a su paso por la Comunidad ante la emisi\u00f3n por la Agencia Estatal de Meteorolog\u00eda (AEMET) de un aviso de nivel Naranja para ma\u00f1ana, domingo, en la sierra madrile\u00f1a,\" \/>\n\t\t<meta property=\"og:url\" content=\"https:\/\/www.eldigitaldeasturias.com\/noticias\/activada-la-alerta-en-las-carreteras-por-nevadas-de-hasta-20-cm-en-la-sierra-de-madrid\/\" \/>\n\t\t<meta property=\"article:tag\" content=\"actualidad\" \/>\n\t\t<meta property=\"article:published_time\" content=\"2014-02-09T01:18:06+00:00\" \/>\n\t\t<meta property=\"article:modified_time\" content=\"2014-02-09T01:18:06+00:00\" \/>\n\t\t<meta property=\"article:publisher\" content=\"https:\/\/facebook.com\/eldigitaldeasturias\" \/>\n\t\t<meta name=\"twitter:card\" content=\"summary_large_image\" \/>\n\t\t<meta name=\"twitter:title\" content=\"Activada la alerta en las carreteras por nevadas de hasta 20 cm en la sierra de Madrid - El Digital de Asturias\" \/>\n\t\t<meta name=\"twitter:description\" content=\"Madrid, 8 feb (EFE).- La Delegaci\u00f3n del Gobierno ha activado en su fase de Alerta el Plan de Nevadas en la Red de Carreteras del Estado a su paso por la Comunidad ante la emisi\u00f3n por la Agencia Estatal de Meteorolog\u00eda (AEMET) de un aviso de nivel Naranja para ma\u00f1ana, domingo, en la sierra madrile\u00f1a,\" \/>\n\t\t<meta name=\"twitter:label1\" content=\"Escrito por\" \/>\n\t\t<meta name=\"twitter:data1\" content=\"El Digital de Asturias\" \/>\n\t\t<meta name=\"twitter:label2\" content=\"Tiempo de lectura estimado\" \/>\n\t\t<meta name=\"twitter:data2\" content=\"2 minutos\" \/>\n\t\t<script type=\"application\/ld+json\" class=\"aioseo-schema\">\n\t\t\t{\"@context\":\"https:\\\/\\\/schema.org\",\"@graph\":[{\"@type\":\"BlogPosting\",\"@id\":\"https:\\\/\\\/www.eldigitaldeasturias.com\\\/noticias\\\/activada-la-alerta-en-las-carreteras-por-nevadas-de-hasta-20-cm-en-la-sierra-de-madrid\\\/#blogposting\",\"name\":\"Activada la alerta en las carreteras por nevadas de hasta 20 cm en la sierra de Madrid - El Digital de Asturias\",\"headline\":\"Activada la alerta en las carreteras por nevadas de hasta 20 cm en la sierra de Madrid\",\"author\":{\"@id\":\"https:\\\/\\\/www.eldigitaldeasturias.com\\\/noticias\\\/author\\\/admin\\\/#author\"},\"publisher\":{\"@id\":\"https:\\\/\\\/www.eldigitaldeasturias.com\\\/noticias\\\/#organization\"},\"image\":{\"@type\":\"ImageObject\",\"url\":487049},\"datePublished\":\"2014-02-09T00:18:06+01:00\",\"dateModified\":\"2014-02-09T00:18:06+01:00\",\"inLanguage\":\"es-ES\",\"mainEntityOfPage\":{\"@id\":\"https:\\\/\\\/www.eldigitaldeasturias.com\\\/noticias\\\/activada-la-alerta-en-las-carreteras-por-nevadas-de-hasta-20-cm-en-la-sierra-de-madrid\\\/#webpage\"},\"isPartOf\":{\"@id\":\"https:\\\/\\\/www.eldigitaldeasturias.com\\\/noticias\\\/activada-la-alerta-en-las-carreteras-por-nevadas-de-hasta-20-cm-en-la-sierra-de-madrid\\\/#webpage\"},\"articleSection\":\"Actualidad\"},{\"@type\":\"BreadcrumbList\",\"@id\":\"https:\\\/\\\/www.eldigitaldeasturias.com\\\/noticias\\\/activada-la-alerta-en-las-carreteras-por-nevadas-de-hasta-20-cm-en-la-sierra-de-madrid\\\/#breadcrumblist\",\"itemListElement\":[{\"@type\":\"ListItem\",\"@id\":\"https:\\\/\\\/www.eldigitaldeasturias.com\\\/noticias#listItem\",\"position\":1,\"name\":\"Home\",\"item\":\"https:\\\/\\\/www.eldigitaldeasturias.com\\\/noticias\",\"nextItem\":{\"@type\":\"ListItem\",\"@id\":\"https:\\\/\\\/www.eldigitaldeasturias.com\\\/noticias\\\/category\\\/actualidad\\\/#listItem\",\"name\":\"Actualidad\"}},{\"@type\":\"ListItem\",\"@id\":\"https:\\\/\\\/www.eldigitaldeasturias.com\\\/noticias\\\/category\\\/actualidad\\\/#listItem\",\"position\":2,\"name\":\"Actualidad\",\"item\":\"https:\\\/\\\/www.eldigitaldeasturias.com\\\/noticias\\\/category\\\/actualidad\\\/\",\"nextItem\":{\"@type\":\"ListItem\",\"@id\":\"https:\\\/\\\/www.eldigitaldeasturias.com\\\/noticias\\\/activada-la-alerta-en-las-carreteras-por-nevadas-de-hasta-20-cm-en-la-sierra-de-madrid\\\/#listItem\",\"name\":\"Activada la alerta en las carreteras por nevadas de hasta 20 cm en la sierra de Madrid\"},\"previousItem\":{\"@type\":\"ListItem\",\"@id\":\"https:\\\/\\\/www.eldigitaldeasturias.com\\\/noticias#listItem\",\"name\":\"Home\"}},{\"@type\":\"ListItem\",\"@id\":\"https:\\\/\\\/www.eldigitaldeasturias.com\\\/noticias\\\/activada-la-alerta-en-las-carreteras-por-nevadas-de-hasta-20-cm-en-la-sierra-de-madrid\\\/#listItem\",\"position\":3,\"name\":\"Activada la alerta en las carreteras por nevadas de hasta 20 cm en la sierra de Madrid\",\"previousItem\":{\"@type\":\"ListItem\",\"@id\":\"https:\\\/\\\/www.eldigitaldeasturias.com\\\/noticias\\\/category\\\/actualidad\\\/#listItem\",\"name\":\"Actualidad\"}}]},{\"@type\":\"Organization\",\"@id\":\"https:\\\/\\\/www.eldigitaldeasturias.com\\\/noticias\\\/#organization\",\"name\":\"El Digital de Asturias\",\"description\":\"Hemeroteca\",\"url\":\"https:\\\/\\\/www.eldigitaldeasturias.com\\\/noticias\\\/\",\"email\":\"info@eldigitaldeasturias.com\",\"telephone\":\"+34652131393\",\"logo\":{\"@type\":\"ImageObject\",\"url\":\"https:\\\/\\\/www.eldigitaldeasturias.com\\\/noticias\\\/wp-content\\\/uploads\\\/2020\\\/12\\\/EDA.jpg\",\"@id\":\"https:\\\/\\\/www.eldigitaldeasturias.com\\\/noticias\\\/activada-la-alerta-en-las-carreteras-por-nevadas-de-hasta-20-cm-en-la-sierra-de-madrid\\\/#organizationLogo\"},\"image\":{\"@id\":\"https:\\\/\\\/www.eldigitaldeasturias.com\\\/noticias\\\/activada-la-alerta-en-las-carreteras-por-nevadas-de-hasta-20-cm-en-la-sierra-de-madrid\\\/#organizationLogo\"},\"sameAs\":[\"https:\\\/\\\/facebook.com\\\/eldigitaldeasturias\",\"https:\\\/\\\/www.youtube.com\\\/channel\\\/UCZP-2wLEB9Rv6erhFmqVnvg\"],\"address\":{\"@id\":\"https:\\\/\\\/www.eldigitaldeasturias.com\\\/noticias\\\/#postaladdress\",\"@type\":\"PostalAddress\",\"streetAddress\":\"san antonio 4\",\"postalCode\":\"33430\",\"addressLocality\":\"Cand\\u00e1s\",\"addressRegion\":\"Asturias\",\"addressCountry\":\"ES\"}},{\"@type\":\"Person\",\"@id\":\"https:\\\/\\\/www.eldigitaldeasturias.com\\\/noticias\\\/author\\\/admin\\\/#author\",\"url\":\"https:\\\/\\\/www.eldigitaldeasturias.com\\\/noticias\\\/author\\\/admin\\\/\",\"name\":\"El Digital de Asturias\",\"image\":{\"@type\":\"ImageObject\",\"@id\":\"https:\\\/\\\/www.eldigitaldeasturias.com\\\/noticias\\\/activada-la-alerta-en-las-carreteras-por-nevadas-de-hasta-20-cm-en-la-sierra-de-madrid\\\/#authorImage\",\"url\":\"https:\\\/\\\/secure.gravatar.com\\\/avatar\\\/df2aeffc32bcd13f8d26072ef8a91b623d677766deac7f97ca815868cd41bf5e?s=96&d=mm&r=g\",\"width\":96,\"height\":96,\"caption\":\"El Digital de Asturias\"}},{\"@type\":\"WebPage\",\"@id\":\"https:\\\/\\\/www.eldigitaldeasturias.com\\\/noticias\\\/activada-la-alerta-en-las-carreteras-por-nevadas-de-hasta-20-cm-en-la-sierra-de-madrid\\\/#webpage\",\"url\":\"https:\\\/\\\/www.eldigitaldeasturias.com\\\/noticias\\\/activada-la-alerta-en-las-carreteras-por-nevadas-de-hasta-20-cm-en-la-sierra-de-madrid\\\/\",\"name\":\"Activada la alerta en las carreteras por nevadas de hasta 20 cm en la sierra de Madrid - El Digital de Asturias\",\"description\":\"Madrid, 8 feb (EFE).- La Delegaci\\u00f3n del Gobierno ha activado en su fase de Alerta el Plan de Nevadas en la Red de Carreteras del Estado a su paso por la Comunidad ante la emisi\\u00f3n por la Agencia Estatal de Meteorolog\\u00eda (AEMET) de un aviso de nivel Naranja para ma\\u00f1ana, domingo, en la sierra madrile\\u00f1a,\",\"inLanguage\":\"es-ES\",\"isPartOf\":{\"@id\":\"https:\\\/\\\/www.eldigitaldeasturias.com\\\/noticias\\\/#website\"},\"breadcrumb\":{\"@id\":\"https:\\\/\\\/www.eldigitaldeasturias.com\\\/noticias\\\/activada-la-alerta-en-las-carreteras-por-nevadas-de-hasta-20-cm-en-la-sierra-de-madrid\\\/#breadcrumblist\"},\"author\":{\"@id\":\"https:\\\/\\\/www.eldigitaldeasturias.com\\\/noticias\\\/author\\\/admin\\\/#author\"},\"creator\":{\"@id\":\"https:\\\/\\\/www.eldigitaldeasturias.com\\\/noticias\\\/author\\\/admin\\\/#author\"},\"image\":{\"@type\":\"ImageObject\",\"url\":487049,\"@id\":\"https:\\\/\\\/www.eldigitaldeasturias.com\\\/noticias\\\/activada-la-alerta-en-las-carreteras-por-nevadas-de-hasta-20-cm-en-la-sierra-de-madrid\\\/#mainImage\"},\"primaryImageOfPage\":{\"@id\":\"https:\\\/\\\/www.eldigitaldeasturias.com\\\/noticias\\\/activada-la-alerta-en-las-carreteras-por-nevadas-de-hasta-20-cm-en-la-sierra-de-madrid\\\/#mainImage\"},\"datePublished\":\"2014-02-09T00:18:06+01:00\",\"dateModified\":\"2014-02-09T00:18:06+01:00\"},{\"@type\":\"WebSite\",\"@id\":\"https:\\\/\\\/www.eldigitaldeasturias.com\\\/noticias\\\/#website\",\"url\":\"https:\\\/\\\/www.eldigitaldeasturias.com\\\/noticias\\\/\",\"name\":\"El Digital de Asturias - Diario de actualidad y noticias\",\"alternateName\":\"El Digital de Asturias - Diario de actualidad y noticias\",\"description\":\"Hemeroteca\",\"inLanguage\":\"es-ES\",\"publisher\":{\"@id\":\"https:\\\/\\\/www.eldigitaldeasturias.com\\\/noticias\\\/#organization\"}}]}\n\t\t<\/script>\n\t\t<!-- All in One SEO Pro -->\r\n\t\t<title>Activada la alerta en las carreteras por nevadas de hasta 20 cm en la sierra de Madrid - El Digital de Asturias<\/title>\n\n","aioseo_head_json":{"title":"Activada la alerta en las carreteras por nevadas de hasta 20 cm en la sierra de Madrid - El Digital de Asturias","description":"Madrid, 8 feb (EFE).- La Delegaci\u00f3n del Gobierno ha activado en su fase de Alerta el Plan de Nevadas en la Red de Carreteras del Estado a su paso por la Comunidad ante la emisi\u00f3n por la Agencia Estatal de Meteorolog\u00eda (AEMET) de un aviso de nivel Naranja para ma\u00f1ana, domingo, en la sierra madrile\u00f1a,","canonical_url":"https:\/\/www.eldigitaldeasturias.com\/noticias\/activada-la-alerta-en-las-carreteras-por-nevadas-de-hasta-20-cm-en-la-sierra-de-madrid\/","robots":"max-image-preview:large","keywords":"actualidad","webmasterTools":{"google-site-verification":"UA-38556648-1","msvalidate.01":"7dfe9f3f1b24437ab69f4f2559babe99","miscellaneous":""},"schema":{"@context":"https:\/\/schema.org","@graph":[{"@type":"BlogPosting","@id":"https:\/\/www.eldigitaldeasturias.com\/noticias\/activada-la-alerta-en-las-carreteras-por-nevadas-de-hasta-20-cm-en-la-sierra-de-madrid\/#blogposting","name":"Activada la alerta en las carreteras por nevadas de hasta 20 cm en la sierra de Madrid - El Digital de Asturias","headline":"Activada la alerta en las carreteras por nevadas de hasta 20 cm en la sierra de Madrid","author":{"@id":"https:\/\/www.eldigitaldeasturias.com\/noticias\/author\/admin\/#author"},"publisher":{"@id":"https:\/\/www.eldigitaldeasturias.com\/noticias\/#organization"},"image":{"@type":"ImageObject","url":487049},"datePublished":"2014-02-09T00:18:06+01:00","dateModified":"2014-02-09T00:18:06+01:00","inLanguage":"es-ES","mainEntityOfPage":{"@id":"https:\/\/www.eldigitaldeasturias.com\/noticias\/activada-la-alerta-en-las-carreteras-por-nevadas-de-hasta-20-cm-en-la-sierra-de-madrid\/#webpage"},"isPartOf":{"@id":"https:\/\/www.eldigitaldeasturias.com\/noticias\/activada-la-alerta-en-las-carreteras-por-nevadas-de-hasta-20-cm-en-la-sierra-de-madrid\/#webpage"},"articleSection":"Actualidad"},{"@type":"BreadcrumbList","@id":"https:\/\/www.eldigitaldeasturias.com\/noticias\/activada-la-alerta-en-las-carreteras-por-nevadas-de-hasta-20-cm-en-la-sierra-de-madrid\/#breadcrumblist","itemListElement":[{"@type":"ListItem","@id":"https:\/\/www.eldigitaldeasturias.com\/noticias#listItem","position":1,"name":"Home","item":"https:\/\/www.eldigitaldeasturias.com\/noticias","nextItem":{"@type":"ListItem","@id":"https:\/\/www.eldigitaldeasturias.com\/noticias\/category\/actualidad\/#listItem","name":"Actualidad"}},{"@type":"ListItem","@id":"https:\/\/www.eldigitaldeasturias.com\/noticias\/category\/actualidad\/#listItem","position":2,"name":"Actualidad","item":"https:\/\/www.eldigitaldeasturias.com\/noticias\/category\/actualidad\/","nextItem":{"@type":"ListItem","@id":"https:\/\/www.eldigitaldeasturias.com\/noticias\/activada-la-alerta-en-las-carreteras-por-nevadas-de-hasta-20-cm-en-la-sierra-de-madrid\/#listItem","name":"Activada la alerta en las carreteras por nevadas de hasta 20 cm en la sierra de Madrid"},"previousItem":{"@type":"ListItem","@id":"https:\/\/www.eldigitaldeasturias.com\/noticias#listItem","name":"Home"}},{"@type":"ListItem","@id":"https:\/\/www.eldigitaldeasturias.com\/noticias\/activada-la-alerta-en-las-carreteras-por-nevadas-de-hasta-20-cm-en-la-sierra-de-madrid\/#listItem","position":3,"name":"Activada la alerta en las carreteras por nevadas de hasta 20 cm en la sierra de Madrid","previousItem":{"@type":"ListItem","@id":"https:\/\/www.eldigitaldeasturias.com\/noticias\/category\/actualidad\/#listItem","name":"Actualidad"}}]},{"@type":"Organization","@id":"https:\/\/www.eldigitaldeasturias.com\/noticias\/#organization","name":"El Digital de Asturias","description":"Hemeroteca","url":"https:\/\/www.eldigitaldeasturias.com\/noticias\/","email":"info@eldigitaldeasturias.com","telephone":"+34652131393","logo":{"@type":"ImageObject","url":"https:\/\/www.eldigitaldeasturias.com\/noticias\/wp-content\/uploads\/2020\/12\/EDA.jpg","@id":"https:\/\/www.eldigitaldeasturias.com\/noticias\/activada-la-alerta-en-las-carreteras-por-nevadas-de-hasta-20-cm-en-la-sierra-de-madrid\/#organizationLogo"},"image":{"@id":"https:\/\/www.eldigitaldeasturias.com\/noticias\/activada-la-alerta-en-las-carreteras-por-nevadas-de-hasta-20-cm-en-la-sierra-de-madrid\/#organizationLogo"},"sameAs":["https:\/\/facebook.com\/eldigitaldeasturias","https:\/\/www.youtube.com\/channel\/UCZP-2wLEB9Rv6erhFmqVnvg"],"address":{"@id":"https:\/\/www.eldigitaldeasturias.com\/noticias\/#postaladdress","@type":"PostalAddress","streetAddress":"san antonio 4","postalCode":"33430","addressLocality":"Cand\u00e1s","addressRegion":"Asturias","addressCountry":"ES"}},{"@type":"Person","@id":"https:\/\/www.eldigitaldeasturias.com\/noticias\/author\/admin\/#author","url":"https:\/\/www.eldigitaldeasturias.com\/noticias\/author\/admin\/","name":"El Digital de Asturias","image":{"@type":"ImageObject","@id":"https:\/\/www.eldigitaldeasturias.com\/noticias\/activada-la-alerta-en-las-carreteras-por-nevadas-de-hasta-20-cm-en-la-sierra-de-madrid\/#authorImage","url":"https:\/\/secure.gravatar.com\/avatar\/df2aeffc32bcd13f8d26072ef8a91b623d677766deac7f97ca815868cd41bf5e?s=96&d=mm&r=g","width":96,"height":96,"caption":"El Digital de Asturias"}},{"@type":"WebPage","@id":"https:\/\/www.eldigitaldeasturias.com\/noticias\/activada-la-alerta-en-las-carreteras-por-nevadas-de-hasta-20-cm-en-la-sierra-de-madrid\/#webpage","url":"https:\/\/www.eldigitaldeasturias.com\/noticias\/activada-la-alerta-en-las-carreteras-por-nevadas-de-hasta-20-cm-en-la-sierra-de-madrid\/","name":"Activada la alerta en las carreteras por nevadas de hasta 20 cm en la sierra de Madrid - El Digital de Asturias","description":"Madrid, 8 feb (EFE).- La Delegaci\u00f3n del Gobierno ha activado en su fase de Alerta el Plan de Nevadas en la Red de Carreteras del Estado a su paso por la Comunidad ante la emisi\u00f3n por la Agencia Estatal de Meteorolog\u00eda (AEMET) de un aviso de nivel Naranja para ma\u00f1ana, domingo, en la sierra madrile\u00f1a,","inLanguage":"es-ES","isPartOf":{"@id":"https:\/\/www.eldigitaldeasturias.com\/noticias\/#website"},"breadcrumb":{"@id":"https:\/\/www.eldigitaldeasturias.com\/noticias\/activada-la-alerta-en-las-carreteras-por-nevadas-de-hasta-20-cm-en-la-sierra-de-madrid\/#breadcrumblist"},"author":{"@id":"https:\/\/www.eldigitaldeasturias.com\/noticias\/author\/admin\/#author"},"creator":{"@id":"https:\/\/www.eldigitaldeasturias.com\/noticias\/author\/admin\/#author"},"image":{"@type":"ImageObject","url":487049,"@id":"https:\/\/www.eldigitaldeasturias.com\/noticias\/activada-la-alerta-en-las-carreteras-por-nevadas-de-hasta-20-cm-en-la-sierra-de-madrid\/#mainImage"},"primaryImageOfPage":{"@id":"https:\/\/www.eldigitaldeasturias.com\/noticias\/activada-la-alerta-en-las-carreteras-por-nevadas-de-hasta-20-cm-en-la-sierra-de-madrid\/#mainImage"},"datePublished":"2014-02-09T00:18:06+01:00","dateModified":"2014-02-09T00:18:06+01:00"},{"@type":"WebSite","@id":"https:\/\/www.eldigitaldeasturias.com\/noticias\/#website","url":"https:\/\/www.eldigitaldeasturias.com\/noticias\/","name":"El Digital de Asturias - Diario de actualidad y noticias","alternateName":"El Digital de Asturias - Diario de actualidad y noticias","description":"Hemeroteca","inLanguage":"es-ES","publisher":{"@id":"https:\/\/www.eldigitaldeasturias.com\/noticias\/#organization"}}]},"og:locale":"es_ES","og:site_name":"El Digital de Asturias","og:type":"article","og:title":"Activada la alerta en las carreteras por nevadas de hasta 20 cm en la sierra de Madrid - El Digital de Asturias","og:description":"Madrid, 8 feb (EFE).- La Delegaci\u00f3n del Gobierno ha activado en su fase de Alerta el Plan de Nevadas en la Red de Carreteras del Estado a su paso por la Comunidad ante la emisi\u00f3n por la Agencia Estatal de Meteorolog\u00eda (AEMET) de un aviso de nivel Naranja para ma\u00f1ana, domingo, en la sierra madrile\u00f1a,","og:url":"https:\/\/www.eldigitaldeasturias.com\/noticias\/activada-la-alerta-en-las-carreteras-por-nevadas-de-hasta-20-cm-en-la-sierra-de-madrid\/","article:tag":["actualidad"],"article:published_time":"2014-02-09T01:18:06+00:00","article:modified_time":"2014-02-09T01:18:06+00:00","article:publisher":"https:\/\/facebook.com\/eldigitaldeasturias","twitter:card":"summary_large_image","twitter:title":"Activada la alerta en las carreteras por nevadas de hasta 20 cm en la sierra de Madrid - El Digital de Asturias","twitter:description":"Madrid, 8 feb (EFE).- La Delegaci\u00f3n del Gobierno ha activado en su fase de Alerta el Plan de Nevadas en la Red de Carreteras del Estado a su paso por la Comunidad ante la emisi\u00f3n por la Agencia Estatal de Meteorolog\u00eda (AEMET) de un aviso de nivel Naranja para ma\u00f1ana, domingo, en la sierra madrile\u00f1a,","twitter:label1":"Escrito por","twitter:data1":"El Digital de Asturias","twitter:label2":"Tiempo de lectura estimado","twitter:data2":"2 minutos"},"aioseo_meta_data":{"post_id":"487048","title":null,"description":null,"keywords":null,"keyphrases":null,"primary_term":null,"canonical_url":null,"og_title":null,"og_description":null,"og_object_type":"default","og_image_type":"default","og_image_url":null,"og_image_width":null,"og_image_height":null,"og_image_custom_url":null,"og_image_custom_fields":null,"og_video":null,"og_custom_url":null,"og_article_section":null,"og_article_tags":null,"twitter_use_og":true,"twitter_card":"default","twitter_image_type":"default","twitter_image_url":null,"twitter_image_custom_url":null,"twitter_image_custom_fields":null,"twitter_title":null,"twitter_description":null,"schema":{"blockGraphs":[],"customGraphs":[],"default":{"data":{"Article":[],"Course":[],"Dataset":[],"FAQPage":[],"Movie":[],"Person":[],"Product":[],"ProductReview":[],"Car":[],"Recipe":[],"Service":[],"SoftwareApplication":[],"WebPage":[]},"graphName":"","isEnabled":true},"graphs":[],"defaultGraph":"","defaultPostTypeGraph":""},"schema_type":null,"schema_type_options":null,"pillar_content":false,"robots_default":true,"robots_noindex":false,"robots_noarchive":false,"robots_nosnippet":false,"robots_nofollow":false,"robots_noimageindex":false,"robots_noodp":false,"robots_notranslate":false,"robots_max_snippet":null,"robots_max_videopreview":null,"robots_max_imagepreview":"none","priority":null,"frequency":null,"local_seo":null,"seo_analyzer_scan_date":"2026-06-03 03:27:38","breadcrumb_settings":null,"limit_modified_date":false,"open_ai":null,"ai":null,"created":"2020-11-14 22:56:17","updated":"2026-06-03 03:27:38","focus_keyword":null,"additional_keywords":null,"truseo_locale":null},"aioseo_breadcrumb":"<div class=\"aioseo-breadcrumbs\"><span class=\"aioseo-breadcrumb\">\n\t<a href=\"https:\/\/www.eldigitaldeasturias.com\/noticias\" title=\"Home\">Home<\/a>\n<\/span><span class=\"aioseo-breadcrumb-separator\">\u2013<\/span><span class=\"aioseo-breadcrumb\">\n\t<a href=\"https:\/\/www.eldigitaldeasturias.com\/noticias\/category\/actualidad\/\" title=\"Actualidad\">Actualidad<\/a>\n<\/span><span class=\"aioseo-breadcrumb-separator\">\u2013<\/span><span class=\"aioseo-breadcrumb\">\n\t<a href=\"https:\/\/www.eldigitaldeasturias.com\/noticias\/activada-la-alerta-en-las-carreteras-por-nevadas-de-hasta-20-cm-en-la-sierra-de-madrid\/\" title=\"Activada la alerta en las carreteras por nevadas de hasta 20 cm en la sierra de Madrid\">Activada la alerta en las carreteras por nevadas de hasta 20 cm en la sierra de Madrid<\/a>\n<\/span><\/div>","aioseo_breadcrumb_json":[{"label":"Home","link":"https:\/\/www.eldigitaldeasturias.com\/noticias"},{"label":"Actualidad","link":"https:\/\/www.eldigitaldeasturias.com\/noticias\/category\/actualidad\/"},{"label":"Activada la alerta en las carreteras por nevadas de hasta 20 cm en la sierra de Madrid","link":"https:\/\/www.eldigitaldeasturias.com\/noticias\/activada-la-alerta-en-las-carreteras-por-nevadas-de-hasta-20-cm-en-la-sierra-de-madrid\/"}],"_links":{"self":[{"href":"https:\/\/www.eldigitaldeasturias.com\/noticias\/wp-json\/wp\/v2\/posts\/487048","targetHints":{"allow":["GET"]}}],"collection":[{"href":"https:\/\/www.eldigitaldeasturias.com\/noticias\/wp-json\/wp\/v2\/posts"}],"about":[{"href":"https:\/\/www.eldigitaldeasturias.com\/noticias\/wp-json\/wp\/v2\/types\/post"}],"author":[{"embeddable":true,"href":"https:\/\/www.eldigitaldeasturias.com\/noticias\/wp-json\/wp\/v2\/users\/1"}],"replies":[{"embeddable":true,"href":"https:\/\/www.eldigitaldeasturias.com\/noticias\/wp-json\/wp\/v2\/comments?post=487048"}],"version-history":[{"count":0,"href":"https:\/\/www.eldigitaldeasturias.com\/noticias\/wp-json\/wp\/v2\/posts\/487048\/revisions"}],"wp:attachment":[{"href":"https:\/\/www.eldigitaldeasturias.com\/noticias\/wp-json\/wp\/v2\/media?parent=487048"}],"wp:term":[{"taxonomy":"category","embeddable":true,"href":"https:\/\/www.eldigitaldeasturias.com\/noticias\/wp-json\/wp\/v2\/categories?post=487048"},{"taxonomy":"post_tag","embeddable":true,"href":"https:\/\/www.eldigitaldeasturias.com\/noticias\/wp-json\/wp\/v2\/tags?post=487048"}],"curies":[{"name":"wp","href":"https:\/\/api.w.org\/{rel}","templated":true}]}}