{"id":487045,"date":"2014-02-09T00:16:37","date_gmt":"2014-02-09T01:16:37","guid":{"rendered":"http:\/\/www.eldigitaldeasturias.com\/noticias\/?p=487045"},"modified":"2014-02-09T00:16:37","modified_gmt":"2014-02-09T01:16:37","slug":"cantabria-registra-olas-de-mas-de-10-metros-y-rachas-de-viento-de-116-kmh","status":"publish","type":"post","link":"https:\/\/www.eldigitaldeasturias.com\/noticias\/cantabria-registra-olas-de-mas-de-10-metros-y-rachas-de-viento-de-116-kmh\/","title":{"rendered":"Cantabria registra olas de m\u00e1s de 10 metros y rachas de viento de 116 km\/h"},"content":{"rendered":"<p><img loading=\"lazy\" decoding=\"async\" class=\"alignleft size-medium wp-image-487046\" alt=\"5924519w\" src=\"https:\/\/www.eldigitaldeasturias.com\/noticias\/wp-content\/uploads\/2014\/02\/5924519w-360x264.jpg\" width=\"360\" height=\"264\" \/>Santander, 8 feb (EFE).- Cantabria ha llegado a registrar hoy olas que han superado los diez metros de altura y que, en alg\u00fan caso, han alcanzado los once, con rachas de viento que han alcanzado los 116 kil\u00f3metros por hora, aunque no se han producido incidencias graves, m\u00e1s all\u00e1 de la ca\u00edda de arboles, se\u00f1ales o tejas.<\/p>\n<p>La regi\u00f3n ha vivido hoy en alerta naranja (riesgo importante) por fen\u00f3menos costeros hasta las 20.00 horas, momento en el que se ha activado la alerta roja (riesgo extremo), que se desactivar\u00e1 a las 00.00 horas de ma\u00f1ana, domingo, ante la previsi\u00f3n de que las olas pudiesen alcanzar los nueve metros, con vientos de fuerza ocho en el mar.<\/p>\n<p>Hasta las 19.00 horas, la altura m\u00e1xima de las olas hab\u00eda llegado a superar los once metros, seg\u00fan los datos registrados por la boya de la Red Vig\u00eda situada en la Virgen del Mar, aunque en general la altura media del oleaje ha estado entre los tres y los cuatro metros.<\/p>\n<p>Adem\u00e1s, esta madrugada la Agencia Estatal de Meteorolog\u00eda (AEMET) ha registrado, a las 2.40 horas, rachas de viento en Reinosa que han alcanzado los 116 kil\u00f3metros por hora y valores cercanos a los 100 kil\u00f3metros por hora en otras zonas de Cantabria.<\/p>\n<p>Ha sido precisamente el viento el que ha provocado que los servicios de emergencias hayan tenido que realizar 15 intervenciones, ninguna de ellas de gravedad.<\/p>\n<p>Las m\u00e1s destacadas, seg\u00fan ha informado el Gobierno de Cantabria, se han debido al derrumbe de un muro, la ca\u00edda de se\u00f1ales, postes de la luz, cables del tendido el\u00e9ctrico, alg\u00fan \u00e1rbol, tejas o por contenedores arrastrados a la calzada.<\/p>\n<p>Para ma\u00f1ana, domingo, la AEMET mantendr\u00e1 en el litoral de Cantabria, desde las 00.00 horas, la alerta naranja por fen\u00f3menos costeros ante la previsi\u00f3n de que se registre mar combinada del oeste-noroeste con olas de siete a ocho metros de altura, disminuyendo a cinco metros avanzada la tarde.<\/p>\n","protected":false},"excerpt":{"rendered":"<p>Santander, 8 feb (EFE).- Cantabria ha llegado a registrar hoy olas que han superado los diez metros de altura y que, en alg\u00fan caso, han alcanzado los once, con rachas de viento que han alcanzado los 116 kil\u00f3metros por hora, aunque no se han producido incidencias graves, m\u00e1s all\u00e1 de la ca\u00edda de arboles, se\u00f1ales [&hellip;]<\/p>\n","protected":false},"author":1,"featured_media":487046,"comment_status":"open","ping_status":"open","sticky":false,"template":"","format":"standard","meta":{"footnotes":""},"categories":[1],"tags":[],"class_list":["post-487045","post","type-post","status-publish","format-standard","has-post-thumbnail","hentry","category-actualidad"],"aioseo_notices":[],"aioseo_head":"\n\t\t<!-- All in One SEO Pro 5.0.1 - aioseo.com -->\n\t<meta name=\"description\" content=\"Santander, 8 feb (EFE).- Cantabria ha llegado a registrar hoy olas que han superado los diez metros de altura y que, en alg\u00fan caso, han alcanzado los once, con rachas de viento que han alcanzado los 116 kil\u00f3metros por hora, aunque no se han producido incidencias graves, m\u00e1s all\u00e1 de la ca\u00edda de arboles, se\u00f1ales\" \/>\n\t<meta name=\"robots\" content=\"max-image-preview:large\" \/>\n\t<meta name=\"author\" content=\"El Digital de Asturias\"\/>\n\t<meta name=\"google-site-verification\" content=\"UA-38556648-1\" \/>\n\t<meta name=\"msvalidate.01\" content=\"7dfe9f3f1b24437ab69f4f2559babe99\" \/>\n\t<meta name=\"keywords\" content=\"actualidad\" \/>\n\t<link rel=\"canonical\" href=\"https:\/\/www.eldigitaldeasturias.com\/noticias\/cantabria-registra-olas-de-mas-de-10-metros-y-rachas-de-viento-de-116-kmh\/\" \/>\n\t<meta name=\"generator\" content=\"All in One SEO Pro (AIOSEO) 5.0.1\" \/>\n\t\t<meta property=\"og:locale\" content=\"es_ES\" \/>\n\t\t<meta property=\"og:site_name\" content=\"El Digital de Asturias\" \/>\n\t\t<meta property=\"og:type\" content=\"article\" \/>\n\t\t<meta property=\"og:title\" content=\"Cantabria registra olas de m\u00e1s de 10 metros y rachas de viento de 116 km\/h - El Digital de Asturias\" \/>\n\t\t<meta property=\"og:description\" content=\"Santander, 8 feb (EFE).- Cantabria ha llegado a registrar hoy olas que han superado los diez metros de altura y que, en alg\u00fan caso, han alcanzado los once, con rachas de viento que han alcanzado los 116 kil\u00f3metros por hora, aunque no se han producido incidencias graves, m\u00e1s all\u00e1 de la ca\u00edda de arboles, se\u00f1ales\" \/>\n\t\t<meta property=\"og:url\" content=\"https:\/\/www.eldigitaldeasturias.com\/noticias\/cantabria-registra-olas-de-mas-de-10-metros-y-rachas-de-viento-de-116-kmh\/\" \/>\n\t\t<meta property=\"article:tag\" content=\"actualidad\" \/>\n\t\t<meta property=\"article:published_time\" content=\"2014-02-09T01:16:37+00:00\" \/>\n\t\t<meta property=\"article:modified_time\" content=\"2014-02-09T01:16:37+00:00\" \/>\n\t\t<meta property=\"article:publisher\" content=\"https:\/\/facebook.com\/eldigitaldeasturias\" \/>\n\t\t<meta name=\"twitter:card\" content=\"summary_large_image\" \/>\n\t\t<meta name=\"twitter:title\" content=\"Cantabria registra olas de m\u00e1s de 10 metros y rachas de viento de 116 km\/h - El Digital de Asturias\" \/>\n\t\t<meta name=\"twitter:description\" content=\"Santander, 8 feb (EFE).- Cantabria ha llegado a registrar hoy olas que han superado los diez metros de altura y que, en alg\u00fan caso, han alcanzado los once, con rachas de viento que han alcanzado los 116 kil\u00f3metros por hora, aunque no se han producido incidencias graves, m\u00e1s all\u00e1 de la ca\u00edda de arboles, se\u00f1ales\" \/>\n\t\t<meta name=\"twitter:label1\" content=\"Escrito por\" \/>\n\t\t<meta name=\"twitter:data1\" content=\"El Digital de Asturias\" \/>\n\t\t<meta name=\"twitter:label2\" content=\"Tiempo de lectura estimado\" \/>\n\t\t<meta name=\"twitter:data2\" content=\"2 minutos\" \/>\n\t\t<script type=\"application\/ld+json\" class=\"aioseo-schema\">\n\t\t\t{\"@context\":\"https:\\\/\\\/schema.org\",\"@graph\":[{\"@type\":\"BlogPosting\",\"@id\":\"https:\\\/\\\/www.eldigitaldeasturias.com\\\/noticias\\\/cantabria-registra-olas-de-mas-de-10-metros-y-rachas-de-viento-de-116-kmh\\\/#blogposting\",\"name\":\"Cantabria registra olas de m\\u00e1s de 10 metros y rachas de viento de 116 km\\\/h - El Digital de Asturias\",\"headline\":\"Cantabria registra olas de m\\u00e1s de 10 metros y rachas de viento de 116 km\\\/h\",\"author\":{\"@id\":\"https:\\\/\\\/www.eldigitaldeasturias.com\\\/noticias\\\/author\\\/admin\\\/#author\"},\"publisher\":{\"@id\":\"https:\\\/\\\/www.eldigitaldeasturias.com\\\/noticias\\\/#organization\"},\"image\":{\"@type\":\"ImageObject\",\"url\":487046},\"datePublished\":\"2014-02-09T00:16:37+01:00\",\"dateModified\":\"2014-02-09T00:16:37+01:00\",\"inLanguage\":\"es-ES\",\"mainEntityOfPage\":{\"@id\":\"https:\\\/\\\/www.eldigitaldeasturias.com\\\/noticias\\\/cantabria-registra-olas-de-mas-de-10-metros-y-rachas-de-viento-de-116-kmh\\\/#webpage\"},\"isPartOf\":{\"@id\":\"https:\\\/\\\/www.eldigitaldeasturias.com\\\/noticias\\\/cantabria-registra-olas-de-mas-de-10-metros-y-rachas-de-viento-de-116-kmh\\\/#webpage\"},\"articleSection\":\"Actualidad\"},{\"@type\":\"BreadcrumbList\",\"@id\":\"https:\\\/\\\/www.eldigitaldeasturias.com\\\/noticias\\\/cantabria-registra-olas-de-mas-de-10-metros-y-rachas-de-viento-de-116-kmh\\\/#breadcrumblist\",\"itemListElement\":[{\"@type\":\"ListItem\",\"@id\":\"https:\\\/\\\/www.eldigitaldeasturias.com\\\/noticias#listItem\",\"position\":1,\"name\":\"Home\",\"item\":\"https:\\\/\\\/www.eldigitaldeasturias.com\\\/noticias\",\"nextItem\":{\"@type\":\"ListItem\",\"@id\":\"https:\\\/\\\/www.eldigitaldeasturias.com\\\/noticias\\\/category\\\/actualidad\\\/#listItem\",\"name\":\"Actualidad\"}},{\"@type\":\"ListItem\",\"@id\":\"https:\\\/\\\/www.eldigitaldeasturias.com\\\/noticias\\\/category\\\/actualidad\\\/#listItem\",\"position\":2,\"name\":\"Actualidad\",\"item\":\"https:\\\/\\\/www.eldigitaldeasturias.com\\\/noticias\\\/category\\\/actualidad\\\/\",\"nextItem\":{\"@type\":\"ListItem\",\"@id\":\"https:\\\/\\\/www.eldigitaldeasturias.com\\\/noticias\\\/cantabria-registra-olas-de-mas-de-10-metros-y-rachas-de-viento-de-116-kmh\\\/#listItem\",\"name\":\"Cantabria registra olas de m\\u00e1s de 10 metros y rachas de viento de 116 km\\\/h\"},\"previousItem\":{\"@type\":\"ListItem\",\"@id\":\"https:\\\/\\\/www.eldigitaldeasturias.com\\\/noticias#listItem\",\"name\":\"Home\"}},{\"@type\":\"ListItem\",\"@id\":\"https:\\\/\\\/www.eldigitaldeasturias.com\\\/noticias\\\/cantabria-registra-olas-de-mas-de-10-metros-y-rachas-de-viento-de-116-kmh\\\/#listItem\",\"position\":3,\"name\":\"Cantabria registra olas de m\\u00e1s de 10 metros y rachas de viento de 116 km\\\/h\",\"previousItem\":{\"@type\":\"ListItem\",\"@id\":\"https:\\\/\\\/www.eldigitaldeasturias.com\\\/noticias\\\/category\\\/actualidad\\\/#listItem\",\"name\":\"Actualidad\"}}]},{\"@type\":\"Organization\",\"@id\":\"https:\\\/\\\/www.eldigitaldeasturias.com\\\/noticias\\\/#organization\",\"name\":\"El Digital de Asturias\",\"description\":\"Hemeroteca\",\"url\":\"https:\\\/\\\/www.eldigitaldeasturias.com\\\/noticias\\\/\",\"email\":\"info@eldigitaldeasturias.com\",\"telephone\":\"+34652131393\",\"logo\":{\"@type\":\"ImageObject\",\"url\":\"https:\\\/\\\/www.eldigitaldeasturias.com\\\/noticias\\\/wp-content\\\/uploads\\\/2020\\\/12\\\/EDA.jpg\",\"@id\":\"https:\\\/\\\/www.eldigitaldeasturias.com\\\/noticias\\\/cantabria-registra-olas-de-mas-de-10-metros-y-rachas-de-viento-de-116-kmh\\\/#organizationLogo\"},\"image\":{\"@id\":\"https:\\\/\\\/www.eldigitaldeasturias.com\\\/noticias\\\/cantabria-registra-olas-de-mas-de-10-metros-y-rachas-de-viento-de-116-kmh\\\/#organizationLogo\"},\"sameAs\":[\"https:\\\/\\\/facebook.com\\\/eldigitaldeasturias\",\"https:\\\/\\\/www.youtube.com\\\/channel\\\/UCZP-2wLEB9Rv6erhFmqVnvg\"],\"address\":{\"@id\":\"https:\\\/\\\/www.eldigitaldeasturias.com\\\/noticias\\\/#postaladdress\",\"@type\":\"PostalAddress\",\"streetAddress\":\"san antonio 4\",\"postalCode\":\"33430\",\"addressLocality\":\"Cand\\u00e1s\",\"addressRegion\":\"Asturias\",\"addressCountry\":\"ES\"}},{\"@type\":\"Person\",\"@id\":\"https:\\\/\\\/www.eldigitaldeasturias.com\\\/noticias\\\/author\\\/admin\\\/#author\",\"url\":\"https:\\\/\\\/www.eldigitaldeasturias.com\\\/noticias\\\/author\\\/admin\\\/\",\"name\":\"El Digital de Asturias\",\"image\":{\"@type\":\"ImageObject\",\"@id\":\"https:\\\/\\\/www.eldigitaldeasturias.com\\\/noticias\\\/cantabria-registra-olas-de-mas-de-10-metros-y-rachas-de-viento-de-116-kmh\\\/#authorImage\",\"url\":\"https:\\\/\\\/secure.gravatar.com\\\/avatar\\\/df2aeffc32bcd13f8d26072ef8a91b623d677766deac7f97ca815868cd41bf5e?s=96&d=mm&r=g\",\"width\":96,\"height\":96,\"caption\":\"El Digital de Asturias\"}},{\"@type\":\"WebPage\",\"@id\":\"https:\\\/\\\/www.eldigitaldeasturias.com\\\/noticias\\\/cantabria-registra-olas-de-mas-de-10-metros-y-rachas-de-viento-de-116-kmh\\\/#webpage\",\"url\":\"https:\\\/\\\/www.eldigitaldeasturias.com\\\/noticias\\\/cantabria-registra-olas-de-mas-de-10-metros-y-rachas-de-viento-de-116-kmh\\\/\",\"name\":\"Cantabria registra olas de m\\u00e1s de 10 metros y rachas de viento de 116 km\\\/h - El Digital de Asturias\",\"description\":\"Santander, 8 feb (EFE).- Cantabria ha llegado a registrar hoy olas que han superado los diez metros de altura y que, en alg\\u00fan caso, han alcanzado los once, con rachas de viento que han alcanzado los 116 kil\\u00f3metros por hora, aunque no se han producido incidencias graves, m\\u00e1s all\\u00e1 de la ca\\u00edda de arboles, se\\u00f1ales\",\"inLanguage\":\"es-ES\",\"isPartOf\":{\"@id\":\"https:\\\/\\\/www.eldigitaldeasturias.com\\\/noticias\\\/#website\"},\"breadcrumb\":{\"@id\":\"https:\\\/\\\/www.eldigitaldeasturias.com\\\/noticias\\\/cantabria-registra-olas-de-mas-de-10-metros-y-rachas-de-viento-de-116-kmh\\\/#breadcrumblist\"},\"author\":{\"@id\":\"https:\\\/\\\/www.eldigitaldeasturias.com\\\/noticias\\\/author\\\/admin\\\/#author\"},\"creator\":{\"@id\":\"https:\\\/\\\/www.eldigitaldeasturias.com\\\/noticias\\\/author\\\/admin\\\/#author\"},\"image\":{\"@type\":\"ImageObject\",\"url\":487046,\"@id\":\"https:\\\/\\\/www.eldigitaldeasturias.com\\\/noticias\\\/cantabria-registra-olas-de-mas-de-10-metros-y-rachas-de-viento-de-116-kmh\\\/#mainImage\"},\"primaryImageOfPage\":{\"@id\":\"https:\\\/\\\/www.eldigitaldeasturias.com\\\/noticias\\\/cantabria-registra-olas-de-mas-de-10-metros-y-rachas-de-viento-de-116-kmh\\\/#mainImage\"},\"datePublished\":\"2014-02-09T00:16:37+01:00\",\"dateModified\":\"2014-02-09T00:16:37+01:00\"},{\"@type\":\"WebSite\",\"@id\":\"https:\\\/\\\/www.eldigitaldeasturias.com\\\/noticias\\\/#website\",\"url\":\"https:\\\/\\\/www.eldigitaldeasturias.com\\\/noticias\\\/\",\"name\":\"El Digital de Asturias - Diario de actualidad y noticias\",\"alternateName\":\"El Digital de Asturias - Diario de actualidad y noticias\",\"description\":\"Hemeroteca\",\"inLanguage\":\"es-ES\",\"publisher\":{\"@id\":\"https:\\\/\\\/www.eldigitaldeasturias.com\\\/noticias\\\/#organization\"}}]}\n\t\t<\/script>\n\t\t<!-- All in One SEO Pro -->\r\n\t\t<title>Cantabria registra olas de m\u00e1s de 10 metros y rachas de viento de 116 km\/h - El Digital de Asturias<\/title>\n\n","aioseo_head_json":{"title":"Cantabria registra olas de m\u00e1s de 10 metros y rachas de viento de 116 km\/h - El Digital de Asturias","description":"Santander, 8 feb (EFE).- Cantabria ha llegado a registrar hoy olas que han superado los diez metros de altura y que, en alg\u00fan caso, han alcanzado los once, con rachas de viento que han alcanzado los 116 kil\u00f3metros por hora, aunque no se han producido incidencias graves, m\u00e1s all\u00e1 de la ca\u00edda de arboles, se\u00f1ales","canonical_url":"https:\/\/www.eldigitaldeasturias.com\/noticias\/cantabria-registra-olas-de-mas-de-10-metros-y-rachas-de-viento-de-116-kmh\/","robots":"max-image-preview:large","keywords":"actualidad","webmasterTools":{"google-site-verification":"UA-38556648-1","msvalidate.01":"7dfe9f3f1b24437ab69f4f2559babe99","miscellaneous":""},"schema":{"@context":"https:\/\/schema.org","@graph":[{"@type":"BlogPosting","@id":"https:\/\/www.eldigitaldeasturias.com\/noticias\/cantabria-registra-olas-de-mas-de-10-metros-y-rachas-de-viento-de-116-kmh\/#blogposting","name":"Cantabria registra olas de m\u00e1s de 10 metros y rachas de viento de 116 km\/h - El Digital de Asturias","headline":"Cantabria registra olas de m\u00e1s de 10 metros y rachas de viento de 116 km\/h","author":{"@id":"https:\/\/www.eldigitaldeasturias.com\/noticias\/author\/admin\/#author"},"publisher":{"@id":"https:\/\/www.eldigitaldeasturias.com\/noticias\/#organization"},"image":{"@type":"ImageObject","url":487046},"datePublished":"2014-02-09T00:16:37+01:00","dateModified":"2014-02-09T00:16:37+01:00","inLanguage":"es-ES","mainEntityOfPage":{"@id":"https:\/\/www.eldigitaldeasturias.com\/noticias\/cantabria-registra-olas-de-mas-de-10-metros-y-rachas-de-viento-de-116-kmh\/#webpage"},"isPartOf":{"@id":"https:\/\/www.eldigitaldeasturias.com\/noticias\/cantabria-registra-olas-de-mas-de-10-metros-y-rachas-de-viento-de-116-kmh\/#webpage"},"articleSection":"Actualidad"},{"@type":"BreadcrumbList","@id":"https:\/\/www.eldigitaldeasturias.com\/noticias\/cantabria-registra-olas-de-mas-de-10-metros-y-rachas-de-viento-de-116-kmh\/#breadcrumblist","itemListElement":[{"@type":"ListItem","@id":"https:\/\/www.eldigitaldeasturias.com\/noticias#listItem","position":1,"name":"Home","item":"https:\/\/www.eldigitaldeasturias.com\/noticias","nextItem":{"@type":"ListItem","@id":"https:\/\/www.eldigitaldeasturias.com\/noticias\/category\/actualidad\/#listItem","name":"Actualidad"}},{"@type":"ListItem","@id":"https:\/\/www.eldigitaldeasturias.com\/noticias\/category\/actualidad\/#listItem","position":2,"name":"Actualidad","item":"https:\/\/www.eldigitaldeasturias.com\/noticias\/category\/actualidad\/","nextItem":{"@type":"ListItem","@id":"https:\/\/www.eldigitaldeasturias.com\/noticias\/cantabria-registra-olas-de-mas-de-10-metros-y-rachas-de-viento-de-116-kmh\/#listItem","name":"Cantabria registra olas de m\u00e1s de 10 metros y rachas de viento de 116 km\/h"},"previousItem":{"@type":"ListItem","@id":"https:\/\/www.eldigitaldeasturias.com\/noticias#listItem","name":"Home"}},{"@type":"ListItem","@id":"https:\/\/www.eldigitaldeasturias.com\/noticias\/cantabria-registra-olas-de-mas-de-10-metros-y-rachas-de-viento-de-116-kmh\/#listItem","position":3,"name":"Cantabria registra olas de m\u00e1s de 10 metros y rachas de viento de 116 km\/h","previousItem":{"@type":"ListItem","@id":"https:\/\/www.eldigitaldeasturias.com\/noticias\/category\/actualidad\/#listItem","name":"Actualidad"}}]},{"@type":"Organization","@id":"https:\/\/www.eldigitaldeasturias.com\/noticias\/#organization","name":"El Digital de Asturias","description":"Hemeroteca","url":"https:\/\/www.eldigitaldeasturias.com\/noticias\/","email":"info@eldigitaldeasturias.com","telephone":"+34652131393","logo":{"@type":"ImageObject","url":"https:\/\/www.eldigitaldeasturias.com\/noticias\/wp-content\/uploads\/2020\/12\/EDA.jpg","@id":"https:\/\/www.eldigitaldeasturias.com\/noticias\/cantabria-registra-olas-de-mas-de-10-metros-y-rachas-de-viento-de-116-kmh\/#organizationLogo"},"image":{"@id":"https:\/\/www.eldigitaldeasturias.com\/noticias\/cantabria-registra-olas-de-mas-de-10-metros-y-rachas-de-viento-de-116-kmh\/#organizationLogo"},"sameAs":["https:\/\/facebook.com\/eldigitaldeasturias","https:\/\/www.youtube.com\/channel\/UCZP-2wLEB9Rv6erhFmqVnvg"],"address":{"@id":"https:\/\/www.eldigitaldeasturias.com\/noticias\/#postaladdress","@type":"PostalAddress","streetAddress":"san antonio 4","postalCode":"33430","addressLocality":"Cand\u00e1s","addressRegion":"Asturias","addressCountry":"ES"}},{"@type":"Person","@id":"https:\/\/www.eldigitaldeasturias.com\/noticias\/author\/admin\/#author","url":"https:\/\/www.eldigitaldeasturias.com\/noticias\/author\/admin\/","name":"El Digital de Asturias","image":{"@type":"ImageObject","@id":"https:\/\/www.eldigitaldeasturias.com\/noticias\/cantabria-registra-olas-de-mas-de-10-metros-y-rachas-de-viento-de-116-kmh\/#authorImage","url":"https:\/\/secure.gravatar.com\/avatar\/df2aeffc32bcd13f8d26072ef8a91b623d677766deac7f97ca815868cd41bf5e?s=96&d=mm&r=g","width":96,"height":96,"caption":"El Digital de Asturias"}},{"@type":"WebPage","@id":"https:\/\/www.eldigitaldeasturias.com\/noticias\/cantabria-registra-olas-de-mas-de-10-metros-y-rachas-de-viento-de-116-kmh\/#webpage","url":"https:\/\/www.eldigitaldeasturias.com\/noticias\/cantabria-registra-olas-de-mas-de-10-metros-y-rachas-de-viento-de-116-kmh\/","name":"Cantabria registra olas de m\u00e1s de 10 metros y rachas de viento de 116 km\/h - El Digital de Asturias","description":"Santander, 8 feb (EFE).- Cantabria ha llegado a registrar hoy olas que han superado los diez metros de altura y que, en alg\u00fan caso, han alcanzado los once, con rachas de viento que han alcanzado los 116 kil\u00f3metros por hora, aunque no se han producido incidencias graves, m\u00e1s all\u00e1 de la ca\u00edda de arboles, se\u00f1ales","inLanguage":"es-ES","isPartOf":{"@id":"https:\/\/www.eldigitaldeasturias.com\/noticias\/#website"},"breadcrumb":{"@id":"https:\/\/www.eldigitaldeasturias.com\/noticias\/cantabria-registra-olas-de-mas-de-10-metros-y-rachas-de-viento-de-116-kmh\/#breadcrumblist"},"author":{"@id":"https:\/\/www.eldigitaldeasturias.com\/noticias\/author\/admin\/#author"},"creator":{"@id":"https:\/\/www.eldigitaldeasturias.com\/noticias\/author\/admin\/#author"},"image":{"@type":"ImageObject","url":487046,"@id":"https:\/\/www.eldigitaldeasturias.com\/noticias\/cantabria-registra-olas-de-mas-de-10-metros-y-rachas-de-viento-de-116-kmh\/#mainImage"},"primaryImageOfPage":{"@id":"https:\/\/www.eldigitaldeasturias.com\/noticias\/cantabria-registra-olas-de-mas-de-10-metros-y-rachas-de-viento-de-116-kmh\/#mainImage"},"datePublished":"2014-02-09T00:16:37+01:00","dateModified":"2014-02-09T00:16:37+01:00"},{"@type":"WebSite","@id":"https:\/\/www.eldigitaldeasturias.com\/noticias\/#website","url":"https:\/\/www.eldigitaldeasturias.com\/noticias\/","name":"El Digital de Asturias - Diario de actualidad y noticias","alternateName":"El Digital de Asturias - Diario de actualidad y noticias","description":"Hemeroteca","inLanguage":"es-ES","publisher":{"@id":"https:\/\/www.eldigitaldeasturias.com\/noticias\/#organization"}}]},"og:locale":"es_ES","og:site_name":"El Digital de Asturias","og:type":"article","og:title":"Cantabria registra olas de m\u00e1s de 10 metros y rachas de viento de 116 km\/h - El Digital de Asturias","og:description":"Santander, 8 feb (EFE).- Cantabria ha llegado a registrar hoy olas que han superado los diez metros de altura y que, en alg\u00fan caso, han alcanzado los once, con rachas de viento que han alcanzado los 116 kil\u00f3metros por hora, aunque no se han producido incidencias graves, m\u00e1s all\u00e1 de la ca\u00edda de arboles, se\u00f1ales","og:url":"https:\/\/www.eldigitaldeasturias.com\/noticias\/cantabria-registra-olas-de-mas-de-10-metros-y-rachas-de-viento-de-116-kmh\/","article:tag":["actualidad"],"article:published_time":"2014-02-09T01:16:37+00:00","article:modified_time":"2014-02-09T01:16:37+00:00","article:publisher":"https:\/\/facebook.com\/eldigitaldeasturias","twitter:card":"summary_large_image","twitter:title":"Cantabria registra olas de m\u00e1s de 10 metros y rachas de viento de 116 km\/h - El Digital de Asturias","twitter:description":"Santander, 8 feb (EFE).- Cantabria ha llegado a registrar hoy olas que han superado los diez metros de altura y que, en alg\u00fan caso, han alcanzado los once, con rachas de viento que han alcanzado los 116 kil\u00f3metros por hora, aunque no se han producido incidencias graves, m\u00e1s all\u00e1 de la ca\u00edda de arboles, se\u00f1ales","twitter:label1":"Escrito por","twitter:data1":"El Digital de Asturias","twitter:label2":"Tiempo de lectura estimado","twitter:data2":"2 minutos"},"aioseo_meta_data":{"post_id":"487045","title":null,"description":null,"keywords":null,"keyphrases":null,"primary_term":null,"canonical_url":null,"og_title":null,"og_description":null,"og_object_type":"default","og_image_type":"default","og_image_url":null,"og_image_width":null,"og_image_height":null,"og_image_custom_url":null,"og_image_custom_fields":null,"og_video":null,"og_custom_url":null,"og_article_section":null,"og_article_tags":null,"twitter_use_og":true,"twitter_card":"default","twitter_image_type":"default","twitter_image_url":null,"twitter_image_custom_url":null,"twitter_image_custom_fields":null,"twitter_title":null,"twitter_description":null,"schema":{"blockGraphs":[],"customGraphs":[],"default":{"data":{"Article":[],"Course":[],"Dataset":[],"FAQPage":[],"Movie":[],"Person":[],"Product":[],"ProductReview":[],"Car":[],"Recipe":[],"Service":[],"SoftwareApplication":[],"WebPage":[]},"graphName":"","isEnabled":true},"graphs":[],"defaultGraph":"","defaultPostTypeGraph":""},"schema_type":null,"schema_type_options":null,"pillar_content":false,"robots_default":true,"robots_noindex":false,"robots_noarchive":false,"robots_nosnippet":false,"robots_nofollow":false,"robots_noimageindex":false,"robots_noodp":false,"robots_notranslate":false,"robots_max_snippet":null,"robots_max_videopreview":null,"robots_max_imagepreview":"none","priority":null,"frequency":null,"local_seo":null,"seo_analyzer_scan_date":"2026-06-03 03:27:38","breadcrumb_settings":null,"limit_modified_date":false,"open_ai":null,"ai":null,"created":"2020-11-14 22:56:17","updated":"2026-06-03 03:27:38","focus_keyword":null,"additional_keywords":null,"truseo_locale":null},"aioseo_breadcrumb":"<div class=\"aioseo-breadcrumbs\"><span class=\"aioseo-breadcrumb\">\n\t<a href=\"https:\/\/www.eldigitaldeasturias.com\/noticias\" title=\"Home\">Home<\/a>\n<\/span><span class=\"aioseo-breadcrumb-separator\">\u2013<\/span><span class=\"aioseo-breadcrumb\">\n\t<a href=\"https:\/\/www.eldigitaldeasturias.com\/noticias\/category\/actualidad\/\" title=\"Actualidad\">Actualidad<\/a>\n<\/span><span class=\"aioseo-breadcrumb-separator\">\u2013<\/span><span class=\"aioseo-breadcrumb\">\n\t<a href=\"https:\/\/www.eldigitaldeasturias.com\/noticias\/cantabria-registra-olas-de-mas-de-10-metros-y-rachas-de-viento-de-116-kmh\/\" title=\"Cantabria registra olas de m\u00e1s de 10 metros y rachas de viento de 116 km\/h\">Cantabria registra olas de m\u00e1s de 10 metros y rachas de viento de 116 km\/h<\/a>\n<\/span><\/div>","aioseo_breadcrumb_json":[{"label":"Home","link":"https:\/\/www.eldigitaldeasturias.com\/noticias"},{"label":"Actualidad","link":"https:\/\/www.eldigitaldeasturias.com\/noticias\/category\/actualidad\/"},{"label":"Cantabria registra olas de m\u00e1s de 10 metros y rachas de viento de 116 km\/h","link":"https:\/\/www.eldigitaldeasturias.com\/noticias\/cantabria-registra-olas-de-mas-de-10-metros-y-rachas-de-viento-de-116-kmh\/"}],"_links":{"self":[{"href":"https:\/\/www.eldigitaldeasturias.com\/noticias\/wp-json\/wp\/v2\/posts\/487045","targetHints":{"allow":["GET"]}}],"collection":[{"href":"https:\/\/www.eldigitaldeasturias.com\/noticias\/wp-json\/wp\/v2\/posts"}],"about":[{"href":"https:\/\/www.eldigitaldeasturias.com\/noticias\/wp-json\/wp\/v2\/types\/post"}],"author":[{"embeddable":true,"href":"https:\/\/www.eldigitaldeasturias.com\/noticias\/wp-json\/wp\/v2\/users\/1"}],"replies":[{"embeddable":true,"href":"https:\/\/www.eldigitaldeasturias.com\/noticias\/wp-json\/wp\/v2\/comments?post=487045"}],"version-history":[{"count":0,"href":"https:\/\/www.eldigitaldeasturias.com\/noticias\/wp-json\/wp\/v2\/posts\/487045\/revisions"}],"wp:attachment":[{"href":"https:\/\/www.eldigitaldeasturias.com\/noticias\/wp-json\/wp\/v2\/media?parent=487045"}],"wp:term":[{"taxonomy":"category","embeddable":true,"href":"https:\/\/www.eldigitaldeasturias.com\/noticias\/wp-json\/wp\/v2\/categories?post=487045"},{"taxonomy":"post_tag","embeddable":true,"href":"https:\/\/www.eldigitaldeasturias.com\/noticias\/wp-json\/wp\/v2\/tags?post=487045"}],"curies":[{"name":"wp","href":"https:\/\/api.w.org\/{rel}","templated":true}]}}