{"id":487024,"date":"2014-02-08T23:58:52","date_gmt":"2014-02-09T00:58:52","guid":{"rendered":"http:\/\/www.eldigitaldeasturias.com\/noticias\/?p=487024"},"modified":"2014-02-08T23:58:52","modified_gmt":"2014-02-09T00:58:52","slug":"la-policia-se-enfrenta-a-los-manifestantes-en-estambul-que-protestan-contra-la-censura","status":"publish","type":"post","link":"https:\/\/www.eldigitaldeasturias.com\/noticias\/la-policia-se-enfrenta-a-los-manifestantes-en-estambul-que-protestan-contra-la-censura\/","title":{"rendered":"La Polic\u00eda se enfrenta a los manifestantes en Estambul que protestan contra la censura"},"content":{"rendered":"<p><img loading=\"lazy\" decoding=\"async\" class=\"alignleft size-medium wp-image-487025\" alt=\"5924387w\" src=\"https:\/\/www.eldigitaldeasturias.com\/noticias\/wp-content\/uploads\/2014\/02\/5924387w-360x194.jpg\" width=\"360\" height=\"194\" \/>Estambul, 8 feb (EFE).- Miles de personas se manifestaron hoy en el centro de Estambul contra el reciente endurecimiento de las leyes de control de Internet y se enfrentaron a las fuerzas de seguridad que utilizaron grandes cantidades de gases lacrim\u00f3genos y ca\u00f1ones de agua a presi\u00f3n para dispersar a los manifestantes.<\/p>\n<p>Seg\u00fan constat\u00f3 Efe en el lugar de los hechos, los manifestantes no pudieron llegar hasta la c\u00e9ntrica plaza Taksim, donde quer\u00edan protestar, ante el enorme dispositivo de la polic\u00eda turca, que inclu\u00eda veh\u00edculos blindados.<\/p>\n<p>El barrio entero en torno a la plaza y a la calle comercial Istiklal se llen\u00f3 de gases lacrim\u00f3genos, mientras que los manifestantes gritaban lemas como \u00abFin a la censura\u00bb y exig\u00edan la dimisi\u00f3n del gobierno turco.<\/p>\n<p>Los manifestantes, en su mayor\u00eda j\u00f3venes, montaron barricadas para bloquear las calles, lanzaron petardos y quemaron cubos de basura, a lo que los antidisturbios respondieron con grandes cantidades de agua a presi\u00f3n y gases lacrim\u00f3genos.<\/p>\n<p>\u00abHoy se trata de Internet, pero en la ra\u00edz de todo esto est\u00e1 la creciente presi\u00f3n del gobierno, que se ha vuelto dictatorial\u00bb, se\u00f1al\u00f3 a Efe un estudiante que se identific\u00f3 como Ersin.<\/p>\n<p>\u00abLlevamos muchos meses en esta lucha: todo empez\u00f3 con las protestas por el parque Gezi en verano. Y continuaremos hasta que el Gobierno se rinda\u00bb, asegur\u00f3.<\/p>\n<p>El Parlamento turco aprob\u00f3 el mi\u00e9rcoles una controvertida ley que refuerza el control estatal sobre Internet.<\/p>\n<p>La oposici\u00f3n asegura que se trata de censura y de limitar la libertad de expresi\u00f3n, mientras que el Gobierno islamista del primer ministro, Recep Tayyip Erdogan, dice que s\u00f3lo protege la privacidad.<\/p>\n<p>La normativa fue aprobada gracias a la mayor\u00eda absoluta con la que cuenta el gubernamental partido integrista isl\u00e1mico de la Justicia y el Desarrollo (AKP).<\/p>\n<p>Lo m\u00e1s pol\u00e9mico es el enorme poder con el que contar\u00e1 la llamada Direcci\u00f3n de Telecomunicaciones, un organismo estatal, para acceder a datos privados sin intervenci\u00f3n judicial.<\/p>\n<p>Esa autoridad podr\u00e1 solicitar y guardar las comunicaciones y los datos de tr\u00e1fico de servidores y proveedores de Internet sin argumentar los motivos.<\/p>\n<p>Adem\u00e1s, podr\u00e1 bloquear cualquier p\u00e1gina digital que, a su juicio, considere que ha vulnerado la privacidad o sea considerada discriminatoria o insultante, incluso cuando nadie haya solicitado tales medidas.<\/p>\n<p>Asociaciones de periodistas turcos e internacionales, as\u00ed como la Comisi\u00f3n Europea, han expresado su preocupaci\u00f3n por la nueva ley.<\/p>\n<p>Los periodistas turcos apuntan que el Gobierno s\u00f3lo pens\u00f3 en reforzar los controles sobre Internet cuando conoci\u00f3 la investigaci\u00f3n a altos miembros del AKP por corrupci\u00f3n en diciembre y se hicieron p\u00fablicas en Internet conversaciones comprometidas de altos cargos de la formaci\u00f3n.<\/p>\n<p>La Comisi\u00f3n Europea expres\u00f3 sus \u00abgraves preocupaciones\u00bb por la nueva y asegur\u00f3 que \u00abel p\u00fablico turco merece m\u00e1s informaci\u00f3n y transparencia y no m\u00e1s restricciones\u00bb.<\/p>\n","protected":false},"excerpt":{"rendered":"<p>Estambul, 8 feb (EFE).- Miles de personas se manifestaron hoy en el centro de Estambul contra el reciente endurecimiento de las leyes de control de Internet y se enfrentaron a las fuerzas de seguridad que utilizaron grandes cantidades de gases lacrim\u00f3genos y ca\u00f1ones de agua a presi\u00f3n para dispersar a los manifestantes. Seg\u00fan constat\u00f3 Efe [&hellip;]<\/p>\n","protected":false},"author":1,"featured_media":487025,"comment_status":"open","ping_status":"open","sticky":false,"template":"","format":"standard","meta":{"footnotes":""},"categories":[1],"tags":[],"class_list":["post-487024","post","type-post","status-publish","format-standard","has-post-thumbnail","hentry","category-actualidad"],"aioseo_notices":[],"aioseo_head":"\n\t\t<!-- All in One SEO Pro 5.0.1 - aioseo.com -->\n\t<meta name=\"description\" content=\"Estambul, 8 feb (EFE).- Miles de personas se manifestaron hoy en el centro de Estambul contra el reciente endurecimiento de las leyes de control de Internet y se enfrentaron a las fuerzas de seguridad que utilizaron grandes cantidades de gases lacrim\u00f3genos y ca\u00f1ones de agua a presi\u00f3n para dispersar a los manifestantes. Seg\u00fan constat\u00f3 Efe\" \/>\n\t<meta name=\"robots\" content=\"max-image-preview:large\" \/>\n\t<meta name=\"author\" content=\"El Digital de Asturias\"\/>\n\t<meta name=\"google-site-verification\" content=\"UA-38556648-1\" \/>\n\t<meta name=\"msvalidate.01\" content=\"7dfe9f3f1b24437ab69f4f2559babe99\" \/>\n\t<meta name=\"keywords\" content=\"actualidad\" \/>\n\t<link rel=\"canonical\" href=\"https:\/\/www.eldigitaldeasturias.com\/noticias\/la-policia-se-enfrenta-a-los-manifestantes-en-estambul-que-protestan-contra-la-censura\/\" \/>\n\t<meta name=\"generator\" content=\"All in One SEO Pro (AIOSEO) 5.0.1\" \/>\n\t\t<meta property=\"og:locale\" content=\"es_ES\" \/>\n\t\t<meta property=\"og:site_name\" content=\"El Digital de Asturias\" \/>\n\t\t<meta property=\"og:type\" content=\"article\" \/>\n\t\t<meta property=\"og:title\" content=\"La Polic\u00eda se enfrenta a los manifestantes en Estambul que protestan contra la censura - El Digital de Asturias\" \/>\n\t\t<meta property=\"og:description\" content=\"Estambul, 8 feb (EFE).- Miles de personas se manifestaron hoy en el centro de Estambul contra el reciente endurecimiento de las leyes de control de Internet y se enfrentaron a las fuerzas de seguridad que utilizaron grandes cantidades de gases lacrim\u00f3genos y ca\u00f1ones de agua a presi\u00f3n para dispersar a los manifestantes. Seg\u00fan constat\u00f3 Efe\" \/>\n\t\t<meta property=\"og:url\" content=\"https:\/\/www.eldigitaldeasturias.com\/noticias\/la-policia-se-enfrenta-a-los-manifestantes-en-estambul-que-protestan-contra-la-censura\/\" \/>\n\t\t<meta property=\"article:tag\" content=\"actualidad\" \/>\n\t\t<meta property=\"article:published_time\" content=\"2014-02-09T00:58:52+00:00\" \/>\n\t\t<meta property=\"article:modified_time\" content=\"2014-02-09T00:58:52+00:00\" \/>\n\t\t<meta property=\"article:publisher\" content=\"https:\/\/facebook.com\/eldigitaldeasturias\" \/>\n\t\t<meta name=\"twitter:card\" content=\"summary_large_image\" \/>\n\t\t<meta name=\"twitter:title\" content=\"La Polic\u00eda se enfrenta a los manifestantes en Estambul que protestan contra la censura - El Digital de Asturias\" \/>\n\t\t<meta name=\"twitter:description\" content=\"Estambul, 8 feb (EFE).- Miles de personas se manifestaron hoy en el centro de Estambul contra el reciente endurecimiento de las leyes de control de Internet y se enfrentaron a las fuerzas de seguridad que utilizaron grandes cantidades de gases lacrim\u00f3genos y ca\u00f1ones de agua a presi\u00f3n para dispersar a los manifestantes. Seg\u00fan constat\u00f3 Efe\" \/>\n\t\t<meta name=\"twitter:label1\" content=\"Escrito por\" \/>\n\t\t<meta name=\"twitter:data1\" content=\"El Digital de Asturias\" \/>\n\t\t<meta name=\"twitter:label2\" content=\"Tiempo de lectura estimado\" \/>\n\t\t<meta name=\"twitter:data2\" content=\"2 minutos\" \/>\n\t\t<script type=\"application\/ld+json\" class=\"aioseo-schema\">\n\t\t\t{\"@context\":\"https:\\\/\\\/schema.org\",\"@graph\":[{\"@type\":\"BlogPosting\",\"@id\":\"https:\\\/\\\/www.eldigitaldeasturias.com\\\/noticias\\\/la-policia-se-enfrenta-a-los-manifestantes-en-estambul-que-protestan-contra-la-censura\\\/#blogposting\",\"name\":\"La Polic\\u00eda se enfrenta a los manifestantes en Estambul que protestan contra la censura - El Digital de Asturias\",\"headline\":\"La Polic\\u00eda se enfrenta a los manifestantes en Estambul que protestan contra la censura\",\"author\":{\"@id\":\"https:\\\/\\\/www.eldigitaldeasturias.com\\\/noticias\\\/author\\\/admin\\\/#author\"},\"publisher\":{\"@id\":\"https:\\\/\\\/www.eldigitaldeasturias.com\\\/noticias\\\/#organization\"},\"image\":{\"@type\":\"ImageObject\",\"url\":487025},\"datePublished\":\"2014-02-08T23:58:52+01:00\",\"dateModified\":\"2014-02-08T23:58:52+01:00\",\"inLanguage\":\"es-ES\",\"mainEntityOfPage\":{\"@id\":\"https:\\\/\\\/www.eldigitaldeasturias.com\\\/noticias\\\/la-policia-se-enfrenta-a-los-manifestantes-en-estambul-que-protestan-contra-la-censura\\\/#webpage\"},\"isPartOf\":{\"@id\":\"https:\\\/\\\/www.eldigitaldeasturias.com\\\/noticias\\\/la-policia-se-enfrenta-a-los-manifestantes-en-estambul-que-protestan-contra-la-censura\\\/#webpage\"},\"articleSection\":\"Actualidad\"},{\"@type\":\"BreadcrumbList\",\"@id\":\"https:\\\/\\\/www.eldigitaldeasturias.com\\\/noticias\\\/la-policia-se-enfrenta-a-los-manifestantes-en-estambul-que-protestan-contra-la-censura\\\/#breadcrumblist\",\"itemListElement\":[{\"@type\":\"ListItem\",\"@id\":\"https:\\\/\\\/www.eldigitaldeasturias.com\\\/noticias#listItem\",\"position\":1,\"name\":\"Home\",\"item\":\"https:\\\/\\\/www.eldigitaldeasturias.com\\\/noticias\",\"nextItem\":{\"@type\":\"ListItem\",\"@id\":\"https:\\\/\\\/www.eldigitaldeasturias.com\\\/noticias\\\/category\\\/actualidad\\\/#listItem\",\"name\":\"Actualidad\"}},{\"@type\":\"ListItem\",\"@id\":\"https:\\\/\\\/www.eldigitaldeasturias.com\\\/noticias\\\/category\\\/actualidad\\\/#listItem\",\"position\":2,\"name\":\"Actualidad\",\"item\":\"https:\\\/\\\/www.eldigitaldeasturias.com\\\/noticias\\\/category\\\/actualidad\\\/\",\"nextItem\":{\"@type\":\"ListItem\",\"@id\":\"https:\\\/\\\/www.eldigitaldeasturias.com\\\/noticias\\\/la-policia-se-enfrenta-a-los-manifestantes-en-estambul-que-protestan-contra-la-censura\\\/#listItem\",\"name\":\"La Polic\\u00eda se enfrenta a los manifestantes en Estambul que protestan contra la censura\"},\"previousItem\":{\"@type\":\"ListItem\",\"@id\":\"https:\\\/\\\/www.eldigitaldeasturias.com\\\/noticias#listItem\",\"name\":\"Home\"}},{\"@type\":\"ListItem\",\"@id\":\"https:\\\/\\\/www.eldigitaldeasturias.com\\\/noticias\\\/la-policia-se-enfrenta-a-los-manifestantes-en-estambul-que-protestan-contra-la-censura\\\/#listItem\",\"position\":3,\"name\":\"La Polic\\u00eda se enfrenta a los manifestantes en Estambul que protestan contra la censura\",\"previousItem\":{\"@type\":\"ListItem\",\"@id\":\"https:\\\/\\\/www.eldigitaldeasturias.com\\\/noticias\\\/category\\\/actualidad\\\/#listItem\",\"name\":\"Actualidad\"}}]},{\"@type\":\"Organization\",\"@id\":\"https:\\\/\\\/www.eldigitaldeasturias.com\\\/noticias\\\/#organization\",\"name\":\"El Digital de Asturias\",\"description\":\"Hemeroteca\",\"url\":\"https:\\\/\\\/www.eldigitaldeasturias.com\\\/noticias\\\/\",\"email\":\"info@eldigitaldeasturias.com\",\"telephone\":\"+34652131393\",\"logo\":{\"@type\":\"ImageObject\",\"url\":\"https:\\\/\\\/www.eldigitaldeasturias.com\\\/noticias\\\/wp-content\\\/uploads\\\/2020\\\/12\\\/EDA.jpg\",\"@id\":\"https:\\\/\\\/www.eldigitaldeasturias.com\\\/noticias\\\/la-policia-se-enfrenta-a-los-manifestantes-en-estambul-que-protestan-contra-la-censura\\\/#organizationLogo\"},\"image\":{\"@id\":\"https:\\\/\\\/www.eldigitaldeasturias.com\\\/noticias\\\/la-policia-se-enfrenta-a-los-manifestantes-en-estambul-que-protestan-contra-la-censura\\\/#organizationLogo\"},\"sameAs\":[\"https:\\\/\\\/facebook.com\\\/eldigitaldeasturias\",\"https:\\\/\\\/www.youtube.com\\\/channel\\\/UCZP-2wLEB9Rv6erhFmqVnvg\"],\"address\":{\"@id\":\"https:\\\/\\\/www.eldigitaldeasturias.com\\\/noticias\\\/#postaladdress\",\"@type\":\"PostalAddress\",\"streetAddress\":\"san antonio 4\",\"postalCode\":\"33430\",\"addressLocality\":\"Cand\\u00e1s\",\"addressRegion\":\"Asturias\",\"addressCountry\":\"ES\"}},{\"@type\":\"Person\",\"@id\":\"https:\\\/\\\/www.eldigitaldeasturias.com\\\/noticias\\\/author\\\/admin\\\/#author\",\"url\":\"https:\\\/\\\/www.eldigitaldeasturias.com\\\/noticias\\\/author\\\/admin\\\/\",\"name\":\"El Digital de Asturias\",\"image\":{\"@type\":\"ImageObject\",\"@id\":\"https:\\\/\\\/www.eldigitaldeasturias.com\\\/noticias\\\/la-policia-se-enfrenta-a-los-manifestantes-en-estambul-que-protestan-contra-la-censura\\\/#authorImage\",\"url\":\"https:\\\/\\\/secure.gravatar.com\\\/avatar\\\/df2aeffc32bcd13f8d26072ef8a91b623d677766deac7f97ca815868cd41bf5e?s=96&d=mm&r=g\",\"width\":96,\"height\":96,\"caption\":\"El Digital de Asturias\"}},{\"@type\":\"WebPage\",\"@id\":\"https:\\\/\\\/www.eldigitaldeasturias.com\\\/noticias\\\/la-policia-se-enfrenta-a-los-manifestantes-en-estambul-que-protestan-contra-la-censura\\\/#webpage\",\"url\":\"https:\\\/\\\/www.eldigitaldeasturias.com\\\/noticias\\\/la-policia-se-enfrenta-a-los-manifestantes-en-estambul-que-protestan-contra-la-censura\\\/\",\"name\":\"La Polic\\u00eda se enfrenta a los manifestantes en Estambul que protestan contra la censura - El Digital de Asturias\",\"description\":\"Estambul, 8 feb (EFE).- Miles de personas se manifestaron hoy en el centro de Estambul contra el reciente endurecimiento de las leyes de control de Internet y se enfrentaron a las fuerzas de seguridad que utilizaron grandes cantidades de gases lacrim\\u00f3genos y ca\\u00f1ones de agua a presi\\u00f3n para dispersar a los manifestantes. Seg\\u00fan constat\\u00f3 Efe\",\"inLanguage\":\"es-ES\",\"isPartOf\":{\"@id\":\"https:\\\/\\\/www.eldigitaldeasturias.com\\\/noticias\\\/#website\"},\"breadcrumb\":{\"@id\":\"https:\\\/\\\/www.eldigitaldeasturias.com\\\/noticias\\\/la-policia-se-enfrenta-a-los-manifestantes-en-estambul-que-protestan-contra-la-censura\\\/#breadcrumblist\"},\"author\":{\"@id\":\"https:\\\/\\\/www.eldigitaldeasturias.com\\\/noticias\\\/author\\\/admin\\\/#author\"},\"creator\":{\"@id\":\"https:\\\/\\\/www.eldigitaldeasturias.com\\\/noticias\\\/author\\\/admin\\\/#author\"},\"image\":{\"@type\":\"ImageObject\",\"url\":487025,\"@id\":\"https:\\\/\\\/www.eldigitaldeasturias.com\\\/noticias\\\/la-policia-se-enfrenta-a-los-manifestantes-en-estambul-que-protestan-contra-la-censura\\\/#mainImage\"},\"primaryImageOfPage\":{\"@id\":\"https:\\\/\\\/www.eldigitaldeasturias.com\\\/noticias\\\/la-policia-se-enfrenta-a-los-manifestantes-en-estambul-que-protestan-contra-la-censura\\\/#mainImage\"},\"datePublished\":\"2014-02-08T23:58:52+01:00\",\"dateModified\":\"2014-02-08T23:58:52+01:00\"},{\"@type\":\"WebSite\",\"@id\":\"https:\\\/\\\/www.eldigitaldeasturias.com\\\/noticias\\\/#website\",\"url\":\"https:\\\/\\\/www.eldigitaldeasturias.com\\\/noticias\\\/\",\"name\":\"El Digital de Asturias - Diario de actualidad y noticias\",\"alternateName\":\"El Digital de Asturias - Diario de actualidad y noticias\",\"description\":\"Hemeroteca\",\"inLanguage\":\"es-ES\",\"publisher\":{\"@id\":\"https:\\\/\\\/www.eldigitaldeasturias.com\\\/noticias\\\/#organization\"}}]}\n\t\t<\/script>\n\t\t<!-- All in One SEO Pro -->\r\n\t\t<title>La Polic\u00eda se enfrenta a los manifestantes en Estambul que protestan contra la censura - El Digital de Asturias<\/title>\n\n","aioseo_head_json":{"title":"La Polic\u00eda se enfrenta a los manifestantes en Estambul que protestan contra la censura - El Digital de Asturias","description":"Estambul, 8 feb (EFE).- Miles de personas se manifestaron hoy en el centro de Estambul contra el reciente endurecimiento de las leyes de control de Internet y se enfrentaron a las fuerzas de seguridad que utilizaron grandes cantidades de gases lacrim\u00f3genos y ca\u00f1ones de agua a presi\u00f3n para dispersar a los manifestantes. Seg\u00fan constat\u00f3 Efe","canonical_url":"https:\/\/www.eldigitaldeasturias.com\/noticias\/la-policia-se-enfrenta-a-los-manifestantes-en-estambul-que-protestan-contra-la-censura\/","robots":"max-image-preview:large","keywords":"actualidad","webmasterTools":{"google-site-verification":"UA-38556648-1","msvalidate.01":"7dfe9f3f1b24437ab69f4f2559babe99","miscellaneous":""},"schema":{"@context":"https:\/\/schema.org","@graph":[{"@type":"BlogPosting","@id":"https:\/\/www.eldigitaldeasturias.com\/noticias\/la-policia-se-enfrenta-a-los-manifestantes-en-estambul-que-protestan-contra-la-censura\/#blogposting","name":"La Polic\u00eda se enfrenta a los manifestantes en Estambul que protestan contra la censura - El Digital de Asturias","headline":"La Polic\u00eda se enfrenta a los manifestantes en Estambul que protestan contra la censura","author":{"@id":"https:\/\/www.eldigitaldeasturias.com\/noticias\/author\/admin\/#author"},"publisher":{"@id":"https:\/\/www.eldigitaldeasturias.com\/noticias\/#organization"},"image":{"@type":"ImageObject","url":487025},"datePublished":"2014-02-08T23:58:52+01:00","dateModified":"2014-02-08T23:58:52+01:00","inLanguage":"es-ES","mainEntityOfPage":{"@id":"https:\/\/www.eldigitaldeasturias.com\/noticias\/la-policia-se-enfrenta-a-los-manifestantes-en-estambul-que-protestan-contra-la-censura\/#webpage"},"isPartOf":{"@id":"https:\/\/www.eldigitaldeasturias.com\/noticias\/la-policia-se-enfrenta-a-los-manifestantes-en-estambul-que-protestan-contra-la-censura\/#webpage"},"articleSection":"Actualidad"},{"@type":"BreadcrumbList","@id":"https:\/\/www.eldigitaldeasturias.com\/noticias\/la-policia-se-enfrenta-a-los-manifestantes-en-estambul-que-protestan-contra-la-censura\/#breadcrumblist","itemListElement":[{"@type":"ListItem","@id":"https:\/\/www.eldigitaldeasturias.com\/noticias#listItem","position":1,"name":"Home","item":"https:\/\/www.eldigitaldeasturias.com\/noticias","nextItem":{"@type":"ListItem","@id":"https:\/\/www.eldigitaldeasturias.com\/noticias\/category\/actualidad\/#listItem","name":"Actualidad"}},{"@type":"ListItem","@id":"https:\/\/www.eldigitaldeasturias.com\/noticias\/category\/actualidad\/#listItem","position":2,"name":"Actualidad","item":"https:\/\/www.eldigitaldeasturias.com\/noticias\/category\/actualidad\/","nextItem":{"@type":"ListItem","@id":"https:\/\/www.eldigitaldeasturias.com\/noticias\/la-policia-se-enfrenta-a-los-manifestantes-en-estambul-que-protestan-contra-la-censura\/#listItem","name":"La Polic\u00eda se enfrenta a los manifestantes en Estambul que protestan contra la censura"},"previousItem":{"@type":"ListItem","@id":"https:\/\/www.eldigitaldeasturias.com\/noticias#listItem","name":"Home"}},{"@type":"ListItem","@id":"https:\/\/www.eldigitaldeasturias.com\/noticias\/la-policia-se-enfrenta-a-los-manifestantes-en-estambul-que-protestan-contra-la-censura\/#listItem","position":3,"name":"La Polic\u00eda se enfrenta a los manifestantes en Estambul que protestan contra la censura","previousItem":{"@type":"ListItem","@id":"https:\/\/www.eldigitaldeasturias.com\/noticias\/category\/actualidad\/#listItem","name":"Actualidad"}}]},{"@type":"Organization","@id":"https:\/\/www.eldigitaldeasturias.com\/noticias\/#organization","name":"El Digital de Asturias","description":"Hemeroteca","url":"https:\/\/www.eldigitaldeasturias.com\/noticias\/","email":"info@eldigitaldeasturias.com","telephone":"+34652131393","logo":{"@type":"ImageObject","url":"https:\/\/www.eldigitaldeasturias.com\/noticias\/wp-content\/uploads\/2020\/12\/EDA.jpg","@id":"https:\/\/www.eldigitaldeasturias.com\/noticias\/la-policia-se-enfrenta-a-los-manifestantes-en-estambul-que-protestan-contra-la-censura\/#organizationLogo"},"image":{"@id":"https:\/\/www.eldigitaldeasturias.com\/noticias\/la-policia-se-enfrenta-a-los-manifestantes-en-estambul-que-protestan-contra-la-censura\/#organizationLogo"},"sameAs":["https:\/\/facebook.com\/eldigitaldeasturias","https:\/\/www.youtube.com\/channel\/UCZP-2wLEB9Rv6erhFmqVnvg"],"address":{"@id":"https:\/\/www.eldigitaldeasturias.com\/noticias\/#postaladdress","@type":"PostalAddress","streetAddress":"san antonio 4","postalCode":"33430","addressLocality":"Cand\u00e1s","addressRegion":"Asturias","addressCountry":"ES"}},{"@type":"Person","@id":"https:\/\/www.eldigitaldeasturias.com\/noticias\/author\/admin\/#author","url":"https:\/\/www.eldigitaldeasturias.com\/noticias\/author\/admin\/","name":"El Digital de Asturias","image":{"@type":"ImageObject","@id":"https:\/\/www.eldigitaldeasturias.com\/noticias\/la-policia-se-enfrenta-a-los-manifestantes-en-estambul-que-protestan-contra-la-censura\/#authorImage","url":"https:\/\/secure.gravatar.com\/avatar\/df2aeffc32bcd13f8d26072ef8a91b623d677766deac7f97ca815868cd41bf5e?s=96&d=mm&r=g","width":96,"height":96,"caption":"El Digital de Asturias"}},{"@type":"WebPage","@id":"https:\/\/www.eldigitaldeasturias.com\/noticias\/la-policia-se-enfrenta-a-los-manifestantes-en-estambul-que-protestan-contra-la-censura\/#webpage","url":"https:\/\/www.eldigitaldeasturias.com\/noticias\/la-policia-se-enfrenta-a-los-manifestantes-en-estambul-que-protestan-contra-la-censura\/","name":"La Polic\u00eda se enfrenta a los manifestantes en Estambul que protestan contra la censura - El Digital de Asturias","description":"Estambul, 8 feb (EFE).- Miles de personas se manifestaron hoy en el centro de Estambul contra el reciente endurecimiento de las leyes de control de Internet y se enfrentaron a las fuerzas de seguridad que utilizaron grandes cantidades de gases lacrim\u00f3genos y ca\u00f1ones de agua a presi\u00f3n para dispersar a los manifestantes. Seg\u00fan constat\u00f3 Efe","inLanguage":"es-ES","isPartOf":{"@id":"https:\/\/www.eldigitaldeasturias.com\/noticias\/#website"},"breadcrumb":{"@id":"https:\/\/www.eldigitaldeasturias.com\/noticias\/la-policia-se-enfrenta-a-los-manifestantes-en-estambul-que-protestan-contra-la-censura\/#breadcrumblist"},"author":{"@id":"https:\/\/www.eldigitaldeasturias.com\/noticias\/author\/admin\/#author"},"creator":{"@id":"https:\/\/www.eldigitaldeasturias.com\/noticias\/author\/admin\/#author"},"image":{"@type":"ImageObject","url":487025,"@id":"https:\/\/www.eldigitaldeasturias.com\/noticias\/la-policia-se-enfrenta-a-los-manifestantes-en-estambul-que-protestan-contra-la-censura\/#mainImage"},"primaryImageOfPage":{"@id":"https:\/\/www.eldigitaldeasturias.com\/noticias\/la-policia-se-enfrenta-a-los-manifestantes-en-estambul-que-protestan-contra-la-censura\/#mainImage"},"datePublished":"2014-02-08T23:58:52+01:00","dateModified":"2014-02-08T23:58:52+01:00"},{"@type":"WebSite","@id":"https:\/\/www.eldigitaldeasturias.com\/noticias\/#website","url":"https:\/\/www.eldigitaldeasturias.com\/noticias\/","name":"El Digital de Asturias - Diario de actualidad y noticias","alternateName":"El Digital de Asturias - Diario de actualidad y noticias","description":"Hemeroteca","inLanguage":"es-ES","publisher":{"@id":"https:\/\/www.eldigitaldeasturias.com\/noticias\/#organization"}}]},"og:locale":"es_ES","og:site_name":"El Digital de Asturias","og:type":"article","og:title":"La Polic\u00eda se enfrenta a los manifestantes en Estambul que protestan contra la censura - El Digital de Asturias","og:description":"Estambul, 8 feb (EFE).- Miles de personas se manifestaron hoy en el centro de Estambul contra el reciente endurecimiento de las leyes de control de Internet y se enfrentaron a las fuerzas de seguridad que utilizaron grandes cantidades de gases lacrim\u00f3genos y ca\u00f1ones de agua a presi\u00f3n para dispersar a los manifestantes. Seg\u00fan constat\u00f3 Efe","og:url":"https:\/\/www.eldigitaldeasturias.com\/noticias\/la-policia-se-enfrenta-a-los-manifestantes-en-estambul-que-protestan-contra-la-censura\/","article:tag":["actualidad"],"article:published_time":"2014-02-09T00:58:52+00:00","article:modified_time":"2014-02-09T00:58:52+00:00","article:publisher":"https:\/\/facebook.com\/eldigitaldeasturias","twitter:card":"summary_large_image","twitter:title":"La Polic\u00eda se enfrenta a los manifestantes en Estambul que protestan contra la censura - El Digital de Asturias","twitter:description":"Estambul, 8 feb (EFE).- Miles de personas se manifestaron hoy en el centro de Estambul contra el reciente endurecimiento de las leyes de control de Internet y se enfrentaron a las fuerzas de seguridad que utilizaron grandes cantidades de gases lacrim\u00f3genos y ca\u00f1ones de agua a presi\u00f3n para dispersar a los manifestantes. Seg\u00fan constat\u00f3 Efe","twitter:label1":"Escrito por","twitter:data1":"El Digital de Asturias","twitter:label2":"Tiempo de lectura estimado","twitter:data2":"2 minutos"},"aioseo_meta_data":{"post_id":"487024","title":null,"description":null,"keywords":null,"keyphrases":null,"primary_term":null,"canonical_url":null,"og_title":null,"og_description":null,"og_object_type":"default","og_image_type":"default","og_image_url":null,"og_image_width":null,"og_image_height":null,"og_image_custom_url":null,"og_image_custom_fields":null,"og_video":null,"og_custom_url":null,"og_article_section":null,"og_article_tags":null,"twitter_use_og":true,"twitter_card":"default","twitter_image_type":"default","twitter_image_url":null,"twitter_image_custom_url":null,"twitter_image_custom_fields":null,"twitter_title":null,"twitter_description":null,"schema":{"blockGraphs":[],"customGraphs":[],"default":{"data":{"Article":[],"Course":[],"Dataset":[],"FAQPage":[],"Movie":[],"Person":[],"Product":[],"ProductReview":[],"Car":[],"Recipe":[],"Service":[],"SoftwareApplication":[],"WebPage":[]},"graphName":"","isEnabled":true},"graphs":[],"defaultGraph":"","defaultPostTypeGraph":""},"schema_type":null,"schema_type_options":null,"pillar_content":false,"robots_default":true,"robots_noindex":false,"robots_noarchive":false,"robots_nosnippet":false,"robots_nofollow":false,"robots_noimageindex":false,"robots_noodp":false,"robots_notranslate":false,"robots_max_snippet":null,"robots_max_videopreview":null,"robots_max_imagepreview":"none","priority":null,"frequency":null,"local_seo":null,"seo_analyzer_scan_date":"2026-06-03 03:24:18","breadcrumb_settings":null,"limit_modified_date":false,"open_ai":null,"ai":null,"created":"2020-11-14 22:56:17","updated":"2026-06-03 03:24:18","focus_keyword":null,"additional_keywords":null,"truseo_locale":null},"aioseo_breadcrumb":"<div class=\"aioseo-breadcrumbs\"><span class=\"aioseo-breadcrumb\">\n\t<a href=\"https:\/\/www.eldigitaldeasturias.com\/noticias\" title=\"Home\">Home<\/a>\n<\/span><span class=\"aioseo-breadcrumb-separator\">\u2013<\/span><span class=\"aioseo-breadcrumb\">\n\t<a href=\"https:\/\/www.eldigitaldeasturias.com\/noticias\/category\/actualidad\/\" title=\"Actualidad\">Actualidad<\/a>\n<\/span><span class=\"aioseo-breadcrumb-separator\">\u2013<\/span><span class=\"aioseo-breadcrumb\">\n\t<a href=\"https:\/\/www.eldigitaldeasturias.com\/noticias\/la-policia-se-enfrenta-a-los-manifestantes-en-estambul-que-protestan-contra-la-censura\/\" title=\"La Polic\u00eda se enfrenta a los manifestantes en Estambul que protestan contra la censura\">La Polic\u00eda se enfrenta a los manifestantes en Estambul que protestan contra la censura<\/a>\n<\/span><\/div>","aioseo_breadcrumb_json":[{"label":"Home","link":"https:\/\/www.eldigitaldeasturias.com\/noticias"},{"label":"Actualidad","link":"https:\/\/www.eldigitaldeasturias.com\/noticias\/category\/actualidad\/"},{"label":"La Polic\u00eda se enfrenta a los manifestantes en Estambul que protestan contra la censura","link":"https:\/\/www.eldigitaldeasturias.com\/noticias\/la-policia-se-enfrenta-a-los-manifestantes-en-estambul-que-protestan-contra-la-censura\/"}],"_links":{"self":[{"href":"https:\/\/www.eldigitaldeasturias.com\/noticias\/wp-json\/wp\/v2\/posts\/487024","targetHints":{"allow":["GET"]}}],"collection":[{"href":"https:\/\/www.eldigitaldeasturias.com\/noticias\/wp-json\/wp\/v2\/posts"}],"about":[{"href":"https:\/\/www.eldigitaldeasturias.com\/noticias\/wp-json\/wp\/v2\/types\/post"}],"author":[{"embeddable":true,"href":"https:\/\/www.eldigitaldeasturias.com\/noticias\/wp-json\/wp\/v2\/users\/1"}],"replies":[{"embeddable":true,"href":"https:\/\/www.eldigitaldeasturias.com\/noticias\/wp-json\/wp\/v2\/comments?post=487024"}],"version-history":[{"count":0,"href":"https:\/\/www.eldigitaldeasturias.com\/noticias\/wp-json\/wp\/v2\/posts\/487024\/revisions"}],"wp:attachment":[{"href":"https:\/\/www.eldigitaldeasturias.com\/noticias\/wp-json\/wp\/v2\/media?parent=487024"}],"wp:term":[{"taxonomy":"category","embeddable":true,"href":"https:\/\/www.eldigitaldeasturias.com\/noticias\/wp-json\/wp\/v2\/categories?post=487024"},{"taxonomy":"post_tag","embeddable":true,"href":"https:\/\/www.eldigitaldeasturias.com\/noticias\/wp-json\/wp\/v2\/tags?post=487024"}],"curies":[{"name":"wp","href":"https:\/\/api.w.org\/{rel}","templated":true}]}}