{"id":487019,"date":"2014-02-08T23:53:41","date_gmt":"2014-02-09T00:53:41","guid":{"rendered":"http:\/\/www.eldigitaldeasturias.com\/noticias\/?p=487019"},"modified":"2014-02-08T23:53:41","modified_gmt":"2014-02-09T00:53:41","slug":"evo-morales-investiga-su-origen-indigena","status":"publish","type":"post","link":"https:\/\/www.eldigitaldeasturias.com\/noticias\/evo-morales-investiga-su-origen-indigena\/","title":{"rendered":"Evo Morales investiga su origen ind\u00edgena"},"content":{"rendered":"<p><img loading=\"lazy\" decoding=\"async\" class=\"alignleft size-medium wp-image-466906\" alt=\"5816402wevo\" src=\"https:\/\/www.eldigitaldeasturias.com\/noticias\/wp-content\/uploads\/2013\/12\/5816402w-360x266.jpg\" width=\"360\" height=\"266\" \/>La Paz, 8 feb (dpa) &#8211; El presidente de Bolivia, Evo Morales, revel\u00f3 hoy que investiga el origen ind\u00edgena de su familia, asentada en el departamento andino de Oruro, al suroeste de La Paz.<\/p>\n<p>\u00abMi primo Rom\u00e1n Morales Zenteno est\u00e1 investigando de d\u00f3nde venimos los Morales\u00bb, afirm\u00f3 hoy el mandatario durante un acto p\u00fablico realizado en Oruro en ocasi\u00f3n de las celebraciones previas al aniversario de esa regi\u00f3n boliviana.<\/p>\n<p>Evo Morales record\u00f3 que el viernes firm\u00f3 la ley que delimita los territorios ind\u00edgenas -conocidos como ayllus- de los Qaqachaca, Laymes y Jucumani, todos ellos con ra\u00edces de la naci\u00f3n aymara, pero con distintas costumbres.<\/p>\n<p>\u00abSoy Qaqachaca (&#8230;) del ayllu Sullca\u00bb, afirm\u00f3 el mandatario boliviano tras se\u00f1alar que muchos de los comunarios, en el pasado, cambiaron de apellido para evitar ser discriminados en las ciudades.<\/p>\n<p>Los habitantes de los ayllus Qaqachaca, Laymes y Jucumani protagonizaron una serie de enfrentamientos armados entre 1998 y 2000 que provocaron la muerte de 50 personas y al menos 10 aldeas destruidas e incendiadas. La violencia estall\u00f3 por pugnas territoriales.<\/p>\n<p>En la actualidad, estos pueblos ind\u00edgenas, que a\u00fan mantienen costumbres muy antiguas -incluso precolombinas, seg\u00fan especialistas- han creado una mancomunidad promovida por el propio presidente Morales que en 2011 decret\u00f3 \u00abprioridad nacional\u00bb el desarrollo de estas aldeas.<\/p>\n","protected":false},"excerpt":{"rendered":"<p>La Paz, 8 feb (dpa) &#8211; El presidente de Bolivia, Evo Morales, revel\u00f3 hoy que investiga el origen ind\u00edgena de su familia, asentada en el departamento andino de Oruro, al suroeste de La Paz. \u00abMi primo Rom\u00e1n Morales Zenteno est\u00e1 investigando de d\u00f3nde venimos los Morales\u00bb, afirm\u00f3 hoy el mandatario durante un acto p\u00fablico realizado [&hellip;]<\/p>\n","protected":false},"author":1,"featured_media":466906,"comment_status":"open","ping_status":"open","sticky":false,"template":"","format":"standard","meta":{"footnotes":""},"categories":[1],"tags":[],"class_list":["post-487019","post","type-post","status-publish","format-standard","has-post-thumbnail","hentry","category-actualidad"],"aioseo_notices":[],"aioseo_head":"\n\t\t<!-- All in One SEO Pro 5.0.1 - aioseo.com -->\n\t<meta name=\"description\" content=\"La Paz, 8 feb (dpa) - El presidente de Bolivia, Evo Morales, revel\u00f3 hoy que investiga el origen ind\u00edgena de su familia, asentada en el departamento andino de Oruro, al suroeste de La Paz. &quot;Mi primo Rom\u00e1n Morales Zenteno est\u00e1 investigando de d\u00f3nde venimos los Morales&quot;, afirm\u00f3 hoy el mandatario durante un acto p\u00fablico realizado\" \/>\n\t<meta name=\"robots\" content=\"max-image-preview:large\" \/>\n\t<meta name=\"author\" content=\"El Digital de Asturias\"\/>\n\t<meta name=\"google-site-verification\" content=\"UA-38556648-1\" \/>\n\t<meta name=\"msvalidate.01\" content=\"7dfe9f3f1b24437ab69f4f2559babe99\" \/>\n\t<meta name=\"keywords\" content=\"actualidad\" \/>\n\t<link rel=\"canonical\" href=\"https:\/\/www.eldigitaldeasturias.com\/noticias\/evo-morales-investiga-su-origen-indigena\/\" \/>\n\t<meta name=\"generator\" content=\"All in One SEO Pro (AIOSEO) 5.0.1\" \/>\n\t\t<meta property=\"og:locale\" content=\"es_ES\" \/>\n\t\t<meta property=\"og:site_name\" content=\"El Digital de Asturias\" \/>\n\t\t<meta property=\"og:type\" content=\"article\" \/>\n\t\t<meta property=\"og:title\" content=\"Evo Morales investiga su origen ind\u00edgena - El Digital de Asturias\" \/>\n\t\t<meta property=\"og:description\" content=\"La Paz, 8 feb (dpa) - El presidente de Bolivia, Evo Morales, revel\u00f3 hoy que investiga el origen ind\u00edgena de su familia, asentada en el departamento andino de Oruro, al suroeste de La Paz. &quot;Mi primo Rom\u00e1n Morales Zenteno est\u00e1 investigando de d\u00f3nde venimos los Morales&quot;, afirm\u00f3 hoy el mandatario durante un acto p\u00fablico realizado\" \/>\n\t\t<meta property=\"og:url\" content=\"https:\/\/www.eldigitaldeasturias.com\/noticias\/evo-morales-investiga-su-origen-indigena\/\" \/>\n\t\t<meta property=\"article:tag\" content=\"actualidad\" \/>\n\t\t<meta property=\"article:published_time\" content=\"2014-02-09T00:53:41+00:00\" \/>\n\t\t<meta property=\"article:modified_time\" content=\"2014-02-09T00:53:41+00:00\" \/>\n\t\t<meta property=\"article:publisher\" content=\"https:\/\/facebook.com\/eldigitaldeasturias\" \/>\n\t\t<meta name=\"twitter:card\" content=\"summary_large_image\" \/>\n\t\t<meta name=\"twitter:title\" content=\"Evo Morales investiga su origen ind\u00edgena - El Digital de Asturias\" \/>\n\t\t<meta name=\"twitter:description\" content=\"La Paz, 8 feb (dpa) - El presidente de Bolivia, Evo Morales, revel\u00f3 hoy que investiga el origen ind\u00edgena de su familia, asentada en el departamento andino de Oruro, al suroeste de La Paz. &quot;Mi primo Rom\u00e1n Morales Zenteno est\u00e1 investigando de d\u00f3nde venimos los Morales&quot;, afirm\u00f3 hoy el mandatario durante un acto p\u00fablico realizado\" \/>\n\t\t<meta name=\"twitter:label1\" content=\"Escrito por\" \/>\n\t\t<meta name=\"twitter:data1\" content=\"El Digital de Asturias\" \/>\n\t\t<meta name=\"twitter:label2\" content=\"Tiempo de lectura estimado\" \/>\n\t\t<meta name=\"twitter:data2\" content=\"1 minuto\" \/>\n\t\t<script type=\"application\/ld+json\" class=\"aioseo-schema\">\n\t\t\t{\"@context\":\"https:\\\/\\\/schema.org\",\"@graph\":[{\"@type\":\"BlogPosting\",\"@id\":\"https:\\\/\\\/www.eldigitaldeasturias.com\\\/noticias\\\/evo-morales-investiga-su-origen-indigena\\\/#blogposting\",\"name\":\"Evo Morales investiga su origen ind\\u00edgena - El Digital de Asturias\",\"headline\":\"Evo Morales investiga su origen ind\\u00edgena\",\"author\":{\"@id\":\"https:\\\/\\\/www.eldigitaldeasturias.com\\\/noticias\\\/author\\\/admin\\\/#author\"},\"publisher\":{\"@id\":\"https:\\\/\\\/www.eldigitaldeasturias.com\\\/noticias\\\/#organization\"},\"image\":{\"@type\":\"ImageObject\",\"url\":466906},\"datePublished\":\"2014-02-08T23:53:41+01:00\",\"dateModified\":\"2014-02-08T23:53:41+01:00\",\"inLanguage\":\"es-ES\",\"mainEntityOfPage\":{\"@id\":\"https:\\\/\\\/www.eldigitaldeasturias.com\\\/noticias\\\/evo-morales-investiga-su-origen-indigena\\\/#webpage\"},\"isPartOf\":{\"@id\":\"https:\\\/\\\/www.eldigitaldeasturias.com\\\/noticias\\\/evo-morales-investiga-su-origen-indigena\\\/#webpage\"},\"articleSection\":\"Actualidad\"},{\"@type\":\"BreadcrumbList\",\"@id\":\"https:\\\/\\\/www.eldigitaldeasturias.com\\\/noticias\\\/evo-morales-investiga-su-origen-indigena\\\/#breadcrumblist\",\"itemListElement\":[{\"@type\":\"ListItem\",\"@id\":\"https:\\\/\\\/www.eldigitaldeasturias.com\\\/noticias#listItem\",\"position\":1,\"name\":\"Home\",\"item\":\"https:\\\/\\\/www.eldigitaldeasturias.com\\\/noticias\",\"nextItem\":{\"@type\":\"ListItem\",\"@id\":\"https:\\\/\\\/www.eldigitaldeasturias.com\\\/noticias\\\/category\\\/actualidad\\\/#listItem\",\"name\":\"Actualidad\"}},{\"@type\":\"ListItem\",\"@id\":\"https:\\\/\\\/www.eldigitaldeasturias.com\\\/noticias\\\/category\\\/actualidad\\\/#listItem\",\"position\":2,\"name\":\"Actualidad\",\"item\":\"https:\\\/\\\/www.eldigitaldeasturias.com\\\/noticias\\\/category\\\/actualidad\\\/\",\"nextItem\":{\"@type\":\"ListItem\",\"@id\":\"https:\\\/\\\/www.eldigitaldeasturias.com\\\/noticias\\\/evo-morales-investiga-su-origen-indigena\\\/#listItem\",\"name\":\"Evo Morales investiga su origen ind\\u00edgena\"},\"previousItem\":{\"@type\":\"ListItem\",\"@id\":\"https:\\\/\\\/www.eldigitaldeasturias.com\\\/noticias#listItem\",\"name\":\"Home\"}},{\"@type\":\"ListItem\",\"@id\":\"https:\\\/\\\/www.eldigitaldeasturias.com\\\/noticias\\\/evo-morales-investiga-su-origen-indigena\\\/#listItem\",\"position\":3,\"name\":\"Evo Morales investiga su origen ind\\u00edgena\",\"previousItem\":{\"@type\":\"ListItem\",\"@id\":\"https:\\\/\\\/www.eldigitaldeasturias.com\\\/noticias\\\/category\\\/actualidad\\\/#listItem\",\"name\":\"Actualidad\"}}]},{\"@type\":\"Organization\",\"@id\":\"https:\\\/\\\/www.eldigitaldeasturias.com\\\/noticias\\\/#organization\",\"name\":\"El Digital de Asturias\",\"description\":\"Hemeroteca\",\"url\":\"https:\\\/\\\/www.eldigitaldeasturias.com\\\/noticias\\\/\",\"email\":\"info@eldigitaldeasturias.com\",\"telephone\":\"+34652131393\",\"logo\":{\"@type\":\"ImageObject\",\"url\":\"https:\\\/\\\/www.eldigitaldeasturias.com\\\/noticias\\\/wp-content\\\/uploads\\\/2020\\\/12\\\/EDA.jpg\",\"@id\":\"https:\\\/\\\/www.eldigitaldeasturias.com\\\/noticias\\\/evo-morales-investiga-su-origen-indigena\\\/#organizationLogo\"},\"image\":{\"@id\":\"https:\\\/\\\/www.eldigitaldeasturias.com\\\/noticias\\\/evo-morales-investiga-su-origen-indigena\\\/#organizationLogo\"},\"sameAs\":[\"https:\\\/\\\/facebook.com\\\/eldigitaldeasturias\",\"https:\\\/\\\/www.youtube.com\\\/channel\\\/UCZP-2wLEB9Rv6erhFmqVnvg\"],\"address\":{\"@id\":\"https:\\\/\\\/www.eldigitaldeasturias.com\\\/noticias\\\/#postaladdress\",\"@type\":\"PostalAddress\",\"streetAddress\":\"san antonio 4\",\"postalCode\":\"33430\",\"addressLocality\":\"Cand\\u00e1s\",\"addressRegion\":\"Asturias\",\"addressCountry\":\"ES\"}},{\"@type\":\"Person\",\"@id\":\"https:\\\/\\\/www.eldigitaldeasturias.com\\\/noticias\\\/author\\\/admin\\\/#author\",\"url\":\"https:\\\/\\\/www.eldigitaldeasturias.com\\\/noticias\\\/author\\\/admin\\\/\",\"name\":\"El Digital de Asturias\",\"image\":{\"@type\":\"ImageObject\",\"@id\":\"https:\\\/\\\/www.eldigitaldeasturias.com\\\/noticias\\\/evo-morales-investiga-su-origen-indigena\\\/#authorImage\",\"url\":\"https:\\\/\\\/secure.gravatar.com\\\/avatar\\\/df2aeffc32bcd13f8d26072ef8a91b623d677766deac7f97ca815868cd41bf5e?s=96&d=mm&r=g\",\"width\":96,\"height\":96,\"caption\":\"El Digital de Asturias\"}},{\"@type\":\"WebPage\",\"@id\":\"https:\\\/\\\/www.eldigitaldeasturias.com\\\/noticias\\\/evo-morales-investiga-su-origen-indigena\\\/#webpage\",\"url\":\"https:\\\/\\\/www.eldigitaldeasturias.com\\\/noticias\\\/evo-morales-investiga-su-origen-indigena\\\/\",\"name\":\"Evo Morales investiga su origen ind\\u00edgena - El Digital de Asturias\",\"description\":\"La Paz, 8 feb (dpa) - El presidente de Bolivia, Evo Morales, revel\\u00f3 hoy que investiga el origen ind\\u00edgena de su familia, asentada en el departamento andino de Oruro, al suroeste de La Paz. \\\"Mi primo Rom\\u00e1n Morales Zenteno est\\u00e1 investigando de d\\u00f3nde venimos los Morales\\\", afirm\\u00f3 hoy el mandatario durante un acto p\\u00fablico realizado\",\"inLanguage\":\"es-ES\",\"isPartOf\":{\"@id\":\"https:\\\/\\\/www.eldigitaldeasturias.com\\\/noticias\\\/#website\"},\"breadcrumb\":{\"@id\":\"https:\\\/\\\/www.eldigitaldeasturias.com\\\/noticias\\\/evo-morales-investiga-su-origen-indigena\\\/#breadcrumblist\"},\"author\":{\"@id\":\"https:\\\/\\\/www.eldigitaldeasturias.com\\\/noticias\\\/author\\\/admin\\\/#author\"},\"creator\":{\"@id\":\"https:\\\/\\\/www.eldigitaldeasturias.com\\\/noticias\\\/author\\\/admin\\\/#author\"},\"image\":{\"@type\":\"ImageObject\",\"url\":466906,\"@id\":\"https:\\\/\\\/www.eldigitaldeasturias.com\\\/noticias\\\/evo-morales-investiga-su-origen-indigena\\\/#mainImage\"},\"primaryImageOfPage\":{\"@id\":\"https:\\\/\\\/www.eldigitaldeasturias.com\\\/noticias\\\/evo-morales-investiga-su-origen-indigena\\\/#mainImage\"},\"datePublished\":\"2014-02-08T23:53:41+01:00\",\"dateModified\":\"2014-02-08T23:53:41+01:00\"},{\"@type\":\"WebSite\",\"@id\":\"https:\\\/\\\/www.eldigitaldeasturias.com\\\/noticias\\\/#website\",\"url\":\"https:\\\/\\\/www.eldigitaldeasturias.com\\\/noticias\\\/\",\"name\":\"El Digital de Asturias - Diario de actualidad y noticias\",\"alternateName\":\"El Digital de Asturias - Diario de actualidad y noticias\",\"description\":\"Hemeroteca\",\"inLanguage\":\"es-ES\",\"publisher\":{\"@id\":\"https:\\\/\\\/www.eldigitaldeasturias.com\\\/noticias\\\/#organization\"}}]}\n\t\t<\/script>\n\t\t<!-- All in One SEO Pro -->\r\n\t\t<title>Evo Morales investiga su origen ind\u00edgena - El Digital de Asturias<\/title>\n\n","aioseo_head_json":{"title":"Evo Morales investiga su origen ind\u00edgena - El Digital de Asturias","description":"La Paz, 8 feb (dpa) - El presidente de Bolivia, Evo Morales, revel\u00f3 hoy que investiga el origen ind\u00edgena de su familia, asentada en el departamento andino de Oruro, al suroeste de La Paz. \"Mi primo Rom\u00e1n Morales Zenteno est\u00e1 investigando de d\u00f3nde venimos los Morales\", afirm\u00f3 hoy el mandatario durante un acto p\u00fablico realizado","canonical_url":"https:\/\/www.eldigitaldeasturias.com\/noticias\/evo-morales-investiga-su-origen-indigena\/","robots":"max-image-preview:large","keywords":"actualidad","webmasterTools":{"google-site-verification":"UA-38556648-1","msvalidate.01":"7dfe9f3f1b24437ab69f4f2559babe99","miscellaneous":""},"schema":{"@context":"https:\/\/schema.org","@graph":[{"@type":"BlogPosting","@id":"https:\/\/www.eldigitaldeasturias.com\/noticias\/evo-morales-investiga-su-origen-indigena\/#blogposting","name":"Evo Morales investiga su origen ind\u00edgena - El Digital de Asturias","headline":"Evo Morales investiga su origen ind\u00edgena","author":{"@id":"https:\/\/www.eldigitaldeasturias.com\/noticias\/author\/admin\/#author"},"publisher":{"@id":"https:\/\/www.eldigitaldeasturias.com\/noticias\/#organization"},"image":{"@type":"ImageObject","url":466906},"datePublished":"2014-02-08T23:53:41+01:00","dateModified":"2014-02-08T23:53:41+01:00","inLanguage":"es-ES","mainEntityOfPage":{"@id":"https:\/\/www.eldigitaldeasturias.com\/noticias\/evo-morales-investiga-su-origen-indigena\/#webpage"},"isPartOf":{"@id":"https:\/\/www.eldigitaldeasturias.com\/noticias\/evo-morales-investiga-su-origen-indigena\/#webpage"},"articleSection":"Actualidad"},{"@type":"BreadcrumbList","@id":"https:\/\/www.eldigitaldeasturias.com\/noticias\/evo-morales-investiga-su-origen-indigena\/#breadcrumblist","itemListElement":[{"@type":"ListItem","@id":"https:\/\/www.eldigitaldeasturias.com\/noticias#listItem","position":1,"name":"Home","item":"https:\/\/www.eldigitaldeasturias.com\/noticias","nextItem":{"@type":"ListItem","@id":"https:\/\/www.eldigitaldeasturias.com\/noticias\/category\/actualidad\/#listItem","name":"Actualidad"}},{"@type":"ListItem","@id":"https:\/\/www.eldigitaldeasturias.com\/noticias\/category\/actualidad\/#listItem","position":2,"name":"Actualidad","item":"https:\/\/www.eldigitaldeasturias.com\/noticias\/category\/actualidad\/","nextItem":{"@type":"ListItem","@id":"https:\/\/www.eldigitaldeasturias.com\/noticias\/evo-morales-investiga-su-origen-indigena\/#listItem","name":"Evo Morales investiga su origen ind\u00edgena"},"previousItem":{"@type":"ListItem","@id":"https:\/\/www.eldigitaldeasturias.com\/noticias#listItem","name":"Home"}},{"@type":"ListItem","@id":"https:\/\/www.eldigitaldeasturias.com\/noticias\/evo-morales-investiga-su-origen-indigena\/#listItem","position":3,"name":"Evo Morales investiga su origen ind\u00edgena","previousItem":{"@type":"ListItem","@id":"https:\/\/www.eldigitaldeasturias.com\/noticias\/category\/actualidad\/#listItem","name":"Actualidad"}}]},{"@type":"Organization","@id":"https:\/\/www.eldigitaldeasturias.com\/noticias\/#organization","name":"El Digital de Asturias","description":"Hemeroteca","url":"https:\/\/www.eldigitaldeasturias.com\/noticias\/","email":"info@eldigitaldeasturias.com","telephone":"+34652131393","logo":{"@type":"ImageObject","url":"https:\/\/www.eldigitaldeasturias.com\/noticias\/wp-content\/uploads\/2020\/12\/EDA.jpg","@id":"https:\/\/www.eldigitaldeasturias.com\/noticias\/evo-morales-investiga-su-origen-indigena\/#organizationLogo"},"image":{"@id":"https:\/\/www.eldigitaldeasturias.com\/noticias\/evo-morales-investiga-su-origen-indigena\/#organizationLogo"},"sameAs":["https:\/\/facebook.com\/eldigitaldeasturias","https:\/\/www.youtube.com\/channel\/UCZP-2wLEB9Rv6erhFmqVnvg"],"address":{"@id":"https:\/\/www.eldigitaldeasturias.com\/noticias\/#postaladdress","@type":"PostalAddress","streetAddress":"san antonio 4","postalCode":"33430","addressLocality":"Cand\u00e1s","addressRegion":"Asturias","addressCountry":"ES"}},{"@type":"Person","@id":"https:\/\/www.eldigitaldeasturias.com\/noticias\/author\/admin\/#author","url":"https:\/\/www.eldigitaldeasturias.com\/noticias\/author\/admin\/","name":"El Digital de Asturias","image":{"@type":"ImageObject","@id":"https:\/\/www.eldigitaldeasturias.com\/noticias\/evo-morales-investiga-su-origen-indigena\/#authorImage","url":"https:\/\/secure.gravatar.com\/avatar\/df2aeffc32bcd13f8d26072ef8a91b623d677766deac7f97ca815868cd41bf5e?s=96&d=mm&r=g","width":96,"height":96,"caption":"El Digital de Asturias"}},{"@type":"WebPage","@id":"https:\/\/www.eldigitaldeasturias.com\/noticias\/evo-morales-investiga-su-origen-indigena\/#webpage","url":"https:\/\/www.eldigitaldeasturias.com\/noticias\/evo-morales-investiga-su-origen-indigena\/","name":"Evo Morales investiga su origen ind\u00edgena - El Digital de Asturias","description":"La Paz, 8 feb (dpa) - El presidente de Bolivia, Evo Morales, revel\u00f3 hoy que investiga el origen ind\u00edgena de su familia, asentada en el departamento andino de Oruro, al suroeste de La Paz. \"Mi primo Rom\u00e1n Morales Zenteno est\u00e1 investigando de d\u00f3nde venimos los Morales\", afirm\u00f3 hoy el mandatario durante un acto p\u00fablico realizado","inLanguage":"es-ES","isPartOf":{"@id":"https:\/\/www.eldigitaldeasturias.com\/noticias\/#website"},"breadcrumb":{"@id":"https:\/\/www.eldigitaldeasturias.com\/noticias\/evo-morales-investiga-su-origen-indigena\/#breadcrumblist"},"author":{"@id":"https:\/\/www.eldigitaldeasturias.com\/noticias\/author\/admin\/#author"},"creator":{"@id":"https:\/\/www.eldigitaldeasturias.com\/noticias\/author\/admin\/#author"},"image":{"@type":"ImageObject","url":466906,"@id":"https:\/\/www.eldigitaldeasturias.com\/noticias\/evo-morales-investiga-su-origen-indigena\/#mainImage"},"primaryImageOfPage":{"@id":"https:\/\/www.eldigitaldeasturias.com\/noticias\/evo-morales-investiga-su-origen-indigena\/#mainImage"},"datePublished":"2014-02-08T23:53:41+01:00","dateModified":"2014-02-08T23:53:41+01:00"},{"@type":"WebSite","@id":"https:\/\/www.eldigitaldeasturias.com\/noticias\/#website","url":"https:\/\/www.eldigitaldeasturias.com\/noticias\/","name":"El Digital de Asturias - Diario de actualidad y noticias","alternateName":"El Digital de Asturias - Diario de actualidad y noticias","description":"Hemeroteca","inLanguage":"es-ES","publisher":{"@id":"https:\/\/www.eldigitaldeasturias.com\/noticias\/#organization"}}]},"og:locale":"es_ES","og:site_name":"El Digital de Asturias","og:type":"article","og:title":"Evo Morales investiga su origen ind\u00edgena - El Digital de Asturias","og:description":"La Paz, 8 feb (dpa) - El presidente de Bolivia, Evo Morales, revel\u00f3 hoy que investiga el origen ind\u00edgena de su familia, asentada en el departamento andino de Oruro, al suroeste de La Paz. &quot;Mi primo Rom\u00e1n Morales Zenteno est\u00e1 investigando de d\u00f3nde venimos los Morales&quot;, afirm\u00f3 hoy el mandatario durante un acto p\u00fablico realizado","og:url":"https:\/\/www.eldigitaldeasturias.com\/noticias\/evo-morales-investiga-su-origen-indigena\/","article:tag":["actualidad"],"article:published_time":"2014-02-09T00:53:41+00:00","article:modified_time":"2014-02-09T00:53:41+00:00","article:publisher":"https:\/\/facebook.com\/eldigitaldeasturias","twitter:card":"summary_large_image","twitter:title":"Evo Morales investiga su origen ind\u00edgena - El Digital de Asturias","twitter:description":"La Paz, 8 feb (dpa) - El presidente de Bolivia, Evo Morales, revel\u00f3 hoy que investiga el origen ind\u00edgena de su familia, asentada en el departamento andino de Oruro, al suroeste de La Paz. &quot;Mi primo Rom\u00e1n Morales Zenteno est\u00e1 investigando de d\u00f3nde venimos los Morales&quot;, afirm\u00f3 hoy el mandatario durante un acto p\u00fablico realizado","twitter:label1":"Escrito por","twitter:data1":"El Digital de Asturias","twitter:label2":"Tiempo de lectura estimado","twitter:data2":"1 minuto"},"aioseo_meta_data":{"post_id":"487019","title":null,"description":null,"keywords":null,"keyphrases":null,"primary_term":null,"canonical_url":null,"og_title":null,"og_description":null,"og_object_type":"default","og_image_type":"default","og_image_url":null,"og_image_width":null,"og_image_height":null,"og_image_custom_url":null,"og_image_custom_fields":null,"og_video":null,"og_custom_url":null,"og_article_section":null,"og_article_tags":null,"twitter_use_og":true,"twitter_card":"default","twitter_image_type":"default","twitter_image_url":null,"twitter_image_custom_url":null,"twitter_image_custom_fields":null,"twitter_title":null,"twitter_description":null,"schema":{"blockGraphs":[],"customGraphs":[],"default":{"data":{"Article":[],"Course":[],"Dataset":[],"FAQPage":[],"Movie":[],"Person":[],"Product":[],"ProductReview":[],"Car":[],"Recipe":[],"Service":[],"SoftwareApplication":[],"WebPage":[]},"graphName":"","isEnabled":true},"graphs":[],"defaultGraph":"","defaultPostTypeGraph":""},"schema_type":null,"schema_type_options":null,"pillar_content":false,"robots_default":true,"robots_noindex":false,"robots_noarchive":false,"robots_nosnippet":false,"robots_nofollow":false,"robots_noimageindex":false,"robots_noodp":false,"robots_notranslate":false,"robots_max_snippet":null,"robots_max_videopreview":null,"robots_max_imagepreview":"none","priority":null,"frequency":null,"local_seo":null,"seo_analyzer_scan_date":"2026-06-03 03:24:18","breadcrumb_settings":null,"limit_modified_date":false,"open_ai":null,"ai":null,"created":"2020-11-14 22:56:17","updated":"2026-06-03 03:24:18","focus_keyword":null,"additional_keywords":null,"truseo_locale":null},"aioseo_breadcrumb":"<div class=\"aioseo-breadcrumbs\"><span class=\"aioseo-breadcrumb\">\n\t<a href=\"https:\/\/www.eldigitaldeasturias.com\/noticias\" title=\"Home\">Home<\/a>\n<\/span><span class=\"aioseo-breadcrumb-separator\">\u2013<\/span><span class=\"aioseo-breadcrumb\">\n\t<a href=\"https:\/\/www.eldigitaldeasturias.com\/noticias\/category\/actualidad\/\" title=\"Actualidad\">Actualidad<\/a>\n<\/span><span class=\"aioseo-breadcrumb-separator\">\u2013<\/span><span class=\"aioseo-breadcrumb\">\n\t<a href=\"https:\/\/www.eldigitaldeasturias.com\/noticias\/evo-morales-investiga-su-origen-indigena\/\" title=\"Evo Morales investiga su origen ind\u00edgena\">Evo Morales investiga su origen ind\u00edgena<\/a>\n<\/span><\/div>","aioseo_breadcrumb_json":[{"label":"Home","link":"https:\/\/www.eldigitaldeasturias.com\/noticias"},{"label":"Actualidad","link":"https:\/\/www.eldigitaldeasturias.com\/noticias\/category\/actualidad\/"},{"label":"Evo Morales investiga su origen ind\u00edgena","link":"https:\/\/www.eldigitaldeasturias.com\/noticias\/evo-morales-investiga-su-origen-indigena\/"}],"_links":{"self":[{"href":"https:\/\/www.eldigitaldeasturias.com\/noticias\/wp-json\/wp\/v2\/posts\/487019","targetHints":{"allow":["GET"]}}],"collection":[{"href":"https:\/\/www.eldigitaldeasturias.com\/noticias\/wp-json\/wp\/v2\/posts"}],"about":[{"href":"https:\/\/www.eldigitaldeasturias.com\/noticias\/wp-json\/wp\/v2\/types\/post"}],"author":[{"embeddable":true,"href":"https:\/\/www.eldigitaldeasturias.com\/noticias\/wp-json\/wp\/v2\/users\/1"}],"replies":[{"embeddable":true,"href":"https:\/\/www.eldigitaldeasturias.com\/noticias\/wp-json\/wp\/v2\/comments?post=487019"}],"version-history":[{"count":0,"href":"https:\/\/www.eldigitaldeasturias.com\/noticias\/wp-json\/wp\/v2\/posts\/487019\/revisions"}],"wp:attachment":[{"href":"https:\/\/www.eldigitaldeasturias.com\/noticias\/wp-json\/wp\/v2\/media?parent=487019"}],"wp:term":[{"taxonomy":"category","embeddable":true,"href":"https:\/\/www.eldigitaldeasturias.com\/noticias\/wp-json\/wp\/v2\/categories?post=487019"},{"taxonomy":"post_tag","embeddable":true,"href":"https:\/\/www.eldigitaldeasturias.com\/noticias\/wp-json\/wp\/v2\/tags?post=487019"}],"curies":[{"name":"wp","href":"https:\/\/api.w.org\/{rel}","templated":true}]}}