{"id":487017,"date":"2014-02-08T23:51:55","date_gmt":"2014-02-09T00:51:55","guid":{"rendered":"http:\/\/www.eldigitaldeasturias.com\/noticias\/?p=487017"},"modified":"2014-02-08T23:51:55","modified_gmt":"2014-02-09T00:51:55","slug":"bosnia-un-polvorin-azotado-por-rebeliones-de-hambre","status":"publish","type":"post","link":"https:\/\/www.eldigitaldeasturias.com\/noticias\/bosnia-un-polvorin-azotado-por-rebeliones-de-hambre\/","title":{"rendered":"Bosnia, un polvor\u00edn azotado por \u00abrebeliones de hambre\u00bb"},"content":{"rendered":"<p><img loading=\"lazy\" decoding=\"async\" class=\"alignleft size-medium wp-image-486483\" alt=\"5922706w\" src=\"https:\/\/www.eldigitaldeasturias.com\/noticias\/wp-content\/uploads\/2014\/02\/5922706w-360x240.jpg\" width=\"360\" height=\"240\" \/>Sarajevo, 8 feb (dpa) &#8211; Tras las violentas protestas en toda Bosnia, los pol\u00edticos y expertos tienen dificultades para poner orden en el \u00abtsunami de ciudadanos estafados\u00bb. Algunos especialistas locales hablan de \u00abrebeliones de hambre\u00bb. El ministro del Interior Fahrudin Radoncic describe las protestas como \u00abun golpe del pueblo contra la mafia estatal\u00bb. Diarios como \u00abBlic\u00bb y \u00abKurir\u00bb en la vecina Serbia creen que est\u00e1 surgiendo una \u00abprimavera bosnia\u00bb.<\/p>\n<p>Los manifestantes presentaron por primera vez demandas pol\u00edticas en ese sentido. El n\u00facleo: la renuncia de todos los pol\u00edticos que debido a su inoperancia y su nacionalismo ser\u00edan culpables de dos d\u00e9cadas de miseria, vuelta atr\u00e1s con las \u00abprivatizaciones criminales\u00bb, expropiaci\u00f3n de los \u00abdelincuentes econ\u00f3micos\u00bb y un seguro de sanidad m\u00ednimo para los ciudadanos.<\/p>\n<p>En la ciudad de Bihac, en el oeste del pa\u00eds, manifestantes demolieron el hotel Emporium, perteneciente a un familiar del jefe de gobierno regional. En Mostar, en el sur, las centrales partidarias de la SDA musulmana y de la HDZ croata fueron devastadas. Los dos partidos se repartieron estrictamente la ciudad, destino de miles de turistas extranjeros al a\u00f1o, y de esa forma la bloquearon.<\/p>\n<p>\u00abEn los \u00faltimos 20 a\u00f1os se acumularon el enojo y la rebeli\u00f3n, as\u00ed como un gran descontento social\u00bb, dice el profesor de filosof\u00eda Salih Foco en Sarajevo y nombra uno de los muchos motivos: \u00abNo se trat\u00f3 de una privatizaci\u00f3n (de las empresas estatales), sino de un robo de la propiedad del Estado, de la sociedad y de los trabajadores\u00bb.<\/p>\n<p>\u00abLa existencia de una mayor\u00eda de la poblaci\u00f3n est\u00e1 tan amenazada que las personas luchan por su supervivencia biol\u00f3gica\u00bb, afirma el decano de la Facultad de Ciencias Pol\u00edticas Sacir Filandra.<\/p>\n<p>Apenas la semana pasada, el Parlamento Europeo en Estrasburgo mencion\u00f3 los problemas de la miseria bosnia y pidi\u00f3 a los enemistados pol\u00edticos de los bosnios musulmanes, los serbios ortodoxos y los croatas cat\u00f3licos ocuparse de una vez de lograr una convivencia medianamente funcional. Debido a esta falta de voluntad de reforma, la Comisi\u00f3n Europea tach\u00f3 incluso 45 millones de euros en ayudas, la mitad de las necesitadas ayudas financieras de Bruselas.<\/p>\n<p>Las dos partes del pa\u00eds, controladas por un lado por los serbios y por el otro por los bosnios y croatas, incluyen adem\u00e1s 11 cantones aut\u00f3nomos. El Estado no tiene mucha injerencia, mientras que los pol\u00edticos regionales y locales parecen tener mucho que decir. La administraci\u00f3n, considerada extremadamente corrupta, consume casi todo el presupuesto estatal. Debido a las privatizaciones criminales, la industria est\u00e1 destruida y la infraestructura se encuentra por los suelos. Depende de qu\u00e9 c\u00e1lculo se realice, hay entre un tercio e incluso m\u00e1s personas sin trabajo.<\/p>\n<p>Lo peor es que no hay alternativas pol\u00edticas porque, sin excepciones, todos los partidos apuestan al nacionalismo como instrumento de dominio. El malestar social podr\u00eda, sin embargo, poner fin a ese c\u00edrculo vicioso.<\/p>\n<p>Por Thomas Brey<\/p>\n","protected":false},"excerpt":{"rendered":"<p>Sarajevo, 8 feb (dpa) &#8211; Tras las violentas protestas en toda Bosnia, los pol\u00edticos y expertos tienen dificultades para poner orden en el \u00abtsunami de ciudadanos estafados\u00bb. Algunos especialistas locales hablan de \u00abrebeliones de hambre\u00bb. El ministro del Interior Fahrudin Radoncic describe las protestas como \u00abun golpe del pueblo contra la mafia estatal\u00bb. Diarios como [&hellip;]<\/p>\n","protected":false},"author":1,"featured_media":486483,"comment_status":"open","ping_status":"open","sticky":false,"template":"","format":"standard","meta":{"footnotes":""},"categories":[1],"tags":[],"class_list":["post-487017","post","type-post","status-publish","format-standard","has-post-thumbnail","hentry","category-actualidad"],"aioseo_notices":[],"aioseo_head":"\n\t\t<!-- All in One SEO Pro 5.0.1 - aioseo.com -->\n\t<meta name=\"description\" content=\"Sarajevo, 8 feb (dpa) - Tras las violentas protestas en toda Bosnia, los pol\u00edticos y expertos tienen dificultades para poner orden en el &quot;tsunami de ciudadanos estafados&quot;. Algunos especialistas locales hablan de &quot;rebeliones de hambre&quot;. El ministro del Interior Fahrudin Radoncic describe las protestas como &quot;un golpe del pueblo contra la mafia estatal&quot;. Diarios como\" \/>\n\t<meta name=\"robots\" content=\"max-image-preview:large\" \/>\n\t<meta name=\"author\" content=\"El Digital de Asturias\"\/>\n\t<meta name=\"google-site-verification\" content=\"UA-38556648-1\" \/>\n\t<meta name=\"msvalidate.01\" content=\"7dfe9f3f1b24437ab69f4f2559babe99\" \/>\n\t<meta name=\"keywords\" content=\"actualidad\" \/>\n\t<link rel=\"canonical\" href=\"https:\/\/www.eldigitaldeasturias.com\/noticias\/bosnia-un-polvorin-azotado-por-rebeliones-de-hambre\/\" \/>\n\t<meta name=\"generator\" content=\"All in One SEO Pro (AIOSEO) 5.0.1\" \/>\n\t\t<meta property=\"og:locale\" content=\"es_ES\" \/>\n\t\t<meta property=\"og:site_name\" content=\"El Digital de Asturias\" \/>\n\t\t<meta property=\"og:type\" content=\"article\" \/>\n\t\t<meta property=\"og:title\" content=\"Bosnia, un polvor\u00edn azotado por \u00abrebeliones de hambre\u00bb - El Digital de Asturias\" \/>\n\t\t<meta property=\"og:description\" content=\"Sarajevo, 8 feb (dpa) - Tras las violentas protestas en toda Bosnia, los pol\u00edticos y expertos tienen dificultades para poner orden en el &quot;tsunami de ciudadanos estafados&quot;. Algunos especialistas locales hablan de &quot;rebeliones de hambre&quot;. El ministro del Interior Fahrudin Radoncic describe las protestas como &quot;un golpe del pueblo contra la mafia estatal&quot;. Diarios como\" \/>\n\t\t<meta property=\"og:url\" content=\"https:\/\/www.eldigitaldeasturias.com\/noticias\/bosnia-un-polvorin-azotado-por-rebeliones-de-hambre\/\" \/>\n\t\t<meta property=\"article:tag\" content=\"actualidad\" \/>\n\t\t<meta property=\"article:published_time\" content=\"2014-02-09T00:51:55+00:00\" \/>\n\t\t<meta property=\"article:modified_time\" content=\"2014-02-09T00:51:55+00:00\" \/>\n\t\t<meta property=\"article:publisher\" content=\"https:\/\/facebook.com\/eldigitaldeasturias\" \/>\n\t\t<meta name=\"twitter:card\" content=\"summary_large_image\" \/>\n\t\t<meta name=\"twitter:title\" content=\"Bosnia, un polvor\u00edn azotado por \u00abrebeliones de hambre\u00bb - El Digital de Asturias\" \/>\n\t\t<meta name=\"twitter:description\" content=\"Sarajevo, 8 feb (dpa) - Tras las violentas protestas en toda Bosnia, los pol\u00edticos y expertos tienen dificultades para poner orden en el &quot;tsunami de ciudadanos estafados&quot;. Algunos especialistas locales hablan de &quot;rebeliones de hambre&quot;. El ministro del Interior Fahrudin Radoncic describe las protestas como &quot;un golpe del pueblo contra la mafia estatal&quot;. Diarios como\" \/>\n\t\t<meta name=\"twitter:label1\" content=\"Escrito por\" \/>\n\t\t<meta name=\"twitter:data1\" content=\"El Digital de Asturias\" \/>\n\t\t<meta name=\"twitter:label2\" content=\"Tiempo de lectura estimado\" \/>\n\t\t<meta name=\"twitter:data2\" content=\"3 minutos\" \/>\n\t\t<script type=\"application\/ld+json\" class=\"aioseo-schema\">\n\t\t\t{\"@context\":\"https:\\\/\\\/schema.org\",\"@graph\":[{\"@type\":\"BlogPosting\",\"@id\":\"https:\\\/\\\/www.eldigitaldeasturias.com\\\/noticias\\\/bosnia-un-polvorin-azotado-por-rebeliones-de-hambre\\\/#blogposting\",\"name\":\"Bosnia, un polvor\\u00edn azotado por \\u00abrebeliones de hambre\\u00bb - El Digital de Asturias\",\"headline\":\"Bosnia, un polvor\\u00edn azotado por \\u00abrebeliones de hambre\\u00bb\",\"author\":{\"@id\":\"https:\\\/\\\/www.eldigitaldeasturias.com\\\/noticias\\\/author\\\/admin\\\/#author\"},\"publisher\":{\"@id\":\"https:\\\/\\\/www.eldigitaldeasturias.com\\\/noticias\\\/#organization\"},\"image\":{\"@type\":\"ImageObject\",\"url\":486483},\"datePublished\":\"2014-02-08T23:51:55+01:00\",\"dateModified\":\"2014-02-08T23:51:55+01:00\",\"inLanguage\":\"es-ES\",\"mainEntityOfPage\":{\"@id\":\"https:\\\/\\\/www.eldigitaldeasturias.com\\\/noticias\\\/bosnia-un-polvorin-azotado-por-rebeliones-de-hambre\\\/#webpage\"},\"isPartOf\":{\"@id\":\"https:\\\/\\\/www.eldigitaldeasturias.com\\\/noticias\\\/bosnia-un-polvorin-azotado-por-rebeliones-de-hambre\\\/#webpage\"},\"articleSection\":\"Actualidad\"},{\"@type\":\"BreadcrumbList\",\"@id\":\"https:\\\/\\\/www.eldigitaldeasturias.com\\\/noticias\\\/bosnia-un-polvorin-azotado-por-rebeliones-de-hambre\\\/#breadcrumblist\",\"itemListElement\":[{\"@type\":\"ListItem\",\"@id\":\"https:\\\/\\\/www.eldigitaldeasturias.com\\\/noticias#listItem\",\"position\":1,\"name\":\"Home\",\"item\":\"https:\\\/\\\/www.eldigitaldeasturias.com\\\/noticias\",\"nextItem\":{\"@type\":\"ListItem\",\"@id\":\"https:\\\/\\\/www.eldigitaldeasturias.com\\\/noticias\\\/category\\\/actualidad\\\/#listItem\",\"name\":\"Actualidad\"}},{\"@type\":\"ListItem\",\"@id\":\"https:\\\/\\\/www.eldigitaldeasturias.com\\\/noticias\\\/category\\\/actualidad\\\/#listItem\",\"position\":2,\"name\":\"Actualidad\",\"item\":\"https:\\\/\\\/www.eldigitaldeasturias.com\\\/noticias\\\/category\\\/actualidad\\\/\",\"nextItem\":{\"@type\":\"ListItem\",\"@id\":\"https:\\\/\\\/www.eldigitaldeasturias.com\\\/noticias\\\/bosnia-un-polvorin-azotado-por-rebeliones-de-hambre\\\/#listItem\",\"name\":\"Bosnia, un polvor\\u00edn azotado por \\u00abrebeliones de hambre\\u00bb\"},\"previousItem\":{\"@type\":\"ListItem\",\"@id\":\"https:\\\/\\\/www.eldigitaldeasturias.com\\\/noticias#listItem\",\"name\":\"Home\"}},{\"@type\":\"ListItem\",\"@id\":\"https:\\\/\\\/www.eldigitaldeasturias.com\\\/noticias\\\/bosnia-un-polvorin-azotado-por-rebeliones-de-hambre\\\/#listItem\",\"position\":3,\"name\":\"Bosnia, un polvor\\u00edn azotado por \\u00abrebeliones de hambre\\u00bb\",\"previousItem\":{\"@type\":\"ListItem\",\"@id\":\"https:\\\/\\\/www.eldigitaldeasturias.com\\\/noticias\\\/category\\\/actualidad\\\/#listItem\",\"name\":\"Actualidad\"}}]},{\"@type\":\"Organization\",\"@id\":\"https:\\\/\\\/www.eldigitaldeasturias.com\\\/noticias\\\/#organization\",\"name\":\"El Digital de Asturias\",\"description\":\"Hemeroteca\",\"url\":\"https:\\\/\\\/www.eldigitaldeasturias.com\\\/noticias\\\/\",\"email\":\"info@eldigitaldeasturias.com\",\"telephone\":\"+34652131393\",\"logo\":{\"@type\":\"ImageObject\",\"url\":\"https:\\\/\\\/www.eldigitaldeasturias.com\\\/noticias\\\/wp-content\\\/uploads\\\/2020\\\/12\\\/EDA.jpg\",\"@id\":\"https:\\\/\\\/www.eldigitaldeasturias.com\\\/noticias\\\/bosnia-un-polvorin-azotado-por-rebeliones-de-hambre\\\/#organizationLogo\"},\"image\":{\"@id\":\"https:\\\/\\\/www.eldigitaldeasturias.com\\\/noticias\\\/bosnia-un-polvorin-azotado-por-rebeliones-de-hambre\\\/#organizationLogo\"},\"sameAs\":[\"https:\\\/\\\/facebook.com\\\/eldigitaldeasturias\",\"https:\\\/\\\/www.youtube.com\\\/channel\\\/UCZP-2wLEB9Rv6erhFmqVnvg\"],\"address\":{\"@id\":\"https:\\\/\\\/www.eldigitaldeasturias.com\\\/noticias\\\/#postaladdress\",\"@type\":\"PostalAddress\",\"streetAddress\":\"san antonio 4\",\"postalCode\":\"33430\",\"addressLocality\":\"Cand\\u00e1s\",\"addressRegion\":\"Asturias\",\"addressCountry\":\"ES\"}},{\"@type\":\"Person\",\"@id\":\"https:\\\/\\\/www.eldigitaldeasturias.com\\\/noticias\\\/author\\\/admin\\\/#author\",\"url\":\"https:\\\/\\\/www.eldigitaldeasturias.com\\\/noticias\\\/author\\\/admin\\\/\",\"name\":\"El Digital de Asturias\",\"image\":{\"@type\":\"ImageObject\",\"@id\":\"https:\\\/\\\/www.eldigitaldeasturias.com\\\/noticias\\\/bosnia-un-polvorin-azotado-por-rebeliones-de-hambre\\\/#authorImage\",\"url\":\"https:\\\/\\\/secure.gravatar.com\\\/avatar\\\/df2aeffc32bcd13f8d26072ef8a91b623d677766deac7f97ca815868cd41bf5e?s=96&d=mm&r=g\",\"width\":96,\"height\":96,\"caption\":\"El Digital de Asturias\"}},{\"@type\":\"WebPage\",\"@id\":\"https:\\\/\\\/www.eldigitaldeasturias.com\\\/noticias\\\/bosnia-un-polvorin-azotado-por-rebeliones-de-hambre\\\/#webpage\",\"url\":\"https:\\\/\\\/www.eldigitaldeasturias.com\\\/noticias\\\/bosnia-un-polvorin-azotado-por-rebeliones-de-hambre\\\/\",\"name\":\"Bosnia, un polvor\\u00edn azotado por \\u00abrebeliones de hambre\\u00bb - El Digital de Asturias\",\"description\":\"Sarajevo, 8 feb (dpa) - Tras las violentas protestas en toda Bosnia, los pol\\u00edticos y expertos tienen dificultades para poner orden en el \\\"tsunami de ciudadanos estafados\\\". Algunos especialistas locales hablan de \\\"rebeliones de hambre\\\". El ministro del Interior Fahrudin Radoncic describe las protestas como \\\"un golpe del pueblo contra la mafia estatal\\\". Diarios como\",\"inLanguage\":\"es-ES\",\"isPartOf\":{\"@id\":\"https:\\\/\\\/www.eldigitaldeasturias.com\\\/noticias\\\/#website\"},\"breadcrumb\":{\"@id\":\"https:\\\/\\\/www.eldigitaldeasturias.com\\\/noticias\\\/bosnia-un-polvorin-azotado-por-rebeliones-de-hambre\\\/#breadcrumblist\"},\"author\":{\"@id\":\"https:\\\/\\\/www.eldigitaldeasturias.com\\\/noticias\\\/author\\\/admin\\\/#author\"},\"creator\":{\"@id\":\"https:\\\/\\\/www.eldigitaldeasturias.com\\\/noticias\\\/author\\\/admin\\\/#author\"},\"image\":{\"@type\":\"ImageObject\",\"url\":486483,\"@id\":\"https:\\\/\\\/www.eldigitaldeasturias.com\\\/noticias\\\/bosnia-un-polvorin-azotado-por-rebeliones-de-hambre\\\/#mainImage\"},\"primaryImageOfPage\":{\"@id\":\"https:\\\/\\\/www.eldigitaldeasturias.com\\\/noticias\\\/bosnia-un-polvorin-azotado-por-rebeliones-de-hambre\\\/#mainImage\"},\"datePublished\":\"2014-02-08T23:51:55+01:00\",\"dateModified\":\"2014-02-08T23:51:55+01:00\"},{\"@type\":\"WebSite\",\"@id\":\"https:\\\/\\\/www.eldigitaldeasturias.com\\\/noticias\\\/#website\",\"url\":\"https:\\\/\\\/www.eldigitaldeasturias.com\\\/noticias\\\/\",\"name\":\"El Digital de Asturias - Diario de actualidad y noticias\",\"alternateName\":\"El Digital de Asturias - Diario de actualidad y noticias\",\"description\":\"Hemeroteca\",\"inLanguage\":\"es-ES\",\"publisher\":{\"@id\":\"https:\\\/\\\/www.eldigitaldeasturias.com\\\/noticias\\\/#organization\"}}]}\n\t\t<\/script>\n\t\t<!-- All in One SEO Pro -->\r\n\t\t<title>Bosnia, un polvor\u00edn azotado por \u00abrebeliones de hambre\u00bb - El Digital de Asturias<\/title>\n\n","aioseo_head_json":{"title":"Bosnia, un polvor\u00edn azotado por \u00abrebeliones de hambre\u00bb - El Digital de Asturias","description":"Sarajevo, 8 feb (dpa) - Tras las violentas protestas en toda Bosnia, los pol\u00edticos y expertos tienen dificultades para poner orden en el \"tsunami de ciudadanos estafados\". Algunos especialistas locales hablan de \"rebeliones de hambre\". El ministro del Interior Fahrudin Radoncic describe las protestas como \"un golpe del pueblo contra la mafia estatal\". Diarios como","canonical_url":"https:\/\/www.eldigitaldeasturias.com\/noticias\/bosnia-un-polvorin-azotado-por-rebeliones-de-hambre\/","robots":"max-image-preview:large","keywords":"actualidad","webmasterTools":{"google-site-verification":"UA-38556648-1","msvalidate.01":"7dfe9f3f1b24437ab69f4f2559babe99","miscellaneous":""},"schema":{"@context":"https:\/\/schema.org","@graph":[{"@type":"BlogPosting","@id":"https:\/\/www.eldigitaldeasturias.com\/noticias\/bosnia-un-polvorin-azotado-por-rebeliones-de-hambre\/#blogposting","name":"Bosnia, un polvor\u00edn azotado por \u00abrebeliones de hambre\u00bb - El Digital de Asturias","headline":"Bosnia, un polvor\u00edn azotado por \u00abrebeliones de hambre\u00bb","author":{"@id":"https:\/\/www.eldigitaldeasturias.com\/noticias\/author\/admin\/#author"},"publisher":{"@id":"https:\/\/www.eldigitaldeasturias.com\/noticias\/#organization"},"image":{"@type":"ImageObject","url":486483},"datePublished":"2014-02-08T23:51:55+01:00","dateModified":"2014-02-08T23:51:55+01:00","inLanguage":"es-ES","mainEntityOfPage":{"@id":"https:\/\/www.eldigitaldeasturias.com\/noticias\/bosnia-un-polvorin-azotado-por-rebeliones-de-hambre\/#webpage"},"isPartOf":{"@id":"https:\/\/www.eldigitaldeasturias.com\/noticias\/bosnia-un-polvorin-azotado-por-rebeliones-de-hambre\/#webpage"},"articleSection":"Actualidad"},{"@type":"BreadcrumbList","@id":"https:\/\/www.eldigitaldeasturias.com\/noticias\/bosnia-un-polvorin-azotado-por-rebeliones-de-hambre\/#breadcrumblist","itemListElement":[{"@type":"ListItem","@id":"https:\/\/www.eldigitaldeasturias.com\/noticias#listItem","position":1,"name":"Home","item":"https:\/\/www.eldigitaldeasturias.com\/noticias","nextItem":{"@type":"ListItem","@id":"https:\/\/www.eldigitaldeasturias.com\/noticias\/category\/actualidad\/#listItem","name":"Actualidad"}},{"@type":"ListItem","@id":"https:\/\/www.eldigitaldeasturias.com\/noticias\/category\/actualidad\/#listItem","position":2,"name":"Actualidad","item":"https:\/\/www.eldigitaldeasturias.com\/noticias\/category\/actualidad\/","nextItem":{"@type":"ListItem","@id":"https:\/\/www.eldigitaldeasturias.com\/noticias\/bosnia-un-polvorin-azotado-por-rebeliones-de-hambre\/#listItem","name":"Bosnia, un polvor\u00edn azotado por \u00abrebeliones de hambre\u00bb"},"previousItem":{"@type":"ListItem","@id":"https:\/\/www.eldigitaldeasturias.com\/noticias#listItem","name":"Home"}},{"@type":"ListItem","@id":"https:\/\/www.eldigitaldeasturias.com\/noticias\/bosnia-un-polvorin-azotado-por-rebeliones-de-hambre\/#listItem","position":3,"name":"Bosnia, un polvor\u00edn azotado por \u00abrebeliones de hambre\u00bb","previousItem":{"@type":"ListItem","@id":"https:\/\/www.eldigitaldeasturias.com\/noticias\/category\/actualidad\/#listItem","name":"Actualidad"}}]},{"@type":"Organization","@id":"https:\/\/www.eldigitaldeasturias.com\/noticias\/#organization","name":"El Digital de Asturias","description":"Hemeroteca","url":"https:\/\/www.eldigitaldeasturias.com\/noticias\/","email":"info@eldigitaldeasturias.com","telephone":"+34652131393","logo":{"@type":"ImageObject","url":"https:\/\/www.eldigitaldeasturias.com\/noticias\/wp-content\/uploads\/2020\/12\/EDA.jpg","@id":"https:\/\/www.eldigitaldeasturias.com\/noticias\/bosnia-un-polvorin-azotado-por-rebeliones-de-hambre\/#organizationLogo"},"image":{"@id":"https:\/\/www.eldigitaldeasturias.com\/noticias\/bosnia-un-polvorin-azotado-por-rebeliones-de-hambre\/#organizationLogo"},"sameAs":["https:\/\/facebook.com\/eldigitaldeasturias","https:\/\/www.youtube.com\/channel\/UCZP-2wLEB9Rv6erhFmqVnvg"],"address":{"@id":"https:\/\/www.eldigitaldeasturias.com\/noticias\/#postaladdress","@type":"PostalAddress","streetAddress":"san antonio 4","postalCode":"33430","addressLocality":"Cand\u00e1s","addressRegion":"Asturias","addressCountry":"ES"}},{"@type":"Person","@id":"https:\/\/www.eldigitaldeasturias.com\/noticias\/author\/admin\/#author","url":"https:\/\/www.eldigitaldeasturias.com\/noticias\/author\/admin\/","name":"El Digital de Asturias","image":{"@type":"ImageObject","@id":"https:\/\/www.eldigitaldeasturias.com\/noticias\/bosnia-un-polvorin-azotado-por-rebeliones-de-hambre\/#authorImage","url":"https:\/\/secure.gravatar.com\/avatar\/df2aeffc32bcd13f8d26072ef8a91b623d677766deac7f97ca815868cd41bf5e?s=96&d=mm&r=g","width":96,"height":96,"caption":"El Digital de Asturias"}},{"@type":"WebPage","@id":"https:\/\/www.eldigitaldeasturias.com\/noticias\/bosnia-un-polvorin-azotado-por-rebeliones-de-hambre\/#webpage","url":"https:\/\/www.eldigitaldeasturias.com\/noticias\/bosnia-un-polvorin-azotado-por-rebeliones-de-hambre\/","name":"Bosnia, un polvor\u00edn azotado por \u00abrebeliones de hambre\u00bb - El Digital de Asturias","description":"Sarajevo, 8 feb (dpa) - Tras las violentas protestas en toda Bosnia, los pol\u00edticos y expertos tienen dificultades para poner orden en el \"tsunami de ciudadanos estafados\". Algunos especialistas locales hablan de \"rebeliones de hambre\". El ministro del Interior Fahrudin Radoncic describe las protestas como \"un golpe del pueblo contra la mafia estatal\". Diarios como","inLanguage":"es-ES","isPartOf":{"@id":"https:\/\/www.eldigitaldeasturias.com\/noticias\/#website"},"breadcrumb":{"@id":"https:\/\/www.eldigitaldeasturias.com\/noticias\/bosnia-un-polvorin-azotado-por-rebeliones-de-hambre\/#breadcrumblist"},"author":{"@id":"https:\/\/www.eldigitaldeasturias.com\/noticias\/author\/admin\/#author"},"creator":{"@id":"https:\/\/www.eldigitaldeasturias.com\/noticias\/author\/admin\/#author"},"image":{"@type":"ImageObject","url":486483,"@id":"https:\/\/www.eldigitaldeasturias.com\/noticias\/bosnia-un-polvorin-azotado-por-rebeliones-de-hambre\/#mainImage"},"primaryImageOfPage":{"@id":"https:\/\/www.eldigitaldeasturias.com\/noticias\/bosnia-un-polvorin-azotado-por-rebeliones-de-hambre\/#mainImage"},"datePublished":"2014-02-08T23:51:55+01:00","dateModified":"2014-02-08T23:51:55+01:00"},{"@type":"WebSite","@id":"https:\/\/www.eldigitaldeasturias.com\/noticias\/#website","url":"https:\/\/www.eldigitaldeasturias.com\/noticias\/","name":"El Digital de Asturias - Diario de actualidad y noticias","alternateName":"El Digital de Asturias - Diario de actualidad y noticias","description":"Hemeroteca","inLanguage":"es-ES","publisher":{"@id":"https:\/\/www.eldigitaldeasturias.com\/noticias\/#organization"}}]},"og:locale":"es_ES","og:site_name":"El Digital de Asturias","og:type":"article","og:title":"Bosnia, un polvor\u00edn azotado por \u00abrebeliones de hambre\u00bb - El Digital de Asturias","og:description":"Sarajevo, 8 feb (dpa) - Tras las violentas protestas en toda Bosnia, los pol\u00edticos y expertos tienen dificultades para poner orden en el &quot;tsunami de ciudadanos estafados&quot;. Algunos especialistas locales hablan de &quot;rebeliones de hambre&quot;. El ministro del Interior Fahrudin Radoncic describe las protestas como &quot;un golpe del pueblo contra la mafia estatal&quot;. Diarios como","og:url":"https:\/\/www.eldigitaldeasturias.com\/noticias\/bosnia-un-polvorin-azotado-por-rebeliones-de-hambre\/","article:tag":["actualidad"],"article:published_time":"2014-02-09T00:51:55+00:00","article:modified_time":"2014-02-09T00:51:55+00:00","article:publisher":"https:\/\/facebook.com\/eldigitaldeasturias","twitter:card":"summary_large_image","twitter:title":"Bosnia, un polvor\u00edn azotado por \u00abrebeliones de hambre\u00bb - El Digital de Asturias","twitter:description":"Sarajevo, 8 feb (dpa) - Tras las violentas protestas en toda Bosnia, los pol\u00edticos y expertos tienen dificultades para poner orden en el &quot;tsunami de ciudadanos estafados&quot;. Algunos especialistas locales hablan de &quot;rebeliones de hambre&quot;. El ministro del Interior Fahrudin Radoncic describe las protestas como &quot;un golpe del pueblo contra la mafia estatal&quot;. Diarios como","twitter:label1":"Escrito por","twitter:data1":"El Digital de Asturias","twitter:label2":"Tiempo de lectura estimado","twitter:data2":"3 minutos"},"aioseo_meta_data":{"post_id":"487017","title":null,"description":null,"keywords":null,"keyphrases":null,"primary_term":null,"canonical_url":null,"og_title":null,"og_description":null,"og_object_type":"default","og_image_type":"default","og_image_url":null,"og_image_width":null,"og_image_height":null,"og_image_custom_url":null,"og_image_custom_fields":null,"og_video":null,"og_custom_url":null,"og_article_section":null,"og_article_tags":null,"twitter_use_og":true,"twitter_card":"default","twitter_image_type":"default","twitter_image_url":null,"twitter_image_custom_url":null,"twitter_image_custom_fields":null,"twitter_title":null,"twitter_description":null,"schema":{"blockGraphs":[],"customGraphs":[],"default":{"data":{"Article":[],"Course":[],"Dataset":[],"FAQPage":[],"Movie":[],"Person":[],"Product":[],"ProductReview":[],"Car":[],"Recipe":[],"Service":[],"SoftwareApplication":[],"WebPage":[]},"graphName":"","isEnabled":true},"graphs":[],"defaultGraph":"","defaultPostTypeGraph":""},"schema_type":null,"schema_type_options":null,"pillar_content":false,"robots_default":true,"robots_noindex":false,"robots_noarchive":false,"robots_nosnippet":false,"robots_nofollow":false,"robots_noimageindex":false,"robots_noodp":false,"robots_notranslate":false,"robots_max_snippet":null,"robots_max_videopreview":null,"robots_max_imagepreview":"none","priority":null,"frequency":null,"local_seo":null,"seo_analyzer_scan_date":"2026-06-03 03:21:01","breadcrumb_settings":null,"limit_modified_date":false,"open_ai":null,"ai":null,"created":"2020-11-14 22:56:17","updated":"2026-06-03 03:21:01","focus_keyword":null,"additional_keywords":null,"truseo_locale":null},"aioseo_breadcrumb":"<div class=\"aioseo-breadcrumbs\"><span class=\"aioseo-breadcrumb\">\n\t<a href=\"https:\/\/www.eldigitaldeasturias.com\/noticias\" title=\"Home\">Home<\/a>\n<\/span><span class=\"aioseo-breadcrumb-separator\">\u2013<\/span><span class=\"aioseo-breadcrumb\">\n\t<a href=\"https:\/\/www.eldigitaldeasturias.com\/noticias\/category\/actualidad\/\" title=\"Actualidad\">Actualidad<\/a>\n<\/span><span class=\"aioseo-breadcrumb-separator\">\u2013<\/span><span class=\"aioseo-breadcrumb\">\n\t<a href=\"https:\/\/www.eldigitaldeasturias.com\/noticias\/bosnia-un-polvorin-azotado-por-rebeliones-de-hambre\/\" title=\"Bosnia, un polvor\u00edn azotado por \u00abrebeliones de hambre\u00bb\">Bosnia, un polvor\u00edn azotado por \u00abrebeliones de hambre\u00bb<\/a>\n<\/span><\/div>","aioseo_breadcrumb_json":[{"label":"Home","link":"https:\/\/www.eldigitaldeasturias.com\/noticias"},{"label":"Actualidad","link":"https:\/\/www.eldigitaldeasturias.com\/noticias\/category\/actualidad\/"},{"label":"Bosnia, un polvor\u00edn azotado por \u00abrebeliones de hambre\u00bb","link":"https:\/\/www.eldigitaldeasturias.com\/noticias\/bosnia-un-polvorin-azotado-por-rebeliones-de-hambre\/"}],"_links":{"self":[{"href":"https:\/\/www.eldigitaldeasturias.com\/noticias\/wp-json\/wp\/v2\/posts\/487017","targetHints":{"allow":["GET"]}}],"collection":[{"href":"https:\/\/www.eldigitaldeasturias.com\/noticias\/wp-json\/wp\/v2\/posts"}],"about":[{"href":"https:\/\/www.eldigitaldeasturias.com\/noticias\/wp-json\/wp\/v2\/types\/post"}],"author":[{"embeddable":true,"href":"https:\/\/www.eldigitaldeasturias.com\/noticias\/wp-json\/wp\/v2\/users\/1"}],"replies":[{"embeddable":true,"href":"https:\/\/www.eldigitaldeasturias.com\/noticias\/wp-json\/wp\/v2\/comments?post=487017"}],"version-history":[{"count":0,"href":"https:\/\/www.eldigitaldeasturias.com\/noticias\/wp-json\/wp\/v2\/posts\/487017\/revisions"}],"wp:attachment":[{"href":"https:\/\/www.eldigitaldeasturias.com\/noticias\/wp-json\/wp\/v2\/media?parent=487017"}],"wp:term":[{"taxonomy":"category","embeddable":true,"href":"https:\/\/www.eldigitaldeasturias.com\/noticias\/wp-json\/wp\/v2\/categories?post=487017"},{"taxonomy":"post_tag","embeddable":true,"href":"https:\/\/www.eldigitaldeasturias.com\/noticias\/wp-json\/wp\/v2\/tags?post=487017"}],"curies":[{"name":"wp","href":"https:\/\/api.w.org\/{rel}","templated":true}]}}