{"id":487013,"date":"2014-02-08T23:46:11","date_gmt":"2014-02-09T00:46:11","guid":{"rendered":"http:\/\/www.eldigitaldeasturias.com\/noticias\/?p=487013"},"modified":"2014-02-08T23:46:11","modified_gmt":"2014-02-09T00:46:11","slug":"gerardo-martino-pide-que-se-deje-a-messi-tranquilo","status":"publish","type":"post","link":"https:\/\/www.eldigitaldeasturias.com\/noticias\/gerardo-martino-pide-que-se-deje-a-messi-tranquilo\/","title":{"rendered":"Gerardo Martino pide que se deje a Messi \u00abtranquilo\u00bb"},"content":{"rendered":"<p><img loading=\"lazy\" decoding=\"async\" class=\"alignleft size-medium wp-image-478885\" alt=\"5876173wtatamartino\" src=\"https:\/\/www.eldigitaldeasturias.com\/noticias\/wp-content\/uploads\/2014\/01\/5876173w-360x247.jpg\" width=\"360\" height=\"247\" \/>Barcelona, 8 feb (dpa) &#8211; El entrenador del Barcelona, Gerardo Martino, confes\u00f3 hoy que no le gusta ver a Lionel Messi en el centro de la pol\u00e9mica por su rendimiento y pidi\u00f3 que le dejen tranquilo para que desarrolle su mejor juego.<\/p>\n<p>\u00abTodos los d\u00edas no puede haber un titular sobre Messi. A veces me apetece pedirles que no escriban de \u00e9l por un par de d\u00edas. \u00bfQu\u00e9 tal si dejamos a Messi un par de d\u00edas tranquilo? Prefiero dejarlo tranquilo y seguro que seguiremos disfrutando del mejor jugador del mundo\u00bb, afirm\u00f3 Martino en rueda de prensa.<\/p>\n<p>El t\u00e9cnico argentino habl\u00f3 a los periodistas antes del partido de ma\u00f1ana ante el Sevilla, pero la amplia mayor\u00eda de las preguntas estuvieron dedicadas a analizar el momento del Barcelona, que gener\u00f3 dudas tras perder el liderato de la Liga espa\u00f1ola.<\/p>\n<p>As\u00ed, a Martino le cuestionaron sobre la escasa afluencia de espectadores al Camp Nou en las \u00faltimas semanas.<\/p>\n<p>\u00abNo tengo que juzgar si el juego del equipo engancha. Nosotros tenemos que ver si hay parte de responsabilidad en el equipo para que la gente no venga. Si es as\u00ed, tenemos que intentar mejorar. D\u00edas atr\u00e1s la asistencia era la misma y todos dec\u00edan que est\u00e1bamos en un momento fant\u00e1stico. Habr\u00e1 otras causas\u00bb, analiz\u00f3.<\/p>\n<p>Con mejor humor se tom\u00f3 la pol\u00e9mica relativa a Neymar montando en karts mientras ultima su recuperaci\u00f3n. \u00abPrefiero que vaya en karts a que juegue al baloncesto\u00bb, declar\u00f3.<\/p>\n<p>El n\u00facleo central de su rueda de prensa estuvo en analizar el juego de su equipo y lament\u00f3 que los an\u00e1lisis se realicen tan a corto plazo.<\/p>\n<p>\u00abSe var\u00eda mucho cada tres d\u00edas y se va de un extremo a otro sin t\u00e9rminos medios. Tenemos que mantener el equilibrio y aislarnos un poco de todo esto. Solo tenemos que pensar en el f\u00fatbol. Lo que sirve es c\u00f3mo queda todo al final de la Liga. Si acabamos campeones todo esto quedar\u00e1 en una an\u00e9cdota a final de temporada\u00bb, asegur\u00f3.<\/p>\n<p>Martino estim\u00f3 que buena parte de los problemas de su equipo se solucionar\u00edan mejorando la efectividad en ataque. \u00abNo nos est\u00e1 costando llegar, pero no estamos precisos. Nos pas\u00f3 con el Levante, Valencia, Real Sociedad. No convertimos en proporci\u00f3n a las ocasiones que creamos\u00bb, destac\u00f3.<\/p>\n<p>El partido ante el Sevilla no parece sencillo. \u00abProbablemente sea una de las salidas que nos quedan m\u00e1s d\u00edficiles. Son intensos y se hacen fuertes como locales. Aqu\u00ed ya nos cost\u00f3 ganarles. Es un partido de los claves porque tendr\u00e1 incidencia en el futuro para bien o para mal\u00bb, manifest\u00f3.<\/p>\n<p>Adem\u00e1s, Martino sugiri\u00f3 que reducir\u00e1 el volumen de rotaciones en el equipo. \u00abA medida que el final del a\u00f1o y lo decisivo de los partidos se acercan ya no hay tanto espacio para las rotaciones. En la medida que pasen las semanas no va a haber nueve cambios, como ha pasado en fechas anteriores\u00bb, concluy\u00f3.<\/p>\n","protected":false},"excerpt":{"rendered":"<p>Barcelona, 8 feb (dpa) &#8211; El entrenador del Barcelona, Gerardo Martino, confes\u00f3 hoy que no le gusta ver a Lionel Messi en el centro de la pol\u00e9mica por su rendimiento y pidi\u00f3 que le dejen tranquilo para que desarrolle su mejor juego. \u00abTodos los d\u00edas no puede haber un titular sobre Messi. A veces me [&hellip;]<\/p>\n","protected":false},"author":1,"featured_media":1132184,"comment_status":"open","ping_status":"open","sticky":false,"template":"","format":"standard","meta":{"footnotes":""},"categories":[1],"tags":[],"class_list":["post-487013","post","type-post","status-publish","format-standard","has-post-thumbnail","hentry","category-actualidad"],"aioseo_notices":[],"aioseo_head":"\n\t\t<!-- All in One SEO Pro 5.0.1 - aioseo.com -->\n\t<meta name=\"description\" content=\"Barcelona, 8 feb (dpa) - El entrenador del Barcelona, Gerardo Martino, confes\u00f3 hoy que no le gusta ver a Lionel Messi en el centro de la pol\u00e9mica por su rendimiento y pidi\u00f3 que le dejen tranquilo para que desarrolle su mejor juego. &quot;Todos los d\u00edas no puede haber un titular sobre Messi. A veces me\" \/>\n\t<meta name=\"robots\" content=\"max-image-preview:large\" \/>\n\t<meta name=\"author\" content=\"El Digital de Asturias\"\/>\n\t<meta name=\"google-site-verification\" content=\"UA-38556648-1\" \/>\n\t<meta name=\"msvalidate.01\" content=\"7dfe9f3f1b24437ab69f4f2559babe99\" \/>\n\t<meta name=\"keywords\" content=\"actualidad\" \/>\n\t<link rel=\"canonical\" href=\"https:\/\/www.eldigitaldeasturias.com\/noticias\/gerardo-martino-pide-que-se-deje-a-messi-tranquilo\/\" \/>\n\t<meta name=\"generator\" content=\"All in One SEO Pro (AIOSEO) 5.0.1\" \/>\n\t\t<meta property=\"og:locale\" content=\"es_ES\" \/>\n\t\t<meta property=\"og:site_name\" content=\"El Digital de Asturias\" \/>\n\t\t<meta property=\"og:type\" content=\"article\" \/>\n\t\t<meta property=\"og:title\" content=\"Gerardo Martino pide que se deje a Messi \u00abtranquilo\u00bb - El Digital de Asturias\" \/>\n\t\t<meta property=\"og:description\" content=\"Barcelona, 8 feb (dpa) - El entrenador del Barcelona, Gerardo Martino, confes\u00f3 hoy que no le gusta ver a Lionel Messi en el centro de la pol\u00e9mica por su rendimiento y pidi\u00f3 que le dejen tranquilo para que desarrolle su mejor juego. &quot;Todos los d\u00edas no puede haber un titular sobre Messi. A veces me\" \/>\n\t\t<meta property=\"og:url\" content=\"https:\/\/www.eldigitaldeasturias.com\/noticias\/gerardo-martino-pide-que-se-deje-a-messi-tranquilo\/\" \/>\n\t\t<meta property=\"og:image\" content=\"https:\/\/www.eldigitaldeasturias.com\/noticias\/wp-content\/uploads\/2026\/06\/Contenidos.jpg\" \/>\n\t\t<meta property=\"og:image:secure_url\" content=\"https:\/\/www.eldigitaldeasturias.com\/noticias\/wp-content\/uploads\/2026\/06\/Contenidos.jpg\" \/>\n\t\t<meta property=\"og:image:width\" content=\"1265\" \/>\n\t\t<meta property=\"og:image:height\" content=\"697\" \/>\n\t\t<meta property=\"article:tag\" content=\"actualidad\" \/>\n\t\t<meta property=\"article:published_time\" content=\"2014-02-09T00:46:11+00:00\" \/>\n\t\t<meta property=\"article:modified_time\" content=\"2014-02-09T00:46:11+00:00\" \/>\n\t\t<meta property=\"article:publisher\" content=\"https:\/\/facebook.com\/eldigitaldeasturias\" \/>\n\t\t<meta name=\"twitter:card\" content=\"summary_large_image\" \/>\n\t\t<meta name=\"twitter:title\" content=\"Gerardo Martino pide que se deje a Messi \u00abtranquilo\u00bb - El Digital de Asturias\" \/>\n\t\t<meta name=\"twitter:description\" content=\"Barcelona, 8 feb (dpa) - El entrenador del Barcelona, Gerardo Martino, confes\u00f3 hoy que no le gusta ver a Lionel Messi en el centro de la pol\u00e9mica por su rendimiento y pidi\u00f3 que le dejen tranquilo para que desarrolle su mejor juego. &quot;Todos los d\u00edas no puede haber un titular sobre Messi. A veces me\" \/>\n\t\t<meta name=\"twitter:image\" content=\"https:\/\/www.eldigitaldeasturias.com\/noticias\/wp-content\/uploads\/2026\/06\/Contenidos.jpg\" \/>\n\t\t<meta name=\"twitter:label1\" content=\"Escrito por\" \/>\n\t\t<meta name=\"twitter:data1\" content=\"El Digital de Asturias\" \/>\n\t\t<meta name=\"twitter:label2\" content=\"Tiempo de lectura estimado\" \/>\n\t\t<meta name=\"twitter:data2\" content=\"3 minutos\" \/>\n\t\t<script type=\"application\/ld+json\" class=\"aioseo-schema\">\n\t\t\t{\"@context\":\"https:\\\/\\\/schema.org\",\"@graph\":[{\"@type\":\"BlogPosting\",\"@id\":\"https:\\\/\\\/www.eldigitaldeasturias.com\\\/noticias\\\/gerardo-martino-pide-que-se-deje-a-messi-tranquilo\\\/#blogposting\",\"name\":\"Gerardo Martino pide que se deje a Messi \\u00abtranquilo\\u00bb - El Digital de Asturias\",\"headline\":\"Gerardo Martino pide que se deje a Messi \\u00abtranquilo\\u00bb\",\"author\":{\"@id\":\"https:\\\/\\\/www.eldigitaldeasturias.com\\\/noticias\\\/author\\\/admin\\\/#author\"},\"publisher\":{\"@id\":\"https:\\\/\\\/www.eldigitaldeasturias.com\\\/noticias\\\/#organization\"},\"image\":{\"@type\":\"ImageObject\",\"url\":\"https:\\\/\\\/www.eldigitaldeasturias.com\\\/noticias\\\/wp-content\\\/uploads\\\/2026\\\/06\\\/Contenidos.jpg\",\"width\":1265,\"height\":697,\"caption\":\"Contenidos\"},\"datePublished\":\"2014-02-08T23:46:11+01:00\",\"dateModified\":\"2014-02-08T23:46:11+01:00\",\"inLanguage\":\"es-ES\",\"mainEntityOfPage\":{\"@id\":\"https:\\\/\\\/www.eldigitaldeasturias.com\\\/noticias\\\/gerardo-martino-pide-que-se-deje-a-messi-tranquilo\\\/#webpage\"},\"isPartOf\":{\"@id\":\"https:\\\/\\\/www.eldigitaldeasturias.com\\\/noticias\\\/gerardo-martino-pide-que-se-deje-a-messi-tranquilo\\\/#webpage\"},\"articleSection\":\"Actualidad\"},{\"@type\":\"BreadcrumbList\",\"@id\":\"https:\\\/\\\/www.eldigitaldeasturias.com\\\/noticias\\\/gerardo-martino-pide-que-se-deje-a-messi-tranquilo\\\/#breadcrumblist\",\"itemListElement\":[{\"@type\":\"ListItem\",\"@id\":\"https:\\\/\\\/www.eldigitaldeasturias.com\\\/noticias#listItem\",\"position\":1,\"name\":\"Home\",\"item\":\"https:\\\/\\\/www.eldigitaldeasturias.com\\\/noticias\",\"nextItem\":{\"@type\":\"ListItem\",\"@id\":\"https:\\\/\\\/www.eldigitaldeasturias.com\\\/noticias\\\/category\\\/actualidad\\\/#listItem\",\"name\":\"Actualidad\"}},{\"@type\":\"ListItem\",\"@id\":\"https:\\\/\\\/www.eldigitaldeasturias.com\\\/noticias\\\/category\\\/actualidad\\\/#listItem\",\"position\":2,\"name\":\"Actualidad\",\"item\":\"https:\\\/\\\/www.eldigitaldeasturias.com\\\/noticias\\\/category\\\/actualidad\\\/\",\"nextItem\":{\"@type\":\"ListItem\",\"@id\":\"https:\\\/\\\/www.eldigitaldeasturias.com\\\/noticias\\\/gerardo-martino-pide-que-se-deje-a-messi-tranquilo\\\/#listItem\",\"name\":\"Gerardo Martino pide que se deje a Messi \\u00abtranquilo\\u00bb\"},\"previousItem\":{\"@type\":\"ListItem\",\"@id\":\"https:\\\/\\\/www.eldigitaldeasturias.com\\\/noticias#listItem\",\"name\":\"Home\"}},{\"@type\":\"ListItem\",\"@id\":\"https:\\\/\\\/www.eldigitaldeasturias.com\\\/noticias\\\/gerardo-martino-pide-que-se-deje-a-messi-tranquilo\\\/#listItem\",\"position\":3,\"name\":\"Gerardo Martino pide que se deje a Messi \\u00abtranquilo\\u00bb\",\"previousItem\":{\"@type\":\"ListItem\",\"@id\":\"https:\\\/\\\/www.eldigitaldeasturias.com\\\/noticias\\\/category\\\/actualidad\\\/#listItem\",\"name\":\"Actualidad\"}}]},{\"@type\":\"Organization\",\"@id\":\"https:\\\/\\\/www.eldigitaldeasturias.com\\\/noticias\\\/#organization\",\"name\":\"El Digital de Asturias\",\"description\":\"Hemeroteca\",\"url\":\"https:\\\/\\\/www.eldigitaldeasturias.com\\\/noticias\\\/\",\"email\":\"info@eldigitaldeasturias.com\",\"telephone\":\"+34652131393\",\"logo\":{\"@type\":\"ImageObject\",\"url\":\"https:\\\/\\\/www.eldigitaldeasturias.com\\\/noticias\\\/wp-content\\\/uploads\\\/2020\\\/12\\\/EDA.jpg\",\"@id\":\"https:\\\/\\\/www.eldigitaldeasturias.com\\\/noticias\\\/gerardo-martino-pide-que-se-deje-a-messi-tranquilo\\\/#organizationLogo\"},\"image\":{\"@id\":\"https:\\\/\\\/www.eldigitaldeasturias.com\\\/noticias\\\/gerardo-martino-pide-que-se-deje-a-messi-tranquilo\\\/#organizationLogo\"},\"sameAs\":[\"https:\\\/\\\/facebook.com\\\/eldigitaldeasturias\",\"https:\\\/\\\/www.youtube.com\\\/channel\\\/UCZP-2wLEB9Rv6erhFmqVnvg\"],\"address\":{\"@id\":\"https:\\\/\\\/www.eldigitaldeasturias.com\\\/noticias\\\/#postaladdress\",\"@type\":\"PostalAddress\",\"streetAddress\":\"san antonio 4\",\"postalCode\":\"33430\",\"addressLocality\":\"Cand\\u00e1s\",\"addressRegion\":\"Asturias\",\"addressCountry\":\"ES\"}},{\"@type\":\"Person\",\"@id\":\"https:\\\/\\\/www.eldigitaldeasturias.com\\\/noticias\\\/author\\\/admin\\\/#author\",\"url\":\"https:\\\/\\\/www.eldigitaldeasturias.com\\\/noticias\\\/author\\\/admin\\\/\",\"name\":\"El Digital de Asturias\",\"image\":{\"@type\":\"ImageObject\",\"@id\":\"https:\\\/\\\/www.eldigitaldeasturias.com\\\/noticias\\\/gerardo-martino-pide-que-se-deje-a-messi-tranquilo\\\/#authorImage\",\"url\":\"https:\\\/\\\/secure.gravatar.com\\\/avatar\\\/df2aeffc32bcd13f8d26072ef8a91b623d677766deac7f97ca815868cd41bf5e?s=96&d=mm&r=g\",\"width\":96,\"height\":96,\"caption\":\"El Digital de Asturias\"}},{\"@type\":\"WebPage\",\"@id\":\"https:\\\/\\\/www.eldigitaldeasturias.com\\\/noticias\\\/gerardo-martino-pide-que-se-deje-a-messi-tranquilo\\\/#webpage\",\"url\":\"https:\\\/\\\/www.eldigitaldeasturias.com\\\/noticias\\\/gerardo-martino-pide-que-se-deje-a-messi-tranquilo\\\/\",\"name\":\"Gerardo Martino pide que se deje a Messi \\u00abtranquilo\\u00bb - El Digital de Asturias\",\"description\":\"Barcelona, 8 feb (dpa) - El entrenador del Barcelona, Gerardo Martino, confes\\u00f3 hoy que no le gusta ver a Lionel Messi en el centro de la pol\\u00e9mica por su rendimiento y pidi\\u00f3 que le dejen tranquilo para que desarrolle su mejor juego. \\\"Todos los d\\u00edas no puede haber un titular sobre Messi. A veces me\",\"inLanguage\":\"es-ES\",\"isPartOf\":{\"@id\":\"https:\\\/\\\/www.eldigitaldeasturias.com\\\/noticias\\\/#website\"},\"breadcrumb\":{\"@id\":\"https:\\\/\\\/www.eldigitaldeasturias.com\\\/noticias\\\/gerardo-martino-pide-que-se-deje-a-messi-tranquilo\\\/#breadcrumblist\"},\"author\":{\"@id\":\"https:\\\/\\\/www.eldigitaldeasturias.com\\\/noticias\\\/author\\\/admin\\\/#author\"},\"creator\":{\"@id\":\"https:\\\/\\\/www.eldigitaldeasturias.com\\\/noticias\\\/author\\\/admin\\\/#author\"},\"image\":{\"@type\":\"ImageObject\",\"url\":\"https:\\\/\\\/www.eldigitaldeasturias.com\\\/noticias\\\/wp-content\\\/uploads\\\/2026\\\/06\\\/Contenidos.jpg\",\"@id\":\"https:\\\/\\\/www.eldigitaldeasturias.com\\\/noticias\\\/gerardo-martino-pide-que-se-deje-a-messi-tranquilo\\\/#mainImage\",\"width\":1265,\"height\":697,\"caption\":\"Contenidos\"},\"primaryImageOfPage\":{\"@id\":\"https:\\\/\\\/www.eldigitaldeasturias.com\\\/noticias\\\/gerardo-martino-pide-que-se-deje-a-messi-tranquilo\\\/#mainImage\"},\"datePublished\":\"2014-02-08T23:46:11+01:00\",\"dateModified\":\"2014-02-08T23:46:11+01:00\"},{\"@type\":\"WebSite\",\"@id\":\"https:\\\/\\\/www.eldigitaldeasturias.com\\\/noticias\\\/#website\",\"url\":\"https:\\\/\\\/www.eldigitaldeasturias.com\\\/noticias\\\/\",\"name\":\"El Digital de Asturias - Diario de actualidad y noticias\",\"alternateName\":\"El Digital de Asturias - Diario de actualidad y noticias\",\"description\":\"Hemeroteca\",\"inLanguage\":\"es-ES\",\"publisher\":{\"@id\":\"https:\\\/\\\/www.eldigitaldeasturias.com\\\/noticias\\\/#organization\"}}]}\n\t\t<\/script>\n\t\t<!-- All in One SEO Pro -->\r\n\t\t<title>Gerardo Martino pide que se deje a Messi \u00abtranquilo\u00bb - El Digital de Asturias<\/title>\n\n","aioseo_head_json":{"title":"Gerardo Martino pide que se deje a Messi \u00abtranquilo\u00bb - El Digital de Asturias","description":"Barcelona, 8 feb (dpa) - El entrenador del Barcelona, Gerardo Martino, confes\u00f3 hoy que no le gusta ver a Lionel Messi en el centro de la pol\u00e9mica por su rendimiento y pidi\u00f3 que le dejen tranquilo para que desarrolle su mejor juego. \"Todos los d\u00edas no puede haber un titular sobre Messi. A veces me","canonical_url":"https:\/\/www.eldigitaldeasturias.com\/noticias\/gerardo-martino-pide-que-se-deje-a-messi-tranquilo\/","robots":"max-image-preview:large","keywords":"actualidad","webmasterTools":{"google-site-verification":"UA-38556648-1","msvalidate.01":"7dfe9f3f1b24437ab69f4f2559babe99","miscellaneous":""},"schema":{"@context":"https:\/\/schema.org","@graph":[{"@type":"BlogPosting","@id":"https:\/\/www.eldigitaldeasturias.com\/noticias\/gerardo-martino-pide-que-se-deje-a-messi-tranquilo\/#blogposting","name":"Gerardo Martino pide que se deje a Messi \u00abtranquilo\u00bb - El Digital de Asturias","headline":"Gerardo Martino pide que se deje a Messi \u00abtranquilo\u00bb","author":{"@id":"https:\/\/www.eldigitaldeasturias.com\/noticias\/author\/admin\/#author"},"publisher":{"@id":"https:\/\/www.eldigitaldeasturias.com\/noticias\/#organization"},"image":{"@type":"ImageObject","url":"https:\/\/www.eldigitaldeasturias.com\/noticias\/wp-content\/uploads\/2026\/06\/Contenidos.jpg","width":1265,"height":697,"caption":"Contenidos"},"datePublished":"2014-02-08T23:46:11+01:00","dateModified":"2014-02-08T23:46:11+01:00","inLanguage":"es-ES","mainEntityOfPage":{"@id":"https:\/\/www.eldigitaldeasturias.com\/noticias\/gerardo-martino-pide-que-se-deje-a-messi-tranquilo\/#webpage"},"isPartOf":{"@id":"https:\/\/www.eldigitaldeasturias.com\/noticias\/gerardo-martino-pide-que-se-deje-a-messi-tranquilo\/#webpage"},"articleSection":"Actualidad"},{"@type":"BreadcrumbList","@id":"https:\/\/www.eldigitaldeasturias.com\/noticias\/gerardo-martino-pide-que-se-deje-a-messi-tranquilo\/#breadcrumblist","itemListElement":[{"@type":"ListItem","@id":"https:\/\/www.eldigitaldeasturias.com\/noticias#listItem","position":1,"name":"Home","item":"https:\/\/www.eldigitaldeasturias.com\/noticias","nextItem":{"@type":"ListItem","@id":"https:\/\/www.eldigitaldeasturias.com\/noticias\/category\/actualidad\/#listItem","name":"Actualidad"}},{"@type":"ListItem","@id":"https:\/\/www.eldigitaldeasturias.com\/noticias\/category\/actualidad\/#listItem","position":2,"name":"Actualidad","item":"https:\/\/www.eldigitaldeasturias.com\/noticias\/category\/actualidad\/","nextItem":{"@type":"ListItem","@id":"https:\/\/www.eldigitaldeasturias.com\/noticias\/gerardo-martino-pide-que-se-deje-a-messi-tranquilo\/#listItem","name":"Gerardo Martino pide que se deje a Messi \u00abtranquilo\u00bb"},"previousItem":{"@type":"ListItem","@id":"https:\/\/www.eldigitaldeasturias.com\/noticias#listItem","name":"Home"}},{"@type":"ListItem","@id":"https:\/\/www.eldigitaldeasturias.com\/noticias\/gerardo-martino-pide-que-se-deje-a-messi-tranquilo\/#listItem","position":3,"name":"Gerardo Martino pide que se deje a Messi \u00abtranquilo\u00bb","previousItem":{"@type":"ListItem","@id":"https:\/\/www.eldigitaldeasturias.com\/noticias\/category\/actualidad\/#listItem","name":"Actualidad"}}]},{"@type":"Organization","@id":"https:\/\/www.eldigitaldeasturias.com\/noticias\/#organization","name":"El Digital de Asturias","description":"Hemeroteca","url":"https:\/\/www.eldigitaldeasturias.com\/noticias\/","email":"info@eldigitaldeasturias.com","telephone":"+34652131393","logo":{"@type":"ImageObject","url":"https:\/\/www.eldigitaldeasturias.com\/noticias\/wp-content\/uploads\/2020\/12\/EDA.jpg","@id":"https:\/\/www.eldigitaldeasturias.com\/noticias\/gerardo-martino-pide-que-se-deje-a-messi-tranquilo\/#organizationLogo"},"image":{"@id":"https:\/\/www.eldigitaldeasturias.com\/noticias\/gerardo-martino-pide-que-se-deje-a-messi-tranquilo\/#organizationLogo"},"sameAs":["https:\/\/facebook.com\/eldigitaldeasturias","https:\/\/www.youtube.com\/channel\/UCZP-2wLEB9Rv6erhFmqVnvg"],"address":{"@id":"https:\/\/www.eldigitaldeasturias.com\/noticias\/#postaladdress","@type":"PostalAddress","streetAddress":"san antonio 4","postalCode":"33430","addressLocality":"Cand\u00e1s","addressRegion":"Asturias","addressCountry":"ES"}},{"@type":"Person","@id":"https:\/\/www.eldigitaldeasturias.com\/noticias\/author\/admin\/#author","url":"https:\/\/www.eldigitaldeasturias.com\/noticias\/author\/admin\/","name":"El Digital de Asturias","image":{"@type":"ImageObject","@id":"https:\/\/www.eldigitaldeasturias.com\/noticias\/gerardo-martino-pide-que-se-deje-a-messi-tranquilo\/#authorImage","url":"https:\/\/secure.gravatar.com\/avatar\/df2aeffc32bcd13f8d26072ef8a91b623d677766deac7f97ca815868cd41bf5e?s=96&d=mm&r=g","width":96,"height":96,"caption":"El Digital de Asturias"}},{"@type":"WebPage","@id":"https:\/\/www.eldigitaldeasturias.com\/noticias\/gerardo-martino-pide-que-se-deje-a-messi-tranquilo\/#webpage","url":"https:\/\/www.eldigitaldeasturias.com\/noticias\/gerardo-martino-pide-que-se-deje-a-messi-tranquilo\/","name":"Gerardo Martino pide que se deje a Messi \u00abtranquilo\u00bb - El Digital de Asturias","description":"Barcelona, 8 feb (dpa) - El entrenador del Barcelona, Gerardo Martino, confes\u00f3 hoy que no le gusta ver a Lionel Messi en el centro de la pol\u00e9mica por su rendimiento y pidi\u00f3 que le dejen tranquilo para que desarrolle su mejor juego. \"Todos los d\u00edas no puede haber un titular sobre Messi. A veces me","inLanguage":"es-ES","isPartOf":{"@id":"https:\/\/www.eldigitaldeasturias.com\/noticias\/#website"},"breadcrumb":{"@id":"https:\/\/www.eldigitaldeasturias.com\/noticias\/gerardo-martino-pide-que-se-deje-a-messi-tranquilo\/#breadcrumblist"},"author":{"@id":"https:\/\/www.eldigitaldeasturias.com\/noticias\/author\/admin\/#author"},"creator":{"@id":"https:\/\/www.eldigitaldeasturias.com\/noticias\/author\/admin\/#author"},"image":{"@type":"ImageObject","url":"https:\/\/www.eldigitaldeasturias.com\/noticias\/wp-content\/uploads\/2026\/06\/Contenidos.jpg","@id":"https:\/\/www.eldigitaldeasturias.com\/noticias\/gerardo-martino-pide-que-se-deje-a-messi-tranquilo\/#mainImage","width":1265,"height":697,"caption":"Contenidos"},"primaryImageOfPage":{"@id":"https:\/\/www.eldigitaldeasturias.com\/noticias\/gerardo-martino-pide-que-se-deje-a-messi-tranquilo\/#mainImage"},"datePublished":"2014-02-08T23:46:11+01:00","dateModified":"2014-02-08T23:46:11+01:00"},{"@type":"WebSite","@id":"https:\/\/www.eldigitaldeasturias.com\/noticias\/#website","url":"https:\/\/www.eldigitaldeasturias.com\/noticias\/","name":"El Digital de Asturias - Diario de actualidad y noticias","alternateName":"El Digital de Asturias - Diario de actualidad y noticias","description":"Hemeroteca","inLanguage":"es-ES","publisher":{"@id":"https:\/\/www.eldigitaldeasturias.com\/noticias\/#organization"}}]},"og:locale":"es_ES","og:site_name":"El Digital de Asturias","og:type":"article","og:title":"Gerardo Martino pide que se deje a Messi \u00abtranquilo\u00bb - El Digital de Asturias","og:description":"Barcelona, 8 feb (dpa) - El entrenador del Barcelona, Gerardo Martino, confes\u00f3 hoy que no le gusta ver a Lionel Messi en el centro de la pol\u00e9mica por su rendimiento y pidi\u00f3 que le dejen tranquilo para que desarrolle su mejor juego. &quot;Todos los d\u00edas no puede haber un titular sobre Messi. A veces me","og:url":"https:\/\/www.eldigitaldeasturias.com\/noticias\/gerardo-martino-pide-que-se-deje-a-messi-tranquilo\/","og:image":"https:\/\/www.eldigitaldeasturias.com\/noticias\/wp-content\/uploads\/2026\/06\/Contenidos.jpg","og:image:secure_url":"https:\/\/www.eldigitaldeasturias.com\/noticias\/wp-content\/uploads\/2026\/06\/Contenidos.jpg","og:image:width":1265,"og:image:height":697,"article:tag":["actualidad"],"article:published_time":"2014-02-09T00:46:11+00:00","article:modified_time":"2014-02-09T00:46:11+00:00","article:publisher":"https:\/\/facebook.com\/eldigitaldeasturias","twitter:card":"summary_large_image","twitter:title":"Gerardo Martino pide que se deje a Messi \u00abtranquilo\u00bb - El Digital de Asturias","twitter:description":"Barcelona, 8 feb (dpa) - El entrenador del Barcelona, Gerardo Martino, confes\u00f3 hoy que no le gusta ver a Lionel Messi en el centro de la pol\u00e9mica por su rendimiento y pidi\u00f3 que le dejen tranquilo para que desarrolle su mejor juego. &quot;Todos los d\u00edas no puede haber un titular sobre Messi. A veces me","twitter:image":"https:\/\/www.eldigitaldeasturias.com\/noticias\/wp-content\/uploads\/2026\/06\/Contenidos.jpg","twitter:label1":"Escrito por","twitter:data1":"El Digital de Asturias","twitter:label2":"Tiempo de lectura estimado","twitter:data2":"3 minutos"},"aioseo_meta_data":{"post_id":"487013","title":null,"description":null,"keywords":null,"keyphrases":null,"primary_term":null,"canonical_url":null,"og_title":null,"og_description":null,"og_object_type":"default","og_image_type":"default","og_image_url":null,"og_image_width":null,"og_image_height":null,"og_image_custom_url":null,"og_image_custom_fields":null,"og_video":null,"og_custom_url":null,"og_article_section":null,"og_article_tags":null,"twitter_use_og":true,"twitter_card":"default","twitter_image_type":"default","twitter_image_url":null,"twitter_image_custom_url":null,"twitter_image_custom_fields":null,"twitter_title":null,"twitter_description":null,"schema":{"blockGraphs":[],"customGraphs":[],"default":{"data":{"Article":[],"Course":[],"Dataset":[],"FAQPage":[],"Movie":[],"Person":[],"Product":[],"ProductReview":[],"Car":[],"Recipe":[],"Service":[],"SoftwareApplication":[],"WebPage":[]},"graphName":"","isEnabled":true},"graphs":[],"defaultGraph":"","defaultPostTypeGraph":""},"schema_type":null,"schema_type_options":null,"pillar_content":false,"robots_default":true,"robots_noindex":false,"robots_noarchive":false,"robots_nosnippet":false,"robots_nofollow":false,"robots_noimageindex":false,"robots_noodp":false,"robots_notranslate":false,"robots_max_snippet":null,"robots_max_videopreview":null,"robots_max_imagepreview":"none","priority":null,"frequency":null,"local_seo":null,"seo_analyzer_scan_date":"2026-06-03 03:21:00","breadcrumb_settings":null,"limit_modified_date":false,"open_ai":null,"ai":null,"created":"2020-11-14 22:56:17","updated":"2026-06-03 03:21:00","focus_keyword":null,"additional_keywords":null,"truseo_locale":null},"aioseo_breadcrumb":"<div class=\"aioseo-breadcrumbs\"><span class=\"aioseo-breadcrumb\">\n\t<a href=\"https:\/\/www.eldigitaldeasturias.com\/noticias\" title=\"Home\">Home<\/a>\n<\/span><span class=\"aioseo-breadcrumb-separator\">\u2013<\/span><span class=\"aioseo-breadcrumb\">\n\t<a href=\"https:\/\/www.eldigitaldeasturias.com\/noticias\/category\/actualidad\/\" title=\"Actualidad\">Actualidad<\/a>\n<\/span><span class=\"aioseo-breadcrumb-separator\">\u2013<\/span><span class=\"aioseo-breadcrumb\">\n\t<a href=\"https:\/\/www.eldigitaldeasturias.com\/noticias\/gerardo-martino-pide-que-se-deje-a-messi-tranquilo\/\" title=\"Gerardo Martino pide que se deje a Messi \u00abtranquilo\u00bb\">Gerardo Martino pide que se deje a Messi \u00abtranquilo\u00bb<\/a>\n<\/span><\/div>","aioseo_breadcrumb_json":[{"label":"Home","link":"https:\/\/www.eldigitaldeasturias.com\/noticias"},{"label":"Actualidad","link":"https:\/\/www.eldigitaldeasturias.com\/noticias\/category\/actualidad\/"},{"label":"Gerardo Martino pide que se deje a Messi \u00abtranquilo\u00bb","link":"https:\/\/www.eldigitaldeasturias.com\/noticias\/gerardo-martino-pide-que-se-deje-a-messi-tranquilo\/"}],"_links":{"self":[{"href":"https:\/\/www.eldigitaldeasturias.com\/noticias\/wp-json\/wp\/v2\/posts\/487013","targetHints":{"allow":["GET"]}}],"collection":[{"href":"https:\/\/www.eldigitaldeasturias.com\/noticias\/wp-json\/wp\/v2\/posts"}],"about":[{"href":"https:\/\/www.eldigitaldeasturias.com\/noticias\/wp-json\/wp\/v2\/types\/post"}],"author":[{"embeddable":true,"href":"https:\/\/www.eldigitaldeasturias.com\/noticias\/wp-json\/wp\/v2\/users\/1"}],"replies":[{"embeddable":true,"href":"https:\/\/www.eldigitaldeasturias.com\/noticias\/wp-json\/wp\/v2\/comments?post=487013"}],"version-history":[{"count":0,"href":"https:\/\/www.eldigitaldeasturias.com\/noticias\/wp-json\/wp\/v2\/posts\/487013\/revisions"}],"wp:featuredmedia":[{"embeddable":true,"href":"https:\/\/www.eldigitaldeasturias.com\/noticias\/wp-json\/wp\/v2\/media\/1132184"}],"wp:attachment":[{"href":"https:\/\/www.eldigitaldeasturias.com\/noticias\/wp-json\/wp\/v2\/media?parent=487013"}],"wp:term":[{"taxonomy":"category","embeddable":true,"href":"https:\/\/www.eldigitaldeasturias.com\/noticias\/wp-json\/wp\/v2\/categories?post=487013"},{"taxonomy":"post_tag","embeddable":true,"href":"https:\/\/www.eldigitaldeasturias.com\/noticias\/wp-json\/wp\/v2\/tags?post=487013"}],"curies":[{"name":"wp","href":"https:\/\/api.w.org\/{rel}","templated":true}]}}