{"id":487007,"date":"2014-02-08T23:41:15","date_gmt":"2014-02-09T00:41:15","guid":{"rendered":"http:\/\/www.eldigitaldeasturias.com\/noticias\/?p=487007"},"modified":"2014-02-08T23:41:15","modified_gmt":"2014-02-09T00:41:15","slug":"jose-castro-la-justicia-toma-nombre-de-juez","status":"publish","type":"post","link":"https:\/\/www.eldigitaldeasturias.com\/noticias\/jose-castro-la-justicia-toma-nombre-de-juez\/","title":{"rendered":"Jos\u00e9 Castro: la justicia toma nombre de juez"},"content":{"rendered":"<p><img loading=\"lazy\" decoding=\"async\" class=\"alignleft size-medium wp-image-486997\" alt=\"5924339w\" src=\"https:\/\/www.eldigitaldeasturias.com\/noticias\/wp-content\/uploads\/2014\/02\/5924339w-360x220.jpg\" width=\"360\" height=\"220\" \/>Palma, 8 feb (dpa) &#8211; \u00abLa justicia tiene un nombre: Castro\u00bb. La pancarta que agitaba hoy un manifestante junto al juzgado de Palma de Mallorca en el que declaraba la infanta Cristina muestra c\u00f3mo el juez Jos\u00e9 Castro se ha convertido en referente en una Espa\u00f1a en la que las instituciones son objeto de descr\u00e9dito.<\/p>\n<p>\u00abPodemos con los jueces valientes\u00bb, aseguraba otra pancarta mientras el magistrado interrogaba dentro del edificio a la hija peque\u00f1a del rey Juan Carlos de Espa\u00f1a, a la que imput\u00f3 el 7 de enero ante la sospecha de fraude fiscal y blanqueo de dinero.<\/p>\n<p>Ya lo hab\u00eda intentado en abril del a\u00f1o pasado, acus\u00e1ndola entonces de haber sido c\u00f3mplice de su marido, I\u00f1aki Urdangarin, en su presunto actuar il\u00edcito mediante el cual se habr\u00eda apropiado de seis millones de euros de dinero p\u00fablico junto a su entonces socio en el Instituto N\u00f3os, una organizaci\u00f3n te\u00f3ricamente sin \u00e1nimo de lucro que conduc\u00edan juntos.<\/p>\n<p>Tras la desimputaci\u00f3n del a\u00f1o pasado, muchos dudaban de que la hija del rey pudiera llegar a ser llamada por la Justicia para ser interrogada. Pero Castro lo hizo. Y los dos, el juez y la infanta, eran hoy coprotagonistas del cap\u00edtulo que se escrib\u00eda en la historia de Espa\u00f1a. \u00abUn juez implacable al que no le tiembla el pulso\u00bb, defin\u00eda la prensa estos d\u00edas al magistrado.<\/p>\n<p>\u00abCastro, amigo, el pueblo est\u00e1 contigo\u00bb, coreaban hoy los manifestantes en Palma de Mallorca.<\/p>\n<p>\u00abNo se arruga ni desfallece ante esos casos complejos\u00bb, dec\u00eda ya hace un tiempo un compa\u00f1ero del magistrado. Es un \u00abjuez justiciero\u00bb, se\u00f1alaba un fiscal. \u00abBusca la verdad a fondo y hace respetar la ley con severidad\u00bb.<\/p>\n<p>Hoy sent\u00f3 a la infanta Cristina enfrente de \u00e9l, y enfrente tambi\u00e9n del retrato del rey Juan Carlos que preside la sala de vistas F, en el segundo piso del edificio de justicia en el que est\u00e1 su juzgado de instrucci\u00f3n n\u00famero tres, ese en el que lleva a\u00f1os y del que se ir\u00e1 para jubilarse en breve. Ahora mismo tiene 68 a\u00f1os.<\/p>\n<p>Jos\u00e9 Castro, \u00abPepe\u00bb para los conocidos, es un juez campechano que naci\u00f3 en C\u00f3rdoba. Fue funcionario de prisiones, secretario judicial, juez de magistratura y es juez de instrucci\u00f3n desde hace 23 a\u00f1os. A lo largo de su carrera ha recorrido buena parte de la geograf\u00eda espa\u00f1ola y ha rechazado ascensos y nombramientos.<\/p>\n<p>Su forma de vestir, alejada en ocasiones de corbatas y trajes, contrasta con la de otros jueces y fiscales de Palma de Mallorca. Sobre todo por sus chaquetas de cuero, reminiscencia quiz\u00e1 de sus tiempos de joven motero. En p\u00fablico es poco dado a las efusividades y le sonrojan los aplausos.<\/p>\n<p>Huye del protagonismo. Nunca ha concedido una entrevista. Entra y sale del juzgado sin hacer declaraciones. Y de vez en cuando pone gesto severo ante la presencia de la prensa.<\/p>\n<p>Est\u00e1 separado, tiene tres hijos y alg\u00fan nieto. Y es aficionado al \u00abkendo\u00bb, la esgrima japonesa. Conduce un deportivo de marca alemana y tambi\u00e9n una bicicleta.<\/p>\n<p>Su independencia la lleva a rajatabla. Ni siquiera es miembro de una de las asociaciones de la magistratura, por cuya pertenencia, al final, se clasifica a los jueces en \u00abprogresistas\u00bb o \u00abconservadores\u00bb.<\/p>\n<p>El \u00abcaso N\u00f3os\u00bb no es el primero en el que encara la corrupci\u00f3n. De hecho, tiene amplia experiencia en el tema.<\/p>\n<p>\u00c9l fue el instructor que sent\u00f3 en el banquillo al ex ministro de Jos\u00e9 Mar\u00eda Aznar y ex jefe del gobierno regional de Baleareas Jaume Matas por el caso \u00abPalma Arena\u00bb, uno de los grandes esc\u00e1ndalos de corrupci\u00f3n en la historia de Espa\u00f1a. De \u00e9l se deriva la pieza en la que fue imputado Urdangarin y ahora la infanta Cristina.<\/p>\n<p>En sus interrogatorios, Castro es ir\u00f3nico y sarc\u00e1stico. Y tambi\u00e9n muy claro. \u00abSi hay que imputar a la infanta, se le imputa\u00bb, le espet\u00f3 a la mujer del ex socio de Urdangarin cuando en un interrogatorio, hace ya tiempo, se quej\u00f3 de su imputaci\u00f3n e insinu\u00f3 que el juez no se atrev\u00eda a hacer lo mismo con la hija del rey. Hoy la tuvo sentada delante de \u00e9l, contestando a sus preguntas.<\/p>\n<p>Por Sara Barderas<\/p>\n","protected":false},"excerpt":{"rendered":"<p>Palma, 8 feb (dpa) &#8211; \u00abLa justicia tiene un nombre: Castro\u00bb. La pancarta que agitaba hoy un manifestante junto al juzgado de Palma de Mallorca en el que declaraba la infanta Cristina muestra c\u00f3mo el juez Jos\u00e9 Castro se ha convertido en referente en una Espa\u00f1a en la que las instituciones son objeto de descr\u00e9dito. [&hellip;]<\/p>\n","protected":false},"author":1,"featured_media":486997,"comment_status":"open","ping_status":"open","sticky":false,"template":"","format":"standard","meta":{"footnotes":""},"categories":[1],"tags":[],"class_list":["post-487007","post","type-post","status-publish","format-standard","has-post-thumbnail","hentry","category-actualidad"],"aioseo_notices":[],"aioseo_head":"\n\t\t<!-- All in One SEO Pro 5.0.1 - aioseo.com -->\n\t<meta name=\"description\" content=\"Palma, 8 feb (dpa) - &quot;La justicia tiene un nombre: Castro&quot;. La pancarta que agitaba hoy un manifestante junto al juzgado de Palma de Mallorca en el que declaraba la infanta Cristina muestra c\u00f3mo el juez Jos\u00e9 Castro se ha convertido en referente en una Espa\u00f1a en la que las instituciones son objeto de descr\u00e9dito.\" \/>\n\t<meta name=\"robots\" content=\"max-image-preview:large\" \/>\n\t<meta name=\"author\" content=\"El Digital de Asturias\"\/>\n\t<meta name=\"google-site-verification\" content=\"UA-38556648-1\" \/>\n\t<meta name=\"msvalidate.01\" content=\"7dfe9f3f1b24437ab69f4f2559babe99\" \/>\n\t<meta name=\"keywords\" content=\"actualidad\" \/>\n\t<link rel=\"canonical\" href=\"https:\/\/www.eldigitaldeasturias.com\/noticias\/jose-castro-la-justicia-toma-nombre-de-juez\/\" \/>\n\t<meta name=\"generator\" content=\"All in One SEO Pro (AIOSEO) 5.0.1\" \/>\n\t\t<meta property=\"og:locale\" content=\"es_ES\" \/>\n\t\t<meta property=\"og:site_name\" content=\"El Digital de Asturias\" \/>\n\t\t<meta property=\"og:type\" content=\"article\" \/>\n\t\t<meta property=\"og:title\" content=\"Jos\u00e9 Castro: la justicia toma nombre de juez - El Digital de Asturias\" \/>\n\t\t<meta property=\"og:description\" content=\"Palma, 8 feb (dpa) - &quot;La justicia tiene un nombre: Castro&quot;. La pancarta que agitaba hoy un manifestante junto al juzgado de Palma de Mallorca en el que declaraba la infanta Cristina muestra c\u00f3mo el juez Jos\u00e9 Castro se ha convertido en referente en una Espa\u00f1a en la que las instituciones son objeto de descr\u00e9dito.\" \/>\n\t\t<meta property=\"og:url\" content=\"https:\/\/www.eldigitaldeasturias.com\/noticias\/jose-castro-la-justicia-toma-nombre-de-juez\/\" \/>\n\t\t<meta property=\"article:tag\" content=\"actualidad\" \/>\n\t\t<meta property=\"article:published_time\" content=\"2014-02-09T00:41:15+00:00\" \/>\n\t\t<meta property=\"article:modified_time\" content=\"2014-02-09T00:41:15+00:00\" \/>\n\t\t<meta property=\"article:publisher\" content=\"https:\/\/facebook.com\/eldigitaldeasturias\" \/>\n\t\t<meta name=\"twitter:card\" content=\"summary_large_image\" \/>\n\t\t<meta name=\"twitter:title\" content=\"Jos\u00e9 Castro: la justicia toma nombre de juez - El Digital de Asturias\" \/>\n\t\t<meta name=\"twitter:description\" content=\"Palma, 8 feb (dpa) - &quot;La justicia tiene un nombre: Castro&quot;. La pancarta que agitaba hoy un manifestante junto al juzgado de Palma de Mallorca en el que declaraba la infanta Cristina muestra c\u00f3mo el juez Jos\u00e9 Castro se ha convertido en referente en una Espa\u00f1a en la que las instituciones son objeto de descr\u00e9dito.\" \/>\n\t\t<meta name=\"twitter:label1\" content=\"Escrito por\" \/>\n\t\t<meta name=\"twitter:data1\" content=\"El Digital de Asturias\" \/>\n\t\t<meta name=\"twitter:label2\" content=\"Tiempo de lectura estimado\" \/>\n\t\t<meta name=\"twitter:data2\" content=\"4 minutos\" \/>\n\t\t<script type=\"application\/ld+json\" class=\"aioseo-schema\">\n\t\t\t{\"@context\":\"https:\\\/\\\/schema.org\",\"@graph\":[{\"@type\":\"BlogPosting\",\"@id\":\"https:\\\/\\\/www.eldigitaldeasturias.com\\\/noticias\\\/jose-castro-la-justicia-toma-nombre-de-juez\\\/#blogposting\",\"name\":\"Jos\\u00e9 Castro: la justicia toma nombre de juez - El Digital de Asturias\",\"headline\":\"Jos\\u00e9 Castro: la justicia toma nombre de juez\",\"author\":{\"@id\":\"https:\\\/\\\/www.eldigitaldeasturias.com\\\/noticias\\\/author\\\/admin\\\/#author\"},\"publisher\":{\"@id\":\"https:\\\/\\\/www.eldigitaldeasturias.com\\\/noticias\\\/#organization\"},\"image\":{\"@type\":\"ImageObject\",\"url\":486997},\"datePublished\":\"2014-02-08T23:41:15+01:00\",\"dateModified\":\"2014-02-08T23:41:15+01:00\",\"inLanguage\":\"es-ES\",\"mainEntityOfPage\":{\"@id\":\"https:\\\/\\\/www.eldigitaldeasturias.com\\\/noticias\\\/jose-castro-la-justicia-toma-nombre-de-juez\\\/#webpage\"},\"isPartOf\":{\"@id\":\"https:\\\/\\\/www.eldigitaldeasturias.com\\\/noticias\\\/jose-castro-la-justicia-toma-nombre-de-juez\\\/#webpage\"},\"articleSection\":\"Actualidad\"},{\"@type\":\"BreadcrumbList\",\"@id\":\"https:\\\/\\\/www.eldigitaldeasturias.com\\\/noticias\\\/jose-castro-la-justicia-toma-nombre-de-juez\\\/#breadcrumblist\",\"itemListElement\":[{\"@type\":\"ListItem\",\"@id\":\"https:\\\/\\\/www.eldigitaldeasturias.com\\\/noticias#listItem\",\"position\":1,\"name\":\"Home\",\"item\":\"https:\\\/\\\/www.eldigitaldeasturias.com\\\/noticias\",\"nextItem\":{\"@type\":\"ListItem\",\"@id\":\"https:\\\/\\\/www.eldigitaldeasturias.com\\\/noticias\\\/category\\\/actualidad\\\/#listItem\",\"name\":\"Actualidad\"}},{\"@type\":\"ListItem\",\"@id\":\"https:\\\/\\\/www.eldigitaldeasturias.com\\\/noticias\\\/category\\\/actualidad\\\/#listItem\",\"position\":2,\"name\":\"Actualidad\",\"item\":\"https:\\\/\\\/www.eldigitaldeasturias.com\\\/noticias\\\/category\\\/actualidad\\\/\",\"nextItem\":{\"@type\":\"ListItem\",\"@id\":\"https:\\\/\\\/www.eldigitaldeasturias.com\\\/noticias\\\/jose-castro-la-justicia-toma-nombre-de-juez\\\/#listItem\",\"name\":\"Jos\\u00e9 Castro: la justicia toma nombre de juez\"},\"previousItem\":{\"@type\":\"ListItem\",\"@id\":\"https:\\\/\\\/www.eldigitaldeasturias.com\\\/noticias#listItem\",\"name\":\"Home\"}},{\"@type\":\"ListItem\",\"@id\":\"https:\\\/\\\/www.eldigitaldeasturias.com\\\/noticias\\\/jose-castro-la-justicia-toma-nombre-de-juez\\\/#listItem\",\"position\":3,\"name\":\"Jos\\u00e9 Castro: la justicia toma nombre de juez\",\"previousItem\":{\"@type\":\"ListItem\",\"@id\":\"https:\\\/\\\/www.eldigitaldeasturias.com\\\/noticias\\\/category\\\/actualidad\\\/#listItem\",\"name\":\"Actualidad\"}}]},{\"@type\":\"Organization\",\"@id\":\"https:\\\/\\\/www.eldigitaldeasturias.com\\\/noticias\\\/#organization\",\"name\":\"El Digital de Asturias\",\"description\":\"Hemeroteca\",\"url\":\"https:\\\/\\\/www.eldigitaldeasturias.com\\\/noticias\\\/\",\"email\":\"info@eldigitaldeasturias.com\",\"telephone\":\"+34652131393\",\"logo\":{\"@type\":\"ImageObject\",\"url\":\"https:\\\/\\\/www.eldigitaldeasturias.com\\\/noticias\\\/wp-content\\\/uploads\\\/2020\\\/12\\\/EDA.jpg\",\"@id\":\"https:\\\/\\\/www.eldigitaldeasturias.com\\\/noticias\\\/jose-castro-la-justicia-toma-nombre-de-juez\\\/#organizationLogo\"},\"image\":{\"@id\":\"https:\\\/\\\/www.eldigitaldeasturias.com\\\/noticias\\\/jose-castro-la-justicia-toma-nombre-de-juez\\\/#organizationLogo\"},\"sameAs\":[\"https:\\\/\\\/facebook.com\\\/eldigitaldeasturias\",\"https:\\\/\\\/www.youtube.com\\\/channel\\\/UCZP-2wLEB9Rv6erhFmqVnvg\"],\"address\":{\"@id\":\"https:\\\/\\\/www.eldigitaldeasturias.com\\\/noticias\\\/#postaladdress\",\"@type\":\"PostalAddress\",\"streetAddress\":\"san antonio 4\",\"postalCode\":\"33430\",\"addressLocality\":\"Cand\\u00e1s\",\"addressRegion\":\"Asturias\",\"addressCountry\":\"ES\"}},{\"@type\":\"Person\",\"@id\":\"https:\\\/\\\/www.eldigitaldeasturias.com\\\/noticias\\\/author\\\/admin\\\/#author\",\"url\":\"https:\\\/\\\/www.eldigitaldeasturias.com\\\/noticias\\\/author\\\/admin\\\/\",\"name\":\"El Digital de Asturias\",\"image\":{\"@type\":\"ImageObject\",\"@id\":\"https:\\\/\\\/www.eldigitaldeasturias.com\\\/noticias\\\/jose-castro-la-justicia-toma-nombre-de-juez\\\/#authorImage\",\"url\":\"https:\\\/\\\/secure.gravatar.com\\\/avatar\\\/df2aeffc32bcd13f8d26072ef8a91b623d677766deac7f97ca815868cd41bf5e?s=96&d=mm&r=g\",\"width\":96,\"height\":96,\"caption\":\"El Digital de Asturias\"}},{\"@type\":\"WebPage\",\"@id\":\"https:\\\/\\\/www.eldigitaldeasturias.com\\\/noticias\\\/jose-castro-la-justicia-toma-nombre-de-juez\\\/#webpage\",\"url\":\"https:\\\/\\\/www.eldigitaldeasturias.com\\\/noticias\\\/jose-castro-la-justicia-toma-nombre-de-juez\\\/\",\"name\":\"Jos\\u00e9 Castro: la justicia toma nombre de juez - El Digital de Asturias\",\"description\":\"Palma, 8 feb (dpa) - \\\"La justicia tiene un nombre: Castro\\\". La pancarta que agitaba hoy un manifestante junto al juzgado de Palma de Mallorca en el que declaraba la infanta Cristina muestra c\\u00f3mo el juez Jos\\u00e9 Castro se ha convertido en referente en una Espa\\u00f1a en la que las instituciones son objeto de descr\\u00e9dito.\",\"inLanguage\":\"es-ES\",\"isPartOf\":{\"@id\":\"https:\\\/\\\/www.eldigitaldeasturias.com\\\/noticias\\\/#website\"},\"breadcrumb\":{\"@id\":\"https:\\\/\\\/www.eldigitaldeasturias.com\\\/noticias\\\/jose-castro-la-justicia-toma-nombre-de-juez\\\/#breadcrumblist\"},\"author\":{\"@id\":\"https:\\\/\\\/www.eldigitaldeasturias.com\\\/noticias\\\/author\\\/admin\\\/#author\"},\"creator\":{\"@id\":\"https:\\\/\\\/www.eldigitaldeasturias.com\\\/noticias\\\/author\\\/admin\\\/#author\"},\"image\":{\"@type\":\"ImageObject\",\"url\":486997,\"@id\":\"https:\\\/\\\/www.eldigitaldeasturias.com\\\/noticias\\\/jose-castro-la-justicia-toma-nombre-de-juez\\\/#mainImage\"},\"primaryImageOfPage\":{\"@id\":\"https:\\\/\\\/www.eldigitaldeasturias.com\\\/noticias\\\/jose-castro-la-justicia-toma-nombre-de-juez\\\/#mainImage\"},\"datePublished\":\"2014-02-08T23:41:15+01:00\",\"dateModified\":\"2014-02-08T23:41:15+01:00\"},{\"@type\":\"WebSite\",\"@id\":\"https:\\\/\\\/www.eldigitaldeasturias.com\\\/noticias\\\/#website\",\"url\":\"https:\\\/\\\/www.eldigitaldeasturias.com\\\/noticias\\\/\",\"name\":\"El Digital de Asturias - Diario de actualidad y noticias\",\"alternateName\":\"El Digital de Asturias - Diario de actualidad y noticias\",\"description\":\"Hemeroteca\",\"inLanguage\":\"es-ES\",\"publisher\":{\"@id\":\"https:\\\/\\\/www.eldigitaldeasturias.com\\\/noticias\\\/#organization\"}}]}\n\t\t<\/script>\n\t\t<!-- All in One SEO Pro -->\r\n\t\t<title>Jos\u00e9 Castro: la justicia toma nombre de juez - El Digital de Asturias<\/title>\n\n","aioseo_head_json":{"title":"Jos\u00e9 Castro: la justicia toma nombre de juez - El Digital de Asturias","description":"Palma, 8 feb (dpa) - \"La justicia tiene un nombre: Castro\". La pancarta que agitaba hoy un manifestante junto al juzgado de Palma de Mallorca en el que declaraba la infanta Cristina muestra c\u00f3mo el juez Jos\u00e9 Castro se ha convertido en referente en una Espa\u00f1a en la que las instituciones son objeto de descr\u00e9dito.","canonical_url":"https:\/\/www.eldigitaldeasturias.com\/noticias\/jose-castro-la-justicia-toma-nombre-de-juez\/","robots":"max-image-preview:large","keywords":"actualidad","webmasterTools":{"google-site-verification":"UA-38556648-1","msvalidate.01":"7dfe9f3f1b24437ab69f4f2559babe99","miscellaneous":""},"schema":{"@context":"https:\/\/schema.org","@graph":[{"@type":"BlogPosting","@id":"https:\/\/www.eldigitaldeasturias.com\/noticias\/jose-castro-la-justicia-toma-nombre-de-juez\/#blogposting","name":"Jos\u00e9 Castro: la justicia toma nombre de juez - El Digital de Asturias","headline":"Jos\u00e9 Castro: la justicia toma nombre de juez","author":{"@id":"https:\/\/www.eldigitaldeasturias.com\/noticias\/author\/admin\/#author"},"publisher":{"@id":"https:\/\/www.eldigitaldeasturias.com\/noticias\/#organization"},"image":{"@type":"ImageObject","url":486997},"datePublished":"2014-02-08T23:41:15+01:00","dateModified":"2014-02-08T23:41:15+01:00","inLanguage":"es-ES","mainEntityOfPage":{"@id":"https:\/\/www.eldigitaldeasturias.com\/noticias\/jose-castro-la-justicia-toma-nombre-de-juez\/#webpage"},"isPartOf":{"@id":"https:\/\/www.eldigitaldeasturias.com\/noticias\/jose-castro-la-justicia-toma-nombre-de-juez\/#webpage"},"articleSection":"Actualidad"},{"@type":"BreadcrumbList","@id":"https:\/\/www.eldigitaldeasturias.com\/noticias\/jose-castro-la-justicia-toma-nombre-de-juez\/#breadcrumblist","itemListElement":[{"@type":"ListItem","@id":"https:\/\/www.eldigitaldeasturias.com\/noticias#listItem","position":1,"name":"Home","item":"https:\/\/www.eldigitaldeasturias.com\/noticias","nextItem":{"@type":"ListItem","@id":"https:\/\/www.eldigitaldeasturias.com\/noticias\/category\/actualidad\/#listItem","name":"Actualidad"}},{"@type":"ListItem","@id":"https:\/\/www.eldigitaldeasturias.com\/noticias\/category\/actualidad\/#listItem","position":2,"name":"Actualidad","item":"https:\/\/www.eldigitaldeasturias.com\/noticias\/category\/actualidad\/","nextItem":{"@type":"ListItem","@id":"https:\/\/www.eldigitaldeasturias.com\/noticias\/jose-castro-la-justicia-toma-nombre-de-juez\/#listItem","name":"Jos\u00e9 Castro: la justicia toma nombre de juez"},"previousItem":{"@type":"ListItem","@id":"https:\/\/www.eldigitaldeasturias.com\/noticias#listItem","name":"Home"}},{"@type":"ListItem","@id":"https:\/\/www.eldigitaldeasturias.com\/noticias\/jose-castro-la-justicia-toma-nombre-de-juez\/#listItem","position":3,"name":"Jos\u00e9 Castro: la justicia toma nombre de juez","previousItem":{"@type":"ListItem","@id":"https:\/\/www.eldigitaldeasturias.com\/noticias\/category\/actualidad\/#listItem","name":"Actualidad"}}]},{"@type":"Organization","@id":"https:\/\/www.eldigitaldeasturias.com\/noticias\/#organization","name":"El Digital de Asturias","description":"Hemeroteca","url":"https:\/\/www.eldigitaldeasturias.com\/noticias\/","email":"info@eldigitaldeasturias.com","telephone":"+34652131393","logo":{"@type":"ImageObject","url":"https:\/\/www.eldigitaldeasturias.com\/noticias\/wp-content\/uploads\/2020\/12\/EDA.jpg","@id":"https:\/\/www.eldigitaldeasturias.com\/noticias\/jose-castro-la-justicia-toma-nombre-de-juez\/#organizationLogo"},"image":{"@id":"https:\/\/www.eldigitaldeasturias.com\/noticias\/jose-castro-la-justicia-toma-nombre-de-juez\/#organizationLogo"},"sameAs":["https:\/\/facebook.com\/eldigitaldeasturias","https:\/\/www.youtube.com\/channel\/UCZP-2wLEB9Rv6erhFmqVnvg"],"address":{"@id":"https:\/\/www.eldigitaldeasturias.com\/noticias\/#postaladdress","@type":"PostalAddress","streetAddress":"san antonio 4","postalCode":"33430","addressLocality":"Cand\u00e1s","addressRegion":"Asturias","addressCountry":"ES"}},{"@type":"Person","@id":"https:\/\/www.eldigitaldeasturias.com\/noticias\/author\/admin\/#author","url":"https:\/\/www.eldigitaldeasturias.com\/noticias\/author\/admin\/","name":"El Digital de Asturias","image":{"@type":"ImageObject","@id":"https:\/\/www.eldigitaldeasturias.com\/noticias\/jose-castro-la-justicia-toma-nombre-de-juez\/#authorImage","url":"https:\/\/secure.gravatar.com\/avatar\/df2aeffc32bcd13f8d26072ef8a91b623d677766deac7f97ca815868cd41bf5e?s=96&d=mm&r=g","width":96,"height":96,"caption":"El Digital de Asturias"}},{"@type":"WebPage","@id":"https:\/\/www.eldigitaldeasturias.com\/noticias\/jose-castro-la-justicia-toma-nombre-de-juez\/#webpage","url":"https:\/\/www.eldigitaldeasturias.com\/noticias\/jose-castro-la-justicia-toma-nombre-de-juez\/","name":"Jos\u00e9 Castro: la justicia toma nombre de juez - El Digital de Asturias","description":"Palma, 8 feb (dpa) - \"La justicia tiene un nombre: Castro\". La pancarta que agitaba hoy un manifestante junto al juzgado de Palma de Mallorca en el que declaraba la infanta Cristina muestra c\u00f3mo el juez Jos\u00e9 Castro se ha convertido en referente en una Espa\u00f1a en la que las instituciones son objeto de descr\u00e9dito.","inLanguage":"es-ES","isPartOf":{"@id":"https:\/\/www.eldigitaldeasturias.com\/noticias\/#website"},"breadcrumb":{"@id":"https:\/\/www.eldigitaldeasturias.com\/noticias\/jose-castro-la-justicia-toma-nombre-de-juez\/#breadcrumblist"},"author":{"@id":"https:\/\/www.eldigitaldeasturias.com\/noticias\/author\/admin\/#author"},"creator":{"@id":"https:\/\/www.eldigitaldeasturias.com\/noticias\/author\/admin\/#author"},"image":{"@type":"ImageObject","url":486997,"@id":"https:\/\/www.eldigitaldeasturias.com\/noticias\/jose-castro-la-justicia-toma-nombre-de-juez\/#mainImage"},"primaryImageOfPage":{"@id":"https:\/\/www.eldigitaldeasturias.com\/noticias\/jose-castro-la-justicia-toma-nombre-de-juez\/#mainImage"},"datePublished":"2014-02-08T23:41:15+01:00","dateModified":"2014-02-08T23:41:15+01:00"},{"@type":"WebSite","@id":"https:\/\/www.eldigitaldeasturias.com\/noticias\/#website","url":"https:\/\/www.eldigitaldeasturias.com\/noticias\/","name":"El Digital de Asturias - Diario de actualidad y noticias","alternateName":"El Digital de Asturias - Diario de actualidad y noticias","description":"Hemeroteca","inLanguage":"es-ES","publisher":{"@id":"https:\/\/www.eldigitaldeasturias.com\/noticias\/#organization"}}]},"og:locale":"es_ES","og:site_name":"El Digital de Asturias","og:type":"article","og:title":"Jos\u00e9 Castro: la justicia toma nombre de juez - El Digital de Asturias","og:description":"Palma, 8 feb (dpa) - &quot;La justicia tiene un nombre: Castro&quot;. La pancarta que agitaba hoy un manifestante junto al juzgado de Palma de Mallorca en el que declaraba la infanta Cristina muestra c\u00f3mo el juez Jos\u00e9 Castro se ha convertido en referente en una Espa\u00f1a en la que las instituciones son objeto de descr\u00e9dito.","og:url":"https:\/\/www.eldigitaldeasturias.com\/noticias\/jose-castro-la-justicia-toma-nombre-de-juez\/","article:tag":["actualidad"],"article:published_time":"2014-02-09T00:41:15+00:00","article:modified_time":"2014-02-09T00:41:15+00:00","article:publisher":"https:\/\/facebook.com\/eldigitaldeasturias","twitter:card":"summary_large_image","twitter:title":"Jos\u00e9 Castro: la justicia toma nombre de juez - El Digital de Asturias","twitter:description":"Palma, 8 feb (dpa) - &quot;La justicia tiene un nombre: Castro&quot;. La pancarta que agitaba hoy un manifestante junto al juzgado de Palma de Mallorca en el que declaraba la infanta Cristina muestra c\u00f3mo el juez Jos\u00e9 Castro se ha convertido en referente en una Espa\u00f1a en la que las instituciones son objeto de descr\u00e9dito.","twitter:label1":"Escrito por","twitter:data1":"El Digital de Asturias","twitter:label2":"Tiempo de lectura estimado","twitter:data2":"4 minutos"},"aioseo_meta_data":{"post_id":"487007","title":null,"description":null,"keywords":null,"keyphrases":null,"primary_term":null,"canonical_url":null,"og_title":null,"og_description":null,"og_object_type":"default","og_image_type":"default","og_image_url":null,"og_image_width":null,"og_image_height":null,"og_image_custom_url":null,"og_image_custom_fields":null,"og_video":null,"og_custom_url":null,"og_article_section":null,"og_article_tags":null,"twitter_use_og":true,"twitter_card":"default","twitter_image_type":"default","twitter_image_url":null,"twitter_image_custom_url":null,"twitter_image_custom_fields":null,"twitter_title":null,"twitter_description":null,"schema":{"blockGraphs":[],"customGraphs":[],"default":{"data":{"Article":[],"Course":[],"Dataset":[],"FAQPage":[],"Movie":[],"Person":[],"Product":[],"ProductReview":[],"Car":[],"Recipe":[],"Service":[],"SoftwareApplication":[],"WebPage":[]},"graphName":"","isEnabled":true},"graphs":[],"defaultGraph":"","defaultPostTypeGraph":""},"schema_type":null,"schema_type_options":null,"pillar_content":false,"robots_default":true,"robots_noindex":false,"robots_noarchive":false,"robots_nosnippet":false,"robots_nofollow":false,"robots_noimageindex":false,"robots_noodp":false,"robots_notranslate":false,"robots_max_snippet":null,"robots_max_videopreview":null,"robots_max_imagepreview":"none","priority":null,"frequency":null,"local_seo":null,"seo_analyzer_scan_date":"2026-06-03 03:19:11","breadcrumb_settings":null,"limit_modified_date":false,"open_ai":null,"ai":null,"created":"2020-11-14 22:56:17","updated":"2026-06-03 03:19:11","focus_keyword":null,"additional_keywords":null,"truseo_locale":null},"aioseo_breadcrumb":"<div class=\"aioseo-breadcrumbs\"><span class=\"aioseo-breadcrumb\">\n\t<a href=\"https:\/\/www.eldigitaldeasturias.com\/noticias\" title=\"Home\">Home<\/a>\n<\/span><span class=\"aioseo-breadcrumb-separator\">\u2013<\/span><span class=\"aioseo-breadcrumb\">\n\t<a href=\"https:\/\/www.eldigitaldeasturias.com\/noticias\/category\/actualidad\/\" title=\"Actualidad\">Actualidad<\/a>\n<\/span><span class=\"aioseo-breadcrumb-separator\">\u2013<\/span><span class=\"aioseo-breadcrumb\">\n\t<a href=\"https:\/\/www.eldigitaldeasturias.com\/noticias\/jose-castro-la-justicia-toma-nombre-de-juez\/\" title=\"Jos\u00e9 Castro: la justicia toma nombre de juez\">Jos\u00e9 Castro: la justicia toma nombre de juez<\/a>\n<\/span><\/div>","aioseo_breadcrumb_json":[{"label":"Home","link":"https:\/\/www.eldigitaldeasturias.com\/noticias"},{"label":"Actualidad","link":"https:\/\/www.eldigitaldeasturias.com\/noticias\/category\/actualidad\/"},{"label":"Jos\u00e9 Castro: la justicia toma nombre de juez","link":"https:\/\/www.eldigitaldeasturias.com\/noticias\/jose-castro-la-justicia-toma-nombre-de-juez\/"}],"_links":{"self":[{"href":"https:\/\/www.eldigitaldeasturias.com\/noticias\/wp-json\/wp\/v2\/posts\/487007","targetHints":{"allow":["GET"]}}],"collection":[{"href":"https:\/\/www.eldigitaldeasturias.com\/noticias\/wp-json\/wp\/v2\/posts"}],"about":[{"href":"https:\/\/www.eldigitaldeasturias.com\/noticias\/wp-json\/wp\/v2\/types\/post"}],"author":[{"embeddable":true,"href":"https:\/\/www.eldigitaldeasturias.com\/noticias\/wp-json\/wp\/v2\/users\/1"}],"replies":[{"embeddable":true,"href":"https:\/\/www.eldigitaldeasturias.com\/noticias\/wp-json\/wp\/v2\/comments?post=487007"}],"version-history":[{"count":0,"href":"https:\/\/www.eldigitaldeasturias.com\/noticias\/wp-json\/wp\/v2\/posts\/487007\/revisions"}],"wp:attachment":[{"href":"https:\/\/www.eldigitaldeasturias.com\/noticias\/wp-json\/wp\/v2\/media?parent=487007"}],"wp:term":[{"taxonomy":"category","embeddable":true,"href":"https:\/\/www.eldigitaldeasturias.com\/noticias\/wp-json\/wp\/v2\/categories?post=487007"},{"taxonomy":"post_tag","embeddable":true,"href":"https:\/\/www.eldigitaldeasturias.com\/noticias\/wp-json\/wp\/v2\/tags?post=487007"}],"curies":[{"name":"wp","href":"https:\/\/api.w.org\/{rel}","templated":true}]}}