{"id":486993,"date":"2014-02-08T23:32:45","date_gmt":"2014-02-09T00:32:45","guid":{"rendered":"http:\/\/www.eldigitaldeasturias.com\/noticias\/?p=486993"},"modified":"2014-02-08T23:32:45","modified_gmt":"2014-02-09T00:32:45","slug":"miles-de-personas-despiden-en-elorrio-al-preso-de-eta-muerto-arkaitz-bellon","status":"publish","type":"post","link":"https:\/\/www.eldigitaldeasturias.com\/noticias\/miles-de-personas-despiden-en-elorrio-al-preso-de-eta-muerto-arkaitz-bellon\/","title":{"rendered":"Miles de personas despiden en Elorrio al preso de ETA muerto Arkaitz Bell\u00f3n"},"content":{"rendered":"<p><img loading=\"lazy\" decoding=\"async\" class=\"alignleft size-medium wp-image-486994\" alt=\"5924283w\" src=\"https:\/\/www.eldigitaldeasturias.com\/noticias\/wp-content\/uploads\/2014\/02\/5924283w-360x239.jpg\" width=\"360\" height=\"239\" \/>Bilbao, 8 feb (EFE).- Miles de personas, entre ellas los principales dirigentes de la izquierda abertzale, han despedido hoy al preso de ETA Arkaitz Bell\u00f3n, fallecido el pasado mi\u00e9rcoles en la c\u00e1rcel gaditana de Puerto I, en Elorrio (Bizkaia), su localidad natal.<\/p>\n<p>El cuerpo de Arkaitz Bell\u00f3n, fallecido de \u00abmuerte s\u00fabita por causas naturales\u00bb, seg\u00fan los informes preliminares de las dos autopsias realizadas, ha llegado al mediod\u00eda a Elorrio acompa\u00f1ado de una caravana de veh\u00edculos y despu\u00e9s el f\u00e9retro ha sido portado a hombros hasta el teatro Arriola, donde ha quedado instalada la capilla ardiente.<\/p>\n<p>Elorrio ha estado lleno de ikurrinas con crespones negros todo el d\u00eda, un gran cartel con una imagen del preso fallecido colgado de la fachada del ayuntamiento y con cientos de personas presentes en la llegada del f\u00e9retro.<\/p>\n<p>Por la tarde se ha celebrado una manifestaci\u00f3n convocada por los amigos de Bell\u00f3n, en la que han participado varios miles de personas, entre ellos dirigentes y cargos de la izquierda abertzale como Hasier Arraiz, Pernando Barrena o Rufi Etxeberria. Laura Mintegi y la secretaria general del sindicato LAB, Ainhoa Etxaide, tambi\u00e9n han estado en Elorrio.<\/p>\n<p>La marcha ha recorrido durante m\u00e1s de una hora la localidad vizca\u00edna tras una pancarta con el lema \u00abEspetxe politika honi ez. Sakabanaketarekin amaitu\u00bb (No a esta pol\u00edtica penitenciaria. Acabad con la dispersi\u00f3n) y dos carteles con la imagen de Arkaitz Bell\u00f3n.<\/p>\n<p>Durante el recorrido ha predominado el silencio, aunque tambi\u00e9n se han coreado lemas contra la pol\u00edtica penitenciaria, el PP y el PNV y en recuerdo de Arkaitz Bell\u00f3n como \u00abEspetxeak apurtu\u00bb (Romped las c\u00e1rceles) o \u00abHerriak ez du barkatuko\u00bb (El pueblo no perdonar\u00e1).<\/p>\n<p>Los \u00fanicos incidentes que se han registrado son las pintadas con el lema \u00abPP hiltzaile, PNV laguntzaile\u00bb (PP asesino, PNV c\u00f3mplice) que han aparecido en el batzoki de Elorrio, y que ha denunciado la presidenta del PNV de Bizkaia, Itxaso Atuxta.<\/p>\n<p>As\u00ed mismo, el PP ha denunciado la colocaci\u00f3n esta madrugada ante su sede de la localidad alavesa de Amurrio de un mu\u00f1eco manchado con pintura roja y con la imagen de Arkaitz Bell\u00f3n.<\/p>\n","protected":false},"excerpt":{"rendered":"<p>Bilbao, 8 feb (EFE).- Miles de personas, entre ellas los principales dirigentes de la izquierda abertzale, han despedido hoy al preso de ETA Arkaitz Bell\u00f3n, fallecido el pasado mi\u00e9rcoles en la c\u00e1rcel gaditana de Puerto I, en Elorrio (Bizkaia), su localidad natal. El cuerpo de Arkaitz Bell\u00f3n, fallecido de \u00abmuerte s\u00fabita por causas naturales\u00bb, seg\u00fan [&hellip;]<\/p>\n","protected":false},"author":1,"featured_media":486994,"comment_status":"open","ping_status":"open","sticky":false,"template":"","format":"standard","meta":{"footnotes":""},"categories":[1],"tags":[],"class_list":["post-486993","post","type-post","status-publish","format-standard","has-post-thumbnail","hentry","category-actualidad"],"aioseo_notices":[],"aioseo_head":"\n\t\t<!-- All in One SEO Pro 5.0.1 - aioseo.com -->\n\t<meta name=\"description\" content=\"Bilbao, 8 feb (EFE).- Miles de personas, entre ellas los principales dirigentes de la izquierda abertzale, han despedido hoy al preso de ETA Arkaitz Bell\u00f3n, fallecido el pasado mi\u00e9rcoles en la c\u00e1rcel gaditana de Puerto I, en Elorrio (Bizkaia), su localidad natal. El cuerpo de Arkaitz Bell\u00f3n, fallecido de &quot;muerte s\u00fabita por causas naturales&quot;, seg\u00fan\" \/>\n\t<meta name=\"robots\" content=\"max-image-preview:large\" \/>\n\t<meta name=\"author\" content=\"El Digital de Asturias\"\/>\n\t<meta name=\"google-site-verification\" content=\"UA-38556648-1\" \/>\n\t<meta name=\"msvalidate.01\" content=\"7dfe9f3f1b24437ab69f4f2559babe99\" \/>\n\t<meta name=\"keywords\" content=\"actualidad\" \/>\n\t<link rel=\"canonical\" href=\"https:\/\/www.eldigitaldeasturias.com\/noticias\/miles-de-personas-despiden-en-elorrio-al-preso-de-eta-muerto-arkaitz-bellon\/\" \/>\n\t<meta name=\"generator\" content=\"All in One SEO Pro (AIOSEO) 5.0.1\" \/>\n\t\t<meta property=\"og:locale\" content=\"es_ES\" \/>\n\t\t<meta property=\"og:site_name\" content=\"El Digital de Asturias\" \/>\n\t\t<meta property=\"og:type\" content=\"article\" \/>\n\t\t<meta property=\"og:title\" content=\"Miles de personas despiden en Elorrio al preso de ETA muerto Arkaitz Bell\u00f3n - El Digital de Asturias\" \/>\n\t\t<meta property=\"og:description\" content=\"Bilbao, 8 feb (EFE).- Miles de personas, entre ellas los principales dirigentes de la izquierda abertzale, han despedido hoy al preso de ETA Arkaitz Bell\u00f3n, fallecido el pasado mi\u00e9rcoles en la c\u00e1rcel gaditana de Puerto I, en Elorrio (Bizkaia), su localidad natal. El cuerpo de Arkaitz Bell\u00f3n, fallecido de &quot;muerte s\u00fabita por causas naturales&quot;, seg\u00fan\" \/>\n\t\t<meta property=\"og:url\" content=\"https:\/\/www.eldigitaldeasturias.com\/noticias\/miles-de-personas-despiden-en-elorrio-al-preso-de-eta-muerto-arkaitz-bellon\/\" \/>\n\t\t<meta property=\"article:tag\" content=\"actualidad\" \/>\n\t\t<meta property=\"article:published_time\" content=\"2014-02-09T00:32:45+00:00\" \/>\n\t\t<meta property=\"article:modified_time\" content=\"2014-02-09T00:32:45+00:00\" \/>\n\t\t<meta property=\"article:publisher\" content=\"https:\/\/facebook.com\/eldigitaldeasturias\" \/>\n\t\t<meta name=\"twitter:card\" content=\"summary_large_image\" \/>\n\t\t<meta name=\"twitter:title\" content=\"Miles de personas despiden en Elorrio al preso de ETA muerto Arkaitz Bell\u00f3n - El Digital de Asturias\" \/>\n\t\t<meta name=\"twitter:description\" content=\"Bilbao, 8 feb (EFE).- Miles de personas, entre ellas los principales dirigentes de la izquierda abertzale, han despedido hoy al preso de ETA Arkaitz Bell\u00f3n, fallecido el pasado mi\u00e9rcoles en la c\u00e1rcel gaditana de Puerto I, en Elorrio (Bizkaia), su localidad natal. El cuerpo de Arkaitz Bell\u00f3n, fallecido de &quot;muerte s\u00fabita por causas naturales&quot;, seg\u00fan\" \/>\n\t\t<meta name=\"twitter:label1\" content=\"Escrito por\" \/>\n\t\t<meta name=\"twitter:data1\" content=\"El Digital de Asturias\" \/>\n\t\t<meta name=\"twitter:label2\" content=\"Tiempo de lectura estimado\" \/>\n\t\t<meta name=\"twitter:data2\" content=\"2 minutos\" \/>\n\t\t<script type=\"application\/ld+json\" class=\"aioseo-schema\">\n\t\t\t{\"@context\":\"https:\\\/\\\/schema.org\",\"@graph\":[{\"@type\":\"BlogPosting\",\"@id\":\"https:\\\/\\\/www.eldigitaldeasturias.com\\\/noticias\\\/miles-de-personas-despiden-en-elorrio-al-preso-de-eta-muerto-arkaitz-bellon\\\/#blogposting\",\"name\":\"Miles de personas despiden en Elorrio al preso de ETA muerto Arkaitz Bell\\u00f3n - El Digital de Asturias\",\"headline\":\"Miles de personas despiden en Elorrio al preso de ETA muerto Arkaitz Bell\\u00f3n\",\"author\":{\"@id\":\"https:\\\/\\\/www.eldigitaldeasturias.com\\\/noticias\\\/author\\\/admin\\\/#author\"},\"publisher\":{\"@id\":\"https:\\\/\\\/www.eldigitaldeasturias.com\\\/noticias\\\/#organization\"},\"image\":{\"@type\":\"ImageObject\",\"url\":486994},\"datePublished\":\"2014-02-08T23:32:45+01:00\",\"dateModified\":\"2014-02-08T23:32:45+01:00\",\"inLanguage\":\"es-ES\",\"mainEntityOfPage\":{\"@id\":\"https:\\\/\\\/www.eldigitaldeasturias.com\\\/noticias\\\/miles-de-personas-despiden-en-elorrio-al-preso-de-eta-muerto-arkaitz-bellon\\\/#webpage\"},\"isPartOf\":{\"@id\":\"https:\\\/\\\/www.eldigitaldeasturias.com\\\/noticias\\\/miles-de-personas-despiden-en-elorrio-al-preso-de-eta-muerto-arkaitz-bellon\\\/#webpage\"},\"articleSection\":\"Actualidad\"},{\"@type\":\"BreadcrumbList\",\"@id\":\"https:\\\/\\\/www.eldigitaldeasturias.com\\\/noticias\\\/miles-de-personas-despiden-en-elorrio-al-preso-de-eta-muerto-arkaitz-bellon\\\/#breadcrumblist\",\"itemListElement\":[{\"@type\":\"ListItem\",\"@id\":\"https:\\\/\\\/www.eldigitaldeasturias.com\\\/noticias#listItem\",\"position\":1,\"name\":\"Home\",\"item\":\"https:\\\/\\\/www.eldigitaldeasturias.com\\\/noticias\",\"nextItem\":{\"@type\":\"ListItem\",\"@id\":\"https:\\\/\\\/www.eldigitaldeasturias.com\\\/noticias\\\/category\\\/actualidad\\\/#listItem\",\"name\":\"Actualidad\"}},{\"@type\":\"ListItem\",\"@id\":\"https:\\\/\\\/www.eldigitaldeasturias.com\\\/noticias\\\/category\\\/actualidad\\\/#listItem\",\"position\":2,\"name\":\"Actualidad\",\"item\":\"https:\\\/\\\/www.eldigitaldeasturias.com\\\/noticias\\\/category\\\/actualidad\\\/\",\"nextItem\":{\"@type\":\"ListItem\",\"@id\":\"https:\\\/\\\/www.eldigitaldeasturias.com\\\/noticias\\\/miles-de-personas-despiden-en-elorrio-al-preso-de-eta-muerto-arkaitz-bellon\\\/#listItem\",\"name\":\"Miles de personas despiden en Elorrio al preso de ETA muerto Arkaitz Bell\\u00f3n\"},\"previousItem\":{\"@type\":\"ListItem\",\"@id\":\"https:\\\/\\\/www.eldigitaldeasturias.com\\\/noticias#listItem\",\"name\":\"Home\"}},{\"@type\":\"ListItem\",\"@id\":\"https:\\\/\\\/www.eldigitaldeasturias.com\\\/noticias\\\/miles-de-personas-despiden-en-elorrio-al-preso-de-eta-muerto-arkaitz-bellon\\\/#listItem\",\"position\":3,\"name\":\"Miles de personas despiden en Elorrio al preso de ETA muerto Arkaitz Bell\\u00f3n\",\"previousItem\":{\"@type\":\"ListItem\",\"@id\":\"https:\\\/\\\/www.eldigitaldeasturias.com\\\/noticias\\\/category\\\/actualidad\\\/#listItem\",\"name\":\"Actualidad\"}}]},{\"@type\":\"Organization\",\"@id\":\"https:\\\/\\\/www.eldigitaldeasturias.com\\\/noticias\\\/#organization\",\"name\":\"El Digital de Asturias\",\"description\":\"Hemeroteca\",\"url\":\"https:\\\/\\\/www.eldigitaldeasturias.com\\\/noticias\\\/\",\"email\":\"info@eldigitaldeasturias.com\",\"telephone\":\"+34652131393\",\"logo\":{\"@type\":\"ImageObject\",\"url\":\"https:\\\/\\\/www.eldigitaldeasturias.com\\\/noticias\\\/wp-content\\\/uploads\\\/2020\\\/12\\\/EDA.jpg\",\"@id\":\"https:\\\/\\\/www.eldigitaldeasturias.com\\\/noticias\\\/miles-de-personas-despiden-en-elorrio-al-preso-de-eta-muerto-arkaitz-bellon\\\/#organizationLogo\"},\"image\":{\"@id\":\"https:\\\/\\\/www.eldigitaldeasturias.com\\\/noticias\\\/miles-de-personas-despiden-en-elorrio-al-preso-de-eta-muerto-arkaitz-bellon\\\/#organizationLogo\"},\"sameAs\":[\"https:\\\/\\\/facebook.com\\\/eldigitaldeasturias\",\"https:\\\/\\\/www.youtube.com\\\/channel\\\/UCZP-2wLEB9Rv6erhFmqVnvg\"],\"address\":{\"@id\":\"https:\\\/\\\/www.eldigitaldeasturias.com\\\/noticias\\\/#postaladdress\",\"@type\":\"PostalAddress\",\"streetAddress\":\"san antonio 4\",\"postalCode\":\"33430\",\"addressLocality\":\"Cand\\u00e1s\",\"addressRegion\":\"Asturias\",\"addressCountry\":\"ES\"}},{\"@type\":\"Person\",\"@id\":\"https:\\\/\\\/www.eldigitaldeasturias.com\\\/noticias\\\/author\\\/admin\\\/#author\",\"url\":\"https:\\\/\\\/www.eldigitaldeasturias.com\\\/noticias\\\/author\\\/admin\\\/\",\"name\":\"El Digital de Asturias\",\"image\":{\"@type\":\"ImageObject\",\"@id\":\"https:\\\/\\\/www.eldigitaldeasturias.com\\\/noticias\\\/miles-de-personas-despiden-en-elorrio-al-preso-de-eta-muerto-arkaitz-bellon\\\/#authorImage\",\"url\":\"https:\\\/\\\/secure.gravatar.com\\\/avatar\\\/df2aeffc32bcd13f8d26072ef8a91b623d677766deac7f97ca815868cd41bf5e?s=96&d=mm&r=g\",\"width\":96,\"height\":96,\"caption\":\"El Digital de Asturias\"}},{\"@type\":\"WebPage\",\"@id\":\"https:\\\/\\\/www.eldigitaldeasturias.com\\\/noticias\\\/miles-de-personas-despiden-en-elorrio-al-preso-de-eta-muerto-arkaitz-bellon\\\/#webpage\",\"url\":\"https:\\\/\\\/www.eldigitaldeasturias.com\\\/noticias\\\/miles-de-personas-despiden-en-elorrio-al-preso-de-eta-muerto-arkaitz-bellon\\\/\",\"name\":\"Miles de personas despiden en Elorrio al preso de ETA muerto Arkaitz Bell\\u00f3n - El Digital de Asturias\",\"description\":\"Bilbao, 8 feb (EFE).- Miles de personas, entre ellas los principales dirigentes de la izquierda abertzale, han despedido hoy al preso de ETA Arkaitz Bell\\u00f3n, fallecido el pasado mi\\u00e9rcoles en la c\\u00e1rcel gaditana de Puerto I, en Elorrio (Bizkaia), su localidad natal. El cuerpo de Arkaitz Bell\\u00f3n, fallecido de \\\"muerte s\\u00fabita por causas naturales\\\", seg\\u00fan\",\"inLanguage\":\"es-ES\",\"isPartOf\":{\"@id\":\"https:\\\/\\\/www.eldigitaldeasturias.com\\\/noticias\\\/#website\"},\"breadcrumb\":{\"@id\":\"https:\\\/\\\/www.eldigitaldeasturias.com\\\/noticias\\\/miles-de-personas-despiden-en-elorrio-al-preso-de-eta-muerto-arkaitz-bellon\\\/#breadcrumblist\"},\"author\":{\"@id\":\"https:\\\/\\\/www.eldigitaldeasturias.com\\\/noticias\\\/author\\\/admin\\\/#author\"},\"creator\":{\"@id\":\"https:\\\/\\\/www.eldigitaldeasturias.com\\\/noticias\\\/author\\\/admin\\\/#author\"},\"image\":{\"@type\":\"ImageObject\",\"url\":486994,\"@id\":\"https:\\\/\\\/www.eldigitaldeasturias.com\\\/noticias\\\/miles-de-personas-despiden-en-elorrio-al-preso-de-eta-muerto-arkaitz-bellon\\\/#mainImage\"},\"primaryImageOfPage\":{\"@id\":\"https:\\\/\\\/www.eldigitaldeasturias.com\\\/noticias\\\/miles-de-personas-despiden-en-elorrio-al-preso-de-eta-muerto-arkaitz-bellon\\\/#mainImage\"},\"datePublished\":\"2014-02-08T23:32:45+01:00\",\"dateModified\":\"2014-02-08T23:32:45+01:00\"},{\"@type\":\"WebSite\",\"@id\":\"https:\\\/\\\/www.eldigitaldeasturias.com\\\/noticias\\\/#website\",\"url\":\"https:\\\/\\\/www.eldigitaldeasturias.com\\\/noticias\\\/\",\"name\":\"El Digital de Asturias - Diario de actualidad y noticias\",\"alternateName\":\"El Digital de Asturias - Diario de actualidad y noticias\",\"description\":\"Hemeroteca\",\"inLanguage\":\"es-ES\",\"publisher\":{\"@id\":\"https:\\\/\\\/www.eldigitaldeasturias.com\\\/noticias\\\/#organization\"}}]}\n\t\t<\/script>\n\t\t<!-- All in One SEO Pro -->\r\n\t\t<title>Miles de personas despiden en Elorrio al preso de ETA muerto Arkaitz Bell\u00f3n - El Digital de Asturias<\/title>\n\n","aioseo_head_json":{"title":"Miles de personas despiden en Elorrio al preso de ETA muerto Arkaitz Bell\u00f3n - El Digital de Asturias","description":"Bilbao, 8 feb (EFE).- Miles de personas, entre ellas los principales dirigentes de la izquierda abertzale, han despedido hoy al preso de ETA Arkaitz Bell\u00f3n, fallecido el pasado mi\u00e9rcoles en la c\u00e1rcel gaditana de Puerto I, en Elorrio (Bizkaia), su localidad natal. El cuerpo de Arkaitz Bell\u00f3n, fallecido de \"muerte s\u00fabita por causas naturales\", seg\u00fan","canonical_url":"https:\/\/www.eldigitaldeasturias.com\/noticias\/miles-de-personas-despiden-en-elorrio-al-preso-de-eta-muerto-arkaitz-bellon\/","robots":"max-image-preview:large","keywords":"actualidad","webmasterTools":{"google-site-verification":"UA-38556648-1","msvalidate.01":"7dfe9f3f1b24437ab69f4f2559babe99","miscellaneous":""},"schema":{"@context":"https:\/\/schema.org","@graph":[{"@type":"BlogPosting","@id":"https:\/\/www.eldigitaldeasturias.com\/noticias\/miles-de-personas-despiden-en-elorrio-al-preso-de-eta-muerto-arkaitz-bellon\/#blogposting","name":"Miles de personas despiden en Elorrio al preso de ETA muerto Arkaitz Bell\u00f3n - El Digital de Asturias","headline":"Miles de personas despiden en Elorrio al preso de ETA muerto Arkaitz Bell\u00f3n","author":{"@id":"https:\/\/www.eldigitaldeasturias.com\/noticias\/author\/admin\/#author"},"publisher":{"@id":"https:\/\/www.eldigitaldeasturias.com\/noticias\/#organization"},"image":{"@type":"ImageObject","url":486994},"datePublished":"2014-02-08T23:32:45+01:00","dateModified":"2014-02-08T23:32:45+01:00","inLanguage":"es-ES","mainEntityOfPage":{"@id":"https:\/\/www.eldigitaldeasturias.com\/noticias\/miles-de-personas-despiden-en-elorrio-al-preso-de-eta-muerto-arkaitz-bellon\/#webpage"},"isPartOf":{"@id":"https:\/\/www.eldigitaldeasturias.com\/noticias\/miles-de-personas-despiden-en-elorrio-al-preso-de-eta-muerto-arkaitz-bellon\/#webpage"},"articleSection":"Actualidad"},{"@type":"BreadcrumbList","@id":"https:\/\/www.eldigitaldeasturias.com\/noticias\/miles-de-personas-despiden-en-elorrio-al-preso-de-eta-muerto-arkaitz-bellon\/#breadcrumblist","itemListElement":[{"@type":"ListItem","@id":"https:\/\/www.eldigitaldeasturias.com\/noticias#listItem","position":1,"name":"Home","item":"https:\/\/www.eldigitaldeasturias.com\/noticias","nextItem":{"@type":"ListItem","@id":"https:\/\/www.eldigitaldeasturias.com\/noticias\/category\/actualidad\/#listItem","name":"Actualidad"}},{"@type":"ListItem","@id":"https:\/\/www.eldigitaldeasturias.com\/noticias\/category\/actualidad\/#listItem","position":2,"name":"Actualidad","item":"https:\/\/www.eldigitaldeasturias.com\/noticias\/category\/actualidad\/","nextItem":{"@type":"ListItem","@id":"https:\/\/www.eldigitaldeasturias.com\/noticias\/miles-de-personas-despiden-en-elorrio-al-preso-de-eta-muerto-arkaitz-bellon\/#listItem","name":"Miles de personas despiden en Elorrio al preso de ETA muerto Arkaitz Bell\u00f3n"},"previousItem":{"@type":"ListItem","@id":"https:\/\/www.eldigitaldeasturias.com\/noticias#listItem","name":"Home"}},{"@type":"ListItem","@id":"https:\/\/www.eldigitaldeasturias.com\/noticias\/miles-de-personas-despiden-en-elorrio-al-preso-de-eta-muerto-arkaitz-bellon\/#listItem","position":3,"name":"Miles de personas despiden en Elorrio al preso de ETA muerto Arkaitz Bell\u00f3n","previousItem":{"@type":"ListItem","@id":"https:\/\/www.eldigitaldeasturias.com\/noticias\/category\/actualidad\/#listItem","name":"Actualidad"}}]},{"@type":"Organization","@id":"https:\/\/www.eldigitaldeasturias.com\/noticias\/#organization","name":"El Digital de Asturias","description":"Hemeroteca","url":"https:\/\/www.eldigitaldeasturias.com\/noticias\/","email":"info@eldigitaldeasturias.com","telephone":"+34652131393","logo":{"@type":"ImageObject","url":"https:\/\/www.eldigitaldeasturias.com\/noticias\/wp-content\/uploads\/2020\/12\/EDA.jpg","@id":"https:\/\/www.eldigitaldeasturias.com\/noticias\/miles-de-personas-despiden-en-elorrio-al-preso-de-eta-muerto-arkaitz-bellon\/#organizationLogo"},"image":{"@id":"https:\/\/www.eldigitaldeasturias.com\/noticias\/miles-de-personas-despiden-en-elorrio-al-preso-de-eta-muerto-arkaitz-bellon\/#organizationLogo"},"sameAs":["https:\/\/facebook.com\/eldigitaldeasturias","https:\/\/www.youtube.com\/channel\/UCZP-2wLEB9Rv6erhFmqVnvg"],"address":{"@id":"https:\/\/www.eldigitaldeasturias.com\/noticias\/#postaladdress","@type":"PostalAddress","streetAddress":"san antonio 4","postalCode":"33430","addressLocality":"Cand\u00e1s","addressRegion":"Asturias","addressCountry":"ES"}},{"@type":"Person","@id":"https:\/\/www.eldigitaldeasturias.com\/noticias\/author\/admin\/#author","url":"https:\/\/www.eldigitaldeasturias.com\/noticias\/author\/admin\/","name":"El Digital de Asturias","image":{"@type":"ImageObject","@id":"https:\/\/www.eldigitaldeasturias.com\/noticias\/miles-de-personas-despiden-en-elorrio-al-preso-de-eta-muerto-arkaitz-bellon\/#authorImage","url":"https:\/\/secure.gravatar.com\/avatar\/df2aeffc32bcd13f8d26072ef8a91b623d677766deac7f97ca815868cd41bf5e?s=96&d=mm&r=g","width":96,"height":96,"caption":"El Digital de Asturias"}},{"@type":"WebPage","@id":"https:\/\/www.eldigitaldeasturias.com\/noticias\/miles-de-personas-despiden-en-elorrio-al-preso-de-eta-muerto-arkaitz-bellon\/#webpage","url":"https:\/\/www.eldigitaldeasturias.com\/noticias\/miles-de-personas-despiden-en-elorrio-al-preso-de-eta-muerto-arkaitz-bellon\/","name":"Miles de personas despiden en Elorrio al preso de ETA muerto Arkaitz Bell\u00f3n - El Digital de Asturias","description":"Bilbao, 8 feb (EFE).- Miles de personas, entre ellas los principales dirigentes de la izquierda abertzale, han despedido hoy al preso de ETA Arkaitz Bell\u00f3n, fallecido el pasado mi\u00e9rcoles en la c\u00e1rcel gaditana de Puerto I, en Elorrio (Bizkaia), su localidad natal. El cuerpo de Arkaitz Bell\u00f3n, fallecido de \"muerte s\u00fabita por causas naturales\", seg\u00fan","inLanguage":"es-ES","isPartOf":{"@id":"https:\/\/www.eldigitaldeasturias.com\/noticias\/#website"},"breadcrumb":{"@id":"https:\/\/www.eldigitaldeasturias.com\/noticias\/miles-de-personas-despiden-en-elorrio-al-preso-de-eta-muerto-arkaitz-bellon\/#breadcrumblist"},"author":{"@id":"https:\/\/www.eldigitaldeasturias.com\/noticias\/author\/admin\/#author"},"creator":{"@id":"https:\/\/www.eldigitaldeasturias.com\/noticias\/author\/admin\/#author"},"image":{"@type":"ImageObject","url":486994,"@id":"https:\/\/www.eldigitaldeasturias.com\/noticias\/miles-de-personas-despiden-en-elorrio-al-preso-de-eta-muerto-arkaitz-bellon\/#mainImage"},"primaryImageOfPage":{"@id":"https:\/\/www.eldigitaldeasturias.com\/noticias\/miles-de-personas-despiden-en-elorrio-al-preso-de-eta-muerto-arkaitz-bellon\/#mainImage"},"datePublished":"2014-02-08T23:32:45+01:00","dateModified":"2014-02-08T23:32:45+01:00"},{"@type":"WebSite","@id":"https:\/\/www.eldigitaldeasturias.com\/noticias\/#website","url":"https:\/\/www.eldigitaldeasturias.com\/noticias\/","name":"El Digital de Asturias - Diario de actualidad y noticias","alternateName":"El Digital de Asturias - Diario de actualidad y noticias","description":"Hemeroteca","inLanguage":"es-ES","publisher":{"@id":"https:\/\/www.eldigitaldeasturias.com\/noticias\/#organization"}}]},"og:locale":"es_ES","og:site_name":"El Digital de Asturias","og:type":"article","og:title":"Miles de personas despiden en Elorrio al preso de ETA muerto Arkaitz Bell\u00f3n - El Digital de Asturias","og:description":"Bilbao, 8 feb (EFE).- Miles de personas, entre ellas los principales dirigentes de la izquierda abertzale, han despedido hoy al preso de ETA Arkaitz Bell\u00f3n, fallecido el pasado mi\u00e9rcoles en la c\u00e1rcel gaditana de Puerto I, en Elorrio (Bizkaia), su localidad natal. El cuerpo de Arkaitz Bell\u00f3n, fallecido de &quot;muerte s\u00fabita por causas naturales&quot;, seg\u00fan","og:url":"https:\/\/www.eldigitaldeasturias.com\/noticias\/miles-de-personas-despiden-en-elorrio-al-preso-de-eta-muerto-arkaitz-bellon\/","article:tag":["actualidad"],"article:published_time":"2014-02-09T00:32:45+00:00","article:modified_time":"2014-02-09T00:32:45+00:00","article:publisher":"https:\/\/facebook.com\/eldigitaldeasturias","twitter:card":"summary_large_image","twitter:title":"Miles de personas despiden en Elorrio al preso de ETA muerto Arkaitz Bell\u00f3n - El Digital de Asturias","twitter:description":"Bilbao, 8 feb (EFE).- Miles de personas, entre ellas los principales dirigentes de la izquierda abertzale, han despedido hoy al preso de ETA Arkaitz Bell\u00f3n, fallecido el pasado mi\u00e9rcoles en la c\u00e1rcel gaditana de Puerto I, en Elorrio (Bizkaia), su localidad natal. El cuerpo de Arkaitz Bell\u00f3n, fallecido de &quot;muerte s\u00fabita por causas naturales&quot;, seg\u00fan","twitter:label1":"Escrito por","twitter:data1":"El Digital de Asturias","twitter:label2":"Tiempo de lectura estimado","twitter:data2":"2 minutos"},"aioseo_meta_data":{"post_id":"486993","title":null,"description":null,"keywords":null,"keyphrases":null,"primary_term":null,"canonical_url":null,"og_title":null,"og_description":null,"og_object_type":"default","og_image_type":"default","og_image_url":null,"og_image_width":null,"og_image_height":null,"og_image_custom_url":null,"og_image_custom_fields":null,"og_video":null,"og_custom_url":null,"og_article_section":null,"og_article_tags":null,"twitter_use_og":true,"twitter_card":"default","twitter_image_type":"default","twitter_image_url":null,"twitter_image_custom_url":null,"twitter_image_custom_fields":null,"twitter_title":null,"twitter_description":null,"schema":{"blockGraphs":[],"customGraphs":[],"default":{"data":{"Article":[],"Course":[],"Dataset":[],"FAQPage":[],"Movie":[],"Person":[],"Product":[],"ProductReview":[],"Car":[],"Recipe":[],"Service":[],"SoftwareApplication":[],"WebPage":[]},"graphName":"","isEnabled":true},"graphs":[],"defaultGraph":"","defaultPostTypeGraph":""},"schema_type":null,"schema_type_options":null,"pillar_content":false,"robots_default":true,"robots_noindex":false,"robots_noarchive":false,"robots_nosnippet":false,"robots_nofollow":false,"robots_noimageindex":false,"robots_noodp":false,"robots_notranslate":false,"robots_max_snippet":null,"robots_max_videopreview":null,"robots_max_imagepreview":"none","priority":null,"frequency":null,"local_seo":null,"seo_analyzer_scan_date":"2026-06-03 03:16:49","breadcrumb_settings":null,"limit_modified_date":false,"open_ai":null,"ai":null,"created":"2020-11-14 22:56:17","updated":"2026-06-03 03:16:49","focus_keyword":null,"additional_keywords":null,"truseo_locale":null},"aioseo_breadcrumb":"<div class=\"aioseo-breadcrumbs\"><span class=\"aioseo-breadcrumb\">\n\t<a href=\"https:\/\/www.eldigitaldeasturias.com\/noticias\" title=\"Home\">Home<\/a>\n<\/span><span class=\"aioseo-breadcrumb-separator\">\u2013<\/span><span class=\"aioseo-breadcrumb\">\n\t<a href=\"https:\/\/www.eldigitaldeasturias.com\/noticias\/category\/actualidad\/\" title=\"Actualidad\">Actualidad<\/a>\n<\/span><span class=\"aioseo-breadcrumb-separator\">\u2013<\/span><span class=\"aioseo-breadcrumb\">\n\t<a href=\"https:\/\/www.eldigitaldeasturias.com\/noticias\/miles-de-personas-despiden-en-elorrio-al-preso-de-eta-muerto-arkaitz-bellon\/\" title=\"Miles de personas despiden en Elorrio al preso de ETA muerto Arkaitz Bell\u00f3n\">Miles de personas despiden en Elorrio al preso de ETA muerto Arkaitz Bell\u00f3n<\/a>\n<\/span><\/div>","aioseo_breadcrumb_json":[{"label":"Home","link":"https:\/\/www.eldigitaldeasturias.com\/noticias"},{"label":"Actualidad","link":"https:\/\/www.eldigitaldeasturias.com\/noticias\/category\/actualidad\/"},{"label":"Miles de personas despiden en Elorrio al preso de ETA muerto Arkaitz Bell\u00f3n","link":"https:\/\/www.eldigitaldeasturias.com\/noticias\/miles-de-personas-despiden-en-elorrio-al-preso-de-eta-muerto-arkaitz-bellon\/"}],"_links":{"self":[{"href":"https:\/\/www.eldigitaldeasturias.com\/noticias\/wp-json\/wp\/v2\/posts\/486993","targetHints":{"allow":["GET"]}}],"collection":[{"href":"https:\/\/www.eldigitaldeasturias.com\/noticias\/wp-json\/wp\/v2\/posts"}],"about":[{"href":"https:\/\/www.eldigitaldeasturias.com\/noticias\/wp-json\/wp\/v2\/types\/post"}],"author":[{"embeddable":true,"href":"https:\/\/www.eldigitaldeasturias.com\/noticias\/wp-json\/wp\/v2\/users\/1"}],"replies":[{"embeddable":true,"href":"https:\/\/www.eldigitaldeasturias.com\/noticias\/wp-json\/wp\/v2\/comments?post=486993"}],"version-history":[{"count":0,"href":"https:\/\/www.eldigitaldeasturias.com\/noticias\/wp-json\/wp\/v2\/posts\/486993\/revisions"}],"wp:attachment":[{"href":"https:\/\/www.eldigitaldeasturias.com\/noticias\/wp-json\/wp\/v2\/media?parent=486993"}],"wp:term":[{"taxonomy":"category","embeddable":true,"href":"https:\/\/www.eldigitaldeasturias.com\/noticias\/wp-json\/wp\/v2\/categories?post=486993"},{"taxonomy":"post_tag","embeddable":true,"href":"https:\/\/www.eldigitaldeasturias.com\/noticias\/wp-json\/wp\/v2\/tags?post=486993"}],"curies":[{"name":"wp","href":"https:\/\/api.w.org\/{rel}","templated":true}]}}