{"id":486990,"date":"2014-02-08T23:31:29","date_gmt":"2014-02-09T00:31:29","guid":{"rendered":"http:\/\/www.eldigitaldeasturias.com\/noticias\/?p=486990"},"modified":"2014-02-08T23:31:29","modified_gmt":"2014-02-09T00:31:29","slug":"el-festival-del-valencia-deja-muy-tocado-al-betis","status":"publish","type":"post","link":"https:\/\/www.eldigitaldeasturias.com\/noticias\/el-festival-del-valencia-deja-muy-tocado-al-betis\/","title":{"rendered":"El festival del Valencia deja muy tocado al Betis"},"content":{"rendered":"<p><img loading=\"lazy\" decoding=\"async\" class=\"alignleft size-medium wp-image-486991\" alt=\"5924174w\" src=\"https:\/\/www.eldigitaldeasturias.com\/noticias\/wp-content\/uploads\/2014\/02\/5924174w-360x238.jpg\" width=\"360\" height=\"238\" \/>Valencia, 8 feb (EFE).- El festival de juego y tantos del Valencia, en su mejor partido de la temporada, propici\u00f3 una goleada ante el Betis, que nunca tuvo opci\u00f3n de dar r\u00e9plica a su rival y que se queda con esta derrota muy tocado en la \u00faltima posici\u00f3n de la tabla.<\/p>\n<p>El partido fue un mon\u00f3logo del Valencia y tuvo en los dos goles de los minutos finales del primer tiempo y en las facilidades defensivas del Betis algunas de las claves del triunfo local.<\/p>\n<p>La reacci\u00f3n visitante al principio del segundo periodo fue insuficiente, no estuvo acompa\u00f1ada de ocasiones de gol y dej\u00f3 terreno al contragolpe del Valencia para convertir la victoria en goleada.<\/p>\n<p>La primera mitad ya fue un ejercicio de intensidad por parte del Valencia ante un Betis que solo se mostr\u00f3 t\u00edmidamente en los primeros diez minutos de juego.<\/p>\n<p>A partir de ese momento, el Valencia tom\u00f3 la batuta del encuentro y a base de sacrificio, pelea y control del bal\u00f3n fue capaz de meter al rival atr\u00e1s y acercarse con frecuencia a la porter\u00eda del conjunto andaluz.<\/p>\n<p>Esta din\u00e1mica estaba marcada por el control del bal\u00f3n por parte de Parejo y por la profundidad por las bandas de Feghouli y, sobre todo, Piatti, que contribu\u00edan a las llegadas del Valencia a las proximidades de la meta de Ad\u00e1n, aunque faltaba claridad en las acciones de los locales para abrir el tanteador.<\/p>\n<p>El dominio del Valencia se intensific\u00f3 en los diez fren\u00e9ticos minutos previos al descanso, en los que dispuso de cuatro claras ocasiones de gol, dos de las cuales acabaron con los tantos marcados por Mathieu, de cabeza a la salida de un c\u00f3rner, y Alc\u00e1cer tras una jugada por la derecha tres minutos despu\u00e9s.<\/p>\n<p>Adem\u00e1s, Ad\u00e1n hizo una gran parada en un remate de Vargas y Piatti no marc\u00f3 pese a regatear al portero del equipo sevillano. Cuando m\u00e1s disfrutaban el Valencia y su p\u00fablico, el \u00e1rbitro pit\u00f3 el descanso.<\/p>\n<p>El Betis se fue al vestuario muy castigado por su poca llegada, por la forma en la que el Valencia le arroll\u00f3 y, sobre todo, por los dos tantos recibidos en los cinco minutos finales del primer periodo.<\/p>\n<p>La entrada de Jorge Molina por Cedrick en el descanso dio un aire diferente al Betis, que fue capaz de controlar el bal\u00f3n, algo que no hab\u00eda hecho en la primera mitad, y que dispuso en el minuto 50 de su primera ocasi\u00f3n en un cabezazo de Amaya que repeli\u00f3 Alves.<\/p>\n<p>El Betis estaba obligado a arriesgar y empez\u00f3 a jugar m\u00e1s cerca de la porter\u00eda del Valencia, lo que propici\u00f3 algunos contragolpes del conjunto local, que se encontraba c\u00f3modo cuando dispon\u00eda de espacios.<\/p>\n<p>En uno de ellos, una gran jugada entre Parejo y Alc\u00e1cer fue culminada por Feghouli, que hizo el tercer gol de su equipo, fren\u00f3 la tibia reacci\u00f3n de los b\u00e9ticos y pr\u00e1cticamente resolvi\u00f3 el partido cinco minutos antes de que Alc\u00e1cer hiciera el 4-0.<\/p>\n<p>El partido estaba sentenciado, pero faltaba, en una nueva contra, el estreno goleador del chileno Eduardo Vargas en la Liga espa\u00f1ola, ya que suyo fue el quinto gol del Valencia.<\/p>\n<p>&nbsp;<\/p>\n<p>Ficha t\u00e9cnica:<\/p>\n<p>5 &#8211; Valencia: Diego Alves, Barrag\u00e1n, Senderos (Vezo, m.81), Mathieu, Bernat, Javi Fuego, Parejo, Feghouli, Vargas, Piatti (M\u00edchel, m.65) y Paco Alc\u00e1cer (Jonas, m.75).<\/p>\n<p>0 &#8211; Betis: Ad\u00e1n, Juanfran, Amaya, Jordi, Didac (Nosa, m.66), N&#8217;Diay\u00e9, Lolo Reyes, Cedrick (Jorge Molina, m.46), Verd\u00fa Leo Baptistao (Matilla, m.58) y Rub\u00e9n Castro.<\/p>\n<p>Goles: 1-0, m.41: Mathieu. 2-0, m.44: Alc\u00e1cer. 3-0, m.62: Feghouli. 4-0, m.67: Alc\u00e1cer. 5-0, m.79: Vargas.<\/p>\n<p>\u00c1rbitro: Estrada Fern\u00e1ndez (colegio catal\u00e1n). Amonest\u00f3 a los b\u00e9ticos Lolo Reyes y Jordi.<\/p>\n<p>Incidencias: partido disputado en Mestalla ante 40.000 espectadores. En los proleg\u00f3menos del partido se rindi\u00f3 un homenaje al exseleccionador nacional Luis Aragon\u00e9s, fallecido hace una semana.<\/p>\n<p>Alfonso Gil<\/p>\n","protected":false},"excerpt":{"rendered":"<p>Valencia, 8 feb (EFE).- El festival de juego y tantos del Valencia, en su mejor partido de la temporada, propici\u00f3 una goleada ante el Betis, que nunca tuvo opci\u00f3n de dar r\u00e9plica a su rival y que se queda con esta derrota muy tocado en la \u00faltima posici\u00f3n de la tabla. El partido fue un [&hellip;]<\/p>\n","protected":false},"author":1,"featured_media":486991,"comment_status":"open","ping_status":"open","sticky":false,"template":"","format":"standard","meta":{"footnotes":""},"categories":[1],"tags":[],"class_list":["post-486990","post","type-post","status-publish","format-standard","has-post-thumbnail","hentry","category-actualidad"],"aioseo_notices":[],"aioseo_head":"\n\t\t<!-- All in One SEO Pro 5.0.1 - aioseo.com -->\n\t<meta name=\"description\" content=\"Valencia, 8 feb (EFE).- El festival de juego y tantos del Valencia, en su mejor partido de la temporada, propici\u00f3 una goleada ante el Betis, que nunca tuvo opci\u00f3n de dar r\u00e9plica a su rival y que se queda con esta derrota muy tocado en la \u00faltima posici\u00f3n de la tabla. El partido fue un\" \/>\n\t<meta name=\"robots\" content=\"max-image-preview:large\" \/>\n\t<meta name=\"author\" content=\"El Digital de Asturias\"\/>\n\t<meta name=\"google-site-verification\" content=\"UA-38556648-1\" \/>\n\t<meta name=\"msvalidate.01\" content=\"7dfe9f3f1b24437ab69f4f2559babe99\" \/>\n\t<meta name=\"keywords\" content=\"actualidad\" \/>\n\t<link rel=\"canonical\" href=\"https:\/\/www.eldigitaldeasturias.com\/noticias\/el-festival-del-valencia-deja-muy-tocado-al-betis\/\" \/>\n\t<meta name=\"generator\" content=\"All in One SEO Pro (AIOSEO) 5.0.1\" \/>\n\t\t<meta property=\"og:locale\" content=\"es_ES\" \/>\n\t\t<meta property=\"og:site_name\" content=\"El Digital de Asturias\" \/>\n\t\t<meta property=\"og:type\" content=\"article\" \/>\n\t\t<meta property=\"og:title\" content=\"El festival del Valencia deja muy tocado al Betis - El Digital de Asturias\" \/>\n\t\t<meta property=\"og:description\" content=\"Valencia, 8 feb (EFE).- El festival de juego y tantos del Valencia, en su mejor partido de la temporada, propici\u00f3 una goleada ante el Betis, que nunca tuvo opci\u00f3n de dar r\u00e9plica a su rival y que se queda con esta derrota muy tocado en la \u00faltima posici\u00f3n de la tabla. El partido fue un\" \/>\n\t\t<meta property=\"og:url\" content=\"https:\/\/www.eldigitaldeasturias.com\/noticias\/el-festival-del-valencia-deja-muy-tocado-al-betis\/\" \/>\n\t\t<meta property=\"article:tag\" content=\"actualidad\" \/>\n\t\t<meta property=\"article:published_time\" content=\"2014-02-09T00:31:29+00:00\" \/>\n\t\t<meta property=\"article:modified_time\" content=\"2014-02-09T00:31:29+00:00\" \/>\n\t\t<meta property=\"article:publisher\" content=\"https:\/\/facebook.com\/eldigitaldeasturias\" \/>\n\t\t<meta name=\"twitter:card\" content=\"summary_large_image\" \/>\n\t\t<meta name=\"twitter:title\" content=\"El festival del Valencia deja muy tocado al Betis - El Digital de Asturias\" \/>\n\t\t<meta name=\"twitter:description\" content=\"Valencia, 8 feb (EFE).- El festival de juego y tantos del Valencia, en su mejor partido de la temporada, propici\u00f3 una goleada ante el Betis, que nunca tuvo opci\u00f3n de dar r\u00e9plica a su rival y que se queda con esta derrota muy tocado en la \u00faltima posici\u00f3n de la tabla. El partido fue un\" \/>\n\t\t<meta name=\"twitter:label1\" content=\"Escrito por\" \/>\n\t\t<meta name=\"twitter:data1\" content=\"El Digital de Asturias\" \/>\n\t\t<meta name=\"twitter:label2\" content=\"Tiempo de lectura estimado\" \/>\n\t\t<meta name=\"twitter:data2\" content=\"3 minutos\" \/>\n\t\t<script type=\"application\/ld+json\" class=\"aioseo-schema\">\n\t\t\t{\"@context\":\"https:\\\/\\\/schema.org\",\"@graph\":[{\"@type\":\"BlogPosting\",\"@id\":\"https:\\\/\\\/www.eldigitaldeasturias.com\\\/noticias\\\/el-festival-del-valencia-deja-muy-tocado-al-betis\\\/#blogposting\",\"name\":\"El festival del Valencia deja muy tocado al Betis - El Digital de Asturias\",\"headline\":\"El festival del Valencia deja muy tocado al Betis\",\"author\":{\"@id\":\"https:\\\/\\\/www.eldigitaldeasturias.com\\\/noticias\\\/author\\\/admin\\\/#author\"},\"publisher\":{\"@id\":\"https:\\\/\\\/www.eldigitaldeasturias.com\\\/noticias\\\/#organization\"},\"image\":{\"@type\":\"ImageObject\",\"url\":486991},\"datePublished\":\"2014-02-08T23:31:29+01:00\",\"dateModified\":\"2014-02-08T23:31:29+01:00\",\"inLanguage\":\"es-ES\",\"mainEntityOfPage\":{\"@id\":\"https:\\\/\\\/www.eldigitaldeasturias.com\\\/noticias\\\/el-festival-del-valencia-deja-muy-tocado-al-betis\\\/#webpage\"},\"isPartOf\":{\"@id\":\"https:\\\/\\\/www.eldigitaldeasturias.com\\\/noticias\\\/el-festival-del-valencia-deja-muy-tocado-al-betis\\\/#webpage\"},\"articleSection\":\"Actualidad\"},{\"@type\":\"BreadcrumbList\",\"@id\":\"https:\\\/\\\/www.eldigitaldeasturias.com\\\/noticias\\\/el-festival-del-valencia-deja-muy-tocado-al-betis\\\/#breadcrumblist\",\"itemListElement\":[{\"@type\":\"ListItem\",\"@id\":\"https:\\\/\\\/www.eldigitaldeasturias.com\\\/noticias#listItem\",\"position\":1,\"name\":\"Home\",\"item\":\"https:\\\/\\\/www.eldigitaldeasturias.com\\\/noticias\",\"nextItem\":{\"@type\":\"ListItem\",\"@id\":\"https:\\\/\\\/www.eldigitaldeasturias.com\\\/noticias\\\/category\\\/actualidad\\\/#listItem\",\"name\":\"Actualidad\"}},{\"@type\":\"ListItem\",\"@id\":\"https:\\\/\\\/www.eldigitaldeasturias.com\\\/noticias\\\/category\\\/actualidad\\\/#listItem\",\"position\":2,\"name\":\"Actualidad\",\"item\":\"https:\\\/\\\/www.eldigitaldeasturias.com\\\/noticias\\\/category\\\/actualidad\\\/\",\"nextItem\":{\"@type\":\"ListItem\",\"@id\":\"https:\\\/\\\/www.eldigitaldeasturias.com\\\/noticias\\\/el-festival-del-valencia-deja-muy-tocado-al-betis\\\/#listItem\",\"name\":\"El festival del Valencia deja muy tocado al Betis\"},\"previousItem\":{\"@type\":\"ListItem\",\"@id\":\"https:\\\/\\\/www.eldigitaldeasturias.com\\\/noticias#listItem\",\"name\":\"Home\"}},{\"@type\":\"ListItem\",\"@id\":\"https:\\\/\\\/www.eldigitaldeasturias.com\\\/noticias\\\/el-festival-del-valencia-deja-muy-tocado-al-betis\\\/#listItem\",\"position\":3,\"name\":\"El festival del Valencia deja muy tocado al Betis\",\"previousItem\":{\"@type\":\"ListItem\",\"@id\":\"https:\\\/\\\/www.eldigitaldeasturias.com\\\/noticias\\\/category\\\/actualidad\\\/#listItem\",\"name\":\"Actualidad\"}}]},{\"@type\":\"Organization\",\"@id\":\"https:\\\/\\\/www.eldigitaldeasturias.com\\\/noticias\\\/#organization\",\"name\":\"El Digital de Asturias\",\"description\":\"Hemeroteca\",\"url\":\"https:\\\/\\\/www.eldigitaldeasturias.com\\\/noticias\\\/\",\"email\":\"info@eldigitaldeasturias.com\",\"telephone\":\"+34652131393\",\"logo\":{\"@type\":\"ImageObject\",\"url\":\"https:\\\/\\\/www.eldigitaldeasturias.com\\\/noticias\\\/wp-content\\\/uploads\\\/2020\\\/12\\\/EDA.jpg\",\"@id\":\"https:\\\/\\\/www.eldigitaldeasturias.com\\\/noticias\\\/el-festival-del-valencia-deja-muy-tocado-al-betis\\\/#organizationLogo\"},\"image\":{\"@id\":\"https:\\\/\\\/www.eldigitaldeasturias.com\\\/noticias\\\/el-festival-del-valencia-deja-muy-tocado-al-betis\\\/#organizationLogo\"},\"sameAs\":[\"https:\\\/\\\/facebook.com\\\/eldigitaldeasturias\",\"https:\\\/\\\/www.youtube.com\\\/channel\\\/UCZP-2wLEB9Rv6erhFmqVnvg\"],\"address\":{\"@id\":\"https:\\\/\\\/www.eldigitaldeasturias.com\\\/noticias\\\/#postaladdress\",\"@type\":\"PostalAddress\",\"streetAddress\":\"san antonio 4\",\"postalCode\":\"33430\",\"addressLocality\":\"Cand\\u00e1s\",\"addressRegion\":\"Asturias\",\"addressCountry\":\"ES\"}},{\"@type\":\"Person\",\"@id\":\"https:\\\/\\\/www.eldigitaldeasturias.com\\\/noticias\\\/author\\\/admin\\\/#author\",\"url\":\"https:\\\/\\\/www.eldigitaldeasturias.com\\\/noticias\\\/author\\\/admin\\\/\",\"name\":\"El Digital de Asturias\",\"image\":{\"@type\":\"ImageObject\",\"@id\":\"https:\\\/\\\/www.eldigitaldeasturias.com\\\/noticias\\\/el-festival-del-valencia-deja-muy-tocado-al-betis\\\/#authorImage\",\"url\":\"https:\\\/\\\/secure.gravatar.com\\\/avatar\\\/df2aeffc32bcd13f8d26072ef8a91b623d677766deac7f97ca815868cd41bf5e?s=96&d=mm&r=g\",\"width\":96,\"height\":96,\"caption\":\"El Digital de Asturias\"}},{\"@type\":\"WebPage\",\"@id\":\"https:\\\/\\\/www.eldigitaldeasturias.com\\\/noticias\\\/el-festival-del-valencia-deja-muy-tocado-al-betis\\\/#webpage\",\"url\":\"https:\\\/\\\/www.eldigitaldeasturias.com\\\/noticias\\\/el-festival-del-valencia-deja-muy-tocado-al-betis\\\/\",\"name\":\"El festival del Valencia deja muy tocado al Betis - El Digital de Asturias\",\"description\":\"Valencia, 8 feb (EFE).- El festival de juego y tantos del Valencia, en su mejor partido de la temporada, propici\\u00f3 una goleada ante el Betis, que nunca tuvo opci\\u00f3n de dar r\\u00e9plica a su rival y que se queda con esta derrota muy tocado en la \\u00faltima posici\\u00f3n de la tabla. El partido fue un\",\"inLanguage\":\"es-ES\",\"isPartOf\":{\"@id\":\"https:\\\/\\\/www.eldigitaldeasturias.com\\\/noticias\\\/#website\"},\"breadcrumb\":{\"@id\":\"https:\\\/\\\/www.eldigitaldeasturias.com\\\/noticias\\\/el-festival-del-valencia-deja-muy-tocado-al-betis\\\/#breadcrumblist\"},\"author\":{\"@id\":\"https:\\\/\\\/www.eldigitaldeasturias.com\\\/noticias\\\/author\\\/admin\\\/#author\"},\"creator\":{\"@id\":\"https:\\\/\\\/www.eldigitaldeasturias.com\\\/noticias\\\/author\\\/admin\\\/#author\"},\"image\":{\"@type\":\"ImageObject\",\"url\":486991,\"@id\":\"https:\\\/\\\/www.eldigitaldeasturias.com\\\/noticias\\\/el-festival-del-valencia-deja-muy-tocado-al-betis\\\/#mainImage\"},\"primaryImageOfPage\":{\"@id\":\"https:\\\/\\\/www.eldigitaldeasturias.com\\\/noticias\\\/el-festival-del-valencia-deja-muy-tocado-al-betis\\\/#mainImage\"},\"datePublished\":\"2014-02-08T23:31:29+01:00\",\"dateModified\":\"2014-02-08T23:31:29+01:00\"},{\"@type\":\"WebSite\",\"@id\":\"https:\\\/\\\/www.eldigitaldeasturias.com\\\/noticias\\\/#website\",\"url\":\"https:\\\/\\\/www.eldigitaldeasturias.com\\\/noticias\\\/\",\"name\":\"El Digital de Asturias - Diario de actualidad y noticias\",\"alternateName\":\"El Digital de Asturias - Diario de actualidad y noticias\",\"description\":\"Hemeroteca\",\"inLanguage\":\"es-ES\",\"publisher\":{\"@id\":\"https:\\\/\\\/www.eldigitaldeasturias.com\\\/noticias\\\/#organization\"}}]}\n\t\t<\/script>\n\t\t<!-- All in One SEO Pro -->\r\n\t\t<title>El festival del Valencia deja muy tocado al Betis - El Digital de Asturias<\/title>\n\n","aioseo_head_json":{"title":"El festival del Valencia deja muy tocado al Betis - El Digital de Asturias","description":"Valencia, 8 feb (EFE).- El festival de juego y tantos del Valencia, en su mejor partido de la temporada, propici\u00f3 una goleada ante el Betis, que nunca tuvo opci\u00f3n de dar r\u00e9plica a su rival y que se queda con esta derrota muy tocado en la \u00faltima posici\u00f3n de la tabla. El partido fue un","canonical_url":"https:\/\/www.eldigitaldeasturias.com\/noticias\/el-festival-del-valencia-deja-muy-tocado-al-betis\/","robots":"max-image-preview:large","keywords":"actualidad","webmasterTools":{"google-site-verification":"UA-38556648-1","msvalidate.01":"7dfe9f3f1b24437ab69f4f2559babe99","miscellaneous":""},"schema":{"@context":"https:\/\/schema.org","@graph":[{"@type":"BlogPosting","@id":"https:\/\/www.eldigitaldeasturias.com\/noticias\/el-festival-del-valencia-deja-muy-tocado-al-betis\/#blogposting","name":"El festival del Valencia deja muy tocado al Betis - El Digital de Asturias","headline":"El festival del Valencia deja muy tocado al Betis","author":{"@id":"https:\/\/www.eldigitaldeasturias.com\/noticias\/author\/admin\/#author"},"publisher":{"@id":"https:\/\/www.eldigitaldeasturias.com\/noticias\/#organization"},"image":{"@type":"ImageObject","url":486991},"datePublished":"2014-02-08T23:31:29+01:00","dateModified":"2014-02-08T23:31:29+01:00","inLanguage":"es-ES","mainEntityOfPage":{"@id":"https:\/\/www.eldigitaldeasturias.com\/noticias\/el-festival-del-valencia-deja-muy-tocado-al-betis\/#webpage"},"isPartOf":{"@id":"https:\/\/www.eldigitaldeasturias.com\/noticias\/el-festival-del-valencia-deja-muy-tocado-al-betis\/#webpage"},"articleSection":"Actualidad"},{"@type":"BreadcrumbList","@id":"https:\/\/www.eldigitaldeasturias.com\/noticias\/el-festival-del-valencia-deja-muy-tocado-al-betis\/#breadcrumblist","itemListElement":[{"@type":"ListItem","@id":"https:\/\/www.eldigitaldeasturias.com\/noticias#listItem","position":1,"name":"Home","item":"https:\/\/www.eldigitaldeasturias.com\/noticias","nextItem":{"@type":"ListItem","@id":"https:\/\/www.eldigitaldeasturias.com\/noticias\/category\/actualidad\/#listItem","name":"Actualidad"}},{"@type":"ListItem","@id":"https:\/\/www.eldigitaldeasturias.com\/noticias\/category\/actualidad\/#listItem","position":2,"name":"Actualidad","item":"https:\/\/www.eldigitaldeasturias.com\/noticias\/category\/actualidad\/","nextItem":{"@type":"ListItem","@id":"https:\/\/www.eldigitaldeasturias.com\/noticias\/el-festival-del-valencia-deja-muy-tocado-al-betis\/#listItem","name":"El festival del Valencia deja muy tocado al Betis"},"previousItem":{"@type":"ListItem","@id":"https:\/\/www.eldigitaldeasturias.com\/noticias#listItem","name":"Home"}},{"@type":"ListItem","@id":"https:\/\/www.eldigitaldeasturias.com\/noticias\/el-festival-del-valencia-deja-muy-tocado-al-betis\/#listItem","position":3,"name":"El festival del Valencia deja muy tocado al Betis","previousItem":{"@type":"ListItem","@id":"https:\/\/www.eldigitaldeasturias.com\/noticias\/category\/actualidad\/#listItem","name":"Actualidad"}}]},{"@type":"Organization","@id":"https:\/\/www.eldigitaldeasturias.com\/noticias\/#organization","name":"El Digital de Asturias","description":"Hemeroteca","url":"https:\/\/www.eldigitaldeasturias.com\/noticias\/","email":"info@eldigitaldeasturias.com","telephone":"+34652131393","logo":{"@type":"ImageObject","url":"https:\/\/www.eldigitaldeasturias.com\/noticias\/wp-content\/uploads\/2020\/12\/EDA.jpg","@id":"https:\/\/www.eldigitaldeasturias.com\/noticias\/el-festival-del-valencia-deja-muy-tocado-al-betis\/#organizationLogo"},"image":{"@id":"https:\/\/www.eldigitaldeasturias.com\/noticias\/el-festival-del-valencia-deja-muy-tocado-al-betis\/#organizationLogo"},"sameAs":["https:\/\/facebook.com\/eldigitaldeasturias","https:\/\/www.youtube.com\/channel\/UCZP-2wLEB9Rv6erhFmqVnvg"],"address":{"@id":"https:\/\/www.eldigitaldeasturias.com\/noticias\/#postaladdress","@type":"PostalAddress","streetAddress":"san antonio 4","postalCode":"33430","addressLocality":"Cand\u00e1s","addressRegion":"Asturias","addressCountry":"ES"}},{"@type":"Person","@id":"https:\/\/www.eldigitaldeasturias.com\/noticias\/author\/admin\/#author","url":"https:\/\/www.eldigitaldeasturias.com\/noticias\/author\/admin\/","name":"El Digital de Asturias","image":{"@type":"ImageObject","@id":"https:\/\/www.eldigitaldeasturias.com\/noticias\/el-festival-del-valencia-deja-muy-tocado-al-betis\/#authorImage","url":"https:\/\/secure.gravatar.com\/avatar\/df2aeffc32bcd13f8d26072ef8a91b623d677766deac7f97ca815868cd41bf5e?s=96&d=mm&r=g","width":96,"height":96,"caption":"El Digital de Asturias"}},{"@type":"WebPage","@id":"https:\/\/www.eldigitaldeasturias.com\/noticias\/el-festival-del-valencia-deja-muy-tocado-al-betis\/#webpage","url":"https:\/\/www.eldigitaldeasturias.com\/noticias\/el-festival-del-valencia-deja-muy-tocado-al-betis\/","name":"El festival del Valencia deja muy tocado al Betis - El Digital de Asturias","description":"Valencia, 8 feb (EFE).- El festival de juego y tantos del Valencia, en su mejor partido de la temporada, propici\u00f3 una goleada ante el Betis, que nunca tuvo opci\u00f3n de dar r\u00e9plica a su rival y que se queda con esta derrota muy tocado en la \u00faltima posici\u00f3n de la tabla. El partido fue un","inLanguage":"es-ES","isPartOf":{"@id":"https:\/\/www.eldigitaldeasturias.com\/noticias\/#website"},"breadcrumb":{"@id":"https:\/\/www.eldigitaldeasturias.com\/noticias\/el-festival-del-valencia-deja-muy-tocado-al-betis\/#breadcrumblist"},"author":{"@id":"https:\/\/www.eldigitaldeasturias.com\/noticias\/author\/admin\/#author"},"creator":{"@id":"https:\/\/www.eldigitaldeasturias.com\/noticias\/author\/admin\/#author"},"image":{"@type":"ImageObject","url":486991,"@id":"https:\/\/www.eldigitaldeasturias.com\/noticias\/el-festival-del-valencia-deja-muy-tocado-al-betis\/#mainImage"},"primaryImageOfPage":{"@id":"https:\/\/www.eldigitaldeasturias.com\/noticias\/el-festival-del-valencia-deja-muy-tocado-al-betis\/#mainImage"},"datePublished":"2014-02-08T23:31:29+01:00","dateModified":"2014-02-08T23:31:29+01:00"},{"@type":"WebSite","@id":"https:\/\/www.eldigitaldeasturias.com\/noticias\/#website","url":"https:\/\/www.eldigitaldeasturias.com\/noticias\/","name":"El Digital de Asturias - Diario de actualidad y noticias","alternateName":"El Digital de Asturias - Diario de actualidad y noticias","description":"Hemeroteca","inLanguage":"es-ES","publisher":{"@id":"https:\/\/www.eldigitaldeasturias.com\/noticias\/#organization"}}]},"og:locale":"es_ES","og:site_name":"El Digital de Asturias","og:type":"article","og:title":"El festival del Valencia deja muy tocado al Betis - El Digital de Asturias","og:description":"Valencia, 8 feb (EFE).- El festival de juego y tantos del Valencia, en su mejor partido de la temporada, propici\u00f3 una goleada ante el Betis, que nunca tuvo opci\u00f3n de dar r\u00e9plica a su rival y que se queda con esta derrota muy tocado en la \u00faltima posici\u00f3n de la tabla. El partido fue un","og:url":"https:\/\/www.eldigitaldeasturias.com\/noticias\/el-festival-del-valencia-deja-muy-tocado-al-betis\/","article:tag":["actualidad"],"article:published_time":"2014-02-09T00:31:29+00:00","article:modified_time":"2014-02-09T00:31:29+00:00","article:publisher":"https:\/\/facebook.com\/eldigitaldeasturias","twitter:card":"summary_large_image","twitter:title":"El festival del Valencia deja muy tocado al Betis - El Digital de Asturias","twitter:description":"Valencia, 8 feb (EFE).- El festival de juego y tantos del Valencia, en su mejor partido de la temporada, propici\u00f3 una goleada ante el Betis, que nunca tuvo opci\u00f3n de dar r\u00e9plica a su rival y que se queda con esta derrota muy tocado en la \u00faltima posici\u00f3n de la tabla. El partido fue un","twitter:label1":"Escrito por","twitter:data1":"El Digital de Asturias","twitter:label2":"Tiempo de lectura estimado","twitter:data2":"3 minutos"},"aioseo_meta_data":{"post_id":"486990","title":null,"description":null,"keywords":null,"keyphrases":null,"primary_term":null,"canonical_url":null,"og_title":null,"og_description":null,"og_object_type":"default","og_image_type":"default","og_image_url":null,"og_image_width":null,"og_image_height":null,"og_image_custom_url":null,"og_image_custom_fields":null,"og_video":null,"og_custom_url":null,"og_article_section":null,"og_article_tags":null,"twitter_use_og":true,"twitter_card":"default","twitter_image_type":"default","twitter_image_url":null,"twitter_image_custom_url":null,"twitter_image_custom_fields":null,"twitter_title":null,"twitter_description":null,"schema":{"blockGraphs":[],"customGraphs":[],"default":{"data":{"Article":[],"Course":[],"Dataset":[],"FAQPage":[],"Movie":[],"Person":[],"Product":[],"ProductReview":[],"Car":[],"Recipe":[],"Service":[],"SoftwareApplication":[],"WebPage":[]},"graphName":"","isEnabled":true},"graphs":[],"defaultGraph":"","defaultPostTypeGraph":""},"schema_type":null,"schema_type_options":null,"pillar_content":false,"robots_default":true,"robots_noindex":false,"robots_noarchive":false,"robots_nosnippet":false,"robots_nofollow":false,"robots_noimageindex":false,"robots_noodp":false,"robots_notranslate":false,"robots_max_snippet":null,"robots_max_videopreview":null,"robots_max_imagepreview":"none","priority":null,"frequency":null,"local_seo":null,"seo_analyzer_scan_date":"2026-06-03 03:16:48","breadcrumb_settings":null,"limit_modified_date":false,"open_ai":null,"ai":null,"created":"2020-11-14 22:56:17","updated":"2026-06-03 03:16:48","focus_keyword":null,"additional_keywords":null,"truseo_locale":null},"aioseo_breadcrumb":"<div class=\"aioseo-breadcrumbs\"><span class=\"aioseo-breadcrumb\">\n\t<a href=\"https:\/\/www.eldigitaldeasturias.com\/noticias\" title=\"Home\">Home<\/a>\n<\/span><span class=\"aioseo-breadcrumb-separator\">\u2013<\/span><span class=\"aioseo-breadcrumb\">\n\t<a href=\"https:\/\/www.eldigitaldeasturias.com\/noticias\/category\/actualidad\/\" title=\"Actualidad\">Actualidad<\/a>\n<\/span><span class=\"aioseo-breadcrumb-separator\">\u2013<\/span><span class=\"aioseo-breadcrumb\">\n\t<a href=\"https:\/\/www.eldigitaldeasturias.com\/noticias\/el-festival-del-valencia-deja-muy-tocado-al-betis\/\" title=\"El festival del Valencia deja muy tocado al Betis\">El festival del Valencia deja muy tocado al Betis<\/a>\n<\/span><\/div>","aioseo_breadcrumb_json":[{"label":"Home","link":"https:\/\/www.eldigitaldeasturias.com\/noticias"},{"label":"Actualidad","link":"https:\/\/www.eldigitaldeasturias.com\/noticias\/category\/actualidad\/"},{"label":"El festival del Valencia deja muy tocado al Betis","link":"https:\/\/www.eldigitaldeasturias.com\/noticias\/el-festival-del-valencia-deja-muy-tocado-al-betis\/"}],"_links":{"self":[{"href":"https:\/\/www.eldigitaldeasturias.com\/noticias\/wp-json\/wp\/v2\/posts\/486990","targetHints":{"allow":["GET"]}}],"collection":[{"href":"https:\/\/www.eldigitaldeasturias.com\/noticias\/wp-json\/wp\/v2\/posts"}],"about":[{"href":"https:\/\/www.eldigitaldeasturias.com\/noticias\/wp-json\/wp\/v2\/types\/post"}],"author":[{"embeddable":true,"href":"https:\/\/www.eldigitaldeasturias.com\/noticias\/wp-json\/wp\/v2\/users\/1"}],"replies":[{"embeddable":true,"href":"https:\/\/www.eldigitaldeasturias.com\/noticias\/wp-json\/wp\/v2\/comments?post=486990"}],"version-history":[{"count":0,"href":"https:\/\/www.eldigitaldeasturias.com\/noticias\/wp-json\/wp\/v2\/posts\/486990\/revisions"}],"wp:attachment":[{"href":"https:\/\/www.eldigitaldeasturias.com\/noticias\/wp-json\/wp\/v2\/media?parent=486990"}],"wp:term":[{"taxonomy":"category","embeddable":true,"href":"https:\/\/www.eldigitaldeasturias.com\/noticias\/wp-json\/wp\/v2\/categories?post=486990"},{"taxonomy":"post_tag","embeddable":true,"href":"https:\/\/www.eldigitaldeasturias.com\/noticias\/wp-json\/wp\/v2\/tags?post=486990"}],"curies":[{"name":"wp","href":"https:\/\/api.w.org\/{rel}","templated":true}]}}