{"id":486987,"date":"2014-02-08T23:30:31","date_gmt":"2014-02-09T00:30:31","guid":{"rendered":"http:\/\/www.eldigitaldeasturias.com\/noticias\/?p=486987"},"modified":"2014-02-08T23:30:31","modified_gmt":"2014-02-09T00:30:31","slug":"cristiano-convencido-de-que-puede-ser-el-ano-de-la-decima","status":"publish","type":"post","link":"https:\/\/www.eldigitaldeasturias.com\/noticias\/cristiano-convencido-de-que-puede-ser-el-ano-de-la-decima\/","title":{"rendered":"Cristiano, \u00abconvencido de que puede ser el a\u00f1o de la D\u00e9cima\u00bb"},"content":{"rendered":"<p><img loading=\"lazy\" decoding=\"async\" class=\"alignleft size-medium wp-image-486988\" alt=\"5924317w\" src=\"https:\/\/www.eldigitaldeasturias.com\/noticias\/wp-content\/uploads\/2014\/02\/5924317w-360x283.jpg\" width=\"360\" height=\"283\" \/>Madrid, 8 feb (EFE).- Cristiano Ronaldo, internacional portugu\u00e9s del Real Madrid, advirti\u00f3 que el madridismo no debe obsesionarse con la &#8216;D\u00e9cima&#8217; Copa de Europa pero reconoci\u00f3 que est\u00e1 \u00abconvencido\u00bb de que puede ser el a\u00f1o.<\/p>\n<p>\u00abGanar la D\u00e9cima no puede convertirse en una obsesi\u00f3n. Los aficionados y los jugadores llevamos tiempo esperando ganarla y el Real Madrid debe pensar siempre en intentar conquistarla, pero la Champions es el deseo de muchos equipos\u00bb, avis\u00f3.<\/p>\n<p>\u00abEstoy convencido de que \u00e9ste puede ser el a\u00f1o para hacerlo. Tenemos un gran equipo y un buen entrenador como Ancelotti, que adem\u00e1s tiene suerte. Ojal\u00e1 pueda demostrar esa suerte con nosotros\u00bb, dijo en una entrevista con Sky Italia.<\/p>\n<p>Cristiano rememor\u00f3 el momento en el que conquist\u00f3 su segundo &#8216;Bal\u00f3n de Oro&#8217; y la emoci\u00f3n que vivi\u00f3 en el momento de recoger el premio cuando rompi\u00f3 a llorar.<\/p>\n<p>\u00abNo me esperaba ganar. Fue un momento \u00fanico para m\u00ed, sobre todo cuando mi hijo sali\u00f3 al estrado. Mis l\u00e1grimas fueron de emoci\u00f3n, pero tambi\u00e9n de alegr\u00eda por vivir una noche tan emocionante. Eran l\u00e1grimas sinceras, honestas, de una persona normal\u00bb, dijo.<\/p>\n<p>\u00abDurante la ceremonia estaba un poco nervioso, todo era muy incierto. Escuchar mi nombre fue una liberaci\u00f3n, respir\u00e9 profundo y sent\u00ed una gran emoci\u00f3n. No me lo esperaba. Finalmente era libre de expresar todos mis sentimientos de alegr\u00eda. El Bal\u00f3n de Oro es la m\u00e1s grande consagraci\u00f3n personal para un jugador. Ser considerado el mejor del mundo es algo \u00fanico. Ya me ha pasado dos veces y veremos qu\u00e9 pasa en el futuro\u00bb, a\u00f1adi\u00f3.<\/p>\n","protected":false},"excerpt":{"rendered":"<p>Madrid, 8 feb (EFE).- Cristiano Ronaldo, internacional portugu\u00e9s del Real Madrid, advirti\u00f3 que el madridismo no debe obsesionarse con la &#8216;D\u00e9cima&#8217; Copa de Europa pero reconoci\u00f3 que est\u00e1 \u00abconvencido\u00bb de que puede ser el a\u00f1o. \u00abGanar la D\u00e9cima no puede convertirse en una obsesi\u00f3n. Los aficionados y los jugadores llevamos tiempo esperando ganarla y el [&hellip;]<\/p>\n","protected":false},"author":1,"featured_media":486988,"comment_status":"open","ping_status":"open","sticky":false,"template":"","format":"standard","meta":{"footnotes":""},"categories":[1],"tags":[],"class_list":["post-486987","post","type-post","status-publish","format-standard","has-post-thumbnail","hentry","category-actualidad"],"aioseo_notices":[],"aioseo_head":"\n\t\t<!-- All in One SEO Pro 5.0.1 - aioseo.com -->\n\t<meta name=\"description\" content=\"Madrid, 8 feb (EFE).- Cristiano Ronaldo, internacional portugu\u00e9s del Real Madrid, advirti\u00f3 que el madridismo no debe obsesionarse con la &#039;D\u00e9cima&#039; Copa de Europa pero reconoci\u00f3 que est\u00e1 &quot;convencido&quot; de que puede ser el a\u00f1o. &quot;Ganar la D\u00e9cima no puede convertirse en una obsesi\u00f3n. Los aficionados y los jugadores llevamos tiempo esperando ganarla y el\" \/>\n\t<meta name=\"robots\" content=\"max-image-preview:large\" \/>\n\t<meta name=\"author\" content=\"El Digital de Asturias\"\/>\n\t<meta name=\"google-site-verification\" content=\"UA-38556648-1\" \/>\n\t<meta name=\"msvalidate.01\" content=\"7dfe9f3f1b24437ab69f4f2559babe99\" \/>\n\t<meta name=\"keywords\" content=\"actualidad\" \/>\n\t<link rel=\"canonical\" href=\"https:\/\/www.eldigitaldeasturias.com\/noticias\/cristiano-convencido-de-que-puede-ser-el-ano-de-la-decima\/\" \/>\n\t<meta name=\"generator\" content=\"All in One SEO Pro (AIOSEO) 5.0.1\" \/>\n\t\t<meta property=\"og:locale\" content=\"es_ES\" \/>\n\t\t<meta property=\"og:site_name\" content=\"El Digital de Asturias\" \/>\n\t\t<meta property=\"og:type\" content=\"article\" \/>\n\t\t<meta property=\"og:title\" content=\"Cristiano, \u00abconvencido de que puede ser el a\u00f1o de la D\u00e9cima\u00bb - El Digital de Asturias\" \/>\n\t\t<meta property=\"og:description\" content=\"Madrid, 8 feb (EFE).- Cristiano Ronaldo, internacional portugu\u00e9s del Real Madrid, advirti\u00f3 que el madridismo no debe obsesionarse con la &#039;D\u00e9cima&#039; Copa de Europa pero reconoci\u00f3 que est\u00e1 &quot;convencido&quot; de que puede ser el a\u00f1o. &quot;Ganar la D\u00e9cima no puede convertirse en una obsesi\u00f3n. Los aficionados y los jugadores llevamos tiempo esperando ganarla y el\" \/>\n\t\t<meta property=\"og:url\" content=\"https:\/\/www.eldigitaldeasturias.com\/noticias\/cristiano-convencido-de-que-puede-ser-el-ano-de-la-decima\/\" \/>\n\t\t<meta property=\"article:tag\" content=\"actualidad\" \/>\n\t\t<meta property=\"article:published_time\" content=\"2014-02-09T00:30:31+00:00\" \/>\n\t\t<meta property=\"article:modified_time\" content=\"2014-02-09T00:30:31+00:00\" \/>\n\t\t<meta property=\"article:publisher\" content=\"https:\/\/facebook.com\/eldigitaldeasturias\" \/>\n\t\t<meta name=\"twitter:card\" content=\"summary_large_image\" \/>\n\t\t<meta name=\"twitter:title\" content=\"Cristiano, \u00abconvencido de que puede ser el a\u00f1o de la D\u00e9cima\u00bb - El Digital de Asturias\" \/>\n\t\t<meta name=\"twitter:description\" content=\"Madrid, 8 feb (EFE).- Cristiano Ronaldo, internacional portugu\u00e9s del Real Madrid, advirti\u00f3 que el madridismo no debe obsesionarse con la &#039;D\u00e9cima&#039; Copa de Europa pero reconoci\u00f3 que est\u00e1 &quot;convencido&quot; de que puede ser el a\u00f1o. &quot;Ganar la D\u00e9cima no puede convertirse en una obsesi\u00f3n. Los aficionados y los jugadores llevamos tiempo esperando ganarla y el\" \/>\n\t\t<meta name=\"twitter:label1\" content=\"Escrito por\" \/>\n\t\t<meta name=\"twitter:data1\" content=\"El Digital de Asturias\" \/>\n\t\t<meta name=\"twitter:label2\" content=\"Tiempo de lectura estimado\" \/>\n\t\t<meta name=\"twitter:data2\" content=\"1 minuto\" \/>\n\t\t<script type=\"application\/ld+json\" class=\"aioseo-schema\">\n\t\t\t{\"@context\":\"https:\\\/\\\/schema.org\",\"@graph\":[{\"@type\":\"BlogPosting\",\"@id\":\"https:\\\/\\\/www.eldigitaldeasturias.com\\\/noticias\\\/cristiano-convencido-de-que-puede-ser-el-ano-de-la-decima\\\/#blogposting\",\"name\":\"Cristiano, \\u00abconvencido de que puede ser el a\\u00f1o de la D\\u00e9cima\\u00bb - El Digital de Asturias\",\"headline\":\"Cristiano, \\u00abconvencido de que puede ser el a\\u00f1o de la D\\u00e9cima\\u00bb\",\"author\":{\"@id\":\"https:\\\/\\\/www.eldigitaldeasturias.com\\\/noticias\\\/author\\\/admin\\\/#author\"},\"publisher\":{\"@id\":\"https:\\\/\\\/www.eldigitaldeasturias.com\\\/noticias\\\/#organization\"},\"image\":{\"@type\":\"ImageObject\",\"url\":486988},\"datePublished\":\"2014-02-08T23:30:31+01:00\",\"dateModified\":\"2014-02-08T23:30:31+01:00\",\"inLanguage\":\"es-ES\",\"mainEntityOfPage\":{\"@id\":\"https:\\\/\\\/www.eldigitaldeasturias.com\\\/noticias\\\/cristiano-convencido-de-que-puede-ser-el-ano-de-la-decima\\\/#webpage\"},\"isPartOf\":{\"@id\":\"https:\\\/\\\/www.eldigitaldeasturias.com\\\/noticias\\\/cristiano-convencido-de-que-puede-ser-el-ano-de-la-decima\\\/#webpage\"},\"articleSection\":\"Actualidad\"},{\"@type\":\"BreadcrumbList\",\"@id\":\"https:\\\/\\\/www.eldigitaldeasturias.com\\\/noticias\\\/cristiano-convencido-de-que-puede-ser-el-ano-de-la-decima\\\/#breadcrumblist\",\"itemListElement\":[{\"@type\":\"ListItem\",\"@id\":\"https:\\\/\\\/www.eldigitaldeasturias.com\\\/noticias#listItem\",\"position\":1,\"name\":\"Home\",\"item\":\"https:\\\/\\\/www.eldigitaldeasturias.com\\\/noticias\",\"nextItem\":{\"@type\":\"ListItem\",\"@id\":\"https:\\\/\\\/www.eldigitaldeasturias.com\\\/noticias\\\/category\\\/actualidad\\\/#listItem\",\"name\":\"Actualidad\"}},{\"@type\":\"ListItem\",\"@id\":\"https:\\\/\\\/www.eldigitaldeasturias.com\\\/noticias\\\/category\\\/actualidad\\\/#listItem\",\"position\":2,\"name\":\"Actualidad\",\"item\":\"https:\\\/\\\/www.eldigitaldeasturias.com\\\/noticias\\\/category\\\/actualidad\\\/\",\"nextItem\":{\"@type\":\"ListItem\",\"@id\":\"https:\\\/\\\/www.eldigitaldeasturias.com\\\/noticias\\\/cristiano-convencido-de-que-puede-ser-el-ano-de-la-decima\\\/#listItem\",\"name\":\"Cristiano, \\u00abconvencido de que puede ser el a\\u00f1o de la D\\u00e9cima\\u00bb\"},\"previousItem\":{\"@type\":\"ListItem\",\"@id\":\"https:\\\/\\\/www.eldigitaldeasturias.com\\\/noticias#listItem\",\"name\":\"Home\"}},{\"@type\":\"ListItem\",\"@id\":\"https:\\\/\\\/www.eldigitaldeasturias.com\\\/noticias\\\/cristiano-convencido-de-que-puede-ser-el-ano-de-la-decima\\\/#listItem\",\"position\":3,\"name\":\"Cristiano, \\u00abconvencido de que puede ser el a\\u00f1o de la D\\u00e9cima\\u00bb\",\"previousItem\":{\"@type\":\"ListItem\",\"@id\":\"https:\\\/\\\/www.eldigitaldeasturias.com\\\/noticias\\\/category\\\/actualidad\\\/#listItem\",\"name\":\"Actualidad\"}}]},{\"@type\":\"Organization\",\"@id\":\"https:\\\/\\\/www.eldigitaldeasturias.com\\\/noticias\\\/#organization\",\"name\":\"El Digital de Asturias\",\"description\":\"Hemeroteca\",\"url\":\"https:\\\/\\\/www.eldigitaldeasturias.com\\\/noticias\\\/\",\"email\":\"info@eldigitaldeasturias.com\",\"telephone\":\"+34652131393\",\"logo\":{\"@type\":\"ImageObject\",\"url\":\"https:\\\/\\\/www.eldigitaldeasturias.com\\\/noticias\\\/wp-content\\\/uploads\\\/2020\\\/12\\\/EDA.jpg\",\"@id\":\"https:\\\/\\\/www.eldigitaldeasturias.com\\\/noticias\\\/cristiano-convencido-de-que-puede-ser-el-ano-de-la-decima\\\/#organizationLogo\"},\"image\":{\"@id\":\"https:\\\/\\\/www.eldigitaldeasturias.com\\\/noticias\\\/cristiano-convencido-de-que-puede-ser-el-ano-de-la-decima\\\/#organizationLogo\"},\"sameAs\":[\"https:\\\/\\\/facebook.com\\\/eldigitaldeasturias\",\"https:\\\/\\\/www.youtube.com\\\/channel\\\/UCZP-2wLEB9Rv6erhFmqVnvg\"],\"address\":{\"@id\":\"https:\\\/\\\/www.eldigitaldeasturias.com\\\/noticias\\\/#postaladdress\",\"@type\":\"PostalAddress\",\"streetAddress\":\"san antonio 4\",\"postalCode\":\"33430\",\"addressLocality\":\"Cand\\u00e1s\",\"addressRegion\":\"Asturias\",\"addressCountry\":\"ES\"}},{\"@type\":\"Person\",\"@id\":\"https:\\\/\\\/www.eldigitaldeasturias.com\\\/noticias\\\/author\\\/admin\\\/#author\",\"url\":\"https:\\\/\\\/www.eldigitaldeasturias.com\\\/noticias\\\/author\\\/admin\\\/\",\"name\":\"El Digital de Asturias\",\"image\":{\"@type\":\"ImageObject\",\"@id\":\"https:\\\/\\\/www.eldigitaldeasturias.com\\\/noticias\\\/cristiano-convencido-de-que-puede-ser-el-ano-de-la-decima\\\/#authorImage\",\"url\":\"https:\\\/\\\/secure.gravatar.com\\\/avatar\\\/df2aeffc32bcd13f8d26072ef8a91b623d677766deac7f97ca815868cd41bf5e?s=96&d=mm&r=g\",\"width\":96,\"height\":96,\"caption\":\"El Digital de Asturias\"}},{\"@type\":\"WebPage\",\"@id\":\"https:\\\/\\\/www.eldigitaldeasturias.com\\\/noticias\\\/cristiano-convencido-de-que-puede-ser-el-ano-de-la-decima\\\/#webpage\",\"url\":\"https:\\\/\\\/www.eldigitaldeasturias.com\\\/noticias\\\/cristiano-convencido-de-que-puede-ser-el-ano-de-la-decima\\\/\",\"name\":\"Cristiano, \\u00abconvencido de que puede ser el a\\u00f1o de la D\\u00e9cima\\u00bb - El Digital de Asturias\",\"description\":\"Madrid, 8 feb (EFE).- Cristiano Ronaldo, internacional portugu\\u00e9s del Real Madrid, advirti\\u00f3 que el madridismo no debe obsesionarse con la 'D\\u00e9cima' Copa de Europa pero reconoci\\u00f3 que est\\u00e1 \\\"convencido\\\" de que puede ser el a\\u00f1o. \\\"Ganar la D\\u00e9cima no puede convertirse en una obsesi\\u00f3n. Los aficionados y los jugadores llevamos tiempo esperando ganarla y el\",\"inLanguage\":\"es-ES\",\"isPartOf\":{\"@id\":\"https:\\\/\\\/www.eldigitaldeasturias.com\\\/noticias\\\/#website\"},\"breadcrumb\":{\"@id\":\"https:\\\/\\\/www.eldigitaldeasturias.com\\\/noticias\\\/cristiano-convencido-de-que-puede-ser-el-ano-de-la-decima\\\/#breadcrumblist\"},\"author\":{\"@id\":\"https:\\\/\\\/www.eldigitaldeasturias.com\\\/noticias\\\/author\\\/admin\\\/#author\"},\"creator\":{\"@id\":\"https:\\\/\\\/www.eldigitaldeasturias.com\\\/noticias\\\/author\\\/admin\\\/#author\"},\"image\":{\"@type\":\"ImageObject\",\"url\":486988,\"@id\":\"https:\\\/\\\/www.eldigitaldeasturias.com\\\/noticias\\\/cristiano-convencido-de-que-puede-ser-el-ano-de-la-decima\\\/#mainImage\"},\"primaryImageOfPage\":{\"@id\":\"https:\\\/\\\/www.eldigitaldeasturias.com\\\/noticias\\\/cristiano-convencido-de-que-puede-ser-el-ano-de-la-decima\\\/#mainImage\"},\"datePublished\":\"2014-02-08T23:30:31+01:00\",\"dateModified\":\"2014-02-08T23:30:31+01:00\"},{\"@type\":\"WebSite\",\"@id\":\"https:\\\/\\\/www.eldigitaldeasturias.com\\\/noticias\\\/#website\",\"url\":\"https:\\\/\\\/www.eldigitaldeasturias.com\\\/noticias\\\/\",\"name\":\"El Digital de Asturias - Diario de actualidad y noticias\",\"alternateName\":\"El Digital de Asturias - Diario de actualidad y noticias\",\"description\":\"Hemeroteca\",\"inLanguage\":\"es-ES\",\"publisher\":{\"@id\":\"https:\\\/\\\/www.eldigitaldeasturias.com\\\/noticias\\\/#organization\"}}]}\n\t\t<\/script>\n\t\t<!-- All in One SEO Pro -->\r\n\t\t<title>Cristiano, \u00abconvencido de que puede ser el a\u00f1o de la D\u00e9cima\u00bb - El Digital de Asturias<\/title>\n\n","aioseo_head_json":{"title":"Cristiano, \u00abconvencido de que puede ser el a\u00f1o de la D\u00e9cima\u00bb - El Digital de Asturias","description":"Madrid, 8 feb (EFE).- Cristiano Ronaldo, internacional portugu\u00e9s del Real Madrid, advirti\u00f3 que el madridismo no debe obsesionarse con la 'D\u00e9cima' Copa de Europa pero reconoci\u00f3 que est\u00e1 \"convencido\" de que puede ser el a\u00f1o. \"Ganar la D\u00e9cima no puede convertirse en una obsesi\u00f3n. Los aficionados y los jugadores llevamos tiempo esperando ganarla y el","canonical_url":"https:\/\/www.eldigitaldeasturias.com\/noticias\/cristiano-convencido-de-que-puede-ser-el-ano-de-la-decima\/","robots":"max-image-preview:large","keywords":"actualidad","webmasterTools":{"google-site-verification":"UA-38556648-1","msvalidate.01":"7dfe9f3f1b24437ab69f4f2559babe99","miscellaneous":""},"schema":{"@context":"https:\/\/schema.org","@graph":[{"@type":"BlogPosting","@id":"https:\/\/www.eldigitaldeasturias.com\/noticias\/cristiano-convencido-de-que-puede-ser-el-ano-de-la-decima\/#blogposting","name":"Cristiano, \u00abconvencido de que puede ser el a\u00f1o de la D\u00e9cima\u00bb - El Digital de Asturias","headline":"Cristiano, \u00abconvencido de que puede ser el a\u00f1o de la D\u00e9cima\u00bb","author":{"@id":"https:\/\/www.eldigitaldeasturias.com\/noticias\/author\/admin\/#author"},"publisher":{"@id":"https:\/\/www.eldigitaldeasturias.com\/noticias\/#organization"},"image":{"@type":"ImageObject","url":486988},"datePublished":"2014-02-08T23:30:31+01:00","dateModified":"2014-02-08T23:30:31+01:00","inLanguage":"es-ES","mainEntityOfPage":{"@id":"https:\/\/www.eldigitaldeasturias.com\/noticias\/cristiano-convencido-de-que-puede-ser-el-ano-de-la-decima\/#webpage"},"isPartOf":{"@id":"https:\/\/www.eldigitaldeasturias.com\/noticias\/cristiano-convencido-de-que-puede-ser-el-ano-de-la-decima\/#webpage"},"articleSection":"Actualidad"},{"@type":"BreadcrumbList","@id":"https:\/\/www.eldigitaldeasturias.com\/noticias\/cristiano-convencido-de-que-puede-ser-el-ano-de-la-decima\/#breadcrumblist","itemListElement":[{"@type":"ListItem","@id":"https:\/\/www.eldigitaldeasturias.com\/noticias#listItem","position":1,"name":"Home","item":"https:\/\/www.eldigitaldeasturias.com\/noticias","nextItem":{"@type":"ListItem","@id":"https:\/\/www.eldigitaldeasturias.com\/noticias\/category\/actualidad\/#listItem","name":"Actualidad"}},{"@type":"ListItem","@id":"https:\/\/www.eldigitaldeasturias.com\/noticias\/category\/actualidad\/#listItem","position":2,"name":"Actualidad","item":"https:\/\/www.eldigitaldeasturias.com\/noticias\/category\/actualidad\/","nextItem":{"@type":"ListItem","@id":"https:\/\/www.eldigitaldeasturias.com\/noticias\/cristiano-convencido-de-que-puede-ser-el-ano-de-la-decima\/#listItem","name":"Cristiano, \u00abconvencido de que puede ser el a\u00f1o de la D\u00e9cima\u00bb"},"previousItem":{"@type":"ListItem","@id":"https:\/\/www.eldigitaldeasturias.com\/noticias#listItem","name":"Home"}},{"@type":"ListItem","@id":"https:\/\/www.eldigitaldeasturias.com\/noticias\/cristiano-convencido-de-que-puede-ser-el-ano-de-la-decima\/#listItem","position":3,"name":"Cristiano, \u00abconvencido de que puede ser el a\u00f1o de la D\u00e9cima\u00bb","previousItem":{"@type":"ListItem","@id":"https:\/\/www.eldigitaldeasturias.com\/noticias\/category\/actualidad\/#listItem","name":"Actualidad"}}]},{"@type":"Organization","@id":"https:\/\/www.eldigitaldeasturias.com\/noticias\/#organization","name":"El Digital de Asturias","description":"Hemeroteca","url":"https:\/\/www.eldigitaldeasturias.com\/noticias\/","email":"info@eldigitaldeasturias.com","telephone":"+34652131393","logo":{"@type":"ImageObject","url":"https:\/\/www.eldigitaldeasturias.com\/noticias\/wp-content\/uploads\/2020\/12\/EDA.jpg","@id":"https:\/\/www.eldigitaldeasturias.com\/noticias\/cristiano-convencido-de-que-puede-ser-el-ano-de-la-decima\/#organizationLogo"},"image":{"@id":"https:\/\/www.eldigitaldeasturias.com\/noticias\/cristiano-convencido-de-que-puede-ser-el-ano-de-la-decima\/#organizationLogo"},"sameAs":["https:\/\/facebook.com\/eldigitaldeasturias","https:\/\/www.youtube.com\/channel\/UCZP-2wLEB9Rv6erhFmqVnvg"],"address":{"@id":"https:\/\/www.eldigitaldeasturias.com\/noticias\/#postaladdress","@type":"PostalAddress","streetAddress":"san antonio 4","postalCode":"33430","addressLocality":"Cand\u00e1s","addressRegion":"Asturias","addressCountry":"ES"}},{"@type":"Person","@id":"https:\/\/www.eldigitaldeasturias.com\/noticias\/author\/admin\/#author","url":"https:\/\/www.eldigitaldeasturias.com\/noticias\/author\/admin\/","name":"El Digital de Asturias","image":{"@type":"ImageObject","@id":"https:\/\/www.eldigitaldeasturias.com\/noticias\/cristiano-convencido-de-que-puede-ser-el-ano-de-la-decima\/#authorImage","url":"https:\/\/secure.gravatar.com\/avatar\/df2aeffc32bcd13f8d26072ef8a91b623d677766deac7f97ca815868cd41bf5e?s=96&d=mm&r=g","width":96,"height":96,"caption":"El Digital de Asturias"}},{"@type":"WebPage","@id":"https:\/\/www.eldigitaldeasturias.com\/noticias\/cristiano-convencido-de-que-puede-ser-el-ano-de-la-decima\/#webpage","url":"https:\/\/www.eldigitaldeasturias.com\/noticias\/cristiano-convencido-de-que-puede-ser-el-ano-de-la-decima\/","name":"Cristiano, \u00abconvencido de que puede ser el a\u00f1o de la D\u00e9cima\u00bb - El Digital de Asturias","description":"Madrid, 8 feb (EFE).- Cristiano Ronaldo, internacional portugu\u00e9s del Real Madrid, advirti\u00f3 que el madridismo no debe obsesionarse con la 'D\u00e9cima' Copa de Europa pero reconoci\u00f3 que est\u00e1 \"convencido\" de que puede ser el a\u00f1o. \"Ganar la D\u00e9cima no puede convertirse en una obsesi\u00f3n. Los aficionados y los jugadores llevamos tiempo esperando ganarla y el","inLanguage":"es-ES","isPartOf":{"@id":"https:\/\/www.eldigitaldeasturias.com\/noticias\/#website"},"breadcrumb":{"@id":"https:\/\/www.eldigitaldeasturias.com\/noticias\/cristiano-convencido-de-que-puede-ser-el-ano-de-la-decima\/#breadcrumblist"},"author":{"@id":"https:\/\/www.eldigitaldeasturias.com\/noticias\/author\/admin\/#author"},"creator":{"@id":"https:\/\/www.eldigitaldeasturias.com\/noticias\/author\/admin\/#author"},"image":{"@type":"ImageObject","url":486988,"@id":"https:\/\/www.eldigitaldeasturias.com\/noticias\/cristiano-convencido-de-que-puede-ser-el-ano-de-la-decima\/#mainImage"},"primaryImageOfPage":{"@id":"https:\/\/www.eldigitaldeasturias.com\/noticias\/cristiano-convencido-de-que-puede-ser-el-ano-de-la-decima\/#mainImage"},"datePublished":"2014-02-08T23:30:31+01:00","dateModified":"2014-02-08T23:30:31+01:00"},{"@type":"WebSite","@id":"https:\/\/www.eldigitaldeasturias.com\/noticias\/#website","url":"https:\/\/www.eldigitaldeasturias.com\/noticias\/","name":"El Digital de Asturias - Diario de actualidad y noticias","alternateName":"El Digital de Asturias - Diario de actualidad y noticias","description":"Hemeroteca","inLanguage":"es-ES","publisher":{"@id":"https:\/\/www.eldigitaldeasturias.com\/noticias\/#organization"}}]},"og:locale":"es_ES","og:site_name":"El Digital de Asturias","og:type":"article","og:title":"Cristiano, \u00abconvencido de que puede ser el a\u00f1o de la D\u00e9cima\u00bb - El Digital de Asturias","og:description":"Madrid, 8 feb (EFE).- Cristiano Ronaldo, internacional portugu\u00e9s del Real Madrid, advirti\u00f3 que el madridismo no debe obsesionarse con la 'D\u00e9cima' Copa de Europa pero reconoci\u00f3 que est\u00e1 &quot;convencido&quot; de que puede ser el a\u00f1o. &quot;Ganar la D\u00e9cima no puede convertirse en una obsesi\u00f3n. Los aficionados y los jugadores llevamos tiempo esperando ganarla y el","og:url":"https:\/\/www.eldigitaldeasturias.com\/noticias\/cristiano-convencido-de-que-puede-ser-el-ano-de-la-decima\/","article:tag":["actualidad"],"article:published_time":"2014-02-09T00:30:31+00:00","article:modified_time":"2014-02-09T00:30:31+00:00","article:publisher":"https:\/\/facebook.com\/eldigitaldeasturias","twitter:card":"summary_large_image","twitter:title":"Cristiano, \u00abconvencido de que puede ser el a\u00f1o de la D\u00e9cima\u00bb - El Digital de Asturias","twitter:description":"Madrid, 8 feb (EFE).- Cristiano Ronaldo, internacional portugu\u00e9s del Real Madrid, advirti\u00f3 que el madridismo no debe obsesionarse con la 'D\u00e9cima' Copa de Europa pero reconoci\u00f3 que est\u00e1 &quot;convencido&quot; de que puede ser el a\u00f1o. &quot;Ganar la D\u00e9cima no puede convertirse en una obsesi\u00f3n. Los aficionados y los jugadores llevamos tiempo esperando ganarla y el","twitter:label1":"Escrito por","twitter:data1":"El Digital de Asturias","twitter:label2":"Tiempo de lectura estimado","twitter:data2":"1 minuto"},"aioseo_meta_data":{"post_id":"486987","title":null,"description":null,"keywords":null,"keyphrases":null,"primary_term":null,"canonical_url":null,"og_title":null,"og_description":null,"og_object_type":"default","og_image_type":"default","og_image_url":null,"og_image_width":null,"og_image_height":null,"og_image_custom_url":null,"og_image_custom_fields":null,"og_video":null,"og_custom_url":null,"og_article_section":null,"og_article_tags":null,"twitter_use_og":true,"twitter_card":"default","twitter_image_type":"default","twitter_image_url":null,"twitter_image_custom_url":null,"twitter_image_custom_fields":null,"twitter_title":null,"twitter_description":null,"schema":{"blockGraphs":[],"customGraphs":[],"default":{"data":{"Article":[],"Course":[],"Dataset":[],"FAQPage":[],"Movie":[],"Person":[],"Product":[],"ProductReview":[],"Car":[],"Recipe":[],"Service":[],"SoftwareApplication":[],"WebPage":[]},"graphName":"","isEnabled":true},"graphs":[],"defaultGraph":"","defaultPostTypeGraph":""},"schema_type":null,"schema_type_options":null,"pillar_content":false,"robots_default":true,"robots_noindex":false,"robots_noarchive":false,"robots_nosnippet":false,"robots_nofollow":false,"robots_noimageindex":false,"robots_noodp":false,"robots_notranslate":false,"robots_max_snippet":null,"robots_max_videopreview":null,"robots_max_imagepreview":"none","priority":null,"frequency":null,"local_seo":null,"seo_analyzer_scan_date":"2026-06-03 03:14:45","breadcrumb_settings":null,"limit_modified_date":false,"open_ai":null,"ai":null,"created":"2020-11-14 22:56:17","updated":"2026-06-03 03:14:45","focus_keyword":null,"additional_keywords":null,"truseo_locale":null},"aioseo_breadcrumb":"<div class=\"aioseo-breadcrumbs\"><span class=\"aioseo-breadcrumb\">\n\t<a href=\"https:\/\/www.eldigitaldeasturias.com\/noticias\" title=\"Home\">Home<\/a>\n<\/span><span class=\"aioseo-breadcrumb-separator\">\u2013<\/span><span class=\"aioseo-breadcrumb\">\n\t<a href=\"https:\/\/www.eldigitaldeasturias.com\/noticias\/category\/actualidad\/\" title=\"Actualidad\">Actualidad<\/a>\n<\/span><span class=\"aioseo-breadcrumb-separator\">\u2013<\/span><span class=\"aioseo-breadcrumb\">\n\t<a href=\"https:\/\/www.eldigitaldeasturias.com\/noticias\/cristiano-convencido-de-que-puede-ser-el-ano-de-la-decima\/\" title=\"Cristiano, \u00abconvencido de que puede ser el a\u00f1o de la D\u00e9cima\u00bb\">Cristiano, \u00abconvencido de que puede ser el a\u00f1o de la D\u00e9cima\u00bb<\/a>\n<\/span><\/div>","aioseo_breadcrumb_json":[{"label":"Home","link":"https:\/\/www.eldigitaldeasturias.com\/noticias"},{"label":"Actualidad","link":"https:\/\/www.eldigitaldeasturias.com\/noticias\/category\/actualidad\/"},{"label":"Cristiano, \u00abconvencido de que puede ser el a\u00f1o de la D\u00e9cima\u00bb","link":"https:\/\/www.eldigitaldeasturias.com\/noticias\/cristiano-convencido-de-que-puede-ser-el-ano-de-la-decima\/"}],"_links":{"self":[{"href":"https:\/\/www.eldigitaldeasturias.com\/noticias\/wp-json\/wp\/v2\/posts\/486987","targetHints":{"allow":["GET"]}}],"collection":[{"href":"https:\/\/www.eldigitaldeasturias.com\/noticias\/wp-json\/wp\/v2\/posts"}],"about":[{"href":"https:\/\/www.eldigitaldeasturias.com\/noticias\/wp-json\/wp\/v2\/types\/post"}],"author":[{"embeddable":true,"href":"https:\/\/www.eldigitaldeasturias.com\/noticias\/wp-json\/wp\/v2\/users\/1"}],"replies":[{"embeddable":true,"href":"https:\/\/www.eldigitaldeasturias.com\/noticias\/wp-json\/wp\/v2\/comments?post=486987"}],"version-history":[{"count":0,"href":"https:\/\/www.eldigitaldeasturias.com\/noticias\/wp-json\/wp\/v2\/posts\/486987\/revisions"}],"wp:attachment":[{"href":"https:\/\/www.eldigitaldeasturias.com\/noticias\/wp-json\/wp\/v2\/media?parent=486987"}],"wp:term":[{"taxonomy":"category","embeddable":true,"href":"https:\/\/www.eldigitaldeasturias.com\/noticias\/wp-json\/wp\/v2\/categories?post=486987"},{"taxonomy":"post_tag","embeddable":true,"href":"https:\/\/www.eldigitaldeasturias.com\/noticias\/wp-json\/wp\/v2\/tags?post=486987"}],"curies":[{"name":"wp","href":"https:\/\/api.w.org\/{rel}","templated":true}]}}