{"id":486954,"date":"2014-02-08T21:54:12","date_gmt":"2014-02-08T22:54:12","guid":{"rendered":"http:\/\/www.eldigitaldeasturias.com\/noticias\/?p=486954"},"modified":"2014-02-08T21:54:12","modified_gmt":"2014-02-08T22:54:12","slug":"aida-avella-del-largo-exilio-a-candidata-presidencial-de-la-union-patriotica","status":"publish","type":"post","link":"https:\/\/www.eldigitaldeasturias.com\/noticias\/aida-avella-del-largo-exilio-a-candidata-presidencial-de-la-union-patriotica\/","title":{"rendered":"A\u00edda Avella, del largo exilio a candidata presidencial de la Uni\u00f3n Patri\u00f3tica"},"content":{"rendered":"<p><img loading=\"lazy\" decoding=\"async\" class=\"alignleft size-medium wp-image-486955\" alt=\"5924186w\" src=\"https:\/\/www.eldigitaldeasturias.com\/noticias\/wp-content\/uploads\/2014\/02\/5924186w-360x226.jpg\" width=\"360\" height=\"226\" \/>Bogot\u00e1, 8 feb (EFE).- El sindicalismo, la militancia comunista, un atentado que casi acaba con su vida y ser testigo del asesinato sistem\u00e1tico de sus compa\u00f1eros de lucha es la historia de A\u00edda Avella, que ha regresado a Colombia tras 17 a\u00f1os de exilio para ser la candidata a la Presidencia de la renacida Uni\u00f3n Patri\u00f3tica.<\/p>\n<p>Avella naci\u00f3 el 23 de enero de 1949 en Sogamoso, una localidad del departamento rural de Boyac\u00e1: \u00abSoy una mujer normal y corriente de clase media, hija de un contador de pueblo y de una mam\u00e1 que le toc\u00f3 quedarse en la casa porque tuvo nueve hijos\u00bb, explica a Efe al inicio del relato sobre su agitada vida.<\/p>\n<p>A los 16 a\u00f1os ingres\u00f3 en la Universidad Nacional, en Bogot\u00e1, donde se gradu\u00f3 en Pedagog\u00eda y Psicolog\u00eda, fue dirigente sindical, contribuy\u00f3 a la creaci\u00f3n de la Central Unitaria de Trabajadores (CUT) y estuvo en el Ministerio de Educaci\u00f3n.<\/p>\n<p>Como militante comunista, se uni\u00f3 a la Uni\u00f3n Patri\u00f3tica (UP), un partido nacido tras un acuerdo entre el Gobierno de Belisario Betancur (1982-1986) y las Fuerzas Armadas Revolucionarias de Colombia (FARC), y fue su presidenta entre 1991 y 1996.<\/p>\n<p>La primera amenaza la recibi\u00f3 en 1973 como sindicalista, pero el atentado que casi termina con su vida ocurri\u00f3 en la ma\u00f1ana del 7 de mayo de 1996, cuando se desplazaba por la autopista de Bogot\u00e1 y desde otro veh\u00edculo le tirotearon y dispararon con un lanzacohetes.<\/p>\n<p>El milagro fue salir ilesa: \u00abNo me pas\u00f3 nada, tengo un \u00e1ngel de la guarda que le toca trabajar mucho\u00bb, afirm\u00f3 al recordar que, inmediatamente, por recomendaci\u00f3n de sus compa\u00f1eros de partido, viaj\u00f3 a Suiza, donde vivi\u00f3 17 a\u00f1os, seis meses y cuatro d\u00edas.<\/p>\n<p>Ha contando uno a uno esos largos d\u00edas de exilio, tiempo que dedic\u00f3 a estudiar franc\u00e9s, a trabajar durante las ma\u00f1anas como ni\u00f1era y en una tienda de chocolates para volcarse de lleno por las tardes a la actividad pol\u00edtica, que no abandon\u00f3 en Ginebra.<\/p>\n<p>A Suiza lleg\u00f3 con su esposo y dos hijos, hoy de 36 y 28 a\u00f1os, que le han dado tres nietos.<\/p>\n<p>A\u00edda fue durante ocho a\u00f1os representante permanente de la Federaci\u00f3n Sindical Mundial y colabor\u00f3 con la Federaci\u00f3n Mundial de Mujeres Democr\u00e1ticas y la ONG Reiniciar, que ayud\u00f3 a muchos miembros de la Uni\u00f3n Patri\u00f3tica a salir de Colombia como exiliados.<\/p>\n<p>Y es que la UP padeci\u00f3 el asesinato sistem\u00e1tico de m\u00e1s de 3.000 de sus integrantes, entre ellos candidatos presidenciales, congresistas, alcaldes y concejales, despu\u00e9s de que este partido lograra en 1986 el mejor resultado electoral de la izquierda colombiana hasta entonces.<\/p>\n<p>\u00abTuvimos 14 parlamentarios entre C\u00e1mara y Senado y esto fue nuestro gran pecado, haberles quitado puestos. Se asustaron tanto que no resistieron ni si quiera el debate pol\u00edtico\u00bb, puntualiz\u00f3.<\/p>\n<p>Animada especialmente por el di\u00e1logo entre el Gobierno de Juan Manuel Santos y las FARC, Avella regres\u00f3 el pasado mes de diciembre a su pa\u00eds natal, que no hab\u00eda pisado desde 1996, y lo hizo para participar en el V Congreso de la Uni\u00f3n Patri\u00f3tica.<\/p>\n<p>Esa hist\u00f3rica cita se celebr\u00f3 justo despu\u00e9s de que el partido recuperara su personalidad jur\u00eddica, perdida tras el llamado \u00abgenocidio de la UP\u00bb, un hito para la izquierda que coincide con los primeros acuerdos logrados en Cuba entre el Gobierno y la guerrilla.<\/p>\n<p>\u00abMe encuentro con un Congreso que no estaba en nuestros c\u00e1lculos, muy grande, cruzado por emociones muy fuertes, era la noci\u00f3n de la supervivencia, de encontrarse con los amigos, de mirar las ideas que estaban tan fuertes como las dejamos\u00bb, remarc\u00f3.<\/p>\n<p>Esta mujer de mediana estatura, con un hablar pausado y con una gran experiencia pol\u00edtica, fraguada ayudando a los exiliados colombianos que reclamaban a la ONU en Ginebra, fue de esta manera proclamada candidata a la Presidencia para las elecciones del 25 de mayo pr\u00f3ximo.<\/p>\n<p>\u00abEse sentimiento del cambio, de lo que podemos todav\u00eda aportar, es lo que nos ha hecho quedarnos en Colombia\u00bb, asever\u00f3, mientras reconoc\u00eda que sigue amenazada y que la \u00faltima carta intimidatoria la recibi\u00f3 esta misma semana.<\/p>\n<p>\u00abSon los mismos\u00bb, insiste varias veces durante la entrevista, al referirse a quienes la amenazan ahora, esas \u00abfuerzas oscuras\u00bb que en el pasado estaban representadas por el Estado y los paramilitares.<\/p>\n<p>Avella tiene claro que, \u00absi alg\u00fan m\u00e9rito tiene la izquierda en Colombia, es haber sobrevivido a tantos a\u00f1os de persecuci\u00f3n\u00bb, y tambi\u00e9n de lucha pol\u00edtica, que le ha llevado a regresar incluso contra la voluntad de sus hijos.<\/p>\n","protected":false},"excerpt":{"rendered":"<p>Bogot\u00e1, 8 feb (EFE).- El sindicalismo, la militancia comunista, un atentado que casi acaba con su vida y ser testigo del asesinato sistem\u00e1tico de sus compa\u00f1eros de lucha es la historia de A\u00edda Avella, que ha regresado a Colombia tras 17 a\u00f1os de exilio para ser la candidata a la Presidencia de la renacida Uni\u00f3n [&hellip;]<\/p>\n","protected":false},"author":1,"featured_media":486955,"comment_status":"open","ping_status":"open","sticky":false,"template":"","format":"standard","meta":{"footnotes":""},"categories":[1],"tags":[],"class_list":["post-486954","post","type-post","status-publish","format-standard","has-post-thumbnail","hentry","category-actualidad"],"aioseo_notices":[],"aioseo_head":"\n\t\t<!-- All in One SEO Pro 5.0.1 - aioseo.com -->\n\t<meta name=\"description\" content=\"Bogot\u00e1, 8 feb (EFE).- El sindicalismo, la militancia comunista, un atentado que casi acaba con su vida y ser testigo del asesinato sistem\u00e1tico de sus compa\u00f1eros de lucha es la historia de A\u00edda Avella, que ha regresado a Colombia tras 17 a\u00f1os de exilio para ser la candidata a la Presidencia de la renacida Uni\u00f3n\" \/>\n\t<meta name=\"robots\" content=\"max-image-preview:large\" \/>\n\t<meta name=\"author\" content=\"El Digital de Asturias\"\/>\n\t<meta name=\"google-site-verification\" content=\"UA-38556648-1\" \/>\n\t<meta name=\"msvalidate.01\" content=\"7dfe9f3f1b24437ab69f4f2559babe99\" \/>\n\t<meta name=\"keywords\" content=\"actualidad\" \/>\n\t<link rel=\"canonical\" href=\"https:\/\/www.eldigitaldeasturias.com\/noticias\/aida-avella-del-largo-exilio-a-candidata-presidencial-de-la-union-patriotica\/\" \/>\n\t<meta name=\"generator\" content=\"All in One SEO Pro (AIOSEO) 5.0.1\" \/>\n\t\t<meta property=\"og:locale\" content=\"es_ES\" \/>\n\t\t<meta property=\"og:site_name\" content=\"El Digital de Asturias\" \/>\n\t\t<meta property=\"og:type\" content=\"article\" \/>\n\t\t<meta property=\"og:title\" content=\"A\u00edda Avella, del largo exilio a candidata presidencial de la Uni\u00f3n Patri\u00f3tica - El Digital de Asturias\" \/>\n\t\t<meta property=\"og:description\" content=\"Bogot\u00e1, 8 feb (EFE).- El sindicalismo, la militancia comunista, un atentado que casi acaba con su vida y ser testigo del asesinato sistem\u00e1tico de sus compa\u00f1eros de lucha es la historia de A\u00edda Avella, que ha regresado a Colombia tras 17 a\u00f1os de exilio para ser la candidata a la Presidencia de la renacida Uni\u00f3n\" \/>\n\t\t<meta property=\"og:url\" content=\"https:\/\/www.eldigitaldeasturias.com\/noticias\/aida-avella-del-largo-exilio-a-candidata-presidencial-de-la-union-patriotica\/\" \/>\n\t\t<meta property=\"article:tag\" content=\"actualidad\" \/>\n\t\t<meta property=\"article:published_time\" content=\"2014-02-08T22:54:12+00:00\" \/>\n\t\t<meta property=\"article:modified_time\" content=\"2014-02-08T22:54:12+00:00\" \/>\n\t\t<meta property=\"article:publisher\" content=\"https:\/\/facebook.com\/eldigitaldeasturias\" \/>\n\t\t<meta name=\"twitter:card\" content=\"summary_large_image\" \/>\n\t\t<meta name=\"twitter:title\" content=\"A\u00edda Avella, del largo exilio a candidata presidencial de la Uni\u00f3n Patri\u00f3tica - El Digital de Asturias\" \/>\n\t\t<meta name=\"twitter:description\" content=\"Bogot\u00e1, 8 feb (EFE).- El sindicalismo, la militancia comunista, un atentado que casi acaba con su vida y ser testigo del asesinato sistem\u00e1tico de sus compa\u00f1eros de lucha es la historia de A\u00edda Avella, que ha regresado a Colombia tras 17 a\u00f1os de exilio para ser la candidata a la Presidencia de la renacida Uni\u00f3n\" \/>\n\t\t<meta name=\"twitter:label1\" content=\"Escrito por\" \/>\n\t\t<meta name=\"twitter:data1\" content=\"El Digital de Asturias\" \/>\n\t\t<meta name=\"twitter:label2\" content=\"Tiempo de lectura estimado\" \/>\n\t\t<meta name=\"twitter:data2\" content=\"4 minutos\" \/>\n\t\t<script type=\"application\/ld+json\" class=\"aioseo-schema\">\n\t\t\t{\"@context\":\"https:\\\/\\\/schema.org\",\"@graph\":[{\"@type\":\"BlogPosting\",\"@id\":\"https:\\\/\\\/www.eldigitaldeasturias.com\\\/noticias\\\/aida-avella-del-largo-exilio-a-candidata-presidencial-de-la-union-patriotica\\\/#blogposting\",\"name\":\"A\\u00edda Avella, del largo exilio a candidata presidencial de la Uni\\u00f3n Patri\\u00f3tica - El Digital de Asturias\",\"headline\":\"A\\u00edda Avella, del largo exilio a candidata presidencial de la Uni\\u00f3n Patri\\u00f3tica\",\"author\":{\"@id\":\"https:\\\/\\\/www.eldigitaldeasturias.com\\\/noticias\\\/author\\\/admin\\\/#author\"},\"publisher\":{\"@id\":\"https:\\\/\\\/www.eldigitaldeasturias.com\\\/noticias\\\/#organization\"},\"image\":{\"@type\":\"ImageObject\",\"url\":486955},\"datePublished\":\"2014-02-08T21:54:12+01:00\",\"dateModified\":\"2014-02-08T21:54:12+01:00\",\"inLanguage\":\"es-ES\",\"mainEntityOfPage\":{\"@id\":\"https:\\\/\\\/www.eldigitaldeasturias.com\\\/noticias\\\/aida-avella-del-largo-exilio-a-candidata-presidencial-de-la-union-patriotica\\\/#webpage\"},\"isPartOf\":{\"@id\":\"https:\\\/\\\/www.eldigitaldeasturias.com\\\/noticias\\\/aida-avella-del-largo-exilio-a-candidata-presidencial-de-la-union-patriotica\\\/#webpage\"},\"articleSection\":\"Actualidad\"},{\"@type\":\"BreadcrumbList\",\"@id\":\"https:\\\/\\\/www.eldigitaldeasturias.com\\\/noticias\\\/aida-avella-del-largo-exilio-a-candidata-presidencial-de-la-union-patriotica\\\/#breadcrumblist\",\"itemListElement\":[{\"@type\":\"ListItem\",\"@id\":\"https:\\\/\\\/www.eldigitaldeasturias.com\\\/noticias#listItem\",\"position\":1,\"name\":\"Home\",\"item\":\"https:\\\/\\\/www.eldigitaldeasturias.com\\\/noticias\",\"nextItem\":{\"@type\":\"ListItem\",\"@id\":\"https:\\\/\\\/www.eldigitaldeasturias.com\\\/noticias\\\/category\\\/actualidad\\\/#listItem\",\"name\":\"Actualidad\"}},{\"@type\":\"ListItem\",\"@id\":\"https:\\\/\\\/www.eldigitaldeasturias.com\\\/noticias\\\/category\\\/actualidad\\\/#listItem\",\"position\":2,\"name\":\"Actualidad\",\"item\":\"https:\\\/\\\/www.eldigitaldeasturias.com\\\/noticias\\\/category\\\/actualidad\\\/\",\"nextItem\":{\"@type\":\"ListItem\",\"@id\":\"https:\\\/\\\/www.eldigitaldeasturias.com\\\/noticias\\\/aida-avella-del-largo-exilio-a-candidata-presidencial-de-la-union-patriotica\\\/#listItem\",\"name\":\"A\\u00edda Avella, del largo exilio a candidata presidencial de la Uni\\u00f3n Patri\\u00f3tica\"},\"previousItem\":{\"@type\":\"ListItem\",\"@id\":\"https:\\\/\\\/www.eldigitaldeasturias.com\\\/noticias#listItem\",\"name\":\"Home\"}},{\"@type\":\"ListItem\",\"@id\":\"https:\\\/\\\/www.eldigitaldeasturias.com\\\/noticias\\\/aida-avella-del-largo-exilio-a-candidata-presidencial-de-la-union-patriotica\\\/#listItem\",\"position\":3,\"name\":\"A\\u00edda Avella, del largo exilio a candidata presidencial de la Uni\\u00f3n Patri\\u00f3tica\",\"previousItem\":{\"@type\":\"ListItem\",\"@id\":\"https:\\\/\\\/www.eldigitaldeasturias.com\\\/noticias\\\/category\\\/actualidad\\\/#listItem\",\"name\":\"Actualidad\"}}]},{\"@type\":\"Organization\",\"@id\":\"https:\\\/\\\/www.eldigitaldeasturias.com\\\/noticias\\\/#organization\",\"name\":\"El Digital de Asturias\",\"description\":\"Hemeroteca\",\"url\":\"https:\\\/\\\/www.eldigitaldeasturias.com\\\/noticias\\\/\",\"email\":\"info@eldigitaldeasturias.com\",\"telephone\":\"+34652131393\",\"logo\":{\"@type\":\"ImageObject\",\"url\":\"https:\\\/\\\/www.eldigitaldeasturias.com\\\/noticias\\\/wp-content\\\/uploads\\\/2020\\\/12\\\/EDA.jpg\",\"@id\":\"https:\\\/\\\/www.eldigitaldeasturias.com\\\/noticias\\\/aida-avella-del-largo-exilio-a-candidata-presidencial-de-la-union-patriotica\\\/#organizationLogo\"},\"image\":{\"@id\":\"https:\\\/\\\/www.eldigitaldeasturias.com\\\/noticias\\\/aida-avella-del-largo-exilio-a-candidata-presidencial-de-la-union-patriotica\\\/#organizationLogo\"},\"sameAs\":[\"https:\\\/\\\/facebook.com\\\/eldigitaldeasturias\",\"https:\\\/\\\/www.youtube.com\\\/channel\\\/UCZP-2wLEB9Rv6erhFmqVnvg\"],\"address\":{\"@id\":\"https:\\\/\\\/www.eldigitaldeasturias.com\\\/noticias\\\/#postaladdress\",\"@type\":\"PostalAddress\",\"streetAddress\":\"san antonio 4\",\"postalCode\":\"33430\",\"addressLocality\":\"Cand\\u00e1s\",\"addressRegion\":\"Asturias\",\"addressCountry\":\"ES\"}},{\"@type\":\"Person\",\"@id\":\"https:\\\/\\\/www.eldigitaldeasturias.com\\\/noticias\\\/author\\\/admin\\\/#author\",\"url\":\"https:\\\/\\\/www.eldigitaldeasturias.com\\\/noticias\\\/author\\\/admin\\\/\",\"name\":\"El Digital de Asturias\",\"image\":{\"@type\":\"ImageObject\",\"@id\":\"https:\\\/\\\/www.eldigitaldeasturias.com\\\/noticias\\\/aida-avella-del-largo-exilio-a-candidata-presidencial-de-la-union-patriotica\\\/#authorImage\",\"url\":\"https:\\\/\\\/secure.gravatar.com\\\/avatar\\\/df2aeffc32bcd13f8d26072ef8a91b623d677766deac7f97ca815868cd41bf5e?s=96&d=mm&r=g\",\"width\":96,\"height\":96,\"caption\":\"El Digital de Asturias\"}},{\"@type\":\"WebPage\",\"@id\":\"https:\\\/\\\/www.eldigitaldeasturias.com\\\/noticias\\\/aida-avella-del-largo-exilio-a-candidata-presidencial-de-la-union-patriotica\\\/#webpage\",\"url\":\"https:\\\/\\\/www.eldigitaldeasturias.com\\\/noticias\\\/aida-avella-del-largo-exilio-a-candidata-presidencial-de-la-union-patriotica\\\/\",\"name\":\"A\\u00edda Avella, del largo exilio a candidata presidencial de la Uni\\u00f3n Patri\\u00f3tica - El Digital de Asturias\",\"description\":\"Bogot\\u00e1, 8 feb (EFE).- El sindicalismo, la militancia comunista, un atentado que casi acaba con su vida y ser testigo del asesinato sistem\\u00e1tico de sus compa\\u00f1eros de lucha es la historia de A\\u00edda Avella, que ha regresado a Colombia tras 17 a\\u00f1os de exilio para ser la candidata a la Presidencia de la renacida Uni\\u00f3n\",\"inLanguage\":\"es-ES\",\"isPartOf\":{\"@id\":\"https:\\\/\\\/www.eldigitaldeasturias.com\\\/noticias\\\/#website\"},\"breadcrumb\":{\"@id\":\"https:\\\/\\\/www.eldigitaldeasturias.com\\\/noticias\\\/aida-avella-del-largo-exilio-a-candidata-presidencial-de-la-union-patriotica\\\/#breadcrumblist\"},\"author\":{\"@id\":\"https:\\\/\\\/www.eldigitaldeasturias.com\\\/noticias\\\/author\\\/admin\\\/#author\"},\"creator\":{\"@id\":\"https:\\\/\\\/www.eldigitaldeasturias.com\\\/noticias\\\/author\\\/admin\\\/#author\"},\"image\":{\"@type\":\"ImageObject\",\"url\":486955,\"@id\":\"https:\\\/\\\/www.eldigitaldeasturias.com\\\/noticias\\\/aida-avella-del-largo-exilio-a-candidata-presidencial-de-la-union-patriotica\\\/#mainImage\"},\"primaryImageOfPage\":{\"@id\":\"https:\\\/\\\/www.eldigitaldeasturias.com\\\/noticias\\\/aida-avella-del-largo-exilio-a-candidata-presidencial-de-la-union-patriotica\\\/#mainImage\"},\"datePublished\":\"2014-02-08T21:54:12+01:00\",\"dateModified\":\"2014-02-08T21:54:12+01:00\"},{\"@type\":\"WebSite\",\"@id\":\"https:\\\/\\\/www.eldigitaldeasturias.com\\\/noticias\\\/#website\",\"url\":\"https:\\\/\\\/www.eldigitaldeasturias.com\\\/noticias\\\/\",\"name\":\"El Digital de Asturias - Diario de actualidad y noticias\",\"alternateName\":\"El Digital de Asturias - Diario de actualidad y noticias\",\"description\":\"Hemeroteca\",\"inLanguage\":\"es-ES\",\"publisher\":{\"@id\":\"https:\\\/\\\/www.eldigitaldeasturias.com\\\/noticias\\\/#organization\"}}]}\n\t\t<\/script>\n\t\t<!-- All in One SEO Pro -->\r\n\t\t<title>A\u00edda Avella, del largo exilio a candidata presidencial de la Uni\u00f3n Patri\u00f3tica - El Digital de Asturias<\/title>\n\n","aioseo_head_json":{"title":"A\u00edda Avella, del largo exilio a candidata presidencial de la Uni\u00f3n Patri\u00f3tica - El Digital de Asturias","description":"Bogot\u00e1, 8 feb (EFE).- El sindicalismo, la militancia comunista, un atentado que casi acaba con su vida y ser testigo del asesinato sistem\u00e1tico de sus compa\u00f1eros de lucha es la historia de A\u00edda Avella, que ha regresado a Colombia tras 17 a\u00f1os de exilio para ser la candidata a la Presidencia de la renacida Uni\u00f3n","canonical_url":"https:\/\/www.eldigitaldeasturias.com\/noticias\/aida-avella-del-largo-exilio-a-candidata-presidencial-de-la-union-patriotica\/","robots":"max-image-preview:large","keywords":"actualidad","webmasterTools":{"google-site-verification":"UA-38556648-1","msvalidate.01":"7dfe9f3f1b24437ab69f4f2559babe99","miscellaneous":""},"schema":{"@context":"https:\/\/schema.org","@graph":[{"@type":"BlogPosting","@id":"https:\/\/www.eldigitaldeasturias.com\/noticias\/aida-avella-del-largo-exilio-a-candidata-presidencial-de-la-union-patriotica\/#blogposting","name":"A\u00edda Avella, del largo exilio a candidata presidencial de la Uni\u00f3n Patri\u00f3tica - El Digital de Asturias","headline":"A\u00edda Avella, del largo exilio a candidata presidencial de la Uni\u00f3n Patri\u00f3tica","author":{"@id":"https:\/\/www.eldigitaldeasturias.com\/noticias\/author\/admin\/#author"},"publisher":{"@id":"https:\/\/www.eldigitaldeasturias.com\/noticias\/#organization"},"image":{"@type":"ImageObject","url":486955},"datePublished":"2014-02-08T21:54:12+01:00","dateModified":"2014-02-08T21:54:12+01:00","inLanguage":"es-ES","mainEntityOfPage":{"@id":"https:\/\/www.eldigitaldeasturias.com\/noticias\/aida-avella-del-largo-exilio-a-candidata-presidencial-de-la-union-patriotica\/#webpage"},"isPartOf":{"@id":"https:\/\/www.eldigitaldeasturias.com\/noticias\/aida-avella-del-largo-exilio-a-candidata-presidencial-de-la-union-patriotica\/#webpage"},"articleSection":"Actualidad"},{"@type":"BreadcrumbList","@id":"https:\/\/www.eldigitaldeasturias.com\/noticias\/aida-avella-del-largo-exilio-a-candidata-presidencial-de-la-union-patriotica\/#breadcrumblist","itemListElement":[{"@type":"ListItem","@id":"https:\/\/www.eldigitaldeasturias.com\/noticias#listItem","position":1,"name":"Home","item":"https:\/\/www.eldigitaldeasturias.com\/noticias","nextItem":{"@type":"ListItem","@id":"https:\/\/www.eldigitaldeasturias.com\/noticias\/category\/actualidad\/#listItem","name":"Actualidad"}},{"@type":"ListItem","@id":"https:\/\/www.eldigitaldeasturias.com\/noticias\/category\/actualidad\/#listItem","position":2,"name":"Actualidad","item":"https:\/\/www.eldigitaldeasturias.com\/noticias\/category\/actualidad\/","nextItem":{"@type":"ListItem","@id":"https:\/\/www.eldigitaldeasturias.com\/noticias\/aida-avella-del-largo-exilio-a-candidata-presidencial-de-la-union-patriotica\/#listItem","name":"A\u00edda Avella, del largo exilio a candidata presidencial de la Uni\u00f3n Patri\u00f3tica"},"previousItem":{"@type":"ListItem","@id":"https:\/\/www.eldigitaldeasturias.com\/noticias#listItem","name":"Home"}},{"@type":"ListItem","@id":"https:\/\/www.eldigitaldeasturias.com\/noticias\/aida-avella-del-largo-exilio-a-candidata-presidencial-de-la-union-patriotica\/#listItem","position":3,"name":"A\u00edda Avella, del largo exilio a candidata presidencial de la Uni\u00f3n Patri\u00f3tica","previousItem":{"@type":"ListItem","@id":"https:\/\/www.eldigitaldeasturias.com\/noticias\/category\/actualidad\/#listItem","name":"Actualidad"}}]},{"@type":"Organization","@id":"https:\/\/www.eldigitaldeasturias.com\/noticias\/#organization","name":"El Digital de Asturias","description":"Hemeroteca","url":"https:\/\/www.eldigitaldeasturias.com\/noticias\/","email":"info@eldigitaldeasturias.com","telephone":"+34652131393","logo":{"@type":"ImageObject","url":"https:\/\/www.eldigitaldeasturias.com\/noticias\/wp-content\/uploads\/2020\/12\/EDA.jpg","@id":"https:\/\/www.eldigitaldeasturias.com\/noticias\/aida-avella-del-largo-exilio-a-candidata-presidencial-de-la-union-patriotica\/#organizationLogo"},"image":{"@id":"https:\/\/www.eldigitaldeasturias.com\/noticias\/aida-avella-del-largo-exilio-a-candidata-presidencial-de-la-union-patriotica\/#organizationLogo"},"sameAs":["https:\/\/facebook.com\/eldigitaldeasturias","https:\/\/www.youtube.com\/channel\/UCZP-2wLEB9Rv6erhFmqVnvg"],"address":{"@id":"https:\/\/www.eldigitaldeasturias.com\/noticias\/#postaladdress","@type":"PostalAddress","streetAddress":"san antonio 4","postalCode":"33430","addressLocality":"Cand\u00e1s","addressRegion":"Asturias","addressCountry":"ES"}},{"@type":"Person","@id":"https:\/\/www.eldigitaldeasturias.com\/noticias\/author\/admin\/#author","url":"https:\/\/www.eldigitaldeasturias.com\/noticias\/author\/admin\/","name":"El Digital de Asturias","image":{"@type":"ImageObject","@id":"https:\/\/www.eldigitaldeasturias.com\/noticias\/aida-avella-del-largo-exilio-a-candidata-presidencial-de-la-union-patriotica\/#authorImage","url":"https:\/\/secure.gravatar.com\/avatar\/df2aeffc32bcd13f8d26072ef8a91b623d677766deac7f97ca815868cd41bf5e?s=96&d=mm&r=g","width":96,"height":96,"caption":"El Digital de Asturias"}},{"@type":"WebPage","@id":"https:\/\/www.eldigitaldeasturias.com\/noticias\/aida-avella-del-largo-exilio-a-candidata-presidencial-de-la-union-patriotica\/#webpage","url":"https:\/\/www.eldigitaldeasturias.com\/noticias\/aida-avella-del-largo-exilio-a-candidata-presidencial-de-la-union-patriotica\/","name":"A\u00edda Avella, del largo exilio a candidata presidencial de la Uni\u00f3n Patri\u00f3tica - El Digital de Asturias","description":"Bogot\u00e1, 8 feb (EFE).- El sindicalismo, la militancia comunista, un atentado que casi acaba con su vida y ser testigo del asesinato sistem\u00e1tico de sus compa\u00f1eros de lucha es la historia de A\u00edda Avella, que ha regresado a Colombia tras 17 a\u00f1os de exilio para ser la candidata a la Presidencia de la renacida Uni\u00f3n","inLanguage":"es-ES","isPartOf":{"@id":"https:\/\/www.eldigitaldeasturias.com\/noticias\/#website"},"breadcrumb":{"@id":"https:\/\/www.eldigitaldeasturias.com\/noticias\/aida-avella-del-largo-exilio-a-candidata-presidencial-de-la-union-patriotica\/#breadcrumblist"},"author":{"@id":"https:\/\/www.eldigitaldeasturias.com\/noticias\/author\/admin\/#author"},"creator":{"@id":"https:\/\/www.eldigitaldeasturias.com\/noticias\/author\/admin\/#author"},"image":{"@type":"ImageObject","url":486955,"@id":"https:\/\/www.eldigitaldeasturias.com\/noticias\/aida-avella-del-largo-exilio-a-candidata-presidencial-de-la-union-patriotica\/#mainImage"},"primaryImageOfPage":{"@id":"https:\/\/www.eldigitaldeasturias.com\/noticias\/aida-avella-del-largo-exilio-a-candidata-presidencial-de-la-union-patriotica\/#mainImage"},"datePublished":"2014-02-08T21:54:12+01:00","dateModified":"2014-02-08T21:54:12+01:00"},{"@type":"WebSite","@id":"https:\/\/www.eldigitaldeasturias.com\/noticias\/#website","url":"https:\/\/www.eldigitaldeasturias.com\/noticias\/","name":"El Digital de Asturias - Diario de actualidad y noticias","alternateName":"El Digital de Asturias - Diario de actualidad y noticias","description":"Hemeroteca","inLanguage":"es-ES","publisher":{"@id":"https:\/\/www.eldigitaldeasturias.com\/noticias\/#organization"}}]},"og:locale":"es_ES","og:site_name":"El Digital de Asturias","og:type":"article","og:title":"A\u00edda Avella, del largo exilio a candidata presidencial de la Uni\u00f3n Patri\u00f3tica - El Digital de Asturias","og:description":"Bogot\u00e1, 8 feb (EFE).- El sindicalismo, la militancia comunista, un atentado que casi acaba con su vida y ser testigo del asesinato sistem\u00e1tico de sus compa\u00f1eros de lucha es la historia de A\u00edda Avella, que ha regresado a Colombia tras 17 a\u00f1os de exilio para ser la candidata a la Presidencia de la renacida Uni\u00f3n","og:url":"https:\/\/www.eldigitaldeasturias.com\/noticias\/aida-avella-del-largo-exilio-a-candidata-presidencial-de-la-union-patriotica\/","article:tag":["actualidad"],"article:published_time":"2014-02-08T22:54:12+00:00","article:modified_time":"2014-02-08T22:54:12+00:00","article:publisher":"https:\/\/facebook.com\/eldigitaldeasturias","twitter:card":"summary_large_image","twitter:title":"A\u00edda Avella, del largo exilio a candidata presidencial de la Uni\u00f3n Patri\u00f3tica - El Digital de Asturias","twitter:description":"Bogot\u00e1, 8 feb (EFE).- El sindicalismo, la militancia comunista, un atentado que casi acaba con su vida y ser testigo del asesinato sistem\u00e1tico de sus compa\u00f1eros de lucha es la historia de A\u00edda Avella, que ha regresado a Colombia tras 17 a\u00f1os de exilio para ser la candidata a la Presidencia de la renacida Uni\u00f3n","twitter:label1":"Escrito por","twitter:data1":"El Digital de Asturias","twitter:label2":"Tiempo de lectura estimado","twitter:data2":"4 minutos"},"aioseo_meta_data":{"post_id":"486954","title":null,"description":null,"keywords":null,"keyphrases":null,"primary_term":null,"canonical_url":null,"og_title":null,"og_description":null,"og_object_type":"default","og_image_type":"default","og_image_url":null,"og_image_width":null,"og_image_height":null,"og_image_custom_url":null,"og_image_custom_fields":null,"og_video":null,"og_custom_url":null,"og_article_section":null,"og_article_tags":null,"twitter_use_og":true,"twitter_card":"default","twitter_image_type":"default","twitter_image_url":null,"twitter_image_custom_url":null,"twitter_image_custom_fields":null,"twitter_title":null,"twitter_description":null,"schema":{"blockGraphs":[],"customGraphs":[],"default":{"data":{"Article":[],"Course":[],"Dataset":[],"FAQPage":[],"Movie":[],"Person":[],"Product":[],"ProductReview":[],"Car":[],"Recipe":[],"Service":[],"SoftwareApplication":[],"WebPage":[]},"graphName":"","isEnabled":true},"graphs":[],"defaultGraph":"","defaultPostTypeGraph":""},"schema_type":null,"schema_type_options":null,"pillar_content":false,"robots_default":true,"robots_noindex":false,"robots_noarchive":false,"robots_nosnippet":false,"robots_nofollow":false,"robots_noimageindex":false,"robots_noodp":false,"robots_notranslate":false,"robots_max_snippet":null,"robots_max_videopreview":null,"robots_max_imagepreview":"none","priority":null,"frequency":null,"local_seo":null,"seo_analyzer_scan_date":"2026-06-03 03:08:53","breadcrumb_settings":null,"limit_modified_date":false,"open_ai":null,"ai":null,"created":"2020-11-14 22:56:17","updated":"2026-06-03 03:08:53","focus_keyword":null,"additional_keywords":null,"truseo_locale":null},"aioseo_breadcrumb":"<div class=\"aioseo-breadcrumbs\"><span class=\"aioseo-breadcrumb\">\n\t<a href=\"https:\/\/www.eldigitaldeasturias.com\/noticias\" title=\"Home\">Home<\/a>\n<\/span><span class=\"aioseo-breadcrumb-separator\">\u2013<\/span><span class=\"aioseo-breadcrumb\">\n\t<a href=\"https:\/\/www.eldigitaldeasturias.com\/noticias\/category\/actualidad\/\" title=\"Actualidad\">Actualidad<\/a>\n<\/span><span class=\"aioseo-breadcrumb-separator\">\u2013<\/span><span class=\"aioseo-breadcrumb\">\n\t<a href=\"https:\/\/www.eldigitaldeasturias.com\/noticias\/aida-avella-del-largo-exilio-a-candidata-presidencial-de-la-union-patriotica\/\" title=\"A\u00edda Avella, del largo exilio a candidata presidencial de la Uni\u00f3n Patri\u00f3tica\">A\u00edda Avella, del largo exilio a candidata presidencial de la Uni\u00f3n Patri\u00f3tica<\/a>\n<\/span><\/div>","aioseo_breadcrumb_json":[{"label":"Home","link":"https:\/\/www.eldigitaldeasturias.com\/noticias"},{"label":"Actualidad","link":"https:\/\/www.eldigitaldeasturias.com\/noticias\/category\/actualidad\/"},{"label":"A\u00edda Avella, del largo exilio a candidata presidencial de la Uni\u00f3n Patri\u00f3tica","link":"https:\/\/www.eldigitaldeasturias.com\/noticias\/aida-avella-del-largo-exilio-a-candidata-presidencial-de-la-union-patriotica\/"}],"_links":{"self":[{"href":"https:\/\/www.eldigitaldeasturias.com\/noticias\/wp-json\/wp\/v2\/posts\/486954","targetHints":{"allow":["GET"]}}],"collection":[{"href":"https:\/\/www.eldigitaldeasturias.com\/noticias\/wp-json\/wp\/v2\/posts"}],"about":[{"href":"https:\/\/www.eldigitaldeasturias.com\/noticias\/wp-json\/wp\/v2\/types\/post"}],"author":[{"embeddable":true,"href":"https:\/\/www.eldigitaldeasturias.com\/noticias\/wp-json\/wp\/v2\/users\/1"}],"replies":[{"embeddable":true,"href":"https:\/\/www.eldigitaldeasturias.com\/noticias\/wp-json\/wp\/v2\/comments?post=486954"}],"version-history":[{"count":0,"href":"https:\/\/www.eldigitaldeasturias.com\/noticias\/wp-json\/wp\/v2\/posts\/486954\/revisions"}],"wp:attachment":[{"href":"https:\/\/www.eldigitaldeasturias.com\/noticias\/wp-json\/wp\/v2\/media?parent=486954"}],"wp:term":[{"taxonomy":"category","embeddable":true,"href":"https:\/\/www.eldigitaldeasturias.com\/noticias\/wp-json\/wp\/v2\/categories?post=486954"},{"taxonomy":"post_tag","embeddable":true,"href":"https:\/\/www.eldigitaldeasturias.com\/noticias\/wp-json\/wp\/v2\/tags?post=486954"}],"curies":[{"name":"wp","href":"https:\/\/api.w.org\/{rel}","templated":true}]}}