{"id":486951,"date":"2014-02-08T21:52:09","date_gmt":"2014-02-08T22:52:09","guid":{"rendered":"http:\/\/www.eldigitaldeasturias.com\/noticias\/?p=486951"},"modified":"2014-02-08T21:52:09","modified_gmt":"2014-02-08T22:52:09","slug":"las-farc-critican-la-voltereta-e-incoherencia-de-santos-en-el-caso-de-los-escuchas","status":"publish","type":"post","link":"https:\/\/www.eldigitaldeasturias.com\/noticias\/las-farc-critican-la-voltereta-e-incoherencia-de-santos-en-el-caso-de-los-escuchas\/","title":{"rendered":"Las FARC critican la \u00abvoltereta\u00bb e incoherencia de Santos en el caso de los escuchas"},"content":{"rendered":"<p><img loading=\"lazy\" decoding=\"async\" class=\"alignleft size-medium wp-image-486952\" alt=\"5924068w\" src=\"https:\/\/www.eldigitaldeasturias.com\/noticias\/wp-content\/uploads\/2014\/02\/5924068w-360x274.jpg\" width=\"360\" height=\"274\" \/>La Habana, 8 feb (EFE).- Las FARC criticaron hoy al Gobierno del presidente Juan Manuel Santos por ser \u00abincoherente\u00bb y haber dado una \u00abvoltereta\u00bb en su apreciaci\u00f3n sobre el caso de las escuchas de inteligencia destapado esta semana en Colombia.<\/p>\n<p>\u00abNo podemos compartir que las fachadas de inteligencia sean totalmente l\u00edcitas, que sus operaciones sean ajustadas a la ley (de inteligencia), y que no tengan nada de irregular\u00bb, afirm\u00f3 hoy un comunicado de las Fuerzas Armadas Revolucionarias de Colombia (FARC) divulgado en La Habana.<\/p>\n<p>El texto, le\u00eddo ante medios por \u00abIv\u00e1n M\u00e1rquez\u00bb, n\u00famero dos de las FARC y jefe de su equipo negociador en el proceso de paz colombiano, asevera que \u00abnadie entiende la voltereta del Gobierno, que de la noche a la ma\u00f1ana cambia su apreciaci\u00f3n, como veleta al viento, frente a tan graves hechos\u00bb.<\/p>\n<p>Los reproches del grupo insurgente llegan despu\u00e9s de que Santos pasara de acusar a \u00abfuerzas oscuras\u00bb de estar detr\u00e1s de las escuchas del Ej\u00e9rcito a los negociadores del Gobierno en el proceso de paz, a se\u00f1alar que esas operaciones de inteligencia son \u00abtotalmente l\u00edcitas\u00bb.<\/p>\n<p>El caso de las escuchas fue destapado el martes por la revista colombiana Semana, que revel\u00f3 que un grupo de militares, exmilitares y expertos en inform\u00e1tica espiaron desde una central clandestina de Bogot\u00e1 a l\u00edderes de la izquierda y a los negociadores del Gobierno en los di\u00e1logos con las FARC, que tienen sede permanente en La Habana.<\/p>\n<p>Tras la noticia, Santos responsabiliz\u00f3 directamente a \u00abfuerzas oscuras\u00bb que tratan de \u00absabotear procesos, como el proceso de paz\u00bb y orden\u00f3 abrir una \u00abinvestigaci\u00f3n a fondo\u00bb que deriv\u00f3 en el \u00abrelevo\u00bb casi inmediato del jefe de Inteligencia del Ej\u00e9rcito y del director de la Central de Inteligencia T\u00e9cnica del Ej\u00e9rcito.<\/p>\n<p>Sin embargo, en declaraciones posteriores, el mandatario no solo justific\u00f3 la legalidad del espionaje sino que asegur\u00f3 que el fiscal general, Eduardo Montealegre, le dijo que \u00absi \u00e9l hubiese sabido que eso (el local registrado) era una fachada de inteligencia, no hubiera hecho ese allanamiento\u00bb.<\/p>\n<p>Las FARC, que no dudaron en se\u00f1alar al expresidente colombiano \u00c1lvaro Uribe (2002-2010) como las \u00abfuerzas oscuras\u00bb de las que habl\u00f3 Santos, insistieron hoy en que la investigaci\u00f3n de la Fiscal\u00eda \u00abdebe proseguir hasta el final\u00bb.<\/p>\n<p>\u00abSe necesita estar ciego para no ver que el prop\u00f3sito de esa actuaci\u00f3n ilegal de los enemigos de la paz, es hacer explotar en mil pedazos el proceso de La Habana\u00bb, insisti\u00f3 este s\u00e1bado la guerrilla, que considera de \u00abmuy grave lo que est\u00e1 ocurriendo en Colombia\u00bb.<\/p>\n<p>Los rebeldes subrayaron que con \u00abguerra sucia no habr\u00e1 paz\u00bb en Colombia, y alertaron de que \u00ablos francotiradores que de manera insensata y loca est\u00e1n disparando contra la soluci\u00f3n pol\u00edtica del m\u00e1s prolongado conflicto del continente, deben ser inmediatamente desarmados\u00bb.<\/p>\n","protected":false},"excerpt":{"rendered":"<p>La Habana, 8 feb (EFE).- Las FARC criticaron hoy al Gobierno del presidente Juan Manuel Santos por ser \u00abincoherente\u00bb y haber dado una \u00abvoltereta\u00bb en su apreciaci\u00f3n sobre el caso de las escuchas de inteligencia destapado esta semana en Colombia. \u00abNo podemos compartir que las fachadas de inteligencia sean totalmente l\u00edcitas, que sus operaciones sean [&hellip;]<\/p>\n","protected":false},"author":1,"featured_media":486952,"comment_status":"open","ping_status":"open","sticky":false,"template":"","format":"standard","meta":{"footnotes":""},"categories":[1],"tags":[],"class_list":["post-486951","post","type-post","status-publish","format-standard","has-post-thumbnail","hentry","category-actualidad"],"aioseo_notices":[],"aioseo_head":"\n\t\t<!-- All in One SEO Pro 5.0.1 - aioseo.com -->\n\t<meta name=\"description\" content=\"La Habana, 8 feb (EFE).- Las FARC criticaron hoy al Gobierno del presidente Juan Manuel Santos por ser &quot;incoherente&quot; y haber dado una &quot;voltereta&quot; en su apreciaci\u00f3n sobre el caso de las escuchas de inteligencia destapado esta semana en Colombia. &quot;No podemos compartir que las fachadas de inteligencia sean totalmente l\u00edcitas, que sus operaciones sean\" \/>\n\t<meta name=\"robots\" content=\"max-image-preview:large\" \/>\n\t<meta name=\"author\" content=\"El Digital de Asturias\"\/>\n\t<meta name=\"google-site-verification\" content=\"UA-38556648-1\" \/>\n\t<meta name=\"msvalidate.01\" content=\"7dfe9f3f1b24437ab69f4f2559babe99\" \/>\n\t<meta name=\"keywords\" content=\"actualidad\" \/>\n\t<link rel=\"canonical\" href=\"https:\/\/www.eldigitaldeasturias.com\/noticias\/las-farc-critican-la-voltereta-e-incoherencia-de-santos-en-el-caso-de-los-escuchas\/\" \/>\n\t<meta name=\"generator\" content=\"All in One SEO Pro (AIOSEO) 5.0.1\" \/>\n\t\t<meta property=\"og:locale\" content=\"es_ES\" \/>\n\t\t<meta property=\"og:site_name\" content=\"El Digital de Asturias\" \/>\n\t\t<meta property=\"og:type\" content=\"article\" \/>\n\t\t<meta property=\"og:title\" content=\"Las FARC critican la \u00abvoltereta\u00bb e incoherencia de Santos en el caso de los escuchas - El Digital de Asturias\" \/>\n\t\t<meta property=\"og:description\" content=\"La Habana, 8 feb (EFE).- Las FARC criticaron hoy al Gobierno del presidente Juan Manuel Santos por ser &quot;incoherente&quot; y haber dado una &quot;voltereta&quot; en su apreciaci\u00f3n sobre el caso de las escuchas de inteligencia destapado esta semana en Colombia. &quot;No podemos compartir que las fachadas de inteligencia sean totalmente l\u00edcitas, que sus operaciones sean\" \/>\n\t\t<meta property=\"og:url\" content=\"https:\/\/www.eldigitaldeasturias.com\/noticias\/las-farc-critican-la-voltereta-e-incoherencia-de-santos-en-el-caso-de-los-escuchas\/\" \/>\n\t\t<meta property=\"article:tag\" content=\"actualidad\" \/>\n\t\t<meta property=\"article:published_time\" content=\"2014-02-08T22:52:09+00:00\" \/>\n\t\t<meta property=\"article:modified_time\" content=\"2014-02-08T22:52:09+00:00\" \/>\n\t\t<meta property=\"article:publisher\" content=\"https:\/\/facebook.com\/eldigitaldeasturias\" \/>\n\t\t<meta name=\"twitter:card\" content=\"summary_large_image\" \/>\n\t\t<meta name=\"twitter:title\" content=\"Las FARC critican la \u00abvoltereta\u00bb e incoherencia de Santos en el caso de los escuchas - El Digital de Asturias\" \/>\n\t\t<meta name=\"twitter:description\" content=\"La Habana, 8 feb (EFE).- Las FARC criticaron hoy al Gobierno del presidente Juan Manuel Santos por ser &quot;incoherente&quot; y haber dado una &quot;voltereta&quot; en su apreciaci\u00f3n sobre el caso de las escuchas de inteligencia destapado esta semana en Colombia. &quot;No podemos compartir que las fachadas de inteligencia sean totalmente l\u00edcitas, que sus operaciones sean\" \/>\n\t\t<meta name=\"twitter:label1\" content=\"Escrito por\" \/>\n\t\t<meta name=\"twitter:data1\" content=\"El Digital de Asturias\" \/>\n\t\t<meta name=\"twitter:label2\" content=\"Tiempo de lectura estimado\" \/>\n\t\t<meta name=\"twitter:data2\" content=\"2 minutos\" \/>\n\t\t<script type=\"application\/ld+json\" class=\"aioseo-schema\">\n\t\t\t{\"@context\":\"https:\\\/\\\/schema.org\",\"@graph\":[{\"@type\":\"BlogPosting\",\"@id\":\"https:\\\/\\\/www.eldigitaldeasturias.com\\\/noticias\\\/las-farc-critican-la-voltereta-e-incoherencia-de-santos-en-el-caso-de-los-escuchas\\\/#blogposting\",\"name\":\"Las FARC critican la \\u00abvoltereta\\u00bb e incoherencia de Santos en el caso de los escuchas - El Digital de Asturias\",\"headline\":\"Las FARC critican la \\u00abvoltereta\\u00bb e incoherencia de Santos en el caso de los escuchas\",\"author\":{\"@id\":\"https:\\\/\\\/www.eldigitaldeasturias.com\\\/noticias\\\/author\\\/admin\\\/#author\"},\"publisher\":{\"@id\":\"https:\\\/\\\/www.eldigitaldeasturias.com\\\/noticias\\\/#organization\"},\"image\":{\"@type\":\"ImageObject\",\"url\":486952},\"datePublished\":\"2014-02-08T21:52:09+01:00\",\"dateModified\":\"2014-02-08T21:52:09+01:00\",\"inLanguage\":\"es-ES\",\"mainEntityOfPage\":{\"@id\":\"https:\\\/\\\/www.eldigitaldeasturias.com\\\/noticias\\\/las-farc-critican-la-voltereta-e-incoherencia-de-santos-en-el-caso-de-los-escuchas\\\/#webpage\"},\"isPartOf\":{\"@id\":\"https:\\\/\\\/www.eldigitaldeasturias.com\\\/noticias\\\/las-farc-critican-la-voltereta-e-incoherencia-de-santos-en-el-caso-de-los-escuchas\\\/#webpage\"},\"articleSection\":\"Actualidad\"},{\"@type\":\"BreadcrumbList\",\"@id\":\"https:\\\/\\\/www.eldigitaldeasturias.com\\\/noticias\\\/las-farc-critican-la-voltereta-e-incoherencia-de-santos-en-el-caso-de-los-escuchas\\\/#breadcrumblist\",\"itemListElement\":[{\"@type\":\"ListItem\",\"@id\":\"https:\\\/\\\/www.eldigitaldeasturias.com\\\/noticias#listItem\",\"position\":1,\"name\":\"Home\",\"item\":\"https:\\\/\\\/www.eldigitaldeasturias.com\\\/noticias\",\"nextItem\":{\"@type\":\"ListItem\",\"@id\":\"https:\\\/\\\/www.eldigitaldeasturias.com\\\/noticias\\\/category\\\/actualidad\\\/#listItem\",\"name\":\"Actualidad\"}},{\"@type\":\"ListItem\",\"@id\":\"https:\\\/\\\/www.eldigitaldeasturias.com\\\/noticias\\\/category\\\/actualidad\\\/#listItem\",\"position\":2,\"name\":\"Actualidad\",\"item\":\"https:\\\/\\\/www.eldigitaldeasturias.com\\\/noticias\\\/category\\\/actualidad\\\/\",\"nextItem\":{\"@type\":\"ListItem\",\"@id\":\"https:\\\/\\\/www.eldigitaldeasturias.com\\\/noticias\\\/las-farc-critican-la-voltereta-e-incoherencia-de-santos-en-el-caso-de-los-escuchas\\\/#listItem\",\"name\":\"Las FARC critican la \\u00abvoltereta\\u00bb e incoherencia de Santos en el caso de los escuchas\"},\"previousItem\":{\"@type\":\"ListItem\",\"@id\":\"https:\\\/\\\/www.eldigitaldeasturias.com\\\/noticias#listItem\",\"name\":\"Home\"}},{\"@type\":\"ListItem\",\"@id\":\"https:\\\/\\\/www.eldigitaldeasturias.com\\\/noticias\\\/las-farc-critican-la-voltereta-e-incoherencia-de-santos-en-el-caso-de-los-escuchas\\\/#listItem\",\"position\":3,\"name\":\"Las FARC critican la \\u00abvoltereta\\u00bb e incoherencia de Santos en el caso de los escuchas\",\"previousItem\":{\"@type\":\"ListItem\",\"@id\":\"https:\\\/\\\/www.eldigitaldeasturias.com\\\/noticias\\\/category\\\/actualidad\\\/#listItem\",\"name\":\"Actualidad\"}}]},{\"@type\":\"Organization\",\"@id\":\"https:\\\/\\\/www.eldigitaldeasturias.com\\\/noticias\\\/#organization\",\"name\":\"El Digital de Asturias\",\"description\":\"Hemeroteca\",\"url\":\"https:\\\/\\\/www.eldigitaldeasturias.com\\\/noticias\\\/\",\"email\":\"info@eldigitaldeasturias.com\",\"telephone\":\"+34652131393\",\"logo\":{\"@type\":\"ImageObject\",\"url\":\"https:\\\/\\\/www.eldigitaldeasturias.com\\\/noticias\\\/wp-content\\\/uploads\\\/2020\\\/12\\\/EDA.jpg\",\"@id\":\"https:\\\/\\\/www.eldigitaldeasturias.com\\\/noticias\\\/las-farc-critican-la-voltereta-e-incoherencia-de-santos-en-el-caso-de-los-escuchas\\\/#organizationLogo\"},\"image\":{\"@id\":\"https:\\\/\\\/www.eldigitaldeasturias.com\\\/noticias\\\/las-farc-critican-la-voltereta-e-incoherencia-de-santos-en-el-caso-de-los-escuchas\\\/#organizationLogo\"},\"sameAs\":[\"https:\\\/\\\/facebook.com\\\/eldigitaldeasturias\",\"https:\\\/\\\/www.youtube.com\\\/channel\\\/UCZP-2wLEB9Rv6erhFmqVnvg\"],\"address\":{\"@id\":\"https:\\\/\\\/www.eldigitaldeasturias.com\\\/noticias\\\/#postaladdress\",\"@type\":\"PostalAddress\",\"streetAddress\":\"san antonio 4\",\"postalCode\":\"33430\",\"addressLocality\":\"Cand\\u00e1s\",\"addressRegion\":\"Asturias\",\"addressCountry\":\"ES\"}},{\"@type\":\"Person\",\"@id\":\"https:\\\/\\\/www.eldigitaldeasturias.com\\\/noticias\\\/author\\\/admin\\\/#author\",\"url\":\"https:\\\/\\\/www.eldigitaldeasturias.com\\\/noticias\\\/author\\\/admin\\\/\",\"name\":\"El Digital de Asturias\",\"image\":{\"@type\":\"ImageObject\",\"@id\":\"https:\\\/\\\/www.eldigitaldeasturias.com\\\/noticias\\\/las-farc-critican-la-voltereta-e-incoherencia-de-santos-en-el-caso-de-los-escuchas\\\/#authorImage\",\"url\":\"https:\\\/\\\/secure.gravatar.com\\\/avatar\\\/df2aeffc32bcd13f8d26072ef8a91b623d677766deac7f97ca815868cd41bf5e?s=96&d=mm&r=g\",\"width\":96,\"height\":96,\"caption\":\"El Digital de Asturias\"}},{\"@type\":\"WebPage\",\"@id\":\"https:\\\/\\\/www.eldigitaldeasturias.com\\\/noticias\\\/las-farc-critican-la-voltereta-e-incoherencia-de-santos-en-el-caso-de-los-escuchas\\\/#webpage\",\"url\":\"https:\\\/\\\/www.eldigitaldeasturias.com\\\/noticias\\\/las-farc-critican-la-voltereta-e-incoherencia-de-santos-en-el-caso-de-los-escuchas\\\/\",\"name\":\"Las FARC critican la \\u00abvoltereta\\u00bb e incoherencia de Santos en el caso de los escuchas - El Digital de Asturias\",\"description\":\"La Habana, 8 feb (EFE).- Las FARC criticaron hoy al Gobierno del presidente Juan Manuel Santos por ser \\\"incoherente\\\" y haber dado una \\\"voltereta\\\" en su apreciaci\\u00f3n sobre el caso de las escuchas de inteligencia destapado esta semana en Colombia. \\\"No podemos compartir que las fachadas de inteligencia sean totalmente l\\u00edcitas, que sus operaciones sean\",\"inLanguage\":\"es-ES\",\"isPartOf\":{\"@id\":\"https:\\\/\\\/www.eldigitaldeasturias.com\\\/noticias\\\/#website\"},\"breadcrumb\":{\"@id\":\"https:\\\/\\\/www.eldigitaldeasturias.com\\\/noticias\\\/las-farc-critican-la-voltereta-e-incoherencia-de-santos-en-el-caso-de-los-escuchas\\\/#breadcrumblist\"},\"author\":{\"@id\":\"https:\\\/\\\/www.eldigitaldeasturias.com\\\/noticias\\\/author\\\/admin\\\/#author\"},\"creator\":{\"@id\":\"https:\\\/\\\/www.eldigitaldeasturias.com\\\/noticias\\\/author\\\/admin\\\/#author\"},\"image\":{\"@type\":\"ImageObject\",\"url\":486952,\"@id\":\"https:\\\/\\\/www.eldigitaldeasturias.com\\\/noticias\\\/las-farc-critican-la-voltereta-e-incoherencia-de-santos-en-el-caso-de-los-escuchas\\\/#mainImage\"},\"primaryImageOfPage\":{\"@id\":\"https:\\\/\\\/www.eldigitaldeasturias.com\\\/noticias\\\/las-farc-critican-la-voltereta-e-incoherencia-de-santos-en-el-caso-de-los-escuchas\\\/#mainImage\"},\"datePublished\":\"2014-02-08T21:52:09+01:00\",\"dateModified\":\"2014-02-08T21:52:09+01:00\"},{\"@type\":\"WebSite\",\"@id\":\"https:\\\/\\\/www.eldigitaldeasturias.com\\\/noticias\\\/#website\",\"url\":\"https:\\\/\\\/www.eldigitaldeasturias.com\\\/noticias\\\/\",\"name\":\"El Digital de Asturias - Diario de actualidad y noticias\",\"alternateName\":\"El Digital de Asturias - Diario de actualidad y noticias\",\"description\":\"Hemeroteca\",\"inLanguage\":\"es-ES\",\"publisher\":{\"@id\":\"https:\\\/\\\/www.eldigitaldeasturias.com\\\/noticias\\\/#organization\"}}]}\n\t\t<\/script>\n\t\t<!-- All in One SEO Pro -->\r\n\t\t<title>Las FARC critican la \u00abvoltereta\u00bb e incoherencia de Santos en el caso de los escuchas - El Digital de Asturias<\/title>\n\n","aioseo_head_json":{"title":"Las FARC critican la \u00abvoltereta\u00bb e incoherencia de Santos en el caso de los escuchas - El Digital de Asturias","description":"La Habana, 8 feb (EFE).- Las FARC criticaron hoy al Gobierno del presidente Juan Manuel Santos por ser \"incoherente\" y haber dado una \"voltereta\" en su apreciaci\u00f3n sobre el caso de las escuchas de inteligencia destapado esta semana en Colombia. \"No podemos compartir que las fachadas de inteligencia sean totalmente l\u00edcitas, que sus operaciones sean","canonical_url":"https:\/\/www.eldigitaldeasturias.com\/noticias\/las-farc-critican-la-voltereta-e-incoherencia-de-santos-en-el-caso-de-los-escuchas\/","robots":"max-image-preview:large","keywords":"actualidad","webmasterTools":{"google-site-verification":"UA-38556648-1","msvalidate.01":"7dfe9f3f1b24437ab69f4f2559babe99","miscellaneous":""},"schema":{"@context":"https:\/\/schema.org","@graph":[{"@type":"BlogPosting","@id":"https:\/\/www.eldigitaldeasturias.com\/noticias\/las-farc-critican-la-voltereta-e-incoherencia-de-santos-en-el-caso-de-los-escuchas\/#blogposting","name":"Las FARC critican la \u00abvoltereta\u00bb e incoherencia de Santos en el caso de los escuchas - El Digital de Asturias","headline":"Las FARC critican la \u00abvoltereta\u00bb e incoherencia de Santos en el caso de los escuchas","author":{"@id":"https:\/\/www.eldigitaldeasturias.com\/noticias\/author\/admin\/#author"},"publisher":{"@id":"https:\/\/www.eldigitaldeasturias.com\/noticias\/#organization"},"image":{"@type":"ImageObject","url":486952},"datePublished":"2014-02-08T21:52:09+01:00","dateModified":"2014-02-08T21:52:09+01:00","inLanguage":"es-ES","mainEntityOfPage":{"@id":"https:\/\/www.eldigitaldeasturias.com\/noticias\/las-farc-critican-la-voltereta-e-incoherencia-de-santos-en-el-caso-de-los-escuchas\/#webpage"},"isPartOf":{"@id":"https:\/\/www.eldigitaldeasturias.com\/noticias\/las-farc-critican-la-voltereta-e-incoherencia-de-santos-en-el-caso-de-los-escuchas\/#webpage"},"articleSection":"Actualidad"},{"@type":"BreadcrumbList","@id":"https:\/\/www.eldigitaldeasturias.com\/noticias\/las-farc-critican-la-voltereta-e-incoherencia-de-santos-en-el-caso-de-los-escuchas\/#breadcrumblist","itemListElement":[{"@type":"ListItem","@id":"https:\/\/www.eldigitaldeasturias.com\/noticias#listItem","position":1,"name":"Home","item":"https:\/\/www.eldigitaldeasturias.com\/noticias","nextItem":{"@type":"ListItem","@id":"https:\/\/www.eldigitaldeasturias.com\/noticias\/category\/actualidad\/#listItem","name":"Actualidad"}},{"@type":"ListItem","@id":"https:\/\/www.eldigitaldeasturias.com\/noticias\/category\/actualidad\/#listItem","position":2,"name":"Actualidad","item":"https:\/\/www.eldigitaldeasturias.com\/noticias\/category\/actualidad\/","nextItem":{"@type":"ListItem","@id":"https:\/\/www.eldigitaldeasturias.com\/noticias\/las-farc-critican-la-voltereta-e-incoherencia-de-santos-en-el-caso-de-los-escuchas\/#listItem","name":"Las FARC critican la \u00abvoltereta\u00bb e incoherencia de Santos en el caso de los escuchas"},"previousItem":{"@type":"ListItem","@id":"https:\/\/www.eldigitaldeasturias.com\/noticias#listItem","name":"Home"}},{"@type":"ListItem","@id":"https:\/\/www.eldigitaldeasturias.com\/noticias\/las-farc-critican-la-voltereta-e-incoherencia-de-santos-en-el-caso-de-los-escuchas\/#listItem","position":3,"name":"Las FARC critican la \u00abvoltereta\u00bb e incoherencia de Santos en el caso de los escuchas","previousItem":{"@type":"ListItem","@id":"https:\/\/www.eldigitaldeasturias.com\/noticias\/category\/actualidad\/#listItem","name":"Actualidad"}}]},{"@type":"Organization","@id":"https:\/\/www.eldigitaldeasturias.com\/noticias\/#organization","name":"El Digital de Asturias","description":"Hemeroteca","url":"https:\/\/www.eldigitaldeasturias.com\/noticias\/","email":"info@eldigitaldeasturias.com","telephone":"+34652131393","logo":{"@type":"ImageObject","url":"https:\/\/www.eldigitaldeasturias.com\/noticias\/wp-content\/uploads\/2020\/12\/EDA.jpg","@id":"https:\/\/www.eldigitaldeasturias.com\/noticias\/las-farc-critican-la-voltereta-e-incoherencia-de-santos-en-el-caso-de-los-escuchas\/#organizationLogo"},"image":{"@id":"https:\/\/www.eldigitaldeasturias.com\/noticias\/las-farc-critican-la-voltereta-e-incoherencia-de-santos-en-el-caso-de-los-escuchas\/#organizationLogo"},"sameAs":["https:\/\/facebook.com\/eldigitaldeasturias","https:\/\/www.youtube.com\/channel\/UCZP-2wLEB9Rv6erhFmqVnvg"],"address":{"@id":"https:\/\/www.eldigitaldeasturias.com\/noticias\/#postaladdress","@type":"PostalAddress","streetAddress":"san antonio 4","postalCode":"33430","addressLocality":"Cand\u00e1s","addressRegion":"Asturias","addressCountry":"ES"}},{"@type":"Person","@id":"https:\/\/www.eldigitaldeasturias.com\/noticias\/author\/admin\/#author","url":"https:\/\/www.eldigitaldeasturias.com\/noticias\/author\/admin\/","name":"El Digital de Asturias","image":{"@type":"ImageObject","@id":"https:\/\/www.eldigitaldeasturias.com\/noticias\/las-farc-critican-la-voltereta-e-incoherencia-de-santos-en-el-caso-de-los-escuchas\/#authorImage","url":"https:\/\/secure.gravatar.com\/avatar\/df2aeffc32bcd13f8d26072ef8a91b623d677766deac7f97ca815868cd41bf5e?s=96&d=mm&r=g","width":96,"height":96,"caption":"El Digital de Asturias"}},{"@type":"WebPage","@id":"https:\/\/www.eldigitaldeasturias.com\/noticias\/las-farc-critican-la-voltereta-e-incoherencia-de-santos-en-el-caso-de-los-escuchas\/#webpage","url":"https:\/\/www.eldigitaldeasturias.com\/noticias\/las-farc-critican-la-voltereta-e-incoherencia-de-santos-en-el-caso-de-los-escuchas\/","name":"Las FARC critican la \u00abvoltereta\u00bb e incoherencia de Santos en el caso de los escuchas - El Digital de Asturias","description":"La Habana, 8 feb (EFE).- Las FARC criticaron hoy al Gobierno del presidente Juan Manuel Santos por ser \"incoherente\" y haber dado una \"voltereta\" en su apreciaci\u00f3n sobre el caso de las escuchas de inteligencia destapado esta semana en Colombia. \"No podemos compartir que las fachadas de inteligencia sean totalmente l\u00edcitas, que sus operaciones sean","inLanguage":"es-ES","isPartOf":{"@id":"https:\/\/www.eldigitaldeasturias.com\/noticias\/#website"},"breadcrumb":{"@id":"https:\/\/www.eldigitaldeasturias.com\/noticias\/las-farc-critican-la-voltereta-e-incoherencia-de-santos-en-el-caso-de-los-escuchas\/#breadcrumblist"},"author":{"@id":"https:\/\/www.eldigitaldeasturias.com\/noticias\/author\/admin\/#author"},"creator":{"@id":"https:\/\/www.eldigitaldeasturias.com\/noticias\/author\/admin\/#author"},"image":{"@type":"ImageObject","url":486952,"@id":"https:\/\/www.eldigitaldeasturias.com\/noticias\/las-farc-critican-la-voltereta-e-incoherencia-de-santos-en-el-caso-de-los-escuchas\/#mainImage"},"primaryImageOfPage":{"@id":"https:\/\/www.eldigitaldeasturias.com\/noticias\/las-farc-critican-la-voltereta-e-incoherencia-de-santos-en-el-caso-de-los-escuchas\/#mainImage"},"datePublished":"2014-02-08T21:52:09+01:00","dateModified":"2014-02-08T21:52:09+01:00"},{"@type":"WebSite","@id":"https:\/\/www.eldigitaldeasturias.com\/noticias\/#website","url":"https:\/\/www.eldigitaldeasturias.com\/noticias\/","name":"El Digital de Asturias - Diario de actualidad y noticias","alternateName":"El Digital de Asturias - Diario de actualidad y noticias","description":"Hemeroteca","inLanguage":"es-ES","publisher":{"@id":"https:\/\/www.eldigitaldeasturias.com\/noticias\/#organization"}}]},"og:locale":"es_ES","og:site_name":"El Digital de Asturias","og:type":"article","og:title":"Las FARC critican la \u00abvoltereta\u00bb e incoherencia de Santos en el caso de los escuchas - El Digital de Asturias","og:description":"La Habana, 8 feb (EFE).- Las FARC criticaron hoy al Gobierno del presidente Juan Manuel Santos por ser &quot;incoherente&quot; y haber dado una &quot;voltereta&quot; en su apreciaci\u00f3n sobre el caso de las escuchas de inteligencia destapado esta semana en Colombia. &quot;No podemos compartir que las fachadas de inteligencia sean totalmente l\u00edcitas, que sus operaciones sean","og:url":"https:\/\/www.eldigitaldeasturias.com\/noticias\/las-farc-critican-la-voltereta-e-incoherencia-de-santos-en-el-caso-de-los-escuchas\/","article:tag":["actualidad"],"article:published_time":"2014-02-08T22:52:09+00:00","article:modified_time":"2014-02-08T22:52:09+00:00","article:publisher":"https:\/\/facebook.com\/eldigitaldeasturias","twitter:card":"summary_large_image","twitter:title":"Las FARC critican la \u00abvoltereta\u00bb e incoherencia de Santos en el caso de los escuchas - El Digital de Asturias","twitter:description":"La Habana, 8 feb (EFE).- Las FARC criticaron hoy al Gobierno del presidente Juan Manuel Santos por ser &quot;incoherente&quot; y haber dado una &quot;voltereta&quot; en su apreciaci\u00f3n sobre el caso de las escuchas de inteligencia destapado esta semana en Colombia. &quot;No podemos compartir que las fachadas de inteligencia sean totalmente l\u00edcitas, que sus operaciones sean","twitter:label1":"Escrito por","twitter:data1":"El Digital de Asturias","twitter:label2":"Tiempo de lectura estimado","twitter:data2":"2 minutos"},"aioseo_meta_data":{"post_id":"486951","title":null,"description":null,"keywords":null,"keyphrases":null,"primary_term":null,"canonical_url":null,"og_title":null,"og_description":null,"og_object_type":"default","og_image_type":"default","og_image_url":null,"og_image_width":null,"og_image_height":null,"og_image_custom_url":null,"og_image_custom_fields":null,"og_video":null,"og_custom_url":null,"og_article_section":null,"og_article_tags":null,"twitter_use_og":true,"twitter_card":"default","twitter_image_type":"default","twitter_image_url":null,"twitter_image_custom_url":null,"twitter_image_custom_fields":null,"twitter_title":null,"twitter_description":null,"schema":{"blockGraphs":[],"customGraphs":[],"default":{"data":{"Article":[],"Course":[],"Dataset":[],"FAQPage":[],"Movie":[],"Person":[],"Product":[],"ProductReview":[],"Car":[],"Recipe":[],"Service":[],"SoftwareApplication":[],"WebPage":[]},"graphName":"","isEnabled":true},"graphs":[],"defaultGraph":"","defaultPostTypeGraph":""},"schema_type":null,"schema_type_options":null,"pillar_content":false,"robots_default":true,"robots_noindex":false,"robots_noarchive":false,"robots_nosnippet":false,"robots_nofollow":false,"robots_noimageindex":false,"robots_noodp":false,"robots_notranslate":false,"robots_max_snippet":null,"robots_max_videopreview":null,"robots_max_imagepreview":"none","priority":null,"frequency":null,"local_seo":null,"seo_analyzer_scan_date":"2026-06-03 03:08:52","breadcrumb_settings":null,"limit_modified_date":false,"open_ai":null,"ai":null,"created":"2020-11-14 22:56:17","updated":"2026-06-03 03:08:52","focus_keyword":null,"additional_keywords":null,"truseo_locale":null},"aioseo_breadcrumb":"<div class=\"aioseo-breadcrumbs\"><span class=\"aioseo-breadcrumb\">\n\t<a href=\"https:\/\/www.eldigitaldeasturias.com\/noticias\" title=\"Home\">Home<\/a>\n<\/span><span class=\"aioseo-breadcrumb-separator\">\u2013<\/span><span class=\"aioseo-breadcrumb\">\n\t<a href=\"https:\/\/www.eldigitaldeasturias.com\/noticias\/category\/actualidad\/\" title=\"Actualidad\">Actualidad<\/a>\n<\/span><span class=\"aioseo-breadcrumb-separator\">\u2013<\/span><span class=\"aioseo-breadcrumb\">\n\t<a href=\"https:\/\/www.eldigitaldeasturias.com\/noticias\/las-farc-critican-la-voltereta-e-incoherencia-de-santos-en-el-caso-de-los-escuchas\/\" title=\"Las FARC critican la \u00abvoltereta\u00bb e incoherencia de Santos en el caso de los escuchas\">Las FARC critican la \u00abvoltereta\u00bb e incoherencia de Santos en el caso de los escuchas<\/a>\n<\/span><\/div>","aioseo_breadcrumb_json":[{"label":"Home","link":"https:\/\/www.eldigitaldeasturias.com\/noticias"},{"label":"Actualidad","link":"https:\/\/www.eldigitaldeasturias.com\/noticias\/category\/actualidad\/"},{"label":"Las FARC critican la \u00abvoltereta\u00bb e incoherencia de Santos en el caso de los escuchas","link":"https:\/\/www.eldigitaldeasturias.com\/noticias\/las-farc-critican-la-voltereta-e-incoherencia-de-santos-en-el-caso-de-los-escuchas\/"}],"_links":{"self":[{"href":"https:\/\/www.eldigitaldeasturias.com\/noticias\/wp-json\/wp\/v2\/posts\/486951","targetHints":{"allow":["GET"]}}],"collection":[{"href":"https:\/\/www.eldigitaldeasturias.com\/noticias\/wp-json\/wp\/v2\/posts"}],"about":[{"href":"https:\/\/www.eldigitaldeasturias.com\/noticias\/wp-json\/wp\/v2\/types\/post"}],"author":[{"embeddable":true,"href":"https:\/\/www.eldigitaldeasturias.com\/noticias\/wp-json\/wp\/v2\/users\/1"}],"replies":[{"embeddable":true,"href":"https:\/\/www.eldigitaldeasturias.com\/noticias\/wp-json\/wp\/v2\/comments?post=486951"}],"version-history":[{"count":0,"href":"https:\/\/www.eldigitaldeasturias.com\/noticias\/wp-json\/wp\/v2\/posts\/486951\/revisions"}],"wp:attachment":[{"href":"https:\/\/www.eldigitaldeasturias.com\/noticias\/wp-json\/wp\/v2\/media?parent=486951"}],"wp:term":[{"taxonomy":"category","embeddable":true,"href":"https:\/\/www.eldigitaldeasturias.com\/noticias\/wp-json\/wp\/v2\/categories?post=486951"},{"taxonomy":"post_tag","embeddable":true,"href":"https:\/\/www.eldigitaldeasturias.com\/noticias\/wp-json\/wp\/v2\/tags?post=486951"}],"curies":[{"name":"wp","href":"https:\/\/api.w.org\/{rel}","templated":true}]}}