{"id":486948,"date":"2014-02-08T21:39:32","date_gmt":"2014-02-08T22:39:32","guid":{"rendered":"http:\/\/www.eldigitaldeasturias.com\/noticias\/?p=486948"},"modified":"2014-02-08T21:39:32","modified_gmt":"2014-02-08T22:39:32","slug":"placeros-gallegos-notan-la-escasez-de-pescado-por-el-paron-a-causa-del-temporal","status":"publish","type":"post","link":"https:\/\/www.eldigitaldeasturias.com\/noticias\/placeros-gallegos-notan-la-escasez-de-pescado-por-el-paron-a-causa-del-temporal\/","title":{"rendered":"Placeros gallegos notan la escasez de pescado por el par\u00f3n a causa del temporal"},"content":{"rendered":"<p><img loading=\"lazy\" decoding=\"async\" class=\"alignleft size-medium wp-image-486949\" alt=\"5924175w\" src=\"https:\/\/www.eldigitaldeasturias.com\/noticias\/wp-content\/uploads\/2014\/02\/5924175w-360x221.jpg\" width=\"360\" height=\"221\" \/>Ourense, 8 feb (EFE).- Placeros de Ourense lamentan los efectos de las borrascas sucesivas que azotan Galicia y apuntan que el par\u00f3n obligado en la actividad pesquera se \u00abdeja sentir\u00bb en la plaza de abastos, donde los puestos muestran menos pescado del habitual.<\/p>\n<p>\u00abHay menos barcos que salen al mar\u00bb, lo que hace que no se pueda encontrar en los puestos \u00abel pescado que deber\u00eda haber si todo funcionase con normalidad\u00bb, detalla a Efe uno de los vendedores, oriundo de O Grove (Pontevedra).<\/p>\n<p>Los mayores problemas a los que se enfrentan los vendedores, desde sus puestos de venta de pescado, en su mayor\u00eda procedente de \u00abA Coru\u00f1a y, fundamentalmente de Vigo, de donde llega gran parte del pescado de altura y de costa\u00bb, tienen que ver con la ausencia de \u00abpescado de costa\u00bb, debido a la reducci\u00f3n tanto de la variedad como del volumen de producto, un hecho que ha repercutido en los precios.<\/p>\n<p>\u00abLa merluza, que andaba muy bien de precio, ha subido\u00bb, comenta este negociante que prefiere no dar su nombre.<\/p>\n<p>El precio de este pescado actualmente se sit\u00faa en los \u00abocho euros en la lonja, cuando normalmente est\u00e1 a cinco o 5,50 euros\u00bb, explica.<\/p>\n<p>Lo mismo sucede con el resto de especies.<\/p>\n<p>As\u00ed, el importe del rapante, habitualmente a \u00ab8,50 euros el kilo\u00bb, actualmente se encuentra en \u00ablos 12 euros\u00bb; mientras el lenguado, que la semana pasada estaba a 15 euros \u00abhoy est\u00e1 a 20\u00bb, abunda.<\/p>\n<p>El vendedor atribuye este encarecimiento a que \u00abhay menos cantidad\u00bb de la habitual.<\/p>\n<p>Los puestos, habitualmente llenos de productos del mar, se encuentran semi-vac\u00edos, y notoria es la ausencia de \u00abpescadilla, faneca y rodaballo\u00bb.<\/p>\n<p>En el caso del lenguado \u00abha venido poco\u00bb, detalla este hombre.<\/p>\n<p>A pesar de todo, el vendedor de la plaza advierte, y como \u00e9l lo hacen sus compa\u00f1eros, de que, al contrario de lo que muchos piensan, todav\u00eda hay pescado.<\/p>\n<p>\u00abLo que hay es menos variedad, pero s\u00ed hay pescado fresco\u00bb, esgrime alguien que conf\u00eda en que pronto vuelva el buen tiempo puesto que un clima adverso \u00abhace que la gente salga menos de casa\u00bb.<\/p>\n","protected":false},"excerpt":{"rendered":"<p>Ourense, 8 feb (EFE).- Placeros de Ourense lamentan los efectos de las borrascas sucesivas que azotan Galicia y apuntan que el par\u00f3n obligado en la actividad pesquera se \u00abdeja sentir\u00bb en la plaza de abastos, donde los puestos muestran menos pescado del habitual. \u00abHay menos barcos que salen al mar\u00bb, lo que hace que no [&hellip;]<\/p>\n","protected":false},"author":1,"featured_media":486949,"comment_status":"open","ping_status":"open","sticky":false,"template":"","format":"standard","meta":{"footnotes":""},"categories":[1],"tags":[],"class_list":["post-486948","post","type-post","status-publish","format-standard","has-post-thumbnail","hentry","category-actualidad"],"aioseo_notices":[],"aioseo_head":"\n\t\t<!-- All in One SEO Pro 5.0.1 - aioseo.com -->\n\t<meta name=\"description\" content=\"Ourense, 8 feb (EFE).- Placeros de Ourense lamentan los efectos de las borrascas sucesivas que azotan Galicia y apuntan que el par\u00f3n obligado en la actividad pesquera se &quot;deja sentir&quot; en la plaza de abastos, donde los puestos muestran menos pescado del habitual. &quot;Hay menos barcos que salen al mar&quot;, lo que hace que no\" \/>\n\t<meta name=\"robots\" content=\"max-image-preview:large\" \/>\n\t<meta name=\"author\" content=\"El Digital de Asturias\"\/>\n\t<meta name=\"google-site-verification\" content=\"UA-38556648-1\" \/>\n\t<meta name=\"msvalidate.01\" content=\"7dfe9f3f1b24437ab69f4f2559babe99\" \/>\n\t<meta name=\"keywords\" content=\"actualidad\" \/>\n\t<link rel=\"canonical\" href=\"https:\/\/www.eldigitaldeasturias.com\/noticias\/placeros-gallegos-notan-la-escasez-de-pescado-por-el-paron-a-causa-del-temporal\/\" \/>\n\t<meta name=\"generator\" content=\"All in One SEO Pro (AIOSEO) 5.0.1\" \/>\n\t\t<meta property=\"og:locale\" content=\"es_ES\" \/>\n\t\t<meta property=\"og:site_name\" content=\"El Digital de Asturias\" \/>\n\t\t<meta property=\"og:type\" content=\"article\" \/>\n\t\t<meta property=\"og:title\" content=\"Placeros gallegos notan la escasez de pescado por el par\u00f3n a causa del temporal - El Digital de Asturias\" \/>\n\t\t<meta property=\"og:description\" content=\"Ourense, 8 feb (EFE).- Placeros de Ourense lamentan los efectos de las borrascas sucesivas que azotan Galicia y apuntan que el par\u00f3n obligado en la actividad pesquera se &quot;deja sentir&quot; en la plaza de abastos, donde los puestos muestran menos pescado del habitual. &quot;Hay menos barcos que salen al mar&quot;, lo que hace que no\" \/>\n\t\t<meta property=\"og:url\" content=\"https:\/\/www.eldigitaldeasturias.com\/noticias\/placeros-gallegos-notan-la-escasez-de-pescado-por-el-paron-a-causa-del-temporal\/\" \/>\n\t\t<meta property=\"article:tag\" content=\"actualidad\" \/>\n\t\t<meta property=\"article:published_time\" content=\"2014-02-08T22:39:32+00:00\" \/>\n\t\t<meta property=\"article:modified_time\" content=\"2014-02-08T22:39:32+00:00\" \/>\n\t\t<meta property=\"article:publisher\" content=\"https:\/\/facebook.com\/eldigitaldeasturias\" \/>\n\t\t<meta name=\"twitter:card\" content=\"summary_large_image\" \/>\n\t\t<meta name=\"twitter:title\" content=\"Placeros gallegos notan la escasez de pescado por el par\u00f3n a causa del temporal - El Digital de Asturias\" \/>\n\t\t<meta name=\"twitter:description\" content=\"Ourense, 8 feb (EFE).- Placeros de Ourense lamentan los efectos de las borrascas sucesivas que azotan Galicia y apuntan que el par\u00f3n obligado en la actividad pesquera se &quot;deja sentir&quot; en la plaza de abastos, donde los puestos muestran menos pescado del habitual. &quot;Hay menos barcos que salen al mar&quot;, lo que hace que no\" \/>\n\t\t<meta name=\"twitter:label1\" content=\"Escrito por\" \/>\n\t\t<meta name=\"twitter:data1\" content=\"El Digital de Asturias\" \/>\n\t\t<meta name=\"twitter:label2\" content=\"Tiempo de lectura estimado\" \/>\n\t\t<meta name=\"twitter:data2\" content=\"2 minutos\" \/>\n\t\t<script type=\"application\/ld+json\" class=\"aioseo-schema\">\n\t\t\t{\"@context\":\"https:\\\/\\\/schema.org\",\"@graph\":[{\"@type\":\"BlogPosting\",\"@id\":\"https:\\\/\\\/www.eldigitaldeasturias.com\\\/noticias\\\/placeros-gallegos-notan-la-escasez-de-pescado-por-el-paron-a-causa-del-temporal\\\/#blogposting\",\"name\":\"Placeros gallegos notan la escasez de pescado por el par\\u00f3n a causa del temporal - El Digital de Asturias\",\"headline\":\"Placeros gallegos notan la escasez de pescado por el par\\u00f3n a causa del temporal\",\"author\":{\"@id\":\"https:\\\/\\\/www.eldigitaldeasturias.com\\\/noticias\\\/author\\\/admin\\\/#author\"},\"publisher\":{\"@id\":\"https:\\\/\\\/www.eldigitaldeasturias.com\\\/noticias\\\/#organization\"},\"image\":{\"@type\":\"ImageObject\",\"url\":486949},\"datePublished\":\"2014-02-08T21:39:32+01:00\",\"dateModified\":\"2014-02-08T21:39:32+01:00\",\"inLanguage\":\"es-ES\",\"mainEntityOfPage\":{\"@id\":\"https:\\\/\\\/www.eldigitaldeasturias.com\\\/noticias\\\/placeros-gallegos-notan-la-escasez-de-pescado-por-el-paron-a-causa-del-temporal\\\/#webpage\"},\"isPartOf\":{\"@id\":\"https:\\\/\\\/www.eldigitaldeasturias.com\\\/noticias\\\/placeros-gallegos-notan-la-escasez-de-pescado-por-el-paron-a-causa-del-temporal\\\/#webpage\"},\"articleSection\":\"Actualidad\"},{\"@type\":\"BreadcrumbList\",\"@id\":\"https:\\\/\\\/www.eldigitaldeasturias.com\\\/noticias\\\/placeros-gallegos-notan-la-escasez-de-pescado-por-el-paron-a-causa-del-temporal\\\/#breadcrumblist\",\"itemListElement\":[{\"@type\":\"ListItem\",\"@id\":\"https:\\\/\\\/www.eldigitaldeasturias.com\\\/noticias#listItem\",\"position\":1,\"name\":\"Home\",\"item\":\"https:\\\/\\\/www.eldigitaldeasturias.com\\\/noticias\",\"nextItem\":{\"@type\":\"ListItem\",\"@id\":\"https:\\\/\\\/www.eldigitaldeasturias.com\\\/noticias\\\/category\\\/actualidad\\\/#listItem\",\"name\":\"Actualidad\"}},{\"@type\":\"ListItem\",\"@id\":\"https:\\\/\\\/www.eldigitaldeasturias.com\\\/noticias\\\/category\\\/actualidad\\\/#listItem\",\"position\":2,\"name\":\"Actualidad\",\"item\":\"https:\\\/\\\/www.eldigitaldeasturias.com\\\/noticias\\\/category\\\/actualidad\\\/\",\"nextItem\":{\"@type\":\"ListItem\",\"@id\":\"https:\\\/\\\/www.eldigitaldeasturias.com\\\/noticias\\\/placeros-gallegos-notan-la-escasez-de-pescado-por-el-paron-a-causa-del-temporal\\\/#listItem\",\"name\":\"Placeros gallegos notan la escasez de pescado por el par\\u00f3n a causa del temporal\"},\"previousItem\":{\"@type\":\"ListItem\",\"@id\":\"https:\\\/\\\/www.eldigitaldeasturias.com\\\/noticias#listItem\",\"name\":\"Home\"}},{\"@type\":\"ListItem\",\"@id\":\"https:\\\/\\\/www.eldigitaldeasturias.com\\\/noticias\\\/placeros-gallegos-notan-la-escasez-de-pescado-por-el-paron-a-causa-del-temporal\\\/#listItem\",\"position\":3,\"name\":\"Placeros gallegos notan la escasez de pescado por el par\\u00f3n a causa del temporal\",\"previousItem\":{\"@type\":\"ListItem\",\"@id\":\"https:\\\/\\\/www.eldigitaldeasturias.com\\\/noticias\\\/category\\\/actualidad\\\/#listItem\",\"name\":\"Actualidad\"}}]},{\"@type\":\"Organization\",\"@id\":\"https:\\\/\\\/www.eldigitaldeasturias.com\\\/noticias\\\/#organization\",\"name\":\"El Digital de Asturias\",\"description\":\"Hemeroteca\",\"url\":\"https:\\\/\\\/www.eldigitaldeasturias.com\\\/noticias\\\/\",\"email\":\"info@eldigitaldeasturias.com\",\"telephone\":\"+34652131393\",\"logo\":{\"@type\":\"ImageObject\",\"url\":\"https:\\\/\\\/www.eldigitaldeasturias.com\\\/noticias\\\/wp-content\\\/uploads\\\/2020\\\/12\\\/EDA.jpg\",\"@id\":\"https:\\\/\\\/www.eldigitaldeasturias.com\\\/noticias\\\/placeros-gallegos-notan-la-escasez-de-pescado-por-el-paron-a-causa-del-temporal\\\/#organizationLogo\"},\"image\":{\"@id\":\"https:\\\/\\\/www.eldigitaldeasturias.com\\\/noticias\\\/placeros-gallegos-notan-la-escasez-de-pescado-por-el-paron-a-causa-del-temporal\\\/#organizationLogo\"},\"sameAs\":[\"https:\\\/\\\/facebook.com\\\/eldigitaldeasturias\",\"https:\\\/\\\/www.youtube.com\\\/channel\\\/UCZP-2wLEB9Rv6erhFmqVnvg\"],\"address\":{\"@id\":\"https:\\\/\\\/www.eldigitaldeasturias.com\\\/noticias\\\/#postaladdress\",\"@type\":\"PostalAddress\",\"streetAddress\":\"san antonio 4\",\"postalCode\":\"33430\",\"addressLocality\":\"Cand\\u00e1s\",\"addressRegion\":\"Asturias\",\"addressCountry\":\"ES\"}},{\"@type\":\"Person\",\"@id\":\"https:\\\/\\\/www.eldigitaldeasturias.com\\\/noticias\\\/author\\\/admin\\\/#author\",\"url\":\"https:\\\/\\\/www.eldigitaldeasturias.com\\\/noticias\\\/author\\\/admin\\\/\",\"name\":\"El Digital de Asturias\",\"image\":{\"@type\":\"ImageObject\",\"@id\":\"https:\\\/\\\/www.eldigitaldeasturias.com\\\/noticias\\\/placeros-gallegos-notan-la-escasez-de-pescado-por-el-paron-a-causa-del-temporal\\\/#authorImage\",\"url\":\"https:\\\/\\\/secure.gravatar.com\\\/avatar\\\/df2aeffc32bcd13f8d26072ef8a91b623d677766deac7f97ca815868cd41bf5e?s=96&d=mm&r=g\",\"width\":96,\"height\":96,\"caption\":\"El Digital de Asturias\"}},{\"@type\":\"WebPage\",\"@id\":\"https:\\\/\\\/www.eldigitaldeasturias.com\\\/noticias\\\/placeros-gallegos-notan-la-escasez-de-pescado-por-el-paron-a-causa-del-temporal\\\/#webpage\",\"url\":\"https:\\\/\\\/www.eldigitaldeasturias.com\\\/noticias\\\/placeros-gallegos-notan-la-escasez-de-pescado-por-el-paron-a-causa-del-temporal\\\/\",\"name\":\"Placeros gallegos notan la escasez de pescado por el par\\u00f3n a causa del temporal - El Digital de Asturias\",\"description\":\"Ourense, 8 feb (EFE).- Placeros de Ourense lamentan los efectos de las borrascas sucesivas que azotan Galicia y apuntan que el par\\u00f3n obligado en la actividad pesquera se \\\"deja sentir\\\" en la plaza de abastos, donde los puestos muestran menos pescado del habitual. \\\"Hay menos barcos que salen al mar\\\", lo que hace que no\",\"inLanguage\":\"es-ES\",\"isPartOf\":{\"@id\":\"https:\\\/\\\/www.eldigitaldeasturias.com\\\/noticias\\\/#website\"},\"breadcrumb\":{\"@id\":\"https:\\\/\\\/www.eldigitaldeasturias.com\\\/noticias\\\/placeros-gallegos-notan-la-escasez-de-pescado-por-el-paron-a-causa-del-temporal\\\/#breadcrumblist\"},\"author\":{\"@id\":\"https:\\\/\\\/www.eldigitaldeasturias.com\\\/noticias\\\/author\\\/admin\\\/#author\"},\"creator\":{\"@id\":\"https:\\\/\\\/www.eldigitaldeasturias.com\\\/noticias\\\/author\\\/admin\\\/#author\"},\"image\":{\"@type\":\"ImageObject\",\"url\":486949,\"@id\":\"https:\\\/\\\/www.eldigitaldeasturias.com\\\/noticias\\\/placeros-gallegos-notan-la-escasez-de-pescado-por-el-paron-a-causa-del-temporal\\\/#mainImage\"},\"primaryImageOfPage\":{\"@id\":\"https:\\\/\\\/www.eldigitaldeasturias.com\\\/noticias\\\/placeros-gallegos-notan-la-escasez-de-pescado-por-el-paron-a-causa-del-temporal\\\/#mainImage\"},\"datePublished\":\"2014-02-08T21:39:32+01:00\",\"dateModified\":\"2014-02-08T21:39:32+01:00\"},{\"@type\":\"WebSite\",\"@id\":\"https:\\\/\\\/www.eldigitaldeasturias.com\\\/noticias\\\/#website\",\"url\":\"https:\\\/\\\/www.eldigitaldeasturias.com\\\/noticias\\\/\",\"name\":\"El Digital de Asturias - Diario de actualidad y noticias\",\"alternateName\":\"El Digital de Asturias - Diario de actualidad y noticias\",\"description\":\"Hemeroteca\",\"inLanguage\":\"es-ES\",\"publisher\":{\"@id\":\"https:\\\/\\\/www.eldigitaldeasturias.com\\\/noticias\\\/#organization\"}}]}\n\t\t<\/script>\n\t\t<!-- All in One SEO Pro -->\r\n\t\t<title>Placeros gallegos notan la escasez de pescado por el par\u00f3n a causa del temporal - El Digital de Asturias<\/title>\n\n","aioseo_head_json":{"title":"Placeros gallegos notan la escasez de pescado por el par\u00f3n a causa del temporal - El Digital de Asturias","description":"Ourense, 8 feb (EFE).- Placeros de Ourense lamentan los efectos de las borrascas sucesivas que azotan Galicia y apuntan que el par\u00f3n obligado en la actividad pesquera se \"deja sentir\" en la plaza de abastos, donde los puestos muestran menos pescado del habitual. \"Hay menos barcos que salen al mar\", lo que hace que no","canonical_url":"https:\/\/www.eldigitaldeasturias.com\/noticias\/placeros-gallegos-notan-la-escasez-de-pescado-por-el-paron-a-causa-del-temporal\/","robots":"max-image-preview:large","keywords":"actualidad","webmasterTools":{"google-site-verification":"UA-38556648-1","msvalidate.01":"7dfe9f3f1b24437ab69f4f2559babe99","miscellaneous":""},"schema":{"@context":"https:\/\/schema.org","@graph":[{"@type":"BlogPosting","@id":"https:\/\/www.eldigitaldeasturias.com\/noticias\/placeros-gallegos-notan-la-escasez-de-pescado-por-el-paron-a-causa-del-temporal\/#blogposting","name":"Placeros gallegos notan la escasez de pescado por el par\u00f3n a causa del temporal - El Digital de Asturias","headline":"Placeros gallegos notan la escasez de pescado por el par\u00f3n a causa del temporal","author":{"@id":"https:\/\/www.eldigitaldeasturias.com\/noticias\/author\/admin\/#author"},"publisher":{"@id":"https:\/\/www.eldigitaldeasturias.com\/noticias\/#organization"},"image":{"@type":"ImageObject","url":486949},"datePublished":"2014-02-08T21:39:32+01:00","dateModified":"2014-02-08T21:39:32+01:00","inLanguage":"es-ES","mainEntityOfPage":{"@id":"https:\/\/www.eldigitaldeasturias.com\/noticias\/placeros-gallegos-notan-la-escasez-de-pescado-por-el-paron-a-causa-del-temporal\/#webpage"},"isPartOf":{"@id":"https:\/\/www.eldigitaldeasturias.com\/noticias\/placeros-gallegos-notan-la-escasez-de-pescado-por-el-paron-a-causa-del-temporal\/#webpage"},"articleSection":"Actualidad"},{"@type":"BreadcrumbList","@id":"https:\/\/www.eldigitaldeasturias.com\/noticias\/placeros-gallegos-notan-la-escasez-de-pescado-por-el-paron-a-causa-del-temporal\/#breadcrumblist","itemListElement":[{"@type":"ListItem","@id":"https:\/\/www.eldigitaldeasturias.com\/noticias#listItem","position":1,"name":"Home","item":"https:\/\/www.eldigitaldeasturias.com\/noticias","nextItem":{"@type":"ListItem","@id":"https:\/\/www.eldigitaldeasturias.com\/noticias\/category\/actualidad\/#listItem","name":"Actualidad"}},{"@type":"ListItem","@id":"https:\/\/www.eldigitaldeasturias.com\/noticias\/category\/actualidad\/#listItem","position":2,"name":"Actualidad","item":"https:\/\/www.eldigitaldeasturias.com\/noticias\/category\/actualidad\/","nextItem":{"@type":"ListItem","@id":"https:\/\/www.eldigitaldeasturias.com\/noticias\/placeros-gallegos-notan-la-escasez-de-pescado-por-el-paron-a-causa-del-temporal\/#listItem","name":"Placeros gallegos notan la escasez de pescado por el par\u00f3n a causa del temporal"},"previousItem":{"@type":"ListItem","@id":"https:\/\/www.eldigitaldeasturias.com\/noticias#listItem","name":"Home"}},{"@type":"ListItem","@id":"https:\/\/www.eldigitaldeasturias.com\/noticias\/placeros-gallegos-notan-la-escasez-de-pescado-por-el-paron-a-causa-del-temporal\/#listItem","position":3,"name":"Placeros gallegos notan la escasez de pescado por el par\u00f3n a causa del temporal","previousItem":{"@type":"ListItem","@id":"https:\/\/www.eldigitaldeasturias.com\/noticias\/category\/actualidad\/#listItem","name":"Actualidad"}}]},{"@type":"Organization","@id":"https:\/\/www.eldigitaldeasturias.com\/noticias\/#organization","name":"El Digital de Asturias","description":"Hemeroteca","url":"https:\/\/www.eldigitaldeasturias.com\/noticias\/","email":"info@eldigitaldeasturias.com","telephone":"+34652131393","logo":{"@type":"ImageObject","url":"https:\/\/www.eldigitaldeasturias.com\/noticias\/wp-content\/uploads\/2020\/12\/EDA.jpg","@id":"https:\/\/www.eldigitaldeasturias.com\/noticias\/placeros-gallegos-notan-la-escasez-de-pescado-por-el-paron-a-causa-del-temporal\/#organizationLogo"},"image":{"@id":"https:\/\/www.eldigitaldeasturias.com\/noticias\/placeros-gallegos-notan-la-escasez-de-pescado-por-el-paron-a-causa-del-temporal\/#organizationLogo"},"sameAs":["https:\/\/facebook.com\/eldigitaldeasturias","https:\/\/www.youtube.com\/channel\/UCZP-2wLEB9Rv6erhFmqVnvg"],"address":{"@id":"https:\/\/www.eldigitaldeasturias.com\/noticias\/#postaladdress","@type":"PostalAddress","streetAddress":"san antonio 4","postalCode":"33430","addressLocality":"Cand\u00e1s","addressRegion":"Asturias","addressCountry":"ES"}},{"@type":"Person","@id":"https:\/\/www.eldigitaldeasturias.com\/noticias\/author\/admin\/#author","url":"https:\/\/www.eldigitaldeasturias.com\/noticias\/author\/admin\/","name":"El Digital de Asturias","image":{"@type":"ImageObject","@id":"https:\/\/www.eldigitaldeasturias.com\/noticias\/placeros-gallegos-notan-la-escasez-de-pescado-por-el-paron-a-causa-del-temporal\/#authorImage","url":"https:\/\/secure.gravatar.com\/avatar\/df2aeffc32bcd13f8d26072ef8a91b623d677766deac7f97ca815868cd41bf5e?s=96&d=mm&r=g","width":96,"height":96,"caption":"El Digital de Asturias"}},{"@type":"WebPage","@id":"https:\/\/www.eldigitaldeasturias.com\/noticias\/placeros-gallegos-notan-la-escasez-de-pescado-por-el-paron-a-causa-del-temporal\/#webpage","url":"https:\/\/www.eldigitaldeasturias.com\/noticias\/placeros-gallegos-notan-la-escasez-de-pescado-por-el-paron-a-causa-del-temporal\/","name":"Placeros gallegos notan la escasez de pescado por el par\u00f3n a causa del temporal - El Digital de Asturias","description":"Ourense, 8 feb (EFE).- Placeros de Ourense lamentan los efectos de las borrascas sucesivas que azotan Galicia y apuntan que el par\u00f3n obligado en la actividad pesquera se \"deja sentir\" en la plaza de abastos, donde los puestos muestran menos pescado del habitual. \"Hay menos barcos que salen al mar\", lo que hace que no","inLanguage":"es-ES","isPartOf":{"@id":"https:\/\/www.eldigitaldeasturias.com\/noticias\/#website"},"breadcrumb":{"@id":"https:\/\/www.eldigitaldeasturias.com\/noticias\/placeros-gallegos-notan-la-escasez-de-pescado-por-el-paron-a-causa-del-temporal\/#breadcrumblist"},"author":{"@id":"https:\/\/www.eldigitaldeasturias.com\/noticias\/author\/admin\/#author"},"creator":{"@id":"https:\/\/www.eldigitaldeasturias.com\/noticias\/author\/admin\/#author"},"image":{"@type":"ImageObject","url":486949,"@id":"https:\/\/www.eldigitaldeasturias.com\/noticias\/placeros-gallegos-notan-la-escasez-de-pescado-por-el-paron-a-causa-del-temporal\/#mainImage"},"primaryImageOfPage":{"@id":"https:\/\/www.eldigitaldeasturias.com\/noticias\/placeros-gallegos-notan-la-escasez-de-pescado-por-el-paron-a-causa-del-temporal\/#mainImage"},"datePublished":"2014-02-08T21:39:32+01:00","dateModified":"2014-02-08T21:39:32+01:00"},{"@type":"WebSite","@id":"https:\/\/www.eldigitaldeasturias.com\/noticias\/#website","url":"https:\/\/www.eldigitaldeasturias.com\/noticias\/","name":"El Digital de Asturias - Diario de actualidad y noticias","alternateName":"El Digital de Asturias - Diario de actualidad y noticias","description":"Hemeroteca","inLanguage":"es-ES","publisher":{"@id":"https:\/\/www.eldigitaldeasturias.com\/noticias\/#organization"}}]},"og:locale":"es_ES","og:site_name":"El Digital de Asturias","og:type":"article","og:title":"Placeros gallegos notan la escasez de pescado por el par\u00f3n a causa del temporal - El Digital de Asturias","og:description":"Ourense, 8 feb (EFE).- Placeros de Ourense lamentan los efectos de las borrascas sucesivas que azotan Galicia y apuntan que el par\u00f3n obligado en la actividad pesquera se &quot;deja sentir&quot; en la plaza de abastos, donde los puestos muestran menos pescado del habitual. &quot;Hay menos barcos que salen al mar&quot;, lo que hace que no","og:url":"https:\/\/www.eldigitaldeasturias.com\/noticias\/placeros-gallegos-notan-la-escasez-de-pescado-por-el-paron-a-causa-del-temporal\/","article:tag":["actualidad"],"article:published_time":"2014-02-08T22:39:32+00:00","article:modified_time":"2014-02-08T22:39:32+00:00","article:publisher":"https:\/\/facebook.com\/eldigitaldeasturias","twitter:card":"summary_large_image","twitter:title":"Placeros gallegos notan la escasez de pescado por el par\u00f3n a causa del temporal - El Digital de Asturias","twitter:description":"Ourense, 8 feb (EFE).- Placeros de Ourense lamentan los efectos de las borrascas sucesivas que azotan Galicia y apuntan que el par\u00f3n obligado en la actividad pesquera se &quot;deja sentir&quot; en la plaza de abastos, donde los puestos muestran menos pescado del habitual. &quot;Hay menos barcos que salen al mar&quot;, lo que hace que no","twitter:label1":"Escrito por","twitter:data1":"El Digital de Asturias","twitter:label2":"Tiempo de lectura estimado","twitter:data2":"2 minutos"},"aioseo_meta_data":{"post_id":"486948","title":null,"description":null,"keywords":null,"keyphrases":null,"primary_term":null,"canonical_url":null,"og_title":null,"og_description":null,"og_object_type":"default","og_image_type":"default","og_image_url":null,"og_image_width":null,"og_image_height":null,"og_image_custom_url":null,"og_image_custom_fields":null,"og_video":null,"og_custom_url":null,"og_article_section":null,"og_article_tags":null,"twitter_use_og":true,"twitter_card":"default","twitter_image_type":"default","twitter_image_url":null,"twitter_image_custom_url":null,"twitter_image_custom_fields":null,"twitter_title":null,"twitter_description":null,"schema":{"blockGraphs":[],"customGraphs":[],"default":{"data":{"Article":[],"Course":[],"Dataset":[],"FAQPage":[],"Movie":[],"Person":[],"Product":[],"ProductReview":[],"Car":[],"Recipe":[],"Service":[],"SoftwareApplication":[],"WebPage":[]},"graphName":"","isEnabled":true},"graphs":[],"defaultGraph":"","defaultPostTypeGraph":""},"schema_type":null,"schema_type_options":null,"pillar_content":false,"robots_default":true,"robots_noindex":false,"robots_noarchive":false,"robots_nosnippet":false,"robots_nofollow":false,"robots_noimageindex":false,"robots_noodp":false,"robots_notranslate":false,"robots_max_snippet":null,"robots_max_videopreview":null,"robots_max_imagepreview":"none","priority":null,"frequency":null,"local_seo":null,"seo_analyzer_scan_date":"2026-06-03 03:08:52","breadcrumb_settings":null,"limit_modified_date":false,"open_ai":null,"ai":null,"created":"2020-11-14 22:56:17","updated":"2026-06-03 03:08:52","focus_keyword":null,"additional_keywords":null,"truseo_locale":null},"aioseo_breadcrumb":"<div class=\"aioseo-breadcrumbs\"><span class=\"aioseo-breadcrumb\">\n\t<a href=\"https:\/\/www.eldigitaldeasturias.com\/noticias\" title=\"Home\">Home<\/a>\n<\/span><span class=\"aioseo-breadcrumb-separator\">\u2013<\/span><span class=\"aioseo-breadcrumb\">\n\t<a href=\"https:\/\/www.eldigitaldeasturias.com\/noticias\/category\/actualidad\/\" title=\"Actualidad\">Actualidad<\/a>\n<\/span><span class=\"aioseo-breadcrumb-separator\">\u2013<\/span><span class=\"aioseo-breadcrumb\">\n\t<a href=\"https:\/\/www.eldigitaldeasturias.com\/noticias\/placeros-gallegos-notan-la-escasez-de-pescado-por-el-paron-a-causa-del-temporal\/\" title=\"Placeros gallegos notan la escasez de pescado por el par\u00f3n a causa del temporal\">Placeros gallegos notan la escasez de pescado por el par\u00f3n a causa del temporal<\/a>\n<\/span><\/div>","aioseo_breadcrumb_json":[{"label":"Home","link":"https:\/\/www.eldigitaldeasturias.com\/noticias"},{"label":"Actualidad","link":"https:\/\/www.eldigitaldeasturias.com\/noticias\/category\/actualidad\/"},{"label":"Placeros gallegos notan la escasez de pescado por el par\u00f3n a causa del temporal","link":"https:\/\/www.eldigitaldeasturias.com\/noticias\/placeros-gallegos-notan-la-escasez-de-pescado-por-el-paron-a-causa-del-temporal\/"}],"_links":{"self":[{"href":"https:\/\/www.eldigitaldeasturias.com\/noticias\/wp-json\/wp\/v2\/posts\/486948","targetHints":{"allow":["GET"]}}],"collection":[{"href":"https:\/\/www.eldigitaldeasturias.com\/noticias\/wp-json\/wp\/v2\/posts"}],"about":[{"href":"https:\/\/www.eldigitaldeasturias.com\/noticias\/wp-json\/wp\/v2\/types\/post"}],"author":[{"embeddable":true,"href":"https:\/\/www.eldigitaldeasturias.com\/noticias\/wp-json\/wp\/v2\/users\/1"}],"replies":[{"embeddable":true,"href":"https:\/\/www.eldigitaldeasturias.com\/noticias\/wp-json\/wp\/v2\/comments?post=486948"}],"version-history":[{"count":0,"href":"https:\/\/www.eldigitaldeasturias.com\/noticias\/wp-json\/wp\/v2\/posts\/486948\/revisions"}],"wp:attachment":[{"href":"https:\/\/www.eldigitaldeasturias.com\/noticias\/wp-json\/wp\/v2\/media?parent=486948"}],"wp:term":[{"taxonomy":"category","embeddable":true,"href":"https:\/\/www.eldigitaldeasturias.com\/noticias\/wp-json\/wp\/v2\/categories?post=486948"},{"taxonomy":"post_tag","embeddable":true,"href":"https:\/\/www.eldigitaldeasturias.com\/noticias\/wp-json\/wp\/v2\/tags?post=486948"}],"curies":[{"name":"wp","href":"https:\/\/api.w.org\/{rel}","templated":true}]}}