{"id":486945,"date":"2014-02-08T21:32:57","date_gmt":"2014-02-08T22:32:57","guid":{"rendered":"http:\/\/www.eldigitaldeasturias.com\/noticias\/?p=486945"},"modified":"2014-02-08T21:32:57","modified_gmt":"2014-02-08T22:32:57","slug":"el-temporal-deja-vientos-superiores-a-100-kmh-y-olas-de-11-metros-en-galicia","status":"publish","type":"post","link":"https:\/\/www.eldigitaldeasturias.com\/noticias\/el-temporal-deja-vientos-superiores-a-100-kmh-y-olas-de-11-metros-en-galicia\/","title":{"rendered":"El temporal deja vientos superiores a 100 km\/h y olas de 11 metros en Galicia"},"content":{"rendered":"<p><img loading=\"lazy\" decoding=\"async\" class=\"alignleft size-medium wp-image-486946\" alt=\"olas\" src=\"https:\/\/www.eldigitaldeasturias.com\/noticias\/wp-content\/uploads\/2014\/02\/olas1-360x275.jpg\" width=\"360\" height=\"275\" \/>Santiago de Compostela, 8 feb (EFE).- Un nuevo temporal afecta hoy a la pen\u00ednsula y ha obligado a la Agencia Estatal de Meteorolog\u00eda (Aemet) a activar el m\u00e1ximo aviso (rojo) en las costas de Asturias, Cantabria y Galicia, donde el viento ha superado ya los 100 kil\u00f3metros por hora y las olas los once metros.<\/p>\n<p>Los efectos del temporal se est\u00e1n dejando notar sobre todo en el litoral gallego, donde pasada la una de la tarde se han registrado r\u00e1fagas de viento de hasta 125 kil\u00f3metros por hora en Punta Candieira, en Cedeira, al norte de A Coru\u00f1a, y las olas han alcanzado los once metros en Estaca de Bares, a escasos kil\u00f3metros.<\/p>\n<p>Es la s\u00e9ptima alerta roja en el mar en Galicia desde finales del pasado mes de diciembre, en unas semanas en las que la Comunidad gallega, al igual que el resto de la cornisa cant\u00e1brica, ha estado afectada por una sucesi\u00f3n de temporales.<\/p>\n<p>La alerta roja, condici\u00f3n de m\u00e1ximo riesgo, est\u00e1 activada desde primera hora en el litoral cant\u00e1brico y a partir del mediod\u00eda se ha ido extendiendo de manera paulatina al litoral de Pontevedra.<\/p>\n<p>Por ello, la Xunta ha informado de la situaci\u00f3n a los municipios de las provincias afectadas, las diputaciones y servicios de emergencias, mientras reclama prudencia a la poblaci\u00f3n.<\/p>\n<p>Sin embargo y, a pesar de que en el \u00faltimo mes cinco personas han desaparecido arrastradas por la olas, la gente ha seguido acerc\u00e1ndose a los lugares del litoral para ver el embate de las olas en espacios naturales como en el parque de Corrubedo (A Coru\u00f1a).<\/p>\n<p>Este temporal ha obligado a aplazar la visita que el subsecretario del Ministerio del Interior, Luis Aguilera, ten\u00eda previsto realizar hoy a las zonas afectadas de esta comunidad para comprobar los da\u00f1os causados por el mal tiempo estos \u00faltimos d\u00edas.<\/p>\n<p>Otra de las consecuencias del temporal de lluvia, mar de fondo y viento que azota Galicia es el aumento de caudal de los r\u00edos, que en varias zonas de Ourense est\u00e1n en prealerta por riesgo de desbordamiento.<\/p>\n<p>El vicepresidente de la Xunta, Alfonso Rueda, ha se\u00f1alado antes de un acto religioso que se celebra en la catedral de Santiago que el \u00abmayor peligro\u00bb se concentra en el \u00abcaudal que lleva alg\u00fan r\u00edo, especialmente el Mi\u00f1o\u00bb y ha indicado que la Xunta se mantiene a la expectativa, puesto que \u00abtodo va a depender un poco de si sigue lloviendo o no\u00bb.<\/p>\n<p>Durante la noche de hoy el servicio de Emergencias 112 ha registrado m\u00e1s de cien incidencias provocadas por los restos del temporal anterior, la mayor\u00eda de car\u00e1cter menor y causadas por ca\u00edda de ramas, \u00e1rboles y peque\u00f1as inundaciones, sobre todo en localidades de la Costa da Morte.<\/p>\n<p>En Ribadumia (Pontevedra) se produjo la ca\u00edda de un muro del pazo Quinteiro da Cruz sobre una pista y en Calvos de Rand\u00edn (Ourense) se desprendi\u00f3 una parte de un puente en una carretera local.<\/p>\n<p>Y en el corredor del Morrazo, entre Cangas y Vigo, un peque\u00f1o desprendimiento ha provocado dificultades en el tr\u00e1fico. El conselleiro de Medio Ambiente, Agust\u00edn Hern\u00e1ndez, tiene previsto acudir esta tarde a visitar el lugar.<\/p>\n<p>Para la jornada de ma\u00f1ana MeteoGalicia mantiene la alerta roja en el mar durante las horas nocturnas por viento y olas, mientras que a partir de las 9 horas la alerta ser\u00e1 naranja en todo el litoral.<\/p>\n<p>Adem\u00e1s se ha activado la alerta amarilla en toda la Comunidad por lluvias intensas debido al paso de un nuevo frente.<\/p>\n<p>Para el conjunto de la pen\u00ednsula, la Agencia Estatal de Meteorolog\u00eda (Aemet) anuncia para ma\u00f1ana, domingo, vientos fuertes en toda la pen\u00ednsula y Baleares, que ser\u00e1n muy fuertes en el litoral gallego, y lluvias localmente fuertes o persistentes en todo el cuadrante suroccidental y en Galicia.<\/p>\n","protected":false},"excerpt":{"rendered":"<p>Santiago de Compostela, 8 feb (EFE).- Un nuevo temporal afecta hoy a la pen\u00ednsula y ha obligado a la Agencia Estatal de Meteorolog\u00eda (Aemet) a activar el m\u00e1ximo aviso (rojo) en las costas de Asturias, Cantabria y Galicia, donde el viento ha superado ya los 100 kil\u00f3metros por hora y las olas los once metros. [&hellip;]<\/p>\n","protected":false},"author":1,"featured_media":486946,"comment_status":"open","ping_status":"open","sticky":false,"template":"","format":"standard","meta":{"footnotes":""},"categories":[1],"tags":[],"class_list":["post-486945","post","type-post","status-publish","format-standard","has-post-thumbnail","hentry","category-actualidad"],"aioseo_notices":[],"aioseo_head":"\n\t\t<!-- All in One SEO Pro 5.0.1 - aioseo.com -->\n\t<meta name=\"description\" content=\"Santiago de Compostela, 8 feb (EFE).- Un nuevo temporal afecta hoy a la pen\u00ednsula y ha obligado a la Agencia Estatal de Meteorolog\u00eda (Aemet) a activar el m\u00e1ximo aviso (rojo) en las costas de Asturias, Cantabria y Galicia, donde el viento ha superado ya los 100 kil\u00f3metros por hora y las olas los once metros.\" \/>\n\t<meta name=\"robots\" content=\"max-image-preview:large\" \/>\n\t<meta name=\"author\" content=\"El Digital de Asturias\"\/>\n\t<meta name=\"google-site-verification\" content=\"UA-38556648-1\" \/>\n\t<meta name=\"msvalidate.01\" content=\"7dfe9f3f1b24437ab69f4f2559babe99\" \/>\n\t<meta name=\"keywords\" content=\"actualidad\" \/>\n\t<link rel=\"canonical\" href=\"https:\/\/www.eldigitaldeasturias.com\/noticias\/el-temporal-deja-vientos-superiores-a-100-kmh-y-olas-de-11-metros-en-galicia\/\" \/>\n\t<meta name=\"generator\" content=\"All in One SEO Pro (AIOSEO) 5.0.1\" \/>\n\t\t<meta property=\"og:locale\" content=\"es_ES\" \/>\n\t\t<meta property=\"og:site_name\" content=\"El Digital de Asturias\" \/>\n\t\t<meta property=\"og:type\" content=\"article\" \/>\n\t\t<meta property=\"og:title\" content=\"El temporal deja vientos superiores a 100 km\/h y olas de 11 metros en Galicia - El Digital de Asturias\" \/>\n\t\t<meta property=\"og:description\" content=\"Santiago de Compostela, 8 feb (EFE).- Un nuevo temporal afecta hoy a la pen\u00ednsula y ha obligado a la Agencia Estatal de Meteorolog\u00eda (Aemet) a activar el m\u00e1ximo aviso (rojo) en las costas de Asturias, Cantabria y Galicia, donde el viento ha superado ya los 100 kil\u00f3metros por hora y las olas los once metros.\" \/>\n\t\t<meta property=\"og:url\" content=\"https:\/\/www.eldigitaldeasturias.com\/noticias\/el-temporal-deja-vientos-superiores-a-100-kmh-y-olas-de-11-metros-en-galicia\/\" \/>\n\t\t<meta property=\"article:tag\" content=\"actualidad\" \/>\n\t\t<meta property=\"article:published_time\" content=\"2014-02-08T22:32:57+00:00\" \/>\n\t\t<meta property=\"article:modified_time\" content=\"2014-02-08T22:32:57+00:00\" \/>\n\t\t<meta property=\"article:publisher\" content=\"https:\/\/facebook.com\/eldigitaldeasturias\" \/>\n\t\t<meta name=\"twitter:card\" content=\"summary_large_image\" \/>\n\t\t<meta name=\"twitter:title\" content=\"El temporal deja vientos superiores a 100 km\/h y olas de 11 metros en Galicia - El Digital de Asturias\" \/>\n\t\t<meta name=\"twitter:description\" content=\"Santiago de Compostela, 8 feb (EFE).- Un nuevo temporal afecta hoy a la pen\u00ednsula y ha obligado a la Agencia Estatal de Meteorolog\u00eda (Aemet) a activar el m\u00e1ximo aviso (rojo) en las costas de Asturias, Cantabria y Galicia, donde el viento ha superado ya los 100 kil\u00f3metros por hora y las olas los once metros.\" \/>\n\t\t<meta name=\"twitter:label1\" content=\"Escrito por\" \/>\n\t\t<meta name=\"twitter:data1\" content=\"El Digital de Asturias\" \/>\n\t\t<meta name=\"twitter:label2\" content=\"Tiempo de lectura estimado\" \/>\n\t\t<meta name=\"twitter:data2\" content=\"3 minutos\" \/>\n\t\t<script type=\"application\/ld+json\" class=\"aioseo-schema\">\n\t\t\t{\"@context\":\"https:\\\/\\\/schema.org\",\"@graph\":[{\"@type\":\"BlogPosting\",\"@id\":\"https:\\\/\\\/www.eldigitaldeasturias.com\\\/noticias\\\/el-temporal-deja-vientos-superiores-a-100-kmh-y-olas-de-11-metros-en-galicia\\\/#blogposting\",\"name\":\"El temporal deja vientos superiores a 100 km\\\/h y olas de 11 metros en Galicia - El Digital de Asturias\",\"headline\":\"El temporal deja vientos superiores a 100 km\\\/h y olas de 11 metros en Galicia\",\"author\":{\"@id\":\"https:\\\/\\\/www.eldigitaldeasturias.com\\\/noticias\\\/author\\\/admin\\\/#author\"},\"publisher\":{\"@id\":\"https:\\\/\\\/www.eldigitaldeasturias.com\\\/noticias\\\/#organization\"},\"image\":{\"@type\":\"ImageObject\",\"url\":486946},\"datePublished\":\"2014-02-08T21:32:57+01:00\",\"dateModified\":\"2014-02-08T21:32:57+01:00\",\"inLanguage\":\"es-ES\",\"mainEntityOfPage\":{\"@id\":\"https:\\\/\\\/www.eldigitaldeasturias.com\\\/noticias\\\/el-temporal-deja-vientos-superiores-a-100-kmh-y-olas-de-11-metros-en-galicia\\\/#webpage\"},\"isPartOf\":{\"@id\":\"https:\\\/\\\/www.eldigitaldeasturias.com\\\/noticias\\\/el-temporal-deja-vientos-superiores-a-100-kmh-y-olas-de-11-metros-en-galicia\\\/#webpage\"},\"articleSection\":\"Actualidad\"},{\"@type\":\"BreadcrumbList\",\"@id\":\"https:\\\/\\\/www.eldigitaldeasturias.com\\\/noticias\\\/el-temporal-deja-vientos-superiores-a-100-kmh-y-olas-de-11-metros-en-galicia\\\/#breadcrumblist\",\"itemListElement\":[{\"@type\":\"ListItem\",\"@id\":\"https:\\\/\\\/www.eldigitaldeasturias.com\\\/noticias#listItem\",\"position\":1,\"name\":\"Home\",\"item\":\"https:\\\/\\\/www.eldigitaldeasturias.com\\\/noticias\",\"nextItem\":{\"@type\":\"ListItem\",\"@id\":\"https:\\\/\\\/www.eldigitaldeasturias.com\\\/noticias\\\/category\\\/actualidad\\\/#listItem\",\"name\":\"Actualidad\"}},{\"@type\":\"ListItem\",\"@id\":\"https:\\\/\\\/www.eldigitaldeasturias.com\\\/noticias\\\/category\\\/actualidad\\\/#listItem\",\"position\":2,\"name\":\"Actualidad\",\"item\":\"https:\\\/\\\/www.eldigitaldeasturias.com\\\/noticias\\\/category\\\/actualidad\\\/\",\"nextItem\":{\"@type\":\"ListItem\",\"@id\":\"https:\\\/\\\/www.eldigitaldeasturias.com\\\/noticias\\\/el-temporal-deja-vientos-superiores-a-100-kmh-y-olas-de-11-metros-en-galicia\\\/#listItem\",\"name\":\"El temporal deja vientos superiores a 100 km\\\/h y olas de 11 metros en Galicia\"},\"previousItem\":{\"@type\":\"ListItem\",\"@id\":\"https:\\\/\\\/www.eldigitaldeasturias.com\\\/noticias#listItem\",\"name\":\"Home\"}},{\"@type\":\"ListItem\",\"@id\":\"https:\\\/\\\/www.eldigitaldeasturias.com\\\/noticias\\\/el-temporal-deja-vientos-superiores-a-100-kmh-y-olas-de-11-metros-en-galicia\\\/#listItem\",\"position\":3,\"name\":\"El temporal deja vientos superiores a 100 km\\\/h y olas de 11 metros en Galicia\",\"previousItem\":{\"@type\":\"ListItem\",\"@id\":\"https:\\\/\\\/www.eldigitaldeasturias.com\\\/noticias\\\/category\\\/actualidad\\\/#listItem\",\"name\":\"Actualidad\"}}]},{\"@type\":\"Organization\",\"@id\":\"https:\\\/\\\/www.eldigitaldeasturias.com\\\/noticias\\\/#organization\",\"name\":\"El Digital de Asturias\",\"description\":\"Hemeroteca\",\"url\":\"https:\\\/\\\/www.eldigitaldeasturias.com\\\/noticias\\\/\",\"email\":\"info@eldigitaldeasturias.com\",\"telephone\":\"+34652131393\",\"logo\":{\"@type\":\"ImageObject\",\"url\":\"https:\\\/\\\/www.eldigitaldeasturias.com\\\/noticias\\\/wp-content\\\/uploads\\\/2020\\\/12\\\/EDA.jpg\",\"@id\":\"https:\\\/\\\/www.eldigitaldeasturias.com\\\/noticias\\\/el-temporal-deja-vientos-superiores-a-100-kmh-y-olas-de-11-metros-en-galicia\\\/#organizationLogo\"},\"image\":{\"@id\":\"https:\\\/\\\/www.eldigitaldeasturias.com\\\/noticias\\\/el-temporal-deja-vientos-superiores-a-100-kmh-y-olas-de-11-metros-en-galicia\\\/#organizationLogo\"},\"sameAs\":[\"https:\\\/\\\/facebook.com\\\/eldigitaldeasturias\",\"https:\\\/\\\/www.youtube.com\\\/channel\\\/UCZP-2wLEB9Rv6erhFmqVnvg\"],\"address\":{\"@id\":\"https:\\\/\\\/www.eldigitaldeasturias.com\\\/noticias\\\/#postaladdress\",\"@type\":\"PostalAddress\",\"streetAddress\":\"san antonio 4\",\"postalCode\":\"33430\",\"addressLocality\":\"Cand\\u00e1s\",\"addressRegion\":\"Asturias\",\"addressCountry\":\"ES\"}},{\"@type\":\"Person\",\"@id\":\"https:\\\/\\\/www.eldigitaldeasturias.com\\\/noticias\\\/author\\\/admin\\\/#author\",\"url\":\"https:\\\/\\\/www.eldigitaldeasturias.com\\\/noticias\\\/author\\\/admin\\\/\",\"name\":\"El Digital de Asturias\",\"image\":{\"@type\":\"ImageObject\",\"@id\":\"https:\\\/\\\/www.eldigitaldeasturias.com\\\/noticias\\\/el-temporal-deja-vientos-superiores-a-100-kmh-y-olas-de-11-metros-en-galicia\\\/#authorImage\",\"url\":\"https:\\\/\\\/secure.gravatar.com\\\/avatar\\\/df2aeffc32bcd13f8d26072ef8a91b623d677766deac7f97ca815868cd41bf5e?s=96&d=mm&r=g\",\"width\":96,\"height\":96,\"caption\":\"El Digital de Asturias\"}},{\"@type\":\"WebPage\",\"@id\":\"https:\\\/\\\/www.eldigitaldeasturias.com\\\/noticias\\\/el-temporal-deja-vientos-superiores-a-100-kmh-y-olas-de-11-metros-en-galicia\\\/#webpage\",\"url\":\"https:\\\/\\\/www.eldigitaldeasturias.com\\\/noticias\\\/el-temporal-deja-vientos-superiores-a-100-kmh-y-olas-de-11-metros-en-galicia\\\/\",\"name\":\"El temporal deja vientos superiores a 100 km\\\/h y olas de 11 metros en Galicia - El Digital de Asturias\",\"description\":\"Santiago de Compostela, 8 feb (EFE).- Un nuevo temporal afecta hoy a la pen\\u00ednsula y ha obligado a la Agencia Estatal de Meteorolog\\u00eda (Aemet) a activar el m\\u00e1ximo aviso (rojo) en las costas de Asturias, Cantabria y Galicia, donde el viento ha superado ya los 100 kil\\u00f3metros por hora y las olas los once metros.\",\"inLanguage\":\"es-ES\",\"isPartOf\":{\"@id\":\"https:\\\/\\\/www.eldigitaldeasturias.com\\\/noticias\\\/#website\"},\"breadcrumb\":{\"@id\":\"https:\\\/\\\/www.eldigitaldeasturias.com\\\/noticias\\\/el-temporal-deja-vientos-superiores-a-100-kmh-y-olas-de-11-metros-en-galicia\\\/#breadcrumblist\"},\"author\":{\"@id\":\"https:\\\/\\\/www.eldigitaldeasturias.com\\\/noticias\\\/author\\\/admin\\\/#author\"},\"creator\":{\"@id\":\"https:\\\/\\\/www.eldigitaldeasturias.com\\\/noticias\\\/author\\\/admin\\\/#author\"},\"image\":{\"@type\":\"ImageObject\",\"url\":486946,\"@id\":\"https:\\\/\\\/www.eldigitaldeasturias.com\\\/noticias\\\/el-temporal-deja-vientos-superiores-a-100-kmh-y-olas-de-11-metros-en-galicia\\\/#mainImage\"},\"primaryImageOfPage\":{\"@id\":\"https:\\\/\\\/www.eldigitaldeasturias.com\\\/noticias\\\/el-temporal-deja-vientos-superiores-a-100-kmh-y-olas-de-11-metros-en-galicia\\\/#mainImage\"},\"datePublished\":\"2014-02-08T21:32:57+01:00\",\"dateModified\":\"2014-02-08T21:32:57+01:00\"},{\"@type\":\"WebSite\",\"@id\":\"https:\\\/\\\/www.eldigitaldeasturias.com\\\/noticias\\\/#website\",\"url\":\"https:\\\/\\\/www.eldigitaldeasturias.com\\\/noticias\\\/\",\"name\":\"El Digital de Asturias - Diario de actualidad y noticias\",\"alternateName\":\"El Digital de Asturias - Diario de actualidad y noticias\",\"description\":\"Hemeroteca\",\"inLanguage\":\"es-ES\",\"publisher\":{\"@id\":\"https:\\\/\\\/www.eldigitaldeasturias.com\\\/noticias\\\/#organization\"}}]}\n\t\t<\/script>\n\t\t<!-- All in One SEO Pro -->\r\n\t\t<title>El temporal deja vientos superiores a 100 km\/h y olas de 11 metros en Galicia - El Digital de Asturias<\/title>\n\n","aioseo_head_json":{"title":"El temporal deja vientos superiores a 100 km\/h y olas de 11 metros en Galicia - El Digital de Asturias","description":"Santiago de Compostela, 8 feb (EFE).- Un nuevo temporal afecta hoy a la pen\u00ednsula y ha obligado a la Agencia Estatal de Meteorolog\u00eda (Aemet) a activar el m\u00e1ximo aviso (rojo) en las costas de Asturias, Cantabria y Galicia, donde el viento ha superado ya los 100 kil\u00f3metros por hora y las olas los once metros.","canonical_url":"https:\/\/www.eldigitaldeasturias.com\/noticias\/el-temporal-deja-vientos-superiores-a-100-kmh-y-olas-de-11-metros-en-galicia\/","robots":"max-image-preview:large","keywords":"actualidad","webmasterTools":{"google-site-verification":"UA-38556648-1","msvalidate.01":"7dfe9f3f1b24437ab69f4f2559babe99","miscellaneous":""},"schema":{"@context":"https:\/\/schema.org","@graph":[{"@type":"BlogPosting","@id":"https:\/\/www.eldigitaldeasturias.com\/noticias\/el-temporal-deja-vientos-superiores-a-100-kmh-y-olas-de-11-metros-en-galicia\/#blogposting","name":"El temporal deja vientos superiores a 100 km\/h y olas de 11 metros en Galicia - El Digital de Asturias","headline":"El temporal deja vientos superiores a 100 km\/h y olas de 11 metros en Galicia","author":{"@id":"https:\/\/www.eldigitaldeasturias.com\/noticias\/author\/admin\/#author"},"publisher":{"@id":"https:\/\/www.eldigitaldeasturias.com\/noticias\/#organization"},"image":{"@type":"ImageObject","url":486946},"datePublished":"2014-02-08T21:32:57+01:00","dateModified":"2014-02-08T21:32:57+01:00","inLanguage":"es-ES","mainEntityOfPage":{"@id":"https:\/\/www.eldigitaldeasturias.com\/noticias\/el-temporal-deja-vientos-superiores-a-100-kmh-y-olas-de-11-metros-en-galicia\/#webpage"},"isPartOf":{"@id":"https:\/\/www.eldigitaldeasturias.com\/noticias\/el-temporal-deja-vientos-superiores-a-100-kmh-y-olas-de-11-metros-en-galicia\/#webpage"},"articleSection":"Actualidad"},{"@type":"BreadcrumbList","@id":"https:\/\/www.eldigitaldeasturias.com\/noticias\/el-temporal-deja-vientos-superiores-a-100-kmh-y-olas-de-11-metros-en-galicia\/#breadcrumblist","itemListElement":[{"@type":"ListItem","@id":"https:\/\/www.eldigitaldeasturias.com\/noticias#listItem","position":1,"name":"Home","item":"https:\/\/www.eldigitaldeasturias.com\/noticias","nextItem":{"@type":"ListItem","@id":"https:\/\/www.eldigitaldeasturias.com\/noticias\/category\/actualidad\/#listItem","name":"Actualidad"}},{"@type":"ListItem","@id":"https:\/\/www.eldigitaldeasturias.com\/noticias\/category\/actualidad\/#listItem","position":2,"name":"Actualidad","item":"https:\/\/www.eldigitaldeasturias.com\/noticias\/category\/actualidad\/","nextItem":{"@type":"ListItem","@id":"https:\/\/www.eldigitaldeasturias.com\/noticias\/el-temporal-deja-vientos-superiores-a-100-kmh-y-olas-de-11-metros-en-galicia\/#listItem","name":"El temporal deja vientos superiores a 100 km\/h y olas de 11 metros en Galicia"},"previousItem":{"@type":"ListItem","@id":"https:\/\/www.eldigitaldeasturias.com\/noticias#listItem","name":"Home"}},{"@type":"ListItem","@id":"https:\/\/www.eldigitaldeasturias.com\/noticias\/el-temporal-deja-vientos-superiores-a-100-kmh-y-olas-de-11-metros-en-galicia\/#listItem","position":3,"name":"El temporal deja vientos superiores a 100 km\/h y olas de 11 metros en Galicia","previousItem":{"@type":"ListItem","@id":"https:\/\/www.eldigitaldeasturias.com\/noticias\/category\/actualidad\/#listItem","name":"Actualidad"}}]},{"@type":"Organization","@id":"https:\/\/www.eldigitaldeasturias.com\/noticias\/#organization","name":"El Digital de Asturias","description":"Hemeroteca","url":"https:\/\/www.eldigitaldeasturias.com\/noticias\/","email":"info@eldigitaldeasturias.com","telephone":"+34652131393","logo":{"@type":"ImageObject","url":"https:\/\/www.eldigitaldeasturias.com\/noticias\/wp-content\/uploads\/2020\/12\/EDA.jpg","@id":"https:\/\/www.eldigitaldeasturias.com\/noticias\/el-temporal-deja-vientos-superiores-a-100-kmh-y-olas-de-11-metros-en-galicia\/#organizationLogo"},"image":{"@id":"https:\/\/www.eldigitaldeasturias.com\/noticias\/el-temporal-deja-vientos-superiores-a-100-kmh-y-olas-de-11-metros-en-galicia\/#organizationLogo"},"sameAs":["https:\/\/facebook.com\/eldigitaldeasturias","https:\/\/www.youtube.com\/channel\/UCZP-2wLEB9Rv6erhFmqVnvg"],"address":{"@id":"https:\/\/www.eldigitaldeasturias.com\/noticias\/#postaladdress","@type":"PostalAddress","streetAddress":"san antonio 4","postalCode":"33430","addressLocality":"Cand\u00e1s","addressRegion":"Asturias","addressCountry":"ES"}},{"@type":"Person","@id":"https:\/\/www.eldigitaldeasturias.com\/noticias\/author\/admin\/#author","url":"https:\/\/www.eldigitaldeasturias.com\/noticias\/author\/admin\/","name":"El Digital de Asturias","image":{"@type":"ImageObject","@id":"https:\/\/www.eldigitaldeasturias.com\/noticias\/el-temporal-deja-vientos-superiores-a-100-kmh-y-olas-de-11-metros-en-galicia\/#authorImage","url":"https:\/\/secure.gravatar.com\/avatar\/df2aeffc32bcd13f8d26072ef8a91b623d677766deac7f97ca815868cd41bf5e?s=96&d=mm&r=g","width":96,"height":96,"caption":"El Digital de Asturias"}},{"@type":"WebPage","@id":"https:\/\/www.eldigitaldeasturias.com\/noticias\/el-temporal-deja-vientos-superiores-a-100-kmh-y-olas-de-11-metros-en-galicia\/#webpage","url":"https:\/\/www.eldigitaldeasturias.com\/noticias\/el-temporal-deja-vientos-superiores-a-100-kmh-y-olas-de-11-metros-en-galicia\/","name":"El temporal deja vientos superiores a 100 km\/h y olas de 11 metros en Galicia - El Digital de Asturias","description":"Santiago de Compostela, 8 feb (EFE).- Un nuevo temporal afecta hoy a la pen\u00ednsula y ha obligado a la Agencia Estatal de Meteorolog\u00eda (Aemet) a activar el m\u00e1ximo aviso (rojo) en las costas de Asturias, Cantabria y Galicia, donde el viento ha superado ya los 100 kil\u00f3metros por hora y las olas los once metros.","inLanguage":"es-ES","isPartOf":{"@id":"https:\/\/www.eldigitaldeasturias.com\/noticias\/#website"},"breadcrumb":{"@id":"https:\/\/www.eldigitaldeasturias.com\/noticias\/el-temporal-deja-vientos-superiores-a-100-kmh-y-olas-de-11-metros-en-galicia\/#breadcrumblist"},"author":{"@id":"https:\/\/www.eldigitaldeasturias.com\/noticias\/author\/admin\/#author"},"creator":{"@id":"https:\/\/www.eldigitaldeasturias.com\/noticias\/author\/admin\/#author"},"image":{"@type":"ImageObject","url":486946,"@id":"https:\/\/www.eldigitaldeasturias.com\/noticias\/el-temporal-deja-vientos-superiores-a-100-kmh-y-olas-de-11-metros-en-galicia\/#mainImage"},"primaryImageOfPage":{"@id":"https:\/\/www.eldigitaldeasturias.com\/noticias\/el-temporal-deja-vientos-superiores-a-100-kmh-y-olas-de-11-metros-en-galicia\/#mainImage"},"datePublished":"2014-02-08T21:32:57+01:00","dateModified":"2014-02-08T21:32:57+01:00"},{"@type":"WebSite","@id":"https:\/\/www.eldigitaldeasturias.com\/noticias\/#website","url":"https:\/\/www.eldigitaldeasturias.com\/noticias\/","name":"El Digital de Asturias - Diario de actualidad y noticias","alternateName":"El Digital de Asturias - Diario de actualidad y noticias","description":"Hemeroteca","inLanguage":"es-ES","publisher":{"@id":"https:\/\/www.eldigitaldeasturias.com\/noticias\/#organization"}}]},"og:locale":"es_ES","og:site_name":"El Digital de Asturias","og:type":"article","og:title":"El temporal deja vientos superiores a 100 km\/h y olas de 11 metros en Galicia - El Digital de Asturias","og:description":"Santiago de Compostela, 8 feb (EFE).- Un nuevo temporal afecta hoy a la pen\u00ednsula y ha obligado a la Agencia Estatal de Meteorolog\u00eda (Aemet) a activar el m\u00e1ximo aviso (rojo) en las costas de Asturias, Cantabria y Galicia, donde el viento ha superado ya los 100 kil\u00f3metros por hora y las olas los once metros.","og:url":"https:\/\/www.eldigitaldeasturias.com\/noticias\/el-temporal-deja-vientos-superiores-a-100-kmh-y-olas-de-11-metros-en-galicia\/","article:tag":["actualidad"],"article:published_time":"2014-02-08T22:32:57+00:00","article:modified_time":"2014-02-08T22:32:57+00:00","article:publisher":"https:\/\/facebook.com\/eldigitaldeasturias","twitter:card":"summary_large_image","twitter:title":"El temporal deja vientos superiores a 100 km\/h y olas de 11 metros en Galicia - El Digital de Asturias","twitter:description":"Santiago de Compostela, 8 feb (EFE).- Un nuevo temporal afecta hoy a la pen\u00ednsula y ha obligado a la Agencia Estatal de Meteorolog\u00eda (Aemet) a activar el m\u00e1ximo aviso (rojo) en las costas de Asturias, Cantabria y Galicia, donde el viento ha superado ya los 100 kil\u00f3metros por hora y las olas los once metros.","twitter:label1":"Escrito por","twitter:data1":"El Digital de Asturias","twitter:label2":"Tiempo de lectura estimado","twitter:data2":"3 minutos"},"aioseo_meta_data":{"post_id":"486945","title":null,"description":null,"keywords":null,"keyphrases":null,"primary_term":null,"canonical_url":null,"og_title":null,"og_description":null,"og_object_type":"default","og_image_type":"default","og_image_url":null,"og_image_width":null,"og_image_height":null,"og_image_custom_url":null,"og_image_custom_fields":null,"og_video":null,"og_custom_url":null,"og_article_section":null,"og_article_tags":null,"twitter_use_og":true,"twitter_card":"default","twitter_image_type":"default","twitter_image_url":null,"twitter_image_custom_url":null,"twitter_image_custom_fields":null,"twitter_title":null,"twitter_description":null,"schema":{"blockGraphs":[],"customGraphs":[],"default":{"data":{"Article":[],"Course":[],"Dataset":[],"FAQPage":[],"Movie":[],"Person":[],"Product":[],"ProductReview":[],"Car":[],"Recipe":[],"Service":[],"SoftwareApplication":[],"WebPage":[]},"graphName":"","isEnabled":true},"graphs":[],"defaultGraph":"","defaultPostTypeGraph":""},"schema_type":null,"schema_type_options":null,"pillar_content":false,"robots_default":true,"robots_noindex":false,"robots_noarchive":false,"robots_nosnippet":false,"robots_nofollow":false,"robots_noimageindex":false,"robots_noodp":false,"robots_notranslate":false,"robots_max_snippet":null,"robots_max_videopreview":null,"robots_max_imagepreview":"none","priority":null,"frequency":null,"local_seo":null,"seo_analyzer_scan_date":"2026-06-03 03:08:51","breadcrumb_settings":null,"limit_modified_date":false,"open_ai":null,"ai":null,"created":"2020-11-14 22:56:17","updated":"2026-06-03 03:08:51","focus_keyword":null,"additional_keywords":null,"truseo_locale":null},"aioseo_breadcrumb":"<div class=\"aioseo-breadcrumbs\"><span class=\"aioseo-breadcrumb\">\n\t<a href=\"https:\/\/www.eldigitaldeasturias.com\/noticias\" title=\"Home\">Home<\/a>\n<\/span><span class=\"aioseo-breadcrumb-separator\">\u2013<\/span><span class=\"aioseo-breadcrumb\">\n\t<a href=\"https:\/\/www.eldigitaldeasturias.com\/noticias\/category\/actualidad\/\" title=\"Actualidad\">Actualidad<\/a>\n<\/span><span class=\"aioseo-breadcrumb-separator\">\u2013<\/span><span class=\"aioseo-breadcrumb\">\n\t<a href=\"https:\/\/www.eldigitaldeasturias.com\/noticias\/el-temporal-deja-vientos-superiores-a-100-kmh-y-olas-de-11-metros-en-galicia\/\" title=\"El temporal deja vientos superiores a 100 km\/h y olas de 11 metros en Galicia\">El temporal deja vientos superiores a 100 km\/h y olas de 11 metros en Galicia<\/a>\n<\/span><\/div>","aioseo_breadcrumb_json":[{"label":"Home","link":"https:\/\/www.eldigitaldeasturias.com\/noticias"},{"label":"Actualidad","link":"https:\/\/www.eldigitaldeasturias.com\/noticias\/category\/actualidad\/"},{"label":"El temporal deja vientos superiores a 100 km\/h y olas de 11 metros en Galicia","link":"https:\/\/www.eldigitaldeasturias.com\/noticias\/el-temporal-deja-vientos-superiores-a-100-kmh-y-olas-de-11-metros-en-galicia\/"}],"_links":{"self":[{"href":"https:\/\/www.eldigitaldeasturias.com\/noticias\/wp-json\/wp\/v2\/posts\/486945","targetHints":{"allow":["GET"]}}],"collection":[{"href":"https:\/\/www.eldigitaldeasturias.com\/noticias\/wp-json\/wp\/v2\/posts"}],"about":[{"href":"https:\/\/www.eldigitaldeasturias.com\/noticias\/wp-json\/wp\/v2\/types\/post"}],"author":[{"embeddable":true,"href":"https:\/\/www.eldigitaldeasturias.com\/noticias\/wp-json\/wp\/v2\/users\/1"}],"replies":[{"embeddable":true,"href":"https:\/\/www.eldigitaldeasturias.com\/noticias\/wp-json\/wp\/v2\/comments?post=486945"}],"version-history":[{"count":0,"href":"https:\/\/www.eldigitaldeasturias.com\/noticias\/wp-json\/wp\/v2\/posts\/486945\/revisions"}],"wp:attachment":[{"href":"https:\/\/www.eldigitaldeasturias.com\/noticias\/wp-json\/wp\/v2\/media?parent=486945"}],"wp:term":[{"taxonomy":"category","embeddable":true,"href":"https:\/\/www.eldigitaldeasturias.com\/noticias\/wp-json\/wp\/v2\/categories?post=486945"},{"taxonomy":"post_tag","embeddable":true,"href":"https:\/\/www.eldigitaldeasturias.com\/noticias\/wp-json\/wp\/v2\/tags?post=486945"}],"curies":[{"name":"wp","href":"https:\/\/api.w.org\/{rel}","templated":true}]}}