{"id":486942,"date":"2014-02-08T21:30:36","date_gmt":"2014-02-08T22:30:36","guid":{"rendered":"http:\/\/www.eldigitaldeasturias.com\/noticias\/?p=486942"},"modified":"2014-02-08T21:30:36","modified_gmt":"2014-02-08T22:30:36","slug":"patronal-venezolana-se-considera-blanco-facil-para-los-ataques-del-gobierno","status":"publish","type":"post","link":"https:\/\/www.eldigitaldeasturias.com\/noticias\/patronal-venezolana-se-considera-blanco-facil-para-los-ataques-del-gobierno\/","title":{"rendered":"Patronal venezolana se considera \u00abblanco f\u00e1cil\u00bb para los \u00abataques\u00bb del Gobierno"},"content":{"rendered":"<p><img loading=\"lazy\" decoding=\"async\" class=\"alignleft size-medium wp-image-486943\" alt=\"5924165w\" src=\"https:\/\/www.eldigitaldeasturias.com\/noticias\/wp-content\/uploads\/2014\/02\/5924165w-360x239.jpg\" width=\"360\" height=\"239\" \/>Caracas, 8 feb (EFE).- El presidente de la mayor patronal venezolana, Fedec\u00e1maras, Jorge Roig, considera que la instituci\u00f3n es un \u00abblanco f\u00e1cil\u00bb de los \u00abataques\u00bb del Gobierno y es utilizada para \u00abecharle la culpa\u00bb de los problemas econ\u00f3micos en los que est\u00e1 sumergida la econom\u00eda del pa\u00eds.<\/p>\n<p>En una entrevista con Efe, Roig indic\u00f3 que en los \u00faltimas a\u00f1os han desaparecido alrededor de 4.000 industrias, muchas de las expropiaciones que han sufrido miembros de la organizaci\u00f3n no han sido pagadas y que la Ley de Precios Justos aprobada por Maduro busca un \u00abandamiaje legal\u00bb para continuar con esta pol\u00edtica.<\/p>\n<p>\u00abQuiero pensar que el Gobierno no tiene a quien echarle la culpa porque, normalmente, en un Gobierno es una pr\u00e1ctica com\u00fan echarle la culpa al gobierno anterior\u00bb, indic\u00f3 Roig, al referirse a las continuas acusaciones que hace el Gobierno contra \u00e9l y contra Fedec\u00e1maras como culpables de los problemas econ\u00f3micos de Venezuela.<\/p>\n<p>Para \u00e9l, desde hace poco m\u00e1s de siete meses jefe del organismo que forman las 280 c\u00e1maras, el Ejecutivo no puede \u00abni siquiera\u00bb reconocer el \u00abm\u00ednimo error\u00bb del modelo econ\u00f3mico que impuls\u00f3 Ch\u00e1vez y \u00abeso es una tragedia para este Gobierno\u00bb.<\/p>\n<p>La econom\u00eda venezolana finaliz\u00f3 2013 con una inflaci\u00f3n que super\u00f3 el 56%, graves problemas con el desabastecimiento de productos, una ralentizaci\u00f3n de la econom\u00eda y una amplia brecha entre el tipo de cambio oficial, que establece el Ejecutivo, y el ilegal paralelo.<\/p>\n<p>Fedec\u00e1maras, y en particular Roig, han sido acusados por el presidente, Nicol\u00e1s Maduro, de realizar una \u00abguerra econ\u00f3mica\u00bb contra su Gobierno y de pretender desestabilizar el pa\u00eds y promover su salida del cargo.<\/p>\n<p>\u00abTodo lo que sea bueno para Venezuela es malo para ellos, y todo lo que sea malo para Venezuela es bueno para ellos, una f\u00f3rmula m\u00e1gica de la maldad, de la trilog\u00eda del mal, Fedec\u00e1maras, Consecomercio y Venamcham, les llegar\u00e1 su hora\u00bb, dijo el jueves Maduro durante un Consejo de Ministros transmitido por televisi\u00f3n.<\/p>\n<p>Maduro respondi\u00f3 as\u00ed a la intenci\u00f3n de Fedec\u00e1maras de presentar ante el Tribunal Supremo de Justicia (TSJ) en los pr\u00f3ximos d\u00edas una demanda de nulidad de la Ley de Precios Justos, aprobada recientemente y que fija ganancias m\u00e1ximas del 30% sobre los productos y penas de hasta 14 a\u00f1os para los acaparadores.<\/p>\n<p>\u00abNo ha sido consultada la iniciativa privada para nada y el hecho de abolir las libertades, como se establece y se consagran en la Constituci\u00f3n, de que hay libertad econ\u00f3mica (&#8230;) ya atenta contra cualquier tipo de libertad econ\u00f3mica\u00bb, dijo para argumentar la demanda.<\/p>\n<p>Esta norma \u00abdeclara de utilidad p\u00fablica todas las empresas del pa\u00eds sin excepci\u00f3n (&#8230;) es decir desde el m\u00e1s peque\u00f1o (&#8230;) hasta en este momento la empresa m\u00e1s grande del pa\u00eds\u00bb, a\u00f1adi\u00f3.<\/p>\n<p>Para Roig, lo que pretende el Ejecutivo es un \u00abandamiaje legal\u00bb para poder \u00abconfiscar, expropiar, intervenir empresas\u00bb, amparados en una ley para la que los comercios tienen hasta el lunes para acoplarse bajo amenaza presidencial de expropiaci\u00f3n.<\/p>\n<p>Desde 1998 hasta 2013, afirm\u00f3, las empresas expropiadas de los sectores que controla Fedec\u00e1maras fueron 1.190 y en el \u00ab95% de los casos no se ha pagado\u00bb compensaci\u00f3n.<\/p>\n<p>Para tratar de reducir los complicados n\u00fameros que arrojan algunos \u00edndices econ\u00f3micos venezolanos, desde Fedec\u00e1maras mantienen haber realizado varias propuestas, como el aumento del precio de la gasolina, la m\u00e1s barata del mundo, o una nueva devaluaci\u00f3n del bol\u00edvar, la moneda local.<\/p>\n<p>\u00abHay que tomar una medicina completa para ponernos de una vez morados y no ponernos rojos todos los d\u00edas\u00bb, se\u00f1al\u00f3 sobre el alcance que deber\u00edan de tener las medidas.<\/p>\n<p>\u00abNosotros no somos Gobierno y basta que lo proponga Fedec\u00e1maras para que el Gobierno no las haga\u00bb, reconoci\u00f3 sobre su capacidad de influencia y la distancia que existe actualmente entre el Ejecutivo y la instituci\u00f3n empresarial.<\/p>\n<p>Roig reconoci\u00f3 que, debido a las decisiones de Fedec\u00e1maras durante el fallido golpe de Estado contra Hugo Ch\u00e1vez es \u00abrelativamente sencillo\u00bb atribuirle los \u00abmales\u00bb por los que atraviesa la econom\u00eda venezolana.<\/p>\n<p>En abril de 2002, y durante unas horas tras un fallido golpe de Estado contra Ch\u00e1vez, el entonces m\u00e1ximo mandatario de Fedec\u00e1maras, Pedro Carmona, fue proclamado presidente de Venezuela, una decisi\u00f3n que ha ensombrecido la figura de la patronal.<\/p>\n<p>\u00abLos que estamos aqu\u00ed en este momento pensamos absolutamente diferente sobre el papel que tiene que jugar nuestra organizaci\u00f3n, pero por m\u00e1s esfuerzo que hacemos, el Gobierno ha encontrado un blanco f\u00e1cil para seguir atac\u00e1ndonos\u00bb, afirm\u00f3.<\/p>\n","protected":false},"excerpt":{"rendered":"<p>Caracas, 8 feb (EFE).- El presidente de la mayor patronal venezolana, Fedec\u00e1maras, Jorge Roig, considera que la instituci\u00f3n es un \u00abblanco f\u00e1cil\u00bb de los \u00abataques\u00bb del Gobierno y es utilizada para \u00abecharle la culpa\u00bb de los problemas econ\u00f3micos en los que est\u00e1 sumergida la econom\u00eda del pa\u00eds. En una entrevista con Efe, Roig indic\u00f3 que [&hellip;]<\/p>\n","protected":false},"author":1,"featured_media":486943,"comment_status":"open","ping_status":"open","sticky":false,"template":"","format":"standard","meta":{"footnotes":""},"categories":[1],"tags":[],"class_list":["post-486942","post","type-post","status-publish","format-standard","has-post-thumbnail","hentry","category-actualidad"],"aioseo_notices":[],"aioseo_head":"\n\t\t<!-- All in One SEO Pro 5.0.1 - aioseo.com -->\n\t<meta name=\"description\" content=\"Caracas, 8 feb (EFE).- El presidente de la mayor patronal venezolana, Fedec\u00e1maras, Jorge Roig, considera que la instituci\u00f3n es un &quot;blanco f\u00e1cil&quot; de los &quot;ataques&quot; del Gobierno y es utilizada para &quot;echarle la culpa&quot; de los problemas econ\u00f3micos en los que est\u00e1 sumergida la econom\u00eda del pa\u00eds. En una entrevista con Efe, Roig indic\u00f3 que\" \/>\n\t<meta name=\"robots\" content=\"max-image-preview:large\" \/>\n\t<meta name=\"author\" content=\"El Digital de Asturias\"\/>\n\t<meta name=\"google-site-verification\" content=\"UA-38556648-1\" \/>\n\t<meta name=\"msvalidate.01\" content=\"7dfe9f3f1b24437ab69f4f2559babe99\" \/>\n\t<meta name=\"keywords\" content=\"actualidad\" \/>\n\t<link rel=\"canonical\" href=\"https:\/\/www.eldigitaldeasturias.com\/noticias\/patronal-venezolana-se-considera-blanco-facil-para-los-ataques-del-gobierno\/\" \/>\n\t<meta name=\"generator\" content=\"All in One SEO Pro (AIOSEO) 5.0.1\" \/>\n\t\t<meta property=\"og:locale\" content=\"es_ES\" \/>\n\t\t<meta property=\"og:site_name\" content=\"El Digital de Asturias\" \/>\n\t\t<meta property=\"og:type\" content=\"article\" \/>\n\t\t<meta property=\"og:title\" content=\"Patronal venezolana se considera \u00abblanco f\u00e1cil\u00bb para los \u00abataques\u00bb del Gobierno - El Digital de Asturias\" \/>\n\t\t<meta property=\"og:description\" content=\"Caracas, 8 feb (EFE).- El presidente de la mayor patronal venezolana, Fedec\u00e1maras, Jorge Roig, considera que la instituci\u00f3n es un &quot;blanco f\u00e1cil&quot; de los &quot;ataques&quot; del Gobierno y es utilizada para &quot;echarle la culpa&quot; de los problemas econ\u00f3micos en los que est\u00e1 sumergida la econom\u00eda del pa\u00eds. En una entrevista con Efe, Roig indic\u00f3 que\" \/>\n\t\t<meta property=\"og:url\" content=\"https:\/\/www.eldigitaldeasturias.com\/noticias\/patronal-venezolana-se-considera-blanco-facil-para-los-ataques-del-gobierno\/\" \/>\n\t\t<meta property=\"article:tag\" content=\"actualidad\" \/>\n\t\t<meta property=\"article:published_time\" content=\"2014-02-08T22:30:36+00:00\" \/>\n\t\t<meta property=\"article:modified_time\" content=\"2014-02-08T22:30:36+00:00\" \/>\n\t\t<meta property=\"article:publisher\" content=\"https:\/\/facebook.com\/eldigitaldeasturias\" \/>\n\t\t<meta name=\"twitter:card\" content=\"summary_large_image\" \/>\n\t\t<meta name=\"twitter:title\" content=\"Patronal venezolana se considera \u00abblanco f\u00e1cil\u00bb para los \u00abataques\u00bb del Gobierno - El Digital de Asturias\" \/>\n\t\t<meta name=\"twitter:description\" content=\"Caracas, 8 feb (EFE).- El presidente de la mayor patronal venezolana, Fedec\u00e1maras, Jorge Roig, considera que la instituci\u00f3n es un &quot;blanco f\u00e1cil&quot; de los &quot;ataques&quot; del Gobierno y es utilizada para &quot;echarle la culpa&quot; de los problemas econ\u00f3micos en los que est\u00e1 sumergida la econom\u00eda del pa\u00eds. En una entrevista con Efe, Roig indic\u00f3 que\" \/>\n\t\t<meta name=\"twitter:label1\" content=\"Escrito por\" \/>\n\t\t<meta name=\"twitter:data1\" content=\"El Digital de Asturias\" \/>\n\t\t<meta name=\"twitter:label2\" content=\"Tiempo de lectura estimado\" \/>\n\t\t<meta name=\"twitter:data2\" content=\"4 minutos\" \/>\n\t\t<script type=\"application\/ld+json\" class=\"aioseo-schema\">\n\t\t\t{\"@context\":\"https:\\\/\\\/schema.org\",\"@graph\":[{\"@type\":\"BlogPosting\",\"@id\":\"https:\\\/\\\/www.eldigitaldeasturias.com\\\/noticias\\\/patronal-venezolana-se-considera-blanco-facil-para-los-ataques-del-gobierno\\\/#blogposting\",\"name\":\"Patronal venezolana se considera \\u00abblanco f\\u00e1cil\\u00bb para los \\u00abataques\\u00bb del Gobierno - El Digital de Asturias\",\"headline\":\"Patronal venezolana se considera \\u00abblanco f\\u00e1cil\\u00bb para los \\u00abataques\\u00bb del Gobierno\",\"author\":{\"@id\":\"https:\\\/\\\/www.eldigitaldeasturias.com\\\/noticias\\\/author\\\/admin\\\/#author\"},\"publisher\":{\"@id\":\"https:\\\/\\\/www.eldigitaldeasturias.com\\\/noticias\\\/#organization\"},\"image\":{\"@type\":\"ImageObject\",\"url\":486943},\"datePublished\":\"2014-02-08T21:30:36+01:00\",\"dateModified\":\"2014-02-08T21:30:36+01:00\",\"inLanguage\":\"es-ES\",\"mainEntityOfPage\":{\"@id\":\"https:\\\/\\\/www.eldigitaldeasturias.com\\\/noticias\\\/patronal-venezolana-se-considera-blanco-facil-para-los-ataques-del-gobierno\\\/#webpage\"},\"isPartOf\":{\"@id\":\"https:\\\/\\\/www.eldigitaldeasturias.com\\\/noticias\\\/patronal-venezolana-se-considera-blanco-facil-para-los-ataques-del-gobierno\\\/#webpage\"},\"articleSection\":\"Actualidad\"},{\"@type\":\"BreadcrumbList\",\"@id\":\"https:\\\/\\\/www.eldigitaldeasturias.com\\\/noticias\\\/patronal-venezolana-se-considera-blanco-facil-para-los-ataques-del-gobierno\\\/#breadcrumblist\",\"itemListElement\":[{\"@type\":\"ListItem\",\"@id\":\"https:\\\/\\\/www.eldigitaldeasturias.com\\\/noticias#listItem\",\"position\":1,\"name\":\"Home\",\"item\":\"https:\\\/\\\/www.eldigitaldeasturias.com\\\/noticias\",\"nextItem\":{\"@type\":\"ListItem\",\"@id\":\"https:\\\/\\\/www.eldigitaldeasturias.com\\\/noticias\\\/category\\\/actualidad\\\/#listItem\",\"name\":\"Actualidad\"}},{\"@type\":\"ListItem\",\"@id\":\"https:\\\/\\\/www.eldigitaldeasturias.com\\\/noticias\\\/category\\\/actualidad\\\/#listItem\",\"position\":2,\"name\":\"Actualidad\",\"item\":\"https:\\\/\\\/www.eldigitaldeasturias.com\\\/noticias\\\/category\\\/actualidad\\\/\",\"nextItem\":{\"@type\":\"ListItem\",\"@id\":\"https:\\\/\\\/www.eldigitaldeasturias.com\\\/noticias\\\/patronal-venezolana-se-considera-blanco-facil-para-los-ataques-del-gobierno\\\/#listItem\",\"name\":\"Patronal venezolana se considera \\u00abblanco f\\u00e1cil\\u00bb para los \\u00abataques\\u00bb del Gobierno\"},\"previousItem\":{\"@type\":\"ListItem\",\"@id\":\"https:\\\/\\\/www.eldigitaldeasturias.com\\\/noticias#listItem\",\"name\":\"Home\"}},{\"@type\":\"ListItem\",\"@id\":\"https:\\\/\\\/www.eldigitaldeasturias.com\\\/noticias\\\/patronal-venezolana-se-considera-blanco-facil-para-los-ataques-del-gobierno\\\/#listItem\",\"position\":3,\"name\":\"Patronal venezolana se considera \\u00abblanco f\\u00e1cil\\u00bb para los \\u00abataques\\u00bb del Gobierno\",\"previousItem\":{\"@type\":\"ListItem\",\"@id\":\"https:\\\/\\\/www.eldigitaldeasturias.com\\\/noticias\\\/category\\\/actualidad\\\/#listItem\",\"name\":\"Actualidad\"}}]},{\"@type\":\"Organization\",\"@id\":\"https:\\\/\\\/www.eldigitaldeasturias.com\\\/noticias\\\/#organization\",\"name\":\"El Digital de Asturias\",\"description\":\"Hemeroteca\",\"url\":\"https:\\\/\\\/www.eldigitaldeasturias.com\\\/noticias\\\/\",\"email\":\"info@eldigitaldeasturias.com\",\"telephone\":\"+34652131393\",\"logo\":{\"@type\":\"ImageObject\",\"url\":\"https:\\\/\\\/www.eldigitaldeasturias.com\\\/noticias\\\/wp-content\\\/uploads\\\/2020\\\/12\\\/EDA.jpg\",\"@id\":\"https:\\\/\\\/www.eldigitaldeasturias.com\\\/noticias\\\/patronal-venezolana-se-considera-blanco-facil-para-los-ataques-del-gobierno\\\/#organizationLogo\"},\"image\":{\"@id\":\"https:\\\/\\\/www.eldigitaldeasturias.com\\\/noticias\\\/patronal-venezolana-se-considera-blanco-facil-para-los-ataques-del-gobierno\\\/#organizationLogo\"},\"sameAs\":[\"https:\\\/\\\/facebook.com\\\/eldigitaldeasturias\",\"https:\\\/\\\/www.youtube.com\\\/channel\\\/UCZP-2wLEB9Rv6erhFmqVnvg\"],\"address\":{\"@id\":\"https:\\\/\\\/www.eldigitaldeasturias.com\\\/noticias\\\/#postaladdress\",\"@type\":\"PostalAddress\",\"streetAddress\":\"san antonio 4\",\"postalCode\":\"33430\",\"addressLocality\":\"Cand\\u00e1s\",\"addressRegion\":\"Asturias\",\"addressCountry\":\"ES\"}},{\"@type\":\"Person\",\"@id\":\"https:\\\/\\\/www.eldigitaldeasturias.com\\\/noticias\\\/author\\\/admin\\\/#author\",\"url\":\"https:\\\/\\\/www.eldigitaldeasturias.com\\\/noticias\\\/author\\\/admin\\\/\",\"name\":\"El Digital de Asturias\",\"image\":{\"@type\":\"ImageObject\",\"@id\":\"https:\\\/\\\/www.eldigitaldeasturias.com\\\/noticias\\\/patronal-venezolana-se-considera-blanco-facil-para-los-ataques-del-gobierno\\\/#authorImage\",\"url\":\"https:\\\/\\\/secure.gravatar.com\\\/avatar\\\/df2aeffc32bcd13f8d26072ef8a91b623d677766deac7f97ca815868cd41bf5e?s=96&d=mm&r=g\",\"width\":96,\"height\":96,\"caption\":\"El Digital de Asturias\"}},{\"@type\":\"WebPage\",\"@id\":\"https:\\\/\\\/www.eldigitaldeasturias.com\\\/noticias\\\/patronal-venezolana-se-considera-blanco-facil-para-los-ataques-del-gobierno\\\/#webpage\",\"url\":\"https:\\\/\\\/www.eldigitaldeasturias.com\\\/noticias\\\/patronal-venezolana-se-considera-blanco-facil-para-los-ataques-del-gobierno\\\/\",\"name\":\"Patronal venezolana se considera \\u00abblanco f\\u00e1cil\\u00bb para los \\u00abataques\\u00bb del Gobierno - El Digital de Asturias\",\"description\":\"Caracas, 8 feb (EFE).- El presidente de la mayor patronal venezolana, Fedec\\u00e1maras, Jorge Roig, considera que la instituci\\u00f3n es un \\\"blanco f\\u00e1cil\\\" de los \\\"ataques\\\" del Gobierno y es utilizada para \\\"echarle la culpa\\\" de los problemas econ\\u00f3micos en los que est\\u00e1 sumergida la econom\\u00eda del pa\\u00eds. En una entrevista con Efe, Roig indic\\u00f3 que\",\"inLanguage\":\"es-ES\",\"isPartOf\":{\"@id\":\"https:\\\/\\\/www.eldigitaldeasturias.com\\\/noticias\\\/#website\"},\"breadcrumb\":{\"@id\":\"https:\\\/\\\/www.eldigitaldeasturias.com\\\/noticias\\\/patronal-venezolana-se-considera-blanco-facil-para-los-ataques-del-gobierno\\\/#breadcrumblist\"},\"author\":{\"@id\":\"https:\\\/\\\/www.eldigitaldeasturias.com\\\/noticias\\\/author\\\/admin\\\/#author\"},\"creator\":{\"@id\":\"https:\\\/\\\/www.eldigitaldeasturias.com\\\/noticias\\\/author\\\/admin\\\/#author\"},\"image\":{\"@type\":\"ImageObject\",\"url\":486943,\"@id\":\"https:\\\/\\\/www.eldigitaldeasturias.com\\\/noticias\\\/patronal-venezolana-se-considera-blanco-facil-para-los-ataques-del-gobierno\\\/#mainImage\"},\"primaryImageOfPage\":{\"@id\":\"https:\\\/\\\/www.eldigitaldeasturias.com\\\/noticias\\\/patronal-venezolana-se-considera-blanco-facil-para-los-ataques-del-gobierno\\\/#mainImage\"},\"datePublished\":\"2014-02-08T21:30:36+01:00\",\"dateModified\":\"2014-02-08T21:30:36+01:00\"},{\"@type\":\"WebSite\",\"@id\":\"https:\\\/\\\/www.eldigitaldeasturias.com\\\/noticias\\\/#website\",\"url\":\"https:\\\/\\\/www.eldigitaldeasturias.com\\\/noticias\\\/\",\"name\":\"El Digital de Asturias - Diario de actualidad y noticias\",\"alternateName\":\"El Digital de Asturias - Diario de actualidad y noticias\",\"description\":\"Hemeroteca\",\"inLanguage\":\"es-ES\",\"publisher\":{\"@id\":\"https:\\\/\\\/www.eldigitaldeasturias.com\\\/noticias\\\/#organization\"}}]}\n\t\t<\/script>\n\t\t<!-- All in One SEO Pro -->\r\n\t\t<title>Patronal venezolana se considera \u00abblanco f\u00e1cil\u00bb para los \u00abataques\u00bb del Gobierno - El Digital de Asturias<\/title>\n\n","aioseo_head_json":{"title":"Patronal venezolana se considera \u00abblanco f\u00e1cil\u00bb para los \u00abataques\u00bb del Gobierno - El Digital de Asturias","description":"Caracas, 8 feb (EFE).- El presidente de la mayor patronal venezolana, Fedec\u00e1maras, Jorge Roig, considera que la instituci\u00f3n es un \"blanco f\u00e1cil\" de los \"ataques\" del Gobierno y es utilizada para \"echarle la culpa\" de los problemas econ\u00f3micos en los que est\u00e1 sumergida la econom\u00eda del pa\u00eds. En una entrevista con Efe, Roig indic\u00f3 que","canonical_url":"https:\/\/www.eldigitaldeasturias.com\/noticias\/patronal-venezolana-se-considera-blanco-facil-para-los-ataques-del-gobierno\/","robots":"max-image-preview:large","keywords":"actualidad","webmasterTools":{"google-site-verification":"UA-38556648-1","msvalidate.01":"7dfe9f3f1b24437ab69f4f2559babe99","miscellaneous":""},"schema":{"@context":"https:\/\/schema.org","@graph":[{"@type":"BlogPosting","@id":"https:\/\/www.eldigitaldeasturias.com\/noticias\/patronal-venezolana-se-considera-blanco-facil-para-los-ataques-del-gobierno\/#blogposting","name":"Patronal venezolana se considera \u00abblanco f\u00e1cil\u00bb para los \u00abataques\u00bb del Gobierno - El Digital de Asturias","headline":"Patronal venezolana se considera \u00abblanco f\u00e1cil\u00bb para los \u00abataques\u00bb del Gobierno","author":{"@id":"https:\/\/www.eldigitaldeasturias.com\/noticias\/author\/admin\/#author"},"publisher":{"@id":"https:\/\/www.eldigitaldeasturias.com\/noticias\/#organization"},"image":{"@type":"ImageObject","url":486943},"datePublished":"2014-02-08T21:30:36+01:00","dateModified":"2014-02-08T21:30:36+01:00","inLanguage":"es-ES","mainEntityOfPage":{"@id":"https:\/\/www.eldigitaldeasturias.com\/noticias\/patronal-venezolana-se-considera-blanco-facil-para-los-ataques-del-gobierno\/#webpage"},"isPartOf":{"@id":"https:\/\/www.eldigitaldeasturias.com\/noticias\/patronal-venezolana-se-considera-blanco-facil-para-los-ataques-del-gobierno\/#webpage"},"articleSection":"Actualidad"},{"@type":"BreadcrumbList","@id":"https:\/\/www.eldigitaldeasturias.com\/noticias\/patronal-venezolana-se-considera-blanco-facil-para-los-ataques-del-gobierno\/#breadcrumblist","itemListElement":[{"@type":"ListItem","@id":"https:\/\/www.eldigitaldeasturias.com\/noticias#listItem","position":1,"name":"Home","item":"https:\/\/www.eldigitaldeasturias.com\/noticias","nextItem":{"@type":"ListItem","@id":"https:\/\/www.eldigitaldeasturias.com\/noticias\/category\/actualidad\/#listItem","name":"Actualidad"}},{"@type":"ListItem","@id":"https:\/\/www.eldigitaldeasturias.com\/noticias\/category\/actualidad\/#listItem","position":2,"name":"Actualidad","item":"https:\/\/www.eldigitaldeasturias.com\/noticias\/category\/actualidad\/","nextItem":{"@type":"ListItem","@id":"https:\/\/www.eldigitaldeasturias.com\/noticias\/patronal-venezolana-se-considera-blanco-facil-para-los-ataques-del-gobierno\/#listItem","name":"Patronal venezolana se considera \u00abblanco f\u00e1cil\u00bb para los \u00abataques\u00bb del Gobierno"},"previousItem":{"@type":"ListItem","@id":"https:\/\/www.eldigitaldeasturias.com\/noticias#listItem","name":"Home"}},{"@type":"ListItem","@id":"https:\/\/www.eldigitaldeasturias.com\/noticias\/patronal-venezolana-se-considera-blanco-facil-para-los-ataques-del-gobierno\/#listItem","position":3,"name":"Patronal venezolana se considera \u00abblanco f\u00e1cil\u00bb para los \u00abataques\u00bb del Gobierno","previousItem":{"@type":"ListItem","@id":"https:\/\/www.eldigitaldeasturias.com\/noticias\/category\/actualidad\/#listItem","name":"Actualidad"}}]},{"@type":"Organization","@id":"https:\/\/www.eldigitaldeasturias.com\/noticias\/#organization","name":"El Digital de Asturias","description":"Hemeroteca","url":"https:\/\/www.eldigitaldeasturias.com\/noticias\/","email":"info@eldigitaldeasturias.com","telephone":"+34652131393","logo":{"@type":"ImageObject","url":"https:\/\/www.eldigitaldeasturias.com\/noticias\/wp-content\/uploads\/2020\/12\/EDA.jpg","@id":"https:\/\/www.eldigitaldeasturias.com\/noticias\/patronal-venezolana-se-considera-blanco-facil-para-los-ataques-del-gobierno\/#organizationLogo"},"image":{"@id":"https:\/\/www.eldigitaldeasturias.com\/noticias\/patronal-venezolana-se-considera-blanco-facil-para-los-ataques-del-gobierno\/#organizationLogo"},"sameAs":["https:\/\/facebook.com\/eldigitaldeasturias","https:\/\/www.youtube.com\/channel\/UCZP-2wLEB9Rv6erhFmqVnvg"],"address":{"@id":"https:\/\/www.eldigitaldeasturias.com\/noticias\/#postaladdress","@type":"PostalAddress","streetAddress":"san antonio 4","postalCode":"33430","addressLocality":"Cand\u00e1s","addressRegion":"Asturias","addressCountry":"ES"}},{"@type":"Person","@id":"https:\/\/www.eldigitaldeasturias.com\/noticias\/author\/admin\/#author","url":"https:\/\/www.eldigitaldeasturias.com\/noticias\/author\/admin\/","name":"El Digital de Asturias","image":{"@type":"ImageObject","@id":"https:\/\/www.eldigitaldeasturias.com\/noticias\/patronal-venezolana-se-considera-blanco-facil-para-los-ataques-del-gobierno\/#authorImage","url":"https:\/\/secure.gravatar.com\/avatar\/df2aeffc32bcd13f8d26072ef8a91b623d677766deac7f97ca815868cd41bf5e?s=96&d=mm&r=g","width":96,"height":96,"caption":"El Digital de Asturias"}},{"@type":"WebPage","@id":"https:\/\/www.eldigitaldeasturias.com\/noticias\/patronal-venezolana-se-considera-blanco-facil-para-los-ataques-del-gobierno\/#webpage","url":"https:\/\/www.eldigitaldeasturias.com\/noticias\/patronal-venezolana-se-considera-blanco-facil-para-los-ataques-del-gobierno\/","name":"Patronal venezolana se considera \u00abblanco f\u00e1cil\u00bb para los \u00abataques\u00bb del Gobierno - El Digital de Asturias","description":"Caracas, 8 feb (EFE).- El presidente de la mayor patronal venezolana, Fedec\u00e1maras, Jorge Roig, considera que la instituci\u00f3n es un \"blanco f\u00e1cil\" de los \"ataques\" del Gobierno y es utilizada para \"echarle la culpa\" de los problemas econ\u00f3micos en los que est\u00e1 sumergida la econom\u00eda del pa\u00eds. En una entrevista con Efe, Roig indic\u00f3 que","inLanguage":"es-ES","isPartOf":{"@id":"https:\/\/www.eldigitaldeasturias.com\/noticias\/#website"},"breadcrumb":{"@id":"https:\/\/www.eldigitaldeasturias.com\/noticias\/patronal-venezolana-se-considera-blanco-facil-para-los-ataques-del-gobierno\/#breadcrumblist"},"author":{"@id":"https:\/\/www.eldigitaldeasturias.com\/noticias\/author\/admin\/#author"},"creator":{"@id":"https:\/\/www.eldigitaldeasturias.com\/noticias\/author\/admin\/#author"},"image":{"@type":"ImageObject","url":486943,"@id":"https:\/\/www.eldigitaldeasturias.com\/noticias\/patronal-venezolana-se-considera-blanco-facil-para-los-ataques-del-gobierno\/#mainImage"},"primaryImageOfPage":{"@id":"https:\/\/www.eldigitaldeasturias.com\/noticias\/patronal-venezolana-se-considera-blanco-facil-para-los-ataques-del-gobierno\/#mainImage"},"datePublished":"2014-02-08T21:30:36+01:00","dateModified":"2014-02-08T21:30:36+01:00"},{"@type":"WebSite","@id":"https:\/\/www.eldigitaldeasturias.com\/noticias\/#website","url":"https:\/\/www.eldigitaldeasturias.com\/noticias\/","name":"El Digital de Asturias - Diario de actualidad y noticias","alternateName":"El Digital de Asturias - Diario de actualidad y noticias","description":"Hemeroteca","inLanguage":"es-ES","publisher":{"@id":"https:\/\/www.eldigitaldeasturias.com\/noticias\/#organization"}}]},"og:locale":"es_ES","og:site_name":"El Digital de Asturias","og:type":"article","og:title":"Patronal venezolana se considera \u00abblanco f\u00e1cil\u00bb para los \u00abataques\u00bb del Gobierno - El Digital de Asturias","og:description":"Caracas, 8 feb (EFE).- El presidente de la mayor patronal venezolana, Fedec\u00e1maras, Jorge Roig, considera que la instituci\u00f3n es un &quot;blanco f\u00e1cil&quot; de los &quot;ataques&quot; del Gobierno y es utilizada para &quot;echarle la culpa&quot; de los problemas econ\u00f3micos en los que est\u00e1 sumergida la econom\u00eda del pa\u00eds. En una entrevista con Efe, Roig indic\u00f3 que","og:url":"https:\/\/www.eldigitaldeasturias.com\/noticias\/patronal-venezolana-se-considera-blanco-facil-para-los-ataques-del-gobierno\/","article:tag":["actualidad"],"article:published_time":"2014-02-08T22:30:36+00:00","article:modified_time":"2014-02-08T22:30:36+00:00","article:publisher":"https:\/\/facebook.com\/eldigitaldeasturias","twitter:card":"summary_large_image","twitter:title":"Patronal venezolana se considera \u00abblanco f\u00e1cil\u00bb para los \u00abataques\u00bb del Gobierno - El Digital de Asturias","twitter:description":"Caracas, 8 feb (EFE).- El presidente de la mayor patronal venezolana, Fedec\u00e1maras, Jorge Roig, considera que la instituci\u00f3n es un &quot;blanco f\u00e1cil&quot; de los &quot;ataques&quot; del Gobierno y es utilizada para &quot;echarle la culpa&quot; de los problemas econ\u00f3micos en los que est\u00e1 sumergida la econom\u00eda del pa\u00eds. En una entrevista con Efe, Roig indic\u00f3 que","twitter:label1":"Escrito por","twitter:data1":"El Digital de Asturias","twitter:label2":"Tiempo de lectura estimado","twitter:data2":"4 minutos"},"aioseo_meta_data":{"post_id":"486942","title":null,"description":null,"keywords":null,"keyphrases":null,"primary_term":null,"canonical_url":null,"og_title":null,"og_description":null,"og_object_type":"default","og_image_type":"default","og_image_url":null,"og_image_width":null,"og_image_height":null,"og_image_custom_url":null,"og_image_custom_fields":null,"og_video":null,"og_custom_url":null,"og_article_section":null,"og_article_tags":null,"twitter_use_og":true,"twitter_card":"default","twitter_image_type":"default","twitter_image_url":null,"twitter_image_custom_url":null,"twitter_image_custom_fields":null,"twitter_title":null,"twitter_description":null,"schema":{"blockGraphs":[],"customGraphs":[],"default":{"data":{"Article":[],"Course":[],"Dataset":[],"FAQPage":[],"Movie":[],"Person":[],"Product":[],"ProductReview":[],"Car":[],"Recipe":[],"Service":[],"SoftwareApplication":[],"WebPage":[]},"graphName":"","isEnabled":true},"graphs":[],"defaultGraph":"","defaultPostTypeGraph":""},"schema_type":null,"schema_type_options":null,"pillar_content":false,"robots_default":true,"robots_noindex":false,"robots_noarchive":false,"robots_nosnippet":false,"robots_nofollow":false,"robots_noimageindex":false,"robots_noodp":false,"robots_notranslate":false,"robots_max_snippet":null,"robots_max_videopreview":null,"robots_max_imagepreview":"none","priority":null,"frequency":null,"local_seo":null,"seo_analyzer_scan_date":"2026-06-03 03:06:48","breadcrumb_settings":null,"limit_modified_date":false,"open_ai":null,"ai":null,"created":"2020-11-14 22:56:17","updated":"2026-06-03 03:06:48","focus_keyword":null,"additional_keywords":null,"truseo_locale":null},"aioseo_breadcrumb":"<div class=\"aioseo-breadcrumbs\"><span class=\"aioseo-breadcrumb\">\n\t<a href=\"https:\/\/www.eldigitaldeasturias.com\/noticias\" title=\"Home\">Home<\/a>\n<\/span><span class=\"aioseo-breadcrumb-separator\">\u2013<\/span><span class=\"aioseo-breadcrumb\">\n\t<a href=\"https:\/\/www.eldigitaldeasturias.com\/noticias\/category\/actualidad\/\" title=\"Actualidad\">Actualidad<\/a>\n<\/span><span class=\"aioseo-breadcrumb-separator\">\u2013<\/span><span class=\"aioseo-breadcrumb\">\n\t<a href=\"https:\/\/www.eldigitaldeasturias.com\/noticias\/patronal-venezolana-se-considera-blanco-facil-para-los-ataques-del-gobierno\/\" title=\"Patronal venezolana se considera \u00abblanco f\u00e1cil\u00bb para los \u00abataques\u00bb del Gobierno\">Patronal venezolana se considera \u00abblanco f\u00e1cil\u00bb para los \u00abataques\u00bb del Gobierno<\/a>\n<\/span><\/div>","aioseo_breadcrumb_json":[{"label":"Home","link":"https:\/\/www.eldigitaldeasturias.com\/noticias"},{"label":"Actualidad","link":"https:\/\/www.eldigitaldeasturias.com\/noticias\/category\/actualidad\/"},{"label":"Patronal venezolana se considera \u00abblanco f\u00e1cil\u00bb para los \u00abataques\u00bb del Gobierno","link":"https:\/\/www.eldigitaldeasturias.com\/noticias\/patronal-venezolana-se-considera-blanco-facil-para-los-ataques-del-gobierno\/"}],"_links":{"self":[{"href":"https:\/\/www.eldigitaldeasturias.com\/noticias\/wp-json\/wp\/v2\/posts\/486942","targetHints":{"allow":["GET"]}}],"collection":[{"href":"https:\/\/www.eldigitaldeasturias.com\/noticias\/wp-json\/wp\/v2\/posts"}],"about":[{"href":"https:\/\/www.eldigitaldeasturias.com\/noticias\/wp-json\/wp\/v2\/types\/post"}],"author":[{"embeddable":true,"href":"https:\/\/www.eldigitaldeasturias.com\/noticias\/wp-json\/wp\/v2\/users\/1"}],"replies":[{"embeddable":true,"href":"https:\/\/www.eldigitaldeasturias.com\/noticias\/wp-json\/wp\/v2\/comments?post=486942"}],"version-history":[{"count":0,"href":"https:\/\/www.eldigitaldeasturias.com\/noticias\/wp-json\/wp\/v2\/posts\/486942\/revisions"}],"wp:attachment":[{"href":"https:\/\/www.eldigitaldeasturias.com\/noticias\/wp-json\/wp\/v2\/media?parent=486942"}],"wp:term":[{"taxonomy":"category","embeddable":true,"href":"https:\/\/www.eldigitaldeasturias.com\/noticias\/wp-json\/wp\/v2\/categories?post=486942"},{"taxonomy":"post_tag","embeddable":true,"href":"https:\/\/www.eldigitaldeasturias.com\/noticias\/wp-json\/wp\/v2\/tags?post=486942"}],"curies":[{"name":"wp","href":"https:\/\/api.w.org\/{rel}","templated":true}]}}