{"id":486939,"date":"2014-02-08T21:29:17","date_gmt":"2014-02-08T22:29:17","guid":{"rendered":"http:\/\/www.eldigitaldeasturias.com\/noticias\/?p=486939"},"modified":"2014-02-08T21:29:17","modified_gmt":"2014-02-08T22:29:17","slug":"un-muerto-en-uruguay-por-las-tormentas-y-los-vecinos-cortan-una-ruta-por-la-inundacion","status":"publish","type":"post","link":"https:\/\/www.eldigitaldeasturias.com\/noticias\/un-muerto-en-uruguay-por-las-tormentas-y-los-vecinos-cortan-una-ruta-por-la-inundacion\/","title":{"rendered":"Un muerto en Uruguay por las tormentas y los vecinos cortan una ruta por la inundaci\u00f3n"},"content":{"rendered":"<p><img loading=\"lazy\" decoding=\"async\" class=\"alignleft size-medium wp-image-486940\" alt=\"5924127w\" src=\"https:\/\/www.eldigitaldeasturias.com\/noticias\/wp-content\/uploads\/2014\/02\/5924127w-360x248.jpg\" width=\"360\" height=\"248\" \/>Montevideo, 8 feb (EFE).- Un hombre muri\u00f3 en Uruguay debido a un accidente de tr\u00e1nsito en medio de fuertes lluvias y decenas de vecinos cortaron una de las principales rutas del pa\u00eds para protestar por las inundaciones que afectan la zona, informaron hoy fuentes oficiales.<\/p>\n<p>El hombre conduc\u00eda un veh\u00edculo que colision\u00f3 con un autob\u00fas de pasajeros en la periferia de Montevideo y su cad\u00e1ver debi\u00f3 ser retirado por los bomberos.<\/p>\n<p>En el momento del accidente llov\u00eda copiosamente en la zona y la visibilidad era escasa, se\u00f1alaron los bomberos.<\/p>\n<p>En Canelones, el segundo departamento en importancia del pa\u00eds y uno de lo m\u00e1s afectados por las lluvias durante los \u00faltimos cinco d\u00edas, las aguas llegaron a los techos de decenas de viviendas en la denominada Costa de Oro y cientos de vecinos, incluido un hogar para residentes de la tercera edad, debieron ser evacuados en botes de goma.<\/p>\n<p>En esa zona, decenas de vecinos cortaron una de las principales rutas del pa\u00eds y que conduce a Punta del Este, el principal centro tur\u00edstico de Uruguay, para reclamar m\u00e1s apoyo a las autoridades.<\/p>\n<p>Mientras tanto, funcionarios municipales trabajan para desbloquear decenas de desag\u00fces obstruidos por el arrastre de las aguas desbordadas.<\/p>\n<p>Adem\u00e1s en Atl\u00e1ntida, el tercer balneario en importancia del pa\u00eds, las aguas crecidas del R\u00edo de la Plata originaron un gran cr\u00e1ter en la ruta costera que ahora no da paso.<\/p>\n<p>El Sistema Nacional de Emergencias inform\u00f3 que las personas evacuadas con casi 800 en los departamentos de Montevideo, donde reside la mitad de los 3,3 millones de habitantes del pa\u00eds, Durazno, Soriano, Treinta y Tres, Canelones, San Jos\u00e9, Maldonado y Colonia.<\/p>\n<p>Esos evacuados fueron ubicados en gimnasios, escuelas y liceos y reciben alimentaci\u00f3n y atenci\u00f3n sanitaria de parte de las autoridades.<\/p>\n<p>Pero al menos otras 2.000 personas en todo el pa\u00eds se alojan en casas de familiares o amigos.<\/p>\n<p>La Polic\u00eda Caminera inform\u00f3 que son 24 las rutas cortadas en todo el pa\u00eds, la mitad de ellas en Canelones, lim\u00edtrofe con la capital.<\/p>\n<p>Seg\u00fan el pron\u00f3stico del Instituto Uruguayo de Meteorolog\u00eda (INUMET) es \u00abaltamente probable\u00bb que durante los pr\u00f3ximos seis d\u00edas el tiempo \u00abcontin\u00fae inestable\u00bb con la \u00abpersistencia de lluvias abundantes, puntualmente copiosas, y tormentas, algunas puntualmente fuertes\u00bb.<\/p>\n","protected":false},"excerpt":{"rendered":"<p>Montevideo, 8 feb (EFE).- Un hombre muri\u00f3 en Uruguay debido a un accidente de tr\u00e1nsito en medio de fuertes lluvias y decenas de vecinos cortaron una de las principales rutas del pa\u00eds para protestar por las inundaciones que afectan la zona, informaron hoy fuentes oficiales. El hombre conduc\u00eda un veh\u00edculo que colision\u00f3 con un autob\u00fas [&hellip;]<\/p>\n","protected":false},"author":1,"featured_media":486940,"comment_status":"open","ping_status":"open","sticky":false,"template":"","format":"standard","meta":{"footnotes":""},"categories":[1],"tags":[],"class_list":["post-486939","post","type-post","status-publish","format-standard","has-post-thumbnail","hentry","category-actualidad"],"aioseo_notices":[],"aioseo_head":"\n\t\t<!-- All in One SEO Pro 5.0.1 - aioseo.com -->\n\t<meta name=\"description\" content=\"Montevideo, 8 feb (EFE).- Un hombre muri\u00f3 en Uruguay debido a un accidente de tr\u00e1nsito en medio de fuertes lluvias y decenas de vecinos cortaron una de las principales rutas del pa\u00eds para protestar por las inundaciones que afectan la zona, informaron hoy fuentes oficiales. El hombre conduc\u00eda un veh\u00edculo que colision\u00f3 con un autob\u00fas\" \/>\n\t<meta name=\"robots\" content=\"max-image-preview:large\" \/>\n\t<meta name=\"author\" content=\"El Digital de Asturias\"\/>\n\t<meta name=\"google-site-verification\" content=\"UA-38556648-1\" \/>\n\t<meta name=\"msvalidate.01\" content=\"7dfe9f3f1b24437ab69f4f2559babe99\" \/>\n\t<meta name=\"keywords\" content=\"actualidad\" \/>\n\t<link rel=\"canonical\" href=\"https:\/\/www.eldigitaldeasturias.com\/noticias\/un-muerto-en-uruguay-por-las-tormentas-y-los-vecinos-cortan-una-ruta-por-la-inundacion\/\" \/>\n\t<meta name=\"generator\" content=\"All in One SEO Pro (AIOSEO) 5.0.1\" \/>\n\t\t<meta property=\"og:locale\" content=\"es_ES\" \/>\n\t\t<meta property=\"og:site_name\" content=\"El Digital de Asturias\" \/>\n\t\t<meta property=\"og:type\" content=\"article\" \/>\n\t\t<meta property=\"og:title\" content=\"Un muerto en Uruguay por las tormentas y los vecinos cortan una ruta por la inundaci\u00f3n - El Digital de Asturias\" \/>\n\t\t<meta property=\"og:description\" content=\"Montevideo, 8 feb (EFE).- Un hombre muri\u00f3 en Uruguay debido a un accidente de tr\u00e1nsito en medio de fuertes lluvias y decenas de vecinos cortaron una de las principales rutas del pa\u00eds para protestar por las inundaciones que afectan la zona, informaron hoy fuentes oficiales. El hombre conduc\u00eda un veh\u00edculo que colision\u00f3 con un autob\u00fas\" \/>\n\t\t<meta property=\"og:url\" content=\"https:\/\/www.eldigitaldeasturias.com\/noticias\/un-muerto-en-uruguay-por-las-tormentas-y-los-vecinos-cortan-una-ruta-por-la-inundacion\/\" \/>\n\t\t<meta property=\"article:tag\" content=\"actualidad\" \/>\n\t\t<meta property=\"article:published_time\" content=\"2014-02-08T22:29:17+00:00\" \/>\n\t\t<meta property=\"article:modified_time\" content=\"2014-02-08T22:29:17+00:00\" \/>\n\t\t<meta property=\"article:publisher\" content=\"https:\/\/facebook.com\/eldigitaldeasturias\" \/>\n\t\t<meta name=\"twitter:card\" content=\"summary_large_image\" \/>\n\t\t<meta name=\"twitter:title\" content=\"Un muerto en Uruguay por las tormentas y los vecinos cortan una ruta por la inundaci\u00f3n - El Digital de Asturias\" \/>\n\t\t<meta name=\"twitter:description\" content=\"Montevideo, 8 feb (EFE).- Un hombre muri\u00f3 en Uruguay debido a un accidente de tr\u00e1nsito en medio de fuertes lluvias y decenas de vecinos cortaron una de las principales rutas del pa\u00eds para protestar por las inundaciones que afectan la zona, informaron hoy fuentes oficiales. El hombre conduc\u00eda un veh\u00edculo que colision\u00f3 con un autob\u00fas\" \/>\n\t\t<meta name=\"twitter:label1\" content=\"Escrito por\" \/>\n\t\t<meta name=\"twitter:data1\" content=\"El Digital de Asturias\" \/>\n\t\t<meta name=\"twitter:label2\" content=\"Tiempo de lectura estimado\" \/>\n\t\t<meta name=\"twitter:data2\" content=\"2 minutos\" \/>\n\t\t<script type=\"application\/ld+json\" class=\"aioseo-schema\">\n\t\t\t{\"@context\":\"https:\\\/\\\/schema.org\",\"@graph\":[{\"@type\":\"BlogPosting\",\"@id\":\"https:\\\/\\\/www.eldigitaldeasturias.com\\\/noticias\\\/un-muerto-en-uruguay-por-las-tormentas-y-los-vecinos-cortan-una-ruta-por-la-inundacion\\\/#blogposting\",\"name\":\"Un muerto en Uruguay por las tormentas y los vecinos cortan una ruta por la inundaci\\u00f3n - El Digital de Asturias\",\"headline\":\"Un muerto en Uruguay por las tormentas y los vecinos cortan una ruta por la inundaci\\u00f3n\",\"author\":{\"@id\":\"https:\\\/\\\/www.eldigitaldeasturias.com\\\/noticias\\\/author\\\/admin\\\/#author\"},\"publisher\":{\"@id\":\"https:\\\/\\\/www.eldigitaldeasturias.com\\\/noticias\\\/#organization\"},\"image\":{\"@type\":\"ImageObject\",\"url\":486940},\"datePublished\":\"2014-02-08T21:29:17+01:00\",\"dateModified\":\"2014-02-08T21:29:17+01:00\",\"inLanguage\":\"es-ES\",\"mainEntityOfPage\":{\"@id\":\"https:\\\/\\\/www.eldigitaldeasturias.com\\\/noticias\\\/un-muerto-en-uruguay-por-las-tormentas-y-los-vecinos-cortan-una-ruta-por-la-inundacion\\\/#webpage\"},\"isPartOf\":{\"@id\":\"https:\\\/\\\/www.eldigitaldeasturias.com\\\/noticias\\\/un-muerto-en-uruguay-por-las-tormentas-y-los-vecinos-cortan-una-ruta-por-la-inundacion\\\/#webpage\"},\"articleSection\":\"Actualidad\"},{\"@type\":\"BreadcrumbList\",\"@id\":\"https:\\\/\\\/www.eldigitaldeasturias.com\\\/noticias\\\/un-muerto-en-uruguay-por-las-tormentas-y-los-vecinos-cortan-una-ruta-por-la-inundacion\\\/#breadcrumblist\",\"itemListElement\":[{\"@type\":\"ListItem\",\"@id\":\"https:\\\/\\\/www.eldigitaldeasturias.com\\\/noticias#listItem\",\"position\":1,\"name\":\"Home\",\"item\":\"https:\\\/\\\/www.eldigitaldeasturias.com\\\/noticias\",\"nextItem\":{\"@type\":\"ListItem\",\"@id\":\"https:\\\/\\\/www.eldigitaldeasturias.com\\\/noticias\\\/category\\\/actualidad\\\/#listItem\",\"name\":\"Actualidad\"}},{\"@type\":\"ListItem\",\"@id\":\"https:\\\/\\\/www.eldigitaldeasturias.com\\\/noticias\\\/category\\\/actualidad\\\/#listItem\",\"position\":2,\"name\":\"Actualidad\",\"item\":\"https:\\\/\\\/www.eldigitaldeasturias.com\\\/noticias\\\/category\\\/actualidad\\\/\",\"nextItem\":{\"@type\":\"ListItem\",\"@id\":\"https:\\\/\\\/www.eldigitaldeasturias.com\\\/noticias\\\/un-muerto-en-uruguay-por-las-tormentas-y-los-vecinos-cortan-una-ruta-por-la-inundacion\\\/#listItem\",\"name\":\"Un muerto en Uruguay por las tormentas y los vecinos cortan una ruta por la inundaci\\u00f3n\"},\"previousItem\":{\"@type\":\"ListItem\",\"@id\":\"https:\\\/\\\/www.eldigitaldeasturias.com\\\/noticias#listItem\",\"name\":\"Home\"}},{\"@type\":\"ListItem\",\"@id\":\"https:\\\/\\\/www.eldigitaldeasturias.com\\\/noticias\\\/un-muerto-en-uruguay-por-las-tormentas-y-los-vecinos-cortan-una-ruta-por-la-inundacion\\\/#listItem\",\"position\":3,\"name\":\"Un muerto en Uruguay por las tormentas y los vecinos cortan una ruta por la inundaci\\u00f3n\",\"previousItem\":{\"@type\":\"ListItem\",\"@id\":\"https:\\\/\\\/www.eldigitaldeasturias.com\\\/noticias\\\/category\\\/actualidad\\\/#listItem\",\"name\":\"Actualidad\"}}]},{\"@type\":\"Organization\",\"@id\":\"https:\\\/\\\/www.eldigitaldeasturias.com\\\/noticias\\\/#organization\",\"name\":\"El Digital de Asturias\",\"description\":\"Hemeroteca\",\"url\":\"https:\\\/\\\/www.eldigitaldeasturias.com\\\/noticias\\\/\",\"email\":\"info@eldigitaldeasturias.com\",\"telephone\":\"+34652131393\",\"logo\":{\"@type\":\"ImageObject\",\"url\":\"https:\\\/\\\/www.eldigitaldeasturias.com\\\/noticias\\\/wp-content\\\/uploads\\\/2020\\\/12\\\/EDA.jpg\",\"@id\":\"https:\\\/\\\/www.eldigitaldeasturias.com\\\/noticias\\\/un-muerto-en-uruguay-por-las-tormentas-y-los-vecinos-cortan-una-ruta-por-la-inundacion\\\/#organizationLogo\"},\"image\":{\"@id\":\"https:\\\/\\\/www.eldigitaldeasturias.com\\\/noticias\\\/un-muerto-en-uruguay-por-las-tormentas-y-los-vecinos-cortan-una-ruta-por-la-inundacion\\\/#organizationLogo\"},\"sameAs\":[\"https:\\\/\\\/facebook.com\\\/eldigitaldeasturias\",\"https:\\\/\\\/www.youtube.com\\\/channel\\\/UCZP-2wLEB9Rv6erhFmqVnvg\"],\"address\":{\"@id\":\"https:\\\/\\\/www.eldigitaldeasturias.com\\\/noticias\\\/#postaladdress\",\"@type\":\"PostalAddress\",\"streetAddress\":\"san antonio 4\",\"postalCode\":\"33430\",\"addressLocality\":\"Cand\\u00e1s\",\"addressRegion\":\"Asturias\",\"addressCountry\":\"ES\"}},{\"@type\":\"Person\",\"@id\":\"https:\\\/\\\/www.eldigitaldeasturias.com\\\/noticias\\\/author\\\/admin\\\/#author\",\"url\":\"https:\\\/\\\/www.eldigitaldeasturias.com\\\/noticias\\\/author\\\/admin\\\/\",\"name\":\"El Digital de Asturias\",\"image\":{\"@type\":\"ImageObject\",\"@id\":\"https:\\\/\\\/www.eldigitaldeasturias.com\\\/noticias\\\/un-muerto-en-uruguay-por-las-tormentas-y-los-vecinos-cortan-una-ruta-por-la-inundacion\\\/#authorImage\",\"url\":\"https:\\\/\\\/secure.gravatar.com\\\/avatar\\\/df2aeffc32bcd13f8d26072ef8a91b623d677766deac7f97ca815868cd41bf5e?s=96&d=mm&r=g\",\"width\":96,\"height\":96,\"caption\":\"El Digital de Asturias\"}},{\"@type\":\"WebPage\",\"@id\":\"https:\\\/\\\/www.eldigitaldeasturias.com\\\/noticias\\\/un-muerto-en-uruguay-por-las-tormentas-y-los-vecinos-cortan-una-ruta-por-la-inundacion\\\/#webpage\",\"url\":\"https:\\\/\\\/www.eldigitaldeasturias.com\\\/noticias\\\/un-muerto-en-uruguay-por-las-tormentas-y-los-vecinos-cortan-una-ruta-por-la-inundacion\\\/\",\"name\":\"Un muerto en Uruguay por las tormentas y los vecinos cortan una ruta por la inundaci\\u00f3n - El Digital de Asturias\",\"description\":\"Montevideo, 8 feb (EFE).- Un hombre muri\\u00f3 en Uruguay debido a un accidente de tr\\u00e1nsito en medio de fuertes lluvias y decenas de vecinos cortaron una de las principales rutas del pa\\u00eds para protestar por las inundaciones que afectan la zona, informaron hoy fuentes oficiales. El hombre conduc\\u00eda un veh\\u00edculo que colision\\u00f3 con un autob\\u00fas\",\"inLanguage\":\"es-ES\",\"isPartOf\":{\"@id\":\"https:\\\/\\\/www.eldigitaldeasturias.com\\\/noticias\\\/#website\"},\"breadcrumb\":{\"@id\":\"https:\\\/\\\/www.eldigitaldeasturias.com\\\/noticias\\\/un-muerto-en-uruguay-por-las-tormentas-y-los-vecinos-cortan-una-ruta-por-la-inundacion\\\/#breadcrumblist\"},\"author\":{\"@id\":\"https:\\\/\\\/www.eldigitaldeasturias.com\\\/noticias\\\/author\\\/admin\\\/#author\"},\"creator\":{\"@id\":\"https:\\\/\\\/www.eldigitaldeasturias.com\\\/noticias\\\/author\\\/admin\\\/#author\"},\"image\":{\"@type\":\"ImageObject\",\"url\":486940,\"@id\":\"https:\\\/\\\/www.eldigitaldeasturias.com\\\/noticias\\\/un-muerto-en-uruguay-por-las-tormentas-y-los-vecinos-cortan-una-ruta-por-la-inundacion\\\/#mainImage\"},\"primaryImageOfPage\":{\"@id\":\"https:\\\/\\\/www.eldigitaldeasturias.com\\\/noticias\\\/un-muerto-en-uruguay-por-las-tormentas-y-los-vecinos-cortan-una-ruta-por-la-inundacion\\\/#mainImage\"},\"datePublished\":\"2014-02-08T21:29:17+01:00\",\"dateModified\":\"2014-02-08T21:29:17+01:00\"},{\"@type\":\"WebSite\",\"@id\":\"https:\\\/\\\/www.eldigitaldeasturias.com\\\/noticias\\\/#website\",\"url\":\"https:\\\/\\\/www.eldigitaldeasturias.com\\\/noticias\\\/\",\"name\":\"El Digital de Asturias - Diario de actualidad y noticias\",\"alternateName\":\"El Digital de Asturias - Diario de actualidad y noticias\",\"description\":\"Hemeroteca\",\"inLanguage\":\"es-ES\",\"publisher\":{\"@id\":\"https:\\\/\\\/www.eldigitaldeasturias.com\\\/noticias\\\/#organization\"}}]}\n\t\t<\/script>\n\t\t<!-- All in One SEO Pro -->\r\n\t\t<title>Un muerto en Uruguay por las tormentas y los vecinos cortan una ruta por la inundaci\u00f3n - El Digital de Asturias<\/title>\n\n","aioseo_head_json":{"title":"Un muerto en Uruguay por las tormentas y los vecinos cortan una ruta por la inundaci\u00f3n - El Digital de Asturias","description":"Montevideo, 8 feb (EFE).- Un hombre muri\u00f3 en Uruguay debido a un accidente de tr\u00e1nsito en medio de fuertes lluvias y decenas de vecinos cortaron una de las principales rutas del pa\u00eds para protestar por las inundaciones que afectan la zona, informaron hoy fuentes oficiales. El hombre conduc\u00eda un veh\u00edculo que colision\u00f3 con un autob\u00fas","canonical_url":"https:\/\/www.eldigitaldeasturias.com\/noticias\/un-muerto-en-uruguay-por-las-tormentas-y-los-vecinos-cortan-una-ruta-por-la-inundacion\/","robots":"max-image-preview:large","keywords":"actualidad","webmasterTools":{"google-site-verification":"UA-38556648-1","msvalidate.01":"7dfe9f3f1b24437ab69f4f2559babe99","miscellaneous":""},"schema":{"@context":"https:\/\/schema.org","@graph":[{"@type":"BlogPosting","@id":"https:\/\/www.eldigitaldeasturias.com\/noticias\/un-muerto-en-uruguay-por-las-tormentas-y-los-vecinos-cortan-una-ruta-por-la-inundacion\/#blogposting","name":"Un muerto en Uruguay por las tormentas y los vecinos cortan una ruta por la inundaci\u00f3n - El Digital de Asturias","headline":"Un muerto en Uruguay por las tormentas y los vecinos cortan una ruta por la inundaci\u00f3n","author":{"@id":"https:\/\/www.eldigitaldeasturias.com\/noticias\/author\/admin\/#author"},"publisher":{"@id":"https:\/\/www.eldigitaldeasturias.com\/noticias\/#organization"},"image":{"@type":"ImageObject","url":486940},"datePublished":"2014-02-08T21:29:17+01:00","dateModified":"2014-02-08T21:29:17+01:00","inLanguage":"es-ES","mainEntityOfPage":{"@id":"https:\/\/www.eldigitaldeasturias.com\/noticias\/un-muerto-en-uruguay-por-las-tormentas-y-los-vecinos-cortan-una-ruta-por-la-inundacion\/#webpage"},"isPartOf":{"@id":"https:\/\/www.eldigitaldeasturias.com\/noticias\/un-muerto-en-uruguay-por-las-tormentas-y-los-vecinos-cortan-una-ruta-por-la-inundacion\/#webpage"},"articleSection":"Actualidad"},{"@type":"BreadcrumbList","@id":"https:\/\/www.eldigitaldeasturias.com\/noticias\/un-muerto-en-uruguay-por-las-tormentas-y-los-vecinos-cortan-una-ruta-por-la-inundacion\/#breadcrumblist","itemListElement":[{"@type":"ListItem","@id":"https:\/\/www.eldigitaldeasturias.com\/noticias#listItem","position":1,"name":"Home","item":"https:\/\/www.eldigitaldeasturias.com\/noticias","nextItem":{"@type":"ListItem","@id":"https:\/\/www.eldigitaldeasturias.com\/noticias\/category\/actualidad\/#listItem","name":"Actualidad"}},{"@type":"ListItem","@id":"https:\/\/www.eldigitaldeasturias.com\/noticias\/category\/actualidad\/#listItem","position":2,"name":"Actualidad","item":"https:\/\/www.eldigitaldeasturias.com\/noticias\/category\/actualidad\/","nextItem":{"@type":"ListItem","@id":"https:\/\/www.eldigitaldeasturias.com\/noticias\/un-muerto-en-uruguay-por-las-tormentas-y-los-vecinos-cortan-una-ruta-por-la-inundacion\/#listItem","name":"Un muerto en Uruguay por las tormentas y los vecinos cortan una ruta por la inundaci\u00f3n"},"previousItem":{"@type":"ListItem","@id":"https:\/\/www.eldigitaldeasturias.com\/noticias#listItem","name":"Home"}},{"@type":"ListItem","@id":"https:\/\/www.eldigitaldeasturias.com\/noticias\/un-muerto-en-uruguay-por-las-tormentas-y-los-vecinos-cortan-una-ruta-por-la-inundacion\/#listItem","position":3,"name":"Un muerto en Uruguay por las tormentas y los vecinos cortan una ruta por la inundaci\u00f3n","previousItem":{"@type":"ListItem","@id":"https:\/\/www.eldigitaldeasturias.com\/noticias\/category\/actualidad\/#listItem","name":"Actualidad"}}]},{"@type":"Organization","@id":"https:\/\/www.eldigitaldeasturias.com\/noticias\/#organization","name":"El Digital de Asturias","description":"Hemeroteca","url":"https:\/\/www.eldigitaldeasturias.com\/noticias\/","email":"info@eldigitaldeasturias.com","telephone":"+34652131393","logo":{"@type":"ImageObject","url":"https:\/\/www.eldigitaldeasturias.com\/noticias\/wp-content\/uploads\/2020\/12\/EDA.jpg","@id":"https:\/\/www.eldigitaldeasturias.com\/noticias\/un-muerto-en-uruguay-por-las-tormentas-y-los-vecinos-cortan-una-ruta-por-la-inundacion\/#organizationLogo"},"image":{"@id":"https:\/\/www.eldigitaldeasturias.com\/noticias\/un-muerto-en-uruguay-por-las-tormentas-y-los-vecinos-cortan-una-ruta-por-la-inundacion\/#organizationLogo"},"sameAs":["https:\/\/facebook.com\/eldigitaldeasturias","https:\/\/www.youtube.com\/channel\/UCZP-2wLEB9Rv6erhFmqVnvg"],"address":{"@id":"https:\/\/www.eldigitaldeasturias.com\/noticias\/#postaladdress","@type":"PostalAddress","streetAddress":"san antonio 4","postalCode":"33430","addressLocality":"Cand\u00e1s","addressRegion":"Asturias","addressCountry":"ES"}},{"@type":"Person","@id":"https:\/\/www.eldigitaldeasturias.com\/noticias\/author\/admin\/#author","url":"https:\/\/www.eldigitaldeasturias.com\/noticias\/author\/admin\/","name":"El Digital de Asturias","image":{"@type":"ImageObject","@id":"https:\/\/www.eldigitaldeasturias.com\/noticias\/un-muerto-en-uruguay-por-las-tormentas-y-los-vecinos-cortan-una-ruta-por-la-inundacion\/#authorImage","url":"https:\/\/secure.gravatar.com\/avatar\/df2aeffc32bcd13f8d26072ef8a91b623d677766deac7f97ca815868cd41bf5e?s=96&d=mm&r=g","width":96,"height":96,"caption":"El Digital de Asturias"}},{"@type":"WebPage","@id":"https:\/\/www.eldigitaldeasturias.com\/noticias\/un-muerto-en-uruguay-por-las-tormentas-y-los-vecinos-cortan-una-ruta-por-la-inundacion\/#webpage","url":"https:\/\/www.eldigitaldeasturias.com\/noticias\/un-muerto-en-uruguay-por-las-tormentas-y-los-vecinos-cortan-una-ruta-por-la-inundacion\/","name":"Un muerto en Uruguay por las tormentas y los vecinos cortan una ruta por la inundaci\u00f3n - El Digital de Asturias","description":"Montevideo, 8 feb (EFE).- Un hombre muri\u00f3 en Uruguay debido a un accidente de tr\u00e1nsito en medio de fuertes lluvias y decenas de vecinos cortaron una de las principales rutas del pa\u00eds para protestar por las inundaciones que afectan la zona, informaron hoy fuentes oficiales. El hombre conduc\u00eda un veh\u00edculo que colision\u00f3 con un autob\u00fas","inLanguage":"es-ES","isPartOf":{"@id":"https:\/\/www.eldigitaldeasturias.com\/noticias\/#website"},"breadcrumb":{"@id":"https:\/\/www.eldigitaldeasturias.com\/noticias\/un-muerto-en-uruguay-por-las-tormentas-y-los-vecinos-cortan-una-ruta-por-la-inundacion\/#breadcrumblist"},"author":{"@id":"https:\/\/www.eldigitaldeasturias.com\/noticias\/author\/admin\/#author"},"creator":{"@id":"https:\/\/www.eldigitaldeasturias.com\/noticias\/author\/admin\/#author"},"image":{"@type":"ImageObject","url":486940,"@id":"https:\/\/www.eldigitaldeasturias.com\/noticias\/un-muerto-en-uruguay-por-las-tormentas-y-los-vecinos-cortan-una-ruta-por-la-inundacion\/#mainImage"},"primaryImageOfPage":{"@id":"https:\/\/www.eldigitaldeasturias.com\/noticias\/un-muerto-en-uruguay-por-las-tormentas-y-los-vecinos-cortan-una-ruta-por-la-inundacion\/#mainImage"},"datePublished":"2014-02-08T21:29:17+01:00","dateModified":"2014-02-08T21:29:17+01:00"},{"@type":"WebSite","@id":"https:\/\/www.eldigitaldeasturias.com\/noticias\/#website","url":"https:\/\/www.eldigitaldeasturias.com\/noticias\/","name":"El Digital de Asturias - Diario de actualidad y noticias","alternateName":"El Digital de Asturias - Diario de actualidad y noticias","description":"Hemeroteca","inLanguage":"es-ES","publisher":{"@id":"https:\/\/www.eldigitaldeasturias.com\/noticias\/#organization"}}]},"og:locale":"es_ES","og:site_name":"El Digital de Asturias","og:type":"article","og:title":"Un muerto en Uruguay por las tormentas y los vecinos cortan una ruta por la inundaci\u00f3n - El Digital de Asturias","og:description":"Montevideo, 8 feb (EFE).- Un hombre muri\u00f3 en Uruguay debido a un accidente de tr\u00e1nsito en medio de fuertes lluvias y decenas de vecinos cortaron una de las principales rutas del pa\u00eds para protestar por las inundaciones que afectan la zona, informaron hoy fuentes oficiales. El hombre conduc\u00eda un veh\u00edculo que colision\u00f3 con un autob\u00fas","og:url":"https:\/\/www.eldigitaldeasturias.com\/noticias\/un-muerto-en-uruguay-por-las-tormentas-y-los-vecinos-cortan-una-ruta-por-la-inundacion\/","article:tag":["actualidad"],"article:published_time":"2014-02-08T22:29:17+00:00","article:modified_time":"2014-02-08T22:29:17+00:00","article:publisher":"https:\/\/facebook.com\/eldigitaldeasturias","twitter:card":"summary_large_image","twitter:title":"Un muerto en Uruguay por las tormentas y los vecinos cortan una ruta por la inundaci\u00f3n - El Digital de Asturias","twitter:description":"Montevideo, 8 feb (EFE).- Un hombre muri\u00f3 en Uruguay debido a un accidente de tr\u00e1nsito en medio de fuertes lluvias y decenas de vecinos cortaron una de las principales rutas del pa\u00eds para protestar por las inundaciones que afectan la zona, informaron hoy fuentes oficiales. El hombre conduc\u00eda un veh\u00edculo que colision\u00f3 con un autob\u00fas","twitter:label1":"Escrito por","twitter:data1":"El Digital de Asturias","twitter:label2":"Tiempo de lectura estimado","twitter:data2":"2 minutos"},"aioseo_meta_data":{"post_id":"486939","title":null,"description":null,"keywords":null,"keyphrases":null,"primary_term":null,"canonical_url":null,"og_title":null,"og_description":null,"og_object_type":"default","og_image_type":"default","og_image_url":null,"og_image_width":null,"og_image_height":null,"og_image_custom_url":null,"og_image_custom_fields":null,"og_video":null,"og_custom_url":null,"og_article_section":null,"og_article_tags":null,"twitter_use_og":true,"twitter_card":"default","twitter_image_type":"default","twitter_image_url":null,"twitter_image_custom_url":null,"twitter_image_custom_fields":null,"twitter_title":null,"twitter_description":null,"schema":{"blockGraphs":[],"customGraphs":[],"default":{"data":{"Article":[],"Course":[],"Dataset":[],"FAQPage":[],"Movie":[],"Person":[],"Product":[],"ProductReview":[],"Car":[],"Recipe":[],"Service":[],"SoftwareApplication":[],"WebPage":[]},"graphName":"","isEnabled":true},"graphs":[],"defaultGraph":"","defaultPostTypeGraph":""},"schema_type":null,"schema_type_options":null,"pillar_content":false,"robots_default":true,"robots_noindex":false,"robots_noarchive":false,"robots_nosnippet":false,"robots_nofollow":false,"robots_noimageindex":false,"robots_noodp":false,"robots_notranslate":false,"robots_max_snippet":null,"robots_max_videopreview":null,"robots_max_imagepreview":"none","priority":null,"frequency":null,"local_seo":null,"seo_analyzer_scan_date":"2026-06-03 03:06:48","breadcrumb_settings":null,"limit_modified_date":false,"open_ai":null,"ai":null,"created":"2020-11-14 22:56:17","updated":"2026-06-03 03:06:48","focus_keyword":null,"additional_keywords":null,"truseo_locale":null},"aioseo_breadcrumb":"<div class=\"aioseo-breadcrumbs\"><span class=\"aioseo-breadcrumb\">\n\t<a href=\"https:\/\/www.eldigitaldeasturias.com\/noticias\" title=\"Home\">Home<\/a>\n<\/span><span class=\"aioseo-breadcrumb-separator\">\u2013<\/span><span class=\"aioseo-breadcrumb\">\n\t<a href=\"https:\/\/www.eldigitaldeasturias.com\/noticias\/category\/actualidad\/\" title=\"Actualidad\">Actualidad<\/a>\n<\/span><span class=\"aioseo-breadcrumb-separator\">\u2013<\/span><span class=\"aioseo-breadcrumb\">\n\t<a href=\"https:\/\/www.eldigitaldeasturias.com\/noticias\/un-muerto-en-uruguay-por-las-tormentas-y-los-vecinos-cortan-una-ruta-por-la-inundacion\/\" title=\"Un muerto en Uruguay por las tormentas y los vecinos cortan una ruta por la inundaci\u00f3n\">Un muerto en Uruguay por las tormentas y los vecinos cortan una ruta por la inundaci\u00f3n<\/a>\n<\/span><\/div>","aioseo_breadcrumb_json":[{"label":"Home","link":"https:\/\/www.eldigitaldeasturias.com\/noticias"},{"label":"Actualidad","link":"https:\/\/www.eldigitaldeasturias.com\/noticias\/category\/actualidad\/"},{"label":"Un muerto en Uruguay por las tormentas y los vecinos cortan una ruta por la inundaci\u00f3n","link":"https:\/\/www.eldigitaldeasturias.com\/noticias\/un-muerto-en-uruguay-por-las-tormentas-y-los-vecinos-cortan-una-ruta-por-la-inundacion\/"}],"_links":{"self":[{"href":"https:\/\/www.eldigitaldeasturias.com\/noticias\/wp-json\/wp\/v2\/posts\/486939","targetHints":{"allow":["GET"]}}],"collection":[{"href":"https:\/\/www.eldigitaldeasturias.com\/noticias\/wp-json\/wp\/v2\/posts"}],"about":[{"href":"https:\/\/www.eldigitaldeasturias.com\/noticias\/wp-json\/wp\/v2\/types\/post"}],"author":[{"embeddable":true,"href":"https:\/\/www.eldigitaldeasturias.com\/noticias\/wp-json\/wp\/v2\/users\/1"}],"replies":[{"embeddable":true,"href":"https:\/\/www.eldigitaldeasturias.com\/noticias\/wp-json\/wp\/v2\/comments?post=486939"}],"version-history":[{"count":0,"href":"https:\/\/www.eldigitaldeasturias.com\/noticias\/wp-json\/wp\/v2\/posts\/486939\/revisions"}],"wp:attachment":[{"href":"https:\/\/www.eldigitaldeasturias.com\/noticias\/wp-json\/wp\/v2\/media?parent=486939"}],"wp:term":[{"taxonomy":"category","embeddable":true,"href":"https:\/\/www.eldigitaldeasturias.com\/noticias\/wp-json\/wp\/v2\/categories?post=486939"},{"taxonomy":"post_tag","embeddable":true,"href":"https:\/\/www.eldigitaldeasturias.com\/noticias\/wp-json\/wp\/v2\/tags?post=486939"}],"curies":[{"name":"wp","href":"https:\/\/api.w.org\/{rel}","templated":true}]}}