{"id":486936,"date":"2014-02-08T21:27:02","date_gmt":"2014-02-08T22:27:02","guid":{"rendered":"http:\/\/www.eldigitaldeasturias.com\/noticias\/?p=486936"},"modified":"2014-02-08T21:27:02","modified_gmt":"2014-02-08T22:27:02","slug":"brasil-encara-el-mundial-con-barreras-que-salvar-en-su-campo","status":"publish","type":"post","link":"https:\/\/www.eldigitaldeasturias.com\/noticias\/brasil-encara-el-mundial-con-barreras-que-salvar-en-su-campo\/","title":{"rendered":"Brasil encara el Mundial con barreras que salvar en su campo"},"content":{"rendered":"<p><img loading=\"lazy\" decoding=\"async\" class=\"alignleft size-medium wp-image-486937\" alt=\"5924131w\" src=\"https:\/\/www.eldigitaldeasturias.com\/noticias\/wp-content\/uploads\/2014\/02\/5924131w-360x240.jpg\" width=\"360\" height=\"240\" \/>Sao Paulo, 8 feb (EFE).- La muerte de un trabajador m\u00e1s en las obras del estadio Arena Amazonia, en Manaos, el pasado viernes, fue la \u00faltima piedra de un muro de argumentos que han llevado a cuestionar la organizaci\u00f3n del Mundial de F\u00fatbol 2014, una barrera que Brasil tendr\u00e1 que salvar antes de la realizaci\u00f3n del torneo.<\/p>\n<p>El fallecimiento de este trabajador en las obras del estadio se sum\u00f3 a otras cinco que han venido produci\u00e9ndose en los \u00faltimos a\u00f1os, desde que comenzaran los trabajos del Mundial y reabri\u00f3 la pol\u00e9mica azuzada por algunas voces que apuntan a un carente nivel de seguridad en las obras del mayor evento futbol\u00edstico del mundo.<\/p>\n<p>El suceso llev\u00f3 de nuevo a algunos sectores a cuestionar la presi\u00f3n ejercida contra los trabajadores para poder entregar los estadios dentro del plazo previsto, debido a que algunos de ellos sufren atrasos a causa de los accidentes, la falta de mano de obra y problemas burocr\u00e1ticos para conseguir financiaci\u00f3n.<\/p>\n<p>De los cinco estadios a\u00fan en obras, el que m\u00e1s preocupa es el del Arena Corinthians de Sao Paulo, que acoger\u00e1 el partido inaugural el 12 de junio, y que debido a un desplome de parte de su cubierta el pasado noviembre, tendr\u00e1 que posponer su inauguraci\u00f3n hasta el 15 de abril.<\/p>\n<p>Los retrasos del estadio Arena da Baixada, en Curitiba, tambi\u00e9n se encuentran en el punto de mira de la FIFA, un hecho que llev\u00f3 recientemente al secretario general de la organizaci\u00f3n, J\u00e9r\u00f4me Valcke, a amenazar con sacar a la ciudad del Mundial si no se aceleran los trabajos.<\/p>\n<p>Las preocupaci\u00f3n por los retrasos no llegan solo desde fuera de las fronteras. En Brasil, diferentes personalidades, entre ellas el exastro Pel\u00e9, tambi\u00e9n han mostrado su inquietud al respecto.<\/p>\n<p>\u00abLa Copa Confederaciones, la Copa del Mundo y los Juegos Ol\u00edmpicos son una oportunidad para atraer turistas, facturar bastante e, infelizmente, estamos dando un paso en falso en ese sentido\u00bb, dijo el considerado mejor futbolista de todos los tiempos.<\/p>\n<p>La preocupaci\u00f3n no solo se fundamenta en los atrasos en las obras de los estadios sino que va m\u00e1s all\u00e1, a falta de cuatro meses del saque inicial, Brasil todav\u00eda tiene en curso diferentes obras p\u00fablicas pendientes.<\/p>\n<p>\u00abBrasil acaba de tomar conciencia de lo que es (el Mundial). Ellos comenzaron demasiado tarde, es el pa\u00eds m\u00e1s atrasado desde que estoy en la FIFA y es el \u00fanico que tuvo tanto tiempo para prepararse\u00bb, declar\u00f3 el presidente de la FIFA, Jospeh Blatter.<\/p>\n<p>Fuera del campo, otra de las barreras que el Gobierno deber\u00e1 sortear es la de las protestas convocadas contra de la organizaci\u00f3n del Mundial y que, en lo que va de a\u00f1o, han llevado a cientos de personas a manifestarse en las calles de todo el pa\u00eds.<\/p>\n<p>El manifiesto de convocatoria de la \u00faltima protesta, que tuvo lugar el 25 de enero, criticaba el sobrecoste en los gasto previsto de la organizaci\u00f3n y achacaba el aumento del presupuesto a la corrupci\u00f3n en las instituciones responsables de la construcci\u00f3n de los estadios.<\/p>\n<p>Las manifestaciones, que en ciudades como Sao Paulo registraron varios heridos y terminaron con m\u00e1s de 100 personas detenidas, devolvieron el recuerdo de las protestas que el pasado junio sacudieron el pa\u00eds coincidiendo con la celebraci\u00f3n de la Copa de las Confederaciones.<\/p>\n<p>Ante el temor de que estas convocatorias puedan empa\u00f1ar el torneo, Pel\u00e9 pidi\u00f3 a sus compatriotas que interrumpan sus manifestaciones hasta despu\u00e9s del Mundial.<\/p>\n<p>\u00abEspero que tengamos esa conciencia: dejar pasar la Copa del Mundo. Ah\u00ed podemos reivindicar que los pol\u00edticos est\u00e1n robando o desviando. Eso es otra cosa. El f\u00fatbol s\u00f3lo trae divisas y beneficio para Brasil\u00bb, dijo el exjugador.<\/p>\n<p>El expresidente brasile\u00f1o Luiz In\u00e1cio Lula da Silva asegur\u00f3, no obstante, que la realizaci\u00f3n de las mismas no impedir\u00e1n el \u00e9xito de la organizaci\u00f3n del Mundial de f\u00fatbol.<\/p>\n<p>A pesar de las cr\u00edticas que han llovido en los \u00faltimos meses sobre la organizaci\u00f3n del evento, el Gobierno ha intentado mantener la imagen de liderazgo pol\u00edtico y deportivo de Brasil.<\/p>\n<p>La presidenta, Dilma Rousseff, respaldada por futbolistas como Neymar y Kak\u00e1, y exjugadores como Ronaldo, ha reiterado en m\u00e1s de una ocasi\u00f3n que \u00abel pa\u00eds del f\u00fatbol\u00bb va a celebrar la \u00abCopa de las Copas\u00bb.<\/p>\n","protected":false},"excerpt":{"rendered":"<p>Sao Paulo, 8 feb (EFE).- La muerte de un trabajador m\u00e1s en las obras del estadio Arena Amazonia, en Manaos, el pasado viernes, fue la \u00faltima piedra de un muro de argumentos que han llevado a cuestionar la organizaci\u00f3n del Mundial de F\u00fatbol 2014, una barrera que Brasil tendr\u00e1 que salvar antes de la realizaci\u00f3n [&hellip;]<\/p>\n","protected":false},"author":1,"featured_media":486937,"comment_status":"open","ping_status":"open","sticky":false,"template":"","format":"standard","meta":{"footnotes":""},"categories":[1],"tags":[],"class_list":["post-486936","post","type-post","status-publish","format-standard","has-post-thumbnail","hentry","category-actualidad"],"aioseo_notices":[],"aioseo_head":"\n\t\t<!-- All in One SEO Pro 5.0.1 - aioseo.com -->\n\t<meta name=\"description\" content=\"Sao Paulo, 8 feb (EFE).- La muerte de un trabajador m\u00e1s en las obras del estadio Arena Amazonia, en Manaos, el pasado viernes, fue la \u00faltima piedra de un muro de argumentos que han llevado a cuestionar la organizaci\u00f3n del Mundial de F\u00fatbol 2014, una barrera que Brasil tendr\u00e1 que salvar antes de la realizaci\u00f3n\" \/>\n\t<meta name=\"robots\" content=\"max-image-preview:large\" \/>\n\t<meta name=\"author\" content=\"El Digital de Asturias\"\/>\n\t<meta name=\"google-site-verification\" content=\"UA-38556648-1\" \/>\n\t<meta name=\"msvalidate.01\" content=\"7dfe9f3f1b24437ab69f4f2559babe99\" \/>\n\t<meta name=\"keywords\" content=\"actualidad\" \/>\n\t<link rel=\"canonical\" href=\"https:\/\/www.eldigitaldeasturias.com\/noticias\/brasil-encara-el-mundial-con-barreras-que-salvar-en-su-campo\/\" \/>\n\t<meta name=\"generator\" content=\"All in One SEO Pro (AIOSEO) 5.0.1\" \/>\n\t\t<meta property=\"og:locale\" content=\"es_ES\" \/>\n\t\t<meta property=\"og:site_name\" content=\"El Digital de Asturias\" \/>\n\t\t<meta property=\"og:type\" content=\"article\" \/>\n\t\t<meta property=\"og:title\" content=\"Brasil encara el Mundial con barreras que salvar en su campo - El Digital de Asturias\" \/>\n\t\t<meta property=\"og:description\" content=\"Sao Paulo, 8 feb (EFE).- La muerte de un trabajador m\u00e1s en las obras del estadio Arena Amazonia, en Manaos, el pasado viernes, fue la \u00faltima piedra de un muro de argumentos que han llevado a cuestionar la organizaci\u00f3n del Mundial de F\u00fatbol 2014, una barrera que Brasil tendr\u00e1 que salvar antes de la realizaci\u00f3n\" \/>\n\t\t<meta property=\"og:url\" content=\"https:\/\/www.eldigitaldeasturias.com\/noticias\/brasil-encara-el-mundial-con-barreras-que-salvar-en-su-campo\/\" \/>\n\t\t<meta property=\"article:tag\" content=\"actualidad\" \/>\n\t\t<meta property=\"article:published_time\" content=\"2014-02-08T22:27:02+00:00\" \/>\n\t\t<meta property=\"article:modified_time\" content=\"2014-02-08T22:27:02+00:00\" \/>\n\t\t<meta property=\"article:publisher\" content=\"https:\/\/facebook.com\/eldigitaldeasturias\" \/>\n\t\t<meta name=\"twitter:card\" content=\"summary_large_image\" \/>\n\t\t<meta name=\"twitter:title\" content=\"Brasil encara el Mundial con barreras que salvar en su campo - El Digital de Asturias\" \/>\n\t\t<meta name=\"twitter:description\" content=\"Sao Paulo, 8 feb (EFE).- La muerte de un trabajador m\u00e1s en las obras del estadio Arena Amazonia, en Manaos, el pasado viernes, fue la \u00faltima piedra de un muro de argumentos que han llevado a cuestionar la organizaci\u00f3n del Mundial de F\u00fatbol 2014, una barrera que Brasil tendr\u00e1 que salvar antes de la realizaci\u00f3n\" \/>\n\t\t<meta name=\"twitter:label1\" content=\"Escrito por\" \/>\n\t\t<meta name=\"twitter:data1\" content=\"El Digital de Asturias\" \/>\n\t\t<meta name=\"twitter:label2\" content=\"Tiempo de lectura estimado\" \/>\n\t\t<meta name=\"twitter:data2\" content=\"4 minutos\" \/>\n\t\t<script type=\"application\/ld+json\" class=\"aioseo-schema\">\n\t\t\t{\"@context\":\"https:\\\/\\\/schema.org\",\"@graph\":[{\"@type\":\"BlogPosting\",\"@id\":\"https:\\\/\\\/www.eldigitaldeasturias.com\\\/noticias\\\/brasil-encara-el-mundial-con-barreras-que-salvar-en-su-campo\\\/#blogposting\",\"name\":\"Brasil encara el Mundial con barreras que salvar en su campo - El Digital de Asturias\",\"headline\":\"Brasil encara el Mundial con barreras que salvar en su campo\",\"author\":{\"@id\":\"https:\\\/\\\/www.eldigitaldeasturias.com\\\/noticias\\\/author\\\/admin\\\/#author\"},\"publisher\":{\"@id\":\"https:\\\/\\\/www.eldigitaldeasturias.com\\\/noticias\\\/#organization\"},\"image\":{\"@type\":\"ImageObject\",\"url\":486937},\"datePublished\":\"2014-02-08T21:27:02+01:00\",\"dateModified\":\"2014-02-08T21:27:02+01:00\",\"inLanguage\":\"es-ES\",\"mainEntityOfPage\":{\"@id\":\"https:\\\/\\\/www.eldigitaldeasturias.com\\\/noticias\\\/brasil-encara-el-mundial-con-barreras-que-salvar-en-su-campo\\\/#webpage\"},\"isPartOf\":{\"@id\":\"https:\\\/\\\/www.eldigitaldeasturias.com\\\/noticias\\\/brasil-encara-el-mundial-con-barreras-que-salvar-en-su-campo\\\/#webpage\"},\"articleSection\":\"Actualidad\"},{\"@type\":\"BreadcrumbList\",\"@id\":\"https:\\\/\\\/www.eldigitaldeasturias.com\\\/noticias\\\/brasil-encara-el-mundial-con-barreras-que-salvar-en-su-campo\\\/#breadcrumblist\",\"itemListElement\":[{\"@type\":\"ListItem\",\"@id\":\"https:\\\/\\\/www.eldigitaldeasturias.com\\\/noticias#listItem\",\"position\":1,\"name\":\"Home\",\"item\":\"https:\\\/\\\/www.eldigitaldeasturias.com\\\/noticias\",\"nextItem\":{\"@type\":\"ListItem\",\"@id\":\"https:\\\/\\\/www.eldigitaldeasturias.com\\\/noticias\\\/category\\\/actualidad\\\/#listItem\",\"name\":\"Actualidad\"}},{\"@type\":\"ListItem\",\"@id\":\"https:\\\/\\\/www.eldigitaldeasturias.com\\\/noticias\\\/category\\\/actualidad\\\/#listItem\",\"position\":2,\"name\":\"Actualidad\",\"item\":\"https:\\\/\\\/www.eldigitaldeasturias.com\\\/noticias\\\/category\\\/actualidad\\\/\",\"nextItem\":{\"@type\":\"ListItem\",\"@id\":\"https:\\\/\\\/www.eldigitaldeasturias.com\\\/noticias\\\/brasil-encara-el-mundial-con-barreras-que-salvar-en-su-campo\\\/#listItem\",\"name\":\"Brasil encara el Mundial con barreras que salvar en su campo\"},\"previousItem\":{\"@type\":\"ListItem\",\"@id\":\"https:\\\/\\\/www.eldigitaldeasturias.com\\\/noticias#listItem\",\"name\":\"Home\"}},{\"@type\":\"ListItem\",\"@id\":\"https:\\\/\\\/www.eldigitaldeasturias.com\\\/noticias\\\/brasil-encara-el-mundial-con-barreras-que-salvar-en-su-campo\\\/#listItem\",\"position\":3,\"name\":\"Brasil encara el Mundial con barreras que salvar en su campo\",\"previousItem\":{\"@type\":\"ListItem\",\"@id\":\"https:\\\/\\\/www.eldigitaldeasturias.com\\\/noticias\\\/category\\\/actualidad\\\/#listItem\",\"name\":\"Actualidad\"}}]},{\"@type\":\"Organization\",\"@id\":\"https:\\\/\\\/www.eldigitaldeasturias.com\\\/noticias\\\/#organization\",\"name\":\"El Digital de Asturias\",\"description\":\"Hemeroteca\",\"url\":\"https:\\\/\\\/www.eldigitaldeasturias.com\\\/noticias\\\/\",\"email\":\"info@eldigitaldeasturias.com\",\"telephone\":\"+34652131393\",\"logo\":{\"@type\":\"ImageObject\",\"url\":\"https:\\\/\\\/www.eldigitaldeasturias.com\\\/noticias\\\/wp-content\\\/uploads\\\/2020\\\/12\\\/EDA.jpg\",\"@id\":\"https:\\\/\\\/www.eldigitaldeasturias.com\\\/noticias\\\/brasil-encara-el-mundial-con-barreras-que-salvar-en-su-campo\\\/#organizationLogo\"},\"image\":{\"@id\":\"https:\\\/\\\/www.eldigitaldeasturias.com\\\/noticias\\\/brasil-encara-el-mundial-con-barreras-que-salvar-en-su-campo\\\/#organizationLogo\"},\"sameAs\":[\"https:\\\/\\\/facebook.com\\\/eldigitaldeasturias\",\"https:\\\/\\\/www.youtube.com\\\/channel\\\/UCZP-2wLEB9Rv6erhFmqVnvg\"],\"address\":{\"@id\":\"https:\\\/\\\/www.eldigitaldeasturias.com\\\/noticias\\\/#postaladdress\",\"@type\":\"PostalAddress\",\"streetAddress\":\"san antonio 4\",\"postalCode\":\"33430\",\"addressLocality\":\"Cand\\u00e1s\",\"addressRegion\":\"Asturias\",\"addressCountry\":\"ES\"}},{\"@type\":\"Person\",\"@id\":\"https:\\\/\\\/www.eldigitaldeasturias.com\\\/noticias\\\/author\\\/admin\\\/#author\",\"url\":\"https:\\\/\\\/www.eldigitaldeasturias.com\\\/noticias\\\/author\\\/admin\\\/\",\"name\":\"El Digital de Asturias\",\"image\":{\"@type\":\"ImageObject\",\"@id\":\"https:\\\/\\\/www.eldigitaldeasturias.com\\\/noticias\\\/brasil-encara-el-mundial-con-barreras-que-salvar-en-su-campo\\\/#authorImage\",\"url\":\"https:\\\/\\\/secure.gravatar.com\\\/avatar\\\/df2aeffc32bcd13f8d26072ef8a91b623d677766deac7f97ca815868cd41bf5e?s=96&d=mm&r=g\",\"width\":96,\"height\":96,\"caption\":\"El Digital de Asturias\"}},{\"@type\":\"WebPage\",\"@id\":\"https:\\\/\\\/www.eldigitaldeasturias.com\\\/noticias\\\/brasil-encara-el-mundial-con-barreras-que-salvar-en-su-campo\\\/#webpage\",\"url\":\"https:\\\/\\\/www.eldigitaldeasturias.com\\\/noticias\\\/brasil-encara-el-mundial-con-barreras-que-salvar-en-su-campo\\\/\",\"name\":\"Brasil encara el Mundial con barreras que salvar en su campo - El Digital de Asturias\",\"description\":\"Sao Paulo, 8 feb (EFE).- La muerte de un trabajador m\\u00e1s en las obras del estadio Arena Amazonia, en Manaos, el pasado viernes, fue la \\u00faltima piedra de un muro de argumentos que han llevado a cuestionar la organizaci\\u00f3n del Mundial de F\\u00fatbol 2014, una barrera que Brasil tendr\\u00e1 que salvar antes de la realizaci\\u00f3n\",\"inLanguage\":\"es-ES\",\"isPartOf\":{\"@id\":\"https:\\\/\\\/www.eldigitaldeasturias.com\\\/noticias\\\/#website\"},\"breadcrumb\":{\"@id\":\"https:\\\/\\\/www.eldigitaldeasturias.com\\\/noticias\\\/brasil-encara-el-mundial-con-barreras-que-salvar-en-su-campo\\\/#breadcrumblist\"},\"author\":{\"@id\":\"https:\\\/\\\/www.eldigitaldeasturias.com\\\/noticias\\\/author\\\/admin\\\/#author\"},\"creator\":{\"@id\":\"https:\\\/\\\/www.eldigitaldeasturias.com\\\/noticias\\\/author\\\/admin\\\/#author\"},\"image\":{\"@type\":\"ImageObject\",\"url\":486937,\"@id\":\"https:\\\/\\\/www.eldigitaldeasturias.com\\\/noticias\\\/brasil-encara-el-mundial-con-barreras-que-salvar-en-su-campo\\\/#mainImage\"},\"primaryImageOfPage\":{\"@id\":\"https:\\\/\\\/www.eldigitaldeasturias.com\\\/noticias\\\/brasil-encara-el-mundial-con-barreras-que-salvar-en-su-campo\\\/#mainImage\"},\"datePublished\":\"2014-02-08T21:27:02+01:00\",\"dateModified\":\"2014-02-08T21:27:02+01:00\"},{\"@type\":\"WebSite\",\"@id\":\"https:\\\/\\\/www.eldigitaldeasturias.com\\\/noticias\\\/#website\",\"url\":\"https:\\\/\\\/www.eldigitaldeasturias.com\\\/noticias\\\/\",\"name\":\"El Digital de Asturias - Diario de actualidad y noticias\",\"alternateName\":\"El Digital de Asturias - Diario de actualidad y noticias\",\"description\":\"Hemeroteca\",\"inLanguage\":\"es-ES\",\"publisher\":{\"@id\":\"https:\\\/\\\/www.eldigitaldeasturias.com\\\/noticias\\\/#organization\"}}]}\n\t\t<\/script>\n\t\t<!-- All in One SEO Pro -->\r\n\t\t<title>Brasil encara el Mundial con barreras que salvar en su campo - El Digital de Asturias<\/title>\n\n","aioseo_head_json":{"title":"Brasil encara el Mundial con barreras que salvar en su campo - El Digital de Asturias","description":"Sao Paulo, 8 feb (EFE).- La muerte de un trabajador m\u00e1s en las obras del estadio Arena Amazonia, en Manaos, el pasado viernes, fue la \u00faltima piedra de un muro de argumentos que han llevado a cuestionar la organizaci\u00f3n del Mundial de F\u00fatbol 2014, una barrera que Brasil tendr\u00e1 que salvar antes de la realizaci\u00f3n","canonical_url":"https:\/\/www.eldigitaldeasturias.com\/noticias\/brasil-encara-el-mundial-con-barreras-que-salvar-en-su-campo\/","robots":"max-image-preview:large","keywords":"actualidad","webmasterTools":{"google-site-verification":"UA-38556648-1","msvalidate.01":"7dfe9f3f1b24437ab69f4f2559babe99","miscellaneous":""},"schema":{"@context":"https:\/\/schema.org","@graph":[{"@type":"BlogPosting","@id":"https:\/\/www.eldigitaldeasturias.com\/noticias\/brasil-encara-el-mundial-con-barreras-que-salvar-en-su-campo\/#blogposting","name":"Brasil encara el Mundial con barreras que salvar en su campo - El Digital de Asturias","headline":"Brasil encara el Mundial con barreras que salvar en su campo","author":{"@id":"https:\/\/www.eldigitaldeasturias.com\/noticias\/author\/admin\/#author"},"publisher":{"@id":"https:\/\/www.eldigitaldeasturias.com\/noticias\/#organization"},"image":{"@type":"ImageObject","url":486937},"datePublished":"2014-02-08T21:27:02+01:00","dateModified":"2014-02-08T21:27:02+01:00","inLanguage":"es-ES","mainEntityOfPage":{"@id":"https:\/\/www.eldigitaldeasturias.com\/noticias\/brasil-encara-el-mundial-con-barreras-que-salvar-en-su-campo\/#webpage"},"isPartOf":{"@id":"https:\/\/www.eldigitaldeasturias.com\/noticias\/brasil-encara-el-mundial-con-barreras-que-salvar-en-su-campo\/#webpage"},"articleSection":"Actualidad"},{"@type":"BreadcrumbList","@id":"https:\/\/www.eldigitaldeasturias.com\/noticias\/brasil-encara-el-mundial-con-barreras-que-salvar-en-su-campo\/#breadcrumblist","itemListElement":[{"@type":"ListItem","@id":"https:\/\/www.eldigitaldeasturias.com\/noticias#listItem","position":1,"name":"Home","item":"https:\/\/www.eldigitaldeasturias.com\/noticias","nextItem":{"@type":"ListItem","@id":"https:\/\/www.eldigitaldeasturias.com\/noticias\/category\/actualidad\/#listItem","name":"Actualidad"}},{"@type":"ListItem","@id":"https:\/\/www.eldigitaldeasturias.com\/noticias\/category\/actualidad\/#listItem","position":2,"name":"Actualidad","item":"https:\/\/www.eldigitaldeasturias.com\/noticias\/category\/actualidad\/","nextItem":{"@type":"ListItem","@id":"https:\/\/www.eldigitaldeasturias.com\/noticias\/brasil-encara-el-mundial-con-barreras-que-salvar-en-su-campo\/#listItem","name":"Brasil encara el Mundial con barreras que salvar en su campo"},"previousItem":{"@type":"ListItem","@id":"https:\/\/www.eldigitaldeasturias.com\/noticias#listItem","name":"Home"}},{"@type":"ListItem","@id":"https:\/\/www.eldigitaldeasturias.com\/noticias\/brasil-encara-el-mundial-con-barreras-que-salvar-en-su-campo\/#listItem","position":3,"name":"Brasil encara el Mundial con barreras que salvar en su campo","previousItem":{"@type":"ListItem","@id":"https:\/\/www.eldigitaldeasturias.com\/noticias\/category\/actualidad\/#listItem","name":"Actualidad"}}]},{"@type":"Organization","@id":"https:\/\/www.eldigitaldeasturias.com\/noticias\/#organization","name":"El Digital de Asturias","description":"Hemeroteca","url":"https:\/\/www.eldigitaldeasturias.com\/noticias\/","email":"info@eldigitaldeasturias.com","telephone":"+34652131393","logo":{"@type":"ImageObject","url":"https:\/\/www.eldigitaldeasturias.com\/noticias\/wp-content\/uploads\/2020\/12\/EDA.jpg","@id":"https:\/\/www.eldigitaldeasturias.com\/noticias\/brasil-encara-el-mundial-con-barreras-que-salvar-en-su-campo\/#organizationLogo"},"image":{"@id":"https:\/\/www.eldigitaldeasturias.com\/noticias\/brasil-encara-el-mundial-con-barreras-que-salvar-en-su-campo\/#organizationLogo"},"sameAs":["https:\/\/facebook.com\/eldigitaldeasturias","https:\/\/www.youtube.com\/channel\/UCZP-2wLEB9Rv6erhFmqVnvg"],"address":{"@id":"https:\/\/www.eldigitaldeasturias.com\/noticias\/#postaladdress","@type":"PostalAddress","streetAddress":"san antonio 4","postalCode":"33430","addressLocality":"Cand\u00e1s","addressRegion":"Asturias","addressCountry":"ES"}},{"@type":"Person","@id":"https:\/\/www.eldigitaldeasturias.com\/noticias\/author\/admin\/#author","url":"https:\/\/www.eldigitaldeasturias.com\/noticias\/author\/admin\/","name":"El Digital de Asturias","image":{"@type":"ImageObject","@id":"https:\/\/www.eldigitaldeasturias.com\/noticias\/brasil-encara-el-mundial-con-barreras-que-salvar-en-su-campo\/#authorImage","url":"https:\/\/secure.gravatar.com\/avatar\/df2aeffc32bcd13f8d26072ef8a91b623d677766deac7f97ca815868cd41bf5e?s=96&d=mm&r=g","width":96,"height":96,"caption":"El Digital de Asturias"}},{"@type":"WebPage","@id":"https:\/\/www.eldigitaldeasturias.com\/noticias\/brasil-encara-el-mundial-con-barreras-que-salvar-en-su-campo\/#webpage","url":"https:\/\/www.eldigitaldeasturias.com\/noticias\/brasil-encara-el-mundial-con-barreras-que-salvar-en-su-campo\/","name":"Brasil encara el Mundial con barreras que salvar en su campo - El Digital de Asturias","description":"Sao Paulo, 8 feb (EFE).- La muerte de un trabajador m\u00e1s en las obras del estadio Arena Amazonia, en Manaos, el pasado viernes, fue la \u00faltima piedra de un muro de argumentos que han llevado a cuestionar la organizaci\u00f3n del Mundial de F\u00fatbol 2014, una barrera que Brasil tendr\u00e1 que salvar antes de la realizaci\u00f3n","inLanguage":"es-ES","isPartOf":{"@id":"https:\/\/www.eldigitaldeasturias.com\/noticias\/#website"},"breadcrumb":{"@id":"https:\/\/www.eldigitaldeasturias.com\/noticias\/brasil-encara-el-mundial-con-barreras-que-salvar-en-su-campo\/#breadcrumblist"},"author":{"@id":"https:\/\/www.eldigitaldeasturias.com\/noticias\/author\/admin\/#author"},"creator":{"@id":"https:\/\/www.eldigitaldeasturias.com\/noticias\/author\/admin\/#author"},"image":{"@type":"ImageObject","url":486937,"@id":"https:\/\/www.eldigitaldeasturias.com\/noticias\/brasil-encara-el-mundial-con-barreras-que-salvar-en-su-campo\/#mainImage"},"primaryImageOfPage":{"@id":"https:\/\/www.eldigitaldeasturias.com\/noticias\/brasil-encara-el-mundial-con-barreras-que-salvar-en-su-campo\/#mainImage"},"datePublished":"2014-02-08T21:27:02+01:00","dateModified":"2014-02-08T21:27:02+01:00"},{"@type":"WebSite","@id":"https:\/\/www.eldigitaldeasturias.com\/noticias\/#website","url":"https:\/\/www.eldigitaldeasturias.com\/noticias\/","name":"El Digital de Asturias - Diario de actualidad y noticias","alternateName":"El Digital de Asturias - Diario de actualidad y noticias","description":"Hemeroteca","inLanguage":"es-ES","publisher":{"@id":"https:\/\/www.eldigitaldeasturias.com\/noticias\/#organization"}}]},"og:locale":"es_ES","og:site_name":"El Digital de Asturias","og:type":"article","og:title":"Brasil encara el Mundial con barreras que salvar en su campo - El Digital de Asturias","og:description":"Sao Paulo, 8 feb (EFE).- La muerte de un trabajador m\u00e1s en las obras del estadio Arena Amazonia, en Manaos, el pasado viernes, fue la \u00faltima piedra de un muro de argumentos que han llevado a cuestionar la organizaci\u00f3n del Mundial de F\u00fatbol 2014, una barrera que Brasil tendr\u00e1 que salvar antes de la realizaci\u00f3n","og:url":"https:\/\/www.eldigitaldeasturias.com\/noticias\/brasil-encara-el-mundial-con-barreras-que-salvar-en-su-campo\/","article:tag":["actualidad"],"article:published_time":"2014-02-08T22:27:02+00:00","article:modified_time":"2014-02-08T22:27:02+00:00","article:publisher":"https:\/\/facebook.com\/eldigitaldeasturias","twitter:card":"summary_large_image","twitter:title":"Brasil encara el Mundial con barreras que salvar en su campo - El Digital de Asturias","twitter:description":"Sao Paulo, 8 feb (EFE).- La muerte de un trabajador m\u00e1s en las obras del estadio Arena Amazonia, en Manaos, el pasado viernes, fue la \u00faltima piedra de un muro de argumentos que han llevado a cuestionar la organizaci\u00f3n del Mundial de F\u00fatbol 2014, una barrera que Brasil tendr\u00e1 que salvar antes de la realizaci\u00f3n","twitter:label1":"Escrito por","twitter:data1":"El Digital de Asturias","twitter:label2":"Tiempo de lectura estimado","twitter:data2":"4 minutos"},"aioseo_meta_data":{"post_id":"486936","title":null,"description":null,"keywords":null,"keyphrases":null,"primary_term":null,"canonical_url":null,"og_title":null,"og_description":null,"og_object_type":"default","og_image_type":"default","og_image_url":null,"og_image_width":null,"og_image_height":null,"og_image_custom_url":null,"og_image_custom_fields":null,"og_video":null,"og_custom_url":null,"og_article_section":null,"og_article_tags":null,"twitter_use_og":true,"twitter_card":"default","twitter_image_type":"default","twitter_image_url":null,"twitter_image_custom_url":null,"twitter_image_custom_fields":null,"twitter_title":null,"twitter_description":null,"schema":{"blockGraphs":[],"customGraphs":[],"default":{"data":{"Article":[],"Course":[],"Dataset":[],"FAQPage":[],"Movie":[],"Person":[],"Product":[],"ProductReview":[],"Car":[],"Recipe":[],"Service":[],"SoftwareApplication":[],"WebPage":[]},"graphName":"","isEnabled":true},"graphs":[],"defaultGraph":"","defaultPostTypeGraph":""},"schema_type":null,"schema_type_options":null,"pillar_content":false,"robots_default":true,"robots_noindex":false,"robots_noarchive":false,"robots_nosnippet":false,"robots_nofollow":false,"robots_noimageindex":false,"robots_noodp":false,"robots_notranslate":false,"robots_max_snippet":null,"robots_max_videopreview":null,"robots_max_imagepreview":"none","priority":null,"frequency":null,"local_seo":null,"seo_analyzer_scan_date":"2026-06-03 03:06:47","breadcrumb_settings":null,"limit_modified_date":false,"open_ai":null,"ai":null,"created":"2020-11-14 22:56:17","updated":"2026-06-03 03:06:47","focus_keyword":null,"additional_keywords":null,"truseo_locale":null},"aioseo_breadcrumb":"<div class=\"aioseo-breadcrumbs\"><span class=\"aioseo-breadcrumb\">\n\t<a href=\"https:\/\/www.eldigitaldeasturias.com\/noticias\" title=\"Home\">Home<\/a>\n<\/span><span class=\"aioseo-breadcrumb-separator\">\u2013<\/span><span class=\"aioseo-breadcrumb\">\n\t<a href=\"https:\/\/www.eldigitaldeasturias.com\/noticias\/category\/actualidad\/\" title=\"Actualidad\">Actualidad<\/a>\n<\/span><span class=\"aioseo-breadcrumb-separator\">\u2013<\/span><span class=\"aioseo-breadcrumb\">\n\t<a href=\"https:\/\/www.eldigitaldeasturias.com\/noticias\/brasil-encara-el-mundial-con-barreras-que-salvar-en-su-campo\/\" title=\"Brasil encara el Mundial con barreras que salvar en su campo\">Brasil encara el Mundial con barreras que salvar en su campo<\/a>\n<\/span><\/div>","aioseo_breadcrumb_json":[{"label":"Home","link":"https:\/\/www.eldigitaldeasturias.com\/noticias"},{"label":"Actualidad","link":"https:\/\/www.eldigitaldeasturias.com\/noticias\/category\/actualidad\/"},{"label":"Brasil encara el Mundial con barreras que salvar en su campo","link":"https:\/\/www.eldigitaldeasturias.com\/noticias\/brasil-encara-el-mundial-con-barreras-que-salvar-en-su-campo\/"}],"_links":{"self":[{"href":"https:\/\/www.eldigitaldeasturias.com\/noticias\/wp-json\/wp\/v2\/posts\/486936","targetHints":{"allow":["GET"]}}],"collection":[{"href":"https:\/\/www.eldigitaldeasturias.com\/noticias\/wp-json\/wp\/v2\/posts"}],"about":[{"href":"https:\/\/www.eldigitaldeasturias.com\/noticias\/wp-json\/wp\/v2\/types\/post"}],"author":[{"embeddable":true,"href":"https:\/\/www.eldigitaldeasturias.com\/noticias\/wp-json\/wp\/v2\/users\/1"}],"replies":[{"embeddable":true,"href":"https:\/\/www.eldigitaldeasturias.com\/noticias\/wp-json\/wp\/v2\/comments?post=486936"}],"version-history":[{"count":0,"href":"https:\/\/www.eldigitaldeasturias.com\/noticias\/wp-json\/wp\/v2\/posts\/486936\/revisions"}],"wp:attachment":[{"href":"https:\/\/www.eldigitaldeasturias.com\/noticias\/wp-json\/wp\/v2\/media?parent=486936"}],"wp:term":[{"taxonomy":"category","embeddable":true,"href":"https:\/\/www.eldigitaldeasturias.com\/noticias\/wp-json\/wp\/v2\/categories?post=486936"},{"taxonomy":"post_tag","embeddable":true,"href":"https:\/\/www.eldigitaldeasturias.com\/noticias\/wp-json\/wp\/v2\/tags?post=486936"}],"curies":[{"name":"wp","href":"https:\/\/api.w.org\/{rel}","templated":true}]}}