{"id":486933,"date":"2014-02-08T21:25:52","date_gmt":"2014-02-08T22:25:52","guid":{"rendered":"http:\/\/www.eldigitaldeasturias.com\/noticias\/?p=486933"},"modified":"2014-02-08T21:25:52","modified_gmt":"2014-02-08T22:25:52","slug":"el-presidente-de-ceuta-lamenta-la-muerte-de-inmigrantes-buscando-un-mundo-mejor","status":"publish","type":"post","link":"https:\/\/www.eldigitaldeasturias.com\/noticias\/el-presidente-de-ceuta-lamenta-la-muerte-de-inmigrantes-buscando-un-mundo-mejor\/","title":{"rendered":"El presidente de Ceuta lamenta la muerte de inmigrantes buscando un mundo mejor"},"content":{"rendered":"<p><img loading=\"lazy\" decoding=\"async\" class=\"alignleft size-medium wp-image-486934\" alt=\"5924156w\" src=\"https:\/\/www.eldigitaldeasturias.com\/noticias\/wp-content\/uploads\/2014\/02\/5924156w-360x258.jpg\" width=\"360\" height=\"258\" \/>Ceuta, 8 feb (EFE).- El presidente de la Ciudad Aut\u00f3noma de Ceuta, Juan Jes\u00fas Vivas (PP), ha lamentado hoy la muerte de los inmigrantes subsaharianos que fallecieron el jueves en la frontera ceut\u00ed \u00abbuscando un mundo mejor\u00bb.<\/p>\n<p>Vivas ha hecho estas manifestaciones durante un acto en el que la Cofrad\u00eda de la Virgen de la Palma, Patrona de Algeciras (C\u00e1diz), y la Cofrad\u00eda de la Virgen de Africa, Patrona y Alcaldesa Perpetua de Ceuta, han culminado su hermanamiento.<\/p>\n<p>En una recepci\u00f3n oficial, el presidente ceut\u00ed ha recordado que a Ceuta y a Algeciras \u00ables une la condici\u00f3n de ser puertas de dos continentes, una circunstancia que se convierte en cualidad para convivir, compartir, acoger y vivir de una manera especial\u00bb.<\/p>\n<p>En este sentido, ha destacado la necesidad de \u00abser sensible con el drama humano que significa la p\u00e9rdida de vidas de aquellas personas que se arriesgan por encontrar un mundo mejor\u00bb, ha dicho en recuerdo de los fallecidos el jueves.<\/p>\n<p>\u00abPara todos ellos -ha comentado-, para estas criaturas que han fallecido tan cerca de aqu\u00ed, nuestro recuerdo emocionado, nuestro dolor y nuestra solidaridad\u00bb.<\/p>\n<p>\u00abTambi\u00e9n comparten Ceuta y Algeciras la vocaci\u00f3n de ser Espa\u00f1a, de servirla sin vacilaciones ni complejos\u00bb, ha proseguido el presidente, quien no ha pasado por alto \u00abel anhelo y deseo\u00bb de las dos de \u00abuna Espa\u00f1a unida, fuerte, cohesionada, solidaria y plural\u00bb.<\/p>\n<p>La recepci\u00f3n se ha desarrollado en el Antiguo Sal\u00f3n de Plenos del Palacio de la Asamblea y, adem\u00e1s del presidente Vivas, ha intervenido el alcalde de Algeciras, Jos\u00e9 Ignacio Landaluce, quien ha tenido palabras de pesar \u00abpor los tristes hechos\u00bb del jueves y de \u00abcari\u00f1o\u00bb a las fuerzas y cuerpos de seguridad del Estado.<\/p>\n","protected":false},"excerpt":{"rendered":"<p>Ceuta, 8 feb (EFE).- El presidente de la Ciudad Aut\u00f3noma de Ceuta, Juan Jes\u00fas Vivas (PP), ha lamentado hoy la muerte de los inmigrantes subsaharianos que fallecieron el jueves en la frontera ceut\u00ed \u00abbuscando un mundo mejor\u00bb. Vivas ha hecho estas manifestaciones durante un acto en el que la Cofrad\u00eda de la Virgen de la [&hellip;]<\/p>\n","protected":false},"author":1,"featured_media":486934,"comment_status":"open","ping_status":"open","sticky":false,"template":"","format":"standard","meta":{"footnotes":""},"categories":[1],"tags":[],"class_list":["post-486933","post","type-post","status-publish","format-standard","has-post-thumbnail","hentry","category-actualidad"],"aioseo_notices":[],"aioseo_head":"\n\t\t<!-- All in One SEO Pro 5.0.1 - aioseo.com -->\n\t<meta name=\"description\" content=\"Ceuta, 8 feb (EFE).- El presidente de la Ciudad Aut\u00f3noma de Ceuta, Juan Jes\u00fas Vivas (PP), ha lamentado hoy la muerte de los inmigrantes subsaharianos que fallecieron el jueves en la frontera ceut\u00ed &quot;buscando un mundo mejor&quot;. Vivas ha hecho estas manifestaciones durante un acto en el que la Cofrad\u00eda de la Virgen de la\" \/>\n\t<meta name=\"robots\" content=\"max-image-preview:large\" \/>\n\t<meta name=\"author\" content=\"El Digital de Asturias\"\/>\n\t<meta name=\"google-site-verification\" content=\"UA-38556648-1\" \/>\n\t<meta name=\"msvalidate.01\" content=\"7dfe9f3f1b24437ab69f4f2559babe99\" \/>\n\t<meta name=\"keywords\" content=\"actualidad\" \/>\n\t<link rel=\"canonical\" href=\"https:\/\/www.eldigitaldeasturias.com\/noticias\/el-presidente-de-ceuta-lamenta-la-muerte-de-inmigrantes-buscando-un-mundo-mejor\/\" \/>\n\t<meta name=\"generator\" content=\"All in One SEO Pro (AIOSEO) 5.0.1\" \/>\n\t\t<meta property=\"og:locale\" content=\"es_ES\" \/>\n\t\t<meta property=\"og:site_name\" content=\"El Digital de Asturias\" \/>\n\t\t<meta property=\"og:type\" content=\"article\" \/>\n\t\t<meta property=\"og:title\" content=\"El presidente de Ceuta lamenta la muerte de inmigrantes buscando un mundo mejor - El Digital de Asturias\" \/>\n\t\t<meta property=\"og:description\" content=\"Ceuta, 8 feb (EFE).- El presidente de la Ciudad Aut\u00f3noma de Ceuta, Juan Jes\u00fas Vivas (PP), ha lamentado hoy la muerte de los inmigrantes subsaharianos que fallecieron el jueves en la frontera ceut\u00ed &quot;buscando un mundo mejor&quot;. Vivas ha hecho estas manifestaciones durante un acto en el que la Cofrad\u00eda de la Virgen de la\" \/>\n\t\t<meta property=\"og:url\" content=\"https:\/\/www.eldigitaldeasturias.com\/noticias\/el-presidente-de-ceuta-lamenta-la-muerte-de-inmigrantes-buscando-un-mundo-mejor\/\" \/>\n\t\t<meta property=\"article:tag\" content=\"actualidad\" \/>\n\t\t<meta property=\"article:published_time\" content=\"2014-02-08T22:25:52+00:00\" \/>\n\t\t<meta property=\"article:modified_time\" content=\"2014-02-08T22:25:52+00:00\" \/>\n\t\t<meta property=\"article:publisher\" content=\"https:\/\/facebook.com\/eldigitaldeasturias\" \/>\n\t\t<meta name=\"twitter:card\" content=\"summary_large_image\" \/>\n\t\t<meta name=\"twitter:title\" content=\"El presidente de Ceuta lamenta la muerte de inmigrantes buscando un mundo mejor - El Digital de Asturias\" \/>\n\t\t<meta name=\"twitter:description\" content=\"Ceuta, 8 feb (EFE).- El presidente de la Ciudad Aut\u00f3noma de Ceuta, Juan Jes\u00fas Vivas (PP), ha lamentado hoy la muerte de los inmigrantes subsaharianos que fallecieron el jueves en la frontera ceut\u00ed &quot;buscando un mundo mejor&quot;. Vivas ha hecho estas manifestaciones durante un acto en el que la Cofrad\u00eda de la Virgen de la\" \/>\n\t\t<meta name=\"twitter:label1\" content=\"Escrito por\" \/>\n\t\t<meta name=\"twitter:data1\" content=\"El Digital de Asturias\" \/>\n\t\t<meta name=\"twitter:label2\" content=\"Tiempo de lectura estimado\" \/>\n\t\t<meta name=\"twitter:data2\" content=\"1 minuto\" \/>\n\t\t<script type=\"application\/ld+json\" class=\"aioseo-schema\">\n\t\t\t{\"@context\":\"https:\\\/\\\/schema.org\",\"@graph\":[{\"@type\":\"BlogPosting\",\"@id\":\"https:\\\/\\\/www.eldigitaldeasturias.com\\\/noticias\\\/el-presidente-de-ceuta-lamenta-la-muerte-de-inmigrantes-buscando-un-mundo-mejor\\\/#blogposting\",\"name\":\"El presidente de Ceuta lamenta la muerte de inmigrantes buscando un mundo mejor - El Digital de Asturias\",\"headline\":\"El presidente de Ceuta lamenta la muerte de inmigrantes buscando un mundo mejor\",\"author\":{\"@id\":\"https:\\\/\\\/www.eldigitaldeasturias.com\\\/noticias\\\/author\\\/admin\\\/#author\"},\"publisher\":{\"@id\":\"https:\\\/\\\/www.eldigitaldeasturias.com\\\/noticias\\\/#organization\"},\"image\":{\"@type\":\"ImageObject\",\"url\":486934},\"datePublished\":\"2014-02-08T21:25:52+01:00\",\"dateModified\":\"2014-02-08T21:25:52+01:00\",\"inLanguage\":\"es-ES\",\"mainEntityOfPage\":{\"@id\":\"https:\\\/\\\/www.eldigitaldeasturias.com\\\/noticias\\\/el-presidente-de-ceuta-lamenta-la-muerte-de-inmigrantes-buscando-un-mundo-mejor\\\/#webpage\"},\"isPartOf\":{\"@id\":\"https:\\\/\\\/www.eldigitaldeasturias.com\\\/noticias\\\/el-presidente-de-ceuta-lamenta-la-muerte-de-inmigrantes-buscando-un-mundo-mejor\\\/#webpage\"},\"articleSection\":\"Actualidad\"},{\"@type\":\"BreadcrumbList\",\"@id\":\"https:\\\/\\\/www.eldigitaldeasturias.com\\\/noticias\\\/el-presidente-de-ceuta-lamenta-la-muerte-de-inmigrantes-buscando-un-mundo-mejor\\\/#breadcrumblist\",\"itemListElement\":[{\"@type\":\"ListItem\",\"@id\":\"https:\\\/\\\/www.eldigitaldeasturias.com\\\/noticias#listItem\",\"position\":1,\"name\":\"Home\",\"item\":\"https:\\\/\\\/www.eldigitaldeasturias.com\\\/noticias\",\"nextItem\":{\"@type\":\"ListItem\",\"@id\":\"https:\\\/\\\/www.eldigitaldeasturias.com\\\/noticias\\\/category\\\/actualidad\\\/#listItem\",\"name\":\"Actualidad\"}},{\"@type\":\"ListItem\",\"@id\":\"https:\\\/\\\/www.eldigitaldeasturias.com\\\/noticias\\\/category\\\/actualidad\\\/#listItem\",\"position\":2,\"name\":\"Actualidad\",\"item\":\"https:\\\/\\\/www.eldigitaldeasturias.com\\\/noticias\\\/category\\\/actualidad\\\/\",\"nextItem\":{\"@type\":\"ListItem\",\"@id\":\"https:\\\/\\\/www.eldigitaldeasturias.com\\\/noticias\\\/el-presidente-de-ceuta-lamenta-la-muerte-de-inmigrantes-buscando-un-mundo-mejor\\\/#listItem\",\"name\":\"El presidente de Ceuta lamenta la muerte de inmigrantes buscando un mundo mejor\"},\"previousItem\":{\"@type\":\"ListItem\",\"@id\":\"https:\\\/\\\/www.eldigitaldeasturias.com\\\/noticias#listItem\",\"name\":\"Home\"}},{\"@type\":\"ListItem\",\"@id\":\"https:\\\/\\\/www.eldigitaldeasturias.com\\\/noticias\\\/el-presidente-de-ceuta-lamenta-la-muerte-de-inmigrantes-buscando-un-mundo-mejor\\\/#listItem\",\"position\":3,\"name\":\"El presidente de Ceuta lamenta la muerte de inmigrantes buscando un mundo mejor\",\"previousItem\":{\"@type\":\"ListItem\",\"@id\":\"https:\\\/\\\/www.eldigitaldeasturias.com\\\/noticias\\\/category\\\/actualidad\\\/#listItem\",\"name\":\"Actualidad\"}}]},{\"@type\":\"Organization\",\"@id\":\"https:\\\/\\\/www.eldigitaldeasturias.com\\\/noticias\\\/#organization\",\"name\":\"El Digital de Asturias\",\"description\":\"Hemeroteca\",\"url\":\"https:\\\/\\\/www.eldigitaldeasturias.com\\\/noticias\\\/\",\"email\":\"info@eldigitaldeasturias.com\",\"telephone\":\"+34652131393\",\"logo\":{\"@type\":\"ImageObject\",\"url\":\"https:\\\/\\\/www.eldigitaldeasturias.com\\\/noticias\\\/wp-content\\\/uploads\\\/2020\\\/12\\\/EDA.jpg\",\"@id\":\"https:\\\/\\\/www.eldigitaldeasturias.com\\\/noticias\\\/el-presidente-de-ceuta-lamenta-la-muerte-de-inmigrantes-buscando-un-mundo-mejor\\\/#organizationLogo\"},\"image\":{\"@id\":\"https:\\\/\\\/www.eldigitaldeasturias.com\\\/noticias\\\/el-presidente-de-ceuta-lamenta-la-muerte-de-inmigrantes-buscando-un-mundo-mejor\\\/#organizationLogo\"},\"sameAs\":[\"https:\\\/\\\/facebook.com\\\/eldigitaldeasturias\",\"https:\\\/\\\/www.youtube.com\\\/channel\\\/UCZP-2wLEB9Rv6erhFmqVnvg\"],\"address\":{\"@id\":\"https:\\\/\\\/www.eldigitaldeasturias.com\\\/noticias\\\/#postaladdress\",\"@type\":\"PostalAddress\",\"streetAddress\":\"san antonio 4\",\"postalCode\":\"33430\",\"addressLocality\":\"Cand\\u00e1s\",\"addressRegion\":\"Asturias\",\"addressCountry\":\"ES\"}},{\"@type\":\"Person\",\"@id\":\"https:\\\/\\\/www.eldigitaldeasturias.com\\\/noticias\\\/author\\\/admin\\\/#author\",\"url\":\"https:\\\/\\\/www.eldigitaldeasturias.com\\\/noticias\\\/author\\\/admin\\\/\",\"name\":\"El Digital de Asturias\",\"image\":{\"@type\":\"ImageObject\",\"@id\":\"https:\\\/\\\/www.eldigitaldeasturias.com\\\/noticias\\\/el-presidente-de-ceuta-lamenta-la-muerte-de-inmigrantes-buscando-un-mundo-mejor\\\/#authorImage\",\"url\":\"https:\\\/\\\/secure.gravatar.com\\\/avatar\\\/df2aeffc32bcd13f8d26072ef8a91b623d677766deac7f97ca815868cd41bf5e?s=96&d=mm&r=g\",\"width\":96,\"height\":96,\"caption\":\"El Digital de Asturias\"}},{\"@type\":\"WebPage\",\"@id\":\"https:\\\/\\\/www.eldigitaldeasturias.com\\\/noticias\\\/el-presidente-de-ceuta-lamenta-la-muerte-de-inmigrantes-buscando-un-mundo-mejor\\\/#webpage\",\"url\":\"https:\\\/\\\/www.eldigitaldeasturias.com\\\/noticias\\\/el-presidente-de-ceuta-lamenta-la-muerte-de-inmigrantes-buscando-un-mundo-mejor\\\/\",\"name\":\"El presidente de Ceuta lamenta la muerte de inmigrantes buscando un mundo mejor - El Digital de Asturias\",\"description\":\"Ceuta, 8 feb (EFE).- El presidente de la Ciudad Aut\\u00f3noma de Ceuta, Juan Jes\\u00fas Vivas (PP), ha lamentado hoy la muerte de los inmigrantes subsaharianos que fallecieron el jueves en la frontera ceut\\u00ed \\\"buscando un mundo mejor\\\". Vivas ha hecho estas manifestaciones durante un acto en el que la Cofrad\\u00eda de la Virgen de la\",\"inLanguage\":\"es-ES\",\"isPartOf\":{\"@id\":\"https:\\\/\\\/www.eldigitaldeasturias.com\\\/noticias\\\/#website\"},\"breadcrumb\":{\"@id\":\"https:\\\/\\\/www.eldigitaldeasturias.com\\\/noticias\\\/el-presidente-de-ceuta-lamenta-la-muerte-de-inmigrantes-buscando-un-mundo-mejor\\\/#breadcrumblist\"},\"author\":{\"@id\":\"https:\\\/\\\/www.eldigitaldeasturias.com\\\/noticias\\\/author\\\/admin\\\/#author\"},\"creator\":{\"@id\":\"https:\\\/\\\/www.eldigitaldeasturias.com\\\/noticias\\\/author\\\/admin\\\/#author\"},\"image\":{\"@type\":\"ImageObject\",\"url\":486934,\"@id\":\"https:\\\/\\\/www.eldigitaldeasturias.com\\\/noticias\\\/el-presidente-de-ceuta-lamenta-la-muerte-de-inmigrantes-buscando-un-mundo-mejor\\\/#mainImage\"},\"primaryImageOfPage\":{\"@id\":\"https:\\\/\\\/www.eldigitaldeasturias.com\\\/noticias\\\/el-presidente-de-ceuta-lamenta-la-muerte-de-inmigrantes-buscando-un-mundo-mejor\\\/#mainImage\"},\"datePublished\":\"2014-02-08T21:25:52+01:00\",\"dateModified\":\"2014-02-08T21:25:52+01:00\"},{\"@type\":\"WebSite\",\"@id\":\"https:\\\/\\\/www.eldigitaldeasturias.com\\\/noticias\\\/#website\",\"url\":\"https:\\\/\\\/www.eldigitaldeasturias.com\\\/noticias\\\/\",\"name\":\"El Digital de Asturias - Diario de actualidad y noticias\",\"alternateName\":\"El Digital de Asturias - Diario de actualidad y noticias\",\"description\":\"Hemeroteca\",\"inLanguage\":\"es-ES\",\"publisher\":{\"@id\":\"https:\\\/\\\/www.eldigitaldeasturias.com\\\/noticias\\\/#organization\"}}]}\n\t\t<\/script>\n\t\t<!-- All in One SEO Pro -->\r\n\t\t<title>El presidente de Ceuta lamenta la muerte de inmigrantes buscando un mundo mejor - El Digital de Asturias<\/title>\n\n","aioseo_head_json":{"title":"El presidente de Ceuta lamenta la muerte de inmigrantes buscando un mundo mejor - El Digital de Asturias","description":"Ceuta, 8 feb (EFE).- El presidente de la Ciudad Aut\u00f3noma de Ceuta, Juan Jes\u00fas Vivas (PP), ha lamentado hoy la muerte de los inmigrantes subsaharianos que fallecieron el jueves en la frontera ceut\u00ed \"buscando un mundo mejor\". Vivas ha hecho estas manifestaciones durante un acto en el que la Cofrad\u00eda de la Virgen de la","canonical_url":"https:\/\/www.eldigitaldeasturias.com\/noticias\/el-presidente-de-ceuta-lamenta-la-muerte-de-inmigrantes-buscando-un-mundo-mejor\/","robots":"max-image-preview:large","keywords":"actualidad","webmasterTools":{"google-site-verification":"UA-38556648-1","msvalidate.01":"7dfe9f3f1b24437ab69f4f2559babe99","miscellaneous":""},"schema":{"@context":"https:\/\/schema.org","@graph":[{"@type":"BlogPosting","@id":"https:\/\/www.eldigitaldeasturias.com\/noticias\/el-presidente-de-ceuta-lamenta-la-muerte-de-inmigrantes-buscando-un-mundo-mejor\/#blogposting","name":"El presidente de Ceuta lamenta la muerte de inmigrantes buscando un mundo mejor - El Digital de Asturias","headline":"El presidente de Ceuta lamenta la muerte de inmigrantes buscando un mundo mejor","author":{"@id":"https:\/\/www.eldigitaldeasturias.com\/noticias\/author\/admin\/#author"},"publisher":{"@id":"https:\/\/www.eldigitaldeasturias.com\/noticias\/#organization"},"image":{"@type":"ImageObject","url":486934},"datePublished":"2014-02-08T21:25:52+01:00","dateModified":"2014-02-08T21:25:52+01:00","inLanguage":"es-ES","mainEntityOfPage":{"@id":"https:\/\/www.eldigitaldeasturias.com\/noticias\/el-presidente-de-ceuta-lamenta-la-muerte-de-inmigrantes-buscando-un-mundo-mejor\/#webpage"},"isPartOf":{"@id":"https:\/\/www.eldigitaldeasturias.com\/noticias\/el-presidente-de-ceuta-lamenta-la-muerte-de-inmigrantes-buscando-un-mundo-mejor\/#webpage"},"articleSection":"Actualidad"},{"@type":"BreadcrumbList","@id":"https:\/\/www.eldigitaldeasturias.com\/noticias\/el-presidente-de-ceuta-lamenta-la-muerte-de-inmigrantes-buscando-un-mundo-mejor\/#breadcrumblist","itemListElement":[{"@type":"ListItem","@id":"https:\/\/www.eldigitaldeasturias.com\/noticias#listItem","position":1,"name":"Home","item":"https:\/\/www.eldigitaldeasturias.com\/noticias","nextItem":{"@type":"ListItem","@id":"https:\/\/www.eldigitaldeasturias.com\/noticias\/category\/actualidad\/#listItem","name":"Actualidad"}},{"@type":"ListItem","@id":"https:\/\/www.eldigitaldeasturias.com\/noticias\/category\/actualidad\/#listItem","position":2,"name":"Actualidad","item":"https:\/\/www.eldigitaldeasturias.com\/noticias\/category\/actualidad\/","nextItem":{"@type":"ListItem","@id":"https:\/\/www.eldigitaldeasturias.com\/noticias\/el-presidente-de-ceuta-lamenta-la-muerte-de-inmigrantes-buscando-un-mundo-mejor\/#listItem","name":"El presidente de Ceuta lamenta la muerte de inmigrantes buscando un mundo mejor"},"previousItem":{"@type":"ListItem","@id":"https:\/\/www.eldigitaldeasturias.com\/noticias#listItem","name":"Home"}},{"@type":"ListItem","@id":"https:\/\/www.eldigitaldeasturias.com\/noticias\/el-presidente-de-ceuta-lamenta-la-muerte-de-inmigrantes-buscando-un-mundo-mejor\/#listItem","position":3,"name":"El presidente de Ceuta lamenta la muerte de inmigrantes buscando un mundo mejor","previousItem":{"@type":"ListItem","@id":"https:\/\/www.eldigitaldeasturias.com\/noticias\/category\/actualidad\/#listItem","name":"Actualidad"}}]},{"@type":"Organization","@id":"https:\/\/www.eldigitaldeasturias.com\/noticias\/#organization","name":"El Digital de Asturias","description":"Hemeroteca","url":"https:\/\/www.eldigitaldeasturias.com\/noticias\/","email":"info@eldigitaldeasturias.com","telephone":"+34652131393","logo":{"@type":"ImageObject","url":"https:\/\/www.eldigitaldeasturias.com\/noticias\/wp-content\/uploads\/2020\/12\/EDA.jpg","@id":"https:\/\/www.eldigitaldeasturias.com\/noticias\/el-presidente-de-ceuta-lamenta-la-muerte-de-inmigrantes-buscando-un-mundo-mejor\/#organizationLogo"},"image":{"@id":"https:\/\/www.eldigitaldeasturias.com\/noticias\/el-presidente-de-ceuta-lamenta-la-muerte-de-inmigrantes-buscando-un-mundo-mejor\/#organizationLogo"},"sameAs":["https:\/\/facebook.com\/eldigitaldeasturias","https:\/\/www.youtube.com\/channel\/UCZP-2wLEB9Rv6erhFmqVnvg"],"address":{"@id":"https:\/\/www.eldigitaldeasturias.com\/noticias\/#postaladdress","@type":"PostalAddress","streetAddress":"san antonio 4","postalCode":"33430","addressLocality":"Cand\u00e1s","addressRegion":"Asturias","addressCountry":"ES"}},{"@type":"Person","@id":"https:\/\/www.eldigitaldeasturias.com\/noticias\/author\/admin\/#author","url":"https:\/\/www.eldigitaldeasturias.com\/noticias\/author\/admin\/","name":"El Digital de Asturias","image":{"@type":"ImageObject","@id":"https:\/\/www.eldigitaldeasturias.com\/noticias\/el-presidente-de-ceuta-lamenta-la-muerte-de-inmigrantes-buscando-un-mundo-mejor\/#authorImage","url":"https:\/\/secure.gravatar.com\/avatar\/df2aeffc32bcd13f8d26072ef8a91b623d677766deac7f97ca815868cd41bf5e?s=96&d=mm&r=g","width":96,"height":96,"caption":"El Digital de Asturias"}},{"@type":"WebPage","@id":"https:\/\/www.eldigitaldeasturias.com\/noticias\/el-presidente-de-ceuta-lamenta-la-muerte-de-inmigrantes-buscando-un-mundo-mejor\/#webpage","url":"https:\/\/www.eldigitaldeasturias.com\/noticias\/el-presidente-de-ceuta-lamenta-la-muerte-de-inmigrantes-buscando-un-mundo-mejor\/","name":"El presidente de Ceuta lamenta la muerte de inmigrantes buscando un mundo mejor - El Digital de Asturias","description":"Ceuta, 8 feb (EFE).- El presidente de la Ciudad Aut\u00f3noma de Ceuta, Juan Jes\u00fas Vivas (PP), ha lamentado hoy la muerte de los inmigrantes subsaharianos que fallecieron el jueves en la frontera ceut\u00ed \"buscando un mundo mejor\". Vivas ha hecho estas manifestaciones durante un acto en el que la Cofrad\u00eda de la Virgen de la","inLanguage":"es-ES","isPartOf":{"@id":"https:\/\/www.eldigitaldeasturias.com\/noticias\/#website"},"breadcrumb":{"@id":"https:\/\/www.eldigitaldeasturias.com\/noticias\/el-presidente-de-ceuta-lamenta-la-muerte-de-inmigrantes-buscando-un-mundo-mejor\/#breadcrumblist"},"author":{"@id":"https:\/\/www.eldigitaldeasturias.com\/noticias\/author\/admin\/#author"},"creator":{"@id":"https:\/\/www.eldigitaldeasturias.com\/noticias\/author\/admin\/#author"},"image":{"@type":"ImageObject","url":486934,"@id":"https:\/\/www.eldigitaldeasturias.com\/noticias\/el-presidente-de-ceuta-lamenta-la-muerte-de-inmigrantes-buscando-un-mundo-mejor\/#mainImage"},"primaryImageOfPage":{"@id":"https:\/\/www.eldigitaldeasturias.com\/noticias\/el-presidente-de-ceuta-lamenta-la-muerte-de-inmigrantes-buscando-un-mundo-mejor\/#mainImage"},"datePublished":"2014-02-08T21:25:52+01:00","dateModified":"2014-02-08T21:25:52+01:00"},{"@type":"WebSite","@id":"https:\/\/www.eldigitaldeasturias.com\/noticias\/#website","url":"https:\/\/www.eldigitaldeasturias.com\/noticias\/","name":"El Digital de Asturias - Diario de actualidad y noticias","alternateName":"El Digital de Asturias - Diario de actualidad y noticias","description":"Hemeroteca","inLanguage":"es-ES","publisher":{"@id":"https:\/\/www.eldigitaldeasturias.com\/noticias\/#organization"}}]},"og:locale":"es_ES","og:site_name":"El Digital de Asturias","og:type":"article","og:title":"El presidente de Ceuta lamenta la muerte de inmigrantes buscando un mundo mejor - El Digital de Asturias","og:description":"Ceuta, 8 feb (EFE).- El presidente de la Ciudad Aut\u00f3noma de Ceuta, Juan Jes\u00fas Vivas (PP), ha lamentado hoy la muerte de los inmigrantes subsaharianos que fallecieron el jueves en la frontera ceut\u00ed &quot;buscando un mundo mejor&quot;. Vivas ha hecho estas manifestaciones durante un acto en el que la Cofrad\u00eda de la Virgen de la","og:url":"https:\/\/www.eldigitaldeasturias.com\/noticias\/el-presidente-de-ceuta-lamenta-la-muerte-de-inmigrantes-buscando-un-mundo-mejor\/","article:tag":["actualidad"],"article:published_time":"2014-02-08T22:25:52+00:00","article:modified_time":"2014-02-08T22:25:52+00:00","article:publisher":"https:\/\/facebook.com\/eldigitaldeasturias","twitter:card":"summary_large_image","twitter:title":"El presidente de Ceuta lamenta la muerte de inmigrantes buscando un mundo mejor - El Digital de Asturias","twitter:description":"Ceuta, 8 feb (EFE).- El presidente de la Ciudad Aut\u00f3noma de Ceuta, Juan Jes\u00fas Vivas (PP), ha lamentado hoy la muerte de los inmigrantes subsaharianos que fallecieron el jueves en la frontera ceut\u00ed &quot;buscando un mundo mejor&quot;. Vivas ha hecho estas manifestaciones durante un acto en el que la Cofrad\u00eda de la Virgen de la","twitter:label1":"Escrito por","twitter:data1":"El Digital de Asturias","twitter:label2":"Tiempo de lectura estimado","twitter:data2":"1 minuto"},"aioseo_meta_data":{"post_id":"486933","title":null,"description":null,"keywords":null,"keyphrases":null,"primary_term":null,"canonical_url":null,"og_title":null,"og_description":null,"og_object_type":"default","og_image_type":"default","og_image_url":null,"og_image_width":null,"og_image_height":null,"og_image_custom_url":null,"og_image_custom_fields":null,"og_video":null,"og_custom_url":null,"og_article_section":null,"og_article_tags":null,"twitter_use_og":true,"twitter_card":"default","twitter_image_type":"default","twitter_image_url":null,"twitter_image_custom_url":null,"twitter_image_custom_fields":null,"twitter_title":null,"twitter_description":null,"schema":{"blockGraphs":[],"customGraphs":[],"default":{"data":{"Article":[],"Course":[],"Dataset":[],"FAQPage":[],"Movie":[],"Person":[],"Product":[],"ProductReview":[],"Car":[],"Recipe":[],"Service":[],"SoftwareApplication":[],"WebPage":[]},"graphName":"","isEnabled":true},"graphs":[],"defaultGraph":"","defaultPostTypeGraph":""},"schema_type":null,"schema_type_options":null,"pillar_content":false,"robots_default":true,"robots_noindex":false,"robots_noarchive":false,"robots_nosnippet":false,"robots_nofollow":false,"robots_noimageindex":false,"robots_noodp":false,"robots_notranslate":false,"robots_max_snippet":null,"robots_max_videopreview":null,"robots_max_imagepreview":"none","priority":null,"frequency":null,"local_seo":null,"seo_analyzer_scan_date":"2026-06-03 03:06:47","breadcrumb_settings":null,"limit_modified_date":false,"open_ai":null,"ai":null,"created":"2020-11-14 22:56:17","updated":"2026-06-03 03:06:47","focus_keyword":null,"additional_keywords":null,"truseo_locale":null},"aioseo_breadcrumb":"<div class=\"aioseo-breadcrumbs\"><span class=\"aioseo-breadcrumb\">\n\t<a href=\"https:\/\/www.eldigitaldeasturias.com\/noticias\" title=\"Home\">Home<\/a>\n<\/span><span class=\"aioseo-breadcrumb-separator\">\u2013<\/span><span class=\"aioseo-breadcrumb\">\n\t<a href=\"https:\/\/www.eldigitaldeasturias.com\/noticias\/category\/actualidad\/\" title=\"Actualidad\">Actualidad<\/a>\n<\/span><span class=\"aioseo-breadcrumb-separator\">\u2013<\/span><span class=\"aioseo-breadcrumb\">\n\t<a href=\"https:\/\/www.eldigitaldeasturias.com\/noticias\/el-presidente-de-ceuta-lamenta-la-muerte-de-inmigrantes-buscando-un-mundo-mejor\/\" title=\"El presidente de Ceuta lamenta la muerte de inmigrantes buscando un mundo mejor\">El presidente de Ceuta lamenta la muerte de inmigrantes buscando un mundo mejor<\/a>\n<\/span><\/div>","aioseo_breadcrumb_json":[{"label":"Home","link":"https:\/\/www.eldigitaldeasturias.com\/noticias"},{"label":"Actualidad","link":"https:\/\/www.eldigitaldeasturias.com\/noticias\/category\/actualidad\/"},{"label":"El presidente de Ceuta lamenta la muerte de inmigrantes buscando un mundo mejor","link":"https:\/\/www.eldigitaldeasturias.com\/noticias\/el-presidente-de-ceuta-lamenta-la-muerte-de-inmigrantes-buscando-un-mundo-mejor\/"}],"_links":{"self":[{"href":"https:\/\/www.eldigitaldeasturias.com\/noticias\/wp-json\/wp\/v2\/posts\/486933","targetHints":{"allow":["GET"]}}],"collection":[{"href":"https:\/\/www.eldigitaldeasturias.com\/noticias\/wp-json\/wp\/v2\/posts"}],"about":[{"href":"https:\/\/www.eldigitaldeasturias.com\/noticias\/wp-json\/wp\/v2\/types\/post"}],"author":[{"embeddable":true,"href":"https:\/\/www.eldigitaldeasturias.com\/noticias\/wp-json\/wp\/v2\/users\/1"}],"replies":[{"embeddable":true,"href":"https:\/\/www.eldigitaldeasturias.com\/noticias\/wp-json\/wp\/v2\/comments?post=486933"}],"version-history":[{"count":0,"href":"https:\/\/www.eldigitaldeasturias.com\/noticias\/wp-json\/wp\/v2\/posts\/486933\/revisions"}],"wp:attachment":[{"href":"https:\/\/www.eldigitaldeasturias.com\/noticias\/wp-json\/wp\/v2\/media?parent=486933"}],"wp:term":[{"taxonomy":"category","embeddable":true,"href":"https:\/\/www.eldigitaldeasturias.com\/noticias\/wp-json\/wp\/v2\/categories?post=486933"},{"taxonomy":"post_tag","embeddable":true,"href":"https:\/\/www.eldigitaldeasturias.com\/noticias\/wp-json\/wp\/v2\/tags?post=486933"}],"curies":[{"name":"wp","href":"https:\/\/api.w.org\/{rel}","templated":true}]}}