{"id":486924,"date":"2014-02-08T21:21:45","date_gmt":"2014-02-08T22:21:45","guid":{"rendered":"http:\/\/www.eldigitaldeasturias.com\/noticias\/?p=486924"},"modified":"2014-02-08T21:21:45","modified_gmt":"2014-02-08T22:21:45","slug":"el-empresario-jose-ortiz-puja-por-tercera-vez-por-el-aeropuerto-de-ciudad-real","status":"publish","type":"post","link":"https:\/\/www.eldigitaldeasturias.com\/noticias\/el-empresario-jose-ortiz-puja-por-tercera-vez-por-el-aeropuerto-de-ciudad-real\/","title":{"rendered":"El empresario Jos\u00e9 Ortiz puja por tercera vez por el aeropuerto de Ciudad Real"},"content":{"rendered":"<p><img loading=\"lazy\" decoding=\"async\" class=\"alignleft size-medium wp-image-486925\" alt=\"5924130w\" src=\"https:\/\/www.eldigitaldeasturias.com\/noticias\/wp-content\/uploads\/2014\/02\/5924130w-360x239.jpg\" width=\"360\" height=\"239\" \/>Ciudad Real, 8 feb (EFE).- El empresario madrile\u00f1o Francisco Jos\u00e9 Ortiz, afincado en Antequera (M\u00e1laga), ha presentado por tercera vez consecutiva una oferta de compra por el Aeropuerto de Ciudad Real, en venta tras estar inmersa la sociedad privada que lo construy\u00f3 en un concurso de acreedores.<\/p>\n<p>Fuentes del entorno cercano al empresario han explicado hoy a Efe que la oferta fue presentada ayer en el registro de la oficina judicial de Ciudad Real.<\/p>\n<p>El documento presentado en el juzgado, al que ha tenido acceso Efe, est\u00e1 dirigido a los administradores del concurso de acreedores, los abogados Francisco P\u00e9rez, Agust\u00edn Flores y Joaqu\u00edn Navarro, a los que el empresario reafirma su intenci\u00f3n de adquirir esta infraestructura por un importe de 121 millones de euros.<\/p>\n<p>Ortiz asegura en este escrito su disposici\u00f3n a incrementar el precio de compra del aeropuerto hasta los 138 millones de euros, siempre y cuando \u00abtodo est\u00e9 conforme al inventario\u00bb de bienes de los activos que se incluyen en la oferta.<\/p>\n<p>El empresario tambi\u00e9n indica su intenci\u00f3n de enviarles un documento emitido por un banco de cr\u00e9dito registrado en Espa\u00f1a para satisfacer el aval de 5 por ciento (6,9 millones de euros) que sobre el precio de venta han establecido los administradores para aceptar cualquier oferta de adquisici\u00f3n.<\/p>\n<p>En su escrito, el empresario tambi\u00e9n insta a los administradores concursales a fijar una nueva fecha para supervisar las instalaciones aeroportuarias.<\/p>\n<p>Por otro lado, reitera su intenci\u00f3n de crear en el aeropuerto de Ciudad Real un complejo aeroespacial y aeroportuario con el que se pueda alcanzar una facturaci\u00f3n anual de m\u00e1s de 210.000 millones de euros a partir de 2019, hasta llegar a emplear a 47.000 profesionales.<\/p>\n<p>Asegura que el complejo estar\u00e1 conectado con una iniciativa similar en Cambrai (Francia), otra en Antequera (M\u00e1laga) y otra, eventualmente, en Tudela (Navarra).<\/p>\n","protected":false},"excerpt":{"rendered":"<p>Ciudad Real, 8 feb (EFE).- El empresario madrile\u00f1o Francisco Jos\u00e9 Ortiz, afincado en Antequera (M\u00e1laga), ha presentado por tercera vez consecutiva una oferta de compra por el Aeropuerto de Ciudad Real, en venta tras estar inmersa la sociedad privada que lo construy\u00f3 en un concurso de acreedores. Fuentes del entorno cercano al empresario han explicado [&hellip;]<\/p>\n","protected":false},"author":1,"featured_media":486925,"comment_status":"open","ping_status":"open","sticky":false,"template":"","format":"standard","meta":{"footnotes":""},"categories":[1],"tags":[],"class_list":["post-486924","post","type-post","status-publish","format-standard","has-post-thumbnail","hentry","category-actualidad"],"aioseo_notices":[],"aioseo_head":"\n\t\t<!-- All in One SEO Pro 5.0.1 - aioseo.com -->\n\t<meta name=\"description\" content=\"Ciudad Real, 8 feb (EFE).- El empresario madrile\u00f1o Francisco Jos\u00e9 Ortiz, afincado en Antequera (M\u00e1laga), ha presentado por tercera vez consecutiva una oferta de compra por el Aeropuerto de Ciudad Real, en venta tras estar inmersa la sociedad privada que lo construy\u00f3 en un concurso de acreedores. Fuentes del entorno cercano al empresario han explicado\" \/>\n\t<meta name=\"robots\" content=\"max-image-preview:large\" \/>\n\t<meta name=\"author\" content=\"El Digital de Asturias\"\/>\n\t<meta name=\"google-site-verification\" content=\"UA-38556648-1\" \/>\n\t<meta name=\"msvalidate.01\" content=\"7dfe9f3f1b24437ab69f4f2559babe99\" \/>\n\t<meta name=\"keywords\" content=\"actualidad\" \/>\n\t<link rel=\"canonical\" href=\"https:\/\/www.eldigitaldeasturias.com\/noticias\/el-empresario-jose-ortiz-puja-por-tercera-vez-por-el-aeropuerto-de-ciudad-real\/\" \/>\n\t<meta name=\"generator\" content=\"All in One SEO Pro (AIOSEO) 5.0.1\" \/>\n\t\t<meta property=\"og:locale\" content=\"es_ES\" \/>\n\t\t<meta property=\"og:site_name\" content=\"El Digital de Asturias\" \/>\n\t\t<meta property=\"og:type\" content=\"article\" \/>\n\t\t<meta property=\"og:title\" content=\"El empresario Jos\u00e9 Ortiz puja por tercera vez por el aeropuerto de Ciudad Real - El Digital de Asturias\" \/>\n\t\t<meta property=\"og:description\" content=\"Ciudad Real, 8 feb (EFE).- El empresario madrile\u00f1o Francisco Jos\u00e9 Ortiz, afincado en Antequera (M\u00e1laga), ha presentado por tercera vez consecutiva una oferta de compra por el Aeropuerto de Ciudad Real, en venta tras estar inmersa la sociedad privada que lo construy\u00f3 en un concurso de acreedores. Fuentes del entorno cercano al empresario han explicado\" \/>\n\t\t<meta property=\"og:url\" content=\"https:\/\/www.eldigitaldeasturias.com\/noticias\/el-empresario-jose-ortiz-puja-por-tercera-vez-por-el-aeropuerto-de-ciudad-real\/\" \/>\n\t\t<meta property=\"article:tag\" content=\"actualidad\" \/>\n\t\t<meta property=\"article:published_time\" content=\"2014-02-08T22:21:45+00:00\" \/>\n\t\t<meta property=\"article:modified_time\" content=\"2014-02-08T22:21:45+00:00\" \/>\n\t\t<meta property=\"article:publisher\" content=\"https:\/\/facebook.com\/eldigitaldeasturias\" \/>\n\t\t<meta name=\"twitter:card\" content=\"summary_large_image\" \/>\n\t\t<meta name=\"twitter:title\" content=\"El empresario Jos\u00e9 Ortiz puja por tercera vez por el aeropuerto de Ciudad Real - El Digital de Asturias\" \/>\n\t\t<meta name=\"twitter:description\" content=\"Ciudad Real, 8 feb (EFE).- El empresario madrile\u00f1o Francisco Jos\u00e9 Ortiz, afincado en Antequera (M\u00e1laga), ha presentado por tercera vez consecutiva una oferta de compra por el Aeropuerto de Ciudad Real, en venta tras estar inmersa la sociedad privada que lo construy\u00f3 en un concurso de acreedores. Fuentes del entorno cercano al empresario han explicado\" \/>\n\t\t<meta name=\"twitter:label1\" content=\"Escrito por\" \/>\n\t\t<meta name=\"twitter:data1\" content=\"El Digital de Asturias\" \/>\n\t\t<meta name=\"twitter:label2\" content=\"Tiempo de lectura estimado\" \/>\n\t\t<meta name=\"twitter:data2\" content=\"2 minutos\" \/>\n\t\t<script type=\"application\/ld+json\" class=\"aioseo-schema\">\n\t\t\t{\"@context\":\"https:\\\/\\\/schema.org\",\"@graph\":[{\"@type\":\"BlogPosting\",\"@id\":\"https:\\\/\\\/www.eldigitaldeasturias.com\\\/noticias\\\/el-empresario-jose-ortiz-puja-por-tercera-vez-por-el-aeropuerto-de-ciudad-real\\\/#blogposting\",\"name\":\"El empresario Jos\\u00e9 Ortiz puja por tercera vez por el aeropuerto de Ciudad Real - El Digital de Asturias\",\"headline\":\"El empresario Jos\\u00e9 Ortiz puja por tercera vez por el aeropuerto de Ciudad Real\",\"author\":{\"@id\":\"https:\\\/\\\/www.eldigitaldeasturias.com\\\/noticias\\\/author\\\/admin\\\/#author\"},\"publisher\":{\"@id\":\"https:\\\/\\\/www.eldigitaldeasturias.com\\\/noticias\\\/#organization\"},\"image\":{\"@type\":\"ImageObject\",\"url\":486925},\"datePublished\":\"2014-02-08T21:21:45+01:00\",\"dateModified\":\"2014-02-08T21:21:45+01:00\",\"inLanguage\":\"es-ES\",\"mainEntityOfPage\":{\"@id\":\"https:\\\/\\\/www.eldigitaldeasturias.com\\\/noticias\\\/el-empresario-jose-ortiz-puja-por-tercera-vez-por-el-aeropuerto-de-ciudad-real\\\/#webpage\"},\"isPartOf\":{\"@id\":\"https:\\\/\\\/www.eldigitaldeasturias.com\\\/noticias\\\/el-empresario-jose-ortiz-puja-por-tercera-vez-por-el-aeropuerto-de-ciudad-real\\\/#webpage\"},\"articleSection\":\"Actualidad\"},{\"@type\":\"BreadcrumbList\",\"@id\":\"https:\\\/\\\/www.eldigitaldeasturias.com\\\/noticias\\\/el-empresario-jose-ortiz-puja-por-tercera-vez-por-el-aeropuerto-de-ciudad-real\\\/#breadcrumblist\",\"itemListElement\":[{\"@type\":\"ListItem\",\"@id\":\"https:\\\/\\\/www.eldigitaldeasturias.com\\\/noticias#listItem\",\"position\":1,\"name\":\"Home\",\"item\":\"https:\\\/\\\/www.eldigitaldeasturias.com\\\/noticias\",\"nextItem\":{\"@type\":\"ListItem\",\"@id\":\"https:\\\/\\\/www.eldigitaldeasturias.com\\\/noticias\\\/category\\\/actualidad\\\/#listItem\",\"name\":\"Actualidad\"}},{\"@type\":\"ListItem\",\"@id\":\"https:\\\/\\\/www.eldigitaldeasturias.com\\\/noticias\\\/category\\\/actualidad\\\/#listItem\",\"position\":2,\"name\":\"Actualidad\",\"item\":\"https:\\\/\\\/www.eldigitaldeasturias.com\\\/noticias\\\/category\\\/actualidad\\\/\",\"nextItem\":{\"@type\":\"ListItem\",\"@id\":\"https:\\\/\\\/www.eldigitaldeasturias.com\\\/noticias\\\/el-empresario-jose-ortiz-puja-por-tercera-vez-por-el-aeropuerto-de-ciudad-real\\\/#listItem\",\"name\":\"El empresario Jos\\u00e9 Ortiz puja por tercera vez por el aeropuerto de Ciudad Real\"},\"previousItem\":{\"@type\":\"ListItem\",\"@id\":\"https:\\\/\\\/www.eldigitaldeasturias.com\\\/noticias#listItem\",\"name\":\"Home\"}},{\"@type\":\"ListItem\",\"@id\":\"https:\\\/\\\/www.eldigitaldeasturias.com\\\/noticias\\\/el-empresario-jose-ortiz-puja-por-tercera-vez-por-el-aeropuerto-de-ciudad-real\\\/#listItem\",\"position\":3,\"name\":\"El empresario Jos\\u00e9 Ortiz puja por tercera vez por el aeropuerto de Ciudad Real\",\"previousItem\":{\"@type\":\"ListItem\",\"@id\":\"https:\\\/\\\/www.eldigitaldeasturias.com\\\/noticias\\\/category\\\/actualidad\\\/#listItem\",\"name\":\"Actualidad\"}}]},{\"@type\":\"Organization\",\"@id\":\"https:\\\/\\\/www.eldigitaldeasturias.com\\\/noticias\\\/#organization\",\"name\":\"El Digital de Asturias\",\"description\":\"Hemeroteca\",\"url\":\"https:\\\/\\\/www.eldigitaldeasturias.com\\\/noticias\\\/\",\"email\":\"info@eldigitaldeasturias.com\",\"telephone\":\"+34652131393\",\"logo\":{\"@type\":\"ImageObject\",\"url\":\"https:\\\/\\\/www.eldigitaldeasturias.com\\\/noticias\\\/wp-content\\\/uploads\\\/2020\\\/12\\\/EDA.jpg\",\"@id\":\"https:\\\/\\\/www.eldigitaldeasturias.com\\\/noticias\\\/el-empresario-jose-ortiz-puja-por-tercera-vez-por-el-aeropuerto-de-ciudad-real\\\/#organizationLogo\"},\"image\":{\"@id\":\"https:\\\/\\\/www.eldigitaldeasturias.com\\\/noticias\\\/el-empresario-jose-ortiz-puja-por-tercera-vez-por-el-aeropuerto-de-ciudad-real\\\/#organizationLogo\"},\"sameAs\":[\"https:\\\/\\\/facebook.com\\\/eldigitaldeasturias\",\"https:\\\/\\\/www.youtube.com\\\/channel\\\/UCZP-2wLEB9Rv6erhFmqVnvg\"],\"address\":{\"@id\":\"https:\\\/\\\/www.eldigitaldeasturias.com\\\/noticias\\\/#postaladdress\",\"@type\":\"PostalAddress\",\"streetAddress\":\"san antonio 4\",\"postalCode\":\"33430\",\"addressLocality\":\"Cand\\u00e1s\",\"addressRegion\":\"Asturias\",\"addressCountry\":\"ES\"}},{\"@type\":\"Person\",\"@id\":\"https:\\\/\\\/www.eldigitaldeasturias.com\\\/noticias\\\/author\\\/admin\\\/#author\",\"url\":\"https:\\\/\\\/www.eldigitaldeasturias.com\\\/noticias\\\/author\\\/admin\\\/\",\"name\":\"El Digital de Asturias\",\"image\":{\"@type\":\"ImageObject\",\"@id\":\"https:\\\/\\\/www.eldigitaldeasturias.com\\\/noticias\\\/el-empresario-jose-ortiz-puja-por-tercera-vez-por-el-aeropuerto-de-ciudad-real\\\/#authorImage\",\"url\":\"https:\\\/\\\/secure.gravatar.com\\\/avatar\\\/df2aeffc32bcd13f8d26072ef8a91b623d677766deac7f97ca815868cd41bf5e?s=96&d=mm&r=g\",\"width\":96,\"height\":96,\"caption\":\"El Digital de Asturias\"}},{\"@type\":\"WebPage\",\"@id\":\"https:\\\/\\\/www.eldigitaldeasturias.com\\\/noticias\\\/el-empresario-jose-ortiz-puja-por-tercera-vez-por-el-aeropuerto-de-ciudad-real\\\/#webpage\",\"url\":\"https:\\\/\\\/www.eldigitaldeasturias.com\\\/noticias\\\/el-empresario-jose-ortiz-puja-por-tercera-vez-por-el-aeropuerto-de-ciudad-real\\\/\",\"name\":\"El empresario Jos\\u00e9 Ortiz puja por tercera vez por el aeropuerto de Ciudad Real - El Digital de Asturias\",\"description\":\"Ciudad Real, 8 feb (EFE).- El empresario madrile\\u00f1o Francisco Jos\\u00e9 Ortiz, afincado en Antequera (M\\u00e1laga), ha presentado por tercera vez consecutiva una oferta de compra por el Aeropuerto de Ciudad Real, en venta tras estar inmersa la sociedad privada que lo construy\\u00f3 en un concurso de acreedores. Fuentes del entorno cercano al empresario han explicado\",\"inLanguage\":\"es-ES\",\"isPartOf\":{\"@id\":\"https:\\\/\\\/www.eldigitaldeasturias.com\\\/noticias\\\/#website\"},\"breadcrumb\":{\"@id\":\"https:\\\/\\\/www.eldigitaldeasturias.com\\\/noticias\\\/el-empresario-jose-ortiz-puja-por-tercera-vez-por-el-aeropuerto-de-ciudad-real\\\/#breadcrumblist\"},\"author\":{\"@id\":\"https:\\\/\\\/www.eldigitaldeasturias.com\\\/noticias\\\/author\\\/admin\\\/#author\"},\"creator\":{\"@id\":\"https:\\\/\\\/www.eldigitaldeasturias.com\\\/noticias\\\/author\\\/admin\\\/#author\"},\"image\":{\"@type\":\"ImageObject\",\"url\":486925,\"@id\":\"https:\\\/\\\/www.eldigitaldeasturias.com\\\/noticias\\\/el-empresario-jose-ortiz-puja-por-tercera-vez-por-el-aeropuerto-de-ciudad-real\\\/#mainImage\"},\"primaryImageOfPage\":{\"@id\":\"https:\\\/\\\/www.eldigitaldeasturias.com\\\/noticias\\\/el-empresario-jose-ortiz-puja-por-tercera-vez-por-el-aeropuerto-de-ciudad-real\\\/#mainImage\"},\"datePublished\":\"2014-02-08T21:21:45+01:00\",\"dateModified\":\"2014-02-08T21:21:45+01:00\"},{\"@type\":\"WebSite\",\"@id\":\"https:\\\/\\\/www.eldigitaldeasturias.com\\\/noticias\\\/#website\",\"url\":\"https:\\\/\\\/www.eldigitaldeasturias.com\\\/noticias\\\/\",\"name\":\"El Digital de Asturias - Diario de actualidad y noticias\",\"alternateName\":\"El Digital de Asturias - Diario de actualidad y noticias\",\"description\":\"Hemeroteca\",\"inLanguage\":\"es-ES\",\"publisher\":{\"@id\":\"https:\\\/\\\/www.eldigitaldeasturias.com\\\/noticias\\\/#organization\"}}]}\n\t\t<\/script>\n\t\t<!-- All in One SEO Pro -->\r\n\t\t<title>El empresario Jos\u00e9 Ortiz puja por tercera vez por el aeropuerto de Ciudad Real - El Digital de Asturias<\/title>\n\n","aioseo_head_json":{"title":"El empresario Jos\u00e9 Ortiz puja por tercera vez por el aeropuerto de Ciudad Real - El Digital de Asturias","description":"Ciudad Real, 8 feb (EFE).- El empresario madrile\u00f1o Francisco Jos\u00e9 Ortiz, afincado en Antequera (M\u00e1laga), ha presentado por tercera vez consecutiva una oferta de compra por el Aeropuerto de Ciudad Real, en venta tras estar inmersa la sociedad privada que lo construy\u00f3 en un concurso de acreedores. Fuentes del entorno cercano al empresario han explicado","canonical_url":"https:\/\/www.eldigitaldeasturias.com\/noticias\/el-empresario-jose-ortiz-puja-por-tercera-vez-por-el-aeropuerto-de-ciudad-real\/","robots":"max-image-preview:large","keywords":"actualidad","webmasterTools":{"google-site-verification":"UA-38556648-1","msvalidate.01":"7dfe9f3f1b24437ab69f4f2559babe99","miscellaneous":""},"schema":{"@context":"https:\/\/schema.org","@graph":[{"@type":"BlogPosting","@id":"https:\/\/www.eldigitaldeasturias.com\/noticias\/el-empresario-jose-ortiz-puja-por-tercera-vez-por-el-aeropuerto-de-ciudad-real\/#blogposting","name":"El empresario Jos\u00e9 Ortiz puja por tercera vez por el aeropuerto de Ciudad Real - El Digital de Asturias","headline":"El empresario Jos\u00e9 Ortiz puja por tercera vez por el aeropuerto de Ciudad Real","author":{"@id":"https:\/\/www.eldigitaldeasturias.com\/noticias\/author\/admin\/#author"},"publisher":{"@id":"https:\/\/www.eldigitaldeasturias.com\/noticias\/#organization"},"image":{"@type":"ImageObject","url":486925},"datePublished":"2014-02-08T21:21:45+01:00","dateModified":"2014-02-08T21:21:45+01:00","inLanguage":"es-ES","mainEntityOfPage":{"@id":"https:\/\/www.eldigitaldeasturias.com\/noticias\/el-empresario-jose-ortiz-puja-por-tercera-vez-por-el-aeropuerto-de-ciudad-real\/#webpage"},"isPartOf":{"@id":"https:\/\/www.eldigitaldeasturias.com\/noticias\/el-empresario-jose-ortiz-puja-por-tercera-vez-por-el-aeropuerto-de-ciudad-real\/#webpage"},"articleSection":"Actualidad"},{"@type":"BreadcrumbList","@id":"https:\/\/www.eldigitaldeasturias.com\/noticias\/el-empresario-jose-ortiz-puja-por-tercera-vez-por-el-aeropuerto-de-ciudad-real\/#breadcrumblist","itemListElement":[{"@type":"ListItem","@id":"https:\/\/www.eldigitaldeasturias.com\/noticias#listItem","position":1,"name":"Home","item":"https:\/\/www.eldigitaldeasturias.com\/noticias","nextItem":{"@type":"ListItem","@id":"https:\/\/www.eldigitaldeasturias.com\/noticias\/category\/actualidad\/#listItem","name":"Actualidad"}},{"@type":"ListItem","@id":"https:\/\/www.eldigitaldeasturias.com\/noticias\/category\/actualidad\/#listItem","position":2,"name":"Actualidad","item":"https:\/\/www.eldigitaldeasturias.com\/noticias\/category\/actualidad\/","nextItem":{"@type":"ListItem","@id":"https:\/\/www.eldigitaldeasturias.com\/noticias\/el-empresario-jose-ortiz-puja-por-tercera-vez-por-el-aeropuerto-de-ciudad-real\/#listItem","name":"El empresario Jos\u00e9 Ortiz puja por tercera vez por el aeropuerto de Ciudad Real"},"previousItem":{"@type":"ListItem","@id":"https:\/\/www.eldigitaldeasturias.com\/noticias#listItem","name":"Home"}},{"@type":"ListItem","@id":"https:\/\/www.eldigitaldeasturias.com\/noticias\/el-empresario-jose-ortiz-puja-por-tercera-vez-por-el-aeropuerto-de-ciudad-real\/#listItem","position":3,"name":"El empresario Jos\u00e9 Ortiz puja por tercera vez por el aeropuerto de Ciudad Real","previousItem":{"@type":"ListItem","@id":"https:\/\/www.eldigitaldeasturias.com\/noticias\/category\/actualidad\/#listItem","name":"Actualidad"}}]},{"@type":"Organization","@id":"https:\/\/www.eldigitaldeasturias.com\/noticias\/#organization","name":"El Digital de Asturias","description":"Hemeroteca","url":"https:\/\/www.eldigitaldeasturias.com\/noticias\/","email":"info@eldigitaldeasturias.com","telephone":"+34652131393","logo":{"@type":"ImageObject","url":"https:\/\/www.eldigitaldeasturias.com\/noticias\/wp-content\/uploads\/2020\/12\/EDA.jpg","@id":"https:\/\/www.eldigitaldeasturias.com\/noticias\/el-empresario-jose-ortiz-puja-por-tercera-vez-por-el-aeropuerto-de-ciudad-real\/#organizationLogo"},"image":{"@id":"https:\/\/www.eldigitaldeasturias.com\/noticias\/el-empresario-jose-ortiz-puja-por-tercera-vez-por-el-aeropuerto-de-ciudad-real\/#organizationLogo"},"sameAs":["https:\/\/facebook.com\/eldigitaldeasturias","https:\/\/www.youtube.com\/channel\/UCZP-2wLEB9Rv6erhFmqVnvg"],"address":{"@id":"https:\/\/www.eldigitaldeasturias.com\/noticias\/#postaladdress","@type":"PostalAddress","streetAddress":"san antonio 4","postalCode":"33430","addressLocality":"Cand\u00e1s","addressRegion":"Asturias","addressCountry":"ES"}},{"@type":"Person","@id":"https:\/\/www.eldigitaldeasturias.com\/noticias\/author\/admin\/#author","url":"https:\/\/www.eldigitaldeasturias.com\/noticias\/author\/admin\/","name":"El Digital de Asturias","image":{"@type":"ImageObject","@id":"https:\/\/www.eldigitaldeasturias.com\/noticias\/el-empresario-jose-ortiz-puja-por-tercera-vez-por-el-aeropuerto-de-ciudad-real\/#authorImage","url":"https:\/\/secure.gravatar.com\/avatar\/df2aeffc32bcd13f8d26072ef8a91b623d677766deac7f97ca815868cd41bf5e?s=96&d=mm&r=g","width":96,"height":96,"caption":"El Digital de Asturias"}},{"@type":"WebPage","@id":"https:\/\/www.eldigitaldeasturias.com\/noticias\/el-empresario-jose-ortiz-puja-por-tercera-vez-por-el-aeropuerto-de-ciudad-real\/#webpage","url":"https:\/\/www.eldigitaldeasturias.com\/noticias\/el-empresario-jose-ortiz-puja-por-tercera-vez-por-el-aeropuerto-de-ciudad-real\/","name":"El empresario Jos\u00e9 Ortiz puja por tercera vez por el aeropuerto de Ciudad Real - El Digital de Asturias","description":"Ciudad Real, 8 feb (EFE).- El empresario madrile\u00f1o Francisco Jos\u00e9 Ortiz, afincado en Antequera (M\u00e1laga), ha presentado por tercera vez consecutiva una oferta de compra por el Aeropuerto de Ciudad Real, en venta tras estar inmersa la sociedad privada que lo construy\u00f3 en un concurso de acreedores. Fuentes del entorno cercano al empresario han explicado","inLanguage":"es-ES","isPartOf":{"@id":"https:\/\/www.eldigitaldeasturias.com\/noticias\/#website"},"breadcrumb":{"@id":"https:\/\/www.eldigitaldeasturias.com\/noticias\/el-empresario-jose-ortiz-puja-por-tercera-vez-por-el-aeropuerto-de-ciudad-real\/#breadcrumblist"},"author":{"@id":"https:\/\/www.eldigitaldeasturias.com\/noticias\/author\/admin\/#author"},"creator":{"@id":"https:\/\/www.eldigitaldeasturias.com\/noticias\/author\/admin\/#author"},"image":{"@type":"ImageObject","url":486925,"@id":"https:\/\/www.eldigitaldeasturias.com\/noticias\/el-empresario-jose-ortiz-puja-por-tercera-vez-por-el-aeropuerto-de-ciudad-real\/#mainImage"},"primaryImageOfPage":{"@id":"https:\/\/www.eldigitaldeasturias.com\/noticias\/el-empresario-jose-ortiz-puja-por-tercera-vez-por-el-aeropuerto-de-ciudad-real\/#mainImage"},"datePublished":"2014-02-08T21:21:45+01:00","dateModified":"2014-02-08T21:21:45+01:00"},{"@type":"WebSite","@id":"https:\/\/www.eldigitaldeasturias.com\/noticias\/#website","url":"https:\/\/www.eldigitaldeasturias.com\/noticias\/","name":"El Digital de Asturias - Diario de actualidad y noticias","alternateName":"El Digital de Asturias - Diario de actualidad y noticias","description":"Hemeroteca","inLanguage":"es-ES","publisher":{"@id":"https:\/\/www.eldigitaldeasturias.com\/noticias\/#organization"}}]},"og:locale":"es_ES","og:site_name":"El Digital de Asturias","og:type":"article","og:title":"El empresario Jos\u00e9 Ortiz puja por tercera vez por el aeropuerto de Ciudad Real - El Digital de Asturias","og:description":"Ciudad Real, 8 feb (EFE).- El empresario madrile\u00f1o Francisco Jos\u00e9 Ortiz, afincado en Antequera (M\u00e1laga), ha presentado por tercera vez consecutiva una oferta de compra por el Aeropuerto de Ciudad Real, en venta tras estar inmersa la sociedad privada que lo construy\u00f3 en un concurso de acreedores. Fuentes del entorno cercano al empresario han explicado","og:url":"https:\/\/www.eldigitaldeasturias.com\/noticias\/el-empresario-jose-ortiz-puja-por-tercera-vez-por-el-aeropuerto-de-ciudad-real\/","article:tag":["actualidad"],"article:published_time":"2014-02-08T22:21:45+00:00","article:modified_time":"2014-02-08T22:21:45+00:00","article:publisher":"https:\/\/facebook.com\/eldigitaldeasturias","twitter:card":"summary_large_image","twitter:title":"El empresario Jos\u00e9 Ortiz puja por tercera vez por el aeropuerto de Ciudad Real - El Digital de Asturias","twitter:description":"Ciudad Real, 8 feb (EFE).- El empresario madrile\u00f1o Francisco Jos\u00e9 Ortiz, afincado en Antequera (M\u00e1laga), ha presentado por tercera vez consecutiva una oferta de compra por el Aeropuerto de Ciudad Real, en venta tras estar inmersa la sociedad privada que lo construy\u00f3 en un concurso de acreedores. Fuentes del entorno cercano al empresario han explicado","twitter:label1":"Escrito por","twitter:data1":"El Digital de Asturias","twitter:label2":"Tiempo de lectura estimado","twitter:data2":"2 minutos"},"aioseo_meta_data":{"post_id":"486924","title":null,"description":null,"keywords":null,"keyphrases":null,"primary_term":null,"canonical_url":null,"og_title":null,"og_description":null,"og_object_type":"default","og_image_type":"default","og_image_url":null,"og_image_width":null,"og_image_height":null,"og_image_custom_url":null,"og_image_custom_fields":null,"og_video":null,"og_custom_url":null,"og_article_section":null,"og_article_tags":null,"twitter_use_og":true,"twitter_card":"default","twitter_image_type":"default","twitter_image_url":null,"twitter_image_custom_url":null,"twitter_image_custom_fields":null,"twitter_title":null,"twitter_description":null,"schema":{"blockGraphs":[],"customGraphs":[],"default":{"data":{"Article":[],"Course":[],"Dataset":[],"FAQPage":[],"Movie":[],"Person":[],"Product":[],"ProductReview":[],"Car":[],"Recipe":[],"Service":[],"SoftwareApplication":[],"WebPage":[]},"graphName":"","isEnabled":true},"graphs":[],"defaultGraph":"","defaultPostTypeGraph":""},"schema_type":null,"schema_type_options":null,"pillar_content":false,"robots_default":true,"robots_noindex":false,"robots_noarchive":false,"robots_nosnippet":false,"robots_nofollow":false,"robots_noimageindex":false,"robots_noodp":false,"robots_notranslate":false,"robots_max_snippet":null,"robots_max_videopreview":null,"robots_max_imagepreview":"none","priority":null,"frequency":null,"local_seo":null,"seo_analyzer_scan_date":"2026-06-03 03:05:00","breadcrumb_settings":null,"limit_modified_date":false,"open_ai":null,"ai":null,"created":"2020-11-14 22:56:17","updated":"2026-06-03 03:05:00","focus_keyword":null,"additional_keywords":null,"truseo_locale":null},"aioseo_breadcrumb":"<div class=\"aioseo-breadcrumbs\"><span class=\"aioseo-breadcrumb\">\n\t<a href=\"https:\/\/www.eldigitaldeasturias.com\/noticias\" title=\"Home\">Home<\/a>\n<\/span><span class=\"aioseo-breadcrumb-separator\">\u2013<\/span><span class=\"aioseo-breadcrumb\">\n\t<a href=\"https:\/\/www.eldigitaldeasturias.com\/noticias\/category\/actualidad\/\" title=\"Actualidad\">Actualidad<\/a>\n<\/span><span class=\"aioseo-breadcrumb-separator\">\u2013<\/span><span class=\"aioseo-breadcrumb\">\n\t<a href=\"https:\/\/www.eldigitaldeasturias.com\/noticias\/el-empresario-jose-ortiz-puja-por-tercera-vez-por-el-aeropuerto-de-ciudad-real\/\" title=\"El empresario Jos\u00e9 Ortiz puja por tercera vez por el aeropuerto de Ciudad Real\">El empresario Jos\u00e9 Ortiz puja por tercera vez por el aeropuerto de Ciudad Real<\/a>\n<\/span><\/div>","aioseo_breadcrumb_json":[{"label":"Home","link":"https:\/\/www.eldigitaldeasturias.com\/noticias"},{"label":"Actualidad","link":"https:\/\/www.eldigitaldeasturias.com\/noticias\/category\/actualidad\/"},{"label":"El empresario Jos\u00e9 Ortiz puja por tercera vez por el aeropuerto de Ciudad Real","link":"https:\/\/www.eldigitaldeasturias.com\/noticias\/el-empresario-jose-ortiz-puja-por-tercera-vez-por-el-aeropuerto-de-ciudad-real\/"}],"_links":{"self":[{"href":"https:\/\/www.eldigitaldeasturias.com\/noticias\/wp-json\/wp\/v2\/posts\/486924","targetHints":{"allow":["GET"]}}],"collection":[{"href":"https:\/\/www.eldigitaldeasturias.com\/noticias\/wp-json\/wp\/v2\/posts"}],"about":[{"href":"https:\/\/www.eldigitaldeasturias.com\/noticias\/wp-json\/wp\/v2\/types\/post"}],"author":[{"embeddable":true,"href":"https:\/\/www.eldigitaldeasturias.com\/noticias\/wp-json\/wp\/v2\/users\/1"}],"replies":[{"embeddable":true,"href":"https:\/\/www.eldigitaldeasturias.com\/noticias\/wp-json\/wp\/v2\/comments?post=486924"}],"version-history":[{"count":0,"href":"https:\/\/www.eldigitaldeasturias.com\/noticias\/wp-json\/wp\/v2\/posts\/486924\/revisions"}],"wp:attachment":[{"href":"https:\/\/www.eldigitaldeasturias.com\/noticias\/wp-json\/wp\/v2\/media?parent=486924"}],"wp:term":[{"taxonomy":"category","embeddable":true,"href":"https:\/\/www.eldigitaldeasturias.com\/noticias\/wp-json\/wp\/v2\/categories?post=486924"},{"taxonomy":"post_tag","embeddable":true,"href":"https:\/\/www.eldigitaldeasturias.com\/noticias\/wp-json\/wp\/v2\/tags?post=486924"}],"curies":[{"name":"wp","href":"https:\/\/api.w.org\/{rel}","templated":true}]}}