{"id":486918,"date":"2014-02-08T21:18:16","date_gmt":"2014-02-08T22:18:16","guid":{"rendered":"http:\/\/www.eldigitaldeasturias.com\/noticias\/?p=486918"},"modified":"2014-02-08T21:18:16","modified_gmt":"2014-02-08T22:18:16","slug":"la-oposicion-argentina-pide-al-vicepresidente-investigado-que-se-tome-una-licencia","status":"publish","type":"post","link":"https:\/\/www.eldigitaldeasturias.com\/noticias\/la-oposicion-argentina-pide-al-vicepresidente-investigado-que-se-tome-una-licencia\/","title":{"rendered":"La oposici\u00f3n argentina pide al vicepresidente investigado que se tome una licencia"},"content":{"rendered":"<p><img loading=\"lazy\" decoding=\"async\" class=\"alignleft size-medium wp-image-486919\" alt=\"5924106w\" src=\"https:\/\/www.eldigitaldeasturias.com\/noticias\/wp-content\/uploads\/2014\/02\/5924106w-360x267.jpg\" width=\"360\" height=\"267\" \/>Buenos Aires, 7 feb (EFE).- La oposici\u00f3n argentina pidi\u00f3 hoy al vicepresidente del pa\u00eds, Amado Boudou, que se tome una \u00ablicencia\u00bb del cargo si la Justicia le llama a declarar como imputado en un caso de presunta corrupci\u00f3n por el que es investigado.<\/p>\n<p>El diputado de la Uni\u00f3n C\u00edvica Radical Julio Cobos se\u00f1al\u00f3 que un la retirada de Boudou \u00abser\u00eda sano para la causa, una vez que el juez decida si lo cita a indagatoria; sano para \u00e9l y para el Gobierno\u00bb.<\/p>\n<p>Cobos opin\u00f3 en la emisora local radio Mitre que la presidenta argentina, Cristina Fern\u00e1ndez, paga \u00abun costo pol\u00edtico muy grande\u00bb por las sospechas que recaen sobre Boudou \u00aben un momento en que, adem\u00e1s, est\u00e1 complicada la situaci\u00f3n del pa\u00eds\u00bb.<\/p>\n<p>Un d\u00eda despu\u00e9s de que el vicepresidente se presentara ante el juez Ariel Lijo para insistir en su inocencia, el diputado radical le pidi\u00f3 que, de ser llamado a declarar ante la Justicia, se presente y \u00abno busque otra excusa de apelaci\u00f3n\u00bb.<\/p>\n<p>El jefe de Gabinete del Gobierno de Buenos Aires, Horacio Rodr\u00edguez Larreta, se sum\u00f3 tambi\u00e9n a las cr\u00edticas y se\u00f1al\u00f3 que, desde el punto de vista pol\u00edtico, Argentina \u00abno tiene vicepresidente hace rato\u00bb.<\/p>\n<p>Rodr\u00edguez Larreta solicit\u00f3 que la Justicia vaya \u00aba fondo y r\u00e1pido\u00bb, a fin de que \u00abno haya impunidad\u00bb.<\/p>\n<p>El fiscal Jorge Di Lello acus\u00f3 el jueves pasado a Boudou de beneficiar a la imprenta de papel moneda Ciccone Calcogr\u00e1fica cuando era ministro de Econom\u00eda (2009-2011).<\/p>\n<p>Seg\u00fan Di Lello, el ahora vicepresidente dio un presunto trato de favor a la empresa, que se declar\u00f3 en quiebra en 2010 y acab\u00f3 en manos de la sociedad The Old Fund, presidida por Alejandro Vandenbroele, a quien testigos se\u00f1alan como un \u00abtestaferro\u00bb del vicepresidente.<\/p>\n","protected":false},"excerpt":{"rendered":"<p>Buenos Aires, 7 feb (EFE).- La oposici\u00f3n argentina pidi\u00f3 hoy al vicepresidente del pa\u00eds, Amado Boudou, que se tome una \u00ablicencia\u00bb del cargo si la Justicia le llama a declarar como imputado en un caso de presunta corrupci\u00f3n por el que es investigado. El diputado de la Uni\u00f3n C\u00edvica Radical Julio Cobos se\u00f1al\u00f3 que un [&hellip;]<\/p>\n","protected":false},"author":1,"featured_media":486919,"comment_status":"open","ping_status":"open","sticky":false,"template":"","format":"standard","meta":{"footnotes":""},"categories":[1],"tags":[],"class_list":["post-486918","post","type-post","status-publish","format-standard","has-post-thumbnail","hentry","category-actualidad"],"aioseo_notices":[],"aioseo_head":"\n\t\t<!-- All in One SEO Pro 5.0.1 - aioseo.com -->\n\t<meta name=\"description\" content=\"Buenos Aires, 7 feb (EFE).- La oposici\u00f3n argentina pidi\u00f3 hoy al vicepresidente del pa\u00eds, Amado Boudou, que se tome una &quot;licencia&quot; del cargo si la Justicia le llama a declarar como imputado en un caso de presunta corrupci\u00f3n por el que es investigado. El diputado de la Uni\u00f3n C\u00edvica Radical Julio Cobos se\u00f1al\u00f3 que un\" \/>\n\t<meta name=\"robots\" content=\"max-image-preview:large\" \/>\n\t<meta name=\"author\" content=\"El Digital de Asturias\"\/>\n\t<meta name=\"google-site-verification\" content=\"UA-38556648-1\" \/>\n\t<meta name=\"msvalidate.01\" content=\"7dfe9f3f1b24437ab69f4f2559babe99\" \/>\n\t<meta name=\"keywords\" content=\"actualidad\" \/>\n\t<link rel=\"canonical\" href=\"https:\/\/www.eldigitaldeasturias.com\/noticias\/la-oposicion-argentina-pide-al-vicepresidente-investigado-que-se-tome-una-licencia\/\" \/>\n\t<meta name=\"generator\" content=\"All in One SEO Pro (AIOSEO) 5.0.1\" \/>\n\t\t<meta property=\"og:locale\" content=\"es_ES\" \/>\n\t\t<meta property=\"og:site_name\" content=\"El Digital de Asturias\" \/>\n\t\t<meta property=\"og:type\" content=\"article\" \/>\n\t\t<meta property=\"og:title\" content=\"La oposici\u00f3n argentina pide al vicepresidente investigado que se tome una licencia - El Digital de Asturias\" \/>\n\t\t<meta property=\"og:description\" content=\"Buenos Aires, 7 feb (EFE).- La oposici\u00f3n argentina pidi\u00f3 hoy al vicepresidente del pa\u00eds, Amado Boudou, que se tome una &quot;licencia&quot; del cargo si la Justicia le llama a declarar como imputado en un caso de presunta corrupci\u00f3n por el que es investigado. El diputado de la Uni\u00f3n C\u00edvica Radical Julio Cobos se\u00f1al\u00f3 que un\" \/>\n\t\t<meta property=\"og:url\" content=\"https:\/\/www.eldigitaldeasturias.com\/noticias\/la-oposicion-argentina-pide-al-vicepresidente-investigado-que-se-tome-una-licencia\/\" \/>\n\t\t<meta property=\"article:tag\" content=\"actualidad\" \/>\n\t\t<meta property=\"article:published_time\" content=\"2014-02-08T22:18:16+00:00\" \/>\n\t\t<meta property=\"article:modified_time\" content=\"2014-02-08T22:18:16+00:00\" \/>\n\t\t<meta property=\"article:publisher\" content=\"https:\/\/facebook.com\/eldigitaldeasturias\" \/>\n\t\t<meta name=\"twitter:card\" content=\"summary_large_image\" \/>\n\t\t<meta name=\"twitter:title\" content=\"La oposici\u00f3n argentina pide al vicepresidente investigado que se tome una licencia - El Digital de Asturias\" \/>\n\t\t<meta name=\"twitter:description\" content=\"Buenos Aires, 7 feb (EFE).- La oposici\u00f3n argentina pidi\u00f3 hoy al vicepresidente del pa\u00eds, Amado Boudou, que se tome una &quot;licencia&quot; del cargo si la Justicia le llama a declarar como imputado en un caso de presunta corrupci\u00f3n por el que es investigado. El diputado de la Uni\u00f3n C\u00edvica Radical Julio Cobos se\u00f1al\u00f3 que un\" \/>\n\t\t<meta name=\"twitter:label1\" content=\"Escrito por\" \/>\n\t\t<meta name=\"twitter:data1\" content=\"El Digital de Asturias\" \/>\n\t\t<meta name=\"twitter:label2\" content=\"Tiempo de lectura estimado\" \/>\n\t\t<meta name=\"twitter:data2\" content=\"2 minutos\" \/>\n\t\t<script type=\"application\/ld+json\" class=\"aioseo-schema\">\n\t\t\t{\"@context\":\"https:\\\/\\\/schema.org\",\"@graph\":[{\"@type\":\"BlogPosting\",\"@id\":\"https:\\\/\\\/www.eldigitaldeasturias.com\\\/noticias\\\/la-oposicion-argentina-pide-al-vicepresidente-investigado-que-se-tome-una-licencia\\\/#blogposting\",\"name\":\"La oposici\\u00f3n argentina pide al vicepresidente investigado que se tome una licencia - El Digital de Asturias\",\"headline\":\"La oposici\\u00f3n argentina pide al vicepresidente investigado que se tome una licencia\",\"author\":{\"@id\":\"https:\\\/\\\/www.eldigitaldeasturias.com\\\/noticias\\\/author\\\/admin\\\/#author\"},\"publisher\":{\"@id\":\"https:\\\/\\\/www.eldigitaldeasturias.com\\\/noticias\\\/#organization\"},\"image\":{\"@type\":\"ImageObject\",\"url\":486919},\"datePublished\":\"2014-02-08T21:18:16+01:00\",\"dateModified\":\"2014-02-08T21:18:16+01:00\",\"inLanguage\":\"es-ES\",\"mainEntityOfPage\":{\"@id\":\"https:\\\/\\\/www.eldigitaldeasturias.com\\\/noticias\\\/la-oposicion-argentina-pide-al-vicepresidente-investigado-que-se-tome-una-licencia\\\/#webpage\"},\"isPartOf\":{\"@id\":\"https:\\\/\\\/www.eldigitaldeasturias.com\\\/noticias\\\/la-oposicion-argentina-pide-al-vicepresidente-investigado-que-se-tome-una-licencia\\\/#webpage\"},\"articleSection\":\"Actualidad\"},{\"@type\":\"BreadcrumbList\",\"@id\":\"https:\\\/\\\/www.eldigitaldeasturias.com\\\/noticias\\\/la-oposicion-argentina-pide-al-vicepresidente-investigado-que-se-tome-una-licencia\\\/#breadcrumblist\",\"itemListElement\":[{\"@type\":\"ListItem\",\"@id\":\"https:\\\/\\\/www.eldigitaldeasturias.com\\\/noticias#listItem\",\"position\":1,\"name\":\"Home\",\"item\":\"https:\\\/\\\/www.eldigitaldeasturias.com\\\/noticias\",\"nextItem\":{\"@type\":\"ListItem\",\"@id\":\"https:\\\/\\\/www.eldigitaldeasturias.com\\\/noticias\\\/category\\\/actualidad\\\/#listItem\",\"name\":\"Actualidad\"}},{\"@type\":\"ListItem\",\"@id\":\"https:\\\/\\\/www.eldigitaldeasturias.com\\\/noticias\\\/category\\\/actualidad\\\/#listItem\",\"position\":2,\"name\":\"Actualidad\",\"item\":\"https:\\\/\\\/www.eldigitaldeasturias.com\\\/noticias\\\/category\\\/actualidad\\\/\",\"nextItem\":{\"@type\":\"ListItem\",\"@id\":\"https:\\\/\\\/www.eldigitaldeasturias.com\\\/noticias\\\/la-oposicion-argentina-pide-al-vicepresidente-investigado-que-se-tome-una-licencia\\\/#listItem\",\"name\":\"La oposici\\u00f3n argentina pide al vicepresidente investigado que se tome una licencia\"},\"previousItem\":{\"@type\":\"ListItem\",\"@id\":\"https:\\\/\\\/www.eldigitaldeasturias.com\\\/noticias#listItem\",\"name\":\"Home\"}},{\"@type\":\"ListItem\",\"@id\":\"https:\\\/\\\/www.eldigitaldeasturias.com\\\/noticias\\\/la-oposicion-argentina-pide-al-vicepresidente-investigado-que-se-tome-una-licencia\\\/#listItem\",\"position\":3,\"name\":\"La oposici\\u00f3n argentina pide al vicepresidente investigado que se tome una licencia\",\"previousItem\":{\"@type\":\"ListItem\",\"@id\":\"https:\\\/\\\/www.eldigitaldeasturias.com\\\/noticias\\\/category\\\/actualidad\\\/#listItem\",\"name\":\"Actualidad\"}}]},{\"@type\":\"Organization\",\"@id\":\"https:\\\/\\\/www.eldigitaldeasturias.com\\\/noticias\\\/#organization\",\"name\":\"El Digital de Asturias\",\"description\":\"Hemeroteca\",\"url\":\"https:\\\/\\\/www.eldigitaldeasturias.com\\\/noticias\\\/\",\"email\":\"info@eldigitaldeasturias.com\",\"telephone\":\"+34652131393\",\"logo\":{\"@type\":\"ImageObject\",\"url\":\"https:\\\/\\\/www.eldigitaldeasturias.com\\\/noticias\\\/wp-content\\\/uploads\\\/2020\\\/12\\\/EDA.jpg\",\"@id\":\"https:\\\/\\\/www.eldigitaldeasturias.com\\\/noticias\\\/la-oposicion-argentina-pide-al-vicepresidente-investigado-que-se-tome-una-licencia\\\/#organizationLogo\"},\"image\":{\"@id\":\"https:\\\/\\\/www.eldigitaldeasturias.com\\\/noticias\\\/la-oposicion-argentina-pide-al-vicepresidente-investigado-que-se-tome-una-licencia\\\/#organizationLogo\"},\"sameAs\":[\"https:\\\/\\\/facebook.com\\\/eldigitaldeasturias\",\"https:\\\/\\\/www.youtube.com\\\/channel\\\/UCZP-2wLEB9Rv6erhFmqVnvg\"],\"address\":{\"@id\":\"https:\\\/\\\/www.eldigitaldeasturias.com\\\/noticias\\\/#postaladdress\",\"@type\":\"PostalAddress\",\"streetAddress\":\"san antonio 4\",\"postalCode\":\"33430\",\"addressLocality\":\"Cand\\u00e1s\",\"addressRegion\":\"Asturias\",\"addressCountry\":\"ES\"}},{\"@type\":\"Person\",\"@id\":\"https:\\\/\\\/www.eldigitaldeasturias.com\\\/noticias\\\/author\\\/admin\\\/#author\",\"url\":\"https:\\\/\\\/www.eldigitaldeasturias.com\\\/noticias\\\/author\\\/admin\\\/\",\"name\":\"El Digital de Asturias\",\"image\":{\"@type\":\"ImageObject\",\"@id\":\"https:\\\/\\\/www.eldigitaldeasturias.com\\\/noticias\\\/la-oposicion-argentina-pide-al-vicepresidente-investigado-que-se-tome-una-licencia\\\/#authorImage\",\"url\":\"https:\\\/\\\/secure.gravatar.com\\\/avatar\\\/df2aeffc32bcd13f8d26072ef8a91b623d677766deac7f97ca815868cd41bf5e?s=96&d=mm&r=g\",\"width\":96,\"height\":96,\"caption\":\"El Digital de Asturias\"}},{\"@type\":\"WebPage\",\"@id\":\"https:\\\/\\\/www.eldigitaldeasturias.com\\\/noticias\\\/la-oposicion-argentina-pide-al-vicepresidente-investigado-que-se-tome-una-licencia\\\/#webpage\",\"url\":\"https:\\\/\\\/www.eldigitaldeasturias.com\\\/noticias\\\/la-oposicion-argentina-pide-al-vicepresidente-investigado-que-se-tome-una-licencia\\\/\",\"name\":\"La oposici\\u00f3n argentina pide al vicepresidente investigado que se tome una licencia - El Digital de Asturias\",\"description\":\"Buenos Aires, 7 feb (EFE).- La oposici\\u00f3n argentina pidi\\u00f3 hoy al vicepresidente del pa\\u00eds, Amado Boudou, que se tome una \\\"licencia\\\" del cargo si la Justicia le llama a declarar como imputado en un caso de presunta corrupci\\u00f3n por el que es investigado. El diputado de la Uni\\u00f3n C\\u00edvica Radical Julio Cobos se\\u00f1al\\u00f3 que un\",\"inLanguage\":\"es-ES\",\"isPartOf\":{\"@id\":\"https:\\\/\\\/www.eldigitaldeasturias.com\\\/noticias\\\/#website\"},\"breadcrumb\":{\"@id\":\"https:\\\/\\\/www.eldigitaldeasturias.com\\\/noticias\\\/la-oposicion-argentina-pide-al-vicepresidente-investigado-que-se-tome-una-licencia\\\/#breadcrumblist\"},\"author\":{\"@id\":\"https:\\\/\\\/www.eldigitaldeasturias.com\\\/noticias\\\/author\\\/admin\\\/#author\"},\"creator\":{\"@id\":\"https:\\\/\\\/www.eldigitaldeasturias.com\\\/noticias\\\/author\\\/admin\\\/#author\"},\"image\":{\"@type\":\"ImageObject\",\"url\":486919,\"@id\":\"https:\\\/\\\/www.eldigitaldeasturias.com\\\/noticias\\\/la-oposicion-argentina-pide-al-vicepresidente-investigado-que-se-tome-una-licencia\\\/#mainImage\"},\"primaryImageOfPage\":{\"@id\":\"https:\\\/\\\/www.eldigitaldeasturias.com\\\/noticias\\\/la-oposicion-argentina-pide-al-vicepresidente-investigado-que-se-tome-una-licencia\\\/#mainImage\"},\"datePublished\":\"2014-02-08T21:18:16+01:00\",\"dateModified\":\"2014-02-08T21:18:16+01:00\"},{\"@type\":\"WebSite\",\"@id\":\"https:\\\/\\\/www.eldigitaldeasturias.com\\\/noticias\\\/#website\",\"url\":\"https:\\\/\\\/www.eldigitaldeasturias.com\\\/noticias\\\/\",\"name\":\"El Digital de Asturias - Diario de actualidad y noticias\",\"alternateName\":\"El Digital de Asturias - Diario de actualidad y noticias\",\"description\":\"Hemeroteca\",\"inLanguage\":\"es-ES\",\"publisher\":{\"@id\":\"https:\\\/\\\/www.eldigitaldeasturias.com\\\/noticias\\\/#organization\"}}]}\n\t\t<\/script>\n\t\t<!-- All in One SEO Pro -->\r\n\t\t<title>La oposici\u00f3n argentina pide al vicepresidente investigado que se tome una licencia - El Digital de Asturias<\/title>\n\n","aioseo_head_json":{"title":"La oposici\u00f3n argentina pide al vicepresidente investigado que se tome una licencia - El Digital de Asturias","description":"Buenos Aires, 7 feb (EFE).- La oposici\u00f3n argentina pidi\u00f3 hoy al vicepresidente del pa\u00eds, Amado Boudou, que se tome una \"licencia\" del cargo si la Justicia le llama a declarar como imputado en un caso de presunta corrupci\u00f3n por el que es investigado. El diputado de la Uni\u00f3n C\u00edvica Radical Julio Cobos se\u00f1al\u00f3 que un","canonical_url":"https:\/\/www.eldigitaldeasturias.com\/noticias\/la-oposicion-argentina-pide-al-vicepresidente-investigado-que-se-tome-una-licencia\/","robots":"max-image-preview:large","keywords":"actualidad","webmasterTools":{"google-site-verification":"UA-38556648-1","msvalidate.01":"7dfe9f3f1b24437ab69f4f2559babe99","miscellaneous":""},"schema":{"@context":"https:\/\/schema.org","@graph":[{"@type":"BlogPosting","@id":"https:\/\/www.eldigitaldeasturias.com\/noticias\/la-oposicion-argentina-pide-al-vicepresidente-investigado-que-se-tome-una-licencia\/#blogposting","name":"La oposici\u00f3n argentina pide al vicepresidente investigado que se tome una licencia - El Digital de Asturias","headline":"La oposici\u00f3n argentina pide al vicepresidente investigado que se tome una licencia","author":{"@id":"https:\/\/www.eldigitaldeasturias.com\/noticias\/author\/admin\/#author"},"publisher":{"@id":"https:\/\/www.eldigitaldeasturias.com\/noticias\/#organization"},"image":{"@type":"ImageObject","url":486919},"datePublished":"2014-02-08T21:18:16+01:00","dateModified":"2014-02-08T21:18:16+01:00","inLanguage":"es-ES","mainEntityOfPage":{"@id":"https:\/\/www.eldigitaldeasturias.com\/noticias\/la-oposicion-argentina-pide-al-vicepresidente-investigado-que-se-tome-una-licencia\/#webpage"},"isPartOf":{"@id":"https:\/\/www.eldigitaldeasturias.com\/noticias\/la-oposicion-argentina-pide-al-vicepresidente-investigado-que-se-tome-una-licencia\/#webpage"},"articleSection":"Actualidad"},{"@type":"BreadcrumbList","@id":"https:\/\/www.eldigitaldeasturias.com\/noticias\/la-oposicion-argentina-pide-al-vicepresidente-investigado-que-se-tome-una-licencia\/#breadcrumblist","itemListElement":[{"@type":"ListItem","@id":"https:\/\/www.eldigitaldeasturias.com\/noticias#listItem","position":1,"name":"Home","item":"https:\/\/www.eldigitaldeasturias.com\/noticias","nextItem":{"@type":"ListItem","@id":"https:\/\/www.eldigitaldeasturias.com\/noticias\/category\/actualidad\/#listItem","name":"Actualidad"}},{"@type":"ListItem","@id":"https:\/\/www.eldigitaldeasturias.com\/noticias\/category\/actualidad\/#listItem","position":2,"name":"Actualidad","item":"https:\/\/www.eldigitaldeasturias.com\/noticias\/category\/actualidad\/","nextItem":{"@type":"ListItem","@id":"https:\/\/www.eldigitaldeasturias.com\/noticias\/la-oposicion-argentina-pide-al-vicepresidente-investigado-que-se-tome-una-licencia\/#listItem","name":"La oposici\u00f3n argentina pide al vicepresidente investigado que se tome una licencia"},"previousItem":{"@type":"ListItem","@id":"https:\/\/www.eldigitaldeasturias.com\/noticias#listItem","name":"Home"}},{"@type":"ListItem","@id":"https:\/\/www.eldigitaldeasturias.com\/noticias\/la-oposicion-argentina-pide-al-vicepresidente-investigado-que-se-tome-una-licencia\/#listItem","position":3,"name":"La oposici\u00f3n argentina pide al vicepresidente investigado que se tome una licencia","previousItem":{"@type":"ListItem","@id":"https:\/\/www.eldigitaldeasturias.com\/noticias\/category\/actualidad\/#listItem","name":"Actualidad"}}]},{"@type":"Organization","@id":"https:\/\/www.eldigitaldeasturias.com\/noticias\/#organization","name":"El Digital de Asturias","description":"Hemeroteca","url":"https:\/\/www.eldigitaldeasturias.com\/noticias\/","email":"info@eldigitaldeasturias.com","telephone":"+34652131393","logo":{"@type":"ImageObject","url":"https:\/\/www.eldigitaldeasturias.com\/noticias\/wp-content\/uploads\/2020\/12\/EDA.jpg","@id":"https:\/\/www.eldigitaldeasturias.com\/noticias\/la-oposicion-argentina-pide-al-vicepresidente-investigado-que-se-tome-una-licencia\/#organizationLogo"},"image":{"@id":"https:\/\/www.eldigitaldeasturias.com\/noticias\/la-oposicion-argentina-pide-al-vicepresidente-investigado-que-se-tome-una-licencia\/#organizationLogo"},"sameAs":["https:\/\/facebook.com\/eldigitaldeasturias","https:\/\/www.youtube.com\/channel\/UCZP-2wLEB9Rv6erhFmqVnvg"],"address":{"@id":"https:\/\/www.eldigitaldeasturias.com\/noticias\/#postaladdress","@type":"PostalAddress","streetAddress":"san antonio 4","postalCode":"33430","addressLocality":"Cand\u00e1s","addressRegion":"Asturias","addressCountry":"ES"}},{"@type":"Person","@id":"https:\/\/www.eldigitaldeasturias.com\/noticias\/author\/admin\/#author","url":"https:\/\/www.eldigitaldeasturias.com\/noticias\/author\/admin\/","name":"El Digital de Asturias","image":{"@type":"ImageObject","@id":"https:\/\/www.eldigitaldeasturias.com\/noticias\/la-oposicion-argentina-pide-al-vicepresidente-investigado-que-se-tome-una-licencia\/#authorImage","url":"https:\/\/secure.gravatar.com\/avatar\/df2aeffc32bcd13f8d26072ef8a91b623d677766deac7f97ca815868cd41bf5e?s=96&d=mm&r=g","width":96,"height":96,"caption":"El Digital de Asturias"}},{"@type":"WebPage","@id":"https:\/\/www.eldigitaldeasturias.com\/noticias\/la-oposicion-argentina-pide-al-vicepresidente-investigado-que-se-tome-una-licencia\/#webpage","url":"https:\/\/www.eldigitaldeasturias.com\/noticias\/la-oposicion-argentina-pide-al-vicepresidente-investigado-que-se-tome-una-licencia\/","name":"La oposici\u00f3n argentina pide al vicepresidente investigado que se tome una licencia - El Digital de Asturias","description":"Buenos Aires, 7 feb (EFE).- La oposici\u00f3n argentina pidi\u00f3 hoy al vicepresidente del pa\u00eds, Amado Boudou, que se tome una \"licencia\" del cargo si la Justicia le llama a declarar como imputado en un caso de presunta corrupci\u00f3n por el que es investigado. El diputado de la Uni\u00f3n C\u00edvica Radical Julio Cobos se\u00f1al\u00f3 que un","inLanguage":"es-ES","isPartOf":{"@id":"https:\/\/www.eldigitaldeasturias.com\/noticias\/#website"},"breadcrumb":{"@id":"https:\/\/www.eldigitaldeasturias.com\/noticias\/la-oposicion-argentina-pide-al-vicepresidente-investigado-que-se-tome-una-licencia\/#breadcrumblist"},"author":{"@id":"https:\/\/www.eldigitaldeasturias.com\/noticias\/author\/admin\/#author"},"creator":{"@id":"https:\/\/www.eldigitaldeasturias.com\/noticias\/author\/admin\/#author"},"image":{"@type":"ImageObject","url":486919,"@id":"https:\/\/www.eldigitaldeasturias.com\/noticias\/la-oposicion-argentina-pide-al-vicepresidente-investigado-que-se-tome-una-licencia\/#mainImage"},"primaryImageOfPage":{"@id":"https:\/\/www.eldigitaldeasturias.com\/noticias\/la-oposicion-argentina-pide-al-vicepresidente-investigado-que-se-tome-una-licencia\/#mainImage"},"datePublished":"2014-02-08T21:18:16+01:00","dateModified":"2014-02-08T21:18:16+01:00"},{"@type":"WebSite","@id":"https:\/\/www.eldigitaldeasturias.com\/noticias\/#website","url":"https:\/\/www.eldigitaldeasturias.com\/noticias\/","name":"El Digital de Asturias - Diario de actualidad y noticias","alternateName":"El Digital de Asturias - Diario de actualidad y noticias","description":"Hemeroteca","inLanguage":"es-ES","publisher":{"@id":"https:\/\/www.eldigitaldeasturias.com\/noticias\/#organization"}}]},"og:locale":"es_ES","og:site_name":"El Digital de Asturias","og:type":"article","og:title":"La oposici\u00f3n argentina pide al vicepresidente investigado que se tome una licencia - El Digital de Asturias","og:description":"Buenos Aires, 7 feb (EFE).- La oposici\u00f3n argentina pidi\u00f3 hoy al vicepresidente del pa\u00eds, Amado Boudou, que se tome una &quot;licencia&quot; del cargo si la Justicia le llama a declarar como imputado en un caso de presunta corrupci\u00f3n por el que es investigado. El diputado de la Uni\u00f3n C\u00edvica Radical Julio Cobos se\u00f1al\u00f3 que un","og:url":"https:\/\/www.eldigitaldeasturias.com\/noticias\/la-oposicion-argentina-pide-al-vicepresidente-investigado-que-se-tome-una-licencia\/","article:tag":["actualidad"],"article:published_time":"2014-02-08T22:18:16+00:00","article:modified_time":"2014-02-08T22:18:16+00:00","article:publisher":"https:\/\/facebook.com\/eldigitaldeasturias","twitter:card":"summary_large_image","twitter:title":"La oposici\u00f3n argentina pide al vicepresidente investigado que se tome una licencia - El Digital de Asturias","twitter:description":"Buenos Aires, 7 feb (EFE).- La oposici\u00f3n argentina pidi\u00f3 hoy al vicepresidente del pa\u00eds, Amado Boudou, que se tome una &quot;licencia&quot; del cargo si la Justicia le llama a declarar como imputado en un caso de presunta corrupci\u00f3n por el que es investigado. El diputado de la Uni\u00f3n C\u00edvica Radical Julio Cobos se\u00f1al\u00f3 que un","twitter:label1":"Escrito por","twitter:data1":"El Digital de Asturias","twitter:label2":"Tiempo de lectura estimado","twitter:data2":"2 minutos"},"aioseo_meta_data":{"post_id":"486918","title":null,"description":null,"keywords":null,"keyphrases":null,"primary_term":null,"canonical_url":null,"og_title":null,"og_description":null,"og_object_type":"default","og_image_type":"default","og_image_url":null,"og_image_width":null,"og_image_height":null,"og_image_custom_url":null,"og_image_custom_fields":null,"og_video":null,"og_custom_url":null,"og_article_section":null,"og_article_tags":null,"twitter_use_og":true,"twitter_card":"default","twitter_image_type":"default","twitter_image_url":null,"twitter_image_custom_url":null,"twitter_image_custom_fields":null,"twitter_title":null,"twitter_description":null,"schema":{"blockGraphs":[],"customGraphs":[],"default":{"data":{"Article":[],"Course":[],"Dataset":[],"FAQPage":[],"Movie":[],"Person":[],"Product":[],"ProductReview":[],"Car":[],"Recipe":[],"Service":[],"SoftwareApplication":[],"WebPage":[]},"graphName":"","isEnabled":true},"graphs":[],"defaultGraph":"","defaultPostTypeGraph":""},"schema_type":null,"schema_type_options":null,"pillar_content":false,"robots_default":true,"robots_noindex":false,"robots_noarchive":false,"robots_nosnippet":false,"robots_nofollow":false,"robots_noimageindex":false,"robots_noodp":false,"robots_notranslate":false,"robots_max_snippet":null,"robots_max_videopreview":null,"robots_max_imagepreview":"none","priority":null,"frequency":null,"local_seo":null,"seo_analyzer_scan_date":"2026-06-03 03:02:48","breadcrumb_settings":null,"limit_modified_date":false,"open_ai":null,"ai":null,"created":"2020-11-14 22:56:15","updated":"2026-06-03 03:02:48","focus_keyword":null,"additional_keywords":null,"truseo_locale":null},"aioseo_breadcrumb":"<div class=\"aioseo-breadcrumbs\"><span class=\"aioseo-breadcrumb\">\n\t<a href=\"https:\/\/www.eldigitaldeasturias.com\/noticias\" title=\"Home\">Home<\/a>\n<\/span><span class=\"aioseo-breadcrumb-separator\">\u2013<\/span><span class=\"aioseo-breadcrumb\">\n\t<a href=\"https:\/\/www.eldigitaldeasturias.com\/noticias\/category\/actualidad\/\" title=\"Actualidad\">Actualidad<\/a>\n<\/span><span class=\"aioseo-breadcrumb-separator\">\u2013<\/span><span class=\"aioseo-breadcrumb\">\n\t<a href=\"https:\/\/www.eldigitaldeasturias.com\/noticias\/la-oposicion-argentina-pide-al-vicepresidente-investigado-que-se-tome-una-licencia\/\" title=\"La oposici\u00f3n argentina pide al vicepresidente investigado que se tome una licencia\">La oposici\u00f3n argentina pide al vicepresidente investigado que se tome una licencia<\/a>\n<\/span><\/div>","aioseo_breadcrumb_json":[{"label":"Home","link":"https:\/\/www.eldigitaldeasturias.com\/noticias"},{"label":"Actualidad","link":"https:\/\/www.eldigitaldeasturias.com\/noticias\/category\/actualidad\/"},{"label":"La oposici\u00f3n argentina pide al vicepresidente investigado que se tome una licencia","link":"https:\/\/www.eldigitaldeasturias.com\/noticias\/la-oposicion-argentina-pide-al-vicepresidente-investigado-que-se-tome-una-licencia\/"}],"_links":{"self":[{"href":"https:\/\/www.eldigitaldeasturias.com\/noticias\/wp-json\/wp\/v2\/posts\/486918","targetHints":{"allow":["GET"]}}],"collection":[{"href":"https:\/\/www.eldigitaldeasturias.com\/noticias\/wp-json\/wp\/v2\/posts"}],"about":[{"href":"https:\/\/www.eldigitaldeasturias.com\/noticias\/wp-json\/wp\/v2\/types\/post"}],"author":[{"embeddable":true,"href":"https:\/\/www.eldigitaldeasturias.com\/noticias\/wp-json\/wp\/v2\/users\/1"}],"replies":[{"embeddable":true,"href":"https:\/\/www.eldigitaldeasturias.com\/noticias\/wp-json\/wp\/v2\/comments?post=486918"}],"version-history":[{"count":0,"href":"https:\/\/www.eldigitaldeasturias.com\/noticias\/wp-json\/wp\/v2\/posts\/486918\/revisions"}],"wp:attachment":[{"href":"https:\/\/www.eldigitaldeasturias.com\/noticias\/wp-json\/wp\/v2\/media?parent=486918"}],"wp:term":[{"taxonomy":"category","embeddable":true,"href":"https:\/\/www.eldigitaldeasturias.com\/noticias\/wp-json\/wp\/v2\/categories?post=486918"},{"taxonomy":"post_tag","embeddable":true,"href":"https:\/\/www.eldigitaldeasturias.com\/noticias\/wp-json\/wp\/v2\/tags?post=486918"}],"curies":[{"name":"wp","href":"https:\/\/api.w.org\/{rel}","templated":true}]}}