{"id":486909,"date":"2014-02-08T21:12:21","date_gmt":"2014-02-08T22:12:21","guid":{"rendered":"http:\/\/www.eldigitaldeasturias.com\/noticias\/?p=486909"},"modified":"2014-02-08T21:12:21","modified_gmt":"2014-02-08T22:12:21","slug":"iu-contrapone-su-receta-de-estado-solidario-y-plurinacional-al-independentismo","status":"publish","type":"post","link":"https:\/\/www.eldigitaldeasturias.com\/noticias\/iu-contrapone-su-receta-de-estado-solidario-y-plurinacional-al-independentismo\/","title":{"rendered":"IU contrapone su receta de Estado solidario y plurinacional al independentismo"},"content":{"rendered":"<p><img loading=\"lazy\" decoding=\"async\" class=\"alignleft size-medium wp-image-486910\" alt=\"5924111w\" src=\"https:\/\/www.eldigitaldeasturias.com\/noticias\/wp-content\/uploads\/2014\/02\/5924111w-360x239.jpg\" width=\"360\" height=\"239\" \/>Madrid, 8 feb (EFE).- IU ha defendido hoy en una conferencia sobre el modelo de Estado un proyecto federal \u00absolidario y plurinacional\u00bb, que contempla tambi\u00e9n el derecho a la secesi\u00f3n, y que ve como alternativa viable para que Espa\u00f1a pueda tener futuro todos juntos, con catalanes incluidos.<\/p>\n<p>Es una receta que hoy ha debatido ampliamente IU en una conferencia monogr\u00e1fica sobre el modelo de Estado en la que, inevitablemente, se ha colado la declaraci\u00f3n de la infanta Cristina como imputada en el caso N\u00f3os y que el l\u00edder de IU, Cayo Lara, ha utilizado durante su intervenci\u00f3n como un argumento m\u00e1s en favor de la Rep\u00fablica federal.<\/p>\n<p>Un modelo que Lara ha defendido frente al proceso \u00abdeconstituyente\u00bb que est\u00e1n promoviendo el PP, en el Gobierno, junto al PSOE y algunas fuerzas nacionalistas, en alusi\u00f3n a CiU y otras \u00abbanderas independentistas\u00bb que hacen ondear el mensaje insistente de \u00abEspa\u00f1a nos roba\u00bb.<\/p>\n<p>Ante los 350 delegados asistentes a la conferencia, el coordinador federal ha recordado que IU \u00abno es independentista ni autonomista\u00bb, si bien tiene un respeto total por el derecho de los pueblos a decidir su futuro, lo que incluye el derecho a la secesi\u00f3n.<\/p>\n<p>Y en ese contexto que ha marcado Catalu\u00f1a, Lara ve urgente dar a conocer a los ciudadanos que existe otra alternativa posible para que Espa\u00f1a pueda seguir unida, y que pasa por un Estado republicano, laico y \u00absolidario\u00bb.<\/p>\n<p>Especialmente ha hecho hincapi\u00e9 en el t\u00e9rmino de solidaridad porque, ha se\u00f1alado, no se puede ir a Europa a reclamar solidaridad para determinadas regiones y luego ponerle trabas cuando se trata de garantizar \u00ablos mismos derechos b\u00e1sicos\u00bb en todo el territorio.<\/p>\n<p>Y para ello, IU, ha dicho, apuesta por un modelo de estado federal de \u00abmayor\u00edas sociales\u00bb y al margen de la \u00abconfrontaci\u00f3n\u00bb de identidades nacionales.<\/p>\n<p>Tambi\u00e9n el coordinador de IU-Catalu\u00f1a, Joan Josep Nuet, ha dejado claro que no hay salida en el enfrentamiento y ha dicho estar convencido de que Espa\u00f1a \u00abno tiene futuro\u00bb con las amenazas y los m\u00e9todos de \u00abconfrontaci\u00f3n de la Guerra Civil\u00bb que plantea el PP y, en cambio, s\u00ed lo tiene con el modelo federal de IU, que respeta el derecho a decidir y apuesta por la integraci\u00f3n social de todos los espa\u00f1oles.<\/p>\n<p>Nuet ha contrapuesto el proyecto \u00abintegrador\u00bb de su formaci\u00f3n a la propuesta del PP, que \u00abest\u00e1 rompiendo el pa\u00eds\u00bb, el \u00abcentralismo federal\u00bb que apoya el PSOE y \u00ablos modelos independentistas que no son lo nuestros\u00bb.<\/p>\n<p>Sin duda, ve posible que Espa\u00f1a siga unida, pero para ello, seg\u00fan ha dicho, hay que cambiar algunas cosas que permitan \u00abilusionar\u00bb a todo el mundo porque, en su opini\u00f3n, \u00abcon la Espa\u00f1a de Rajoy se asustan, pero con otra Espa\u00f1a s\u00ed es posible\u00bb.<\/p>\n<p>IU no comulga con la deriva soberanista que ha emprendido Catalu\u00f1a, aunque lo respeta, porque su idea, tal como ha insistido el coordinador de Navarra, Jos\u00e9 Miguel Nuin, no est\u00e1 \u00aben frentes nacionalistas sino sociales\u00bb, que defiendan el inter\u00e9s general y garanticen \u00abla igualdad de derechos\u00bb en todo el territorio.<\/p>\n<p>IU ha discutido durante esta jornada todas las propuestas que han presentado las distintas federaciones para mejorar su proyecto de pa\u00eds, donde el debate territorial se vincule \u00abal debate de clase\u00bb y a los derechos de la ciudadan\u00eda y que, al mismo tiempo, permita una salida \u00absocial y solidaria\u00bb a la crisis.<\/p>\n<p>Un debate que llega en \u00abel momento justo\u00bb, seg\u00fan el vicepresidente de Andaluc\u00eda, Diego Valderas, coordinador de la ponencia sobre el modelo de Estado, a la que se han presentado un total de 1.149 enmiendas, de las cuales se han asumido 1.076, es decir, un 93 por ciento de ellas.<\/p>\n<p>El documento final que se apruebe, que se elevar\u00e1 al Consejo Pol\u00edtico para su ratificaci\u00f3n, pretende tambi\u00e9n ser un punto de partida para debatir con otras fuerzas pol\u00edticas un proyecto de Estado en el que quepan todos porque IU est\u00e1 segura de que no es posible construir nada desde la lucha de identidades.<\/p>\n","protected":false},"excerpt":{"rendered":"<p>Madrid, 8 feb (EFE).- IU ha defendido hoy en una conferencia sobre el modelo de Estado un proyecto federal \u00absolidario y plurinacional\u00bb, que contempla tambi\u00e9n el derecho a la secesi\u00f3n, y que ve como alternativa viable para que Espa\u00f1a pueda tener futuro todos juntos, con catalanes incluidos. Es una receta que hoy ha debatido ampliamente [&hellip;]<\/p>\n","protected":false},"author":1,"featured_media":486910,"comment_status":"open","ping_status":"open","sticky":false,"template":"","format":"standard","meta":{"footnotes":""},"categories":[1],"tags":[],"class_list":["post-486909","post","type-post","status-publish","format-standard","has-post-thumbnail","hentry","category-actualidad"],"aioseo_notices":[],"aioseo_head":"\n\t\t<!-- All in One SEO Pro 5.0.1 - aioseo.com -->\n\t<meta name=\"description\" content=\"Madrid, 8 feb (EFE).- IU ha defendido hoy en una conferencia sobre el modelo de Estado un proyecto federal &quot;solidario y plurinacional&quot;, que contempla tambi\u00e9n el derecho a la secesi\u00f3n, y que ve como alternativa viable para que Espa\u00f1a pueda tener futuro todos juntos, con catalanes incluidos. Es una receta que hoy ha debatido ampliamente\" \/>\n\t<meta name=\"robots\" content=\"max-image-preview:large\" \/>\n\t<meta name=\"author\" content=\"El Digital de Asturias\"\/>\n\t<meta name=\"google-site-verification\" content=\"UA-38556648-1\" \/>\n\t<meta name=\"msvalidate.01\" content=\"7dfe9f3f1b24437ab69f4f2559babe99\" \/>\n\t<meta name=\"keywords\" content=\"actualidad\" \/>\n\t<link rel=\"canonical\" href=\"https:\/\/www.eldigitaldeasturias.com\/noticias\/iu-contrapone-su-receta-de-estado-solidario-y-plurinacional-al-independentismo\/\" \/>\n\t<meta name=\"generator\" content=\"All in One SEO Pro (AIOSEO) 5.0.1\" \/>\n\t\t<meta property=\"og:locale\" content=\"es_ES\" \/>\n\t\t<meta property=\"og:site_name\" content=\"El Digital de Asturias\" \/>\n\t\t<meta property=\"og:type\" content=\"article\" \/>\n\t\t<meta property=\"og:title\" content=\"IU contrapone su receta de Estado solidario y plurinacional al independentismo - El Digital de Asturias\" \/>\n\t\t<meta property=\"og:description\" content=\"Madrid, 8 feb (EFE).- IU ha defendido hoy en una conferencia sobre el modelo de Estado un proyecto federal &quot;solidario y plurinacional&quot;, que contempla tambi\u00e9n el derecho a la secesi\u00f3n, y que ve como alternativa viable para que Espa\u00f1a pueda tener futuro todos juntos, con catalanes incluidos. Es una receta que hoy ha debatido ampliamente\" \/>\n\t\t<meta property=\"og:url\" content=\"https:\/\/www.eldigitaldeasturias.com\/noticias\/iu-contrapone-su-receta-de-estado-solidario-y-plurinacional-al-independentismo\/\" \/>\n\t\t<meta property=\"article:tag\" content=\"actualidad\" \/>\n\t\t<meta property=\"article:published_time\" content=\"2014-02-08T22:12:21+00:00\" \/>\n\t\t<meta property=\"article:modified_time\" content=\"2014-02-08T22:12:21+00:00\" \/>\n\t\t<meta property=\"article:publisher\" content=\"https:\/\/facebook.com\/eldigitaldeasturias\" \/>\n\t\t<meta name=\"twitter:card\" content=\"summary_large_image\" \/>\n\t\t<meta name=\"twitter:title\" content=\"IU contrapone su receta de Estado solidario y plurinacional al independentismo - El Digital de Asturias\" \/>\n\t\t<meta name=\"twitter:description\" content=\"Madrid, 8 feb (EFE).- IU ha defendido hoy en una conferencia sobre el modelo de Estado un proyecto federal &quot;solidario y plurinacional&quot;, que contempla tambi\u00e9n el derecho a la secesi\u00f3n, y que ve como alternativa viable para que Espa\u00f1a pueda tener futuro todos juntos, con catalanes incluidos. Es una receta que hoy ha debatido ampliamente\" \/>\n\t\t<meta name=\"twitter:label1\" content=\"Escrito por\" \/>\n\t\t<meta name=\"twitter:data1\" content=\"El Digital de Asturias\" \/>\n\t\t<meta name=\"twitter:label2\" content=\"Tiempo de lectura estimado\" \/>\n\t\t<meta name=\"twitter:data2\" content=\"3 minutos\" \/>\n\t\t<script type=\"application\/ld+json\" class=\"aioseo-schema\">\n\t\t\t{\"@context\":\"https:\\\/\\\/schema.org\",\"@graph\":[{\"@type\":\"BlogPosting\",\"@id\":\"https:\\\/\\\/www.eldigitaldeasturias.com\\\/noticias\\\/iu-contrapone-su-receta-de-estado-solidario-y-plurinacional-al-independentismo\\\/#blogposting\",\"name\":\"IU contrapone su receta de Estado solidario y plurinacional al independentismo - El Digital de Asturias\",\"headline\":\"IU contrapone su receta de Estado solidario y plurinacional al independentismo\",\"author\":{\"@id\":\"https:\\\/\\\/www.eldigitaldeasturias.com\\\/noticias\\\/author\\\/admin\\\/#author\"},\"publisher\":{\"@id\":\"https:\\\/\\\/www.eldigitaldeasturias.com\\\/noticias\\\/#organization\"},\"image\":{\"@type\":\"ImageObject\",\"url\":486910},\"datePublished\":\"2014-02-08T21:12:21+01:00\",\"dateModified\":\"2014-02-08T21:12:21+01:00\",\"inLanguage\":\"es-ES\",\"mainEntityOfPage\":{\"@id\":\"https:\\\/\\\/www.eldigitaldeasturias.com\\\/noticias\\\/iu-contrapone-su-receta-de-estado-solidario-y-plurinacional-al-independentismo\\\/#webpage\"},\"isPartOf\":{\"@id\":\"https:\\\/\\\/www.eldigitaldeasturias.com\\\/noticias\\\/iu-contrapone-su-receta-de-estado-solidario-y-plurinacional-al-independentismo\\\/#webpage\"},\"articleSection\":\"Actualidad\"},{\"@type\":\"BreadcrumbList\",\"@id\":\"https:\\\/\\\/www.eldigitaldeasturias.com\\\/noticias\\\/iu-contrapone-su-receta-de-estado-solidario-y-plurinacional-al-independentismo\\\/#breadcrumblist\",\"itemListElement\":[{\"@type\":\"ListItem\",\"@id\":\"https:\\\/\\\/www.eldigitaldeasturias.com\\\/noticias#listItem\",\"position\":1,\"name\":\"Home\",\"item\":\"https:\\\/\\\/www.eldigitaldeasturias.com\\\/noticias\",\"nextItem\":{\"@type\":\"ListItem\",\"@id\":\"https:\\\/\\\/www.eldigitaldeasturias.com\\\/noticias\\\/category\\\/actualidad\\\/#listItem\",\"name\":\"Actualidad\"}},{\"@type\":\"ListItem\",\"@id\":\"https:\\\/\\\/www.eldigitaldeasturias.com\\\/noticias\\\/category\\\/actualidad\\\/#listItem\",\"position\":2,\"name\":\"Actualidad\",\"item\":\"https:\\\/\\\/www.eldigitaldeasturias.com\\\/noticias\\\/category\\\/actualidad\\\/\",\"nextItem\":{\"@type\":\"ListItem\",\"@id\":\"https:\\\/\\\/www.eldigitaldeasturias.com\\\/noticias\\\/iu-contrapone-su-receta-de-estado-solidario-y-plurinacional-al-independentismo\\\/#listItem\",\"name\":\"IU contrapone su receta de Estado solidario y plurinacional al independentismo\"},\"previousItem\":{\"@type\":\"ListItem\",\"@id\":\"https:\\\/\\\/www.eldigitaldeasturias.com\\\/noticias#listItem\",\"name\":\"Home\"}},{\"@type\":\"ListItem\",\"@id\":\"https:\\\/\\\/www.eldigitaldeasturias.com\\\/noticias\\\/iu-contrapone-su-receta-de-estado-solidario-y-plurinacional-al-independentismo\\\/#listItem\",\"position\":3,\"name\":\"IU contrapone su receta de Estado solidario y plurinacional al independentismo\",\"previousItem\":{\"@type\":\"ListItem\",\"@id\":\"https:\\\/\\\/www.eldigitaldeasturias.com\\\/noticias\\\/category\\\/actualidad\\\/#listItem\",\"name\":\"Actualidad\"}}]},{\"@type\":\"Organization\",\"@id\":\"https:\\\/\\\/www.eldigitaldeasturias.com\\\/noticias\\\/#organization\",\"name\":\"El Digital de Asturias\",\"description\":\"Hemeroteca\",\"url\":\"https:\\\/\\\/www.eldigitaldeasturias.com\\\/noticias\\\/\",\"email\":\"info@eldigitaldeasturias.com\",\"telephone\":\"+34652131393\",\"logo\":{\"@type\":\"ImageObject\",\"url\":\"https:\\\/\\\/www.eldigitaldeasturias.com\\\/noticias\\\/wp-content\\\/uploads\\\/2020\\\/12\\\/EDA.jpg\",\"@id\":\"https:\\\/\\\/www.eldigitaldeasturias.com\\\/noticias\\\/iu-contrapone-su-receta-de-estado-solidario-y-plurinacional-al-independentismo\\\/#organizationLogo\"},\"image\":{\"@id\":\"https:\\\/\\\/www.eldigitaldeasturias.com\\\/noticias\\\/iu-contrapone-su-receta-de-estado-solidario-y-plurinacional-al-independentismo\\\/#organizationLogo\"},\"sameAs\":[\"https:\\\/\\\/facebook.com\\\/eldigitaldeasturias\",\"https:\\\/\\\/www.youtube.com\\\/channel\\\/UCZP-2wLEB9Rv6erhFmqVnvg\"],\"address\":{\"@id\":\"https:\\\/\\\/www.eldigitaldeasturias.com\\\/noticias\\\/#postaladdress\",\"@type\":\"PostalAddress\",\"streetAddress\":\"san antonio 4\",\"postalCode\":\"33430\",\"addressLocality\":\"Cand\\u00e1s\",\"addressRegion\":\"Asturias\",\"addressCountry\":\"ES\"}},{\"@type\":\"Person\",\"@id\":\"https:\\\/\\\/www.eldigitaldeasturias.com\\\/noticias\\\/author\\\/admin\\\/#author\",\"url\":\"https:\\\/\\\/www.eldigitaldeasturias.com\\\/noticias\\\/author\\\/admin\\\/\",\"name\":\"El Digital de Asturias\",\"image\":{\"@type\":\"ImageObject\",\"@id\":\"https:\\\/\\\/www.eldigitaldeasturias.com\\\/noticias\\\/iu-contrapone-su-receta-de-estado-solidario-y-plurinacional-al-independentismo\\\/#authorImage\",\"url\":\"https:\\\/\\\/secure.gravatar.com\\\/avatar\\\/df2aeffc32bcd13f8d26072ef8a91b623d677766deac7f97ca815868cd41bf5e?s=96&d=mm&r=g\",\"width\":96,\"height\":96,\"caption\":\"El Digital de Asturias\"}},{\"@type\":\"WebPage\",\"@id\":\"https:\\\/\\\/www.eldigitaldeasturias.com\\\/noticias\\\/iu-contrapone-su-receta-de-estado-solidario-y-plurinacional-al-independentismo\\\/#webpage\",\"url\":\"https:\\\/\\\/www.eldigitaldeasturias.com\\\/noticias\\\/iu-contrapone-su-receta-de-estado-solidario-y-plurinacional-al-independentismo\\\/\",\"name\":\"IU contrapone su receta de Estado solidario y plurinacional al independentismo - El Digital de Asturias\",\"description\":\"Madrid, 8 feb (EFE).- IU ha defendido hoy en una conferencia sobre el modelo de Estado un proyecto federal \\\"solidario y plurinacional\\\", que contempla tambi\\u00e9n el derecho a la secesi\\u00f3n, y que ve como alternativa viable para que Espa\\u00f1a pueda tener futuro todos juntos, con catalanes incluidos. Es una receta que hoy ha debatido ampliamente\",\"inLanguage\":\"es-ES\",\"isPartOf\":{\"@id\":\"https:\\\/\\\/www.eldigitaldeasturias.com\\\/noticias\\\/#website\"},\"breadcrumb\":{\"@id\":\"https:\\\/\\\/www.eldigitaldeasturias.com\\\/noticias\\\/iu-contrapone-su-receta-de-estado-solidario-y-plurinacional-al-independentismo\\\/#breadcrumblist\"},\"author\":{\"@id\":\"https:\\\/\\\/www.eldigitaldeasturias.com\\\/noticias\\\/author\\\/admin\\\/#author\"},\"creator\":{\"@id\":\"https:\\\/\\\/www.eldigitaldeasturias.com\\\/noticias\\\/author\\\/admin\\\/#author\"},\"image\":{\"@type\":\"ImageObject\",\"url\":486910,\"@id\":\"https:\\\/\\\/www.eldigitaldeasturias.com\\\/noticias\\\/iu-contrapone-su-receta-de-estado-solidario-y-plurinacional-al-independentismo\\\/#mainImage\"},\"primaryImageOfPage\":{\"@id\":\"https:\\\/\\\/www.eldigitaldeasturias.com\\\/noticias\\\/iu-contrapone-su-receta-de-estado-solidario-y-plurinacional-al-independentismo\\\/#mainImage\"},\"datePublished\":\"2014-02-08T21:12:21+01:00\",\"dateModified\":\"2014-02-08T21:12:21+01:00\"},{\"@type\":\"WebSite\",\"@id\":\"https:\\\/\\\/www.eldigitaldeasturias.com\\\/noticias\\\/#website\",\"url\":\"https:\\\/\\\/www.eldigitaldeasturias.com\\\/noticias\\\/\",\"name\":\"El Digital de Asturias - Diario de actualidad y noticias\",\"alternateName\":\"El Digital de Asturias - Diario de actualidad y noticias\",\"description\":\"Hemeroteca\",\"inLanguage\":\"es-ES\",\"publisher\":{\"@id\":\"https:\\\/\\\/www.eldigitaldeasturias.com\\\/noticias\\\/#organization\"}}]}\n\t\t<\/script>\n\t\t<!-- All in One SEO Pro -->\r\n\t\t<title>IU contrapone su receta de Estado solidario y plurinacional al independentismo - El Digital de Asturias<\/title>\n\n","aioseo_head_json":{"title":"IU contrapone su receta de Estado solidario y plurinacional al independentismo - El Digital de Asturias","description":"Madrid, 8 feb (EFE).- IU ha defendido hoy en una conferencia sobre el modelo de Estado un proyecto federal \"solidario y plurinacional\", que contempla tambi\u00e9n el derecho a la secesi\u00f3n, y que ve como alternativa viable para que Espa\u00f1a pueda tener futuro todos juntos, con catalanes incluidos. Es una receta que hoy ha debatido ampliamente","canonical_url":"https:\/\/www.eldigitaldeasturias.com\/noticias\/iu-contrapone-su-receta-de-estado-solidario-y-plurinacional-al-independentismo\/","robots":"max-image-preview:large","keywords":"actualidad","webmasterTools":{"google-site-verification":"UA-38556648-1","msvalidate.01":"7dfe9f3f1b24437ab69f4f2559babe99","miscellaneous":""},"schema":{"@context":"https:\/\/schema.org","@graph":[{"@type":"BlogPosting","@id":"https:\/\/www.eldigitaldeasturias.com\/noticias\/iu-contrapone-su-receta-de-estado-solidario-y-plurinacional-al-independentismo\/#blogposting","name":"IU contrapone su receta de Estado solidario y plurinacional al independentismo - El Digital de Asturias","headline":"IU contrapone su receta de Estado solidario y plurinacional al independentismo","author":{"@id":"https:\/\/www.eldigitaldeasturias.com\/noticias\/author\/admin\/#author"},"publisher":{"@id":"https:\/\/www.eldigitaldeasturias.com\/noticias\/#organization"},"image":{"@type":"ImageObject","url":486910},"datePublished":"2014-02-08T21:12:21+01:00","dateModified":"2014-02-08T21:12:21+01:00","inLanguage":"es-ES","mainEntityOfPage":{"@id":"https:\/\/www.eldigitaldeasturias.com\/noticias\/iu-contrapone-su-receta-de-estado-solidario-y-plurinacional-al-independentismo\/#webpage"},"isPartOf":{"@id":"https:\/\/www.eldigitaldeasturias.com\/noticias\/iu-contrapone-su-receta-de-estado-solidario-y-plurinacional-al-independentismo\/#webpage"},"articleSection":"Actualidad"},{"@type":"BreadcrumbList","@id":"https:\/\/www.eldigitaldeasturias.com\/noticias\/iu-contrapone-su-receta-de-estado-solidario-y-plurinacional-al-independentismo\/#breadcrumblist","itemListElement":[{"@type":"ListItem","@id":"https:\/\/www.eldigitaldeasturias.com\/noticias#listItem","position":1,"name":"Home","item":"https:\/\/www.eldigitaldeasturias.com\/noticias","nextItem":{"@type":"ListItem","@id":"https:\/\/www.eldigitaldeasturias.com\/noticias\/category\/actualidad\/#listItem","name":"Actualidad"}},{"@type":"ListItem","@id":"https:\/\/www.eldigitaldeasturias.com\/noticias\/category\/actualidad\/#listItem","position":2,"name":"Actualidad","item":"https:\/\/www.eldigitaldeasturias.com\/noticias\/category\/actualidad\/","nextItem":{"@type":"ListItem","@id":"https:\/\/www.eldigitaldeasturias.com\/noticias\/iu-contrapone-su-receta-de-estado-solidario-y-plurinacional-al-independentismo\/#listItem","name":"IU contrapone su receta de Estado solidario y plurinacional al independentismo"},"previousItem":{"@type":"ListItem","@id":"https:\/\/www.eldigitaldeasturias.com\/noticias#listItem","name":"Home"}},{"@type":"ListItem","@id":"https:\/\/www.eldigitaldeasturias.com\/noticias\/iu-contrapone-su-receta-de-estado-solidario-y-plurinacional-al-independentismo\/#listItem","position":3,"name":"IU contrapone su receta de Estado solidario y plurinacional al independentismo","previousItem":{"@type":"ListItem","@id":"https:\/\/www.eldigitaldeasturias.com\/noticias\/category\/actualidad\/#listItem","name":"Actualidad"}}]},{"@type":"Organization","@id":"https:\/\/www.eldigitaldeasturias.com\/noticias\/#organization","name":"El Digital de Asturias","description":"Hemeroteca","url":"https:\/\/www.eldigitaldeasturias.com\/noticias\/","email":"info@eldigitaldeasturias.com","telephone":"+34652131393","logo":{"@type":"ImageObject","url":"https:\/\/www.eldigitaldeasturias.com\/noticias\/wp-content\/uploads\/2020\/12\/EDA.jpg","@id":"https:\/\/www.eldigitaldeasturias.com\/noticias\/iu-contrapone-su-receta-de-estado-solidario-y-plurinacional-al-independentismo\/#organizationLogo"},"image":{"@id":"https:\/\/www.eldigitaldeasturias.com\/noticias\/iu-contrapone-su-receta-de-estado-solidario-y-plurinacional-al-independentismo\/#organizationLogo"},"sameAs":["https:\/\/facebook.com\/eldigitaldeasturias","https:\/\/www.youtube.com\/channel\/UCZP-2wLEB9Rv6erhFmqVnvg"],"address":{"@id":"https:\/\/www.eldigitaldeasturias.com\/noticias\/#postaladdress","@type":"PostalAddress","streetAddress":"san antonio 4","postalCode":"33430","addressLocality":"Cand\u00e1s","addressRegion":"Asturias","addressCountry":"ES"}},{"@type":"Person","@id":"https:\/\/www.eldigitaldeasturias.com\/noticias\/author\/admin\/#author","url":"https:\/\/www.eldigitaldeasturias.com\/noticias\/author\/admin\/","name":"El Digital de Asturias","image":{"@type":"ImageObject","@id":"https:\/\/www.eldigitaldeasturias.com\/noticias\/iu-contrapone-su-receta-de-estado-solidario-y-plurinacional-al-independentismo\/#authorImage","url":"https:\/\/secure.gravatar.com\/avatar\/df2aeffc32bcd13f8d26072ef8a91b623d677766deac7f97ca815868cd41bf5e?s=96&d=mm&r=g","width":96,"height":96,"caption":"El Digital de Asturias"}},{"@type":"WebPage","@id":"https:\/\/www.eldigitaldeasturias.com\/noticias\/iu-contrapone-su-receta-de-estado-solidario-y-plurinacional-al-independentismo\/#webpage","url":"https:\/\/www.eldigitaldeasturias.com\/noticias\/iu-contrapone-su-receta-de-estado-solidario-y-plurinacional-al-independentismo\/","name":"IU contrapone su receta de Estado solidario y plurinacional al independentismo - El Digital de Asturias","description":"Madrid, 8 feb (EFE).- IU ha defendido hoy en una conferencia sobre el modelo de Estado un proyecto federal \"solidario y plurinacional\", que contempla tambi\u00e9n el derecho a la secesi\u00f3n, y que ve como alternativa viable para que Espa\u00f1a pueda tener futuro todos juntos, con catalanes incluidos. Es una receta que hoy ha debatido ampliamente","inLanguage":"es-ES","isPartOf":{"@id":"https:\/\/www.eldigitaldeasturias.com\/noticias\/#website"},"breadcrumb":{"@id":"https:\/\/www.eldigitaldeasturias.com\/noticias\/iu-contrapone-su-receta-de-estado-solidario-y-plurinacional-al-independentismo\/#breadcrumblist"},"author":{"@id":"https:\/\/www.eldigitaldeasturias.com\/noticias\/author\/admin\/#author"},"creator":{"@id":"https:\/\/www.eldigitaldeasturias.com\/noticias\/author\/admin\/#author"},"image":{"@type":"ImageObject","url":486910,"@id":"https:\/\/www.eldigitaldeasturias.com\/noticias\/iu-contrapone-su-receta-de-estado-solidario-y-plurinacional-al-independentismo\/#mainImage"},"primaryImageOfPage":{"@id":"https:\/\/www.eldigitaldeasturias.com\/noticias\/iu-contrapone-su-receta-de-estado-solidario-y-plurinacional-al-independentismo\/#mainImage"},"datePublished":"2014-02-08T21:12:21+01:00","dateModified":"2014-02-08T21:12:21+01:00"},{"@type":"WebSite","@id":"https:\/\/www.eldigitaldeasturias.com\/noticias\/#website","url":"https:\/\/www.eldigitaldeasturias.com\/noticias\/","name":"El Digital de Asturias - Diario de actualidad y noticias","alternateName":"El Digital de Asturias - Diario de actualidad y noticias","description":"Hemeroteca","inLanguage":"es-ES","publisher":{"@id":"https:\/\/www.eldigitaldeasturias.com\/noticias\/#organization"}}]},"og:locale":"es_ES","og:site_name":"El Digital de Asturias","og:type":"article","og:title":"IU contrapone su receta de Estado solidario y plurinacional al independentismo - El Digital de Asturias","og:description":"Madrid, 8 feb (EFE).- IU ha defendido hoy en una conferencia sobre el modelo de Estado un proyecto federal &quot;solidario y plurinacional&quot;, que contempla tambi\u00e9n el derecho a la secesi\u00f3n, y que ve como alternativa viable para que Espa\u00f1a pueda tener futuro todos juntos, con catalanes incluidos. Es una receta que hoy ha debatido ampliamente","og:url":"https:\/\/www.eldigitaldeasturias.com\/noticias\/iu-contrapone-su-receta-de-estado-solidario-y-plurinacional-al-independentismo\/","article:tag":["actualidad"],"article:published_time":"2014-02-08T22:12:21+00:00","article:modified_time":"2014-02-08T22:12:21+00:00","article:publisher":"https:\/\/facebook.com\/eldigitaldeasturias","twitter:card":"summary_large_image","twitter:title":"IU contrapone su receta de Estado solidario y plurinacional al independentismo - El Digital de Asturias","twitter:description":"Madrid, 8 feb (EFE).- IU ha defendido hoy en una conferencia sobre el modelo de Estado un proyecto federal &quot;solidario y plurinacional&quot;, que contempla tambi\u00e9n el derecho a la secesi\u00f3n, y que ve como alternativa viable para que Espa\u00f1a pueda tener futuro todos juntos, con catalanes incluidos. Es una receta que hoy ha debatido ampliamente","twitter:label1":"Escrito por","twitter:data1":"El Digital de Asturias","twitter:label2":"Tiempo de lectura estimado","twitter:data2":"3 minutos"},"aioseo_meta_data":{"post_id":"486909","title":null,"description":null,"keywords":null,"keyphrases":null,"primary_term":null,"canonical_url":null,"og_title":null,"og_description":null,"og_object_type":"default","og_image_type":"default","og_image_url":null,"og_image_width":null,"og_image_height":null,"og_image_custom_url":null,"og_image_custom_fields":null,"og_video":null,"og_custom_url":null,"og_article_section":null,"og_article_tags":null,"twitter_use_og":true,"twitter_card":"default","twitter_image_type":"default","twitter_image_url":null,"twitter_image_custom_url":null,"twitter_image_custom_fields":null,"twitter_title":null,"twitter_description":null,"schema":{"blockGraphs":[],"customGraphs":[],"default":{"data":{"Article":[],"Course":[],"Dataset":[],"FAQPage":[],"Movie":[],"Person":[],"Product":[],"ProductReview":[],"Car":[],"Recipe":[],"Service":[],"SoftwareApplication":[],"WebPage":[]},"graphName":"","isEnabled":true},"graphs":[],"defaultGraph":"","defaultPostTypeGraph":""},"schema_type":null,"schema_type_options":null,"pillar_content":false,"robots_default":true,"robots_noindex":false,"robots_noarchive":false,"robots_nosnippet":false,"robots_nofollow":false,"robots_noimageindex":false,"robots_noodp":false,"robots_notranslate":false,"robots_max_snippet":null,"robots_max_videopreview":null,"robots_max_imagepreview":"none","priority":null,"frequency":null,"local_seo":null,"seo_analyzer_scan_date":"2026-06-03 03:02:46","breadcrumb_settings":null,"limit_modified_date":false,"open_ai":null,"ai":null,"created":"2020-11-14 22:56:15","updated":"2026-06-03 03:02:46","focus_keyword":null,"additional_keywords":null,"truseo_locale":null},"aioseo_breadcrumb":"<div class=\"aioseo-breadcrumbs\"><span class=\"aioseo-breadcrumb\">\n\t<a href=\"https:\/\/www.eldigitaldeasturias.com\/noticias\" title=\"Home\">Home<\/a>\n<\/span><span class=\"aioseo-breadcrumb-separator\">\u2013<\/span><span class=\"aioseo-breadcrumb\">\n\t<a href=\"https:\/\/www.eldigitaldeasturias.com\/noticias\/category\/actualidad\/\" title=\"Actualidad\">Actualidad<\/a>\n<\/span><span class=\"aioseo-breadcrumb-separator\">\u2013<\/span><span class=\"aioseo-breadcrumb\">\n\t<a href=\"https:\/\/www.eldigitaldeasturias.com\/noticias\/iu-contrapone-su-receta-de-estado-solidario-y-plurinacional-al-independentismo\/\" title=\"IU contrapone su receta de Estado solidario y plurinacional al independentismo\">IU contrapone su receta de Estado solidario y plurinacional al independentismo<\/a>\n<\/span><\/div>","aioseo_breadcrumb_json":[{"label":"Home","link":"https:\/\/www.eldigitaldeasturias.com\/noticias"},{"label":"Actualidad","link":"https:\/\/www.eldigitaldeasturias.com\/noticias\/category\/actualidad\/"},{"label":"IU contrapone su receta de Estado solidario y plurinacional al independentismo","link":"https:\/\/www.eldigitaldeasturias.com\/noticias\/iu-contrapone-su-receta-de-estado-solidario-y-plurinacional-al-independentismo\/"}],"_links":{"self":[{"href":"https:\/\/www.eldigitaldeasturias.com\/noticias\/wp-json\/wp\/v2\/posts\/486909","targetHints":{"allow":["GET"]}}],"collection":[{"href":"https:\/\/www.eldigitaldeasturias.com\/noticias\/wp-json\/wp\/v2\/posts"}],"about":[{"href":"https:\/\/www.eldigitaldeasturias.com\/noticias\/wp-json\/wp\/v2\/types\/post"}],"author":[{"embeddable":true,"href":"https:\/\/www.eldigitaldeasturias.com\/noticias\/wp-json\/wp\/v2\/users\/1"}],"replies":[{"embeddable":true,"href":"https:\/\/www.eldigitaldeasturias.com\/noticias\/wp-json\/wp\/v2\/comments?post=486909"}],"version-history":[{"count":0,"href":"https:\/\/www.eldigitaldeasturias.com\/noticias\/wp-json\/wp\/v2\/posts\/486909\/revisions"}],"wp:attachment":[{"href":"https:\/\/www.eldigitaldeasturias.com\/noticias\/wp-json\/wp\/v2\/media?parent=486909"}],"wp:term":[{"taxonomy":"category","embeddable":true,"href":"https:\/\/www.eldigitaldeasturias.com\/noticias\/wp-json\/wp\/v2\/categories?post=486909"},{"taxonomy":"post_tag","embeddable":true,"href":"https:\/\/www.eldigitaldeasturias.com\/noticias\/wp-json\/wp\/v2\/tags?post=486909"}],"curies":[{"name":"wp","href":"https:\/\/api.w.org\/{rel}","templated":true}]}}