{"id":486897,"date":"2014-02-08T21:06:02","date_gmt":"2014-02-08T22:06:02","guid":{"rendered":"http:\/\/www.eldigitaldeasturias.com\/noticias\/?p=486897"},"modified":"2014-02-08T21:06:02","modified_gmt":"2014-02-08T22:06:02","slug":"el-presidente-sudanes-reitera-su-llamamiento-al-dialogo-politico","status":"publish","type":"post","link":"https:\/\/www.eldigitaldeasturias.com\/noticias\/el-presidente-sudanes-reitera-su-llamamiento-al-dialogo-politico\/","title":{"rendered":"El presidente sudan\u00e9s reitera su llamamiento al di\u00e1logo pol\u00edtico"},"content":{"rendered":"<p><img loading=\"lazy\" decoding=\"async\" class=\"alignleft size-medium wp-image-486898\" alt=\"5924060w\" src=\"https:\/\/www.eldigitaldeasturias.com\/noticias\/wp-content\/uploads\/2014\/02\/5924060w-360x239.jpg\" width=\"360\" height=\"239\" \/>Jartum, 8 feb (EFE).- El presidente sudan\u00e9s, Omar Hasan al Bashir, reiter\u00f3 hoy su llamamiento a la celebraci\u00f3n de un di\u00e1logo nacional con las fuerzas pol\u00edticas, incluso con los grupos armados si estos dejan las armas.<\/p>\n<p>En una alocuci\u00f3n ante la Asamblea General de su partido, la Conferencia Nacional, Al Bashir inst\u00f3 a las formaciones pol\u00edticas al di\u00e1logo para llegar a un \u00abconsenso nacional\u00bb.<\/p>\n<p>Tambi\u00e9n hizo un llamamiento a votar en los pr\u00f3ximos comicios generales, previsto en 2015, para que \u00absean libres y transparentes\u00bb.<\/p>\n<p>Record\u00f3 que su Ejecutivo supervisar\u00e1 \u00abun di\u00e1logo amplio con las fuerzas pol\u00edticas, sin excepci\u00f3n, para tratar los temas relacionados con la paz, la situaci\u00f3n econ\u00f3mica, las libertades b\u00e1sicas y el asunto de la identidad sudanesa\u00bb.<\/p>\n<p>Asimismo, precis\u00f3 que su Gobierno est\u00e1 dispuesto a dialogar tambi\u00e9n con los movimientos armados con la condici\u00f3n de que abandonen la lucha armada y condenen la violencia.<\/p>\n<p>Por otra parte, el presidente se\u00f1al\u00f3 que no tiene intenci\u00f3n de aplazar las elecciones presidenciales y legislativas previstas para el a\u00f1o que viene, al no encontrar una \u00abnecesidad\u00bb para ello.<\/p>\n<p>Al Bashir se\u00f1al\u00f3 que la libertad que quieren los sudaneses es una libertad \u00abresponsable, que toma en consideraci\u00f3n los intereses y las situaci\u00f3n del pa\u00eds y las aspiraciones del pueblo para el progreso y la paz\u00bb.<\/p>\n<p>\u00abHay enfermedades que han empezado a crecer dentro de nosotros, y son el regionalismo y el nacionalismo. Queremos que la primera identidad sea Sud\u00e1n\u00bb, agreg\u00f3 el mandatario, contrario a los movimientos separatistas en algunas regiones.<\/p>\n","protected":false},"excerpt":{"rendered":"<p>Jartum, 8 feb (EFE).- El presidente sudan\u00e9s, Omar Hasan al Bashir, reiter\u00f3 hoy su llamamiento a la celebraci\u00f3n de un di\u00e1logo nacional con las fuerzas pol\u00edticas, incluso con los grupos armados si estos dejan las armas. En una alocuci\u00f3n ante la Asamblea General de su partido, la Conferencia Nacional, Al Bashir inst\u00f3 a las formaciones [&hellip;]<\/p>\n","protected":false},"author":1,"featured_media":486898,"comment_status":"open","ping_status":"open","sticky":false,"template":"","format":"standard","meta":{"footnotes":""},"categories":[1],"tags":[],"class_list":["post-486897","post","type-post","status-publish","format-standard","has-post-thumbnail","hentry","category-actualidad"],"aioseo_notices":[],"aioseo_head":"\n\t\t<!-- All in One SEO Pro 5.0.1 - aioseo.com -->\n\t<meta name=\"description\" content=\"Jartum, 8 feb (EFE).- El presidente sudan\u00e9s, Omar Hasan al Bashir, reiter\u00f3 hoy su llamamiento a la celebraci\u00f3n de un di\u00e1logo nacional con las fuerzas pol\u00edticas, incluso con los grupos armados si estos dejan las armas. En una alocuci\u00f3n ante la Asamblea General de su partido, la Conferencia Nacional, Al Bashir inst\u00f3 a las formaciones\" \/>\n\t<meta name=\"robots\" content=\"max-image-preview:large\" \/>\n\t<meta name=\"author\" content=\"El Digital de Asturias\"\/>\n\t<meta name=\"google-site-verification\" content=\"UA-38556648-1\" \/>\n\t<meta name=\"msvalidate.01\" content=\"7dfe9f3f1b24437ab69f4f2559babe99\" \/>\n\t<meta name=\"keywords\" content=\"actualidad\" \/>\n\t<link rel=\"canonical\" href=\"https:\/\/www.eldigitaldeasturias.com\/noticias\/el-presidente-sudanes-reitera-su-llamamiento-al-dialogo-politico\/\" \/>\n\t<meta name=\"generator\" content=\"All in One SEO Pro (AIOSEO) 5.0.1\" \/>\n\t\t<meta property=\"og:locale\" content=\"es_ES\" \/>\n\t\t<meta property=\"og:site_name\" content=\"El Digital de Asturias\" \/>\n\t\t<meta property=\"og:type\" content=\"article\" \/>\n\t\t<meta property=\"og:title\" content=\"El presidente sudan\u00e9s reitera su llamamiento al di\u00e1logo pol\u00edtico - El Digital de Asturias\" \/>\n\t\t<meta property=\"og:description\" content=\"Jartum, 8 feb (EFE).- El presidente sudan\u00e9s, Omar Hasan al Bashir, reiter\u00f3 hoy su llamamiento a la celebraci\u00f3n de un di\u00e1logo nacional con las fuerzas pol\u00edticas, incluso con los grupos armados si estos dejan las armas. En una alocuci\u00f3n ante la Asamblea General de su partido, la Conferencia Nacional, Al Bashir inst\u00f3 a las formaciones\" \/>\n\t\t<meta property=\"og:url\" content=\"https:\/\/www.eldigitaldeasturias.com\/noticias\/el-presidente-sudanes-reitera-su-llamamiento-al-dialogo-politico\/\" \/>\n\t\t<meta property=\"article:tag\" content=\"actualidad\" \/>\n\t\t<meta property=\"article:published_time\" content=\"2014-02-08T22:06:02+00:00\" \/>\n\t\t<meta property=\"article:modified_time\" content=\"2014-02-08T22:06:02+00:00\" \/>\n\t\t<meta property=\"article:publisher\" content=\"https:\/\/facebook.com\/eldigitaldeasturias\" \/>\n\t\t<meta name=\"twitter:card\" content=\"summary_large_image\" \/>\n\t\t<meta name=\"twitter:title\" content=\"El presidente sudan\u00e9s reitera su llamamiento al di\u00e1logo pol\u00edtico - El Digital de Asturias\" \/>\n\t\t<meta name=\"twitter:description\" content=\"Jartum, 8 feb (EFE).- El presidente sudan\u00e9s, Omar Hasan al Bashir, reiter\u00f3 hoy su llamamiento a la celebraci\u00f3n de un di\u00e1logo nacional con las fuerzas pol\u00edticas, incluso con los grupos armados si estos dejan las armas. En una alocuci\u00f3n ante la Asamblea General de su partido, la Conferencia Nacional, Al Bashir inst\u00f3 a las formaciones\" \/>\n\t\t<meta name=\"twitter:label1\" content=\"Escrito por\" \/>\n\t\t<meta name=\"twitter:data1\" content=\"El Digital de Asturias\" \/>\n\t\t<meta name=\"twitter:label2\" content=\"Tiempo de lectura estimado\" \/>\n\t\t<meta name=\"twitter:data2\" content=\"1 minuto\" \/>\n\t\t<script type=\"application\/ld+json\" class=\"aioseo-schema\">\n\t\t\t{\"@context\":\"https:\\\/\\\/schema.org\",\"@graph\":[{\"@type\":\"BlogPosting\",\"@id\":\"https:\\\/\\\/www.eldigitaldeasturias.com\\\/noticias\\\/el-presidente-sudanes-reitera-su-llamamiento-al-dialogo-politico\\\/#blogposting\",\"name\":\"El presidente sudan\\u00e9s reitera su llamamiento al di\\u00e1logo pol\\u00edtico - El Digital de Asturias\",\"headline\":\"El presidente sudan\\u00e9s reitera su llamamiento al di\\u00e1logo pol\\u00edtico\",\"author\":{\"@id\":\"https:\\\/\\\/www.eldigitaldeasturias.com\\\/noticias\\\/author\\\/admin\\\/#author\"},\"publisher\":{\"@id\":\"https:\\\/\\\/www.eldigitaldeasturias.com\\\/noticias\\\/#organization\"},\"image\":{\"@type\":\"ImageObject\",\"url\":486898},\"datePublished\":\"2014-02-08T21:06:02+01:00\",\"dateModified\":\"2014-02-08T21:06:02+01:00\",\"inLanguage\":\"es-ES\",\"mainEntityOfPage\":{\"@id\":\"https:\\\/\\\/www.eldigitaldeasturias.com\\\/noticias\\\/el-presidente-sudanes-reitera-su-llamamiento-al-dialogo-politico\\\/#webpage\"},\"isPartOf\":{\"@id\":\"https:\\\/\\\/www.eldigitaldeasturias.com\\\/noticias\\\/el-presidente-sudanes-reitera-su-llamamiento-al-dialogo-politico\\\/#webpage\"},\"articleSection\":\"Actualidad\"},{\"@type\":\"BreadcrumbList\",\"@id\":\"https:\\\/\\\/www.eldigitaldeasturias.com\\\/noticias\\\/el-presidente-sudanes-reitera-su-llamamiento-al-dialogo-politico\\\/#breadcrumblist\",\"itemListElement\":[{\"@type\":\"ListItem\",\"@id\":\"https:\\\/\\\/www.eldigitaldeasturias.com\\\/noticias#listItem\",\"position\":1,\"name\":\"Home\",\"item\":\"https:\\\/\\\/www.eldigitaldeasturias.com\\\/noticias\",\"nextItem\":{\"@type\":\"ListItem\",\"@id\":\"https:\\\/\\\/www.eldigitaldeasturias.com\\\/noticias\\\/category\\\/actualidad\\\/#listItem\",\"name\":\"Actualidad\"}},{\"@type\":\"ListItem\",\"@id\":\"https:\\\/\\\/www.eldigitaldeasturias.com\\\/noticias\\\/category\\\/actualidad\\\/#listItem\",\"position\":2,\"name\":\"Actualidad\",\"item\":\"https:\\\/\\\/www.eldigitaldeasturias.com\\\/noticias\\\/category\\\/actualidad\\\/\",\"nextItem\":{\"@type\":\"ListItem\",\"@id\":\"https:\\\/\\\/www.eldigitaldeasturias.com\\\/noticias\\\/el-presidente-sudanes-reitera-su-llamamiento-al-dialogo-politico\\\/#listItem\",\"name\":\"El presidente sudan\\u00e9s reitera su llamamiento al di\\u00e1logo pol\\u00edtico\"},\"previousItem\":{\"@type\":\"ListItem\",\"@id\":\"https:\\\/\\\/www.eldigitaldeasturias.com\\\/noticias#listItem\",\"name\":\"Home\"}},{\"@type\":\"ListItem\",\"@id\":\"https:\\\/\\\/www.eldigitaldeasturias.com\\\/noticias\\\/el-presidente-sudanes-reitera-su-llamamiento-al-dialogo-politico\\\/#listItem\",\"position\":3,\"name\":\"El presidente sudan\\u00e9s reitera su llamamiento al di\\u00e1logo pol\\u00edtico\",\"previousItem\":{\"@type\":\"ListItem\",\"@id\":\"https:\\\/\\\/www.eldigitaldeasturias.com\\\/noticias\\\/category\\\/actualidad\\\/#listItem\",\"name\":\"Actualidad\"}}]},{\"@type\":\"Organization\",\"@id\":\"https:\\\/\\\/www.eldigitaldeasturias.com\\\/noticias\\\/#organization\",\"name\":\"El Digital de Asturias\",\"description\":\"Hemeroteca\",\"url\":\"https:\\\/\\\/www.eldigitaldeasturias.com\\\/noticias\\\/\",\"email\":\"info@eldigitaldeasturias.com\",\"telephone\":\"+34652131393\",\"logo\":{\"@type\":\"ImageObject\",\"url\":\"https:\\\/\\\/www.eldigitaldeasturias.com\\\/noticias\\\/wp-content\\\/uploads\\\/2020\\\/12\\\/EDA.jpg\",\"@id\":\"https:\\\/\\\/www.eldigitaldeasturias.com\\\/noticias\\\/el-presidente-sudanes-reitera-su-llamamiento-al-dialogo-politico\\\/#organizationLogo\"},\"image\":{\"@id\":\"https:\\\/\\\/www.eldigitaldeasturias.com\\\/noticias\\\/el-presidente-sudanes-reitera-su-llamamiento-al-dialogo-politico\\\/#organizationLogo\"},\"sameAs\":[\"https:\\\/\\\/facebook.com\\\/eldigitaldeasturias\",\"https:\\\/\\\/www.youtube.com\\\/channel\\\/UCZP-2wLEB9Rv6erhFmqVnvg\"],\"address\":{\"@id\":\"https:\\\/\\\/www.eldigitaldeasturias.com\\\/noticias\\\/#postaladdress\",\"@type\":\"PostalAddress\",\"streetAddress\":\"san antonio 4\",\"postalCode\":\"33430\",\"addressLocality\":\"Cand\\u00e1s\",\"addressRegion\":\"Asturias\",\"addressCountry\":\"ES\"}},{\"@type\":\"Person\",\"@id\":\"https:\\\/\\\/www.eldigitaldeasturias.com\\\/noticias\\\/author\\\/admin\\\/#author\",\"url\":\"https:\\\/\\\/www.eldigitaldeasturias.com\\\/noticias\\\/author\\\/admin\\\/\",\"name\":\"El Digital de Asturias\",\"image\":{\"@type\":\"ImageObject\",\"@id\":\"https:\\\/\\\/www.eldigitaldeasturias.com\\\/noticias\\\/el-presidente-sudanes-reitera-su-llamamiento-al-dialogo-politico\\\/#authorImage\",\"url\":\"https:\\\/\\\/secure.gravatar.com\\\/avatar\\\/df2aeffc32bcd13f8d26072ef8a91b623d677766deac7f97ca815868cd41bf5e?s=96&d=mm&r=g\",\"width\":96,\"height\":96,\"caption\":\"El Digital de Asturias\"}},{\"@type\":\"WebPage\",\"@id\":\"https:\\\/\\\/www.eldigitaldeasturias.com\\\/noticias\\\/el-presidente-sudanes-reitera-su-llamamiento-al-dialogo-politico\\\/#webpage\",\"url\":\"https:\\\/\\\/www.eldigitaldeasturias.com\\\/noticias\\\/el-presidente-sudanes-reitera-su-llamamiento-al-dialogo-politico\\\/\",\"name\":\"El presidente sudan\\u00e9s reitera su llamamiento al di\\u00e1logo pol\\u00edtico - El Digital de Asturias\",\"description\":\"Jartum, 8 feb (EFE).- El presidente sudan\\u00e9s, Omar Hasan al Bashir, reiter\\u00f3 hoy su llamamiento a la celebraci\\u00f3n de un di\\u00e1logo nacional con las fuerzas pol\\u00edticas, incluso con los grupos armados si estos dejan las armas. En una alocuci\\u00f3n ante la Asamblea General de su partido, la Conferencia Nacional, Al Bashir inst\\u00f3 a las formaciones\",\"inLanguage\":\"es-ES\",\"isPartOf\":{\"@id\":\"https:\\\/\\\/www.eldigitaldeasturias.com\\\/noticias\\\/#website\"},\"breadcrumb\":{\"@id\":\"https:\\\/\\\/www.eldigitaldeasturias.com\\\/noticias\\\/el-presidente-sudanes-reitera-su-llamamiento-al-dialogo-politico\\\/#breadcrumblist\"},\"author\":{\"@id\":\"https:\\\/\\\/www.eldigitaldeasturias.com\\\/noticias\\\/author\\\/admin\\\/#author\"},\"creator\":{\"@id\":\"https:\\\/\\\/www.eldigitaldeasturias.com\\\/noticias\\\/author\\\/admin\\\/#author\"},\"image\":{\"@type\":\"ImageObject\",\"url\":486898,\"@id\":\"https:\\\/\\\/www.eldigitaldeasturias.com\\\/noticias\\\/el-presidente-sudanes-reitera-su-llamamiento-al-dialogo-politico\\\/#mainImage\"},\"primaryImageOfPage\":{\"@id\":\"https:\\\/\\\/www.eldigitaldeasturias.com\\\/noticias\\\/el-presidente-sudanes-reitera-su-llamamiento-al-dialogo-politico\\\/#mainImage\"},\"datePublished\":\"2014-02-08T21:06:02+01:00\",\"dateModified\":\"2014-02-08T21:06:02+01:00\"},{\"@type\":\"WebSite\",\"@id\":\"https:\\\/\\\/www.eldigitaldeasturias.com\\\/noticias\\\/#website\",\"url\":\"https:\\\/\\\/www.eldigitaldeasturias.com\\\/noticias\\\/\",\"name\":\"El Digital de Asturias - Diario de actualidad y noticias\",\"alternateName\":\"El Digital de Asturias - Diario de actualidad y noticias\",\"description\":\"Hemeroteca\",\"inLanguage\":\"es-ES\",\"publisher\":{\"@id\":\"https:\\\/\\\/www.eldigitaldeasturias.com\\\/noticias\\\/#organization\"}}]}\n\t\t<\/script>\n\t\t<!-- All in One SEO Pro -->\r\n\t\t<title>El presidente sudan\u00e9s reitera su llamamiento al di\u00e1logo pol\u00edtico - El Digital de Asturias<\/title>\n\n","aioseo_head_json":{"title":"El presidente sudan\u00e9s reitera su llamamiento al di\u00e1logo pol\u00edtico - El Digital de Asturias","description":"Jartum, 8 feb (EFE).- El presidente sudan\u00e9s, Omar Hasan al Bashir, reiter\u00f3 hoy su llamamiento a la celebraci\u00f3n de un di\u00e1logo nacional con las fuerzas pol\u00edticas, incluso con los grupos armados si estos dejan las armas. En una alocuci\u00f3n ante la Asamblea General de su partido, la Conferencia Nacional, Al Bashir inst\u00f3 a las formaciones","canonical_url":"https:\/\/www.eldigitaldeasturias.com\/noticias\/el-presidente-sudanes-reitera-su-llamamiento-al-dialogo-politico\/","robots":"max-image-preview:large","keywords":"actualidad","webmasterTools":{"google-site-verification":"UA-38556648-1","msvalidate.01":"7dfe9f3f1b24437ab69f4f2559babe99","miscellaneous":""},"schema":{"@context":"https:\/\/schema.org","@graph":[{"@type":"BlogPosting","@id":"https:\/\/www.eldigitaldeasturias.com\/noticias\/el-presidente-sudanes-reitera-su-llamamiento-al-dialogo-politico\/#blogposting","name":"El presidente sudan\u00e9s reitera su llamamiento al di\u00e1logo pol\u00edtico - El Digital de Asturias","headline":"El presidente sudan\u00e9s reitera su llamamiento al di\u00e1logo pol\u00edtico","author":{"@id":"https:\/\/www.eldigitaldeasturias.com\/noticias\/author\/admin\/#author"},"publisher":{"@id":"https:\/\/www.eldigitaldeasturias.com\/noticias\/#organization"},"image":{"@type":"ImageObject","url":486898},"datePublished":"2014-02-08T21:06:02+01:00","dateModified":"2014-02-08T21:06:02+01:00","inLanguage":"es-ES","mainEntityOfPage":{"@id":"https:\/\/www.eldigitaldeasturias.com\/noticias\/el-presidente-sudanes-reitera-su-llamamiento-al-dialogo-politico\/#webpage"},"isPartOf":{"@id":"https:\/\/www.eldigitaldeasturias.com\/noticias\/el-presidente-sudanes-reitera-su-llamamiento-al-dialogo-politico\/#webpage"},"articleSection":"Actualidad"},{"@type":"BreadcrumbList","@id":"https:\/\/www.eldigitaldeasturias.com\/noticias\/el-presidente-sudanes-reitera-su-llamamiento-al-dialogo-politico\/#breadcrumblist","itemListElement":[{"@type":"ListItem","@id":"https:\/\/www.eldigitaldeasturias.com\/noticias#listItem","position":1,"name":"Home","item":"https:\/\/www.eldigitaldeasturias.com\/noticias","nextItem":{"@type":"ListItem","@id":"https:\/\/www.eldigitaldeasturias.com\/noticias\/category\/actualidad\/#listItem","name":"Actualidad"}},{"@type":"ListItem","@id":"https:\/\/www.eldigitaldeasturias.com\/noticias\/category\/actualidad\/#listItem","position":2,"name":"Actualidad","item":"https:\/\/www.eldigitaldeasturias.com\/noticias\/category\/actualidad\/","nextItem":{"@type":"ListItem","@id":"https:\/\/www.eldigitaldeasturias.com\/noticias\/el-presidente-sudanes-reitera-su-llamamiento-al-dialogo-politico\/#listItem","name":"El presidente sudan\u00e9s reitera su llamamiento al di\u00e1logo pol\u00edtico"},"previousItem":{"@type":"ListItem","@id":"https:\/\/www.eldigitaldeasturias.com\/noticias#listItem","name":"Home"}},{"@type":"ListItem","@id":"https:\/\/www.eldigitaldeasturias.com\/noticias\/el-presidente-sudanes-reitera-su-llamamiento-al-dialogo-politico\/#listItem","position":3,"name":"El presidente sudan\u00e9s reitera su llamamiento al di\u00e1logo pol\u00edtico","previousItem":{"@type":"ListItem","@id":"https:\/\/www.eldigitaldeasturias.com\/noticias\/category\/actualidad\/#listItem","name":"Actualidad"}}]},{"@type":"Organization","@id":"https:\/\/www.eldigitaldeasturias.com\/noticias\/#organization","name":"El Digital de Asturias","description":"Hemeroteca","url":"https:\/\/www.eldigitaldeasturias.com\/noticias\/","email":"info@eldigitaldeasturias.com","telephone":"+34652131393","logo":{"@type":"ImageObject","url":"https:\/\/www.eldigitaldeasturias.com\/noticias\/wp-content\/uploads\/2020\/12\/EDA.jpg","@id":"https:\/\/www.eldigitaldeasturias.com\/noticias\/el-presidente-sudanes-reitera-su-llamamiento-al-dialogo-politico\/#organizationLogo"},"image":{"@id":"https:\/\/www.eldigitaldeasturias.com\/noticias\/el-presidente-sudanes-reitera-su-llamamiento-al-dialogo-politico\/#organizationLogo"},"sameAs":["https:\/\/facebook.com\/eldigitaldeasturias","https:\/\/www.youtube.com\/channel\/UCZP-2wLEB9Rv6erhFmqVnvg"],"address":{"@id":"https:\/\/www.eldigitaldeasturias.com\/noticias\/#postaladdress","@type":"PostalAddress","streetAddress":"san antonio 4","postalCode":"33430","addressLocality":"Cand\u00e1s","addressRegion":"Asturias","addressCountry":"ES"}},{"@type":"Person","@id":"https:\/\/www.eldigitaldeasturias.com\/noticias\/author\/admin\/#author","url":"https:\/\/www.eldigitaldeasturias.com\/noticias\/author\/admin\/","name":"El Digital de Asturias","image":{"@type":"ImageObject","@id":"https:\/\/www.eldigitaldeasturias.com\/noticias\/el-presidente-sudanes-reitera-su-llamamiento-al-dialogo-politico\/#authorImage","url":"https:\/\/secure.gravatar.com\/avatar\/df2aeffc32bcd13f8d26072ef8a91b623d677766deac7f97ca815868cd41bf5e?s=96&d=mm&r=g","width":96,"height":96,"caption":"El Digital de Asturias"}},{"@type":"WebPage","@id":"https:\/\/www.eldigitaldeasturias.com\/noticias\/el-presidente-sudanes-reitera-su-llamamiento-al-dialogo-politico\/#webpage","url":"https:\/\/www.eldigitaldeasturias.com\/noticias\/el-presidente-sudanes-reitera-su-llamamiento-al-dialogo-politico\/","name":"El presidente sudan\u00e9s reitera su llamamiento al di\u00e1logo pol\u00edtico - El Digital de Asturias","description":"Jartum, 8 feb (EFE).- El presidente sudan\u00e9s, Omar Hasan al Bashir, reiter\u00f3 hoy su llamamiento a la celebraci\u00f3n de un di\u00e1logo nacional con las fuerzas pol\u00edticas, incluso con los grupos armados si estos dejan las armas. En una alocuci\u00f3n ante la Asamblea General de su partido, la Conferencia Nacional, Al Bashir inst\u00f3 a las formaciones","inLanguage":"es-ES","isPartOf":{"@id":"https:\/\/www.eldigitaldeasturias.com\/noticias\/#website"},"breadcrumb":{"@id":"https:\/\/www.eldigitaldeasturias.com\/noticias\/el-presidente-sudanes-reitera-su-llamamiento-al-dialogo-politico\/#breadcrumblist"},"author":{"@id":"https:\/\/www.eldigitaldeasturias.com\/noticias\/author\/admin\/#author"},"creator":{"@id":"https:\/\/www.eldigitaldeasturias.com\/noticias\/author\/admin\/#author"},"image":{"@type":"ImageObject","url":486898,"@id":"https:\/\/www.eldigitaldeasturias.com\/noticias\/el-presidente-sudanes-reitera-su-llamamiento-al-dialogo-politico\/#mainImage"},"primaryImageOfPage":{"@id":"https:\/\/www.eldigitaldeasturias.com\/noticias\/el-presidente-sudanes-reitera-su-llamamiento-al-dialogo-politico\/#mainImage"},"datePublished":"2014-02-08T21:06:02+01:00","dateModified":"2014-02-08T21:06:02+01:00"},{"@type":"WebSite","@id":"https:\/\/www.eldigitaldeasturias.com\/noticias\/#website","url":"https:\/\/www.eldigitaldeasturias.com\/noticias\/","name":"El Digital de Asturias - Diario de actualidad y noticias","alternateName":"El Digital de Asturias - Diario de actualidad y noticias","description":"Hemeroteca","inLanguage":"es-ES","publisher":{"@id":"https:\/\/www.eldigitaldeasturias.com\/noticias\/#organization"}}]},"og:locale":"es_ES","og:site_name":"El Digital de Asturias","og:type":"article","og:title":"El presidente sudan\u00e9s reitera su llamamiento al di\u00e1logo pol\u00edtico - El Digital de Asturias","og:description":"Jartum, 8 feb (EFE).- El presidente sudan\u00e9s, Omar Hasan al Bashir, reiter\u00f3 hoy su llamamiento a la celebraci\u00f3n de un di\u00e1logo nacional con las fuerzas pol\u00edticas, incluso con los grupos armados si estos dejan las armas. En una alocuci\u00f3n ante la Asamblea General de su partido, la Conferencia Nacional, Al Bashir inst\u00f3 a las formaciones","og:url":"https:\/\/www.eldigitaldeasturias.com\/noticias\/el-presidente-sudanes-reitera-su-llamamiento-al-dialogo-politico\/","article:tag":["actualidad"],"article:published_time":"2014-02-08T22:06:02+00:00","article:modified_time":"2014-02-08T22:06:02+00:00","article:publisher":"https:\/\/facebook.com\/eldigitaldeasturias","twitter:card":"summary_large_image","twitter:title":"El presidente sudan\u00e9s reitera su llamamiento al di\u00e1logo pol\u00edtico - El Digital de Asturias","twitter:description":"Jartum, 8 feb (EFE).- El presidente sudan\u00e9s, Omar Hasan al Bashir, reiter\u00f3 hoy su llamamiento a la celebraci\u00f3n de un di\u00e1logo nacional con las fuerzas pol\u00edticas, incluso con los grupos armados si estos dejan las armas. En una alocuci\u00f3n ante la Asamblea General de su partido, la Conferencia Nacional, Al Bashir inst\u00f3 a las formaciones","twitter:label1":"Escrito por","twitter:data1":"El Digital de Asturias","twitter:label2":"Tiempo de lectura estimado","twitter:data2":"1 minuto"},"aioseo_meta_data":{"post_id":"486897","title":null,"description":null,"keywords":null,"keyphrases":null,"primary_term":null,"canonical_url":null,"og_title":null,"og_description":null,"og_object_type":"default","og_image_type":"default","og_image_url":null,"og_image_width":null,"og_image_height":null,"og_image_custom_url":null,"og_image_custom_fields":null,"og_video":null,"og_custom_url":null,"og_article_section":null,"og_article_tags":null,"twitter_use_og":true,"twitter_card":"default","twitter_image_type":"default","twitter_image_url":null,"twitter_image_custom_url":null,"twitter_image_custom_fields":null,"twitter_title":null,"twitter_description":null,"schema":{"blockGraphs":[],"customGraphs":[],"default":{"data":{"Article":[],"Course":[],"Dataset":[],"FAQPage":[],"Movie":[],"Person":[],"Product":[],"ProductReview":[],"Car":[],"Recipe":[],"Service":[],"SoftwareApplication":[],"WebPage":[]},"graphName":"","isEnabled":true},"graphs":[],"defaultGraph":"","defaultPostTypeGraph":""},"schema_type":null,"schema_type_options":null,"pillar_content":false,"robots_default":true,"robots_noindex":false,"robots_noarchive":false,"robots_nosnippet":false,"robots_nofollow":false,"robots_noimageindex":false,"robots_noodp":false,"robots_notranslate":false,"robots_max_snippet":null,"robots_max_videopreview":null,"robots_max_imagepreview":"none","priority":null,"frequency":null,"local_seo":null,"seo_analyzer_scan_date":"2026-06-03 03:00:56","breadcrumb_settings":null,"limit_modified_date":false,"open_ai":null,"ai":null,"created":"2020-11-14 22:56:15","updated":"2026-06-03 03:00:56","focus_keyword":null,"additional_keywords":null,"truseo_locale":null},"aioseo_breadcrumb":"<div class=\"aioseo-breadcrumbs\"><span class=\"aioseo-breadcrumb\">\n\t<a href=\"https:\/\/www.eldigitaldeasturias.com\/noticias\" title=\"Home\">Home<\/a>\n<\/span><span class=\"aioseo-breadcrumb-separator\">\u2013<\/span><span class=\"aioseo-breadcrumb\">\n\t<a href=\"https:\/\/www.eldigitaldeasturias.com\/noticias\/category\/actualidad\/\" title=\"Actualidad\">Actualidad<\/a>\n<\/span><span class=\"aioseo-breadcrumb-separator\">\u2013<\/span><span class=\"aioseo-breadcrumb\">\n\t<a href=\"https:\/\/www.eldigitaldeasturias.com\/noticias\/el-presidente-sudanes-reitera-su-llamamiento-al-dialogo-politico\/\" title=\"El presidente sudan\u00e9s reitera su llamamiento al di\u00e1logo pol\u00edtico\">El presidente sudan\u00e9s reitera su llamamiento al di\u00e1logo pol\u00edtico<\/a>\n<\/span><\/div>","aioseo_breadcrumb_json":[{"label":"Home","link":"https:\/\/www.eldigitaldeasturias.com\/noticias"},{"label":"Actualidad","link":"https:\/\/www.eldigitaldeasturias.com\/noticias\/category\/actualidad\/"},{"label":"El presidente sudan\u00e9s reitera su llamamiento al di\u00e1logo pol\u00edtico","link":"https:\/\/www.eldigitaldeasturias.com\/noticias\/el-presidente-sudanes-reitera-su-llamamiento-al-dialogo-politico\/"}],"_links":{"self":[{"href":"https:\/\/www.eldigitaldeasturias.com\/noticias\/wp-json\/wp\/v2\/posts\/486897","targetHints":{"allow":["GET"]}}],"collection":[{"href":"https:\/\/www.eldigitaldeasturias.com\/noticias\/wp-json\/wp\/v2\/posts"}],"about":[{"href":"https:\/\/www.eldigitaldeasturias.com\/noticias\/wp-json\/wp\/v2\/types\/post"}],"author":[{"embeddable":true,"href":"https:\/\/www.eldigitaldeasturias.com\/noticias\/wp-json\/wp\/v2\/users\/1"}],"replies":[{"embeddable":true,"href":"https:\/\/www.eldigitaldeasturias.com\/noticias\/wp-json\/wp\/v2\/comments?post=486897"}],"version-history":[{"count":0,"href":"https:\/\/www.eldigitaldeasturias.com\/noticias\/wp-json\/wp\/v2\/posts\/486897\/revisions"}],"wp:attachment":[{"href":"https:\/\/www.eldigitaldeasturias.com\/noticias\/wp-json\/wp\/v2\/media?parent=486897"}],"wp:term":[{"taxonomy":"category","embeddable":true,"href":"https:\/\/www.eldigitaldeasturias.com\/noticias\/wp-json\/wp\/v2\/categories?post=486897"},{"taxonomy":"post_tag","embeddable":true,"href":"https:\/\/www.eldigitaldeasturias.com\/noticias\/wp-json\/wp\/v2\/tags?post=486897"}],"curies":[{"name":"wp","href":"https:\/\/api.w.org\/{rel}","templated":true}]}}